{"id":3457,"date":"2023-10-09T22:56:06","date_gmt":"2023-10-09T20:56:06","guid":{"rendered":"https:\/\/regions-snetap-fsu.fr\/na\/?p=3457"},"modified":"2023-10-19T20:37:12","modified_gmt":"2023-10-19T18:37:12","slug":"csa-rea-du-28-septembre-ce-quil-faut-retenir","status":"publish","type":"post","link":"https:\/\/regions-snetap-fsu.fr\/na\/2023\/10\/09\/csa-rea-du-28-septembre-ce-quil-faut-retenir\/","title":{"rendered":"CSA REA du 28 septembre &#8211; Ce qu&rsquo;il faut retenir"},"content":{"rendered":"<p align=\"justify\"><span style=\"color: #008000\"><strong><span style=\"font-family: arial, helvetica, sans-serif;font-size: 12pt\">Le Comit\u00e9 Social d\u2019Administration Unique R\u00e9gional de l\u2019Enseignement Agricole (CSA U REA) de Nouvelle-Aquitaine s\u2019est r\u00e9uni jeudi 28 septembre, dans les locaux de la DRAAF \u00e0 Bordeaux.<\/span><\/strong><\/span><\/p>\n<p align=\"justify\"><span style=\"font-family: arial, helvetica, sans-serif;font-size: 12pt\">Madame Virginie ALAVOINE, actuellement DRAAF Adjointe et qui sera nomm\u00e9e DRAAF Nouvelle Aquitaine \u00e0 partir du 1<sup>er<\/sup> octobre, pr\u00e9side cette r\u00e9union.<\/span><\/p>\n<p align=\"justify\"><span style=\"font-family: arial, helvetica, sans-serif;font-size: 12pt\">A l\u2019ordre du jour de r\u00e9union de rentr\u00e9e\u00a0: un premier bilan des examen 2023, des effectifs \u00e0 la rentr\u00e9e, de Parcoursup et Affelnet, de la DGH r\u00e9gionale et le projet de carte de formation 2024.<\/span><\/p>\n<p align=\"justify\"><span style=\"font-family: arial, helvetica, sans-serif;font-size: 12pt\"><span style=\"color: #ff9900\"><b>Dans leur d\u00e9claration liminaire<\/b>,<\/span> les repr\u00e9sentant.es de l\u2019\u00c9lan Commun ont r\u00e9it\u00e9r\u00e9 leurs tr\u00e8s larges inqui\u00e9tudes face au d\u00e9ploiement du dispositif \u201cPacte\u201d, qui loin de r\u00e9gler la probl\u00e9matique des r\u00e9mun\u00e9rations ne va faire qu\u2019introduire la division, la m\u00e9fiance au sein des \u00e9quipes p\u00e9dagogique. C\u2019est un coin enfonc\u00e9 dans le statut des personnels titulaires. Enfin il reste trop flou quant au contr\u00f4le de la mise en \u0153uvre des \u00ab\u00a0briques\u00a0\u00bb.<\/span><\/p>\n<p align=\"justify\"><span style=\"font-family: arial, helvetica, sans-serif;font-size: 12pt\">Pour les agents contractuels sur budget en CFA et CFPPA, l&rsquo;alignement sur la hausse (mesur\u00e9e\u2026) de la part fixe de l\u2019Indemnit\u00e9 de suivi et d\u2019orientation (ISOE) des \u00e9l\u00e8ves des enseignant.es, sera selon la DRAAF, soumis \u00e0 l&rsquo;appr\u00e9ciation des \u00e9tablissements. Pour le SNETAP-FSU c&rsquo;est non\u00a0: la prime ISOE doit \u00eatre revaloris\u00e9e pour tous. C\u2019est ce que porteront les \u00e9lu.es du SNETAP-FSU dans les Conseils d\u2019Administration.<\/span><\/p>\n<p align=\"justify\"><span style=\"font-family: arial, helvetica, sans-serif;font-size: 12pt\">Pour les personnels administratifs, \u00e0 qui on impose \u00e0 cette rentr\u00e9e le suivi des nouvelles gratifications de stage, ne voient pas non plus de revalorisation de leur salaire, ni de r\u00e9duction de leur charge de travail par ailleurs.<\/span><\/p>\n<p align=\"justify\"><span style=\"font-family: arial, helvetica, sans-serif;font-size: 12pt\">Pour les AESH, comme pour les Assistants d\u2019\u00c9ducation, les quelques avanc\u00e9es sur leur statut ne sont pas mises en \u0153uvre et les processus de \u201cCDisation\u201d ont du mal \u00e0 se d\u00e9ployer. Pire, on assiste \u00e0 cette rentr\u00e9e \u00e0 une s\u00e9rie de licenciements parmi ces personnels.<\/span><\/p>\n<p align=\"justify\"><span style=\"font-family: arial, helvetica, sans-serif;font-size: 12pt;color: #ff9900\"><b>R\u00e9sultats examens 2023<\/b><\/span><\/p>\n<p align=\"justify\"><span style=\"color: #000000;font-family: arial, helvetica, sans-serif;font-size: 12pt\">La DRAAF constate une baisse du nombre de candidat.es inscrit.es par rapport \u00e0 la session 2022, mais davantage de candidat.es pr\u00e9sent.es et plus d\u2019admis.es avec mention.<\/span><\/p>\n<p align=\"justify\"><span style=\"color: #000000;font-family: arial, helvetica, sans-serif;font-size: 12pt\">Au vu des r\u00e9sultats, elle souligne la n\u00e9cessit\u00e9 d\u2019une vigilance sur le Bac g\u00e9n\u00e9ral et sur le Bac Pro SAPAT dont les r\u00e9sultats sont en baisse. En dehors de ces deux dipl\u00f4mes les r\u00e9sultats sont homog\u00e8nes. <\/span><\/p>\n<p align=\"justify\"><span style=\"color: #000000;font-family: arial, helvetica, sans-serif;font-size: 12pt\">La DRAAF consolide et affine ses donn\u00e9es et en fera une diffusion au plus tard pour le prochain CREA.<\/span><\/p>\n<p align=\"justify\"><span style=\"font-family: arial, helvetica, sans-serif;font-size: 12pt;color: #ff9900\"><b>Parcoursup et Affelnet<\/b><\/span><\/p>\n<p align=\"justify\"><span style=\"color: #000000;font-family: arial, helvetica, sans-serif;font-size: 12pt\"><span style=\"color: #008000\"><strong> &#8211;<\/strong> <b>Pour Parcoursup<\/b>,<\/span> la DRAAF signale un taux de participation en baisse et un nombre de candidatures moindre. En Nouvelle-Aquitaine 91% des candidat.es ont eu une proposition d\u2019admission (97% pour les \u00e9l\u00e8ves de Terminale) et \u00e0 l\u2019issue de la commission d\u2019acc\u00e8s \u00e0 l\u2019Enseignement sup\u00e9rieur, toutes les demandes ont eu une proposition d\u2019admission.<\/span><\/p>\n<p align=\"justify\"><span style=\"color: #000000;font-family: arial, helvetica, sans-serif;font-size: 12pt\">On constate une baisse en BTSA et en BUT au profit des formations sanitaires et social (IFSI) Analyses au CREA sur BTSA GF et DATR.<\/span><\/p>\n<p align=\"justify\"><span style=\"color: #000000;font-family: arial, helvetica, sans-serif;font-size: 12pt\">Pour le SNETAP-FSU d\u2019autres \u00e9l\u00e9ments d\u2019analyse sont n\u00e9cessaires\u00a0: les candidat.es ont-ils\/elles obtenu leur v\u0153u \u201cprincipal\u201d ? Quelles sont les poursuite d\u2019\u00e9tudes selon composantes de l\u2019Enseignement Agricole\u00a0? &#8230;<\/span><\/p>\n<p align=\"justify\"><span style=\"color: #000000;font-family: arial, helvetica, sans-serif;font-size: 12pt\">Le SNETAP-FSU rappelle encore une fois la probl\u00e9matique des arriv\u00e9es massives de dossiers \u00e9trangers qui s\u2019accentuent chaque ann\u00e9e et que les \u00e9tablissements doivent g\u00e9rer eux-m\u00eames. <\/span><\/p>\n<p align=\"justify\"><span style=\"font-family: arial, helvetica, sans-serif;font-size: 12pt\"><span style=\"color: #008000\"><b>&#8211; Pour A<\/b><\/span><span style=\"color: #000000\"><b><span style=\"color: #008000\">ffelnet<\/span> <\/b><\/span><span style=\"color: #000000\">la DRAAF signale <\/span><span style=\"color: #000000\">u<\/span><span style=\"color: #000000\">ne diminution <\/span><span style=\"color: #000000\">(comme en 2022) <\/span><span style=\"color: #000000\">du nombre de v\u0153u<\/span><span style=\"color: #000000\">x<\/span><span style=\"color: #000000\"> 1 en seconde GT <\/span><span style=\"color: #000000\">mais u<\/span><span style=\"color: #000000\">n nombre de v\u0153ux 1 en premi\u00e8re STAV et premi\u00e8re pro qui retrouve le niveau de 2020. <\/span><span style=\"color: #000000\">On constate \u00e9galement une s<\/span>tabilit\u00e9 du nombre de v\u0153ux 1 en seconde pro et u<span style=\"color: #000000\">ne augmentation des voeux1 en CAPa.<\/span><\/span><\/p>\n<p align=\"justify\"><span style=\"font-family: arial, helvetica, sans-serif;font-size: 12pt;color: #ff9900\"><b>Effectifs<\/b><\/span><\/p>\n<p align=\"justify\"><span style=\"color: #000000;font-family: arial, helvetica, sans-serif;font-size: 12pt\">A cette date, les effectifs de la rentr\u00e9e 2023 ne sont pas encore consolid\u00e9s, mais on constate une baisse globale du nombre d\u2019\u00e9l\u00e8ves et d\u2019\u00e9tudiant.es (\u00e0 confirmer apr\u00e8s le 15 octobre). La baisse se fait particuli\u00e8rement sentir en fili\u00e8re services (avec &#8211; 8%) ainsi qu\u2019en fili\u00e8res agro\u00e9quipement et aquaculture.<\/span><\/p>\n<p align=\"justify\"><span style=\"color: #000000;font-family: arial, helvetica, sans-serif;font-size: 12pt\">Pour le SNETAP-FSU cette baisse inqui\u00e9tante ne peut s\u2019expliquer par la seule baisse d\u00e9mographique. Le choix des cartes de formations, la concurrence avec le priv\u00e9 sur certaines fili\u00e8res, le fonctionnement de certaines \u00e9quipes de direction mais aussi la r\u00e9tention de la part de l\u2019EN, la concurrence avec l\u2019apprentissage, autant de pistes potentielles.<\/span><\/p>\n<p align=\"justify\"><span style=\"color: #000000;font-family: arial, helvetica, sans-serif;font-size: 12pt\">Pour les BTSA, le recrutement en \u00e9rosion est un sujet majeur que la DRAAF doit prendre en compte urgemment (par exemple le taux de fuite de 17% entre BTSA 1 et BTSA 2 est \u00e0 regarder de pr\u00e8s). Le SNETAP-FSU interroge \u00e9galement la DRAAF sur l\u2019impact de la semestrialisation dans ce recrutement.<\/span><\/p>\n<p align=\"justify\"><span style=\"font-family: arial, helvetica, sans-serif;font-size: 12pt;color: #ff9900\"><b>D<\/b><b>GH et moyens pour la rentr\u00e9e<\/b><\/span><\/p>\n<p align=\"justify\"><span style=\"color: #000000;font-family: arial, helvetica, sans-serif;font-size: 12pt\">La DRAAF annonce une DGH pour la Nouvelle Aquitaine de 743 729 heures pour l\u2019ann\u00e9e scolaire 2023\/2024. A l\u2019issue des dialogues de gestion l\u2019\u00e9cart entre la DGH notifi\u00e9e et la DGH consomm\u00e9e est de 1000 heures. Du fait de 2 classes et 1 section gel\u00e9es, la DRAAF a r\u00e9cup\u00e9r\u00e9 des moyens.<\/span><\/p>\n<p align=\"justify\"><span style=\"font-family: arial, helvetica, sans-serif;font-size: 12pt\">Avec cette DGH, le SNETAP-FSU estime que l\u2019EAP reste encore \u00e0 la di\u00e8te et le minist\u00e8re ne r\u00e9pond pas \u00e0 l\u2019ambition affich\u00e9 face aux d\u00e9fis que doit relever l\u2019Enseignement Agricole.<\/span><\/p>\n<p align=\"justify\"><span style=\"font-family: arial, helvetica, sans-serif;font-size: 12pt;color: #ff9900\"><b>Carte des formations 2024<\/b><\/span><\/p>\n<p align=\"justify\"><span style=\"font-family: arial, helvetica, sans-serif;font-size: 12pt\">La DRAAF pr\u00e9sentait le projet de carte des formations pour la rentr\u00e9e 2024 dans un contexte paradoxal o\u00f9 le Ministre assure vouloir renforcer l\u2019Enseignement agricole pour r\u00e9pondre au d\u00e9fi de changement de g\u00e9n\u00e9rations et au d\u00e9fi environnemental alors que dans le m\u00eame temps le Pr\u00e9sident de la R\u00e9publique annonce au moins 15\u00a0% de fermetures de classes non ins\u00e9rantes. Et ces annonces contradictoires se ressentent sur le travail des \u00e9tablissements avec quelques poursuites d\u2019ouvertures de formation ou projets d\u2019ouvertures (encore \u00e0 valider) qui rel\u00e8vent davantage du saupoudrage que d\u2019une politique ambitieuse afin de r\u00e9duire les in\u00e9galit\u00e9s sociales et d\u2019assurer le maintien de tout type de formations dans les territoires de Nouvelle-Aquitaine.<\/span><\/p>\n<p align=\"justify\"><span style=\"font-family: arial, helvetica, sans-serif;font-size: 12pt\">Face au d\u00e9s\u00e9quilibre qui s\u2019accentue entre public et priv\u00e9, le SNETAP-FSU a rappel\u00e9 la priorit\u00e9 qui doit \u00eatre donn\u00e9e aujourd\u2019hui \u00e0 l\u2019enseignement public.<\/span><\/p>\n<p align=\"justify\"><span style=\"color: #000000;font-family: arial, helvetica, sans-serif;font-size: 12pt\">La DRAAF annonce 31 ouvertures contre 12 fermetures dans l\u2019EAP\u00a0:<\/span><\/p>\n<p align=\"justify\"><span style=\"color: #000000;font-family: arial, helvetica, sans-serif;font-size: 12pt\">&#8211; poursuite d\u2019ouverture de formation \u00e0 Bazas, Bressuire et Dax, <\/span><\/p>\n<p align=\"justify\"><span style=\"color: #000000;font-family: arial, helvetica, sans-serif;font-size: 12pt\">&#8211; projet d\u2019ouvertures \u00e0 Surg\u00e8res, Ahun, Bergerac, P\u00e9rigueux, Montmorillon, Pau\/Oloron,<\/span><\/p>\n<p align=\"justify\"><span style=\"color: #000000;font-family: arial, helvetica, sans-serif;font-size: 12pt\"> * \u00e0 Surg\u00e8res ce sont deux Bac pro de l\u2019\u00c9ducation Nationale mais qui selon la DRAAF ont re\u00e7u un avis d\u00e9favorable du Rectorat,<\/span><\/p>\n<p align=\"justify\"><span style=\"color: #000000;font-family: arial, helvetica, sans-serif;font-size: 12pt\"> * \u00e0 Pau\/Oloron il s\u2019agit d\u2019un BTSA GPN mais qui n\u2019est pas prioritaire sur les moyens donn\u00e9s nationalement<\/span><\/p>\n<p align=\"justify\"><span style=\"color: #000000;font-family: arial, helvetica, sans-serif;font-size: 12pt\"> * \u00e0 Bergerac c\u2019est une demande d\u2019un Bac Pro SAPAT qui avait un avis favorable de la DRAAF d\u00e9j\u00e0 l\u2019an dernier mais sans ouverture au final faute de DGH suffisante.<\/span><\/p>\n<p align=\"justify\"><span style=\"color: #000000;font-family: arial, helvetica, sans-serif;font-size: 12pt\"> * EREA changement orientation CAPA vers jardinier\/paysagiste (\u201cconcurrence\u201d apprentissage \u00e0 l\u2019Oisellerie)<\/span><\/p>\n","protected":false},"excerpt":{"rendered":"<p>Le Comit\u00e9 Social d\u2019Administration Unique R\u00e9gional de l\u2019Enseignement Agricole (CSA U REA) de Nouvelle-Aquitaine s\u2019est r\u00e9uni jeudi 28 septembre, dans les locaux de la DRAAF \u00e0 Bordeaux. Madame Virginie ALAVOINE, actuellement DRAAF Adjointe et qui sera nomm\u00e9e DRAAF Nouvelle Aquitaine \u00e0 partir du 1er octobre, pr\u00e9side cette r\u00e9union. A l\u2019ordre du jour de r\u00e9union de [&hellip;]<\/p>\n","protected":false},"author":128,"featured_media":3459,"comment_status":"closed","ping_status":"closed","sticky":false,"template":"","format":"standard","meta":{"ocean_post_layout":"","ocean_both_sidebars_style":"","ocean_both_sidebars_content_width":0,"ocean_both_sidebars_sidebars_width":0,"ocean_sidebar":"","ocean_second_sidebar":"","ocean_disable_margins":"enable","ocean_add_body_class":"","ocean_shortcode_before_top_bar":"","ocean_shortcode_after_top_bar":"","ocean_shortcode_before_header":"","ocean_shortcode_after_header":"","ocean_has_shortcode":"","ocean_shortcode_after_title":"","ocean_shortcode_before_footer_widgets":"","ocean_shortcode_after_footer_widgets":"","ocean_shortcode_before_footer_bottom":"","ocean_shortcode_after_footer_bottom":"","ocean_display_top_bar":"default","ocean_display_header":"default","ocean_header_style":"","ocean_center_header_left_menu":"","ocean_custom_header_template":"","ocean_custom_logo":0,"ocean_custom_retina_logo":0,"ocean_custom_logo_max_width":0,"ocean_custom_logo_tablet_max_width":0,"ocean_custom_logo_mobile_max_width":0,"ocean_custom_logo_max_height":0,"ocean_custom_logo_tablet_max_height":0,"ocean_custom_logo_mobile_max_height":0,"ocean_header_custom_menu":"","ocean_menu_typo_font_family":"","ocean_menu_typo_font_subset":"","ocean_menu_typo_font_size":0,"ocean_menu_typo_font_size_tablet":0,"ocean_menu_typo_font_size_mobile":0,"ocean_menu_typo_font_size_unit":"px","ocean_menu_typo_font_weight":"","ocean_menu_typo_font_weight_tablet":"","ocean_menu_typo_font_weight_mobile":"","ocean_menu_typo_transform":"","ocean_menu_typo_transform_tablet":"","ocean_menu_typo_transform_mobile":"","ocean_menu_typo_line_height":0,"ocean_menu_typo_line_height_tablet":0,"ocean_menu_typo_line_height_mobile":0,"ocean_menu_typo_line_height_unit":"","ocean_menu_typo_spacing":0,"ocean_menu_typo_spacing_tablet":0,"ocean_menu_typo_spacing_mobile":0,"ocean_menu_typo_spacing_unit":"","ocean_menu_link_color":"","ocean_menu_link_color_hover":"","ocean_menu_link_color_active":"","ocean_menu_link_background":"","ocean_menu_link_hover_background":"","ocean_menu_link_active_background":"","ocean_menu_social_links_bg":"","ocean_menu_social_hover_links_bg":"","ocean_menu_social_links_color":"","ocean_menu_social_hover_links_color":"","ocean_disable_title":"default","ocean_disable_heading":"default","ocean_post_title":"","ocean_post_subheading":"","ocean_post_title_style":"","ocean_post_title_background_color":"","ocean_post_title_background":0,"ocean_post_title_bg_image_position":"","ocean_post_title_bg_image_attachment":"","ocean_post_title_bg_image_repeat":"","ocean_post_title_bg_image_size":"","ocean_post_title_height":0,"ocean_post_title_bg_overlay":0.5,"ocean_post_title_bg_overlay_color":"","ocean_disable_breadcrumbs":"default","ocean_breadcrumbs_color":"","ocean_breadcrumbs_separator_color":"","ocean_breadcrumbs_links_color":"","ocean_breadcrumbs_links_hover_color":"","ocean_display_footer_widgets":"default","ocean_display_footer_bottom":"default","ocean_custom_footer_template":"","ocean_post_oembed":"","ocean_post_self_hosted_media":"","ocean_post_video_embed":"","ocean_link_format":"","ocean_link_format_target":"self","ocean_quote_format":"","ocean_quote_format_link":"post","ocean_gallery_link_images":"on","ocean_gallery_id":[],"footnotes":""},"categories":[4,13],"tags":[],"post_folder":[],"class_list":["post-3457","post","type-post","status-publish","format-standard","has-post-thumbnail","hentry","category-compte-rendu","category-instances","entry","has-media"],"yoast_head":"<!-- This site is optimized with the Yoast SEO plugin v27.4 - https:\/\/yoast.com\/product\/yoast-seo-wordpress\/ -->\n<title>CSA REA du 28 septembre - Ce qu&#039;il faut retenir - NOUVELLE AQUITAINE<\/title>\n<meta name=\"robots\" content=\"index, follow, max-snippet:-1, max-image-preview:large, max-video-preview:-1\" \/>\n<link rel=\"canonical\" href=\"https:\/\/regions-snetap-fsu.fr\/na\/2023\/10\/09\/csa-rea-du-28-septembre-ce-quil-faut-retenir\/\" \/>\n<meta property=\"og:locale\" content=\"fr_FR\" \/>\n<meta property=\"og:type\" content=\"article\" \/>\n<meta property=\"og:title\" content=\"CSA REA du 28 septembre - Ce qu&#039;il faut retenir - NOUVELLE AQUITAINE\" \/>\n<meta property=\"og:description\" content=\"Le Comit\u00e9 Social d\u2019Administration Unique R\u00e9gional de l\u2019Enseignement Agricole (CSA U REA) de Nouvelle-Aquitaine s\u2019est r\u00e9uni jeudi 28 septembre, dans les locaux de la DRAAF \u00e0 Bordeaux. Madame Virginie ALAVOINE, actuellement DRAAF Adjointe et qui sera nomm\u00e9e DRAAF Nouvelle Aquitaine \u00e0 partir du 1er octobre, pr\u00e9side cette r\u00e9union. A l\u2019ordre du jour de r\u00e9union de [&hellip;]\" \/>\n<meta property=\"og:url\" content=\"https:\/\/regions-snetap-fsu.fr\/na\/2023\/10\/09\/csa-rea-du-28-septembre-ce-quil-faut-retenir\/\" \/>\n<meta property=\"og:site_name\" content=\"NOUVELLE AQUITAINE\" \/>\n<meta property=\"article:published_time\" content=\"2023-10-09T20:56:06+00:00\" \/>\n<meta property=\"article:modified_time\" content=\"2023-10-19T18:37:12+00:00\" \/>\n<meta property=\"og:image\" content=\"https:\/\/regions-snetap-fsu.fr\/na\/wp-content\/uploads\/sites\/3\/2023\/10\/A-retenir.jpg\" \/>\n\t<meta property=\"og:image:width\" content=\"484\" \/>\n\t<meta property=\"og:image:height\" content=\"366\" \/>\n\t<meta property=\"og:image:type\" content=\"image\/jpeg\" \/>\n<meta name=\"author\" content=\"olivierb\" \/>\n<meta name=\"twitter:card\" content=\"summary_large_image\" \/>\n<meta name=\"twitter:label1\" content=\"\u00c9crit par\" \/>\n\t<meta name=\"twitter:data1\" content=\"olivierb\" \/>\n\t<meta name=\"twitter:label2\" content=\"Dur\u00e9e de lecture estim\u00e9e\" \/>\n\t<meta name=\"twitter:data2\" content=\"6 minutes\" \/>\n<script type=\"application\/ld+json\" class=\"yoast-schema-graph\">{\"@context\":\"https:\\\/\\\/schema.org\",\"@graph\":[{\"@type\":\"Article\",\"@id\":\"https:\\\/\\\/regions-snetap-fsu.fr\\\/na\\\/2023\\\/10\\\/09\\\/csa-rea-du-28-septembre-ce-quil-faut-retenir\\\/#article\",\"isPartOf\":{\"@id\":\"https:\\\/\\\/regions-snetap-fsu.fr\\\/na\\\/2023\\\/10\\\/09\\\/csa-rea-du-28-septembre-ce-quil-faut-retenir\\\/\"},\"author\":{\"name\":\"olivierb\",\"@id\":\"https:\\\/\\\/regions-snetap-fsu.fr\\\/na\\\/#\\\/schema\\\/person\\\/bdf1c4fe149dcf915601f9de85ba379f\"},\"headline\":\"CSA REA du 28 septembre &#8211; Ce qu&rsquo;il faut retenir\",\"datePublished\":\"2023-10-09T20:56:06+00:00\",\"dateModified\":\"2023-10-19T18:37:12+00:00\",\"mainEntityOfPage\":{\"@id\":\"https:\\\/\\\/regions-snetap-fsu.fr\\\/na\\\/2023\\\/10\\\/09\\\/csa-rea-du-28-septembre-ce-quil-faut-retenir\\\/\"},\"wordCount\":1199,\"publisher\":{\"@id\":\"https:\\\/\\\/regions-snetap-fsu.fr\\\/na\\\/#organization\"},\"image\":{\"@id\":\"https:\\\/\\\/regions-snetap-fsu.fr\\\/na\\\/2023\\\/10\\\/09\\\/csa-rea-du-28-septembre-ce-quil-faut-retenir\\\/#primaryimage\"},\"thumbnailUrl\":\"https:\\\/\\\/regions-snetap-fsu.fr\\\/na\\\/wp-content\\\/uploads\\\/sites\\\/3\\\/2023\\\/10\\\/A-retenir.jpg\",\"articleSection\":[\"Comptes-rendus\",\"Instances\"],\"inLanguage\":\"fr-FR\"},{\"@type\":\"WebPage\",\"@id\":\"https:\\\/\\\/regions-snetap-fsu.fr\\\/na\\\/2023\\\/10\\\/09\\\/csa-rea-du-28-septembre-ce-quil-faut-retenir\\\/\",\"url\":\"https:\\\/\\\/regions-snetap-fsu.fr\\\/na\\\/2023\\\/10\\\/09\\\/csa-rea-du-28-septembre-ce-quil-faut-retenir\\\/\",\"name\":\"CSA REA du 28 septembre - Ce qu'il faut retenir - NOUVELLE AQUITAINE\",\"isPartOf\":{\"@id\":\"https:\\\/\\\/regions-snetap-fsu.fr\\\/na\\\/#website\"},\"primaryImageOfPage\":{\"@id\":\"https:\\\/\\\/regions-snetap-fsu.fr\\\/na\\\/2023\\\/10\\\/09\\\/csa-rea-du-28-septembre-ce-quil-faut-retenir\\\/#primaryimage\"},\"image\":{\"@id\":\"https:\\\/\\\/regions-snetap-fsu.fr\\\/na\\\/2023\\\/10\\\/09\\\/csa-rea-du-28-septembre-ce-quil-faut-retenir\\\/#primaryimage\"},\"thumbnailUrl\":\"https:\\\/\\\/regions-snetap-fsu.fr\\\/na\\\/wp-content\\\/uploads\\\/sites\\\/3\\\/2023\\\/10\\\/A-retenir.jpg\",\"datePublished\":\"2023-10-09T20:56:06+00:00\",\"dateModified\":\"2023-10-19T18:37:12+00:00\",\"breadcrumb\":{\"@id\":\"https:\\\/\\\/regions-snetap-fsu.fr\\\/na\\\/2023\\\/10\\\/09\\\/csa-rea-du-28-septembre-ce-quil-faut-retenir\\\/#breadcrumb\"},\"inLanguage\":\"fr-FR\",\"potentialAction\":[{\"@type\":\"ReadAction\",\"target\":[\"https:\\\/\\\/regions-snetap-fsu.fr\\\/na\\\/2023\\\/10\\\/09\\\/csa-rea-du-28-septembre-ce-quil-faut-retenir\\\/\"]}]},{\"@type\":\"ImageObject\",\"inLanguage\":\"fr-FR\",\"@id\":\"https:\\\/\\\/regions-snetap-fsu.fr\\\/na\\\/2023\\\/10\\\/09\\\/csa-rea-du-28-septembre-ce-quil-faut-retenir\\\/#primaryimage\",\"url\":\"https:\\\/\\\/regions-snetap-fsu.fr\\\/na\\\/wp-content\\\/uploads\\\/sites\\\/3\\\/2023\\\/10\\\/A-retenir.jpg\",\"contentUrl\":\"https:\\\/\\\/regions-snetap-fsu.fr\\\/na\\\/wp-content\\\/uploads\\\/sites\\\/3\\\/2023\\\/10\\\/A-retenir.jpg\",\"width\":484,\"height\":366},{\"@type\":\"BreadcrumbList\",\"@id\":\"https:\\\/\\\/regions-snetap-fsu.fr\\\/na\\\/2023\\\/10\\\/09\\\/csa-rea-du-28-septembre-ce-quil-faut-retenir\\\/#breadcrumb\",\"itemListElement\":[{\"@type\":\"ListItem\",\"position\":1,\"name\":\"Accueil\",\"item\":\"https:\\\/\\\/regions-snetap-fsu.fr\\\/na\\\/\"},{\"@type\":\"ListItem\",\"position\":2,\"name\":\"CSA REA du 28 septembre &#8211; Ce qu&rsquo;il faut retenir\"}]},{\"@type\":\"WebSite\",\"@id\":\"https:\\\/\\\/regions-snetap-fsu.fr\\\/na\\\/#website\",\"url\":\"https:\\\/\\\/regions-snetap-fsu.fr\\\/na\\\/\",\"name\":\"SNETAP-FSU NOUVELLE AQUITAINE\",\"description\":\"Blog de la Section R\u00e9gionale\",\"publisher\":{\"@id\":\"https:\\\/\\\/regions-snetap-fsu.fr\\\/na\\\/#organization\"},\"potentialAction\":[{\"@type\":\"SearchAction\",\"target\":{\"@type\":\"EntryPoint\",\"urlTemplate\":\"https:\\\/\\\/regions-snetap-fsu.fr\\\/na\\\/?s={search_term_string}\"},\"query-input\":{\"@type\":\"PropertyValueSpecification\",\"valueRequired\":true,\"valueName\":\"search_term_string\"}}],\"inLanguage\":\"fr-FR\"},{\"@type\":\"Organization\",\"@id\":\"https:\\\/\\\/regions-snetap-fsu.fr\\\/na\\\/#organization\",\"name\":\"SNETAP-FSU - Nouvelle Aquitaine\",\"url\":\"https:\\\/\\\/regions-snetap-fsu.fr\\\/na\\\/\",\"logo\":{\"@type\":\"ImageObject\",\"inLanguage\":\"fr-FR\",\"@id\":\"https:\\\/\\\/regions-snetap-fsu.fr\\\/na\\\/#\\\/schema\\\/logo\\\/image\\\/\",\"url\":\"https:\\\/\\\/regions-snetap-fsu.fr\\\/na\\\/wp-content\\\/uploads\\\/sites\\\/3\\\/2020\\\/12\\\/SNETAP-Logo.jpg\",\"contentUrl\":\"https:\\\/\\\/regions-snetap-fsu.fr\\\/na\\\/wp-content\\\/uploads\\\/sites\\\/3\\\/2020\\\/12\\\/SNETAP-Logo.jpg\",\"width\":464,\"height\":334,\"caption\":\"SNETAP-FSU - Nouvelle Aquitaine\"},\"image\":{\"@id\":\"https:\\\/\\\/regions-snetap-fsu.fr\\\/na\\\/#\\\/schema\\\/logo\\\/image\\\/\"}},{\"@type\":\"Person\",\"@id\":\"https:\\\/\\\/regions-snetap-fsu.fr\\\/na\\\/#\\\/schema\\\/person\\\/bdf1c4fe149dcf915601f9de85ba379f\",\"name\":\"olivierb\",\"image\":{\"@type\":\"ImageObject\",\"inLanguage\":\"fr-FR\",\"@id\":\"https:\\\/\\\/secure.gravatar.com\\\/avatar\\\/d9cce0db1146844098d0ec7fae94551015c4ff78117aab56897823bb265a7bc9?s=96&d=mm&r=g\",\"url\":\"https:\\\/\\\/secure.gravatar.com\\\/avatar\\\/d9cce0db1146844098d0ec7fae94551015c4ff78117aab56897823bb265a7bc9?s=96&d=mm&r=g\",\"contentUrl\":\"https:\\\/\\\/secure.gravatar.com\\\/avatar\\\/d9cce0db1146844098d0ec7fae94551015c4ff78117aab56897823bb265a7bc9?s=96&d=mm&r=g\",\"caption\":\"olivierb\"},\"url\":\"https:\\\/\\\/regions-snetap-fsu.fr\\\/na\\\/author\\\/olivierb\\\/\"}]}<\/script>\n<!-- \/ Yoast SEO plugin. -->","yoast_head_json":{"title":"CSA REA du 28 septembre - Ce qu'il faut retenir - NOUVELLE AQUITAINE","robots":{"index":"index","follow":"follow","max-snippet":"max-snippet:-1","max-image-preview":"max-image-preview:large","max-video-preview":"max-video-preview:-1"},"canonical":"https:\/\/regions-snetap-fsu.fr\/na\/2023\/10\/09\/csa-rea-du-28-septembre-ce-quil-faut-retenir\/","og_locale":"fr_FR","og_type":"article","og_title":"CSA REA du 28 septembre - Ce qu'il faut retenir - NOUVELLE AQUITAINE","og_description":"Le Comit\u00e9 Social d\u2019Administration Unique R\u00e9gional de l\u2019Enseignement Agricole (CSA U REA) de Nouvelle-Aquitaine s\u2019est r\u00e9uni jeudi 28 septembre, dans les locaux de la DRAAF \u00e0 Bordeaux. Madame Virginie ALAVOINE, actuellement DRAAF Adjointe et qui sera nomm\u00e9e DRAAF Nouvelle Aquitaine \u00e0 partir du 1er octobre, pr\u00e9side cette r\u00e9union. A l\u2019ordre du jour de r\u00e9union de [&hellip;]","og_url":"https:\/\/regions-snetap-fsu.fr\/na\/2023\/10\/09\/csa-rea-du-28-septembre-ce-quil-faut-retenir\/","og_site_name":"NOUVELLE AQUITAINE","article_published_time":"2023-10-09T20:56:06+00:00","article_modified_time":"2023-10-19T18:37:12+00:00","og_image":[{"width":484,"height":366,"url":"https:\/\/regions-snetap-fsu.fr\/na\/wp-content\/uploads\/sites\/3\/2023\/10\/A-retenir.jpg","type":"image\/jpeg"}],"author":"olivierb","twitter_card":"summary_large_image","twitter_misc":{"\u00c9crit par":"olivierb","Dur\u00e9e de lecture estim\u00e9e":"6 minutes"},"schema":{"@context":"https:\/\/schema.org","@graph":[{"@type":"Article","@id":"https:\/\/regions-snetap-fsu.fr\/na\/2023\/10\/09\/csa-rea-du-28-septembre-ce-quil-faut-retenir\/#article","isPartOf":{"@id":"https:\/\/regions-snetap-fsu.fr\/na\/2023\/10\/09\/csa-rea-du-28-septembre-ce-quil-faut-retenir\/"},"author":{"name":"olivierb","@id":"https:\/\/regions-snetap-fsu.fr\/na\/#\/schema\/person\/bdf1c4fe149dcf915601f9de85ba379f"},"headline":"CSA REA du 28 septembre &#8211; Ce qu&rsquo;il faut retenir","datePublished":"2023-10-09T20:56:06+00:00","dateModified":"2023-10-19T18:37:12+00:00","mainEntityOfPage":{"@id":"https:\/\/regions-snetap-fsu.fr\/na\/2023\/10\/09\/csa-rea-du-28-septembre-ce-quil-faut-retenir\/"},"wordCount":1199,"publisher":{"@id":"https:\/\/regions-snetap-fsu.fr\/na\/#organization"},"image":{"@id":"https:\/\/regions-snetap-fsu.fr\/na\/2023\/10\/09\/csa-rea-du-28-septembre-ce-quil-faut-retenir\/#primaryimage"},"thumbnailUrl":"https:\/\/regions-snetap-fsu.fr\/na\/wp-content\/uploads\/sites\/3\/2023\/10\/A-retenir.jpg","articleSection":["Comptes-rendus","Instances"],"inLanguage":"fr-FR"},{"@type":"WebPage","@id":"https:\/\/regions-snetap-fsu.fr\/na\/2023\/10\/09\/csa-rea-du-28-septembre-ce-quil-faut-retenir\/","url":"https:\/\/regions-snetap-fsu.fr\/na\/2023\/10\/09\/csa-rea-du-28-septembre-ce-quil-faut-retenir\/","name":"CSA REA du 28 septembre - Ce qu'il faut retenir - NOUVELLE AQUITAINE","isPartOf":{"@id":"https:\/\/regions-snetap-fsu.fr\/na\/#website"},"primaryImageOfPage":{"@id":"https:\/\/regions-snetap-fsu.fr\/na\/2023\/10\/09\/csa-rea-du-28-septembre-ce-quil-faut-retenir\/#primaryimage"},"image":{"@id":"https:\/\/regions-snetap-fsu.fr\/na\/2023\/10\/09\/csa-rea-du-28-septembre-ce-quil-faut-retenir\/#primaryimage"},"thumbnailUrl":"https:\/\/regions-snetap-fsu.fr\/na\/wp-content\/uploads\/sites\/3\/2023\/10\/A-retenir.jpg","datePublished":"2023-10-09T20:56:06+00:00","dateModified":"2023-10-19T18:37:12+00:00","breadcrumb":{"@id":"https:\/\/regions-snetap-fsu.fr\/na\/2023\/10\/09\/csa-rea-du-28-septembre-ce-quil-faut-retenir\/#breadcrumb"},"inLanguage":"fr-FR","potentialAction":[{"@type":"ReadAction","target":["https:\/\/regions-snetap-fsu.fr\/na\/2023\/10\/09\/csa-rea-du-28-septembre-ce-quil-faut-retenir\/"]}]},{"@type":"ImageObject","inLanguage":"fr-FR","@id":"https:\/\/regions-snetap-fsu.fr\/na\/2023\/10\/09\/csa-rea-du-28-septembre-ce-quil-faut-retenir\/#primaryimage","url":"https:\/\/regions-snetap-fsu.fr\/na\/wp-content\/uploads\/sites\/3\/2023\/10\/A-retenir.jpg","contentUrl":"https:\/\/regions-snetap-fsu.fr\/na\/wp-content\/uploads\/sites\/3\/2023\/10\/A-retenir.jpg","width":484,"height":366},{"@type":"BreadcrumbList","@id":"https:\/\/regions-snetap-fsu.fr\/na\/2023\/10\/09\/csa-rea-du-28-septembre-ce-quil-faut-retenir\/#breadcrumb","itemListElement":[{"@type":"ListItem","position":1,"name":"Accueil","item":"https:\/\/regions-snetap-fsu.fr\/na\/"},{"@type":"ListItem","position":2,"name":"CSA REA du 28 septembre &#8211; Ce qu&rsquo;il faut retenir"}]},{"@type":"WebSite","@id":"https:\/\/regions-snetap-fsu.fr\/na\/#website","url":"https:\/\/regions-snetap-fsu.fr\/na\/","name":"SNETAP-FSU NOUVELLE AQUITAINE","description":"Blog de la Section R\u00e9gionale","publisher":{"@id":"https:\/\/regions-snetap-fsu.fr\/na\/#organization"},"potentialAction":[{"@type":"SearchAction","target":{"@type":"EntryPoint","urlTemplate":"https:\/\/regions-snetap-fsu.fr\/na\/?s={search_term_string}"},"query-input":{"@type":"PropertyValueSpecification","valueRequired":true,"valueName":"search_term_string"}}],"inLanguage":"fr-FR"},{"@type":"Organization","@id":"https:\/\/regions-snetap-fsu.fr\/na\/#organization","name":"SNETAP-FSU - Nouvelle Aquitaine","url":"https:\/\/regions-snetap-fsu.fr\/na\/","logo":{"@type":"ImageObject","inLanguage":"fr-FR","@id":"https:\/\/regions-snetap-fsu.fr\/na\/#\/schema\/logo\/image\/","url":"https:\/\/regions-snetap-fsu.fr\/na\/wp-content\/uploads\/sites\/3\/2020\/12\/SNETAP-Logo.jpg","contentUrl":"https:\/\/regions-snetap-fsu.fr\/na\/wp-content\/uploads\/sites\/3\/2020\/12\/SNETAP-Logo.jpg","width":464,"height":334,"caption":"SNETAP-FSU - Nouvelle Aquitaine"},"image":{"@id":"https:\/\/regions-snetap-fsu.fr\/na\/#\/schema\/logo\/image\/"}},{"@type":"Person","@id":"https:\/\/regions-snetap-fsu.fr\/na\/#\/schema\/person\/bdf1c4fe149dcf915601f9de85ba379f","name":"olivierb","image":{"@type":"ImageObject","inLanguage":"fr-FR","@id":"https:\/\/secure.gravatar.com\/avatar\/d9cce0db1146844098d0ec7fae94551015c4ff78117aab56897823bb265a7bc9?s=96&d=mm&r=g","url":"https:\/\/secure.gravatar.com\/avatar\/d9cce0db1146844098d0ec7fae94551015c4ff78117aab56897823bb265a7bc9?s=96&d=mm&r=g","contentUrl":"https:\/\/secure.gravatar.com\/avatar\/d9cce0db1146844098d0ec7fae94551015c4ff78117aab56897823bb265a7bc9?s=96&d=mm&r=g","caption":"olivierb"},"url":"https:\/\/regions-snetap-fsu.fr\/na\/author\/olivierb\/"}]}},"_links":{"self":[{"href":"https:\/\/regions-snetap-fsu.fr\/na\/wp-json\/wp\/v2\/posts\/3457","targetHints":{"allow":["GET"]}}],"collection":[{"href":"https:\/\/regions-snetap-fsu.fr\/na\/wp-json\/wp\/v2\/posts"}],"about":[{"href":"https:\/\/regions-snetap-fsu.fr\/na\/wp-json\/wp\/v2\/types\/post"}],"author":[{"embeddable":true,"href":"https:\/\/regions-snetap-fsu.fr\/na\/wp-json\/wp\/v2\/users\/128"}],"replies":[{"embeddable":true,"href":"https:\/\/regions-snetap-fsu.fr\/na\/wp-json\/wp\/v2\/comments?post=3457"}],"version-history":[{"count":1,"href":"https:\/\/regions-snetap-fsu.fr\/na\/wp-json\/wp\/v2\/posts\/3457\/revisions"}],"predecessor-version":[{"id":3458,"href":"https:\/\/regions-snetap-fsu.fr\/na\/wp-json\/wp\/v2\/posts\/3457\/revisions\/3458"}],"wp:featuredmedia":[{"embeddable":true,"href":"https:\/\/regions-snetap-fsu.fr\/na\/wp-json\/wp\/v2\/media\/3459"}],"wp:attachment":[{"href":"https:\/\/regions-snetap-fsu.fr\/na\/wp-json\/wp\/v2\/media?parent=3457"}],"wp:term":[{"taxonomy":"category","embeddable":true,"href":"https:\/\/regions-snetap-fsu.fr\/na\/wp-json\/wp\/v2\/categories?post=3457"},{"taxonomy":"post_tag","embeddable":true,"href":"https:\/\/regions-snetap-fsu.fr\/na\/wp-json\/wp\/v2\/tags?post=3457"},{"taxonomy":"post_folder","embeddable":true,"href":"https:\/\/regions-snetap-fsu.fr\/na\/wp-json\/wp\/v2\/post_folder?post=3457"}],"curies":[{"name":"wp","href":"https:\/\/api.w.org\/{rel}","templated":true}]}}