{"id":3454,"date":"2023-10-08T01:35:12","date_gmt":"2023-10-07T23:35:12","guid":{"rendered":"https:\/\/regions-snetap-fsu.fr\/na\/?p=3454"},"modified":"2023-10-19T20:38:38","modified_gmt":"2023-10-19T18:38:38","slug":"formation-specialisee-f3sct-21-09-2023","status":"publish","type":"post","link":"https:\/\/regions-snetap-fsu.fr\/na\/2023\/10\/08\/formation-specialisee-f3sct-21-09-2023\/","title":{"rendered":"FORMATION SPECIALISEE F3SCT &#8211; 21 09 2023"},"content":{"rendered":"<p align=\"justify\"><span style=\"color: #008000\"><strong><span style=\"font-family: Arial, sans-serif\">La formation sp\u00e9cialis\u00e9e en mati\u00e8re de sant\u00e9, de s\u00e9curit\u00e9 et de conditions de travail (FS SST ou F3SCT) remplace depuis janvier 2023 le Comit\u00e9 d&rsquo;hygi\u00e8ne, de s\u00e9curit\u00e9 et des conditions de travail (CHSCT). Elle se r\u00e9unissait pour la premi\u00e8re fois le 21 septembre dernier.<\/span><\/strong><\/span><\/p>\n<p align=\"justify\"><span style=\"font-family: Arial, sans-serif\">\u00c9taient pr\u00e9sent.es pour le SNETAP-FSU : DUBOIS Lydie, RAFFOUR Diane, MAURAND Marie-Christelle, BOURHIS Laurent, PARODI Philippe, GODOT Alain, MORVAN Hugues (visio), BOUYROU France (visio), O-REILLY Caroline (visio)<\/span><\/p>\n<p align=\"justify\"><span style=\"font-family: Arial, sans-serif\">\u00c9taient pr\u00e9sent.es pour la DRAAF : GENIN B\u00e9n\u00e9dicte, REGONDAUD Fabienne, HERBRETEAU Dominique<\/span><\/p>\n<p align=\"justify\"><span style=\"font-family: Arial, sans-serif\">\u00c9taient pr\u00e9sent.es pour les OS\u00a0: MARQUES Maryline, MALLET Sabine, BRUN Nadine, VIAUD Pauline, LAPEYRE Patricia (visio).<\/span><\/p>\n<p align=\"justify\"><span style=\"font-family: Arial, sans-serif\">Secr\u00e9taire de s\u00e9ance : J\u00e9r\u00f4me BETOULLE &#8211; Charg\u00e9 du suivi des instances<\/span><\/p>\n<ol>\n<li>\n<p align=\"justify\"><span style=\"font-family: Arial, sans-serif;color: #008000\"><b>\u00c9lection du secr\u00e9taire et d\u00e9signation du \/ de la secr\u00e9taire adjoint<\/b><\/span><\/p>\n<\/li>\n<\/ol>\n<p align=\"justify\"><span style=\"font-family: Arial, sans-serif\">M. Alain GODOT est \u00e9lu \u00e0 l&rsquo;unanimit\u00e9 par 10 voix. Il nomme Mme Marie-Christelle MAURAND adjointe.<\/span><\/p>\n<ol start=\"2\">\n<li>\n<p align=\"justify\"><span style=\"font-family: Arial, sans-serif;color: #008000\"><b>Formation des membres<\/b><\/span><\/p>\n<\/li>\n<\/ol>\n<p align=\"justify\"><span style=\"font-family: Arial, sans-serif\">3 jours et demi identiques pour FS et CSA :<\/span><\/p>\n<ul>\n<li>\n<p align=\"justify\"><span style=\"font-family: Arial, sans-serif\">1 webinaire de lancement : 17 octobre 2023 de 9H \u00e0 12H (on pourra la voir en replay sur Mentor)<\/span><\/p>\n<\/li>\n<\/ul>\n<ul>\n<li>\n<p align=\"justify\"><span style=\"font-family: Arial, sans-serif\">Formation obligatoire 3 jours en 2024<\/span><\/p>\n<\/li>\n<\/ul>\n<ul>\n<li>\n<p align=\"justify\"><span style=\"font-family: Arial, sans-serif\">2 jours suppl\u00e9mentaires \u00e0 la demande des OS (sp\u00e9cial FS)<\/span><\/p>\n<\/li>\n<\/ul>\n<p align=\"justify\"><span style=\"font-family: Arial, sans-serif\">Formation obligatoire pour tous les membres, se fera sous convocation.<\/span><\/p>\n<p align=\"justify\"><span style=\"font-family: Arial, sans-serif\">Le contenu de ces formations : R\u00e9glementation, gestion les instances, articulation COHS et FS, m\u00e9decine de pr\u00e9vention, intervenant.es en SST, r\u00f4le assistant.e pr\u00e9vention, \u00e9valuation des risques Pro, analyse d\u2019accident, technique d\u2019arbre des causes\u2026<\/span><\/p>\n<ol start=\"3\">\n<li>\n<p align=\"justify\"><span style=\"font-family: Arial, sans-serif;color: #008000\"><b>Les attributions de la FS<\/b><\/span><\/p>\n<\/li>\n<\/ol>\n<p align=\"justify\"><span style=\"font-family: Arial, sans-serif\">La formation sp\u00e9cialis\u00e9e est une \u00e9manation du CSAU REA et a quatre attributions de droit :<\/span><\/p>\n<ul>\n<li>\n<p align=\"justify\"><span style=\"font-family: Arial, sans-serif\"><b>Droit de visite et d\u2019acc\u00e8s<\/b> : pour investiguer les questions qui int\u00e9ressent tout ou partie des EPL\u00a0: sur une th\u00e9matique (nationale ou r\u00e9gionale : organisation du travail, charge du travail, les nouvelles technologies, les membres \u00e9valueront les risques professionnels et v\u00e9rifieront la pertinence des installations et CT existants\u2026. Recommandations plus larges pour les autres \u00e9tablissements : comparer les am\u00e9nagements par exemple. Utile pour faire des pr\u00e9conisations pour les autres EPL), le lieu, le groupe doit \u00eatre d\u00e9fini en FS. Il faut donc rapidement d\u00e9finir les th\u00e8mes qui seront support pour les visites d\u2019\u00e9tablissements. Attention : la FS ne fait pas de visite pour \u201cjuger\u201d, ni en aval d\u2019un probl\u00e8me remont\u00e9.<\/span><\/p>\n<\/li>\n<\/ul>\n<ul>\n<li>\n<p align=\"justify\"><span style=\"font-family: Arial, sans-serif\"><b>Recours \u00e0 un expert certifi\u00e9 sur un sujet particulier.<\/b><\/span><\/p>\n<\/li>\n<li>\n<p align=\"justify\"><span style=\"font-family: Arial, sans-serif\"><b>Droit d\u2019alerte<\/b> : en cas de danger grave et imminent, qui met en jeu la s\u00e9curit\u00e9 et la sant\u00e9 des personnels. Th\u00e9oriquement tout membre de la Formation Sp\u00e9cialis\u00e9e peut faire une alerte pour danger grave et imminent.<\/span><\/p>\n<\/li>\n<\/ul>\n<ul>\n<li>\n<p align=\"justify\"><span style=\"font-family: Arial, sans-serif\"><b>Traitement des accidents graves de service<\/b> : la FS est inform\u00e9e de l\u2019accident et fait remonter par l\u2019interm\u00e9diaire de la CoHS : partage d\u2019exp\u00e9rience et relai vers les \u00e9tablissement (recommandations&#8230;)<\/span><\/p>\n<\/li>\n<\/ul>\n<p align=\"justify\"><span style=\"font-family: Arial, sans-serif\">Le registre droit d\u2019alerte :\u00a0<\/span><\/p>\n<ul>\n<li>\n<p align=\"justify\"><span style=\"font-family: Arial, sans-serif\">D\u00e9finition du danger grave :&#8230;..<\/span><\/p>\n<\/li>\n<li>\n<p align=\"justify\">\u00a0<span style=\"font-family: Arial, sans-serif\">attention on ne doit pas y mettre qu\u2019un agent exerce un droit de retrait.<\/span><\/p>\n<\/li>\n<\/ul>\n<ol start=\"4\">\n<li>\n<p align=\"justify\"><span style=\"font-family: Arial, sans-serif;color: #008000\"><b>Calendrier<\/b><\/span><\/p>\n<\/li>\n<\/ol>\n<p align=\"justify\"><span style=\"font-family: Arial, sans-serif\">La FS se nourrit des actions des CoHS :\u00a0<\/span><\/p>\n<p align=\"justify\"><span style=\"font-family: Arial, sans-serif\">Programme annuel de la pr\u00e9vention des risques qui doit \u00eatre soumis pour avis \u00e0 la CoHS. S\u2019il y a eu un accident grave dans l&rsquo;\u00e9tablissement : la CoHS s\u2019\u00e9rige en groupe de travail et son compte rendu doit \u00eatre soumis pour avis \u00e0 la CoHS,<\/span><\/p>\n<p align=\"justify\"><span style=\"font-family: Arial, sans-serif\">Ne remontent \u00e0 la FS que les \u00e9l\u00e9ments de la formation pl\u00e9ni\u00e8re, pas des \u00e9l\u00e9ments de la formation restreinte des conditions de travail. Les avis de la CoHS (accident grave, le rapport annuel, le rapport CoHS). On n\u2019analyse pas les conditions de travail d\u2019un EPL, on ne r\u00e8gle pas les probl\u00e8mes en FS, c\u2019est la CoHS, on fait remonter. D\u00e9bats&#8230;<\/span><\/p>\n<p align=\"justify\"><span style=\"font-family: Arial, sans-serif\">Les nouvelles CoHS ne se sont pas encore r\u00e9unies. Elles se r\u00e9uniront avant la fin de l\u2019ann\u00e9e (\u00e9lections en cours). En\u00a0F\u00e9vrier se tiendront des r\u00e9unions sur les \u00e9l\u00e9ments probants qui seront remont\u00e9s des CoHS et mis \u00e0 disposition sur une plateforme en amont de la FS. Le\u00a0CSA U se r\u00e9unira ensuite au mois de juin.\u00a0En rythme \u201chabituel\u201d la FS devrait se r\u00e9unir en septembre et juin<\/span><\/p>\n<p align=\"justify\"><span style=\"font-family: Arial, sans-serif\">Le registre droit d\u2019alerte : la FS doit mettre en place un registre pour capitaliser les droits d\u2019alerte (faire un registre sp\u00e9cifique). L&rsquo;id\u00e9e est que cela soit renvoy\u00e9 \u00e0 l\u2019ensemble des \u00e9tablissements. Les modalit\u00e9s ne sont pas encore \u00e9tablies. Le d\u00e9cret ne pr\u00e9voit plus le registre ancien, un registre est pr\u00e9vu (CSA comp\u00e9tent), chaque directeur d\u2019EPL doit g\u00e9rer le danger grave et imminent, seuls les membres de la formation sp\u00e9cialis\u00e9 peuvent \u00e9crire dans le nouveau registre. Le texte dit que c\u2019est le pr\u00e9sident de la FS qui re\u00e7oit les \u00e9crits. Attention il faut revoir ce registre<\/span><\/p>\n<p align=\"justify\"><span style=\"font-family: Arial, sans-serif\">La Formation sp\u00e9cialis\u00e9e doit maintenant r\u00e9fl\u00e9chir aux sujets de visites pour en d\u00e9terminer les th\u00e8mes.<\/span><\/p>\n<ol start=\"5\">\n<li>\n<p align=\"justify\"><span style=\"font-family: Arial, sans-serif;color: #008000\"><b>Cellule de veille<\/b><\/span><\/p>\n<\/li>\n<\/ol>\n<p align=\"justify\"><span style=\"font-family: Arial, sans-serif\">En berne depuis fin 2022, il n\u2019y a plus de fondement juridique pour cette cellule de veille. C&rsquo;est un vide juridique. Dans ce contexte que deviennent les pr\u00e9conisations de la cellule d\u2019\u00e9coute ? puis de l\u2019action du directeur r\u00e9gional qui en d\u00e9coule ?<\/span><\/p>\n<p align=\"justify\"><span style=\"font-family: Arial, sans-serif\">Au niveau national, depuis 2014, le Minist\u00e8re propose tous les ans un appel \u00e0 projet pour lutter contre risques psycho sociaux.<\/span><\/p>\n<p align=\"justify\"><span style=\"font-family: Arial, sans-serif\">Il y a une volont\u00e9 de la DRAAF NA de travailler sur la possibilit\u00e9 de mettre en place des cellules de veille et d&rsquo;\u00e9coute, mais il faut maintenant les \u00e9valuer car toutes les r\u00e9gions ne les ont pas mises en place et leur fonctionnement est tr\u00e8s diff\u00e9rent d\u2019une r\u00e9gion \u00e0 l\u2019autre.<\/span><\/p>\n<p align=\"justify\"><span style=\"font-family: Arial, sans-serif\">Un trin\u00f4me est mis en place pour cette \u00e9valuation des cellules (Agn\u00e8s Nardot, Peggy Lapeyre, Aude Villemette). Trois cellules ont \u00e9t\u00e9 choisies (Val de Loire, Auvergne Rh\u00f4ne Alpes et Nouvelle-Aquitaine) parmi celles qui fonctionnent toujours (dont Nouvelle Aquitaine : Odile Villemette). Il y a eu une prise de contact avec des \u00e9coutant.es&#8230;<\/span><\/p>\n<p align=\"justify\"><span style=\"font-family: Arial, sans-serif\">Un premier bilan sera fait au mois d\u2019octobre avec l\u2019universit\u00e9 d\u2019Auvergne.<\/span><\/p>\n<p align=\"justify\"><span style=\"font-family: Arial, sans-serif\">Pour le moment : les 3 \u00e9valuations montrent que les fonctionnements et les formations d\u2019\u00e9coutant.es sont compl\u00e8tement disparates ainsi que la formation des \u00e9coutant.es. Pour les personnes \u00e9cout\u00e9es, \u00e7a a l\u2019air de fonctionner. Mais il n\u2019y a pas de traces ni de bilans de ces \u00e9coutes, pas de compte rendu. Quelles traces d\u2019\u00e9coute est demand\u00e9e car la CE ne doit pas diffuser certaines informations ?<\/span><\/p>\n<p align=\"justify\"><span style=\"font-family: Arial, sans-serif\">Pour la DRAAF, ces remont\u00e9es sont souvent de l\u2019ordre du contradictoire et elle ne peut pas faire grand-chose. Elle propose donc que la cellule d\u2019\u00e9coute fasse des recommandations et fasse elle m\u00eame son \u00e9valuation contradictoire.<\/span><\/p>\n<p align=\"justify\"><span style=\"font-family: Arial, sans-serif\">Elle voudrait que la FS d\u00e9signe plusieurs personnes (3 ou 4) pour poser le fonctionnement de la cellule d\u2019\u00e9coute : ne pas forc\u00e9ment poser des recommandations pas forc\u00e9ment applicables mais poser des alertes.<\/span><\/p>\n<p align=\"justify\"><span style=\"font-family: Arial, sans-serif\">Est ce qu\u2019elle \u00e9coute ou est-ce qu\u2019elle recommande ? Si elle recommande, par quels processus ? C\u2019est quoi \u00eatre \u00e9coutant ? Quelle plus value de la cellule d\u2019\u00e9coute par rapport \u00e0 d\u2019autres dispositifs ?<\/span><\/p>\n<p align=\"justify\"><span style=\"font-family: Arial, sans-serif\">La DRAAF propose une r\u00e9union rapidement pour \u00e9voquer l\u2019ensemble de ces questions. <\/span><\/p>\n<ol start=\"5\">\n<li>\n<p align=\"justify\"><span style=\"font-family: Arial, sans-serif;color: #008000\"><b>M\u00e9decine de pr\u00e9vention<\/b><\/span><\/p>\n<\/li>\n<\/ol>\n<p align=\"justify\"><span style=\"font-family: Arial, sans-serif\">Une convention est sign\u00e9e pour mettre en place une m\u00e9decine de pr\u00e9vention en lien avec l\u2019unit\u00e9 de Poitiers pour trouver un organisme qui permettrait de conventionner la m\u00e9decine de pr\u00e9vention. Les 15 nouveaux postes de m\u00e9decin de pr\u00e9vention sont ouverts sans candidat.es en Nouvelle-Aquitaine. Il y a un probl\u00e8me de recrutement.<\/span><\/p>\n<p align=\"justify\"><span style=\"font-family: Arial, sans-serif\">La DRAAF rappelle que la FS ne traite pas de situation individuelle.<\/span><\/p>\n<p align=\"justify\"><span style=\"font-family: Arial, sans-serif\">La COHS est parfois d\u00e9pass\u00e9e, et ce sont d\u2019autres outils qui doivent servir pour les r\u00e9soudre, pas la F3S (comme la formation restreinte), la F3S doit traiter les probl\u00e9matiques des \u00e9tablissements.<\/span><\/p>\n<p align=\"justify\"><span style=\"font-family: Arial, sans-serif\">Une des missions de la F3S on pourrait s\u2019interroger sur les instances existantes qui ne sont pas efficaces et des formations \u00e0 \u00e9tablir pour ces repr\u00e9sentants (COHS, formations sp\u00e9cialis\u00e9es).<\/span><\/p>\n","protected":false},"excerpt":{"rendered":"<p>La formation sp\u00e9cialis\u00e9e en mati\u00e8re de sant\u00e9, de s\u00e9curit\u00e9 et de conditions de travail (FS SST ou F3SCT) remplace depuis janvier 2023 le Comit\u00e9 d&rsquo;hygi\u00e8ne, de s\u00e9curit\u00e9 et des conditions de travail (CHSCT). Elle se r\u00e9unissait pour la premi\u00e8re fois le 21 septembre dernier. \u00c9taient pr\u00e9sent.es pour le SNETAP-FSU : DUBOIS Lydie, RAFFOUR Diane, MAURAND [&hellip;]<\/p>\n","protected":false},"author":128,"featured_media":3456,"comment_status":"closed","ping_status":"closed","sticky":false,"template":"","format":"standard","meta":{"ocean_post_layout":"","ocean_both_sidebars_style":"","ocean_both_sidebars_content_width":0,"ocean_both_sidebars_sidebars_width":0,"ocean_sidebar":"","ocean_second_sidebar":"","ocean_disable_margins":"enable","ocean_add_body_class":"","ocean_shortcode_before_top_bar":"","ocean_shortcode_after_top_bar":"","ocean_shortcode_before_header":"","ocean_shortcode_after_header":"","ocean_has_shortcode":"","ocean_shortcode_after_title":"","ocean_shortcode_before_footer_widgets":"","ocean_shortcode_after_footer_widgets":"","ocean_shortcode_before_footer_bottom":"","ocean_shortcode_after_footer_bottom":"","ocean_display_top_bar":"default","ocean_display_header":"default","ocean_header_style":"","ocean_center_header_left_menu":"","ocean_custom_header_template":"","ocean_custom_logo":0,"ocean_custom_retina_logo":0,"ocean_custom_logo_max_width":0,"ocean_custom_logo_tablet_max_width":0,"ocean_custom_logo_mobile_max_width":0,"ocean_custom_logo_max_height":0,"ocean_custom_logo_tablet_max_height":0,"ocean_custom_logo_mobile_max_height":0,"ocean_header_custom_menu":"","ocean_menu_typo_font_family":"","ocean_menu_typo_font_subset":"","ocean_menu_typo_font_size":0,"ocean_menu_typo_font_size_tablet":0,"ocean_menu_typo_font_size_mobile":0,"ocean_menu_typo_font_size_unit":"px","ocean_menu_typo_font_weight":"","ocean_menu_typo_font_weight_tablet":"","ocean_menu_typo_font_weight_mobile":"","ocean_menu_typo_transform":"","ocean_menu_typo_transform_tablet":"","ocean_menu_typo_transform_mobile":"","ocean_menu_typo_line_height":0,"ocean_menu_typo_line_height_tablet":0,"ocean_menu_typo_line_height_mobile":0,"ocean_menu_typo_line_height_unit":"","ocean_menu_typo_spacing":0,"ocean_menu_typo_spacing_tablet":0,"ocean_menu_typo_spacing_mobile":0,"ocean_menu_typo_spacing_unit":"","ocean_menu_link_color":"","ocean_menu_link_color_hover":"","ocean_menu_link_color_active":"","ocean_menu_link_background":"","ocean_menu_link_hover_background":"","ocean_menu_link_active_background":"","ocean_menu_social_links_bg":"","ocean_menu_social_hover_links_bg":"","ocean_menu_social_links_color":"","ocean_menu_social_hover_links_color":"","ocean_disable_title":"default","ocean_disable_heading":"default","ocean_post_title":"","ocean_post_subheading":"","ocean_post_title_style":"","ocean_post_title_background_color":"","ocean_post_title_background":0,"ocean_post_title_bg_image_position":"","ocean_post_title_bg_image_attachment":"","ocean_post_title_bg_image_repeat":"","ocean_post_title_bg_image_size":"","ocean_post_title_height":0,"ocean_post_title_bg_overlay":0.5,"ocean_post_title_bg_overlay_color":"","ocean_disable_breadcrumbs":"default","ocean_breadcrumbs_color":"","ocean_breadcrumbs_separator_color":"","ocean_breadcrumbs_links_color":"","ocean_breadcrumbs_links_hover_color":"","ocean_display_footer_widgets":"default","ocean_display_footer_bottom":"default","ocean_custom_footer_template":"","ocean_post_oembed":"","ocean_post_self_hosted_media":"","ocean_post_video_embed":"","ocean_link_format":"","ocean_link_format_target":"self","ocean_quote_format":"","ocean_quote_format_link":"post","ocean_gallery_link_images":"on","ocean_gallery_id":[],"footnotes":""},"categories":[4,13],"tags":[],"post_folder":[],"class_list":["post-3454","post","type-post","status-publish","format-standard","has-post-thumbnail","hentry","category-compte-rendu","category-instances","entry","has-media"],"yoast_head":"<!-- This site is optimized with the Yoast SEO plugin v27.4 - https:\/\/yoast.com\/product\/yoast-seo-wordpress\/ -->\n<title>FORMATION SPECIALISEE F3SCT - 21 09 2023 - NOUVELLE AQUITAINE<\/title>\n<meta name=\"robots\" content=\"index, follow, max-snippet:-1, max-image-preview:large, max-video-preview:-1\" \/>\n<link rel=\"canonical\" href=\"https:\/\/regions-snetap-fsu.fr\/na\/2023\/10\/08\/formation-specialisee-f3sct-21-09-2023\/\" \/>\n<meta property=\"og:locale\" content=\"fr_FR\" \/>\n<meta property=\"og:type\" content=\"article\" \/>\n<meta property=\"og:title\" content=\"FORMATION SPECIALISEE F3SCT - 21 09 2023 - NOUVELLE AQUITAINE\" \/>\n<meta property=\"og:description\" content=\"La formation sp\u00e9cialis\u00e9e en mati\u00e8re de sant\u00e9, de s\u00e9curit\u00e9 et de conditions de travail (FS SST ou F3SCT) remplace depuis janvier 2023 le Comit\u00e9 d&rsquo;hygi\u00e8ne, de s\u00e9curit\u00e9 et des conditions de travail (CHSCT). Elle se r\u00e9unissait pour la premi\u00e8re fois le 21 septembre dernier. \u00c9taient pr\u00e9sent.es pour le SNETAP-FSU : DUBOIS Lydie, RAFFOUR Diane, MAURAND [&hellip;]\" \/>\n<meta property=\"og:url\" content=\"https:\/\/regions-snetap-fsu.fr\/na\/2023\/10\/08\/formation-specialisee-f3sct-21-09-2023\/\" \/>\n<meta property=\"og:site_name\" content=\"NOUVELLE AQUITAINE\" \/>\n<meta property=\"article:published_time\" content=\"2023-10-07T23:35:12+00:00\" \/>\n<meta property=\"article:modified_time\" content=\"2023-10-19T18:38:38+00:00\" \/>\n<meta property=\"og:image\" content=\"https:\/\/regions-snetap-fsu.fr\/na\/wp-content\/uploads\/sites\/3\/2023\/10\/Capture-nuage-mots-sante-securite-travail.jpg\" \/>\n\t<meta property=\"og:image:width\" content=\"641\" \/>\n\t<meta property=\"og:image:height\" content=\"249\" \/>\n\t<meta property=\"og:image:type\" content=\"image\/jpeg\" \/>\n<meta name=\"author\" content=\"olivierb\" \/>\n<meta name=\"twitter:card\" content=\"summary_large_image\" \/>\n<meta name=\"twitter:label1\" content=\"\u00c9crit par\" \/>\n\t<meta name=\"twitter:data1\" content=\"olivierb\" \/>\n\t<meta name=\"twitter:label2\" content=\"Dur\u00e9e de lecture estim\u00e9e\" \/>\n\t<meta name=\"twitter:data2\" content=\"7 minutes\" \/>\n<script type=\"application\/ld+json\" class=\"yoast-schema-graph\">{\"@context\":\"https:\\\/\\\/schema.org\",\"@graph\":[{\"@type\":\"Article\",\"@id\":\"https:\\\/\\\/regions-snetap-fsu.fr\\\/na\\\/2023\\\/10\\\/08\\\/formation-specialisee-f3sct-21-09-2023\\\/#article\",\"isPartOf\":{\"@id\":\"https:\\\/\\\/regions-snetap-fsu.fr\\\/na\\\/2023\\\/10\\\/08\\\/formation-specialisee-f3sct-21-09-2023\\\/\"},\"author\":{\"name\":\"olivierb\",\"@id\":\"https:\\\/\\\/regions-snetap-fsu.fr\\\/na\\\/#\\\/schema\\\/person\\\/bdf1c4fe149dcf915601f9de85ba379f\"},\"headline\":\"FORMATION SPECIALISEE F3SCT &#8211; 21 09 2023\",\"datePublished\":\"2023-10-07T23:35:12+00:00\",\"dateModified\":\"2023-10-19T18:38:38+00:00\",\"mainEntityOfPage\":{\"@id\":\"https:\\\/\\\/regions-snetap-fsu.fr\\\/na\\\/2023\\\/10\\\/08\\\/formation-specialisee-f3sct-21-09-2023\\\/\"},\"wordCount\":1372,\"publisher\":{\"@id\":\"https:\\\/\\\/regions-snetap-fsu.fr\\\/na\\\/#organization\"},\"image\":{\"@id\":\"https:\\\/\\\/regions-snetap-fsu.fr\\\/na\\\/2023\\\/10\\\/08\\\/formation-specialisee-f3sct-21-09-2023\\\/#primaryimage\"},\"thumbnailUrl\":\"https:\\\/\\\/regions-snetap-fsu.fr\\\/na\\\/wp-content\\\/uploads\\\/sites\\\/3\\\/2023\\\/10\\\/Capture-nuage-mots-sante-securite-travail.jpg\",\"articleSection\":[\"Comptes-rendus\",\"Instances\"],\"inLanguage\":\"fr-FR\"},{\"@type\":\"WebPage\",\"@id\":\"https:\\\/\\\/regions-snetap-fsu.fr\\\/na\\\/2023\\\/10\\\/08\\\/formation-specialisee-f3sct-21-09-2023\\\/\",\"url\":\"https:\\\/\\\/regions-snetap-fsu.fr\\\/na\\\/2023\\\/10\\\/08\\\/formation-specialisee-f3sct-21-09-2023\\\/\",\"name\":\"FORMATION SPECIALISEE F3SCT - 21 09 2023 - NOUVELLE AQUITAINE\",\"isPartOf\":{\"@id\":\"https:\\\/\\\/regions-snetap-fsu.fr\\\/na\\\/#website\"},\"primaryImageOfPage\":{\"@id\":\"https:\\\/\\\/regions-snetap-fsu.fr\\\/na\\\/2023\\\/10\\\/08\\\/formation-specialisee-f3sct-21-09-2023\\\/#primaryimage\"},\"image\":{\"@id\":\"https:\\\/\\\/regions-snetap-fsu.fr\\\/na\\\/2023\\\/10\\\/08\\\/formation-specialisee-f3sct-21-09-2023\\\/#primaryimage\"},\"thumbnailUrl\":\"https:\\\/\\\/regions-snetap-fsu.fr\\\/na\\\/wp-content\\\/uploads\\\/sites\\\/3\\\/2023\\\/10\\\/Capture-nuage-mots-sante-securite-travail.jpg\",\"datePublished\":\"2023-10-07T23:35:12+00:00\",\"dateModified\":\"2023-10-19T18:38:38+00:00\",\"breadcrumb\":{\"@id\":\"https:\\\/\\\/regions-snetap-fsu.fr\\\/na\\\/2023\\\/10\\\/08\\\/formation-specialisee-f3sct-21-09-2023\\\/#breadcrumb\"},\"inLanguage\":\"fr-FR\",\"potentialAction\":[{\"@type\":\"ReadAction\",\"target\":[\"https:\\\/\\\/regions-snetap-fsu.fr\\\/na\\\/2023\\\/10\\\/08\\\/formation-specialisee-f3sct-21-09-2023\\\/\"]}]},{\"@type\":\"ImageObject\",\"inLanguage\":\"fr-FR\",\"@id\":\"https:\\\/\\\/regions-snetap-fsu.fr\\\/na\\\/2023\\\/10\\\/08\\\/formation-specialisee-f3sct-21-09-2023\\\/#primaryimage\",\"url\":\"https:\\\/\\\/regions-snetap-fsu.fr\\\/na\\\/wp-content\\\/uploads\\\/sites\\\/3\\\/2023\\\/10\\\/Capture-nuage-mots-sante-securite-travail.jpg\",\"contentUrl\":\"https:\\\/\\\/regions-snetap-fsu.fr\\\/na\\\/wp-content\\\/uploads\\\/sites\\\/3\\\/2023\\\/10\\\/Capture-nuage-mots-sante-securite-travail.jpg\",\"width\":641,\"height\":249},{\"@type\":\"BreadcrumbList\",\"@id\":\"https:\\\/\\\/regions-snetap-fsu.fr\\\/na\\\/2023\\\/10\\\/08\\\/formation-specialisee-f3sct-21-09-2023\\\/#breadcrumb\",\"itemListElement\":[{\"@type\":\"ListItem\",\"position\":1,\"name\":\"Accueil\",\"item\":\"https:\\\/\\\/regions-snetap-fsu.fr\\\/na\\\/\"},{\"@type\":\"ListItem\",\"position\":2,\"name\":\"FORMATION SPECIALISEE F3SCT &#8211; 21 09 2023\"}]},{\"@type\":\"WebSite\",\"@id\":\"https:\\\/\\\/regions-snetap-fsu.fr\\\/na\\\/#website\",\"url\":\"https:\\\/\\\/regions-snetap-fsu.fr\\\/na\\\/\",\"name\":\"SNETAP-FSU NOUVELLE AQUITAINE\",\"description\":\"Blog de la Section R\u00e9gionale\",\"publisher\":{\"@id\":\"https:\\\/\\\/regions-snetap-fsu.fr\\\/na\\\/#organization\"},\"potentialAction\":[{\"@type\":\"SearchAction\",\"target\":{\"@type\":\"EntryPoint\",\"urlTemplate\":\"https:\\\/\\\/regions-snetap-fsu.fr\\\/na\\\/?s={search_term_string}\"},\"query-input\":{\"@type\":\"PropertyValueSpecification\",\"valueRequired\":true,\"valueName\":\"search_term_string\"}}],\"inLanguage\":\"fr-FR\"},{\"@type\":\"Organization\",\"@id\":\"https:\\\/\\\/regions-snetap-fsu.fr\\\/na\\\/#organization\",\"name\":\"SNETAP-FSU - Nouvelle Aquitaine\",\"url\":\"https:\\\/\\\/regions-snetap-fsu.fr\\\/na\\\/\",\"logo\":{\"@type\":\"ImageObject\",\"inLanguage\":\"fr-FR\",\"@id\":\"https:\\\/\\\/regions-snetap-fsu.fr\\\/na\\\/#\\\/schema\\\/logo\\\/image\\\/\",\"url\":\"https:\\\/\\\/regions-snetap-fsu.fr\\\/na\\\/wp-content\\\/uploads\\\/sites\\\/3\\\/2020\\\/12\\\/SNETAP-Logo.jpg\",\"contentUrl\":\"https:\\\/\\\/regions-snetap-fsu.fr\\\/na\\\/wp-content\\\/uploads\\\/sites\\\/3\\\/2020\\\/12\\\/SNETAP-Logo.jpg\",\"width\":464,\"height\":334,\"caption\":\"SNETAP-FSU - Nouvelle Aquitaine\"},\"image\":{\"@id\":\"https:\\\/\\\/regions-snetap-fsu.fr\\\/na\\\/#\\\/schema\\\/logo\\\/image\\\/\"}},{\"@type\":\"Person\",\"@id\":\"https:\\\/\\\/regions-snetap-fsu.fr\\\/na\\\/#\\\/schema\\\/person\\\/bdf1c4fe149dcf915601f9de85ba379f\",\"name\":\"olivierb\",\"image\":{\"@type\":\"ImageObject\",\"inLanguage\":\"fr-FR\",\"@id\":\"https:\\\/\\\/secure.gravatar.com\\\/avatar\\\/d9cce0db1146844098d0ec7fae94551015c4ff78117aab56897823bb265a7bc9?s=96&d=mm&r=g\",\"url\":\"https:\\\/\\\/secure.gravatar.com\\\/avatar\\\/d9cce0db1146844098d0ec7fae94551015c4ff78117aab56897823bb265a7bc9?s=96&d=mm&r=g\",\"contentUrl\":\"https:\\\/\\\/secure.gravatar.com\\\/avatar\\\/d9cce0db1146844098d0ec7fae94551015c4ff78117aab56897823bb265a7bc9?s=96&d=mm&r=g\",\"caption\":\"olivierb\"},\"url\":\"https:\\\/\\\/regions-snetap-fsu.fr\\\/na\\\/author\\\/olivierb\\\/\"}]}<\/script>\n<!-- \/ Yoast SEO plugin. -->","yoast_head_json":{"title":"FORMATION SPECIALISEE F3SCT - 21 09 2023 - NOUVELLE AQUITAINE","robots":{"index":"index","follow":"follow","max-snippet":"max-snippet:-1","max-image-preview":"max-image-preview:large","max-video-preview":"max-video-preview:-1"},"canonical":"https:\/\/regions-snetap-fsu.fr\/na\/2023\/10\/08\/formation-specialisee-f3sct-21-09-2023\/","og_locale":"fr_FR","og_type":"article","og_title":"FORMATION SPECIALISEE F3SCT - 21 09 2023 - NOUVELLE AQUITAINE","og_description":"La formation sp\u00e9cialis\u00e9e en mati\u00e8re de sant\u00e9, de s\u00e9curit\u00e9 et de conditions de travail (FS SST ou F3SCT) remplace depuis janvier 2023 le Comit\u00e9 d&rsquo;hygi\u00e8ne, de s\u00e9curit\u00e9 et des conditions de travail (CHSCT). Elle se r\u00e9unissait pour la premi\u00e8re fois le 21 septembre dernier. \u00c9taient pr\u00e9sent.es pour le SNETAP-FSU : DUBOIS Lydie, RAFFOUR Diane, MAURAND [&hellip;]","og_url":"https:\/\/regions-snetap-fsu.fr\/na\/2023\/10\/08\/formation-specialisee-f3sct-21-09-2023\/","og_site_name":"NOUVELLE AQUITAINE","article_published_time":"2023-10-07T23:35:12+00:00","article_modified_time":"2023-10-19T18:38:38+00:00","og_image":[{"width":641,"height":249,"url":"https:\/\/regions-snetap-fsu.fr\/na\/wp-content\/uploads\/sites\/3\/2023\/10\/Capture-nuage-mots-sante-securite-travail.jpg","type":"image\/jpeg"}],"author":"olivierb","twitter_card":"summary_large_image","twitter_misc":{"\u00c9crit par":"olivierb","Dur\u00e9e de lecture estim\u00e9e":"7 minutes"},"schema":{"@context":"https:\/\/schema.org","@graph":[{"@type":"Article","@id":"https:\/\/regions-snetap-fsu.fr\/na\/2023\/10\/08\/formation-specialisee-f3sct-21-09-2023\/#article","isPartOf":{"@id":"https:\/\/regions-snetap-fsu.fr\/na\/2023\/10\/08\/formation-specialisee-f3sct-21-09-2023\/"},"author":{"name":"olivierb","@id":"https:\/\/regions-snetap-fsu.fr\/na\/#\/schema\/person\/bdf1c4fe149dcf915601f9de85ba379f"},"headline":"FORMATION SPECIALISEE F3SCT &#8211; 21 09 2023","datePublished":"2023-10-07T23:35:12+00:00","dateModified":"2023-10-19T18:38:38+00:00","mainEntityOfPage":{"@id":"https:\/\/regions-snetap-fsu.fr\/na\/2023\/10\/08\/formation-specialisee-f3sct-21-09-2023\/"},"wordCount":1372,"publisher":{"@id":"https:\/\/regions-snetap-fsu.fr\/na\/#organization"},"image":{"@id":"https:\/\/regions-snetap-fsu.fr\/na\/2023\/10\/08\/formation-specialisee-f3sct-21-09-2023\/#primaryimage"},"thumbnailUrl":"https:\/\/regions-snetap-fsu.fr\/na\/wp-content\/uploads\/sites\/3\/2023\/10\/Capture-nuage-mots-sante-securite-travail.jpg","articleSection":["Comptes-rendus","Instances"],"inLanguage":"fr-FR"},{"@type":"WebPage","@id":"https:\/\/regions-snetap-fsu.fr\/na\/2023\/10\/08\/formation-specialisee-f3sct-21-09-2023\/","url":"https:\/\/regions-snetap-fsu.fr\/na\/2023\/10\/08\/formation-specialisee-f3sct-21-09-2023\/","name":"FORMATION SPECIALISEE F3SCT - 21 09 2023 - NOUVELLE AQUITAINE","isPartOf":{"@id":"https:\/\/regions-snetap-fsu.fr\/na\/#website"},"primaryImageOfPage":{"@id":"https:\/\/regions-snetap-fsu.fr\/na\/2023\/10\/08\/formation-specialisee-f3sct-21-09-2023\/#primaryimage"},"image":{"@id":"https:\/\/regions-snetap-fsu.fr\/na\/2023\/10\/08\/formation-specialisee-f3sct-21-09-2023\/#primaryimage"},"thumbnailUrl":"https:\/\/regions-snetap-fsu.fr\/na\/wp-content\/uploads\/sites\/3\/2023\/10\/Capture-nuage-mots-sante-securite-travail.jpg","datePublished":"2023-10-07T23:35:12+00:00","dateModified":"2023-10-19T18:38:38+00:00","breadcrumb":{"@id":"https:\/\/regions-snetap-fsu.fr\/na\/2023\/10\/08\/formation-specialisee-f3sct-21-09-2023\/#breadcrumb"},"inLanguage":"fr-FR","potentialAction":[{"@type":"ReadAction","target":["https:\/\/regions-snetap-fsu.fr\/na\/2023\/10\/08\/formation-specialisee-f3sct-21-09-2023\/"]}]},{"@type":"ImageObject","inLanguage":"fr-FR","@id":"https:\/\/regions-snetap-fsu.fr\/na\/2023\/10\/08\/formation-specialisee-f3sct-21-09-2023\/#primaryimage","url":"https:\/\/regions-snetap-fsu.fr\/na\/wp-content\/uploads\/sites\/3\/2023\/10\/Capture-nuage-mots-sante-securite-travail.jpg","contentUrl":"https:\/\/regions-snetap-fsu.fr\/na\/wp-content\/uploads\/sites\/3\/2023\/10\/Capture-nuage-mots-sante-securite-travail.jpg","width":641,"height":249},{"@type":"BreadcrumbList","@id":"https:\/\/regions-snetap-fsu.fr\/na\/2023\/10\/08\/formation-specialisee-f3sct-21-09-2023\/#breadcrumb","itemListElement":[{"@type":"ListItem","position":1,"name":"Accueil","item":"https:\/\/regions-snetap-fsu.fr\/na\/"},{"@type":"ListItem","position":2,"name":"FORMATION SPECIALISEE F3SCT &#8211; 21 09 2023"}]},{"@type":"WebSite","@id":"https:\/\/regions-snetap-fsu.fr\/na\/#website","url":"https:\/\/regions-snetap-fsu.fr\/na\/","name":"SNETAP-FSU NOUVELLE AQUITAINE","description":"Blog de la Section R\u00e9gionale","publisher":{"@id":"https:\/\/regions-snetap-fsu.fr\/na\/#organization"},"potentialAction":[{"@type":"SearchAction","target":{"@type":"EntryPoint","urlTemplate":"https:\/\/regions-snetap-fsu.fr\/na\/?s={search_term_string}"},"query-input":{"@type":"PropertyValueSpecification","valueRequired":true,"valueName":"search_term_string"}}],"inLanguage":"fr-FR"},{"@type":"Organization","@id":"https:\/\/regions-snetap-fsu.fr\/na\/#organization","name":"SNETAP-FSU - Nouvelle Aquitaine","url":"https:\/\/regions-snetap-fsu.fr\/na\/","logo":{"@type":"ImageObject","inLanguage":"fr-FR","@id":"https:\/\/regions-snetap-fsu.fr\/na\/#\/schema\/logo\/image\/","url":"https:\/\/regions-snetap-fsu.fr\/na\/wp-content\/uploads\/sites\/3\/2020\/12\/SNETAP-Logo.jpg","contentUrl":"https:\/\/regions-snetap-fsu.fr\/na\/wp-content\/uploads\/sites\/3\/2020\/12\/SNETAP-Logo.jpg","width":464,"height":334,"caption":"SNETAP-FSU - Nouvelle Aquitaine"},"image":{"@id":"https:\/\/regions-snetap-fsu.fr\/na\/#\/schema\/logo\/image\/"}},{"@type":"Person","@id":"https:\/\/regions-snetap-fsu.fr\/na\/#\/schema\/person\/bdf1c4fe149dcf915601f9de85ba379f","name":"olivierb","image":{"@type":"ImageObject","inLanguage":"fr-FR","@id":"https:\/\/secure.gravatar.com\/avatar\/d9cce0db1146844098d0ec7fae94551015c4ff78117aab56897823bb265a7bc9?s=96&d=mm&r=g","url":"https:\/\/secure.gravatar.com\/avatar\/d9cce0db1146844098d0ec7fae94551015c4ff78117aab56897823bb265a7bc9?s=96&d=mm&r=g","contentUrl":"https:\/\/secure.gravatar.com\/avatar\/d9cce0db1146844098d0ec7fae94551015c4ff78117aab56897823bb265a7bc9?s=96&d=mm&r=g","caption":"olivierb"},"url":"https:\/\/regions-snetap-fsu.fr\/na\/author\/olivierb\/"}]}},"_links":{"self":[{"href":"https:\/\/regions-snetap-fsu.fr\/na\/wp-json\/wp\/v2\/posts\/3454","targetHints":{"allow":["GET"]}}],"collection":[{"href":"https:\/\/regions-snetap-fsu.fr\/na\/wp-json\/wp\/v2\/posts"}],"about":[{"href":"https:\/\/regions-snetap-fsu.fr\/na\/wp-json\/wp\/v2\/types\/post"}],"author":[{"embeddable":true,"href":"https:\/\/regions-snetap-fsu.fr\/na\/wp-json\/wp\/v2\/users\/128"}],"replies":[{"embeddable":true,"href":"https:\/\/regions-snetap-fsu.fr\/na\/wp-json\/wp\/v2\/comments?post=3454"}],"version-history":[{"count":1,"href":"https:\/\/regions-snetap-fsu.fr\/na\/wp-json\/wp\/v2\/posts\/3454\/revisions"}],"predecessor-version":[{"id":3455,"href":"https:\/\/regions-snetap-fsu.fr\/na\/wp-json\/wp\/v2\/posts\/3454\/revisions\/3455"}],"wp:featuredmedia":[{"embeddable":true,"href":"https:\/\/regions-snetap-fsu.fr\/na\/wp-json\/wp\/v2\/media\/3456"}],"wp:attachment":[{"href":"https:\/\/regions-snetap-fsu.fr\/na\/wp-json\/wp\/v2\/media?parent=3454"}],"wp:term":[{"taxonomy":"category","embeddable":true,"href":"https:\/\/regions-snetap-fsu.fr\/na\/wp-json\/wp\/v2\/categories?post=3454"},{"taxonomy":"post_tag","embeddable":true,"href":"https:\/\/regions-snetap-fsu.fr\/na\/wp-json\/wp\/v2\/tags?post=3454"},{"taxonomy":"post_folder","embeddable":true,"href":"https:\/\/regions-snetap-fsu.fr\/na\/wp-json\/wp\/v2\/post_folder?post=3454"}],"curies":[{"name":"wp","href":"https:\/\/api.w.org\/{rel}","templated":true}]}}