{"id":3443,"date":"2023-10-04T02:05:03","date_gmt":"2023-10-04T00:05:03","guid":{"rendered":"https:\/\/regions-snetap-fsu.fr\/na\/?p=3443"},"modified":"2023-10-04T02:16:13","modified_gmt":"2023-10-04T00:16:13","slug":"3-octobre-le-snetap-fsu-manifeste-au-cote-des-aesh","status":"publish","type":"post","link":"https:\/\/regions-snetap-fsu.fr\/na\/2023\/10\/04\/3-octobre-le-snetap-fsu-manifeste-au-cote-des-aesh\/","title":{"rendered":"3 OCTOBRE, LE SNETAP-FSU NOUVELLE AQUITAINE MANIFESTE AU C\u00d4TE DES AESH"},"content":{"rendered":"<p align=\"left\"><span style=\"color: #000000\"><span style=\"font-family: Arial, sans-serif\"><span style=\"font-size: medium\">Le 3 octobre \u00e9tait une journ\u00e9e de mobilisation pour faire avancer les droits des accompagnantes des \u00e9l\u00e8ves en situation de handicap (AESH), \u00e0 l\u2019appel de la FSU, la CGT, FO, et Sud \u00c9ducation.<\/span><\/span><\/span><\/p>\n<p align=\"left\"><span style=\"color: #000000\"><span style=\"font-family: Arial, sans-serif\"><span style=\"font-size: medium\">Dans de nombreuses villes les personnels se sont rassembl\u00e9s\u00a0devant les DSDEN pour d\u00e9noncer la situation de nos coll\u00e8gues dont les missions sont indispensables pour l&rsquo;inclusion r\u00e9ussie d&rsquo;\u00e9l\u00e8ves porteur.euses de handicapes.<\/span><\/span><\/span><\/p>\n<p align=\"left\"><strong><span style=\"color: #000000\"><span style=\"font-family: Arial, sans-serif\"><span style=\"font-size: medium\">Le SNETAP-FSU Nouvelle Aquitaine \u00e9tait mobilis\u00e9 au c\u00f4t\u00e9 des AESH pour exiger<\/span><\/span><\/span><\/strong><strong><span style=\"color: #000000\"><span style=\"font-family: Arial, sans-serif\"><span style=\"font-size: medium\">\u00a0:\u00a0<\/span><\/span><\/span><\/strong><\/p>\n<ul>\n<li>\n<p align=\"left\"><strong><span style=\"color: #000000\"><span style=\"font-family: Arial, sans-serif\"><span style=\"font-size: medium\">l\u2019arr\u00eat de<\/span><\/span><\/span><\/strong><strong><span style=\"color: #000000\"><span style=\"font-family: Arial, sans-serif\"><span style=\"font-size: medium\"> la pr\u00e9carit\u00e9 <\/span><\/span><\/span><\/strong><strong><span style=\"color: #000000\"><span style=\"font-family: Arial, sans-serif\"><span style=\"font-size: medium\">pour les AESH,<\/span><\/span><\/span><\/strong><\/p>\n<\/li>\n<li>\n<p align=\"left\"><strong><span style=\"color: #000000\"><span style=\"font-family: Arial, sans-serif\"><span style=\"font-size: medium\">la n\u00e9cessit\u00e9 d\u2019u<\/span><\/span><\/span><\/strong><strong><span style=\"color: #000000\"><span style=\"font-family: Arial, sans-serif\"><span style=\"font-size: medium\">n vrai statut de la Fonction Publique,<\/span><\/span><\/span><\/strong><\/p>\n<\/li>\n<li>\n<p align=\"left\"><strong><span style=\"color: #000000\"> <span style=\"font-family: Arial, sans-serif\"><span style=\"font-size: medium\">un salaire qui <\/span><\/span><\/span><\/strong><strong><span style=\"color: #000000\"><span style=\"font-family: Arial, sans-serif\"><span style=\"font-size: medium\">leur<\/span><\/span><\/span><\/strong><strong><span style=\"color: #000000\"><span style=\"font-family: Arial, sans-serif\"><span style=\"font-size: medium\"> permette de vivre de ce seul travail,<\/span><\/span><\/span><\/strong><\/p>\n<\/li>\n<li>\n<p align=\"left\"><strong><span style=\"color: #000000\"><span style=\"font-family: Arial, sans-serif\"><span style=\"font-size: medium\">l\u2019a<\/span><\/span><\/span><\/strong><strong><span style=\"color: #000000\"><span style=\"font-family: Arial, sans-serif\"><span style=\"font-size: medium\">bandon des PIAL qui p\u00e9nalisent les \u00e9l\u00e8ves et nos conditions de travail,<\/span><\/span><\/span><\/strong><\/p>\n<\/li>\n<li>\n<p align=\"left\"><strong><span style=\"color: #000000\"><span style=\"font-family: Arial, sans-serif\"><span style=\"font-size: medium\">u<\/span><\/span><\/span><\/strong><strong><span style=\"color: #000000\"><span style=\"font-family: Arial, sans-serif\"><span style=\"font-size: medium\">ne vraie formation professionnelle qualifiante,<\/span><\/span><\/span><\/strong><\/p>\n<\/li>\n<li>\n<p align=\"left\"><strong><span style=\"color: #000000\"> <span style=\"font-family: Arial, sans-serif\"><span style=\"font-size: medium\">une inclusion au cas par cas, avec les moyens et tous les postes n\u00e9cessaires,<\/span><\/span><\/span><\/strong><\/p>\n<\/li>\n<li>\n<p align=\"left\"><strong><span style=\"color: #000000\"> <span style=\"font-family: Arial, sans-serif\"><span style=\"font-size: medium\">l\u2019augmentation des places en structures sp\u00e9cialis\u00e9es\u00a0<\/span><\/span><\/span><\/strong><em><span style=\"color: #000000\"><span style=\"font-family: Arial, sans-serif\"><span style=\"font-size: medium\">(IME, ITEP, IM-Pro\u2026),<\/span><\/span><\/span><\/em><\/p>\n<\/li>\n<li>\n<p align=\"left\"><strong><span style=\"color: #000000\"><span style=\"font-family: Arial, sans-serif\"><span style=\"font-size: medium\">l\u2019a<\/span><\/span><\/span><\/strong><strong><span style=\"color: #000000\"><span style=\"font-family: Arial, sans-serif\"><span style=\"font-size: medium\">bandon du projet de fusion AESH\/AED !<\/span><\/span><\/span><\/strong><\/p>\n<\/li>\n<\/ul>\n<p align=\"left\">\u00a0<img fetchpriority=\"high\" decoding=\"async\" class=\"alignnone size-medium wp-image-3448\" src=\"https:\/\/regions-snetap-fsu.fr\/na\/wp-content\/uploads\/sites\/3\/2023\/10\/9514bb68-dba3-42f1-af80-176ba0665580-300x225.jpg\" alt=\"\" width=\"300\" height=\"225\" srcset=\"https:\/\/regions-snetap-fsu.fr\/na\/wp-content\/uploads\/sites\/3\/2023\/10\/9514bb68-dba3-42f1-af80-176ba0665580-300x225.jpg 300w, https:\/\/regions-snetap-fsu.fr\/na\/wp-content\/uploads\/sites\/3\/2023\/10\/9514bb68-dba3-42f1-af80-176ba0665580-1024x768.jpg 1024w, https:\/\/regions-snetap-fsu.fr\/na\/wp-content\/uploads\/sites\/3\/2023\/10\/9514bb68-dba3-42f1-af80-176ba0665580-768x576.jpg 768w, https:\/\/regions-snetap-fsu.fr\/na\/wp-content\/uploads\/sites\/3\/2023\/10\/9514bb68-dba3-42f1-af80-176ba0665580-1536x1152.jpg 1536w, https:\/\/regions-snetap-fsu.fr\/na\/wp-content\/uploads\/sites\/3\/2023\/10\/9514bb68-dba3-42f1-af80-176ba0665580.jpg 2048w\" sizes=\"(max-width: 300px) 100vw, 300px\" \/><\/p>\n<p align=\"left\"><img decoding=\"async\" class=\"alignnone size-medium wp-image-3449\" src=\"https:\/\/regions-snetap-fsu.fr\/na\/wp-content\/uploads\/sites\/3\/2023\/10\/c7191174-ffd7-4e7b-b6ee-8bf08eb314fa-300x225.jpg\" alt=\"\" width=\"300\" height=\"225\" srcset=\"https:\/\/regions-snetap-fsu.fr\/na\/wp-content\/uploads\/sites\/3\/2023\/10\/c7191174-ffd7-4e7b-b6ee-8bf08eb314fa-300x225.jpg 300w, https:\/\/regions-snetap-fsu.fr\/na\/wp-content\/uploads\/sites\/3\/2023\/10\/c7191174-ffd7-4e7b-b6ee-8bf08eb314fa-1024x768.jpg 1024w, https:\/\/regions-snetap-fsu.fr\/na\/wp-content\/uploads\/sites\/3\/2023\/10\/c7191174-ffd7-4e7b-b6ee-8bf08eb314fa-768x576.jpg 768w, https:\/\/regions-snetap-fsu.fr\/na\/wp-content\/uploads\/sites\/3\/2023\/10\/c7191174-ffd7-4e7b-b6ee-8bf08eb314fa-1536x1152.jpg 1536w, https:\/\/regions-snetap-fsu.fr\/na\/wp-content\/uploads\/sites\/3\/2023\/10\/c7191174-ffd7-4e7b-b6ee-8bf08eb314fa.jpg 2048w\" sizes=\"(max-width: 300px) 100vw, 300px\" \/><\/p>\n<p align=\"left\"><img decoding=\"async\" class=\"alignnone size-medium wp-image-3447\" src=\"https:\/\/regions-snetap-fsu.fr\/na\/wp-content\/uploads\/sites\/3\/2023\/10\/2e6a17f8-2ba8-4333-a8aa-94886c20983c-300x225.jpg\" alt=\"\" width=\"300\" height=\"225\" srcset=\"https:\/\/regions-snetap-fsu.fr\/na\/wp-content\/uploads\/sites\/3\/2023\/10\/2e6a17f8-2ba8-4333-a8aa-94886c20983c-300x225.jpg 300w, https:\/\/regions-snetap-fsu.fr\/na\/wp-content\/uploads\/sites\/3\/2023\/10\/2e6a17f8-2ba8-4333-a8aa-94886c20983c-1024x768.jpg 1024w, https:\/\/regions-snetap-fsu.fr\/na\/wp-content\/uploads\/sites\/3\/2023\/10\/2e6a17f8-2ba8-4333-a8aa-94886c20983c-768x576.jpg 768w, https:\/\/regions-snetap-fsu.fr\/na\/wp-content\/uploads\/sites\/3\/2023\/10\/2e6a17f8-2ba8-4333-a8aa-94886c20983c-1536x1152.jpg 1536w, https:\/\/regions-snetap-fsu.fr\/na\/wp-content\/uploads\/sites\/3\/2023\/10\/2e6a17f8-2ba8-4333-a8aa-94886c20983c.jpg 2048w\" sizes=\"(max-width: 300px) 100vw, 300px\" \/><\/p>\n","protected":false},"excerpt":{"rendered":"<p>Le 3 octobre \u00e9tait une journ\u00e9e de mobilisation pour faire avancer les droits des accompagnantes des \u00e9l\u00e8ves en situation de handicap (AESH), \u00e0 l\u2019appel de la FSU, la CGT, FO, et Sud \u00c9ducation. Dans de nombreuses villes les personnels se sont rassembl\u00e9s\u00a0devant les DSDEN pour d\u00e9noncer la situation de nos coll\u00e8gues dont les missions sont [&hellip;]<\/p>\n","protected":false},"author":128,"featured_media":3444,"comment_status":"closed","ping_status":"closed","sticky":false,"template":"","format":"standard","meta":{"ocean_post_layout":"","ocean_both_sidebars_style":"","ocean_both_sidebars_content_width":0,"ocean_both_sidebars_sidebars_width":0,"ocean_sidebar":"","ocean_second_sidebar":"","ocean_disable_margins":"enable","ocean_add_body_class":"","ocean_shortcode_before_top_bar":"","ocean_shortcode_after_top_bar":"","ocean_shortcode_before_header":"","ocean_shortcode_after_header":"","ocean_has_shortcode":"","ocean_shortcode_after_title":"","ocean_shortcode_before_footer_widgets":"","ocean_shortcode_after_footer_widgets":"","ocean_shortcode_before_footer_bottom":"","ocean_shortcode_after_footer_bottom":"","ocean_display_top_bar":"default","ocean_display_header":"default","ocean_header_style":"","ocean_center_header_left_menu":"","ocean_custom_header_template":"","ocean_custom_logo":0,"ocean_custom_retina_logo":0,"ocean_custom_logo_max_width":0,"ocean_custom_logo_tablet_max_width":0,"ocean_custom_logo_mobile_max_width":0,"ocean_custom_logo_max_height":0,"ocean_custom_logo_tablet_max_height":0,"ocean_custom_logo_mobile_max_height":0,"ocean_header_custom_menu":"","ocean_menu_typo_font_family":"","ocean_menu_typo_font_subset":"","ocean_menu_typo_font_size":0,"ocean_menu_typo_font_size_tablet":0,"ocean_menu_typo_font_size_mobile":0,"ocean_menu_typo_font_size_unit":"px","ocean_menu_typo_font_weight":"","ocean_menu_typo_font_weight_tablet":"","ocean_menu_typo_font_weight_mobile":"","ocean_menu_typo_transform":"","ocean_menu_typo_transform_tablet":"","ocean_menu_typo_transform_mobile":"","ocean_menu_typo_line_height":0,"ocean_menu_typo_line_height_tablet":0,"ocean_menu_typo_line_height_mobile":0,"ocean_menu_typo_line_height_unit":"","ocean_menu_typo_spacing":0,"ocean_menu_typo_spacing_tablet":0,"ocean_menu_typo_spacing_mobile":0,"ocean_menu_typo_spacing_unit":"","ocean_menu_link_color":"","ocean_menu_link_color_hover":"","ocean_menu_link_color_active":"","ocean_menu_link_background":"","ocean_menu_link_hover_background":"","ocean_menu_link_active_background":"","ocean_menu_social_links_bg":"","ocean_menu_social_hover_links_bg":"","ocean_menu_social_links_color":"","ocean_menu_social_hover_links_color":"","ocean_disable_title":"default","ocean_disable_heading":"default","ocean_post_title":"","ocean_post_subheading":"","ocean_post_title_style":"","ocean_post_title_background_color":"","ocean_post_title_background":0,"ocean_post_title_bg_image_position":"","ocean_post_title_bg_image_attachment":"","ocean_post_title_bg_image_repeat":"","ocean_post_title_bg_image_size":"","ocean_post_title_height":0,"ocean_post_title_bg_overlay":0.5,"ocean_post_title_bg_overlay_color":"","ocean_disable_breadcrumbs":"default","ocean_breadcrumbs_color":"","ocean_breadcrumbs_separator_color":"","ocean_breadcrumbs_links_color":"","ocean_breadcrumbs_links_hover_color":"","ocean_display_footer_widgets":"default","ocean_display_footer_bottom":"default","ocean_custom_footer_template":"","ocean_post_oembed":"","ocean_post_self_hosted_media":"","ocean_post_video_embed":"","ocean_link_format":"","ocean_link_format_target":"self","ocean_quote_format":"","ocean_quote_format_link":"post","ocean_gallery_link_images":"on","ocean_gallery_id":[],"footnotes":""},"categories":[1],"tags":[],"post_folder":[],"class_list":["post-3443","post","type-post","status-publish","format-standard","has-post-thumbnail","hentry","category-message-de-service","entry","has-media"],"yoast_head":"<!-- This site is optimized with the Yoast SEO plugin v27.4 - https:\/\/yoast.com\/product\/yoast-seo-wordpress\/ -->\n<title>3 OCTOBRE, LE SNETAP-FSU NOUVELLE AQUITAINE MANIFESTE AU C\u00d4TE DES AESH - NOUVELLE AQUITAINE<\/title>\n<meta name=\"robots\" content=\"index, follow, max-snippet:-1, max-image-preview:large, max-video-preview:-1\" \/>\n<link rel=\"canonical\" href=\"https:\/\/regions-snetap-fsu.fr\/na\/2023\/10\/04\/3-octobre-le-snetap-fsu-manifeste-au-cote-des-aesh\/\" \/>\n<meta property=\"og:locale\" content=\"fr_FR\" \/>\n<meta property=\"og:type\" content=\"article\" \/>\n<meta property=\"og:title\" content=\"3 OCTOBRE, LE SNETAP-FSU NOUVELLE AQUITAINE MANIFESTE AU C\u00d4TE DES AESH - NOUVELLE AQUITAINE\" \/>\n<meta property=\"og:description\" content=\"Le 3 octobre \u00e9tait une journ\u00e9e de mobilisation pour faire avancer les droits des accompagnantes des \u00e9l\u00e8ves en situation de handicap (AESH), \u00e0 l\u2019appel de la FSU, la CGT, FO, et Sud \u00c9ducation. Dans de nombreuses villes les personnels se sont rassembl\u00e9s\u00a0devant les DSDEN pour d\u00e9noncer la situation de nos coll\u00e8gues dont les missions sont [&hellip;]\" \/>\n<meta property=\"og:url\" content=\"https:\/\/regions-snetap-fsu.fr\/na\/2023\/10\/04\/3-octobre-le-snetap-fsu-manifeste-au-cote-des-aesh\/\" \/>\n<meta property=\"og:site_name\" content=\"NOUVELLE AQUITAINE\" \/>\n<meta property=\"article:published_time\" content=\"2023-10-04T00:05:03+00:00\" \/>\n<meta property=\"article:modified_time\" content=\"2023-10-04T00:16:13+00:00\" \/>\n<meta property=\"og:image\" content=\"https:\/\/regions-snetap-fsu.fr\/na\/wp-content\/uploads\/sites\/3\/2023\/10\/AESH-en-colere.jpg\" \/>\n\t<meta property=\"og:image:width\" content=\"661\" \/>\n\t<meta property=\"og:image:height\" content=\"348\" \/>\n\t<meta property=\"og:image:type\" content=\"image\/jpeg\" \/>\n<meta name=\"author\" content=\"olivierb\" \/>\n<meta name=\"twitter:card\" content=\"summary_large_image\" \/>\n<meta name=\"twitter:label1\" content=\"\u00c9crit par\" \/>\n\t<meta name=\"twitter:data1\" content=\"olivierb\" \/>\n\t<meta name=\"twitter:label2\" content=\"Dur\u00e9e de lecture estim\u00e9e\" \/>\n\t<meta name=\"twitter:data2\" content=\"1 minute\" \/>\n<script type=\"application\/ld+json\" class=\"yoast-schema-graph\">{\"@context\":\"https:\\\/\\\/schema.org\",\"@graph\":[{\"@type\":\"Article\",\"@id\":\"https:\\\/\\\/regions-snetap-fsu.fr\\\/na\\\/2023\\\/10\\\/04\\\/3-octobre-le-snetap-fsu-manifeste-au-cote-des-aesh\\\/#article\",\"isPartOf\":{\"@id\":\"https:\\\/\\\/regions-snetap-fsu.fr\\\/na\\\/2023\\\/10\\\/04\\\/3-octobre-le-snetap-fsu-manifeste-au-cote-des-aesh\\\/\"},\"author\":{\"name\":\"olivierb\",\"@id\":\"https:\\\/\\\/regions-snetap-fsu.fr\\\/na\\\/#\\\/schema\\\/person\\\/bdf1c4fe149dcf915601f9de85ba379f\"},\"headline\":\"3 OCTOBRE, LE SNETAP-FSU NOUVELLE AQUITAINE MANIFESTE AU C\u00d4TE DES AESH\",\"datePublished\":\"2023-10-04T00:05:03+00:00\",\"dateModified\":\"2023-10-04T00:16:13+00:00\",\"mainEntityOfPage\":{\"@id\":\"https:\\\/\\\/regions-snetap-fsu.fr\\\/na\\\/2023\\\/10\\\/04\\\/3-octobre-le-snetap-fsu-manifeste-au-cote-des-aesh\\\/\"},\"wordCount\":188,\"publisher\":{\"@id\":\"https:\\\/\\\/regions-snetap-fsu.fr\\\/na\\\/#organization\"},\"image\":{\"@id\":\"https:\\\/\\\/regions-snetap-fsu.fr\\\/na\\\/2023\\\/10\\\/04\\\/3-octobre-le-snetap-fsu-manifeste-au-cote-des-aesh\\\/#primaryimage\"},\"thumbnailUrl\":\"https:\\\/\\\/regions-snetap-fsu.fr\\\/na\\\/wp-content\\\/uploads\\\/sites\\\/3\\\/2023\\\/10\\\/AESH-en-colere.jpg\",\"articleSection\":[\"Message de service\"],\"inLanguage\":\"fr-FR\"},{\"@type\":\"WebPage\",\"@id\":\"https:\\\/\\\/regions-snetap-fsu.fr\\\/na\\\/2023\\\/10\\\/04\\\/3-octobre-le-snetap-fsu-manifeste-au-cote-des-aesh\\\/\",\"url\":\"https:\\\/\\\/regions-snetap-fsu.fr\\\/na\\\/2023\\\/10\\\/04\\\/3-octobre-le-snetap-fsu-manifeste-au-cote-des-aesh\\\/\",\"name\":\"3 OCTOBRE, LE SNETAP-FSU NOUVELLE AQUITAINE MANIFESTE AU C\u00d4TE DES AESH - NOUVELLE AQUITAINE\",\"isPartOf\":{\"@id\":\"https:\\\/\\\/regions-snetap-fsu.fr\\\/na\\\/#website\"},\"primaryImageOfPage\":{\"@id\":\"https:\\\/\\\/regions-snetap-fsu.fr\\\/na\\\/2023\\\/10\\\/04\\\/3-octobre-le-snetap-fsu-manifeste-au-cote-des-aesh\\\/#primaryimage\"},\"image\":{\"@id\":\"https:\\\/\\\/regions-snetap-fsu.fr\\\/na\\\/2023\\\/10\\\/04\\\/3-octobre-le-snetap-fsu-manifeste-au-cote-des-aesh\\\/#primaryimage\"},\"thumbnailUrl\":\"https:\\\/\\\/regions-snetap-fsu.fr\\\/na\\\/wp-content\\\/uploads\\\/sites\\\/3\\\/2023\\\/10\\\/AESH-en-colere.jpg\",\"datePublished\":\"2023-10-04T00:05:03+00:00\",\"dateModified\":\"2023-10-04T00:16:13+00:00\",\"breadcrumb\":{\"@id\":\"https:\\\/\\\/regions-snetap-fsu.fr\\\/na\\\/2023\\\/10\\\/04\\\/3-octobre-le-snetap-fsu-manifeste-au-cote-des-aesh\\\/#breadcrumb\"},\"inLanguage\":\"fr-FR\",\"potentialAction\":[{\"@type\":\"ReadAction\",\"target\":[\"https:\\\/\\\/regions-snetap-fsu.fr\\\/na\\\/2023\\\/10\\\/04\\\/3-octobre-le-snetap-fsu-manifeste-au-cote-des-aesh\\\/\"]}]},{\"@type\":\"ImageObject\",\"inLanguage\":\"fr-FR\",\"@id\":\"https:\\\/\\\/regions-snetap-fsu.fr\\\/na\\\/2023\\\/10\\\/04\\\/3-octobre-le-snetap-fsu-manifeste-au-cote-des-aesh\\\/#primaryimage\",\"url\":\"https:\\\/\\\/regions-snetap-fsu.fr\\\/na\\\/wp-content\\\/uploads\\\/sites\\\/3\\\/2023\\\/10\\\/AESH-en-colere.jpg\",\"contentUrl\":\"https:\\\/\\\/regions-snetap-fsu.fr\\\/na\\\/wp-content\\\/uploads\\\/sites\\\/3\\\/2023\\\/10\\\/AESH-en-colere.jpg\",\"width\":661,\"height\":348},{\"@type\":\"BreadcrumbList\",\"@id\":\"https:\\\/\\\/regions-snetap-fsu.fr\\\/na\\\/2023\\\/10\\\/04\\\/3-octobre-le-snetap-fsu-manifeste-au-cote-des-aesh\\\/#breadcrumb\",\"itemListElement\":[{\"@type\":\"ListItem\",\"position\":1,\"name\":\"Accueil\",\"item\":\"https:\\\/\\\/regions-snetap-fsu.fr\\\/na\\\/\"},{\"@type\":\"ListItem\",\"position\":2,\"name\":\"3 OCTOBRE, LE SNETAP-FSU NOUVELLE AQUITAINE MANIFESTE AU C\u00d4TE DES AESH\"}]},{\"@type\":\"WebSite\",\"@id\":\"https:\\\/\\\/regions-snetap-fsu.fr\\\/na\\\/#website\",\"url\":\"https:\\\/\\\/regions-snetap-fsu.fr\\\/na\\\/\",\"name\":\"SNETAP-FSU NOUVELLE AQUITAINE\",\"description\":\"Blog de la Section R\u00e9gionale\",\"publisher\":{\"@id\":\"https:\\\/\\\/regions-snetap-fsu.fr\\\/na\\\/#organization\"},\"potentialAction\":[{\"@type\":\"SearchAction\",\"target\":{\"@type\":\"EntryPoint\",\"urlTemplate\":\"https:\\\/\\\/regions-snetap-fsu.fr\\\/na\\\/?s={search_term_string}\"},\"query-input\":{\"@type\":\"PropertyValueSpecification\",\"valueRequired\":true,\"valueName\":\"search_term_string\"}}],\"inLanguage\":\"fr-FR\"},{\"@type\":\"Organization\",\"@id\":\"https:\\\/\\\/regions-snetap-fsu.fr\\\/na\\\/#organization\",\"name\":\"SNETAP-FSU - Nouvelle Aquitaine\",\"url\":\"https:\\\/\\\/regions-snetap-fsu.fr\\\/na\\\/\",\"logo\":{\"@type\":\"ImageObject\",\"inLanguage\":\"fr-FR\",\"@id\":\"https:\\\/\\\/regions-snetap-fsu.fr\\\/na\\\/#\\\/schema\\\/logo\\\/image\\\/\",\"url\":\"https:\\\/\\\/regions-snetap-fsu.fr\\\/na\\\/wp-content\\\/uploads\\\/sites\\\/3\\\/2020\\\/12\\\/SNETAP-Logo.jpg\",\"contentUrl\":\"https:\\\/\\\/regions-snetap-fsu.fr\\\/na\\\/wp-content\\\/uploads\\\/sites\\\/3\\\/2020\\\/12\\\/SNETAP-Logo.jpg\",\"width\":464,\"height\":334,\"caption\":\"SNETAP-FSU - Nouvelle Aquitaine\"},\"image\":{\"@id\":\"https:\\\/\\\/regions-snetap-fsu.fr\\\/na\\\/#\\\/schema\\\/logo\\\/image\\\/\"}},{\"@type\":\"Person\",\"@id\":\"https:\\\/\\\/regions-snetap-fsu.fr\\\/na\\\/#\\\/schema\\\/person\\\/bdf1c4fe149dcf915601f9de85ba379f\",\"name\":\"olivierb\",\"image\":{\"@type\":\"ImageObject\",\"inLanguage\":\"fr-FR\",\"@id\":\"https:\\\/\\\/secure.gravatar.com\\\/avatar\\\/d9cce0db1146844098d0ec7fae94551015c4ff78117aab56897823bb265a7bc9?s=96&d=mm&r=g\",\"url\":\"https:\\\/\\\/secure.gravatar.com\\\/avatar\\\/d9cce0db1146844098d0ec7fae94551015c4ff78117aab56897823bb265a7bc9?s=96&d=mm&r=g\",\"contentUrl\":\"https:\\\/\\\/secure.gravatar.com\\\/avatar\\\/d9cce0db1146844098d0ec7fae94551015c4ff78117aab56897823bb265a7bc9?s=96&d=mm&r=g\",\"caption\":\"olivierb\"},\"url\":\"https:\\\/\\\/regions-snetap-fsu.fr\\\/na\\\/author\\\/olivierb\\\/\"}]}<\/script>\n<!-- \/ Yoast SEO plugin. -->","yoast_head_json":{"title":"3 OCTOBRE, LE SNETAP-FSU NOUVELLE AQUITAINE MANIFESTE AU C\u00d4TE DES AESH - NOUVELLE AQUITAINE","robots":{"index":"index","follow":"follow","max-snippet":"max-snippet:-1","max-image-preview":"max-image-preview:large","max-video-preview":"max-video-preview:-1"},"canonical":"https:\/\/regions-snetap-fsu.fr\/na\/2023\/10\/04\/3-octobre-le-snetap-fsu-manifeste-au-cote-des-aesh\/","og_locale":"fr_FR","og_type":"article","og_title":"3 OCTOBRE, LE SNETAP-FSU NOUVELLE AQUITAINE MANIFESTE AU C\u00d4TE DES AESH - NOUVELLE AQUITAINE","og_description":"Le 3 octobre \u00e9tait une journ\u00e9e de mobilisation pour faire avancer les droits des accompagnantes des \u00e9l\u00e8ves en situation de handicap (AESH), \u00e0 l\u2019appel de la FSU, la CGT, FO, et Sud \u00c9ducation. Dans de nombreuses villes les personnels se sont rassembl\u00e9s\u00a0devant les DSDEN pour d\u00e9noncer la situation de nos coll\u00e8gues dont les missions sont [&hellip;]","og_url":"https:\/\/regions-snetap-fsu.fr\/na\/2023\/10\/04\/3-octobre-le-snetap-fsu-manifeste-au-cote-des-aesh\/","og_site_name":"NOUVELLE AQUITAINE","article_published_time":"2023-10-04T00:05:03+00:00","article_modified_time":"2023-10-04T00:16:13+00:00","og_image":[{"width":661,"height":348,"url":"https:\/\/regions-snetap-fsu.fr\/na\/wp-content\/uploads\/sites\/3\/2023\/10\/AESH-en-colere.jpg","type":"image\/jpeg"}],"author":"olivierb","twitter_card":"summary_large_image","twitter_misc":{"\u00c9crit par":"olivierb","Dur\u00e9e de lecture estim\u00e9e":"1 minute"},"schema":{"@context":"https:\/\/schema.org","@graph":[{"@type":"Article","@id":"https:\/\/regions-snetap-fsu.fr\/na\/2023\/10\/04\/3-octobre-le-snetap-fsu-manifeste-au-cote-des-aesh\/#article","isPartOf":{"@id":"https:\/\/regions-snetap-fsu.fr\/na\/2023\/10\/04\/3-octobre-le-snetap-fsu-manifeste-au-cote-des-aesh\/"},"author":{"name":"olivierb","@id":"https:\/\/regions-snetap-fsu.fr\/na\/#\/schema\/person\/bdf1c4fe149dcf915601f9de85ba379f"},"headline":"3 OCTOBRE, LE SNETAP-FSU NOUVELLE AQUITAINE MANIFESTE AU C\u00d4TE DES AESH","datePublished":"2023-10-04T00:05:03+00:00","dateModified":"2023-10-04T00:16:13+00:00","mainEntityOfPage":{"@id":"https:\/\/regions-snetap-fsu.fr\/na\/2023\/10\/04\/3-octobre-le-snetap-fsu-manifeste-au-cote-des-aesh\/"},"wordCount":188,"publisher":{"@id":"https:\/\/regions-snetap-fsu.fr\/na\/#organization"},"image":{"@id":"https:\/\/regions-snetap-fsu.fr\/na\/2023\/10\/04\/3-octobre-le-snetap-fsu-manifeste-au-cote-des-aesh\/#primaryimage"},"thumbnailUrl":"https:\/\/regions-snetap-fsu.fr\/na\/wp-content\/uploads\/sites\/3\/2023\/10\/AESH-en-colere.jpg","articleSection":["Message de service"],"inLanguage":"fr-FR"},{"@type":"WebPage","@id":"https:\/\/regions-snetap-fsu.fr\/na\/2023\/10\/04\/3-octobre-le-snetap-fsu-manifeste-au-cote-des-aesh\/","url":"https:\/\/regions-snetap-fsu.fr\/na\/2023\/10\/04\/3-octobre-le-snetap-fsu-manifeste-au-cote-des-aesh\/","name":"3 OCTOBRE, LE SNETAP-FSU NOUVELLE AQUITAINE MANIFESTE AU C\u00d4TE DES AESH - NOUVELLE AQUITAINE","isPartOf":{"@id":"https:\/\/regions-snetap-fsu.fr\/na\/#website"},"primaryImageOfPage":{"@id":"https:\/\/regions-snetap-fsu.fr\/na\/2023\/10\/04\/3-octobre-le-snetap-fsu-manifeste-au-cote-des-aesh\/#primaryimage"},"image":{"@id":"https:\/\/regions-snetap-fsu.fr\/na\/2023\/10\/04\/3-octobre-le-snetap-fsu-manifeste-au-cote-des-aesh\/#primaryimage"},"thumbnailUrl":"https:\/\/regions-snetap-fsu.fr\/na\/wp-content\/uploads\/sites\/3\/2023\/10\/AESH-en-colere.jpg","datePublished":"2023-10-04T00:05:03+00:00","dateModified":"2023-10-04T00:16:13+00:00","breadcrumb":{"@id":"https:\/\/regions-snetap-fsu.fr\/na\/2023\/10\/04\/3-octobre-le-snetap-fsu-manifeste-au-cote-des-aesh\/#breadcrumb"},"inLanguage":"fr-FR","potentialAction":[{"@type":"ReadAction","target":["https:\/\/regions-snetap-fsu.fr\/na\/2023\/10\/04\/3-octobre-le-snetap-fsu-manifeste-au-cote-des-aesh\/"]}]},{"@type":"ImageObject","inLanguage":"fr-FR","@id":"https:\/\/regions-snetap-fsu.fr\/na\/2023\/10\/04\/3-octobre-le-snetap-fsu-manifeste-au-cote-des-aesh\/#primaryimage","url":"https:\/\/regions-snetap-fsu.fr\/na\/wp-content\/uploads\/sites\/3\/2023\/10\/AESH-en-colere.jpg","contentUrl":"https:\/\/regions-snetap-fsu.fr\/na\/wp-content\/uploads\/sites\/3\/2023\/10\/AESH-en-colere.jpg","width":661,"height":348},{"@type":"BreadcrumbList","@id":"https:\/\/regions-snetap-fsu.fr\/na\/2023\/10\/04\/3-octobre-le-snetap-fsu-manifeste-au-cote-des-aesh\/#breadcrumb","itemListElement":[{"@type":"ListItem","position":1,"name":"Accueil","item":"https:\/\/regions-snetap-fsu.fr\/na\/"},{"@type":"ListItem","position":2,"name":"3 OCTOBRE, LE SNETAP-FSU NOUVELLE AQUITAINE MANIFESTE AU C\u00d4TE DES AESH"}]},{"@type":"WebSite","@id":"https:\/\/regions-snetap-fsu.fr\/na\/#website","url":"https:\/\/regions-snetap-fsu.fr\/na\/","name":"SNETAP-FSU NOUVELLE AQUITAINE","description":"Blog de la Section R\u00e9gionale","publisher":{"@id":"https:\/\/regions-snetap-fsu.fr\/na\/#organization"},"potentialAction":[{"@type":"SearchAction","target":{"@type":"EntryPoint","urlTemplate":"https:\/\/regions-snetap-fsu.fr\/na\/?s={search_term_string}"},"query-input":{"@type":"PropertyValueSpecification","valueRequired":true,"valueName":"search_term_string"}}],"inLanguage":"fr-FR"},{"@type":"Organization","@id":"https:\/\/regions-snetap-fsu.fr\/na\/#organization","name":"SNETAP-FSU - Nouvelle Aquitaine","url":"https:\/\/regions-snetap-fsu.fr\/na\/","logo":{"@type":"ImageObject","inLanguage":"fr-FR","@id":"https:\/\/regions-snetap-fsu.fr\/na\/#\/schema\/logo\/image\/","url":"https:\/\/regions-snetap-fsu.fr\/na\/wp-content\/uploads\/sites\/3\/2020\/12\/SNETAP-Logo.jpg","contentUrl":"https:\/\/regions-snetap-fsu.fr\/na\/wp-content\/uploads\/sites\/3\/2020\/12\/SNETAP-Logo.jpg","width":464,"height":334,"caption":"SNETAP-FSU - Nouvelle Aquitaine"},"image":{"@id":"https:\/\/regions-snetap-fsu.fr\/na\/#\/schema\/logo\/image\/"}},{"@type":"Person","@id":"https:\/\/regions-snetap-fsu.fr\/na\/#\/schema\/person\/bdf1c4fe149dcf915601f9de85ba379f","name":"olivierb","image":{"@type":"ImageObject","inLanguage":"fr-FR","@id":"https:\/\/secure.gravatar.com\/avatar\/d9cce0db1146844098d0ec7fae94551015c4ff78117aab56897823bb265a7bc9?s=96&d=mm&r=g","url":"https:\/\/secure.gravatar.com\/avatar\/d9cce0db1146844098d0ec7fae94551015c4ff78117aab56897823bb265a7bc9?s=96&d=mm&r=g","contentUrl":"https:\/\/secure.gravatar.com\/avatar\/d9cce0db1146844098d0ec7fae94551015c4ff78117aab56897823bb265a7bc9?s=96&d=mm&r=g","caption":"olivierb"},"url":"https:\/\/regions-snetap-fsu.fr\/na\/author\/olivierb\/"}]}},"_links":{"self":[{"href":"https:\/\/regions-snetap-fsu.fr\/na\/wp-json\/wp\/v2\/posts\/3443","targetHints":{"allow":["GET"]}}],"collection":[{"href":"https:\/\/regions-snetap-fsu.fr\/na\/wp-json\/wp\/v2\/posts"}],"about":[{"href":"https:\/\/regions-snetap-fsu.fr\/na\/wp-json\/wp\/v2\/types\/post"}],"author":[{"embeddable":true,"href":"https:\/\/regions-snetap-fsu.fr\/na\/wp-json\/wp\/v2\/users\/128"}],"replies":[{"embeddable":true,"href":"https:\/\/regions-snetap-fsu.fr\/na\/wp-json\/wp\/v2\/comments?post=3443"}],"version-history":[{"count":5,"href":"https:\/\/regions-snetap-fsu.fr\/na\/wp-json\/wp\/v2\/posts\/3443\/revisions"}],"predecessor-version":[{"id":3452,"href":"https:\/\/regions-snetap-fsu.fr\/na\/wp-json\/wp\/v2\/posts\/3443\/revisions\/3452"}],"wp:featuredmedia":[{"embeddable":true,"href":"https:\/\/regions-snetap-fsu.fr\/na\/wp-json\/wp\/v2\/media\/3444"}],"wp:attachment":[{"href":"https:\/\/regions-snetap-fsu.fr\/na\/wp-json\/wp\/v2\/media?parent=3443"}],"wp:term":[{"taxonomy":"category","embeddable":true,"href":"https:\/\/regions-snetap-fsu.fr\/na\/wp-json\/wp\/v2\/categories?post=3443"},{"taxonomy":"post_tag","embeddable":true,"href":"https:\/\/regions-snetap-fsu.fr\/na\/wp-json\/wp\/v2\/tags?post=3443"},{"taxonomy":"post_folder","embeddable":true,"href":"https:\/\/regions-snetap-fsu.fr\/na\/wp-json\/wp\/v2\/post_folder?post=3443"}],"curies":[{"name":"wp","href":"https:\/\/api.w.org\/{rel}","templated":true}]}}