{"id":3432,"date":"2023-09-24T23:13:39","date_gmt":"2023-09-24T21:13:39","guid":{"rendered":"https:\/\/regions-snetap-fsu.fr\/na\/?p=3432"},"modified":"2023-09-25T00:17:01","modified_gmt":"2023-09-24T22:17:01","slug":"rencontre-conseil-regional-fsu-nouvelle-aquitaine","status":"publish","type":"post","link":"https:\/\/regions-snetap-fsu.fr\/na\/2023\/09\/24\/rencontre-conseil-regional-fsu-nouvelle-aquitaine\/","title":{"rendered":"RENCONTRE CONSEIL R\u00c9GIONAL &#8211; FSU NOUVELLE AQUITAINE"},"content":{"rendered":"<p align=\"justify\"><strong><span style=\"font-family: Arial, sans-serif\"><span style=\"font-size: medium\">A la demande de notre f\u00e9d\u00e9ration, le Conseil R\u00e9gional de Nouvelle-Aquitaine repr\u00e9sent\u00e9 par son Vice-pr\u00e9sident charg\u00e9 de l\u2019\u00e9ducation, M. Nembrini, accompagn\u00e9 de ses services, a re\u00e7u, le lundi 18 septembre 2023,une d\u00e9l\u00e9gation de la FSU-NA afin d&rsquo;\u00e9changer sur les annonces gouvernementales en mati\u00e8re d\u2019\u00e9volution de la carte de formation et sur les projets d\u2019\u00e9volution de la carte en cours. <\/span><\/span><\/strong><\/p>\n<p align=\"justify\"><span style=\"color: #1e6a39\"><span style=\"font-family: Arial, sans-serif\"><span style=\"font-size: large\"><b>R\u00e9forme de la construction des cartes de formation<\/b><\/span><\/span><\/span><\/p>\n<p align=\"justify\"><span style=\"font-family: Arial, sans-serif\"><span style=\"font-size: medium\">Un des objectifs de la r\u00e9forme des lyc\u00e9es professionnels est de revoir la carte des formations en baissant d\u2019au moins 15% le nombre de formations. Et en ciblant particuli\u00e8rement les formations tertiaires. <\/span><\/span><\/p>\n<p align=\"justify\"><span style=\"font-family: Arial, sans-serif\"><span style=\"font-size: medium\">Cette r\u00e9forme s\u2019appuiera sur un \u201clogiciel\u201d nomm\u00e9 Orion permettant de synth\u00e9tiser les informations permettant de juger l\u2019efficacit\u00e9 d\u2019une formation, et ceci \u00e0 partir d\u2019un dialogue extr\u00eamement localis\u00e9 sous l\u2019\u00e9gide des sous pr\u00e9fets et avec les acteurs \u00e9conomiques du bassin d&#8217;emplois. Ce dialogue s\u2019appuiera aussi sur les nouveaux bureaux d\u2019entreprise (BDE). Les avis ainsi construits permettaient de d\u00e9finir les \u00e9volutions \u00e0 mettre en \u0153uvre que les CREFOP, CAEN et R\u00e9gion[1] n&rsquo;auraient plus qu&rsquo;\u00e0 voter. Nous attendons la sortie de la circulaire d\u00e9finissant cette marche \u00e0 suivre.<\/span><\/span><\/p>\n<p align=\"justify\"><span style=\"font-family: Arial, sans-serif\"><span style=\"font-size: medium\">S\u2019ils ont eu connaissance des projets de nouvelle proc\u00e9dure, les services du Conseil R\u00e9gional \u00e9mettent des doutes sur l\u2019application de celle-ci. Pour eux actuellement aucune modification n\u2019a \u00e9t\u00e9 apport\u00e9e au protocole de construction de la carte de formation avec le rectorat. Le CR rappelle son d\u00e9saccord avec la r\u00e9forme des Lyc\u00e9es Professionnels propos\u00e9e par M. Macron et juge irr\u00e9alisable en Nouvelle-Aquitaine la suppression de 15% des formations. Le logiciel Orion donne un certain nombre d\u2019indicateurs qui participent d\u00e9j\u00e0 au d\u00e9bat et les bureaux d\u2019entreprise n\u2019ont pas de consistance aujourd\u2019hui sur le terrain. <\/span><\/span><\/p>\n<p align=\"justify\"><span style=\"font-family: Arial, sans-serif\"><span style=\"font-size: medium\">Il continue de d\u00e9fendre des \u00e9volutions de carte de formations en accord avec sa politique de maintien des petits lyc\u00e9es professionnels tout en tenant compte de l\u2019attractivit\u00e9 et de la pertinence des formations. Cependant les services doivent s\u2019adapter aux contraintes budg\u00e9taires impos\u00e9es par le rectorat.<\/span><\/span><\/p>\n<p align=\"justify\"><span style=\"font-family: Arial, sans-serif;color: #008000\"><span style=\"font-size: medium\">La FSU a rappel\u00e9 son opposition \u00e0 la r\u00e9forme Macron et ses objectifs qui d\u00e9stabiliseraient fortement le maillage de la carte de formation, qui limiteraient l\u2019acc\u00e8s par les jeunes \u00e0 des formations scolaires diversifi\u00e9es (certainement en leur imposant de passer par la voie de l\u2019apprentissage) mais aussi qui mettrait en grandes difficult\u00e9s les personnels de l\u2019\u00e9ducation sp\u00e9cialis\u00e9 et l\u2019ensemble de la communaut\u00e9 \u00e9ducative pour qui ces annonces repr\u00e9sentent un v\u00e9ritable plan social. Au-del\u00e0, le caract\u00e8re clairement ultra ad\u00e9quationniste de cette r\u00e9forme qui s\u2019appuie uniquement sur des crit\u00e8res d\u2019insertion tr\u00e8s localis\u00e9s et pour r\u00e9pondre \u00e0 des besoins imm\u00e9diats du tissu \u00e9conomique du bassin d\u2019emplois est particuli\u00e8rement dangereux. En effet, il nie l\u2019importance des enseignements initiaux qui permettront aux jeunes de s\u2019ins\u00e9rer globalement dans la soci\u00e9t\u00e9 quel que soit leurs choix futurs, notamment leurs lieux de r\u00e9sidence, mais aussi de pouvoir progresser professionnellement et socialement dans un monde qui change rapidement et dont il faut comprendre les \u00e9volutions qui impactent aussi les m\u00e9tiers. Enfin la m\u00e9thode propos\u00e9e, dont l\u2019utilisation d\u2019un logiciel qui porte une doctrine sous des semblants d\u2019objectivit\u00e9 laisse croire que la carte des formations ne n\u00e9cessite pas une vision politique et notamment d\u2019am\u00e9nagement des territoires et de r\u00e9ponse sociale et prospective. Bien au contraire, la FSU soutient que l\u2019\u00e9ducation et donc la carte des formations est un levier politique essentiel pour permettre le progr\u00e8s social, l\u2019\u00e9mancipation des jeunes, et aujourd\u2019hui pour r\u00e9pondre aux enjeux sociaux et environnementaux qui s\u2019imposent.<\/span><\/span><\/p>\n<p align=\"justify\"><span style=\"color: #1e6a39\"><span style=\"font-family: Arial, sans-serif\"><span style=\"font-size: large\"><b>Evolution de la carte des formations pour la rentr\u00e9e 2024<\/b><\/span><\/span><\/span><\/p>\n<p align=\"justify\"><span style=\"color: #008000\"><span style=\"font-family: Arial, sans-serif\"><span style=\"font-size: medium\">Sur l\u2019\u00e9volution de carte de formations 2024, <\/span><\/span><span style=\"font-family: Arial, sans-serif\"><span style=\"font-size: medium\">la FSU <\/span><\/span><span style=\"font-family: Arial, sans-serif\"><span style=\"font-size: medium\">a<\/span><\/span><span style=\"font-family: Arial, sans-serif\"><span style=\"font-size: medium\"> demand<\/span><\/span><span style=\"font-family: Arial, sans-serif\"><span style=\"font-size: medium\">\u00e9<\/span><\/span><span style=\"font-family: Arial, sans-serif\"><span style=\"font-size: medium\"> \u00e0 conna\u00eetre l\u2019ensemble des projets en cours de discussion sur la Nouvelle-Aquitaine d\u00e8s d\u00e9but septembre. Il reste maintenant peu de temps avant que celle-ci <\/span><\/span><span style=\"font-family: Arial, sans-serif\"><span style=\"font-size: medium\">ne <\/span><\/span><span style=\"font-family: Arial, sans-serif\"><span style=\"font-size: medium\">soit vot\u00e9e. D\u2019ores et d\u00e9j\u00e0 la FSU d\u00e9nonce que les choix soient fait \u00e0 moyens contraints, pour r\u00e9ellement dynamiser la carte des formations, aussi pour s\u2019adapter aux enjeux de r\u00e9industrialisation et environnementaux, tout en rassurant les communaut\u00e9s \u00e9ducatives, il est n\u00e9cessaire de pouvoir donner leur place \u00e0 des formations sans en fermer d\u2019autre<\/span><\/span><span style=\"font-family: Arial, sans-serif\"><span style=\"font-size: medium\">s<\/span><\/span><span style=\"font-family: Arial, sans-serif\"><span style=\"font-size: medium\"> a priori. De plus la FSU n\u2019acceptera pas la volont\u00e9 constat\u00e9e de r\u00e9duire le temps de formation en supprimant des bacs professionnels ou CAP au profit de certificats de sp\u00e9cialisation.<\/span><\/span><\/span><\/p>\n<p align=\"justify\"><span style=\"color: #008000\"><span style=\"font-family: Arial, sans-serif\"><span style=\"font-size: medium\">N&rsquo;h\u00e9sitez pas \u00e0 faire remonter les informations via votre syndicat de votre \u00e9tablissement concernant la carte des formations.<\/span><\/span><\/span><\/p>\n<p align=\"justify\"><span style=\"color: #008000\"><span style=\"font-family: Arial, sans-serif\"><span style=\"font-size: medium\">La FSU N.A interviendra autant que possible en amont pour porter la voix des agent.es puis lors du vote au CREFOP et des CAEN.<\/span><\/span><\/span><\/p>\n<p align=\"justify\"><span style=\"color: #008000\"><span style=\"font-family: Arial, sans-serif\"><span style=\"font-size: medium\">Elle continuera aussi son travail avec le Conseil R\u00e9gional afin de porter ses mandats correspondant aux comp\u00e9tences de ce niveau (carte des formations, b\u00e2tit, transport, restauration, dotation etc.)<\/span><\/span><\/span><\/p>\n\n\t\t<div class=\"wppdfemb-frame-container-1\" style=\"-webkit-overflow-scrolling:auto;\">\n\t\t\t<iframe class=\"pdfembed-iframe nonfullscreen wppdf-emb-iframe-1\"\n\t\t\t\tsrc=\"https:\/\/regions-snetap-fsu.fr\/na\/?pdfemb-data=eyJ1cmwiOiJodHRwczpcL1wvcmVnaW9ucy1zbmV0YXAtZnN1LmZyXC9uYVwvd3AtY29udGVudFwvdXBsb2Fkc1wvc2l0ZXNcLzNcLzIwMjNcLzA5XC8yMDIzLTA5LTE4X1JlbmNvbnRyZS1Db25zZWlsLVJlZ2lvbmFsX0NvbXB0ZS1yZW5kdS5wZGYiLCJ0aXRsZSI6IjIwMjMgMDkgMThfUmVuY29udHJlIENvbnNlaWwgUmVnaW9uYWxfQ29tcHRlIHJlbmR1IiwiaW5kZXgiOjEsInBkZklEIjozNDM1fQ\"\n\t\t\t\ttitle=\"2023 09 18_Rencontre Conseil Regional_Compte rendu\"\t\t\t\tdata-pdf-id=\"3435\"\n\t\t\t\tdata-pdf-index=\"1\"\n\t\t\t\tstyle=\"border:none;width:100%;max-width:100%;height:100vh;\"\n\t\t\t\tscrolling=\"yes\">\n\t\t\t<\/iframe>\n\t\t<\/div>\n\n\t\t\n","protected":false},"excerpt":{"rendered":"<p>A la demande de notre f\u00e9d\u00e9ration, le Conseil R\u00e9gional de Nouvelle-Aquitaine repr\u00e9sent\u00e9 par son Vice-pr\u00e9sident charg\u00e9 de l\u2019\u00e9ducation, M. Nembrini, accompagn\u00e9 de ses services, a re\u00e7u, le lundi 18 septembre 2023,une d\u00e9l\u00e9gation de la FSU-NA afin d&rsquo;\u00e9changer sur les annonces gouvernementales en mati\u00e8re d\u2019\u00e9volution de la carte de formation et sur les projets d\u2019\u00e9volution de [&hellip;]<\/p>\n","protected":false},"author":128,"featured_media":3434,"comment_status":"closed","ping_status":"closed","sticky":false,"template":"","format":"standard","meta":{"ocean_post_layout":"","ocean_both_sidebars_style":"","ocean_both_sidebars_content_width":0,"ocean_both_sidebars_sidebars_width":0,"ocean_sidebar":"","ocean_second_sidebar":"","ocean_disable_margins":"enable","ocean_add_body_class":"","ocean_shortcode_before_top_bar":"","ocean_shortcode_after_top_bar":"","ocean_shortcode_before_header":"","ocean_shortcode_after_header":"","ocean_has_shortcode":"","ocean_shortcode_after_title":"","ocean_shortcode_before_footer_widgets":"","ocean_shortcode_after_footer_widgets":"","ocean_shortcode_before_footer_bottom":"","ocean_shortcode_after_footer_bottom":"","ocean_display_top_bar":"default","ocean_display_header":"default","ocean_header_style":"","ocean_center_header_left_menu":"","ocean_custom_header_template":"","ocean_custom_logo":0,"ocean_custom_retina_logo":0,"ocean_custom_logo_max_width":0,"ocean_custom_logo_tablet_max_width":0,"ocean_custom_logo_mobile_max_width":0,"ocean_custom_logo_max_height":0,"ocean_custom_logo_tablet_max_height":0,"ocean_custom_logo_mobile_max_height":0,"ocean_header_custom_menu":"","ocean_menu_typo_font_family":"","ocean_menu_typo_font_subset":"","ocean_menu_typo_font_size":0,"ocean_menu_typo_font_size_tablet":0,"ocean_menu_typo_font_size_mobile":0,"ocean_menu_typo_font_size_unit":"px","ocean_menu_typo_font_weight":"","ocean_menu_typo_font_weight_tablet":"","ocean_menu_typo_font_weight_mobile":"","ocean_menu_typo_transform":"","ocean_menu_typo_transform_tablet":"","ocean_menu_typo_transform_mobile":"","ocean_menu_typo_line_height":0,"ocean_menu_typo_line_height_tablet":0,"ocean_menu_typo_line_height_mobile":0,"ocean_menu_typo_line_height_unit":"","ocean_menu_typo_spacing":0,"ocean_menu_typo_spacing_tablet":0,"ocean_menu_typo_spacing_mobile":0,"ocean_menu_typo_spacing_unit":"","ocean_menu_link_color":"","ocean_menu_link_color_hover":"","ocean_menu_link_color_active":"","ocean_menu_link_background":"","ocean_menu_link_hover_background":"","ocean_menu_link_active_background":"","ocean_menu_social_links_bg":"","ocean_menu_social_hover_links_bg":"","ocean_menu_social_links_color":"","ocean_menu_social_hover_links_color":"","ocean_disable_title":"default","ocean_disable_heading":"default","ocean_post_title":"","ocean_post_subheading":"","ocean_post_title_style":"","ocean_post_title_background_color":"","ocean_post_title_background":0,"ocean_post_title_bg_image_position":"","ocean_post_title_bg_image_attachment":"","ocean_post_title_bg_image_repeat":"","ocean_post_title_bg_image_size":"","ocean_post_title_height":0,"ocean_post_title_bg_overlay":0.5,"ocean_post_title_bg_overlay_color":"","ocean_disable_breadcrumbs":"default","ocean_breadcrumbs_color":"","ocean_breadcrumbs_separator_color":"","ocean_breadcrumbs_links_color":"","ocean_breadcrumbs_links_hover_color":"","ocean_display_footer_widgets":"default","ocean_display_footer_bottom":"default","ocean_custom_footer_template":"","ocean_post_oembed":"","ocean_post_self_hosted_media":"","ocean_post_video_embed":"","ocean_link_format":"","ocean_link_format_target":"self","ocean_quote_format":"","ocean_quote_format_link":"post","ocean_gallery_link_images":"on","ocean_gallery_id":[],"footnotes":""},"categories":[1],"tags":[],"post_folder":[],"class_list":["post-3432","post","type-post","status-publish","format-standard","has-post-thumbnail","hentry","category-message-de-service","entry","has-media"],"yoast_head":"<!-- This site is optimized with the Yoast SEO plugin v27.4 - https:\/\/yoast.com\/product\/yoast-seo-wordpress\/ -->\n<title>RENCONTRE CONSEIL R\u00c9GIONAL - FSU NOUVELLE AQUITAINE - NOUVELLE AQUITAINE<\/title>\n<meta name=\"robots\" content=\"index, follow, max-snippet:-1, max-image-preview:large, max-video-preview:-1\" \/>\n<link rel=\"canonical\" href=\"https:\/\/regions-snetap-fsu.fr\/na\/2023\/09\/24\/rencontre-conseil-regional-fsu-nouvelle-aquitaine\/\" \/>\n<meta property=\"og:locale\" content=\"fr_FR\" \/>\n<meta property=\"og:type\" content=\"article\" \/>\n<meta property=\"og:title\" content=\"RENCONTRE CONSEIL R\u00c9GIONAL - FSU NOUVELLE AQUITAINE - NOUVELLE AQUITAINE\" \/>\n<meta property=\"og:description\" content=\"A la demande de notre f\u00e9d\u00e9ration, le Conseil R\u00e9gional de Nouvelle-Aquitaine repr\u00e9sent\u00e9 par son Vice-pr\u00e9sident charg\u00e9 de l\u2019\u00e9ducation, M. Nembrini, accompagn\u00e9 de ses services, a re\u00e7u, le lundi 18 septembre 2023,une d\u00e9l\u00e9gation de la FSU-NA afin d&rsquo;\u00e9changer sur les annonces gouvernementales en mati\u00e8re d\u2019\u00e9volution de la carte de formation et sur les projets d\u2019\u00e9volution de [&hellip;]\" \/>\n<meta property=\"og:url\" content=\"https:\/\/regions-snetap-fsu.fr\/na\/2023\/09\/24\/rencontre-conseil-regional-fsu-nouvelle-aquitaine\/\" \/>\n<meta property=\"og:site_name\" content=\"NOUVELLE AQUITAINE\" \/>\n<meta property=\"article:published_time\" content=\"2023-09-24T21:13:39+00:00\" \/>\n<meta property=\"article:modified_time\" content=\"2023-09-24T22:17:01+00:00\" \/>\n<meta property=\"og:image\" content=\"https:\/\/regions-snetap-fsu.fr\/na\/wp-content\/uploads\/sites\/3\/2023\/09\/Sans-titre.jpg\" \/>\n\t<meta property=\"og:image:width\" content=\"800\" \/>\n\t<meta property=\"og:image:height\" content=\"447\" \/>\n\t<meta property=\"og:image:type\" content=\"image\/jpeg\" \/>\n<meta name=\"author\" content=\"olivierb\" \/>\n<meta name=\"twitter:card\" content=\"summary_large_image\" \/>\n<meta name=\"twitter:label1\" content=\"\u00c9crit par\" \/>\n\t<meta name=\"twitter:data1\" content=\"olivierb\" \/>\n\t<meta name=\"twitter:label2\" content=\"Dur\u00e9e de lecture estim\u00e9e\" \/>\n\t<meta name=\"twitter:data2\" content=\"4 minutes\" \/>\n<script type=\"application\/ld+json\" class=\"yoast-schema-graph\">{\"@context\":\"https:\\\/\\\/schema.org\",\"@graph\":[{\"@type\":\"Article\",\"@id\":\"https:\\\/\\\/regions-snetap-fsu.fr\\\/na\\\/2023\\\/09\\\/24\\\/rencontre-conseil-regional-fsu-nouvelle-aquitaine\\\/#article\",\"isPartOf\":{\"@id\":\"https:\\\/\\\/regions-snetap-fsu.fr\\\/na\\\/2023\\\/09\\\/24\\\/rencontre-conseil-regional-fsu-nouvelle-aquitaine\\\/\"},\"author\":{\"name\":\"olivierb\",\"@id\":\"https:\\\/\\\/regions-snetap-fsu.fr\\\/na\\\/#\\\/schema\\\/person\\\/bdf1c4fe149dcf915601f9de85ba379f\"},\"headline\":\"RENCONTRE CONSEIL R\u00c9GIONAL &#8211; FSU NOUVELLE AQUITAINE\",\"datePublished\":\"2023-09-24T21:13:39+00:00\",\"dateModified\":\"2023-09-24T22:17:01+00:00\",\"mainEntityOfPage\":{\"@id\":\"https:\\\/\\\/regions-snetap-fsu.fr\\\/na\\\/2023\\\/09\\\/24\\\/rencontre-conseil-regional-fsu-nouvelle-aquitaine\\\/\"},\"wordCount\":902,\"publisher\":{\"@id\":\"https:\\\/\\\/regions-snetap-fsu.fr\\\/na\\\/#organization\"},\"image\":{\"@id\":\"https:\\\/\\\/regions-snetap-fsu.fr\\\/na\\\/2023\\\/09\\\/24\\\/rencontre-conseil-regional-fsu-nouvelle-aquitaine\\\/#primaryimage\"},\"thumbnailUrl\":\"https:\\\/\\\/regions-snetap-fsu.fr\\\/na\\\/wp-content\\\/uploads\\\/sites\\\/3\\\/2023\\\/09\\\/Sans-titre.jpg\",\"articleSection\":[\"Message de service\"],\"inLanguage\":\"fr-FR\"},{\"@type\":\"WebPage\",\"@id\":\"https:\\\/\\\/regions-snetap-fsu.fr\\\/na\\\/2023\\\/09\\\/24\\\/rencontre-conseil-regional-fsu-nouvelle-aquitaine\\\/\",\"url\":\"https:\\\/\\\/regions-snetap-fsu.fr\\\/na\\\/2023\\\/09\\\/24\\\/rencontre-conseil-regional-fsu-nouvelle-aquitaine\\\/\",\"name\":\"RENCONTRE CONSEIL R\u00c9GIONAL - FSU NOUVELLE AQUITAINE - NOUVELLE AQUITAINE\",\"isPartOf\":{\"@id\":\"https:\\\/\\\/regions-snetap-fsu.fr\\\/na\\\/#website\"},\"primaryImageOfPage\":{\"@id\":\"https:\\\/\\\/regions-snetap-fsu.fr\\\/na\\\/2023\\\/09\\\/24\\\/rencontre-conseil-regional-fsu-nouvelle-aquitaine\\\/#primaryimage\"},\"image\":{\"@id\":\"https:\\\/\\\/regions-snetap-fsu.fr\\\/na\\\/2023\\\/09\\\/24\\\/rencontre-conseil-regional-fsu-nouvelle-aquitaine\\\/#primaryimage\"},\"thumbnailUrl\":\"https:\\\/\\\/regions-snetap-fsu.fr\\\/na\\\/wp-content\\\/uploads\\\/sites\\\/3\\\/2023\\\/09\\\/Sans-titre.jpg\",\"datePublished\":\"2023-09-24T21:13:39+00:00\",\"dateModified\":\"2023-09-24T22:17:01+00:00\",\"breadcrumb\":{\"@id\":\"https:\\\/\\\/regions-snetap-fsu.fr\\\/na\\\/2023\\\/09\\\/24\\\/rencontre-conseil-regional-fsu-nouvelle-aquitaine\\\/#breadcrumb\"},\"inLanguage\":\"fr-FR\",\"potentialAction\":[{\"@type\":\"ReadAction\",\"target\":[\"https:\\\/\\\/regions-snetap-fsu.fr\\\/na\\\/2023\\\/09\\\/24\\\/rencontre-conseil-regional-fsu-nouvelle-aquitaine\\\/\"]}]},{\"@type\":\"ImageObject\",\"inLanguage\":\"fr-FR\",\"@id\":\"https:\\\/\\\/regions-snetap-fsu.fr\\\/na\\\/2023\\\/09\\\/24\\\/rencontre-conseil-regional-fsu-nouvelle-aquitaine\\\/#primaryimage\",\"url\":\"https:\\\/\\\/regions-snetap-fsu.fr\\\/na\\\/wp-content\\\/uploads\\\/sites\\\/3\\\/2023\\\/09\\\/Sans-titre.jpg\",\"contentUrl\":\"https:\\\/\\\/regions-snetap-fsu.fr\\\/na\\\/wp-content\\\/uploads\\\/sites\\\/3\\\/2023\\\/09\\\/Sans-titre.jpg\",\"width\":800,\"height\":447},{\"@type\":\"BreadcrumbList\",\"@id\":\"https:\\\/\\\/regions-snetap-fsu.fr\\\/na\\\/2023\\\/09\\\/24\\\/rencontre-conseil-regional-fsu-nouvelle-aquitaine\\\/#breadcrumb\",\"itemListElement\":[{\"@type\":\"ListItem\",\"position\":1,\"name\":\"Accueil\",\"item\":\"https:\\\/\\\/regions-snetap-fsu.fr\\\/na\\\/\"},{\"@type\":\"ListItem\",\"position\":2,\"name\":\"RENCONTRE CONSEIL R\u00c9GIONAL &#8211; FSU NOUVELLE AQUITAINE\"}]},{\"@type\":\"WebSite\",\"@id\":\"https:\\\/\\\/regions-snetap-fsu.fr\\\/na\\\/#website\",\"url\":\"https:\\\/\\\/regions-snetap-fsu.fr\\\/na\\\/\",\"name\":\"SNETAP-FSU NOUVELLE AQUITAINE\",\"description\":\"Blog de la Section R\u00e9gionale\",\"publisher\":{\"@id\":\"https:\\\/\\\/regions-snetap-fsu.fr\\\/na\\\/#organization\"},\"potentialAction\":[{\"@type\":\"SearchAction\",\"target\":{\"@type\":\"EntryPoint\",\"urlTemplate\":\"https:\\\/\\\/regions-snetap-fsu.fr\\\/na\\\/?s={search_term_string}\"},\"query-input\":{\"@type\":\"PropertyValueSpecification\",\"valueRequired\":true,\"valueName\":\"search_term_string\"}}],\"inLanguage\":\"fr-FR\"},{\"@type\":\"Organization\",\"@id\":\"https:\\\/\\\/regions-snetap-fsu.fr\\\/na\\\/#organization\",\"name\":\"SNETAP-FSU - Nouvelle Aquitaine\",\"url\":\"https:\\\/\\\/regions-snetap-fsu.fr\\\/na\\\/\",\"logo\":{\"@type\":\"ImageObject\",\"inLanguage\":\"fr-FR\",\"@id\":\"https:\\\/\\\/regions-snetap-fsu.fr\\\/na\\\/#\\\/schema\\\/logo\\\/image\\\/\",\"url\":\"https:\\\/\\\/regions-snetap-fsu.fr\\\/na\\\/wp-content\\\/uploads\\\/sites\\\/3\\\/2020\\\/12\\\/SNETAP-Logo.jpg\",\"contentUrl\":\"https:\\\/\\\/regions-snetap-fsu.fr\\\/na\\\/wp-content\\\/uploads\\\/sites\\\/3\\\/2020\\\/12\\\/SNETAP-Logo.jpg\",\"width\":464,\"height\":334,\"caption\":\"SNETAP-FSU - Nouvelle Aquitaine\"},\"image\":{\"@id\":\"https:\\\/\\\/regions-snetap-fsu.fr\\\/na\\\/#\\\/schema\\\/logo\\\/image\\\/\"}},{\"@type\":\"Person\",\"@id\":\"https:\\\/\\\/regions-snetap-fsu.fr\\\/na\\\/#\\\/schema\\\/person\\\/bdf1c4fe149dcf915601f9de85ba379f\",\"name\":\"olivierb\",\"image\":{\"@type\":\"ImageObject\",\"inLanguage\":\"fr-FR\",\"@id\":\"https:\\\/\\\/secure.gravatar.com\\\/avatar\\\/d9cce0db1146844098d0ec7fae94551015c4ff78117aab56897823bb265a7bc9?s=96&d=mm&r=g\",\"url\":\"https:\\\/\\\/secure.gravatar.com\\\/avatar\\\/d9cce0db1146844098d0ec7fae94551015c4ff78117aab56897823bb265a7bc9?s=96&d=mm&r=g\",\"contentUrl\":\"https:\\\/\\\/secure.gravatar.com\\\/avatar\\\/d9cce0db1146844098d0ec7fae94551015c4ff78117aab56897823bb265a7bc9?s=96&d=mm&r=g\",\"caption\":\"olivierb\"},\"url\":\"https:\\\/\\\/regions-snetap-fsu.fr\\\/na\\\/author\\\/olivierb\\\/\"}]}<\/script>\n<!-- \/ Yoast SEO plugin. -->","yoast_head_json":{"title":"RENCONTRE CONSEIL R\u00c9GIONAL - FSU NOUVELLE AQUITAINE - NOUVELLE AQUITAINE","robots":{"index":"index","follow":"follow","max-snippet":"max-snippet:-1","max-image-preview":"max-image-preview:large","max-video-preview":"max-video-preview:-1"},"canonical":"https:\/\/regions-snetap-fsu.fr\/na\/2023\/09\/24\/rencontre-conseil-regional-fsu-nouvelle-aquitaine\/","og_locale":"fr_FR","og_type":"article","og_title":"RENCONTRE CONSEIL R\u00c9GIONAL - FSU NOUVELLE AQUITAINE - NOUVELLE AQUITAINE","og_description":"A la demande de notre f\u00e9d\u00e9ration, le Conseil R\u00e9gional de Nouvelle-Aquitaine repr\u00e9sent\u00e9 par son Vice-pr\u00e9sident charg\u00e9 de l\u2019\u00e9ducation, M. Nembrini, accompagn\u00e9 de ses services, a re\u00e7u, le lundi 18 septembre 2023,une d\u00e9l\u00e9gation de la FSU-NA afin d&rsquo;\u00e9changer sur les annonces gouvernementales en mati\u00e8re d\u2019\u00e9volution de la carte de formation et sur les projets d\u2019\u00e9volution de [&hellip;]","og_url":"https:\/\/regions-snetap-fsu.fr\/na\/2023\/09\/24\/rencontre-conseil-regional-fsu-nouvelle-aquitaine\/","og_site_name":"NOUVELLE AQUITAINE","article_published_time":"2023-09-24T21:13:39+00:00","article_modified_time":"2023-09-24T22:17:01+00:00","og_image":[{"width":800,"height":447,"url":"https:\/\/regions-snetap-fsu.fr\/na\/wp-content\/uploads\/sites\/3\/2023\/09\/Sans-titre.jpg","type":"image\/jpeg"}],"author":"olivierb","twitter_card":"summary_large_image","twitter_misc":{"\u00c9crit par":"olivierb","Dur\u00e9e de lecture estim\u00e9e":"4 minutes"},"schema":{"@context":"https:\/\/schema.org","@graph":[{"@type":"Article","@id":"https:\/\/regions-snetap-fsu.fr\/na\/2023\/09\/24\/rencontre-conseil-regional-fsu-nouvelle-aquitaine\/#article","isPartOf":{"@id":"https:\/\/regions-snetap-fsu.fr\/na\/2023\/09\/24\/rencontre-conseil-regional-fsu-nouvelle-aquitaine\/"},"author":{"name":"olivierb","@id":"https:\/\/regions-snetap-fsu.fr\/na\/#\/schema\/person\/bdf1c4fe149dcf915601f9de85ba379f"},"headline":"RENCONTRE CONSEIL R\u00c9GIONAL &#8211; FSU NOUVELLE AQUITAINE","datePublished":"2023-09-24T21:13:39+00:00","dateModified":"2023-09-24T22:17:01+00:00","mainEntityOfPage":{"@id":"https:\/\/regions-snetap-fsu.fr\/na\/2023\/09\/24\/rencontre-conseil-regional-fsu-nouvelle-aquitaine\/"},"wordCount":902,"publisher":{"@id":"https:\/\/regions-snetap-fsu.fr\/na\/#organization"},"image":{"@id":"https:\/\/regions-snetap-fsu.fr\/na\/2023\/09\/24\/rencontre-conseil-regional-fsu-nouvelle-aquitaine\/#primaryimage"},"thumbnailUrl":"https:\/\/regions-snetap-fsu.fr\/na\/wp-content\/uploads\/sites\/3\/2023\/09\/Sans-titre.jpg","articleSection":["Message de service"],"inLanguage":"fr-FR"},{"@type":"WebPage","@id":"https:\/\/regions-snetap-fsu.fr\/na\/2023\/09\/24\/rencontre-conseil-regional-fsu-nouvelle-aquitaine\/","url":"https:\/\/regions-snetap-fsu.fr\/na\/2023\/09\/24\/rencontre-conseil-regional-fsu-nouvelle-aquitaine\/","name":"RENCONTRE CONSEIL R\u00c9GIONAL - FSU NOUVELLE AQUITAINE - NOUVELLE AQUITAINE","isPartOf":{"@id":"https:\/\/regions-snetap-fsu.fr\/na\/#website"},"primaryImageOfPage":{"@id":"https:\/\/regions-snetap-fsu.fr\/na\/2023\/09\/24\/rencontre-conseil-regional-fsu-nouvelle-aquitaine\/#primaryimage"},"image":{"@id":"https:\/\/regions-snetap-fsu.fr\/na\/2023\/09\/24\/rencontre-conseil-regional-fsu-nouvelle-aquitaine\/#primaryimage"},"thumbnailUrl":"https:\/\/regions-snetap-fsu.fr\/na\/wp-content\/uploads\/sites\/3\/2023\/09\/Sans-titre.jpg","datePublished":"2023-09-24T21:13:39+00:00","dateModified":"2023-09-24T22:17:01+00:00","breadcrumb":{"@id":"https:\/\/regions-snetap-fsu.fr\/na\/2023\/09\/24\/rencontre-conseil-regional-fsu-nouvelle-aquitaine\/#breadcrumb"},"inLanguage":"fr-FR","potentialAction":[{"@type":"ReadAction","target":["https:\/\/regions-snetap-fsu.fr\/na\/2023\/09\/24\/rencontre-conseil-regional-fsu-nouvelle-aquitaine\/"]}]},{"@type":"ImageObject","inLanguage":"fr-FR","@id":"https:\/\/regions-snetap-fsu.fr\/na\/2023\/09\/24\/rencontre-conseil-regional-fsu-nouvelle-aquitaine\/#primaryimage","url":"https:\/\/regions-snetap-fsu.fr\/na\/wp-content\/uploads\/sites\/3\/2023\/09\/Sans-titre.jpg","contentUrl":"https:\/\/regions-snetap-fsu.fr\/na\/wp-content\/uploads\/sites\/3\/2023\/09\/Sans-titre.jpg","width":800,"height":447},{"@type":"BreadcrumbList","@id":"https:\/\/regions-snetap-fsu.fr\/na\/2023\/09\/24\/rencontre-conseil-regional-fsu-nouvelle-aquitaine\/#breadcrumb","itemListElement":[{"@type":"ListItem","position":1,"name":"Accueil","item":"https:\/\/regions-snetap-fsu.fr\/na\/"},{"@type":"ListItem","position":2,"name":"RENCONTRE CONSEIL R\u00c9GIONAL &#8211; FSU NOUVELLE AQUITAINE"}]},{"@type":"WebSite","@id":"https:\/\/regions-snetap-fsu.fr\/na\/#website","url":"https:\/\/regions-snetap-fsu.fr\/na\/","name":"SNETAP-FSU NOUVELLE AQUITAINE","description":"Blog de la Section R\u00e9gionale","publisher":{"@id":"https:\/\/regions-snetap-fsu.fr\/na\/#organization"},"potentialAction":[{"@type":"SearchAction","target":{"@type":"EntryPoint","urlTemplate":"https:\/\/regions-snetap-fsu.fr\/na\/?s={search_term_string}"},"query-input":{"@type":"PropertyValueSpecification","valueRequired":true,"valueName":"search_term_string"}}],"inLanguage":"fr-FR"},{"@type":"Organization","@id":"https:\/\/regions-snetap-fsu.fr\/na\/#organization","name":"SNETAP-FSU - Nouvelle Aquitaine","url":"https:\/\/regions-snetap-fsu.fr\/na\/","logo":{"@type":"ImageObject","inLanguage":"fr-FR","@id":"https:\/\/regions-snetap-fsu.fr\/na\/#\/schema\/logo\/image\/","url":"https:\/\/regions-snetap-fsu.fr\/na\/wp-content\/uploads\/sites\/3\/2020\/12\/SNETAP-Logo.jpg","contentUrl":"https:\/\/regions-snetap-fsu.fr\/na\/wp-content\/uploads\/sites\/3\/2020\/12\/SNETAP-Logo.jpg","width":464,"height":334,"caption":"SNETAP-FSU - Nouvelle Aquitaine"},"image":{"@id":"https:\/\/regions-snetap-fsu.fr\/na\/#\/schema\/logo\/image\/"}},{"@type":"Person","@id":"https:\/\/regions-snetap-fsu.fr\/na\/#\/schema\/person\/bdf1c4fe149dcf915601f9de85ba379f","name":"olivierb","image":{"@type":"ImageObject","inLanguage":"fr-FR","@id":"https:\/\/secure.gravatar.com\/avatar\/d9cce0db1146844098d0ec7fae94551015c4ff78117aab56897823bb265a7bc9?s=96&d=mm&r=g","url":"https:\/\/secure.gravatar.com\/avatar\/d9cce0db1146844098d0ec7fae94551015c4ff78117aab56897823bb265a7bc9?s=96&d=mm&r=g","contentUrl":"https:\/\/secure.gravatar.com\/avatar\/d9cce0db1146844098d0ec7fae94551015c4ff78117aab56897823bb265a7bc9?s=96&d=mm&r=g","caption":"olivierb"},"url":"https:\/\/regions-snetap-fsu.fr\/na\/author\/olivierb\/"}]}},"_links":{"self":[{"href":"https:\/\/regions-snetap-fsu.fr\/na\/wp-json\/wp\/v2\/posts\/3432","targetHints":{"allow":["GET"]}}],"collection":[{"href":"https:\/\/regions-snetap-fsu.fr\/na\/wp-json\/wp\/v2\/posts"}],"about":[{"href":"https:\/\/regions-snetap-fsu.fr\/na\/wp-json\/wp\/v2\/types\/post"}],"author":[{"embeddable":true,"href":"https:\/\/regions-snetap-fsu.fr\/na\/wp-json\/wp\/v2\/users\/128"}],"replies":[{"embeddable":true,"href":"https:\/\/regions-snetap-fsu.fr\/na\/wp-json\/wp\/v2\/comments?post=3432"}],"version-history":[{"count":4,"href":"https:\/\/regions-snetap-fsu.fr\/na\/wp-json\/wp\/v2\/posts\/3432\/revisions"}],"predecessor-version":[{"id":3436,"href":"https:\/\/regions-snetap-fsu.fr\/na\/wp-json\/wp\/v2\/posts\/3432\/revisions\/3436"}],"wp:featuredmedia":[{"embeddable":true,"href":"https:\/\/regions-snetap-fsu.fr\/na\/wp-json\/wp\/v2\/media\/3434"}],"wp:attachment":[{"href":"https:\/\/regions-snetap-fsu.fr\/na\/wp-json\/wp\/v2\/media?parent=3432"}],"wp:term":[{"taxonomy":"category","embeddable":true,"href":"https:\/\/regions-snetap-fsu.fr\/na\/wp-json\/wp\/v2\/categories?post=3432"},{"taxonomy":"post_tag","embeddable":true,"href":"https:\/\/regions-snetap-fsu.fr\/na\/wp-json\/wp\/v2\/tags?post=3432"},{"taxonomy":"post_folder","embeddable":true,"href":"https:\/\/regions-snetap-fsu.fr\/na\/wp-json\/wp\/v2\/post_folder?post=3432"}],"curies":[{"name":"wp","href":"https:\/\/api.w.org\/{rel}","templated":true}]}}