{"id":3407,"date":"2023-09-06T14:28:07","date_gmt":"2023-09-06T12:28:07","guid":{"rendered":"https:\/\/regions-snetap-fsu.fr\/na\/?p=3407"},"modified":"2023-09-06T14:49:42","modified_gmt":"2023-09-06T12:49:42","slug":"e-macron-a-orthez-le-snetap-fsu-y-etait","status":"publish","type":"post","link":"https:\/\/regions-snetap-fsu.fr\/na\/2023\/09\/06\/e-macron-a-orthez-le-snetap-fsu-y-etait\/","title":{"rendered":"E. MACRON A ORTHEZ &#8211; LE SNETAP-FSU Y ETAIT"},"content":{"rendered":"<p><span style=\"font-family: Arial, sans-serif\"><span style=\"font-size: medium\"><span style=\"color: #000000\"><strong>La section r\u00e9gionale du SNETAP-FSU Nouvelle Aquitaine \u00e9tait pr\u00e9sente, aux c\u00f4t\u00e9s des d\u00e9l\u00e9gations FSU 64 et 40, \u00e0 Orthez le 5 septembre 2023 \u00e0 l\u2019occasion du d\u00e9placement d\u2019E. Macron au coll\u00e8ge Daniel-Argote.<\/strong><\/span><\/span><\/span><\/p>\n<p>Ce d\u00e9placement du Pr\u00e9sident de la R\u00e9publique, accompagn\u00e9 des Ministres Gabriel Attal et Am\u00e9lie Oud\u00e9a-Cast\u00e9ra, \u00e9tait consacr\u00e9 aux questions du sport \u00e0 l\u2019\u00e9cole et la r\u00e9novation thermique des \u00e9tablissements scolaires.<\/p>\n<p><span style=\"color: #ff0000\"><strong>Le SNETAP-FSU, avec la FSU, la CGT, Solidaires et FO, manifestait pour d\u00e9noncer la d\u00e9gradation du syst\u00e8me \u00e9ducatif \u00e0 tous les niveaux, y compris dans l\u2019enseignement agricole et exiger d\u2019E. Macron une autre politique scolaire.<\/strong><\/span><\/p>\n<p>Perte d\u2019attractivit\u00e9 du m\u00e9tier d\u2019enseignant.e, absence de r\u00e9elle revalorisation salariale, manque de moyens, destructuration de la voie professionnelle par une nouvelle r\u00e9forme, pression de Parcoursup sur les \u00e9l\u00e8ves et les familles, m\u00e9pris des AESH malgr\u00e9 l\u2019absolue n\u00e9cessit\u00e9 de leurs missions d\u2019inclusion sociale, \u2026 voil\u00e0 quelques uns des points que les organisations syndicales auraient souhait\u00e9 aborder avec le Pr\u00e9sident de la R\u00e9publique.<\/p>\n<p>Une fois de plus, comme seule r\u00e9ponse, les manifestant.es n\u2019auront trouv\u00e9 en face d\u2019eux\/elles que les forces de l\u2019ordre bloquant tous les acc\u00e8s au coll\u00e8ge.\u00a0\u00bb<\/p>\n<p>Retrouverez ci-dessous les publications FSU :<\/p>\n<div class=\"oceanwp-oembed-wrap clr\">\n<blockquote class=\"twitter-tweet\" data-width=\"550\" data-dnt=\"true\">\n<p lang=\"fr\" dir=\"ltr\">Intervention de la <a href=\"https:\/\/twitter.com\/fsu64?ref_src=twsrc%5Etfw\">@fsu64<\/a> pour r\u00e9pondre \u00e0 la venue d <a href=\"https:\/\/twitter.com\/EmmanuelMacron?ref_src=twsrc%5Etfw\">@EmmanuelMacron<\/a> \u00e0 <a href=\"https:\/\/twitter.com\/hashtag\/orthez?src=hash&amp;ref_src=twsrc%5Etfw\">#orthez<\/a> <a href=\"https:\/\/t.co\/a3c80xpq52\">pic.twitter.com\/a3c80xpq52<\/a><\/p>\n<p>&mdash; fsu40 (@fsu40) <a href=\"https:\/\/twitter.com\/fsu40\/status\/1699008587731759599?ref_src=twsrc%5Etfw\">September 5, 2023<\/a><\/p><\/blockquote>\n<p><script async src=\"https:\/\/platform.twitter.com\/widgets.js\" charset=\"utf-8\"><\/script><\/div>\n<p>\u00ab\u00a0On entend parler abaya mais on ne parle pas des vrais sujets : les salaires. On a promis 10% d&rsquo;augmentation en janvier 2023. 70% des personnels ont moins que l&rsquo;inflation !\u00a0\u00bb<\/p>\n<div class=\"oceanwp-oembed-wrap clr\">\n<blockquote class=\"twitter-tweet\" data-width=\"550\" data-dnt=\"true\">\n<p lang=\"fr\" dir=\"ltr\">Tous les profs ne pourront pas parler au pr\u00e9sident &#8230; <a href=\"https:\/\/t.co\/8WCsTB7Z12\">https:\/\/t.co\/8WCsTB7Z12<\/a><\/p>\n<p>&mdash; Caf\u00e9 p\u00e9dagogique (@cafepedagogique) <a href=\"https:\/\/twitter.com\/cafepedagogique\/status\/1699014754281390170?ref_src=twsrc%5Etfw\">September 5, 2023<\/a><\/p><\/blockquote>\n<p><script async src=\"https:\/\/platform.twitter.com\/widgets.js\" charset=\"utf-8\"><\/script><\/div>\n<div class=\"oceanwp-oembed-wrap clr\">\n<blockquote class=\"twitter-tweet\" data-width=\"550\" data-dnt=\"true\">\n<p lang=\"fr\" dir=\"ltr\">Le pr\u00e9sident <a href=\"https:\/\/twitter.com\/EmmanuelMacron?ref_src=twsrc%5Etfw\">@EmmanuelMacron<\/a> est actuellement au coll\u00e8ge Argote d\u2019<a href=\"https:\/\/twitter.com\/hashtag\/Orthez?src=hash&amp;ref_src=twsrc%5Etfw\">#Orthez<\/a> dans les <a href=\"https:\/\/twitter.com\/hashtag\/Pyr%C3%A9n%C3%A9esAtlantiques?src=hash&amp;ref_src=twsrc%5Etfw\">#Pyr\u00e9n\u00e9esAtlantiques<\/a>, r\u00e9pondra-t\u2019il aux interrogations des coll\u00e8gues? <a href=\"https:\/\/twitter.com\/hashtag\/LaRentr%C3%A9eEnVrai?src=hash&amp;ref_src=twsrc%5Etfw\">#LaRentr\u00e9eEnVrai<\/a> dans le d\u00e9partement <br \/> <a href=\"https:\/\/twitter.com\/hashtag\/rentree2023?src=hash&amp;ref_src=twsrc%5Etfw\">#rentree2023<\/a> <a href=\"https:\/\/twitter.com\/hashtag\/rentreescolaire?src=hash&amp;ref_src=twsrc%5Etfw\">#rentreescolaire<\/a> <a href=\"https:\/\/t.co\/XyzuumJ6Wt\">https:\/\/t.co\/XyzuumJ6Wt<\/a> <a href=\"https:\/\/t.co\/G4K5FkeqTk\">pic.twitter.com\/G4K5FkeqTk<\/a><\/p>\n<p>&mdash; SNES-FSU Bordeaux (@SnesFSUBordeaux) <a href=\"https:\/\/twitter.com\/SnesFSUBordeaux\/status\/1699004145938636932?ref_src=twsrc%5Etfw\">September 5, 2023<\/a><\/p><\/blockquote>\n<p><script async src=\"https:\/\/platform.twitter.com\/widgets.js\" charset=\"utf-8\"><\/script><\/div>\n<p><a href=\"https:\/\/twitter.com\/fsu_64\/status\/1699056677629067378?s=20\" target=\"_blank\" rel=\"noopener noreferrer\">https:\/\/twitter.com\/fsu_64\/status\/1699056677629067378?s=20<\/a><\/p>\n<p>&nbsp;<\/p>\n<p><img fetchpriority=\"high\" decoding=\"async\" class=\"size-medium wp-image-3411 aligncenter\" src=\"https:\/\/regions-snetap-fsu.fr\/na\/wp-content\/uploads\/sites\/3\/2023\/09\/IMG_0387bis-300x206.jpg\" alt=\"Orthez - 2023 09 05 - Cort\u00e8ge intersyndical\" width=\"300\" height=\"206\" srcset=\"https:\/\/regions-snetap-fsu.fr\/na\/wp-content\/uploads\/sites\/3\/2023\/09\/IMG_0387bis-300x206.jpg 300w, https:\/\/regions-snetap-fsu.fr\/na\/wp-content\/uploads\/sites\/3\/2023\/09\/IMG_0387bis-1024x705.jpg 1024w, https:\/\/regions-snetap-fsu.fr\/na\/wp-content\/uploads\/sites\/3\/2023\/09\/IMG_0387bis-768x529.jpg 768w, https:\/\/regions-snetap-fsu.fr\/na\/wp-content\/uploads\/sites\/3\/2023\/09\/IMG_0387bis-1536x1057.jpg 1536w, https:\/\/regions-snetap-fsu.fr\/na\/wp-content\/uploads\/sites\/3\/2023\/09\/IMG_0387bis-2048x1409.jpg 2048w\" sizes=\"(max-width: 300px) 100vw, 300px\" \/>\u00a0 \u00a0<img decoding=\"async\" class=\"size-medium wp-image-3410 aligncenter\" src=\"https:\/\/regions-snetap-fsu.fr\/na\/wp-content\/uploads\/sites\/3\/2023\/09\/IMG_0382-225x300.jpg\" alt=\"Orthez - 2023 09 05 - Cort\u00e8ge - drapeau SNETAP\" width=\"225\" height=\"300\" srcset=\"https:\/\/regions-snetap-fsu.fr\/na\/wp-content\/uploads\/sites\/3\/2023\/09\/IMG_0382-225x300.jpg 225w, https:\/\/regions-snetap-fsu.fr\/na\/wp-content\/uploads\/sites\/3\/2023\/09\/IMG_0382-768x1024.jpg 768w, https:\/\/regions-snetap-fsu.fr\/na\/wp-content\/uploads\/sites\/3\/2023\/09\/IMG_0382-1152x1536.jpg 1152w, https:\/\/regions-snetap-fsu.fr\/na\/wp-content\/uploads\/sites\/3\/2023\/09\/IMG_0382-1536x2048.jpg 1536w, https:\/\/regions-snetap-fsu.fr\/na\/wp-content\/uploads\/sites\/3\/2023\/09\/IMG_0382-scaled.jpg 1920w\" sizes=\"(max-width: 225px) 100vw, 225px\" \/><\/p>\n<p>&nbsp;<\/p>\n","protected":false},"excerpt":{"rendered":"<p>La section r\u00e9gionale du SNETAP-FSU Nouvelle Aquitaine \u00e9tait pr\u00e9sente, aux c\u00f4t\u00e9s des d\u00e9l\u00e9gations FSU 64 et 40, \u00e0 Orthez le 5 septembre 2023 \u00e0 l\u2019occasion du d\u00e9placement d\u2019E. Macron au coll\u00e8ge Daniel-Argote. Ce d\u00e9placement du Pr\u00e9sident de la R\u00e9publique, accompagn\u00e9 des Ministres Gabriel Attal et Am\u00e9lie Oud\u00e9a-Cast\u00e9ra, \u00e9tait consacr\u00e9 aux questions du sport \u00e0 l\u2019\u00e9cole [&hellip;]<\/p>\n","protected":false},"author":128,"featured_media":3408,"comment_status":"closed","ping_status":"closed","sticky":false,"template":"","format":"standard","meta":{"ocean_post_layout":"","ocean_both_sidebars_style":"","ocean_both_sidebars_content_width":0,"ocean_both_sidebars_sidebars_width":0,"ocean_sidebar":"","ocean_second_sidebar":"","ocean_disable_margins":"enable","ocean_add_body_class":"","ocean_shortcode_before_top_bar":"","ocean_shortcode_after_top_bar":"","ocean_shortcode_before_header":"","ocean_shortcode_after_header":"","ocean_has_shortcode":"","ocean_shortcode_after_title":"","ocean_shortcode_before_footer_widgets":"","ocean_shortcode_after_footer_widgets":"","ocean_shortcode_before_footer_bottom":"","ocean_shortcode_after_footer_bottom":"","ocean_display_top_bar":"default","ocean_display_header":"default","ocean_header_style":"","ocean_center_header_left_menu":"","ocean_custom_header_template":"","ocean_custom_logo":0,"ocean_custom_retina_logo":0,"ocean_custom_logo_max_width":0,"ocean_custom_logo_tablet_max_width":0,"ocean_custom_logo_mobile_max_width":0,"ocean_custom_logo_max_height":0,"ocean_custom_logo_tablet_max_height":0,"ocean_custom_logo_mobile_max_height":0,"ocean_header_custom_menu":"","ocean_menu_typo_font_family":"","ocean_menu_typo_font_subset":"","ocean_menu_typo_font_size":0,"ocean_menu_typo_font_size_tablet":0,"ocean_menu_typo_font_size_mobile":0,"ocean_menu_typo_font_size_unit":"px","ocean_menu_typo_font_weight":"","ocean_menu_typo_font_weight_tablet":"","ocean_menu_typo_font_weight_mobile":"","ocean_menu_typo_transform":"","ocean_menu_typo_transform_tablet":"","ocean_menu_typo_transform_mobile":"","ocean_menu_typo_line_height":0,"ocean_menu_typo_line_height_tablet":0,"ocean_menu_typo_line_height_mobile":0,"ocean_menu_typo_line_height_unit":"","ocean_menu_typo_spacing":0,"ocean_menu_typo_spacing_tablet":0,"ocean_menu_typo_spacing_mobile":0,"ocean_menu_typo_spacing_unit":"","ocean_menu_link_color":"","ocean_menu_link_color_hover":"","ocean_menu_link_color_active":"","ocean_menu_link_background":"","ocean_menu_link_hover_background":"","ocean_menu_link_active_background":"","ocean_menu_social_links_bg":"","ocean_menu_social_hover_links_bg":"","ocean_menu_social_links_color":"","ocean_menu_social_hover_links_color":"","ocean_disable_title":"default","ocean_disable_heading":"default","ocean_post_title":"","ocean_post_subheading":"","ocean_post_title_style":"","ocean_post_title_background_color":"","ocean_post_title_background":0,"ocean_post_title_bg_image_position":"","ocean_post_title_bg_image_attachment":"","ocean_post_title_bg_image_repeat":"","ocean_post_title_bg_image_size":"","ocean_post_title_height":0,"ocean_post_title_bg_overlay":0.5,"ocean_post_title_bg_overlay_color":"","ocean_disable_breadcrumbs":"default","ocean_breadcrumbs_color":"","ocean_breadcrumbs_separator_color":"","ocean_breadcrumbs_links_color":"","ocean_breadcrumbs_links_hover_color":"","ocean_display_footer_widgets":"default","ocean_display_footer_bottom":"default","ocean_custom_footer_template":"","ocean_post_oembed":"","ocean_post_self_hosted_media":"","ocean_post_video_embed":"","ocean_link_format":"","ocean_link_format_target":"self","ocean_quote_format":"","ocean_quote_format_link":"post","ocean_gallery_link_images":"off","ocean_gallery_id":[3408,3410,3411],"footnotes":""},"categories":[1],"tags":[],"post_folder":[],"class_list":["post-3407","post","type-post","status-publish","format-standard","has-post-thumbnail","hentry","category-message-de-service","entry","has-media"],"yoast_head":"<!-- This site is optimized with the Yoast SEO plugin v27.4 - https:\/\/yoast.com\/product\/yoast-seo-wordpress\/ -->\n<title>E. MACRON A ORTHEZ - LE SNETAP-FSU Y ETAIT - NOUVELLE AQUITAINE<\/title>\n<meta name=\"robots\" content=\"index, follow, max-snippet:-1, max-image-preview:large, max-video-preview:-1\" \/>\n<link rel=\"canonical\" href=\"https:\/\/regions-snetap-fsu.fr\/na\/2023\/09\/06\/e-macron-a-orthez-le-snetap-fsu-y-etait\/\" \/>\n<meta property=\"og:locale\" content=\"fr_FR\" \/>\n<meta property=\"og:type\" content=\"article\" \/>\n<meta property=\"og:title\" content=\"E. MACRON A ORTHEZ - LE SNETAP-FSU Y ETAIT - NOUVELLE AQUITAINE\" \/>\n<meta property=\"og:description\" content=\"La section r\u00e9gionale du SNETAP-FSU Nouvelle Aquitaine \u00e9tait pr\u00e9sente, aux c\u00f4t\u00e9s des d\u00e9l\u00e9gations FSU 64 et 40, \u00e0 Orthez le 5 septembre 2023 \u00e0 l\u2019occasion du d\u00e9placement d\u2019E. Macron au coll\u00e8ge Daniel-Argote. Ce d\u00e9placement du Pr\u00e9sident de la R\u00e9publique, accompagn\u00e9 des Ministres Gabriel Attal et Am\u00e9lie Oud\u00e9a-Cast\u00e9ra, \u00e9tait consacr\u00e9 aux questions du sport \u00e0 l\u2019\u00e9cole [&hellip;]\" \/>\n<meta property=\"og:url\" content=\"https:\/\/regions-snetap-fsu.fr\/na\/2023\/09\/06\/e-macron-a-orthez-le-snetap-fsu-y-etait\/\" \/>\n<meta property=\"og:site_name\" content=\"NOUVELLE AQUITAINE\" \/>\n<meta property=\"article:published_time\" content=\"2023-09-06T12:28:07+00:00\" \/>\n<meta property=\"article:modified_time\" content=\"2023-09-06T12:49:42+00:00\" \/>\n<meta property=\"og:image\" content=\"https:\/\/regions-snetap-fsu.fr\/na\/wp-content\/uploads\/sites\/3\/2023\/09\/IMG_0373-scaled.jpg\" \/>\n\t<meta property=\"og:image:width\" content=\"2560\" \/>\n\t<meta property=\"og:image:height\" content=\"1920\" \/>\n\t<meta property=\"og:image:type\" content=\"image\/jpeg\" \/>\n<meta name=\"author\" content=\"olivierb\" \/>\n<meta name=\"twitter:card\" content=\"summary_large_image\" \/>\n<meta name=\"twitter:label1\" content=\"\u00c9crit par\" \/>\n\t<meta name=\"twitter:data1\" content=\"olivierb\" \/>\n\t<meta name=\"twitter:label2\" content=\"Dur\u00e9e de lecture estim\u00e9e\" \/>\n\t<meta name=\"twitter:data2\" content=\"1 minute\" \/>\n<script type=\"application\/ld+json\" class=\"yoast-schema-graph\">{\"@context\":\"https:\\\/\\\/schema.org\",\"@graph\":[{\"@type\":\"Article\",\"@id\":\"https:\\\/\\\/regions-snetap-fsu.fr\\\/na\\\/2023\\\/09\\\/06\\\/e-macron-a-orthez-le-snetap-fsu-y-etait\\\/#article\",\"isPartOf\":{\"@id\":\"https:\\\/\\\/regions-snetap-fsu.fr\\\/na\\\/2023\\\/09\\\/06\\\/e-macron-a-orthez-le-snetap-fsu-y-etait\\\/\"},\"author\":{\"name\":\"olivierb\",\"@id\":\"https:\\\/\\\/regions-snetap-fsu.fr\\\/na\\\/#\\\/schema\\\/person\\\/bdf1c4fe149dcf915601f9de85ba379f\"},\"headline\":\"E. MACRON A ORTHEZ &#8211; LE SNETAP-FSU Y ETAIT\",\"datePublished\":\"2023-09-06T12:28:07+00:00\",\"dateModified\":\"2023-09-06T12:49:42+00:00\",\"mainEntityOfPage\":{\"@id\":\"https:\\\/\\\/regions-snetap-fsu.fr\\\/na\\\/2023\\\/09\\\/06\\\/e-macron-a-orthez-le-snetap-fsu-y-etait\\\/\"},\"wordCount\":286,\"publisher\":{\"@id\":\"https:\\\/\\\/regions-snetap-fsu.fr\\\/na\\\/#organization\"},\"image\":{\"@id\":\"https:\\\/\\\/regions-snetap-fsu.fr\\\/na\\\/2023\\\/09\\\/06\\\/e-macron-a-orthez-le-snetap-fsu-y-etait\\\/#primaryimage\"},\"thumbnailUrl\":\"https:\\\/\\\/regions-snetap-fsu.fr\\\/na\\\/wp-content\\\/uploads\\\/sites\\\/3\\\/2023\\\/09\\\/IMG_0373-scaled.jpg\",\"articleSection\":[\"Message de service\"],\"inLanguage\":\"fr-FR\"},{\"@type\":\"WebPage\",\"@id\":\"https:\\\/\\\/regions-snetap-fsu.fr\\\/na\\\/2023\\\/09\\\/06\\\/e-macron-a-orthez-le-snetap-fsu-y-etait\\\/\",\"url\":\"https:\\\/\\\/regions-snetap-fsu.fr\\\/na\\\/2023\\\/09\\\/06\\\/e-macron-a-orthez-le-snetap-fsu-y-etait\\\/\",\"name\":\"E. MACRON A ORTHEZ - LE SNETAP-FSU Y ETAIT - NOUVELLE AQUITAINE\",\"isPartOf\":{\"@id\":\"https:\\\/\\\/regions-snetap-fsu.fr\\\/na\\\/#website\"},\"primaryImageOfPage\":{\"@id\":\"https:\\\/\\\/regions-snetap-fsu.fr\\\/na\\\/2023\\\/09\\\/06\\\/e-macron-a-orthez-le-snetap-fsu-y-etait\\\/#primaryimage\"},\"image\":{\"@id\":\"https:\\\/\\\/regions-snetap-fsu.fr\\\/na\\\/2023\\\/09\\\/06\\\/e-macron-a-orthez-le-snetap-fsu-y-etait\\\/#primaryimage\"},\"thumbnailUrl\":\"https:\\\/\\\/regions-snetap-fsu.fr\\\/na\\\/wp-content\\\/uploads\\\/sites\\\/3\\\/2023\\\/09\\\/IMG_0373-scaled.jpg\",\"datePublished\":\"2023-09-06T12:28:07+00:00\",\"dateModified\":\"2023-09-06T12:49:42+00:00\",\"breadcrumb\":{\"@id\":\"https:\\\/\\\/regions-snetap-fsu.fr\\\/na\\\/2023\\\/09\\\/06\\\/e-macron-a-orthez-le-snetap-fsu-y-etait\\\/#breadcrumb\"},\"inLanguage\":\"fr-FR\",\"potentialAction\":[{\"@type\":\"ReadAction\",\"target\":[\"https:\\\/\\\/regions-snetap-fsu.fr\\\/na\\\/2023\\\/09\\\/06\\\/e-macron-a-orthez-le-snetap-fsu-y-etait\\\/\"]}]},{\"@type\":\"ImageObject\",\"inLanguage\":\"fr-FR\",\"@id\":\"https:\\\/\\\/regions-snetap-fsu.fr\\\/na\\\/2023\\\/09\\\/06\\\/e-macron-a-orthez-le-snetap-fsu-y-etait\\\/#primaryimage\",\"url\":\"https:\\\/\\\/regions-snetap-fsu.fr\\\/na\\\/wp-content\\\/uploads\\\/sites\\\/3\\\/2023\\\/09\\\/IMG_0373-scaled.jpg\",\"contentUrl\":\"https:\\\/\\\/regions-snetap-fsu.fr\\\/na\\\/wp-content\\\/uploads\\\/sites\\\/3\\\/2023\\\/09\\\/IMG_0373-scaled.jpg\",\"width\":2560,\"height\":1920,\"caption\":\"Orthez - 2023 09 05 - Manifestation\"},{\"@type\":\"BreadcrumbList\",\"@id\":\"https:\\\/\\\/regions-snetap-fsu.fr\\\/na\\\/2023\\\/09\\\/06\\\/e-macron-a-orthez-le-snetap-fsu-y-etait\\\/#breadcrumb\",\"itemListElement\":[{\"@type\":\"ListItem\",\"position\":1,\"name\":\"Accueil\",\"item\":\"https:\\\/\\\/regions-snetap-fsu.fr\\\/na\\\/\"},{\"@type\":\"ListItem\",\"position\":2,\"name\":\"E. MACRON A ORTHEZ &#8211; LE SNETAP-FSU Y ETAIT\"}]},{\"@type\":\"WebSite\",\"@id\":\"https:\\\/\\\/regions-snetap-fsu.fr\\\/na\\\/#website\",\"url\":\"https:\\\/\\\/regions-snetap-fsu.fr\\\/na\\\/\",\"name\":\"SNETAP-FSU NOUVELLE AQUITAINE\",\"description\":\"Blog de la Section R\u00e9gionale\",\"publisher\":{\"@id\":\"https:\\\/\\\/regions-snetap-fsu.fr\\\/na\\\/#organization\"},\"potentialAction\":[{\"@type\":\"SearchAction\",\"target\":{\"@type\":\"EntryPoint\",\"urlTemplate\":\"https:\\\/\\\/regions-snetap-fsu.fr\\\/na\\\/?s={search_term_string}\"},\"query-input\":{\"@type\":\"PropertyValueSpecification\",\"valueRequired\":true,\"valueName\":\"search_term_string\"}}],\"inLanguage\":\"fr-FR\"},{\"@type\":\"Organization\",\"@id\":\"https:\\\/\\\/regions-snetap-fsu.fr\\\/na\\\/#organization\",\"name\":\"SNETAP-FSU - Nouvelle Aquitaine\",\"url\":\"https:\\\/\\\/regions-snetap-fsu.fr\\\/na\\\/\",\"logo\":{\"@type\":\"ImageObject\",\"inLanguage\":\"fr-FR\",\"@id\":\"https:\\\/\\\/regions-snetap-fsu.fr\\\/na\\\/#\\\/schema\\\/logo\\\/image\\\/\",\"url\":\"https:\\\/\\\/regions-snetap-fsu.fr\\\/na\\\/wp-content\\\/uploads\\\/sites\\\/3\\\/2020\\\/12\\\/SNETAP-Logo.jpg\",\"contentUrl\":\"https:\\\/\\\/regions-snetap-fsu.fr\\\/na\\\/wp-content\\\/uploads\\\/sites\\\/3\\\/2020\\\/12\\\/SNETAP-Logo.jpg\",\"width\":464,\"height\":334,\"caption\":\"SNETAP-FSU - Nouvelle Aquitaine\"},\"image\":{\"@id\":\"https:\\\/\\\/regions-snetap-fsu.fr\\\/na\\\/#\\\/schema\\\/logo\\\/image\\\/\"}},{\"@type\":\"Person\",\"@id\":\"https:\\\/\\\/regions-snetap-fsu.fr\\\/na\\\/#\\\/schema\\\/person\\\/bdf1c4fe149dcf915601f9de85ba379f\",\"name\":\"olivierb\",\"image\":{\"@type\":\"ImageObject\",\"inLanguage\":\"fr-FR\",\"@id\":\"https:\\\/\\\/secure.gravatar.com\\\/avatar\\\/d9cce0db1146844098d0ec7fae94551015c4ff78117aab56897823bb265a7bc9?s=96&d=mm&r=g\",\"url\":\"https:\\\/\\\/secure.gravatar.com\\\/avatar\\\/d9cce0db1146844098d0ec7fae94551015c4ff78117aab56897823bb265a7bc9?s=96&d=mm&r=g\",\"contentUrl\":\"https:\\\/\\\/secure.gravatar.com\\\/avatar\\\/d9cce0db1146844098d0ec7fae94551015c4ff78117aab56897823bb265a7bc9?s=96&d=mm&r=g\",\"caption\":\"olivierb\"},\"url\":\"https:\\\/\\\/regions-snetap-fsu.fr\\\/na\\\/author\\\/olivierb\\\/\"}]}<\/script>\n<!-- \/ Yoast SEO plugin. -->","yoast_head_json":{"title":"E. MACRON A ORTHEZ - LE SNETAP-FSU Y ETAIT - NOUVELLE AQUITAINE","robots":{"index":"index","follow":"follow","max-snippet":"max-snippet:-1","max-image-preview":"max-image-preview:large","max-video-preview":"max-video-preview:-1"},"canonical":"https:\/\/regions-snetap-fsu.fr\/na\/2023\/09\/06\/e-macron-a-orthez-le-snetap-fsu-y-etait\/","og_locale":"fr_FR","og_type":"article","og_title":"E. MACRON A ORTHEZ - LE SNETAP-FSU Y ETAIT - NOUVELLE AQUITAINE","og_description":"La section r\u00e9gionale du SNETAP-FSU Nouvelle Aquitaine \u00e9tait pr\u00e9sente, aux c\u00f4t\u00e9s des d\u00e9l\u00e9gations FSU 64 et 40, \u00e0 Orthez le 5 septembre 2023 \u00e0 l\u2019occasion du d\u00e9placement d\u2019E. Macron au coll\u00e8ge Daniel-Argote. Ce d\u00e9placement du Pr\u00e9sident de la R\u00e9publique, accompagn\u00e9 des Ministres Gabriel Attal et Am\u00e9lie Oud\u00e9a-Cast\u00e9ra, \u00e9tait consacr\u00e9 aux questions du sport \u00e0 l\u2019\u00e9cole [&hellip;]","og_url":"https:\/\/regions-snetap-fsu.fr\/na\/2023\/09\/06\/e-macron-a-orthez-le-snetap-fsu-y-etait\/","og_site_name":"NOUVELLE AQUITAINE","article_published_time":"2023-09-06T12:28:07+00:00","article_modified_time":"2023-09-06T12:49:42+00:00","og_image":[{"width":2560,"height":1920,"url":"https:\/\/regions-snetap-fsu.fr\/na\/wp-content\/uploads\/sites\/3\/2023\/09\/IMG_0373-scaled.jpg","type":"image\/jpeg"}],"author":"olivierb","twitter_card":"summary_large_image","twitter_misc":{"\u00c9crit par":"olivierb","Dur\u00e9e de lecture estim\u00e9e":"1 minute"},"schema":{"@context":"https:\/\/schema.org","@graph":[{"@type":"Article","@id":"https:\/\/regions-snetap-fsu.fr\/na\/2023\/09\/06\/e-macron-a-orthez-le-snetap-fsu-y-etait\/#article","isPartOf":{"@id":"https:\/\/regions-snetap-fsu.fr\/na\/2023\/09\/06\/e-macron-a-orthez-le-snetap-fsu-y-etait\/"},"author":{"name":"olivierb","@id":"https:\/\/regions-snetap-fsu.fr\/na\/#\/schema\/person\/bdf1c4fe149dcf915601f9de85ba379f"},"headline":"E. MACRON A ORTHEZ &#8211; LE SNETAP-FSU Y ETAIT","datePublished":"2023-09-06T12:28:07+00:00","dateModified":"2023-09-06T12:49:42+00:00","mainEntityOfPage":{"@id":"https:\/\/regions-snetap-fsu.fr\/na\/2023\/09\/06\/e-macron-a-orthez-le-snetap-fsu-y-etait\/"},"wordCount":286,"publisher":{"@id":"https:\/\/regions-snetap-fsu.fr\/na\/#organization"},"image":{"@id":"https:\/\/regions-snetap-fsu.fr\/na\/2023\/09\/06\/e-macron-a-orthez-le-snetap-fsu-y-etait\/#primaryimage"},"thumbnailUrl":"https:\/\/regions-snetap-fsu.fr\/na\/wp-content\/uploads\/sites\/3\/2023\/09\/IMG_0373-scaled.jpg","articleSection":["Message de service"],"inLanguage":"fr-FR"},{"@type":"WebPage","@id":"https:\/\/regions-snetap-fsu.fr\/na\/2023\/09\/06\/e-macron-a-orthez-le-snetap-fsu-y-etait\/","url":"https:\/\/regions-snetap-fsu.fr\/na\/2023\/09\/06\/e-macron-a-orthez-le-snetap-fsu-y-etait\/","name":"E. MACRON A ORTHEZ - LE SNETAP-FSU Y ETAIT - NOUVELLE AQUITAINE","isPartOf":{"@id":"https:\/\/regions-snetap-fsu.fr\/na\/#website"},"primaryImageOfPage":{"@id":"https:\/\/regions-snetap-fsu.fr\/na\/2023\/09\/06\/e-macron-a-orthez-le-snetap-fsu-y-etait\/#primaryimage"},"image":{"@id":"https:\/\/regions-snetap-fsu.fr\/na\/2023\/09\/06\/e-macron-a-orthez-le-snetap-fsu-y-etait\/#primaryimage"},"thumbnailUrl":"https:\/\/regions-snetap-fsu.fr\/na\/wp-content\/uploads\/sites\/3\/2023\/09\/IMG_0373-scaled.jpg","datePublished":"2023-09-06T12:28:07+00:00","dateModified":"2023-09-06T12:49:42+00:00","breadcrumb":{"@id":"https:\/\/regions-snetap-fsu.fr\/na\/2023\/09\/06\/e-macron-a-orthez-le-snetap-fsu-y-etait\/#breadcrumb"},"inLanguage":"fr-FR","potentialAction":[{"@type":"ReadAction","target":["https:\/\/regions-snetap-fsu.fr\/na\/2023\/09\/06\/e-macron-a-orthez-le-snetap-fsu-y-etait\/"]}]},{"@type":"ImageObject","inLanguage":"fr-FR","@id":"https:\/\/regions-snetap-fsu.fr\/na\/2023\/09\/06\/e-macron-a-orthez-le-snetap-fsu-y-etait\/#primaryimage","url":"https:\/\/regions-snetap-fsu.fr\/na\/wp-content\/uploads\/sites\/3\/2023\/09\/IMG_0373-scaled.jpg","contentUrl":"https:\/\/regions-snetap-fsu.fr\/na\/wp-content\/uploads\/sites\/3\/2023\/09\/IMG_0373-scaled.jpg","width":2560,"height":1920,"caption":"Orthez - 2023 09 05 - Manifestation"},{"@type":"BreadcrumbList","@id":"https:\/\/regions-snetap-fsu.fr\/na\/2023\/09\/06\/e-macron-a-orthez-le-snetap-fsu-y-etait\/#breadcrumb","itemListElement":[{"@type":"ListItem","position":1,"name":"Accueil","item":"https:\/\/regions-snetap-fsu.fr\/na\/"},{"@type":"ListItem","position":2,"name":"E. MACRON A ORTHEZ &#8211; LE SNETAP-FSU Y ETAIT"}]},{"@type":"WebSite","@id":"https:\/\/regions-snetap-fsu.fr\/na\/#website","url":"https:\/\/regions-snetap-fsu.fr\/na\/","name":"SNETAP-FSU NOUVELLE AQUITAINE","description":"Blog de la Section R\u00e9gionale","publisher":{"@id":"https:\/\/regions-snetap-fsu.fr\/na\/#organization"},"potentialAction":[{"@type":"SearchAction","target":{"@type":"EntryPoint","urlTemplate":"https:\/\/regions-snetap-fsu.fr\/na\/?s={search_term_string}"},"query-input":{"@type":"PropertyValueSpecification","valueRequired":true,"valueName":"search_term_string"}}],"inLanguage":"fr-FR"},{"@type":"Organization","@id":"https:\/\/regions-snetap-fsu.fr\/na\/#organization","name":"SNETAP-FSU - Nouvelle Aquitaine","url":"https:\/\/regions-snetap-fsu.fr\/na\/","logo":{"@type":"ImageObject","inLanguage":"fr-FR","@id":"https:\/\/regions-snetap-fsu.fr\/na\/#\/schema\/logo\/image\/","url":"https:\/\/regions-snetap-fsu.fr\/na\/wp-content\/uploads\/sites\/3\/2020\/12\/SNETAP-Logo.jpg","contentUrl":"https:\/\/regions-snetap-fsu.fr\/na\/wp-content\/uploads\/sites\/3\/2020\/12\/SNETAP-Logo.jpg","width":464,"height":334,"caption":"SNETAP-FSU - Nouvelle Aquitaine"},"image":{"@id":"https:\/\/regions-snetap-fsu.fr\/na\/#\/schema\/logo\/image\/"}},{"@type":"Person","@id":"https:\/\/regions-snetap-fsu.fr\/na\/#\/schema\/person\/bdf1c4fe149dcf915601f9de85ba379f","name":"olivierb","image":{"@type":"ImageObject","inLanguage":"fr-FR","@id":"https:\/\/secure.gravatar.com\/avatar\/d9cce0db1146844098d0ec7fae94551015c4ff78117aab56897823bb265a7bc9?s=96&d=mm&r=g","url":"https:\/\/secure.gravatar.com\/avatar\/d9cce0db1146844098d0ec7fae94551015c4ff78117aab56897823bb265a7bc9?s=96&d=mm&r=g","contentUrl":"https:\/\/secure.gravatar.com\/avatar\/d9cce0db1146844098d0ec7fae94551015c4ff78117aab56897823bb265a7bc9?s=96&d=mm&r=g","caption":"olivierb"},"url":"https:\/\/regions-snetap-fsu.fr\/na\/author\/olivierb\/"}]}},"_links":{"self":[{"href":"https:\/\/regions-snetap-fsu.fr\/na\/wp-json\/wp\/v2\/posts\/3407","targetHints":{"allow":["GET"]}}],"collection":[{"href":"https:\/\/regions-snetap-fsu.fr\/na\/wp-json\/wp\/v2\/posts"}],"about":[{"href":"https:\/\/regions-snetap-fsu.fr\/na\/wp-json\/wp\/v2\/types\/post"}],"author":[{"embeddable":true,"href":"https:\/\/regions-snetap-fsu.fr\/na\/wp-json\/wp\/v2\/users\/128"}],"replies":[{"embeddable":true,"href":"https:\/\/regions-snetap-fsu.fr\/na\/wp-json\/wp\/v2\/comments?post=3407"}],"version-history":[{"count":10,"href":"https:\/\/regions-snetap-fsu.fr\/na\/wp-json\/wp\/v2\/posts\/3407\/revisions"}],"predecessor-version":[{"id":3422,"href":"https:\/\/regions-snetap-fsu.fr\/na\/wp-json\/wp\/v2\/posts\/3407\/revisions\/3422"}],"wp:featuredmedia":[{"embeddable":true,"href":"https:\/\/regions-snetap-fsu.fr\/na\/wp-json\/wp\/v2\/media\/3408"}],"wp:attachment":[{"href":"https:\/\/regions-snetap-fsu.fr\/na\/wp-json\/wp\/v2\/media?parent=3407"}],"wp:term":[{"taxonomy":"category","embeddable":true,"href":"https:\/\/regions-snetap-fsu.fr\/na\/wp-json\/wp\/v2\/categories?post=3407"},{"taxonomy":"post_tag","embeddable":true,"href":"https:\/\/regions-snetap-fsu.fr\/na\/wp-json\/wp\/v2\/tags?post=3407"},{"taxonomy":"post_folder","embeddable":true,"href":"https:\/\/regions-snetap-fsu.fr\/na\/wp-json\/wp\/v2\/post_folder?post=3407"}],"curies":[{"name":"wp","href":"https:\/\/api.w.org\/{rel}","templated":true}]}}