{"id":3386,"date":"2023-07-05T10:58:26","date_gmt":"2023-07-05T08:58:26","guid":{"rendered":"https:\/\/regions-snetap-fsu.fr\/na\/?p=3386"},"modified":"2023-07-05T12:08:48","modified_gmt":"2023-07-05T10:08:48","slug":"csa-4-juillet-2023-declaration-intersyndicale","status":"publish","type":"post","link":"https:\/\/regions-snetap-fsu.fr\/na\/2023\/07\/05\/csa-4-juillet-2023-declaration-intersyndicale\/","title":{"rendered":"CSA &#8211; 4 juillet 2023 &#8211; D\u00e9claration intersyndicale"},"content":{"rendered":"<p><strong>A l&rsquo;occasion de la r\u00e9union du CSA REA Nouvelle Aquitaine, qui s&rsquo;est tenue le 4 juillet \u00e0 Bordeaux, l&rsquo;ensemble des organisations syndicales Elan commun (SNETAP-FSU, SUD Rural, CGT Agri, SNUITAM-FSU), FO-Enseignement agricole, Sea-UNSA et Sgen-CFDT a tenu \u00e0 rappeler \u00e0 la DRAAF l&rsquo;importance du dialogue social et les conditions de ce dialogue.<\/strong><\/p>\n<p><img fetchpriority=\"high\" decoding=\"async\" class=\"wp-image-3396 aligncenter\" src=\"https:\/\/regions-snetap-fsu.fr\/na\/wp-content\/uploads\/sites\/3\/2023\/07\/Intersyndicale-CSA-NA-3-300x57.jpg\" alt=\"\" width=\"679\" height=\"129\" srcset=\"https:\/\/regions-snetap-fsu.fr\/na\/wp-content\/uploads\/sites\/3\/2023\/07\/Intersyndicale-CSA-NA-3-300x57.jpg 300w, https:\/\/regions-snetap-fsu.fr\/na\/wp-content\/uploads\/sites\/3\/2023\/07\/Intersyndicale-CSA-NA-3-768x147.jpg 768w, https:\/\/regions-snetap-fsu.fr\/na\/wp-content\/uploads\/sites\/3\/2023\/07\/Intersyndicale-CSA-NA-3.jpg 770w\" sizes=\"(max-width: 679px) 100vw, 679px\" \/><\/p>\n<p><em>Madame la Directrice-Adjointe,<\/em><\/p>\n<p><em>Avant de d\u00e9marrer nos travaux, l\u2019ensemble des organisations syndicales souhaite rappeler l\u2019importance du dialogue social \u00e0 tous les niveaux et \u00e0 commencer par celui de nos instances de l\u2019Enseignement agricole.<\/em><\/p>\n<p><em>Pour que ce dialogue social puisse vivre dans les meilleures conditions et pour que les repr\u00e9sentant.es \u00e9lues ou d\u00e9sign\u00e9.es des personnels puissent assurer leur r\u00f4le nous, rappelons que les r\u00e8gles et le droit syndical doivent \u00eatre respect\u00e9s et que tous les moyens soient donn\u00e9s aux \u00e9lus.es du personnel pour assurer leur mandat.<\/em><\/p>\n<p><em><strong>Il y a d\u2019abord la n\u00e9cessit\u00e9 du respect des convocations administratives pour les instances de dialogue<\/strong>. Ces convocations sont clairement d\u00e9finies dans l\u2019Instruction du Gouvernement (SG\/SRH\/SDDPRS\/2015-1060) du 09 d\u00e9cembre 2015, mais \u00e9galement rappel\u00e9es, pour ce qui concerne le Minist\u00e8re de l\u2019Agriculture, dans la note de service SG\/SRH\/SDDPRS\/2021-649 du 13 ao\u00fbt 2021.<\/em><br \/>\n<em>Chaque convocation de l\u2019administration pour la participation \u00e0 une instance (y compris aux diff\u00e9rents conseils d\u2019\u00e9tablissements), un groupe de travail et une n\u00e9gociation donnent automatiquement lieu \u00e0 une autorisation sp\u00e9ciale d\u2019absence de l\u2019article 15 (Article 15 du d\u00e9cret n\u00b082-447 du 28 mai 1982).<\/em><br \/>\n<em>Cela suppose que cette convocation \u00e0 une r\u00e9union vaut autorisation d&rsquo;absence et ordre de mission. Elle permet le remboursement des frais de d\u00e9placement et la notion de n\u00e9cessit\u00e9s du service ne peut pas \u00eatre invoqu\u00e9e. Cela suppose surtout que nos coll\u00e8gues convoqu\u00e9.es au titre de l\u2019article 15 n\u2019ont pas \u00e0 rattraper leur temps de travail n\u00e9cessaire aux d\u00e9placements, \u00e0 la pr\u00e9paration et \u00e0 la participation \u00e0 cette instance. Or ,nous avons de nombreux retours de nos coll\u00e8gues qui nous signalent la demande de leur sup\u00e9rieur <\/em><em>hi\u00e9rarchique de rattraper leurs heures. Il faut que cela cesse.<\/em><\/p>\n<p><em>Nous vous demandons Madame la Directrice-Adjointe de rappeler \u00e0 l\u2019ensemble des Directeurs de la r\u00e9gion l\u2019obligation du respect du droit syndical.<\/em><\/p>\n<p><em><strong>Il y a ensuite la question des frais de d\u00e9placement<\/strong>. Il semble que sur ce point certains d\u2019entre nous aient rencontr\u00e9 quelques difficult\u00e9s sur les taux de remboursement de nos frais de d\u00e9placements pour des r\u00e9unions d\u2019instance.<\/em><br \/>\n<em>Jusqu\u2019\u00e0 pr\u00e9sent le remboursement de ces frais se faisait sur la base de l&rsquo;arr\u00eat\u00e9 du 3 juillet 2006, ce qui a \u00e9t\u00e9 le cas jusqu&rsquo;au dernier CTREA. Sans information pr\u00e9alable, certains repr\u00e9sentant.es se sont vus notifier un remboursement sur la base d\u2019un tarif SNCF 2\u00e8me classe.<\/em><br \/>\n<em>Nous rappelons que le remboursement de ces frais doit se faire pour le mode de transport le plus adapt\u00e9 \u00e0 la nature du d\u00e9placement et en fonction de l&rsquo;int\u00e9r\u00eat du service.<\/em><br \/>\n<em>Or pour beaucoup d\u2019entre nous, le moyen le plus adapt\u00e9 est malheureusement souvent la voiture, compte tenu de l\u2019\u00e9loignement des moyens de transport en commun ou de leur fr\u00e9quence lorsqu\u2019ils existent.<\/em><br \/>\n<em>Pour prendre un seul exemple : venir d\u2019Ahun jusqu\u2019\u00e0 Bordeaux en train il faut compter entre 5 et 7 heures de trajet avec 45 minutes de voiture et 2 changements alors qu\u2019en voiture le trajet se fait en 3h1\/2.<\/em><br \/>\n<em>Vous comprenez que dans cette situation faire r\u00e9f\u00e9rence \u00e0 un billet SNCF n\u2019a pas de sens.<\/em><br \/>\n<em>Nous tenons \u00e0 rappeler que les \u00e9lu.es du personnels ne gagnent pas d\u2019argent sur ces d\u00e9placements \u2026 C\u2019est bien souvent le contraire compte tenu des taux de remboursement appliqu\u00e9s par l\u2019administration.<\/em><br \/>\n<em>Une difficult\u00e9 de remboursement de nos engagements financiers pour nos missions d\u2019\u00e9lu.es est un \u00e9l\u00e9ment qui n\u2019encourage pas \u00e0 s\u2019engager comme repr\u00e9sentant.es de personnels. Or un dialogue social de qualit\u00e9 se base notamment sur cet engagement.<\/em><\/p>\n<p><em>Nous attirons donc particuli\u00e8rement votre attention sur l\u2019importance d\u2019un engagement conjoint de l\u2019Administration afin de faciliter la participation des membres de cette instance par un remboursement adapt\u00e9 des frais de d\u00e9placement, mais aussi, comme convenu lors de nos pr\u00e9c\u00e9dents \u00e9changes sur le RI, par :<\/em><br \/>\n<em>&#8211; Des lieux tournants pour les r\u00e9unions de nos instances,<\/em><br \/>\n<em>&#8211; Le respect des d\u00e9lais d\u2019envois des documents pr\u00e9paratoires et des convocations,<\/em><br \/>\n<em>&#8211; Des convocations des r\u00e9unions en d\u00e9but d\u2019apr\u00e8s-midi, laissant des temps indispensables de pr\u00e9paration suffisants.<\/em><\/p>\n<p>Bordeaux, le 4 juillet 2023<\/p>\n<p>&nbsp;<\/p>\n","protected":false},"excerpt":{"rendered":"<p>A l&rsquo;occasion de la r\u00e9union du CSA REA Nouvelle Aquitaine, qui s&rsquo;est tenue le 4 juillet \u00e0 Bordeaux, l&rsquo;ensemble des organisations syndicales Elan commun (SNETAP-FSU, SUD Rural, CGT Agri, SNUITAM-FSU), FO-Enseignement agricole, Sea-UNSA et Sgen-CFDT a tenu \u00e0 rappeler \u00e0 la DRAAF l&rsquo;importance du dialogue social et les conditions de ce dialogue. Madame la Directrice-Adjointe, [&hellip;]<\/p>\n","protected":false},"author":128,"featured_media":3387,"comment_status":"closed","ping_status":"closed","sticky":false,"template":"","format":"standard","meta":{"ocean_post_layout":"","ocean_both_sidebars_style":"","ocean_both_sidebars_content_width":0,"ocean_both_sidebars_sidebars_width":0,"ocean_sidebar":"","ocean_second_sidebar":"","ocean_disable_margins":"enable","ocean_add_body_class":"","ocean_shortcode_before_top_bar":"","ocean_shortcode_after_top_bar":"","ocean_shortcode_before_header":"","ocean_shortcode_after_header":"","ocean_has_shortcode":"","ocean_shortcode_after_title":"","ocean_shortcode_before_footer_widgets":"","ocean_shortcode_after_footer_widgets":"","ocean_shortcode_before_footer_bottom":"","ocean_shortcode_after_footer_bottom":"","ocean_display_top_bar":"default","ocean_display_header":"default","ocean_header_style":"","ocean_center_header_left_menu":"","ocean_custom_header_template":"","ocean_custom_logo":0,"ocean_custom_retina_logo":0,"ocean_custom_logo_max_width":0,"ocean_custom_logo_tablet_max_width":0,"ocean_custom_logo_mobile_max_width":0,"ocean_custom_logo_max_height":0,"ocean_custom_logo_tablet_max_height":0,"ocean_custom_logo_mobile_max_height":0,"ocean_header_custom_menu":"","ocean_menu_typo_font_family":"","ocean_menu_typo_font_subset":"","ocean_menu_typo_font_size":0,"ocean_menu_typo_font_size_tablet":0,"ocean_menu_typo_font_size_mobile":0,"ocean_menu_typo_font_size_unit":"px","ocean_menu_typo_font_weight":"","ocean_menu_typo_font_weight_tablet":"","ocean_menu_typo_font_weight_mobile":"","ocean_menu_typo_transform":"","ocean_menu_typo_transform_tablet":"","ocean_menu_typo_transform_mobile":"","ocean_menu_typo_line_height":0,"ocean_menu_typo_line_height_tablet":0,"ocean_menu_typo_line_height_mobile":0,"ocean_menu_typo_line_height_unit":"","ocean_menu_typo_spacing":0,"ocean_menu_typo_spacing_tablet":0,"ocean_menu_typo_spacing_mobile":0,"ocean_menu_typo_spacing_unit":"","ocean_menu_link_color":"","ocean_menu_link_color_hover":"","ocean_menu_link_color_active":"","ocean_menu_link_background":"","ocean_menu_link_hover_background":"","ocean_menu_link_active_background":"","ocean_menu_social_links_bg":"","ocean_menu_social_hover_links_bg":"","ocean_menu_social_links_color":"","ocean_menu_social_hover_links_color":"","ocean_disable_title":"default","ocean_disable_heading":"default","ocean_post_title":"","ocean_post_subheading":"","ocean_post_title_style":"","ocean_post_title_background_color":"","ocean_post_title_background":0,"ocean_post_title_bg_image_position":"","ocean_post_title_bg_image_attachment":"","ocean_post_title_bg_image_repeat":"","ocean_post_title_bg_image_size":"","ocean_post_title_height":0,"ocean_post_title_bg_overlay":0.5,"ocean_post_title_bg_overlay_color":"","ocean_disable_breadcrumbs":"default","ocean_breadcrumbs_color":"","ocean_breadcrumbs_separator_color":"","ocean_breadcrumbs_links_color":"","ocean_breadcrumbs_links_hover_color":"","ocean_display_footer_widgets":"default","ocean_display_footer_bottom":"default","ocean_custom_footer_template":"","ocean_post_oembed":"","ocean_post_self_hosted_media":"","ocean_post_video_embed":"","ocean_link_format":"","ocean_link_format_target":"self","ocean_quote_format":"","ocean_quote_format_link":"post","ocean_gallery_link_images":"off","ocean_gallery_id":[],"footnotes":""},"categories":[1],"tags":[],"post_folder":[],"class_list":["post-3386","post","type-post","status-publish","format-standard","has-post-thumbnail","hentry","category-message-de-service","entry","has-media"],"yoast_head":"<!-- This site is optimized with the Yoast SEO plugin v27.4 - https:\/\/yoast.com\/product\/yoast-seo-wordpress\/ -->\n<title>CSA - 4 juillet 2023 - D\u00e9claration intersyndicale - NOUVELLE AQUITAINE<\/title>\n<meta name=\"robots\" content=\"index, follow, max-snippet:-1, max-image-preview:large, max-video-preview:-1\" \/>\n<link rel=\"canonical\" href=\"https:\/\/regions-snetap-fsu.fr\/na\/2023\/07\/05\/csa-4-juillet-2023-declaration-intersyndicale\/\" \/>\n<meta property=\"og:locale\" content=\"fr_FR\" \/>\n<meta property=\"og:type\" content=\"article\" \/>\n<meta property=\"og:title\" content=\"CSA - 4 juillet 2023 - D\u00e9claration intersyndicale - NOUVELLE AQUITAINE\" \/>\n<meta property=\"og:description\" content=\"A l&rsquo;occasion de la r\u00e9union du CSA REA Nouvelle Aquitaine, qui s&rsquo;est tenue le 4 juillet \u00e0 Bordeaux, l&rsquo;ensemble des organisations syndicales Elan commun (SNETAP-FSU, SUD Rural, CGT Agri, SNUITAM-FSU), FO-Enseignement agricole, Sea-UNSA et Sgen-CFDT a tenu \u00e0 rappeler \u00e0 la DRAAF l&rsquo;importance du dialogue social et les conditions de ce dialogue. Madame la Directrice-Adjointe, [&hellip;]\" \/>\n<meta property=\"og:url\" content=\"https:\/\/regions-snetap-fsu.fr\/na\/2023\/07\/05\/csa-4-juillet-2023-declaration-intersyndicale\/\" \/>\n<meta property=\"og:site_name\" content=\"NOUVELLE AQUITAINE\" \/>\n<meta property=\"article:published_time\" content=\"2023-07-05T08:58:26+00:00\" \/>\n<meta property=\"article:modified_time\" content=\"2023-07-05T10:08:48+00:00\" \/>\n<meta property=\"og:image\" content=\"https:\/\/regions-snetap-fsu.fr\/na\/wp-content\/uploads\/sites\/3\/2023\/07\/Image-declation-intersyndicale.jpg\" \/>\n\t<meta property=\"og:image:width\" content=\"734\" \/>\n\t<meta property=\"og:image:height\" content=\"188\" \/>\n\t<meta property=\"og:image:type\" content=\"image\/jpeg\" \/>\n<meta name=\"author\" content=\"olivierb\" \/>\n<meta name=\"twitter:card\" content=\"summary_large_image\" \/>\n<meta name=\"twitter:label1\" content=\"\u00c9crit par\" \/>\n\t<meta name=\"twitter:data1\" content=\"olivierb\" \/>\n\t<meta name=\"twitter:label2\" content=\"Dur\u00e9e de lecture estim\u00e9e\" \/>\n\t<meta name=\"twitter:data2\" content=\"4 minutes\" \/>\n<script type=\"application\/ld+json\" class=\"yoast-schema-graph\">{\"@context\":\"https:\\\/\\\/schema.org\",\"@graph\":[{\"@type\":\"Article\",\"@id\":\"https:\\\/\\\/regions-snetap-fsu.fr\\\/na\\\/2023\\\/07\\\/05\\\/csa-4-juillet-2023-declaration-intersyndicale\\\/#article\",\"isPartOf\":{\"@id\":\"https:\\\/\\\/regions-snetap-fsu.fr\\\/na\\\/2023\\\/07\\\/05\\\/csa-4-juillet-2023-declaration-intersyndicale\\\/\"},\"author\":{\"name\":\"olivierb\",\"@id\":\"https:\\\/\\\/regions-snetap-fsu.fr\\\/na\\\/#\\\/schema\\\/person\\\/bdf1c4fe149dcf915601f9de85ba379f\"},\"headline\":\"CSA &#8211; 4 juillet 2023 &#8211; D\u00e9claration intersyndicale\",\"datePublished\":\"2023-07-05T08:58:26+00:00\",\"dateModified\":\"2023-07-05T10:08:48+00:00\",\"mainEntityOfPage\":{\"@id\":\"https:\\\/\\\/regions-snetap-fsu.fr\\\/na\\\/2023\\\/07\\\/05\\\/csa-4-juillet-2023-declaration-intersyndicale\\\/\"},\"wordCount\":788,\"publisher\":{\"@id\":\"https:\\\/\\\/regions-snetap-fsu.fr\\\/na\\\/#organization\"},\"image\":{\"@id\":\"https:\\\/\\\/regions-snetap-fsu.fr\\\/na\\\/2023\\\/07\\\/05\\\/csa-4-juillet-2023-declaration-intersyndicale\\\/#primaryimage\"},\"thumbnailUrl\":\"https:\\\/\\\/regions-snetap-fsu.fr\\\/na\\\/wp-content\\\/uploads\\\/sites\\\/3\\\/2023\\\/07\\\/Image-declation-intersyndicale.jpg\",\"articleSection\":[\"Message de service\"],\"inLanguage\":\"fr-FR\"},{\"@type\":\"WebPage\",\"@id\":\"https:\\\/\\\/regions-snetap-fsu.fr\\\/na\\\/2023\\\/07\\\/05\\\/csa-4-juillet-2023-declaration-intersyndicale\\\/\",\"url\":\"https:\\\/\\\/regions-snetap-fsu.fr\\\/na\\\/2023\\\/07\\\/05\\\/csa-4-juillet-2023-declaration-intersyndicale\\\/\",\"name\":\"CSA - 4 juillet 2023 - D\u00e9claration intersyndicale - NOUVELLE AQUITAINE\",\"isPartOf\":{\"@id\":\"https:\\\/\\\/regions-snetap-fsu.fr\\\/na\\\/#website\"},\"primaryImageOfPage\":{\"@id\":\"https:\\\/\\\/regions-snetap-fsu.fr\\\/na\\\/2023\\\/07\\\/05\\\/csa-4-juillet-2023-declaration-intersyndicale\\\/#primaryimage\"},\"image\":{\"@id\":\"https:\\\/\\\/regions-snetap-fsu.fr\\\/na\\\/2023\\\/07\\\/05\\\/csa-4-juillet-2023-declaration-intersyndicale\\\/#primaryimage\"},\"thumbnailUrl\":\"https:\\\/\\\/regions-snetap-fsu.fr\\\/na\\\/wp-content\\\/uploads\\\/sites\\\/3\\\/2023\\\/07\\\/Image-declation-intersyndicale.jpg\",\"datePublished\":\"2023-07-05T08:58:26+00:00\",\"dateModified\":\"2023-07-05T10:08:48+00:00\",\"breadcrumb\":{\"@id\":\"https:\\\/\\\/regions-snetap-fsu.fr\\\/na\\\/2023\\\/07\\\/05\\\/csa-4-juillet-2023-declaration-intersyndicale\\\/#breadcrumb\"},\"inLanguage\":\"fr-FR\",\"potentialAction\":[{\"@type\":\"ReadAction\",\"target\":[\"https:\\\/\\\/regions-snetap-fsu.fr\\\/na\\\/2023\\\/07\\\/05\\\/csa-4-juillet-2023-declaration-intersyndicale\\\/\"]}]},{\"@type\":\"ImageObject\",\"inLanguage\":\"fr-FR\",\"@id\":\"https:\\\/\\\/regions-snetap-fsu.fr\\\/na\\\/2023\\\/07\\\/05\\\/csa-4-juillet-2023-declaration-intersyndicale\\\/#primaryimage\",\"url\":\"https:\\\/\\\/regions-snetap-fsu.fr\\\/na\\\/wp-content\\\/uploads\\\/sites\\\/3\\\/2023\\\/07\\\/Image-declation-intersyndicale.jpg\",\"contentUrl\":\"https:\\\/\\\/regions-snetap-fsu.fr\\\/na\\\/wp-content\\\/uploads\\\/sites\\\/3\\\/2023\\\/07\\\/Image-declation-intersyndicale.jpg\",\"width\":734,\"height\":188},{\"@type\":\"BreadcrumbList\",\"@id\":\"https:\\\/\\\/regions-snetap-fsu.fr\\\/na\\\/2023\\\/07\\\/05\\\/csa-4-juillet-2023-declaration-intersyndicale\\\/#breadcrumb\",\"itemListElement\":[{\"@type\":\"ListItem\",\"position\":1,\"name\":\"Accueil\",\"item\":\"https:\\\/\\\/regions-snetap-fsu.fr\\\/na\\\/\"},{\"@type\":\"ListItem\",\"position\":2,\"name\":\"CSA &#8211; 4 juillet 2023 &#8211; D\u00e9claration intersyndicale\"}]},{\"@type\":\"WebSite\",\"@id\":\"https:\\\/\\\/regions-snetap-fsu.fr\\\/na\\\/#website\",\"url\":\"https:\\\/\\\/regions-snetap-fsu.fr\\\/na\\\/\",\"name\":\"SNETAP-FSU NOUVELLE AQUITAINE\",\"description\":\"Blog de la Section R\u00e9gionale\",\"publisher\":{\"@id\":\"https:\\\/\\\/regions-snetap-fsu.fr\\\/na\\\/#organization\"},\"potentialAction\":[{\"@type\":\"SearchAction\",\"target\":{\"@type\":\"EntryPoint\",\"urlTemplate\":\"https:\\\/\\\/regions-snetap-fsu.fr\\\/na\\\/?s={search_term_string}\"},\"query-input\":{\"@type\":\"PropertyValueSpecification\",\"valueRequired\":true,\"valueName\":\"search_term_string\"}}],\"inLanguage\":\"fr-FR\"},{\"@type\":\"Organization\",\"@id\":\"https:\\\/\\\/regions-snetap-fsu.fr\\\/na\\\/#organization\",\"name\":\"SNETAP-FSU - Nouvelle Aquitaine\",\"url\":\"https:\\\/\\\/regions-snetap-fsu.fr\\\/na\\\/\",\"logo\":{\"@type\":\"ImageObject\",\"inLanguage\":\"fr-FR\",\"@id\":\"https:\\\/\\\/regions-snetap-fsu.fr\\\/na\\\/#\\\/schema\\\/logo\\\/image\\\/\",\"url\":\"https:\\\/\\\/regions-snetap-fsu.fr\\\/na\\\/wp-content\\\/uploads\\\/sites\\\/3\\\/2020\\\/12\\\/SNETAP-Logo.jpg\",\"contentUrl\":\"https:\\\/\\\/regions-snetap-fsu.fr\\\/na\\\/wp-content\\\/uploads\\\/sites\\\/3\\\/2020\\\/12\\\/SNETAP-Logo.jpg\",\"width\":464,\"height\":334,\"caption\":\"SNETAP-FSU - Nouvelle Aquitaine\"},\"image\":{\"@id\":\"https:\\\/\\\/regions-snetap-fsu.fr\\\/na\\\/#\\\/schema\\\/logo\\\/image\\\/\"}},{\"@type\":\"Person\",\"@id\":\"https:\\\/\\\/regions-snetap-fsu.fr\\\/na\\\/#\\\/schema\\\/person\\\/bdf1c4fe149dcf915601f9de85ba379f\",\"name\":\"olivierb\",\"image\":{\"@type\":\"ImageObject\",\"inLanguage\":\"fr-FR\",\"@id\":\"https:\\\/\\\/secure.gravatar.com\\\/avatar\\\/d9cce0db1146844098d0ec7fae94551015c4ff78117aab56897823bb265a7bc9?s=96&d=mm&r=g\",\"url\":\"https:\\\/\\\/secure.gravatar.com\\\/avatar\\\/d9cce0db1146844098d0ec7fae94551015c4ff78117aab56897823bb265a7bc9?s=96&d=mm&r=g\",\"contentUrl\":\"https:\\\/\\\/secure.gravatar.com\\\/avatar\\\/d9cce0db1146844098d0ec7fae94551015c4ff78117aab56897823bb265a7bc9?s=96&d=mm&r=g\",\"caption\":\"olivierb\"},\"url\":\"https:\\\/\\\/regions-snetap-fsu.fr\\\/na\\\/author\\\/olivierb\\\/\"}]}<\/script>\n<!-- \/ Yoast SEO plugin. -->","yoast_head_json":{"title":"CSA - 4 juillet 2023 - D\u00e9claration intersyndicale - NOUVELLE AQUITAINE","robots":{"index":"index","follow":"follow","max-snippet":"max-snippet:-1","max-image-preview":"max-image-preview:large","max-video-preview":"max-video-preview:-1"},"canonical":"https:\/\/regions-snetap-fsu.fr\/na\/2023\/07\/05\/csa-4-juillet-2023-declaration-intersyndicale\/","og_locale":"fr_FR","og_type":"article","og_title":"CSA - 4 juillet 2023 - D\u00e9claration intersyndicale - NOUVELLE AQUITAINE","og_description":"A l&rsquo;occasion de la r\u00e9union du CSA REA Nouvelle Aquitaine, qui s&rsquo;est tenue le 4 juillet \u00e0 Bordeaux, l&rsquo;ensemble des organisations syndicales Elan commun (SNETAP-FSU, SUD Rural, CGT Agri, SNUITAM-FSU), FO-Enseignement agricole, Sea-UNSA et Sgen-CFDT a tenu \u00e0 rappeler \u00e0 la DRAAF l&rsquo;importance du dialogue social et les conditions de ce dialogue. Madame la Directrice-Adjointe, [&hellip;]","og_url":"https:\/\/regions-snetap-fsu.fr\/na\/2023\/07\/05\/csa-4-juillet-2023-declaration-intersyndicale\/","og_site_name":"NOUVELLE AQUITAINE","article_published_time":"2023-07-05T08:58:26+00:00","article_modified_time":"2023-07-05T10:08:48+00:00","og_image":[{"width":734,"height":188,"url":"https:\/\/regions-snetap-fsu.fr\/na\/wp-content\/uploads\/sites\/3\/2023\/07\/Image-declation-intersyndicale.jpg","type":"image\/jpeg"}],"author":"olivierb","twitter_card":"summary_large_image","twitter_misc":{"\u00c9crit par":"olivierb","Dur\u00e9e de lecture estim\u00e9e":"4 minutes"},"schema":{"@context":"https:\/\/schema.org","@graph":[{"@type":"Article","@id":"https:\/\/regions-snetap-fsu.fr\/na\/2023\/07\/05\/csa-4-juillet-2023-declaration-intersyndicale\/#article","isPartOf":{"@id":"https:\/\/regions-snetap-fsu.fr\/na\/2023\/07\/05\/csa-4-juillet-2023-declaration-intersyndicale\/"},"author":{"name":"olivierb","@id":"https:\/\/regions-snetap-fsu.fr\/na\/#\/schema\/person\/bdf1c4fe149dcf915601f9de85ba379f"},"headline":"CSA &#8211; 4 juillet 2023 &#8211; D\u00e9claration intersyndicale","datePublished":"2023-07-05T08:58:26+00:00","dateModified":"2023-07-05T10:08:48+00:00","mainEntityOfPage":{"@id":"https:\/\/regions-snetap-fsu.fr\/na\/2023\/07\/05\/csa-4-juillet-2023-declaration-intersyndicale\/"},"wordCount":788,"publisher":{"@id":"https:\/\/regions-snetap-fsu.fr\/na\/#organization"},"image":{"@id":"https:\/\/regions-snetap-fsu.fr\/na\/2023\/07\/05\/csa-4-juillet-2023-declaration-intersyndicale\/#primaryimage"},"thumbnailUrl":"https:\/\/regions-snetap-fsu.fr\/na\/wp-content\/uploads\/sites\/3\/2023\/07\/Image-declation-intersyndicale.jpg","articleSection":["Message de service"],"inLanguage":"fr-FR"},{"@type":"WebPage","@id":"https:\/\/regions-snetap-fsu.fr\/na\/2023\/07\/05\/csa-4-juillet-2023-declaration-intersyndicale\/","url":"https:\/\/regions-snetap-fsu.fr\/na\/2023\/07\/05\/csa-4-juillet-2023-declaration-intersyndicale\/","name":"CSA - 4 juillet 2023 - D\u00e9claration intersyndicale - NOUVELLE AQUITAINE","isPartOf":{"@id":"https:\/\/regions-snetap-fsu.fr\/na\/#website"},"primaryImageOfPage":{"@id":"https:\/\/regions-snetap-fsu.fr\/na\/2023\/07\/05\/csa-4-juillet-2023-declaration-intersyndicale\/#primaryimage"},"image":{"@id":"https:\/\/regions-snetap-fsu.fr\/na\/2023\/07\/05\/csa-4-juillet-2023-declaration-intersyndicale\/#primaryimage"},"thumbnailUrl":"https:\/\/regions-snetap-fsu.fr\/na\/wp-content\/uploads\/sites\/3\/2023\/07\/Image-declation-intersyndicale.jpg","datePublished":"2023-07-05T08:58:26+00:00","dateModified":"2023-07-05T10:08:48+00:00","breadcrumb":{"@id":"https:\/\/regions-snetap-fsu.fr\/na\/2023\/07\/05\/csa-4-juillet-2023-declaration-intersyndicale\/#breadcrumb"},"inLanguage":"fr-FR","potentialAction":[{"@type":"ReadAction","target":["https:\/\/regions-snetap-fsu.fr\/na\/2023\/07\/05\/csa-4-juillet-2023-declaration-intersyndicale\/"]}]},{"@type":"ImageObject","inLanguage":"fr-FR","@id":"https:\/\/regions-snetap-fsu.fr\/na\/2023\/07\/05\/csa-4-juillet-2023-declaration-intersyndicale\/#primaryimage","url":"https:\/\/regions-snetap-fsu.fr\/na\/wp-content\/uploads\/sites\/3\/2023\/07\/Image-declation-intersyndicale.jpg","contentUrl":"https:\/\/regions-snetap-fsu.fr\/na\/wp-content\/uploads\/sites\/3\/2023\/07\/Image-declation-intersyndicale.jpg","width":734,"height":188},{"@type":"BreadcrumbList","@id":"https:\/\/regions-snetap-fsu.fr\/na\/2023\/07\/05\/csa-4-juillet-2023-declaration-intersyndicale\/#breadcrumb","itemListElement":[{"@type":"ListItem","position":1,"name":"Accueil","item":"https:\/\/regions-snetap-fsu.fr\/na\/"},{"@type":"ListItem","position":2,"name":"CSA &#8211; 4 juillet 2023 &#8211; D\u00e9claration intersyndicale"}]},{"@type":"WebSite","@id":"https:\/\/regions-snetap-fsu.fr\/na\/#website","url":"https:\/\/regions-snetap-fsu.fr\/na\/","name":"SNETAP-FSU NOUVELLE AQUITAINE","description":"Blog de la Section R\u00e9gionale","publisher":{"@id":"https:\/\/regions-snetap-fsu.fr\/na\/#organization"},"potentialAction":[{"@type":"SearchAction","target":{"@type":"EntryPoint","urlTemplate":"https:\/\/regions-snetap-fsu.fr\/na\/?s={search_term_string}"},"query-input":{"@type":"PropertyValueSpecification","valueRequired":true,"valueName":"search_term_string"}}],"inLanguage":"fr-FR"},{"@type":"Organization","@id":"https:\/\/regions-snetap-fsu.fr\/na\/#organization","name":"SNETAP-FSU - Nouvelle Aquitaine","url":"https:\/\/regions-snetap-fsu.fr\/na\/","logo":{"@type":"ImageObject","inLanguage":"fr-FR","@id":"https:\/\/regions-snetap-fsu.fr\/na\/#\/schema\/logo\/image\/","url":"https:\/\/regions-snetap-fsu.fr\/na\/wp-content\/uploads\/sites\/3\/2020\/12\/SNETAP-Logo.jpg","contentUrl":"https:\/\/regions-snetap-fsu.fr\/na\/wp-content\/uploads\/sites\/3\/2020\/12\/SNETAP-Logo.jpg","width":464,"height":334,"caption":"SNETAP-FSU - Nouvelle Aquitaine"},"image":{"@id":"https:\/\/regions-snetap-fsu.fr\/na\/#\/schema\/logo\/image\/"}},{"@type":"Person","@id":"https:\/\/regions-snetap-fsu.fr\/na\/#\/schema\/person\/bdf1c4fe149dcf915601f9de85ba379f","name":"olivierb","image":{"@type":"ImageObject","inLanguage":"fr-FR","@id":"https:\/\/secure.gravatar.com\/avatar\/d9cce0db1146844098d0ec7fae94551015c4ff78117aab56897823bb265a7bc9?s=96&d=mm&r=g","url":"https:\/\/secure.gravatar.com\/avatar\/d9cce0db1146844098d0ec7fae94551015c4ff78117aab56897823bb265a7bc9?s=96&d=mm&r=g","contentUrl":"https:\/\/secure.gravatar.com\/avatar\/d9cce0db1146844098d0ec7fae94551015c4ff78117aab56897823bb265a7bc9?s=96&d=mm&r=g","caption":"olivierb"},"url":"https:\/\/regions-snetap-fsu.fr\/na\/author\/olivierb\/"}]}},"_links":{"self":[{"href":"https:\/\/regions-snetap-fsu.fr\/na\/wp-json\/wp\/v2\/posts\/3386","targetHints":{"allow":["GET"]}}],"collection":[{"href":"https:\/\/regions-snetap-fsu.fr\/na\/wp-json\/wp\/v2\/posts"}],"about":[{"href":"https:\/\/regions-snetap-fsu.fr\/na\/wp-json\/wp\/v2\/types\/post"}],"author":[{"embeddable":true,"href":"https:\/\/regions-snetap-fsu.fr\/na\/wp-json\/wp\/v2\/users\/128"}],"replies":[{"embeddable":true,"href":"https:\/\/regions-snetap-fsu.fr\/na\/wp-json\/wp\/v2\/comments?post=3386"}],"version-history":[{"count":8,"href":"https:\/\/regions-snetap-fsu.fr\/na\/wp-json\/wp\/v2\/posts\/3386\/revisions"}],"predecessor-version":[{"id":3399,"href":"https:\/\/regions-snetap-fsu.fr\/na\/wp-json\/wp\/v2\/posts\/3386\/revisions\/3399"}],"wp:featuredmedia":[{"embeddable":true,"href":"https:\/\/regions-snetap-fsu.fr\/na\/wp-json\/wp\/v2\/media\/3387"}],"wp:attachment":[{"href":"https:\/\/regions-snetap-fsu.fr\/na\/wp-json\/wp\/v2\/media?parent=3386"}],"wp:term":[{"taxonomy":"category","embeddable":true,"href":"https:\/\/regions-snetap-fsu.fr\/na\/wp-json\/wp\/v2\/categories?post=3386"},{"taxonomy":"post_tag","embeddable":true,"href":"https:\/\/regions-snetap-fsu.fr\/na\/wp-json\/wp\/v2\/tags?post=3386"},{"taxonomy":"post_folder","embeddable":true,"href":"https:\/\/regions-snetap-fsu.fr\/na\/wp-json\/wp\/v2\/post_folder?post=3386"}],"curies":[{"name":"wp","href":"https:\/\/api.w.org\/{rel}","templated":true}]}}