{"id":3351,"date":"2023-06-20T18:49:22","date_gmt":"2023-06-20T16:49:22","guid":{"rendered":"https:\/\/regions-snetap-fsu.fr\/na\/?p=3351"},"modified":"2023-06-28T07:17:59","modified_gmt":"2023-06-28T05:17:59","slug":"lessentiel-du-csa-rea-nouvelle-aquitaine-du-8-juin-2023","status":"publish","type":"post","link":"https:\/\/regions-snetap-fsu.fr\/na\/2023\/06\/20\/lessentiel-du-csa-rea-nouvelle-aquitaine-du-8-juin-2023\/","title":{"rendered":"L&rsquo;essentiel du CSA REA Nouvelle Aquitaine du 8 juin 2023"},"content":{"rendered":"<p align=\"justify\"><span style=\"color: #008000\"><strong><span style=\"font-family: Arial, sans-serif\"><span style=\"font-size: medium\">La premi\u00e8re r\u00e9union du CSA (comit\u00e9 social d\u2019administration), nouvelle instance r\u00e9gionale, s\u2019est tenue le vendredi 9 juin au LEGTA de Libourne Montagne.<\/span><\/span><\/strong><\/span><\/p>\n<p align=\"justify\"><span style=\"color: #000000\"><span style=\"font-family: Arial, sans-serif\"><span style=\"font-size: medium\">La s\u00e9ance \u00e9tait pr\u00e9sid\u00e9e par B\u00e9n\u00e9dicte GENIN, DRAAF adjointe, accompagn\u00e9e de Laurent HEBRETEAU, chef du SRFD.<\/span><\/span><\/span><\/p>\n<p align=\"justify\"><span style=\"color: #000000\"><span style=\"font-family: Arial, sans-serif\"><span style=\"font-size: medium\">L\u2019Elan Commun \u00e9tait repr\u00e9sent\u00e9 par Patricia BLANDEL (Poitiers Kyoto), Gilles BOUCHAUD (CFA des Deux S\u00e8vres), Ang\u00e9lique BOURDALLE (Surg\u00e8res), Alain GODOT (CFA des Landes), Jonathan LAPORTE (Orthez), Yannick LE BLANC (Surg\u00e8res), RAFFOUR Diane (P\u00e9rigueux), Flavien THOMAS (Sabres).<\/span><\/span><\/span><\/p>\n<p align=\"justify\"><span style=\"color: #000000\"><span style=\"font-family: Arial, sans-serif\"><span style=\"font-size: medium\">A l&rsquo;ouverture du CSA il a pris la parole dans <a href=\"https:\/\/regions-snetap-fsu.fr\/na\/wp-content\/uploads\/sites\/3\/2023\/06\/2023-06-08_CSA-REA_Declaration-liminaire-Elan-commun.pdf\">une d\u00e9claration liminaire<\/a>\u00a0<\/span><\/span><\/span><\/p>\n<p align=\"justify\"><span style=\"color: #000000\"><span style=\"font-family: Arial, sans-serif\"><span style=\"font-size: medium\">Apr\u00e8s la mise en place de cette nouvelle instance et du travail sur son r\u00e8glement int\u00e9rieur, le CSA devait plancher sur la concertation r\u00e9gionale PLOA, les effectifs scolaire et apprentissage, Parcoursup, la pr\u00e9paration de la rentr\u00e9e 2023, le pacte enseignant, le dispositif de l&rsquo;apprentissage dans les EPLEFPA de Corr\u00e8ze et le calendrier carte scolaire 2024&#8230; Mais convoqu\u00e9 sur une demi-journ\u00e9e, nous avions soulign\u00e9 d\u00e8s notre d\u00e9claration liminaire que l\u2019ordre du jour de cette r\u00e9union \u00e9tait d\u00e9mesur\u00e9.<\/span><\/span><\/span><\/p>\n<p align=\"justify\"><span style=\"color: #000000\"><span style=\"font-family: Arial, sans-serif\"><span style=\"font-size: medium\">En effet le point sur le r\u00e8glement int\u00e9rieur comme nous pouvions le pr\u00e9voir a mobilis\u00e9 90 % du temps de ce CSA. Un exercice laborieux, o\u00f9 nous avons d\u00e9fendu chacun de nos amendements article par article, mais n\u00e9cessaire car le r\u00e8glement int\u00e9rieur engage le dialogue social au sein de cette instance pour plusieurs ann\u00e9es.<\/span><\/span><\/span><\/p>\n<p align=\"justify\"><span style=\"color: #000000\"><span style=\"font-family: Arial, sans-serif\"><span style=\"font-size: medium\">Et si l\u2019administration a essay\u00e9 de nous culpabiliser en nous reprochant le boycott de la 1<sup>\u00e8<\/sup><sup>re<\/sup> r\u00e9union de l\u2019instance nous avons rappel\u00e9 que ce jour l\u00e0 nous luttions contre r\u00e9forme des retraites inique. <\/span><\/span><\/span><\/p>\n<p align=\"justify\"><span style=\"color: #000000\"><span style=\"font-family: Arial, sans-serif\"><span style=\"font-size: medium\">Sur ce nouveau r\u00e8glement int\u00e9rieur, l\u2019Elan commun a donc \u00e9t\u00e9 force de propositions.<\/span><\/span><\/span><\/p>\n<p align=\"justify\"><span style=\"color: #000000\"><span style=\"font-family: Arial, sans-serif\"><span style=\"font-size: medium\">L\u2019ordre du jour n\u2019ayant pu \u00eatre trait\u00e9, une nouvelle r\u00e9union du CSA est convoqu\u00e9e le 4 juillet prochain \u00e0 Bordeaux. Elle sera \u00e9galement consacr\u00e9e \u00e0 l\u2019\u00e9lection des repr\u00e9sentant.es aux Conseils M\u00e9dicaux d\u00e9partementaux.<\/span><\/span><\/span><\/p>\n<p align=\"justify\"><span style=\"color: #000000\"><span style=\"font-family: Arial, sans-serif\"><span style=\"font-size: medium\">Enfin la premi\u00e8re r\u00e9union de la Formation sp\u00e9cialis\u00e9e (qui remplace l\u2019ancien CHSCTREA) est elle report\u00e9e en septembre prochain.<\/span><\/span><\/span><\/p>\n<p align=\"justify\"><span style=\"color: #000000\"><span style=\"font-family: Arial, sans-serif\"><span style=\"font-size: medium\">L\u2019Elan Commun avait pos\u00e9 des plusieurs questions diverses sur lesquelles nous attendons une r\u00e9ponse \u00e9crite de la DRAAF avant le 4 juillet. Dans le cas contraire nous les reposerons \u00e9videmment lors de <span style=\"font-family: arial, helvetica, sans-serif;font-size: 12pt\">l\u2019instance.<\/span><\/span><\/span><\/span><\/p>\n<p align=\"justify\"><span style=\"font-family: arial, helvetica, sans-serif;font-size: 12pt\">Vous pouvez retrouver <a href=\"https:\/\/regions-snetap-fsu.fr\/na\/wp-content\/uploads\/sites\/3\/2023\/06\/2023-06-08_CSA-REA_Compte-rendu.pdf\">le compte rendu d\u00e9taill\u00e9 de ce CSA ici<\/a><\/span><\/p>\n","protected":false},"excerpt":{"rendered":"<p>La premi\u00e8re r\u00e9union du CSA (comit\u00e9 social d\u2019administration), nouvelle instance r\u00e9gionale, s\u2019est tenue le vendredi 9 juin au LEGTA de Libourne Montagne. La s\u00e9ance \u00e9tait pr\u00e9sid\u00e9e par B\u00e9n\u00e9dicte GENIN, DRAAF adjointe, accompagn\u00e9e de Laurent HEBRETEAU, chef du SRFD. L\u2019Elan Commun \u00e9tait repr\u00e9sent\u00e9 par Patricia BLANDEL (Poitiers Kyoto), Gilles BOUCHAUD (CFA des Deux S\u00e8vres), Ang\u00e9lique BOURDALLE [&hellip;]<\/p>\n","protected":false},"author":128,"featured_media":3354,"comment_status":"closed","ping_status":"closed","sticky":false,"template":"","format":"standard","meta":{"ocean_post_layout":"","ocean_both_sidebars_style":"","ocean_both_sidebars_content_width":0,"ocean_both_sidebars_sidebars_width":0,"ocean_sidebar":"","ocean_second_sidebar":"","ocean_disable_margins":"enable","ocean_add_body_class":"","ocean_shortcode_before_top_bar":"","ocean_shortcode_after_top_bar":"","ocean_shortcode_before_header":"","ocean_shortcode_after_header":"","ocean_has_shortcode":"","ocean_shortcode_after_title":"","ocean_shortcode_before_footer_widgets":"","ocean_shortcode_after_footer_widgets":"","ocean_shortcode_before_footer_bottom":"","ocean_shortcode_after_footer_bottom":"","ocean_display_top_bar":"default","ocean_display_header":"default","ocean_header_style":"","ocean_center_header_left_menu":"","ocean_custom_header_template":"","ocean_custom_logo":0,"ocean_custom_retina_logo":0,"ocean_custom_logo_max_width":0,"ocean_custom_logo_tablet_max_width":0,"ocean_custom_logo_mobile_max_width":0,"ocean_custom_logo_max_height":0,"ocean_custom_logo_tablet_max_height":0,"ocean_custom_logo_mobile_max_height":0,"ocean_header_custom_menu":"","ocean_menu_typo_font_family":"","ocean_menu_typo_font_subset":"","ocean_menu_typo_font_size":0,"ocean_menu_typo_font_size_tablet":0,"ocean_menu_typo_font_size_mobile":0,"ocean_menu_typo_font_size_unit":"px","ocean_menu_typo_font_weight":"","ocean_menu_typo_font_weight_tablet":"","ocean_menu_typo_font_weight_mobile":"","ocean_menu_typo_transform":"","ocean_menu_typo_transform_tablet":"","ocean_menu_typo_transform_mobile":"","ocean_menu_typo_line_height":0,"ocean_menu_typo_line_height_tablet":0,"ocean_menu_typo_line_height_mobile":0,"ocean_menu_typo_line_height_unit":"","ocean_menu_typo_spacing":0,"ocean_menu_typo_spacing_tablet":0,"ocean_menu_typo_spacing_mobile":0,"ocean_menu_typo_spacing_unit":"","ocean_menu_link_color":"","ocean_menu_link_color_hover":"","ocean_menu_link_color_active":"","ocean_menu_link_background":"","ocean_menu_link_hover_background":"","ocean_menu_link_active_background":"","ocean_menu_social_links_bg":"","ocean_menu_social_hover_links_bg":"","ocean_menu_social_links_color":"","ocean_menu_social_hover_links_color":"","ocean_disable_title":"default","ocean_disable_heading":"default","ocean_post_title":"","ocean_post_subheading":"","ocean_post_title_style":"","ocean_post_title_background_color":"","ocean_post_title_background":0,"ocean_post_title_bg_image_position":"","ocean_post_title_bg_image_attachment":"","ocean_post_title_bg_image_repeat":"","ocean_post_title_bg_image_size":"","ocean_post_title_height":0,"ocean_post_title_bg_overlay":0.5,"ocean_post_title_bg_overlay_color":"","ocean_disable_breadcrumbs":"default","ocean_breadcrumbs_color":"","ocean_breadcrumbs_separator_color":"","ocean_breadcrumbs_links_color":"","ocean_breadcrumbs_links_hover_color":"","ocean_display_footer_widgets":"default","ocean_display_footer_bottom":"default","ocean_custom_footer_template":"","ocean_post_oembed":"","ocean_post_self_hosted_media":"","ocean_post_video_embed":"","ocean_link_format":"","ocean_link_format_target":"self","ocean_quote_format":"","ocean_quote_format_link":"post","ocean_gallery_link_images":"off","ocean_gallery_id":[3354],"footnotes":""},"categories":[4,13],"tags":[],"post_folder":[],"class_list":["post-3351","post","type-post","status-publish","format-standard","has-post-thumbnail","hentry","category-compte-rendu","category-instances","entry","has-media"],"yoast_head":"<!-- This site is optimized with the Yoast SEO plugin v27.4 - https:\/\/yoast.com\/product\/yoast-seo-wordpress\/ -->\n<title>L&#039;essentiel du CSA REA Nouvelle Aquitaine du 8 juin 2023 - NOUVELLE AQUITAINE<\/title>\n<meta name=\"robots\" content=\"index, follow, max-snippet:-1, max-image-preview:large, max-video-preview:-1\" \/>\n<link rel=\"canonical\" href=\"https:\/\/regions-snetap-fsu.fr\/na\/2023\/06\/20\/lessentiel-du-csa-rea-nouvelle-aquitaine-du-8-juin-2023\/\" \/>\n<meta property=\"og:locale\" content=\"fr_FR\" \/>\n<meta property=\"og:type\" content=\"article\" \/>\n<meta property=\"og:title\" content=\"L&#039;essentiel du CSA REA Nouvelle Aquitaine du 8 juin 2023 - NOUVELLE AQUITAINE\" \/>\n<meta property=\"og:description\" content=\"La premi\u00e8re r\u00e9union du CSA (comit\u00e9 social d\u2019administration), nouvelle instance r\u00e9gionale, s\u2019est tenue le vendredi 9 juin au LEGTA de Libourne Montagne. La s\u00e9ance \u00e9tait pr\u00e9sid\u00e9e par B\u00e9n\u00e9dicte GENIN, DRAAF adjointe, accompagn\u00e9e de Laurent HEBRETEAU, chef du SRFD. L\u2019Elan Commun \u00e9tait repr\u00e9sent\u00e9 par Patricia BLANDEL (Poitiers Kyoto), Gilles BOUCHAUD (CFA des Deux S\u00e8vres), Ang\u00e9lique BOURDALLE [&hellip;]\" \/>\n<meta property=\"og:url\" content=\"https:\/\/regions-snetap-fsu.fr\/na\/2023\/06\/20\/lessentiel-du-csa-rea-nouvelle-aquitaine-du-8-juin-2023\/\" \/>\n<meta property=\"og:site_name\" content=\"NOUVELLE AQUITAINE\" \/>\n<meta property=\"article:published_time\" content=\"2023-06-20T16:49:22+00:00\" \/>\n<meta property=\"article:modified_time\" content=\"2023-06-28T05:17:59+00:00\" \/>\n<meta property=\"og:image\" content=\"https:\/\/regions-snetap-fsu.fr\/na\/wp-content\/uploads\/sites\/3\/2023\/06\/Photo-illustration.jpg\" \/>\n\t<meta property=\"og:image:width\" content=\"474\" \/>\n\t<meta property=\"og:image:height\" content=\"212\" \/>\n\t<meta property=\"og:image:type\" content=\"image\/jpeg\" \/>\n<meta name=\"author\" content=\"olivierb\" \/>\n<meta name=\"twitter:card\" content=\"summary_large_image\" \/>\n<meta name=\"twitter:label1\" content=\"\u00c9crit par\" \/>\n\t<meta name=\"twitter:data1\" content=\"olivierb\" \/>\n\t<meta name=\"twitter:label2\" content=\"Dur\u00e9e de lecture estim\u00e9e\" \/>\n\t<meta name=\"twitter:data2\" content=\"2 minutes\" \/>\n<script type=\"application\/ld+json\" class=\"yoast-schema-graph\">{\"@context\":\"https:\\\/\\\/schema.org\",\"@graph\":[{\"@type\":\"Article\",\"@id\":\"https:\\\/\\\/regions-snetap-fsu.fr\\\/na\\\/2023\\\/06\\\/20\\\/lessentiel-du-csa-rea-nouvelle-aquitaine-du-8-juin-2023\\\/#article\",\"isPartOf\":{\"@id\":\"https:\\\/\\\/regions-snetap-fsu.fr\\\/na\\\/2023\\\/06\\\/20\\\/lessentiel-du-csa-rea-nouvelle-aquitaine-du-8-juin-2023\\\/\"},\"author\":{\"name\":\"olivierb\",\"@id\":\"https:\\\/\\\/regions-snetap-fsu.fr\\\/na\\\/#\\\/schema\\\/person\\\/bdf1c4fe149dcf915601f9de85ba379f\"},\"headline\":\"L&rsquo;essentiel du CSA REA Nouvelle Aquitaine du 8 juin 2023\",\"datePublished\":\"2023-06-20T16:49:22+00:00\",\"dateModified\":\"2023-06-28T05:17:59+00:00\",\"mainEntityOfPage\":{\"@id\":\"https:\\\/\\\/regions-snetap-fsu.fr\\\/na\\\/2023\\\/06\\\/20\\\/lessentiel-du-csa-rea-nouvelle-aquitaine-du-8-juin-2023\\\/\"},\"wordCount\":426,\"publisher\":{\"@id\":\"https:\\\/\\\/regions-snetap-fsu.fr\\\/na\\\/#organization\"},\"image\":{\"@id\":\"https:\\\/\\\/regions-snetap-fsu.fr\\\/na\\\/2023\\\/06\\\/20\\\/lessentiel-du-csa-rea-nouvelle-aquitaine-du-8-juin-2023\\\/#primaryimage\"},\"thumbnailUrl\":\"https:\\\/\\\/regions-snetap-fsu.fr\\\/na\\\/wp-content\\\/uploads\\\/sites\\\/3\\\/2023\\\/06\\\/Photo-illustration.jpg\",\"articleSection\":[\"Comptes-rendus\",\"Instances\"],\"inLanguage\":\"fr-FR\"},{\"@type\":\"WebPage\",\"@id\":\"https:\\\/\\\/regions-snetap-fsu.fr\\\/na\\\/2023\\\/06\\\/20\\\/lessentiel-du-csa-rea-nouvelle-aquitaine-du-8-juin-2023\\\/\",\"url\":\"https:\\\/\\\/regions-snetap-fsu.fr\\\/na\\\/2023\\\/06\\\/20\\\/lessentiel-du-csa-rea-nouvelle-aquitaine-du-8-juin-2023\\\/\",\"name\":\"L'essentiel du CSA REA Nouvelle Aquitaine du 8 juin 2023 - NOUVELLE AQUITAINE\",\"isPartOf\":{\"@id\":\"https:\\\/\\\/regions-snetap-fsu.fr\\\/na\\\/#website\"},\"primaryImageOfPage\":{\"@id\":\"https:\\\/\\\/regions-snetap-fsu.fr\\\/na\\\/2023\\\/06\\\/20\\\/lessentiel-du-csa-rea-nouvelle-aquitaine-du-8-juin-2023\\\/#primaryimage\"},\"image\":{\"@id\":\"https:\\\/\\\/regions-snetap-fsu.fr\\\/na\\\/2023\\\/06\\\/20\\\/lessentiel-du-csa-rea-nouvelle-aquitaine-du-8-juin-2023\\\/#primaryimage\"},\"thumbnailUrl\":\"https:\\\/\\\/regions-snetap-fsu.fr\\\/na\\\/wp-content\\\/uploads\\\/sites\\\/3\\\/2023\\\/06\\\/Photo-illustration.jpg\",\"datePublished\":\"2023-06-20T16:49:22+00:00\",\"dateModified\":\"2023-06-28T05:17:59+00:00\",\"breadcrumb\":{\"@id\":\"https:\\\/\\\/regions-snetap-fsu.fr\\\/na\\\/2023\\\/06\\\/20\\\/lessentiel-du-csa-rea-nouvelle-aquitaine-du-8-juin-2023\\\/#breadcrumb\"},\"inLanguage\":\"fr-FR\",\"potentialAction\":[{\"@type\":\"ReadAction\",\"target\":[\"https:\\\/\\\/regions-snetap-fsu.fr\\\/na\\\/2023\\\/06\\\/20\\\/lessentiel-du-csa-rea-nouvelle-aquitaine-du-8-juin-2023\\\/\"]}]},{\"@type\":\"ImageObject\",\"inLanguage\":\"fr-FR\",\"@id\":\"https:\\\/\\\/regions-snetap-fsu.fr\\\/na\\\/2023\\\/06\\\/20\\\/lessentiel-du-csa-rea-nouvelle-aquitaine-du-8-juin-2023\\\/#primaryimage\",\"url\":\"https:\\\/\\\/regions-snetap-fsu.fr\\\/na\\\/wp-content\\\/uploads\\\/sites\\\/3\\\/2023\\\/06\\\/Photo-illustration.jpg\",\"contentUrl\":\"https:\\\/\\\/regions-snetap-fsu.fr\\\/na\\\/wp-content\\\/uploads\\\/sites\\\/3\\\/2023\\\/06\\\/Photo-illustration.jpg\",\"width\":474,\"height\":212},{\"@type\":\"BreadcrumbList\",\"@id\":\"https:\\\/\\\/regions-snetap-fsu.fr\\\/na\\\/2023\\\/06\\\/20\\\/lessentiel-du-csa-rea-nouvelle-aquitaine-du-8-juin-2023\\\/#breadcrumb\",\"itemListElement\":[{\"@type\":\"ListItem\",\"position\":1,\"name\":\"Accueil\",\"item\":\"https:\\\/\\\/regions-snetap-fsu.fr\\\/na\\\/\"},{\"@type\":\"ListItem\",\"position\":2,\"name\":\"L&rsquo;essentiel du CSA REA Nouvelle Aquitaine du 8 juin 2023\"}]},{\"@type\":\"WebSite\",\"@id\":\"https:\\\/\\\/regions-snetap-fsu.fr\\\/na\\\/#website\",\"url\":\"https:\\\/\\\/regions-snetap-fsu.fr\\\/na\\\/\",\"name\":\"SNETAP-FSU NOUVELLE AQUITAINE\",\"description\":\"Blog de la Section R\u00e9gionale\",\"publisher\":{\"@id\":\"https:\\\/\\\/regions-snetap-fsu.fr\\\/na\\\/#organization\"},\"potentialAction\":[{\"@type\":\"SearchAction\",\"target\":{\"@type\":\"EntryPoint\",\"urlTemplate\":\"https:\\\/\\\/regions-snetap-fsu.fr\\\/na\\\/?s={search_term_string}\"},\"query-input\":{\"@type\":\"PropertyValueSpecification\",\"valueRequired\":true,\"valueName\":\"search_term_string\"}}],\"inLanguage\":\"fr-FR\"},{\"@type\":\"Organization\",\"@id\":\"https:\\\/\\\/regions-snetap-fsu.fr\\\/na\\\/#organization\",\"name\":\"SNETAP-FSU - Nouvelle Aquitaine\",\"url\":\"https:\\\/\\\/regions-snetap-fsu.fr\\\/na\\\/\",\"logo\":{\"@type\":\"ImageObject\",\"inLanguage\":\"fr-FR\",\"@id\":\"https:\\\/\\\/regions-snetap-fsu.fr\\\/na\\\/#\\\/schema\\\/logo\\\/image\\\/\",\"url\":\"https:\\\/\\\/regions-snetap-fsu.fr\\\/na\\\/wp-content\\\/uploads\\\/sites\\\/3\\\/2020\\\/12\\\/SNETAP-Logo.jpg\",\"contentUrl\":\"https:\\\/\\\/regions-snetap-fsu.fr\\\/na\\\/wp-content\\\/uploads\\\/sites\\\/3\\\/2020\\\/12\\\/SNETAP-Logo.jpg\",\"width\":464,\"height\":334,\"caption\":\"SNETAP-FSU - Nouvelle Aquitaine\"},\"image\":{\"@id\":\"https:\\\/\\\/regions-snetap-fsu.fr\\\/na\\\/#\\\/schema\\\/logo\\\/image\\\/\"}},{\"@type\":\"Person\",\"@id\":\"https:\\\/\\\/regions-snetap-fsu.fr\\\/na\\\/#\\\/schema\\\/person\\\/bdf1c4fe149dcf915601f9de85ba379f\",\"name\":\"olivierb\",\"image\":{\"@type\":\"ImageObject\",\"inLanguage\":\"fr-FR\",\"@id\":\"https:\\\/\\\/secure.gravatar.com\\\/avatar\\\/d9cce0db1146844098d0ec7fae94551015c4ff78117aab56897823bb265a7bc9?s=96&d=mm&r=g\",\"url\":\"https:\\\/\\\/secure.gravatar.com\\\/avatar\\\/d9cce0db1146844098d0ec7fae94551015c4ff78117aab56897823bb265a7bc9?s=96&d=mm&r=g\",\"contentUrl\":\"https:\\\/\\\/secure.gravatar.com\\\/avatar\\\/d9cce0db1146844098d0ec7fae94551015c4ff78117aab56897823bb265a7bc9?s=96&d=mm&r=g\",\"caption\":\"olivierb\"},\"url\":\"https:\\\/\\\/regions-snetap-fsu.fr\\\/na\\\/author\\\/olivierb\\\/\"}]}<\/script>\n<!-- \/ Yoast SEO plugin. -->","yoast_head_json":{"title":"L'essentiel du CSA REA Nouvelle Aquitaine du 8 juin 2023 - NOUVELLE AQUITAINE","robots":{"index":"index","follow":"follow","max-snippet":"max-snippet:-1","max-image-preview":"max-image-preview:large","max-video-preview":"max-video-preview:-1"},"canonical":"https:\/\/regions-snetap-fsu.fr\/na\/2023\/06\/20\/lessentiel-du-csa-rea-nouvelle-aquitaine-du-8-juin-2023\/","og_locale":"fr_FR","og_type":"article","og_title":"L'essentiel du CSA REA Nouvelle Aquitaine du 8 juin 2023 - NOUVELLE AQUITAINE","og_description":"La premi\u00e8re r\u00e9union du CSA (comit\u00e9 social d\u2019administration), nouvelle instance r\u00e9gionale, s\u2019est tenue le vendredi 9 juin au LEGTA de Libourne Montagne. La s\u00e9ance \u00e9tait pr\u00e9sid\u00e9e par B\u00e9n\u00e9dicte GENIN, DRAAF adjointe, accompagn\u00e9e de Laurent HEBRETEAU, chef du SRFD. L\u2019Elan Commun \u00e9tait repr\u00e9sent\u00e9 par Patricia BLANDEL (Poitiers Kyoto), Gilles BOUCHAUD (CFA des Deux S\u00e8vres), Ang\u00e9lique BOURDALLE [&hellip;]","og_url":"https:\/\/regions-snetap-fsu.fr\/na\/2023\/06\/20\/lessentiel-du-csa-rea-nouvelle-aquitaine-du-8-juin-2023\/","og_site_name":"NOUVELLE AQUITAINE","article_published_time":"2023-06-20T16:49:22+00:00","article_modified_time":"2023-06-28T05:17:59+00:00","og_image":[{"width":474,"height":212,"url":"https:\/\/regions-snetap-fsu.fr\/na\/wp-content\/uploads\/sites\/3\/2023\/06\/Photo-illustration.jpg","type":"image\/jpeg"}],"author":"olivierb","twitter_card":"summary_large_image","twitter_misc":{"\u00c9crit par":"olivierb","Dur\u00e9e de lecture estim\u00e9e":"2 minutes"},"schema":{"@context":"https:\/\/schema.org","@graph":[{"@type":"Article","@id":"https:\/\/regions-snetap-fsu.fr\/na\/2023\/06\/20\/lessentiel-du-csa-rea-nouvelle-aquitaine-du-8-juin-2023\/#article","isPartOf":{"@id":"https:\/\/regions-snetap-fsu.fr\/na\/2023\/06\/20\/lessentiel-du-csa-rea-nouvelle-aquitaine-du-8-juin-2023\/"},"author":{"name":"olivierb","@id":"https:\/\/regions-snetap-fsu.fr\/na\/#\/schema\/person\/bdf1c4fe149dcf915601f9de85ba379f"},"headline":"L&rsquo;essentiel du CSA REA Nouvelle Aquitaine du 8 juin 2023","datePublished":"2023-06-20T16:49:22+00:00","dateModified":"2023-06-28T05:17:59+00:00","mainEntityOfPage":{"@id":"https:\/\/regions-snetap-fsu.fr\/na\/2023\/06\/20\/lessentiel-du-csa-rea-nouvelle-aquitaine-du-8-juin-2023\/"},"wordCount":426,"publisher":{"@id":"https:\/\/regions-snetap-fsu.fr\/na\/#organization"},"image":{"@id":"https:\/\/regions-snetap-fsu.fr\/na\/2023\/06\/20\/lessentiel-du-csa-rea-nouvelle-aquitaine-du-8-juin-2023\/#primaryimage"},"thumbnailUrl":"https:\/\/regions-snetap-fsu.fr\/na\/wp-content\/uploads\/sites\/3\/2023\/06\/Photo-illustration.jpg","articleSection":["Comptes-rendus","Instances"],"inLanguage":"fr-FR"},{"@type":"WebPage","@id":"https:\/\/regions-snetap-fsu.fr\/na\/2023\/06\/20\/lessentiel-du-csa-rea-nouvelle-aquitaine-du-8-juin-2023\/","url":"https:\/\/regions-snetap-fsu.fr\/na\/2023\/06\/20\/lessentiel-du-csa-rea-nouvelle-aquitaine-du-8-juin-2023\/","name":"L'essentiel du CSA REA Nouvelle Aquitaine du 8 juin 2023 - NOUVELLE AQUITAINE","isPartOf":{"@id":"https:\/\/regions-snetap-fsu.fr\/na\/#website"},"primaryImageOfPage":{"@id":"https:\/\/regions-snetap-fsu.fr\/na\/2023\/06\/20\/lessentiel-du-csa-rea-nouvelle-aquitaine-du-8-juin-2023\/#primaryimage"},"image":{"@id":"https:\/\/regions-snetap-fsu.fr\/na\/2023\/06\/20\/lessentiel-du-csa-rea-nouvelle-aquitaine-du-8-juin-2023\/#primaryimage"},"thumbnailUrl":"https:\/\/regions-snetap-fsu.fr\/na\/wp-content\/uploads\/sites\/3\/2023\/06\/Photo-illustration.jpg","datePublished":"2023-06-20T16:49:22+00:00","dateModified":"2023-06-28T05:17:59+00:00","breadcrumb":{"@id":"https:\/\/regions-snetap-fsu.fr\/na\/2023\/06\/20\/lessentiel-du-csa-rea-nouvelle-aquitaine-du-8-juin-2023\/#breadcrumb"},"inLanguage":"fr-FR","potentialAction":[{"@type":"ReadAction","target":["https:\/\/regions-snetap-fsu.fr\/na\/2023\/06\/20\/lessentiel-du-csa-rea-nouvelle-aquitaine-du-8-juin-2023\/"]}]},{"@type":"ImageObject","inLanguage":"fr-FR","@id":"https:\/\/regions-snetap-fsu.fr\/na\/2023\/06\/20\/lessentiel-du-csa-rea-nouvelle-aquitaine-du-8-juin-2023\/#primaryimage","url":"https:\/\/regions-snetap-fsu.fr\/na\/wp-content\/uploads\/sites\/3\/2023\/06\/Photo-illustration.jpg","contentUrl":"https:\/\/regions-snetap-fsu.fr\/na\/wp-content\/uploads\/sites\/3\/2023\/06\/Photo-illustration.jpg","width":474,"height":212},{"@type":"BreadcrumbList","@id":"https:\/\/regions-snetap-fsu.fr\/na\/2023\/06\/20\/lessentiel-du-csa-rea-nouvelle-aquitaine-du-8-juin-2023\/#breadcrumb","itemListElement":[{"@type":"ListItem","position":1,"name":"Accueil","item":"https:\/\/regions-snetap-fsu.fr\/na\/"},{"@type":"ListItem","position":2,"name":"L&rsquo;essentiel du CSA REA Nouvelle Aquitaine du 8 juin 2023"}]},{"@type":"WebSite","@id":"https:\/\/regions-snetap-fsu.fr\/na\/#website","url":"https:\/\/regions-snetap-fsu.fr\/na\/","name":"SNETAP-FSU NOUVELLE AQUITAINE","description":"Blog de la Section R\u00e9gionale","publisher":{"@id":"https:\/\/regions-snetap-fsu.fr\/na\/#organization"},"potentialAction":[{"@type":"SearchAction","target":{"@type":"EntryPoint","urlTemplate":"https:\/\/regions-snetap-fsu.fr\/na\/?s={search_term_string}"},"query-input":{"@type":"PropertyValueSpecification","valueRequired":true,"valueName":"search_term_string"}}],"inLanguage":"fr-FR"},{"@type":"Organization","@id":"https:\/\/regions-snetap-fsu.fr\/na\/#organization","name":"SNETAP-FSU - Nouvelle Aquitaine","url":"https:\/\/regions-snetap-fsu.fr\/na\/","logo":{"@type":"ImageObject","inLanguage":"fr-FR","@id":"https:\/\/regions-snetap-fsu.fr\/na\/#\/schema\/logo\/image\/","url":"https:\/\/regions-snetap-fsu.fr\/na\/wp-content\/uploads\/sites\/3\/2020\/12\/SNETAP-Logo.jpg","contentUrl":"https:\/\/regions-snetap-fsu.fr\/na\/wp-content\/uploads\/sites\/3\/2020\/12\/SNETAP-Logo.jpg","width":464,"height":334,"caption":"SNETAP-FSU - Nouvelle Aquitaine"},"image":{"@id":"https:\/\/regions-snetap-fsu.fr\/na\/#\/schema\/logo\/image\/"}},{"@type":"Person","@id":"https:\/\/regions-snetap-fsu.fr\/na\/#\/schema\/person\/bdf1c4fe149dcf915601f9de85ba379f","name":"olivierb","image":{"@type":"ImageObject","inLanguage":"fr-FR","@id":"https:\/\/secure.gravatar.com\/avatar\/d9cce0db1146844098d0ec7fae94551015c4ff78117aab56897823bb265a7bc9?s=96&d=mm&r=g","url":"https:\/\/secure.gravatar.com\/avatar\/d9cce0db1146844098d0ec7fae94551015c4ff78117aab56897823bb265a7bc9?s=96&d=mm&r=g","contentUrl":"https:\/\/secure.gravatar.com\/avatar\/d9cce0db1146844098d0ec7fae94551015c4ff78117aab56897823bb265a7bc9?s=96&d=mm&r=g","caption":"olivierb"},"url":"https:\/\/regions-snetap-fsu.fr\/na\/author\/olivierb\/"}]}},"_links":{"self":[{"href":"https:\/\/regions-snetap-fsu.fr\/na\/wp-json\/wp\/v2\/posts\/3351","targetHints":{"allow":["GET"]}}],"collection":[{"href":"https:\/\/regions-snetap-fsu.fr\/na\/wp-json\/wp\/v2\/posts"}],"about":[{"href":"https:\/\/regions-snetap-fsu.fr\/na\/wp-json\/wp\/v2\/types\/post"}],"author":[{"embeddable":true,"href":"https:\/\/regions-snetap-fsu.fr\/na\/wp-json\/wp\/v2\/users\/128"}],"replies":[{"embeddable":true,"href":"https:\/\/regions-snetap-fsu.fr\/na\/wp-json\/wp\/v2\/comments?post=3351"}],"version-history":[{"count":11,"href":"https:\/\/regions-snetap-fsu.fr\/na\/wp-json\/wp\/v2\/posts\/3351\/revisions"}],"predecessor-version":[{"id":3368,"href":"https:\/\/regions-snetap-fsu.fr\/na\/wp-json\/wp\/v2\/posts\/3351\/revisions\/3368"}],"wp:featuredmedia":[{"embeddable":true,"href":"https:\/\/regions-snetap-fsu.fr\/na\/wp-json\/wp\/v2\/media\/3354"}],"wp:attachment":[{"href":"https:\/\/regions-snetap-fsu.fr\/na\/wp-json\/wp\/v2\/media?parent=3351"}],"wp:term":[{"taxonomy":"category","embeddable":true,"href":"https:\/\/regions-snetap-fsu.fr\/na\/wp-json\/wp\/v2\/categories?post=3351"},{"taxonomy":"post_tag","embeddable":true,"href":"https:\/\/regions-snetap-fsu.fr\/na\/wp-json\/wp\/v2\/tags?post=3351"},{"taxonomy":"post_folder","embeddable":true,"href":"https:\/\/regions-snetap-fsu.fr\/na\/wp-json\/wp\/v2\/post_folder?post=3351"}],"curies":[{"name":"wp","href":"https:\/\/api.w.org\/{rel}","templated":true}]}}