{"id":3346,"date":"2023-06-22T18:11:52","date_gmt":"2023-06-22T16:11:52","guid":{"rendered":"https:\/\/regions-snetap-fsu.fr\/na\/?p=3346"},"modified":"2023-06-22T18:25:46","modified_gmt":"2023-06-22T16:25:46","slug":"journee-nationale-cfa-cfppa-la-section-regionale-porte-la-parole-des-agent-es-de-nouvelle-aquitaine","status":"publish","type":"post","link":"https:\/\/regions-snetap-fsu.fr\/na\/2023\/06\/22\/journee-nationale-cfa-cfppa-la-section-regionale-porte-la-parole-des-agent-es-de-nouvelle-aquitaine\/","title":{"rendered":"JOURN\u00c9E NATIONALE CFA \/ CFPPA : la section r\u00e9gionale porte la parole des agent.es de Nouvelle-Aquitaine"},"content":{"rendered":"<p align=\"justify\"><span style=\"color: #008000\"><strong><span style=\"font-size: 12pt\"><span style=\"font-family: Arial, sans-serif\">L<\/span><span style=\"font-family: Arial, sans-serif\">e 21 <\/span><span style=\"font-family: Arial, sans-serif\">juin <\/span><span style=\"font-family: Arial, sans-serif\">2023,<\/span><span style=\"font-family: Arial, sans-serif\"> l\u2019Elan commun (SNETAP-FSU, CGT Agri, SUD Rural Territoire) organisait au sein du <\/span><span style=\"font-family: Arial, sans-serif\">Minist\u00e8re de l&rsquo;Agriculture, <\/span><span style=\"font-family: Arial, sans-serif\">\u00e0 Paris<\/span><span style=\"font-family: Arial, sans-serif\">, <\/span><span style=\"font-family: Arial, sans-serif\">une journ\u00e9e d\u2019informations, d\u2019\u00e9changes et de propositions d\u2019actions sur les conditions de travail des Agent<\/span><span style=\"font-family: Arial, sans-serif\">.<\/span><span style=\"font-family: Arial, sans-serif\">e<\/span><span style=\"font-family: Arial, sans-serif\">s Contractuel.les sur Budget <\/span><span style=\"font-family: Arial, sans-serif\">(ACB) <\/span><span style=\"font-family: Arial, sans-serif\">des CFA et CFPPA.<\/span><\/span><\/strong><\/span><\/p>\n<p align=\"justify\"><span style=\"font-size: 12pt;color: #000000\"><span style=\"font-family: Arial, sans-serif\">Cette journ\u00e9e se tenait un an apr\u00e8s la mobilisation du 28 juin 2022 qui avait permis la reprise des n\u00e9gociations sur l\u2019am\u00e9lioration de <\/span><span style=\"font-family: Arial, sans-serif\">l<\/span><span style=\"font-family: Arial, sans-serif\">\u2019emploi des agent<\/span><span style=\"font-family: Arial, sans-serif\">.<\/span><span style=\"font-family: Arial, sans-serif\">e<\/span><span style=\"font-family: Arial, sans-serif\">s ACB.<\/span><\/span><\/p>\n<p align=\"justify\"><span style=\"font-size: 12pt;color: #000000\"><span style=\"font-family: Arial, sans-serif\">Depuis cette date, l\u2019\u00c9lan commun <\/span><span style=\"font-family: Arial, sans-serif\">a travaill\u00e9, par sa <\/span><span style=\"font-family: Arial, sans-serif\">participation aux Commissions Nationales et R\u00e9gionales et aux groupes de travail, sur les conditions <\/span><span style=\"font-family: Arial, sans-serif\">de<\/span> <span style=\"font-family: Arial, sans-serif\">travail <\/span><span style=\"font-family: Arial, sans-serif\">et la r\u00e9mun\u00e9ration <\/span><span style=\"font-family: Arial, sans-serif\">des contractuel<\/span><span style=\"font-family: Arial, sans-serif\">.<\/span><span style=\"font-family: Arial, sans-serif\">le<\/span><span style=\"font-family: Arial, sans-serif\">s sur budget des CFA et CFPPA.<\/span><\/span><\/p>\n<p align=\"justify\"><span style=\"font-size: 12pt;color: #000000\"><span style=\"font-family: Arial, sans-serif\">Cette journ\u00e9e a aussi \u00e9t\u00e9 l\u2019occasion de rappeler que nos organisations <\/span><span style=\"font-family: Arial, sans-serif\">milite<\/span><span style=\"font-family: Arial, sans-serif\">nt<\/span><span style=\"font-family: Arial, sans-serif\"> pour <\/span><span style=\"font-family: Arial, sans-serif\">qu<\/span><span style=\"font-family: Arial, sans-serif\">e la formation continue et l\u2019apprentissage restent un service public pilot\u00e9 nationalement dans l\u2019int\u00e9r\u00eat des usager.\u00e8res. Il revendique un plan de titularisation dans la fonction publique <\/span><span style=\"font-family: Arial, sans-serif\">pour<\/span><span style=\"font-family: Arial, sans-serif\"> tous les personnels <\/span><span style=\"font-family: Arial, sans-serif\">des CFPPA et CFA publics. <\/span><span style=\"font-family: Arial, sans-serif\">Il<\/span><span style=\"font-family: Arial, sans-serif\"> demande un v\u00e9ritable plan de formation accessible \u00e0 <\/span><span style=\"font-family: Arial, sans-serif\">tous et toutes<\/span><span style=\"font-family: Arial, sans-serif\"> les ACB. Il exige enfin un acc\u00e8s \u00e0 l\u2019a<\/span><span style=\"font-family: Arial, sans-serif\">ide<\/span><span style=\"font-family: Arial, sans-serif\"> sociale pour les agents.<\/span><\/span><\/p>\n<p align=\"justify\"><span style=\"font-size: 12pt;color: #000000\"><span style=\"font-family: Arial, sans-serif\">A l\u2019issue de ces \u00e9changes internes, Mme DEMAILLY, Conseill\u00e8re <\/span><span style=\"font-family: Arial, sans-serif\">formation, entrepreneuriat, transmission et emploi <\/span><span style=\"font-family: Arial, sans-serif\">du Ministre, est venue \u00e0 la conclusion de cette journ\u00e9e <\/span><span style=\"font-family: Arial, sans-serif\">p<\/span><span style=\"font-family: Arial, sans-serif\">our entendre nos revendications.<\/span><\/span><\/p>\n<p align=\"justify\"><span style=\"font-size: 12pt;color: #000000\"><span style=\"font-family: Arial, sans-serif\">La section r\u00e9gionale Nouvelle-Aquitaine \u00e9tait \u00e9videmment pr\u00e9sente pour cette journ\u00e9e de mobilisation, <\/span><span style=\"font-family: Arial, sans-serif\">d\u2019abord pour t\u00e9moigner et \u00e9changer sur les situations locales de notre r\u00e9gion mais aussi pour prendre toutes les informations des \u00e9lu.es nationaux<\/span><span style=\"font-family: Arial, sans-serif\">.<\/span><span style=\"font-family: Arial, sans-serif\">ales<\/span><span style=\"font-family: Arial, sans-serif\"> et des autres r\u00e9gions.<\/span><\/span><\/p>\n<p align=\"justify\"><span style=\"font-size: 12pt;color: #000000\"><span style=\"font-family: Arial, sans-serif\">Forte de ces \u00e9l\u00e9ments, elle interpellera dans les prochains jours la DRAAF pour la r\u00e9ouverture des \u00e9changes au niveau de la Nouvelle-Aquitaine et notamment <\/span><span style=\"font-family: Arial, sans-serif\">concernant<\/span> <span style=\"font-family: Arial, sans-serif\">la r\u00e9union de la commission r\u00e9gionale du protocole<\/span><span style=\"font-family: Arial, sans-serif\">. <\/span><span style=\"font-family: Arial, sans-serif\">E<\/span><span style=\"font-family: Arial, sans-serif\">lle <\/span><span style=\"font-family: Arial, sans-serif\">l\u2019<\/span><span style=\"font-family: Arial, sans-serif\">interpellera aussi <\/span><span style=\"font-family: Arial, sans-serif\">\u00e0 nouveau<\/span> <span style=\"font-family: Arial, sans-serif\">sur le projet d\u2019OFA en Limousin. Elle<\/span><span style=\"font-family: Arial, sans-serif\"> continuera \u00e0 batailler <\/span><span style=\"font-family: Arial, sans-serif\">avec les sections locales <\/span><span style=\"font-family: Arial, sans-serif\">pour que tous les Conseils d\u2019administration valident une prime informatique annuelle et le doublement de la prime ISOE <\/span><span style=\"font-family: Arial, sans-serif\">pour les ACB des CFA \/CFPPA<\/span><span style=\"font-family: Arial, sans-serif\">.<\/span><\/span><\/p>\n<p align=\"justify\"><strong><span style=\"font-size: 12pt;color: #000000\"><span style=\"font-family: Arial, sans-serif\">Nous vous invitons \u00e0 nous <\/span><span style=\"font-family: Arial, sans-serif\">informer et nous <\/span><span style=\"font-family: Arial, sans-serif\">alerter sur la situation dans vos \u00e9tablissements par mail \u00e0 <\/span><a style=\"color: #000000\" href=\"mailto:nouvelle-aquitaine@snetap-fsu.fr\"><span style=\"font-family: Arial, sans-serif\">nouvelle-aquitaine@snetap-fsu.fr<\/span><\/a><\/span><\/strong><\/p>\n<p align=\"justify\">\n","protected":false},"excerpt":{"rendered":"<p>Le 21 juin 2023, l\u2019Elan commun (SNETAP-FSU, CGT Agri, SUD Rural Territoire) organisait au sein du Minist\u00e8re de l&rsquo;Agriculture, \u00e0 Paris, une journ\u00e9e d\u2019informations, d\u2019\u00e9changes et de propositions d\u2019actions sur les conditions de travail des Agent.es Contractuel.les sur Budget (ACB) des CFA et CFPPA. Cette journ\u00e9e se tenait un an apr\u00e8s la mobilisation du 28 [&hellip;]<\/p>\n","protected":false},"author":128,"featured_media":3347,"comment_status":"closed","ping_status":"closed","sticky":false,"template":"","format":"gallery","meta":{"ocean_post_layout":"","ocean_both_sidebars_style":"","ocean_both_sidebars_content_width":0,"ocean_both_sidebars_sidebars_width":0,"ocean_sidebar":"","ocean_second_sidebar":"","ocean_disable_margins":"enable","ocean_add_body_class":"","ocean_shortcode_before_top_bar":"","ocean_shortcode_after_top_bar":"","ocean_shortcode_before_header":"","ocean_shortcode_after_header":"","ocean_has_shortcode":"","ocean_shortcode_after_title":"","ocean_shortcode_before_footer_widgets":"","ocean_shortcode_after_footer_widgets":"","ocean_shortcode_before_footer_bottom":"","ocean_shortcode_after_footer_bottom":"","ocean_display_top_bar":"default","ocean_display_header":"default","ocean_header_style":"","ocean_center_header_left_menu":"","ocean_custom_header_template":"","ocean_custom_logo":0,"ocean_custom_retina_logo":0,"ocean_custom_logo_max_width":0,"ocean_custom_logo_tablet_max_width":0,"ocean_custom_logo_mobile_max_width":0,"ocean_custom_logo_max_height":0,"ocean_custom_logo_tablet_max_height":0,"ocean_custom_logo_mobile_max_height":0,"ocean_header_custom_menu":"","ocean_menu_typo_font_family":"","ocean_menu_typo_font_subset":"","ocean_menu_typo_font_size":0,"ocean_menu_typo_font_size_tablet":0,"ocean_menu_typo_font_size_mobile":0,"ocean_menu_typo_font_size_unit":"px","ocean_menu_typo_font_weight":"","ocean_menu_typo_font_weight_tablet":"","ocean_menu_typo_font_weight_mobile":"","ocean_menu_typo_transform":"","ocean_menu_typo_transform_tablet":"","ocean_menu_typo_transform_mobile":"","ocean_menu_typo_line_height":0,"ocean_menu_typo_line_height_tablet":0,"ocean_menu_typo_line_height_mobile":0,"ocean_menu_typo_line_height_unit":"","ocean_menu_typo_spacing":0,"ocean_menu_typo_spacing_tablet":0,"ocean_menu_typo_spacing_mobile":0,"ocean_menu_typo_spacing_unit":"","ocean_menu_link_color":"","ocean_menu_link_color_hover":"","ocean_menu_link_color_active":"","ocean_menu_link_background":"","ocean_menu_link_hover_background":"","ocean_menu_link_active_background":"","ocean_menu_social_links_bg":"","ocean_menu_social_hover_links_bg":"","ocean_menu_social_links_color":"","ocean_menu_social_hover_links_color":"","ocean_disable_title":"default","ocean_disable_heading":"default","ocean_post_title":"","ocean_post_subheading":"","ocean_post_title_style":"","ocean_post_title_background_color":"","ocean_post_title_background":0,"ocean_post_title_bg_image_position":"","ocean_post_title_bg_image_attachment":"","ocean_post_title_bg_image_repeat":"","ocean_post_title_bg_image_size":"","ocean_post_title_height":0,"ocean_post_title_bg_overlay":0.5,"ocean_post_title_bg_overlay_color":"","ocean_disable_breadcrumbs":"default","ocean_breadcrumbs_color":"","ocean_breadcrumbs_separator_color":"","ocean_breadcrumbs_links_color":"","ocean_breadcrumbs_links_hover_color":"","ocean_display_footer_widgets":"default","ocean_display_footer_bottom":"default","ocean_custom_footer_template":"","ocean_post_oembed":"","ocean_post_self_hosted_media":"","ocean_post_video_embed":"","ocean_link_format":"","ocean_link_format_target":"self","ocean_quote_format":"","ocean_quote_format_link":"post","ocean_gallery_link_images":"on","ocean_gallery_id":[3347,3350],"footnotes":""},"categories":[1],"tags":[],"post_folder":[],"class_list":["post-3346","post","type-post","status-publish","format-gallery","has-post-thumbnail","hentry","category-message-de-service","post_format-post-format-gallery","entry","has-media"],"yoast_head":"<!-- This site is optimized with the Yoast SEO plugin v27.4 - https:\/\/yoast.com\/product\/yoast-seo-wordpress\/ -->\n<title>JOURN\u00c9E NATIONALE CFA \/ CFPPA : la section r\u00e9gionale porte la parole des agent.es de Nouvelle-Aquitaine - NOUVELLE AQUITAINE<\/title>\n<meta name=\"robots\" content=\"index, follow, max-snippet:-1, max-image-preview:large, max-video-preview:-1\" \/>\n<link rel=\"canonical\" href=\"https:\/\/regions-snetap-fsu.fr\/na\/2023\/06\/22\/journee-nationale-cfa-cfppa-la-section-regionale-porte-la-parole-des-agent-es-de-nouvelle-aquitaine\/\" \/>\n<meta property=\"og:locale\" content=\"fr_FR\" \/>\n<meta property=\"og:type\" content=\"article\" \/>\n<meta property=\"og:title\" content=\"JOURN\u00c9E NATIONALE CFA \/ CFPPA : la section r\u00e9gionale porte la parole des agent.es de Nouvelle-Aquitaine - NOUVELLE AQUITAINE\" \/>\n<meta property=\"og:description\" content=\"Le 21 juin 2023, l\u2019Elan commun (SNETAP-FSU, CGT Agri, SUD Rural Territoire) organisait au sein du Minist\u00e8re de l&rsquo;Agriculture, \u00e0 Paris, une journ\u00e9e d\u2019informations, d\u2019\u00e9changes et de propositions d\u2019actions sur les conditions de travail des Agent.es Contractuel.les sur Budget (ACB) des CFA et CFPPA. Cette journ\u00e9e se tenait un an apr\u00e8s la mobilisation du 28 [&hellip;]\" \/>\n<meta property=\"og:url\" content=\"https:\/\/regions-snetap-fsu.fr\/na\/2023\/06\/22\/journee-nationale-cfa-cfppa-la-section-regionale-porte-la-parole-des-agent-es-de-nouvelle-aquitaine\/\" \/>\n<meta property=\"og:site_name\" content=\"NOUVELLE AQUITAINE\" \/>\n<meta property=\"article:published_time\" content=\"2023-06-22T16:11:52+00:00\" \/>\n<meta property=\"article:modified_time\" content=\"2023-06-22T16:25:46+00:00\" \/>\n<meta property=\"og:image\" content=\"https:\/\/regions-snetap-fsu.fr\/na\/wp-content\/uploads\/sites\/3\/2023\/06\/IMG_3510bis-scaled.jpg\" \/>\n\t<meta property=\"og:image:width\" content=\"2560\" \/>\n\t<meta property=\"og:image:height\" content=\"1586\" \/>\n\t<meta property=\"og:image:type\" content=\"image\/jpeg\" \/>\n<meta name=\"author\" content=\"olivierb\" \/>\n<meta name=\"twitter:card\" content=\"summary_large_image\" \/>\n<meta name=\"twitter:label1\" content=\"\u00c9crit par\" \/>\n\t<meta name=\"twitter:data1\" content=\"olivierb\" \/>\n\t<meta name=\"twitter:label2\" content=\"Dur\u00e9e de lecture estim\u00e9e\" \/>\n\t<meta name=\"twitter:data2\" content=\"2 minutes\" \/>\n<script type=\"application\/ld+json\" class=\"yoast-schema-graph\">{\"@context\":\"https:\\\/\\\/schema.org\",\"@graph\":[{\"@type\":\"Article\",\"@id\":\"https:\\\/\\\/regions-snetap-fsu.fr\\\/na\\\/2023\\\/06\\\/22\\\/journee-nationale-cfa-cfppa-la-section-regionale-porte-la-parole-des-agent-es-de-nouvelle-aquitaine\\\/#article\",\"isPartOf\":{\"@id\":\"https:\\\/\\\/regions-snetap-fsu.fr\\\/na\\\/2023\\\/06\\\/22\\\/journee-nationale-cfa-cfppa-la-section-regionale-porte-la-parole-des-agent-es-de-nouvelle-aquitaine\\\/\"},\"author\":{\"name\":\"olivierb\",\"@id\":\"https:\\\/\\\/regions-snetap-fsu.fr\\\/na\\\/#\\\/schema\\\/person\\\/bdf1c4fe149dcf915601f9de85ba379f\"},\"headline\":\"JOURN\u00c9E NATIONALE CFA \\\/ CFPPA : la section r\u00e9gionale porte la parole des agent.es de Nouvelle-Aquitaine\",\"datePublished\":\"2023-06-22T16:11:52+00:00\",\"dateModified\":\"2023-06-22T16:25:46+00:00\",\"mainEntityOfPage\":{\"@id\":\"https:\\\/\\\/regions-snetap-fsu.fr\\\/na\\\/2023\\\/06\\\/22\\\/journee-nationale-cfa-cfppa-la-section-regionale-porte-la-parole-des-agent-es-de-nouvelle-aquitaine\\\/\"},\"wordCount\":407,\"publisher\":{\"@id\":\"https:\\\/\\\/regions-snetap-fsu.fr\\\/na\\\/#organization\"},\"image\":{\"@id\":\"https:\\\/\\\/regions-snetap-fsu.fr\\\/na\\\/2023\\\/06\\\/22\\\/journee-nationale-cfa-cfppa-la-section-regionale-porte-la-parole-des-agent-es-de-nouvelle-aquitaine\\\/#primaryimage\"},\"thumbnailUrl\":\"https:\\\/\\\/regions-snetap-fsu.fr\\\/na\\\/wp-content\\\/uploads\\\/sites\\\/3\\\/2023\\\/06\\\/IMG_3510bis-scaled.jpg\",\"articleSection\":[\"Message de service\"],\"inLanguage\":\"fr-FR\"},{\"@type\":\"WebPage\",\"@id\":\"https:\\\/\\\/regions-snetap-fsu.fr\\\/na\\\/2023\\\/06\\\/22\\\/journee-nationale-cfa-cfppa-la-section-regionale-porte-la-parole-des-agent-es-de-nouvelle-aquitaine\\\/\",\"url\":\"https:\\\/\\\/regions-snetap-fsu.fr\\\/na\\\/2023\\\/06\\\/22\\\/journee-nationale-cfa-cfppa-la-section-regionale-porte-la-parole-des-agent-es-de-nouvelle-aquitaine\\\/\",\"name\":\"JOURN\u00c9E NATIONALE CFA \\\/ CFPPA : la section r\u00e9gionale porte la parole des agent.es de Nouvelle-Aquitaine - NOUVELLE AQUITAINE\",\"isPartOf\":{\"@id\":\"https:\\\/\\\/regions-snetap-fsu.fr\\\/na\\\/#website\"},\"primaryImageOfPage\":{\"@id\":\"https:\\\/\\\/regions-snetap-fsu.fr\\\/na\\\/2023\\\/06\\\/22\\\/journee-nationale-cfa-cfppa-la-section-regionale-porte-la-parole-des-agent-es-de-nouvelle-aquitaine\\\/#primaryimage\"},\"image\":{\"@id\":\"https:\\\/\\\/regions-snetap-fsu.fr\\\/na\\\/2023\\\/06\\\/22\\\/journee-nationale-cfa-cfppa-la-section-regionale-porte-la-parole-des-agent-es-de-nouvelle-aquitaine\\\/#primaryimage\"},\"thumbnailUrl\":\"https:\\\/\\\/regions-snetap-fsu.fr\\\/na\\\/wp-content\\\/uploads\\\/sites\\\/3\\\/2023\\\/06\\\/IMG_3510bis-scaled.jpg\",\"datePublished\":\"2023-06-22T16:11:52+00:00\",\"dateModified\":\"2023-06-22T16:25:46+00:00\",\"breadcrumb\":{\"@id\":\"https:\\\/\\\/regions-snetap-fsu.fr\\\/na\\\/2023\\\/06\\\/22\\\/journee-nationale-cfa-cfppa-la-section-regionale-porte-la-parole-des-agent-es-de-nouvelle-aquitaine\\\/#breadcrumb\"},\"inLanguage\":\"fr-FR\",\"potentialAction\":[{\"@type\":\"ReadAction\",\"target\":[\"https:\\\/\\\/regions-snetap-fsu.fr\\\/na\\\/2023\\\/06\\\/22\\\/journee-nationale-cfa-cfppa-la-section-regionale-porte-la-parole-des-agent-es-de-nouvelle-aquitaine\\\/\"]}]},{\"@type\":\"ImageObject\",\"inLanguage\":\"fr-FR\",\"@id\":\"https:\\\/\\\/regions-snetap-fsu.fr\\\/na\\\/2023\\\/06\\\/22\\\/journee-nationale-cfa-cfppa-la-section-regionale-porte-la-parole-des-agent-es-de-nouvelle-aquitaine\\\/#primaryimage\",\"url\":\"https:\\\/\\\/regions-snetap-fsu.fr\\\/na\\\/wp-content\\\/uploads\\\/sites\\\/3\\\/2023\\\/06\\\/IMG_3510bis-scaled.jpg\",\"contentUrl\":\"https:\\\/\\\/regions-snetap-fsu.fr\\\/na\\\/wp-content\\\/uploads\\\/sites\\\/3\\\/2023\\\/06\\\/IMG_3510bis-scaled.jpg\",\"width\":2560,\"height\":1586},{\"@type\":\"BreadcrumbList\",\"@id\":\"https:\\\/\\\/regions-snetap-fsu.fr\\\/na\\\/2023\\\/06\\\/22\\\/journee-nationale-cfa-cfppa-la-section-regionale-porte-la-parole-des-agent-es-de-nouvelle-aquitaine\\\/#breadcrumb\",\"itemListElement\":[{\"@type\":\"ListItem\",\"position\":1,\"name\":\"Accueil\",\"item\":\"https:\\\/\\\/regions-snetap-fsu.fr\\\/na\\\/\"},{\"@type\":\"ListItem\",\"position\":2,\"name\":\"JOURN\u00c9E NATIONALE CFA \\\/ CFPPA : la section r\u00e9gionale porte la parole des agent.es de Nouvelle-Aquitaine\"}]},{\"@type\":\"WebSite\",\"@id\":\"https:\\\/\\\/regions-snetap-fsu.fr\\\/na\\\/#website\",\"url\":\"https:\\\/\\\/regions-snetap-fsu.fr\\\/na\\\/\",\"name\":\"SNETAP-FSU NOUVELLE AQUITAINE\",\"description\":\"Blog de la Section R\u00e9gionale\",\"publisher\":{\"@id\":\"https:\\\/\\\/regions-snetap-fsu.fr\\\/na\\\/#organization\"},\"potentialAction\":[{\"@type\":\"SearchAction\",\"target\":{\"@type\":\"EntryPoint\",\"urlTemplate\":\"https:\\\/\\\/regions-snetap-fsu.fr\\\/na\\\/?s={search_term_string}\"},\"query-input\":{\"@type\":\"PropertyValueSpecification\",\"valueRequired\":true,\"valueName\":\"search_term_string\"}}],\"inLanguage\":\"fr-FR\"},{\"@type\":\"Organization\",\"@id\":\"https:\\\/\\\/regions-snetap-fsu.fr\\\/na\\\/#organization\",\"name\":\"SNETAP-FSU - Nouvelle Aquitaine\",\"url\":\"https:\\\/\\\/regions-snetap-fsu.fr\\\/na\\\/\",\"logo\":{\"@type\":\"ImageObject\",\"inLanguage\":\"fr-FR\",\"@id\":\"https:\\\/\\\/regions-snetap-fsu.fr\\\/na\\\/#\\\/schema\\\/logo\\\/image\\\/\",\"url\":\"https:\\\/\\\/regions-snetap-fsu.fr\\\/na\\\/wp-content\\\/uploads\\\/sites\\\/3\\\/2020\\\/12\\\/SNETAP-Logo.jpg\",\"contentUrl\":\"https:\\\/\\\/regions-snetap-fsu.fr\\\/na\\\/wp-content\\\/uploads\\\/sites\\\/3\\\/2020\\\/12\\\/SNETAP-Logo.jpg\",\"width\":464,\"height\":334,\"caption\":\"SNETAP-FSU - Nouvelle Aquitaine\"},\"image\":{\"@id\":\"https:\\\/\\\/regions-snetap-fsu.fr\\\/na\\\/#\\\/schema\\\/logo\\\/image\\\/\"}},{\"@type\":\"Person\",\"@id\":\"https:\\\/\\\/regions-snetap-fsu.fr\\\/na\\\/#\\\/schema\\\/person\\\/bdf1c4fe149dcf915601f9de85ba379f\",\"name\":\"olivierb\",\"image\":{\"@type\":\"ImageObject\",\"inLanguage\":\"fr-FR\",\"@id\":\"https:\\\/\\\/secure.gravatar.com\\\/avatar\\\/d9cce0db1146844098d0ec7fae94551015c4ff78117aab56897823bb265a7bc9?s=96&d=mm&r=g\",\"url\":\"https:\\\/\\\/secure.gravatar.com\\\/avatar\\\/d9cce0db1146844098d0ec7fae94551015c4ff78117aab56897823bb265a7bc9?s=96&d=mm&r=g\",\"contentUrl\":\"https:\\\/\\\/secure.gravatar.com\\\/avatar\\\/d9cce0db1146844098d0ec7fae94551015c4ff78117aab56897823bb265a7bc9?s=96&d=mm&r=g\",\"caption\":\"olivierb\"},\"url\":\"https:\\\/\\\/regions-snetap-fsu.fr\\\/na\\\/author\\\/olivierb\\\/\"}]}<\/script>\n<!-- \/ Yoast SEO plugin. -->","yoast_head_json":{"title":"JOURN\u00c9E NATIONALE CFA \/ CFPPA : la section r\u00e9gionale porte la parole des agent.es de Nouvelle-Aquitaine - NOUVELLE AQUITAINE","robots":{"index":"index","follow":"follow","max-snippet":"max-snippet:-1","max-image-preview":"max-image-preview:large","max-video-preview":"max-video-preview:-1"},"canonical":"https:\/\/regions-snetap-fsu.fr\/na\/2023\/06\/22\/journee-nationale-cfa-cfppa-la-section-regionale-porte-la-parole-des-agent-es-de-nouvelle-aquitaine\/","og_locale":"fr_FR","og_type":"article","og_title":"JOURN\u00c9E NATIONALE CFA \/ CFPPA : la section r\u00e9gionale porte la parole des agent.es de Nouvelle-Aquitaine - NOUVELLE AQUITAINE","og_description":"Le 21 juin 2023, l\u2019Elan commun (SNETAP-FSU, CGT Agri, SUD Rural Territoire) organisait au sein du Minist\u00e8re de l&rsquo;Agriculture, \u00e0 Paris, une journ\u00e9e d\u2019informations, d\u2019\u00e9changes et de propositions d\u2019actions sur les conditions de travail des Agent.es Contractuel.les sur Budget (ACB) des CFA et CFPPA. Cette journ\u00e9e se tenait un an apr\u00e8s la mobilisation du 28 [&hellip;]","og_url":"https:\/\/regions-snetap-fsu.fr\/na\/2023\/06\/22\/journee-nationale-cfa-cfppa-la-section-regionale-porte-la-parole-des-agent-es-de-nouvelle-aquitaine\/","og_site_name":"NOUVELLE AQUITAINE","article_published_time":"2023-06-22T16:11:52+00:00","article_modified_time":"2023-06-22T16:25:46+00:00","og_image":[{"width":2560,"height":1586,"url":"https:\/\/regions-snetap-fsu.fr\/na\/wp-content\/uploads\/sites\/3\/2023\/06\/IMG_3510bis-scaled.jpg","type":"image\/jpeg"}],"author":"olivierb","twitter_card":"summary_large_image","twitter_misc":{"\u00c9crit par":"olivierb","Dur\u00e9e de lecture estim\u00e9e":"2 minutes"},"schema":{"@context":"https:\/\/schema.org","@graph":[{"@type":"Article","@id":"https:\/\/regions-snetap-fsu.fr\/na\/2023\/06\/22\/journee-nationale-cfa-cfppa-la-section-regionale-porte-la-parole-des-agent-es-de-nouvelle-aquitaine\/#article","isPartOf":{"@id":"https:\/\/regions-snetap-fsu.fr\/na\/2023\/06\/22\/journee-nationale-cfa-cfppa-la-section-regionale-porte-la-parole-des-agent-es-de-nouvelle-aquitaine\/"},"author":{"name":"olivierb","@id":"https:\/\/regions-snetap-fsu.fr\/na\/#\/schema\/person\/bdf1c4fe149dcf915601f9de85ba379f"},"headline":"JOURN\u00c9E NATIONALE CFA \/ CFPPA : la section r\u00e9gionale porte la parole des agent.es de Nouvelle-Aquitaine","datePublished":"2023-06-22T16:11:52+00:00","dateModified":"2023-06-22T16:25:46+00:00","mainEntityOfPage":{"@id":"https:\/\/regions-snetap-fsu.fr\/na\/2023\/06\/22\/journee-nationale-cfa-cfppa-la-section-regionale-porte-la-parole-des-agent-es-de-nouvelle-aquitaine\/"},"wordCount":407,"publisher":{"@id":"https:\/\/regions-snetap-fsu.fr\/na\/#organization"},"image":{"@id":"https:\/\/regions-snetap-fsu.fr\/na\/2023\/06\/22\/journee-nationale-cfa-cfppa-la-section-regionale-porte-la-parole-des-agent-es-de-nouvelle-aquitaine\/#primaryimage"},"thumbnailUrl":"https:\/\/regions-snetap-fsu.fr\/na\/wp-content\/uploads\/sites\/3\/2023\/06\/IMG_3510bis-scaled.jpg","articleSection":["Message de service"],"inLanguage":"fr-FR"},{"@type":"WebPage","@id":"https:\/\/regions-snetap-fsu.fr\/na\/2023\/06\/22\/journee-nationale-cfa-cfppa-la-section-regionale-porte-la-parole-des-agent-es-de-nouvelle-aquitaine\/","url":"https:\/\/regions-snetap-fsu.fr\/na\/2023\/06\/22\/journee-nationale-cfa-cfppa-la-section-regionale-porte-la-parole-des-agent-es-de-nouvelle-aquitaine\/","name":"JOURN\u00c9E NATIONALE CFA \/ CFPPA : la section r\u00e9gionale porte la parole des agent.es de Nouvelle-Aquitaine - NOUVELLE AQUITAINE","isPartOf":{"@id":"https:\/\/regions-snetap-fsu.fr\/na\/#website"},"primaryImageOfPage":{"@id":"https:\/\/regions-snetap-fsu.fr\/na\/2023\/06\/22\/journee-nationale-cfa-cfppa-la-section-regionale-porte-la-parole-des-agent-es-de-nouvelle-aquitaine\/#primaryimage"},"image":{"@id":"https:\/\/regions-snetap-fsu.fr\/na\/2023\/06\/22\/journee-nationale-cfa-cfppa-la-section-regionale-porte-la-parole-des-agent-es-de-nouvelle-aquitaine\/#primaryimage"},"thumbnailUrl":"https:\/\/regions-snetap-fsu.fr\/na\/wp-content\/uploads\/sites\/3\/2023\/06\/IMG_3510bis-scaled.jpg","datePublished":"2023-06-22T16:11:52+00:00","dateModified":"2023-06-22T16:25:46+00:00","breadcrumb":{"@id":"https:\/\/regions-snetap-fsu.fr\/na\/2023\/06\/22\/journee-nationale-cfa-cfppa-la-section-regionale-porte-la-parole-des-agent-es-de-nouvelle-aquitaine\/#breadcrumb"},"inLanguage":"fr-FR","potentialAction":[{"@type":"ReadAction","target":["https:\/\/regions-snetap-fsu.fr\/na\/2023\/06\/22\/journee-nationale-cfa-cfppa-la-section-regionale-porte-la-parole-des-agent-es-de-nouvelle-aquitaine\/"]}]},{"@type":"ImageObject","inLanguage":"fr-FR","@id":"https:\/\/regions-snetap-fsu.fr\/na\/2023\/06\/22\/journee-nationale-cfa-cfppa-la-section-regionale-porte-la-parole-des-agent-es-de-nouvelle-aquitaine\/#primaryimage","url":"https:\/\/regions-snetap-fsu.fr\/na\/wp-content\/uploads\/sites\/3\/2023\/06\/IMG_3510bis-scaled.jpg","contentUrl":"https:\/\/regions-snetap-fsu.fr\/na\/wp-content\/uploads\/sites\/3\/2023\/06\/IMG_3510bis-scaled.jpg","width":2560,"height":1586},{"@type":"BreadcrumbList","@id":"https:\/\/regions-snetap-fsu.fr\/na\/2023\/06\/22\/journee-nationale-cfa-cfppa-la-section-regionale-porte-la-parole-des-agent-es-de-nouvelle-aquitaine\/#breadcrumb","itemListElement":[{"@type":"ListItem","position":1,"name":"Accueil","item":"https:\/\/regions-snetap-fsu.fr\/na\/"},{"@type":"ListItem","position":2,"name":"JOURN\u00c9E NATIONALE CFA \/ CFPPA : la section r\u00e9gionale porte la parole des agent.es de Nouvelle-Aquitaine"}]},{"@type":"WebSite","@id":"https:\/\/regions-snetap-fsu.fr\/na\/#website","url":"https:\/\/regions-snetap-fsu.fr\/na\/","name":"SNETAP-FSU NOUVELLE AQUITAINE","description":"Blog de la Section R\u00e9gionale","publisher":{"@id":"https:\/\/regions-snetap-fsu.fr\/na\/#organization"},"potentialAction":[{"@type":"SearchAction","target":{"@type":"EntryPoint","urlTemplate":"https:\/\/regions-snetap-fsu.fr\/na\/?s={search_term_string}"},"query-input":{"@type":"PropertyValueSpecification","valueRequired":true,"valueName":"search_term_string"}}],"inLanguage":"fr-FR"},{"@type":"Organization","@id":"https:\/\/regions-snetap-fsu.fr\/na\/#organization","name":"SNETAP-FSU - Nouvelle Aquitaine","url":"https:\/\/regions-snetap-fsu.fr\/na\/","logo":{"@type":"ImageObject","inLanguage":"fr-FR","@id":"https:\/\/regions-snetap-fsu.fr\/na\/#\/schema\/logo\/image\/","url":"https:\/\/regions-snetap-fsu.fr\/na\/wp-content\/uploads\/sites\/3\/2020\/12\/SNETAP-Logo.jpg","contentUrl":"https:\/\/regions-snetap-fsu.fr\/na\/wp-content\/uploads\/sites\/3\/2020\/12\/SNETAP-Logo.jpg","width":464,"height":334,"caption":"SNETAP-FSU - Nouvelle Aquitaine"},"image":{"@id":"https:\/\/regions-snetap-fsu.fr\/na\/#\/schema\/logo\/image\/"}},{"@type":"Person","@id":"https:\/\/regions-snetap-fsu.fr\/na\/#\/schema\/person\/bdf1c4fe149dcf915601f9de85ba379f","name":"olivierb","image":{"@type":"ImageObject","inLanguage":"fr-FR","@id":"https:\/\/secure.gravatar.com\/avatar\/d9cce0db1146844098d0ec7fae94551015c4ff78117aab56897823bb265a7bc9?s=96&d=mm&r=g","url":"https:\/\/secure.gravatar.com\/avatar\/d9cce0db1146844098d0ec7fae94551015c4ff78117aab56897823bb265a7bc9?s=96&d=mm&r=g","contentUrl":"https:\/\/secure.gravatar.com\/avatar\/d9cce0db1146844098d0ec7fae94551015c4ff78117aab56897823bb265a7bc9?s=96&d=mm&r=g","caption":"olivierb"},"url":"https:\/\/regions-snetap-fsu.fr\/na\/author\/olivierb\/"}]}},"_links":{"self":[{"href":"https:\/\/regions-snetap-fsu.fr\/na\/wp-json\/wp\/v2\/posts\/3346","targetHints":{"allow":["GET"]}}],"collection":[{"href":"https:\/\/regions-snetap-fsu.fr\/na\/wp-json\/wp\/v2\/posts"}],"about":[{"href":"https:\/\/regions-snetap-fsu.fr\/na\/wp-json\/wp\/v2\/types\/post"}],"author":[{"embeddable":true,"href":"https:\/\/regions-snetap-fsu.fr\/na\/wp-json\/wp\/v2\/users\/128"}],"replies":[{"embeddable":true,"href":"https:\/\/regions-snetap-fsu.fr\/na\/wp-json\/wp\/v2\/comments?post=3346"}],"version-history":[{"count":1,"href":"https:\/\/regions-snetap-fsu.fr\/na\/wp-json\/wp\/v2\/posts\/3346\/revisions"}],"predecessor-version":[{"id":3348,"href":"https:\/\/regions-snetap-fsu.fr\/na\/wp-json\/wp\/v2\/posts\/3346\/revisions\/3348"}],"wp:featuredmedia":[{"embeddable":true,"href":"https:\/\/regions-snetap-fsu.fr\/na\/wp-json\/wp\/v2\/media\/3347"}],"wp:attachment":[{"href":"https:\/\/regions-snetap-fsu.fr\/na\/wp-json\/wp\/v2\/media?parent=3346"}],"wp:term":[{"taxonomy":"category","embeddable":true,"href":"https:\/\/regions-snetap-fsu.fr\/na\/wp-json\/wp\/v2\/categories?post=3346"},{"taxonomy":"post_tag","embeddable":true,"href":"https:\/\/regions-snetap-fsu.fr\/na\/wp-json\/wp\/v2\/tags?post=3346"},{"taxonomy":"post_folder","embeddable":true,"href":"https:\/\/regions-snetap-fsu.fr\/na\/wp-json\/wp\/v2\/post_folder?post=3346"}],"curies":[{"name":"wp","href":"https:\/\/api.w.org\/{rel}","templated":true}]}}