{"id":3337,"date":"2023-06-18T01:00:54","date_gmt":"2023-06-17T23:00:54","guid":{"rendered":"https:\/\/regions-snetap-fsu.fr\/na\/?p=3337"},"modified":"2023-06-18T01:05:06","modified_gmt":"2023-06-17T23:05:06","slug":"crea-16-juin-2023-declaration-liminaire-elan-commun","status":"publish","type":"post","link":"https:\/\/regions-snetap-fsu.fr\/na\/2023\/06\/18\/crea-16-juin-2023-declaration-liminaire-elan-commun\/","title":{"rendered":"CREA 16 juin 2023 &#8211; D\u00e9claration liminaire Elan commun"},"content":{"rendered":"<p class=\"western\" align=\"justify\"><span style=\"color: #008000\"><strong><span style=\"font-size: medium\">Alors que le Pr\u00e9sident de la R\u00e9publique annon\u00e7ait il y a quelques semaines que \u00ab<\/span><span style=\"font-size: medium\"><i> n<\/i><\/span><span style=\"font-size: medium\"><i>ous avons devant nous cent jours d\u2019apaisement<\/i><\/span><span style=\"font-size: medium\"> \u00bb,<\/span><span style=\"font-size: medium\"> nous ne pouvons que constater et d\u00e9noncer des r\u00e9formes brutales et injustifi\u00e9es qui se poursuivent et s\u2019acc\u00e9l\u00e8rent, en particulier dans l\u2019\u00e9ducation et la formation, malgr\u00e9 des mobilisations d\u2019une ampleur exceptionnelle. Nous sommes tr\u00e8s loin de l\u2019apaisement annonc\u00e9. <\/span><\/strong><\/span><\/p>\n<p class=\"western\" align=\"justify\"><span style=\"font-size: medium;color: #008000\"><b>Nous rappelons d\u2019abord avec force notre opposition \u00e0 une r\u00e9forme injuste des retraites<\/b><\/span><span style=\"font-size: medium\"> \u00e0 laquelle s\u2019ajoutent pour nous le d\u00e9ni de la r\u00e9alit\u00e9 de nos conditions de travail et le m\u00e9pris ouvertement affich\u00e9 \u00e0 l\u2019encontre de nos professions.<\/span><\/p>\n<p class=\"western\" align=\"justify\"><span style=\"color: #008000\"><span style=\"font-size: medium\"><b>Nous rappelons a<\/b><\/span><span style=\"font-size: medium\"><span lang=\"fr-FR\"><b>uss<\/b><\/span><\/span><span style=\"font-size: medium\"><b>i notre ferme opposition au projet de Pacte<\/b><\/span><\/span><span style=\"font-size: medium\"> destin\u00e9 \u00e0 pallier les d\u00e9faillances de l\u2019\u00c9tat en mati\u00e8re de remplacement qui va impacter directement nos \u00e9tablissements scolaires et va in\u00e9vitablement toucher \u00e0 leur fonctionnement et \u00e0 l\u2019organisation des services.<\/span><\/p>\n<p class=\"western\" align=\"justify\"><span style=\"font-size: medium\">Nous d\u00e9non\u00e7ons le discours mensonger concernant les absences qui seraient syst\u00e9matiquement remplac\u00e9es \u00e0 la rentr\u00e9e gr\u00e2ce au <\/span><span style=\"color: #000000\"><span style=\"font-size: medium\"><span lang=\"fr-FR\">P<\/span><\/span><\/span><span style=\"font-size: medium\">acte. C\u2019est un leurre qui traduit une grande m\u00e9connaissance de nos \u00e9tablissements et un profond m\u00e9pris pour la dimension p\u00e9dagogique de nos m\u00e9tiers.<\/span><\/p>\n<p class=\"western\" align=\"justify\"><span style=\"font-size: medium\">Ce Pacte n\u2019est en rien, non plus, une revalorisation pour les enseignant.es et CPE. Ils\/elles ont perdu plus de 20% de pouvoir d\u2019achat sur les 20 derni\u00e8res ann\u00e9es et ce qui leur est propos\u00e9, c\u2019est simplement de travailler plus alors que la moyenne hebdomadaire en France de temps de travail des enseignant.es est d\u2019au moins 43 heures.<\/span><\/p>\n<p class=\"western\" align=\"justify\"><span style=\"font-size: medium\">Ce <\/span><span style=\"color: #000000\"><span style=\"font-size: medium\"><span lang=\"fr-FR\">P<\/span><\/span><\/span><span style=\"font-size: medium\">acte va d\u00e9sorganiser les \u00e9tablissements et mettre en p\u00e9ril certains dispositifs et certaines missions existantes. Il vise \u00e0 mettre en place des r\u00e9formes qui donnent \u00e0 l\u2019\u00e9cole une orientation contraire \u00e0 ses missions, notamment par la seule perspective d\u2019adaptation des \u00e9l\u00e8ves au monde du travail, dont le symbole est la r\u00e9forme du lyc\u00e9e professionnel appuy\u00e9e par le <\/span><span style=\"color: #000000\"><span style=\"font-size: medium\"><span lang=\"fr-FR\">P<\/span><\/span><\/span><span style=\"font-size: medium\">acte \u00ab voie pro \u00bb.<\/span><\/p>\n<p class=\"western\" align=\"justify\"><span style=\"font-size: medium\">Ce <\/span><span style=\"color: #000000\"><span style=\"font-size: medium\"><span lang=\"fr-FR\">P<\/span><\/span><\/span><span style=\"font-size: medium\">acte entra\u00eenera une d\u00e9gradation des conditions de travail, de r\u00e9mun\u00e9ration des personnels et des conditions d&rsquo;\u00e9tudes de toutes et tous les \u00e9l\u00e8ves.<\/span><\/p>\n<p class=\"western\" align=\"justify\"><span style=\"font-size: medium\">Dans ces conditions, ce pacte va forc\u00e9ment aggraver encore les in\u00e9galit\u00e9s salariales entre les hommes et les femmes. Ceci est proprement scandaleux. <\/span><\/p>\n<p class=\"western\" align=\"justify\"><span style=\"font-size: medium\">Ce Pacte va \u00e0 l\u2019encontre des valeurs et missions de l&rsquo;Enseignement Agricole Public, qui reposent sur des principes d\u2019\u00e9quit\u00e9, d\u2019\u00e9ducation et de service public. L&rsquo;\u00e9cole publique, la\u00efque a une mission \u00e9mancipatrice bien plus ambitieuse avec un acc\u00e8s \u00e0 une culture commune pour toutes et tous.<\/span><\/p>\n<p class=\"western\" align=\"justify\"><span style=\"font-size: medium\">Pour l\u2019ensemble de ces raisons, nous exigeons l\u2019abandon du Pacte et une revalorisation du point d\u2019indice au-del\u00e0 de la compensation de l\u2019inflation subie et dans le respect des grilles d\u2019avancement salarial pour toutes et tous les personnels de nos \u00e9tablissements.<\/span><\/p>\n<p class=\"western\" align=\"justify\"><span style=\"font-size: medium;color: #008000\"><b>Nous rappelons encore notre contestation de la r\u00e9forme des lyc\u00e9es professionnels<\/b><\/span><span style=\"font-size: medium\"> visant clairement la transformation, dans l\u2019Enseignement Professionnel, de la voie initiale scolaire sur le mod\u00e8le de l\u2019apprentissage avec nos m\u00e9tiers et nos statuts comme cibles. Cette r\u00e9forme, est un outil au service des entreprises pour pallier le manque de main d&rsquo;\u0153uvre dans des secteurs d\u2019activit\u00e9 identifi\u00e9s, n\u2019est aucunement guid\u00e9e par l\u2019int\u00e9r\u00eat des \u00e9l\u00e8ves ni des familles et encore moins par le soucis de mont\u00e9e en comp\u00e9tence g\u00e9n\u00e9rale de la soci\u00e9t\u00e9. Il s\u2019agit une nouvelle fois d\u2019un passage en force de la part du gouvernement. En ce sens la poursuite des r\u00e9formes de la voie professionnelle aura des r\u00e9percussions d\u2019ampleur \u00e0 terme. Sans \u00e9voquer la vision ultra-lib\u00e9rales de la formation qui les soutiennent et la privatisation rampante qu\u2019elles imposent, elles sont justifi\u00e9es par un argumentaire populiste \u00e0 court terme de r\u00e9ponse \u00e0 des probl\u00e9matiques conjoncturelles et elles privent la soci\u00e9t\u00e9 d\u2019une partie de son principal levier, celui de la formation de l\u2019\u00e9ducation de la jeunesse, de r\u00e9ponse aux enjeux sociaux et environnementaux majeur des prochaines ann\u00e9es. Comme pour la baisse du nombre de filles dans les mati\u00e8res scientifiques due \u00e0 la r\u00e9forme Blanquer, nous le disons avec gravit\u00e9, chaque temps d\u2019\u00e9ducation perdu pour une g\u00e9n\u00e9ration sera un manque \u00e0 notre d\u00e9veloppement ou notre capacit\u00e9 d\u2019adaptation dans les cinquante prochaines ann\u00e9es. C\u2019est vrai aussi et particuli\u00e8rement impactant dans l\u2019agriculture. <\/span><\/p>\n<p class=\"western\" align=\"justify\"><span style=\"font-size: medium;color: #008000\"><b>Nous rappelons enfin notre col\u00e8re face \u00e0 l\u2019absence de reconnaissance du travail des AESH et AED<\/b><\/span><span style=\"font-size: medium\"> dans nos \u00e9tablissements. Nous alertons les Minist\u00e8res de l\u2019\u00c9ducation nationale et de l\u2019Agriculture depuis de nombreuses ann\u00e9es sur les mesures insuffisantes au regard des conditions salariales, d\u2019emploi et de travail des AESH. Leur grille salariale est devenue totalement obsol\u00e8te <\/span><span style=\"font-size: medium\">et entra\u00eene des situations de grande pauvret\u00e9 dans lesquelles sont plong\u00e9\u00b7es de nombreux.euses AESH et d\u2019autant plus au vu du contexte de forte inflation. Pourtant, les AESH contribuent pleinement \u00e0 la r\u00e9ussite de la scolarisation des \u00e9l\u00e8ves en situation de handicap mais l\u2019\u00e9cole ne peut \u00eatre vraiment inclusive tant que les AESH qui la mettent en \u0153uvre sont priv\u00e9.es d\u2019un vrai statut de la Fonction publique. L\u2019annonce lors de la conf\u00e9rence nationale du handicap de la cr\u00e9ation d\u2019un nouvel emploi regroupant les AESH et les AED est une nouvelle \u00e9tape dans le m\u00e9pris du travail de nos coll\u00e8gues. Cette mesure qui ignore la r\u00e9alit\u00e9 de ces emplois doit \u00eatre abandonn\u00e9e.<\/span><\/p>\n<p class=\"western\" align=\"justify\"><span style=\"font-size: medium\">Pour terminer cette d\u00e9claration, L\u2019Elan commun souhaite rappeler que la taille de notre r\u00e9gion n\u00e9cessite des adaptations particuli\u00e8res du format de nos instances pour garantir la repr\u00e9sentation compl\u00e8te des personnels et notre capacit\u00e9, \u00e0 nous \u00e9lu.es, d\u2019assurer notre r\u00f4le de repr\u00e9sentant.es et de porter leur parole. Pour cela des instances qui se tiennent le matin comme aujourd\u2019hui nous limite dans la pr\u00e9paration de cette r\u00e9union. Nous demandons que dor\u00e9navant, lorsqu\u2019elles sont convoqu\u00e9es sur une demi-journ\u00e9e, les r\u00e9unions se tiennent l\u2019apr\u00e8<\/span><span style=\"font-size: medium\">s-<\/span><span style=\"font-size: medium\">midi en \u00e9vitant le vendredi.<\/span><\/p>\n","protected":false},"excerpt":{"rendered":"<p>Alors que le Pr\u00e9sident de la R\u00e9publique annon\u00e7ait il y a quelques semaines que \u00ab nous avons devant nous cent jours d\u2019apaisement \u00bb, nous ne pouvons que constater et d\u00e9noncer des r\u00e9formes brutales et injustifi\u00e9es qui se poursuivent et s\u2019acc\u00e9l\u00e8rent, en particulier dans l\u2019\u00e9ducation et la formation, malgr\u00e9 des mobilisations d\u2019une ampleur exceptionnelle. Nous sommes [&hellip;]<\/p>\n","protected":false},"author":128,"featured_media":3338,"comment_status":"closed","ping_status":"closed","sticky":false,"template":"","format":"standard","meta":{"ocean_post_layout":"","ocean_both_sidebars_style":"","ocean_both_sidebars_content_width":0,"ocean_both_sidebars_sidebars_width":0,"ocean_sidebar":"","ocean_second_sidebar":"","ocean_disable_margins":"enable","ocean_add_body_class":"","ocean_shortcode_before_top_bar":"","ocean_shortcode_after_top_bar":"","ocean_shortcode_before_header":"","ocean_shortcode_after_header":"","ocean_has_shortcode":"","ocean_shortcode_after_title":"","ocean_shortcode_before_footer_widgets":"","ocean_shortcode_after_footer_widgets":"","ocean_shortcode_before_footer_bottom":"","ocean_shortcode_after_footer_bottom":"","ocean_display_top_bar":"default","ocean_display_header":"default","ocean_header_style":"","ocean_center_header_left_menu":"","ocean_custom_header_template":"","ocean_custom_logo":0,"ocean_custom_retina_logo":0,"ocean_custom_logo_max_width":0,"ocean_custom_logo_tablet_max_width":0,"ocean_custom_logo_mobile_max_width":0,"ocean_custom_logo_max_height":0,"ocean_custom_logo_tablet_max_height":0,"ocean_custom_logo_mobile_max_height":0,"ocean_header_custom_menu":"","ocean_menu_typo_font_family":"","ocean_menu_typo_font_subset":"","ocean_menu_typo_font_size":0,"ocean_menu_typo_font_size_tablet":0,"ocean_menu_typo_font_size_mobile":0,"ocean_menu_typo_font_size_unit":"px","ocean_menu_typo_font_weight":"","ocean_menu_typo_font_weight_tablet":"","ocean_menu_typo_font_weight_mobile":"","ocean_menu_typo_transform":"","ocean_menu_typo_transform_tablet":"","ocean_menu_typo_transform_mobile":"","ocean_menu_typo_line_height":0,"ocean_menu_typo_line_height_tablet":0,"ocean_menu_typo_line_height_mobile":0,"ocean_menu_typo_line_height_unit":"","ocean_menu_typo_spacing":0,"ocean_menu_typo_spacing_tablet":0,"ocean_menu_typo_spacing_mobile":0,"ocean_menu_typo_spacing_unit":"","ocean_menu_link_color":"","ocean_menu_link_color_hover":"","ocean_menu_link_color_active":"","ocean_menu_link_background":"","ocean_menu_link_hover_background":"","ocean_menu_link_active_background":"","ocean_menu_social_links_bg":"","ocean_menu_social_hover_links_bg":"","ocean_menu_social_links_color":"","ocean_menu_social_hover_links_color":"","ocean_disable_title":"default","ocean_disable_heading":"default","ocean_post_title":"","ocean_post_subheading":"","ocean_post_title_style":"","ocean_post_title_background_color":"","ocean_post_title_background":0,"ocean_post_title_bg_image_position":"","ocean_post_title_bg_image_attachment":"","ocean_post_title_bg_image_repeat":"","ocean_post_title_bg_image_size":"","ocean_post_title_height":0,"ocean_post_title_bg_overlay":0.5,"ocean_post_title_bg_overlay_color":"","ocean_disable_breadcrumbs":"default","ocean_breadcrumbs_color":"","ocean_breadcrumbs_separator_color":"","ocean_breadcrumbs_links_color":"","ocean_breadcrumbs_links_hover_color":"","ocean_display_footer_widgets":"default","ocean_display_footer_bottom":"default","ocean_custom_footer_template":"","ocean_post_oembed":"","ocean_post_self_hosted_media":"","ocean_post_video_embed":"","ocean_link_format":"","ocean_link_format_target":"self","ocean_quote_format":"","ocean_quote_format_link":"post","ocean_gallery_link_images":"off","ocean_gallery_id":[3338],"footnotes":""},"categories":[13,1],"tags":[],"post_folder":[],"class_list":["post-3337","post","type-post","status-publish","format-standard","has-post-thumbnail","hentry","category-instances","category-message-de-service","entry","has-media"],"yoast_head":"<!-- This site is optimized with the Yoast SEO plugin v27.4 - https:\/\/yoast.com\/product\/yoast-seo-wordpress\/ -->\n<title>CREA 16 juin 2023 - D\u00e9claration liminaire Elan commun - NOUVELLE AQUITAINE<\/title>\n<meta name=\"robots\" content=\"index, follow, max-snippet:-1, max-image-preview:large, max-video-preview:-1\" \/>\n<link rel=\"canonical\" href=\"https:\/\/regions-snetap-fsu.fr\/na\/2023\/06\/18\/crea-16-juin-2023-declaration-liminaire-elan-commun\/\" \/>\n<meta property=\"og:locale\" content=\"fr_FR\" \/>\n<meta property=\"og:type\" content=\"article\" \/>\n<meta property=\"og:title\" content=\"CREA 16 juin 2023 - D\u00e9claration liminaire Elan commun - NOUVELLE AQUITAINE\" \/>\n<meta property=\"og:description\" content=\"Alors que le Pr\u00e9sident de la R\u00e9publique annon\u00e7ait il y a quelques semaines que \u00ab nous avons devant nous cent jours d\u2019apaisement \u00bb, nous ne pouvons que constater et d\u00e9noncer des r\u00e9formes brutales et injustifi\u00e9es qui se poursuivent et s\u2019acc\u00e9l\u00e8rent, en particulier dans l\u2019\u00e9ducation et la formation, malgr\u00e9 des mobilisations d\u2019une ampleur exceptionnelle. Nous sommes [&hellip;]\" \/>\n<meta property=\"og:url\" content=\"https:\/\/regions-snetap-fsu.fr\/na\/2023\/06\/18\/crea-16-juin-2023-declaration-liminaire-elan-commun\/\" \/>\n<meta property=\"og:site_name\" content=\"NOUVELLE AQUITAINE\" \/>\n<meta property=\"article:published_time\" content=\"2023-06-17T23:00:54+00:00\" \/>\n<meta property=\"article:modified_time\" content=\"2023-06-17T23:05:06+00:00\" \/>\n<meta property=\"og:image\" content=\"https:\/\/regions-snetap-fsu.fr\/na\/wp-content\/uploads\/sites\/3\/2023\/06\/Declaration-CREA.jpg\" \/>\n\t<meta property=\"og:image:width\" content=\"713\" \/>\n\t<meta property=\"og:image:height\" content=\"525\" \/>\n\t<meta property=\"og:image:type\" content=\"image\/jpeg\" \/>\n<meta name=\"author\" content=\"olivierb\" \/>\n<meta name=\"twitter:card\" content=\"summary_large_image\" \/>\n<meta name=\"twitter:label1\" content=\"\u00c9crit par\" \/>\n\t<meta name=\"twitter:data1\" content=\"olivierb\" \/>\n\t<meta name=\"twitter:label2\" content=\"Dur\u00e9e de lecture estim\u00e9e\" \/>\n\t<meta name=\"twitter:data2\" content=\"5 minutes\" \/>\n<script type=\"application\/ld+json\" class=\"yoast-schema-graph\">{\"@context\":\"https:\\\/\\\/schema.org\",\"@graph\":[{\"@type\":\"Article\",\"@id\":\"https:\\\/\\\/regions-snetap-fsu.fr\\\/na\\\/2023\\\/06\\\/18\\\/crea-16-juin-2023-declaration-liminaire-elan-commun\\\/#article\",\"isPartOf\":{\"@id\":\"https:\\\/\\\/regions-snetap-fsu.fr\\\/na\\\/2023\\\/06\\\/18\\\/crea-16-juin-2023-declaration-liminaire-elan-commun\\\/\"},\"author\":{\"name\":\"olivierb\",\"@id\":\"https:\\\/\\\/regions-snetap-fsu.fr\\\/na\\\/#\\\/schema\\\/person\\\/bdf1c4fe149dcf915601f9de85ba379f\"},\"headline\":\"CREA 16 juin 2023 &#8211; D\u00e9claration liminaire Elan commun\",\"datePublished\":\"2023-06-17T23:00:54+00:00\",\"dateModified\":\"2023-06-17T23:05:06+00:00\",\"mainEntityOfPage\":{\"@id\":\"https:\\\/\\\/regions-snetap-fsu.fr\\\/na\\\/2023\\\/06\\\/18\\\/crea-16-juin-2023-declaration-liminaire-elan-commun\\\/\"},\"wordCount\":1064,\"publisher\":{\"@id\":\"https:\\\/\\\/regions-snetap-fsu.fr\\\/na\\\/#organization\"},\"image\":{\"@id\":\"https:\\\/\\\/regions-snetap-fsu.fr\\\/na\\\/2023\\\/06\\\/18\\\/crea-16-juin-2023-declaration-liminaire-elan-commun\\\/#primaryimage\"},\"thumbnailUrl\":\"https:\\\/\\\/regions-snetap-fsu.fr\\\/na\\\/wp-content\\\/uploads\\\/sites\\\/3\\\/2023\\\/06\\\/Declaration-CREA.jpg\",\"articleSection\":[\"Instances\",\"Message de service\"],\"inLanguage\":\"fr-FR\"},{\"@type\":\"WebPage\",\"@id\":\"https:\\\/\\\/regions-snetap-fsu.fr\\\/na\\\/2023\\\/06\\\/18\\\/crea-16-juin-2023-declaration-liminaire-elan-commun\\\/\",\"url\":\"https:\\\/\\\/regions-snetap-fsu.fr\\\/na\\\/2023\\\/06\\\/18\\\/crea-16-juin-2023-declaration-liminaire-elan-commun\\\/\",\"name\":\"CREA 16 juin 2023 - D\u00e9claration liminaire Elan commun - NOUVELLE AQUITAINE\",\"isPartOf\":{\"@id\":\"https:\\\/\\\/regions-snetap-fsu.fr\\\/na\\\/#website\"},\"primaryImageOfPage\":{\"@id\":\"https:\\\/\\\/regions-snetap-fsu.fr\\\/na\\\/2023\\\/06\\\/18\\\/crea-16-juin-2023-declaration-liminaire-elan-commun\\\/#primaryimage\"},\"image\":{\"@id\":\"https:\\\/\\\/regions-snetap-fsu.fr\\\/na\\\/2023\\\/06\\\/18\\\/crea-16-juin-2023-declaration-liminaire-elan-commun\\\/#primaryimage\"},\"thumbnailUrl\":\"https:\\\/\\\/regions-snetap-fsu.fr\\\/na\\\/wp-content\\\/uploads\\\/sites\\\/3\\\/2023\\\/06\\\/Declaration-CREA.jpg\",\"datePublished\":\"2023-06-17T23:00:54+00:00\",\"dateModified\":\"2023-06-17T23:05:06+00:00\",\"breadcrumb\":{\"@id\":\"https:\\\/\\\/regions-snetap-fsu.fr\\\/na\\\/2023\\\/06\\\/18\\\/crea-16-juin-2023-declaration-liminaire-elan-commun\\\/#breadcrumb\"},\"inLanguage\":\"fr-FR\",\"potentialAction\":[{\"@type\":\"ReadAction\",\"target\":[\"https:\\\/\\\/regions-snetap-fsu.fr\\\/na\\\/2023\\\/06\\\/18\\\/crea-16-juin-2023-declaration-liminaire-elan-commun\\\/\"]}]},{\"@type\":\"ImageObject\",\"inLanguage\":\"fr-FR\",\"@id\":\"https:\\\/\\\/regions-snetap-fsu.fr\\\/na\\\/2023\\\/06\\\/18\\\/crea-16-juin-2023-declaration-liminaire-elan-commun\\\/#primaryimage\",\"url\":\"https:\\\/\\\/regions-snetap-fsu.fr\\\/na\\\/wp-content\\\/uploads\\\/sites\\\/3\\\/2023\\\/06\\\/Declaration-CREA.jpg\",\"contentUrl\":\"https:\\\/\\\/regions-snetap-fsu.fr\\\/na\\\/wp-content\\\/uploads\\\/sites\\\/3\\\/2023\\\/06\\\/Declaration-CREA.jpg\",\"width\":713,\"height\":525},{\"@type\":\"BreadcrumbList\",\"@id\":\"https:\\\/\\\/regions-snetap-fsu.fr\\\/na\\\/2023\\\/06\\\/18\\\/crea-16-juin-2023-declaration-liminaire-elan-commun\\\/#breadcrumb\",\"itemListElement\":[{\"@type\":\"ListItem\",\"position\":1,\"name\":\"Accueil\",\"item\":\"https:\\\/\\\/regions-snetap-fsu.fr\\\/na\\\/\"},{\"@type\":\"ListItem\",\"position\":2,\"name\":\"CREA 16 juin 2023 &#8211; D\u00e9claration liminaire Elan commun\"}]},{\"@type\":\"WebSite\",\"@id\":\"https:\\\/\\\/regions-snetap-fsu.fr\\\/na\\\/#website\",\"url\":\"https:\\\/\\\/regions-snetap-fsu.fr\\\/na\\\/\",\"name\":\"SNETAP-FSU NOUVELLE AQUITAINE\",\"description\":\"Blog de la Section R\u00e9gionale\",\"publisher\":{\"@id\":\"https:\\\/\\\/regions-snetap-fsu.fr\\\/na\\\/#organization\"},\"potentialAction\":[{\"@type\":\"SearchAction\",\"target\":{\"@type\":\"EntryPoint\",\"urlTemplate\":\"https:\\\/\\\/regions-snetap-fsu.fr\\\/na\\\/?s={search_term_string}\"},\"query-input\":{\"@type\":\"PropertyValueSpecification\",\"valueRequired\":true,\"valueName\":\"search_term_string\"}}],\"inLanguage\":\"fr-FR\"},{\"@type\":\"Organization\",\"@id\":\"https:\\\/\\\/regions-snetap-fsu.fr\\\/na\\\/#organization\",\"name\":\"SNETAP-FSU - Nouvelle Aquitaine\",\"url\":\"https:\\\/\\\/regions-snetap-fsu.fr\\\/na\\\/\",\"logo\":{\"@type\":\"ImageObject\",\"inLanguage\":\"fr-FR\",\"@id\":\"https:\\\/\\\/regions-snetap-fsu.fr\\\/na\\\/#\\\/schema\\\/logo\\\/image\\\/\",\"url\":\"https:\\\/\\\/regions-snetap-fsu.fr\\\/na\\\/wp-content\\\/uploads\\\/sites\\\/3\\\/2020\\\/12\\\/SNETAP-Logo.jpg\",\"contentUrl\":\"https:\\\/\\\/regions-snetap-fsu.fr\\\/na\\\/wp-content\\\/uploads\\\/sites\\\/3\\\/2020\\\/12\\\/SNETAP-Logo.jpg\",\"width\":464,\"height\":334,\"caption\":\"SNETAP-FSU - Nouvelle Aquitaine\"},\"image\":{\"@id\":\"https:\\\/\\\/regions-snetap-fsu.fr\\\/na\\\/#\\\/schema\\\/logo\\\/image\\\/\"}},{\"@type\":\"Person\",\"@id\":\"https:\\\/\\\/regions-snetap-fsu.fr\\\/na\\\/#\\\/schema\\\/person\\\/bdf1c4fe149dcf915601f9de85ba379f\",\"name\":\"olivierb\",\"image\":{\"@type\":\"ImageObject\",\"inLanguage\":\"fr-FR\",\"@id\":\"https:\\\/\\\/secure.gravatar.com\\\/avatar\\\/d9cce0db1146844098d0ec7fae94551015c4ff78117aab56897823bb265a7bc9?s=96&d=mm&r=g\",\"url\":\"https:\\\/\\\/secure.gravatar.com\\\/avatar\\\/d9cce0db1146844098d0ec7fae94551015c4ff78117aab56897823bb265a7bc9?s=96&d=mm&r=g\",\"contentUrl\":\"https:\\\/\\\/secure.gravatar.com\\\/avatar\\\/d9cce0db1146844098d0ec7fae94551015c4ff78117aab56897823bb265a7bc9?s=96&d=mm&r=g\",\"caption\":\"olivierb\"},\"url\":\"https:\\\/\\\/regions-snetap-fsu.fr\\\/na\\\/author\\\/olivierb\\\/\"}]}<\/script>\n<!-- \/ Yoast SEO plugin. -->","yoast_head_json":{"title":"CREA 16 juin 2023 - D\u00e9claration liminaire Elan commun - NOUVELLE AQUITAINE","robots":{"index":"index","follow":"follow","max-snippet":"max-snippet:-1","max-image-preview":"max-image-preview:large","max-video-preview":"max-video-preview:-1"},"canonical":"https:\/\/regions-snetap-fsu.fr\/na\/2023\/06\/18\/crea-16-juin-2023-declaration-liminaire-elan-commun\/","og_locale":"fr_FR","og_type":"article","og_title":"CREA 16 juin 2023 - D\u00e9claration liminaire Elan commun - NOUVELLE AQUITAINE","og_description":"Alors que le Pr\u00e9sident de la R\u00e9publique annon\u00e7ait il y a quelques semaines que \u00ab nous avons devant nous cent jours d\u2019apaisement \u00bb, nous ne pouvons que constater et d\u00e9noncer des r\u00e9formes brutales et injustifi\u00e9es qui se poursuivent et s\u2019acc\u00e9l\u00e8rent, en particulier dans l\u2019\u00e9ducation et la formation, malgr\u00e9 des mobilisations d\u2019une ampleur exceptionnelle. Nous sommes [&hellip;]","og_url":"https:\/\/regions-snetap-fsu.fr\/na\/2023\/06\/18\/crea-16-juin-2023-declaration-liminaire-elan-commun\/","og_site_name":"NOUVELLE AQUITAINE","article_published_time":"2023-06-17T23:00:54+00:00","article_modified_time":"2023-06-17T23:05:06+00:00","og_image":[{"width":713,"height":525,"url":"https:\/\/regions-snetap-fsu.fr\/na\/wp-content\/uploads\/sites\/3\/2023\/06\/Declaration-CREA.jpg","type":"image\/jpeg"}],"author":"olivierb","twitter_card":"summary_large_image","twitter_misc":{"\u00c9crit par":"olivierb","Dur\u00e9e de lecture estim\u00e9e":"5 minutes"},"schema":{"@context":"https:\/\/schema.org","@graph":[{"@type":"Article","@id":"https:\/\/regions-snetap-fsu.fr\/na\/2023\/06\/18\/crea-16-juin-2023-declaration-liminaire-elan-commun\/#article","isPartOf":{"@id":"https:\/\/regions-snetap-fsu.fr\/na\/2023\/06\/18\/crea-16-juin-2023-declaration-liminaire-elan-commun\/"},"author":{"name":"olivierb","@id":"https:\/\/regions-snetap-fsu.fr\/na\/#\/schema\/person\/bdf1c4fe149dcf915601f9de85ba379f"},"headline":"CREA 16 juin 2023 &#8211; D\u00e9claration liminaire Elan commun","datePublished":"2023-06-17T23:00:54+00:00","dateModified":"2023-06-17T23:05:06+00:00","mainEntityOfPage":{"@id":"https:\/\/regions-snetap-fsu.fr\/na\/2023\/06\/18\/crea-16-juin-2023-declaration-liminaire-elan-commun\/"},"wordCount":1064,"publisher":{"@id":"https:\/\/regions-snetap-fsu.fr\/na\/#organization"},"image":{"@id":"https:\/\/regions-snetap-fsu.fr\/na\/2023\/06\/18\/crea-16-juin-2023-declaration-liminaire-elan-commun\/#primaryimage"},"thumbnailUrl":"https:\/\/regions-snetap-fsu.fr\/na\/wp-content\/uploads\/sites\/3\/2023\/06\/Declaration-CREA.jpg","articleSection":["Instances","Message de service"],"inLanguage":"fr-FR"},{"@type":"WebPage","@id":"https:\/\/regions-snetap-fsu.fr\/na\/2023\/06\/18\/crea-16-juin-2023-declaration-liminaire-elan-commun\/","url":"https:\/\/regions-snetap-fsu.fr\/na\/2023\/06\/18\/crea-16-juin-2023-declaration-liminaire-elan-commun\/","name":"CREA 16 juin 2023 - D\u00e9claration liminaire Elan commun - NOUVELLE AQUITAINE","isPartOf":{"@id":"https:\/\/regions-snetap-fsu.fr\/na\/#website"},"primaryImageOfPage":{"@id":"https:\/\/regions-snetap-fsu.fr\/na\/2023\/06\/18\/crea-16-juin-2023-declaration-liminaire-elan-commun\/#primaryimage"},"image":{"@id":"https:\/\/regions-snetap-fsu.fr\/na\/2023\/06\/18\/crea-16-juin-2023-declaration-liminaire-elan-commun\/#primaryimage"},"thumbnailUrl":"https:\/\/regions-snetap-fsu.fr\/na\/wp-content\/uploads\/sites\/3\/2023\/06\/Declaration-CREA.jpg","datePublished":"2023-06-17T23:00:54+00:00","dateModified":"2023-06-17T23:05:06+00:00","breadcrumb":{"@id":"https:\/\/regions-snetap-fsu.fr\/na\/2023\/06\/18\/crea-16-juin-2023-declaration-liminaire-elan-commun\/#breadcrumb"},"inLanguage":"fr-FR","potentialAction":[{"@type":"ReadAction","target":["https:\/\/regions-snetap-fsu.fr\/na\/2023\/06\/18\/crea-16-juin-2023-declaration-liminaire-elan-commun\/"]}]},{"@type":"ImageObject","inLanguage":"fr-FR","@id":"https:\/\/regions-snetap-fsu.fr\/na\/2023\/06\/18\/crea-16-juin-2023-declaration-liminaire-elan-commun\/#primaryimage","url":"https:\/\/regions-snetap-fsu.fr\/na\/wp-content\/uploads\/sites\/3\/2023\/06\/Declaration-CREA.jpg","contentUrl":"https:\/\/regions-snetap-fsu.fr\/na\/wp-content\/uploads\/sites\/3\/2023\/06\/Declaration-CREA.jpg","width":713,"height":525},{"@type":"BreadcrumbList","@id":"https:\/\/regions-snetap-fsu.fr\/na\/2023\/06\/18\/crea-16-juin-2023-declaration-liminaire-elan-commun\/#breadcrumb","itemListElement":[{"@type":"ListItem","position":1,"name":"Accueil","item":"https:\/\/regions-snetap-fsu.fr\/na\/"},{"@type":"ListItem","position":2,"name":"CREA 16 juin 2023 &#8211; D\u00e9claration liminaire Elan commun"}]},{"@type":"WebSite","@id":"https:\/\/regions-snetap-fsu.fr\/na\/#website","url":"https:\/\/regions-snetap-fsu.fr\/na\/","name":"SNETAP-FSU NOUVELLE AQUITAINE","description":"Blog de la Section R\u00e9gionale","publisher":{"@id":"https:\/\/regions-snetap-fsu.fr\/na\/#organization"},"potentialAction":[{"@type":"SearchAction","target":{"@type":"EntryPoint","urlTemplate":"https:\/\/regions-snetap-fsu.fr\/na\/?s={search_term_string}"},"query-input":{"@type":"PropertyValueSpecification","valueRequired":true,"valueName":"search_term_string"}}],"inLanguage":"fr-FR"},{"@type":"Organization","@id":"https:\/\/regions-snetap-fsu.fr\/na\/#organization","name":"SNETAP-FSU - Nouvelle Aquitaine","url":"https:\/\/regions-snetap-fsu.fr\/na\/","logo":{"@type":"ImageObject","inLanguage":"fr-FR","@id":"https:\/\/regions-snetap-fsu.fr\/na\/#\/schema\/logo\/image\/","url":"https:\/\/regions-snetap-fsu.fr\/na\/wp-content\/uploads\/sites\/3\/2020\/12\/SNETAP-Logo.jpg","contentUrl":"https:\/\/regions-snetap-fsu.fr\/na\/wp-content\/uploads\/sites\/3\/2020\/12\/SNETAP-Logo.jpg","width":464,"height":334,"caption":"SNETAP-FSU - Nouvelle Aquitaine"},"image":{"@id":"https:\/\/regions-snetap-fsu.fr\/na\/#\/schema\/logo\/image\/"}},{"@type":"Person","@id":"https:\/\/regions-snetap-fsu.fr\/na\/#\/schema\/person\/bdf1c4fe149dcf915601f9de85ba379f","name":"olivierb","image":{"@type":"ImageObject","inLanguage":"fr-FR","@id":"https:\/\/secure.gravatar.com\/avatar\/d9cce0db1146844098d0ec7fae94551015c4ff78117aab56897823bb265a7bc9?s=96&d=mm&r=g","url":"https:\/\/secure.gravatar.com\/avatar\/d9cce0db1146844098d0ec7fae94551015c4ff78117aab56897823bb265a7bc9?s=96&d=mm&r=g","contentUrl":"https:\/\/secure.gravatar.com\/avatar\/d9cce0db1146844098d0ec7fae94551015c4ff78117aab56897823bb265a7bc9?s=96&d=mm&r=g","caption":"olivierb"},"url":"https:\/\/regions-snetap-fsu.fr\/na\/author\/olivierb\/"}]}},"_links":{"self":[{"href":"https:\/\/regions-snetap-fsu.fr\/na\/wp-json\/wp\/v2\/posts\/3337","targetHints":{"allow":["GET"]}}],"collection":[{"href":"https:\/\/regions-snetap-fsu.fr\/na\/wp-json\/wp\/v2\/posts"}],"about":[{"href":"https:\/\/regions-snetap-fsu.fr\/na\/wp-json\/wp\/v2\/types\/post"}],"author":[{"embeddable":true,"href":"https:\/\/regions-snetap-fsu.fr\/na\/wp-json\/wp\/v2\/users\/128"}],"replies":[{"embeddable":true,"href":"https:\/\/regions-snetap-fsu.fr\/na\/wp-json\/wp\/v2\/comments?post=3337"}],"version-history":[{"count":2,"href":"https:\/\/regions-snetap-fsu.fr\/na\/wp-json\/wp\/v2\/posts\/3337\/revisions"}],"predecessor-version":[{"id":3340,"href":"https:\/\/regions-snetap-fsu.fr\/na\/wp-json\/wp\/v2\/posts\/3337\/revisions\/3340"}],"wp:featuredmedia":[{"embeddable":true,"href":"https:\/\/regions-snetap-fsu.fr\/na\/wp-json\/wp\/v2\/media\/3338"}],"wp:attachment":[{"href":"https:\/\/regions-snetap-fsu.fr\/na\/wp-json\/wp\/v2\/media?parent=3337"}],"wp:term":[{"taxonomy":"category","embeddable":true,"href":"https:\/\/regions-snetap-fsu.fr\/na\/wp-json\/wp\/v2\/categories?post=3337"},{"taxonomy":"post_tag","embeddable":true,"href":"https:\/\/regions-snetap-fsu.fr\/na\/wp-json\/wp\/v2\/tags?post=3337"},{"taxonomy":"post_folder","embeddable":true,"href":"https:\/\/regions-snetap-fsu.fr\/na\/wp-json\/wp\/v2\/post_folder?post=3337"}],"curies":[{"name":"wp","href":"https:\/\/api.w.org\/{rel}","templated":true}]}}