{"id":3329,"date":"2023-05-29T16:45:06","date_gmt":"2023-05-29T14:45:06","guid":{"rendered":"https:\/\/regions-snetap-fsu.fr\/na\/?p=3329"},"modified":"2023-06-09T16:49:21","modified_gmt":"2023-06-09T14:49:21","slug":"vendredi-9-juin-saintes-desclaude-non-au-snu","status":"publish","type":"post","link":"https:\/\/regions-snetap-fsu.fr\/na\/2023\/05\/29\/vendredi-9-juin-saintes-desclaude-non-au-snu\/","title":{"rendered":"vendredi 9 juin : Saintes Desclaude, non au SNU !"},"content":{"rendered":"\n\t\t<div class=\"wppdfemb-frame-container-1\" style=\"-webkit-overflow-scrolling:auto;\">\n\t\t\t<iframe class=\"pdfembed-iframe nonfullscreen wppdf-emb-iframe-1\"\n\t\t\t\tsrc=\"https:\/\/regions-snetap-fsu.fr\/na\/?pdfemb-data=eyJ1cmwiOiJodHRwczpcL1wvcmVnaW9ucy1zbmV0YXAtZnN1LmZyXC9uYVwvd3AtY29udGVudFwvdXBsb2Fkc1wvc2l0ZXNcLzNcLzIwMjNcLzA2XC9TTlUtMjAyMy1TdGVzLnBkZiIsInRpdGxlIjoiU05VIDIwMjMgU3RlcyIsImluZGV4IjoxLCJwZGZJRCI6MzMzMH0\"\n\t\t\t\ttitle=\"SNU 2023 Stes\"\t\t\t\tdata-pdf-id=\"3330\"\n\t\t\t\tdata-pdf-index=\"1\"\n\t\t\t\tstyle=\"border:none;width:100%;max-width:100%;height:100vh;\"\n\t\t\t\tscrolling=\"yes\">\n\t\t\t<\/iframe>\n\t\t<\/div>\n\n\t\t\n<p>&nbsp;<\/p>\n<p class=\"western\" lang=\"fr-FR\"><img fetchpriority=\"high\" decoding=\"async\" src=\"\/Users\/YANNIC~1.LE-\/AppData\/Local\/Temp\/lu183921h6q2j.tmp\/lu183921h6q38_tmp_c3842dc676806d52.jpg\" width=\"536\" height=\"384\" align=\"left\" border=\"0\" hspace=\"18\" \/> <span style=\"color: #404040\"><span style=\"font-family: Times New Roman, serif\"><span style=\"font-size: large\"><b>ABROGATION DU SNU-LA, TOUT DE SUITE ET MAINTENANT !<\/b><\/span><\/span><\/span><\/p>\n<p class=\"western\" lang=\"fr-FR\" align=\"center\"><span style=\"color: #404040\"><span style=\"font-family: Times New Roman, serif\"><span style=\"font-size: large\"><b>REFUS DE L\u2019OBLIGATION !<\/b><\/span><\/span><\/span><\/p>\n<p class=\"western\" lang=\"fr-FR\" align=\"center\"><span style=\"color: #404040\"><span style=\"font-family: Times New Roman, serif\"><span style=\"font-size: large\"><b>OBJECTION DE CONSCIENCE POUR CELLES ET CEUX QUI LE VEULENT !<\/b><\/span><\/span><\/span><\/p>\n<p class=\"western\" lang=\"fr-FR\" align=\"right\"><span style=\"color: #404040\"><span style=\"font-family: Times New Roman, serif\"><span style=\"font-size: small\">Site FNLP Le <\/span><\/span><\/span><a href=\"https:\/\/www.fnlp.fr\/2023\/06\/06\/declaration-commune-dorganisations-membres-des-collectifs-non-au-snu-et-jeunesses-citoyennete-emancipation\/\"><span style=\"color: #1b8be0\"><span style=\"font-family: Times New Roman, serif\"><span style=\"font-size: small\">6 juin 2023<\/span><\/span><\/span><\/a><\/p>\n<p class=\"western\" lang=\"fr-FR\"><span style=\"color: #404040\"><span style=\"font-family: Times New Roman, serif\">La Libre Pens\u00e9e est partie prenante du Collectif \u00ab Anti-SNU \u00bb et de celui \u00abPour une alternative au SNU \u00bb Elle a agi pour un rapprochement entre les Deux Collectifs sur les positions qu\u2019ils ont en commun Vous trouverez ci-dessous\u00a0<\/span><\/span><span style=\"color: #404040\"><span style=\"font-family: Times New Roman, serif\"><b>la D\u00e9claration commune d\u2019Associations membres des deux Collectifs<\/b><\/span><\/span><\/p>\n<p class=\"western\" lang=\"fr-FR\" align=\"center\"><span style=\"font-family: Times New Roman, serif\"><span style=\"font-size: x-large\"><b><span style=\"color: #404040\">D\u00e9claration commune d\u2019organisations<br \/>\nmembres des Collectifs<br \/>\n\u00ab\u00a0<\/span><\/b><\/span><\/span><span style=\"font-family: Times New Roman, serif\"><span style=\"font-size: x-large\"><i><b><span style=\"color: #404040\">Non au SNU<\/span><\/b><\/i><\/span><\/span><span style=\"font-family: Times New Roman, serif\"><span style=\"font-size: x-large\"><b><span style=\"color: #404040\">\u00a0\u00bb et <\/span><\/b><\/span><\/span><span style=\"font-family: Times New Roman, serif\"><span style=\"font-size: x-large\"><b><span style=\"color: #000000\">\u00ab\u00a0<\/span><\/b><\/span><\/span><span style=\"font-family: Times New Roman, serif\"><span style=\"font-size: x-large\"><i><b><span style=\"color: #000000\">Jeunesses Citoyennet\u00e9 \u00c9mancipation<\/span><\/b><\/i><\/span><\/span><span style=\"font-family: Times New Roman, serif\"><span style=\"font-size: x-large\"><b><span style=\"color: #000000\">\u00a0\u00bb<\/span><\/b><\/span><\/span><\/p>\n<p class=\"western\" lang=\"fr-FR\"><span style=\"font-family: Times New Roman, serif\"><span style=\"color: #404040\">Nous avons d\u00e9cid\u00e9 de rendre publique notre opposition conjointe \u00e0 la mise en \u0153uvre et \u00e0 la mont\u00e9e en charge du\u00a0<\/span><\/span><span style=\"font-family: Times New Roman, serif\"><b><span style=\"color: #404040\">Service National Universel<\/span><\/b><\/span><span style=\"font-family: Times New Roman, serif\"><span style=\"color: #404040\">\u00a0d\u00e9cid\u00e9 par Emmanuel Macron et son gouvernement.<\/span><\/span><\/p>\n<p class=\"western\" lang=\"fr-FR\"><span style=\"font-family: Times New Roman, serif\"><span style=\"color: #404040\">Ainsi, nous sommes unis par notre volont\u00e9\u00a0:<\/span><\/span><\/p>\n<ul>\n<li>\n<p class=\"western\" lang=\"fr-FR\"><span style=\"font-family: Times New Roman, serif\"><b><span style=\"color: #404040\">De refuser la militarisation de la jeunesse<\/span><\/b><\/span><span style=\"font-family: Times New Roman, serif\"><span style=\"color: #404040\">, par les levers et les saluts au drapeau, l\u2019uniforme, les chants martiaux, les exercices physiques pour les \u00ab\u00a0casser et discipliner\u00a0\u00bb, pour leur apprendre \u00e0 ob\u00e9ir, ainsi que la place prise par les actuels ou anciens membres de l\u2019arm\u00e9e dans l\u2019encadrement.<\/span><\/span><\/p>\n<\/li>\n<\/ul>\n<ul>\n<li>\n<p class=\"western\" lang=\"fr-FR\"><span style=\"font-family: Times New Roman, serif\"><b><span style=\"color: #404040\">De refuser un des buts affich\u00e9s du SNU<\/span><\/b><\/span><span style=\"font-family: Times New Roman, serif\"><span style=\"color: #404040\">\u00a0pr\u00e9sent\u00e9 dans le rapport \u00ab\u00a0Jeunesse et citoyennet\u00e9\u00a0: une culture \u00e0 r\u00e9inventer\u00a0\u00bb du S\u00e9nat : \u00ab\u00a0dans une logique de\u00a0contribution \u00e0 l\u2019esprit de d\u00e9fense, d\u2019informer les jeunes des perspectives de carri\u00e8re dans les arm\u00e9es et la gendarmerie, et des besoins des forces de r\u00e9serves, la professionnalisation imposant un effort particulier pour susciter des vocations\u00a0\u00bb. En clair, un r\u00e9servoir de recrutement pour l\u2019Arm\u00e9e.<\/span><\/span><\/p>\n<\/li>\n<\/ul>\n<ul>\n<li>\n<p class=\"western\" lang=\"fr-FR\"><span style=\"font-family: Times New Roman, serif\"><b><span style=\"color: #404040\">De d\u00e9noncer les pratiques de certains encadrements<\/span><\/b><\/span><span style=\"font-family: Times New Roman, serif\"><span style=\"color: #404040\">\u00a0en l\u2019absence de professionnels qui aient une vraie formation d\u2019encadrement des jeunes. La presse s\u2019est d\u00e9j\u00e0 fait l\u2019\u00e9cho \u00e0 plusieurs reprises de violences et comportements inappropri\u00e9s et maltraitants. Nous ne les identifions pas comme de simples d\u00e9rives individuelles, et estimons que le projet et le cadre du SNU les favorisent. Ces pratiques nous alertent d\u2019autant plus que les SDJES et les DRAJES sont charg\u00e9es de l\u2019organisation du SNU, mais aussi de son contr\u00f4le. Un m\u00e9lange des genres inqui\u00e9tant qui ne permet pas de traiter avec ind\u00e9pendance et s\u00e9rieux les probl\u00e8mes qui sont et qui pourraient survenir sur les s\u00e9jours.<\/span><\/span><\/p>\n<\/li>\n<\/ul>\n<ul>\n<li>\n<p class=\"western\" lang=\"fr-FR\"><span style=\"font-family: Times New Roman, serif\"><b><span style=\"color: #404040\">De mettre en lumi\u00e8re<\/span><\/b><\/span><span style=\"font-family: Times New Roman, serif\"><span style=\"color: #404040\">\u00a0un autre rapport du m\u00eame S\u00e9nat relatif\u00a0<\/span><\/span><span style=\"font-family: Times New Roman, serif\"><b><span style=\"color: #404040\">au co\u00fbt exorbitant du SNU<\/span><\/b><\/span><span style=\"font-family: Times New Roman, serif\"><span style=\"color: #404040\">\u00a0dans un contexte o\u00f9 l\u2019\u00e9cole publique comme le secteur de l\u2019\u00e9ducation populaire manquent de moyens, et son impossibilit\u00e9 pratique de trouver une r\u00e9alisation concr\u00e8te. Nous revendiquons que les sommes importantes d\u00e9volues pour le SNU soient consacr\u00e9es \u00e0 l\u2019\u00c9ducation nationale, \u00e0 la Jeunesse et aux Sports et \u00e0 de r\u00e9elles politiques jeunesses ambitieuses, elles y seront ainsi plus utiles et mieux employ\u00e9es.<\/span><\/span><\/p>\n<\/li>\n<\/ul>\n<ul>\n<li>\n<p class=\"western\" lang=\"fr-FR\"><span style=\"font-family: Times New Roman, serif\"><b><span style=\"color: #404040\">De repousser la politique argumentative du Gouvernement insinuant que la jeunesse pourrait \u00eatre achet\u00e9e pour participer au SNU<\/span><\/b><\/span><span style=\"font-family: Times New Roman, serif\"><span style=\"color: #404040\">\u00a0par des avantages mat\u00e9riels comme le permis de conduire, l\u2019acc\u00e8s aux concours de la Fonction publique, l\u2019obtention du BAFA, des facilit\u00e9s pour Parcours-Sup, etc. Ces propositions sont la marque d\u2019un certain m\u00e9pris envers la jeunesse et remettent profond\u00e9ment en cause le principe d\u2019\u00e9galit\u00e9 des droits des jeunes.<\/span><\/span><\/p>\n<\/li>\n<\/ul>\n<ul>\n<li>\n<p class=\"western\" lang=\"fr-FR\"><span style=\"font-family: Times New Roman, serif\"><b><span style=\"color: #404040\">De rejeter la politique d\u2019instrumentalisation budg\u00e9taire intent\u00e9e au secteur de l\u2019animation<\/span><\/b><\/span><span style=\"font-family: Times New Roman, serif\"><span style=\"color: #404040\">\u00a0par Mme Sarah El Ha\u00efry afin de faire accepter le SNU. Cette tentative et la consid\u00e9ration des organisations du secteur comme de vulgaires prestataires de service par la Secr\u00e9taire d\u2019\u00c9tat charg\u00e9e de la Jeunesse et du Service national universel t\u00e9moignent d\u2019un double discours autour de la construction des politiques de jeunesse.<\/span><\/span><\/p>\n<\/li>\n<\/ul>\n<ul>\n<li>\n<p class=\"western\" lang=\"fr-FR\"><span style=\"font-family: Times New Roman, serif\"><b><span style=\"color: #404040\">D\u2019exiger la non-obligation pour les jeunes d\u2019aller au SNU si celui-ci devait perdurer sous sa forme actuelle<\/span><\/b><\/span><span style=\"font-family: Times New Roman, serif\"><span style=\"color: #404040\">, ce que nous contestons. Cette obligation entra\u00eenerait in\u00e9vitablement la revendication de l\u2019obtention d\u2019un statut d\u2019objection de conscience. Si les jeunes s\u2019engagent dans une \u00ab action civique \u00bb, cela ne peut leur \u00eatre impos\u00e9 : cela doit \u00eatre uniquement sur la base du volontariat. Tout devoir impos\u00e9 est une servitude et de surcro\u00eet, contre-productif. D\u2019ailleurs, on observe d\u00e9j\u00e0 ce refus du SNU : chaque ann\u00e9e depuis 2019, les objectifs gouvernementaux, pourtant \u00ab mesur\u00e9s \u00bb sont tr\u00e8s loin d\u2019\u00eatre atteints.<\/span><\/span><\/p>\n<\/li>\n<\/ul>\n<ul>\n<li>\n<p class=\"western\" lang=\"fr-FR\"><span style=\"font-family: Times New Roman, serif\"><b><span style=\"color: #404040\">De souligner, a contrario, l\u2019importance que nous attachons \u00e0 des politiques publiques qui viennent soutenir et favoriser l\u2019\u00e9mancipation des jeunes<\/span><\/b><\/span><span style=\"font-family: Times New Roman, serif\"><span style=\"color: #404040\">, la lutte contre leur pr\u00e9carit\u00e9 aggrav\u00e9e, la construction de leur esprit critique, et leurs capacit\u00e9s d\u2019engagement volontaire.<\/span><\/span><\/p>\n<\/li>\n<\/ul>\n<p class=\"western\" lang=\"fr-FR\"><span style=\"font-family: Times New Roman, serif\"><b><span style=\"color: #404040\">En cons\u00e9quence, les deux Collectifs \u00ab\u00a0<\/span><\/b><\/span><span style=\"font-family: Times New Roman, serif\"><i><b><span style=\"color: #404040\">Non au SNU<\/span><\/b><\/i><\/span><span style=\"font-family: Times New Roman, serif\"><b><span style=\"color: #404040\">\u00a0\u00bb et\u00a0<\/span><\/b><\/span><span style=\"font-family: Times New Roman, serif\"><b><span style=\"color: #000000\">\u00ab\u00a0<\/span><\/b><\/span><span style=\"font-family: Times New Roman, serif\"><i><b><span style=\"color: #000000\">Jeunesses Citoyennet\u00e9 \u00c9mancipation<\/span><\/b><\/i><\/span><span style=\"font-family: Times New Roman, serif\"><b><span style=\"color: #000000\">\u00a0\u00bb demandent l\u2019abandon et l\u2019abrogation du\u00a0<\/span><\/b><\/span><span style=\"font-family: Times New Roman, serif\"><i><b><span style=\"color: #000000\">Service National Universel<\/span><\/b><\/i><\/span><span style=\"font-family: Times New Roman, serif\"><b><span style=\"color: #000000\">.<\/span><\/b><\/span><\/p>\n<p class=\"western\" lang=\"fr-FR\" align=\"right\"><span style=\"font-family: Times New Roman, serif\"><u><span style=\"color: #000000\">Paris, le 5 juin 2023<\/span><\/u><\/span><\/p>\n<p class=\"western\" lang=\"fr-FR\"><span style=\"font-family: Times New Roman, serif\"><b><span style=\"color: #404040\">PR\u00c9CISIONS\u00a0:<\/span><\/b><\/span><span style=\"font-family: Times New Roman, serif\"><span style=\"color: #404040\">\u00a0Le Collectif\u00a0<\/span><\/span><span style=\"font-family: Times New Roman, serif\"><i><b><span style=\"color: #404040\">\u00ab\u00a0Non au SNU<\/span><\/b><\/i><\/span><span style=\"font-family: Times New Roman, serif\"><span style=\"color: #404040\">\u00a0\u00bb est oppos\u00e9 \u00e0 toute forme de \u00ab\u00a0<\/span><\/span><span style=\"font-family: Times New Roman, serif\"><i><span style=\"color: #404040\">service de la jeunesse, militaire ou civil, car il refuse par principe toute forme d\u2019embrigadement de la jeunesse<\/span><\/i><\/span><span style=\"font-family: Times New Roman, serif\"><span style=\"color: #404040\">\u00a0\u00bb. Le Collectif \u00ab\u00a0<\/span><\/span><span style=\"font-family: Times New Roman, serif\"><i><b><span style=\"color: #404040\">Jeunesses Citoyennet\u00e9 \u00c9mancipation<\/span><\/b><\/i><\/span><span style=\"font-family: Times New Roman, serif\"><span style=\"color: #404040\">\u00a0\u00bb propose une action de substitution au\u00a0<\/span><\/span><span style=\"font-family: Times New Roman, serif\"><b><span style=\"color: #404040\">SNU<\/span><\/b><\/span><span style=\"font-family: Times New Roman, serif\"><span style=\"color: #404040\">, conforme aux int\u00e9r\u00eats et aux besoins de la jeunesse. Il s\u2019emploie \u00e0 construire une alternative au\u00a0<\/span><\/span><span style=\"font-family: Times New Roman, serif\"><b><span style=\"color: #404040\">SNU<\/span><\/b><\/span><span style=\"font-family: Times New Roman, serif\"><span style=\"color: #404040\">\u00a0et non un\u00a0<\/span><\/span><span style=\"font-family: Times New Roman, serif\"><b><span style=\"color: #404040\">SNU alternatif<\/span><\/b><\/span><span style=\"font-family: Times New Roman, serif\"><span style=\"color: #404040\">. Les\u00a0<\/span><\/span><span style=\"font-family: Times New Roman, serif\"><b><span style=\"color: #404040\">deux Collectifs<\/span><\/b><\/span><span style=\"font-family: Times New Roman, serif\"><span style=\"color: #404040\">\u00a0sont unis par leur refus du\u00a0<\/span><\/span><span style=\"font-family: Times New Roman, serif\"><b><span style=\"color: #404040\">SNU<\/span><\/b><\/span><span style=\"font-family: Times New Roman, serif\"><span style=\"color: #404040\">\u00a0concoct\u00e9 par le gouvernement.<\/span><\/span><\/p>\n<p class=\"western\" lang=\"fr-FR\"><span style=\"font-family: Times New Roman, serif\"><u><b><span style=\"color: #000000\">Signataires\u00a0:<\/span><\/b><\/u><\/span><\/p>\n<p class=\"western\" lang=\"fr-FR\"><span style=\"font-family: Times New Roman, serif\"><u><b><span style=\"color: #404040\">Membres du collectif \u00ab\u00a0Jeunesses Citoyennet\u00e9 \u00c9mancipation\u00a0\u00bb<\/span><\/b><\/u><\/span><span style=\"font-family: Times New Roman, serif\"><u><span style=\"color: #404040\">\u00a0:<\/span><\/u><\/span><\/p>\n<p class=\"western\" lang=\"fr-FR\"><span style=\"color: #000000\">\u25cf\u00a0<\/span><span style=\"font-family: Times New Roman, serif\"><b><span style=\"color: #000000\">F\u00e9d\u00e9ration nationale de la Libre Pens\u00e9e<\/span><\/b><\/span><\/p>\n<p class=\"western\" lang=\"fr-FR\"><span style=\"color: #000000\">\u25cf\u00a0<\/span><span style=\"font-family: Times New Roman, serif\"><b><span style=\"color: #000000\">Ligue des Droits de l\u2019Homme<\/span><\/b><\/span><\/p>\n<p class=\"western\" lang=\"fr-FR\"><span style=\"color: #404040\">\u25cf\u00a0<\/span><span style=\"font-family: Times New Roman, serif\"><b><span style=\"color: #000000\">Le Mouvement Rural de Jeunesse Chr\u00e9tienne<\/span><\/b><\/span><\/p>\n<p class=\"western\" lang=\"fr-FR\"><span style=\"color: #000000\">\u25cf\u00a0<\/span><span style=\"font-family: Times New Roman, serif\"><b><span style=\"color: #000000\">Forum fran\u00e7ais de la jeunesse (FFJ)<\/span><\/b><\/span><\/p>\n<p class=\"western\" lang=\"fr-FR\"><span style=\"color: #000000\">\u25cf\u00a0<\/span><span style=\"font-family: Times New Roman, serif\"><b><span style=\"color: #000000\">UNEF<\/span><\/b><\/span><\/p>\n<p class=\"western\" lang=\"fr-FR\"><span style=\"font-family: Times New Roman, serif\"><u><b><span style=\"color: #404040\">Membres du collectif \u00ab\u00a0Non au SNU\u00a0\u00bb<\/span><\/b><\/u><\/span><span style=\"font-family: Times New Roman, serif\"><span style=\"color: #404040\">\u00a0:\u00a0<\/span><\/span><span style=\"font-family: Times New Roman, serif\"><b><span style=\"color: #404040\">Union pacifiste, Union syndicale Solidaires, ASSO-Solidaires, F\u00e9d\u00e9ration Solidaires \u00c9tudiant\u00b7e\u00b7s, F\u00e9d\u00e9ration SUD \u00e9ducation, SUNDEP Solidaires Sud Enseignement priv\u00e9, Solidaires Jeunesse et Sports, F\u00e9d\u00e9ration SUD Collectivit\u00e9s territoriales, F\u00e9d\u00e9ration \u00c9ducation de la Conf\u00e9d\u00e9ration Nationale du Travail, CNT Sant\u00e9, \u00c9ducation, Social et Territoriale de Lorraine, Syndicat unifi\u00e9 du b\u00e2timent de la r\u00e9gion parisienne de la Conf\u00e9d\u00e9ration Nationale du Travail, F\u00e9d\u00e9ration \u00e9ducation\/recherche de la CNT-SO, Les Jeunesses Syndicalistes, Mouvement National Lyc\u00e9en, F\u00e9d\u00e9ration Ind\u00e9pendante et D\u00e9mocratique Lyc\u00e9enne, F\u00e9d\u00e9ration nationale de la Libre Pens\u00e9e, Droits Devant !!, Ni guerres ni \u00e9tat de guerre, Causes communes, Anciens Appel\u00e9s en Alg\u00e9rie et leurs Ami(e)s Contre la Guerre, R\u00e9seau des Centres de Recherche, d\u2019Etude et de Formation \u00e0 l\u2019Animation et au D\u00e9veloppement, Mouvement de la paix, ATTAC-France, Stop Fuelling War, Abolition des Armes Nucl\u00e9aires \u2013 Maison de Vigilance, Mouvement de l\u2019Objection de Conscience Nancy, GRATLIB, Queer Education, F\u00e9d\u00e9ration Nationale La\u00efque des Amis des Monuments Pacifistes, Mouvement pour une Alternative Non-violente, Unjourlapaix, Parti Communiste des Ouvriers de France, Europe \u00c9cologie \u2013 Les Verts, Union Communiste Libertaire, Les Jeunes \u00e9cologistes, Union des Jeunes R\u00e9volutionnaires, Union Prol\u00e9tarienne ML, Unit\u00e9 Communiste de Lyon, Groupe libertaire Jules Durand, Pour une Ecologie Populaire et Sociale, Mouvement R\u00e9silience, Alternatives et autogestion, Cercle 49, Radio-Libertaire, Revue Silence, Cerises la coop\u00e9rative, Questions de classes, L\u2019Allume-Feu, Arc en ciel th\u00e9\u00e2tre r\u00e9seau coop\u00e9ratif, Toustes en Colo Collectifs locaux unitaires Non au SNU Nantes, Lyon, Bordeaux, Angoul\u00eame, Chamb\u00e9ry, H\u00e9rault, Vend\u00e9e, Marseille, Var, Vosges\u2026<\/span><\/b><\/span><\/p>\n<p class=\"western\" lang=\"fr-FR\"><span style=\"font-family: Times New Roman, serif\"><span style=\"font-size: small\"><b><span style=\"color: #404040\">Pour rejoindre le collectif :\u00a0<\/span><\/b><\/span><\/span><a href=\"mailto:nonsnu@lists.riseup.net\" target=\"_blank\" rel=\"noopener\"><span style=\"color: #1b8be0\"><span style=\"font-family: Times New Roman, serif\"><span style=\"font-size: small\"><b>nonsnu@lists.riseup.net<\/b><\/span><\/span><\/span><\/a><\/p>\n","protected":false},"excerpt":{"rendered":"<p>&nbsp; ABROGATION DU SNU-LA, TOUT DE SUITE ET MAINTENANT ! REFUS DE L\u2019OBLIGATION ! OBJECTION DE CONSCIENCE POUR CELLES ET CEUX QUI LE VEULENT ! Site FNLP Le 6 juin 2023 La Libre Pens\u00e9e est partie prenante du Collectif \u00ab Anti-SNU \u00bb et de celui \u00abPour une alternative au SNU \u00bb Elle a agi pour [&hellip;]<\/p>\n","protected":false},"author":87,"featured_media":3333,"comment_status":"closed","ping_status":"closed","sticky":false,"template":"","format":"standard","meta":{"ocean_post_layout":"","ocean_both_sidebars_style":"","ocean_both_sidebars_content_width":0,"ocean_both_sidebars_sidebars_width":0,"ocean_sidebar":"0","ocean_second_sidebar":"0","ocean_disable_margins":"enable","ocean_add_body_class":"","ocean_shortcode_before_top_bar":"","ocean_shortcode_after_top_bar":"","ocean_shortcode_before_header":"","ocean_shortcode_after_header":"","ocean_has_shortcode":"","ocean_shortcode_after_title":"","ocean_shortcode_before_footer_widgets":"","ocean_shortcode_after_footer_widgets":"","ocean_shortcode_before_footer_bottom":"","ocean_shortcode_after_footer_bottom":"","ocean_display_top_bar":"default","ocean_display_header":"default","ocean_header_style":"","ocean_center_header_left_menu":"0","ocean_custom_header_template":"0","ocean_custom_logo":0,"ocean_custom_retina_logo":0,"ocean_custom_logo_max_width":0,"ocean_custom_logo_tablet_max_width":0,"ocean_custom_logo_mobile_max_width":0,"ocean_custom_logo_max_height":0,"ocean_custom_logo_tablet_max_height":0,"ocean_custom_logo_mobile_max_height":0,"ocean_header_custom_menu":"0","ocean_menu_typo_font_family":"0","ocean_menu_typo_font_subset":"","ocean_menu_typo_font_size":0,"ocean_menu_typo_font_size_tablet":0,"ocean_menu_typo_font_size_mobile":0,"ocean_menu_typo_font_size_unit":"px","ocean_menu_typo_font_weight":"","ocean_menu_typo_font_weight_tablet":"","ocean_menu_typo_font_weight_mobile":"","ocean_menu_typo_transform":"","ocean_menu_typo_transform_tablet":"","ocean_menu_typo_transform_mobile":"","ocean_menu_typo_line_height":0,"ocean_menu_typo_line_height_tablet":0,"ocean_menu_typo_line_height_mobile":0,"ocean_menu_typo_line_height_unit":"","ocean_menu_typo_spacing":0,"ocean_menu_typo_spacing_tablet":0,"ocean_menu_typo_spacing_mobile":0,"ocean_menu_typo_spacing_unit":"","ocean_menu_link_color":"","ocean_menu_link_color_hover":"","ocean_menu_link_color_active":"","ocean_menu_link_background":"","ocean_menu_link_hover_background":"","ocean_menu_link_active_background":"","ocean_menu_social_links_bg":"","ocean_menu_social_hover_links_bg":"","ocean_menu_social_links_color":"","ocean_menu_social_hover_links_color":"","ocean_disable_title":"default","ocean_disable_heading":"default","ocean_post_title":"","ocean_post_subheading":"","ocean_post_title_style":"","ocean_post_title_background_color":"","ocean_post_title_background":0,"ocean_post_title_bg_image_position":"","ocean_post_title_bg_image_attachment":"","ocean_post_title_bg_image_repeat":"","ocean_post_title_bg_image_size":"","ocean_post_title_height":0,"ocean_post_title_bg_overlay":0.5,"ocean_post_title_bg_overlay_color":"","ocean_disable_breadcrumbs":"default","ocean_breadcrumbs_color":"","ocean_breadcrumbs_separator_color":"","ocean_breadcrumbs_links_color":"","ocean_breadcrumbs_links_hover_color":"","ocean_display_footer_widgets":"default","ocean_display_footer_bottom":"default","ocean_custom_footer_template":"0","ocean_post_oembed":"","ocean_post_self_hosted_media":"","ocean_post_video_embed":"","ocean_link_format":"","ocean_link_format_target":"self","ocean_quote_format":"","ocean_quote_format_link":"post","ocean_gallery_link_images":"off","ocean_gallery_id":[],"footnotes":""},"categories":[12,2,16,1,8,7],"tags":[],"post_folder":[],"class_list":["post-3329","post","type-post","status-publish","format-standard","has-post-thumbnail","hentry","category-actions","category-actus","category-communiques","category-message-de-service","category-na","category-expc","entry","has-media"],"yoast_head":"<!-- This site is optimized with the Yoast SEO plugin v27.4 - https:\/\/yoast.com\/product\/yoast-seo-wordpress\/ -->\n<title>vendredi 9 juin : Saintes Desclaude, non au SNU ! - NOUVELLE AQUITAINE<\/title>\n<meta name=\"robots\" content=\"index, follow, max-snippet:-1, max-image-preview:large, max-video-preview:-1\" \/>\n<link rel=\"canonical\" href=\"https:\/\/regions-snetap-fsu.fr\/na\/2023\/05\/29\/vendredi-9-juin-saintes-desclaude-non-au-snu\/\" \/>\n<meta property=\"og:locale\" content=\"fr_FR\" \/>\n<meta property=\"og:type\" content=\"article\" \/>\n<meta property=\"og:title\" content=\"vendredi 9 juin : Saintes Desclaude, non au SNU ! - NOUVELLE AQUITAINE\" \/>\n<meta property=\"og:description\" content=\"&nbsp; ABROGATION DU SNU-LA, TOUT DE SUITE ET MAINTENANT ! REFUS DE L\u2019OBLIGATION ! OBJECTION DE CONSCIENCE POUR CELLES ET CEUX QUI LE VEULENT ! Site FNLP Le 6 juin 2023 La Libre Pens\u00e9e est partie prenante du Collectif \u00ab Anti-SNU \u00bb et de celui \u00abPour une alternative au SNU \u00bb Elle a agi pour [&hellip;]\" \/>\n<meta property=\"og:url\" content=\"https:\/\/regions-snetap-fsu.fr\/na\/2023\/05\/29\/vendredi-9-juin-saintes-desclaude-non-au-snu\/\" \/>\n<meta property=\"og:site_name\" content=\"NOUVELLE AQUITAINE\" \/>\n<meta property=\"article:published_time\" content=\"2023-05-29T14:45:06+00:00\" \/>\n<meta property=\"article:modified_time\" content=\"2023-06-09T14:49:21+00:00\" \/>\n<meta property=\"og:image\" content=\"https:\/\/regions-snetap-fsu.fr\/na\/wp-content\/uploads\/sites\/3\/2023\/06\/Snu.png\" \/>\n\t<meta property=\"og:image:width\" content=\"224\" \/>\n\t<meta property=\"og:image:height\" content=\"225\" \/>\n\t<meta property=\"og:image:type\" content=\"image\/png\" \/>\n<meta name=\"author\" content=\"el blanco\" \/>\n<meta name=\"twitter:card\" content=\"summary_large_image\" \/>\n<meta name=\"twitter:label1\" content=\"\u00c9crit par\" \/>\n\t<meta name=\"twitter:data1\" content=\"el blanco\" \/>\n\t<meta name=\"twitter:label2\" content=\"Dur\u00e9e de lecture estim\u00e9e\" \/>\n\t<meta name=\"twitter:data2\" content=\"6 minutes\" \/>\n<script type=\"application\/ld+json\" class=\"yoast-schema-graph\">{\"@context\":\"https:\\\/\\\/schema.org\",\"@graph\":[{\"@type\":\"Article\",\"@id\":\"https:\\\/\\\/regions-snetap-fsu.fr\\\/na\\\/2023\\\/05\\\/29\\\/vendredi-9-juin-saintes-desclaude-non-au-snu\\\/#article\",\"isPartOf\":{\"@id\":\"https:\\\/\\\/regions-snetap-fsu.fr\\\/na\\\/2023\\\/05\\\/29\\\/vendredi-9-juin-saintes-desclaude-non-au-snu\\\/\"},\"author\":{\"name\":\"el blanco\",\"@id\":\"https:\\\/\\\/regions-snetap-fsu.fr\\\/na\\\/#\\\/schema\\\/person\\\/ac42fbdc9c4977a4d3a4895e2d2e68d5\"},\"headline\":\"vendredi 9 juin : Saintes Desclaude, non au SNU !\",\"datePublished\":\"2023-05-29T14:45:06+00:00\",\"dateModified\":\"2023-06-09T14:49:21+00:00\",\"mainEntityOfPage\":{\"@id\":\"https:\\\/\\\/regions-snetap-fsu.fr\\\/na\\\/2023\\\/05\\\/29\\\/vendredi-9-juin-saintes-desclaude-non-au-snu\\\/\"},\"wordCount\":1223,\"publisher\":{\"@id\":\"https:\\\/\\\/regions-snetap-fsu.fr\\\/na\\\/#organization\"},\"image\":{\"@id\":\"https:\\\/\\\/regions-snetap-fsu.fr\\\/na\\\/2023\\\/05\\\/29\\\/vendredi-9-juin-saintes-desclaude-non-au-snu\\\/#primaryimage\"},\"thumbnailUrl\":\"https:\\\/\\\/regions-snetap-fsu.fr\\\/na\\\/wp-content\\\/uploads\\\/sites\\\/3\\\/2023\\\/06\\\/Snu.png\",\"articleSection\":[\"Actions\",\"Actus\",\"Communiqu\u00e9s\",\"Message de service\",\"NA\",\"Secteur Poitou-Charentes\"],\"inLanguage\":\"fr-FR\"},{\"@type\":\"WebPage\",\"@id\":\"https:\\\/\\\/regions-snetap-fsu.fr\\\/na\\\/2023\\\/05\\\/29\\\/vendredi-9-juin-saintes-desclaude-non-au-snu\\\/\",\"url\":\"https:\\\/\\\/regions-snetap-fsu.fr\\\/na\\\/2023\\\/05\\\/29\\\/vendredi-9-juin-saintes-desclaude-non-au-snu\\\/\",\"name\":\"vendredi 9 juin : Saintes Desclaude, non au SNU ! - NOUVELLE AQUITAINE\",\"isPartOf\":{\"@id\":\"https:\\\/\\\/regions-snetap-fsu.fr\\\/na\\\/#website\"},\"primaryImageOfPage\":{\"@id\":\"https:\\\/\\\/regions-snetap-fsu.fr\\\/na\\\/2023\\\/05\\\/29\\\/vendredi-9-juin-saintes-desclaude-non-au-snu\\\/#primaryimage\"},\"image\":{\"@id\":\"https:\\\/\\\/regions-snetap-fsu.fr\\\/na\\\/2023\\\/05\\\/29\\\/vendredi-9-juin-saintes-desclaude-non-au-snu\\\/#primaryimage\"},\"thumbnailUrl\":\"https:\\\/\\\/regions-snetap-fsu.fr\\\/na\\\/wp-content\\\/uploads\\\/sites\\\/3\\\/2023\\\/06\\\/Snu.png\",\"datePublished\":\"2023-05-29T14:45:06+00:00\",\"dateModified\":\"2023-06-09T14:49:21+00:00\",\"breadcrumb\":{\"@id\":\"https:\\\/\\\/regions-snetap-fsu.fr\\\/na\\\/2023\\\/05\\\/29\\\/vendredi-9-juin-saintes-desclaude-non-au-snu\\\/#breadcrumb\"},\"inLanguage\":\"fr-FR\",\"potentialAction\":[{\"@type\":\"ReadAction\",\"target\":[\"https:\\\/\\\/regions-snetap-fsu.fr\\\/na\\\/2023\\\/05\\\/29\\\/vendredi-9-juin-saintes-desclaude-non-au-snu\\\/\"]}]},{\"@type\":\"ImageObject\",\"inLanguage\":\"fr-FR\",\"@id\":\"https:\\\/\\\/regions-snetap-fsu.fr\\\/na\\\/2023\\\/05\\\/29\\\/vendredi-9-juin-saintes-desclaude-non-au-snu\\\/#primaryimage\",\"url\":\"https:\\\/\\\/regions-snetap-fsu.fr\\\/na\\\/wp-content\\\/uploads\\\/sites\\\/3\\\/2023\\\/06\\\/Snu.png\",\"contentUrl\":\"https:\\\/\\\/regions-snetap-fsu.fr\\\/na\\\/wp-content\\\/uploads\\\/sites\\\/3\\\/2023\\\/06\\\/Snu.png\",\"width\":224,\"height\":225},{\"@type\":\"BreadcrumbList\",\"@id\":\"https:\\\/\\\/regions-snetap-fsu.fr\\\/na\\\/2023\\\/05\\\/29\\\/vendredi-9-juin-saintes-desclaude-non-au-snu\\\/#breadcrumb\",\"itemListElement\":[{\"@type\":\"ListItem\",\"position\":1,\"name\":\"Accueil\",\"item\":\"https:\\\/\\\/regions-snetap-fsu.fr\\\/na\\\/\"},{\"@type\":\"ListItem\",\"position\":2,\"name\":\"vendredi 9 juin : Saintes Desclaude, non au SNU !\"}]},{\"@type\":\"WebSite\",\"@id\":\"https:\\\/\\\/regions-snetap-fsu.fr\\\/na\\\/#website\",\"url\":\"https:\\\/\\\/regions-snetap-fsu.fr\\\/na\\\/\",\"name\":\"SNETAP-FSU NOUVELLE AQUITAINE\",\"description\":\"Blog de la Section R\u00e9gionale\",\"publisher\":{\"@id\":\"https:\\\/\\\/regions-snetap-fsu.fr\\\/na\\\/#organization\"},\"potentialAction\":[{\"@type\":\"SearchAction\",\"target\":{\"@type\":\"EntryPoint\",\"urlTemplate\":\"https:\\\/\\\/regions-snetap-fsu.fr\\\/na\\\/?s={search_term_string}\"},\"query-input\":{\"@type\":\"PropertyValueSpecification\",\"valueRequired\":true,\"valueName\":\"search_term_string\"}}],\"inLanguage\":\"fr-FR\"},{\"@type\":\"Organization\",\"@id\":\"https:\\\/\\\/regions-snetap-fsu.fr\\\/na\\\/#organization\",\"name\":\"SNETAP-FSU - Nouvelle Aquitaine\",\"url\":\"https:\\\/\\\/regions-snetap-fsu.fr\\\/na\\\/\",\"logo\":{\"@type\":\"ImageObject\",\"inLanguage\":\"fr-FR\",\"@id\":\"https:\\\/\\\/regions-snetap-fsu.fr\\\/na\\\/#\\\/schema\\\/logo\\\/image\\\/\",\"url\":\"https:\\\/\\\/regions-snetap-fsu.fr\\\/na\\\/wp-content\\\/uploads\\\/sites\\\/3\\\/2020\\\/12\\\/SNETAP-Logo.jpg\",\"contentUrl\":\"https:\\\/\\\/regions-snetap-fsu.fr\\\/na\\\/wp-content\\\/uploads\\\/sites\\\/3\\\/2020\\\/12\\\/SNETAP-Logo.jpg\",\"width\":464,\"height\":334,\"caption\":\"SNETAP-FSU - Nouvelle Aquitaine\"},\"image\":{\"@id\":\"https:\\\/\\\/regions-snetap-fsu.fr\\\/na\\\/#\\\/schema\\\/logo\\\/image\\\/\"}},{\"@type\":\"Person\",\"@id\":\"https:\\\/\\\/regions-snetap-fsu.fr\\\/na\\\/#\\\/schema\\\/person\\\/ac42fbdc9c4977a4d3a4895e2d2e68d5\",\"name\":\"el blanco\",\"image\":{\"@type\":\"ImageObject\",\"inLanguage\":\"fr-FR\",\"@id\":\"https:\\\/\\\/secure.gravatar.com\\\/avatar\\\/813cfa949421988d54b68d617a31e8b1601ad2cf76cbdfa12fc2dcdb0763888d?s=96&d=mm&r=g\",\"url\":\"https:\\\/\\\/secure.gravatar.com\\\/avatar\\\/813cfa949421988d54b68d617a31e8b1601ad2cf76cbdfa12fc2dcdb0763888d?s=96&d=mm&r=g\",\"contentUrl\":\"https:\\\/\\\/secure.gravatar.com\\\/avatar\\\/813cfa949421988d54b68d617a31e8b1601ad2cf76cbdfa12fc2dcdb0763888d?s=96&d=mm&r=g\",\"caption\":\"el blanco\"},\"url\":\"https:\\\/\\\/regions-snetap-fsu.fr\\\/na\\\/author\\\/y-le-blanc\\\/\"}]}<\/script>\n<!-- \/ Yoast SEO plugin. -->","yoast_head_json":{"title":"vendredi 9 juin : Saintes Desclaude, non au SNU ! - NOUVELLE AQUITAINE","robots":{"index":"index","follow":"follow","max-snippet":"max-snippet:-1","max-image-preview":"max-image-preview:large","max-video-preview":"max-video-preview:-1"},"canonical":"https:\/\/regions-snetap-fsu.fr\/na\/2023\/05\/29\/vendredi-9-juin-saintes-desclaude-non-au-snu\/","og_locale":"fr_FR","og_type":"article","og_title":"vendredi 9 juin : Saintes Desclaude, non au SNU ! - NOUVELLE AQUITAINE","og_description":"&nbsp; ABROGATION DU SNU-LA, TOUT DE SUITE ET MAINTENANT ! REFUS DE L\u2019OBLIGATION ! OBJECTION DE CONSCIENCE POUR CELLES ET CEUX QUI LE VEULENT ! Site FNLP Le 6 juin 2023 La Libre Pens\u00e9e est partie prenante du Collectif \u00ab Anti-SNU \u00bb et de celui \u00abPour une alternative au SNU \u00bb Elle a agi pour [&hellip;]","og_url":"https:\/\/regions-snetap-fsu.fr\/na\/2023\/05\/29\/vendredi-9-juin-saintes-desclaude-non-au-snu\/","og_site_name":"NOUVELLE AQUITAINE","article_published_time":"2023-05-29T14:45:06+00:00","article_modified_time":"2023-06-09T14:49:21+00:00","og_image":[{"width":224,"height":225,"url":"https:\/\/regions-snetap-fsu.fr\/na\/wp-content\/uploads\/sites\/3\/2023\/06\/Snu.png","type":"image\/png"}],"author":"el blanco","twitter_card":"summary_large_image","twitter_misc":{"\u00c9crit par":"el blanco","Dur\u00e9e de lecture estim\u00e9e":"6 minutes"},"schema":{"@context":"https:\/\/schema.org","@graph":[{"@type":"Article","@id":"https:\/\/regions-snetap-fsu.fr\/na\/2023\/05\/29\/vendredi-9-juin-saintes-desclaude-non-au-snu\/#article","isPartOf":{"@id":"https:\/\/regions-snetap-fsu.fr\/na\/2023\/05\/29\/vendredi-9-juin-saintes-desclaude-non-au-snu\/"},"author":{"name":"el blanco","@id":"https:\/\/regions-snetap-fsu.fr\/na\/#\/schema\/person\/ac42fbdc9c4977a4d3a4895e2d2e68d5"},"headline":"vendredi 9 juin : Saintes Desclaude, non au SNU !","datePublished":"2023-05-29T14:45:06+00:00","dateModified":"2023-06-09T14:49:21+00:00","mainEntityOfPage":{"@id":"https:\/\/regions-snetap-fsu.fr\/na\/2023\/05\/29\/vendredi-9-juin-saintes-desclaude-non-au-snu\/"},"wordCount":1223,"publisher":{"@id":"https:\/\/regions-snetap-fsu.fr\/na\/#organization"},"image":{"@id":"https:\/\/regions-snetap-fsu.fr\/na\/2023\/05\/29\/vendredi-9-juin-saintes-desclaude-non-au-snu\/#primaryimage"},"thumbnailUrl":"https:\/\/regions-snetap-fsu.fr\/na\/wp-content\/uploads\/sites\/3\/2023\/06\/Snu.png","articleSection":["Actions","Actus","Communiqu\u00e9s","Message de service","NA","Secteur Poitou-Charentes"],"inLanguage":"fr-FR"},{"@type":"WebPage","@id":"https:\/\/regions-snetap-fsu.fr\/na\/2023\/05\/29\/vendredi-9-juin-saintes-desclaude-non-au-snu\/","url":"https:\/\/regions-snetap-fsu.fr\/na\/2023\/05\/29\/vendredi-9-juin-saintes-desclaude-non-au-snu\/","name":"vendredi 9 juin : Saintes Desclaude, non au SNU ! - NOUVELLE AQUITAINE","isPartOf":{"@id":"https:\/\/regions-snetap-fsu.fr\/na\/#website"},"primaryImageOfPage":{"@id":"https:\/\/regions-snetap-fsu.fr\/na\/2023\/05\/29\/vendredi-9-juin-saintes-desclaude-non-au-snu\/#primaryimage"},"image":{"@id":"https:\/\/regions-snetap-fsu.fr\/na\/2023\/05\/29\/vendredi-9-juin-saintes-desclaude-non-au-snu\/#primaryimage"},"thumbnailUrl":"https:\/\/regions-snetap-fsu.fr\/na\/wp-content\/uploads\/sites\/3\/2023\/06\/Snu.png","datePublished":"2023-05-29T14:45:06+00:00","dateModified":"2023-06-09T14:49:21+00:00","breadcrumb":{"@id":"https:\/\/regions-snetap-fsu.fr\/na\/2023\/05\/29\/vendredi-9-juin-saintes-desclaude-non-au-snu\/#breadcrumb"},"inLanguage":"fr-FR","potentialAction":[{"@type":"ReadAction","target":["https:\/\/regions-snetap-fsu.fr\/na\/2023\/05\/29\/vendredi-9-juin-saintes-desclaude-non-au-snu\/"]}]},{"@type":"ImageObject","inLanguage":"fr-FR","@id":"https:\/\/regions-snetap-fsu.fr\/na\/2023\/05\/29\/vendredi-9-juin-saintes-desclaude-non-au-snu\/#primaryimage","url":"https:\/\/regions-snetap-fsu.fr\/na\/wp-content\/uploads\/sites\/3\/2023\/06\/Snu.png","contentUrl":"https:\/\/regions-snetap-fsu.fr\/na\/wp-content\/uploads\/sites\/3\/2023\/06\/Snu.png","width":224,"height":225},{"@type":"BreadcrumbList","@id":"https:\/\/regions-snetap-fsu.fr\/na\/2023\/05\/29\/vendredi-9-juin-saintes-desclaude-non-au-snu\/#breadcrumb","itemListElement":[{"@type":"ListItem","position":1,"name":"Accueil","item":"https:\/\/regions-snetap-fsu.fr\/na\/"},{"@type":"ListItem","position":2,"name":"vendredi 9 juin : Saintes Desclaude, non au SNU !"}]},{"@type":"WebSite","@id":"https:\/\/regions-snetap-fsu.fr\/na\/#website","url":"https:\/\/regions-snetap-fsu.fr\/na\/","name":"SNETAP-FSU NOUVELLE AQUITAINE","description":"Blog de la Section R\u00e9gionale","publisher":{"@id":"https:\/\/regions-snetap-fsu.fr\/na\/#organization"},"potentialAction":[{"@type":"SearchAction","target":{"@type":"EntryPoint","urlTemplate":"https:\/\/regions-snetap-fsu.fr\/na\/?s={search_term_string}"},"query-input":{"@type":"PropertyValueSpecification","valueRequired":true,"valueName":"search_term_string"}}],"inLanguage":"fr-FR"},{"@type":"Organization","@id":"https:\/\/regions-snetap-fsu.fr\/na\/#organization","name":"SNETAP-FSU - Nouvelle Aquitaine","url":"https:\/\/regions-snetap-fsu.fr\/na\/","logo":{"@type":"ImageObject","inLanguage":"fr-FR","@id":"https:\/\/regions-snetap-fsu.fr\/na\/#\/schema\/logo\/image\/","url":"https:\/\/regions-snetap-fsu.fr\/na\/wp-content\/uploads\/sites\/3\/2020\/12\/SNETAP-Logo.jpg","contentUrl":"https:\/\/regions-snetap-fsu.fr\/na\/wp-content\/uploads\/sites\/3\/2020\/12\/SNETAP-Logo.jpg","width":464,"height":334,"caption":"SNETAP-FSU - Nouvelle Aquitaine"},"image":{"@id":"https:\/\/regions-snetap-fsu.fr\/na\/#\/schema\/logo\/image\/"}},{"@type":"Person","@id":"https:\/\/regions-snetap-fsu.fr\/na\/#\/schema\/person\/ac42fbdc9c4977a4d3a4895e2d2e68d5","name":"el blanco","image":{"@type":"ImageObject","inLanguage":"fr-FR","@id":"https:\/\/secure.gravatar.com\/avatar\/813cfa949421988d54b68d617a31e8b1601ad2cf76cbdfa12fc2dcdb0763888d?s=96&d=mm&r=g","url":"https:\/\/secure.gravatar.com\/avatar\/813cfa949421988d54b68d617a31e8b1601ad2cf76cbdfa12fc2dcdb0763888d?s=96&d=mm&r=g","contentUrl":"https:\/\/secure.gravatar.com\/avatar\/813cfa949421988d54b68d617a31e8b1601ad2cf76cbdfa12fc2dcdb0763888d?s=96&d=mm&r=g","caption":"el blanco"},"url":"https:\/\/regions-snetap-fsu.fr\/na\/author\/y-le-blanc\/"}]}},"_links":{"self":[{"href":"https:\/\/regions-snetap-fsu.fr\/na\/wp-json\/wp\/v2\/posts\/3329","targetHints":{"allow":["GET"]}}],"collection":[{"href":"https:\/\/regions-snetap-fsu.fr\/na\/wp-json\/wp\/v2\/posts"}],"about":[{"href":"https:\/\/regions-snetap-fsu.fr\/na\/wp-json\/wp\/v2\/types\/post"}],"author":[{"embeddable":true,"href":"https:\/\/regions-snetap-fsu.fr\/na\/wp-json\/wp\/v2\/users\/87"}],"replies":[{"embeddable":true,"href":"https:\/\/regions-snetap-fsu.fr\/na\/wp-json\/wp\/v2\/comments?post=3329"}],"version-history":[{"count":3,"href":"https:\/\/regions-snetap-fsu.fr\/na\/wp-json\/wp\/v2\/posts\/3329\/revisions"}],"predecessor-version":[{"id":3335,"href":"https:\/\/regions-snetap-fsu.fr\/na\/wp-json\/wp\/v2\/posts\/3329\/revisions\/3335"}],"wp:featuredmedia":[{"embeddable":true,"href":"https:\/\/regions-snetap-fsu.fr\/na\/wp-json\/wp\/v2\/media\/3333"}],"wp:attachment":[{"href":"https:\/\/regions-snetap-fsu.fr\/na\/wp-json\/wp\/v2\/media?parent=3329"}],"wp:term":[{"taxonomy":"category","embeddable":true,"href":"https:\/\/regions-snetap-fsu.fr\/na\/wp-json\/wp\/v2\/categories?post=3329"},{"taxonomy":"post_tag","embeddable":true,"href":"https:\/\/regions-snetap-fsu.fr\/na\/wp-json\/wp\/v2\/tags?post=3329"},{"taxonomy":"post_folder","embeddable":true,"href":"https:\/\/regions-snetap-fsu.fr\/na\/wp-json\/wp\/v2\/post_folder?post=3329"}],"curies":[{"name":"wp","href":"https:\/\/api.w.org\/{rel}","templated":true}]}}