{"id":3067,"date":"2022-10-19T10:28:59","date_gmt":"2022-10-19T08:28:59","guid":{"rendered":"https:\/\/regions-snetap-fsu.fr\/na\/?p=3067"},"modified":"2022-10-19T10:36:33","modified_gmt":"2022-10-19T08:36:33","slug":"pour-les-lycees-pro-on-ne-lache-rien-en-nouvelle-aquitaine-et-ailleurs","status":"publish","type":"post","link":"https:\/\/regions-snetap-fsu.fr\/na\/2022\/10\/19\/pour-les-lycees-pro-on-ne-lache-rien-en-nouvelle-aquitaine-et-ailleurs\/","title":{"rendered":"Pour les Lyc\u00e9es pro, on ne l\u00e2che rien en Nouvelle-Aquitaine et ailleurs !"},"content":{"rendered":"<p>&nbsp;<\/p>\n<p><img decoding=\"async\" class=\" wp-image-3076 alignright\" src=\"https:\/\/regions-snetap-fsu.fr\/na\/wp-content\/uploads\/sites\/3\/2022\/10\/WhatsApp-Image-2022-10-18-at-16.49.00-300x225.jpeg\" alt=\"\" width=\"243\" height=\"182\" srcset=\"https:\/\/regions-snetap-fsu.fr\/na\/wp-content\/uploads\/sites\/3\/2022\/10\/WhatsApp-Image-2022-10-18-at-16.49.00-300x225.jpeg 300w, https:\/\/regions-snetap-fsu.fr\/na\/wp-content\/uploads\/sites\/3\/2022\/10\/WhatsApp-Image-2022-10-18-at-16.49.00-1024x768.jpeg 1024w, https:\/\/regions-snetap-fsu.fr\/na\/wp-content\/uploads\/sites\/3\/2022\/10\/WhatsApp-Image-2022-10-18-at-16.49.00-768x576.jpeg 768w, https:\/\/regions-snetap-fsu.fr\/na\/wp-content\/uploads\/sites\/3\/2022\/10\/WhatsApp-Image-2022-10-18-at-16.49.00-1536x1152.jpeg 1536w, https:\/\/regions-snetap-fsu.fr\/na\/wp-content\/uploads\/sites\/3\/2022\/10\/WhatsApp-Image-2022-10-18-at-16.49.00.jpeg 1600w\" sizes=\"(max-width: 243px) 100vw, 243px\" \/><\/p>\n<p>Les \u00e9tablissements agricoles publics se sont mobilis\u00e9s au cot\u00e9 de leurs coll\u00e8gues de l&rsquo;\u00e9ducation nationale pour s&rsquo;opposer au projet de r\u00e9forme du gouvernement qui imposerait un surplus de stages aux lyc\u00e9ens et lyc\u00e9ennes des LP et la main mise des entreprises sur nos \u00e9tablissements. Dans les acad\u00e9mies de Poitiers, Limoges et de Bordeaux les rassemblements ont \u00e9t\u00e9 une vraie r\u00e9ussite qu&rsquo;il convient de renforcer et d&rsquo;amplifier dans les jours qui viennent dans les \u00e9tablissements. Pour cela l&rsquo;intersyndicale nationale se r\u00e9unit prochainement ainsi que les intersyndicales acad\u00e9miques.<\/p>\n<p>Le Snetap-fsu avec la FSU y prendront toute leur part. En attendant il convient de poursuivre le travail d&rsquo;information des \u00e9quipes \u00e9ducatives sur les cons\u00e9quences mortif\u00e8re de ce projet : <a href=\"https:\/\/www.snetap-fsu.fr\/POUR-LE-RETRAIT-DE-LA-REFORME-MACRON-DES-LYCEES-PROS\">https:\/\/www.snetap-fsu.fr\/POUR-LE-RETRAIT-DE-LA-REFORME-MACRON-DES-LYCEES-PROS<\/a>.html et la tribune de<a href=\"https:\/\/regions-snetap-fsu.fr\/na\/wp-content\/uploads\/sites\/3\/2022\/10\/tribune-FSU-lyce\u00b4e-pro-VF-2.pdf\"> Benoit Teste de la FSU<\/a> qui reprend les arguments de font sur les cons\u00e9quences pour les LP ses \u00e9l\u00e8ve futurs travailleur et travailleuses et la soci\u00e9t\u00e9.<\/p>\n<p><img decoding=\"async\" class=\"alignnone wp-image-3075\" src=\"https:\/\/regions-snetap-fsu.fr\/na\/wp-content\/uploads\/sites\/3\/2022\/10\/WhatsApp-Image-2022-10-18-at-15.30.09-300x225.jpeg\" alt=\"\" width=\"203\" height=\"152\" srcset=\"https:\/\/regions-snetap-fsu.fr\/na\/wp-content\/uploads\/sites\/3\/2022\/10\/WhatsApp-Image-2022-10-18-at-15.30.09-300x225.jpeg 300w, https:\/\/regions-snetap-fsu.fr\/na\/wp-content\/uploads\/sites\/3\/2022\/10\/WhatsApp-Image-2022-10-18-at-15.30.09-1024x768.jpeg 1024w, https:\/\/regions-snetap-fsu.fr\/na\/wp-content\/uploads\/sites\/3\/2022\/10\/WhatsApp-Image-2022-10-18-at-15.30.09-768x576.jpeg 768w, https:\/\/regions-snetap-fsu.fr\/na\/wp-content\/uploads\/sites\/3\/2022\/10\/WhatsApp-Image-2022-10-18-at-15.30.09-1536x1152.jpeg 1536w, https:\/\/regions-snetap-fsu.fr\/na\/wp-content\/uploads\/sites\/3\/2022\/10\/WhatsApp-Image-2022-10-18-at-15.30.09.jpeg 1600w\" sizes=\"(max-width: 203px) 100vw, 203px\" \/> <img decoding=\"async\" class=\"alignnone wp-image-3074\" src=\"https:\/\/regions-snetap-fsu.fr\/na\/wp-content\/uploads\/sites\/3\/2022\/10\/WhatsApp-Image-2022-10-18-at-15.11.42-300x235.jpeg\" alt=\"\" width=\"225\" height=\"176\" srcset=\"https:\/\/regions-snetap-fsu.fr\/na\/wp-content\/uploads\/sites\/3\/2022\/10\/WhatsApp-Image-2022-10-18-at-15.11.42-300x235.jpeg 300w, https:\/\/regions-snetap-fsu.fr\/na\/wp-content\/uploads\/sites\/3\/2022\/10\/WhatsApp-Image-2022-10-18-at-15.11.42.jpeg 625w\" sizes=\"(max-width: 225px) 100vw, 225px\" \/> <img loading=\"lazy\" decoding=\"async\" class=\"alignnone wp-image-3073\" src=\"https:\/\/regions-snetap-fsu.fr\/na\/wp-content\/uploads\/sites\/3\/2022\/10\/WhatsApp-Image-2022-10-18-at-13.43.20-300x169.jpeg\" alt=\"\" width=\"245\" height=\"138\" srcset=\"https:\/\/regions-snetap-fsu.fr\/na\/wp-content\/uploads\/sites\/3\/2022\/10\/WhatsApp-Image-2022-10-18-at-13.43.20-300x169.jpeg 300w, https:\/\/regions-snetap-fsu.fr\/na\/wp-content\/uploads\/sites\/3\/2022\/10\/WhatsApp-Image-2022-10-18-at-13.43.20-1024x576.jpeg 1024w, https:\/\/regions-snetap-fsu.fr\/na\/wp-content\/uploads\/sites\/3\/2022\/10\/WhatsApp-Image-2022-10-18-at-13.43.20-768x432.jpeg 768w, https:\/\/regions-snetap-fsu.fr\/na\/wp-content\/uploads\/sites\/3\/2022\/10\/WhatsApp-Image-2022-10-18-at-13.43.20-1536x864.jpeg 1536w, https:\/\/regions-snetap-fsu.fr\/na\/wp-content\/uploads\/sites\/3\/2022\/10\/WhatsApp-Image-2022-10-18-at-13.43.20-800x450.jpeg 800w, https:\/\/regions-snetap-fsu.fr\/na\/wp-content\/uploads\/sites\/3\/2022\/10\/WhatsApp-Image-2022-10-18-at-13.43.20.jpeg 2048w\" sizes=\"(max-width: 245px) 100vw, 245px\" \/> <img loading=\"lazy\" decoding=\"async\" class=\"alignnone wp-image-3072\" src=\"https:\/\/regions-snetap-fsu.fr\/na\/wp-content\/uploads\/sites\/3\/2022\/10\/WhatsApp-Image-2022-10-18-at-13.42.23-300x169.jpeg\" alt=\"\" width=\"234\" height=\"132\" srcset=\"https:\/\/regions-snetap-fsu.fr\/na\/wp-content\/uploads\/sites\/3\/2022\/10\/WhatsApp-Image-2022-10-18-at-13.42.23-300x169.jpeg 300w, https:\/\/regions-snetap-fsu.fr\/na\/wp-content\/uploads\/sites\/3\/2022\/10\/WhatsApp-Image-2022-10-18-at-13.42.23-1024x576.jpeg 1024w, https:\/\/regions-snetap-fsu.fr\/na\/wp-content\/uploads\/sites\/3\/2022\/10\/WhatsApp-Image-2022-10-18-at-13.42.23-768x432.jpeg 768w, https:\/\/regions-snetap-fsu.fr\/na\/wp-content\/uploads\/sites\/3\/2022\/10\/WhatsApp-Image-2022-10-18-at-13.42.23-1536x864.jpeg 1536w, https:\/\/regions-snetap-fsu.fr\/na\/wp-content\/uploads\/sites\/3\/2022\/10\/WhatsApp-Image-2022-10-18-at-13.42.23-800x450.jpeg 800w, https:\/\/regions-snetap-fsu.fr\/na\/wp-content\/uploads\/sites\/3\/2022\/10\/WhatsApp-Image-2022-10-18-at-13.42.23.jpeg 2048w\" sizes=\"(max-width: 234px) 100vw, 234px\" \/> <img loading=\"lazy\" decoding=\"async\" class=\"alignnone wp-image-3071\" src=\"https:\/\/regions-snetap-fsu.fr\/na\/wp-content\/uploads\/sites\/3\/2022\/10\/WhatsApp-Image-2022-10-18-at-13.03.34-300x225.jpeg\" alt=\"\" width=\"199\" height=\"149\" srcset=\"https:\/\/regions-snetap-fsu.fr\/na\/wp-content\/uploads\/sites\/3\/2022\/10\/WhatsApp-Image-2022-10-18-at-13.03.34-300x225.jpeg 300w, https:\/\/regions-snetap-fsu.fr\/na\/wp-content\/uploads\/sites\/3\/2022\/10\/WhatsApp-Image-2022-10-18-at-13.03.34-1024x768.jpeg 1024w, https:\/\/regions-snetap-fsu.fr\/na\/wp-content\/uploads\/sites\/3\/2022\/10\/WhatsApp-Image-2022-10-18-at-13.03.34-768x576.jpeg 768w, https:\/\/regions-snetap-fsu.fr\/na\/wp-content\/uploads\/sites\/3\/2022\/10\/WhatsApp-Image-2022-10-18-at-13.03.34-1536x1152.jpeg 1536w, https:\/\/regions-snetap-fsu.fr\/na\/wp-content\/uploads\/sites\/3\/2022\/10\/WhatsApp-Image-2022-10-18-at-13.03.34.jpeg 2048w\" sizes=\"(max-width: 199px) 100vw, 199px\" \/> <img loading=\"lazy\" decoding=\"async\" class=\"alignnone wp-image-3070\" src=\"https:\/\/regions-snetap-fsu.fr\/na\/wp-content\/uploads\/sites\/3\/2022\/10\/WhatsApp-Image-2022-10-18-at-10.59.26-225x300.jpeg\" alt=\"\" width=\"143\" height=\"191\" srcset=\"https:\/\/regions-snetap-fsu.fr\/na\/wp-content\/uploads\/sites\/3\/2022\/10\/WhatsApp-Image-2022-10-18-at-10.59.26-225x300.jpeg 225w, https:\/\/regions-snetap-fsu.fr\/na\/wp-content\/uploads\/sites\/3\/2022\/10\/WhatsApp-Image-2022-10-18-at-10.59.26-768x1024.jpeg 768w, https:\/\/regions-snetap-fsu.fr\/na\/wp-content\/uploads\/sites\/3\/2022\/10\/WhatsApp-Image-2022-10-18-at-10.59.26-1152x1536.jpeg 1152w, https:\/\/regions-snetap-fsu.fr\/na\/wp-content\/uploads\/sites\/3\/2022\/10\/WhatsApp-Image-2022-10-18-at-10.59.26.jpeg 1200w\" sizes=\"(max-width: 143px) 100vw, 143px\" \/> <img loading=\"lazy\" decoding=\"async\" class=\"alignnone wp-image-3069\" src=\"https:\/\/regions-snetap-fsu.fr\/na\/wp-content\/uploads\/sites\/3\/2022\/10\/WhatsApp-Image-2022-10-18-at-10.47.17-300x225.jpeg\" alt=\"\" width=\"205\" height=\"154\" srcset=\"https:\/\/regions-snetap-fsu.fr\/na\/wp-content\/uploads\/sites\/3\/2022\/10\/WhatsApp-Image-2022-10-18-at-10.47.17-300x225.jpeg 300w, https:\/\/regions-snetap-fsu.fr\/na\/wp-content\/uploads\/sites\/3\/2022\/10\/WhatsApp-Image-2022-10-18-at-10.47.17-1024x768.jpeg 1024w, https:\/\/regions-snetap-fsu.fr\/na\/wp-content\/uploads\/sites\/3\/2022\/10\/WhatsApp-Image-2022-10-18-at-10.47.17-768x576.jpeg 768w, https:\/\/regions-snetap-fsu.fr\/na\/wp-content\/uploads\/sites\/3\/2022\/10\/WhatsApp-Image-2022-10-18-at-10.47.17-1536x1152.jpeg 1536w, https:\/\/regions-snetap-fsu.fr\/na\/wp-content\/uploads\/sites\/3\/2022\/10\/WhatsApp-Image-2022-10-18-at-10.47.17.jpeg 1600w\" sizes=\"(max-width: 205px) 100vw, 205px\" \/> <img loading=\"lazy\" decoding=\"async\" class=\"alignnone wp-image-3068\" src=\"https:\/\/regions-snetap-fsu.fr\/na\/wp-content\/uploads\/sites\/3\/2022\/10\/WhatsApp-Image-2022-10-18-at-09.43.20-300x225.jpeg\" alt=\"\" width=\"237\" height=\"178\" srcset=\"https:\/\/regions-snetap-fsu.fr\/na\/wp-content\/uploads\/sites\/3\/2022\/10\/WhatsApp-Image-2022-10-18-at-09.43.20-300x225.jpeg 300w, https:\/\/regions-snetap-fsu.fr\/na\/wp-content\/uploads\/sites\/3\/2022\/10\/WhatsApp-Image-2022-10-18-at-09.43.20-768x576.jpeg 768w, https:\/\/regions-snetap-fsu.fr\/na\/wp-content\/uploads\/sites\/3\/2022\/10\/WhatsApp-Image-2022-10-18-at-09.43.20.jpeg 1024w\" sizes=\"(max-width: 237px) 100vw, 237px\" \/><\/p>\n<div class=\"oceanwp-oembed-wrap clr\">\n<blockquote class=\"twitter-tweet\" data-width=\"550\" data-dnt=\"true\">\n<p lang=\"fr\" dir=\"ltr\">Nous soudons les grilles du rectorat. Nous leur bloquons le passage, comme le gouvernement bloque l&#39;avenir de nos jeunes <a href=\"https:\/\/twitter.com\/hashtag\/sauvonslelyc%C3%A9epro?src=hash&amp;ref_src=twsrc%5Etfw\">#sauvonslelyc\u00e9epro<\/a> <a href=\"https:\/\/t.co\/jME2unKrry\">pic.twitter.com\/jME2unKrry<\/a><\/p>\n<p>&mdash; Snuep Limousin (@SnuepLimousin) <a href=\"https:\/\/twitter.com\/SnuepLimousin\/status\/1582300386756468736?ref_src=twsrc%5Etfw\">October 18, 2022<\/a><\/p><\/blockquote>\n<p><script async src=\"https:\/\/platform.twitter.com\/widgets.js\" charset=\"utf-8\"><\/script><\/div>\n<div class=\"oceanwp-oembed-wrap clr\">\n<blockquote class=\"twitter-tweet\" data-width=\"550\" data-dnt=\"true\">\n<p lang=\"fr\" dir=\"ltr\">Le Co-secretaire du Snuep BX J\u00e9r\u00f4me Jolivet prend la parole lors de l&#39;intersyndicale <a href=\"https:\/\/twitter.com\/hashtag\/sauvonslelyc%C3%A9epro?src=hash&amp;ref_src=twsrc%5Etfw\">#sauvonslelyc\u00e9epro<\/a> <a href=\"https:\/\/t.co\/vuTh33NViW\">pic.twitter.com\/vuTh33NViW<\/a><\/p>\n<p>&mdash; SNUEP-FSU Bordeaux (@SnuepBordeaux) <a href=\"https:\/\/twitter.com\/SnuepBordeaux\/status\/1582323825340923905?ref_src=twsrc%5Etfw\">October 18, 2022<\/a><\/p><\/blockquote>\n<p><script async src=\"https:\/\/platform.twitter.com\/widgets.js\" charset=\"utf-8\"><\/script><\/div>\n","protected":false},"excerpt":{"rendered":"<p>&nbsp; Les \u00e9tablissements agricoles publics se sont mobilis\u00e9s au cot\u00e9 de leurs coll\u00e8gues de l&rsquo;\u00e9ducation nationale pour s&rsquo;opposer au projet de r\u00e9forme du gouvernement qui imposerait un surplus de stages aux lyc\u00e9ens et lyc\u00e9ennes des LP et la main mise des entreprises sur nos \u00e9tablissements. Dans les acad\u00e9mies de Poitiers, Limoges et de Bordeaux les [&hellip;]<\/p>\n","protected":false},"author":99,"featured_media":3077,"comment_status":"closed","ping_status":"closed","sticky":false,"template":"","format":"standard","meta":{"ocean_post_layout":"","ocean_both_sidebars_style":"","ocean_both_sidebars_content_width":0,"ocean_both_sidebars_sidebars_width":0,"ocean_sidebar":"0","ocean_second_sidebar":"0","ocean_disable_margins":"enable","ocean_add_body_class":"","ocean_shortcode_before_top_bar":"","ocean_shortcode_after_top_bar":"","ocean_shortcode_before_header":"","ocean_shortcode_after_header":"","ocean_has_shortcode":"","ocean_shortcode_after_title":"","ocean_shortcode_before_footer_widgets":"","ocean_shortcode_after_footer_widgets":"","ocean_shortcode_before_footer_bottom":"","ocean_shortcode_after_footer_bottom":"","ocean_display_top_bar":"default","ocean_display_header":"default","ocean_header_style":"","ocean_center_header_left_menu":"0","ocean_custom_header_template":"0","ocean_custom_logo":0,"ocean_custom_retina_logo":0,"ocean_custom_logo_max_width":0,"ocean_custom_logo_tablet_max_width":0,"ocean_custom_logo_mobile_max_width":0,"ocean_custom_logo_max_height":0,"ocean_custom_logo_tablet_max_height":0,"ocean_custom_logo_mobile_max_height":0,"ocean_header_custom_menu":"0","ocean_menu_typo_font_family":"0","ocean_menu_typo_font_subset":"","ocean_menu_typo_font_size":0,"ocean_menu_typo_font_size_tablet":0,"ocean_menu_typo_font_size_mobile":0,"ocean_menu_typo_font_size_unit":"px","ocean_menu_typo_font_weight":"","ocean_menu_typo_font_weight_tablet":"","ocean_menu_typo_font_weight_mobile":"","ocean_menu_typo_transform":"","ocean_menu_typo_transform_tablet":"","ocean_menu_typo_transform_mobile":"","ocean_menu_typo_line_height":0,"ocean_menu_typo_line_height_tablet":0,"ocean_menu_typo_line_height_mobile":0,"ocean_menu_typo_line_height_unit":"","ocean_menu_typo_spacing":0,"ocean_menu_typo_spacing_tablet":0,"ocean_menu_typo_spacing_mobile":0,"ocean_menu_typo_spacing_unit":"","ocean_menu_link_color":"","ocean_menu_link_color_hover":"","ocean_menu_link_color_active":"","ocean_menu_link_background":"","ocean_menu_link_hover_background":"","ocean_menu_link_active_background":"","ocean_menu_social_links_bg":"","ocean_menu_social_hover_links_bg":"","ocean_menu_social_links_color":"","ocean_menu_social_hover_links_color":"","ocean_disable_title":"default","ocean_disable_heading":"default","ocean_post_title":"","ocean_post_subheading":"","ocean_post_title_style":"","ocean_post_title_background_color":"","ocean_post_title_background":0,"ocean_post_title_bg_image_position":"","ocean_post_title_bg_image_attachment":"","ocean_post_title_bg_image_repeat":"","ocean_post_title_bg_image_size":"","ocean_post_title_height":0,"ocean_post_title_bg_overlay":0.5,"ocean_post_title_bg_overlay_color":"","ocean_disable_breadcrumbs":"default","ocean_breadcrumbs_color":"","ocean_breadcrumbs_separator_color":"","ocean_breadcrumbs_links_color":"","ocean_breadcrumbs_links_hover_color":"","ocean_display_footer_widgets":"default","ocean_display_footer_bottom":"default","ocean_custom_footer_template":"0","ocean_post_oembed":"","ocean_post_self_hosted_media":"","ocean_post_video_embed":"","ocean_link_format":"","ocean_link_format_target":"self","ocean_quote_format":"","ocean_quote_format_link":"post","ocean_gallery_link_images":"on","ocean_gallery_id":[3077,3076,3075,3074,3073,3072,3071,3070,3069,3068],"footnotes":""},"categories":[12,8],"tags":[],"post_folder":[],"class_list":["post-3067","post","type-post","status-publish","format-standard","has-post-thumbnail","hentry","category-actions","category-na","entry","has-media"],"yoast_head":"<!-- This site is optimized with the Yoast SEO plugin v27.4 - https:\/\/yoast.com\/product\/yoast-seo-wordpress\/ -->\n<title>Pour les Lyc\u00e9es pro, on ne l\u00e2che rien en Nouvelle-Aquitaine et ailleurs ! - NOUVELLE AQUITAINE<\/title>\n<meta name=\"robots\" content=\"index, follow, max-snippet:-1, max-image-preview:large, max-video-preview:-1\" \/>\n<link rel=\"canonical\" href=\"https:\/\/regions-snetap-fsu.fr\/na\/2022\/10\/19\/pour-les-lycees-pro-on-ne-lache-rien-en-nouvelle-aquitaine-et-ailleurs\/\" \/>\n<meta property=\"og:locale\" content=\"fr_FR\" \/>\n<meta property=\"og:type\" content=\"article\" \/>\n<meta property=\"og:title\" content=\"Pour les Lyc\u00e9es pro, on ne l\u00e2che rien en Nouvelle-Aquitaine et ailleurs ! - NOUVELLE AQUITAINE\" \/>\n<meta property=\"og:description\" content=\"&nbsp; Les \u00e9tablissements agricoles publics se sont mobilis\u00e9s au cot\u00e9 de leurs coll\u00e8gues de l&rsquo;\u00e9ducation nationale pour s&rsquo;opposer au projet de r\u00e9forme du gouvernement qui imposerait un surplus de stages aux lyc\u00e9ens et lyc\u00e9ennes des LP et la main mise des entreprises sur nos \u00e9tablissements. Dans les acad\u00e9mies de Poitiers, Limoges et de Bordeaux les [&hellip;]\" \/>\n<meta property=\"og:url\" content=\"https:\/\/regions-snetap-fsu.fr\/na\/2022\/10\/19\/pour-les-lycees-pro-on-ne-lache-rien-en-nouvelle-aquitaine-et-ailleurs\/\" \/>\n<meta property=\"og:site_name\" content=\"NOUVELLE AQUITAINE\" \/>\n<meta property=\"article:published_time\" content=\"2022-10-19T08:28:59+00:00\" \/>\n<meta property=\"article:modified_time\" content=\"2022-10-19T08:36:33+00:00\" \/>\n<meta property=\"og:image\" content=\"https:\/\/regions-snetap-fsu.fr\/na\/wp-content\/uploads\/sites\/3\/2022\/10\/WhatsApp-Image-2022-10-18-at-15.28.12.jpeg\" \/>\n\t<meta property=\"og:image:width\" content=\"1600\" \/>\n\t<meta property=\"og:image:height\" content=\"1200\" \/>\n\t<meta property=\"og:image:type\" content=\"image\/jpeg\" \/>\n<meta name=\"author\" content=\"Tmoos\" \/>\n<meta name=\"twitter:card\" content=\"summary_large_image\" \/>\n<meta name=\"twitter:label1\" content=\"\u00c9crit par\" \/>\n\t<meta name=\"twitter:data1\" content=\"Tmoos\" \/>\n\t<meta name=\"twitter:label2\" content=\"Dur\u00e9e de lecture estim\u00e9e\" \/>\n\t<meta name=\"twitter:data2\" content=\"1 minute\" \/>\n<script type=\"application\/ld+json\" class=\"yoast-schema-graph\">{\"@context\":\"https:\\\/\\\/schema.org\",\"@graph\":[{\"@type\":\"Article\",\"@id\":\"https:\\\/\\\/regions-snetap-fsu.fr\\\/na\\\/2022\\\/10\\\/19\\\/pour-les-lycees-pro-on-ne-lache-rien-en-nouvelle-aquitaine-et-ailleurs\\\/#article\",\"isPartOf\":{\"@id\":\"https:\\\/\\\/regions-snetap-fsu.fr\\\/na\\\/2022\\\/10\\\/19\\\/pour-les-lycees-pro-on-ne-lache-rien-en-nouvelle-aquitaine-et-ailleurs\\\/\"},\"author\":{\"name\":\"Tmoos\",\"@id\":\"https:\\\/\\\/regions-snetap-fsu.fr\\\/na\\\/#\\\/schema\\\/person\\\/200c3209e01aa8c2a287fda4d096cd22\"},\"headline\":\"Pour les Lyc\u00e9es pro, on ne l\u00e2che rien en Nouvelle-Aquitaine et ailleurs !\",\"datePublished\":\"2022-10-19T08:28:59+00:00\",\"dateModified\":\"2022-10-19T08:36:33+00:00\",\"mainEntityOfPage\":{\"@id\":\"https:\\\/\\\/regions-snetap-fsu.fr\\\/na\\\/2022\\\/10\\\/19\\\/pour-les-lycees-pro-on-ne-lache-rien-en-nouvelle-aquitaine-et-ailleurs\\\/\"},\"wordCount\":196,\"publisher\":{\"@id\":\"https:\\\/\\\/regions-snetap-fsu.fr\\\/na\\\/#organization\"},\"image\":{\"@id\":\"https:\\\/\\\/regions-snetap-fsu.fr\\\/na\\\/2022\\\/10\\\/19\\\/pour-les-lycees-pro-on-ne-lache-rien-en-nouvelle-aquitaine-et-ailleurs\\\/#primaryimage\"},\"thumbnailUrl\":\"https:\\\/\\\/regions-snetap-fsu.fr\\\/na\\\/wp-content\\\/uploads\\\/sites\\\/3\\\/2022\\\/10\\\/WhatsApp-Image-2022-10-18-at-15.28.12.jpeg\",\"articleSection\":[\"Actions\",\"NA\"],\"inLanguage\":\"fr-FR\"},{\"@type\":\"WebPage\",\"@id\":\"https:\\\/\\\/regions-snetap-fsu.fr\\\/na\\\/2022\\\/10\\\/19\\\/pour-les-lycees-pro-on-ne-lache-rien-en-nouvelle-aquitaine-et-ailleurs\\\/\",\"url\":\"https:\\\/\\\/regions-snetap-fsu.fr\\\/na\\\/2022\\\/10\\\/19\\\/pour-les-lycees-pro-on-ne-lache-rien-en-nouvelle-aquitaine-et-ailleurs\\\/\",\"name\":\"Pour les Lyc\u00e9es pro, on ne l\u00e2che rien en Nouvelle-Aquitaine et ailleurs ! - NOUVELLE AQUITAINE\",\"isPartOf\":{\"@id\":\"https:\\\/\\\/regions-snetap-fsu.fr\\\/na\\\/#website\"},\"primaryImageOfPage\":{\"@id\":\"https:\\\/\\\/regions-snetap-fsu.fr\\\/na\\\/2022\\\/10\\\/19\\\/pour-les-lycees-pro-on-ne-lache-rien-en-nouvelle-aquitaine-et-ailleurs\\\/#primaryimage\"},\"image\":{\"@id\":\"https:\\\/\\\/regions-snetap-fsu.fr\\\/na\\\/2022\\\/10\\\/19\\\/pour-les-lycees-pro-on-ne-lache-rien-en-nouvelle-aquitaine-et-ailleurs\\\/#primaryimage\"},\"thumbnailUrl\":\"https:\\\/\\\/regions-snetap-fsu.fr\\\/na\\\/wp-content\\\/uploads\\\/sites\\\/3\\\/2022\\\/10\\\/WhatsApp-Image-2022-10-18-at-15.28.12.jpeg\",\"datePublished\":\"2022-10-19T08:28:59+00:00\",\"dateModified\":\"2022-10-19T08:36:33+00:00\",\"breadcrumb\":{\"@id\":\"https:\\\/\\\/regions-snetap-fsu.fr\\\/na\\\/2022\\\/10\\\/19\\\/pour-les-lycees-pro-on-ne-lache-rien-en-nouvelle-aquitaine-et-ailleurs\\\/#breadcrumb\"},\"inLanguage\":\"fr-FR\",\"potentialAction\":[{\"@type\":\"ReadAction\",\"target\":[\"https:\\\/\\\/regions-snetap-fsu.fr\\\/na\\\/2022\\\/10\\\/19\\\/pour-les-lycees-pro-on-ne-lache-rien-en-nouvelle-aquitaine-et-ailleurs\\\/\"]}]},{\"@type\":\"ImageObject\",\"inLanguage\":\"fr-FR\",\"@id\":\"https:\\\/\\\/regions-snetap-fsu.fr\\\/na\\\/2022\\\/10\\\/19\\\/pour-les-lycees-pro-on-ne-lache-rien-en-nouvelle-aquitaine-et-ailleurs\\\/#primaryimage\",\"url\":\"https:\\\/\\\/regions-snetap-fsu.fr\\\/na\\\/wp-content\\\/uploads\\\/sites\\\/3\\\/2022\\\/10\\\/WhatsApp-Image-2022-10-18-at-15.28.12.jpeg\",\"contentUrl\":\"https:\\\/\\\/regions-snetap-fsu.fr\\\/na\\\/wp-content\\\/uploads\\\/sites\\\/3\\\/2022\\\/10\\\/WhatsApp-Image-2022-10-18-at-15.28.12.jpeg\",\"width\":1600,\"height\":1200},{\"@type\":\"BreadcrumbList\",\"@id\":\"https:\\\/\\\/regions-snetap-fsu.fr\\\/na\\\/2022\\\/10\\\/19\\\/pour-les-lycees-pro-on-ne-lache-rien-en-nouvelle-aquitaine-et-ailleurs\\\/#breadcrumb\",\"itemListElement\":[{\"@type\":\"ListItem\",\"position\":1,\"name\":\"Accueil\",\"item\":\"https:\\\/\\\/regions-snetap-fsu.fr\\\/na\\\/\"},{\"@type\":\"ListItem\",\"position\":2,\"name\":\"Pour les Lyc\u00e9es pro, on ne l\u00e2che rien en Nouvelle-Aquitaine et ailleurs !\"}]},{\"@type\":\"WebSite\",\"@id\":\"https:\\\/\\\/regions-snetap-fsu.fr\\\/na\\\/#website\",\"url\":\"https:\\\/\\\/regions-snetap-fsu.fr\\\/na\\\/\",\"name\":\"SNETAP-FSU NOUVELLE AQUITAINE\",\"description\":\"Blog de la Section R\u00e9gionale\",\"publisher\":{\"@id\":\"https:\\\/\\\/regions-snetap-fsu.fr\\\/na\\\/#organization\"},\"potentialAction\":[{\"@type\":\"SearchAction\",\"target\":{\"@type\":\"EntryPoint\",\"urlTemplate\":\"https:\\\/\\\/regions-snetap-fsu.fr\\\/na\\\/?s={search_term_string}\"},\"query-input\":{\"@type\":\"PropertyValueSpecification\",\"valueRequired\":true,\"valueName\":\"search_term_string\"}}],\"inLanguage\":\"fr-FR\"},{\"@type\":\"Organization\",\"@id\":\"https:\\\/\\\/regions-snetap-fsu.fr\\\/na\\\/#organization\",\"name\":\"SNETAP-FSU - Nouvelle Aquitaine\",\"url\":\"https:\\\/\\\/regions-snetap-fsu.fr\\\/na\\\/\",\"logo\":{\"@type\":\"ImageObject\",\"inLanguage\":\"fr-FR\",\"@id\":\"https:\\\/\\\/regions-snetap-fsu.fr\\\/na\\\/#\\\/schema\\\/logo\\\/image\\\/\",\"url\":\"https:\\\/\\\/regions-snetap-fsu.fr\\\/na\\\/wp-content\\\/uploads\\\/sites\\\/3\\\/2020\\\/12\\\/SNETAP-Logo.jpg\",\"contentUrl\":\"https:\\\/\\\/regions-snetap-fsu.fr\\\/na\\\/wp-content\\\/uploads\\\/sites\\\/3\\\/2020\\\/12\\\/SNETAP-Logo.jpg\",\"width\":464,\"height\":334,\"caption\":\"SNETAP-FSU - Nouvelle Aquitaine\"},\"image\":{\"@id\":\"https:\\\/\\\/regions-snetap-fsu.fr\\\/na\\\/#\\\/schema\\\/logo\\\/image\\\/\"}},{\"@type\":\"Person\",\"@id\":\"https:\\\/\\\/regions-snetap-fsu.fr\\\/na\\\/#\\\/schema\\\/person\\\/200c3209e01aa8c2a287fda4d096cd22\",\"name\":\"Tmoos\",\"image\":{\"@type\":\"ImageObject\",\"inLanguage\":\"fr-FR\",\"@id\":\"https:\\\/\\\/secure.gravatar.com\\\/avatar\\\/ee9416e21ddddd1cb4bc3f8a9a89584e0671c3184caebebe8e4de3129769a613?s=96&d=mm&r=g\",\"url\":\"https:\\\/\\\/secure.gravatar.com\\\/avatar\\\/ee9416e21ddddd1cb4bc3f8a9a89584e0671c3184caebebe8e4de3129769a613?s=96&d=mm&r=g\",\"contentUrl\":\"https:\\\/\\\/secure.gravatar.com\\\/avatar\\\/ee9416e21ddddd1cb4bc3f8a9a89584e0671c3184caebebe8e4de3129769a613?s=96&d=mm&r=g\",\"caption\":\"Tmoos\"},\"url\":\"https:\\\/\\\/regions-snetap-fsu.fr\\\/na\\\/author\\\/fthomas\\\/\"}]}<\/script>\n<!-- \/ Yoast SEO plugin. -->","yoast_head_json":{"title":"Pour les Lyc\u00e9es pro, on ne l\u00e2che rien en Nouvelle-Aquitaine et ailleurs ! - NOUVELLE AQUITAINE","robots":{"index":"index","follow":"follow","max-snippet":"max-snippet:-1","max-image-preview":"max-image-preview:large","max-video-preview":"max-video-preview:-1"},"canonical":"https:\/\/regions-snetap-fsu.fr\/na\/2022\/10\/19\/pour-les-lycees-pro-on-ne-lache-rien-en-nouvelle-aquitaine-et-ailleurs\/","og_locale":"fr_FR","og_type":"article","og_title":"Pour les Lyc\u00e9es pro, on ne l\u00e2che rien en Nouvelle-Aquitaine et ailleurs ! - NOUVELLE AQUITAINE","og_description":"&nbsp; Les \u00e9tablissements agricoles publics se sont mobilis\u00e9s au cot\u00e9 de leurs coll\u00e8gues de l&rsquo;\u00e9ducation nationale pour s&rsquo;opposer au projet de r\u00e9forme du gouvernement qui imposerait un surplus de stages aux lyc\u00e9ens et lyc\u00e9ennes des LP et la main mise des entreprises sur nos \u00e9tablissements. Dans les acad\u00e9mies de Poitiers, Limoges et de Bordeaux les [&hellip;]","og_url":"https:\/\/regions-snetap-fsu.fr\/na\/2022\/10\/19\/pour-les-lycees-pro-on-ne-lache-rien-en-nouvelle-aquitaine-et-ailleurs\/","og_site_name":"NOUVELLE AQUITAINE","article_published_time":"2022-10-19T08:28:59+00:00","article_modified_time":"2022-10-19T08:36:33+00:00","og_image":[{"width":1600,"height":1200,"url":"https:\/\/regions-snetap-fsu.fr\/na\/wp-content\/uploads\/sites\/3\/2022\/10\/WhatsApp-Image-2022-10-18-at-15.28.12.jpeg","type":"image\/jpeg"}],"author":"Tmoos","twitter_card":"summary_large_image","twitter_misc":{"\u00c9crit par":"Tmoos","Dur\u00e9e de lecture estim\u00e9e":"1 minute"},"schema":{"@context":"https:\/\/schema.org","@graph":[{"@type":"Article","@id":"https:\/\/regions-snetap-fsu.fr\/na\/2022\/10\/19\/pour-les-lycees-pro-on-ne-lache-rien-en-nouvelle-aquitaine-et-ailleurs\/#article","isPartOf":{"@id":"https:\/\/regions-snetap-fsu.fr\/na\/2022\/10\/19\/pour-les-lycees-pro-on-ne-lache-rien-en-nouvelle-aquitaine-et-ailleurs\/"},"author":{"name":"Tmoos","@id":"https:\/\/regions-snetap-fsu.fr\/na\/#\/schema\/person\/200c3209e01aa8c2a287fda4d096cd22"},"headline":"Pour les Lyc\u00e9es pro, on ne l\u00e2che rien en Nouvelle-Aquitaine et ailleurs !","datePublished":"2022-10-19T08:28:59+00:00","dateModified":"2022-10-19T08:36:33+00:00","mainEntityOfPage":{"@id":"https:\/\/regions-snetap-fsu.fr\/na\/2022\/10\/19\/pour-les-lycees-pro-on-ne-lache-rien-en-nouvelle-aquitaine-et-ailleurs\/"},"wordCount":196,"publisher":{"@id":"https:\/\/regions-snetap-fsu.fr\/na\/#organization"},"image":{"@id":"https:\/\/regions-snetap-fsu.fr\/na\/2022\/10\/19\/pour-les-lycees-pro-on-ne-lache-rien-en-nouvelle-aquitaine-et-ailleurs\/#primaryimage"},"thumbnailUrl":"https:\/\/regions-snetap-fsu.fr\/na\/wp-content\/uploads\/sites\/3\/2022\/10\/WhatsApp-Image-2022-10-18-at-15.28.12.jpeg","articleSection":["Actions","NA"],"inLanguage":"fr-FR"},{"@type":"WebPage","@id":"https:\/\/regions-snetap-fsu.fr\/na\/2022\/10\/19\/pour-les-lycees-pro-on-ne-lache-rien-en-nouvelle-aquitaine-et-ailleurs\/","url":"https:\/\/regions-snetap-fsu.fr\/na\/2022\/10\/19\/pour-les-lycees-pro-on-ne-lache-rien-en-nouvelle-aquitaine-et-ailleurs\/","name":"Pour les Lyc\u00e9es pro, on ne l\u00e2che rien en Nouvelle-Aquitaine et ailleurs ! - NOUVELLE AQUITAINE","isPartOf":{"@id":"https:\/\/regions-snetap-fsu.fr\/na\/#website"},"primaryImageOfPage":{"@id":"https:\/\/regions-snetap-fsu.fr\/na\/2022\/10\/19\/pour-les-lycees-pro-on-ne-lache-rien-en-nouvelle-aquitaine-et-ailleurs\/#primaryimage"},"image":{"@id":"https:\/\/regions-snetap-fsu.fr\/na\/2022\/10\/19\/pour-les-lycees-pro-on-ne-lache-rien-en-nouvelle-aquitaine-et-ailleurs\/#primaryimage"},"thumbnailUrl":"https:\/\/regions-snetap-fsu.fr\/na\/wp-content\/uploads\/sites\/3\/2022\/10\/WhatsApp-Image-2022-10-18-at-15.28.12.jpeg","datePublished":"2022-10-19T08:28:59+00:00","dateModified":"2022-10-19T08:36:33+00:00","breadcrumb":{"@id":"https:\/\/regions-snetap-fsu.fr\/na\/2022\/10\/19\/pour-les-lycees-pro-on-ne-lache-rien-en-nouvelle-aquitaine-et-ailleurs\/#breadcrumb"},"inLanguage":"fr-FR","potentialAction":[{"@type":"ReadAction","target":["https:\/\/regions-snetap-fsu.fr\/na\/2022\/10\/19\/pour-les-lycees-pro-on-ne-lache-rien-en-nouvelle-aquitaine-et-ailleurs\/"]}]},{"@type":"ImageObject","inLanguage":"fr-FR","@id":"https:\/\/regions-snetap-fsu.fr\/na\/2022\/10\/19\/pour-les-lycees-pro-on-ne-lache-rien-en-nouvelle-aquitaine-et-ailleurs\/#primaryimage","url":"https:\/\/regions-snetap-fsu.fr\/na\/wp-content\/uploads\/sites\/3\/2022\/10\/WhatsApp-Image-2022-10-18-at-15.28.12.jpeg","contentUrl":"https:\/\/regions-snetap-fsu.fr\/na\/wp-content\/uploads\/sites\/3\/2022\/10\/WhatsApp-Image-2022-10-18-at-15.28.12.jpeg","width":1600,"height":1200},{"@type":"BreadcrumbList","@id":"https:\/\/regions-snetap-fsu.fr\/na\/2022\/10\/19\/pour-les-lycees-pro-on-ne-lache-rien-en-nouvelle-aquitaine-et-ailleurs\/#breadcrumb","itemListElement":[{"@type":"ListItem","position":1,"name":"Accueil","item":"https:\/\/regions-snetap-fsu.fr\/na\/"},{"@type":"ListItem","position":2,"name":"Pour les Lyc\u00e9es pro, on ne l\u00e2che rien en Nouvelle-Aquitaine et ailleurs !"}]},{"@type":"WebSite","@id":"https:\/\/regions-snetap-fsu.fr\/na\/#website","url":"https:\/\/regions-snetap-fsu.fr\/na\/","name":"SNETAP-FSU NOUVELLE AQUITAINE","description":"Blog de la Section R\u00e9gionale","publisher":{"@id":"https:\/\/regions-snetap-fsu.fr\/na\/#organization"},"potentialAction":[{"@type":"SearchAction","target":{"@type":"EntryPoint","urlTemplate":"https:\/\/regions-snetap-fsu.fr\/na\/?s={search_term_string}"},"query-input":{"@type":"PropertyValueSpecification","valueRequired":true,"valueName":"search_term_string"}}],"inLanguage":"fr-FR"},{"@type":"Organization","@id":"https:\/\/regions-snetap-fsu.fr\/na\/#organization","name":"SNETAP-FSU - Nouvelle Aquitaine","url":"https:\/\/regions-snetap-fsu.fr\/na\/","logo":{"@type":"ImageObject","inLanguage":"fr-FR","@id":"https:\/\/regions-snetap-fsu.fr\/na\/#\/schema\/logo\/image\/","url":"https:\/\/regions-snetap-fsu.fr\/na\/wp-content\/uploads\/sites\/3\/2020\/12\/SNETAP-Logo.jpg","contentUrl":"https:\/\/regions-snetap-fsu.fr\/na\/wp-content\/uploads\/sites\/3\/2020\/12\/SNETAP-Logo.jpg","width":464,"height":334,"caption":"SNETAP-FSU - Nouvelle Aquitaine"},"image":{"@id":"https:\/\/regions-snetap-fsu.fr\/na\/#\/schema\/logo\/image\/"}},{"@type":"Person","@id":"https:\/\/regions-snetap-fsu.fr\/na\/#\/schema\/person\/200c3209e01aa8c2a287fda4d096cd22","name":"Tmoos","image":{"@type":"ImageObject","inLanguage":"fr-FR","@id":"https:\/\/secure.gravatar.com\/avatar\/ee9416e21ddddd1cb4bc3f8a9a89584e0671c3184caebebe8e4de3129769a613?s=96&d=mm&r=g","url":"https:\/\/secure.gravatar.com\/avatar\/ee9416e21ddddd1cb4bc3f8a9a89584e0671c3184caebebe8e4de3129769a613?s=96&d=mm&r=g","contentUrl":"https:\/\/secure.gravatar.com\/avatar\/ee9416e21ddddd1cb4bc3f8a9a89584e0671c3184caebebe8e4de3129769a613?s=96&d=mm&r=g","caption":"Tmoos"},"url":"https:\/\/regions-snetap-fsu.fr\/na\/author\/fthomas\/"}]}},"_links":{"self":[{"href":"https:\/\/regions-snetap-fsu.fr\/na\/wp-json\/wp\/v2\/posts\/3067","targetHints":{"allow":["GET"]}}],"collection":[{"href":"https:\/\/regions-snetap-fsu.fr\/na\/wp-json\/wp\/v2\/posts"}],"about":[{"href":"https:\/\/regions-snetap-fsu.fr\/na\/wp-json\/wp\/v2\/types\/post"}],"author":[{"embeddable":true,"href":"https:\/\/regions-snetap-fsu.fr\/na\/wp-json\/wp\/v2\/users\/99"}],"replies":[{"embeddable":true,"href":"https:\/\/regions-snetap-fsu.fr\/na\/wp-json\/wp\/v2\/comments?post=3067"}],"version-history":[{"count":4,"href":"https:\/\/regions-snetap-fsu.fr\/na\/wp-json\/wp\/v2\/posts\/3067\/revisions"}],"predecessor-version":[{"id":3083,"href":"https:\/\/regions-snetap-fsu.fr\/na\/wp-json\/wp\/v2\/posts\/3067\/revisions\/3083"}],"wp:featuredmedia":[{"embeddable":true,"href":"https:\/\/regions-snetap-fsu.fr\/na\/wp-json\/wp\/v2\/media\/3077"}],"wp:attachment":[{"href":"https:\/\/regions-snetap-fsu.fr\/na\/wp-json\/wp\/v2\/media?parent=3067"}],"wp:term":[{"taxonomy":"category","embeddable":true,"href":"https:\/\/regions-snetap-fsu.fr\/na\/wp-json\/wp\/v2\/categories?post=3067"},{"taxonomy":"post_tag","embeddable":true,"href":"https:\/\/regions-snetap-fsu.fr\/na\/wp-json\/wp\/v2\/tags?post=3067"},{"taxonomy":"post_folder","embeddable":true,"href":"https:\/\/regions-snetap-fsu.fr\/na\/wp-json\/wp\/v2\/post_folder?post=3067"}],"curies":[{"name":"wp","href":"https:\/\/api.w.org\/{rel}","templated":true}]}}