{"id":3031,"date":"2022-10-05T19:39:11","date_gmt":"2022-10-05T17:39:11","guid":{"rendered":"https:\/\/regions-snetap-fsu.fr\/na\/?p=3031"},"modified":"2022-10-05T19:39:11","modified_gmt":"2022-10-05T17:39:11","slug":"29-30-octobre-pas-une-bassine-de-stoppons-le-chantier-de-sainte-soline","status":"publish","type":"post","link":"https:\/\/regions-snetap-fsu.fr\/na\/2022\/10\/05\/29-30-octobre-pas-une-bassine-de-stoppons-le-chantier-de-sainte-soline\/","title":{"rendered":"29\/30 octobre &#8211; Pas une bassine de + &#8211; Stoppons le chantier de Sainte-Soline !"},"content":{"rendered":"<p><strong><em>C&rsquo;est parti !<\/em><\/strong><em> Ils tentent de passer en force. Les travaux de la m\u00e9ga-bassine de Sainte-soline (79) ont commenc\u00e9.\u00a0 Le compte \u00e0 rebours a d\u00e9marr\u00e9 jusqu&rsquo;\u00e0 la m\u00e9ga-manif du 28\/29 octobre pour les arr\u00eater ! <\/em><strong><em>Tous\/toutes \u00e0 Sainte-Soline. No Bassaran ! <\/em><\/strong><\/p>\n<p><strong>\/\/ Pas une bassine de plus !!!<\/strong><\/p>\n<p><strong>## 29\/30 octobre 2022 &#8211; stoppons le chantier de Sainte-Soline (79) ##<\/strong><\/p>\n<p><strong>** Grande Manifestation \u2013 Rdv samedi 29 &#8211; 10h **<\/strong><\/p>\n<p><strong>F<\/strong><strong>ace au mouvement populaire de d\u00e9fense et de partage de l&rsquo;eau, le gouvernement et le lobby agro-industriel n&rsquo;ont pour l&rsquo;instant qu&rsquo;une seule r\u00e9ponse : le passage en force. Ils viennent de donner le coup d&rsquo;envoi du chantier de la m\u00e9ga-bassine de Sainte-Soline<\/strong>, la plus grosse en projet actuellement, en entourant de grillages les 16ha des \u00ab\u00a0terres rouges\u00a0\u00bb, dans les Deux-S\u00e8vres. Nous appelons donc \u00e0 converger massivement les 29 et 30 octobre, de partout en France et au-del\u00e0, pour une mobilisation plurielle qui se donne comme objectif de mettre fin \u00e0 ce chantier.<\/p>\n<p><strong>Symbole national de l&rsquo;accaparement de l&rsquo;eau au profit d&rsquo;une minorit\u00e9 et du maintien d&rsquo;un mod\u00e8le agricole aussi toxique qu&rsquo;anachronique, les m\u00e9ga-bassines se sont vues projet\u00e9es cet \u00e9t\u00e9 au coeur de l&rsquo;actualit\u00e9<\/strong>. La s\u00e9cheresse historique et syst\u00e9mique que nous venons de vivre, ne fait que r\u00e9v\u00e9ler encore plus brutalement l&rsquo;inadaptation intrins\u00e8que d&rsquo;une certaine agriculture aveugl\u00e9e par le productivisme. Celle-ci vise aujourd&rsquo;hui \u00e0 d\u00e9multiplier les bassines pour se maintenir co\u00fbte que co\u00fbte, malgr\u00e9 la crise climatique que ce mod\u00e8le agro-industriel participe amplement \u00e0 aggraver. Naturalistes, riverain.es, paysan.nes et scientifiques n&rsquo;ont pourtant eu de cesse de d\u00e9montrer l&rsquo;impact d\u00e9l\u00e9t\u00e8re de ces bassines et du pompage accru dans les nappes &#8211; y compris en hiver\u00a0 &#8211; sur des r\u00e9seaux hydrologiques extr\u00eamement fragilis\u00e9s et sur les milieux naturels qui en d\u00e9pendent.<\/p>\n<p><strong># Un mouvement de r\u00e9sistance en pleine expansion et des manifs qui font mouche<\/strong><\/p>\n<p><strong>Au vu de la contestation, le chantier test de Mauz\u00e9-sur-le-Mignon &#8211; 1\u00e8re d&rsquo;une nouvelle s\u00e9rie de bassines &#8211; a \u00e9t\u00e9 durant l&rsquo;ann\u00e9e pass\u00e9e un calvaire pour ses promoteurs, que ce soit pour l&rsquo;\u00c9tat ou pour les irrigants organis\u00e9s en soci\u00e9t\u00e9 anonyme.<\/strong> Face aux diverses actions men\u00e9es\u00a0 &#8211; rendez-vous hebdomadaires, envahissement du chantier, d\u00e9sarmement de plusieurs engins, mobilisations r\u00e9p\u00e9t\u00e9es de milliers de personnes &#8211; les difficult\u00e9s de\u00a0 r\u00e9alisation et les co\u00fbts de surveillance se sont d\u00e9multipli\u00e9s. Les irrigant.es et la pr\u00e9fecture sont-ils vraiment pr\u00eats \u00e0 voir ces co\u00fbts se reproduire \u00e0 chaque nouveau chantier ? On peut en douter, d&rsquo;autant que la pr\u00e9sence et la pression polici\u00e8re qu&rsquo;ils engendrent p\u00e8sent lourdement sur les riverain.es, qui constatent jour apr\u00e8s jour, l&rsquo;ass\u00e8chement de leurs cours d&rsquo;eau.<\/p>\n<p><strong>Pour le mouvement de contestation contre les m\u00e9gabassines, ce premier chantier a plut\u00f4t \u00e9t\u00e9 un catalyseur qui n&rsquo;a fait qu&rsquo;amplifier et fortifier sa d\u00e9termination.<\/strong> Ce mouvement assume aujourd&rsquo;hui la n\u00e9cessit\u00e9 de la d\u00e9sob\u00e9issance civile quand les crimes contre l&rsquo;eau et les terres sont appuy\u00e9s par le gouvernement. Il a pris une dimension nationale avec la d\u00e9fense et le partage du commun embl\u00e9matique qu&rsquo;est l&rsquo;eau. Il travaille localement \u00e0 d&rsquo;autres projets de territoire alternatifs compatibles avec les enjeux climatiques.<\/p>\n<p><strong>C&rsquo;est l&rsquo;antagonisme entre deux visions de l&rsquo;agriculture et in fine du vivant qui s&rsquo;est clarifi\u00e9.<\/strong> L&rsquo;une, agro-industrielle, dop\u00e9e aux intrants chimiques, qui ach\u00e8ve la privatisation des ressources communes dans une logique de court terme. <span class=\"author-a-z66zoz90zz82zvz79z4npz86zz85zz85zz68zz76zhz69z\">L&rsquo;autre, paysanne, guid\u00e9e par l&rsquo;urgence absolue de prendre soin du vivant, de le mettre en partage et d&rsquo;en maintenir la diversit\u00e9 et la fertilit\u00e9.\u00a0<\/span><\/p>\n<p><strong># Un risque de m\u00e9ga-bassines sur l&rsquo;ensemble du pays et un moment charni\u00e8re<\/strong><\/p>\n<p><strong>Dans les Deux-s\u00e8vres, les lobbys pro-bassines se sont vu r\u00e9cemment infliger un d\u00e9saveu r\u00e9affirm\u00e9.<\/strong> La cour d&rsquo;appel a d\u00e9cid\u00e9 apr\u00e8s plus de 10 ans de proc\u00e9dures de ratifier\u00a0 l&rsquo;ill\u00e9galit\u00e9 &#8211; du fait de leur impact environnemental &#8211; des 5 bassines mises en \u0153uvre par l&rsquo;ASA des Roches. Des opposant.es avaient pris les devants ces derniers mois. Deux de ces bassines avaient \u00e9t\u00e9 pr\u00e9ventivement d\u00e9mantel\u00e9es, dont une le 6 novembre dernier par plusieurs milliers de personnes, tandis que la conf\u00e9d\u00e9ration paysanne revendiquait le d\u00e9montage de sa pompe.<\/p>\n<p><strong>Mais le clan des pro-bassines, en plein d\u00e9ni de r\u00e9alit\u00e9, s&rsquo;ent\u00eate encore. Des m\u00e9gabassines continuent, \u00e0 \u00eatre planifi\u00e9es partout dans le pays.<\/strong> Nous sommes \u00e0 un moment charni\u00e8re o\u00f9 nous devons unir nos forces \u00e0 l&rsquo;\u00e9chelle nationale et internationale pour leur faire comprendre que chaque nouveau chantier aura un co\u00fbt politique et \u00e9conomique ing\u00e9rable. Puisque le gouvernement \u2013 cul et chemise avec l&rsquo;agro-industrie et la FNSEA &#8211; malgr\u00e9 tous les effets d&rsquo;annonce sur une \u00e9ventuelle \u00ab planification \u00e9cologique \u00bb, reste incapable de prendre la d\u00e9cision &#8211; a minima &#8211; d&rsquo;un moratoire, nous le mettrons en \u0153uvre nous-m\u00eames.<\/p>\n<p><strong># La bataille de Sainte-Soline est engag\u00e9e ! Il est d\u00e9cisif de la gagner !<\/strong><\/p>\n<p>Le premier chantier \u00e0 succ\u00e9der \u00e0 celui de Mauz\u00e9-sur-le-Mignon est celui de la m\u00e9ga-bassine de Sainte-Soline. Avec ses 720 000 m3, elle est la plus grosse des m\u00e9ga-bassines en projet, au beau milieu d&rsquo;un site class\u00e9 en zone natura 2000 pour les oiseaux de plaine &#8211; Busard cendr\u00e9, Oedicn\u00e8me criard &#8211; et constitue un enjeu vital pour la sauvegarde de l&rsquo;Outarde canepeti\u00e8re. Depuis le 28 septembre, le site est encercl\u00e9 par des grilles. Il risque d&rsquo; \u00eatre progressivement excav\u00e9 par une cohorte de tractopelles et verra ses environs quadrill\u00e9s de r\u00e9seaux de pompage et tuyauteries (+18 km de canalisations et 615m3\/heure pomp\u00e9 pendant 45 jours 24h\/24). <strong>Mais nous pouvons encore leur faire faire machine arri\u00e8re !<\/strong><\/p>\n<p>&nbsp;<\/p>\n<p><strong>Nous nous rassemblerons pour mettre fin au chantier le week-end des 29\/30 octobre, et plus si n\u00e9cessaire. Nous y parviendrons avec une pluralit\u00e9 de formes d&rsquo;interventions et de pr\u00e9sences cr\u00e9atives, \u00e0 l&rsquo;image de la diversit\u00e9 du mouvement<\/strong>, avec la pr\u00e9sence conjugu\u00e9e de ses forces \u00e9cologistes, syndicales et paysannes, de personnes de tous \u00e2ges et de toutes conditions physiques.<\/p>\n<p><strong># Infos pratiques\u00a0<\/strong><\/p>\n<p>Au cours du week-end, <strong>des espaces d&rsquo;accueil permettront de camper, se restaurer et d\u00e9battre d&rsquo;autres mod\u00e8les de partage de l&rsquo;eau.<\/strong> Des balades naturalistes seront propos\u00e9es. Comme \u00e0 chaque mobilisation du mouvement, <strong>la f\u00eate sera aussi au rendez-vous<\/strong> avec de nombreuses interventions de groupes et artistes venus en soutien.<\/p>\n<p><strong>Des soir\u00e9es de mobilisation, bus et covoiturages s&rsquo;organisent au 4 coins du pays et au-del\u00e0. Vous pouvez y contribuer ! Pour les co-voiturages : <\/strong><a href=\"https:\/\/www.mobicoop.fr\/covoiturages-evenements\/1904\/Pas-une-bassine-de-plus\">https:\/\/www.mobicoop.fr\/covoiturages-evenements\/1904\/Pas-une-bassine-de-plus<\/a><\/p>\n<p><strong>Entrons en r\u00e9sistance pour l&rsquo;eau et son partage ! No bassaran !\u00a0<\/strong><\/p>\n<p><strong>Pour plus d&rsquo;infos pratiques\u00a0 et s&rsquo;organiser. Pour recevoir des tracts, affiches, autocollants\u00a0 : <\/strong><a href=\"https:\/\/lessoulevementsdelaterre.org\/\"><strong>https:\/\/lessoulevementsdelaterre.org\/<\/strong><\/a><strong>\u00a0<\/strong><\/p>\n<p><strong>fb \u2013 <\/strong><a href=\"https:\/\/www.facebook.com\/bassine.nonmerci.5\"><strong>https:\/\/www.facebook.com\/bassine.nonmerci.5<\/strong><\/a><strong> \u2013twitter\/instafb<\/strong><\/p>\n<p><strong>-#lesSoulevementsdelaTerre\u00a0<\/strong><\/p>\n<p><strong>Pour tous contacts et propositions :<\/strong> <a href=\"mailto:bassinesnonmerci.contact@framalistes.org\">bassinesnonmerci.contact@framalistes.org<\/a><\/p>\n<p><strong>Premiers signataires de l&rsquo;appel (orgas, collectifs et syndicats sont grandements invit\u00e9s \u00e0 le co-signer en\u00a0 \u00e9crivant \u00e0 : <\/strong><a href=\"mailto:bassinesnonmerci.contact@framalistes.org\">bassinesnonmerci.contact@framalistes.org<\/a> )<\/p>\n<ul>\n<li>Action Antifasciste 79<\/li>\n<li>Action Antifasciste La Rochelle<\/li>\n<li>Action Antifasciste Nantes<\/li>\n<li>Action Antifasciste Paris-Banlieue<\/li>\n<li>Alerte Pesticides Haute<\/li>\n<\/ul>\n<p>Gironde<\/p>\n<ul>\n<li>ARDAN<\/li>\n<li>Attac 17<\/li>\n<li>Attac 44<\/li>\n<li>Attac 85<\/li>\n<li>Attac 86<\/li>\n<li>Beaumont en Commun<\/li>\n<li>Cerveaux Non Disponibles<\/li>\n<li>Collectif Bassines Non Merci 16<\/li>\n<li>Collectif Bassines Non Merci 79<\/li>\n<li>Collectif Bassines Non Merci 86<\/li>\n<li>Collectif Bassines Non Merci Berry<\/li>\n<li>CGT Nationale<\/li>\n<li>Col\u00e8re Citoyenne 79<\/li>\n<li>Collectif Bordeaux En Lutte<\/li>\n<li>Collectif Bretagne contre les fermes-usines<\/li>\n<li>Collectif Eau 88<\/li>\n<li>Eco Avenir<\/li>\n<li>EELV 86<\/li>\n<\/ul>\n<p>. EELV 17<\/p>\n<p>. EELV 79<\/p>\n<ul>\n<li>Extinction Rebellion Bordeaux<\/li>\n<li>Extinction Rebellion<\/li>\n<\/ul>\n<p>La Rochelle<\/p>\n<ul>\n<li>Extinction Rebellion Nantes<\/li>\n<li>Extinction Rebellion Poitiers<\/li>\n<li>Fondation Pas Cap<\/li>\n<li>G\u00e9n\u00e9ration.s 86<\/li>\n<li>GIGNV (ANV-Cop21 Nantes)<\/li>\n<li>GPIE 85<\/li>\n<li>Greenpeace Poitiers<\/li>\n<li>Groupe d&rsquo;Action France Insoumise Marennes Bourcefranc<\/li>\n<li>Des Habitant.es et paysan.nes de la ZAD de Notre Dame des Landes<\/li>\n<li>Il est Encore Temps Bordeaux (IEET)<\/li>\n<li>La clef des champs<\/li>\n<li>La France Insoumise 85<\/li>\n<li>La France Insoumise 79<\/li>\n<li>L&rsquo;Antivol<\/li>\n<li>L&rsquo;Eau qui mord<\/li>\n<li>Le Collectif Alsace des luttes paysannes et citoyennes<\/li>\n<li>Le Jardin l&rsquo;Eph\u00e9m\u00e8re<\/li>\n<li>Les Amis de la Conf\u00e9d\u00e9ration Paysanne d&rsquo;Alsace<\/li>\n<li>Les amis de la Terre \u2013 Poitou<\/li>\n<li>Les braises (Saint Emilion)<\/li>\n<li>Les d\u00e9sob\u00e9issants<\/li>\n<li>Les Soul\u00e8vements de la Terre<\/li>\n<li>Nat\u00fcrliF Prod<\/li>\n<\/ul>\n<p>. NDDL Poursuivre Ensemble<\/p>\n<ul>\n<li>NPA 79<\/li>\n<\/ul>\n<p>: NUPES 17-01<\/p>\n<ul>\n<li>NUPES 17- 02<\/li>\n<li>NUPES 79 &#8211; 01 et 02<\/li>\n<li>NUPES 86 &#8211; 02<\/li>\n<li>NUPES 85-05 et 03<\/li>\n<li>Parti de Gauche 79<\/li>\n<li>Parti de Gauche 37<\/li>\n<li>Parti Communiste Fran\u00e7ais 79<\/li>\n<li>PEPS (Pour l&rsquo;Ecologie Populaire et Sociale)<\/li>\n<li>POI 79<\/li>\n<li>Rendez-nous la mer \/ Ar mor\u00b7Bro An Oriant<\/li>\n<li>Scientifiques en r\u00e9bellion<\/li>\n<\/ul>\n<p>Bordeaux<\/p>\n<ul>\n<li>Syndicat de la Montagne Limousine<\/li>\n<li>Terres et rivi\u00e8res 85<\/li>\n<li>Union Populaire Charente Nord\/Est<\/li>\n<li>Union d\u00e9partementale Solidaires 79<\/li>\n<\/ul>\n<p>. Union Solidaires Vend\u00e9e<\/p>\n<ul>\n<li>Union Solidaires Nationale<\/li>\n<li>Vienne Insoumise 86<\/li>\n<li>Youth for Climate<\/li>\n<\/ul>\n<p>Angers<\/p>\n<ul>\n<li>Youth for Climate Nantes<\/li>\n<\/ul>\n","protected":false},"excerpt":{"rendered":"<p>C&rsquo;est parti ! Ils tentent de passer en force. Les travaux de la m\u00e9ga-bassine de Sainte-soline (79) ont commenc\u00e9.\u00a0 Le compte \u00e0 rebours a d\u00e9marr\u00e9 jusqu&rsquo;\u00e0 la m\u00e9ga-manif du 28\/29 octobre pour les arr\u00eater ! Tous\/toutes \u00e0 Sainte-Soline. No Bassaran ! \/\/ Pas une bassine de plus !!! ## 29\/30 octobre 2022 &#8211; stoppons le [&hellip;]<\/p>\n","protected":false},"author":87,"featured_media":3032,"comment_status":"closed","ping_status":"closed","sticky":false,"template":"","format":"standard","meta":{"ocean_post_layout":"","ocean_both_sidebars_style":"","ocean_both_sidebars_content_width":0,"ocean_both_sidebars_sidebars_width":0,"ocean_sidebar":"0","ocean_second_sidebar":"0","ocean_disable_margins":"enable","ocean_add_body_class":"","ocean_shortcode_before_top_bar":"","ocean_shortcode_after_top_bar":"","ocean_shortcode_before_header":"","ocean_shortcode_after_header":"","ocean_has_shortcode":"","ocean_shortcode_after_title":"","ocean_shortcode_before_footer_widgets":"","ocean_shortcode_after_footer_widgets":"","ocean_shortcode_before_footer_bottom":"","ocean_shortcode_after_footer_bottom":"","ocean_display_top_bar":"default","ocean_display_header":"default","ocean_header_style":"","ocean_center_header_left_menu":"0","ocean_custom_header_template":"0","ocean_custom_logo":0,"ocean_custom_retina_logo":0,"ocean_custom_logo_max_width":0,"ocean_custom_logo_tablet_max_width":0,"ocean_custom_logo_mobile_max_width":0,"ocean_custom_logo_max_height":0,"ocean_custom_logo_tablet_max_height":0,"ocean_custom_logo_mobile_max_height":0,"ocean_header_custom_menu":"0","ocean_menu_typo_font_family":"0","ocean_menu_typo_font_subset":"","ocean_menu_typo_font_size":0,"ocean_menu_typo_font_size_tablet":0,"ocean_menu_typo_font_size_mobile":0,"ocean_menu_typo_font_size_unit":"px","ocean_menu_typo_font_weight":"","ocean_menu_typo_font_weight_tablet":"","ocean_menu_typo_font_weight_mobile":"","ocean_menu_typo_transform":"","ocean_menu_typo_transform_tablet":"","ocean_menu_typo_transform_mobile":"","ocean_menu_typo_line_height":0,"ocean_menu_typo_line_height_tablet":0,"ocean_menu_typo_line_height_mobile":0,"ocean_menu_typo_line_height_unit":"","ocean_menu_typo_spacing":0,"ocean_menu_typo_spacing_tablet":0,"ocean_menu_typo_spacing_mobile":0,"ocean_menu_typo_spacing_unit":"","ocean_menu_link_color":"","ocean_menu_link_color_hover":"","ocean_menu_link_color_active":"","ocean_menu_link_background":"","ocean_menu_link_hover_background":"","ocean_menu_link_active_background":"","ocean_menu_social_links_bg":"","ocean_menu_social_hover_links_bg":"","ocean_menu_social_links_color":"","ocean_menu_social_hover_links_color":"","ocean_disable_title":"default","ocean_disable_heading":"default","ocean_post_title":"","ocean_post_subheading":"","ocean_post_title_style":"","ocean_post_title_background_color":"","ocean_post_title_background":0,"ocean_post_title_bg_image_position":"","ocean_post_title_bg_image_attachment":"","ocean_post_title_bg_image_repeat":"","ocean_post_title_bg_image_size":"","ocean_post_title_height":0,"ocean_post_title_bg_overlay":0.5,"ocean_post_title_bg_overlay_color":"","ocean_disable_breadcrumbs":"default","ocean_breadcrumbs_color":"","ocean_breadcrumbs_separator_color":"","ocean_breadcrumbs_links_color":"","ocean_breadcrumbs_links_hover_color":"","ocean_display_footer_widgets":"default","ocean_display_footer_bottom":"default","ocean_custom_footer_template":"0","ocean_post_oembed":"","ocean_post_self_hosted_media":"","ocean_post_video_embed":"","ocean_link_format":"","ocean_link_format_target":"self","ocean_quote_format":"","ocean_quote_format_link":"post","ocean_gallery_link_images":"off","ocean_gallery_id":[],"footnotes":""},"categories":[12,2,16,8,7],"tags":[],"post_folder":[],"class_list":["post-3031","post","type-post","status-publish","format-standard","has-post-thumbnail","hentry","category-actions","category-actus","category-communiques","category-na","category-expc","entry","has-media"],"yoast_head":"<!-- This site is optimized with the Yoast SEO plugin v27.4 - https:\/\/yoast.com\/product\/yoast-seo-wordpress\/ -->\n<title>29\/30 octobre - Pas une bassine de + - Stoppons le chantier de Sainte-Soline ! - NOUVELLE AQUITAINE<\/title>\n<meta name=\"robots\" content=\"index, follow, max-snippet:-1, max-image-preview:large, max-video-preview:-1\" \/>\n<link rel=\"canonical\" href=\"https:\/\/regions-snetap-fsu.fr\/na\/2022\/10\/05\/29-30-octobre-pas-une-bassine-de-stoppons-le-chantier-de-sainte-soline\/\" \/>\n<meta property=\"og:locale\" content=\"fr_FR\" \/>\n<meta property=\"og:type\" content=\"article\" \/>\n<meta property=\"og:title\" content=\"29\/30 octobre - Pas une bassine de + - Stoppons le chantier de Sainte-Soline ! - NOUVELLE AQUITAINE\" \/>\n<meta property=\"og:description\" content=\"C&rsquo;est parti ! Ils tentent de passer en force. Les travaux de la m\u00e9ga-bassine de Sainte-soline (79) ont commenc\u00e9.\u00a0 Le compte \u00e0 rebours a d\u00e9marr\u00e9 jusqu&rsquo;\u00e0 la m\u00e9ga-manif du 28\/29 octobre pour les arr\u00eater ! Tous\/toutes \u00e0 Sainte-Soline. No Bassaran ! \/\/ Pas une bassine de plus !!! ## 29\/30 octobre 2022 &#8211; stoppons le [&hellip;]\" \/>\n<meta property=\"og:url\" content=\"https:\/\/regions-snetap-fsu.fr\/na\/2022\/10\/05\/29-30-octobre-pas-une-bassine-de-stoppons-le-chantier-de-sainte-soline\/\" \/>\n<meta property=\"og:site_name\" content=\"NOUVELLE AQUITAINE\" \/>\n<meta property=\"article:published_time\" content=\"2022-10-05T17:39:11+00:00\" \/>\n<meta property=\"og:image\" content=\"https:\/\/regions-snetap-fsu.fr\/na\/wp-content\/uploads\/sites\/3\/2022\/10\/20221003_affichesStSoline_00pp.jpeg\" \/>\n\t<meta property=\"og:image:width\" content=\"500\" \/>\n\t<meta property=\"og:image:height\" content=\"696\" \/>\n\t<meta property=\"og:image:type\" content=\"image\/jpeg\" \/>\n<meta name=\"author\" content=\"el blanco\" \/>\n<meta name=\"twitter:card\" content=\"summary_large_image\" \/>\n<meta name=\"twitter:label1\" content=\"\u00c9crit par\" \/>\n\t<meta name=\"twitter:data1\" content=\"el blanco\" \/>\n\t<meta name=\"twitter:label2\" content=\"Dur\u00e9e de lecture estim\u00e9e\" \/>\n\t<meta name=\"twitter:data2\" content=\"7 minutes\" \/>\n<script type=\"application\/ld+json\" class=\"yoast-schema-graph\">{\"@context\":\"https:\\\/\\\/schema.org\",\"@graph\":[{\"@type\":\"Article\",\"@id\":\"https:\\\/\\\/regions-snetap-fsu.fr\\\/na\\\/2022\\\/10\\\/05\\\/29-30-octobre-pas-une-bassine-de-stoppons-le-chantier-de-sainte-soline\\\/#article\",\"isPartOf\":{\"@id\":\"https:\\\/\\\/regions-snetap-fsu.fr\\\/na\\\/2022\\\/10\\\/05\\\/29-30-octobre-pas-une-bassine-de-stoppons-le-chantier-de-sainte-soline\\\/\"},\"author\":{\"name\":\"el blanco\",\"@id\":\"https:\\\/\\\/regions-snetap-fsu.fr\\\/na\\\/#\\\/schema\\\/person\\\/ac42fbdc9c4977a4d3a4895e2d2e68d5\"},\"headline\":\"29\\\/30 octobre &#8211; Pas une bassine de + &#8211; Stoppons le chantier de Sainte-Soline !\",\"datePublished\":\"2022-10-05T17:39:11+00:00\",\"mainEntityOfPage\":{\"@id\":\"https:\\\/\\\/regions-snetap-fsu.fr\\\/na\\\/2022\\\/10\\\/05\\\/29-30-octobre-pas-une-bassine-de-stoppons-le-chantier-de-sainte-soline\\\/\"},\"wordCount\":1491,\"publisher\":{\"@id\":\"https:\\\/\\\/regions-snetap-fsu.fr\\\/na\\\/#organization\"},\"image\":{\"@id\":\"https:\\\/\\\/regions-snetap-fsu.fr\\\/na\\\/2022\\\/10\\\/05\\\/29-30-octobre-pas-une-bassine-de-stoppons-le-chantier-de-sainte-soline\\\/#primaryimage\"},\"thumbnailUrl\":\"https:\\\/\\\/regions-snetap-fsu.fr\\\/na\\\/wp-content\\\/uploads\\\/sites\\\/3\\\/2022\\\/10\\\/20221003_affichesStSoline_00pp.jpeg\",\"articleSection\":[\"Actions\",\"Actus\",\"Communiqu\u00e9s\",\"NA\",\"Secteur Poitou-Charentes\"],\"inLanguage\":\"fr-FR\"},{\"@type\":\"WebPage\",\"@id\":\"https:\\\/\\\/regions-snetap-fsu.fr\\\/na\\\/2022\\\/10\\\/05\\\/29-30-octobre-pas-une-bassine-de-stoppons-le-chantier-de-sainte-soline\\\/\",\"url\":\"https:\\\/\\\/regions-snetap-fsu.fr\\\/na\\\/2022\\\/10\\\/05\\\/29-30-octobre-pas-une-bassine-de-stoppons-le-chantier-de-sainte-soline\\\/\",\"name\":\"29\\\/30 octobre - Pas une bassine de + - Stoppons le chantier de Sainte-Soline ! - NOUVELLE AQUITAINE\",\"isPartOf\":{\"@id\":\"https:\\\/\\\/regions-snetap-fsu.fr\\\/na\\\/#website\"},\"primaryImageOfPage\":{\"@id\":\"https:\\\/\\\/regions-snetap-fsu.fr\\\/na\\\/2022\\\/10\\\/05\\\/29-30-octobre-pas-une-bassine-de-stoppons-le-chantier-de-sainte-soline\\\/#primaryimage\"},\"image\":{\"@id\":\"https:\\\/\\\/regions-snetap-fsu.fr\\\/na\\\/2022\\\/10\\\/05\\\/29-30-octobre-pas-une-bassine-de-stoppons-le-chantier-de-sainte-soline\\\/#primaryimage\"},\"thumbnailUrl\":\"https:\\\/\\\/regions-snetap-fsu.fr\\\/na\\\/wp-content\\\/uploads\\\/sites\\\/3\\\/2022\\\/10\\\/20221003_affichesStSoline_00pp.jpeg\",\"datePublished\":\"2022-10-05T17:39:11+00:00\",\"breadcrumb\":{\"@id\":\"https:\\\/\\\/regions-snetap-fsu.fr\\\/na\\\/2022\\\/10\\\/05\\\/29-30-octobre-pas-une-bassine-de-stoppons-le-chantier-de-sainte-soline\\\/#breadcrumb\"},\"inLanguage\":\"fr-FR\",\"potentialAction\":[{\"@type\":\"ReadAction\",\"target\":[\"https:\\\/\\\/regions-snetap-fsu.fr\\\/na\\\/2022\\\/10\\\/05\\\/29-30-octobre-pas-une-bassine-de-stoppons-le-chantier-de-sainte-soline\\\/\"]}]},{\"@type\":\"ImageObject\",\"inLanguage\":\"fr-FR\",\"@id\":\"https:\\\/\\\/regions-snetap-fsu.fr\\\/na\\\/2022\\\/10\\\/05\\\/29-30-octobre-pas-une-bassine-de-stoppons-le-chantier-de-sainte-soline\\\/#primaryimage\",\"url\":\"https:\\\/\\\/regions-snetap-fsu.fr\\\/na\\\/wp-content\\\/uploads\\\/sites\\\/3\\\/2022\\\/10\\\/20221003_affichesStSoline_00pp.jpeg\",\"contentUrl\":\"https:\\\/\\\/regions-snetap-fsu.fr\\\/na\\\/wp-content\\\/uploads\\\/sites\\\/3\\\/2022\\\/10\\\/20221003_affichesStSoline_00pp.jpeg\",\"width\":500,\"height\":696},{\"@type\":\"BreadcrumbList\",\"@id\":\"https:\\\/\\\/regions-snetap-fsu.fr\\\/na\\\/2022\\\/10\\\/05\\\/29-30-octobre-pas-une-bassine-de-stoppons-le-chantier-de-sainte-soline\\\/#breadcrumb\",\"itemListElement\":[{\"@type\":\"ListItem\",\"position\":1,\"name\":\"Accueil\",\"item\":\"https:\\\/\\\/regions-snetap-fsu.fr\\\/na\\\/\"},{\"@type\":\"ListItem\",\"position\":2,\"name\":\"29\\\/30 octobre &#8211; Pas une bassine de + &#8211; Stoppons le chantier de Sainte-Soline !\"}]},{\"@type\":\"WebSite\",\"@id\":\"https:\\\/\\\/regions-snetap-fsu.fr\\\/na\\\/#website\",\"url\":\"https:\\\/\\\/regions-snetap-fsu.fr\\\/na\\\/\",\"name\":\"SNETAP-FSU NOUVELLE AQUITAINE\",\"description\":\"Blog de la Section R\u00e9gionale\",\"publisher\":{\"@id\":\"https:\\\/\\\/regions-snetap-fsu.fr\\\/na\\\/#organization\"},\"potentialAction\":[{\"@type\":\"SearchAction\",\"target\":{\"@type\":\"EntryPoint\",\"urlTemplate\":\"https:\\\/\\\/regions-snetap-fsu.fr\\\/na\\\/?s={search_term_string}\"},\"query-input\":{\"@type\":\"PropertyValueSpecification\",\"valueRequired\":true,\"valueName\":\"search_term_string\"}}],\"inLanguage\":\"fr-FR\"},{\"@type\":\"Organization\",\"@id\":\"https:\\\/\\\/regions-snetap-fsu.fr\\\/na\\\/#organization\",\"name\":\"SNETAP-FSU - Nouvelle Aquitaine\",\"url\":\"https:\\\/\\\/regions-snetap-fsu.fr\\\/na\\\/\",\"logo\":{\"@type\":\"ImageObject\",\"inLanguage\":\"fr-FR\",\"@id\":\"https:\\\/\\\/regions-snetap-fsu.fr\\\/na\\\/#\\\/schema\\\/logo\\\/image\\\/\",\"url\":\"https:\\\/\\\/regions-snetap-fsu.fr\\\/na\\\/wp-content\\\/uploads\\\/sites\\\/3\\\/2020\\\/12\\\/SNETAP-Logo.jpg\",\"contentUrl\":\"https:\\\/\\\/regions-snetap-fsu.fr\\\/na\\\/wp-content\\\/uploads\\\/sites\\\/3\\\/2020\\\/12\\\/SNETAP-Logo.jpg\",\"width\":464,\"height\":334,\"caption\":\"SNETAP-FSU - Nouvelle Aquitaine\"},\"image\":{\"@id\":\"https:\\\/\\\/regions-snetap-fsu.fr\\\/na\\\/#\\\/schema\\\/logo\\\/image\\\/\"}},{\"@type\":\"Person\",\"@id\":\"https:\\\/\\\/regions-snetap-fsu.fr\\\/na\\\/#\\\/schema\\\/person\\\/ac42fbdc9c4977a4d3a4895e2d2e68d5\",\"name\":\"el blanco\",\"image\":{\"@type\":\"ImageObject\",\"inLanguage\":\"fr-FR\",\"@id\":\"https:\\\/\\\/secure.gravatar.com\\\/avatar\\\/813cfa949421988d54b68d617a31e8b1601ad2cf76cbdfa12fc2dcdb0763888d?s=96&d=mm&r=g\",\"url\":\"https:\\\/\\\/secure.gravatar.com\\\/avatar\\\/813cfa949421988d54b68d617a31e8b1601ad2cf76cbdfa12fc2dcdb0763888d?s=96&d=mm&r=g\",\"contentUrl\":\"https:\\\/\\\/secure.gravatar.com\\\/avatar\\\/813cfa949421988d54b68d617a31e8b1601ad2cf76cbdfa12fc2dcdb0763888d?s=96&d=mm&r=g\",\"caption\":\"el blanco\"},\"url\":\"https:\\\/\\\/regions-snetap-fsu.fr\\\/na\\\/author\\\/y-le-blanc\\\/\"}]}<\/script>\n<!-- \/ Yoast SEO plugin. -->","yoast_head_json":{"title":"29\/30 octobre - Pas une bassine de + - Stoppons le chantier de Sainte-Soline ! - NOUVELLE AQUITAINE","robots":{"index":"index","follow":"follow","max-snippet":"max-snippet:-1","max-image-preview":"max-image-preview:large","max-video-preview":"max-video-preview:-1"},"canonical":"https:\/\/regions-snetap-fsu.fr\/na\/2022\/10\/05\/29-30-octobre-pas-une-bassine-de-stoppons-le-chantier-de-sainte-soline\/","og_locale":"fr_FR","og_type":"article","og_title":"29\/30 octobre - Pas une bassine de + - Stoppons le chantier de Sainte-Soline ! - NOUVELLE AQUITAINE","og_description":"C&rsquo;est parti ! Ils tentent de passer en force. Les travaux de la m\u00e9ga-bassine de Sainte-soline (79) ont commenc\u00e9.\u00a0 Le compte \u00e0 rebours a d\u00e9marr\u00e9 jusqu&rsquo;\u00e0 la m\u00e9ga-manif du 28\/29 octobre pour les arr\u00eater ! Tous\/toutes \u00e0 Sainte-Soline. No Bassaran ! \/\/ Pas une bassine de plus !!! ## 29\/30 octobre 2022 &#8211; stoppons le [&hellip;]","og_url":"https:\/\/regions-snetap-fsu.fr\/na\/2022\/10\/05\/29-30-octobre-pas-une-bassine-de-stoppons-le-chantier-de-sainte-soline\/","og_site_name":"NOUVELLE AQUITAINE","article_published_time":"2022-10-05T17:39:11+00:00","og_image":[{"width":500,"height":696,"url":"https:\/\/regions-snetap-fsu.fr\/na\/wp-content\/uploads\/sites\/3\/2022\/10\/20221003_affichesStSoline_00pp.jpeg","type":"image\/jpeg"}],"author":"el blanco","twitter_card":"summary_large_image","twitter_misc":{"\u00c9crit par":"el blanco","Dur\u00e9e de lecture estim\u00e9e":"7 minutes"},"schema":{"@context":"https:\/\/schema.org","@graph":[{"@type":"Article","@id":"https:\/\/regions-snetap-fsu.fr\/na\/2022\/10\/05\/29-30-octobre-pas-une-bassine-de-stoppons-le-chantier-de-sainte-soline\/#article","isPartOf":{"@id":"https:\/\/regions-snetap-fsu.fr\/na\/2022\/10\/05\/29-30-octobre-pas-une-bassine-de-stoppons-le-chantier-de-sainte-soline\/"},"author":{"name":"el blanco","@id":"https:\/\/regions-snetap-fsu.fr\/na\/#\/schema\/person\/ac42fbdc9c4977a4d3a4895e2d2e68d5"},"headline":"29\/30 octobre &#8211; Pas une bassine de + &#8211; Stoppons le chantier de Sainte-Soline !","datePublished":"2022-10-05T17:39:11+00:00","mainEntityOfPage":{"@id":"https:\/\/regions-snetap-fsu.fr\/na\/2022\/10\/05\/29-30-octobre-pas-une-bassine-de-stoppons-le-chantier-de-sainte-soline\/"},"wordCount":1491,"publisher":{"@id":"https:\/\/regions-snetap-fsu.fr\/na\/#organization"},"image":{"@id":"https:\/\/regions-snetap-fsu.fr\/na\/2022\/10\/05\/29-30-octobre-pas-une-bassine-de-stoppons-le-chantier-de-sainte-soline\/#primaryimage"},"thumbnailUrl":"https:\/\/regions-snetap-fsu.fr\/na\/wp-content\/uploads\/sites\/3\/2022\/10\/20221003_affichesStSoline_00pp.jpeg","articleSection":["Actions","Actus","Communiqu\u00e9s","NA","Secteur Poitou-Charentes"],"inLanguage":"fr-FR"},{"@type":"WebPage","@id":"https:\/\/regions-snetap-fsu.fr\/na\/2022\/10\/05\/29-30-octobre-pas-une-bassine-de-stoppons-le-chantier-de-sainte-soline\/","url":"https:\/\/regions-snetap-fsu.fr\/na\/2022\/10\/05\/29-30-octobre-pas-une-bassine-de-stoppons-le-chantier-de-sainte-soline\/","name":"29\/30 octobre - Pas une bassine de + - Stoppons le chantier de Sainte-Soline ! - NOUVELLE AQUITAINE","isPartOf":{"@id":"https:\/\/regions-snetap-fsu.fr\/na\/#website"},"primaryImageOfPage":{"@id":"https:\/\/regions-snetap-fsu.fr\/na\/2022\/10\/05\/29-30-octobre-pas-une-bassine-de-stoppons-le-chantier-de-sainte-soline\/#primaryimage"},"image":{"@id":"https:\/\/regions-snetap-fsu.fr\/na\/2022\/10\/05\/29-30-octobre-pas-une-bassine-de-stoppons-le-chantier-de-sainte-soline\/#primaryimage"},"thumbnailUrl":"https:\/\/regions-snetap-fsu.fr\/na\/wp-content\/uploads\/sites\/3\/2022\/10\/20221003_affichesStSoline_00pp.jpeg","datePublished":"2022-10-05T17:39:11+00:00","breadcrumb":{"@id":"https:\/\/regions-snetap-fsu.fr\/na\/2022\/10\/05\/29-30-octobre-pas-une-bassine-de-stoppons-le-chantier-de-sainte-soline\/#breadcrumb"},"inLanguage":"fr-FR","potentialAction":[{"@type":"ReadAction","target":["https:\/\/regions-snetap-fsu.fr\/na\/2022\/10\/05\/29-30-octobre-pas-une-bassine-de-stoppons-le-chantier-de-sainte-soline\/"]}]},{"@type":"ImageObject","inLanguage":"fr-FR","@id":"https:\/\/regions-snetap-fsu.fr\/na\/2022\/10\/05\/29-30-octobre-pas-une-bassine-de-stoppons-le-chantier-de-sainte-soline\/#primaryimage","url":"https:\/\/regions-snetap-fsu.fr\/na\/wp-content\/uploads\/sites\/3\/2022\/10\/20221003_affichesStSoline_00pp.jpeg","contentUrl":"https:\/\/regions-snetap-fsu.fr\/na\/wp-content\/uploads\/sites\/3\/2022\/10\/20221003_affichesStSoline_00pp.jpeg","width":500,"height":696},{"@type":"BreadcrumbList","@id":"https:\/\/regions-snetap-fsu.fr\/na\/2022\/10\/05\/29-30-octobre-pas-une-bassine-de-stoppons-le-chantier-de-sainte-soline\/#breadcrumb","itemListElement":[{"@type":"ListItem","position":1,"name":"Accueil","item":"https:\/\/regions-snetap-fsu.fr\/na\/"},{"@type":"ListItem","position":2,"name":"29\/30 octobre &#8211; Pas une bassine de + &#8211; Stoppons le chantier de Sainte-Soline !"}]},{"@type":"WebSite","@id":"https:\/\/regions-snetap-fsu.fr\/na\/#website","url":"https:\/\/regions-snetap-fsu.fr\/na\/","name":"SNETAP-FSU NOUVELLE AQUITAINE","description":"Blog de la Section R\u00e9gionale","publisher":{"@id":"https:\/\/regions-snetap-fsu.fr\/na\/#organization"},"potentialAction":[{"@type":"SearchAction","target":{"@type":"EntryPoint","urlTemplate":"https:\/\/regions-snetap-fsu.fr\/na\/?s={search_term_string}"},"query-input":{"@type":"PropertyValueSpecification","valueRequired":true,"valueName":"search_term_string"}}],"inLanguage":"fr-FR"},{"@type":"Organization","@id":"https:\/\/regions-snetap-fsu.fr\/na\/#organization","name":"SNETAP-FSU - Nouvelle Aquitaine","url":"https:\/\/regions-snetap-fsu.fr\/na\/","logo":{"@type":"ImageObject","inLanguage":"fr-FR","@id":"https:\/\/regions-snetap-fsu.fr\/na\/#\/schema\/logo\/image\/","url":"https:\/\/regions-snetap-fsu.fr\/na\/wp-content\/uploads\/sites\/3\/2020\/12\/SNETAP-Logo.jpg","contentUrl":"https:\/\/regions-snetap-fsu.fr\/na\/wp-content\/uploads\/sites\/3\/2020\/12\/SNETAP-Logo.jpg","width":464,"height":334,"caption":"SNETAP-FSU - Nouvelle Aquitaine"},"image":{"@id":"https:\/\/regions-snetap-fsu.fr\/na\/#\/schema\/logo\/image\/"}},{"@type":"Person","@id":"https:\/\/regions-snetap-fsu.fr\/na\/#\/schema\/person\/ac42fbdc9c4977a4d3a4895e2d2e68d5","name":"el blanco","image":{"@type":"ImageObject","inLanguage":"fr-FR","@id":"https:\/\/secure.gravatar.com\/avatar\/813cfa949421988d54b68d617a31e8b1601ad2cf76cbdfa12fc2dcdb0763888d?s=96&d=mm&r=g","url":"https:\/\/secure.gravatar.com\/avatar\/813cfa949421988d54b68d617a31e8b1601ad2cf76cbdfa12fc2dcdb0763888d?s=96&d=mm&r=g","contentUrl":"https:\/\/secure.gravatar.com\/avatar\/813cfa949421988d54b68d617a31e8b1601ad2cf76cbdfa12fc2dcdb0763888d?s=96&d=mm&r=g","caption":"el blanco"},"url":"https:\/\/regions-snetap-fsu.fr\/na\/author\/y-le-blanc\/"}]}},"_links":{"self":[{"href":"https:\/\/regions-snetap-fsu.fr\/na\/wp-json\/wp\/v2\/posts\/3031","targetHints":{"allow":["GET"]}}],"collection":[{"href":"https:\/\/regions-snetap-fsu.fr\/na\/wp-json\/wp\/v2\/posts"}],"about":[{"href":"https:\/\/regions-snetap-fsu.fr\/na\/wp-json\/wp\/v2\/types\/post"}],"author":[{"embeddable":true,"href":"https:\/\/regions-snetap-fsu.fr\/na\/wp-json\/wp\/v2\/users\/87"}],"replies":[{"embeddable":true,"href":"https:\/\/regions-snetap-fsu.fr\/na\/wp-json\/wp\/v2\/comments?post=3031"}],"version-history":[{"count":1,"href":"https:\/\/regions-snetap-fsu.fr\/na\/wp-json\/wp\/v2\/posts\/3031\/revisions"}],"predecessor-version":[{"id":3033,"href":"https:\/\/regions-snetap-fsu.fr\/na\/wp-json\/wp\/v2\/posts\/3031\/revisions\/3033"}],"wp:featuredmedia":[{"embeddable":true,"href":"https:\/\/regions-snetap-fsu.fr\/na\/wp-json\/wp\/v2\/media\/3032"}],"wp:attachment":[{"href":"https:\/\/regions-snetap-fsu.fr\/na\/wp-json\/wp\/v2\/media?parent=3031"}],"wp:term":[{"taxonomy":"category","embeddable":true,"href":"https:\/\/regions-snetap-fsu.fr\/na\/wp-json\/wp\/v2\/categories?post=3031"},{"taxonomy":"post_tag","embeddable":true,"href":"https:\/\/regions-snetap-fsu.fr\/na\/wp-json\/wp\/v2\/tags?post=3031"},{"taxonomy":"post_folder","embeddable":true,"href":"https:\/\/regions-snetap-fsu.fr\/na\/wp-json\/wp\/v2\/post_folder?post=3031"}],"curies":[{"name":"wp","href":"https:\/\/api.w.org\/{rel}","templated":true}]}}