{"id":2925,"date":"2022-07-04T09:22:56","date_gmt":"2022-07-04T07:22:56","guid":{"rendered":"https:\/\/regions-snetap-fsu.fr\/na\/?p=2925"},"modified":"2022-07-05T08:18:16","modified_gmt":"2022-07-05T06:18:16","slug":"pour-vous-defendre-le-snetap-fsu-rencontre-la-draaf","status":"publish","type":"post","link":"https:\/\/regions-snetap-fsu.fr\/na\/2022\/07\/04\/pour-vous-defendre-le-snetap-fsu-rencontre-la-draaf\/","title":{"rendered":"Pour vous d\u00e9fendre, le Snetap-fsu rencontre la DRAAF"},"content":{"rendered":"<h2 style=\"text-align: center\"><strong><u><img decoding=\"async\" class=\"wp-image-1843 alignleft\" src=\"https:\/\/regions-snetap-fsu.fr\/na\/wp-content\/uploads\/sites\/3\/2020\/09\/Nouvelle-Aquitaine-300x300.jpg\" alt=\"\" width=\"119\" height=\"119\" srcset=\"https:\/\/regions-snetap-fsu.fr\/na\/wp-content\/uploads\/sites\/3\/2020\/09\/Nouvelle-Aquitaine-300x300.jpg 300w, https:\/\/regions-snetap-fsu.fr\/na\/wp-content\/uploads\/sites\/3\/2020\/09\/Nouvelle-Aquitaine-1024x1024.jpg 1024w, https:\/\/regions-snetap-fsu.fr\/na\/wp-content\/uploads\/sites\/3\/2020\/09\/Nouvelle-Aquitaine-150x150.jpg 150w, https:\/\/regions-snetap-fsu.fr\/na\/wp-content\/uploads\/sites\/3\/2020\/09\/Nouvelle-Aquitaine-768x768.jpg 768w, https:\/\/regions-snetap-fsu.fr\/na\/wp-content\/uploads\/sites\/3\/2020\/09\/Nouvelle-Aquitaine-1536x1536.jpg 1536w, https:\/\/regions-snetap-fsu.fr\/na\/wp-content\/uploads\/sites\/3\/2020\/09\/Nouvelle-Aquitaine.jpg 2000w\" sizes=\"(max-width: 119px) 100vw, 119px\" \/><\/u><\/strong><\/h2>\n<h2><\/h2>\n<h2 style=\"text-align: left\"><strong><u><span style=\"color: #339966\">Bilat\u00e9rale DRAAF-SRFD du 1<sup>er<\/sup> juillet 2022<\/span><\/u><\/strong><\/h2>\n<p>&nbsp;<\/p>\n<p>Une d\u00e9l\u00e9gation compos\u00e9e de trois co-secr\u00e9taires r\u00e9gionaux Nouvelle-Aquitaine a rencontr\u00e9 le directeur r\u00e9gional Philippe DE GUENIN, le nouveau chef de service du SRFD Laurent HERBRETEAU et le chef de service du SRFD par int\u00e9rim Jean-Marie CHANSON \u00e0 la DRAAF de Limoges.<\/p>\n<p>15 jours apr\u00e8s le CREA, cette rencontre avec l&rsquo;Administration permet de pr\u00e9ciser certains dossiers n&rsquo;ayant pas \u00e9t\u00e9 pr\u00e9sent\u00e9s lors des instances et de rappeler nos priorit\u00e9s pour la prochaine rentr\u00e9e.<\/p>\n<p>Les points suivants \u00e0 l\u2019ordre du jour ont \u00e9t\u00e9 abord\u00e9s.<\/p>\n<ol>\n<li>\n<h4><span style=\"color: #339966;font-size: 14pt\"><strong> <u>Bilan du partenariat \u00ab HECTAR et EPL Bordeaux Gironde<\/u> \u00bb<\/strong><\/span><\/h4>\n<\/li>\n<\/ol>\n<p>Le bilan a \u00e9t\u00e9 r\u00e9alis\u00e9 lors du dernier CA de l\u2019EPL : HECTAR se retire car il n\u2019a pas gagn\u00e9 d\u2019argent mais le consortium d\u2019une dizaine de ch\u00e2teaux va rester.<\/p>\n<p>La DRAAF a soulign\u00e9 qu\u2019elle n\u2019est pas anti-HECTAR : elle ne souhaite pas se mettre \u00e0 dos l\u2019\u00e9tablissement et profiter de leur carnet d\u2019adresses. Elle indique qu\u2019elle sait pourquoi HECTAR a choisi Blanquefort et que nos inqui\u00e9tudes ne sont pas fond\u00e9es.<\/p>\n<ol start=\"2\">\n<li>\n<h4><span style=\"color: #339966;font-size: 14pt\"><strong> <u>Projets de la mise en place de l\u2019\u00e9cole du paysage \u00e0 la MFR de l&rsquo;Entre-deux-Mers de la Sauve et de l\u2019Universit\u00e9 des m\u00e9tiers de la vigne et du vin \u00e0 l\u2019abbaye de Vertheuil dans le M\u00e9doc<\/u><\/strong><\/span><\/h4>\n<\/li>\n<\/ol>\n<p>Le premier projet est une compl\u00e9mentarit\u00e9 dans la formation adulte qui n\u2019est pas aussi \u00e9vidente que dans la formation initiale. Il s\u2019agit d\u2019un changement de nom qui n\u2019est pas quelque chose de nouveau : c\u2019est une appellation marketing.<\/p>\n<p>Le deuxi\u00e8me projet est une initiative priv\u00e9e, en lien avec le vin de Suze, propri\u00e9t\u00e9 du d\u00e9partement de la Dr\u00f4me. C\u2019est une \u00e9cole priv\u00e9e sup\u00e9rieure rattach\u00e9e au Rectorat d\u2019Aix en Provence. La DRAAF indique qu\u2019elle n\u2019a pas la main et que le projet est compl\u00e8tement de droit. Elle souligne que nous n\u2019avons pas \u00e0 avoir peur et qu\u2019il faut surveiller mais pas emp\u00eacher. Les CFA publics sont efficaces, le volet formation par apprentissage augmente ; nous sommes un leader incontest\u00e9 sur le territoire.<\/p>\n<ol start=\"3\">\n<li>\n<h4><span style=\"color: #339966;font-size: 14pt\"><strong><u>Postes REANA<\/u><\/strong><\/span><\/h4>\n<\/li>\n<\/ol>\n<p>Le r\u00e9seau des \u00e9tablissements agricoles Nouvelle-Aquitaine comprend un directeur op\u00e9rationnel qui est agent du Minist\u00e8re. Il est suivi et contr\u00f4l\u00e9 par la DRAAF. Aucun bilan de son activit\u00e9 n\u2019est pr\u00e9sent\u00e9 dans les CA des EPL.<\/p>\n<p>Un poste de coordination CFA\/CFPPA existe encore. Il n\u2019a jamais \u00e9t\u00e9 question de rendre compte de son activit\u00e9.<\/p>\n<p><span style=\"color: #0000ff\">La DRAAF accepte de rendre compte de l\u2019activit\u00e9 de REANA en point d\u2019actualit\u00e9 en CTREA.<\/span><\/p>\n<ol start=\"4\">\n<li>\n<h4><span style=\"color: #339966;font-size: 14pt\"><strong> <u>Repr\u00e9sentation de l\u2019Enseignement Maritime au CAEN en Aquitaine et Poitou-Charentes<\/u><\/strong><\/span><\/h4>\n<\/li>\n<\/ol>\n<p>La DRAAF pr\u00e9cise que les lyc\u00e9es maritimes d\u00e9pendent de la DIRM-SA (Direction Interr\u00e9gionale de la Mer-Sud Atlantique). C\u2019est \u00e0 elle de porter le sujet de la place des repr\u00e9sentant.es des lyc\u00e9es maritimes dans les CAEN. <span style=\"color: #0000ff\">Elle ne s\u2018oppose cependant pas \u00e0 le sugg\u00e9rer aupr\u00e8s de l\u2019EN.<\/span><\/p>\n<ol start=\"5\">\n<li>\n<h4><span style=\"color: #339966;font-size: 14pt\"><strong> <u>Moyens pour la mise en \u0153uvre EPA 2 en Nouvelle-Aquitain<\/u>e<\/strong><\/span><\/h4>\n<\/li>\n<\/ol>\n<p>Du travail a \u00e9t\u00e9 mis en place dans les \u00e9tablissements avec des plans d\u2019action. L\u2019enveloppe pour les r\u00e9f\u00e9rent.es EPA 2 charg\u00e9.es d\u2019accompagner la mise en place de ce plan a doubl\u00e9. Un volume de 36h par \u00e9tablissement a \u00e9t\u00e9 allou\u00e9.<\/p>\n<p>Concernant la mise en place d\u2019un projet, 54h de d\u00e9charge par personne sont attribu\u00e9es.<\/p>\n<ol start=\"6\">\n<li>\n<h4><span style=\"color: #339966;font-size: 14pt\"><strong> <u>Planification des instances<\/u><\/strong><\/span><\/h4>\n<\/li>\n<\/ol>\n<p>La DRAAF va tenir compte de notre demande de les planifier l\u2019apr\u00e8s-midi afin de pouvoir les pr\u00e9parer le matin, notamment concernant le CREA. Si le directeur r\u00e9gional est absent, il d\u00e9l\u00e8guera.<\/p>\n<ol start=\"7\">\n<li>\n<h4><span style=\"color: #339966;font-size: 14pt\"><strong> <u>Bilan Licences Professionnelles en Nouvelle-Aquitaine : lesquelles restent ouvertes ? Lesquelles ferment<\/u> ?<\/strong><\/span><\/h4>\n<\/li>\n<\/ol>\n<p>Le projet d\u2019ouverture d\u2019une Licence Pro \u00ab Num\u00e9rique\/Robotique \u00bb \u00e0 l\u2019\u00e9chelle de la Nouvelle-Aquitaine est en cours d\u2019\u00e9criture. Mais la d\u00e9cision revient \u00e0 l\u2019EN.<\/p>\n<p>La DRAAF pr\u00e9cise qu\u2019elle ne sait pas si une Licence Pro fermera \u00e0 la rentr\u00e9e prochaine. Elle va se renseigner aupr\u00e8s des directeurs.rices des lyc\u00e9es.<\/p>\n<ol start=\"8\">\n<li>\n<h4><span style=\"color: #339966;font-size: 14pt\"><strong> <u>HSA\/HSE pour les professeur.es documentalistes<\/u><\/strong><\/span><\/h4>\n<\/li>\n<\/ol>\n<p>Le sujet a \u00e9t\u00e9 tranch\u00e9 par la DGER : <span style=\"color: #3366ff\">ils.elles pourront pr\u00e9tendre \u00e0 des HSE.<\/span><\/p>\n<ol start=\"9\">\n<li>\n<h4><span style=\"color: #339966;font-size: 14pt\"><strong> <u>Situation AESH et instructions DRAAF<\/u><\/strong><\/span><\/h4>\n<\/li>\n<\/ol>\n<p>Concernant le probl\u00e8me des suivis mutualis\u00e9s dont la prise en charge doit \u00eatre d\u00e9finie par les \u00e9quipes \u00e9ducatives, nous demandons que cela soit clarifi\u00e9 aupr\u00e8s des chef.fes d&rsquo;\u00e9tablissement rapidement et sans restriction.<\/p>\n<p>La<span style=\"color: #3366ff\"> DRAAf r\u00e9pond que l\u2019accompagnement ne peut pas se faire forfaitairement.<\/span> Un rappel sera fait d\u2019apr\u00e8s la r\u00e9glementation.<\/p>\n<ol start=\"10\">\n<li>\n<h4><span style=\"color: #339966;font-size: 14pt\"><strong><u>Carte des formations 2023 : il s&rsquo;agit d&rsquo;arr\u00eater de faire la part belle au priv\u00e9<\/u><\/strong><strong> !<\/strong><\/span><\/h4>\n<\/li>\n<\/ol>\n<p>La DRAAF ne consid\u00e8re pas que le priv\u00e9 est favoris\u00e9 par rapport au public&#8230;le bilan net ouverture\/fermeture depuis 2018 : +13 dans le public et +31 dans le priv\u00e9 !<\/p>\n<ol start=\"11\">\n<li>\n<h4><span style=\"color: #339966;font-size: 14pt\"><strong> <u>Exploitations agricoles et ateliers technologiques de la r\u00e9gion<\/u><\/strong><\/span><\/h4>\n<\/li>\n<\/ol>\n<p>Le SRFD a rencontr\u00e9 les repr\u00e9sentant.es des DEA\/DAT lors d\u2019une r\u00e9union r\u00e9gionale du 8 au 9 juin 2022 \u00e0 Ahun : il ne fait pas le m\u00eame constat que ce que nous lui avons fait remonter.<\/p>\n<p>Il indique que ceux.celles-ci ont appr\u00e9ci\u00e9 de se retrouver. Ils.Elles ont \u00e9t\u00e9 content.es de visiter l\u2019exploitation et d\u2019\u00e9changer avec le SRFD\/DRAAF (sur les sch\u00e9mas des directeurs, sur la rallonge de 15 jours concernant l\u2019application GALEXIA, \u2026).<\/p>\n<p>Il partage le constat de la baisse de moral des DEA\/DAT mais indique que celui-ci est li\u00e9 au d\u00e9ficit des exploitations. Pour lui, une exploitation non rentable place le DEA en situation d\u2019angoisse.<\/p>\n<p>Il souligne enfin la difficult\u00e9 de recrutement sur ces postes.<\/p>\n<ol start=\"12\">\n<li>\n<h4><span style=\"color: #339966;font-size: 14pt\"><strong> <u>Constat fait d\u2019une situation d\u00e9grad\u00e9e dans nombre d&rsquo;EPL, lyc\u00e9es et CFA : n\u00e9cessit\u00e9 de reprendre au plus vite les visites CHSCTREA<\/u><\/strong><\/span><\/h4>\n<\/li>\n<\/ol>\n<p><span style=\"color: #3366ff\">La DRAAF consent la reprise des visites mais elle ajoute que celles-ci devront se faire dans un esprit de bienveillance et s\u2019il n\u2019y a pas de point de non-retour.<\/span><\/p>\n<ol start=\"13\">\n<li>\n<h4><span style=\"color: #339966;font-size: 14pt\"><strong> <u>Situation des \u00e9tablissements<\/u><\/strong><\/span><\/h4>\n<\/li>\n<\/ol>\n<ul>\n<li>Probl\u00e9matique du recrutement d&rsquo;enseignant.es\/formateur.rices en Agro\u00e9quipement \u00e0 Montmorillon<\/li>\n<\/ul>\n<p>La DRAAF indique qu\u2019il faudrait se rapprocher des fili\u00e8res ing\u00e9nieur.es.<\/p>\n<ul>\n<li>Les postes de direction<\/li>\n<\/ul>\n<p>Le poste de D1 \u00e0 Ahun est pourvu (arriv\u00e9e de la D1 de Thur\u00e9). Des titulaires vont arriver sur les postes de D2 \u00e0 Brive-Voutezac et St Yrieix. Le D2 de Thur\u00e9 va \u00e0 Brive ; le poste est donc vacant. Le D1 est maintenu \u00e0 Venours et le poste de D2 se lib\u00e8re.<\/p>\n<ul>\n<li>Climat social \u00e0 Limoges<\/li>\n<\/ul>\n<p><span style=\"color: #339966\">Nous avons signal\u00e9 la situation encore tr\u00e8s d\u00e9grad\u00e9e malgr\u00e9 les mesures prises.<\/span><\/p>\n<p>La DRAAF r\u00e9pond que l\u2019enqu\u00eate \u00ab Climat social \u00bb peut \u00eatre une solution mais qu\u2019il faut d\u2019abord voir les r\u00e9sultats de la d\u00e9marche en cours.<\/p>\n<p>&nbsp;<\/p>\n<p>&nbsp;<\/p>\n","protected":false},"excerpt":{"rendered":"<p>Bilat\u00e9rale DRAAF-SRFD du 1er juillet 2022 &nbsp; Une d\u00e9l\u00e9gation compos\u00e9e de trois co-secr\u00e9taires r\u00e9gionaux Nouvelle-Aquitaine a rencontr\u00e9 le directeur r\u00e9gional Philippe DE GUENIN, le nouveau chef de service du SRFD Laurent HERBRETEAU et le chef de service du SRFD par int\u00e9rim Jean-Marie CHANSON \u00e0 la DRAAF de Limoges. 15 jours apr\u00e8s le CREA, cette rencontre [&hellip;]<\/p>\n","protected":false},"author":99,"featured_media":2646,"comment_status":"closed","ping_status":"closed","sticky":false,"template":"","format":"standard","meta":{"ocean_post_layout":"","ocean_both_sidebars_style":"","ocean_both_sidebars_content_width":0,"ocean_both_sidebars_sidebars_width":0,"ocean_sidebar":"0","ocean_second_sidebar":"0","ocean_disable_margins":"enable","ocean_add_body_class":"","ocean_shortcode_before_top_bar":"","ocean_shortcode_after_top_bar":"","ocean_shortcode_before_header":"","ocean_shortcode_after_header":"","ocean_has_shortcode":"","ocean_shortcode_after_title":"","ocean_shortcode_before_footer_widgets":"","ocean_shortcode_after_footer_widgets":"","ocean_shortcode_before_footer_bottom":"","ocean_shortcode_after_footer_bottom":"","ocean_display_top_bar":"default","ocean_display_header":"default","ocean_header_style":"","ocean_center_header_left_menu":"0","ocean_custom_header_template":"0","ocean_custom_logo":0,"ocean_custom_retina_logo":0,"ocean_custom_logo_max_width":0,"ocean_custom_logo_tablet_max_width":0,"ocean_custom_logo_mobile_max_width":0,"ocean_custom_logo_max_height":0,"ocean_custom_logo_tablet_max_height":0,"ocean_custom_logo_mobile_max_height":0,"ocean_header_custom_menu":"0","ocean_menu_typo_font_family":"0","ocean_menu_typo_font_subset":"","ocean_menu_typo_font_size":0,"ocean_menu_typo_font_size_tablet":0,"ocean_menu_typo_font_size_mobile":0,"ocean_menu_typo_font_size_unit":"px","ocean_menu_typo_font_weight":"","ocean_menu_typo_font_weight_tablet":"","ocean_menu_typo_font_weight_mobile":"","ocean_menu_typo_transform":"","ocean_menu_typo_transform_tablet":"","ocean_menu_typo_transform_mobile":"","ocean_menu_typo_line_height":0,"ocean_menu_typo_line_height_tablet":0,"ocean_menu_typo_line_height_mobile":0,"ocean_menu_typo_line_height_unit":"","ocean_menu_typo_spacing":0,"ocean_menu_typo_spacing_tablet":0,"ocean_menu_typo_spacing_mobile":0,"ocean_menu_typo_spacing_unit":"","ocean_menu_link_color":"","ocean_menu_link_color_hover":"","ocean_menu_link_color_active":"","ocean_menu_link_background":"","ocean_menu_link_hover_background":"","ocean_menu_link_active_background":"","ocean_menu_social_links_bg":"","ocean_menu_social_hover_links_bg":"","ocean_menu_social_links_color":"","ocean_menu_social_hover_links_color":"","ocean_disable_title":"default","ocean_disable_heading":"default","ocean_post_title":"","ocean_post_subheading":"","ocean_post_title_style":"","ocean_post_title_background_color":"","ocean_post_title_background":0,"ocean_post_title_bg_image_position":"","ocean_post_title_bg_image_attachment":"","ocean_post_title_bg_image_repeat":"","ocean_post_title_bg_image_size":"","ocean_post_title_height":0,"ocean_post_title_bg_overlay":0.5,"ocean_post_title_bg_overlay_color":"","ocean_disable_breadcrumbs":"default","ocean_breadcrumbs_color":"#8bc34a","ocean_breadcrumbs_separator_color":"","ocean_breadcrumbs_links_color":"","ocean_breadcrumbs_links_hover_color":"","ocean_display_footer_widgets":"default","ocean_display_footer_bottom":"default","ocean_custom_footer_template":"0","ocean_post_oembed":"","ocean_post_self_hosted_media":"","ocean_post_video_embed":"","ocean_link_format":"","ocean_link_format_target":"self","ocean_quote_format":"","ocean_quote_format_link":"post","ocean_gallery_link_images":"off","ocean_gallery_id":[],"footnotes":""},"categories":[12,4,8],"tags":[],"post_folder":[],"class_list":["post-2925","post","type-post","status-publish","format-standard","has-post-thumbnail","hentry","category-actions","category-compte-rendu","category-na","entry","has-media"],"yoast_head":"<!-- This site is optimized with the Yoast SEO plugin v27.4 - https:\/\/yoast.com\/product\/yoast-seo-wordpress\/ -->\n<title>Pour vous d\u00e9fendre, le Snetap-fsu rencontre la DRAAF - NOUVELLE AQUITAINE<\/title>\n<meta name=\"robots\" content=\"index, follow, max-snippet:-1, max-image-preview:large, max-video-preview:-1\" \/>\n<link rel=\"canonical\" href=\"https:\/\/regions-snetap-fsu.fr\/na\/?p=2925\" \/>\n<meta property=\"og:locale\" content=\"fr_FR\" \/>\n<meta property=\"og:type\" content=\"article\" \/>\n<meta property=\"og:title\" content=\"Pour vous d\u00e9fendre, le Snetap-fsu rencontre la DRAAF - NOUVELLE AQUITAINE\" \/>\n<meta property=\"og:description\" content=\"Bilat\u00e9rale DRAAF-SRFD du 1er juillet 2022 &nbsp; Une d\u00e9l\u00e9gation compos\u00e9e de trois co-secr\u00e9taires r\u00e9gionaux Nouvelle-Aquitaine a rencontr\u00e9 le directeur r\u00e9gional Philippe DE GUENIN, le nouveau chef de service du SRFD Laurent HERBRETEAU et le chef de service du SRFD par int\u00e9rim Jean-Marie CHANSON \u00e0 la DRAAF de Limoges. 15 jours apr\u00e8s le CREA, cette rencontre [&hellip;]\" \/>\n<meta property=\"og:url\" content=\"https:\/\/regions-snetap-fsu.fr\/na\/?p=2925\" \/>\n<meta property=\"og:site_name\" content=\"NOUVELLE AQUITAINE\" \/>\n<meta property=\"article:published_time\" content=\"2022-07-04T07:22:56+00:00\" \/>\n<meta property=\"article:modified_time\" content=\"2022-07-05T06:18:16+00:00\" \/>\n<meta property=\"og:image\" content=\"https:\/\/regions-snetap-fsu.fr\/na\/wp-content\/uploads\/sites\/3\/2021\/12\/question.png\" \/>\n\t<meta property=\"og:image:width\" content=\"1252\" \/>\n\t<meta property=\"og:image:height\" content=\"1436\" \/>\n\t<meta property=\"og:image:type\" content=\"image\/png\" \/>\n<meta name=\"author\" content=\"Tmoos\" \/>\n<meta name=\"twitter:card\" content=\"summary_large_image\" \/>\n<meta name=\"twitter:label1\" content=\"\u00c9crit par\" \/>\n\t<meta name=\"twitter:data1\" content=\"Tmoos\" \/>\n\t<meta name=\"twitter:label2\" content=\"Dur\u00e9e de lecture estim\u00e9e\" \/>\n\t<meta name=\"twitter:data2\" content=\"6 minutes\" \/>\n<script type=\"application\/ld+json\" class=\"yoast-schema-graph\">{\"@context\":\"https:\\\/\\\/schema.org\",\"@graph\":[{\"@type\":\"Article\",\"@id\":\"https:\\\/\\\/regions-snetap-fsu.fr\\\/na\\\/?p=2925#article\",\"isPartOf\":{\"@id\":\"https:\\\/\\\/regions-snetap-fsu.fr\\\/na\\\/?p=2925\"},\"author\":{\"name\":\"Tmoos\",\"@id\":\"https:\\\/\\\/regions-snetap-fsu.fr\\\/na\\\/#\\\/schema\\\/person\\\/200c3209e01aa8c2a287fda4d096cd22\"},\"headline\":\"Pour vous d\u00e9fendre, le Snetap-fsu rencontre la DRAAF\",\"datePublished\":\"2022-07-04T07:22:56+00:00\",\"dateModified\":\"2022-07-05T06:18:16+00:00\",\"mainEntityOfPage\":{\"@id\":\"https:\\\/\\\/regions-snetap-fsu.fr\\\/na\\\/?p=2925\"},\"wordCount\":1168,\"publisher\":{\"@id\":\"https:\\\/\\\/regions-snetap-fsu.fr\\\/na\\\/#organization\"},\"image\":{\"@id\":\"https:\\\/\\\/regions-snetap-fsu.fr\\\/na\\\/?p=2925#primaryimage\"},\"thumbnailUrl\":\"https:\\\/\\\/regions-snetap-fsu.fr\\\/na\\\/wp-content\\\/uploads\\\/sites\\\/3\\\/2021\\\/12\\\/question.png\",\"articleSection\":[\"Actions\",\"Comptes-rendus\",\"NA\"],\"inLanguage\":\"fr-FR\"},{\"@type\":\"WebPage\",\"@id\":\"https:\\\/\\\/regions-snetap-fsu.fr\\\/na\\\/?p=2925\",\"url\":\"https:\\\/\\\/regions-snetap-fsu.fr\\\/na\\\/?p=2925\",\"name\":\"Pour vous d\u00e9fendre, le Snetap-fsu rencontre la DRAAF - NOUVELLE AQUITAINE\",\"isPartOf\":{\"@id\":\"https:\\\/\\\/regions-snetap-fsu.fr\\\/na\\\/#website\"},\"primaryImageOfPage\":{\"@id\":\"https:\\\/\\\/regions-snetap-fsu.fr\\\/na\\\/?p=2925#primaryimage\"},\"image\":{\"@id\":\"https:\\\/\\\/regions-snetap-fsu.fr\\\/na\\\/?p=2925#primaryimage\"},\"thumbnailUrl\":\"https:\\\/\\\/regions-snetap-fsu.fr\\\/na\\\/wp-content\\\/uploads\\\/sites\\\/3\\\/2021\\\/12\\\/question.png\",\"datePublished\":\"2022-07-04T07:22:56+00:00\",\"dateModified\":\"2022-07-05T06:18:16+00:00\",\"breadcrumb\":{\"@id\":\"https:\\\/\\\/regions-snetap-fsu.fr\\\/na\\\/?p=2925#breadcrumb\"},\"inLanguage\":\"fr-FR\",\"potentialAction\":[{\"@type\":\"ReadAction\",\"target\":[\"https:\\\/\\\/regions-snetap-fsu.fr\\\/na\\\/?p=2925\"]}]},{\"@type\":\"ImageObject\",\"inLanguage\":\"fr-FR\",\"@id\":\"https:\\\/\\\/regions-snetap-fsu.fr\\\/na\\\/?p=2925#primaryimage\",\"url\":\"https:\\\/\\\/regions-snetap-fsu.fr\\\/na\\\/wp-content\\\/uploads\\\/sites\\\/3\\\/2021\\\/12\\\/question.png\",\"contentUrl\":\"https:\\\/\\\/regions-snetap-fsu.fr\\\/na\\\/wp-content\\\/uploads\\\/sites\\\/3\\\/2021\\\/12\\\/question.png\",\"width\":1252,\"height\":1436},{\"@type\":\"BreadcrumbList\",\"@id\":\"https:\\\/\\\/regions-snetap-fsu.fr\\\/na\\\/?p=2925#breadcrumb\",\"itemListElement\":[{\"@type\":\"ListItem\",\"position\":1,\"name\":\"Accueil\",\"item\":\"https:\\\/\\\/regions-snetap-fsu.fr\\\/na\\\/\"},{\"@type\":\"ListItem\",\"position\":2,\"name\":\"Pour vous d\u00e9fendre, le Snetap-fsu rencontre la DRAAF\"}]},{\"@type\":\"WebSite\",\"@id\":\"https:\\\/\\\/regions-snetap-fsu.fr\\\/na\\\/#website\",\"url\":\"https:\\\/\\\/regions-snetap-fsu.fr\\\/na\\\/\",\"name\":\"SNETAP-FSU NOUVELLE AQUITAINE\",\"description\":\"Blog de la Section R\u00e9gionale\",\"publisher\":{\"@id\":\"https:\\\/\\\/regions-snetap-fsu.fr\\\/na\\\/#organization\"},\"potentialAction\":[{\"@type\":\"SearchAction\",\"target\":{\"@type\":\"EntryPoint\",\"urlTemplate\":\"https:\\\/\\\/regions-snetap-fsu.fr\\\/na\\\/?s={search_term_string}\"},\"query-input\":{\"@type\":\"PropertyValueSpecification\",\"valueRequired\":true,\"valueName\":\"search_term_string\"}}],\"inLanguage\":\"fr-FR\"},{\"@type\":\"Organization\",\"@id\":\"https:\\\/\\\/regions-snetap-fsu.fr\\\/na\\\/#organization\",\"name\":\"SNETAP-FSU - Nouvelle Aquitaine\",\"url\":\"https:\\\/\\\/regions-snetap-fsu.fr\\\/na\\\/\",\"logo\":{\"@type\":\"ImageObject\",\"inLanguage\":\"fr-FR\",\"@id\":\"https:\\\/\\\/regions-snetap-fsu.fr\\\/na\\\/#\\\/schema\\\/logo\\\/image\\\/\",\"url\":\"https:\\\/\\\/regions-snetap-fsu.fr\\\/na\\\/wp-content\\\/uploads\\\/sites\\\/3\\\/2020\\\/12\\\/SNETAP-Logo.jpg\",\"contentUrl\":\"https:\\\/\\\/regions-snetap-fsu.fr\\\/na\\\/wp-content\\\/uploads\\\/sites\\\/3\\\/2020\\\/12\\\/SNETAP-Logo.jpg\",\"width\":464,\"height\":334,\"caption\":\"SNETAP-FSU - Nouvelle Aquitaine\"},\"image\":{\"@id\":\"https:\\\/\\\/regions-snetap-fsu.fr\\\/na\\\/#\\\/schema\\\/logo\\\/image\\\/\"}},{\"@type\":\"Person\",\"@id\":\"https:\\\/\\\/regions-snetap-fsu.fr\\\/na\\\/#\\\/schema\\\/person\\\/200c3209e01aa8c2a287fda4d096cd22\",\"name\":\"Tmoos\",\"image\":{\"@type\":\"ImageObject\",\"inLanguage\":\"fr-FR\",\"@id\":\"https:\\\/\\\/secure.gravatar.com\\\/avatar\\\/ee9416e21ddddd1cb4bc3f8a9a89584e0671c3184caebebe8e4de3129769a613?s=96&d=mm&r=g\",\"url\":\"https:\\\/\\\/secure.gravatar.com\\\/avatar\\\/ee9416e21ddddd1cb4bc3f8a9a89584e0671c3184caebebe8e4de3129769a613?s=96&d=mm&r=g\",\"contentUrl\":\"https:\\\/\\\/secure.gravatar.com\\\/avatar\\\/ee9416e21ddddd1cb4bc3f8a9a89584e0671c3184caebebe8e4de3129769a613?s=96&d=mm&r=g\",\"caption\":\"Tmoos\"},\"url\":\"https:\\\/\\\/regions-snetap-fsu.fr\\\/na\\\/author\\\/fthomas\\\/\"}]}<\/script>\n<!-- \/ Yoast SEO plugin. -->","yoast_head_json":{"title":"Pour vous d\u00e9fendre, le Snetap-fsu rencontre la DRAAF - NOUVELLE AQUITAINE","robots":{"index":"index","follow":"follow","max-snippet":"max-snippet:-1","max-image-preview":"max-image-preview:large","max-video-preview":"max-video-preview:-1"},"canonical":"https:\/\/regions-snetap-fsu.fr\/na\/?p=2925","og_locale":"fr_FR","og_type":"article","og_title":"Pour vous d\u00e9fendre, le Snetap-fsu rencontre la DRAAF - NOUVELLE AQUITAINE","og_description":"Bilat\u00e9rale DRAAF-SRFD du 1er juillet 2022 &nbsp; Une d\u00e9l\u00e9gation compos\u00e9e de trois co-secr\u00e9taires r\u00e9gionaux Nouvelle-Aquitaine a rencontr\u00e9 le directeur r\u00e9gional Philippe DE GUENIN, le nouveau chef de service du SRFD Laurent HERBRETEAU et le chef de service du SRFD par int\u00e9rim Jean-Marie CHANSON \u00e0 la DRAAF de Limoges. 15 jours apr\u00e8s le CREA, cette rencontre [&hellip;]","og_url":"https:\/\/regions-snetap-fsu.fr\/na\/?p=2925","og_site_name":"NOUVELLE AQUITAINE","article_published_time":"2022-07-04T07:22:56+00:00","article_modified_time":"2022-07-05T06:18:16+00:00","og_image":[{"width":1252,"height":1436,"url":"https:\/\/regions-snetap-fsu.fr\/na\/wp-content\/uploads\/sites\/3\/2021\/12\/question.png","type":"image\/png"}],"author":"Tmoos","twitter_card":"summary_large_image","twitter_misc":{"\u00c9crit par":"Tmoos","Dur\u00e9e de lecture estim\u00e9e":"6 minutes"},"schema":{"@context":"https:\/\/schema.org","@graph":[{"@type":"Article","@id":"https:\/\/regions-snetap-fsu.fr\/na\/?p=2925#article","isPartOf":{"@id":"https:\/\/regions-snetap-fsu.fr\/na\/?p=2925"},"author":{"name":"Tmoos","@id":"https:\/\/regions-snetap-fsu.fr\/na\/#\/schema\/person\/200c3209e01aa8c2a287fda4d096cd22"},"headline":"Pour vous d\u00e9fendre, le Snetap-fsu rencontre la DRAAF","datePublished":"2022-07-04T07:22:56+00:00","dateModified":"2022-07-05T06:18:16+00:00","mainEntityOfPage":{"@id":"https:\/\/regions-snetap-fsu.fr\/na\/?p=2925"},"wordCount":1168,"publisher":{"@id":"https:\/\/regions-snetap-fsu.fr\/na\/#organization"},"image":{"@id":"https:\/\/regions-snetap-fsu.fr\/na\/?p=2925#primaryimage"},"thumbnailUrl":"https:\/\/regions-snetap-fsu.fr\/na\/wp-content\/uploads\/sites\/3\/2021\/12\/question.png","articleSection":["Actions","Comptes-rendus","NA"],"inLanguage":"fr-FR"},{"@type":"WebPage","@id":"https:\/\/regions-snetap-fsu.fr\/na\/?p=2925","url":"https:\/\/regions-snetap-fsu.fr\/na\/?p=2925","name":"Pour vous d\u00e9fendre, le Snetap-fsu rencontre la DRAAF - NOUVELLE AQUITAINE","isPartOf":{"@id":"https:\/\/regions-snetap-fsu.fr\/na\/#website"},"primaryImageOfPage":{"@id":"https:\/\/regions-snetap-fsu.fr\/na\/?p=2925#primaryimage"},"image":{"@id":"https:\/\/regions-snetap-fsu.fr\/na\/?p=2925#primaryimage"},"thumbnailUrl":"https:\/\/regions-snetap-fsu.fr\/na\/wp-content\/uploads\/sites\/3\/2021\/12\/question.png","datePublished":"2022-07-04T07:22:56+00:00","dateModified":"2022-07-05T06:18:16+00:00","breadcrumb":{"@id":"https:\/\/regions-snetap-fsu.fr\/na\/?p=2925#breadcrumb"},"inLanguage":"fr-FR","potentialAction":[{"@type":"ReadAction","target":["https:\/\/regions-snetap-fsu.fr\/na\/?p=2925"]}]},{"@type":"ImageObject","inLanguage":"fr-FR","@id":"https:\/\/regions-snetap-fsu.fr\/na\/?p=2925#primaryimage","url":"https:\/\/regions-snetap-fsu.fr\/na\/wp-content\/uploads\/sites\/3\/2021\/12\/question.png","contentUrl":"https:\/\/regions-snetap-fsu.fr\/na\/wp-content\/uploads\/sites\/3\/2021\/12\/question.png","width":1252,"height":1436},{"@type":"BreadcrumbList","@id":"https:\/\/regions-snetap-fsu.fr\/na\/?p=2925#breadcrumb","itemListElement":[{"@type":"ListItem","position":1,"name":"Accueil","item":"https:\/\/regions-snetap-fsu.fr\/na\/"},{"@type":"ListItem","position":2,"name":"Pour vous d\u00e9fendre, le Snetap-fsu rencontre la DRAAF"}]},{"@type":"WebSite","@id":"https:\/\/regions-snetap-fsu.fr\/na\/#website","url":"https:\/\/regions-snetap-fsu.fr\/na\/","name":"SNETAP-FSU NOUVELLE AQUITAINE","description":"Blog de la Section R\u00e9gionale","publisher":{"@id":"https:\/\/regions-snetap-fsu.fr\/na\/#organization"},"potentialAction":[{"@type":"SearchAction","target":{"@type":"EntryPoint","urlTemplate":"https:\/\/regions-snetap-fsu.fr\/na\/?s={search_term_string}"},"query-input":{"@type":"PropertyValueSpecification","valueRequired":true,"valueName":"search_term_string"}}],"inLanguage":"fr-FR"},{"@type":"Organization","@id":"https:\/\/regions-snetap-fsu.fr\/na\/#organization","name":"SNETAP-FSU - Nouvelle Aquitaine","url":"https:\/\/regions-snetap-fsu.fr\/na\/","logo":{"@type":"ImageObject","inLanguage":"fr-FR","@id":"https:\/\/regions-snetap-fsu.fr\/na\/#\/schema\/logo\/image\/","url":"https:\/\/regions-snetap-fsu.fr\/na\/wp-content\/uploads\/sites\/3\/2020\/12\/SNETAP-Logo.jpg","contentUrl":"https:\/\/regions-snetap-fsu.fr\/na\/wp-content\/uploads\/sites\/3\/2020\/12\/SNETAP-Logo.jpg","width":464,"height":334,"caption":"SNETAP-FSU - Nouvelle Aquitaine"},"image":{"@id":"https:\/\/regions-snetap-fsu.fr\/na\/#\/schema\/logo\/image\/"}},{"@type":"Person","@id":"https:\/\/regions-snetap-fsu.fr\/na\/#\/schema\/person\/200c3209e01aa8c2a287fda4d096cd22","name":"Tmoos","image":{"@type":"ImageObject","inLanguage":"fr-FR","@id":"https:\/\/secure.gravatar.com\/avatar\/ee9416e21ddddd1cb4bc3f8a9a89584e0671c3184caebebe8e4de3129769a613?s=96&d=mm&r=g","url":"https:\/\/secure.gravatar.com\/avatar\/ee9416e21ddddd1cb4bc3f8a9a89584e0671c3184caebebe8e4de3129769a613?s=96&d=mm&r=g","contentUrl":"https:\/\/secure.gravatar.com\/avatar\/ee9416e21ddddd1cb4bc3f8a9a89584e0671c3184caebebe8e4de3129769a613?s=96&d=mm&r=g","caption":"Tmoos"},"url":"https:\/\/regions-snetap-fsu.fr\/na\/author\/fthomas\/"}]}},"_links":{"self":[{"href":"https:\/\/regions-snetap-fsu.fr\/na\/wp-json\/wp\/v2\/posts\/2925","targetHints":{"allow":["GET"]}}],"collection":[{"href":"https:\/\/regions-snetap-fsu.fr\/na\/wp-json\/wp\/v2\/posts"}],"about":[{"href":"https:\/\/regions-snetap-fsu.fr\/na\/wp-json\/wp\/v2\/types\/post"}],"author":[{"embeddable":true,"href":"https:\/\/regions-snetap-fsu.fr\/na\/wp-json\/wp\/v2\/users\/99"}],"replies":[{"embeddable":true,"href":"https:\/\/regions-snetap-fsu.fr\/na\/wp-json\/wp\/v2\/comments?post=2925"}],"version-history":[{"count":5,"href":"https:\/\/regions-snetap-fsu.fr\/na\/wp-json\/wp\/v2\/posts\/2925\/revisions"}],"predecessor-version":[{"id":2935,"href":"https:\/\/regions-snetap-fsu.fr\/na\/wp-json\/wp\/v2\/posts\/2925\/revisions\/2935"}],"wp:featuredmedia":[{"embeddable":true,"href":"https:\/\/regions-snetap-fsu.fr\/na\/wp-json\/wp\/v2\/media\/2646"}],"wp:attachment":[{"href":"https:\/\/regions-snetap-fsu.fr\/na\/wp-json\/wp\/v2\/media?parent=2925"}],"wp:term":[{"taxonomy":"category","embeddable":true,"href":"https:\/\/regions-snetap-fsu.fr\/na\/wp-json\/wp\/v2\/categories?post=2925"},{"taxonomy":"post_tag","embeddable":true,"href":"https:\/\/regions-snetap-fsu.fr\/na\/wp-json\/wp\/v2\/tags?post=2925"},{"taxonomy":"post_folder","embeddable":true,"href":"https:\/\/regions-snetap-fsu.fr\/na\/wp-json\/wp\/v2\/post_folder?post=2925"}],"curies":[{"name":"wp","href":"https:\/\/api.w.org\/{rel}","templated":true}]}}