{"id":2714,"date":"2022-01-31T18:08:09","date_gmt":"2022-01-31T17:08:09","guid":{"rendered":"https:\/\/regions-snetap-fsu.fr\/na\/?p=2714"},"modified":"2022-02-01T11:33:29","modified_gmt":"2022-02-01T10:33:29","slug":"repression-dans-leducation-apres-melle-clermont-ferrand","status":"publish","type":"post","link":"https:\/\/regions-snetap-fsu.fr\/na\/2022\/01\/31\/repression-dans-leducation-apres-melle-clermont-ferrand\/","title":{"rendered":"R\u00c9PRESSION DANS L&rsquo;\u00c9DUCATION : apr\u00e8s Melle, Clermont-Ferrand"},"content":{"rendered":"<p><strong>R\u00c9PRESSION DANS L&rsquo;\u00c9DUCATION : APR\u00c8S LES POURSUITES DISCIPLINAIRES \u00c0 MELLE, PLACE \u00c0 LA R\u00c9PRESSION JUDICIAIRE DE LA GR\u00c8VE DES E3C DU BAC BLANQUER \u00c0 CLERMONT<\/strong><\/p>\n<blockquote>\n<div style=\"text-align: left\" align=\"justify\">\n<p><strong>Apr\u00e8s la r\u00e9pression disciplinaire, place \u00e0 la r\u00e9pression judiciaire !<\/strong><\/p>\n<p>Le comit\u00e9 de soutien aux 4 de Melle appelle \u00e0 rejoindre le rassemblement du 1er f\u00e9vrier \u00e0 13h devant le tribunal judiciaire de Clermont-Ferrand.<\/p>\n<p><em><strong>Communiqu\u00e9 du comit\u00e9 de soutien aux 4 de Melle, 23 janvier 2022<\/strong><\/em><\/p>\n<p>Deux ans se sont \u00e9coul\u00e9s et pourtant nous n&rsquo;en avons pas encore fini avec la r\u00e9pression des mobilisations contre les E3C qui avaient marqu\u00e9 le d\u00e9but d&rsquo;ann\u00e9e 2020&#8230;<\/p>\n<p>A Clermont-Ferrand, comme \u00e0 Melle, mais aussi en r\u00e9gion parisienne, \u00e0 Bordeaux, \u00e0 Dole et ailleurs, les E3C, \u00e9preuves embl\u00e9matiques du bac Blanquer, dor\u00e9navant enterr\u00e9es par le minist\u00e8re, avaient soulev\u00e9 un vent de protestation chez les \u00e9l\u00e8ves, parents et personnels de l&rsquo;\u00e9ducation nationale. <strong>Au lyc\u00e9e Blaise Pascal de Clermont-Ferrand, le samedi 18 janvier, en soutien aux personnels gr\u00e9vistes, une forte mobilisation, rassemblant plus de 200 manifestants, avait conduit au report des \u00e9preuves.<\/strong> D\u00e8s le lendemain, par voie de presse, comme il aime \u00e0 le faire, Jean-Michel Blanquer avait annonc\u00e9 que des poursuites seraient engag\u00e9es. <strong>Sur les 200 manifestants, six t\u00eates sont cibl\u00e9es<\/strong> et convoqu\u00e9es au commissariat dans les jours suivants, <strong>des responsables syndicaux d\u00e9partementaux ou acad\u00e9miques du SNES, de la CGT Educ&rsquo;action, de Sud Education et de l&rsquo;UNEF<\/strong>. Rectorat pour les Mellois, commissariat pour les Clermontois : il s&rsquo;agit bien de mettre au pas les personnels de l&rsquo;\u00e9ducation qui osent s&rsquo;opposer aux r\u00e9formes Blanquer et d&rsquo;instiller la peur par une r\u00e9pression qui frappe les t\u00eates qui d\u00e9passent !<\/p>\n<p>Pendant plus d&rsquo;un an, silence radio&#8230; et le 28 avril 2021, soit plus d&rsquo;un an apr\u00e8s les faits, tombe une condamnation par ordonnance p\u00e9nale, sans comparution ni d\u00e9bat contradictoire, condamnation \u00e0 une amende d\u00e9lictuelle avec inscription sur la partie B2 du casier judiciaire, pour \u00abintrusion non autoris\u00e9e dans un \u00e9tablissement scolaire dans le but de troubler la tranquillit\u00e9 ou le bon ordre de l&rsquo;\u00e9tablissement \u00bb. Et pourtant le 18 janvier, <strong>aucun passage en force, aucune d\u00e9gradation, aucun franchissement de portail ferm\u00e9, aucune violence, aucun \u00e9l\u00e8ve emp\u00each\u00e9 de se rendre aux \u00e9preuves<\/strong>&#8230; Nous assistons l\u00e0 \u00e0 une criminalisation in\u00e9dite de l&rsquo;action syndicale ! Si m\u00eame des responsables syndicaux ne peuvent plus p\u00e9n\u00e9trer dans un \u00e9tablissement scolaire, comment pourrons-nous faire des tourn\u00e9es d&rsquo;\u00e9tablissements ? organiser des mobilisations ?<\/p>\n<p>R\u00e9pondons pr\u00e9sents \u00e0 c\u00f4t\u00e9 de ces r\u00e9prim\u00e9s qui ont d\u00e9cid\u00e9 de faire opposition \u00e0 leur condamnation et sont appel\u00e9s \u00e0 compara\u00eetre le mardi 1er f\u00e9vrier. <strong>L&rsquo;intersyndicale nationale (CGT, CNT, FO, SNALC, SNES, SNUEP, SUD, UNEF) appelle \u00e0 participer au rassemblement\u00a0 et d\u00e9pose un pr\u00e9avis de gr\u00e8ve (voir communiqu\u00e9 en PJ). Faisons nombre contre la r\u00e9pression<\/strong>, comme nous l&rsquo;avons d\u00e9j\u00e0 fait devant le rectorat de Poitiers le 12 octobre pour le conseil de discipline de Sylvie Contini. <strong>Dans le cas des 4 de Melle, la justice a d\u00e9j\u00e0 d\u00e9savou\u00e9 Blanquer par trois fois<\/strong> : le 22 d\u00e9cembre 2020, le tribunal administratif de Poitiers a suspendu, lors d&rsquo;une proc\u00e9dure en r\u00e9f\u00e9r\u00e9, la d\u00e9cision de sanction concernant Sylvie, \u00e0 savoir un d\u00e9placement d&rsquo;office ; le 22 avril 2021, le Conseil d&rsquo;Etat a refus\u00e9 d&rsquo;admettre le pourvoi en cassation du minist\u00e8re contre ce r\u00e9f\u00e9r\u00e9 ; le 29 juin 2021, le tribunal administratif de Poitiers a annul\u00e9 la prolongation de suspension d\u00e9cid\u00e9e le 18 juin 2020. <strong>Face \u00e0 la r\u00e9pression, les 4 de Melle n&rsquo;ont pas baiss\u00e9 la t\u00eate et continuent de se battre, car la lutte paie !<\/strong><\/p>\n<p>Alors battons-nous aussi aux c\u00f4t\u00e9s des Clermontois r\u00e9prim\u00e9s ! Nous ne pouvons accepter cette volont\u00e9 minist\u00e9rielle de faire taire toute contestation par la r\u00e9pression !<\/p>\n<p><strong>Tous et toutes \u00e0 Clermont-Ferrand, le 1er f\u00e9vrier, \u00e0 13h<\/strong><\/p>\n<p><strong>Moi aussi, j&rsquo;\u00e9tais \u00e0 Blaise Pascal<\/strong><br \/>\n<strong>Sois Prof et Bats-toi !<\/strong><\/p>\n<\/div>\n<\/blockquote>\n<p>&nbsp;<\/p>\n<div>\n<div><strong>Communiqu\u00e9 sur Facebook :<\/strong><\/div>\n<div><a href=\"https:\/\/www.facebook.com\/559673084219125\/posts\/1952093691643717\/\" target=\"_blank\" rel=\"noopener noreferrer\">https:\/\/www.facebook.com\/559673084219125\/posts\/1952093691643717\/<\/a><a href=\"https:\/\/www.facebook.com\/559673084219125\/posts\/1952093691643717\/\" target=\"_blank\" rel=\"noopener noreferrer\"><br \/>\n<\/a><\/div>\n<div><\/div>\n<div><strong>Communiqu\u00e9 sur Twitter :<\/strong><\/div>\n<div><a href=\"https:\/\/twitter.com\/tpamz\/status\/1485700533281345540?t=oE1BMdrhhy-X4QwrfqYGRg&amp;s=19\" target=\"_blank\" rel=\"noopener noreferrer\">https:\/\/twitter.com\/tpamz\/status\/1485700533281345540?t=oE1BMdrhhy-X4QwrfqYGRg&amp;s=19<\/a><a href=\"https:\/\/twitter.com\/tpamz\/status\/1485700533281345540?t=oE1BMdrhhy-X4QwrfqYGRg&amp;s=19\" target=\"_blank\" rel=\"noopener noreferrer\"><br \/>\n<\/a><\/div>\n<div><\/div>\n<div><strong>L&rsquo;\u00e9v\u00e9nement Facebook du rassemblement du mardi 1er f\u00e9vrier \u00e0 Clermont-Ferrand :<\/strong><\/div>\n<div><a href=\"https:\/\/facebook.com\/events\/s\/contre-la-repression-antisyndi\/258084042992745\/\" target=\"_blank\" rel=\"noopener noreferrer\">https:\/\/facebook.com\/events\/s\/contre-la-repression-antisyndi\/258084042992745\/<\/a><a href=\"https:\/\/facebook.com\/events\/s\/contre-la-repression-antisyndi\/258084042992745\/\" target=\"_blank\" rel=\"noopener noreferrer\"><br \/>\n<\/a>\n\t\t<div class=\"wppdfemb-frame-container-1\" style=\"-webkit-overflow-scrolling:auto;\">\n\t\t\t<iframe class=\"pdfembed-iframe nonfullscreen wppdf-emb-iframe-1\"\n\t\t\t\tsrc=\"https:\/\/regions-snetap-fsu.fr\/na\/?pdfemb-data=eyJ1cmwiOiJodHRwczpcL1wvcmVnaW9ucy1zbmV0YXAtZnN1LmZyXC9uYVwvd3AtY29udGVudFwvdXBsb2Fkc1wvc2l0ZXNcLzNcLzIwMjJcLzAxXC9jb21tdW5pcXVlLUZTVS1zb3V0aWVuLWNvbnRyZS1sYS1yZXByZXNzaW9uLWFudGktc3luZGljYWxlLWEtY2xlcm1vbnQtZmVycmFuZC5wZGYiLCJ0aXRsZSI6ImNvbW11bmlxdWUgRlNVIHNvdXRpZW4gY29udHJlIGxhIHJlcHJlc3Npb24gYW50aSBzeW5kaWNhbGUgYSBjbGVybW9udCBmZXJyYW5kIiwiaW5kZXgiOjEsInBkZklEIjoyNzI3fQ\"\n\t\t\t\ttitle=\"communique FSU soutien contre la repression anti syndicale a clermont ferrand\"\t\t\t\tdata-pdf-id=\"2727\"\n\t\t\t\tdata-pdf-index=\"1\"\n\t\t\t\tstyle=\"border:none;width:100%;max-width:100%;height:100vh;\"\n\t\t\t\tscrolling=\"yes\">\n\t\t\t<\/iframe>\n\t\t<\/div>\n\n\t\t<\/div>\n<div><img decoding=\"async\" src=\"https:\/\/regions-snetap-fsu.fr\/na\/wp-content\/uploads\/sites\/3\/2022\/01\/Communique-Intersyndicale-nationale-rassemblement-Clermont-0102-1-scaled.jpg\" \/><\/div>\n<div><\/div>\n<\/div>\n","protected":false},"excerpt":{"rendered":"<p>R\u00c9PRESSION DANS L&rsquo;\u00c9DUCATION : APR\u00c8S LES POURSUITES DISCIPLINAIRES \u00c0 MELLE, PLACE \u00c0 LA R\u00c9PRESSION JUDICIAIRE DE LA GR\u00c8VE DES E3C DU BAC BLANQUER \u00c0 CLERMONT Apr\u00e8s la r\u00e9pression disciplinaire, place \u00e0 la r\u00e9pression judiciaire ! Le comit\u00e9 de soutien aux 4 de Melle appelle \u00e0 rejoindre le rassemblement du 1er f\u00e9vrier \u00e0 13h devant le [&hellip;]<\/p>\n","protected":false},"author":87,"featured_media":2726,"comment_status":"closed","ping_status":"closed","sticky":false,"template":"","format":"standard","meta":{"ocean_post_layout":"","ocean_both_sidebars_style":"","ocean_both_sidebars_content_width":0,"ocean_both_sidebars_sidebars_width":0,"ocean_sidebar":"0","ocean_second_sidebar":"0","ocean_disable_margins":"enable","ocean_add_body_class":"","ocean_shortcode_before_top_bar":"","ocean_shortcode_after_top_bar":"","ocean_shortcode_before_header":"","ocean_shortcode_after_header":"","ocean_has_shortcode":"","ocean_shortcode_after_title":"","ocean_shortcode_before_footer_widgets":"","ocean_shortcode_after_footer_widgets":"","ocean_shortcode_before_footer_bottom":"","ocean_shortcode_after_footer_bottom":"","ocean_display_top_bar":"default","ocean_display_header":"default","ocean_header_style":"","ocean_center_header_left_menu":"0","ocean_custom_header_template":"0","ocean_custom_logo":0,"ocean_custom_retina_logo":0,"ocean_custom_logo_max_width":0,"ocean_custom_logo_tablet_max_width":0,"ocean_custom_logo_mobile_max_width":0,"ocean_custom_logo_max_height":0,"ocean_custom_logo_tablet_max_height":0,"ocean_custom_logo_mobile_max_height":0,"ocean_header_custom_menu":"0","ocean_menu_typo_font_family":"0","ocean_menu_typo_font_subset":"","ocean_menu_typo_font_size":0,"ocean_menu_typo_font_size_tablet":0,"ocean_menu_typo_font_size_mobile":0,"ocean_menu_typo_font_size_unit":"px","ocean_menu_typo_font_weight":"","ocean_menu_typo_font_weight_tablet":"","ocean_menu_typo_font_weight_mobile":"","ocean_menu_typo_transform":"","ocean_menu_typo_transform_tablet":"","ocean_menu_typo_transform_mobile":"","ocean_menu_typo_line_height":0,"ocean_menu_typo_line_height_tablet":0,"ocean_menu_typo_line_height_mobile":0,"ocean_menu_typo_line_height_unit":"","ocean_menu_typo_spacing":0,"ocean_menu_typo_spacing_tablet":0,"ocean_menu_typo_spacing_mobile":0,"ocean_menu_typo_spacing_unit":"","ocean_menu_link_color":"","ocean_menu_link_color_hover":"","ocean_menu_link_color_active":"","ocean_menu_link_background":"","ocean_menu_link_hover_background":"","ocean_menu_link_active_background":"","ocean_menu_social_links_bg":"","ocean_menu_social_hover_links_bg":"","ocean_menu_social_links_color":"","ocean_menu_social_hover_links_color":"","ocean_disable_title":"default","ocean_disable_heading":"default","ocean_post_title":"","ocean_post_subheading":"","ocean_post_title_style":"","ocean_post_title_background_color":"","ocean_post_title_background":0,"ocean_post_title_bg_image_position":"","ocean_post_title_bg_image_attachment":"","ocean_post_title_bg_image_repeat":"","ocean_post_title_bg_image_size":"","ocean_post_title_height":0,"ocean_post_title_bg_overlay":0.5,"ocean_post_title_bg_overlay_color":"","ocean_disable_breadcrumbs":"default","ocean_breadcrumbs_color":"","ocean_breadcrumbs_separator_color":"","ocean_breadcrumbs_links_color":"","ocean_breadcrumbs_links_hover_color":"","ocean_display_footer_widgets":"default","ocean_display_footer_bottom":"default","ocean_custom_footer_template":"0","ocean_post_oembed":"","ocean_post_self_hosted_media":"","ocean_post_video_embed":"","ocean_link_format":"","ocean_link_format_target":"self","ocean_quote_format":"","ocean_quote_format_link":"post","ocean_gallery_link_images":"off","ocean_gallery_id":[],"footnotes":""},"categories":[2,8],"tags":[],"post_folder":[],"class_list":["post-2714","post","type-post","status-publish","format-standard","has-post-thumbnail","hentry","category-actus","category-na","entry","has-media"],"yoast_head":"<!-- This site is optimized with the Yoast SEO plugin v27.4 - https:\/\/yoast.com\/product\/yoast-seo-wordpress\/ -->\n<title>R\u00c9PRESSION DANS L&#039;\u00c9DUCATION : apr\u00e8s Melle, Clermont-Ferrand - NOUVELLE AQUITAINE<\/title>\n<meta name=\"robots\" content=\"index, follow, max-snippet:-1, max-image-preview:large, max-video-preview:-1\" \/>\n<link rel=\"canonical\" href=\"https:\/\/regions-snetap-fsu.fr\/na\/?p=2714\" \/>\n<meta property=\"og:locale\" content=\"fr_FR\" \/>\n<meta property=\"og:type\" content=\"article\" \/>\n<meta property=\"og:title\" content=\"R\u00c9PRESSION DANS L&#039;\u00c9DUCATION : apr\u00e8s Melle, Clermont-Ferrand - NOUVELLE AQUITAINE\" \/>\n<meta property=\"og:description\" content=\"R\u00c9PRESSION DANS L&rsquo;\u00c9DUCATION : APR\u00c8S LES POURSUITES DISCIPLINAIRES \u00c0 MELLE, PLACE \u00c0 LA R\u00c9PRESSION JUDICIAIRE DE LA GR\u00c8VE DES E3C DU BAC BLANQUER \u00c0 CLERMONT Apr\u00e8s la r\u00e9pression disciplinaire, place \u00e0 la r\u00e9pression judiciaire ! Le comit\u00e9 de soutien aux 4 de Melle appelle \u00e0 rejoindre le rassemblement du 1er f\u00e9vrier \u00e0 13h devant le [&hellip;]\" \/>\n<meta property=\"og:url\" content=\"https:\/\/regions-snetap-fsu.fr\/na\/?p=2714\" \/>\n<meta property=\"og:site_name\" content=\"NOUVELLE AQUITAINE\" \/>\n<meta property=\"article:published_time\" content=\"2022-01-31T17:08:09+00:00\" \/>\n<meta property=\"article:modified_time\" content=\"2022-02-01T10:33:29+00:00\" \/>\n<meta name=\"author\" content=\"el blanco\" \/>\n<meta name=\"twitter:card\" content=\"summary_large_image\" \/>\n<meta name=\"twitter:label1\" content=\"\u00c9crit par\" \/>\n\t<meta name=\"twitter:data1\" content=\"el blanco\" \/>\n\t<meta name=\"twitter:label2\" content=\"Dur\u00e9e de lecture estim\u00e9e\" \/>\n\t<meta name=\"twitter:data2\" content=\"4 minutes\" \/>\n<script type=\"application\/ld+json\" class=\"yoast-schema-graph\">{\"@context\":\"https:\\\/\\\/schema.org\",\"@graph\":[{\"@type\":\"Article\",\"@id\":\"https:\\\/\\\/regions-snetap-fsu.fr\\\/na\\\/?p=2714#article\",\"isPartOf\":{\"@id\":\"https:\\\/\\\/regions-snetap-fsu.fr\\\/na\\\/?p=2714\"},\"author\":{\"name\":\"el blanco\",\"@id\":\"https:\\\/\\\/regions-snetap-fsu.fr\\\/na\\\/#\\\/schema\\\/person\\\/ac42fbdc9c4977a4d3a4895e2d2e68d5\"},\"headline\":\"R\u00c9PRESSION DANS L&rsquo;\u00c9DUCATION : apr\u00e8s Melle, Clermont-Ferrand\",\"datePublished\":\"2022-01-31T17:08:09+00:00\",\"dateModified\":\"2022-02-01T10:33:29+00:00\",\"mainEntityOfPage\":{\"@id\":\"https:\\\/\\\/regions-snetap-fsu.fr\\\/na\\\/?p=2714\"},\"wordCount\":744,\"publisher\":{\"@id\":\"https:\\\/\\\/regions-snetap-fsu.fr\\\/na\\\/#organization\"},\"image\":{\"@id\":\"https:\\\/\\\/regions-snetap-fsu.fr\\\/na\\\/?p=2714#primaryimage\"},\"thumbnailUrl\":\"https:\\\/\\\/regions-snetap-fsu.fr\\\/na\\\/wp-content\\\/uploads\\\/sites\\\/3\\\/2022\\\/01\\\/selfie2.jpg\",\"articleSection\":[\"Actus\",\"NA\"],\"inLanguage\":\"fr-FR\"},{\"@type\":\"WebPage\",\"@id\":\"https:\\\/\\\/regions-snetap-fsu.fr\\\/na\\\/?p=2714\",\"url\":\"https:\\\/\\\/regions-snetap-fsu.fr\\\/na\\\/?p=2714\",\"name\":\"R\u00c9PRESSION DANS L'\u00c9DUCATION : apr\u00e8s Melle, Clermont-Ferrand - NOUVELLE AQUITAINE\",\"isPartOf\":{\"@id\":\"https:\\\/\\\/regions-snetap-fsu.fr\\\/na\\\/#website\"},\"primaryImageOfPage\":{\"@id\":\"https:\\\/\\\/regions-snetap-fsu.fr\\\/na\\\/?p=2714#primaryimage\"},\"image\":{\"@id\":\"https:\\\/\\\/regions-snetap-fsu.fr\\\/na\\\/?p=2714#primaryimage\"},\"thumbnailUrl\":\"https:\\\/\\\/regions-snetap-fsu.fr\\\/na\\\/wp-content\\\/uploads\\\/sites\\\/3\\\/2022\\\/01\\\/selfie2.jpg\",\"datePublished\":\"2022-01-31T17:08:09+00:00\",\"dateModified\":\"2022-02-01T10:33:29+00:00\",\"breadcrumb\":{\"@id\":\"https:\\\/\\\/regions-snetap-fsu.fr\\\/na\\\/?p=2714#breadcrumb\"},\"inLanguage\":\"fr-FR\",\"potentialAction\":[{\"@type\":\"ReadAction\",\"target\":[\"https:\\\/\\\/regions-snetap-fsu.fr\\\/na\\\/?p=2714\"]}]},{\"@type\":\"ImageObject\",\"inLanguage\":\"fr-FR\",\"@id\":\"https:\\\/\\\/regions-snetap-fsu.fr\\\/na\\\/?p=2714#primaryimage\",\"url\":\"https:\\\/\\\/regions-snetap-fsu.fr\\\/na\\\/wp-content\\\/uploads\\\/sites\\\/3\\\/2022\\\/01\\\/selfie2.jpg\",\"contentUrl\":\"https:\\\/\\\/regions-snetap-fsu.fr\\\/na\\\/wp-content\\\/uploads\\\/sites\\\/3\\\/2022\\\/01\\\/selfie2.jpg\",\"width\":1200,\"height\":1599},{\"@type\":\"BreadcrumbList\",\"@id\":\"https:\\\/\\\/regions-snetap-fsu.fr\\\/na\\\/?p=2714#breadcrumb\",\"itemListElement\":[{\"@type\":\"ListItem\",\"position\":1,\"name\":\"Accueil\",\"item\":\"https:\\\/\\\/regions-snetap-fsu.fr\\\/na\\\/\"},{\"@type\":\"ListItem\",\"position\":2,\"name\":\"R\u00c9PRESSION DANS L&rsquo;\u00c9DUCATION : apr\u00e8s Melle, Clermont-Ferrand\"}]},{\"@type\":\"WebSite\",\"@id\":\"https:\\\/\\\/regions-snetap-fsu.fr\\\/na\\\/#website\",\"url\":\"https:\\\/\\\/regions-snetap-fsu.fr\\\/na\\\/\",\"name\":\"SNETAP-FSU NOUVELLE AQUITAINE\",\"description\":\"Blog de la Section R\u00e9gionale\",\"publisher\":{\"@id\":\"https:\\\/\\\/regions-snetap-fsu.fr\\\/na\\\/#organization\"},\"potentialAction\":[{\"@type\":\"SearchAction\",\"target\":{\"@type\":\"EntryPoint\",\"urlTemplate\":\"https:\\\/\\\/regions-snetap-fsu.fr\\\/na\\\/?s={search_term_string}\"},\"query-input\":{\"@type\":\"PropertyValueSpecification\",\"valueRequired\":true,\"valueName\":\"search_term_string\"}}],\"inLanguage\":\"fr-FR\"},{\"@type\":\"Organization\",\"@id\":\"https:\\\/\\\/regions-snetap-fsu.fr\\\/na\\\/#organization\",\"name\":\"SNETAP-FSU - Nouvelle Aquitaine\",\"url\":\"https:\\\/\\\/regions-snetap-fsu.fr\\\/na\\\/\",\"logo\":{\"@type\":\"ImageObject\",\"inLanguage\":\"fr-FR\",\"@id\":\"https:\\\/\\\/regions-snetap-fsu.fr\\\/na\\\/#\\\/schema\\\/logo\\\/image\\\/\",\"url\":\"https:\\\/\\\/regions-snetap-fsu.fr\\\/na\\\/wp-content\\\/uploads\\\/sites\\\/3\\\/2020\\\/12\\\/SNETAP-Logo.jpg\",\"contentUrl\":\"https:\\\/\\\/regions-snetap-fsu.fr\\\/na\\\/wp-content\\\/uploads\\\/sites\\\/3\\\/2020\\\/12\\\/SNETAP-Logo.jpg\",\"width\":464,\"height\":334,\"caption\":\"SNETAP-FSU - Nouvelle Aquitaine\"},\"image\":{\"@id\":\"https:\\\/\\\/regions-snetap-fsu.fr\\\/na\\\/#\\\/schema\\\/logo\\\/image\\\/\"}},{\"@type\":\"Person\",\"@id\":\"https:\\\/\\\/regions-snetap-fsu.fr\\\/na\\\/#\\\/schema\\\/person\\\/ac42fbdc9c4977a4d3a4895e2d2e68d5\",\"name\":\"el blanco\",\"image\":{\"@type\":\"ImageObject\",\"inLanguage\":\"fr-FR\",\"@id\":\"https:\\\/\\\/secure.gravatar.com\\\/avatar\\\/813cfa949421988d54b68d617a31e8b1601ad2cf76cbdfa12fc2dcdb0763888d?s=96&d=mm&r=g\",\"url\":\"https:\\\/\\\/secure.gravatar.com\\\/avatar\\\/813cfa949421988d54b68d617a31e8b1601ad2cf76cbdfa12fc2dcdb0763888d?s=96&d=mm&r=g\",\"contentUrl\":\"https:\\\/\\\/secure.gravatar.com\\\/avatar\\\/813cfa949421988d54b68d617a31e8b1601ad2cf76cbdfa12fc2dcdb0763888d?s=96&d=mm&r=g\",\"caption\":\"el blanco\"},\"url\":\"https:\\\/\\\/regions-snetap-fsu.fr\\\/na\\\/author\\\/y-le-blanc\\\/\"}]}<\/script>\n<!-- \/ Yoast SEO plugin. -->","yoast_head_json":{"title":"R\u00c9PRESSION DANS L'\u00c9DUCATION : apr\u00e8s Melle, Clermont-Ferrand - NOUVELLE AQUITAINE","robots":{"index":"index","follow":"follow","max-snippet":"max-snippet:-1","max-image-preview":"max-image-preview:large","max-video-preview":"max-video-preview:-1"},"canonical":"https:\/\/regions-snetap-fsu.fr\/na\/?p=2714","og_locale":"fr_FR","og_type":"article","og_title":"R\u00c9PRESSION DANS L'\u00c9DUCATION : apr\u00e8s Melle, Clermont-Ferrand - NOUVELLE AQUITAINE","og_description":"R\u00c9PRESSION DANS L&rsquo;\u00c9DUCATION : APR\u00c8S LES POURSUITES DISCIPLINAIRES \u00c0 MELLE, PLACE \u00c0 LA R\u00c9PRESSION JUDICIAIRE DE LA GR\u00c8VE DES E3C DU BAC BLANQUER \u00c0 CLERMONT Apr\u00e8s la r\u00e9pression disciplinaire, place \u00e0 la r\u00e9pression judiciaire ! Le comit\u00e9 de soutien aux 4 de Melle appelle \u00e0 rejoindre le rassemblement du 1er f\u00e9vrier \u00e0 13h devant le [&hellip;]","og_url":"https:\/\/regions-snetap-fsu.fr\/na\/?p=2714","og_site_name":"NOUVELLE AQUITAINE","article_published_time":"2022-01-31T17:08:09+00:00","article_modified_time":"2022-02-01T10:33:29+00:00","author":"el blanco","twitter_card":"summary_large_image","twitter_misc":{"\u00c9crit par":"el blanco","Dur\u00e9e de lecture estim\u00e9e":"4 minutes"},"schema":{"@context":"https:\/\/schema.org","@graph":[{"@type":"Article","@id":"https:\/\/regions-snetap-fsu.fr\/na\/?p=2714#article","isPartOf":{"@id":"https:\/\/regions-snetap-fsu.fr\/na\/?p=2714"},"author":{"name":"el blanco","@id":"https:\/\/regions-snetap-fsu.fr\/na\/#\/schema\/person\/ac42fbdc9c4977a4d3a4895e2d2e68d5"},"headline":"R\u00c9PRESSION DANS L&rsquo;\u00c9DUCATION : apr\u00e8s Melle, Clermont-Ferrand","datePublished":"2022-01-31T17:08:09+00:00","dateModified":"2022-02-01T10:33:29+00:00","mainEntityOfPage":{"@id":"https:\/\/regions-snetap-fsu.fr\/na\/?p=2714"},"wordCount":744,"publisher":{"@id":"https:\/\/regions-snetap-fsu.fr\/na\/#organization"},"image":{"@id":"https:\/\/regions-snetap-fsu.fr\/na\/?p=2714#primaryimage"},"thumbnailUrl":"https:\/\/regions-snetap-fsu.fr\/na\/wp-content\/uploads\/sites\/3\/2022\/01\/selfie2.jpg","articleSection":["Actus","NA"],"inLanguage":"fr-FR"},{"@type":"WebPage","@id":"https:\/\/regions-snetap-fsu.fr\/na\/?p=2714","url":"https:\/\/regions-snetap-fsu.fr\/na\/?p=2714","name":"R\u00c9PRESSION DANS L'\u00c9DUCATION : apr\u00e8s Melle, Clermont-Ferrand - NOUVELLE AQUITAINE","isPartOf":{"@id":"https:\/\/regions-snetap-fsu.fr\/na\/#website"},"primaryImageOfPage":{"@id":"https:\/\/regions-snetap-fsu.fr\/na\/?p=2714#primaryimage"},"image":{"@id":"https:\/\/regions-snetap-fsu.fr\/na\/?p=2714#primaryimage"},"thumbnailUrl":"https:\/\/regions-snetap-fsu.fr\/na\/wp-content\/uploads\/sites\/3\/2022\/01\/selfie2.jpg","datePublished":"2022-01-31T17:08:09+00:00","dateModified":"2022-02-01T10:33:29+00:00","breadcrumb":{"@id":"https:\/\/regions-snetap-fsu.fr\/na\/?p=2714#breadcrumb"},"inLanguage":"fr-FR","potentialAction":[{"@type":"ReadAction","target":["https:\/\/regions-snetap-fsu.fr\/na\/?p=2714"]}]},{"@type":"ImageObject","inLanguage":"fr-FR","@id":"https:\/\/regions-snetap-fsu.fr\/na\/?p=2714#primaryimage","url":"https:\/\/regions-snetap-fsu.fr\/na\/wp-content\/uploads\/sites\/3\/2022\/01\/selfie2.jpg","contentUrl":"https:\/\/regions-snetap-fsu.fr\/na\/wp-content\/uploads\/sites\/3\/2022\/01\/selfie2.jpg","width":1200,"height":1599},{"@type":"BreadcrumbList","@id":"https:\/\/regions-snetap-fsu.fr\/na\/?p=2714#breadcrumb","itemListElement":[{"@type":"ListItem","position":1,"name":"Accueil","item":"https:\/\/regions-snetap-fsu.fr\/na\/"},{"@type":"ListItem","position":2,"name":"R\u00c9PRESSION DANS L&rsquo;\u00c9DUCATION : apr\u00e8s Melle, Clermont-Ferrand"}]},{"@type":"WebSite","@id":"https:\/\/regions-snetap-fsu.fr\/na\/#website","url":"https:\/\/regions-snetap-fsu.fr\/na\/","name":"SNETAP-FSU NOUVELLE AQUITAINE","description":"Blog de la Section R\u00e9gionale","publisher":{"@id":"https:\/\/regions-snetap-fsu.fr\/na\/#organization"},"potentialAction":[{"@type":"SearchAction","target":{"@type":"EntryPoint","urlTemplate":"https:\/\/regions-snetap-fsu.fr\/na\/?s={search_term_string}"},"query-input":{"@type":"PropertyValueSpecification","valueRequired":true,"valueName":"search_term_string"}}],"inLanguage":"fr-FR"},{"@type":"Organization","@id":"https:\/\/regions-snetap-fsu.fr\/na\/#organization","name":"SNETAP-FSU - Nouvelle Aquitaine","url":"https:\/\/regions-snetap-fsu.fr\/na\/","logo":{"@type":"ImageObject","inLanguage":"fr-FR","@id":"https:\/\/regions-snetap-fsu.fr\/na\/#\/schema\/logo\/image\/","url":"https:\/\/regions-snetap-fsu.fr\/na\/wp-content\/uploads\/sites\/3\/2020\/12\/SNETAP-Logo.jpg","contentUrl":"https:\/\/regions-snetap-fsu.fr\/na\/wp-content\/uploads\/sites\/3\/2020\/12\/SNETAP-Logo.jpg","width":464,"height":334,"caption":"SNETAP-FSU - Nouvelle Aquitaine"},"image":{"@id":"https:\/\/regions-snetap-fsu.fr\/na\/#\/schema\/logo\/image\/"}},{"@type":"Person","@id":"https:\/\/regions-snetap-fsu.fr\/na\/#\/schema\/person\/ac42fbdc9c4977a4d3a4895e2d2e68d5","name":"el blanco","image":{"@type":"ImageObject","inLanguage":"fr-FR","@id":"https:\/\/secure.gravatar.com\/avatar\/813cfa949421988d54b68d617a31e8b1601ad2cf76cbdfa12fc2dcdb0763888d?s=96&d=mm&r=g","url":"https:\/\/secure.gravatar.com\/avatar\/813cfa949421988d54b68d617a31e8b1601ad2cf76cbdfa12fc2dcdb0763888d?s=96&d=mm&r=g","contentUrl":"https:\/\/secure.gravatar.com\/avatar\/813cfa949421988d54b68d617a31e8b1601ad2cf76cbdfa12fc2dcdb0763888d?s=96&d=mm&r=g","caption":"el blanco"},"url":"https:\/\/regions-snetap-fsu.fr\/na\/author\/y-le-blanc\/"}]}},"_links":{"self":[{"href":"https:\/\/regions-snetap-fsu.fr\/na\/wp-json\/wp\/v2\/posts\/2714","targetHints":{"allow":["GET"]}}],"collection":[{"href":"https:\/\/regions-snetap-fsu.fr\/na\/wp-json\/wp\/v2\/posts"}],"about":[{"href":"https:\/\/regions-snetap-fsu.fr\/na\/wp-json\/wp\/v2\/types\/post"}],"author":[{"embeddable":true,"href":"https:\/\/regions-snetap-fsu.fr\/na\/wp-json\/wp\/v2\/users\/87"}],"replies":[{"embeddable":true,"href":"https:\/\/regions-snetap-fsu.fr\/na\/wp-json\/wp\/v2\/comments?post=2714"}],"version-history":[{"count":9,"href":"https:\/\/regions-snetap-fsu.fr\/na\/wp-json\/wp\/v2\/posts\/2714\/revisions"}],"predecessor-version":[{"id":2729,"href":"https:\/\/regions-snetap-fsu.fr\/na\/wp-json\/wp\/v2\/posts\/2714\/revisions\/2729"}],"wp:featuredmedia":[{"embeddable":true,"href":"https:\/\/regions-snetap-fsu.fr\/na\/wp-json\/wp\/v2\/media\/2726"}],"wp:attachment":[{"href":"https:\/\/regions-snetap-fsu.fr\/na\/wp-json\/wp\/v2\/media?parent=2714"}],"wp:term":[{"taxonomy":"category","embeddable":true,"href":"https:\/\/regions-snetap-fsu.fr\/na\/wp-json\/wp\/v2\/categories?post=2714"},{"taxonomy":"post_tag","embeddable":true,"href":"https:\/\/regions-snetap-fsu.fr\/na\/wp-json\/wp\/v2\/tags?post=2714"},{"taxonomy":"post_folder","embeddable":true,"href":"https:\/\/regions-snetap-fsu.fr\/na\/wp-json\/wp\/v2\/post_folder?post=2714"}],"curies":[{"name":"wp","href":"https:\/\/api.w.org\/{rel}","templated":true}]}}