{"id":2691,"date":"2022-01-26T23:40:05","date_gmt":"2022-01-26T22:40:05","guid":{"rendered":"https:\/\/regions-snetap-fsu.fr\/na\/?p=2691"},"modified":"2022-01-28T14:53:05","modified_gmt":"2022-01-28T13:53:05","slug":"chsctrea-du-26-janvier-2022-le-communique","status":"publish","type":"post","link":"https:\/\/regions-snetap-fsu.fr\/na\/2022\/01\/26\/chsctrea-du-26-janvier-2022-le-communique\/","title":{"rendered":"CHSCTREA du 26 janvier 2022 : le communiqu\u00e9"},"content":{"rendered":"<p align=\"LEFT\"><span style=\"color: #000000\"><span style=\"font-size: x-large\"><b>Communiqu\u00e9 du SNETAP Nouvelle-Aquitaine<\/b><\/span><\/span><\/p>\n<p align=\"LEFT\"><span style=\"color: #000000\"><span style=\"font-size: x-large\"><b>CHSCTREA du 26\/01\/2022<\/b><\/span><\/span><\/p>\n<p>Le CHSCTREA (Comit\u00e9 Hygi\u00e8ne S\u00e9curit\u00e9 et Conditions de Travail R\u00e9gional de l&rsquo;Enseignement Agricole) s\u2019est tenu le 26 janvier en visioconf\u00e9rence. Toutes les organisations syndicales repr\u00e9sentantes des personnels \u00e9taient pr\u00e9sentes. Pour la DRAAF Me. GENIN repr\u00e9sentait M. DE GUENIN et \u00e9tait accompagn\u00e9e par Mesdames REGONDAUD, AUBRUN, NARDOT-PEYRILLE (ISST) et Messieurs LEHAY, CHANSON, JAMME, BETOULLE.<\/p>\n<p>Les d\u00e9bats furent courtois ce qui change quelque peu d&rsquo;autres CHSCTREA parfois plus tendus.<\/p>\n<p><span style=\"font-size: large\"><u><b>La situation sanitaire\u00a0:<\/b><\/u><\/span><\/p>\n<p>La DRAAF a fait un point sur la situation sanitaire (<a href=\"https:\/\/regions-snetap-fsu.fr\/na\/wp-content\/uploads\/sites\/3\/2022\/01\/donnees.pdf\"><span style=\"color: #0000ff\">cf. annexe 1<\/span><\/a>)<\/p>\n<p>Le SNETAP-FSU est intervenu pour \u00e9viter tout rel\u00e2chement dans l&rsquo;application des consignes sanitaires. (<a href=\"https:\/\/regions-snetap-fsu.fr\/na\/wp-content\/uploads\/sites\/3\/2022\/01\/Avis-CHSCTREA-2-01.pdf\"><span style=\"color: #0000ff\">Avis N\u00b01<\/span><\/a>)<\/p>\n<p>Concernant les fonctionnements des CoHS (Commission Hygi\u00e8ne et S\u00e9curit\u00e9) des \u00e9tablissements et leurs d\u00e9clinaisons lors de la mise en distanciel des classes, selon les dires des directeurs, elles se sont bien d\u00e9roul\u00e9es. \u00ab Les d\u00e9cisions de fermeture de classes sont prises au plus pr\u00e8s du terrain malgr\u00e9 le niveau d&rsquo;alerte sanitaire qui n\u2019est pas le seul indicateur pour la mise en distanciel \u00bb selon notre Administration.<\/p>\n<p>Le SNETAP-FSU est intervenu pour affirmer que le distanciel et\/ou l\u2019hybride, ne sont pas des solutions favorables au bon exercice des missions d&rsquo;enseignement et a fait voter un avis demandant un v\u00e9ritable protocole p\u00e9dagogique concernant l\u2019enseignement en distanciel et\/ou hybride (<a href=\"https:\/\/regions-snetap-fsu.fr\/na\/wp-content\/uploads\/sites\/3\/2022\/01\/Avis-CHSCTREA-2-01.pdf\"><span style=\"color: #0000ff\">Avis N\u00b06<\/span><\/a>)<\/p>\n<p>En ce qui concerne les capteurs de CO2, les \u00e9tablissements sont invit\u00e9s \u00e0 acheter \u00ab\u00a0localement\u00a0\u00bb.\u00a0 Financement du minist\u00e8re de 2\u20ac\/\u00e9l\u00e8ve ce qui permet d&rsquo;en avoir plusieurs par \u00e9tablissement.<\/p>\n<p>Pour les masques chirurgicaux un contingent sera distribu\u00e9 cette semaine ou la semaine prochaine \u00e0 raison de 10 masques par agent\u00b7e par semaine et ce, pendant 5 semaines.<\/p>\n<p>Sur l&rsquo;utilisation des autotests, nous avons demand\u00e9 une v\u00e9ritable strat\u00e9gie de pr\u00e9vention qui n\u2019existe pas \u00e0 l\u2019heure actuelle (<a href=\"https:\/\/regions-snetap-fsu.fr\/na\/wp-content\/uploads\/sites\/3\/2022\/01\/Avis-CHSCTREA-2-01.pdf\"><span style=\"color: #0000ff\">Avis N\u00b03<\/span><\/a>)<\/p>\n<p>Pour la session d\u2019examens 2022, la DRAAF rappelle que ce n\u2019est pas de son ressort. Le SNETAP-FSU est intervenu fortement pour rappeler que depuis deux ans, notre minist\u00e8re ne prenait pas ses responsabilit\u00e9s. Chacun fait ce qu\u2019il peut dans les \u00e9tablissements mais sans consignes nationales claires.<\/p>\n<p>Pour le t\u00e9l\u00e9travail nous avons rappel\u00e9 qu\u2019il existait des notes de service qui n\u2019\u00e9taient pas soumises \u00e0 interpr\u00e9tation de la part de certaines directions (<a href=\"https:\/\/regions-snetap-fsu.fr\/na\/wp-content\/uploads\/sites\/3\/2022\/01\/Avis-CHSCTREA-2-01.pdf\"><span style=\"color: #0000ff\">Avis N\u00b02<\/span><\/a>). La DRAAF a rappel\u00e9 qu\u2019elle avait donn\u00e9 des instructions et qu\u2019elle les renouvellerait lors du CODER du 27 Janvier.<\/p>\n<p>Enfin, sur le statut vaccinal nous avons demand\u00e9 un respect strict des r\u00e8gles du \u00ab\u00a0contact tracing\u00a0\u00bb sans discrimination envers les agents (<a href=\"https:\/\/regions-snetap-fsu.fr\/na\/wp-content\/uploads\/sites\/3\/2022\/01\/Avis-CHSCTREA-2-01.pdf\"><span style=\"color: #0000ff\">Avis N\u00b05<\/span><\/a>).<\/p>\n<p>Sur cette partie sanitaire, le SNETAP-FSU conclut en demandant une nouvelle fois la mise en place d\u2019une v\u00e9ritable m\u00e9decine du travail au sein de notre minist\u00e8re comme les textes l\u2019obligent (<a href=\"https:\/\/regions-snetap-fsu.fr\/na\/wp-content\/uploads\/sites\/3\/2022\/01\/Avis-CHSCTREA-2-01.pdf\"><span style=\"color: #0000ff\">Avis N\u00b04<\/span><\/a>). La r\u00e9ponse est toujours la m\u00eame\u00a0: manque de m\u00e9decin et arr\u00eat des conventions avec la MSA.<\/p>\n<p>Le SNETAP-FSU a \u00e9galement demand\u00e9 o\u00f9 en \u00e9tait la mise en place des \u00ab m\u00e9diateurs Covid \u00bb pour la pr\u00e9vention et la sensibilisation des jeunes (conform\u00e9ment aux consignes nationales) ? La r\u00e9ponse fut nette, pour l&rsquo;Administration, il y a suffisamment d\u2019instances !?<\/p>\n<p><span style=\"font-size: large\"><u><b>Groupe de travail \u00a0\u00bb Appui au dialogue social\u00a0\u00bb :<\/b><\/u><\/span><\/p>\n<p>Suite \u00e0 nos diff\u00e9rentes interventions lors des pr\u00e9c\u00e9dents CTREA et CHSCTREA, un groupe de travail sur le dialogue social (parfois difficile) dans les \u00e9tablissements va \u00eatre mis en place. La DRAAF n\u2019a pas encore avanc\u00e9 sur ce sujet mais le groupe sera constitu\u00e9 d\u2019ici le 17 mars.<\/p>\n<p><span style=\"font-size: large\"><u><b>Questions diverses\u00a0:<\/b><\/u><\/span><\/p>\n<p><span style=\"font-size: medium\"><b>Incidents sur les \u00e9tablissements-accidents de service\u00a0:<\/b><\/span><\/p>\n<p>Le SNETAP-FSU s\u2019inqui\u00e8te de diff\u00e9rents \u00e9v\u00e9nements arriv\u00e9s \u00e0 plusieurs coll\u00e8gues sur leur lieu de travail, li\u00e9s \u00e0 leurs conditions de travail et ayant entra\u00een\u00e9 des arr\u00eats maladie. Les r\u00e9ponses des directeurs sont assez surprenantes : pas de CoHS, pas d\u2019analyse des causes, ce sont des probl\u00e8mes priv\u00e9s !<\/p>\n<p>Le SNETAP-FSU a du rappeler les textes r\u00e9gissant le CHSCT, qui ne sont que peu respect\u00e9s au niveau des \u00e9tablissements mais aussi du c\u00f4t\u00e9 de la DRAAF.<\/p>\n<p>Constatant le d\u00e9saccord profond entre l&rsquo;administration et le SNETAP-FSU quant \u00e0 la lecture des textes officiels et leur application, le SNETAP-FSU demande un CHSCTREA exceptionnel et la cr\u00e9ation d\u2019un registre SST (Sant\u00e9 et S\u00e9curit\u00e9 au Travail) num\u00e9rique permettant la saisine individuelle, facile et rapide, du CHSCTREA (<a href=\"https:\/\/regions-snetap-fsu.fr\/na\/wp-content\/uploads\/sites\/3\/2022\/01\/Avis-CHSCTREA-2-01.pdf\"><span style=\"color: #0000ff\">Avis N\u00b07<\/span><\/a>).<\/p>\n<p><i>Le SNETAP-FSU appelle chaque agent\u00b7e victime d&rsquo;un accident de service \u00e0 le saisir rapidement pour assurer un suivi de son dossier<\/i><\/p>\n<p>Concernant les cellules de veille et d\u2019\u00e9coute, un tract (<a href=\"https:\/\/regions-snetap-fsu.fr\/na\/wp-content\/uploads\/sites\/3\/2022\/01\/tract-cellule-ecoute2022.pdf\"><span style=\"color: #0000ff\">cf. annexe 2<\/span><\/a>) indiquant le mode de fonctionnement et les personnes impliqu\u00e9es, pr\u00e9sent\u00e9 au Coder du 27 janvier 2022, sera distribu\u00e9 par l&rsquo;Administration aux agent\u00b7es dans les semaines \u00e0 venir.<\/p>\n<p>Ont \u00e9t\u00e9 \u00e9galement \u00e9voqu\u00e9es les situations sur les \u00e9tablissements de Venours, Bressuire et de Magnac-Laval.<\/p>\n<p><span style=\"font-size: medium\"><b>Le droit \u00e0 la d\u00e9connexion\u00a0:<\/b><\/span><\/p>\n<p>Le SNETAP-FSU a rappel\u00e9 le droit de tou\u00b7tes les agent\u00b7es \u00e0 la d\u00e9connexion. L&rsquo;existence de la \u00ab<span style=\"color: #000000\">\u00a0charte des temps\u00a0\u00bb (<a href=\"https:\/\/regions-snetap-fsu.fr\/na\/wp-content\/uploads\/sites\/3\/2022\/01\/2015-charte-des-temps.pdf\"><span style=\"color: #0000ff\">cf. annexe 3<\/span><\/a>) est rappel\u00e9e existe depuis 2015 sur ce sujet. La DRAAF fera un rappel lors d<\/span>u prochain Coder.<\/p>\n<p>En conclusion, un CHSCTREA de bonne tenue m\u00eame si certaines inqui\u00e9tudes demeurent. Les organisations syndicales ont su se montrer solidaires dans l&rsquo;int\u00e9r\u00eat des personnels. Tous les avis propos\u00e9s par le SNETAP-FSU ont \u00e9t\u00e9 adopt\u00e9s \u00e0 l&rsquo;unanimit\u00e9.<\/p>\n<p>Nous continuerons \u00e0 nous battre pour l\u2019application des textes et le bien \u00eatre au travail des agent\u00b7es.<\/p>\n<p align=\"RIGHT\"><i>Les repr\u00e9sentant\u00b7es SNETAP-FSU au CHSCTREA Nouvelle-Aquitaine.<\/i><\/p>\n<p>Annexes\u00a0:<\/p>\n<ul>\n<li>annexe 1\u00a0: <a href=\"https:\/\/regions-snetap-fsu.fr\/na\/wp-content\/uploads\/sites\/3\/2022\/01\/donnees.pdf\"><span style=\"color: #0000ff\">les donn\u00e9es sur la situation sanitaire dans les \u00e9tablissements<\/span><\/a><\/li>\n<li>annexe 2\u00a0: <a href=\"https:\/\/regions-snetap-fsu.fr\/na\/wp-content\/uploads\/sites\/3\/2022\/01\/tract-cellule-ecoute2022.pdf\"><span style=\"color: #0000ff\">le tract cellule de veille et d&rsquo;\u00e9coute Nouvelle-Aquitaine<\/span><\/a><\/li>\n<li>annexe 3 :<a href=\"https:\/\/regions-snetap-fsu.fr\/na\/wp-content\/uploads\/sites\/3\/2022\/01\/2015-charte-des-temps.pdf\"><span style=\"color: #0000ff\"> la Note de Service \u00ab charte des temps \u00bb<\/span><\/a><\/li>\n<li>annexe 4\u00a0: <a href=\"https:\/\/regions-snetap-fsu.fr\/na\/wp-content\/uploads\/sites\/3\/2022\/01\/Avis-CHSCTREA-2-01.pdf\"><span style=\"color: #0000ff\">les 7 avis propos\u00e9s par le SNETAP-FSU<\/span><\/a><\/li>\n<li>annexe 5 : document pr\u00e9paratoire \u00ab\u00a0<a href=\"https:\/\/regions-snetap-fsu.fr\/na\/wp-content\/uploads\/sites\/3\/2022\/01\/Synthese-Prevention-QAI-VDef.pdf\"><span style=\"color: #0000ff\">Ma\u00eetriser l\u2019exposition au SARS-CoV-2<\/span><\/a>\u00a0\u00bb ISST-CGAER du 18\/01\/2022, appr\u00e9ciez le dernier paragraphe \u00e0 sa juste valeur : \u00ab\u00a0Le capteur CO2 un outil d\u2019apprentissage<br \/>\nL\u2019utilisation \u00ab itin\u00e9rante \u00bb de capteur CO2 peut permettre une bonne sensibilisation et un apprentissage, aussi bien pour les personnels que pour les apprenants, sur l\u2019importance et sur la mise en \u0153uvre de l\u2019a\u00e9ration d\u2019un local.\u00a0\u00bb<\/li>\n<\/ul>\n<p><i>Rappel\u00a0: le CHSCTREA vote des \u00ab\u00a0avis\u00a0\u00bb. L&rsquo;Administration dispose d&rsquo;un d\u00e9lai de deux mois pour apporter ses r\u00e9ponses \u00e9crites et en assurer la publicit\u00e9 aupr\u00e8s des personnels. <\/i><\/p>\n<p>&nbsp;<\/p>\n","protected":false},"excerpt":{"rendered":"<p>Communiqu\u00e9 du SNETAP Nouvelle-Aquitaine CHSCTREA du 26\/01\/2022 Le CHSCTREA (Comit\u00e9 Hygi\u00e8ne S\u00e9curit\u00e9 et Conditions de Travail R\u00e9gional de l&rsquo;Enseignement Agricole) s\u2019est tenu le 26 janvier en visioconf\u00e9rence. Toutes les organisations syndicales repr\u00e9sentantes des personnels \u00e9taient pr\u00e9sentes. Pour la DRAAF Me. GENIN repr\u00e9sentait M. DE GUENIN et \u00e9tait accompagn\u00e9e par Mesdames REGONDAUD, AUBRUN, NARDOT-PEYRILLE (ISST) et [&hellip;]<\/p>\n","protected":false},"author":87,"featured_media":2148,"comment_status":"closed","ping_status":"closed","sticky":false,"template":"","format":"standard","meta":{"ocean_post_layout":"","ocean_both_sidebars_style":"","ocean_both_sidebars_content_width":0,"ocean_both_sidebars_sidebars_width":0,"ocean_sidebar":"0","ocean_second_sidebar":"0","ocean_disable_margins":"enable","ocean_add_body_class":"","ocean_shortcode_before_top_bar":"","ocean_shortcode_after_top_bar":"","ocean_shortcode_before_header":"","ocean_shortcode_after_header":"","ocean_has_shortcode":"","ocean_shortcode_after_title":"","ocean_shortcode_before_footer_widgets":"","ocean_shortcode_after_footer_widgets":"","ocean_shortcode_before_footer_bottom":"","ocean_shortcode_after_footer_bottom":"","ocean_display_top_bar":"default","ocean_display_header":"default","ocean_header_style":"","ocean_center_header_left_menu":"0","ocean_custom_header_template":"0","ocean_custom_logo":0,"ocean_custom_retina_logo":0,"ocean_custom_logo_max_width":0,"ocean_custom_logo_tablet_max_width":0,"ocean_custom_logo_mobile_max_width":0,"ocean_custom_logo_max_height":0,"ocean_custom_logo_tablet_max_height":0,"ocean_custom_logo_mobile_max_height":0,"ocean_header_custom_menu":"0","ocean_menu_typo_font_family":"0","ocean_menu_typo_font_subset":"","ocean_menu_typo_font_size":0,"ocean_menu_typo_font_size_tablet":0,"ocean_menu_typo_font_size_mobile":0,"ocean_menu_typo_font_size_unit":"px","ocean_menu_typo_font_weight":"","ocean_menu_typo_font_weight_tablet":"","ocean_menu_typo_font_weight_mobile":"","ocean_menu_typo_transform":"","ocean_menu_typo_transform_tablet":"","ocean_menu_typo_transform_mobile":"","ocean_menu_typo_line_height":0,"ocean_menu_typo_line_height_tablet":0,"ocean_menu_typo_line_height_mobile":0,"ocean_menu_typo_line_height_unit":"","ocean_menu_typo_spacing":0,"ocean_menu_typo_spacing_tablet":0,"ocean_menu_typo_spacing_mobile":0,"ocean_menu_typo_spacing_unit":"","ocean_menu_link_color":"","ocean_menu_link_color_hover":"","ocean_menu_link_color_active":"","ocean_menu_link_background":"","ocean_menu_link_hover_background":"","ocean_menu_link_active_background":"","ocean_menu_social_links_bg":"","ocean_menu_social_hover_links_bg":"","ocean_menu_social_links_color":"","ocean_menu_social_hover_links_color":"","ocean_disable_title":"default","ocean_disable_heading":"default","ocean_post_title":"","ocean_post_subheading":"","ocean_post_title_style":"","ocean_post_title_background_color":"","ocean_post_title_background":0,"ocean_post_title_bg_image_position":"","ocean_post_title_bg_image_attachment":"","ocean_post_title_bg_image_repeat":"","ocean_post_title_bg_image_size":"","ocean_post_title_height":0,"ocean_post_title_bg_overlay":0.5,"ocean_post_title_bg_overlay_color":"","ocean_disable_breadcrumbs":"default","ocean_breadcrumbs_color":"","ocean_breadcrumbs_separator_color":"","ocean_breadcrumbs_links_color":"","ocean_breadcrumbs_links_hover_color":"","ocean_display_footer_widgets":"default","ocean_display_footer_bottom":"default","ocean_custom_footer_template":"0","ocean_post_oembed":"","ocean_post_self_hosted_media":"","ocean_post_video_embed":"","ocean_link_format":"","ocean_link_format_target":"self","ocean_quote_format":"","ocean_quote_format_link":"post","ocean_gallery_link_images":"off","ocean_gallery_id":[],"footnotes":""},"categories":[2,16,13,8],"tags":[],"post_folder":[],"class_list":["post-2691","post","type-post","status-publish","format-standard","has-post-thumbnail","hentry","category-actus","category-communiques","category-instances","category-na","entry","has-media"],"yoast_head":"<!-- This site is optimized with the Yoast SEO plugin v27.4 - https:\/\/yoast.com\/product\/yoast-seo-wordpress\/ -->\n<title>CHSCTREA du 26 janvier 2022 : le communiqu\u00e9 - NOUVELLE AQUITAINE<\/title>\n<meta name=\"robots\" content=\"index, follow, max-snippet:-1, max-image-preview:large, max-video-preview:-1\" \/>\n<link rel=\"canonical\" href=\"https:\/\/regions-snetap-fsu.fr\/na\/2022\/01\/26\/chsctrea-du-26-janvier-2022-le-communique\/\" \/>\n<meta property=\"og:locale\" content=\"fr_FR\" \/>\n<meta property=\"og:type\" content=\"article\" \/>\n<meta property=\"og:title\" content=\"CHSCTREA du 26 janvier 2022 : le communiqu\u00e9 - NOUVELLE AQUITAINE\" \/>\n<meta property=\"og:description\" content=\"Communiqu\u00e9 du SNETAP Nouvelle-Aquitaine CHSCTREA du 26\/01\/2022 Le CHSCTREA (Comit\u00e9 Hygi\u00e8ne S\u00e9curit\u00e9 et Conditions de Travail R\u00e9gional de l&rsquo;Enseignement Agricole) s\u2019est tenu le 26 janvier en visioconf\u00e9rence. Toutes les organisations syndicales repr\u00e9sentantes des personnels \u00e9taient pr\u00e9sentes. Pour la DRAAF Me. GENIN repr\u00e9sentait M. DE GUENIN et \u00e9tait accompagn\u00e9e par Mesdames REGONDAUD, AUBRUN, NARDOT-PEYRILLE (ISST) et [&hellip;]\" \/>\n<meta property=\"og:url\" content=\"https:\/\/regions-snetap-fsu.fr\/na\/2022\/01\/26\/chsctrea-du-26-janvier-2022-le-communique\/\" \/>\n<meta property=\"og:site_name\" content=\"NOUVELLE AQUITAINE\" \/>\n<meta property=\"article:published_time\" content=\"2022-01-26T22:40:05+00:00\" \/>\n<meta property=\"article:modified_time\" content=\"2022-01-28T13:53:05+00:00\" \/>\n<meta property=\"og:image\" content=\"https:\/\/regions-snetap-fsu.fr\/na\/wp-content\/uploads\/sites\/3\/2021\/01\/CHSCTREA-NA-ima.jpg\" \/>\n\t<meta property=\"og:image:width\" content=\"435\" \/>\n\t<meta property=\"og:image:height\" content=\"200\" \/>\n\t<meta property=\"og:image:type\" content=\"image\/jpeg\" \/>\n<meta name=\"author\" content=\"el blanco\" \/>\n<meta name=\"twitter:card\" content=\"summary_large_image\" \/>\n<meta name=\"twitter:label1\" content=\"\u00c9crit par\" \/>\n\t<meta name=\"twitter:data1\" content=\"el blanco\" \/>\n\t<meta name=\"twitter:label2\" content=\"Dur\u00e9e de lecture estim\u00e9e\" \/>\n\t<meta name=\"twitter:data2\" content=\"5 minutes\" \/>\n<script type=\"application\/ld+json\" class=\"yoast-schema-graph\">{\"@context\":\"https:\\\/\\\/schema.org\",\"@graph\":[{\"@type\":\"Article\",\"@id\":\"https:\\\/\\\/regions-snetap-fsu.fr\\\/na\\\/2022\\\/01\\\/26\\\/chsctrea-du-26-janvier-2022-le-communique\\\/#article\",\"isPartOf\":{\"@id\":\"https:\\\/\\\/regions-snetap-fsu.fr\\\/na\\\/2022\\\/01\\\/26\\\/chsctrea-du-26-janvier-2022-le-communique\\\/\"},\"author\":{\"name\":\"el blanco\",\"@id\":\"https:\\\/\\\/regions-snetap-fsu.fr\\\/na\\\/#\\\/schema\\\/person\\\/ac42fbdc9c4977a4d3a4895e2d2e68d5\"},\"headline\":\"CHSCTREA du 26 janvier 2022 : le communiqu\u00e9\",\"datePublished\":\"2022-01-26T22:40:05+00:00\",\"dateModified\":\"2022-01-28T13:53:05+00:00\",\"mainEntityOfPage\":{\"@id\":\"https:\\\/\\\/regions-snetap-fsu.fr\\\/na\\\/2022\\\/01\\\/26\\\/chsctrea-du-26-janvier-2022-le-communique\\\/\"},\"wordCount\":1085,\"publisher\":{\"@id\":\"https:\\\/\\\/regions-snetap-fsu.fr\\\/na\\\/#organization\"},\"image\":{\"@id\":\"https:\\\/\\\/regions-snetap-fsu.fr\\\/na\\\/2022\\\/01\\\/26\\\/chsctrea-du-26-janvier-2022-le-communique\\\/#primaryimage\"},\"thumbnailUrl\":\"https:\\\/\\\/regions-snetap-fsu.fr\\\/na\\\/wp-content\\\/uploads\\\/sites\\\/3\\\/2021\\\/01\\\/CHSCTREA-NA-ima.jpg\",\"articleSection\":[\"Actus\",\"Communiqu\u00e9s\",\"Instances\",\"NA\"],\"inLanguage\":\"fr-FR\"},{\"@type\":\"WebPage\",\"@id\":\"https:\\\/\\\/regions-snetap-fsu.fr\\\/na\\\/2022\\\/01\\\/26\\\/chsctrea-du-26-janvier-2022-le-communique\\\/\",\"url\":\"https:\\\/\\\/regions-snetap-fsu.fr\\\/na\\\/2022\\\/01\\\/26\\\/chsctrea-du-26-janvier-2022-le-communique\\\/\",\"name\":\"CHSCTREA du 26 janvier 2022 : le communiqu\u00e9 - NOUVELLE AQUITAINE\",\"isPartOf\":{\"@id\":\"https:\\\/\\\/regions-snetap-fsu.fr\\\/na\\\/#website\"},\"primaryImageOfPage\":{\"@id\":\"https:\\\/\\\/regions-snetap-fsu.fr\\\/na\\\/2022\\\/01\\\/26\\\/chsctrea-du-26-janvier-2022-le-communique\\\/#primaryimage\"},\"image\":{\"@id\":\"https:\\\/\\\/regions-snetap-fsu.fr\\\/na\\\/2022\\\/01\\\/26\\\/chsctrea-du-26-janvier-2022-le-communique\\\/#primaryimage\"},\"thumbnailUrl\":\"https:\\\/\\\/regions-snetap-fsu.fr\\\/na\\\/wp-content\\\/uploads\\\/sites\\\/3\\\/2021\\\/01\\\/CHSCTREA-NA-ima.jpg\",\"datePublished\":\"2022-01-26T22:40:05+00:00\",\"dateModified\":\"2022-01-28T13:53:05+00:00\",\"breadcrumb\":{\"@id\":\"https:\\\/\\\/regions-snetap-fsu.fr\\\/na\\\/2022\\\/01\\\/26\\\/chsctrea-du-26-janvier-2022-le-communique\\\/#breadcrumb\"},\"inLanguage\":\"fr-FR\",\"potentialAction\":[{\"@type\":\"ReadAction\",\"target\":[\"https:\\\/\\\/regions-snetap-fsu.fr\\\/na\\\/2022\\\/01\\\/26\\\/chsctrea-du-26-janvier-2022-le-communique\\\/\"]}]},{\"@type\":\"ImageObject\",\"inLanguage\":\"fr-FR\",\"@id\":\"https:\\\/\\\/regions-snetap-fsu.fr\\\/na\\\/2022\\\/01\\\/26\\\/chsctrea-du-26-janvier-2022-le-communique\\\/#primaryimage\",\"url\":\"https:\\\/\\\/regions-snetap-fsu.fr\\\/na\\\/wp-content\\\/uploads\\\/sites\\\/3\\\/2021\\\/01\\\/CHSCTREA-NA-ima.jpg\",\"contentUrl\":\"https:\\\/\\\/regions-snetap-fsu.fr\\\/na\\\/wp-content\\\/uploads\\\/sites\\\/3\\\/2021\\\/01\\\/CHSCTREA-NA-ima.jpg\",\"width\":435,\"height\":200},{\"@type\":\"BreadcrumbList\",\"@id\":\"https:\\\/\\\/regions-snetap-fsu.fr\\\/na\\\/2022\\\/01\\\/26\\\/chsctrea-du-26-janvier-2022-le-communique\\\/#breadcrumb\",\"itemListElement\":[{\"@type\":\"ListItem\",\"position\":1,\"name\":\"Accueil\",\"item\":\"https:\\\/\\\/regions-snetap-fsu.fr\\\/na\\\/\"},{\"@type\":\"ListItem\",\"position\":2,\"name\":\"CHSCTREA du 26 janvier 2022 : le communiqu\u00e9\"}]},{\"@type\":\"WebSite\",\"@id\":\"https:\\\/\\\/regions-snetap-fsu.fr\\\/na\\\/#website\",\"url\":\"https:\\\/\\\/regions-snetap-fsu.fr\\\/na\\\/\",\"name\":\"SNETAP-FSU NOUVELLE AQUITAINE\",\"description\":\"Blog de la Section R\u00e9gionale\",\"publisher\":{\"@id\":\"https:\\\/\\\/regions-snetap-fsu.fr\\\/na\\\/#organization\"},\"potentialAction\":[{\"@type\":\"SearchAction\",\"target\":{\"@type\":\"EntryPoint\",\"urlTemplate\":\"https:\\\/\\\/regions-snetap-fsu.fr\\\/na\\\/?s={search_term_string}\"},\"query-input\":{\"@type\":\"PropertyValueSpecification\",\"valueRequired\":true,\"valueName\":\"search_term_string\"}}],\"inLanguage\":\"fr-FR\"},{\"@type\":\"Organization\",\"@id\":\"https:\\\/\\\/regions-snetap-fsu.fr\\\/na\\\/#organization\",\"name\":\"SNETAP-FSU - Nouvelle Aquitaine\",\"url\":\"https:\\\/\\\/regions-snetap-fsu.fr\\\/na\\\/\",\"logo\":{\"@type\":\"ImageObject\",\"inLanguage\":\"fr-FR\",\"@id\":\"https:\\\/\\\/regions-snetap-fsu.fr\\\/na\\\/#\\\/schema\\\/logo\\\/image\\\/\",\"url\":\"https:\\\/\\\/regions-snetap-fsu.fr\\\/na\\\/wp-content\\\/uploads\\\/sites\\\/3\\\/2020\\\/12\\\/SNETAP-Logo.jpg\",\"contentUrl\":\"https:\\\/\\\/regions-snetap-fsu.fr\\\/na\\\/wp-content\\\/uploads\\\/sites\\\/3\\\/2020\\\/12\\\/SNETAP-Logo.jpg\",\"width\":464,\"height\":334,\"caption\":\"SNETAP-FSU - Nouvelle Aquitaine\"},\"image\":{\"@id\":\"https:\\\/\\\/regions-snetap-fsu.fr\\\/na\\\/#\\\/schema\\\/logo\\\/image\\\/\"}},{\"@type\":\"Person\",\"@id\":\"https:\\\/\\\/regions-snetap-fsu.fr\\\/na\\\/#\\\/schema\\\/person\\\/ac42fbdc9c4977a4d3a4895e2d2e68d5\",\"name\":\"el blanco\",\"image\":{\"@type\":\"ImageObject\",\"inLanguage\":\"fr-FR\",\"@id\":\"https:\\\/\\\/secure.gravatar.com\\\/avatar\\\/813cfa949421988d54b68d617a31e8b1601ad2cf76cbdfa12fc2dcdb0763888d?s=96&d=mm&r=g\",\"url\":\"https:\\\/\\\/secure.gravatar.com\\\/avatar\\\/813cfa949421988d54b68d617a31e8b1601ad2cf76cbdfa12fc2dcdb0763888d?s=96&d=mm&r=g\",\"contentUrl\":\"https:\\\/\\\/secure.gravatar.com\\\/avatar\\\/813cfa949421988d54b68d617a31e8b1601ad2cf76cbdfa12fc2dcdb0763888d?s=96&d=mm&r=g\",\"caption\":\"el blanco\"},\"url\":\"https:\\\/\\\/regions-snetap-fsu.fr\\\/na\\\/author\\\/y-le-blanc\\\/\"}]}<\/script>\n<!-- \/ Yoast SEO plugin. -->","yoast_head_json":{"title":"CHSCTREA du 26 janvier 2022 : le communiqu\u00e9 - NOUVELLE AQUITAINE","robots":{"index":"index","follow":"follow","max-snippet":"max-snippet:-1","max-image-preview":"max-image-preview:large","max-video-preview":"max-video-preview:-1"},"canonical":"https:\/\/regions-snetap-fsu.fr\/na\/2022\/01\/26\/chsctrea-du-26-janvier-2022-le-communique\/","og_locale":"fr_FR","og_type":"article","og_title":"CHSCTREA du 26 janvier 2022 : le communiqu\u00e9 - NOUVELLE AQUITAINE","og_description":"Communiqu\u00e9 du SNETAP Nouvelle-Aquitaine CHSCTREA du 26\/01\/2022 Le CHSCTREA (Comit\u00e9 Hygi\u00e8ne S\u00e9curit\u00e9 et Conditions de Travail R\u00e9gional de l&rsquo;Enseignement Agricole) s\u2019est tenu le 26 janvier en visioconf\u00e9rence. Toutes les organisations syndicales repr\u00e9sentantes des personnels \u00e9taient pr\u00e9sentes. Pour la DRAAF Me. GENIN repr\u00e9sentait M. DE GUENIN et \u00e9tait accompagn\u00e9e par Mesdames REGONDAUD, AUBRUN, NARDOT-PEYRILLE (ISST) et [&hellip;]","og_url":"https:\/\/regions-snetap-fsu.fr\/na\/2022\/01\/26\/chsctrea-du-26-janvier-2022-le-communique\/","og_site_name":"NOUVELLE AQUITAINE","article_published_time":"2022-01-26T22:40:05+00:00","article_modified_time":"2022-01-28T13:53:05+00:00","og_image":[{"width":435,"height":200,"url":"https:\/\/regions-snetap-fsu.fr\/na\/wp-content\/uploads\/sites\/3\/2021\/01\/CHSCTREA-NA-ima.jpg","type":"image\/jpeg"}],"author":"el blanco","twitter_card":"summary_large_image","twitter_misc":{"\u00c9crit par":"el blanco","Dur\u00e9e de lecture estim\u00e9e":"5 minutes"},"schema":{"@context":"https:\/\/schema.org","@graph":[{"@type":"Article","@id":"https:\/\/regions-snetap-fsu.fr\/na\/2022\/01\/26\/chsctrea-du-26-janvier-2022-le-communique\/#article","isPartOf":{"@id":"https:\/\/regions-snetap-fsu.fr\/na\/2022\/01\/26\/chsctrea-du-26-janvier-2022-le-communique\/"},"author":{"name":"el blanco","@id":"https:\/\/regions-snetap-fsu.fr\/na\/#\/schema\/person\/ac42fbdc9c4977a4d3a4895e2d2e68d5"},"headline":"CHSCTREA du 26 janvier 2022 : le communiqu\u00e9","datePublished":"2022-01-26T22:40:05+00:00","dateModified":"2022-01-28T13:53:05+00:00","mainEntityOfPage":{"@id":"https:\/\/regions-snetap-fsu.fr\/na\/2022\/01\/26\/chsctrea-du-26-janvier-2022-le-communique\/"},"wordCount":1085,"publisher":{"@id":"https:\/\/regions-snetap-fsu.fr\/na\/#organization"},"image":{"@id":"https:\/\/regions-snetap-fsu.fr\/na\/2022\/01\/26\/chsctrea-du-26-janvier-2022-le-communique\/#primaryimage"},"thumbnailUrl":"https:\/\/regions-snetap-fsu.fr\/na\/wp-content\/uploads\/sites\/3\/2021\/01\/CHSCTREA-NA-ima.jpg","articleSection":["Actus","Communiqu\u00e9s","Instances","NA"],"inLanguage":"fr-FR"},{"@type":"WebPage","@id":"https:\/\/regions-snetap-fsu.fr\/na\/2022\/01\/26\/chsctrea-du-26-janvier-2022-le-communique\/","url":"https:\/\/regions-snetap-fsu.fr\/na\/2022\/01\/26\/chsctrea-du-26-janvier-2022-le-communique\/","name":"CHSCTREA du 26 janvier 2022 : le communiqu\u00e9 - NOUVELLE AQUITAINE","isPartOf":{"@id":"https:\/\/regions-snetap-fsu.fr\/na\/#website"},"primaryImageOfPage":{"@id":"https:\/\/regions-snetap-fsu.fr\/na\/2022\/01\/26\/chsctrea-du-26-janvier-2022-le-communique\/#primaryimage"},"image":{"@id":"https:\/\/regions-snetap-fsu.fr\/na\/2022\/01\/26\/chsctrea-du-26-janvier-2022-le-communique\/#primaryimage"},"thumbnailUrl":"https:\/\/regions-snetap-fsu.fr\/na\/wp-content\/uploads\/sites\/3\/2021\/01\/CHSCTREA-NA-ima.jpg","datePublished":"2022-01-26T22:40:05+00:00","dateModified":"2022-01-28T13:53:05+00:00","breadcrumb":{"@id":"https:\/\/regions-snetap-fsu.fr\/na\/2022\/01\/26\/chsctrea-du-26-janvier-2022-le-communique\/#breadcrumb"},"inLanguage":"fr-FR","potentialAction":[{"@type":"ReadAction","target":["https:\/\/regions-snetap-fsu.fr\/na\/2022\/01\/26\/chsctrea-du-26-janvier-2022-le-communique\/"]}]},{"@type":"ImageObject","inLanguage":"fr-FR","@id":"https:\/\/regions-snetap-fsu.fr\/na\/2022\/01\/26\/chsctrea-du-26-janvier-2022-le-communique\/#primaryimage","url":"https:\/\/regions-snetap-fsu.fr\/na\/wp-content\/uploads\/sites\/3\/2021\/01\/CHSCTREA-NA-ima.jpg","contentUrl":"https:\/\/regions-snetap-fsu.fr\/na\/wp-content\/uploads\/sites\/3\/2021\/01\/CHSCTREA-NA-ima.jpg","width":435,"height":200},{"@type":"BreadcrumbList","@id":"https:\/\/regions-snetap-fsu.fr\/na\/2022\/01\/26\/chsctrea-du-26-janvier-2022-le-communique\/#breadcrumb","itemListElement":[{"@type":"ListItem","position":1,"name":"Accueil","item":"https:\/\/regions-snetap-fsu.fr\/na\/"},{"@type":"ListItem","position":2,"name":"CHSCTREA du 26 janvier 2022 : le communiqu\u00e9"}]},{"@type":"WebSite","@id":"https:\/\/regions-snetap-fsu.fr\/na\/#website","url":"https:\/\/regions-snetap-fsu.fr\/na\/","name":"SNETAP-FSU NOUVELLE AQUITAINE","description":"Blog de la Section R\u00e9gionale","publisher":{"@id":"https:\/\/regions-snetap-fsu.fr\/na\/#organization"},"potentialAction":[{"@type":"SearchAction","target":{"@type":"EntryPoint","urlTemplate":"https:\/\/regions-snetap-fsu.fr\/na\/?s={search_term_string}"},"query-input":{"@type":"PropertyValueSpecification","valueRequired":true,"valueName":"search_term_string"}}],"inLanguage":"fr-FR"},{"@type":"Organization","@id":"https:\/\/regions-snetap-fsu.fr\/na\/#organization","name":"SNETAP-FSU - Nouvelle Aquitaine","url":"https:\/\/regions-snetap-fsu.fr\/na\/","logo":{"@type":"ImageObject","inLanguage":"fr-FR","@id":"https:\/\/regions-snetap-fsu.fr\/na\/#\/schema\/logo\/image\/","url":"https:\/\/regions-snetap-fsu.fr\/na\/wp-content\/uploads\/sites\/3\/2020\/12\/SNETAP-Logo.jpg","contentUrl":"https:\/\/regions-snetap-fsu.fr\/na\/wp-content\/uploads\/sites\/3\/2020\/12\/SNETAP-Logo.jpg","width":464,"height":334,"caption":"SNETAP-FSU - Nouvelle Aquitaine"},"image":{"@id":"https:\/\/regions-snetap-fsu.fr\/na\/#\/schema\/logo\/image\/"}},{"@type":"Person","@id":"https:\/\/regions-snetap-fsu.fr\/na\/#\/schema\/person\/ac42fbdc9c4977a4d3a4895e2d2e68d5","name":"el blanco","image":{"@type":"ImageObject","inLanguage":"fr-FR","@id":"https:\/\/secure.gravatar.com\/avatar\/813cfa949421988d54b68d617a31e8b1601ad2cf76cbdfa12fc2dcdb0763888d?s=96&d=mm&r=g","url":"https:\/\/secure.gravatar.com\/avatar\/813cfa949421988d54b68d617a31e8b1601ad2cf76cbdfa12fc2dcdb0763888d?s=96&d=mm&r=g","contentUrl":"https:\/\/secure.gravatar.com\/avatar\/813cfa949421988d54b68d617a31e8b1601ad2cf76cbdfa12fc2dcdb0763888d?s=96&d=mm&r=g","caption":"el blanco"},"url":"https:\/\/regions-snetap-fsu.fr\/na\/author\/y-le-blanc\/"}]}},"_links":{"self":[{"href":"https:\/\/regions-snetap-fsu.fr\/na\/wp-json\/wp\/v2\/posts\/2691","targetHints":{"allow":["GET"]}}],"collection":[{"href":"https:\/\/regions-snetap-fsu.fr\/na\/wp-json\/wp\/v2\/posts"}],"about":[{"href":"https:\/\/regions-snetap-fsu.fr\/na\/wp-json\/wp\/v2\/types\/post"}],"author":[{"embeddable":true,"href":"https:\/\/regions-snetap-fsu.fr\/na\/wp-json\/wp\/v2\/users\/87"}],"replies":[{"embeddable":true,"href":"https:\/\/regions-snetap-fsu.fr\/na\/wp-json\/wp\/v2\/comments?post=2691"}],"version-history":[{"count":5,"href":"https:\/\/regions-snetap-fsu.fr\/na\/wp-json\/wp\/v2\/posts\/2691\/revisions"}],"predecessor-version":[{"id":2705,"href":"https:\/\/regions-snetap-fsu.fr\/na\/wp-json\/wp\/v2\/posts\/2691\/revisions\/2705"}],"wp:featuredmedia":[{"embeddable":true,"href":"https:\/\/regions-snetap-fsu.fr\/na\/wp-json\/wp\/v2\/media\/2148"}],"wp:attachment":[{"href":"https:\/\/regions-snetap-fsu.fr\/na\/wp-json\/wp\/v2\/media?parent=2691"}],"wp:term":[{"taxonomy":"category","embeddable":true,"href":"https:\/\/regions-snetap-fsu.fr\/na\/wp-json\/wp\/v2\/categories?post=2691"},{"taxonomy":"post_tag","embeddable":true,"href":"https:\/\/regions-snetap-fsu.fr\/na\/wp-json\/wp\/v2\/tags?post=2691"},{"taxonomy":"post_folder","embeddable":true,"href":"https:\/\/regions-snetap-fsu.fr\/na\/wp-json\/wp\/v2\/post_folder?post=2691"}],"curies":[{"name":"wp","href":"https:\/\/api.w.org\/{rel}","templated":true}]}}