{"id":2472,"date":"2021-09-01T17:52:08","date_gmt":"2021-09-01T15:52:08","guid":{"rendered":"https:\/\/regions-snetap-fsu.fr\/na\/?p=2472"},"modified":"2021-09-01T17:52:08","modified_gmt":"2021-09-01T15:52:08","slug":"bonne-rentree-militante","status":"publish","type":"post","link":"https:\/\/regions-snetap-fsu.fr\/na\/2021\/09\/01\/bonne-rentree-militante\/","title":{"rendered":"Bonne rentr\u00e9e militante !"},"content":{"rendered":"<div class=\"entry-content clr\">\n<p>Le SNETAP-FSU souhaite \u00e0 toutes les personnels de l\u2019enseignement agricole et maritime public de Nouvelle-Aquitaine une bonne rentr\u00e9e 2021. Nombre d\u2019entre nous ont d\u00e9j\u00e0 repris depuis plusieurs jours, d\u2019autres aujourd&rsquo;hui mais toutes et tous nous nous engageons dans une nouvelle scolaire au service des jeunes et des adultes qui viennent se former dans l\u2019enseignement agricole et maritime public de Nouvelle-Aquitaine.<\/p>\n<p>Dans un contexte sanitaire compliqu\u00e9, le minist\u00e8re de l\u2019Agriculture laisse de nouveau les personnels sans v\u00e9ritable information, sans les moyens pour faire la rentr\u00e9e. Pire, il invente chaque jour une contre-r\u00e9forme qui d\u00e9grade toujours plus nos conditions de travail (celle du BAC STAV encore r\u00e9cemment). Les personnels savent pouvoir compter sur leur organisation syndicale dans les EPL, en r\u00e9gion et au niveau national pour d\u00e9fendre un Service Public auquel ils sont toutes et tous attach\u00e9s. Nous organiserons dans les prochains jours, semaines, des r\u00e9unions afin de faire le point sur cette rentr\u00e9e. Ayons d\u00e9j\u00e0 \u00e0 l\u2019esprit la journ\u00e9e de mobilisation dans l\u2019\u00e9ducation le 23 septembre prochain et en interpro le 5 octobre.<\/p>\n<p>Notre ann\u00e9e 2021-2022 sera donc une ann\u00e9e charg\u00e9e. Charg\u00e9e en congr\u00e8s avec le congr\u00e8s du SNETAP en novembre 2021 \u00e0 Tours mais aussi celui de notre f\u00e9d\u00e9ration \u00e0 Metz en f\u00e9vrier 2022. Charg\u00e9e en \u00ab \u00e9volutions \u00bb : r\u00e9forme des BTSA, des BAC PRO, du BAC G\u00e9n\u00e9ral et Technologique\u2026r\u00e9forme de la formation des enseignants\u2026poursuite des \u00e9volutions du protocole CFA-CFPPA\u2026mais aussi en \u00e9lections (pr\u00e9sidentielles et l\u00e9gislatives au printemps 2022). Tant de sujets pour lesquels vous pouvez compter sur notre-votre organisation pour d\u00e9fendre et promouvoir vos droits, vos conditions de travail et d\u00e9fendre et d\u00e9velopper l\u2019enseignement agricole et maritime public.<\/p>\n<p>Le bureau r\u00e9gional du SNETAP-FSU de Nouvelle-Aquitaine vous souhaite une bonne rentr\u00e9e militante !<\/p>\n<\/div>\n","protected":false},"excerpt":{"rendered":"<p>Le SNETAP-FSU souhaite \u00e0 toutes les personnels de l\u2019enseignement agricole et maritime public de Nouvelle-Aquitaine une bonne rentr\u00e9e 2021. Nombre d\u2019entre nous ont d\u00e9j\u00e0 repris depuis plusieurs jours, d\u2019autres aujourd&rsquo;hui mais toutes et tous nous nous engageons dans une nouvelle scolaire au service des jeunes et des adultes qui viennent se former dans l\u2019enseignement agricole [&hellip;]<\/p>\n","protected":false},"author":87,"featured_media":1933,"comment_status":"closed","ping_status":"closed","sticky":false,"template":"","format":"standard","meta":{"ocean_post_layout":"","ocean_both_sidebars_style":"","ocean_both_sidebars_content_width":0,"ocean_both_sidebars_sidebars_width":0,"ocean_sidebar":"0","ocean_second_sidebar":"0","ocean_disable_margins":"enable","ocean_add_body_class":"","ocean_shortcode_before_top_bar":"","ocean_shortcode_after_top_bar":"","ocean_shortcode_before_header":"","ocean_shortcode_after_header":"","ocean_has_shortcode":"","ocean_shortcode_after_title":"","ocean_shortcode_before_footer_widgets":"","ocean_shortcode_after_footer_widgets":"","ocean_shortcode_before_footer_bottom":"","ocean_shortcode_after_footer_bottom":"","ocean_display_top_bar":"default","ocean_display_header":"default","ocean_header_style":"","ocean_center_header_left_menu":"0","ocean_custom_header_template":"0","ocean_custom_logo":0,"ocean_custom_retina_logo":0,"ocean_custom_logo_max_width":0,"ocean_custom_logo_tablet_max_width":0,"ocean_custom_logo_mobile_max_width":0,"ocean_custom_logo_max_height":0,"ocean_custom_logo_tablet_max_height":0,"ocean_custom_logo_mobile_max_height":0,"ocean_header_custom_menu":"0","ocean_menu_typo_font_family":"0","ocean_menu_typo_font_subset":"","ocean_menu_typo_font_size":0,"ocean_menu_typo_font_size_tablet":0,"ocean_menu_typo_font_size_mobile":0,"ocean_menu_typo_font_size_unit":"px","ocean_menu_typo_font_weight":"","ocean_menu_typo_font_weight_tablet":"","ocean_menu_typo_font_weight_mobile":"","ocean_menu_typo_transform":"","ocean_menu_typo_transform_tablet":"","ocean_menu_typo_transform_mobile":"","ocean_menu_typo_line_height":0,"ocean_menu_typo_line_height_tablet":0,"ocean_menu_typo_line_height_mobile":0,"ocean_menu_typo_line_height_unit":"","ocean_menu_typo_spacing":0,"ocean_menu_typo_spacing_tablet":0,"ocean_menu_typo_spacing_mobile":0,"ocean_menu_typo_spacing_unit":"","ocean_menu_link_color":"","ocean_menu_link_color_hover":"","ocean_menu_link_color_active":"","ocean_menu_link_background":"","ocean_menu_link_hover_background":"","ocean_menu_link_active_background":"","ocean_menu_social_links_bg":"","ocean_menu_social_hover_links_bg":"","ocean_menu_social_links_color":"","ocean_menu_social_hover_links_color":"","ocean_disable_title":"default","ocean_disable_heading":"default","ocean_post_title":"","ocean_post_subheading":"","ocean_post_title_style":"","ocean_post_title_background_color":"","ocean_post_title_background":0,"ocean_post_title_bg_image_position":"","ocean_post_title_bg_image_attachment":"","ocean_post_title_bg_image_repeat":"","ocean_post_title_bg_image_size":"","ocean_post_title_height":0,"ocean_post_title_bg_overlay":0.5,"ocean_post_title_bg_overlay_color":"","ocean_disable_breadcrumbs":"default","ocean_breadcrumbs_color":"","ocean_breadcrumbs_separator_color":"","ocean_breadcrumbs_links_color":"","ocean_breadcrumbs_links_hover_color":"","ocean_display_footer_widgets":"default","ocean_display_footer_bottom":"default","ocean_custom_footer_template":"0","ocean_post_oembed":"","ocean_post_self_hosted_media":"","ocean_post_video_embed":"","ocean_link_format":"","ocean_link_format_target":"self","ocean_quote_format":"","ocean_quote_format_link":"post","ocean_gallery_link_images":"off","ocean_gallery_id":[],"footnotes":""},"categories":[2,16,8,14],"tags":[],"post_folder":[],"class_list":["post-2472","post","type-post","status-publish","format-standard","has-post-thumbnail","hentry","category-actus","category-communiques","category-na","category-vie-syndicale","entry","has-media"],"yoast_head":"<!-- This site is optimized with the Yoast SEO plugin v27.4 - https:\/\/yoast.com\/product\/yoast-seo-wordpress\/ -->\n<title>Bonne rentr\u00e9e militante ! - NOUVELLE AQUITAINE<\/title>\n<meta name=\"robots\" content=\"index, follow, max-snippet:-1, max-image-preview:large, max-video-preview:-1\" \/>\n<link rel=\"canonical\" href=\"https:\/\/regions-snetap-fsu.fr\/na\/2021\/09\/01\/bonne-rentree-militante\/\" \/>\n<meta property=\"og:locale\" content=\"fr_FR\" \/>\n<meta property=\"og:type\" content=\"article\" \/>\n<meta property=\"og:title\" content=\"Bonne rentr\u00e9e militante ! - NOUVELLE AQUITAINE\" \/>\n<meta property=\"og:description\" content=\"Le SNETAP-FSU souhaite \u00e0 toutes les personnels de l\u2019enseignement agricole et maritime public de Nouvelle-Aquitaine une bonne rentr\u00e9e 2021. Nombre d\u2019entre nous ont d\u00e9j\u00e0 repris depuis plusieurs jours, d\u2019autres aujourd&rsquo;hui mais toutes et tous nous nous engageons dans une nouvelle scolaire au service des jeunes et des adultes qui viennent se former dans l\u2019enseignement agricole [&hellip;]\" \/>\n<meta property=\"og:url\" content=\"https:\/\/regions-snetap-fsu.fr\/na\/2021\/09\/01\/bonne-rentree-militante\/\" \/>\n<meta property=\"og:site_name\" content=\"NOUVELLE AQUITAINE\" \/>\n<meta property=\"article:published_time\" content=\"2021-09-01T15:52:08+00:00\" \/>\n<meta property=\"og:image\" content=\"https:\/\/regions-snetap-fsu.fr\/na\/wp-content\/uploads\/sites\/3\/2020\/12\/SNETAP-Logo.jpg\" \/>\n\t<meta property=\"og:image:width\" content=\"464\" \/>\n\t<meta property=\"og:image:height\" content=\"334\" \/>\n\t<meta property=\"og:image:type\" content=\"image\/jpeg\" \/>\n<meta name=\"author\" content=\"el blanco\" \/>\n<meta name=\"twitter:card\" content=\"summary_large_image\" \/>\n<meta name=\"twitter:label1\" content=\"\u00c9crit par\" \/>\n\t<meta name=\"twitter:data1\" content=\"el blanco\" \/>\n\t<meta name=\"twitter:label2\" content=\"Dur\u00e9e de lecture estim\u00e9e\" \/>\n\t<meta name=\"twitter:data2\" content=\"2 minutes\" \/>\n<script type=\"application\/ld+json\" class=\"yoast-schema-graph\">{\"@context\":\"https:\\\/\\\/schema.org\",\"@graph\":[{\"@type\":\"Article\",\"@id\":\"https:\\\/\\\/regions-snetap-fsu.fr\\\/na\\\/2021\\\/09\\\/01\\\/bonne-rentree-militante\\\/#article\",\"isPartOf\":{\"@id\":\"https:\\\/\\\/regions-snetap-fsu.fr\\\/na\\\/2021\\\/09\\\/01\\\/bonne-rentree-militante\\\/\"},\"author\":{\"name\":\"el blanco\",\"@id\":\"https:\\\/\\\/regions-snetap-fsu.fr\\\/na\\\/#\\\/schema\\\/person\\\/ac42fbdc9c4977a4d3a4895e2d2e68d5\"},\"headline\":\"Bonne rentr\u00e9e militante !\",\"datePublished\":\"2021-09-01T15:52:08+00:00\",\"mainEntityOfPage\":{\"@id\":\"https:\\\/\\\/regions-snetap-fsu.fr\\\/na\\\/2021\\\/09\\\/01\\\/bonne-rentree-militante\\\/\"},\"wordCount\":322,\"publisher\":{\"@id\":\"https:\\\/\\\/regions-snetap-fsu.fr\\\/na\\\/#organization\"},\"image\":{\"@id\":\"https:\\\/\\\/regions-snetap-fsu.fr\\\/na\\\/2021\\\/09\\\/01\\\/bonne-rentree-militante\\\/#primaryimage\"},\"thumbnailUrl\":\"https:\\\/\\\/regions-snetap-fsu.fr\\\/na\\\/wp-content\\\/uploads\\\/sites\\\/3\\\/2020\\\/12\\\/SNETAP-Logo.jpg\",\"articleSection\":[\"Actus\",\"Communiqu\u00e9s\",\"NA\",\"Vie syndicale\"],\"inLanguage\":\"fr-FR\"},{\"@type\":\"WebPage\",\"@id\":\"https:\\\/\\\/regions-snetap-fsu.fr\\\/na\\\/2021\\\/09\\\/01\\\/bonne-rentree-militante\\\/\",\"url\":\"https:\\\/\\\/regions-snetap-fsu.fr\\\/na\\\/2021\\\/09\\\/01\\\/bonne-rentree-militante\\\/\",\"name\":\"Bonne rentr\u00e9e militante ! - NOUVELLE AQUITAINE\",\"isPartOf\":{\"@id\":\"https:\\\/\\\/regions-snetap-fsu.fr\\\/na\\\/#website\"},\"primaryImageOfPage\":{\"@id\":\"https:\\\/\\\/regions-snetap-fsu.fr\\\/na\\\/2021\\\/09\\\/01\\\/bonne-rentree-militante\\\/#primaryimage\"},\"image\":{\"@id\":\"https:\\\/\\\/regions-snetap-fsu.fr\\\/na\\\/2021\\\/09\\\/01\\\/bonne-rentree-militante\\\/#primaryimage\"},\"thumbnailUrl\":\"https:\\\/\\\/regions-snetap-fsu.fr\\\/na\\\/wp-content\\\/uploads\\\/sites\\\/3\\\/2020\\\/12\\\/SNETAP-Logo.jpg\",\"datePublished\":\"2021-09-01T15:52:08+00:00\",\"breadcrumb\":{\"@id\":\"https:\\\/\\\/regions-snetap-fsu.fr\\\/na\\\/2021\\\/09\\\/01\\\/bonne-rentree-militante\\\/#breadcrumb\"},\"inLanguage\":\"fr-FR\",\"potentialAction\":[{\"@type\":\"ReadAction\",\"target\":[\"https:\\\/\\\/regions-snetap-fsu.fr\\\/na\\\/2021\\\/09\\\/01\\\/bonne-rentree-militante\\\/\"]}]},{\"@type\":\"ImageObject\",\"inLanguage\":\"fr-FR\",\"@id\":\"https:\\\/\\\/regions-snetap-fsu.fr\\\/na\\\/2021\\\/09\\\/01\\\/bonne-rentree-militante\\\/#primaryimage\",\"url\":\"https:\\\/\\\/regions-snetap-fsu.fr\\\/na\\\/wp-content\\\/uploads\\\/sites\\\/3\\\/2020\\\/12\\\/SNETAP-Logo.jpg\",\"contentUrl\":\"https:\\\/\\\/regions-snetap-fsu.fr\\\/na\\\/wp-content\\\/uploads\\\/sites\\\/3\\\/2020\\\/12\\\/SNETAP-Logo.jpg\",\"width\":464,\"height\":334,\"caption\":\"Logo du SNETAP\"},{\"@type\":\"BreadcrumbList\",\"@id\":\"https:\\\/\\\/regions-snetap-fsu.fr\\\/na\\\/2021\\\/09\\\/01\\\/bonne-rentree-militante\\\/#breadcrumb\",\"itemListElement\":[{\"@type\":\"ListItem\",\"position\":1,\"name\":\"Accueil\",\"item\":\"https:\\\/\\\/regions-snetap-fsu.fr\\\/na\\\/\"},{\"@type\":\"ListItem\",\"position\":2,\"name\":\"Bonne rentr\u00e9e militante !\"}]},{\"@type\":\"WebSite\",\"@id\":\"https:\\\/\\\/regions-snetap-fsu.fr\\\/na\\\/#website\",\"url\":\"https:\\\/\\\/regions-snetap-fsu.fr\\\/na\\\/\",\"name\":\"SNETAP-FSU NOUVELLE AQUITAINE\",\"description\":\"Blog de la Section R\u00e9gionale\",\"publisher\":{\"@id\":\"https:\\\/\\\/regions-snetap-fsu.fr\\\/na\\\/#organization\"},\"potentialAction\":[{\"@type\":\"SearchAction\",\"target\":{\"@type\":\"EntryPoint\",\"urlTemplate\":\"https:\\\/\\\/regions-snetap-fsu.fr\\\/na\\\/?s={search_term_string}\"},\"query-input\":{\"@type\":\"PropertyValueSpecification\",\"valueRequired\":true,\"valueName\":\"search_term_string\"}}],\"inLanguage\":\"fr-FR\"},{\"@type\":\"Organization\",\"@id\":\"https:\\\/\\\/regions-snetap-fsu.fr\\\/na\\\/#organization\",\"name\":\"SNETAP-FSU - Nouvelle Aquitaine\",\"url\":\"https:\\\/\\\/regions-snetap-fsu.fr\\\/na\\\/\",\"logo\":{\"@type\":\"ImageObject\",\"inLanguage\":\"fr-FR\",\"@id\":\"https:\\\/\\\/regions-snetap-fsu.fr\\\/na\\\/#\\\/schema\\\/logo\\\/image\\\/\",\"url\":\"https:\\\/\\\/regions-snetap-fsu.fr\\\/na\\\/wp-content\\\/uploads\\\/sites\\\/3\\\/2020\\\/12\\\/SNETAP-Logo.jpg\",\"contentUrl\":\"https:\\\/\\\/regions-snetap-fsu.fr\\\/na\\\/wp-content\\\/uploads\\\/sites\\\/3\\\/2020\\\/12\\\/SNETAP-Logo.jpg\",\"width\":464,\"height\":334,\"caption\":\"SNETAP-FSU - Nouvelle Aquitaine\"},\"image\":{\"@id\":\"https:\\\/\\\/regions-snetap-fsu.fr\\\/na\\\/#\\\/schema\\\/logo\\\/image\\\/\"}},{\"@type\":\"Person\",\"@id\":\"https:\\\/\\\/regions-snetap-fsu.fr\\\/na\\\/#\\\/schema\\\/person\\\/ac42fbdc9c4977a4d3a4895e2d2e68d5\",\"name\":\"el blanco\",\"image\":{\"@type\":\"ImageObject\",\"inLanguage\":\"fr-FR\",\"@id\":\"https:\\\/\\\/secure.gravatar.com\\\/avatar\\\/813cfa949421988d54b68d617a31e8b1601ad2cf76cbdfa12fc2dcdb0763888d?s=96&d=mm&r=g\",\"url\":\"https:\\\/\\\/secure.gravatar.com\\\/avatar\\\/813cfa949421988d54b68d617a31e8b1601ad2cf76cbdfa12fc2dcdb0763888d?s=96&d=mm&r=g\",\"contentUrl\":\"https:\\\/\\\/secure.gravatar.com\\\/avatar\\\/813cfa949421988d54b68d617a31e8b1601ad2cf76cbdfa12fc2dcdb0763888d?s=96&d=mm&r=g\",\"caption\":\"el blanco\"},\"url\":\"https:\\\/\\\/regions-snetap-fsu.fr\\\/na\\\/author\\\/y-le-blanc\\\/\"}]}<\/script>\n<!-- \/ Yoast SEO plugin. -->","yoast_head_json":{"title":"Bonne rentr\u00e9e militante ! - NOUVELLE AQUITAINE","robots":{"index":"index","follow":"follow","max-snippet":"max-snippet:-1","max-image-preview":"max-image-preview:large","max-video-preview":"max-video-preview:-1"},"canonical":"https:\/\/regions-snetap-fsu.fr\/na\/2021\/09\/01\/bonne-rentree-militante\/","og_locale":"fr_FR","og_type":"article","og_title":"Bonne rentr\u00e9e militante ! - NOUVELLE AQUITAINE","og_description":"Le SNETAP-FSU souhaite \u00e0 toutes les personnels de l\u2019enseignement agricole et maritime public de Nouvelle-Aquitaine une bonne rentr\u00e9e 2021. Nombre d\u2019entre nous ont d\u00e9j\u00e0 repris depuis plusieurs jours, d\u2019autres aujourd&rsquo;hui mais toutes et tous nous nous engageons dans une nouvelle scolaire au service des jeunes et des adultes qui viennent se former dans l\u2019enseignement agricole [&hellip;]","og_url":"https:\/\/regions-snetap-fsu.fr\/na\/2021\/09\/01\/bonne-rentree-militante\/","og_site_name":"NOUVELLE AQUITAINE","article_published_time":"2021-09-01T15:52:08+00:00","og_image":[{"width":464,"height":334,"url":"https:\/\/regions-snetap-fsu.fr\/na\/wp-content\/uploads\/sites\/3\/2020\/12\/SNETAP-Logo.jpg","type":"image\/jpeg"}],"author":"el blanco","twitter_card":"summary_large_image","twitter_misc":{"\u00c9crit par":"el blanco","Dur\u00e9e de lecture estim\u00e9e":"2 minutes"},"schema":{"@context":"https:\/\/schema.org","@graph":[{"@type":"Article","@id":"https:\/\/regions-snetap-fsu.fr\/na\/2021\/09\/01\/bonne-rentree-militante\/#article","isPartOf":{"@id":"https:\/\/regions-snetap-fsu.fr\/na\/2021\/09\/01\/bonne-rentree-militante\/"},"author":{"name":"el blanco","@id":"https:\/\/regions-snetap-fsu.fr\/na\/#\/schema\/person\/ac42fbdc9c4977a4d3a4895e2d2e68d5"},"headline":"Bonne rentr\u00e9e militante !","datePublished":"2021-09-01T15:52:08+00:00","mainEntityOfPage":{"@id":"https:\/\/regions-snetap-fsu.fr\/na\/2021\/09\/01\/bonne-rentree-militante\/"},"wordCount":322,"publisher":{"@id":"https:\/\/regions-snetap-fsu.fr\/na\/#organization"},"image":{"@id":"https:\/\/regions-snetap-fsu.fr\/na\/2021\/09\/01\/bonne-rentree-militante\/#primaryimage"},"thumbnailUrl":"https:\/\/regions-snetap-fsu.fr\/na\/wp-content\/uploads\/sites\/3\/2020\/12\/SNETAP-Logo.jpg","articleSection":["Actus","Communiqu\u00e9s","NA","Vie syndicale"],"inLanguage":"fr-FR"},{"@type":"WebPage","@id":"https:\/\/regions-snetap-fsu.fr\/na\/2021\/09\/01\/bonne-rentree-militante\/","url":"https:\/\/regions-snetap-fsu.fr\/na\/2021\/09\/01\/bonne-rentree-militante\/","name":"Bonne rentr\u00e9e militante ! - NOUVELLE AQUITAINE","isPartOf":{"@id":"https:\/\/regions-snetap-fsu.fr\/na\/#website"},"primaryImageOfPage":{"@id":"https:\/\/regions-snetap-fsu.fr\/na\/2021\/09\/01\/bonne-rentree-militante\/#primaryimage"},"image":{"@id":"https:\/\/regions-snetap-fsu.fr\/na\/2021\/09\/01\/bonne-rentree-militante\/#primaryimage"},"thumbnailUrl":"https:\/\/regions-snetap-fsu.fr\/na\/wp-content\/uploads\/sites\/3\/2020\/12\/SNETAP-Logo.jpg","datePublished":"2021-09-01T15:52:08+00:00","breadcrumb":{"@id":"https:\/\/regions-snetap-fsu.fr\/na\/2021\/09\/01\/bonne-rentree-militante\/#breadcrumb"},"inLanguage":"fr-FR","potentialAction":[{"@type":"ReadAction","target":["https:\/\/regions-snetap-fsu.fr\/na\/2021\/09\/01\/bonne-rentree-militante\/"]}]},{"@type":"ImageObject","inLanguage":"fr-FR","@id":"https:\/\/regions-snetap-fsu.fr\/na\/2021\/09\/01\/bonne-rentree-militante\/#primaryimage","url":"https:\/\/regions-snetap-fsu.fr\/na\/wp-content\/uploads\/sites\/3\/2020\/12\/SNETAP-Logo.jpg","contentUrl":"https:\/\/regions-snetap-fsu.fr\/na\/wp-content\/uploads\/sites\/3\/2020\/12\/SNETAP-Logo.jpg","width":464,"height":334,"caption":"Logo du SNETAP"},{"@type":"BreadcrumbList","@id":"https:\/\/regions-snetap-fsu.fr\/na\/2021\/09\/01\/bonne-rentree-militante\/#breadcrumb","itemListElement":[{"@type":"ListItem","position":1,"name":"Accueil","item":"https:\/\/regions-snetap-fsu.fr\/na\/"},{"@type":"ListItem","position":2,"name":"Bonne rentr\u00e9e militante !"}]},{"@type":"WebSite","@id":"https:\/\/regions-snetap-fsu.fr\/na\/#website","url":"https:\/\/regions-snetap-fsu.fr\/na\/","name":"SNETAP-FSU NOUVELLE AQUITAINE","description":"Blog de la Section R\u00e9gionale","publisher":{"@id":"https:\/\/regions-snetap-fsu.fr\/na\/#organization"},"potentialAction":[{"@type":"SearchAction","target":{"@type":"EntryPoint","urlTemplate":"https:\/\/regions-snetap-fsu.fr\/na\/?s={search_term_string}"},"query-input":{"@type":"PropertyValueSpecification","valueRequired":true,"valueName":"search_term_string"}}],"inLanguage":"fr-FR"},{"@type":"Organization","@id":"https:\/\/regions-snetap-fsu.fr\/na\/#organization","name":"SNETAP-FSU - Nouvelle Aquitaine","url":"https:\/\/regions-snetap-fsu.fr\/na\/","logo":{"@type":"ImageObject","inLanguage":"fr-FR","@id":"https:\/\/regions-snetap-fsu.fr\/na\/#\/schema\/logo\/image\/","url":"https:\/\/regions-snetap-fsu.fr\/na\/wp-content\/uploads\/sites\/3\/2020\/12\/SNETAP-Logo.jpg","contentUrl":"https:\/\/regions-snetap-fsu.fr\/na\/wp-content\/uploads\/sites\/3\/2020\/12\/SNETAP-Logo.jpg","width":464,"height":334,"caption":"SNETAP-FSU - Nouvelle Aquitaine"},"image":{"@id":"https:\/\/regions-snetap-fsu.fr\/na\/#\/schema\/logo\/image\/"}},{"@type":"Person","@id":"https:\/\/regions-snetap-fsu.fr\/na\/#\/schema\/person\/ac42fbdc9c4977a4d3a4895e2d2e68d5","name":"el blanco","image":{"@type":"ImageObject","inLanguage":"fr-FR","@id":"https:\/\/secure.gravatar.com\/avatar\/813cfa949421988d54b68d617a31e8b1601ad2cf76cbdfa12fc2dcdb0763888d?s=96&d=mm&r=g","url":"https:\/\/secure.gravatar.com\/avatar\/813cfa949421988d54b68d617a31e8b1601ad2cf76cbdfa12fc2dcdb0763888d?s=96&d=mm&r=g","contentUrl":"https:\/\/secure.gravatar.com\/avatar\/813cfa949421988d54b68d617a31e8b1601ad2cf76cbdfa12fc2dcdb0763888d?s=96&d=mm&r=g","caption":"el blanco"},"url":"https:\/\/regions-snetap-fsu.fr\/na\/author\/y-le-blanc\/"}]}},"_links":{"self":[{"href":"https:\/\/regions-snetap-fsu.fr\/na\/wp-json\/wp\/v2\/posts\/2472","targetHints":{"allow":["GET"]}}],"collection":[{"href":"https:\/\/regions-snetap-fsu.fr\/na\/wp-json\/wp\/v2\/posts"}],"about":[{"href":"https:\/\/regions-snetap-fsu.fr\/na\/wp-json\/wp\/v2\/types\/post"}],"author":[{"embeddable":true,"href":"https:\/\/regions-snetap-fsu.fr\/na\/wp-json\/wp\/v2\/users\/87"}],"replies":[{"embeddable":true,"href":"https:\/\/regions-snetap-fsu.fr\/na\/wp-json\/wp\/v2\/comments?post=2472"}],"version-history":[{"count":1,"href":"https:\/\/regions-snetap-fsu.fr\/na\/wp-json\/wp\/v2\/posts\/2472\/revisions"}],"predecessor-version":[{"id":2473,"href":"https:\/\/regions-snetap-fsu.fr\/na\/wp-json\/wp\/v2\/posts\/2472\/revisions\/2473"}],"wp:featuredmedia":[{"embeddable":true,"href":"https:\/\/regions-snetap-fsu.fr\/na\/wp-json\/wp\/v2\/media\/1933"}],"wp:attachment":[{"href":"https:\/\/regions-snetap-fsu.fr\/na\/wp-json\/wp\/v2\/media?parent=2472"}],"wp:term":[{"taxonomy":"category","embeddable":true,"href":"https:\/\/regions-snetap-fsu.fr\/na\/wp-json\/wp\/v2\/categories?post=2472"},{"taxonomy":"post_tag","embeddable":true,"href":"https:\/\/regions-snetap-fsu.fr\/na\/wp-json\/wp\/v2\/tags?post=2472"},{"taxonomy":"post_folder","embeddable":true,"href":"https:\/\/regions-snetap-fsu.fr\/na\/wp-json\/wp\/v2\/post_folder?post=2472"}],"curies":[{"name":"wp","href":"https:\/\/api.w.org\/{rel}","templated":true}]}}