{"id":1867,"date":"2020-10-05T11:17:59","date_gmt":"2020-10-05T09:17:59","guid":{"rendered":"https:\/\/regions-snetap-fsu.fr\/na\/?p=1867"},"modified":"2020-10-14T12:14:14","modified_gmt":"2020-10-14T10:14:14","slug":"12-octobre-pour-la-liberte-dexpression","status":"publish","type":"post","link":"https:\/\/regions-snetap-fsu.fr\/na\/2020\/10\/05\/12-octobre-pour-la-liberte-dexpression\/","title":{"rendered":"12 octobre : pour la libert\u00e9 d&rsquo;expression !"},"content":{"rendered":"<div class=\"oceanwp-oembed-wrap clr\">\n<div id=\"fb-root\"><\/div>\n<p><script async=\"1\" defer=\"1\" crossorigin=\"anonymous\" src=\"https:\/\/connect.facebook.net\/fr_FR\/sdk.js#xfbml=1&amp;version=v8.0\" nonce=\"gi0os2rY\"><\/script><\/p>\n<div class=\"fb-video\" data-href=\"https:\/\/www.facebook.com\/snetap\/videos\/3391864437594292\" data-width=\"1200\">\n<blockquote cite=\"https:\/\/www.facebook.com\/snetap\/videos\/3391864437594292\/\" class=\"fb-xfbml-parse-ignore\"><p><a href=\"https:\/\/www.facebook.com\/snetap\/videos\/3391864437594292\/\">12-10-2020 &#8211; Mobilisation de  soutien aux 4 de Melle \u00e0 Poitiers<\/a><\/p>\n<p>4 enseignant-e-s de Melle (79), mis-e-s en cause pour leur participation \u00e0 des rassemblements contre la r\u00e9forme des E3C (r\u00e9forme du bac Blanquer), passent en Conseil de discipline les 12, 13, 14 et 16 octobre. De trois initialement mis-e-s en cause, ce sont d\u00e9sormais quatre enseignant-e-s qui sont convoqu\u00e9-e-s \u00e0 des conseils de discipline : l\u2019acharnement anti-syndical est encore mont\u00e9 d\u2019un cran.Le SNETAP \u00e9tait pr\u00e9sent \u00e0 la mobilisation devant le rectorat de Poitiers, en soutien pour demander l\u2019abandon imm\u00e9diat des poursuites et des sanctions.<\/p>\n<p>Publi\u00e9e par <a href=\"https:\/\/www.facebook.com\/snetap\/\">Snetap-FSU<\/a> sur Lundi 12 octobre 2020<\/p><\/blockquote>\n<\/div>\n<\/div>\n<p align=\"left\"><span style=\"color: #000000;font-family: Arial;font-size: 12pt\"><b>La FSU de la r\u00e9gion Nouvelle Aquitaine (et le SNETAP-FSU) soutient et appelle \u00e0 participer au rassemblement national \u00e0 Poitiers le 12 octobre, premier jour des passages en conseil de discipline (12, 13, 14 et 16 octobre) des quatre enseignant\u00b7es du lyc\u00e9e Desfontaines de Melle.<\/b><\/span><\/p>\n<p align=\"left\"><span style=\"color: #000000;font-family: Arial;font-size: 12pt\">Elle participe aux cadres unitaires d\u00e9non\u00e7ant la r\u00e9pression syndicale, comme elle l\u2019a toujours fait et derni\u00e8rement en agissant activement dans les comit\u00e9s de soutien pour Anthony Smith, inspecteur du travail et d\u2019Olivier Sillam, militant syndical.<\/span><\/p>\n<p align=\"left\"><span style=\"color: #000000;font-family: Arial;font-size: 12pt\">Toute la fonction publique est concern\u00e9e par l\u2019amplification de la r\u00e9pression syndicale et celle qui s\u2019abat sur les syndiqu\u00e9.es ou sympathisant\u00b7es et plus g\u00e9n\u00e9ralement contre les manifestant.es. C\u2019est pourquoi les d\u00e9partements de la r\u00e9gion et au-del\u00e0 se mobilisent pour montrer leur solidarit\u00e9 \u00a0et leurs refus de la surench\u00e8re r\u00e9pressive contre le droit de manifester. <\/span><\/p>\n<p align=\"left\"><span style=\"font-size: 12pt\"><span style=\"color: #000000;font-family: Arial\">\u00a0<\/span><span style=\"color: #000000;font-family: Arial\">Nous appelons tous les coll\u00e8gues \u00e0 manifester leur solidarit\u00e9 et \u00e0 d\u00e9noncer ces attaques contre notre libert\u00e9 d\u2019expression et notre droit \u00e0 manifester <\/span><\/span><\/p>\n<p align=\"left\"><span style=\"color: #000000;font-family: Arial;font-size: 12pt\">notamment <b>en participant au rassemblement national devant le rectorat de Poitiers lundi 12 octobre \u00e0 13h .<\/b><\/span><\/p>\n<p align=\"left\"><span style=\"color: #000000;font-family: Arial;font-size: 12pt\"><b>Sur le plan pratique nous vous demandons de prendre contact avec la Section D\u00e9partementale de la FSU dont vous d\u00e9pendez. <\/b><\/span><\/p>\n<p align=\"left\"><span style=\"color: #000000;font-family: Arial;font-size: 12pt\"><b>Sinon avec vos secr\u00e9taires r\u00e9gionaux :<\/b><\/span><\/p>\n<p align=\"left\"><span style=\"color: #000000;font-family: Arial;font-size: 12pt\"><b>Val\u00e9rie Litaize et Isabelle Collet pour le Limousin :<\/b><\/span><\/p>\n<p align=\"left\"><span style=\"color: #000000;font-family: Arial;font-size: 12pt\"><b>Ang\u00e9lique Bourdall\u00e9 et Yannick Le Blanc pour Poitou-Charentes<\/b><\/span><\/p>\n<p align=\"left\"><span style=\"color: #000000;font-family: Arial;font-size: xx-small\"><b><span style=\"font-size: 12pt\">et Yolaine Rouault et Alain Godot pour l&rsquo;Aquitaine<\/span>.<\/b><\/span><\/p>\n\n\t\t<div class=\"wppdfemb-frame-container-1\" style=\"-webkit-overflow-scrolling:auto;\">\n\t\t\t<iframe class=\"pdfembed-iframe nonfullscreen wppdf-emb-iframe-1\"\n\t\t\t\tsrc=\"https:\/\/regions-snetap-fsu.fr\/na\/?pdfemb-data=eyJ1cmwiOiJodHRwczpcL1wvcmVnaW9ucy1zbmV0YXAtZnN1LmZyXC9uYVwvd3AtY29udGVudFwvdXBsb2Fkc1wvc2l0ZXNcLzNcLzIwMjBcLzEwXC8yMDIwLTEtb2N0b2JyZS1jb21tdW5pcXVlLU5vbi1hdS1tdXNlbGxlbWVudC1kZXMtYWdlbnRzLWRlLWxhLWZvbmN0aW9uLXB1YmxpcXVlLS5wZGYiLCJ0aXRsZSI6IjIwMjAgMSBvY3RvYnJlIGNvbW11bmlxdVx1MDBlOSBOb24gYXUgbXVzZWxsZW1lbnQgZGVzIGFnZW50cyBkZSBsYSBmb25jdGlvbiBwdWJsaXF1ZSIsImluZGV4IjoxLCJwZGZJRCI6MTg3M30\"\n\t\t\t\ttitle=\"2020 1 octobre communiqu\u00e9 Non au musellement des agents de la fonction publique\"\t\t\t\tdata-pdf-id=\"1873\"\n\t\t\t\tdata-pdf-index=\"1\"\n\t\t\t\tstyle=\"border:none;width:100%;max-width:100%;height:100vh;\"\n\t\t\t\tscrolling=\"yes\">\n\t\t\t<\/iframe>\n\t\t<\/div>\n\n\t\t\n<p>&nbsp;<\/p>\n","protected":false},"excerpt":{"rendered":"<p>12-10-2020 &#8211; Mobilisation de soutien aux 4 de Melle \u00e0 Poitiers 4 enseignant-e-s de Melle (79), mis-e-s en cause pour leur participation \u00e0 des rassemblements contre la r\u00e9forme des E3C (r\u00e9forme du bac Blanquer), passent en Conseil de discipline les 12, 13, 14 et 16 octobre. De trois initialement mis-e-s en cause, ce sont d\u00e9sormais [&hellip;]<\/p>\n","protected":false},"author":87,"featured_media":1435,"comment_status":"closed","ping_status":"closed","sticky":false,"template":"","format":"standard","meta":{"ocean_post_layout":"","ocean_both_sidebars_style":"","ocean_both_sidebars_content_width":0,"ocean_both_sidebars_sidebars_width":0,"ocean_sidebar":"0","ocean_second_sidebar":"0","ocean_disable_margins":"enable","ocean_add_body_class":"","ocean_shortcode_before_top_bar":"","ocean_shortcode_after_top_bar":"","ocean_shortcode_before_header":"","ocean_shortcode_after_header":"","ocean_has_shortcode":"","ocean_shortcode_after_title":"","ocean_shortcode_before_footer_widgets":"","ocean_shortcode_after_footer_widgets":"","ocean_shortcode_before_footer_bottom":"","ocean_shortcode_after_footer_bottom":"","ocean_display_top_bar":"default","ocean_display_header":"default","ocean_header_style":"","ocean_center_header_left_menu":"0","ocean_custom_header_template":"0","ocean_custom_logo":0,"ocean_custom_retina_logo":0,"ocean_custom_logo_max_width":0,"ocean_custom_logo_tablet_max_width":0,"ocean_custom_logo_mobile_max_width":0,"ocean_custom_logo_max_height":0,"ocean_custom_logo_tablet_max_height":0,"ocean_custom_logo_mobile_max_height":0,"ocean_header_custom_menu":"0","ocean_menu_typo_font_family":"0","ocean_menu_typo_font_subset":"","ocean_menu_typo_font_size":0,"ocean_menu_typo_font_size_tablet":0,"ocean_menu_typo_font_size_mobile":0,"ocean_menu_typo_font_size_unit":"px","ocean_menu_typo_font_weight":"","ocean_menu_typo_font_weight_tablet":"","ocean_menu_typo_font_weight_mobile":"","ocean_menu_typo_transform":"","ocean_menu_typo_transform_tablet":"","ocean_menu_typo_transform_mobile":"","ocean_menu_typo_line_height":0,"ocean_menu_typo_line_height_tablet":0,"ocean_menu_typo_line_height_mobile":0,"ocean_menu_typo_line_height_unit":"","ocean_menu_typo_spacing":0,"ocean_menu_typo_spacing_tablet":0,"ocean_menu_typo_spacing_mobile":0,"ocean_menu_typo_spacing_unit":"","ocean_menu_link_color":"","ocean_menu_link_color_hover":"","ocean_menu_link_color_active":"","ocean_menu_link_background":"","ocean_menu_link_hover_background":"","ocean_menu_link_active_background":"","ocean_menu_social_links_bg":"","ocean_menu_social_hover_links_bg":"","ocean_menu_social_links_color":"","ocean_menu_social_hover_links_color":"","ocean_disable_title":"default","ocean_disable_heading":"default","ocean_post_title":"","ocean_post_subheading":"","ocean_post_title_style":"","ocean_post_title_background_color":"","ocean_post_title_background":0,"ocean_post_title_bg_image_position":"","ocean_post_title_bg_image_attachment":"","ocean_post_title_bg_image_repeat":"","ocean_post_title_bg_image_size":"","ocean_post_title_height":0,"ocean_post_title_bg_overlay":0.5,"ocean_post_title_bg_overlay_color":"","ocean_disable_breadcrumbs":"default","ocean_breadcrumbs_color":"","ocean_breadcrumbs_separator_color":"","ocean_breadcrumbs_links_color":"","ocean_breadcrumbs_links_hover_color":"","ocean_display_footer_widgets":"default","ocean_display_footer_bottom":"default","ocean_custom_footer_template":"0","ocean_post_oembed":"","ocean_post_self_hosted_media":"","ocean_post_video_embed":"","ocean_link_format":"","ocean_link_format_target":"self","ocean_quote_format":"","ocean_quote_format_link":"post","ocean_gallery_link_images":"off","ocean_gallery_id":[],"footnotes":""},"categories":[12,8,7],"tags":[],"post_folder":[],"class_list":["post-1867","post","type-post","status-publish","format-standard","has-post-thumbnail","hentry","category-actions","category-na","category-expc","entry","has-media"],"yoast_head":"<!-- This site is optimized with the Yoast SEO plugin v27.4 - https:\/\/yoast.com\/product\/yoast-seo-wordpress\/ -->\n<title>12 octobre : pour la libert\u00e9 d&#039;expression ! - NOUVELLE AQUITAINE<\/title>\n<meta name=\"robots\" content=\"index, follow, max-snippet:-1, max-image-preview:large, max-video-preview:-1\" \/>\n<link rel=\"canonical\" href=\"https:\/\/regions-snetap-fsu.fr\/na\/2020\/10\/05\/12-octobre-pour-la-liberte-dexpression\/\" \/>\n<meta property=\"og:locale\" content=\"fr_FR\" \/>\n<meta property=\"og:type\" content=\"article\" \/>\n<meta property=\"og:title\" content=\"12 octobre : pour la libert\u00e9 d&#039;expression ! - NOUVELLE AQUITAINE\" \/>\n<meta property=\"og:description\" content=\"12-10-2020 &#8211; Mobilisation de soutien aux 4 de Melle \u00e0 Poitiers 4 enseignant-e-s de Melle (79), mis-e-s en cause pour leur participation \u00e0 des rassemblements contre la r\u00e9forme des E3C (r\u00e9forme du bac Blanquer), passent en Conseil de discipline les 12, 13, 14 et 16 octobre. De trois initialement mis-e-s en cause, ce sont d\u00e9sormais [&hellip;]\" \/>\n<meta property=\"og:url\" content=\"https:\/\/regions-snetap-fsu.fr\/na\/2020\/10\/05\/12-octobre-pour-la-liberte-dexpression\/\" \/>\n<meta property=\"og:site_name\" content=\"NOUVELLE AQUITAINE\" \/>\n<meta property=\"article:published_time\" content=\"2020-10-05T09:17:59+00:00\" \/>\n<meta property=\"article:modified_time\" content=\"2020-10-14T10:14:14+00:00\" \/>\n<meta property=\"og:image\" content=\"https:\/\/regions-snetap-fsu.fr\/na\/wp-content\/uploads\/sites\/3\/2019\/06\/large.png\" \/>\n\t<meta property=\"og:image:width\" content=\"719\" \/>\n\t<meta property=\"og:image:height\" content=\"609\" \/>\n\t<meta property=\"og:image:type\" content=\"image\/png\" \/>\n<meta name=\"author\" content=\"el blanco\" \/>\n<meta name=\"twitter:card\" content=\"summary_large_image\" \/>\n<meta name=\"twitter:label1\" content=\"\u00c9crit par\" \/>\n\t<meta name=\"twitter:data1\" content=\"el blanco\" \/>\n\t<meta name=\"twitter:label2\" content=\"Dur\u00e9e de lecture estim\u00e9e\" \/>\n\t<meta name=\"twitter:data2\" content=\"1 minute\" \/>\n<script type=\"application\/ld+json\" class=\"yoast-schema-graph\">{\"@context\":\"https:\\\/\\\/schema.org\",\"@graph\":[{\"@type\":\"Article\",\"@id\":\"https:\\\/\\\/regions-snetap-fsu.fr\\\/na\\\/2020\\\/10\\\/05\\\/12-octobre-pour-la-liberte-dexpression\\\/#article\",\"isPartOf\":{\"@id\":\"https:\\\/\\\/regions-snetap-fsu.fr\\\/na\\\/2020\\\/10\\\/05\\\/12-octobre-pour-la-liberte-dexpression\\\/\"},\"author\":{\"name\":\"el blanco\",\"@id\":\"https:\\\/\\\/regions-snetap-fsu.fr\\\/na\\\/#\\\/schema\\\/person\\\/ac42fbdc9c4977a4d3a4895e2d2e68d5\"},\"headline\":\"12 octobre : pour la libert\u00e9 d&rsquo;expression !\",\"datePublished\":\"2020-10-05T09:17:59+00:00\",\"dateModified\":\"2020-10-14T10:14:14+00:00\",\"mainEntityOfPage\":{\"@id\":\"https:\\\/\\\/regions-snetap-fsu.fr\\\/na\\\/2020\\\/10\\\/05\\\/12-octobre-pour-la-liberte-dexpression\\\/\"},\"wordCount\":281,\"publisher\":{\"@id\":\"https:\\\/\\\/regions-snetap-fsu.fr\\\/na\\\/#organization\"},\"image\":{\"@id\":\"https:\\\/\\\/regions-snetap-fsu.fr\\\/na\\\/2020\\\/10\\\/05\\\/12-octobre-pour-la-liberte-dexpression\\\/#primaryimage\"},\"thumbnailUrl\":\"https:\\\/\\\/regions-snetap-fsu.fr\\\/na\\\/wp-content\\\/uploads\\\/sites\\\/3\\\/2019\\\/06\\\/large.png\",\"articleSection\":[\"Actions\",\"NA\",\"Secteur Poitou-Charentes\"],\"inLanguage\":\"fr-FR\"},{\"@type\":\"WebPage\",\"@id\":\"https:\\\/\\\/regions-snetap-fsu.fr\\\/na\\\/2020\\\/10\\\/05\\\/12-octobre-pour-la-liberte-dexpression\\\/\",\"url\":\"https:\\\/\\\/regions-snetap-fsu.fr\\\/na\\\/2020\\\/10\\\/05\\\/12-octobre-pour-la-liberte-dexpression\\\/\",\"name\":\"12 octobre : pour la libert\u00e9 d'expression ! - NOUVELLE AQUITAINE\",\"isPartOf\":{\"@id\":\"https:\\\/\\\/regions-snetap-fsu.fr\\\/na\\\/#website\"},\"primaryImageOfPage\":{\"@id\":\"https:\\\/\\\/regions-snetap-fsu.fr\\\/na\\\/2020\\\/10\\\/05\\\/12-octobre-pour-la-liberte-dexpression\\\/#primaryimage\"},\"image\":{\"@id\":\"https:\\\/\\\/regions-snetap-fsu.fr\\\/na\\\/2020\\\/10\\\/05\\\/12-octobre-pour-la-liberte-dexpression\\\/#primaryimage\"},\"thumbnailUrl\":\"https:\\\/\\\/regions-snetap-fsu.fr\\\/na\\\/wp-content\\\/uploads\\\/sites\\\/3\\\/2019\\\/06\\\/large.png\",\"datePublished\":\"2020-10-05T09:17:59+00:00\",\"dateModified\":\"2020-10-14T10:14:14+00:00\",\"breadcrumb\":{\"@id\":\"https:\\\/\\\/regions-snetap-fsu.fr\\\/na\\\/2020\\\/10\\\/05\\\/12-octobre-pour-la-liberte-dexpression\\\/#breadcrumb\"},\"inLanguage\":\"fr-FR\",\"potentialAction\":[{\"@type\":\"ReadAction\",\"target\":[\"https:\\\/\\\/regions-snetap-fsu.fr\\\/na\\\/2020\\\/10\\\/05\\\/12-octobre-pour-la-liberte-dexpression\\\/\"]}]},{\"@type\":\"ImageObject\",\"inLanguage\":\"fr-FR\",\"@id\":\"https:\\\/\\\/regions-snetap-fsu.fr\\\/na\\\/2020\\\/10\\\/05\\\/12-octobre-pour-la-liberte-dexpression\\\/#primaryimage\",\"url\":\"https:\\\/\\\/regions-snetap-fsu.fr\\\/na\\\/wp-content\\\/uploads\\\/sites\\\/3\\\/2019\\\/06\\\/large.png\",\"contentUrl\":\"https:\\\/\\\/regions-snetap-fsu.fr\\\/na\\\/wp-content\\\/uploads\\\/sites\\\/3\\\/2019\\\/06\\\/large.png\",\"width\":719,\"height\":609},{\"@type\":\"BreadcrumbList\",\"@id\":\"https:\\\/\\\/regions-snetap-fsu.fr\\\/na\\\/2020\\\/10\\\/05\\\/12-octobre-pour-la-liberte-dexpression\\\/#breadcrumb\",\"itemListElement\":[{\"@type\":\"ListItem\",\"position\":1,\"name\":\"Accueil\",\"item\":\"https:\\\/\\\/regions-snetap-fsu.fr\\\/na\\\/\"},{\"@type\":\"ListItem\",\"position\":2,\"name\":\"12 octobre : pour la libert\u00e9 d&rsquo;expression !\"}]},{\"@type\":\"WebSite\",\"@id\":\"https:\\\/\\\/regions-snetap-fsu.fr\\\/na\\\/#website\",\"url\":\"https:\\\/\\\/regions-snetap-fsu.fr\\\/na\\\/\",\"name\":\"SNETAP-FSU NOUVELLE AQUITAINE\",\"description\":\"Blog de la Section R\u00e9gionale\",\"publisher\":{\"@id\":\"https:\\\/\\\/regions-snetap-fsu.fr\\\/na\\\/#organization\"},\"potentialAction\":[{\"@type\":\"SearchAction\",\"target\":{\"@type\":\"EntryPoint\",\"urlTemplate\":\"https:\\\/\\\/regions-snetap-fsu.fr\\\/na\\\/?s={search_term_string}\"},\"query-input\":{\"@type\":\"PropertyValueSpecification\",\"valueRequired\":true,\"valueName\":\"search_term_string\"}}],\"inLanguage\":\"fr-FR\"},{\"@type\":\"Organization\",\"@id\":\"https:\\\/\\\/regions-snetap-fsu.fr\\\/na\\\/#organization\",\"name\":\"SNETAP-FSU - Nouvelle Aquitaine\",\"url\":\"https:\\\/\\\/regions-snetap-fsu.fr\\\/na\\\/\",\"logo\":{\"@type\":\"ImageObject\",\"inLanguage\":\"fr-FR\",\"@id\":\"https:\\\/\\\/regions-snetap-fsu.fr\\\/na\\\/#\\\/schema\\\/logo\\\/image\\\/\",\"url\":\"https:\\\/\\\/regions-snetap-fsu.fr\\\/na\\\/wp-content\\\/uploads\\\/sites\\\/3\\\/2020\\\/12\\\/SNETAP-Logo.jpg\",\"contentUrl\":\"https:\\\/\\\/regions-snetap-fsu.fr\\\/na\\\/wp-content\\\/uploads\\\/sites\\\/3\\\/2020\\\/12\\\/SNETAP-Logo.jpg\",\"width\":464,\"height\":334,\"caption\":\"SNETAP-FSU - Nouvelle Aquitaine\"},\"image\":{\"@id\":\"https:\\\/\\\/regions-snetap-fsu.fr\\\/na\\\/#\\\/schema\\\/logo\\\/image\\\/\"}},{\"@type\":\"Person\",\"@id\":\"https:\\\/\\\/regions-snetap-fsu.fr\\\/na\\\/#\\\/schema\\\/person\\\/ac42fbdc9c4977a4d3a4895e2d2e68d5\",\"name\":\"el blanco\",\"image\":{\"@type\":\"ImageObject\",\"inLanguage\":\"fr-FR\",\"@id\":\"https:\\\/\\\/secure.gravatar.com\\\/avatar\\\/813cfa949421988d54b68d617a31e8b1601ad2cf76cbdfa12fc2dcdb0763888d?s=96&d=mm&r=g\",\"url\":\"https:\\\/\\\/secure.gravatar.com\\\/avatar\\\/813cfa949421988d54b68d617a31e8b1601ad2cf76cbdfa12fc2dcdb0763888d?s=96&d=mm&r=g\",\"contentUrl\":\"https:\\\/\\\/secure.gravatar.com\\\/avatar\\\/813cfa949421988d54b68d617a31e8b1601ad2cf76cbdfa12fc2dcdb0763888d?s=96&d=mm&r=g\",\"caption\":\"el blanco\"},\"url\":\"https:\\\/\\\/regions-snetap-fsu.fr\\\/na\\\/author\\\/y-le-blanc\\\/\"}]}<\/script>\n<!-- \/ Yoast SEO plugin. -->","yoast_head_json":{"title":"12 octobre : pour la libert\u00e9 d'expression ! - NOUVELLE AQUITAINE","robots":{"index":"index","follow":"follow","max-snippet":"max-snippet:-1","max-image-preview":"max-image-preview:large","max-video-preview":"max-video-preview:-1"},"canonical":"https:\/\/regions-snetap-fsu.fr\/na\/2020\/10\/05\/12-octobre-pour-la-liberte-dexpression\/","og_locale":"fr_FR","og_type":"article","og_title":"12 octobre : pour la libert\u00e9 d'expression ! - NOUVELLE AQUITAINE","og_description":"12-10-2020 &#8211; Mobilisation de soutien aux 4 de Melle \u00e0 Poitiers 4 enseignant-e-s de Melle (79), mis-e-s en cause pour leur participation \u00e0 des rassemblements contre la r\u00e9forme des E3C (r\u00e9forme du bac Blanquer), passent en Conseil de discipline les 12, 13, 14 et 16 octobre. De trois initialement mis-e-s en cause, ce sont d\u00e9sormais [&hellip;]","og_url":"https:\/\/regions-snetap-fsu.fr\/na\/2020\/10\/05\/12-octobre-pour-la-liberte-dexpression\/","og_site_name":"NOUVELLE AQUITAINE","article_published_time":"2020-10-05T09:17:59+00:00","article_modified_time":"2020-10-14T10:14:14+00:00","og_image":[{"width":719,"height":609,"url":"https:\/\/regions-snetap-fsu.fr\/na\/wp-content\/uploads\/sites\/3\/2019\/06\/large.png","type":"image\/png"}],"author":"el blanco","twitter_card":"summary_large_image","twitter_misc":{"\u00c9crit par":"el blanco","Dur\u00e9e de lecture estim\u00e9e":"1 minute"},"schema":{"@context":"https:\/\/schema.org","@graph":[{"@type":"Article","@id":"https:\/\/regions-snetap-fsu.fr\/na\/2020\/10\/05\/12-octobre-pour-la-liberte-dexpression\/#article","isPartOf":{"@id":"https:\/\/regions-snetap-fsu.fr\/na\/2020\/10\/05\/12-octobre-pour-la-liberte-dexpression\/"},"author":{"name":"el blanco","@id":"https:\/\/regions-snetap-fsu.fr\/na\/#\/schema\/person\/ac42fbdc9c4977a4d3a4895e2d2e68d5"},"headline":"12 octobre : pour la libert\u00e9 d&rsquo;expression !","datePublished":"2020-10-05T09:17:59+00:00","dateModified":"2020-10-14T10:14:14+00:00","mainEntityOfPage":{"@id":"https:\/\/regions-snetap-fsu.fr\/na\/2020\/10\/05\/12-octobre-pour-la-liberte-dexpression\/"},"wordCount":281,"publisher":{"@id":"https:\/\/regions-snetap-fsu.fr\/na\/#organization"},"image":{"@id":"https:\/\/regions-snetap-fsu.fr\/na\/2020\/10\/05\/12-octobre-pour-la-liberte-dexpression\/#primaryimage"},"thumbnailUrl":"https:\/\/regions-snetap-fsu.fr\/na\/wp-content\/uploads\/sites\/3\/2019\/06\/large.png","articleSection":["Actions","NA","Secteur Poitou-Charentes"],"inLanguage":"fr-FR"},{"@type":"WebPage","@id":"https:\/\/regions-snetap-fsu.fr\/na\/2020\/10\/05\/12-octobre-pour-la-liberte-dexpression\/","url":"https:\/\/regions-snetap-fsu.fr\/na\/2020\/10\/05\/12-octobre-pour-la-liberte-dexpression\/","name":"12 octobre : pour la libert\u00e9 d'expression ! - NOUVELLE AQUITAINE","isPartOf":{"@id":"https:\/\/regions-snetap-fsu.fr\/na\/#website"},"primaryImageOfPage":{"@id":"https:\/\/regions-snetap-fsu.fr\/na\/2020\/10\/05\/12-octobre-pour-la-liberte-dexpression\/#primaryimage"},"image":{"@id":"https:\/\/regions-snetap-fsu.fr\/na\/2020\/10\/05\/12-octobre-pour-la-liberte-dexpression\/#primaryimage"},"thumbnailUrl":"https:\/\/regions-snetap-fsu.fr\/na\/wp-content\/uploads\/sites\/3\/2019\/06\/large.png","datePublished":"2020-10-05T09:17:59+00:00","dateModified":"2020-10-14T10:14:14+00:00","breadcrumb":{"@id":"https:\/\/regions-snetap-fsu.fr\/na\/2020\/10\/05\/12-octobre-pour-la-liberte-dexpression\/#breadcrumb"},"inLanguage":"fr-FR","potentialAction":[{"@type":"ReadAction","target":["https:\/\/regions-snetap-fsu.fr\/na\/2020\/10\/05\/12-octobre-pour-la-liberte-dexpression\/"]}]},{"@type":"ImageObject","inLanguage":"fr-FR","@id":"https:\/\/regions-snetap-fsu.fr\/na\/2020\/10\/05\/12-octobre-pour-la-liberte-dexpression\/#primaryimage","url":"https:\/\/regions-snetap-fsu.fr\/na\/wp-content\/uploads\/sites\/3\/2019\/06\/large.png","contentUrl":"https:\/\/regions-snetap-fsu.fr\/na\/wp-content\/uploads\/sites\/3\/2019\/06\/large.png","width":719,"height":609},{"@type":"BreadcrumbList","@id":"https:\/\/regions-snetap-fsu.fr\/na\/2020\/10\/05\/12-octobre-pour-la-liberte-dexpression\/#breadcrumb","itemListElement":[{"@type":"ListItem","position":1,"name":"Accueil","item":"https:\/\/regions-snetap-fsu.fr\/na\/"},{"@type":"ListItem","position":2,"name":"12 octobre : pour la libert\u00e9 d&rsquo;expression !"}]},{"@type":"WebSite","@id":"https:\/\/regions-snetap-fsu.fr\/na\/#website","url":"https:\/\/regions-snetap-fsu.fr\/na\/","name":"SNETAP-FSU NOUVELLE AQUITAINE","description":"Blog de la Section R\u00e9gionale","publisher":{"@id":"https:\/\/regions-snetap-fsu.fr\/na\/#organization"},"potentialAction":[{"@type":"SearchAction","target":{"@type":"EntryPoint","urlTemplate":"https:\/\/regions-snetap-fsu.fr\/na\/?s={search_term_string}"},"query-input":{"@type":"PropertyValueSpecification","valueRequired":true,"valueName":"search_term_string"}}],"inLanguage":"fr-FR"},{"@type":"Organization","@id":"https:\/\/regions-snetap-fsu.fr\/na\/#organization","name":"SNETAP-FSU - Nouvelle Aquitaine","url":"https:\/\/regions-snetap-fsu.fr\/na\/","logo":{"@type":"ImageObject","inLanguage":"fr-FR","@id":"https:\/\/regions-snetap-fsu.fr\/na\/#\/schema\/logo\/image\/","url":"https:\/\/regions-snetap-fsu.fr\/na\/wp-content\/uploads\/sites\/3\/2020\/12\/SNETAP-Logo.jpg","contentUrl":"https:\/\/regions-snetap-fsu.fr\/na\/wp-content\/uploads\/sites\/3\/2020\/12\/SNETAP-Logo.jpg","width":464,"height":334,"caption":"SNETAP-FSU - Nouvelle Aquitaine"},"image":{"@id":"https:\/\/regions-snetap-fsu.fr\/na\/#\/schema\/logo\/image\/"}},{"@type":"Person","@id":"https:\/\/regions-snetap-fsu.fr\/na\/#\/schema\/person\/ac42fbdc9c4977a4d3a4895e2d2e68d5","name":"el blanco","image":{"@type":"ImageObject","inLanguage":"fr-FR","@id":"https:\/\/secure.gravatar.com\/avatar\/813cfa949421988d54b68d617a31e8b1601ad2cf76cbdfa12fc2dcdb0763888d?s=96&d=mm&r=g","url":"https:\/\/secure.gravatar.com\/avatar\/813cfa949421988d54b68d617a31e8b1601ad2cf76cbdfa12fc2dcdb0763888d?s=96&d=mm&r=g","contentUrl":"https:\/\/secure.gravatar.com\/avatar\/813cfa949421988d54b68d617a31e8b1601ad2cf76cbdfa12fc2dcdb0763888d?s=96&d=mm&r=g","caption":"el blanco"},"url":"https:\/\/regions-snetap-fsu.fr\/na\/author\/y-le-blanc\/"}]}},"_links":{"self":[{"href":"https:\/\/regions-snetap-fsu.fr\/na\/wp-json\/wp\/v2\/posts\/1867","targetHints":{"allow":["GET"]}}],"collection":[{"href":"https:\/\/regions-snetap-fsu.fr\/na\/wp-json\/wp\/v2\/posts"}],"about":[{"href":"https:\/\/regions-snetap-fsu.fr\/na\/wp-json\/wp\/v2\/types\/post"}],"author":[{"embeddable":true,"href":"https:\/\/regions-snetap-fsu.fr\/na\/wp-json\/wp\/v2\/users\/87"}],"replies":[{"embeddable":true,"href":"https:\/\/regions-snetap-fsu.fr\/na\/wp-json\/wp\/v2\/comments?post=1867"}],"version-history":[{"count":6,"href":"https:\/\/regions-snetap-fsu.fr\/na\/wp-json\/wp\/v2\/posts\/1867\/revisions"}],"predecessor-version":[{"id":1879,"href":"https:\/\/regions-snetap-fsu.fr\/na\/wp-json\/wp\/v2\/posts\/1867\/revisions\/1879"}],"wp:featuredmedia":[{"embeddable":true,"href":"https:\/\/regions-snetap-fsu.fr\/na\/wp-json\/wp\/v2\/media\/1435"}],"wp:attachment":[{"href":"https:\/\/regions-snetap-fsu.fr\/na\/wp-json\/wp\/v2\/media?parent=1867"}],"wp:term":[{"taxonomy":"category","embeddable":true,"href":"https:\/\/regions-snetap-fsu.fr\/na\/wp-json\/wp\/v2\/categories?post=1867"},{"taxonomy":"post_tag","embeddable":true,"href":"https:\/\/regions-snetap-fsu.fr\/na\/wp-json\/wp\/v2\/tags?post=1867"},{"taxonomy":"post_folder","embeddable":true,"href":"https:\/\/regions-snetap-fsu.fr\/na\/wp-json\/wp\/v2\/post_folder?post=1867"}],"curies":[{"name":"wp","href":"https:\/\/api.w.org\/{rel}","templated":true}]}}