{"id":1596,"date":"2020-02-10T13:48:40","date_gmt":"2020-02-10T12:48:40","guid":{"rendered":"https:\/\/regions-snetap-fsu.fr\/na\/?p=1596"},"modified":"2020-02-10T13:52:13","modified_gmt":"2020-02-10T12:52:13","slug":"reforme-de-lapprentissage-ca-y-est-on-est-en-plein-dedans","status":"publish","type":"post","link":"https:\/\/regions-snetap-fsu.fr\/na\/2020\/02\/10\/reforme-de-lapprentissage-ca-y-est-on-est-en-plein-dedans\/","title":{"rendered":"REFORME DE L&rsquo;APPRENTISSAGE, \u00e7a y est, ON EST EN PLEIN DEDANS !"},"content":{"rendered":"<p>La r\u00e9forme de l&rsquo;apprentissage ou loi P\u00e9nicaud \u00ab pour la libert\u00e9 de choisir son avenir professionnel \u00bb sous cette appellation am\u00e9liorative commence \u00e0 montrer<strong> ses aspects n\u00e9gatifs.<\/strong><\/p>\n<p><img decoding=\"async\" class=\"alignleft\" src=\"http:\/\/nice.snuep.fr\/wp-content\/uploads\/2019\/10\/2019-10-16-11_13_24-Window-compressor.png\" alt=\"SUPPRIMER DES EMPLOIS, VOIL\u00c3\u0080 L\u00e2\u0080\u0099AMBITION DU MINISTRE POUR LA VOIE PROFESSIONNELLE\" \/><\/p>\n<p>Vot\u00e9e en septembre 2018 avec un \u00e9ch\u00e9ancier s&rsquo;\u00e9talant sur 3 ans , l&rsquo;ann\u00e9e 2019 a \u00e9t\u00e9 marqu\u00e9e par\u00a0 la publication d&rsquo;un nombre consid\u00e9rable de d\u00e9crets, l&rsquo;ann\u00e9e 2020 sera la m\u00eame.<\/p>\n<p><!--more--><\/p>\n<p>Les premiers effets sont d\u00e9j\u00e0 l\u00e0 avec les changements de mode de financement qui mettent les centres en difficult\u00e9 et qui rendent tr\u00e8s complexe la t\u00e2che des personnels administratifs dans la gestion de ce dossier ( co\u00fbts contrat diff\u00e9rents selon OPCO).<\/p>\n<p>L&rsquo;obligation de certification qualit\u00e9 rendue obligatoire pour janvier 2022 pour les CFAA existants avant septembre 2018, est tout aussi contraignante pour les enseignant.es et personnels administratifs qui vont devoir r\u00e9pondre \u00e0 cette d\u00e9marche chronophage et soumise \u00e0 des contr\u00f4les annuels.<\/p>\n<p>D&rsquo;autres applications de la loi sont tout aussi inqui\u00e9tantes, c&rsquo;est le cas par exemple des AFEST ( Actions de Formation en Situation de Travail) mises en place en marche forc\u00e9e dans certains centres. Elles consistent \u00e0 faire dispenser\u00a0 par l&rsquo;entreprise des parties de formation jusque l\u00e0 dispens\u00e9es en centre avec pour cons\u00e9quence la perte\u00a0 d&rsquo; heures de formation pour le\u00a0 personnel enseignant.e.<\/p>\n<p>De m\u00eame, l&rsquo;entr\u00e9e tout au long de l&rsquo;ann\u00e9e des apprenti.es, la mise en place des blocs de comp\u00e9tence, la suppression des classes de DIMA remplac\u00e9es par un dispositif r\u00e9pondant \u00e0 un appel d&rsquo;offre suscitent inqui\u00e9tudes, surcharge de travail, incertitude sur la p\u00e9rennit\u00e9 des emplois.<\/p>\n<p>Les CFAA avec de faibles effectifs risquent \u00e0 tr\u00e8s courts termes d&rsquo;\u00eatre menac\u00e9s du fait\u00a0 de cette lib\u00e9ralisation de la formation.<\/p>\n<p>Une r\u00e9forme qui inqui\u00e8te le ministre des comptes publics<\/p>\n<p>des banques priv\u00e9es pr\u00eatent \u00e0 France Comp\u00e9tence pour payer les contrats\u00a0!!!<\/p>\n<p>En novembre 2019, le gouvernement s&rsquo;est interrog\u00e9 sur l&rsquo;impact et sur l&rsquo;\u00e9quilibre financier du syst\u00e8me suite \u00e0 des tensions et inqui\u00e9tudes.<\/p>\n<p>Les minist\u00e8res des comptes publics et du travail ont missionn\u00e9 deux inspecteurs g\u00e9n\u00e9raux en novembre 2019 pour soulever les questions sur la capacit\u00e9 du nouveau syst\u00e8me \u00e0 financer les contrats au 1er janvier 2010.<\/p>\n<p>R\u00e9sultat : France Comp\u00e9tence a du recourir \u00e0 l&#8217;emprunt ! (plusieurs millions d&rsquo;euros emprunt\u00e9s aupr\u00e8s d&rsquo;\u00e9tablissements bancaires priv\u00e9s pour financer les contrats.)<\/p>\n<p><span style=\"color: #ff6600\"><strong>D\u00e9cid\u00e9ment notre gouvernement fait preuve d&rsquo;un grand amateurisme et cela nous rappelle une autre r\u00e9forme bien actuelle\u00a0!<\/strong><\/span><\/p>\n<p><span style=\"color: #ff6600\"><strong>Le SNETAP FSU adressera tr\u00e8s prochainement un document qui liste\u00a0 tous les textes d&rsquo;application sortis \u00e0 ce jour.<\/strong><\/span><\/p>\n<p>&nbsp;<\/p>\n","protected":false},"excerpt":{"rendered":"<p>La r\u00e9forme de l&rsquo;apprentissage ou loi P\u00e9nicaud \u00ab pour la libert\u00e9 de choisir son avenir professionnel \u00bb sous cette appellation am\u00e9liorative commence \u00e0 montrer ses aspects n\u00e9gatifs. Vot\u00e9e en septembre 2018 avec un \u00e9ch\u00e9ancier s&rsquo;\u00e9talant sur 3 ans , l&rsquo;ann\u00e9e 2019 a \u00e9t\u00e9 marqu\u00e9e par\u00a0 la publication d&rsquo;un nombre consid\u00e9rable de d\u00e9crets, l&rsquo;ann\u00e9e 2020 sera [&hellip;]<\/p>\n","protected":false},"author":99,"featured_media":0,"comment_status":"closed","ping_status":"closed","sticky":false,"template":"","format":"standard","meta":{"ocean_post_layout":"","ocean_both_sidebars_style":"","ocean_both_sidebars_content_width":0,"ocean_both_sidebars_sidebars_width":0,"ocean_sidebar":"","ocean_second_sidebar":"","ocean_disable_margins":"enable","ocean_add_body_class":"","ocean_shortcode_before_top_bar":"","ocean_shortcode_after_top_bar":"","ocean_shortcode_before_header":"","ocean_shortcode_after_header":"","ocean_has_shortcode":"","ocean_shortcode_after_title":"","ocean_shortcode_before_footer_widgets":"","ocean_shortcode_after_footer_widgets":"","ocean_shortcode_before_footer_bottom":"","ocean_shortcode_after_footer_bottom":"","ocean_display_top_bar":"default","ocean_display_header":"default","ocean_header_style":"","ocean_center_header_left_menu":"","ocean_custom_header_template":"","ocean_custom_logo":0,"ocean_custom_retina_logo":0,"ocean_custom_logo_max_width":0,"ocean_custom_logo_tablet_max_width":0,"ocean_custom_logo_mobile_max_width":0,"ocean_custom_logo_max_height":0,"ocean_custom_logo_tablet_max_height":0,"ocean_custom_logo_mobile_max_height":0,"ocean_header_custom_menu":"","ocean_menu_typo_font_family":"","ocean_menu_typo_font_subset":"","ocean_menu_typo_font_size":0,"ocean_menu_typo_font_size_tablet":0,"ocean_menu_typo_font_size_mobile":0,"ocean_menu_typo_font_size_unit":"px","ocean_menu_typo_font_weight":"","ocean_menu_typo_font_weight_tablet":"","ocean_menu_typo_font_weight_mobile":"","ocean_menu_typo_transform":"","ocean_menu_typo_transform_tablet":"","ocean_menu_typo_transform_mobile":"","ocean_menu_typo_line_height":0,"ocean_menu_typo_line_height_tablet":0,"ocean_menu_typo_line_height_mobile":0,"ocean_menu_typo_line_height_unit":"","ocean_menu_typo_spacing":0,"ocean_menu_typo_spacing_tablet":0,"ocean_menu_typo_spacing_mobile":0,"ocean_menu_typo_spacing_unit":"","ocean_menu_link_color":"","ocean_menu_link_color_hover":"","ocean_menu_link_color_active":"","ocean_menu_link_background":"","ocean_menu_link_hover_background":"","ocean_menu_link_active_background":"","ocean_menu_social_links_bg":"","ocean_menu_social_hover_links_bg":"","ocean_menu_social_links_color":"","ocean_menu_social_hover_links_color":"","ocean_disable_title":"default","ocean_disable_heading":"default","ocean_post_title":"","ocean_post_subheading":"","ocean_post_title_style":"","ocean_post_title_background_color":"","ocean_post_title_background":0,"ocean_post_title_bg_image_position":"","ocean_post_title_bg_image_attachment":"","ocean_post_title_bg_image_repeat":"","ocean_post_title_bg_image_size":"","ocean_post_title_height":0,"ocean_post_title_bg_overlay":0.5,"ocean_post_title_bg_overlay_color":"","ocean_disable_breadcrumbs":"default","ocean_breadcrumbs_color":"","ocean_breadcrumbs_separator_color":"","ocean_breadcrumbs_links_color":"","ocean_breadcrumbs_links_hover_color":"","ocean_display_footer_widgets":"default","ocean_display_footer_bottom":"default","ocean_custom_footer_template":"","ocean_post_oembed":"","ocean_post_self_hosted_media":"","ocean_post_video_embed":"","ocean_link_format":"","ocean_link_format_target":"self","ocean_quote_format":"","ocean_quote_format_link":"post","ocean_gallery_link_images":"on","ocean_gallery_id":[],"footnotes":""},"categories":[2,8],"tags":[],"post_folder":[],"class_list":["post-1596","post","type-post","status-publish","format-standard","hentry","category-actus","category-na","entry"],"yoast_head":"<!-- This site is optimized with the Yoast SEO plugin v27.4 - https:\/\/yoast.com\/product\/yoast-seo-wordpress\/ -->\n<title>REFORME DE L&#039;APPRENTISSAGE, \u00e7a y est, ON EST EN PLEIN DEDANS ! - NOUVELLE AQUITAINE<\/title>\n<meta name=\"robots\" content=\"index, follow, max-snippet:-1, max-image-preview:large, max-video-preview:-1\" \/>\n<link rel=\"canonical\" href=\"https:\/\/regions-snetap-fsu.fr\/na\/2020\/02\/10\/reforme-de-lapprentissage-ca-y-est-on-est-en-plein-dedans\/\" \/>\n<meta property=\"og:locale\" content=\"fr_FR\" \/>\n<meta property=\"og:type\" content=\"article\" \/>\n<meta property=\"og:title\" content=\"REFORME DE L&#039;APPRENTISSAGE, \u00e7a y est, ON EST EN PLEIN DEDANS ! - NOUVELLE AQUITAINE\" \/>\n<meta property=\"og:description\" content=\"La r\u00e9forme de l&rsquo;apprentissage ou loi P\u00e9nicaud \u00ab pour la libert\u00e9 de choisir son avenir professionnel \u00bb sous cette appellation am\u00e9liorative commence \u00e0 montrer ses aspects n\u00e9gatifs. Vot\u00e9e en septembre 2018 avec un \u00e9ch\u00e9ancier s&rsquo;\u00e9talant sur 3 ans , l&rsquo;ann\u00e9e 2019 a \u00e9t\u00e9 marqu\u00e9e par\u00a0 la publication d&rsquo;un nombre consid\u00e9rable de d\u00e9crets, l&rsquo;ann\u00e9e 2020 sera [&hellip;]\" \/>\n<meta property=\"og:url\" content=\"https:\/\/regions-snetap-fsu.fr\/na\/2020\/02\/10\/reforme-de-lapprentissage-ca-y-est-on-est-en-plein-dedans\/\" \/>\n<meta property=\"og:site_name\" content=\"NOUVELLE AQUITAINE\" \/>\n<meta property=\"article:published_time\" content=\"2020-02-10T12:48:40+00:00\" \/>\n<meta property=\"article:modified_time\" content=\"2020-02-10T12:52:13+00:00\" \/>\n<meta property=\"og:image\" content=\"http:\/\/nice.snuep.fr\/wp-content\/uploads\/2019\/10\/2019-10-16-11_13_24-Window-compressor.png\" \/>\n<meta name=\"author\" content=\"Tmoos\" \/>\n<meta name=\"twitter:card\" content=\"summary_large_image\" \/>\n<meta name=\"twitter:label1\" content=\"\u00c9crit par\" \/>\n\t<meta name=\"twitter:data1\" content=\"Tmoos\" \/>\n\t<meta name=\"twitter:label2\" content=\"Dur\u00e9e de lecture estim\u00e9e\" \/>\n\t<meta name=\"twitter:data2\" content=\"2 minutes\" \/>\n<script type=\"application\/ld+json\" class=\"yoast-schema-graph\">{\"@context\":\"https:\\\/\\\/schema.org\",\"@graph\":[{\"@type\":\"Article\",\"@id\":\"https:\\\/\\\/regions-snetap-fsu.fr\\\/na\\\/2020\\\/02\\\/10\\\/reforme-de-lapprentissage-ca-y-est-on-est-en-plein-dedans\\\/#article\",\"isPartOf\":{\"@id\":\"https:\\\/\\\/regions-snetap-fsu.fr\\\/na\\\/2020\\\/02\\\/10\\\/reforme-de-lapprentissage-ca-y-est-on-est-en-plein-dedans\\\/\"},\"author\":{\"name\":\"Tmoos\",\"@id\":\"https:\\\/\\\/regions-snetap-fsu.fr\\\/na\\\/#\\\/schema\\\/person\\\/200c3209e01aa8c2a287fda4d096cd22\"},\"headline\":\"REFORME DE L&rsquo;APPRENTISSAGE, \u00e7a y est, ON EST EN PLEIN DEDANS !\",\"datePublished\":\"2020-02-10T12:48:40+00:00\",\"dateModified\":\"2020-02-10T12:52:13+00:00\",\"mainEntityOfPage\":{\"@id\":\"https:\\\/\\\/regions-snetap-fsu.fr\\\/na\\\/2020\\\/02\\\/10\\\/reforme-de-lapprentissage-ca-y-est-on-est-en-plein-dedans\\\/\"},\"wordCount\":462,\"publisher\":{\"@id\":\"https:\\\/\\\/regions-snetap-fsu.fr\\\/na\\\/#organization\"},\"image\":{\"@id\":\"https:\\\/\\\/regions-snetap-fsu.fr\\\/na\\\/2020\\\/02\\\/10\\\/reforme-de-lapprentissage-ca-y-est-on-est-en-plein-dedans\\\/#primaryimage\"},\"thumbnailUrl\":\"http:\\\/\\\/nice.snuep.fr\\\/wp-content\\\/uploads\\\/2019\\\/10\\\/2019-10-16-11_13_24-Window-compressor.png\",\"articleSection\":[\"Actus\",\"NA\"],\"inLanguage\":\"fr-FR\"},{\"@type\":\"WebPage\",\"@id\":\"https:\\\/\\\/regions-snetap-fsu.fr\\\/na\\\/2020\\\/02\\\/10\\\/reforme-de-lapprentissage-ca-y-est-on-est-en-plein-dedans\\\/\",\"url\":\"https:\\\/\\\/regions-snetap-fsu.fr\\\/na\\\/2020\\\/02\\\/10\\\/reforme-de-lapprentissage-ca-y-est-on-est-en-plein-dedans\\\/\",\"name\":\"REFORME DE L'APPRENTISSAGE, \u00e7a y est, ON EST EN PLEIN DEDANS ! - NOUVELLE AQUITAINE\",\"isPartOf\":{\"@id\":\"https:\\\/\\\/regions-snetap-fsu.fr\\\/na\\\/#website\"},\"primaryImageOfPage\":{\"@id\":\"https:\\\/\\\/regions-snetap-fsu.fr\\\/na\\\/2020\\\/02\\\/10\\\/reforme-de-lapprentissage-ca-y-est-on-est-en-plein-dedans\\\/#primaryimage\"},\"image\":{\"@id\":\"https:\\\/\\\/regions-snetap-fsu.fr\\\/na\\\/2020\\\/02\\\/10\\\/reforme-de-lapprentissage-ca-y-est-on-est-en-plein-dedans\\\/#primaryimage\"},\"thumbnailUrl\":\"http:\\\/\\\/nice.snuep.fr\\\/wp-content\\\/uploads\\\/2019\\\/10\\\/2019-10-16-11_13_24-Window-compressor.png\",\"datePublished\":\"2020-02-10T12:48:40+00:00\",\"dateModified\":\"2020-02-10T12:52:13+00:00\",\"breadcrumb\":{\"@id\":\"https:\\\/\\\/regions-snetap-fsu.fr\\\/na\\\/2020\\\/02\\\/10\\\/reforme-de-lapprentissage-ca-y-est-on-est-en-plein-dedans\\\/#breadcrumb\"},\"inLanguage\":\"fr-FR\",\"potentialAction\":[{\"@type\":\"ReadAction\",\"target\":[\"https:\\\/\\\/regions-snetap-fsu.fr\\\/na\\\/2020\\\/02\\\/10\\\/reforme-de-lapprentissage-ca-y-est-on-est-en-plein-dedans\\\/\"]}]},{\"@type\":\"ImageObject\",\"inLanguage\":\"fr-FR\",\"@id\":\"https:\\\/\\\/regions-snetap-fsu.fr\\\/na\\\/2020\\\/02\\\/10\\\/reforme-de-lapprentissage-ca-y-est-on-est-en-plein-dedans\\\/#primaryimage\",\"url\":\"http:\\\/\\\/nice.snuep.fr\\\/wp-content\\\/uploads\\\/2019\\\/10\\\/2019-10-16-11_13_24-Window-compressor.png\",\"contentUrl\":\"http:\\\/\\\/nice.snuep.fr\\\/wp-content\\\/uploads\\\/2019\\\/10\\\/2019-10-16-11_13_24-Window-compressor.png\"},{\"@type\":\"BreadcrumbList\",\"@id\":\"https:\\\/\\\/regions-snetap-fsu.fr\\\/na\\\/2020\\\/02\\\/10\\\/reforme-de-lapprentissage-ca-y-est-on-est-en-plein-dedans\\\/#breadcrumb\",\"itemListElement\":[{\"@type\":\"ListItem\",\"position\":1,\"name\":\"Accueil\",\"item\":\"https:\\\/\\\/regions-snetap-fsu.fr\\\/na\\\/\"},{\"@type\":\"ListItem\",\"position\":2,\"name\":\"REFORME DE L&rsquo;APPRENTISSAGE, \u00e7a y est, ON EST EN PLEIN DEDANS !\"}]},{\"@type\":\"WebSite\",\"@id\":\"https:\\\/\\\/regions-snetap-fsu.fr\\\/na\\\/#website\",\"url\":\"https:\\\/\\\/regions-snetap-fsu.fr\\\/na\\\/\",\"name\":\"SNETAP-FSU NOUVELLE AQUITAINE\",\"description\":\"Blog de la Section R\u00e9gionale\",\"publisher\":{\"@id\":\"https:\\\/\\\/regions-snetap-fsu.fr\\\/na\\\/#organization\"},\"potentialAction\":[{\"@type\":\"SearchAction\",\"target\":{\"@type\":\"EntryPoint\",\"urlTemplate\":\"https:\\\/\\\/regions-snetap-fsu.fr\\\/na\\\/?s={search_term_string}\"},\"query-input\":{\"@type\":\"PropertyValueSpecification\",\"valueRequired\":true,\"valueName\":\"search_term_string\"}}],\"inLanguage\":\"fr-FR\"},{\"@type\":\"Organization\",\"@id\":\"https:\\\/\\\/regions-snetap-fsu.fr\\\/na\\\/#organization\",\"name\":\"SNETAP-FSU - Nouvelle Aquitaine\",\"url\":\"https:\\\/\\\/regions-snetap-fsu.fr\\\/na\\\/\",\"logo\":{\"@type\":\"ImageObject\",\"inLanguage\":\"fr-FR\",\"@id\":\"https:\\\/\\\/regions-snetap-fsu.fr\\\/na\\\/#\\\/schema\\\/logo\\\/image\\\/\",\"url\":\"https:\\\/\\\/regions-snetap-fsu.fr\\\/na\\\/wp-content\\\/uploads\\\/sites\\\/3\\\/2020\\\/12\\\/SNETAP-Logo.jpg\",\"contentUrl\":\"https:\\\/\\\/regions-snetap-fsu.fr\\\/na\\\/wp-content\\\/uploads\\\/sites\\\/3\\\/2020\\\/12\\\/SNETAP-Logo.jpg\",\"width\":464,\"height\":334,\"caption\":\"SNETAP-FSU - Nouvelle Aquitaine\"},\"image\":{\"@id\":\"https:\\\/\\\/regions-snetap-fsu.fr\\\/na\\\/#\\\/schema\\\/logo\\\/image\\\/\"}},{\"@type\":\"Person\",\"@id\":\"https:\\\/\\\/regions-snetap-fsu.fr\\\/na\\\/#\\\/schema\\\/person\\\/200c3209e01aa8c2a287fda4d096cd22\",\"name\":\"Tmoos\",\"image\":{\"@type\":\"ImageObject\",\"inLanguage\":\"fr-FR\",\"@id\":\"https:\\\/\\\/secure.gravatar.com\\\/avatar\\\/ee9416e21ddddd1cb4bc3f8a9a89584e0671c3184caebebe8e4de3129769a613?s=96&d=mm&r=g\",\"url\":\"https:\\\/\\\/secure.gravatar.com\\\/avatar\\\/ee9416e21ddddd1cb4bc3f8a9a89584e0671c3184caebebe8e4de3129769a613?s=96&d=mm&r=g\",\"contentUrl\":\"https:\\\/\\\/secure.gravatar.com\\\/avatar\\\/ee9416e21ddddd1cb4bc3f8a9a89584e0671c3184caebebe8e4de3129769a613?s=96&d=mm&r=g\",\"caption\":\"Tmoos\"},\"url\":\"https:\\\/\\\/regions-snetap-fsu.fr\\\/na\\\/author\\\/fthomas\\\/\"}]}<\/script>\n<!-- \/ Yoast SEO plugin. -->","yoast_head_json":{"title":"REFORME DE L'APPRENTISSAGE, \u00e7a y est, ON EST EN PLEIN DEDANS ! - NOUVELLE AQUITAINE","robots":{"index":"index","follow":"follow","max-snippet":"max-snippet:-1","max-image-preview":"max-image-preview:large","max-video-preview":"max-video-preview:-1"},"canonical":"https:\/\/regions-snetap-fsu.fr\/na\/2020\/02\/10\/reforme-de-lapprentissage-ca-y-est-on-est-en-plein-dedans\/","og_locale":"fr_FR","og_type":"article","og_title":"REFORME DE L'APPRENTISSAGE, \u00e7a y est, ON EST EN PLEIN DEDANS ! - NOUVELLE AQUITAINE","og_description":"La r\u00e9forme de l&rsquo;apprentissage ou loi P\u00e9nicaud \u00ab pour la libert\u00e9 de choisir son avenir professionnel \u00bb sous cette appellation am\u00e9liorative commence \u00e0 montrer ses aspects n\u00e9gatifs. Vot\u00e9e en septembre 2018 avec un \u00e9ch\u00e9ancier s&rsquo;\u00e9talant sur 3 ans , l&rsquo;ann\u00e9e 2019 a \u00e9t\u00e9 marqu\u00e9e par\u00a0 la publication d&rsquo;un nombre consid\u00e9rable de d\u00e9crets, l&rsquo;ann\u00e9e 2020 sera [&hellip;]","og_url":"https:\/\/regions-snetap-fsu.fr\/na\/2020\/02\/10\/reforme-de-lapprentissage-ca-y-est-on-est-en-plein-dedans\/","og_site_name":"NOUVELLE AQUITAINE","article_published_time":"2020-02-10T12:48:40+00:00","article_modified_time":"2020-02-10T12:52:13+00:00","og_image":[{"url":"http:\/\/nice.snuep.fr\/wp-content\/uploads\/2019\/10\/2019-10-16-11_13_24-Window-compressor.png","type":"","width":"","height":""}],"author":"Tmoos","twitter_card":"summary_large_image","twitter_misc":{"\u00c9crit par":"Tmoos","Dur\u00e9e de lecture estim\u00e9e":"2 minutes"},"schema":{"@context":"https:\/\/schema.org","@graph":[{"@type":"Article","@id":"https:\/\/regions-snetap-fsu.fr\/na\/2020\/02\/10\/reforme-de-lapprentissage-ca-y-est-on-est-en-plein-dedans\/#article","isPartOf":{"@id":"https:\/\/regions-snetap-fsu.fr\/na\/2020\/02\/10\/reforme-de-lapprentissage-ca-y-est-on-est-en-plein-dedans\/"},"author":{"name":"Tmoos","@id":"https:\/\/regions-snetap-fsu.fr\/na\/#\/schema\/person\/200c3209e01aa8c2a287fda4d096cd22"},"headline":"REFORME DE L&rsquo;APPRENTISSAGE, \u00e7a y est, ON EST EN PLEIN DEDANS !","datePublished":"2020-02-10T12:48:40+00:00","dateModified":"2020-02-10T12:52:13+00:00","mainEntityOfPage":{"@id":"https:\/\/regions-snetap-fsu.fr\/na\/2020\/02\/10\/reforme-de-lapprentissage-ca-y-est-on-est-en-plein-dedans\/"},"wordCount":462,"publisher":{"@id":"https:\/\/regions-snetap-fsu.fr\/na\/#organization"},"image":{"@id":"https:\/\/regions-snetap-fsu.fr\/na\/2020\/02\/10\/reforme-de-lapprentissage-ca-y-est-on-est-en-plein-dedans\/#primaryimage"},"thumbnailUrl":"http:\/\/nice.snuep.fr\/wp-content\/uploads\/2019\/10\/2019-10-16-11_13_24-Window-compressor.png","articleSection":["Actus","NA"],"inLanguage":"fr-FR"},{"@type":"WebPage","@id":"https:\/\/regions-snetap-fsu.fr\/na\/2020\/02\/10\/reforme-de-lapprentissage-ca-y-est-on-est-en-plein-dedans\/","url":"https:\/\/regions-snetap-fsu.fr\/na\/2020\/02\/10\/reforme-de-lapprentissage-ca-y-est-on-est-en-plein-dedans\/","name":"REFORME DE L'APPRENTISSAGE, \u00e7a y est, ON EST EN PLEIN DEDANS ! - NOUVELLE AQUITAINE","isPartOf":{"@id":"https:\/\/regions-snetap-fsu.fr\/na\/#website"},"primaryImageOfPage":{"@id":"https:\/\/regions-snetap-fsu.fr\/na\/2020\/02\/10\/reforme-de-lapprentissage-ca-y-est-on-est-en-plein-dedans\/#primaryimage"},"image":{"@id":"https:\/\/regions-snetap-fsu.fr\/na\/2020\/02\/10\/reforme-de-lapprentissage-ca-y-est-on-est-en-plein-dedans\/#primaryimage"},"thumbnailUrl":"http:\/\/nice.snuep.fr\/wp-content\/uploads\/2019\/10\/2019-10-16-11_13_24-Window-compressor.png","datePublished":"2020-02-10T12:48:40+00:00","dateModified":"2020-02-10T12:52:13+00:00","breadcrumb":{"@id":"https:\/\/regions-snetap-fsu.fr\/na\/2020\/02\/10\/reforme-de-lapprentissage-ca-y-est-on-est-en-plein-dedans\/#breadcrumb"},"inLanguage":"fr-FR","potentialAction":[{"@type":"ReadAction","target":["https:\/\/regions-snetap-fsu.fr\/na\/2020\/02\/10\/reforme-de-lapprentissage-ca-y-est-on-est-en-plein-dedans\/"]}]},{"@type":"ImageObject","inLanguage":"fr-FR","@id":"https:\/\/regions-snetap-fsu.fr\/na\/2020\/02\/10\/reforme-de-lapprentissage-ca-y-est-on-est-en-plein-dedans\/#primaryimage","url":"http:\/\/nice.snuep.fr\/wp-content\/uploads\/2019\/10\/2019-10-16-11_13_24-Window-compressor.png","contentUrl":"http:\/\/nice.snuep.fr\/wp-content\/uploads\/2019\/10\/2019-10-16-11_13_24-Window-compressor.png"},{"@type":"BreadcrumbList","@id":"https:\/\/regions-snetap-fsu.fr\/na\/2020\/02\/10\/reforme-de-lapprentissage-ca-y-est-on-est-en-plein-dedans\/#breadcrumb","itemListElement":[{"@type":"ListItem","position":1,"name":"Accueil","item":"https:\/\/regions-snetap-fsu.fr\/na\/"},{"@type":"ListItem","position":2,"name":"REFORME DE L&rsquo;APPRENTISSAGE, \u00e7a y est, ON EST EN PLEIN DEDANS !"}]},{"@type":"WebSite","@id":"https:\/\/regions-snetap-fsu.fr\/na\/#website","url":"https:\/\/regions-snetap-fsu.fr\/na\/","name":"SNETAP-FSU NOUVELLE AQUITAINE","description":"Blog de la Section R\u00e9gionale","publisher":{"@id":"https:\/\/regions-snetap-fsu.fr\/na\/#organization"},"potentialAction":[{"@type":"SearchAction","target":{"@type":"EntryPoint","urlTemplate":"https:\/\/regions-snetap-fsu.fr\/na\/?s={search_term_string}"},"query-input":{"@type":"PropertyValueSpecification","valueRequired":true,"valueName":"search_term_string"}}],"inLanguage":"fr-FR"},{"@type":"Organization","@id":"https:\/\/regions-snetap-fsu.fr\/na\/#organization","name":"SNETAP-FSU - Nouvelle Aquitaine","url":"https:\/\/regions-snetap-fsu.fr\/na\/","logo":{"@type":"ImageObject","inLanguage":"fr-FR","@id":"https:\/\/regions-snetap-fsu.fr\/na\/#\/schema\/logo\/image\/","url":"https:\/\/regions-snetap-fsu.fr\/na\/wp-content\/uploads\/sites\/3\/2020\/12\/SNETAP-Logo.jpg","contentUrl":"https:\/\/regions-snetap-fsu.fr\/na\/wp-content\/uploads\/sites\/3\/2020\/12\/SNETAP-Logo.jpg","width":464,"height":334,"caption":"SNETAP-FSU - Nouvelle Aquitaine"},"image":{"@id":"https:\/\/regions-snetap-fsu.fr\/na\/#\/schema\/logo\/image\/"}},{"@type":"Person","@id":"https:\/\/regions-snetap-fsu.fr\/na\/#\/schema\/person\/200c3209e01aa8c2a287fda4d096cd22","name":"Tmoos","image":{"@type":"ImageObject","inLanguage":"fr-FR","@id":"https:\/\/secure.gravatar.com\/avatar\/ee9416e21ddddd1cb4bc3f8a9a89584e0671c3184caebebe8e4de3129769a613?s=96&d=mm&r=g","url":"https:\/\/secure.gravatar.com\/avatar\/ee9416e21ddddd1cb4bc3f8a9a89584e0671c3184caebebe8e4de3129769a613?s=96&d=mm&r=g","contentUrl":"https:\/\/secure.gravatar.com\/avatar\/ee9416e21ddddd1cb4bc3f8a9a89584e0671c3184caebebe8e4de3129769a613?s=96&d=mm&r=g","caption":"Tmoos"},"url":"https:\/\/regions-snetap-fsu.fr\/na\/author\/fthomas\/"}]}},"_links":{"self":[{"href":"https:\/\/regions-snetap-fsu.fr\/na\/wp-json\/wp\/v2\/posts\/1596","targetHints":{"allow":["GET"]}}],"collection":[{"href":"https:\/\/regions-snetap-fsu.fr\/na\/wp-json\/wp\/v2\/posts"}],"about":[{"href":"https:\/\/regions-snetap-fsu.fr\/na\/wp-json\/wp\/v2\/types\/post"}],"author":[{"embeddable":true,"href":"https:\/\/regions-snetap-fsu.fr\/na\/wp-json\/wp\/v2\/users\/99"}],"replies":[{"embeddable":true,"href":"https:\/\/regions-snetap-fsu.fr\/na\/wp-json\/wp\/v2\/comments?post=1596"}],"version-history":[{"count":3,"href":"https:\/\/regions-snetap-fsu.fr\/na\/wp-json\/wp\/v2\/posts\/1596\/revisions"}],"predecessor-version":[{"id":1600,"href":"https:\/\/regions-snetap-fsu.fr\/na\/wp-json\/wp\/v2\/posts\/1596\/revisions\/1600"}],"wp:attachment":[{"href":"https:\/\/regions-snetap-fsu.fr\/na\/wp-json\/wp\/v2\/media?parent=1596"}],"wp:term":[{"taxonomy":"category","embeddable":true,"href":"https:\/\/regions-snetap-fsu.fr\/na\/wp-json\/wp\/v2\/categories?post=1596"},{"taxonomy":"post_tag","embeddable":true,"href":"https:\/\/regions-snetap-fsu.fr\/na\/wp-json\/wp\/v2\/tags?post=1596"},{"taxonomy":"post_folder","embeddable":true,"href":"https:\/\/regions-snetap-fsu.fr\/na\/wp-json\/wp\/v2\/post_folder?post=1596"}],"curies":[{"name":"wp","href":"https:\/\/api.w.org\/{rel}","templated":true}]}}