{"id":1553,"date":"2019-12-05T22:48:14","date_gmt":"2019-12-05T21:48:14","guid":{"rendered":"https:\/\/regions-snetap-fsu.fr\/na\/?p=1553"},"modified":"2019-12-05T23:03:17","modified_gmt":"2019-12-05T22:03:17","slug":"le-6-decembre-et-les-jours-suivants-la-retraite-par-point-cest-toujours-non","status":"publish","type":"post","link":"https:\/\/regions-snetap-fsu.fr\/na\/2019\/12\/05\/le-6-decembre-et-les-jours-suivants-la-retraite-par-point-cest-toujours-non\/","title":{"rendered":"Le 6 d\u00e9cembre et les jours suivants, la retraite par point c&rsquo;est toujours NON"},"content":{"rendered":"<p><img decoding=\"async\" class=\"size-medium wp-image-1554 alignright\" src=\"https:\/\/regions-snetap-fsu.fr\/na\/wp-content\/uploads\/sites\/3\/2019\/12\/IMG-20191205-WA0005-300x146.jpg\" alt=\"\" width=\"300\" height=\"146\" srcset=\"https:\/\/regions-snetap-fsu.fr\/na\/wp-content\/uploads\/sites\/3\/2019\/12\/IMG-20191205-WA0005-300x146.jpg 300w, https:\/\/regions-snetap-fsu.fr\/na\/wp-content\/uploads\/sites\/3\/2019\/12\/IMG-20191205-WA0005-1024x497.jpg 1024w, https:\/\/regions-snetap-fsu.fr\/na\/wp-content\/uploads\/sites\/3\/2019\/12\/IMG-20191205-WA0005-768x373.jpg 768w, https:\/\/regions-snetap-fsu.fr\/na\/wp-content\/uploads\/sites\/3\/2019\/12\/IMG-20191205-WA0005-1536x746.jpg 1536w, https:\/\/regions-snetap-fsu.fr\/na\/wp-content\/uploads\/sites\/3\/2019\/12\/IMG-20191205-WA0005-100x49.jpg 100w, https:\/\/regions-snetap-fsu.fr\/na\/wp-content\/uploads\/sites\/3\/2019\/12\/IMG-20191205-WA0005-150x73.jpg 150w, https:\/\/regions-snetap-fsu.fr\/na\/wp-content\/uploads\/sites\/3\/2019\/12\/IMG-20191205-WA0005-200x97.jpg 200w, https:\/\/regions-snetap-fsu.fr\/na\/wp-content\/uploads\/sites\/3\/2019\/12\/IMG-20191205-WA0005-450x219.jpg 450w, https:\/\/regions-snetap-fsu.fr\/na\/wp-content\/uploads\/sites\/3\/2019\/12\/IMG-20191205-WA0005-600x291.jpg 600w, https:\/\/regions-snetap-fsu.fr\/na\/wp-content\/uploads\/sites\/3\/2019\/12\/IMG-20191205-WA0005-900x437.jpg 900w, https:\/\/regions-snetap-fsu.fr\/na\/wp-content\/uploads\/sites\/3\/2019\/12\/IMG-20191205-WA0005.jpg 1600w\" sizes=\"(max-width: 300px) 100vw, 300px\" \/>Il est clair que la mobilisation de cette journ\u00e9e du 5 d\u00e9cembre est exceptionnelle tant par les taux de gr\u00e9vistes que par le nombre de manifestant-es (50000 manifestant sur Bordeaux, 8000 \u00e0 Niort, 10000 \u00e0 Bayonne 13000 \u00e0 Pau, 5000 \u00e0 Mont de Marsant etc.). <span style=\"color: #ff6600\">Les personnels de l&rsquo;enseignement agricole public de la Nouvelle Aquitaine \u00e9taient nombreux dans les cort\u00e8ges.<\/span><\/p>\n<p><span style=\"color: #ff6600\">\u00a0<\/span>Le Snetap-<a class=\"cs_glossaire\" href=\"https:\/\/www.snetap-fsu.fr\/+-FSU-+.html\" name=\"mot96_0\"><span class=\"gl_mot\">FSU<\/span><\/a>\u00a0et sa f\u00e9d\u00e9ration, la FSU appellent \u00e0<\/p>\n<ul class=\"spip\">\n<li>\u00a0la<strong class=\"caractencadre-spip spip\">\u00a0poursuite et l\u2019amplification les mobilisations<\/strong>\u00a0dans le cadre d\u2019un plan d\u2019action pour ancrer le mouvement dans la dur\u00e9e en fonction des r\u00e9ponses du gouvernement\u00a0;<\/li>\n<\/ul>\n<ul class=\"spip\">\n<li>\u00a0au<strong class=\"caractencadre-spip spip\">\u00a0soutien de toutes les actions de reconduction<\/strong>\u00a0qui seront d\u00e9cid\u00e9es par les coll\u00e8gues dans les \u00e9tablissements. A cette fin, le Snetap-FSU a d\u00e9pos\u00e9 un pr\u00e9avis qui court tout le mois de d\u00e9cembre\u00a0;<\/li>\n<\/ul>\n<ul class=\"spip\">\n<li>\u00a0la construction d\u2019<strong class=\"caractencadre-spip spip\">un nouveau temps fort le 10 d\u00e9cembre<\/strong>.<\/li>\n<\/ul>\n<p><a class=\"spip_in\" href=\"https:\/\/www.snetap-fsu.fr\/Degradation-des-retraites-toutes-et-tous-concerne-es.html\">D\u00e9gradation des retraites\u00a0: toutes et tous concern\u00e9.es\u00a0!<\/a><\/p>\n","protected":false},"excerpt":{"rendered":"<p>Il est clair que la mobilisation de cette journ\u00e9e du 5 d\u00e9cembre est exceptionnelle tant par les taux de gr\u00e9vistes que par le nombre de manifestant-es (50000 manifestant sur Bordeaux, 8000 \u00e0 Niort, 10000 \u00e0 Bayonne 13000 \u00e0 Pau, 5000 \u00e0 Mont de Marsant etc.). Les personnels de l&rsquo;enseignement agricole public de la Nouvelle Aquitaine [&hellip;]<\/p>\n","protected":false},"author":99,"featured_media":0,"comment_status":"closed","ping_status":"closed","sticky":false,"template":"","format":"standard","meta":{"ocean_post_layout":"","ocean_both_sidebars_style":"","ocean_both_sidebars_content_width":0,"ocean_both_sidebars_sidebars_width":0,"ocean_sidebar":"","ocean_second_sidebar":"","ocean_disable_margins":"enable","ocean_add_body_class":"","ocean_shortcode_before_top_bar":"","ocean_shortcode_after_top_bar":"","ocean_shortcode_before_header":"","ocean_shortcode_after_header":"","ocean_has_shortcode":"","ocean_shortcode_after_title":"","ocean_shortcode_before_footer_widgets":"","ocean_shortcode_after_footer_widgets":"","ocean_shortcode_before_footer_bottom":"","ocean_shortcode_after_footer_bottom":"","ocean_display_top_bar":"default","ocean_display_header":"default","ocean_header_style":"","ocean_center_header_left_menu":"","ocean_custom_header_template":"","ocean_custom_logo":0,"ocean_custom_retina_logo":0,"ocean_custom_logo_max_width":0,"ocean_custom_logo_tablet_max_width":0,"ocean_custom_logo_mobile_max_width":0,"ocean_custom_logo_max_height":0,"ocean_custom_logo_tablet_max_height":0,"ocean_custom_logo_mobile_max_height":0,"ocean_header_custom_menu":"","ocean_menu_typo_font_family":"","ocean_menu_typo_font_subset":"","ocean_menu_typo_font_size":0,"ocean_menu_typo_font_size_tablet":0,"ocean_menu_typo_font_size_mobile":0,"ocean_menu_typo_font_size_unit":"px","ocean_menu_typo_font_weight":"","ocean_menu_typo_font_weight_tablet":"","ocean_menu_typo_font_weight_mobile":"","ocean_menu_typo_transform":"","ocean_menu_typo_transform_tablet":"","ocean_menu_typo_transform_mobile":"","ocean_menu_typo_line_height":0,"ocean_menu_typo_line_height_tablet":0,"ocean_menu_typo_line_height_mobile":0,"ocean_menu_typo_line_height_unit":"","ocean_menu_typo_spacing":0,"ocean_menu_typo_spacing_tablet":0,"ocean_menu_typo_spacing_mobile":0,"ocean_menu_typo_spacing_unit":"","ocean_menu_link_color":"","ocean_menu_link_color_hover":"","ocean_menu_link_color_active":"","ocean_menu_link_background":"","ocean_menu_link_hover_background":"","ocean_menu_link_active_background":"","ocean_menu_social_links_bg":"","ocean_menu_social_hover_links_bg":"","ocean_menu_social_links_color":"","ocean_menu_social_hover_links_color":"","ocean_disable_title":"default","ocean_disable_heading":"default","ocean_post_title":"","ocean_post_subheading":"","ocean_post_title_style":"","ocean_post_title_background_color":"","ocean_post_title_background":0,"ocean_post_title_bg_image_position":"","ocean_post_title_bg_image_attachment":"","ocean_post_title_bg_image_repeat":"","ocean_post_title_bg_image_size":"","ocean_post_title_height":0,"ocean_post_title_bg_overlay":0.5,"ocean_post_title_bg_overlay_color":"","ocean_disable_breadcrumbs":"default","ocean_breadcrumbs_color":"","ocean_breadcrumbs_separator_color":"","ocean_breadcrumbs_links_color":"","ocean_breadcrumbs_links_hover_color":"","ocean_display_footer_widgets":"default","ocean_display_footer_bottom":"default","ocean_custom_footer_template":"","ocean_post_oembed":"","ocean_post_self_hosted_media":"","ocean_post_video_embed":"","ocean_link_format":"","ocean_link_format_target":"self","ocean_quote_format":"","ocean_quote_format_link":"post","ocean_gallery_link_images":"on","ocean_gallery_id":[],"footnotes":""},"categories":[12,8],"tags":[],"post_folder":[],"class_list":["post-1553","post","type-post","status-publish","format-standard","hentry","category-actions","category-na","entry"],"yoast_head":"<!-- This site is optimized with the Yoast SEO plugin v27.4 - https:\/\/yoast.com\/product\/yoast-seo-wordpress\/ -->\n<title>Le 6 d\u00e9cembre et les jours suivants, la retraite par point c&#039;est toujours NON - NOUVELLE AQUITAINE<\/title>\n<meta name=\"robots\" content=\"index, follow, max-snippet:-1, max-image-preview:large, max-video-preview:-1\" \/>\n<link rel=\"canonical\" href=\"https:\/\/regions-snetap-fsu.fr\/na\/2019\/12\/05\/le-6-decembre-et-les-jours-suivants-la-retraite-par-point-cest-toujours-non\/\" \/>\n<meta property=\"og:locale\" content=\"fr_FR\" \/>\n<meta property=\"og:type\" content=\"article\" \/>\n<meta property=\"og:title\" content=\"Le 6 d\u00e9cembre et les jours suivants, la retraite par point c&#039;est toujours NON - NOUVELLE AQUITAINE\" \/>\n<meta property=\"og:description\" content=\"Il est clair que la mobilisation de cette journ\u00e9e du 5 d\u00e9cembre est exceptionnelle tant par les taux de gr\u00e9vistes que par le nombre de manifestant-es (50000 manifestant sur Bordeaux, 8000 \u00e0 Niort, 10000 \u00e0 Bayonne 13000 \u00e0 Pau, 5000 \u00e0 Mont de Marsant etc.). Les personnels de l&rsquo;enseignement agricole public de la Nouvelle Aquitaine [&hellip;]\" \/>\n<meta property=\"og:url\" content=\"https:\/\/regions-snetap-fsu.fr\/na\/2019\/12\/05\/le-6-decembre-et-les-jours-suivants-la-retraite-par-point-cest-toujours-non\/\" \/>\n<meta property=\"og:site_name\" content=\"NOUVELLE AQUITAINE\" \/>\n<meta property=\"article:published_time\" content=\"2019-12-05T21:48:14+00:00\" \/>\n<meta property=\"article:modified_time\" content=\"2019-12-05T22:03:17+00:00\" \/>\n<meta property=\"og:image\" content=\"https:\/\/regions-snetap-fsu.fr\/na\/wp-content\/uploads\/sites\/3\/2019\/12\/IMG-20191205-WA0005-300x146.jpg\" \/>\n<meta name=\"author\" content=\"Tmoos\" \/>\n<meta name=\"twitter:card\" content=\"summary_large_image\" \/>\n<meta name=\"twitter:label1\" content=\"\u00c9crit par\" \/>\n\t<meta name=\"twitter:data1\" content=\"Tmoos\" \/>\n\t<meta name=\"twitter:label2\" content=\"Dur\u00e9e de lecture estim\u00e9e\" \/>\n\t<meta name=\"twitter:data2\" content=\"1 minute\" \/>\n<script type=\"application\/ld+json\" class=\"yoast-schema-graph\">{\"@context\":\"https:\\\/\\\/schema.org\",\"@graph\":[{\"@type\":\"Article\",\"@id\":\"https:\\\/\\\/regions-snetap-fsu.fr\\\/na\\\/2019\\\/12\\\/05\\\/le-6-decembre-et-les-jours-suivants-la-retraite-par-point-cest-toujours-non\\\/#article\",\"isPartOf\":{\"@id\":\"https:\\\/\\\/regions-snetap-fsu.fr\\\/na\\\/2019\\\/12\\\/05\\\/le-6-decembre-et-les-jours-suivants-la-retraite-par-point-cest-toujours-non\\\/\"},\"author\":{\"name\":\"Tmoos\",\"@id\":\"https:\\\/\\\/regions-snetap-fsu.fr\\\/na\\\/#\\\/schema\\\/person\\\/200c3209e01aa8c2a287fda4d096cd22\"},\"headline\":\"Le 6 d\u00e9cembre et les jours suivants, la retraite par point c&rsquo;est toujours NON\",\"datePublished\":\"2019-12-05T21:48:14+00:00\",\"dateModified\":\"2019-12-05T22:03:17+00:00\",\"mainEntityOfPage\":{\"@id\":\"https:\\\/\\\/regions-snetap-fsu.fr\\\/na\\\/2019\\\/12\\\/05\\\/le-6-decembre-et-les-jours-suivants-la-retraite-par-point-cest-toujours-non\\\/\"},\"wordCount\":169,\"publisher\":{\"@id\":\"https:\\\/\\\/regions-snetap-fsu.fr\\\/na\\\/#organization\"},\"image\":{\"@id\":\"https:\\\/\\\/regions-snetap-fsu.fr\\\/na\\\/2019\\\/12\\\/05\\\/le-6-decembre-et-les-jours-suivants-la-retraite-par-point-cest-toujours-non\\\/#primaryimage\"},\"thumbnailUrl\":\"https:\\\/\\\/regions-snetap-fsu.fr\\\/na\\\/wp-content\\\/uploads\\\/sites\\\/3\\\/2019\\\/12\\\/IMG-20191205-WA0005-300x146.jpg\",\"articleSection\":[\"Actions\",\"NA\"],\"inLanguage\":\"fr-FR\"},{\"@type\":\"WebPage\",\"@id\":\"https:\\\/\\\/regions-snetap-fsu.fr\\\/na\\\/2019\\\/12\\\/05\\\/le-6-decembre-et-les-jours-suivants-la-retraite-par-point-cest-toujours-non\\\/\",\"url\":\"https:\\\/\\\/regions-snetap-fsu.fr\\\/na\\\/2019\\\/12\\\/05\\\/le-6-decembre-et-les-jours-suivants-la-retraite-par-point-cest-toujours-non\\\/\",\"name\":\"Le 6 d\u00e9cembre et les jours suivants, la retraite par point c'est toujours NON - NOUVELLE AQUITAINE\",\"isPartOf\":{\"@id\":\"https:\\\/\\\/regions-snetap-fsu.fr\\\/na\\\/#website\"},\"primaryImageOfPage\":{\"@id\":\"https:\\\/\\\/regions-snetap-fsu.fr\\\/na\\\/2019\\\/12\\\/05\\\/le-6-decembre-et-les-jours-suivants-la-retraite-par-point-cest-toujours-non\\\/#primaryimage\"},\"image\":{\"@id\":\"https:\\\/\\\/regions-snetap-fsu.fr\\\/na\\\/2019\\\/12\\\/05\\\/le-6-decembre-et-les-jours-suivants-la-retraite-par-point-cest-toujours-non\\\/#primaryimage\"},\"thumbnailUrl\":\"https:\\\/\\\/regions-snetap-fsu.fr\\\/na\\\/wp-content\\\/uploads\\\/sites\\\/3\\\/2019\\\/12\\\/IMG-20191205-WA0005-300x146.jpg\",\"datePublished\":\"2019-12-05T21:48:14+00:00\",\"dateModified\":\"2019-12-05T22:03:17+00:00\",\"breadcrumb\":{\"@id\":\"https:\\\/\\\/regions-snetap-fsu.fr\\\/na\\\/2019\\\/12\\\/05\\\/le-6-decembre-et-les-jours-suivants-la-retraite-par-point-cest-toujours-non\\\/#breadcrumb\"},\"inLanguage\":\"fr-FR\",\"potentialAction\":[{\"@type\":\"ReadAction\",\"target\":[\"https:\\\/\\\/regions-snetap-fsu.fr\\\/na\\\/2019\\\/12\\\/05\\\/le-6-decembre-et-les-jours-suivants-la-retraite-par-point-cest-toujours-non\\\/\"]}]},{\"@type\":\"ImageObject\",\"inLanguage\":\"fr-FR\",\"@id\":\"https:\\\/\\\/regions-snetap-fsu.fr\\\/na\\\/2019\\\/12\\\/05\\\/le-6-decembre-et-les-jours-suivants-la-retraite-par-point-cest-toujours-non\\\/#primaryimage\",\"url\":\"https:\\\/\\\/regions-snetap-fsu.fr\\\/na\\\/wp-content\\\/uploads\\\/sites\\\/3\\\/2019\\\/12\\\/IMG-20191205-WA0005.jpg\",\"contentUrl\":\"https:\\\/\\\/regions-snetap-fsu.fr\\\/na\\\/wp-content\\\/uploads\\\/sites\\\/3\\\/2019\\\/12\\\/IMG-20191205-WA0005.jpg\",\"width\":1600,\"height\":777},{\"@type\":\"BreadcrumbList\",\"@id\":\"https:\\\/\\\/regions-snetap-fsu.fr\\\/na\\\/2019\\\/12\\\/05\\\/le-6-decembre-et-les-jours-suivants-la-retraite-par-point-cest-toujours-non\\\/#breadcrumb\",\"itemListElement\":[{\"@type\":\"ListItem\",\"position\":1,\"name\":\"Accueil\",\"item\":\"https:\\\/\\\/regions-snetap-fsu.fr\\\/na\\\/\"},{\"@type\":\"ListItem\",\"position\":2,\"name\":\"Le 6 d\u00e9cembre et les jours suivants, la retraite par point c&rsquo;est toujours NON\"}]},{\"@type\":\"WebSite\",\"@id\":\"https:\\\/\\\/regions-snetap-fsu.fr\\\/na\\\/#website\",\"url\":\"https:\\\/\\\/regions-snetap-fsu.fr\\\/na\\\/\",\"name\":\"SNETAP-FSU NOUVELLE AQUITAINE\",\"description\":\"Blog de la Section R\u00e9gionale\",\"publisher\":{\"@id\":\"https:\\\/\\\/regions-snetap-fsu.fr\\\/na\\\/#organization\"},\"potentialAction\":[{\"@type\":\"SearchAction\",\"target\":{\"@type\":\"EntryPoint\",\"urlTemplate\":\"https:\\\/\\\/regions-snetap-fsu.fr\\\/na\\\/?s={search_term_string}\"},\"query-input\":{\"@type\":\"PropertyValueSpecification\",\"valueRequired\":true,\"valueName\":\"search_term_string\"}}],\"inLanguage\":\"fr-FR\"},{\"@type\":\"Organization\",\"@id\":\"https:\\\/\\\/regions-snetap-fsu.fr\\\/na\\\/#organization\",\"name\":\"SNETAP-FSU - Nouvelle Aquitaine\",\"url\":\"https:\\\/\\\/regions-snetap-fsu.fr\\\/na\\\/\",\"logo\":{\"@type\":\"ImageObject\",\"inLanguage\":\"fr-FR\",\"@id\":\"https:\\\/\\\/regions-snetap-fsu.fr\\\/na\\\/#\\\/schema\\\/logo\\\/image\\\/\",\"url\":\"https:\\\/\\\/regions-snetap-fsu.fr\\\/na\\\/wp-content\\\/uploads\\\/sites\\\/3\\\/2020\\\/12\\\/SNETAP-Logo.jpg\",\"contentUrl\":\"https:\\\/\\\/regions-snetap-fsu.fr\\\/na\\\/wp-content\\\/uploads\\\/sites\\\/3\\\/2020\\\/12\\\/SNETAP-Logo.jpg\",\"width\":464,\"height\":334,\"caption\":\"SNETAP-FSU - Nouvelle Aquitaine\"},\"image\":{\"@id\":\"https:\\\/\\\/regions-snetap-fsu.fr\\\/na\\\/#\\\/schema\\\/logo\\\/image\\\/\"}},{\"@type\":\"Person\",\"@id\":\"https:\\\/\\\/regions-snetap-fsu.fr\\\/na\\\/#\\\/schema\\\/person\\\/200c3209e01aa8c2a287fda4d096cd22\",\"name\":\"Tmoos\",\"image\":{\"@type\":\"ImageObject\",\"inLanguage\":\"fr-FR\",\"@id\":\"https:\\\/\\\/secure.gravatar.com\\\/avatar\\\/ee9416e21ddddd1cb4bc3f8a9a89584e0671c3184caebebe8e4de3129769a613?s=96&d=mm&r=g\",\"url\":\"https:\\\/\\\/secure.gravatar.com\\\/avatar\\\/ee9416e21ddddd1cb4bc3f8a9a89584e0671c3184caebebe8e4de3129769a613?s=96&d=mm&r=g\",\"contentUrl\":\"https:\\\/\\\/secure.gravatar.com\\\/avatar\\\/ee9416e21ddddd1cb4bc3f8a9a89584e0671c3184caebebe8e4de3129769a613?s=96&d=mm&r=g\",\"caption\":\"Tmoos\"},\"url\":\"https:\\\/\\\/regions-snetap-fsu.fr\\\/na\\\/author\\\/fthomas\\\/\"}]}<\/script>\n<!-- \/ Yoast SEO plugin. -->","yoast_head_json":{"title":"Le 6 d\u00e9cembre et les jours suivants, la retraite par point c'est toujours NON - NOUVELLE AQUITAINE","robots":{"index":"index","follow":"follow","max-snippet":"max-snippet:-1","max-image-preview":"max-image-preview:large","max-video-preview":"max-video-preview:-1"},"canonical":"https:\/\/regions-snetap-fsu.fr\/na\/2019\/12\/05\/le-6-decembre-et-les-jours-suivants-la-retraite-par-point-cest-toujours-non\/","og_locale":"fr_FR","og_type":"article","og_title":"Le 6 d\u00e9cembre et les jours suivants, la retraite par point c'est toujours NON - NOUVELLE AQUITAINE","og_description":"Il est clair que la mobilisation de cette journ\u00e9e du 5 d\u00e9cembre est exceptionnelle tant par les taux de gr\u00e9vistes que par le nombre de manifestant-es (50000 manifestant sur Bordeaux, 8000 \u00e0 Niort, 10000 \u00e0 Bayonne 13000 \u00e0 Pau, 5000 \u00e0 Mont de Marsant etc.). Les personnels de l&rsquo;enseignement agricole public de la Nouvelle Aquitaine [&hellip;]","og_url":"https:\/\/regions-snetap-fsu.fr\/na\/2019\/12\/05\/le-6-decembre-et-les-jours-suivants-la-retraite-par-point-cest-toujours-non\/","og_site_name":"NOUVELLE AQUITAINE","article_published_time":"2019-12-05T21:48:14+00:00","article_modified_time":"2019-12-05T22:03:17+00:00","og_image":[{"url":"https:\/\/regions-snetap-fsu.fr\/na\/wp-content\/uploads\/sites\/3\/2019\/12\/IMG-20191205-WA0005-300x146.jpg","type":"","width":"","height":""}],"author":"Tmoos","twitter_card":"summary_large_image","twitter_misc":{"\u00c9crit par":"Tmoos","Dur\u00e9e de lecture estim\u00e9e":"1 minute"},"schema":{"@context":"https:\/\/schema.org","@graph":[{"@type":"Article","@id":"https:\/\/regions-snetap-fsu.fr\/na\/2019\/12\/05\/le-6-decembre-et-les-jours-suivants-la-retraite-par-point-cest-toujours-non\/#article","isPartOf":{"@id":"https:\/\/regions-snetap-fsu.fr\/na\/2019\/12\/05\/le-6-decembre-et-les-jours-suivants-la-retraite-par-point-cest-toujours-non\/"},"author":{"name":"Tmoos","@id":"https:\/\/regions-snetap-fsu.fr\/na\/#\/schema\/person\/200c3209e01aa8c2a287fda4d096cd22"},"headline":"Le 6 d\u00e9cembre et les jours suivants, la retraite par point c&rsquo;est toujours NON","datePublished":"2019-12-05T21:48:14+00:00","dateModified":"2019-12-05T22:03:17+00:00","mainEntityOfPage":{"@id":"https:\/\/regions-snetap-fsu.fr\/na\/2019\/12\/05\/le-6-decembre-et-les-jours-suivants-la-retraite-par-point-cest-toujours-non\/"},"wordCount":169,"publisher":{"@id":"https:\/\/regions-snetap-fsu.fr\/na\/#organization"},"image":{"@id":"https:\/\/regions-snetap-fsu.fr\/na\/2019\/12\/05\/le-6-decembre-et-les-jours-suivants-la-retraite-par-point-cest-toujours-non\/#primaryimage"},"thumbnailUrl":"https:\/\/regions-snetap-fsu.fr\/na\/wp-content\/uploads\/sites\/3\/2019\/12\/IMG-20191205-WA0005-300x146.jpg","articleSection":["Actions","NA"],"inLanguage":"fr-FR"},{"@type":"WebPage","@id":"https:\/\/regions-snetap-fsu.fr\/na\/2019\/12\/05\/le-6-decembre-et-les-jours-suivants-la-retraite-par-point-cest-toujours-non\/","url":"https:\/\/regions-snetap-fsu.fr\/na\/2019\/12\/05\/le-6-decembre-et-les-jours-suivants-la-retraite-par-point-cest-toujours-non\/","name":"Le 6 d\u00e9cembre et les jours suivants, la retraite par point c'est toujours NON - NOUVELLE AQUITAINE","isPartOf":{"@id":"https:\/\/regions-snetap-fsu.fr\/na\/#website"},"primaryImageOfPage":{"@id":"https:\/\/regions-snetap-fsu.fr\/na\/2019\/12\/05\/le-6-decembre-et-les-jours-suivants-la-retraite-par-point-cest-toujours-non\/#primaryimage"},"image":{"@id":"https:\/\/regions-snetap-fsu.fr\/na\/2019\/12\/05\/le-6-decembre-et-les-jours-suivants-la-retraite-par-point-cest-toujours-non\/#primaryimage"},"thumbnailUrl":"https:\/\/regions-snetap-fsu.fr\/na\/wp-content\/uploads\/sites\/3\/2019\/12\/IMG-20191205-WA0005-300x146.jpg","datePublished":"2019-12-05T21:48:14+00:00","dateModified":"2019-12-05T22:03:17+00:00","breadcrumb":{"@id":"https:\/\/regions-snetap-fsu.fr\/na\/2019\/12\/05\/le-6-decembre-et-les-jours-suivants-la-retraite-par-point-cest-toujours-non\/#breadcrumb"},"inLanguage":"fr-FR","potentialAction":[{"@type":"ReadAction","target":["https:\/\/regions-snetap-fsu.fr\/na\/2019\/12\/05\/le-6-decembre-et-les-jours-suivants-la-retraite-par-point-cest-toujours-non\/"]}]},{"@type":"ImageObject","inLanguage":"fr-FR","@id":"https:\/\/regions-snetap-fsu.fr\/na\/2019\/12\/05\/le-6-decembre-et-les-jours-suivants-la-retraite-par-point-cest-toujours-non\/#primaryimage","url":"https:\/\/regions-snetap-fsu.fr\/na\/wp-content\/uploads\/sites\/3\/2019\/12\/IMG-20191205-WA0005.jpg","contentUrl":"https:\/\/regions-snetap-fsu.fr\/na\/wp-content\/uploads\/sites\/3\/2019\/12\/IMG-20191205-WA0005.jpg","width":1600,"height":777},{"@type":"BreadcrumbList","@id":"https:\/\/regions-snetap-fsu.fr\/na\/2019\/12\/05\/le-6-decembre-et-les-jours-suivants-la-retraite-par-point-cest-toujours-non\/#breadcrumb","itemListElement":[{"@type":"ListItem","position":1,"name":"Accueil","item":"https:\/\/regions-snetap-fsu.fr\/na\/"},{"@type":"ListItem","position":2,"name":"Le 6 d\u00e9cembre et les jours suivants, la retraite par point c&rsquo;est toujours NON"}]},{"@type":"WebSite","@id":"https:\/\/regions-snetap-fsu.fr\/na\/#website","url":"https:\/\/regions-snetap-fsu.fr\/na\/","name":"SNETAP-FSU NOUVELLE AQUITAINE","description":"Blog de la Section R\u00e9gionale","publisher":{"@id":"https:\/\/regions-snetap-fsu.fr\/na\/#organization"},"potentialAction":[{"@type":"SearchAction","target":{"@type":"EntryPoint","urlTemplate":"https:\/\/regions-snetap-fsu.fr\/na\/?s={search_term_string}"},"query-input":{"@type":"PropertyValueSpecification","valueRequired":true,"valueName":"search_term_string"}}],"inLanguage":"fr-FR"},{"@type":"Organization","@id":"https:\/\/regions-snetap-fsu.fr\/na\/#organization","name":"SNETAP-FSU - Nouvelle Aquitaine","url":"https:\/\/regions-snetap-fsu.fr\/na\/","logo":{"@type":"ImageObject","inLanguage":"fr-FR","@id":"https:\/\/regions-snetap-fsu.fr\/na\/#\/schema\/logo\/image\/","url":"https:\/\/regions-snetap-fsu.fr\/na\/wp-content\/uploads\/sites\/3\/2020\/12\/SNETAP-Logo.jpg","contentUrl":"https:\/\/regions-snetap-fsu.fr\/na\/wp-content\/uploads\/sites\/3\/2020\/12\/SNETAP-Logo.jpg","width":464,"height":334,"caption":"SNETAP-FSU - Nouvelle Aquitaine"},"image":{"@id":"https:\/\/regions-snetap-fsu.fr\/na\/#\/schema\/logo\/image\/"}},{"@type":"Person","@id":"https:\/\/regions-snetap-fsu.fr\/na\/#\/schema\/person\/200c3209e01aa8c2a287fda4d096cd22","name":"Tmoos","image":{"@type":"ImageObject","inLanguage":"fr-FR","@id":"https:\/\/secure.gravatar.com\/avatar\/ee9416e21ddddd1cb4bc3f8a9a89584e0671c3184caebebe8e4de3129769a613?s=96&d=mm&r=g","url":"https:\/\/secure.gravatar.com\/avatar\/ee9416e21ddddd1cb4bc3f8a9a89584e0671c3184caebebe8e4de3129769a613?s=96&d=mm&r=g","contentUrl":"https:\/\/secure.gravatar.com\/avatar\/ee9416e21ddddd1cb4bc3f8a9a89584e0671c3184caebebe8e4de3129769a613?s=96&d=mm&r=g","caption":"Tmoos"},"url":"https:\/\/regions-snetap-fsu.fr\/na\/author\/fthomas\/"}]}},"_links":{"self":[{"href":"https:\/\/regions-snetap-fsu.fr\/na\/wp-json\/wp\/v2\/posts\/1553","targetHints":{"allow":["GET"]}}],"collection":[{"href":"https:\/\/regions-snetap-fsu.fr\/na\/wp-json\/wp\/v2\/posts"}],"about":[{"href":"https:\/\/regions-snetap-fsu.fr\/na\/wp-json\/wp\/v2\/types\/post"}],"author":[{"embeddable":true,"href":"https:\/\/regions-snetap-fsu.fr\/na\/wp-json\/wp\/v2\/users\/99"}],"replies":[{"embeddable":true,"href":"https:\/\/regions-snetap-fsu.fr\/na\/wp-json\/wp\/v2\/comments?post=1553"}],"version-history":[{"count":3,"href":"https:\/\/regions-snetap-fsu.fr\/na\/wp-json\/wp\/v2\/posts\/1553\/revisions"}],"predecessor-version":[{"id":1559,"href":"https:\/\/regions-snetap-fsu.fr\/na\/wp-json\/wp\/v2\/posts\/1553\/revisions\/1559"}],"wp:attachment":[{"href":"https:\/\/regions-snetap-fsu.fr\/na\/wp-json\/wp\/v2\/media?parent=1553"}],"wp:term":[{"taxonomy":"category","embeddable":true,"href":"https:\/\/regions-snetap-fsu.fr\/na\/wp-json\/wp\/v2\/categories?post=1553"},{"taxonomy":"post_tag","embeddable":true,"href":"https:\/\/regions-snetap-fsu.fr\/na\/wp-json\/wp\/v2\/tags?post=1553"},{"taxonomy":"post_folder","embeddable":true,"href":"https:\/\/regions-snetap-fsu.fr\/na\/wp-json\/wp\/v2\/post_folder?post=1553"}],"curies":[{"name":"wp","href":"https:\/\/api.w.org\/{rel}","templated":true}]}}