{"id":1483,"date":"2019-07-10T23:00:07","date_gmt":"2019-07-10T21:00:07","guid":{"rendered":"https:\/\/regions-snetap-fsu.fr\/na\/?p=1483"},"modified":"2019-07-13T11:32:24","modified_gmt":"2019-07-13T09:32:24","slug":"le-mepris-simporte-en-gironde-blanquer-visite-une-mfr","status":"publish","type":"post","link":"https:\/\/regions-snetap-fsu.fr\/na\/2019\/07\/10\/le-mepris-simporte-en-gironde-blanquer-visite-une-mfr\/","title":{"rendered":"Le m\u00e9pris en Gironde, Blanquer visite une MFR &#8230;."},"content":{"rendered":"<figure id=\"attachment_1484\" aria-describedby=\"caption-attachment-1484\" style=\"width: 300px\" class=\"wp-caption alignleft\"><img fetchpriority=\"high\" decoding=\"async\" class=\"wp-image-1484 size-medium\" src=\"https:\/\/regions-snetap-fsu.fr\/na\/wp-content\/uploads\/sites\/3\/2019\/07\/IMG_20190708_163943-300x225.jpg\" alt=\"Visite de Blanquer Blaye MFR\" width=\"300\" height=\"225\" srcset=\"https:\/\/regions-snetap-fsu.fr\/na\/wp-content\/uploads\/sites\/3\/2019\/07\/IMG_20190708_163943-300x225.jpg 300w, https:\/\/regions-snetap-fsu.fr\/na\/wp-content\/uploads\/sites\/3\/2019\/07\/IMG_20190708_163943-768x576.jpg 768w, https:\/\/regions-snetap-fsu.fr\/na\/wp-content\/uploads\/sites\/3\/2019\/07\/IMG_20190708_163943-1024x768.jpg 1024w, https:\/\/regions-snetap-fsu.fr\/na\/wp-content\/uploads\/sites\/3\/2019\/07\/IMG_20190708_163943-100x75.jpg 100w, https:\/\/regions-snetap-fsu.fr\/na\/wp-content\/uploads\/sites\/3\/2019\/07\/IMG_20190708_163943-150x113.jpg 150w, https:\/\/regions-snetap-fsu.fr\/na\/wp-content\/uploads\/sites\/3\/2019\/07\/IMG_20190708_163943-200x150.jpg 200w, https:\/\/regions-snetap-fsu.fr\/na\/wp-content\/uploads\/sites\/3\/2019\/07\/IMG_20190708_163943-450x338.jpg 450w, https:\/\/regions-snetap-fsu.fr\/na\/wp-content\/uploads\/sites\/3\/2019\/07\/IMG_20190708_163943-600x450.jpg 600w, https:\/\/regions-snetap-fsu.fr\/na\/wp-content\/uploads\/sites\/3\/2019\/07\/IMG_20190708_163943-900x675.jpg 900w\" sizes=\"(max-width: 300px) 100vw, 300px\" \/><figcaption id=\"caption-attachment-1484\" class=\"wp-caption-text\">Visite de Blanquer Blaye MFR<\/figcaption><\/figure>\n<p style=\"text-align: center\"><span style=\"font-size: 14pt;color: #993300\">LA TOURNEE DE LA COLERE<\/span><\/p>\n<p>C&rsquo;est le 4\u00e8me lundi cons\u00e9cutif que le SNETAP-FSU Nouvelle-Aquitaine exprime son opposition aux r\u00e9formes \u00e9ducatives en cours et \u00e0 la casse organis\u00e9e du service public.<\/p>\n<p>Apr\u00e8s Montauban, Blanquefort, Limoges, c&rsquo;est devant la MFR de Blaye que le SNETAP-FSU accompagn\u00e9 de Sud \u00c9ducation, du SNUEP-FSU, du \u00ab collectif\u00a0 blayais parents, enseignants\u00a0 du primaire et du secondaire \u00bb a accueilli le ministre Blanquer qui venait \u00e9trenner \u00ab les permanences minist\u00e9rielles \u00bb. Outil magique\u00a0 faisant suite au grand d\u00e9bat qui doit permettre \u00e0 ceux d&rsquo;en haut de venir discuter avec ceux d&rsquo;en bas&#8230; tri\u00e9s sur le volet !<!--more--><\/p>\n<p style=\"text-align: center\"><span style=\"color: #993300;font-size: 14pt\">EXERCICE RATE POUR B<\/span><span style=\"color: #993300;font-size: 14pt\">LANQUER<\/span><\/p>\n<p>Sa journ\u00e9e a d\u00e9but\u00e9 \u00e0 Lormont\u00a0 o\u00f9 il devait s&rsquo;exprimer devant des maires sur les politiques \u00e9ducatives et leur mise en \u0153uvre. Son arriv\u00e9e s&rsquo;est faite sous les hu\u00e9es de l&rsquo;intersyndicale et des collectifs pr\u00e9sents.<\/p>\n<p>A Blaye, les militant.es du SNETAP-FSU sont tr\u00e8s vite rep\u00e9r\u00e9e.es et\u00a0 leur identit\u00e9 contr\u00f4l\u00e9e par les nombreuses forces de l&rsquo;ordre. Tous et toutes les militant.es seront ensuite stopp\u00e9.es devant la MFR. Finalement, Blanquer entrera piteusement par un acc\u00e8s secondaire actuellement\u00a0 r\u00e9serv\u00e9 \u00e0 un chantier !<\/p>\n<p>Il refusera de recevoir en personne\u00a0 une d\u00e9l\u00e9gation\u00a0 comme demand\u00e9 par le SNETAP-FSU, se contentant\u00a0 de missionner quelques personnes du rectorat et le DRAAF adjoint Nouvelle-Aquitaine.<\/p>\n<p>Les membre de la d\u00e9l\u00e9gation ( une enseignante de primaire et une de coll\u00e8ge locaux, une repr\u00e9sentante du SNUEP-FSU ( lyc\u00e9e pro), une parent d&rsquo;\u00e9l\u00e8ve et un repr\u00e9sentant du SNETAP-FSU)\u00a0 ont port\u00e9 leurs revendications, pas certain qu&rsquo;elles soient entendues, les personnes envoy\u00e9es par Blanquer avait \u00e0 peine de quoi \u00e9crire.<\/p>\n<p style=\"text-align: center\"><span style=\"font-size: 18pt\"><span style=\"color: #993300\"><span style=\"font-size: 14pt\">Sud-Ouest titrait \u00ab Blanquer vient passer les oraux \u00bb<\/span>.<\/span><\/span><\/p>\n<p style=\"text-align: center\"><span style=\"font-size: 14pt\"><strong><span style=\"color: #993300\">Le SNETAP-FSU dit \u00ab Blanquer ZERO \u00bb<\/span><\/strong><\/span><\/p>\n<p>Le ministre vient soit disant \u00e0 l&rsquo;\u00e9coute de la population, mais il reste sourd, refuse de la voir, pire encore, il fait insulte au service public en choisissant un \u00e9tablissement agricole priv\u00e9, invit\u00e9 par la d\u00e9put\u00e9 de la circonscription qui vante les m\u00e9rites de la MFR : \u00ab\u00a0 il est venu voir ce mod\u00e8le de la formation, de l&rsquo;alternance, de l&rsquo;apprentissage.. qui l&rsquo;int\u00e9resse \u00bb Sud-Ouest du 08 juillet 19.<\/p>\n<p><span style=\"color: #993300\">Le SNETAP-FSU pr\u00e9sent dans la d\u00e9l\u00e9gation a eu le temps de pr\u00e9ciser que ce mod\u00e8le \u00e9tait loin d&rsquo;\u00eatre parfait.<\/span><\/p>\n<p><span style=\"color: #993300\">Les cris de Blanquer d\u00e9mission ont ponctu\u00e9 son d\u00e9placement en Gironde.<\/span><\/p>\n<p>&nbsp;<\/p>\n<p>&nbsp;<\/p>\n","protected":false},"excerpt":{"rendered":"<p>LA TOURNEE DE LA COLERE C&rsquo;est le 4\u00e8me lundi cons\u00e9cutif que le SNETAP-FSU Nouvelle-Aquitaine exprime son opposition aux r\u00e9formes \u00e9ducatives en cours et \u00e0 la casse organis\u00e9e du service public. Apr\u00e8s Montauban, Blanquefort, Limoges, c&rsquo;est devant la MFR de Blaye que le SNETAP-FSU accompagn\u00e9 de Sud \u00c9ducation, du SNUEP-FSU, du \u00ab collectif\u00a0 blayais parents, enseignants\u00a0 [&hellip;]<\/p>\n","protected":false},"author":99,"featured_media":0,"comment_status":"closed","ping_status":"closed","sticky":false,"template":"","format":"standard","meta":{"ocean_post_layout":"","ocean_both_sidebars_style":"","ocean_both_sidebars_content_width":0,"ocean_both_sidebars_sidebars_width":0,"ocean_sidebar":"","ocean_second_sidebar":"","ocean_disable_margins":"enable","ocean_add_body_class":"","ocean_shortcode_before_top_bar":"","ocean_shortcode_after_top_bar":"","ocean_shortcode_before_header":"","ocean_shortcode_after_header":"","ocean_has_shortcode":"","ocean_shortcode_after_title":"","ocean_shortcode_before_footer_widgets":"","ocean_shortcode_after_footer_widgets":"","ocean_shortcode_before_footer_bottom":"","ocean_shortcode_after_footer_bottom":"","ocean_display_top_bar":"default","ocean_display_header":"default","ocean_header_style":"","ocean_center_header_left_menu":"","ocean_custom_header_template":"","ocean_custom_logo":0,"ocean_custom_retina_logo":0,"ocean_custom_logo_max_width":0,"ocean_custom_logo_tablet_max_width":0,"ocean_custom_logo_mobile_max_width":0,"ocean_custom_logo_max_height":0,"ocean_custom_logo_tablet_max_height":0,"ocean_custom_logo_mobile_max_height":0,"ocean_header_custom_menu":"","ocean_menu_typo_font_family":"","ocean_menu_typo_font_subset":"","ocean_menu_typo_font_size":0,"ocean_menu_typo_font_size_tablet":0,"ocean_menu_typo_font_size_mobile":0,"ocean_menu_typo_font_size_unit":"px","ocean_menu_typo_font_weight":"","ocean_menu_typo_font_weight_tablet":"","ocean_menu_typo_font_weight_mobile":"","ocean_menu_typo_transform":"","ocean_menu_typo_transform_tablet":"","ocean_menu_typo_transform_mobile":"","ocean_menu_typo_line_height":0,"ocean_menu_typo_line_height_tablet":0,"ocean_menu_typo_line_height_mobile":0,"ocean_menu_typo_line_height_unit":"","ocean_menu_typo_spacing":0,"ocean_menu_typo_spacing_tablet":0,"ocean_menu_typo_spacing_mobile":0,"ocean_menu_typo_spacing_unit":"","ocean_menu_link_color":"","ocean_menu_link_color_hover":"","ocean_menu_link_color_active":"","ocean_menu_link_background":"","ocean_menu_link_hover_background":"","ocean_menu_link_active_background":"","ocean_menu_social_links_bg":"","ocean_menu_social_hover_links_bg":"","ocean_menu_social_links_color":"","ocean_menu_social_hover_links_color":"","ocean_disable_title":"default","ocean_disable_heading":"default","ocean_post_title":"","ocean_post_subheading":"","ocean_post_title_style":"","ocean_post_title_background_color":"","ocean_post_title_background":0,"ocean_post_title_bg_image_position":"","ocean_post_title_bg_image_attachment":"","ocean_post_title_bg_image_repeat":"","ocean_post_title_bg_image_size":"","ocean_post_title_height":0,"ocean_post_title_bg_overlay":0.5,"ocean_post_title_bg_overlay_color":"","ocean_disable_breadcrumbs":"default","ocean_breadcrumbs_color":"","ocean_breadcrumbs_separator_color":"","ocean_breadcrumbs_links_color":"","ocean_breadcrumbs_links_hover_color":"","ocean_display_footer_widgets":"default","ocean_display_footer_bottom":"default","ocean_custom_footer_template":"","ocean_post_oembed":"","ocean_post_self_hosted_media":"","ocean_post_video_embed":"","ocean_link_format":"","ocean_link_format_target":"self","ocean_quote_format":"","ocean_quote_format_link":"post","ocean_gallery_link_images":"on","ocean_gallery_id":[],"footnotes":""},"categories":[12],"tags":[],"post_folder":[],"class_list":["post-1483","post","type-post","status-publish","format-standard","hentry","category-actions","entry"],"yoast_head":"<!-- This site is optimized with the Yoast SEO plugin v27.4 - https:\/\/yoast.com\/product\/yoast-seo-wordpress\/ -->\n<title>Le m\u00e9pris en Gironde, Blanquer visite une MFR .... - NOUVELLE AQUITAINE<\/title>\n<meta name=\"robots\" content=\"index, follow, max-snippet:-1, max-image-preview:large, max-video-preview:-1\" \/>\n<link rel=\"canonical\" href=\"https:\/\/regions-snetap-fsu.fr\/na\/2019\/07\/10\/le-mepris-simporte-en-gironde-blanquer-visite-une-mfr\/\" \/>\n<meta property=\"og:locale\" content=\"fr_FR\" \/>\n<meta property=\"og:type\" content=\"article\" \/>\n<meta property=\"og:title\" content=\"Le m\u00e9pris en Gironde, Blanquer visite une MFR .... - NOUVELLE AQUITAINE\" \/>\n<meta property=\"og:description\" content=\"LA TOURNEE DE LA COLERE C&rsquo;est le 4\u00e8me lundi cons\u00e9cutif que le SNETAP-FSU Nouvelle-Aquitaine exprime son opposition aux r\u00e9formes \u00e9ducatives en cours et \u00e0 la casse organis\u00e9e du service public. Apr\u00e8s Montauban, Blanquefort, Limoges, c&rsquo;est devant la MFR de Blaye que le SNETAP-FSU accompagn\u00e9 de Sud \u00c9ducation, du SNUEP-FSU, du \u00ab collectif\u00a0 blayais parents, enseignants\u00a0 [&hellip;]\" \/>\n<meta property=\"og:url\" content=\"https:\/\/regions-snetap-fsu.fr\/na\/2019\/07\/10\/le-mepris-simporte-en-gironde-blanquer-visite-une-mfr\/\" \/>\n<meta property=\"og:site_name\" content=\"NOUVELLE AQUITAINE\" \/>\n<meta property=\"article:published_time\" content=\"2019-07-10T21:00:07+00:00\" \/>\n<meta property=\"article:modified_time\" content=\"2019-07-13T09:32:24+00:00\" \/>\n<meta property=\"og:image\" content=\"https:\/\/regions-snetap-fsu.fr\/na\/wp-content\/uploads\/sites\/3\/2019\/07\/IMG_20190708_163943-300x225.jpg\" \/>\n<meta name=\"author\" content=\"Tmoos\" \/>\n<meta name=\"twitter:card\" content=\"summary_large_image\" \/>\n<meta name=\"twitter:label1\" content=\"\u00c9crit par\" \/>\n\t<meta name=\"twitter:data1\" content=\"Tmoos\" \/>\n\t<meta name=\"twitter:label2\" content=\"Dur\u00e9e de lecture estim\u00e9e\" \/>\n\t<meta name=\"twitter:data2\" content=\"2 minutes\" \/>\n<script type=\"application\/ld+json\" class=\"yoast-schema-graph\">{\"@context\":\"https:\\\/\\\/schema.org\",\"@graph\":[{\"@type\":\"Article\",\"@id\":\"https:\\\/\\\/regions-snetap-fsu.fr\\\/na\\\/2019\\\/07\\\/10\\\/le-mepris-simporte-en-gironde-blanquer-visite-une-mfr\\\/#article\",\"isPartOf\":{\"@id\":\"https:\\\/\\\/regions-snetap-fsu.fr\\\/na\\\/2019\\\/07\\\/10\\\/le-mepris-simporte-en-gironde-blanquer-visite-une-mfr\\\/\"},\"author\":{\"name\":\"Tmoos\",\"@id\":\"https:\\\/\\\/regions-snetap-fsu.fr\\\/na\\\/#\\\/schema\\\/person\\\/200c3209e01aa8c2a287fda4d096cd22\"},\"headline\":\"Le m\u00e9pris en Gironde, Blanquer visite une MFR &#8230;.\",\"datePublished\":\"2019-07-10T21:00:07+00:00\",\"dateModified\":\"2019-07-13T09:32:24+00:00\",\"mainEntityOfPage\":{\"@id\":\"https:\\\/\\\/regions-snetap-fsu.fr\\\/na\\\/2019\\\/07\\\/10\\\/le-mepris-simporte-en-gironde-blanquer-visite-une-mfr\\\/\"},\"wordCount\":435,\"publisher\":{\"@id\":\"https:\\\/\\\/regions-snetap-fsu.fr\\\/na\\\/#organization\"},\"image\":{\"@id\":\"https:\\\/\\\/regions-snetap-fsu.fr\\\/na\\\/2019\\\/07\\\/10\\\/le-mepris-simporte-en-gironde-blanquer-visite-une-mfr\\\/#primaryimage\"},\"thumbnailUrl\":\"https:\\\/\\\/regions-snetap-fsu.fr\\\/na\\\/wp-content\\\/uploads\\\/sites\\\/3\\\/2019\\\/07\\\/IMG_20190708_163943-300x225.jpg\",\"articleSection\":[\"Actions\"],\"inLanguage\":\"fr-FR\"},{\"@type\":\"WebPage\",\"@id\":\"https:\\\/\\\/regions-snetap-fsu.fr\\\/na\\\/2019\\\/07\\\/10\\\/le-mepris-simporte-en-gironde-blanquer-visite-une-mfr\\\/\",\"url\":\"https:\\\/\\\/regions-snetap-fsu.fr\\\/na\\\/2019\\\/07\\\/10\\\/le-mepris-simporte-en-gironde-blanquer-visite-une-mfr\\\/\",\"name\":\"Le m\u00e9pris en Gironde, Blanquer visite une MFR .... - NOUVELLE AQUITAINE\",\"isPartOf\":{\"@id\":\"https:\\\/\\\/regions-snetap-fsu.fr\\\/na\\\/#website\"},\"primaryImageOfPage\":{\"@id\":\"https:\\\/\\\/regions-snetap-fsu.fr\\\/na\\\/2019\\\/07\\\/10\\\/le-mepris-simporte-en-gironde-blanquer-visite-une-mfr\\\/#primaryimage\"},\"image\":{\"@id\":\"https:\\\/\\\/regions-snetap-fsu.fr\\\/na\\\/2019\\\/07\\\/10\\\/le-mepris-simporte-en-gironde-blanquer-visite-une-mfr\\\/#primaryimage\"},\"thumbnailUrl\":\"https:\\\/\\\/regions-snetap-fsu.fr\\\/na\\\/wp-content\\\/uploads\\\/sites\\\/3\\\/2019\\\/07\\\/IMG_20190708_163943-300x225.jpg\",\"datePublished\":\"2019-07-10T21:00:07+00:00\",\"dateModified\":\"2019-07-13T09:32:24+00:00\",\"breadcrumb\":{\"@id\":\"https:\\\/\\\/regions-snetap-fsu.fr\\\/na\\\/2019\\\/07\\\/10\\\/le-mepris-simporte-en-gironde-blanquer-visite-une-mfr\\\/#breadcrumb\"},\"inLanguage\":\"fr-FR\",\"potentialAction\":[{\"@type\":\"ReadAction\",\"target\":[\"https:\\\/\\\/regions-snetap-fsu.fr\\\/na\\\/2019\\\/07\\\/10\\\/le-mepris-simporte-en-gironde-blanquer-visite-une-mfr\\\/\"]}]},{\"@type\":\"ImageObject\",\"inLanguage\":\"fr-FR\",\"@id\":\"https:\\\/\\\/regions-snetap-fsu.fr\\\/na\\\/2019\\\/07\\\/10\\\/le-mepris-simporte-en-gironde-blanquer-visite-une-mfr\\\/#primaryimage\",\"url\":\"https:\\\/\\\/regions-snetap-fsu.fr\\\/na\\\/wp-content\\\/uploads\\\/sites\\\/3\\\/2019\\\/07\\\/IMG_20190708_163943.jpg\",\"contentUrl\":\"https:\\\/\\\/regions-snetap-fsu.fr\\\/na\\\/wp-content\\\/uploads\\\/sites\\\/3\\\/2019\\\/07\\\/IMG_20190708_163943.jpg\",\"width\":4160,\"height\":3120,\"caption\":\"Visite de Blanquer Blaye MFR\"},{\"@type\":\"BreadcrumbList\",\"@id\":\"https:\\\/\\\/regions-snetap-fsu.fr\\\/na\\\/2019\\\/07\\\/10\\\/le-mepris-simporte-en-gironde-blanquer-visite-une-mfr\\\/#breadcrumb\",\"itemListElement\":[{\"@type\":\"ListItem\",\"position\":1,\"name\":\"Accueil\",\"item\":\"https:\\\/\\\/regions-snetap-fsu.fr\\\/na\\\/\"},{\"@type\":\"ListItem\",\"position\":2,\"name\":\"Le m\u00e9pris en Gironde, Blanquer visite une MFR &#8230;.\"}]},{\"@type\":\"WebSite\",\"@id\":\"https:\\\/\\\/regions-snetap-fsu.fr\\\/na\\\/#website\",\"url\":\"https:\\\/\\\/regions-snetap-fsu.fr\\\/na\\\/\",\"name\":\"SNETAP-FSU NOUVELLE AQUITAINE\",\"description\":\"Blog de la Section R\u00e9gionale\",\"publisher\":{\"@id\":\"https:\\\/\\\/regions-snetap-fsu.fr\\\/na\\\/#organization\"},\"potentialAction\":[{\"@type\":\"SearchAction\",\"target\":{\"@type\":\"EntryPoint\",\"urlTemplate\":\"https:\\\/\\\/regions-snetap-fsu.fr\\\/na\\\/?s={search_term_string}\"},\"query-input\":{\"@type\":\"PropertyValueSpecification\",\"valueRequired\":true,\"valueName\":\"search_term_string\"}}],\"inLanguage\":\"fr-FR\"},{\"@type\":\"Organization\",\"@id\":\"https:\\\/\\\/regions-snetap-fsu.fr\\\/na\\\/#organization\",\"name\":\"SNETAP-FSU - Nouvelle Aquitaine\",\"url\":\"https:\\\/\\\/regions-snetap-fsu.fr\\\/na\\\/\",\"logo\":{\"@type\":\"ImageObject\",\"inLanguage\":\"fr-FR\",\"@id\":\"https:\\\/\\\/regions-snetap-fsu.fr\\\/na\\\/#\\\/schema\\\/logo\\\/image\\\/\",\"url\":\"https:\\\/\\\/regions-snetap-fsu.fr\\\/na\\\/wp-content\\\/uploads\\\/sites\\\/3\\\/2020\\\/12\\\/SNETAP-Logo.jpg\",\"contentUrl\":\"https:\\\/\\\/regions-snetap-fsu.fr\\\/na\\\/wp-content\\\/uploads\\\/sites\\\/3\\\/2020\\\/12\\\/SNETAP-Logo.jpg\",\"width\":464,\"height\":334,\"caption\":\"SNETAP-FSU - Nouvelle Aquitaine\"},\"image\":{\"@id\":\"https:\\\/\\\/regions-snetap-fsu.fr\\\/na\\\/#\\\/schema\\\/logo\\\/image\\\/\"}},{\"@type\":\"Person\",\"@id\":\"https:\\\/\\\/regions-snetap-fsu.fr\\\/na\\\/#\\\/schema\\\/person\\\/200c3209e01aa8c2a287fda4d096cd22\",\"name\":\"Tmoos\",\"image\":{\"@type\":\"ImageObject\",\"inLanguage\":\"fr-FR\",\"@id\":\"https:\\\/\\\/secure.gravatar.com\\\/avatar\\\/ee9416e21ddddd1cb4bc3f8a9a89584e0671c3184caebebe8e4de3129769a613?s=96&d=mm&r=g\",\"url\":\"https:\\\/\\\/secure.gravatar.com\\\/avatar\\\/ee9416e21ddddd1cb4bc3f8a9a89584e0671c3184caebebe8e4de3129769a613?s=96&d=mm&r=g\",\"contentUrl\":\"https:\\\/\\\/secure.gravatar.com\\\/avatar\\\/ee9416e21ddddd1cb4bc3f8a9a89584e0671c3184caebebe8e4de3129769a613?s=96&d=mm&r=g\",\"caption\":\"Tmoos\"},\"url\":\"https:\\\/\\\/regions-snetap-fsu.fr\\\/na\\\/author\\\/fthomas\\\/\"}]}<\/script>\n<!-- \/ Yoast SEO plugin. -->","yoast_head_json":{"title":"Le m\u00e9pris en Gironde, Blanquer visite une MFR .... - NOUVELLE AQUITAINE","robots":{"index":"index","follow":"follow","max-snippet":"max-snippet:-1","max-image-preview":"max-image-preview:large","max-video-preview":"max-video-preview:-1"},"canonical":"https:\/\/regions-snetap-fsu.fr\/na\/2019\/07\/10\/le-mepris-simporte-en-gironde-blanquer-visite-une-mfr\/","og_locale":"fr_FR","og_type":"article","og_title":"Le m\u00e9pris en Gironde, Blanquer visite une MFR .... - NOUVELLE AQUITAINE","og_description":"LA TOURNEE DE LA COLERE C&rsquo;est le 4\u00e8me lundi cons\u00e9cutif que le SNETAP-FSU Nouvelle-Aquitaine exprime son opposition aux r\u00e9formes \u00e9ducatives en cours et \u00e0 la casse organis\u00e9e du service public. Apr\u00e8s Montauban, Blanquefort, Limoges, c&rsquo;est devant la MFR de Blaye que le SNETAP-FSU accompagn\u00e9 de Sud \u00c9ducation, du SNUEP-FSU, du \u00ab collectif\u00a0 blayais parents, enseignants\u00a0 [&hellip;]","og_url":"https:\/\/regions-snetap-fsu.fr\/na\/2019\/07\/10\/le-mepris-simporte-en-gironde-blanquer-visite-une-mfr\/","og_site_name":"NOUVELLE AQUITAINE","article_published_time":"2019-07-10T21:00:07+00:00","article_modified_time":"2019-07-13T09:32:24+00:00","og_image":[{"url":"https:\/\/regions-snetap-fsu.fr\/na\/wp-content\/uploads\/sites\/3\/2019\/07\/IMG_20190708_163943-300x225.jpg","type":"","width":"","height":""}],"author":"Tmoos","twitter_card":"summary_large_image","twitter_misc":{"\u00c9crit par":"Tmoos","Dur\u00e9e de lecture estim\u00e9e":"2 minutes"},"schema":{"@context":"https:\/\/schema.org","@graph":[{"@type":"Article","@id":"https:\/\/regions-snetap-fsu.fr\/na\/2019\/07\/10\/le-mepris-simporte-en-gironde-blanquer-visite-une-mfr\/#article","isPartOf":{"@id":"https:\/\/regions-snetap-fsu.fr\/na\/2019\/07\/10\/le-mepris-simporte-en-gironde-blanquer-visite-une-mfr\/"},"author":{"name":"Tmoos","@id":"https:\/\/regions-snetap-fsu.fr\/na\/#\/schema\/person\/200c3209e01aa8c2a287fda4d096cd22"},"headline":"Le m\u00e9pris en Gironde, Blanquer visite une MFR &#8230;.","datePublished":"2019-07-10T21:00:07+00:00","dateModified":"2019-07-13T09:32:24+00:00","mainEntityOfPage":{"@id":"https:\/\/regions-snetap-fsu.fr\/na\/2019\/07\/10\/le-mepris-simporte-en-gironde-blanquer-visite-une-mfr\/"},"wordCount":435,"publisher":{"@id":"https:\/\/regions-snetap-fsu.fr\/na\/#organization"},"image":{"@id":"https:\/\/regions-snetap-fsu.fr\/na\/2019\/07\/10\/le-mepris-simporte-en-gironde-blanquer-visite-une-mfr\/#primaryimage"},"thumbnailUrl":"https:\/\/regions-snetap-fsu.fr\/na\/wp-content\/uploads\/sites\/3\/2019\/07\/IMG_20190708_163943-300x225.jpg","articleSection":["Actions"],"inLanguage":"fr-FR"},{"@type":"WebPage","@id":"https:\/\/regions-snetap-fsu.fr\/na\/2019\/07\/10\/le-mepris-simporte-en-gironde-blanquer-visite-une-mfr\/","url":"https:\/\/regions-snetap-fsu.fr\/na\/2019\/07\/10\/le-mepris-simporte-en-gironde-blanquer-visite-une-mfr\/","name":"Le m\u00e9pris en Gironde, Blanquer visite une MFR .... - NOUVELLE AQUITAINE","isPartOf":{"@id":"https:\/\/regions-snetap-fsu.fr\/na\/#website"},"primaryImageOfPage":{"@id":"https:\/\/regions-snetap-fsu.fr\/na\/2019\/07\/10\/le-mepris-simporte-en-gironde-blanquer-visite-une-mfr\/#primaryimage"},"image":{"@id":"https:\/\/regions-snetap-fsu.fr\/na\/2019\/07\/10\/le-mepris-simporte-en-gironde-blanquer-visite-une-mfr\/#primaryimage"},"thumbnailUrl":"https:\/\/regions-snetap-fsu.fr\/na\/wp-content\/uploads\/sites\/3\/2019\/07\/IMG_20190708_163943-300x225.jpg","datePublished":"2019-07-10T21:00:07+00:00","dateModified":"2019-07-13T09:32:24+00:00","breadcrumb":{"@id":"https:\/\/regions-snetap-fsu.fr\/na\/2019\/07\/10\/le-mepris-simporte-en-gironde-blanquer-visite-une-mfr\/#breadcrumb"},"inLanguage":"fr-FR","potentialAction":[{"@type":"ReadAction","target":["https:\/\/regions-snetap-fsu.fr\/na\/2019\/07\/10\/le-mepris-simporte-en-gironde-blanquer-visite-une-mfr\/"]}]},{"@type":"ImageObject","inLanguage":"fr-FR","@id":"https:\/\/regions-snetap-fsu.fr\/na\/2019\/07\/10\/le-mepris-simporte-en-gironde-blanquer-visite-une-mfr\/#primaryimage","url":"https:\/\/regions-snetap-fsu.fr\/na\/wp-content\/uploads\/sites\/3\/2019\/07\/IMG_20190708_163943.jpg","contentUrl":"https:\/\/regions-snetap-fsu.fr\/na\/wp-content\/uploads\/sites\/3\/2019\/07\/IMG_20190708_163943.jpg","width":4160,"height":3120,"caption":"Visite de Blanquer Blaye MFR"},{"@type":"BreadcrumbList","@id":"https:\/\/regions-snetap-fsu.fr\/na\/2019\/07\/10\/le-mepris-simporte-en-gironde-blanquer-visite-une-mfr\/#breadcrumb","itemListElement":[{"@type":"ListItem","position":1,"name":"Accueil","item":"https:\/\/regions-snetap-fsu.fr\/na\/"},{"@type":"ListItem","position":2,"name":"Le m\u00e9pris en Gironde, Blanquer visite une MFR &#8230;."}]},{"@type":"WebSite","@id":"https:\/\/regions-snetap-fsu.fr\/na\/#website","url":"https:\/\/regions-snetap-fsu.fr\/na\/","name":"SNETAP-FSU NOUVELLE AQUITAINE","description":"Blog de la Section R\u00e9gionale","publisher":{"@id":"https:\/\/regions-snetap-fsu.fr\/na\/#organization"},"potentialAction":[{"@type":"SearchAction","target":{"@type":"EntryPoint","urlTemplate":"https:\/\/regions-snetap-fsu.fr\/na\/?s={search_term_string}"},"query-input":{"@type":"PropertyValueSpecification","valueRequired":true,"valueName":"search_term_string"}}],"inLanguage":"fr-FR"},{"@type":"Organization","@id":"https:\/\/regions-snetap-fsu.fr\/na\/#organization","name":"SNETAP-FSU - Nouvelle Aquitaine","url":"https:\/\/regions-snetap-fsu.fr\/na\/","logo":{"@type":"ImageObject","inLanguage":"fr-FR","@id":"https:\/\/regions-snetap-fsu.fr\/na\/#\/schema\/logo\/image\/","url":"https:\/\/regions-snetap-fsu.fr\/na\/wp-content\/uploads\/sites\/3\/2020\/12\/SNETAP-Logo.jpg","contentUrl":"https:\/\/regions-snetap-fsu.fr\/na\/wp-content\/uploads\/sites\/3\/2020\/12\/SNETAP-Logo.jpg","width":464,"height":334,"caption":"SNETAP-FSU - Nouvelle Aquitaine"},"image":{"@id":"https:\/\/regions-snetap-fsu.fr\/na\/#\/schema\/logo\/image\/"}},{"@type":"Person","@id":"https:\/\/regions-snetap-fsu.fr\/na\/#\/schema\/person\/200c3209e01aa8c2a287fda4d096cd22","name":"Tmoos","image":{"@type":"ImageObject","inLanguage":"fr-FR","@id":"https:\/\/secure.gravatar.com\/avatar\/ee9416e21ddddd1cb4bc3f8a9a89584e0671c3184caebebe8e4de3129769a613?s=96&d=mm&r=g","url":"https:\/\/secure.gravatar.com\/avatar\/ee9416e21ddddd1cb4bc3f8a9a89584e0671c3184caebebe8e4de3129769a613?s=96&d=mm&r=g","contentUrl":"https:\/\/secure.gravatar.com\/avatar\/ee9416e21ddddd1cb4bc3f8a9a89584e0671c3184caebebe8e4de3129769a613?s=96&d=mm&r=g","caption":"Tmoos"},"url":"https:\/\/regions-snetap-fsu.fr\/na\/author\/fthomas\/"}]}},"_links":{"self":[{"href":"https:\/\/regions-snetap-fsu.fr\/na\/wp-json\/wp\/v2\/posts\/1483","targetHints":{"allow":["GET"]}}],"collection":[{"href":"https:\/\/regions-snetap-fsu.fr\/na\/wp-json\/wp\/v2\/posts"}],"about":[{"href":"https:\/\/regions-snetap-fsu.fr\/na\/wp-json\/wp\/v2\/types\/post"}],"author":[{"embeddable":true,"href":"https:\/\/regions-snetap-fsu.fr\/na\/wp-json\/wp\/v2\/users\/99"}],"replies":[{"embeddable":true,"href":"https:\/\/regions-snetap-fsu.fr\/na\/wp-json\/wp\/v2\/comments?post=1483"}],"version-history":[{"count":4,"href":"https:\/\/regions-snetap-fsu.fr\/na\/wp-json\/wp\/v2\/posts\/1483\/revisions"}],"predecessor-version":[{"id":1489,"href":"https:\/\/regions-snetap-fsu.fr\/na\/wp-json\/wp\/v2\/posts\/1483\/revisions\/1489"}],"wp:attachment":[{"href":"https:\/\/regions-snetap-fsu.fr\/na\/wp-json\/wp\/v2\/media?parent=1483"}],"wp:term":[{"taxonomy":"category","embeddable":true,"href":"https:\/\/regions-snetap-fsu.fr\/na\/wp-json\/wp\/v2\/categories?post=1483"},{"taxonomy":"post_tag","embeddable":true,"href":"https:\/\/regions-snetap-fsu.fr\/na\/wp-json\/wp\/v2\/tags?post=1483"},{"taxonomy":"post_folder","embeddable":true,"href":"https:\/\/regions-snetap-fsu.fr\/na\/wp-json\/wp\/v2\/post_folder?post=1483"}],"curies":[{"name":"wp","href":"https:\/\/api.w.org\/{rel}","templated":true}]}}