{"id":1460,"date":"2019-06-29T11:25:06","date_gmt":"2019-06-29T09:25:06","guid":{"rendered":"https:\/\/regions-snetap-fsu.fr\/na\/?p=1460"},"modified":"2019-07-05T09:20:18","modified_gmt":"2019-07-05T07:20:18","slug":"28-juin-2019-surgeres-les-personnels-boycottent-le-conseil-dadministration","status":"publish","type":"post","link":"https:\/\/regions-snetap-fsu.fr\/na\/2019\/06\/29\/28-juin-2019-surgeres-les-personnels-boycottent-le-conseil-dadministration\/","title":{"rendered":"28 juin 2019 SURGERES : les personnels boycottent le Conseil d&rsquo;Administration"},"content":{"rendered":"<figure id=\"attachment_1464\" aria-describedby=\"caption-attachment-1464\" style=\"width: 605px\" class=\"wp-caption aligncenter\"><a href=\"https:\/\/regions-snetap-fsu.fr\/na\/wp-content\/uploads\/sites\/3\/2019\/06\/IMG_20190628_145404_1.jpg\"><img fetchpriority=\"high\" decoding=\"async\" class=\"wp-image-1464 size-large\" src=\"https:\/\/regions-snetap-fsu.fr\/na\/wp-content\/uploads\/sites\/3\/2019\/06\/IMG_20190628_145404_1-1024x768.jpg\" alt=\"\" width=\"605\" height=\"454\" srcset=\"https:\/\/regions-snetap-fsu.fr\/na\/wp-content\/uploads\/sites\/3\/2019\/06\/IMG_20190628_145404_1-1024x768.jpg 1024w, https:\/\/regions-snetap-fsu.fr\/na\/wp-content\/uploads\/sites\/3\/2019\/06\/IMG_20190628_145404_1-300x225.jpg 300w, https:\/\/regions-snetap-fsu.fr\/na\/wp-content\/uploads\/sites\/3\/2019\/06\/IMG_20190628_145404_1-768x576.jpg 768w, https:\/\/regions-snetap-fsu.fr\/na\/wp-content\/uploads\/sites\/3\/2019\/06\/IMG_20190628_145404_1-100x75.jpg 100w, https:\/\/regions-snetap-fsu.fr\/na\/wp-content\/uploads\/sites\/3\/2019\/06\/IMG_20190628_145404_1-150x113.jpg 150w, https:\/\/regions-snetap-fsu.fr\/na\/wp-content\/uploads\/sites\/3\/2019\/06\/IMG_20190628_145404_1-200x150.jpg 200w, https:\/\/regions-snetap-fsu.fr\/na\/wp-content\/uploads\/sites\/3\/2019\/06\/IMG_20190628_145404_1-450x338.jpg 450w, https:\/\/regions-snetap-fsu.fr\/na\/wp-content\/uploads\/sites\/3\/2019\/06\/IMG_20190628_145404_1-600x450.jpg 600w, https:\/\/regions-snetap-fsu.fr\/na\/wp-content\/uploads\/sites\/3\/2019\/06\/IMG_20190628_145404_1-900x675.jpg 900w\" sizes=\"(max-width: 605px) 100vw, 605px\" \/><\/a><figcaption id=\"caption-attachment-1464\" class=\"wp-caption-text\">un CA sans les repr\u00e9sentants du personnel<\/figcaption><\/figure>\n<p>A l&rsquo;issue d&rsquo;une ann\u00e9e scolaire \u00e9prouvante pour l&rsquo;ensemble des personnels de tous les services de l&rsquo;EPL tant les conditions de travail continuent de se d\u00e9grader et faisant face \u00e0 une Direction et une Administration incapables de prendre la mesure de leur exasp\u00e9ration, ceux-ci ont d\u00e9cid\u00e9 de frapper fort et de dire STOP.<\/p>\n<p>Aussi, \u00e0 l&rsquo;ouverture du CA, les repr\u00e9sentants du personnels, accompagn\u00e9s de nombreux coll\u00e8gues et apprentis qui ont tenu \u00e0 manifester leur soutien, ont annonc\u00e9 leur refus de si\u00e9ger et proc\u00e9der \u00e0 la lecture de la d\u00e9claration ci-dessous :<\/p>\n\n\t\t<div class=\"wppdfemb-frame-container-1\" style=\"-webkit-overflow-scrolling:auto;\">\n\t\t\t<iframe class=\"pdfembed-iframe nonfullscreen wppdf-emb-iframe-1\"\n\t\t\t\tsrc=\"https:\/\/regions-snetap-fsu.fr\/na\/?pdfemb-data=eyJ1cmwiOiJodHRwczpcL1wvcmVnaW9ucy1zbmV0YXAtZnN1LmZyXC9uYVwvd3AtY29udGVudFwvdXBsb2Fkc1wvc2l0ZXNcLzNcLzIwMTlcLzA2XC9WM19EXHUwMGU5Y2xhcmF0aW9uLWxpbWluYWlyZS1ib3ljb3R0LUNBLWR1LTI4LWp1aW4tMjAxOS0yLnBkZiIsInRpdGxlIjoiVjNfRFx1MDBlOWNsYXJhdGlvbiBsaW1pbmFpcmUgYm95Y290dCBDQSBkdSAyOCBqdWluIDIwMTkgMiIsImluZGV4IjoxLCJwZGZJRCI6MTQ2Mn0\"\n\t\t\t\ttitle=\"V3_D\u00e9claration liminaire boycott CA du 28 juin 2019 2\"\t\t\t\tdata-pdf-id=\"1462\"\n\t\t\t\tdata-pdf-index=\"1\"\n\t\t\t\tstyle=\"border:none;width:100%;max-width:100%;height:100vh;\"\n\t\t\t\tscrolling=\"yes\">\n\t\t\t<\/iframe>\n\t\t<\/div>\n\n\t\t\n<p>Le Pr\u00e9sident du CA, le SRFD et la Direction de l&rsquo;EPL, ont ensuite tenu \u00e0 prendre la parole, rappelant \u00e0 chacun ses responsabilit\u00e9s, mettant en avant les efforts et la qualit\u00e9 du travail effectu\u00e9 cette ann\u00e9e.<\/p>\n<p>Face \u00e0 tant d&rsquo;incompr\u00e9hension, les personnels ont pr\u00e9f\u00e9r\u00e9 quitter la salle pendant la tirade de la Directrice et attendent maintenant la rentr\u00e9e de pied ferme pour qu&rsquo;enfin un travail commun efficace et productif soit engag\u00e9.<\/p>\n<p><a href=\"https:\/\/regions-snetap-fsu.fr\/na\/wp-content\/uploads\/sites\/3\/2019\/06\/IMG_20190628_145409.jpg\"><img decoding=\"async\" class=\"size-large wp-image-1465\" src=\"https:\/\/regions-snetap-fsu.fr\/na\/wp-content\/uploads\/sites\/3\/2019\/06\/IMG_20190628_145409-768x1024.jpg\" alt=\"\" width=\"605\" height=\"807\" srcset=\"https:\/\/regions-snetap-fsu.fr\/na\/wp-content\/uploads\/sites\/3\/2019\/06\/IMG_20190628_145409-768x1024.jpg 768w, https:\/\/regions-snetap-fsu.fr\/na\/wp-content\/uploads\/sites\/3\/2019\/06\/IMG_20190628_145409-225x300.jpg 225w, https:\/\/regions-snetap-fsu.fr\/na\/wp-content\/uploads\/sites\/3\/2019\/06\/IMG_20190628_145409-100x133.jpg 100w, https:\/\/regions-snetap-fsu.fr\/na\/wp-content\/uploads\/sites\/3\/2019\/06\/IMG_20190628_145409-150x200.jpg 150w, https:\/\/regions-snetap-fsu.fr\/na\/wp-content\/uploads\/sites\/3\/2019\/06\/IMG_20190628_145409-200x267.jpg 200w, https:\/\/regions-snetap-fsu.fr\/na\/wp-content\/uploads\/sites\/3\/2019\/06\/IMG_20190628_145409-300x400.jpg 300w, https:\/\/regions-snetap-fsu.fr\/na\/wp-content\/uploads\/sites\/3\/2019\/06\/IMG_20190628_145409-450x600.jpg 450w, https:\/\/regions-snetap-fsu.fr\/na\/wp-content\/uploads\/sites\/3\/2019\/06\/IMG_20190628_145409-600x800.jpg 600w, https:\/\/regions-snetap-fsu.fr\/na\/wp-content\/uploads\/sites\/3\/2019\/06\/IMG_20190628_145409-900x1200.jpg 900w\" sizes=\"(max-width: 605px) 100vw, 605px\" \/><\/a><\/p>\n\n\t\t<div class=\"wppdfemb-frame-container-2\" style=\"-webkit-overflow-scrolling:auto;\">\n\t\t\t<iframe class=\"pdfembed-iframe nonfullscreen wppdf-emb-iframe-2\"\n\t\t\t\tsrc=\"https:\/\/regions-snetap-fsu.fr\/na\/?pdfemb-data=eyJ1cmwiOiJodHRwczpcL1wvcmVnaW9ucy1zbmV0YXAtZnN1LmZyXC9uYVwvd3AtY29udGVudFwvdXBsb2Fkc1wvc2l0ZXNcLzNcLzIwMTlcLzA2XC9IZWJkby00anVpbGxldDIwMTkucGRmIiwidGl0bGUiOiJIZWJkbyA0anVpbGxldDIwMTkiLCJpbmRleCI6MiwicGRmSUQiOjE0ODB9\"\n\t\t\t\ttitle=\"Hebdo 4juillet2019\"\t\t\t\tdata-pdf-id=\"1480\"\n\t\t\t\tdata-pdf-index=\"2\"\n\t\t\t\tstyle=\"border:none;width:100%;max-width:100%;height:100vh;\"\n\t\t\t\tscrolling=\"yes\">\n\t\t\t<\/iframe>\n\t\t<\/div>\n\n\t\t\n","protected":false},"excerpt":{"rendered":"<p>A l&rsquo;issue d&rsquo;une ann\u00e9e scolaire \u00e9prouvante pour l&rsquo;ensemble des personnels de tous les services de l&rsquo;EPL tant les conditions de travail continuent de se d\u00e9grader et faisant face \u00e0 une Direction et une Administration incapables de prendre la mesure de leur exasp\u00e9ration, ceux-ci ont d\u00e9cid\u00e9 de frapper fort et de dire STOP. Aussi, \u00e0 l&rsquo;ouverture [&hellip;]<\/p>\n","protected":false},"author":87,"featured_media":0,"comment_status":"closed","ping_status":"closed","sticky":false,"template":"","format":"standard","meta":{"ocean_post_layout":"","ocean_both_sidebars_style":"","ocean_both_sidebars_content_width":0,"ocean_both_sidebars_sidebars_width":0,"ocean_sidebar":"","ocean_second_sidebar":"","ocean_disable_margins":"enable","ocean_add_body_class":"","ocean_shortcode_before_top_bar":"","ocean_shortcode_after_top_bar":"","ocean_shortcode_before_header":"","ocean_shortcode_after_header":"","ocean_has_shortcode":"","ocean_shortcode_after_title":"","ocean_shortcode_before_footer_widgets":"","ocean_shortcode_after_footer_widgets":"","ocean_shortcode_before_footer_bottom":"","ocean_shortcode_after_footer_bottom":"","ocean_display_top_bar":"default","ocean_display_header":"default","ocean_header_style":"","ocean_center_header_left_menu":"","ocean_custom_header_template":"","ocean_custom_logo":0,"ocean_custom_retina_logo":0,"ocean_custom_logo_max_width":0,"ocean_custom_logo_tablet_max_width":0,"ocean_custom_logo_mobile_max_width":0,"ocean_custom_logo_max_height":0,"ocean_custom_logo_tablet_max_height":0,"ocean_custom_logo_mobile_max_height":0,"ocean_header_custom_menu":"","ocean_menu_typo_font_family":"","ocean_menu_typo_font_subset":"","ocean_menu_typo_font_size":0,"ocean_menu_typo_font_size_tablet":0,"ocean_menu_typo_font_size_mobile":0,"ocean_menu_typo_font_size_unit":"px","ocean_menu_typo_font_weight":"","ocean_menu_typo_font_weight_tablet":"","ocean_menu_typo_font_weight_mobile":"","ocean_menu_typo_transform":"","ocean_menu_typo_transform_tablet":"","ocean_menu_typo_transform_mobile":"","ocean_menu_typo_line_height":0,"ocean_menu_typo_line_height_tablet":0,"ocean_menu_typo_line_height_mobile":0,"ocean_menu_typo_line_height_unit":"","ocean_menu_typo_spacing":0,"ocean_menu_typo_spacing_tablet":0,"ocean_menu_typo_spacing_mobile":0,"ocean_menu_typo_spacing_unit":"","ocean_menu_link_color":"","ocean_menu_link_color_hover":"","ocean_menu_link_color_active":"","ocean_menu_link_background":"","ocean_menu_link_hover_background":"","ocean_menu_link_active_background":"","ocean_menu_social_links_bg":"","ocean_menu_social_hover_links_bg":"","ocean_menu_social_links_color":"","ocean_menu_social_hover_links_color":"","ocean_disable_title":"default","ocean_disable_heading":"default","ocean_post_title":"","ocean_post_subheading":"","ocean_post_title_style":"","ocean_post_title_background_color":"","ocean_post_title_background":0,"ocean_post_title_bg_image_position":"","ocean_post_title_bg_image_attachment":"","ocean_post_title_bg_image_repeat":"","ocean_post_title_bg_image_size":"","ocean_post_title_height":0,"ocean_post_title_bg_overlay":0.5,"ocean_post_title_bg_overlay_color":"","ocean_disable_breadcrumbs":"default","ocean_breadcrumbs_color":"","ocean_breadcrumbs_separator_color":"","ocean_breadcrumbs_links_color":"","ocean_breadcrumbs_links_hover_color":"","ocean_display_footer_widgets":"default","ocean_display_footer_bottom":"default","ocean_custom_footer_template":"","ocean_post_oembed":"","ocean_post_self_hosted_media":"","ocean_post_video_embed":"","ocean_link_format":"","ocean_link_format_target":"self","ocean_quote_format":"","ocean_quote_format_link":"post","ocean_gallery_link_images":"on","ocean_gallery_id":[],"footnotes":""},"categories":[12,2,13,1,7],"tags":[],"post_folder":[],"class_list":["post-1460","post","type-post","status-publish","format-standard","hentry","category-actions","category-actus","category-instances","category-message-de-service","category-expc","entry"],"yoast_head":"<!-- This site is optimized with the Yoast SEO plugin v27.4 - https:\/\/yoast.com\/product\/yoast-seo-wordpress\/ -->\n<title>28 juin 2019 SURGERES : les personnels boycottent le Conseil d&#039;Administration - NOUVELLE AQUITAINE<\/title>\n<meta name=\"robots\" content=\"index, follow, max-snippet:-1, max-image-preview:large, max-video-preview:-1\" \/>\n<link rel=\"canonical\" href=\"https:\/\/regions-snetap-fsu.fr\/na\/2019\/06\/29\/28-juin-2019-surgeres-les-personnels-boycottent-le-conseil-dadministration\/\" \/>\n<meta property=\"og:locale\" content=\"fr_FR\" \/>\n<meta property=\"og:type\" content=\"article\" \/>\n<meta property=\"og:title\" content=\"28 juin 2019 SURGERES : les personnels boycottent le Conseil d&#039;Administration - NOUVELLE AQUITAINE\" \/>\n<meta property=\"og:description\" content=\"A l&rsquo;issue d&rsquo;une ann\u00e9e scolaire \u00e9prouvante pour l&rsquo;ensemble des personnels de tous les services de l&rsquo;EPL tant les conditions de travail continuent de se d\u00e9grader et faisant face \u00e0 une Direction et une Administration incapables de prendre la mesure de leur exasp\u00e9ration, ceux-ci ont d\u00e9cid\u00e9 de frapper fort et de dire STOP. Aussi, \u00e0 l&rsquo;ouverture [&hellip;]\" \/>\n<meta property=\"og:url\" content=\"https:\/\/regions-snetap-fsu.fr\/na\/2019\/06\/29\/28-juin-2019-surgeres-les-personnels-boycottent-le-conseil-dadministration\/\" \/>\n<meta property=\"og:site_name\" content=\"NOUVELLE AQUITAINE\" \/>\n<meta property=\"article:published_time\" content=\"2019-06-29T09:25:06+00:00\" \/>\n<meta property=\"article:modified_time\" content=\"2019-07-05T07:20:18+00:00\" \/>\n<meta property=\"og:image\" content=\"https:\/\/regions-snetap-fsu.fr\/na\/wp-content\/uploads\/sites\/3\/2019\/06\/IMG_20190628_145404_1-1024x768.jpg\" \/>\n<meta name=\"author\" content=\"el blanco\" \/>\n<meta name=\"twitter:card\" content=\"summary_large_image\" \/>\n<meta name=\"twitter:label1\" content=\"\u00c9crit par\" \/>\n\t<meta name=\"twitter:data1\" content=\"el blanco\" \/>\n\t<meta name=\"twitter:label2\" content=\"Dur\u00e9e de lecture estim\u00e9e\" \/>\n\t<meta name=\"twitter:data2\" content=\"1 minute\" \/>\n<script type=\"application\/ld+json\" class=\"yoast-schema-graph\">{\"@context\":\"https:\\\/\\\/schema.org\",\"@graph\":[{\"@type\":\"Article\",\"@id\":\"https:\\\/\\\/regions-snetap-fsu.fr\\\/na\\\/2019\\\/06\\\/29\\\/28-juin-2019-surgeres-les-personnels-boycottent-le-conseil-dadministration\\\/#article\",\"isPartOf\":{\"@id\":\"https:\\\/\\\/regions-snetap-fsu.fr\\\/na\\\/2019\\\/06\\\/29\\\/28-juin-2019-surgeres-les-personnels-boycottent-le-conseil-dadministration\\\/\"},\"author\":{\"name\":\"el blanco\",\"@id\":\"https:\\\/\\\/regions-snetap-fsu.fr\\\/na\\\/#\\\/schema\\\/person\\\/ac42fbdc9c4977a4d3a4895e2d2e68d5\"},\"headline\":\"28 juin 2019 SURGERES : les personnels boycottent le Conseil d&rsquo;Administration\",\"datePublished\":\"2019-06-29T09:25:06+00:00\",\"dateModified\":\"2019-07-05T07:20:18+00:00\",\"mainEntityOfPage\":{\"@id\":\"https:\\\/\\\/regions-snetap-fsu.fr\\\/na\\\/2019\\\/06\\\/29\\\/28-juin-2019-surgeres-les-personnels-boycottent-le-conseil-dadministration\\\/\"},\"wordCount\":241,\"publisher\":{\"@id\":\"https:\\\/\\\/regions-snetap-fsu.fr\\\/na\\\/#organization\"},\"image\":{\"@id\":\"https:\\\/\\\/regions-snetap-fsu.fr\\\/na\\\/2019\\\/06\\\/29\\\/28-juin-2019-surgeres-les-personnels-boycottent-le-conseil-dadministration\\\/#primaryimage\"},\"thumbnailUrl\":\"https:\\\/\\\/regions-snetap-fsu.fr\\\/na\\\/wp-content\\\/uploads\\\/sites\\\/3\\\/2019\\\/06\\\/IMG_20190628_145404_1-1024x768.jpg\",\"articleSection\":[\"Actions\",\"Actus\",\"Instances\",\"Message de service\",\"Secteur Poitou-Charentes\"],\"inLanguage\":\"fr-FR\"},{\"@type\":\"WebPage\",\"@id\":\"https:\\\/\\\/regions-snetap-fsu.fr\\\/na\\\/2019\\\/06\\\/29\\\/28-juin-2019-surgeres-les-personnels-boycottent-le-conseil-dadministration\\\/\",\"url\":\"https:\\\/\\\/regions-snetap-fsu.fr\\\/na\\\/2019\\\/06\\\/29\\\/28-juin-2019-surgeres-les-personnels-boycottent-le-conseil-dadministration\\\/\",\"name\":\"28 juin 2019 SURGERES : les personnels boycottent le Conseil d'Administration - NOUVELLE AQUITAINE\",\"isPartOf\":{\"@id\":\"https:\\\/\\\/regions-snetap-fsu.fr\\\/na\\\/#website\"},\"primaryImageOfPage\":{\"@id\":\"https:\\\/\\\/regions-snetap-fsu.fr\\\/na\\\/2019\\\/06\\\/29\\\/28-juin-2019-surgeres-les-personnels-boycottent-le-conseil-dadministration\\\/#primaryimage\"},\"image\":{\"@id\":\"https:\\\/\\\/regions-snetap-fsu.fr\\\/na\\\/2019\\\/06\\\/29\\\/28-juin-2019-surgeres-les-personnels-boycottent-le-conseil-dadministration\\\/#primaryimage\"},\"thumbnailUrl\":\"https:\\\/\\\/regions-snetap-fsu.fr\\\/na\\\/wp-content\\\/uploads\\\/sites\\\/3\\\/2019\\\/06\\\/IMG_20190628_145404_1-1024x768.jpg\",\"datePublished\":\"2019-06-29T09:25:06+00:00\",\"dateModified\":\"2019-07-05T07:20:18+00:00\",\"breadcrumb\":{\"@id\":\"https:\\\/\\\/regions-snetap-fsu.fr\\\/na\\\/2019\\\/06\\\/29\\\/28-juin-2019-surgeres-les-personnels-boycottent-le-conseil-dadministration\\\/#breadcrumb\"},\"inLanguage\":\"fr-FR\",\"potentialAction\":[{\"@type\":\"ReadAction\",\"target\":[\"https:\\\/\\\/regions-snetap-fsu.fr\\\/na\\\/2019\\\/06\\\/29\\\/28-juin-2019-surgeres-les-personnels-boycottent-le-conseil-dadministration\\\/\"]}]},{\"@type\":\"ImageObject\",\"inLanguage\":\"fr-FR\",\"@id\":\"https:\\\/\\\/regions-snetap-fsu.fr\\\/na\\\/2019\\\/06\\\/29\\\/28-juin-2019-surgeres-les-personnels-boycottent-le-conseil-dadministration\\\/#primaryimage\",\"url\":\"https:\\\/\\\/regions-snetap-fsu.fr\\\/na\\\/wp-content\\\/uploads\\\/sites\\\/3\\\/2019\\\/06\\\/IMG_20190628_145404_1.jpg\",\"contentUrl\":\"https:\\\/\\\/regions-snetap-fsu.fr\\\/na\\\/wp-content\\\/uploads\\\/sites\\\/3\\\/2019\\\/06\\\/IMG_20190628_145404_1.jpg\",\"width\":4160,\"height\":3120,\"caption\":\"une salle vide\"},{\"@type\":\"BreadcrumbList\",\"@id\":\"https:\\\/\\\/regions-snetap-fsu.fr\\\/na\\\/2019\\\/06\\\/29\\\/28-juin-2019-surgeres-les-personnels-boycottent-le-conseil-dadministration\\\/#breadcrumb\",\"itemListElement\":[{\"@type\":\"ListItem\",\"position\":1,\"name\":\"Accueil\",\"item\":\"https:\\\/\\\/regions-snetap-fsu.fr\\\/na\\\/\"},{\"@type\":\"ListItem\",\"position\":2,\"name\":\"28 juin 2019 SURGERES : les personnels boycottent le Conseil d&rsquo;Administration\"}]},{\"@type\":\"WebSite\",\"@id\":\"https:\\\/\\\/regions-snetap-fsu.fr\\\/na\\\/#website\",\"url\":\"https:\\\/\\\/regions-snetap-fsu.fr\\\/na\\\/\",\"name\":\"SNETAP-FSU NOUVELLE AQUITAINE\",\"description\":\"Blog de la Section R\u00e9gionale\",\"publisher\":{\"@id\":\"https:\\\/\\\/regions-snetap-fsu.fr\\\/na\\\/#organization\"},\"potentialAction\":[{\"@type\":\"SearchAction\",\"target\":{\"@type\":\"EntryPoint\",\"urlTemplate\":\"https:\\\/\\\/regions-snetap-fsu.fr\\\/na\\\/?s={search_term_string}\"},\"query-input\":{\"@type\":\"PropertyValueSpecification\",\"valueRequired\":true,\"valueName\":\"search_term_string\"}}],\"inLanguage\":\"fr-FR\"},{\"@type\":\"Organization\",\"@id\":\"https:\\\/\\\/regions-snetap-fsu.fr\\\/na\\\/#organization\",\"name\":\"SNETAP-FSU - Nouvelle Aquitaine\",\"url\":\"https:\\\/\\\/regions-snetap-fsu.fr\\\/na\\\/\",\"logo\":{\"@type\":\"ImageObject\",\"inLanguage\":\"fr-FR\",\"@id\":\"https:\\\/\\\/regions-snetap-fsu.fr\\\/na\\\/#\\\/schema\\\/logo\\\/image\\\/\",\"url\":\"https:\\\/\\\/regions-snetap-fsu.fr\\\/na\\\/wp-content\\\/uploads\\\/sites\\\/3\\\/2020\\\/12\\\/SNETAP-Logo.jpg\",\"contentUrl\":\"https:\\\/\\\/regions-snetap-fsu.fr\\\/na\\\/wp-content\\\/uploads\\\/sites\\\/3\\\/2020\\\/12\\\/SNETAP-Logo.jpg\",\"width\":464,\"height\":334,\"caption\":\"SNETAP-FSU - Nouvelle Aquitaine\"},\"image\":{\"@id\":\"https:\\\/\\\/regions-snetap-fsu.fr\\\/na\\\/#\\\/schema\\\/logo\\\/image\\\/\"}},{\"@type\":\"Person\",\"@id\":\"https:\\\/\\\/regions-snetap-fsu.fr\\\/na\\\/#\\\/schema\\\/person\\\/ac42fbdc9c4977a4d3a4895e2d2e68d5\",\"name\":\"el blanco\",\"image\":{\"@type\":\"ImageObject\",\"inLanguage\":\"fr-FR\",\"@id\":\"https:\\\/\\\/secure.gravatar.com\\\/avatar\\\/813cfa949421988d54b68d617a31e8b1601ad2cf76cbdfa12fc2dcdb0763888d?s=96&d=mm&r=g\",\"url\":\"https:\\\/\\\/secure.gravatar.com\\\/avatar\\\/813cfa949421988d54b68d617a31e8b1601ad2cf76cbdfa12fc2dcdb0763888d?s=96&d=mm&r=g\",\"contentUrl\":\"https:\\\/\\\/secure.gravatar.com\\\/avatar\\\/813cfa949421988d54b68d617a31e8b1601ad2cf76cbdfa12fc2dcdb0763888d?s=96&d=mm&r=g\",\"caption\":\"el blanco\"},\"url\":\"https:\\\/\\\/regions-snetap-fsu.fr\\\/na\\\/author\\\/y-le-blanc\\\/\"}]}<\/script>\n<!-- \/ Yoast SEO plugin. -->","yoast_head_json":{"title":"28 juin 2019 SURGERES : les personnels boycottent le Conseil d'Administration - NOUVELLE AQUITAINE","robots":{"index":"index","follow":"follow","max-snippet":"max-snippet:-1","max-image-preview":"max-image-preview:large","max-video-preview":"max-video-preview:-1"},"canonical":"https:\/\/regions-snetap-fsu.fr\/na\/2019\/06\/29\/28-juin-2019-surgeres-les-personnels-boycottent-le-conseil-dadministration\/","og_locale":"fr_FR","og_type":"article","og_title":"28 juin 2019 SURGERES : les personnels boycottent le Conseil d'Administration - NOUVELLE AQUITAINE","og_description":"A l&rsquo;issue d&rsquo;une ann\u00e9e scolaire \u00e9prouvante pour l&rsquo;ensemble des personnels de tous les services de l&rsquo;EPL tant les conditions de travail continuent de se d\u00e9grader et faisant face \u00e0 une Direction et une Administration incapables de prendre la mesure de leur exasp\u00e9ration, ceux-ci ont d\u00e9cid\u00e9 de frapper fort et de dire STOP. Aussi, \u00e0 l&rsquo;ouverture [&hellip;]","og_url":"https:\/\/regions-snetap-fsu.fr\/na\/2019\/06\/29\/28-juin-2019-surgeres-les-personnels-boycottent-le-conseil-dadministration\/","og_site_name":"NOUVELLE AQUITAINE","article_published_time":"2019-06-29T09:25:06+00:00","article_modified_time":"2019-07-05T07:20:18+00:00","og_image":[{"url":"https:\/\/regions-snetap-fsu.fr\/na\/wp-content\/uploads\/sites\/3\/2019\/06\/IMG_20190628_145404_1-1024x768.jpg","type":"","width":"","height":""}],"author":"el blanco","twitter_card":"summary_large_image","twitter_misc":{"\u00c9crit par":"el blanco","Dur\u00e9e de lecture estim\u00e9e":"1 minute"},"schema":{"@context":"https:\/\/schema.org","@graph":[{"@type":"Article","@id":"https:\/\/regions-snetap-fsu.fr\/na\/2019\/06\/29\/28-juin-2019-surgeres-les-personnels-boycottent-le-conseil-dadministration\/#article","isPartOf":{"@id":"https:\/\/regions-snetap-fsu.fr\/na\/2019\/06\/29\/28-juin-2019-surgeres-les-personnels-boycottent-le-conseil-dadministration\/"},"author":{"name":"el blanco","@id":"https:\/\/regions-snetap-fsu.fr\/na\/#\/schema\/person\/ac42fbdc9c4977a4d3a4895e2d2e68d5"},"headline":"28 juin 2019 SURGERES : les personnels boycottent le Conseil d&rsquo;Administration","datePublished":"2019-06-29T09:25:06+00:00","dateModified":"2019-07-05T07:20:18+00:00","mainEntityOfPage":{"@id":"https:\/\/regions-snetap-fsu.fr\/na\/2019\/06\/29\/28-juin-2019-surgeres-les-personnels-boycottent-le-conseil-dadministration\/"},"wordCount":241,"publisher":{"@id":"https:\/\/regions-snetap-fsu.fr\/na\/#organization"},"image":{"@id":"https:\/\/regions-snetap-fsu.fr\/na\/2019\/06\/29\/28-juin-2019-surgeres-les-personnels-boycottent-le-conseil-dadministration\/#primaryimage"},"thumbnailUrl":"https:\/\/regions-snetap-fsu.fr\/na\/wp-content\/uploads\/sites\/3\/2019\/06\/IMG_20190628_145404_1-1024x768.jpg","articleSection":["Actions","Actus","Instances","Message de service","Secteur Poitou-Charentes"],"inLanguage":"fr-FR"},{"@type":"WebPage","@id":"https:\/\/regions-snetap-fsu.fr\/na\/2019\/06\/29\/28-juin-2019-surgeres-les-personnels-boycottent-le-conseil-dadministration\/","url":"https:\/\/regions-snetap-fsu.fr\/na\/2019\/06\/29\/28-juin-2019-surgeres-les-personnels-boycottent-le-conseil-dadministration\/","name":"28 juin 2019 SURGERES : les personnels boycottent le Conseil d'Administration - NOUVELLE AQUITAINE","isPartOf":{"@id":"https:\/\/regions-snetap-fsu.fr\/na\/#website"},"primaryImageOfPage":{"@id":"https:\/\/regions-snetap-fsu.fr\/na\/2019\/06\/29\/28-juin-2019-surgeres-les-personnels-boycottent-le-conseil-dadministration\/#primaryimage"},"image":{"@id":"https:\/\/regions-snetap-fsu.fr\/na\/2019\/06\/29\/28-juin-2019-surgeres-les-personnels-boycottent-le-conseil-dadministration\/#primaryimage"},"thumbnailUrl":"https:\/\/regions-snetap-fsu.fr\/na\/wp-content\/uploads\/sites\/3\/2019\/06\/IMG_20190628_145404_1-1024x768.jpg","datePublished":"2019-06-29T09:25:06+00:00","dateModified":"2019-07-05T07:20:18+00:00","breadcrumb":{"@id":"https:\/\/regions-snetap-fsu.fr\/na\/2019\/06\/29\/28-juin-2019-surgeres-les-personnels-boycottent-le-conseil-dadministration\/#breadcrumb"},"inLanguage":"fr-FR","potentialAction":[{"@type":"ReadAction","target":["https:\/\/regions-snetap-fsu.fr\/na\/2019\/06\/29\/28-juin-2019-surgeres-les-personnels-boycottent-le-conseil-dadministration\/"]}]},{"@type":"ImageObject","inLanguage":"fr-FR","@id":"https:\/\/regions-snetap-fsu.fr\/na\/2019\/06\/29\/28-juin-2019-surgeres-les-personnels-boycottent-le-conseil-dadministration\/#primaryimage","url":"https:\/\/regions-snetap-fsu.fr\/na\/wp-content\/uploads\/sites\/3\/2019\/06\/IMG_20190628_145404_1.jpg","contentUrl":"https:\/\/regions-snetap-fsu.fr\/na\/wp-content\/uploads\/sites\/3\/2019\/06\/IMG_20190628_145404_1.jpg","width":4160,"height":3120,"caption":"une salle vide"},{"@type":"BreadcrumbList","@id":"https:\/\/regions-snetap-fsu.fr\/na\/2019\/06\/29\/28-juin-2019-surgeres-les-personnels-boycottent-le-conseil-dadministration\/#breadcrumb","itemListElement":[{"@type":"ListItem","position":1,"name":"Accueil","item":"https:\/\/regions-snetap-fsu.fr\/na\/"},{"@type":"ListItem","position":2,"name":"28 juin 2019 SURGERES : les personnels boycottent le Conseil d&rsquo;Administration"}]},{"@type":"WebSite","@id":"https:\/\/regions-snetap-fsu.fr\/na\/#website","url":"https:\/\/regions-snetap-fsu.fr\/na\/","name":"SNETAP-FSU NOUVELLE AQUITAINE","description":"Blog de la Section R\u00e9gionale","publisher":{"@id":"https:\/\/regions-snetap-fsu.fr\/na\/#organization"},"potentialAction":[{"@type":"SearchAction","target":{"@type":"EntryPoint","urlTemplate":"https:\/\/regions-snetap-fsu.fr\/na\/?s={search_term_string}"},"query-input":{"@type":"PropertyValueSpecification","valueRequired":true,"valueName":"search_term_string"}}],"inLanguage":"fr-FR"},{"@type":"Organization","@id":"https:\/\/regions-snetap-fsu.fr\/na\/#organization","name":"SNETAP-FSU - Nouvelle Aquitaine","url":"https:\/\/regions-snetap-fsu.fr\/na\/","logo":{"@type":"ImageObject","inLanguage":"fr-FR","@id":"https:\/\/regions-snetap-fsu.fr\/na\/#\/schema\/logo\/image\/","url":"https:\/\/regions-snetap-fsu.fr\/na\/wp-content\/uploads\/sites\/3\/2020\/12\/SNETAP-Logo.jpg","contentUrl":"https:\/\/regions-snetap-fsu.fr\/na\/wp-content\/uploads\/sites\/3\/2020\/12\/SNETAP-Logo.jpg","width":464,"height":334,"caption":"SNETAP-FSU - Nouvelle Aquitaine"},"image":{"@id":"https:\/\/regions-snetap-fsu.fr\/na\/#\/schema\/logo\/image\/"}},{"@type":"Person","@id":"https:\/\/regions-snetap-fsu.fr\/na\/#\/schema\/person\/ac42fbdc9c4977a4d3a4895e2d2e68d5","name":"el blanco","image":{"@type":"ImageObject","inLanguage":"fr-FR","@id":"https:\/\/secure.gravatar.com\/avatar\/813cfa949421988d54b68d617a31e8b1601ad2cf76cbdfa12fc2dcdb0763888d?s=96&d=mm&r=g","url":"https:\/\/secure.gravatar.com\/avatar\/813cfa949421988d54b68d617a31e8b1601ad2cf76cbdfa12fc2dcdb0763888d?s=96&d=mm&r=g","contentUrl":"https:\/\/secure.gravatar.com\/avatar\/813cfa949421988d54b68d617a31e8b1601ad2cf76cbdfa12fc2dcdb0763888d?s=96&d=mm&r=g","caption":"el blanco"},"url":"https:\/\/regions-snetap-fsu.fr\/na\/author\/y-le-blanc\/"}]}},"_links":{"self":[{"href":"https:\/\/regions-snetap-fsu.fr\/na\/wp-json\/wp\/v2\/posts\/1460","targetHints":{"allow":["GET"]}}],"collection":[{"href":"https:\/\/regions-snetap-fsu.fr\/na\/wp-json\/wp\/v2\/posts"}],"about":[{"href":"https:\/\/regions-snetap-fsu.fr\/na\/wp-json\/wp\/v2\/types\/post"}],"author":[{"embeddable":true,"href":"https:\/\/regions-snetap-fsu.fr\/na\/wp-json\/wp\/v2\/users\/87"}],"replies":[{"embeddable":true,"href":"https:\/\/regions-snetap-fsu.fr\/na\/wp-json\/wp\/v2\/comments?post=1460"}],"version-history":[{"count":4,"href":"https:\/\/regions-snetap-fsu.fr\/na\/wp-json\/wp\/v2\/posts\/1460\/revisions"}],"predecessor-version":[{"id":1482,"href":"https:\/\/regions-snetap-fsu.fr\/na\/wp-json\/wp\/v2\/posts\/1460\/revisions\/1482"}],"wp:attachment":[{"href":"https:\/\/regions-snetap-fsu.fr\/na\/wp-json\/wp\/v2\/media?parent=1460"}],"wp:term":[{"taxonomy":"category","embeddable":true,"href":"https:\/\/regions-snetap-fsu.fr\/na\/wp-json\/wp\/v2\/categories?post=1460"},{"taxonomy":"post_tag","embeddable":true,"href":"https:\/\/regions-snetap-fsu.fr\/na\/wp-json\/wp\/v2\/tags?post=1460"},{"taxonomy":"post_folder","embeddable":true,"href":"https:\/\/regions-snetap-fsu.fr\/na\/wp-json\/wp\/v2\/post_folder?post=1460"}],"curies":[{"name":"wp","href":"https:\/\/api.w.org\/{rel}","templated":true}]}}