{"id":1438,"date":"2019-06-26T08:18:07","date_gmt":"2019-06-26T06:18:07","guid":{"rendered":"https:\/\/regions-snetap-fsu.fr\/na\/?p=1438"},"modified":"2019-06-29T13:43:44","modified_gmt":"2019-06-29T11:43:44","slug":"rassemblement-puis-blocage-a-blanquefort","status":"publish","type":"post","link":"https:\/\/regions-snetap-fsu.fr\/na\/2019\/06\/26\/rassemblement-puis-blocage-a-blanquefort\/","title":{"rendered":"Rassemblement puis blocage \u00e0 BLANQUEFORT"},"content":{"rendered":"<p>&nbsp;<\/p>\n<p><img fetchpriority=\"high\" decoding=\"async\" class=\"size-medium wp-image-1434 alignleft\" src=\"https:\/\/regions-snetap-fsu.fr\/na\/wp-content\/uploads\/sites\/3\/2019\/06\/d\u00e9but-300x295.png\" alt=\"\" width=\"300\" height=\"295\" srcset=\"https:\/\/regions-snetap-fsu.fr\/na\/wp-content\/uploads\/sites\/3\/2019\/06\/d\u00e9but-300x295.png 300w, https:\/\/regions-snetap-fsu.fr\/na\/wp-content\/uploads\/sites\/3\/2019\/06\/d\u00e9but-100x98.png 100w, https:\/\/regions-snetap-fsu.fr\/na\/wp-content\/uploads\/sites\/3\/2019\/06\/d\u00e9but-150x147.png 150w, https:\/\/regions-snetap-fsu.fr\/na\/wp-content\/uploads\/sites\/3\/2019\/06\/d\u00e9but-200x197.png 200w, https:\/\/regions-snetap-fsu.fr\/na\/wp-content\/uploads\/sites\/3\/2019\/06\/d\u00e9but-450x442.png 450w, https:\/\/regions-snetap-fsu.fr\/na\/wp-content\/uploads\/sites\/3\/2019\/06\/d\u00e9but-600x590.png 600w, https:\/\/regions-snetap-fsu.fr\/na\/wp-content\/uploads\/sites\/3\/2019\/06\/d\u00e9but.png 640w\" sizes=\"(max-width: 300px) 100vw, 300px\" \/><\/p>\n<p>Les militant.es de l&rsquo;intersyndicale public\/priv\u00e9 de l&rsquo;enseignement agricole se sont rassembl\u00e9.es devant l&rsquo;EPL de Blanquefort pour rencontrer les personnels convoqu\u00e9s et les inviter \u00e0 participer \u00e0 l&rsquo;action et pour r\u00e9clamer l&rsquo;ouverture de r\u00e9elles n\u00e9gociations sur nos revendications :<\/p>\n<ul class=\"spip\">\n<li>\u00a0le retrait de la d\u00e9r\u00e9glementation des seuils de d\u00e9doublement,<\/li>\n<li>\u00a0la modification de la loi \u00ab\u00a0Libert\u00e9 de choisir son avenir professionnel\u00a0\u00bb,<\/li>\n<li>\u00a0la mise en place d\u2019un plan de d\u00e9pr\u00e9carisation (personnels de cat\u00e9gorie 3, ACB, ACN, \u2026).<\/li>\n<\/ul>\n<p>Dans l&rsquo;attente d&rsquo;une lettre de n\u00e9gociations du cabinet minist\u00e9riel, les manifestant.es ont accueilli les correct.rices.eurs de tous horizons et ont engag\u00e9 les discussions sur les impacts des r\u00e9formes dans leur \u00e9tablissement. Le bilan est quasiment toujours le m\u00eame, perte de moyens et au final d\u00e9t\u00e9rioration de la qualit\u00e9 de travail et d&rsquo;enseignement, d\u00e9motivation face aux r\u00e9visions des programmes et craintes sur les modifications structurelles.<!--more--><\/p>\n<p>&nbsp;<\/p>\n<p><img decoding=\"async\" class=\"size-medium wp-image-1435 alignleft\" src=\"https:\/\/regions-snetap-fsu.fr\/na\/wp-content\/uploads\/sites\/3\/2019\/06\/large-300x254.png\" alt=\"\" width=\"300\" height=\"254\" srcset=\"https:\/\/regions-snetap-fsu.fr\/na\/wp-content\/uploads\/sites\/3\/2019\/06\/large-300x254.png 300w, https:\/\/regions-snetap-fsu.fr\/na\/wp-content\/uploads\/sites\/3\/2019\/06\/large-100x85.png 100w, https:\/\/regions-snetap-fsu.fr\/na\/wp-content\/uploads\/sites\/3\/2019\/06\/large-150x127.png 150w, https:\/\/regions-snetap-fsu.fr\/na\/wp-content\/uploads\/sites\/3\/2019\/06\/large-200x169.png 200w, https:\/\/regions-snetap-fsu.fr\/na\/wp-content\/uploads\/sites\/3\/2019\/06\/large-450x381.png 450w, https:\/\/regions-snetap-fsu.fr\/na\/wp-content\/uploads\/sites\/3\/2019\/06\/large-600x508.png 600w, https:\/\/regions-snetap-fsu.fr\/na\/wp-content\/uploads\/sites\/3\/2019\/06\/large.png 719w\" sizes=\"(max-width: 300px) 100vw, 300px\" \/>M\u00eame si l&rsquo;administration avait d\u00e9ploy\u00e9 tous les moyens pour s\u00e9curiser les lieux : portails ferm\u00e9s \u00e0 cl\u00e9, serrure chang\u00e9es dans le week-end , gendarmes nombreux, la pr\u00e9sence des forces militantes a contraint celle -ci \u00e0 d\u00e9placer la salle d&rsquo;accueil dans un autre b\u00e2timent, de l&rsquo;autre c\u00f4t\u00e9 du rond point, \u00e0 faire d\u00e9placer \u00ab en douce \u00bb les copies d&rsquo;harmonisation \u00e0 corriger, \u00e0 trouver d&rsquo;autres salles pour r\u00e9unir tous les jurys. En fin de matin\u00e9e, alors que le minist\u00e8re n&rsquo;avait toujours pas r\u00e9pondu, il a \u00e9t\u00e9 d\u00e9cid\u00e9 de laisser les correct.rices.eurs rejoindre les b\u00e2timents contenant les copies car ils \u00e9taient \u00e0 proximit\u00e9 des r\u00e9fectoires. Une information g\u00e9n\u00e9rale sur notre action a pu \u00eatre faite \u00e0 cette occasion aupr\u00e8s des personnels r\u00e9unis dans l\u2019amphith\u00e9\u00e2tre par les repr\u00e9sentant.es des syndicats pr\u00e9sents et dans l&rsquo;action&#8230; sous les applaudissements.<\/p>\n<p>Vers 14 heures 30, l&rsquo;AG a d\u00e9cid\u00e9 d&rsquo;investir les b\u00e2timents pour montrer notre d\u00e9termination \u00e0 nous faire entendre. Choix confirm\u00e9 lors de la r\u00e9ception de la r\u00e9ponse indigente du minist\u00e8re (pas de date de rendez-vous pr\u00e9cis, pas d&rsquo;\u00e9vocation de la d\u00e9pr\u00e9carisation).<\/p>\n<p class=\"Standard\">Les militant.es d\u00e9termin\u00e9es envahissent donc\u00a0 le couloir qui m\u00e8ne aux copies, sans jamais p\u00e9n\u00e9trer dans la salle.<\/p>\n<p>Face \u00e0 la menace improductive de l&rsquo;Administration d&rsquo;une judiciarisation de notre action syndicale, partag\u00e9e, pacifique, l\u00e9gitime et responsable les correct.rices.eurs se sont mobilis\u00e9.es pour affirmer leur soutien.<\/p>\n<p>La suite en image (cliquez pour voir les vid\u00e9os !)<\/p>\n<p>&nbsp;<\/p>\n<p><img decoding=\"async\" class=\"alignnone size-medium wp-image-1436\" src=\"https:\/\/regions-snetap-fsu.fr\/na\/wp-content\/uploads\/sites\/3\/2019\/06\/investit-le-centre-dexamen-300x278.png\" alt=\"\" width=\"300\" height=\"278\" srcset=\"https:\/\/regions-snetap-fsu.fr\/na\/wp-content\/uploads\/sites\/3\/2019\/06\/investit-le-centre-dexamen-300x278.png 300w, https:\/\/regions-snetap-fsu.fr\/na\/wp-content\/uploads\/sites\/3\/2019\/06\/investit-le-centre-dexamen-100x93.png 100w, https:\/\/regions-snetap-fsu.fr\/na\/wp-content\/uploads\/sites\/3\/2019\/06\/investit-le-centre-dexamen-150x139.png 150w, https:\/\/regions-snetap-fsu.fr\/na\/wp-content\/uploads\/sites\/3\/2019\/06\/investit-le-centre-dexamen-200x185.png 200w, https:\/\/regions-snetap-fsu.fr\/na\/wp-content\/uploads\/sites\/3\/2019\/06\/investit-le-centre-dexamen-450x417.png 450w, https:\/\/regions-snetap-fsu.fr\/na\/wp-content\/uploads\/sites\/3\/2019\/06\/investit-le-centre-dexamen-600x555.png 600w, https:\/\/regions-snetap-fsu.fr\/na\/wp-content\/uploads\/sites\/3\/2019\/06\/investit-le-centre-dexamen.png 726w\" sizes=\"(max-width: 300px) 100vw, 300px\" \/>\u00a0\u00a0<a href=\"https:\/\/twitter.com\/i\/status\/1143161071244587008\"><img loading=\"lazy\" decoding=\"async\" class=\"alignnone size-medium wp-image-1432\" src=\"https:\/\/regions-snetap-fsu.fr\/na\/wp-content\/uploads\/sites\/3\/2019\/06\/refus-de-la-DGER-300x260.png\" alt=\"\" width=\"300\" height=\"260\" srcset=\"https:\/\/regions-snetap-fsu.fr\/na\/wp-content\/uploads\/sites\/3\/2019\/06\/refus-de-la-DGER-300x260.png 300w, https:\/\/regions-snetap-fsu.fr\/na\/wp-content\/uploads\/sites\/3\/2019\/06\/refus-de-la-DGER-100x87.png 100w, https:\/\/regions-snetap-fsu.fr\/na\/wp-content\/uploads\/sites\/3\/2019\/06\/refus-de-la-DGER-150x130.png 150w, https:\/\/regions-snetap-fsu.fr\/na\/wp-content\/uploads\/sites\/3\/2019\/06\/refus-de-la-DGER-200x173.png 200w, https:\/\/regions-snetap-fsu.fr\/na\/wp-content\/uploads\/sites\/3\/2019\/06\/refus-de-la-DGER-450x389.png 450w, https:\/\/regions-snetap-fsu.fr\/na\/wp-content\/uploads\/sites\/3\/2019\/06\/refus-de-la-DGER-600x519.png 600w, https:\/\/regions-snetap-fsu.fr\/na\/wp-content\/uploads\/sites\/3\/2019\/06\/refus-de-la-DGER.png 736w\" sizes=\"(max-width: 300px) 100vw, 300px\" \/><\/a><a href=\"https:\/\/twitter.com\/i\/status\/1143172967590977536\"><img loading=\"lazy\" decoding=\"async\" class=\"alignnone size-medium wp-image-1433\" src=\"https:\/\/regions-snetap-fsu.fr\/na\/wp-content\/uploads\/sites\/3\/2019\/06\/evacuation-283x300.png\" alt=\"\" width=\"283\" height=\"300\" srcset=\"https:\/\/regions-snetap-fsu.fr\/na\/wp-content\/uploads\/sites\/3\/2019\/06\/evacuation-283x300.png 283w, https:\/\/regions-snetap-fsu.fr\/na\/wp-content\/uploads\/sites\/3\/2019\/06\/evacuation-100x106.png 100w, https:\/\/regions-snetap-fsu.fr\/na\/wp-content\/uploads\/sites\/3\/2019\/06\/evacuation-150x159.png 150w, https:\/\/regions-snetap-fsu.fr\/na\/wp-content\/uploads\/sites\/3\/2019\/06\/evacuation-200x212.png 200w, https:\/\/regions-snetap-fsu.fr\/na\/wp-content\/uploads\/sites\/3\/2019\/06\/evacuation-300x318.png 300w, https:\/\/regions-snetap-fsu.fr\/na\/wp-content\/uploads\/sites\/3\/2019\/06\/evacuation-450x477.png 450w, https:\/\/regions-snetap-fsu.fr\/na\/wp-content\/uploads\/sites\/3\/2019\/06\/evacuation-600x636.png 600w, https:\/\/regions-snetap-fsu.fr\/na\/wp-content\/uploads\/sites\/3\/2019\/06\/evacuation.png 666w\" sizes=\"(max-width: 283px) 100vw, 283px\" \/><\/a><\/p>\n<p>Alors que le secr\u00e9taire g\u00e9n\u00e9ral adjoint du SNETAP FSU, est en communication avec le cabinet du ministre, alors qu&rsquo;aucune date pr\u00e9cise de rencontre n&rsquo;est annonc\u00e9e, les militant.es d\u00e9cident de rester.<\/p>\n<p>Elles et ils seront \u00e9vacu\u00e9.es par les forces de l&rsquo;ordre, suivies d&rsquo;un groupe de correcteurs-trices qui applaudissent et t\u00e9moignent leur solidarit\u00e9.<\/p>\n<p>Une fois expuls\u00e9.es, les OS d\u00e9cident de faire une AG. Elles seront rejointes par des correcteurs-trices qui souhaitent discuter des modalit\u00e9s d&rsquo;action pour les jours suivants.<\/p>\n<p>Le SNETAP FSU retiendra de cette journ\u00e9e les nombreux drapeaux de l&rsquo;intersyndicale qui flottaient sur le portail du lyc\u00e9e mais d\u00e9plorera l&rsquo;absence de FO avec nous.<\/p>\n<p>Notre pr\u00e9sence c&rsquo;est poursuivie le mardi et le mercredi avec des tractages \u00e0 l&rsquo;entr\u00e9e de l\u2019\u00e9tablissement (La gendarmerie \u00e9tait pr\u00e9sente d\u00e9s 7 h avec le DRAAF adjoint et la SRFD adjointe ) et surtout tr\u00e8s bonne \u00e9coute des correcteur.trices qui ont pris le temps de discuter et d&rsquo;initier une gr\u00e9ve du z\u00e8le pour soutenir de fa\u00e7on plus intensive notre action :<\/p>\n<p>&#8211; ne pas corriger les copies suppl\u00e9mentaires ( beuacoup en fran\u00e7ais, des centaines)<br \/>\n&#8211; ralentir le plus possible le rythme de correction<br \/>\n&#8211; partir mercredi midi \u00e0 la fin de l&rsquo;ordre de mission ou se mettre en gr\u00e8ve d\u00e9s le mercredi matin.<\/p>\n<p><strong>BRAVO \u00e0 eux !<\/strong><\/p>\n<p>&nbsp;<\/p>\n","protected":false},"excerpt":{"rendered":"<p>&nbsp; Les militant.es de l&rsquo;intersyndicale public\/priv\u00e9 de l&rsquo;enseignement agricole se sont rassembl\u00e9.es devant l&rsquo;EPL de Blanquefort pour rencontrer les personnels convoqu\u00e9s et les inviter \u00e0 participer \u00e0 l&rsquo;action et pour r\u00e9clamer l&rsquo;ouverture de r\u00e9elles n\u00e9gociations sur nos revendications : \u00a0le retrait de la d\u00e9r\u00e9glementation des seuils de d\u00e9doublement, \u00a0la modification de la loi \u00ab\u00a0Libert\u00e9 de [&hellip;]<\/p>\n","protected":false},"author":99,"featured_media":0,"comment_status":"closed","ping_status":"closed","sticky":false,"template":"","format":"standard","meta":{"ocean_post_layout":"","ocean_both_sidebars_style":"","ocean_both_sidebars_content_width":0,"ocean_both_sidebars_sidebars_width":0,"ocean_sidebar":"","ocean_second_sidebar":"","ocean_disable_margins":"enable","ocean_add_body_class":"","ocean_shortcode_before_top_bar":"","ocean_shortcode_after_top_bar":"","ocean_shortcode_before_header":"","ocean_shortcode_after_header":"","ocean_has_shortcode":"","ocean_shortcode_after_title":"","ocean_shortcode_before_footer_widgets":"","ocean_shortcode_after_footer_widgets":"","ocean_shortcode_before_footer_bottom":"","ocean_shortcode_after_footer_bottom":"","ocean_display_top_bar":"default","ocean_display_header":"default","ocean_header_style":"","ocean_center_header_left_menu":"","ocean_custom_header_template":"","ocean_custom_logo":0,"ocean_custom_retina_logo":0,"ocean_custom_logo_max_width":0,"ocean_custom_logo_tablet_max_width":0,"ocean_custom_logo_mobile_max_width":0,"ocean_custom_logo_max_height":0,"ocean_custom_logo_tablet_max_height":0,"ocean_custom_logo_mobile_max_height":0,"ocean_header_custom_menu":"","ocean_menu_typo_font_family":"","ocean_menu_typo_font_subset":"","ocean_menu_typo_font_size":0,"ocean_menu_typo_font_size_tablet":0,"ocean_menu_typo_font_size_mobile":0,"ocean_menu_typo_font_size_unit":"px","ocean_menu_typo_font_weight":"","ocean_menu_typo_font_weight_tablet":"","ocean_menu_typo_font_weight_mobile":"","ocean_menu_typo_transform":"","ocean_menu_typo_transform_tablet":"","ocean_menu_typo_transform_mobile":"","ocean_menu_typo_line_height":0,"ocean_menu_typo_line_height_tablet":0,"ocean_menu_typo_line_height_mobile":0,"ocean_menu_typo_line_height_unit":"","ocean_menu_typo_spacing":0,"ocean_menu_typo_spacing_tablet":0,"ocean_menu_typo_spacing_mobile":0,"ocean_menu_typo_spacing_unit":"","ocean_menu_link_color":"","ocean_menu_link_color_hover":"","ocean_menu_link_color_active":"","ocean_menu_link_background":"","ocean_menu_link_hover_background":"","ocean_menu_link_active_background":"","ocean_menu_social_links_bg":"","ocean_menu_social_hover_links_bg":"","ocean_menu_social_links_color":"","ocean_menu_social_hover_links_color":"","ocean_disable_title":"default","ocean_disable_heading":"default","ocean_post_title":"","ocean_post_subheading":"","ocean_post_title_style":"","ocean_post_title_background_color":"","ocean_post_title_background":0,"ocean_post_title_bg_image_position":"","ocean_post_title_bg_image_attachment":"","ocean_post_title_bg_image_repeat":"","ocean_post_title_bg_image_size":"","ocean_post_title_height":0,"ocean_post_title_bg_overlay":0.5,"ocean_post_title_bg_overlay_color":"","ocean_disable_breadcrumbs":"default","ocean_breadcrumbs_color":"","ocean_breadcrumbs_separator_color":"","ocean_breadcrumbs_links_color":"","ocean_breadcrumbs_links_hover_color":"","ocean_display_footer_widgets":"default","ocean_display_footer_bottom":"default","ocean_custom_footer_template":"","ocean_post_oembed":"","ocean_post_self_hosted_media":"","ocean_post_video_embed":"","ocean_link_format":"","ocean_link_format_target":"self","ocean_quote_format":"","ocean_quote_format_link":"post","ocean_gallery_link_images":"on","ocean_gallery_id":[],"footnotes":""},"categories":[12,8,5],"tags":[],"post_folder":[],"class_list":["post-1438","post","type-post","status-publish","format-standard","hentry","category-actions","category-na","category-exaq","entry"],"yoast_head":"<!-- This site is optimized with the Yoast SEO plugin v27.4 - https:\/\/yoast.com\/product\/yoast-seo-wordpress\/ -->\n<title>Rassemblement puis blocage \u00e0 BLANQUEFORT - NOUVELLE AQUITAINE<\/title>\n<meta name=\"robots\" content=\"index, follow, max-snippet:-1, max-image-preview:large, max-video-preview:-1\" \/>\n<link rel=\"canonical\" href=\"https:\/\/regions-snetap-fsu.fr\/na\/2019\/06\/26\/rassemblement-puis-blocage-a-blanquefort\/\" \/>\n<meta property=\"og:locale\" content=\"fr_FR\" \/>\n<meta property=\"og:type\" content=\"article\" \/>\n<meta property=\"og:title\" content=\"Rassemblement puis blocage \u00e0 BLANQUEFORT - NOUVELLE AQUITAINE\" \/>\n<meta property=\"og:description\" content=\"&nbsp; Les militant.es de l&rsquo;intersyndicale public\/priv\u00e9 de l&rsquo;enseignement agricole se sont rassembl\u00e9.es devant l&rsquo;EPL de Blanquefort pour rencontrer les personnels convoqu\u00e9s et les inviter \u00e0 participer \u00e0 l&rsquo;action et pour r\u00e9clamer l&rsquo;ouverture de r\u00e9elles n\u00e9gociations sur nos revendications : \u00a0le retrait de la d\u00e9r\u00e9glementation des seuils de d\u00e9doublement, \u00a0la modification de la loi \u00ab\u00a0Libert\u00e9 de [&hellip;]\" \/>\n<meta property=\"og:url\" content=\"https:\/\/regions-snetap-fsu.fr\/na\/2019\/06\/26\/rassemblement-puis-blocage-a-blanquefort\/\" \/>\n<meta property=\"og:site_name\" content=\"NOUVELLE AQUITAINE\" \/>\n<meta property=\"article:published_time\" content=\"2019-06-26T06:18:07+00:00\" \/>\n<meta property=\"article:modified_time\" content=\"2019-06-29T11:43:44+00:00\" \/>\n<meta property=\"og:image\" content=\"https:\/\/regions-snetap-fsu.fr\/na\/wp-content\/uploads\/sites\/3\/2019\/06\/d\u00e9but-300x295.png\" \/>\n<meta name=\"author\" content=\"Tmoos\" \/>\n<meta name=\"twitter:card\" content=\"summary_large_image\" \/>\n<meta name=\"twitter:label1\" content=\"\u00c9crit par\" \/>\n\t<meta name=\"twitter:data1\" content=\"Tmoos\" \/>\n\t<meta name=\"twitter:label2\" content=\"Dur\u00e9e de lecture estim\u00e9e\" \/>\n\t<meta name=\"twitter:data2\" content=\"3 minutes\" \/>\n<script type=\"application\/ld+json\" class=\"yoast-schema-graph\">{\"@context\":\"https:\\\/\\\/schema.org\",\"@graph\":[{\"@type\":\"Article\",\"@id\":\"https:\\\/\\\/regions-snetap-fsu.fr\\\/na\\\/2019\\\/06\\\/26\\\/rassemblement-puis-blocage-a-blanquefort\\\/#article\",\"isPartOf\":{\"@id\":\"https:\\\/\\\/regions-snetap-fsu.fr\\\/na\\\/2019\\\/06\\\/26\\\/rassemblement-puis-blocage-a-blanquefort\\\/\"},\"author\":{\"name\":\"Tmoos\",\"@id\":\"https:\\\/\\\/regions-snetap-fsu.fr\\\/na\\\/#\\\/schema\\\/person\\\/200c3209e01aa8c2a287fda4d096cd22\"},\"headline\":\"Rassemblement puis blocage \u00e0 BLANQUEFORT\",\"datePublished\":\"2019-06-26T06:18:07+00:00\",\"dateModified\":\"2019-06-29T11:43:44+00:00\",\"mainEntityOfPage\":{\"@id\":\"https:\\\/\\\/regions-snetap-fsu.fr\\\/na\\\/2019\\\/06\\\/26\\\/rassemblement-puis-blocage-a-blanquefort\\\/\"},\"wordCount\":689,\"publisher\":{\"@id\":\"https:\\\/\\\/regions-snetap-fsu.fr\\\/na\\\/#organization\"},\"image\":{\"@id\":\"https:\\\/\\\/regions-snetap-fsu.fr\\\/na\\\/2019\\\/06\\\/26\\\/rassemblement-puis-blocage-a-blanquefort\\\/#primaryimage\"},\"thumbnailUrl\":\"https:\\\/\\\/regions-snetap-fsu.fr\\\/na\\\/wp-content\\\/uploads\\\/sites\\\/3\\\/2019\\\/06\\\/large-300x254.png\",\"articleSection\":[\"Actions\",\"NA\",\"Secteur Aquitaine\"],\"inLanguage\":\"fr-FR\"},{\"@type\":\"WebPage\",\"@id\":\"https:\\\/\\\/regions-snetap-fsu.fr\\\/na\\\/2019\\\/06\\\/26\\\/rassemblement-puis-blocage-a-blanquefort\\\/\",\"url\":\"https:\\\/\\\/regions-snetap-fsu.fr\\\/na\\\/2019\\\/06\\\/26\\\/rassemblement-puis-blocage-a-blanquefort\\\/\",\"name\":\"Rassemblement puis blocage \u00e0 BLANQUEFORT - NOUVELLE AQUITAINE\",\"isPartOf\":{\"@id\":\"https:\\\/\\\/regions-snetap-fsu.fr\\\/na\\\/#website\"},\"primaryImageOfPage\":{\"@id\":\"https:\\\/\\\/regions-snetap-fsu.fr\\\/na\\\/2019\\\/06\\\/26\\\/rassemblement-puis-blocage-a-blanquefort\\\/#primaryimage\"},\"image\":{\"@id\":\"https:\\\/\\\/regions-snetap-fsu.fr\\\/na\\\/2019\\\/06\\\/26\\\/rassemblement-puis-blocage-a-blanquefort\\\/#primaryimage\"},\"thumbnailUrl\":\"https:\\\/\\\/regions-snetap-fsu.fr\\\/na\\\/wp-content\\\/uploads\\\/sites\\\/3\\\/2019\\\/06\\\/large-300x254.png\",\"datePublished\":\"2019-06-26T06:18:07+00:00\",\"dateModified\":\"2019-06-29T11:43:44+00:00\",\"breadcrumb\":{\"@id\":\"https:\\\/\\\/regions-snetap-fsu.fr\\\/na\\\/2019\\\/06\\\/26\\\/rassemblement-puis-blocage-a-blanquefort\\\/#breadcrumb\"},\"inLanguage\":\"fr-FR\",\"potentialAction\":[{\"@type\":\"ReadAction\",\"target\":[\"https:\\\/\\\/regions-snetap-fsu.fr\\\/na\\\/2019\\\/06\\\/26\\\/rassemblement-puis-blocage-a-blanquefort\\\/\"]}]},{\"@type\":\"ImageObject\",\"inLanguage\":\"fr-FR\",\"@id\":\"https:\\\/\\\/regions-snetap-fsu.fr\\\/na\\\/2019\\\/06\\\/26\\\/rassemblement-puis-blocage-a-blanquefort\\\/#primaryimage\",\"url\":\"https:\\\/\\\/regions-snetap-fsu.fr\\\/na\\\/wp-content\\\/uploads\\\/sites\\\/3\\\/2019\\\/06\\\/large.png\",\"contentUrl\":\"https:\\\/\\\/regions-snetap-fsu.fr\\\/na\\\/wp-content\\\/uploads\\\/sites\\\/3\\\/2019\\\/06\\\/large.png\",\"width\":719,\"height\":609},{\"@type\":\"BreadcrumbList\",\"@id\":\"https:\\\/\\\/regions-snetap-fsu.fr\\\/na\\\/2019\\\/06\\\/26\\\/rassemblement-puis-blocage-a-blanquefort\\\/#breadcrumb\",\"itemListElement\":[{\"@type\":\"ListItem\",\"position\":1,\"name\":\"Accueil\",\"item\":\"https:\\\/\\\/regions-snetap-fsu.fr\\\/na\\\/\"},{\"@type\":\"ListItem\",\"position\":2,\"name\":\"Rassemblement puis blocage \u00e0 BLANQUEFORT\"}]},{\"@type\":\"WebSite\",\"@id\":\"https:\\\/\\\/regions-snetap-fsu.fr\\\/na\\\/#website\",\"url\":\"https:\\\/\\\/regions-snetap-fsu.fr\\\/na\\\/\",\"name\":\"SNETAP-FSU NOUVELLE AQUITAINE\",\"description\":\"Blog de la Section R\u00e9gionale\",\"publisher\":{\"@id\":\"https:\\\/\\\/regions-snetap-fsu.fr\\\/na\\\/#organization\"},\"potentialAction\":[{\"@type\":\"SearchAction\",\"target\":{\"@type\":\"EntryPoint\",\"urlTemplate\":\"https:\\\/\\\/regions-snetap-fsu.fr\\\/na\\\/?s={search_term_string}\"},\"query-input\":{\"@type\":\"PropertyValueSpecification\",\"valueRequired\":true,\"valueName\":\"search_term_string\"}}],\"inLanguage\":\"fr-FR\"},{\"@type\":\"Organization\",\"@id\":\"https:\\\/\\\/regions-snetap-fsu.fr\\\/na\\\/#organization\",\"name\":\"SNETAP-FSU - Nouvelle Aquitaine\",\"url\":\"https:\\\/\\\/regions-snetap-fsu.fr\\\/na\\\/\",\"logo\":{\"@type\":\"ImageObject\",\"inLanguage\":\"fr-FR\",\"@id\":\"https:\\\/\\\/regions-snetap-fsu.fr\\\/na\\\/#\\\/schema\\\/logo\\\/image\\\/\",\"url\":\"https:\\\/\\\/regions-snetap-fsu.fr\\\/na\\\/wp-content\\\/uploads\\\/sites\\\/3\\\/2020\\\/12\\\/SNETAP-Logo.jpg\",\"contentUrl\":\"https:\\\/\\\/regions-snetap-fsu.fr\\\/na\\\/wp-content\\\/uploads\\\/sites\\\/3\\\/2020\\\/12\\\/SNETAP-Logo.jpg\",\"width\":464,\"height\":334,\"caption\":\"SNETAP-FSU - Nouvelle Aquitaine\"},\"image\":{\"@id\":\"https:\\\/\\\/regions-snetap-fsu.fr\\\/na\\\/#\\\/schema\\\/logo\\\/image\\\/\"}},{\"@type\":\"Person\",\"@id\":\"https:\\\/\\\/regions-snetap-fsu.fr\\\/na\\\/#\\\/schema\\\/person\\\/200c3209e01aa8c2a287fda4d096cd22\",\"name\":\"Tmoos\",\"image\":{\"@type\":\"ImageObject\",\"inLanguage\":\"fr-FR\",\"@id\":\"https:\\\/\\\/secure.gravatar.com\\\/avatar\\\/ee9416e21ddddd1cb4bc3f8a9a89584e0671c3184caebebe8e4de3129769a613?s=96&d=mm&r=g\",\"url\":\"https:\\\/\\\/secure.gravatar.com\\\/avatar\\\/ee9416e21ddddd1cb4bc3f8a9a89584e0671c3184caebebe8e4de3129769a613?s=96&d=mm&r=g\",\"contentUrl\":\"https:\\\/\\\/secure.gravatar.com\\\/avatar\\\/ee9416e21ddddd1cb4bc3f8a9a89584e0671c3184caebebe8e4de3129769a613?s=96&d=mm&r=g\",\"caption\":\"Tmoos\"},\"url\":\"https:\\\/\\\/regions-snetap-fsu.fr\\\/na\\\/author\\\/fthomas\\\/\"}]}<\/script>\n<!-- \/ Yoast SEO plugin. -->","yoast_head_json":{"title":"Rassemblement puis blocage \u00e0 BLANQUEFORT - NOUVELLE AQUITAINE","robots":{"index":"index","follow":"follow","max-snippet":"max-snippet:-1","max-image-preview":"max-image-preview:large","max-video-preview":"max-video-preview:-1"},"canonical":"https:\/\/regions-snetap-fsu.fr\/na\/2019\/06\/26\/rassemblement-puis-blocage-a-blanquefort\/","og_locale":"fr_FR","og_type":"article","og_title":"Rassemblement puis blocage \u00e0 BLANQUEFORT - NOUVELLE AQUITAINE","og_description":"&nbsp; Les militant.es de l&rsquo;intersyndicale public\/priv\u00e9 de l&rsquo;enseignement agricole se sont rassembl\u00e9.es devant l&rsquo;EPL de Blanquefort pour rencontrer les personnels convoqu\u00e9s et les inviter \u00e0 participer \u00e0 l&rsquo;action et pour r\u00e9clamer l&rsquo;ouverture de r\u00e9elles n\u00e9gociations sur nos revendications : \u00a0le retrait de la d\u00e9r\u00e9glementation des seuils de d\u00e9doublement, \u00a0la modification de la loi \u00ab\u00a0Libert\u00e9 de [&hellip;]","og_url":"https:\/\/regions-snetap-fsu.fr\/na\/2019\/06\/26\/rassemblement-puis-blocage-a-blanquefort\/","og_site_name":"NOUVELLE AQUITAINE","article_published_time":"2019-06-26T06:18:07+00:00","article_modified_time":"2019-06-29T11:43:44+00:00","og_image":[{"url":"https:\/\/regions-snetap-fsu.fr\/na\/wp-content\/uploads\/sites\/3\/2019\/06\/d\u00e9but-300x295.png","type":"","width":"","height":""}],"author":"Tmoos","twitter_card":"summary_large_image","twitter_misc":{"\u00c9crit par":"Tmoos","Dur\u00e9e de lecture estim\u00e9e":"3 minutes"},"schema":{"@context":"https:\/\/schema.org","@graph":[{"@type":"Article","@id":"https:\/\/regions-snetap-fsu.fr\/na\/2019\/06\/26\/rassemblement-puis-blocage-a-blanquefort\/#article","isPartOf":{"@id":"https:\/\/regions-snetap-fsu.fr\/na\/2019\/06\/26\/rassemblement-puis-blocage-a-blanquefort\/"},"author":{"name":"Tmoos","@id":"https:\/\/regions-snetap-fsu.fr\/na\/#\/schema\/person\/200c3209e01aa8c2a287fda4d096cd22"},"headline":"Rassemblement puis blocage \u00e0 BLANQUEFORT","datePublished":"2019-06-26T06:18:07+00:00","dateModified":"2019-06-29T11:43:44+00:00","mainEntityOfPage":{"@id":"https:\/\/regions-snetap-fsu.fr\/na\/2019\/06\/26\/rassemblement-puis-blocage-a-blanquefort\/"},"wordCount":689,"publisher":{"@id":"https:\/\/regions-snetap-fsu.fr\/na\/#organization"},"image":{"@id":"https:\/\/regions-snetap-fsu.fr\/na\/2019\/06\/26\/rassemblement-puis-blocage-a-blanquefort\/#primaryimage"},"thumbnailUrl":"https:\/\/regions-snetap-fsu.fr\/na\/wp-content\/uploads\/sites\/3\/2019\/06\/large-300x254.png","articleSection":["Actions","NA","Secteur Aquitaine"],"inLanguage":"fr-FR"},{"@type":"WebPage","@id":"https:\/\/regions-snetap-fsu.fr\/na\/2019\/06\/26\/rassemblement-puis-blocage-a-blanquefort\/","url":"https:\/\/regions-snetap-fsu.fr\/na\/2019\/06\/26\/rassemblement-puis-blocage-a-blanquefort\/","name":"Rassemblement puis blocage \u00e0 BLANQUEFORT - NOUVELLE AQUITAINE","isPartOf":{"@id":"https:\/\/regions-snetap-fsu.fr\/na\/#website"},"primaryImageOfPage":{"@id":"https:\/\/regions-snetap-fsu.fr\/na\/2019\/06\/26\/rassemblement-puis-blocage-a-blanquefort\/#primaryimage"},"image":{"@id":"https:\/\/regions-snetap-fsu.fr\/na\/2019\/06\/26\/rassemblement-puis-blocage-a-blanquefort\/#primaryimage"},"thumbnailUrl":"https:\/\/regions-snetap-fsu.fr\/na\/wp-content\/uploads\/sites\/3\/2019\/06\/large-300x254.png","datePublished":"2019-06-26T06:18:07+00:00","dateModified":"2019-06-29T11:43:44+00:00","breadcrumb":{"@id":"https:\/\/regions-snetap-fsu.fr\/na\/2019\/06\/26\/rassemblement-puis-blocage-a-blanquefort\/#breadcrumb"},"inLanguage":"fr-FR","potentialAction":[{"@type":"ReadAction","target":["https:\/\/regions-snetap-fsu.fr\/na\/2019\/06\/26\/rassemblement-puis-blocage-a-blanquefort\/"]}]},{"@type":"ImageObject","inLanguage":"fr-FR","@id":"https:\/\/regions-snetap-fsu.fr\/na\/2019\/06\/26\/rassemblement-puis-blocage-a-blanquefort\/#primaryimage","url":"https:\/\/regions-snetap-fsu.fr\/na\/wp-content\/uploads\/sites\/3\/2019\/06\/large.png","contentUrl":"https:\/\/regions-snetap-fsu.fr\/na\/wp-content\/uploads\/sites\/3\/2019\/06\/large.png","width":719,"height":609},{"@type":"BreadcrumbList","@id":"https:\/\/regions-snetap-fsu.fr\/na\/2019\/06\/26\/rassemblement-puis-blocage-a-blanquefort\/#breadcrumb","itemListElement":[{"@type":"ListItem","position":1,"name":"Accueil","item":"https:\/\/regions-snetap-fsu.fr\/na\/"},{"@type":"ListItem","position":2,"name":"Rassemblement puis blocage \u00e0 BLANQUEFORT"}]},{"@type":"WebSite","@id":"https:\/\/regions-snetap-fsu.fr\/na\/#website","url":"https:\/\/regions-snetap-fsu.fr\/na\/","name":"SNETAP-FSU NOUVELLE AQUITAINE","description":"Blog de la Section R\u00e9gionale","publisher":{"@id":"https:\/\/regions-snetap-fsu.fr\/na\/#organization"},"potentialAction":[{"@type":"SearchAction","target":{"@type":"EntryPoint","urlTemplate":"https:\/\/regions-snetap-fsu.fr\/na\/?s={search_term_string}"},"query-input":{"@type":"PropertyValueSpecification","valueRequired":true,"valueName":"search_term_string"}}],"inLanguage":"fr-FR"},{"@type":"Organization","@id":"https:\/\/regions-snetap-fsu.fr\/na\/#organization","name":"SNETAP-FSU - Nouvelle Aquitaine","url":"https:\/\/regions-snetap-fsu.fr\/na\/","logo":{"@type":"ImageObject","inLanguage":"fr-FR","@id":"https:\/\/regions-snetap-fsu.fr\/na\/#\/schema\/logo\/image\/","url":"https:\/\/regions-snetap-fsu.fr\/na\/wp-content\/uploads\/sites\/3\/2020\/12\/SNETAP-Logo.jpg","contentUrl":"https:\/\/regions-snetap-fsu.fr\/na\/wp-content\/uploads\/sites\/3\/2020\/12\/SNETAP-Logo.jpg","width":464,"height":334,"caption":"SNETAP-FSU - Nouvelle Aquitaine"},"image":{"@id":"https:\/\/regions-snetap-fsu.fr\/na\/#\/schema\/logo\/image\/"}},{"@type":"Person","@id":"https:\/\/regions-snetap-fsu.fr\/na\/#\/schema\/person\/200c3209e01aa8c2a287fda4d096cd22","name":"Tmoos","image":{"@type":"ImageObject","inLanguage":"fr-FR","@id":"https:\/\/secure.gravatar.com\/avatar\/ee9416e21ddddd1cb4bc3f8a9a89584e0671c3184caebebe8e4de3129769a613?s=96&d=mm&r=g","url":"https:\/\/secure.gravatar.com\/avatar\/ee9416e21ddddd1cb4bc3f8a9a89584e0671c3184caebebe8e4de3129769a613?s=96&d=mm&r=g","contentUrl":"https:\/\/secure.gravatar.com\/avatar\/ee9416e21ddddd1cb4bc3f8a9a89584e0671c3184caebebe8e4de3129769a613?s=96&d=mm&r=g","caption":"Tmoos"},"url":"https:\/\/regions-snetap-fsu.fr\/na\/author\/fthomas\/"}]}},"_links":{"self":[{"href":"https:\/\/regions-snetap-fsu.fr\/na\/wp-json\/wp\/v2\/posts\/1438","targetHints":{"allow":["GET"]}}],"collection":[{"href":"https:\/\/regions-snetap-fsu.fr\/na\/wp-json\/wp\/v2\/posts"}],"about":[{"href":"https:\/\/regions-snetap-fsu.fr\/na\/wp-json\/wp\/v2\/types\/post"}],"author":[{"embeddable":true,"href":"https:\/\/regions-snetap-fsu.fr\/na\/wp-json\/wp\/v2\/users\/99"}],"replies":[{"embeddable":true,"href":"https:\/\/regions-snetap-fsu.fr\/na\/wp-json\/wp\/v2\/comments?post=1438"}],"version-history":[{"count":14,"href":"https:\/\/regions-snetap-fsu.fr\/na\/wp-json\/wp\/v2\/posts\/1438\/revisions"}],"predecessor-version":[{"id":1472,"href":"https:\/\/regions-snetap-fsu.fr\/na\/wp-json\/wp\/v2\/posts\/1438\/revisions\/1472"}],"wp:attachment":[{"href":"https:\/\/regions-snetap-fsu.fr\/na\/wp-json\/wp\/v2\/media?parent=1438"}],"wp:term":[{"taxonomy":"category","embeddable":true,"href":"https:\/\/regions-snetap-fsu.fr\/na\/wp-json\/wp\/v2\/categories?post=1438"},{"taxonomy":"post_tag","embeddable":true,"href":"https:\/\/regions-snetap-fsu.fr\/na\/wp-json\/wp\/v2\/tags?post=1438"},{"taxonomy":"post_folder","embeddable":true,"href":"https:\/\/regions-snetap-fsu.fr\/na\/wp-json\/wp\/v2\/post_folder?post=1438"}],"curies":[{"name":"wp","href":"https:\/\/api.w.org\/{rel}","templated":true}]}}