{"id":1416,"date":"2019-06-20T08:53:18","date_gmt":"2019-06-20T06:53:18","guid":{"rendered":"https:\/\/regions-snetap-fsu.fr\/na\/?p=1416"},"modified":"2019-06-20T08:57:14","modified_gmt":"2019-06-20T06:57:14","slug":"grand-rassemblement-a-blanquefort-le-24-juin","status":"publish","type":"post","link":"https:\/\/regions-snetap-fsu.fr\/na\/2019\/06\/20\/grand-rassemblement-a-blanquefort-le-24-juin\/","title":{"rendered":"GRAND RASSEMBLEMENT A BLANQUEFORT LE 24 JUIN"},"content":{"rendered":"<div align=\"left\">\n<figure id=\"attachment_1419\" aria-describedby=\"caption-attachment-1419\" style=\"width: 300px\" class=\"wp-caption alignleft\"><img fetchpriority=\"high\" decoding=\"async\" class=\"size-medium wp-image-1419\" src=\"https:\/\/regions-snetap-fsu.fr\/na\/wp-content\/uploads\/sites\/3\/2019\/06\/d\u00e9p\u00eache-Medium-300x200.jpg\" alt=\"\" width=\"300\" height=\"200\" srcset=\"https:\/\/regions-snetap-fsu.fr\/na\/wp-content\/uploads\/sites\/3\/2019\/06\/d\u00e9p\u00eache-Medium-300x200.jpg 300w, https:\/\/regions-snetap-fsu.fr\/na\/wp-content\/uploads\/sites\/3\/2019\/06\/d\u00e9p\u00eache-Medium-768x512.jpg 768w, https:\/\/regions-snetap-fsu.fr\/na\/wp-content\/uploads\/sites\/3\/2019\/06\/d\u00e9p\u00eache-Medium-1024x683.jpg 1024w, https:\/\/regions-snetap-fsu.fr\/na\/wp-content\/uploads\/sites\/3\/2019\/06\/d\u00e9p\u00eache-Medium-100x67.jpg 100w, https:\/\/regions-snetap-fsu.fr\/na\/wp-content\/uploads\/sites\/3\/2019\/06\/d\u00e9p\u00eache-Medium-150x100.jpg 150w, https:\/\/regions-snetap-fsu.fr\/na\/wp-content\/uploads\/sites\/3\/2019\/06\/d\u00e9p\u00eache-Medium-200x133.jpg 200w, https:\/\/regions-snetap-fsu.fr\/na\/wp-content\/uploads\/sites\/3\/2019\/06\/d\u00e9p\u00eache-Medium-450x300.jpg 450w, https:\/\/regions-snetap-fsu.fr\/na\/wp-content\/uploads\/sites\/3\/2019\/06\/d\u00e9p\u00eache-Medium-600x400.jpg 600w, https:\/\/regions-snetap-fsu.fr\/na\/wp-content\/uploads\/sites\/3\/2019\/06\/d\u00e9p\u00eache-Medium-900x600.jpg 900w, https:\/\/regions-snetap-fsu.fr\/na\/wp-content\/uploads\/sites\/3\/2019\/06\/d\u00e9p\u00eache-Medium.jpg 1152w\" sizes=\"(max-width: 300px) 100vw, 300px\" \/><figcaption id=\"caption-attachment-1419\" class=\"wp-caption-text\">Rassemblement \u00e0 Montauban le 17 juin.<\/figcaption><\/figure>\n<p><span style=\"color: #000000;font-family: Arial;font-size: 12pt\">Derni\u00e8re chance pour sauver l&rsquo;enseignement agricole.<\/span><\/p>\n<\/div>\n<div align=\"left\"><span style=\"color: #000000;font-family: Arial;font-size: 12pt\">Face \u00e0 la violence polici\u00e8re qui a fait usage de gaz lacrymog\u00e8ne contre les coll\u00e8gues pacifistes d&rsquo;Occitanie et de Nouvelle Aquitaine venu.es au lyc\u00e9e agricole de Montauban pour d\u00e9noncer les r\u00e9formes r\u00e9gressives contre l&rsquo;enseignement agricole ou pour corriger les copies du bac STAV.<\/span><\/div>\n<div align=\"left\"><span style=\"color: #000000;font-family: Arial;font-size: 12pt\">Face au m\u00e9pris affich\u00e9 par la DGER qui a re\u00e7u l&rsquo;intersyndicale public\/priv\u00e9 le mardi 18 juin<\/span><\/div>\n<div align=\"left\"><\/div>\n<div style=\"text-align: center\" align=\"left\"><span style=\"font-size: 12pt\"><span style=\"color: #dd0000;font-family: Arial\">\u00a0L<\/span><span style=\"color: #dd0000;font-family: Arial\">&lsquo;intersyndicale public\/priv\u00e9 appelle tous les personnels \u00e0 se rassembler devant le centre de correction du BAC PRO \u00e0 Blanquefort le lundi 24 juin \u00e0 partir de 7h 30 le matin<\/span><\/span><\/div>\n<p><!--more--><\/p>\n<div align=\"left\"><\/div>\n<div align=\"left\"><span style=\"color: #000000;font-family: Arial;font-size: 12pt\">Nous devons \u00eatre tr\u00e8s nombreux.ses, agents de lyc\u00e9es, de CFAA, de CFPPA, agents du public et du priv\u00e9. Si vous \u00eates convoqu\u00e9.es, vous pouvez refuser de corriger et vous joindre au rassemblement.<\/span><\/div>\n<div align=\"left\"><span style=\"color: #000000;font-family: Arial;font-size: 12pt\">Il n&rsquo;est pas encore trop tard.<\/span><\/div>\n<div align=\"left\"><span style=\"color: #000000;font-family: Arial;font-size: 12pt\">Mais c&rsquo;est notre derni\u00e8re chance pour sauver l&rsquo;enseignement agricole et pour faire reculer le ministre sur les suppressions d&#8217;emploi \u00e0 venir, sur la d\u00e9gradation programm\u00e9e des conditions de travail et d&rsquo;accueil des \u00e9l\u00e8ves, apprenti.es, stagiaires, \u00e9tudiants.<\/span><\/div>\n<div align=\"left\"><\/div>\n<div align=\"left\"><span style=\"color: #000000;font-family: Arial\"> \u00a0\u00a0<span style=\"font-size: 12pt\">\u00a0\u00a0\u00a0\u00a0\u00a0\u00a0\u00a0\u00a0\u00a0\u00a0\u00a0\u00a0\u00a0\u00a0\u00a0\u00a0\u00a0\u00a0\u00a0\u00a0\u00a0\u00a0\u00a0\u00a0\u00a0\u00a0\u00a0<\/span><\/span><span style=\"font-size: 12pt\"><span style=\"color: #000000;font-family: Arial\">\u00a0<\/span><span style=\"color: #dd0000;font-family: Arial\">\u00a0\u00a0L&rsquo;avenir des jeunes d&rsquo;aujourd&rsquo;hui et de demain est en jeu<\/span><\/span><\/div>\n<div align=\"left\"><span style=\"font-size: 12pt\"><span style=\"color: #000000;font-family: Arial\"> \u00a0\u00a0\u00a0\u00a0\u00a0\u00a0\u00a0\u00a0\u00a0\u00a0\u00a0\u00a0\u00a0\u00a0\u00a0\u00a0\u00a0\u00a0\u00a0\u00a0\u00a0\u00a0\u00a0\u00a0\u00a0\u00a0\u00a0\u00a0\u00a0<\/span><span style=\"color: #000000;font-family: Arial\">\u00a0\u00a0<\/span><span style=\"color: #dd0000;font-family: Arial\">\u00a0L&rsquo;avenir de l&rsquo;enseignement agricole aussi.<\/span><\/span><\/div>\n<div align=\"left\"><\/div>\n<div align=\"left\"><span style=\"color: #000000;font-family: Arial\">MODALITES PRATIQUES:<\/span><\/div>\n<div align=\"left\"><span style=\"color: #000000;font-family: Arial;font-size: 12pt\">&#8211; un pr\u00e9avis de gr\u00e8ve couvre tous les agents<\/span><\/div>\n<div align=\"left\"><span style=\"color: #000000;font-family: Arial;font-size: 12pt\">&#8211; une caisse de solidarit\u00e9 est mise en place<\/span><\/div>\n<div align=\"left\"><span style=\"color: #000000;font-family: Arial;font-size: 12pt\">&#8211; pr\u00e9voir banderolles, drapeaux<\/span><\/div>\n<div align=\"left\"><img decoding=\"async\" class=\"alignnone wp-image-1417\" src=\"https:\/\/regions-snetap-fsu.fr\/na\/wp-content\/uploads\/sites\/3\/2019\/06\/Capture-300x15.png\" alt=\"\" width=\"780\" height=\"39\" srcset=\"https:\/\/regions-snetap-fsu.fr\/na\/wp-content\/uploads\/sites\/3\/2019\/06\/Capture-300x15.png 300w, https:\/\/regions-snetap-fsu.fr\/na\/wp-content\/uploads\/sites\/3\/2019\/06\/Capture-768x37.png 768w, https:\/\/regions-snetap-fsu.fr\/na\/wp-content\/uploads\/sites\/3\/2019\/06\/Capture-1024x50.png 1024w, https:\/\/regions-snetap-fsu.fr\/na\/wp-content\/uploads\/sites\/3\/2019\/06\/Capture-100x5.png 100w, https:\/\/regions-snetap-fsu.fr\/na\/wp-content\/uploads\/sites\/3\/2019\/06\/Capture-150x7.png 150w, https:\/\/regions-snetap-fsu.fr\/na\/wp-content\/uploads\/sites\/3\/2019\/06\/Capture-200x10.png 200w, https:\/\/regions-snetap-fsu.fr\/na\/wp-content\/uploads\/sites\/3\/2019\/06\/Capture-450x22.png 450w, https:\/\/regions-snetap-fsu.fr\/na\/wp-content\/uploads\/sites\/3\/2019\/06\/Capture-600x29.png 600w, https:\/\/regions-snetap-fsu.fr\/na\/wp-content\/uploads\/sites\/3\/2019\/06\/Capture-900x44.png 900w, https:\/\/regions-snetap-fsu.fr\/na\/wp-content\/uploads\/sites\/3\/2019\/06\/Capture.png 1241w\" sizes=\"(max-width: 780px) 100vw, 780px\" \/><\/div>\n","protected":false},"excerpt":{"rendered":"<p>Derni\u00e8re chance pour sauver l&rsquo;enseignement agricole. Face \u00e0 la violence polici\u00e8re qui a fait usage de gaz lacrymog\u00e8ne contre les coll\u00e8gues pacifistes d&rsquo;Occitanie et de Nouvelle Aquitaine venu.es au lyc\u00e9e agricole de Montauban pour d\u00e9noncer les r\u00e9formes r\u00e9gressives contre l&rsquo;enseignement agricole ou pour corriger les copies du bac STAV. Face au m\u00e9pris affich\u00e9 par la [&hellip;]<\/p>\n","protected":false},"author":99,"featured_media":0,"comment_status":"closed","ping_status":"closed","sticky":false,"template":"","format":"standard","meta":{"ocean_post_layout":"","ocean_both_sidebars_style":"","ocean_both_sidebars_content_width":0,"ocean_both_sidebars_sidebars_width":0,"ocean_sidebar":"","ocean_second_sidebar":"","ocean_disable_margins":"enable","ocean_add_body_class":"","ocean_shortcode_before_top_bar":"","ocean_shortcode_after_top_bar":"","ocean_shortcode_before_header":"","ocean_shortcode_after_header":"","ocean_has_shortcode":"","ocean_shortcode_after_title":"","ocean_shortcode_before_footer_widgets":"","ocean_shortcode_after_footer_widgets":"","ocean_shortcode_before_footer_bottom":"","ocean_shortcode_after_footer_bottom":"","ocean_display_top_bar":"default","ocean_display_header":"default","ocean_header_style":"","ocean_center_header_left_menu":"","ocean_custom_header_template":"","ocean_custom_logo":0,"ocean_custom_retina_logo":0,"ocean_custom_logo_max_width":0,"ocean_custom_logo_tablet_max_width":0,"ocean_custom_logo_mobile_max_width":0,"ocean_custom_logo_max_height":0,"ocean_custom_logo_tablet_max_height":0,"ocean_custom_logo_mobile_max_height":0,"ocean_header_custom_menu":"","ocean_menu_typo_font_family":"","ocean_menu_typo_font_subset":"","ocean_menu_typo_font_size":0,"ocean_menu_typo_font_size_tablet":0,"ocean_menu_typo_font_size_mobile":0,"ocean_menu_typo_font_size_unit":"px","ocean_menu_typo_font_weight":"","ocean_menu_typo_font_weight_tablet":"","ocean_menu_typo_font_weight_mobile":"","ocean_menu_typo_transform":"","ocean_menu_typo_transform_tablet":"","ocean_menu_typo_transform_mobile":"","ocean_menu_typo_line_height":0,"ocean_menu_typo_line_height_tablet":0,"ocean_menu_typo_line_height_mobile":0,"ocean_menu_typo_line_height_unit":"","ocean_menu_typo_spacing":0,"ocean_menu_typo_spacing_tablet":0,"ocean_menu_typo_spacing_mobile":0,"ocean_menu_typo_spacing_unit":"","ocean_menu_link_color":"","ocean_menu_link_color_hover":"","ocean_menu_link_color_active":"","ocean_menu_link_background":"","ocean_menu_link_hover_background":"","ocean_menu_link_active_background":"","ocean_menu_social_links_bg":"","ocean_menu_social_hover_links_bg":"","ocean_menu_social_links_color":"","ocean_menu_social_hover_links_color":"","ocean_disable_title":"default","ocean_disable_heading":"default","ocean_post_title":"","ocean_post_subheading":"","ocean_post_title_style":"","ocean_post_title_background_color":"","ocean_post_title_background":0,"ocean_post_title_bg_image_position":"","ocean_post_title_bg_image_attachment":"","ocean_post_title_bg_image_repeat":"","ocean_post_title_bg_image_size":"","ocean_post_title_height":0,"ocean_post_title_bg_overlay":0.5,"ocean_post_title_bg_overlay_color":"","ocean_disable_breadcrumbs":"default","ocean_breadcrumbs_color":"","ocean_breadcrumbs_separator_color":"","ocean_breadcrumbs_links_color":"","ocean_breadcrumbs_links_hover_color":"","ocean_display_footer_widgets":"default","ocean_display_footer_bottom":"default","ocean_custom_footer_template":"","ocean_post_oembed":"","ocean_post_self_hosted_media":"","ocean_post_video_embed":"","ocean_link_format":"","ocean_link_format_target":"self","ocean_quote_format":"","ocean_quote_format_link":"post","ocean_gallery_link_images":"on","ocean_gallery_id":[],"footnotes":""},"categories":[12,8,5],"tags":[],"post_folder":[],"class_list":["post-1416","post","type-post","status-publish","format-standard","hentry","category-actions","category-na","category-exaq","entry"],"yoast_head":"<!-- This site is optimized with the Yoast SEO plugin v27.4 - https:\/\/yoast.com\/product\/yoast-seo-wordpress\/ -->\n<title>GRAND RASSEMBLEMENT A BLANQUEFORT LE 24 JUIN - NOUVELLE AQUITAINE<\/title>\n<meta name=\"robots\" content=\"index, follow, max-snippet:-1, max-image-preview:large, max-video-preview:-1\" \/>\n<link rel=\"canonical\" href=\"https:\/\/regions-snetap-fsu.fr\/na\/2019\/06\/20\/grand-rassemblement-a-blanquefort-le-24-juin\/\" \/>\n<meta property=\"og:locale\" content=\"fr_FR\" \/>\n<meta property=\"og:type\" content=\"article\" \/>\n<meta property=\"og:title\" content=\"GRAND RASSEMBLEMENT A BLANQUEFORT LE 24 JUIN - NOUVELLE AQUITAINE\" \/>\n<meta property=\"og:description\" content=\"Derni\u00e8re chance pour sauver l&rsquo;enseignement agricole. Face \u00e0 la violence polici\u00e8re qui a fait usage de gaz lacrymog\u00e8ne contre les coll\u00e8gues pacifistes d&rsquo;Occitanie et de Nouvelle Aquitaine venu.es au lyc\u00e9e agricole de Montauban pour d\u00e9noncer les r\u00e9formes r\u00e9gressives contre l&rsquo;enseignement agricole ou pour corriger les copies du bac STAV. Face au m\u00e9pris affich\u00e9 par la [&hellip;]\" \/>\n<meta property=\"og:url\" content=\"https:\/\/regions-snetap-fsu.fr\/na\/2019\/06\/20\/grand-rassemblement-a-blanquefort-le-24-juin\/\" \/>\n<meta property=\"og:site_name\" content=\"NOUVELLE AQUITAINE\" \/>\n<meta property=\"article:published_time\" content=\"2019-06-20T06:53:18+00:00\" \/>\n<meta property=\"article:modified_time\" content=\"2019-06-20T06:57:14+00:00\" \/>\n<meta property=\"og:image\" content=\"https:\/\/regions-snetap-fsu.fr\/na\/wp-content\/uploads\/sites\/3\/2019\/06\/d\u00e9p\u00eache-Medium-300x200.jpg\" \/>\n<meta name=\"author\" content=\"Tmoos\" \/>\n<meta name=\"twitter:card\" content=\"summary_large_image\" \/>\n<meta name=\"twitter:label1\" content=\"\u00c9crit par\" \/>\n\t<meta name=\"twitter:data1\" content=\"Tmoos\" \/>\n\t<meta name=\"twitter:label2\" content=\"Dur\u00e9e de lecture estim\u00e9e\" \/>\n\t<meta name=\"twitter:data2\" content=\"1 minute\" \/>\n<script type=\"application\/ld+json\" class=\"yoast-schema-graph\">{\"@context\":\"https:\\\/\\\/schema.org\",\"@graph\":[{\"@type\":\"Article\",\"@id\":\"https:\\\/\\\/regions-snetap-fsu.fr\\\/na\\\/2019\\\/06\\\/20\\\/grand-rassemblement-a-blanquefort-le-24-juin\\\/#article\",\"isPartOf\":{\"@id\":\"https:\\\/\\\/regions-snetap-fsu.fr\\\/na\\\/2019\\\/06\\\/20\\\/grand-rassemblement-a-blanquefort-le-24-juin\\\/\"},\"author\":{\"name\":\"Tmoos\",\"@id\":\"https:\\\/\\\/regions-snetap-fsu.fr\\\/na\\\/#\\\/schema\\\/person\\\/200c3209e01aa8c2a287fda4d096cd22\"},\"headline\":\"GRAND RASSEMBLEMENT A BLANQUEFORT LE 24 JUIN\",\"datePublished\":\"2019-06-20T06:53:18+00:00\",\"dateModified\":\"2019-06-20T06:57:14+00:00\",\"mainEntityOfPage\":{\"@id\":\"https:\\\/\\\/regions-snetap-fsu.fr\\\/na\\\/2019\\\/06\\\/20\\\/grand-rassemblement-a-blanquefort-le-24-juin\\\/\"},\"wordCount\":257,\"publisher\":{\"@id\":\"https:\\\/\\\/regions-snetap-fsu.fr\\\/na\\\/#organization\"},\"image\":{\"@id\":\"https:\\\/\\\/regions-snetap-fsu.fr\\\/na\\\/2019\\\/06\\\/20\\\/grand-rassemblement-a-blanquefort-le-24-juin\\\/#primaryimage\"},\"thumbnailUrl\":\"https:\\\/\\\/regions-snetap-fsu.fr\\\/na\\\/wp-content\\\/uploads\\\/sites\\\/3\\\/2019\\\/06\\\/Capture-300x15.png\",\"articleSection\":[\"Actions\",\"NA\",\"Secteur Aquitaine\"],\"inLanguage\":\"fr-FR\"},{\"@type\":\"WebPage\",\"@id\":\"https:\\\/\\\/regions-snetap-fsu.fr\\\/na\\\/2019\\\/06\\\/20\\\/grand-rassemblement-a-blanquefort-le-24-juin\\\/\",\"url\":\"https:\\\/\\\/regions-snetap-fsu.fr\\\/na\\\/2019\\\/06\\\/20\\\/grand-rassemblement-a-blanquefort-le-24-juin\\\/\",\"name\":\"GRAND RASSEMBLEMENT A BLANQUEFORT LE 24 JUIN - NOUVELLE AQUITAINE\",\"isPartOf\":{\"@id\":\"https:\\\/\\\/regions-snetap-fsu.fr\\\/na\\\/#website\"},\"primaryImageOfPage\":{\"@id\":\"https:\\\/\\\/regions-snetap-fsu.fr\\\/na\\\/2019\\\/06\\\/20\\\/grand-rassemblement-a-blanquefort-le-24-juin\\\/#primaryimage\"},\"image\":{\"@id\":\"https:\\\/\\\/regions-snetap-fsu.fr\\\/na\\\/2019\\\/06\\\/20\\\/grand-rassemblement-a-blanquefort-le-24-juin\\\/#primaryimage\"},\"thumbnailUrl\":\"https:\\\/\\\/regions-snetap-fsu.fr\\\/na\\\/wp-content\\\/uploads\\\/sites\\\/3\\\/2019\\\/06\\\/Capture-300x15.png\",\"datePublished\":\"2019-06-20T06:53:18+00:00\",\"dateModified\":\"2019-06-20T06:57:14+00:00\",\"breadcrumb\":{\"@id\":\"https:\\\/\\\/regions-snetap-fsu.fr\\\/na\\\/2019\\\/06\\\/20\\\/grand-rassemblement-a-blanquefort-le-24-juin\\\/#breadcrumb\"},\"inLanguage\":\"fr-FR\",\"potentialAction\":[{\"@type\":\"ReadAction\",\"target\":[\"https:\\\/\\\/regions-snetap-fsu.fr\\\/na\\\/2019\\\/06\\\/20\\\/grand-rassemblement-a-blanquefort-le-24-juin\\\/\"]}]},{\"@type\":\"ImageObject\",\"inLanguage\":\"fr-FR\",\"@id\":\"https:\\\/\\\/regions-snetap-fsu.fr\\\/na\\\/2019\\\/06\\\/20\\\/grand-rassemblement-a-blanquefort-le-24-juin\\\/#primaryimage\",\"url\":\"https:\\\/\\\/regions-snetap-fsu.fr\\\/na\\\/wp-content\\\/uploads\\\/sites\\\/3\\\/2019\\\/06\\\/Capture.png\",\"contentUrl\":\"https:\\\/\\\/regions-snetap-fsu.fr\\\/na\\\/wp-content\\\/uploads\\\/sites\\\/3\\\/2019\\\/06\\\/Capture.png\",\"width\":1241,\"height\":60},{\"@type\":\"BreadcrumbList\",\"@id\":\"https:\\\/\\\/regions-snetap-fsu.fr\\\/na\\\/2019\\\/06\\\/20\\\/grand-rassemblement-a-blanquefort-le-24-juin\\\/#breadcrumb\",\"itemListElement\":[{\"@type\":\"ListItem\",\"position\":1,\"name\":\"Accueil\",\"item\":\"https:\\\/\\\/regions-snetap-fsu.fr\\\/na\\\/\"},{\"@type\":\"ListItem\",\"position\":2,\"name\":\"GRAND RASSEMBLEMENT A BLANQUEFORT LE 24 JUIN\"}]},{\"@type\":\"WebSite\",\"@id\":\"https:\\\/\\\/regions-snetap-fsu.fr\\\/na\\\/#website\",\"url\":\"https:\\\/\\\/regions-snetap-fsu.fr\\\/na\\\/\",\"name\":\"SNETAP-FSU NOUVELLE AQUITAINE\",\"description\":\"Blog de la Section R\u00e9gionale\",\"publisher\":{\"@id\":\"https:\\\/\\\/regions-snetap-fsu.fr\\\/na\\\/#organization\"},\"potentialAction\":[{\"@type\":\"SearchAction\",\"target\":{\"@type\":\"EntryPoint\",\"urlTemplate\":\"https:\\\/\\\/regions-snetap-fsu.fr\\\/na\\\/?s={search_term_string}\"},\"query-input\":{\"@type\":\"PropertyValueSpecification\",\"valueRequired\":true,\"valueName\":\"search_term_string\"}}],\"inLanguage\":\"fr-FR\"},{\"@type\":\"Organization\",\"@id\":\"https:\\\/\\\/regions-snetap-fsu.fr\\\/na\\\/#organization\",\"name\":\"SNETAP-FSU - Nouvelle Aquitaine\",\"url\":\"https:\\\/\\\/regions-snetap-fsu.fr\\\/na\\\/\",\"logo\":{\"@type\":\"ImageObject\",\"inLanguage\":\"fr-FR\",\"@id\":\"https:\\\/\\\/regions-snetap-fsu.fr\\\/na\\\/#\\\/schema\\\/logo\\\/image\\\/\",\"url\":\"https:\\\/\\\/regions-snetap-fsu.fr\\\/na\\\/wp-content\\\/uploads\\\/sites\\\/3\\\/2020\\\/12\\\/SNETAP-Logo.jpg\",\"contentUrl\":\"https:\\\/\\\/regions-snetap-fsu.fr\\\/na\\\/wp-content\\\/uploads\\\/sites\\\/3\\\/2020\\\/12\\\/SNETAP-Logo.jpg\",\"width\":464,\"height\":334,\"caption\":\"SNETAP-FSU - Nouvelle Aquitaine\"},\"image\":{\"@id\":\"https:\\\/\\\/regions-snetap-fsu.fr\\\/na\\\/#\\\/schema\\\/logo\\\/image\\\/\"}},{\"@type\":\"Person\",\"@id\":\"https:\\\/\\\/regions-snetap-fsu.fr\\\/na\\\/#\\\/schema\\\/person\\\/200c3209e01aa8c2a287fda4d096cd22\",\"name\":\"Tmoos\",\"image\":{\"@type\":\"ImageObject\",\"inLanguage\":\"fr-FR\",\"@id\":\"https:\\\/\\\/secure.gravatar.com\\\/avatar\\\/ee9416e21ddddd1cb4bc3f8a9a89584e0671c3184caebebe8e4de3129769a613?s=96&d=mm&r=g\",\"url\":\"https:\\\/\\\/secure.gravatar.com\\\/avatar\\\/ee9416e21ddddd1cb4bc3f8a9a89584e0671c3184caebebe8e4de3129769a613?s=96&d=mm&r=g\",\"contentUrl\":\"https:\\\/\\\/secure.gravatar.com\\\/avatar\\\/ee9416e21ddddd1cb4bc3f8a9a89584e0671c3184caebebe8e4de3129769a613?s=96&d=mm&r=g\",\"caption\":\"Tmoos\"},\"url\":\"https:\\\/\\\/regions-snetap-fsu.fr\\\/na\\\/author\\\/fthomas\\\/\"}]}<\/script>\n<!-- \/ Yoast SEO plugin. -->","yoast_head_json":{"title":"GRAND RASSEMBLEMENT A BLANQUEFORT LE 24 JUIN - NOUVELLE AQUITAINE","robots":{"index":"index","follow":"follow","max-snippet":"max-snippet:-1","max-image-preview":"max-image-preview:large","max-video-preview":"max-video-preview:-1"},"canonical":"https:\/\/regions-snetap-fsu.fr\/na\/2019\/06\/20\/grand-rassemblement-a-blanquefort-le-24-juin\/","og_locale":"fr_FR","og_type":"article","og_title":"GRAND RASSEMBLEMENT A BLANQUEFORT LE 24 JUIN - NOUVELLE AQUITAINE","og_description":"Derni\u00e8re chance pour sauver l&rsquo;enseignement agricole. Face \u00e0 la violence polici\u00e8re qui a fait usage de gaz lacrymog\u00e8ne contre les coll\u00e8gues pacifistes d&rsquo;Occitanie et de Nouvelle Aquitaine venu.es au lyc\u00e9e agricole de Montauban pour d\u00e9noncer les r\u00e9formes r\u00e9gressives contre l&rsquo;enseignement agricole ou pour corriger les copies du bac STAV. Face au m\u00e9pris affich\u00e9 par la [&hellip;]","og_url":"https:\/\/regions-snetap-fsu.fr\/na\/2019\/06\/20\/grand-rassemblement-a-blanquefort-le-24-juin\/","og_site_name":"NOUVELLE AQUITAINE","article_published_time":"2019-06-20T06:53:18+00:00","article_modified_time":"2019-06-20T06:57:14+00:00","og_image":[{"url":"https:\/\/regions-snetap-fsu.fr\/na\/wp-content\/uploads\/sites\/3\/2019\/06\/d\u00e9p\u00eache-Medium-300x200.jpg","type":"","width":"","height":""}],"author":"Tmoos","twitter_card":"summary_large_image","twitter_misc":{"\u00c9crit par":"Tmoos","Dur\u00e9e de lecture estim\u00e9e":"1 minute"},"schema":{"@context":"https:\/\/schema.org","@graph":[{"@type":"Article","@id":"https:\/\/regions-snetap-fsu.fr\/na\/2019\/06\/20\/grand-rassemblement-a-blanquefort-le-24-juin\/#article","isPartOf":{"@id":"https:\/\/regions-snetap-fsu.fr\/na\/2019\/06\/20\/grand-rassemblement-a-blanquefort-le-24-juin\/"},"author":{"name":"Tmoos","@id":"https:\/\/regions-snetap-fsu.fr\/na\/#\/schema\/person\/200c3209e01aa8c2a287fda4d096cd22"},"headline":"GRAND RASSEMBLEMENT A BLANQUEFORT LE 24 JUIN","datePublished":"2019-06-20T06:53:18+00:00","dateModified":"2019-06-20T06:57:14+00:00","mainEntityOfPage":{"@id":"https:\/\/regions-snetap-fsu.fr\/na\/2019\/06\/20\/grand-rassemblement-a-blanquefort-le-24-juin\/"},"wordCount":257,"publisher":{"@id":"https:\/\/regions-snetap-fsu.fr\/na\/#organization"},"image":{"@id":"https:\/\/regions-snetap-fsu.fr\/na\/2019\/06\/20\/grand-rassemblement-a-blanquefort-le-24-juin\/#primaryimage"},"thumbnailUrl":"https:\/\/regions-snetap-fsu.fr\/na\/wp-content\/uploads\/sites\/3\/2019\/06\/Capture-300x15.png","articleSection":["Actions","NA","Secteur Aquitaine"],"inLanguage":"fr-FR"},{"@type":"WebPage","@id":"https:\/\/regions-snetap-fsu.fr\/na\/2019\/06\/20\/grand-rassemblement-a-blanquefort-le-24-juin\/","url":"https:\/\/regions-snetap-fsu.fr\/na\/2019\/06\/20\/grand-rassemblement-a-blanquefort-le-24-juin\/","name":"GRAND RASSEMBLEMENT A BLANQUEFORT LE 24 JUIN - NOUVELLE AQUITAINE","isPartOf":{"@id":"https:\/\/regions-snetap-fsu.fr\/na\/#website"},"primaryImageOfPage":{"@id":"https:\/\/regions-snetap-fsu.fr\/na\/2019\/06\/20\/grand-rassemblement-a-blanquefort-le-24-juin\/#primaryimage"},"image":{"@id":"https:\/\/regions-snetap-fsu.fr\/na\/2019\/06\/20\/grand-rassemblement-a-blanquefort-le-24-juin\/#primaryimage"},"thumbnailUrl":"https:\/\/regions-snetap-fsu.fr\/na\/wp-content\/uploads\/sites\/3\/2019\/06\/Capture-300x15.png","datePublished":"2019-06-20T06:53:18+00:00","dateModified":"2019-06-20T06:57:14+00:00","breadcrumb":{"@id":"https:\/\/regions-snetap-fsu.fr\/na\/2019\/06\/20\/grand-rassemblement-a-blanquefort-le-24-juin\/#breadcrumb"},"inLanguage":"fr-FR","potentialAction":[{"@type":"ReadAction","target":["https:\/\/regions-snetap-fsu.fr\/na\/2019\/06\/20\/grand-rassemblement-a-blanquefort-le-24-juin\/"]}]},{"@type":"ImageObject","inLanguage":"fr-FR","@id":"https:\/\/regions-snetap-fsu.fr\/na\/2019\/06\/20\/grand-rassemblement-a-blanquefort-le-24-juin\/#primaryimage","url":"https:\/\/regions-snetap-fsu.fr\/na\/wp-content\/uploads\/sites\/3\/2019\/06\/Capture.png","contentUrl":"https:\/\/regions-snetap-fsu.fr\/na\/wp-content\/uploads\/sites\/3\/2019\/06\/Capture.png","width":1241,"height":60},{"@type":"BreadcrumbList","@id":"https:\/\/regions-snetap-fsu.fr\/na\/2019\/06\/20\/grand-rassemblement-a-blanquefort-le-24-juin\/#breadcrumb","itemListElement":[{"@type":"ListItem","position":1,"name":"Accueil","item":"https:\/\/regions-snetap-fsu.fr\/na\/"},{"@type":"ListItem","position":2,"name":"GRAND RASSEMBLEMENT A BLANQUEFORT LE 24 JUIN"}]},{"@type":"WebSite","@id":"https:\/\/regions-snetap-fsu.fr\/na\/#website","url":"https:\/\/regions-snetap-fsu.fr\/na\/","name":"SNETAP-FSU NOUVELLE AQUITAINE","description":"Blog de la Section R\u00e9gionale","publisher":{"@id":"https:\/\/regions-snetap-fsu.fr\/na\/#organization"},"potentialAction":[{"@type":"SearchAction","target":{"@type":"EntryPoint","urlTemplate":"https:\/\/regions-snetap-fsu.fr\/na\/?s={search_term_string}"},"query-input":{"@type":"PropertyValueSpecification","valueRequired":true,"valueName":"search_term_string"}}],"inLanguage":"fr-FR"},{"@type":"Organization","@id":"https:\/\/regions-snetap-fsu.fr\/na\/#organization","name":"SNETAP-FSU - Nouvelle Aquitaine","url":"https:\/\/regions-snetap-fsu.fr\/na\/","logo":{"@type":"ImageObject","inLanguage":"fr-FR","@id":"https:\/\/regions-snetap-fsu.fr\/na\/#\/schema\/logo\/image\/","url":"https:\/\/regions-snetap-fsu.fr\/na\/wp-content\/uploads\/sites\/3\/2020\/12\/SNETAP-Logo.jpg","contentUrl":"https:\/\/regions-snetap-fsu.fr\/na\/wp-content\/uploads\/sites\/3\/2020\/12\/SNETAP-Logo.jpg","width":464,"height":334,"caption":"SNETAP-FSU - Nouvelle Aquitaine"},"image":{"@id":"https:\/\/regions-snetap-fsu.fr\/na\/#\/schema\/logo\/image\/"}},{"@type":"Person","@id":"https:\/\/regions-snetap-fsu.fr\/na\/#\/schema\/person\/200c3209e01aa8c2a287fda4d096cd22","name":"Tmoos","image":{"@type":"ImageObject","inLanguage":"fr-FR","@id":"https:\/\/secure.gravatar.com\/avatar\/ee9416e21ddddd1cb4bc3f8a9a89584e0671c3184caebebe8e4de3129769a613?s=96&d=mm&r=g","url":"https:\/\/secure.gravatar.com\/avatar\/ee9416e21ddddd1cb4bc3f8a9a89584e0671c3184caebebe8e4de3129769a613?s=96&d=mm&r=g","contentUrl":"https:\/\/secure.gravatar.com\/avatar\/ee9416e21ddddd1cb4bc3f8a9a89584e0671c3184caebebe8e4de3129769a613?s=96&d=mm&r=g","caption":"Tmoos"},"url":"https:\/\/regions-snetap-fsu.fr\/na\/author\/fthomas\/"}]}},"_links":{"self":[{"href":"https:\/\/regions-snetap-fsu.fr\/na\/wp-json\/wp\/v2\/posts\/1416","targetHints":{"allow":["GET"]}}],"collection":[{"href":"https:\/\/regions-snetap-fsu.fr\/na\/wp-json\/wp\/v2\/posts"}],"about":[{"href":"https:\/\/regions-snetap-fsu.fr\/na\/wp-json\/wp\/v2\/types\/post"}],"author":[{"embeddable":true,"href":"https:\/\/regions-snetap-fsu.fr\/na\/wp-json\/wp\/v2\/users\/99"}],"replies":[{"embeddable":true,"href":"https:\/\/regions-snetap-fsu.fr\/na\/wp-json\/wp\/v2\/comments?post=1416"}],"version-history":[{"count":4,"href":"https:\/\/regions-snetap-fsu.fr\/na\/wp-json\/wp\/v2\/posts\/1416\/revisions"}],"predecessor-version":[{"id":1422,"href":"https:\/\/regions-snetap-fsu.fr\/na\/wp-json\/wp\/v2\/posts\/1416\/revisions\/1422"}],"wp:attachment":[{"href":"https:\/\/regions-snetap-fsu.fr\/na\/wp-json\/wp\/v2\/media?parent=1416"}],"wp:term":[{"taxonomy":"category","embeddable":true,"href":"https:\/\/regions-snetap-fsu.fr\/na\/wp-json\/wp\/v2\/categories?post=1416"},{"taxonomy":"post_tag","embeddable":true,"href":"https:\/\/regions-snetap-fsu.fr\/na\/wp-json\/wp\/v2\/tags?post=1416"},{"taxonomy":"post_folder","embeddable":true,"href":"https:\/\/regions-snetap-fsu.fr\/na\/wp-json\/wp\/v2\/post_folder?post=1416"}],"curies":[{"name":"wp","href":"https:\/\/api.w.org\/{rel}","templated":true}]}}