{"id":1412,"date":"2019-06-20T08:44:28","date_gmt":"2019-06-20T06:44:28","guid":{"rendered":"https:\/\/regions-snetap-fsu.fr\/na\/?p=1412"},"modified":"2019-06-29T18:38:13","modified_gmt":"2019-06-29T16:38:13","slug":"formation-moi-et-la-reforme-le-snetap-fsu-present-pour-les-agents","status":"publish","type":"post","link":"https:\/\/regions-snetap-fsu.fr\/na\/2019\/06\/20\/formation-moi-et-la-reforme-le-snetap-fsu-present-pour-les-agents\/","title":{"rendered":"Formation \u00ab\u00a0moi et la r\u00e9forme\u00a0\u00bb, le Snetap-FSU pr\u00e9sent pour les agents !"},"content":{"rendered":"<p><img fetchpriority=\"high\" decoding=\"async\" class=\"wp-image-1414 alignleft\" src=\"https:\/\/regions-snetap-fsu.fr\/na\/wp-content\/uploads\/sites\/3\/2019\/06\/20190617-BAZAS-7-300x199.jpg\" alt=\"\" width=\"342\" height=\"227\" srcset=\"https:\/\/regions-snetap-fsu.fr\/na\/wp-content\/uploads\/sites\/3\/2019\/06\/20190617-BAZAS-7-300x199.jpg 300w, https:\/\/regions-snetap-fsu.fr\/na\/wp-content\/uploads\/sites\/3\/2019\/06\/20190617-BAZAS-7-768x510.jpg 768w, https:\/\/regions-snetap-fsu.fr\/na\/wp-content\/uploads\/sites\/3\/2019\/06\/20190617-BAZAS-7-1024x680.jpg 1024w, https:\/\/regions-snetap-fsu.fr\/na\/wp-content\/uploads\/sites\/3\/2019\/06\/20190617-BAZAS-7-100x66.jpg 100w, https:\/\/regions-snetap-fsu.fr\/na\/wp-content\/uploads\/sites\/3\/2019\/06\/20190617-BAZAS-7-150x100.jpg 150w, https:\/\/regions-snetap-fsu.fr\/na\/wp-content\/uploads\/sites\/3\/2019\/06\/20190617-BAZAS-7-200x133.jpg 200w, https:\/\/regions-snetap-fsu.fr\/na\/wp-content\/uploads\/sites\/3\/2019\/06\/20190617-BAZAS-7-450x299.jpg 450w, https:\/\/regions-snetap-fsu.fr\/na\/wp-content\/uploads\/sites\/3\/2019\/06\/20190617-BAZAS-7-600x399.jpg 600w, https:\/\/regions-snetap-fsu.fr\/na\/wp-content\/uploads\/sites\/3\/2019\/06\/20190617-BAZAS-7-900x598.jpg 900w\" sizes=\"(max-width: 342px) 100vw, 342px\" \/>Le lundi 17\u00a0 \u00e0 Bazas puis le vendredi 21 juin 2019 \u00e0 Melle la DRAAF Nouvelle Aquitaine a organis\u00e9 une journ\u00e9e de formation\/ information pour les agents de CFAA CFPPA.<\/p>\n<p>L&rsquo;intitul\u00e9 de la formation \u00e9tait \u00ab\u00a0Moi et la r\u00e9forme\u00a0\u00bb ce qui en dit long sur le volont\u00e9 de notre administration de forcer l&rsquo;appropriation d&rsquo; une r\u00e9forme dont tout le monde sait qu&rsquo;elle risque d&rsquo;\u00eatre d\u00e9sastreuse pour l&rsquo;enseignement agricole public et l&rsquo;apprentissage public en particulier.<\/p>\n<p><strong>M\u00eame si le SNETAP FSU n&rsquo;avait pas appel\u00e9 au boycott des journ\u00e9e, il n&rsquo;avait pas non plus l&rsquo;intention de ne rien faire.<\/strong><!--more--><\/p>\n<p>Il a accueilli les participant.es avec un tract. Quelques discussions s&rsquo;en sont suivies sur la nature de cette journ\u00e9e : forc\u00e9e pour certains agents qui n&rsquo;ont pas eu le choix de refuser, libre pour d&rsquo;autres. Le SNETAP FSU s&rsquo;interroge d&rsquo;ailleurs sur cette injonction des directeur.trices\u00a0 d\u00e9s lors qu&rsquo;une formation est un acte individuel.<\/p>\n<p>A Bazas Alors que le repr\u00e9sentant de la DRAAF\u00a0 refusait que le SNETAP FSU rentre faire une information dans l&rsquo;amphi, Olivier Bleunven secr\u00e9taire g\u00e9n\u00e9ral adjoint et Alain Godot secr\u00e9taire r\u00e9gional ont\u00a0 pris la parole pour dire que toutes les r\u00e9formes en cours dont celle de l&rsquo;apprentissage repr\u00e9sentaient un danger pour l&rsquo;enseignement agricole public qui m\u00e9ritait donc toutes les actions de mobilisation en cours.<\/p>\n<p><strong><span style=\"color: #800000\">Le SNETAP FSU a aussi rappel\u00e9 qu&rsquo;il serait toujours au c\u00f4t\u00e9 des agents pour la d\u00e9fense de leurs emplois, de leurs conditions de travail, de l&rsquo;enseignement agricole public.<\/span><\/strong><\/p>\n\n\t\t<div class=\"wppdfemb-frame-container-1\" style=\"-webkit-overflow-scrolling:auto;\">\n\t\t\t<iframe class=\"pdfembed-iframe nonfullscreen wppdf-emb-iframe-1\"\n\t\t\t\tsrc=\"https:\/\/regions-snetap-fsu.fr\/na\/?pdfemb-data=eyJ1cmwiOiJodHRwczpcL1wvcmVnaW9ucy1zbmV0YXAtZnN1LmZyXC9uYVwvd3AtY29udGVudFwvdXBsb2Fkc1wvc2l0ZXNcLzNcLzIwMTlcLzA2XC8yMDE5MDYxNy1UcmFjdC1CYXphcy5wZGYiLCJ0aXRsZSI6IjIwMTkwNjE3IFRyYWN0IEJhemFzIiwiaW5kZXgiOjEsInBkZklEIjoxNDEzfQ\"\n\t\t\t\ttitle=\"20190617 Tract Bazas\"\t\t\t\tdata-pdf-id=\"1413\"\n\t\t\t\tdata-pdf-index=\"1\"\n\t\t\t\tstyle=\"border:none;width:100%;max-width:100%;height:100vh;\"\n\t\t\t\tscrolling=\"yes\">\n\t\t\t<\/iframe>\n\t\t<\/div>\n\n\t\t\n","protected":false},"excerpt":{"rendered":"<p>Le lundi 17\u00a0 \u00e0 Bazas puis le vendredi 21 juin 2019 \u00e0 Melle la DRAAF Nouvelle Aquitaine a organis\u00e9 une journ\u00e9e de formation\/ information pour les agents de CFAA CFPPA. L&rsquo;intitul\u00e9 de la formation \u00e9tait \u00ab\u00a0Moi et la r\u00e9forme\u00a0\u00bb ce qui en dit long sur le volont\u00e9 de notre administration de forcer l&rsquo;appropriation d&rsquo; une [&hellip;]<\/p>\n","protected":false},"author":99,"featured_media":0,"comment_status":"closed","ping_status":"closed","sticky":false,"template":"","format":"standard","meta":{"ocean_post_layout":"","ocean_both_sidebars_style":"","ocean_both_sidebars_content_width":0,"ocean_both_sidebars_sidebars_width":0,"ocean_sidebar":"","ocean_second_sidebar":"","ocean_disable_margins":"enable","ocean_add_body_class":"","ocean_shortcode_before_top_bar":"","ocean_shortcode_after_top_bar":"","ocean_shortcode_before_header":"","ocean_shortcode_after_header":"","ocean_has_shortcode":"","ocean_shortcode_after_title":"","ocean_shortcode_before_footer_widgets":"","ocean_shortcode_after_footer_widgets":"","ocean_shortcode_before_footer_bottom":"","ocean_shortcode_after_footer_bottom":"","ocean_display_top_bar":"default","ocean_display_header":"default","ocean_header_style":"","ocean_center_header_left_menu":"","ocean_custom_header_template":"","ocean_custom_logo":0,"ocean_custom_retina_logo":0,"ocean_custom_logo_max_width":0,"ocean_custom_logo_tablet_max_width":0,"ocean_custom_logo_mobile_max_width":0,"ocean_custom_logo_max_height":0,"ocean_custom_logo_tablet_max_height":0,"ocean_custom_logo_mobile_max_height":0,"ocean_header_custom_menu":"","ocean_menu_typo_font_family":"","ocean_menu_typo_font_subset":"","ocean_menu_typo_font_size":0,"ocean_menu_typo_font_size_tablet":0,"ocean_menu_typo_font_size_mobile":0,"ocean_menu_typo_font_size_unit":"px","ocean_menu_typo_font_weight":"","ocean_menu_typo_font_weight_tablet":"","ocean_menu_typo_font_weight_mobile":"","ocean_menu_typo_transform":"","ocean_menu_typo_transform_tablet":"","ocean_menu_typo_transform_mobile":"","ocean_menu_typo_line_height":0,"ocean_menu_typo_line_height_tablet":0,"ocean_menu_typo_line_height_mobile":0,"ocean_menu_typo_line_height_unit":"","ocean_menu_typo_spacing":0,"ocean_menu_typo_spacing_tablet":0,"ocean_menu_typo_spacing_mobile":0,"ocean_menu_typo_spacing_unit":"","ocean_menu_link_color":"","ocean_menu_link_color_hover":"","ocean_menu_link_color_active":"","ocean_menu_link_background":"","ocean_menu_link_hover_background":"","ocean_menu_link_active_background":"","ocean_menu_social_links_bg":"","ocean_menu_social_hover_links_bg":"","ocean_menu_social_links_color":"","ocean_menu_social_hover_links_color":"","ocean_disable_title":"default","ocean_disable_heading":"default","ocean_post_title":"","ocean_post_subheading":"","ocean_post_title_style":"","ocean_post_title_background_color":"","ocean_post_title_background":0,"ocean_post_title_bg_image_position":"","ocean_post_title_bg_image_attachment":"","ocean_post_title_bg_image_repeat":"","ocean_post_title_bg_image_size":"","ocean_post_title_height":0,"ocean_post_title_bg_overlay":0.5,"ocean_post_title_bg_overlay_color":"","ocean_disable_breadcrumbs":"default","ocean_breadcrumbs_color":"","ocean_breadcrumbs_separator_color":"","ocean_breadcrumbs_links_color":"","ocean_breadcrumbs_links_hover_color":"","ocean_display_footer_widgets":"default","ocean_display_footer_bottom":"default","ocean_custom_footer_template":"","ocean_post_oembed":"","ocean_post_self_hosted_media":"","ocean_post_video_embed":"","ocean_link_format":"","ocean_link_format_target":"self","ocean_quote_format":"","ocean_quote_format_link":"post","ocean_gallery_link_images":"on","ocean_gallery_id":[],"footnotes":""},"categories":[12,5,7],"tags":[],"post_folder":[],"class_list":["post-1412","post","type-post","status-publish","format-standard","hentry","category-actions","category-exaq","category-expc","entry"],"yoast_head":"<!-- This site is optimized with the Yoast SEO plugin v27.4 - https:\/\/yoast.com\/product\/yoast-seo-wordpress\/ -->\n<title>Formation &quot;moi et la r\u00e9forme&quot;, le Snetap-FSU pr\u00e9sent pour les agents ! - NOUVELLE AQUITAINE<\/title>\n<meta name=\"robots\" content=\"index, follow, max-snippet:-1, max-image-preview:large, max-video-preview:-1\" \/>\n<link rel=\"canonical\" href=\"https:\/\/regions-snetap-fsu.fr\/na\/2019\/06\/20\/formation-moi-et-la-reforme-le-snetap-fsu-present-pour-les-agents\/\" \/>\n<meta property=\"og:locale\" content=\"fr_FR\" \/>\n<meta property=\"og:type\" content=\"article\" \/>\n<meta property=\"og:title\" content=\"Formation &quot;moi et la r\u00e9forme&quot;, le Snetap-FSU pr\u00e9sent pour les agents ! - NOUVELLE AQUITAINE\" \/>\n<meta property=\"og:description\" content=\"Le lundi 17\u00a0 \u00e0 Bazas puis le vendredi 21 juin 2019 \u00e0 Melle la DRAAF Nouvelle Aquitaine a organis\u00e9 une journ\u00e9e de formation\/ information pour les agents de CFAA CFPPA. L&rsquo;intitul\u00e9 de la formation \u00e9tait \u00ab\u00a0Moi et la r\u00e9forme\u00a0\u00bb ce qui en dit long sur le volont\u00e9 de notre administration de forcer l&rsquo;appropriation d&rsquo; une [&hellip;]\" \/>\n<meta property=\"og:url\" content=\"https:\/\/regions-snetap-fsu.fr\/na\/2019\/06\/20\/formation-moi-et-la-reforme-le-snetap-fsu-present-pour-les-agents\/\" \/>\n<meta property=\"og:site_name\" content=\"NOUVELLE AQUITAINE\" \/>\n<meta property=\"article:published_time\" content=\"2019-06-20T06:44:28+00:00\" \/>\n<meta property=\"article:modified_time\" content=\"2019-06-29T16:38:13+00:00\" \/>\n<meta property=\"og:image\" content=\"https:\/\/regions-snetap-fsu.fr\/na\/wp-content\/uploads\/sites\/3\/2019\/06\/20190617-BAZAS-7-300x199.jpg\" \/>\n<meta name=\"author\" content=\"Tmoos\" \/>\n<meta name=\"twitter:card\" content=\"summary_large_image\" \/>\n<meta name=\"twitter:label1\" content=\"\u00c9crit par\" \/>\n\t<meta name=\"twitter:data1\" content=\"Tmoos\" \/>\n\t<meta name=\"twitter:label2\" content=\"Dur\u00e9e de lecture estim\u00e9e\" \/>\n\t<meta name=\"twitter:data2\" content=\"1 minute\" \/>\n<script type=\"application\/ld+json\" class=\"yoast-schema-graph\">{\"@context\":\"https:\\\/\\\/schema.org\",\"@graph\":[{\"@type\":\"Article\",\"@id\":\"https:\\\/\\\/regions-snetap-fsu.fr\\\/na\\\/2019\\\/06\\\/20\\\/formation-moi-et-la-reforme-le-snetap-fsu-present-pour-les-agents\\\/#article\",\"isPartOf\":{\"@id\":\"https:\\\/\\\/regions-snetap-fsu.fr\\\/na\\\/2019\\\/06\\\/20\\\/formation-moi-et-la-reforme-le-snetap-fsu-present-pour-les-agents\\\/\"},\"author\":{\"name\":\"Tmoos\",\"@id\":\"https:\\\/\\\/regions-snetap-fsu.fr\\\/na\\\/#\\\/schema\\\/person\\\/200c3209e01aa8c2a287fda4d096cd22\"},\"headline\":\"Formation \u00ab\u00a0moi et la r\u00e9forme\u00a0\u00bb, le Snetap-FSU pr\u00e9sent pour les agents !\",\"datePublished\":\"2019-06-20T06:44:28+00:00\",\"dateModified\":\"2019-06-29T16:38:13+00:00\",\"mainEntityOfPage\":{\"@id\":\"https:\\\/\\\/regions-snetap-fsu.fr\\\/na\\\/2019\\\/06\\\/20\\\/formation-moi-et-la-reforme-le-snetap-fsu-present-pour-les-agents\\\/\"},\"wordCount\":303,\"publisher\":{\"@id\":\"https:\\\/\\\/regions-snetap-fsu.fr\\\/na\\\/#organization\"},\"image\":{\"@id\":\"https:\\\/\\\/regions-snetap-fsu.fr\\\/na\\\/2019\\\/06\\\/20\\\/formation-moi-et-la-reforme-le-snetap-fsu-present-pour-les-agents\\\/#primaryimage\"},\"thumbnailUrl\":\"https:\\\/\\\/regions-snetap-fsu.fr\\\/na\\\/wp-content\\\/uploads\\\/sites\\\/3\\\/2019\\\/06\\\/20190617-BAZAS-7-300x199.jpg\",\"articleSection\":[\"Actions\",\"Secteur Aquitaine\",\"Secteur Poitou-Charentes\"],\"inLanguage\":\"fr-FR\"},{\"@type\":\"WebPage\",\"@id\":\"https:\\\/\\\/regions-snetap-fsu.fr\\\/na\\\/2019\\\/06\\\/20\\\/formation-moi-et-la-reforme-le-snetap-fsu-present-pour-les-agents\\\/\",\"url\":\"https:\\\/\\\/regions-snetap-fsu.fr\\\/na\\\/2019\\\/06\\\/20\\\/formation-moi-et-la-reforme-le-snetap-fsu-present-pour-les-agents\\\/\",\"name\":\"Formation \\\"moi et la r\u00e9forme\\\", le Snetap-FSU pr\u00e9sent pour les agents ! - NOUVELLE AQUITAINE\",\"isPartOf\":{\"@id\":\"https:\\\/\\\/regions-snetap-fsu.fr\\\/na\\\/#website\"},\"primaryImageOfPage\":{\"@id\":\"https:\\\/\\\/regions-snetap-fsu.fr\\\/na\\\/2019\\\/06\\\/20\\\/formation-moi-et-la-reforme-le-snetap-fsu-present-pour-les-agents\\\/#primaryimage\"},\"image\":{\"@id\":\"https:\\\/\\\/regions-snetap-fsu.fr\\\/na\\\/2019\\\/06\\\/20\\\/formation-moi-et-la-reforme-le-snetap-fsu-present-pour-les-agents\\\/#primaryimage\"},\"thumbnailUrl\":\"https:\\\/\\\/regions-snetap-fsu.fr\\\/na\\\/wp-content\\\/uploads\\\/sites\\\/3\\\/2019\\\/06\\\/20190617-BAZAS-7-300x199.jpg\",\"datePublished\":\"2019-06-20T06:44:28+00:00\",\"dateModified\":\"2019-06-29T16:38:13+00:00\",\"breadcrumb\":{\"@id\":\"https:\\\/\\\/regions-snetap-fsu.fr\\\/na\\\/2019\\\/06\\\/20\\\/formation-moi-et-la-reforme-le-snetap-fsu-present-pour-les-agents\\\/#breadcrumb\"},\"inLanguage\":\"fr-FR\",\"potentialAction\":[{\"@type\":\"ReadAction\",\"target\":[\"https:\\\/\\\/regions-snetap-fsu.fr\\\/na\\\/2019\\\/06\\\/20\\\/formation-moi-et-la-reforme-le-snetap-fsu-present-pour-les-agents\\\/\"]}]},{\"@type\":\"ImageObject\",\"inLanguage\":\"fr-FR\",\"@id\":\"https:\\\/\\\/regions-snetap-fsu.fr\\\/na\\\/2019\\\/06\\\/20\\\/formation-moi-et-la-reforme-le-snetap-fsu-present-pour-les-agents\\\/#primaryimage\",\"url\":\"https:\\\/\\\/regions-snetap-fsu.fr\\\/na\\\/wp-content\\\/uploads\\\/sites\\\/3\\\/2019\\\/06\\\/20190617-BAZAS-7.jpg\",\"contentUrl\":\"https:\\\/\\\/regions-snetap-fsu.fr\\\/na\\\/wp-content\\\/uploads\\\/sites\\\/3\\\/2019\\\/06\\\/20190617-BAZAS-7.jpg\",\"width\":4288,\"height\":2848},{\"@type\":\"BreadcrumbList\",\"@id\":\"https:\\\/\\\/regions-snetap-fsu.fr\\\/na\\\/2019\\\/06\\\/20\\\/formation-moi-et-la-reforme-le-snetap-fsu-present-pour-les-agents\\\/#breadcrumb\",\"itemListElement\":[{\"@type\":\"ListItem\",\"position\":1,\"name\":\"Accueil\",\"item\":\"https:\\\/\\\/regions-snetap-fsu.fr\\\/na\\\/\"},{\"@type\":\"ListItem\",\"position\":2,\"name\":\"Formation \u00ab\u00a0moi et la r\u00e9forme\u00a0\u00bb, le Snetap-FSU pr\u00e9sent pour les agents !\"}]},{\"@type\":\"WebSite\",\"@id\":\"https:\\\/\\\/regions-snetap-fsu.fr\\\/na\\\/#website\",\"url\":\"https:\\\/\\\/regions-snetap-fsu.fr\\\/na\\\/\",\"name\":\"SNETAP-FSU NOUVELLE AQUITAINE\",\"description\":\"Blog de la Section R\u00e9gionale\",\"publisher\":{\"@id\":\"https:\\\/\\\/regions-snetap-fsu.fr\\\/na\\\/#organization\"},\"potentialAction\":[{\"@type\":\"SearchAction\",\"target\":{\"@type\":\"EntryPoint\",\"urlTemplate\":\"https:\\\/\\\/regions-snetap-fsu.fr\\\/na\\\/?s={search_term_string}\"},\"query-input\":{\"@type\":\"PropertyValueSpecification\",\"valueRequired\":true,\"valueName\":\"search_term_string\"}}],\"inLanguage\":\"fr-FR\"},{\"@type\":\"Organization\",\"@id\":\"https:\\\/\\\/regions-snetap-fsu.fr\\\/na\\\/#organization\",\"name\":\"SNETAP-FSU - Nouvelle Aquitaine\",\"url\":\"https:\\\/\\\/regions-snetap-fsu.fr\\\/na\\\/\",\"logo\":{\"@type\":\"ImageObject\",\"inLanguage\":\"fr-FR\",\"@id\":\"https:\\\/\\\/regions-snetap-fsu.fr\\\/na\\\/#\\\/schema\\\/logo\\\/image\\\/\",\"url\":\"https:\\\/\\\/regions-snetap-fsu.fr\\\/na\\\/wp-content\\\/uploads\\\/sites\\\/3\\\/2020\\\/12\\\/SNETAP-Logo.jpg\",\"contentUrl\":\"https:\\\/\\\/regions-snetap-fsu.fr\\\/na\\\/wp-content\\\/uploads\\\/sites\\\/3\\\/2020\\\/12\\\/SNETAP-Logo.jpg\",\"width\":464,\"height\":334,\"caption\":\"SNETAP-FSU - Nouvelle Aquitaine\"},\"image\":{\"@id\":\"https:\\\/\\\/regions-snetap-fsu.fr\\\/na\\\/#\\\/schema\\\/logo\\\/image\\\/\"}},{\"@type\":\"Person\",\"@id\":\"https:\\\/\\\/regions-snetap-fsu.fr\\\/na\\\/#\\\/schema\\\/person\\\/200c3209e01aa8c2a287fda4d096cd22\",\"name\":\"Tmoos\",\"image\":{\"@type\":\"ImageObject\",\"inLanguage\":\"fr-FR\",\"@id\":\"https:\\\/\\\/secure.gravatar.com\\\/avatar\\\/ee9416e21ddddd1cb4bc3f8a9a89584e0671c3184caebebe8e4de3129769a613?s=96&d=mm&r=g\",\"url\":\"https:\\\/\\\/secure.gravatar.com\\\/avatar\\\/ee9416e21ddddd1cb4bc3f8a9a89584e0671c3184caebebe8e4de3129769a613?s=96&d=mm&r=g\",\"contentUrl\":\"https:\\\/\\\/secure.gravatar.com\\\/avatar\\\/ee9416e21ddddd1cb4bc3f8a9a89584e0671c3184caebebe8e4de3129769a613?s=96&d=mm&r=g\",\"caption\":\"Tmoos\"},\"url\":\"https:\\\/\\\/regions-snetap-fsu.fr\\\/na\\\/author\\\/fthomas\\\/\"}]}<\/script>\n<!-- \/ Yoast SEO plugin. -->","yoast_head_json":{"title":"Formation \"moi et la r\u00e9forme\", le Snetap-FSU pr\u00e9sent pour les agents ! - NOUVELLE AQUITAINE","robots":{"index":"index","follow":"follow","max-snippet":"max-snippet:-1","max-image-preview":"max-image-preview:large","max-video-preview":"max-video-preview:-1"},"canonical":"https:\/\/regions-snetap-fsu.fr\/na\/2019\/06\/20\/formation-moi-et-la-reforme-le-snetap-fsu-present-pour-les-agents\/","og_locale":"fr_FR","og_type":"article","og_title":"Formation \"moi et la r\u00e9forme\", le Snetap-FSU pr\u00e9sent pour les agents ! - NOUVELLE AQUITAINE","og_description":"Le lundi 17\u00a0 \u00e0 Bazas puis le vendredi 21 juin 2019 \u00e0 Melle la DRAAF Nouvelle Aquitaine a organis\u00e9 une journ\u00e9e de formation\/ information pour les agents de CFAA CFPPA. L&rsquo;intitul\u00e9 de la formation \u00e9tait \u00ab\u00a0Moi et la r\u00e9forme\u00a0\u00bb ce qui en dit long sur le volont\u00e9 de notre administration de forcer l&rsquo;appropriation d&rsquo; une [&hellip;]","og_url":"https:\/\/regions-snetap-fsu.fr\/na\/2019\/06\/20\/formation-moi-et-la-reforme-le-snetap-fsu-present-pour-les-agents\/","og_site_name":"NOUVELLE AQUITAINE","article_published_time":"2019-06-20T06:44:28+00:00","article_modified_time":"2019-06-29T16:38:13+00:00","og_image":[{"url":"https:\/\/regions-snetap-fsu.fr\/na\/wp-content\/uploads\/sites\/3\/2019\/06\/20190617-BAZAS-7-300x199.jpg","type":"","width":"","height":""}],"author":"Tmoos","twitter_card":"summary_large_image","twitter_misc":{"\u00c9crit par":"Tmoos","Dur\u00e9e de lecture estim\u00e9e":"1 minute"},"schema":{"@context":"https:\/\/schema.org","@graph":[{"@type":"Article","@id":"https:\/\/regions-snetap-fsu.fr\/na\/2019\/06\/20\/formation-moi-et-la-reforme-le-snetap-fsu-present-pour-les-agents\/#article","isPartOf":{"@id":"https:\/\/regions-snetap-fsu.fr\/na\/2019\/06\/20\/formation-moi-et-la-reforme-le-snetap-fsu-present-pour-les-agents\/"},"author":{"name":"Tmoos","@id":"https:\/\/regions-snetap-fsu.fr\/na\/#\/schema\/person\/200c3209e01aa8c2a287fda4d096cd22"},"headline":"Formation \u00ab\u00a0moi et la r\u00e9forme\u00a0\u00bb, le Snetap-FSU pr\u00e9sent pour les agents !","datePublished":"2019-06-20T06:44:28+00:00","dateModified":"2019-06-29T16:38:13+00:00","mainEntityOfPage":{"@id":"https:\/\/regions-snetap-fsu.fr\/na\/2019\/06\/20\/formation-moi-et-la-reforme-le-snetap-fsu-present-pour-les-agents\/"},"wordCount":303,"publisher":{"@id":"https:\/\/regions-snetap-fsu.fr\/na\/#organization"},"image":{"@id":"https:\/\/regions-snetap-fsu.fr\/na\/2019\/06\/20\/formation-moi-et-la-reforme-le-snetap-fsu-present-pour-les-agents\/#primaryimage"},"thumbnailUrl":"https:\/\/regions-snetap-fsu.fr\/na\/wp-content\/uploads\/sites\/3\/2019\/06\/20190617-BAZAS-7-300x199.jpg","articleSection":["Actions","Secteur Aquitaine","Secteur Poitou-Charentes"],"inLanguage":"fr-FR"},{"@type":"WebPage","@id":"https:\/\/regions-snetap-fsu.fr\/na\/2019\/06\/20\/formation-moi-et-la-reforme-le-snetap-fsu-present-pour-les-agents\/","url":"https:\/\/regions-snetap-fsu.fr\/na\/2019\/06\/20\/formation-moi-et-la-reforme-le-snetap-fsu-present-pour-les-agents\/","name":"Formation \"moi et la r\u00e9forme\", le Snetap-FSU pr\u00e9sent pour les agents ! - NOUVELLE AQUITAINE","isPartOf":{"@id":"https:\/\/regions-snetap-fsu.fr\/na\/#website"},"primaryImageOfPage":{"@id":"https:\/\/regions-snetap-fsu.fr\/na\/2019\/06\/20\/formation-moi-et-la-reforme-le-snetap-fsu-present-pour-les-agents\/#primaryimage"},"image":{"@id":"https:\/\/regions-snetap-fsu.fr\/na\/2019\/06\/20\/formation-moi-et-la-reforme-le-snetap-fsu-present-pour-les-agents\/#primaryimage"},"thumbnailUrl":"https:\/\/regions-snetap-fsu.fr\/na\/wp-content\/uploads\/sites\/3\/2019\/06\/20190617-BAZAS-7-300x199.jpg","datePublished":"2019-06-20T06:44:28+00:00","dateModified":"2019-06-29T16:38:13+00:00","breadcrumb":{"@id":"https:\/\/regions-snetap-fsu.fr\/na\/2019\/06\/20\/formation-moi-et-la-reforme-le-snetap-fsu-present-pour-les-agents\/#breadcrumb"},"inLanguage":"fr-FR","potentialAction":[{"@type":"ReadAction","target":["https:\/\/regions-snetap-fsu.fr\/na\/2019\/06\/20\/formation-moi-et-la-reforme-le-snetap-fsu-present-pour-les-agents\/"]}]},{"@type":"ImageObject","inLanguage":"fr-FR","@id":"https:\/\/regions-snetap-fsu.fr\/na\/2019\/06\/20\/formation-moi-et-la-reforme-le-snetap-fsu-present-pour-les-agents\/#primaryimage","url":"https:\/\/regions-snetap-fsu.fr\/na\/wp-content\/uploads\/sites\/3\/2019\/06\/20190617-BAZAS-7.jpg","contentUrl":"https:\/\/regions-snetap-fsu.fr\/na\/wp-content\/uploads\/sites\/3\/2019\/06\/20190617-BAZAS-7.jpg","width":4288,"height":2848},{"@type":"BreadcrumbList","@id":"https:\/\/regions-snetap-fsu.fr\/na\/2019\/06\/20\/formation-moi-et-la-reforme-le-snetap-fsu-present-pour-les-agents\/#breadcrumb","itemListElement":[{"@type":"ListItem","position":1,"name":"Accueil","item":"https:\/\/regions-snetap-fsu.fr\/na\/"},{"@type":"ListItem","position":2,"name":"Formation \u00ab\u00a0moi et la r\u00e9forme\u00a0\u00bb, le Snetap-FSU pr\u00e9sent pour les agents !"}]},{"@type":"WebSite","@id":"https:\/\/regions-snetap-fsu.fr\/na\/#website","url":"https:\/\/regions-snetap-fsu.fr\/na\/","name":"SNETAP-FSU NOUVELLE AQUITAINE","description":"Blog de la Section R\u00e9gionale","publisher":{"@id":"https:\/\/regions-snetap-fsu.fr\/na\/#organization"},"potentialAction":[{"@type":"SearchAction","target":{"@type":"EntryPoint","urlTemplate":"https:\/\/regions-snetap-fsu.fr\/na\/?s={search_term_string}"},"query-input":{"@type":"PropertyValueSpecification","valueRequired":true,"valueName":"search_term_string"}}],"inLanguage":"fr-FR"},{"@type":"Organization","@id":"https:\/\/regions-snetap-fsu.fr\/na\/#organization","name":"SNETAP-FSU - Nouvelle Aquitaine","url":"https:\/\/regions-snetap-fsu.fr\/na\/","logo":{"@type":"ImageObject","inLanguage":"fr-FR","@id":"https:\/\/regions-snetap-fsu.fr\/na\/#\/schema\/logo\/image\/","url":"https:\/\/regions-snetap-fsu.fr\/na\/wp-content\/uploads\/sites\/3\/2020\/12\/SNETAP-Logo.jpg","contentUrl":"https:\/\/regions-snetap-fsu.fr\/na\/wp-content\/uploads\/sites\/3\/2020\/12\/SNETAP-Logo.jpg","width":464,"height":334,"caption":"SNETAP-FSU - Nouvelle Aquitaine"},"image":{"@id":"https:\/\/regions-snetap-fsu.fr\/na\/#\/schema\/logo\/image\/"}},{"@type":"Person","@id":"https:\/\/regions-snetap-fsu.fr\/na\/#\/schema\/person\/200c3209e01aa8c2a287fda4d096cd22","name":"Tmoos","image":{"@type":"ImageObject","inLanguage":"fr-FR","@id":"https:\/\/secure.gravatar.com\/avatar\/ee9416e21ddddd1cb4bc3f8a9a89584e0671c3184caebebe8e4de3129769a613?s=96&d=mm&r=g","url":"https:\/\/secure.gravatar.com\/avatar\/ee9416e21ddddd1cb4bc3f8a9a89584e0671c3184caebebe8e4de3129769a613?s=96&d=mm&r=g","contentUrl":"https:\/\/secure.gravatar.com\/avatar\/ee9416e21ddddd1cb4bc3f8a9a89584e0671c3184caebebe8e4de3129769a613?s=96&d=mm&r=g","caption":"Tmoos"},"url":"https:\/\/regions-snetap-fsu.fr\/na\/author\/fthomas\/"}]}},"_links":{"self":[{"href":"https:\/\/regions-snetap-fsu.fr\/na\/wp-json\/wp\/v2\/posts\/1412","targetHints":{"allow":["GET"]}}],"collection":[{"href":"https:\/\/regions-snetap-fsu.fr\/na\/wp-json\/wp\/v2\/posts"}],"about":[{"href":"https:\/\/regions-snetap-fsu.fr\/na\/wp-json\/wp\/v2\/types\/post"}],"author":[{"embeddable":true,"href":"https:\/\/regions-snetap-fsu.fr\/na\/wp-json\/wp\/v2\/users\/99"}],"replies":[{"embeddable":true,"href":"https:\/\/regions-snetap-fsu.fr\/na\/wp-json\/wp\/v2\/comments?post=1412"}],"version-history":[{"count":6,"href":"https:\/\/regions-snetap-fsu.fr\/na\/wp-json\/wp\/v2\/posts\/1412\/revisions"}],"predecessor-version":[{"id":1476,"href":"https:\/\/regions-snetap-fsu.fr\/na\/wp-json\/wp\/v2\/posts\/1412\/revisions\/1476"}],"wp:attachment":[{"href":"https:\/\/regions-snetap-fsu.fr\/na\/wp-json\/wp\/v2\/media?parent=1412"}],"wp:term":[{"taxonomy":"category","embeddable":true,"href":"https:\/\/regions-snetap-fsu.fr\/na\/wp-json\/wp\/v2\/categories?post=1412"},{"taxonomy":"post_tag","embeddable":true,"href":"https:\/\/regions-snetap-fsu.fr\/na\/wp-json\/wp\/v2\/tags?post=1412"},{"taxonomy":"post_folder","embeddable":true,"href":"https:\/\/regions-snetap-fsu.fr\/na\/wp-json\/wp\/v2\/post_folder?post=1412"}],"curies":[{"name":"wp","href":"https:\/\/api.w.org\/{rel}","templated":true}]}}