{"id":1289,"date":"2019-05-17T17:00:53","date_gmt":"2019-05-17T15:00:53","guid":{"rendered":"https:\/\/regions-snetap-fsu.fr\/na\/?p=1289"},"modified":"2019-05-23T15:14:28","modified_gmt":"2019-05-23T13:14:28","slug":"agents-mobilises-les-journaux-relaient-laction-de-la-tour-blanche","status":"publish","type":"post","link":"https:\/\/regions-snetap-fsu.fr\/na\/2019\/05\/17\/agents-mobilises-les-journaux-relaient-laction-de-la-tour-blanche\/","title":{"rendered":"Agents mobilis\u00e9s, les journaux relaient les actions de Surg\u00e8res, la Tour Blanche et Montardon"},"content":{"rendered":"<div align=\"left\"><span style=\"color: #000000;font-family: Arial\"><a href=\"https:\/\/regions-snetap-fsu.fr\/na\/wp-content\/uploads\/sites\/3\/2019\/05\/Hebdo-2019_05_16-Inquietude-SNETAP-Enilia.jpg\"><img decoding=\"async\" class=\"alignnone size-medium wp-image-1329\" src=\"https:\/\/regions-snetap-fsu.fr\/na\/wp-content\/uploads\/sites\/3\/2019\/05\/Hebdo-2019_05_16-Inquietude-SNETAP-Enilia-138x300.jpg\" alt=\"\" width=\"138\" height=\"300\" srcset=\"https:\/\/regions-snetap-fsu.fr\/na\/wp-content\/uploads\/sites\/3\/2019\/05\/Hebdo-2019_05_16-Inquietude-SNETAP-Enilia-138x300.jpg 138w, https:\/\/regions-snetap-fsu.fr\/na\/wp-content\/uploads\/sites\/3\/2019\/05\/Hebdo-2019_05_16-Inquietude-SNETAP-Enilia-472x1024.jpg 472w, https:\/\/regions-snetap-fsu.fr\/na\/wp-content\/uploads\/sites\/3\/2019\/05\/Hebdo-2019_05_16-Inquietude-SNETAP-Enilia-100x217.jpg 100w, https:\/\/regions-snetap-fsu.fr\/na\/wp-content\/uploads\/sites\/3\/2019\/05\/Hebdo-2019_05_16-Inquietude-SNETAP-Enilia-150x326.jpg 150w, https:\/\/regions-snetap-fsu.fr\/na\/wp-content\/uploads\/sites\/3\/2019\/05\/Hebdo-2019_05_16-Inquietude-SNETAP-Enilia-200x434.jpg 200w, https:\/\/regions-snetap-fsu.fr\/na\/wp-content\/uploads\/sites\/3\/2019\/05\/Hebdo-2019_05_16-Inquietude-SNETAP-Enilia-300x651.jpg 300w, https:\/\/regions-snetap-fsu.fr\/na\/wp-content\/uploads\/sites\/3\/2019\/05\/Hebdo-2019_05_16-Inquietude-SNETAP-Enilia-450x977.jpg 450w, https:\/\/regions-snetap-fsu.fr\/na\/wp-content\/uploads\/sites\/3\/2019\/05\/Hebdo-2019_05_16-Inquietude-SNETAP-Enilia-600x1302.jpg 600w, https:\/\/regions-snetap-fsu.fr\/na\/wp-content\/uploads\/sites\/3\/2019\/05\/Hebdo-2019_05_16-Inquietude-SNETAP-Enilia.jpg 723w\" sizes=\"(max-width: 138px) 100vw, 138px\" \/><\/a><img fetchpriority=\"high\" decoding=\"async\" class=\"wp-image-1294 alignright\" src=\"https:\/\/regions-snetap-fsu.fr\/na\/wp-content\/uploads\/sites\/3\/2019\/05\/Article-Sud-Ouest-13-mai-Nuit-aux-ly-mai-2019-121x300.jpg\" alt=\"\" width=\"143\" height=\"355\" srcset=\"https:\/\/regions-snetap-fsu.fr\/na\/wp-content\/uploads\/sites\/3\/2019\/05\/Article-Sud-Ouest-13-mai-Nuit-aux-ly-mai-2019-121x300.jpg 121w, https:\/\/regions-snetap-fsu.fr\/na\/wp-content\/uploads\/sites\/3\/2019\/05\/Article-Sud-Ouest-13-mai-Nuit-aux-ly-mai-2019-768x1907.jpg 768w, https:\/\/regions-snetap-fsu.fr\/na\/wp-content\/uploads\/sites\/3\/2019\/05\/Article-Sud-Ouest-13-mai-Nuit-aux-ly-mai-2019-412x1024.jpg 412w, https:\/\/regions-snetap-fsu.fr\/na\/wp-content\/uploads\/sites\/3\/2019\/05\/Article-Sud-Ouest-13-mai-Nuit-aux-ly-mai-2019-100x248.jpg 100w, https:\/\/regions-snetap-fsu.fr\/na\/wp-content\/uploads\/sites\/3\/2019\/05\/Article-Sud-Ouest-13-mai-Nuit-aux-ly-mai-2019-150x373.jpg 150w, https:\/\/regions-snetap-fsu.fr\/na\/wp-content\/uploads\/sites\/3\/2019\/05\/Article-Sud-Ouest-13-mai-Nuit-aux-ly-mai-2019-200x497.jpg 200w, https:\/\/regions-snetap-fsu.fr\/na\/wp-content\/uploads\/sites\/3\/2019\/05\/Article-Sud-Ouest-13-mai-Nuit-aux-ly-mai-2019-300x745.jpg 300w, https:\/\/regions-snetap-fsu.fr\/na\/wp-content\/uploads\/sites\/3\/2019\/05\/Article-Sud-Ouest-13-mai-Nuit-aux-ly-mai-2019-450x1118.jpg 450w, https:\/\/regions-snetap-fsu.fr\/na\/wp-content\/uploads\/sites\/3\/2019\/05\/Article-Sud-Ouest-13-mai-Nuit-aux-ly-mai-2019-600x1490.jpg 600w, https:\/\/regions-snetap-fsu.fr\/na\/wp-content\/uploads\/sites\/3\/2019\/05\/Article-Sud-Ouest-13-mai-Nuit-aux-ly-mai-2019-900x2235.jpg 900w, https:\/\/regions-snetap-fsu.fr\/na\/wp-content\/uploads\/sites\/3\/2019\/05\/Article-Sud-Ouest-13-mai-Nuit-aux-ly-mai-2019.jpg 1218w\" sizes=\"(max-width: 143px) 100vw, 143px\" \/><strong>\u00a0<\/strong><\/span><\/div>\n<div align=\"left\"><\/div>\n<div align=\"left\"><\/div>\n<div align=\"left\"><\/div>\n<div align=\"left\"><\/div>\n<div align=\"left\"><span style=\"color: #000000;font-family: Arial\"><strong>La section syndicale SNETAP FSU de la Tour Blanche a organis\u00e9 la nuit des lyc\u00e9es .<\/strong> Elle a \u00e9t\u00e9 rejointe par 6 militantes de la section snetap de Blanquefort et une de Sabres.<\/span><\/div>\n<div align=\"left\"><span style=\"color: #000000;font-family: Arial\">La soir\u00e9e a commenc\u00e9 par une AG pour pr\u00e9parer la rencontre avec 2 journalistes 1 de Sud Ouest et 1 du \u00a0\u00a0R\u00e9publicain.<\/span><\/div>\n<div align=\"left\"><span style=\"color: #000000;font-family: Arial\">Apr\u00e8s une pr\u00e9sentation de nos revendications aux journalistes, Jean Christophe Berton a fait une d\u00e9monstration en r\u00e9elle d&rsquo;une s\u00e9ance de TP en machinisme avec les seuils actuels et les seuils \u00e0 venir. La d\u00e9monstration avec tracteur + \u00e9l\u00e8ves a clairement montr\u00e9 aux journalistes l&rsquo;impact n\u00e9gatif ( temps d&rsquo;enseignement par \u00e9l\u00e8ve diminu\u00e9 et s\u00e9curit\u00e9 mise en jeu) de la d\u00e9rogation sur les seuils dans une s\u00e9ance de TP. Elles ont \u00e9t\u00e9 tr\u00e8s convaincues.<\/span><\/div>\n<div align=\"left\"><span style=\"color: #000000;font-family: Arial\">La soir\u00e9e s&rsquo;est poursuivie avec un repas tir\u00e9 du sac et de bons produits locaux. Le directeur du lyc\u00e9e a soutenu l&rsquo;action et l&rsquo;a dit aux journalistes.<\/span><\/div>\n<p><!--more--><\/p>\n<div align=\"left\"><span style=\"color: #000000;font-family: Arial\">Concernant la poursuite de l&rsquo;action , la r\u00e9tention des notes CCF a \u00e9t\u00e9 vot\u00e9e.<\/span><\/div>\n<div align=\"left\"><span style=\"color: #000000;font-family: Arial\">La section r\u00e9fl\u00e9chit aussi \u00e0 d&rsquo;autres modalit\u00e9s.<\/span><\/div>\n<div align=\"left\"><span style=\"color: #000000;font-family: Arial\">La section a re\u00e7u le soutien de 2 \u00e9lu.es du Conseil R\u00e9gional \u00a0non pr\u00e9sent.es, mais contact\u00e9.es par t\u00e9l\u00e9phone.<img decoding=\"async\" class=\"alignnone wp-image-1298 size-full\" src=\"https:\/\/regions-snetap-fsu.fr\/na\/wp-content\/uploads\/sites\/3\/2019\/05\/Article-Sud-Ouest-13-mai-Nuit-aux-ly-mai-2019-1.jpg\" alt=\"\" width=\"1218\" height=\"3025\" srcset=\"https:\/\/regions-snetap-fsu.fr\/na\/wp-content\/uploads\/sites\/3\/2019\/05\/Article-Sud-Ouest-13-mai-Nuit-aux-ly-mai-2019-1.jpg 1218w, https:\/\/regions-snetap-fsu.fr\/na\/wp-content\/uploads\/sites\/3\/2019\/05\/Article-Sud-Ouest-13-mai-Nuit-aux-ly-mai-2019-1-121x300.jpg 121w, https:\/\/regions-snetap-fsu.fr\/na\/wp-content\/uploads\/sites\/3\/2019\/05\/Article-Sud-Ouest-13-mai-Nuit-aux-ly-mai-2019-1-768x1907.jpg 768w, https:\/\/regions-snetap-fsu.fr\/na\/wp-content\/uploads\/sites\/3\/2019\/05\/Article-Sud-Ouest-13-mai-Nuit-aux-ly-mai-2019-1-412x1024.jpg 412w, https:\/\/regions-snetap-fsu.fr\/na\/wp-content\/uploads\/sites\/3\/2019\/05\/Article-Sud-Ouest-13-mai-Nuit-aux-ly-mai-2019-1-100x248.jpg 100w, https:\/\/regions-snetap-fsu.fr\/na\/wp-content\/uploads\/sites\/3\/2019\/05\/Article-Sud-Ouest-13-mai-Nuit-aux-ly-mai-2019-1-150x373.jpg 150w, https:\/\/regions-snetap-fsu.fr\/na\/wp-content\/uploads\/sites\/3\/2019\/05\/Article-Sud-Ouest-13-mai-Nuit-aux-ly-mai-2019-1-200x497.jpg 200w, https:\/\/regions-snetap-fsu.fr\/na\/wp-content\/uploads\/sites\/3\/2019\/05\/Article-Sud-Ouest-13-mai-Nuit-aux-ly-mai-2019-1-300x745.jpg 300w, https:\/\/regions-snetap-fsu.fr\/na\/wp-content\/uploads\/sites\/3\/2019\/05\/Article-Sud-Ouest-13-mai-Nuit-aux-ly-mai-2019-1-450x1118.jpg 450w, https:\/\/regions-snetap-fsu.fr\/na\/wp-content\/uploads\/sites\/3\/2019\/05\/Article-Sud-Ouest-13-mai-Nuit-aux-ly-mai-2019-1-600x1490.jpg 600w, https:\/\/regions-snetap-fsu.fr\/na\/wp-content\/uploads\/sites\/3\/2019\/05\/Article-Sud-Ouest-13-mai-Nuit-aux-ly-mai-2019-1-900x2235.jpg 900w\" sizes=\"(max-width: 1218px) 100vw, 1218px\" \/><\/span><\/div>\n<p><img loading=\"lazy\" decoding=\"async\" class=\"alignnone wp-image-1293\" src=\"https:\/\/regions-snetap-fsu.fr\/na\/wp-content\/uploads\/sites\/3\/2019\/05\/Article-Sud-Ouest-11-mai-Nuit-aux-lyc\u00e9es-9-mai-2019-122x300.jpg\" alt=\"\" width=\"448\" height=\"1102\" srcset=\"https:\/\/regions-snetap-fsu.fr\/na\/wp-content\/uploads\/sites\/3\/2019\/05\/Article-Sud-Ouest-11-mai-Nuit-aux-lyc\u00e9es-9-mai-2019-122x300.jpg 122w, https:\/\/regions-snetap-fsu.fr\/na\/wp-content\/uploads\/sites\/3\/2019\/05\/Article-Sud-Ouest-11-mai-Nuit-aux-lyc\u00e9es-9-mai-2019-416x1024.jpg 416w, https:\/\/regions-snetap-fsu.fr\/na\/wp-content\/uploads\/sites\/3\/2019\/05\/Article-Sud-Ouest-11-mai-Nuit-aux-lyc\u00e9es-9-mai-2019-100x246.jpg 100w, https:\/\/regions-snetap-fsu.fr\/na\/wp-content\/uploads\/sites\/3\/2019\/05\/Article-Sud-Ouest-11-mai-Nuit-aux-lyc\u00e9es-9-mai-2019-150x369.jpg 150w, https:\/\/regions-snetap-fsu.fr\/na\/wp-content\/uploads\/sites\/3\/2019\/05\/Article-Sud-Ouest-11-mai-Nuit-aux-lyc\u00e9es-9-mai-2019-200x492.jpg 200w, https:\/\/regions-snetap-fsu.fr\/na\/wp-content\/uploads\/sites\/3\/2019\/05\/Article-Sud-Ouest-11-mai-Nuit-aux-lyc\u00e9es-9-mai-2019-300x738.jpg 300w, https:\/\/regions-snetap-fsu.fr\/na\/wp-content\/uploads\/sites\/3\/2019\/05\/Article-Sud-Ouest-11-mai-Nuit-aux-lyc\u00e9es-9-mai-2019-450x1107.jpg 450w, https:\/\/regions-snetap-fsu.fr\/na\/wp-content\/uploads\/sites\/3\/2019\/05\/Article-Sud-Ouest-11-mai-Nuit-aux-lyc\u00e9es-9-mai-2019.jpg 531w\" sizes=\"(max-width: 448px) 100vw, 448px\" \/><\/p>\n\n\t\t<div class=\"wppdfemb-frame-container-1\" style=\"-webkit-overflow-scrolling:auto;\">\n\t\t\t<iframe class=\"pdfembed-iframe nonfullscreen wppdf-emb-iframe-1\"\n\t\t\t\tsrc=\"https:\/\/regions-snetap-fsu.fr\/na\/?pdfemb-data=eyJ1cmwiOiJodHRwczpcL1wvcmVnaW9ucy1zbmV0YXAtZnN1LmZyXC9uYVwvd3AtY29udGVudFwvdXBsb2Fkc1wvc2l0ZXNcLzNcLzIwMTlcLzA1XC9DQ0YxMTA1MjAxOV8wMDAyLnBkZiIsImluZGV4IjoxLCJwZGZJRCI6MTMwMX0\"\n\t\t\t\t\t\t\t\tdata-pdf-id=\"1301\"\n\t\t\t\tdata-pdf-index=\"1\"\n\t\t\t\tstyle=\"border:none;width:100%;max-width:100%;height:100vh;\"\n\t\t\t\tscrolling=\"yes\">\n\t\t\t<\/iframe>\n\t\t<\/div>\n\n\t\t\n","protected":false},"excerpt":{"rendered":"<p>\u00a0 La section syndicale SNETAP FSU de la Tour Blanche a organis\u00e9 la nuit des lyc\u00e9es . Elle a \u00e9t\u00e9 rejointe par 6 militantes de la section snetap de Blanquefort et une de Sabres. La soir\u00e9e a commenc\u00e9 par une AG pour pr\u00e9parer la rencontre avec 2 journalistes 1 de Sud Ouest et 1 du [&hellip;]<\/p>\n","protected":false},"author":99,"featured_media":0,"comment_status":"closed","ping_status":"closed","sticky":false,"template":"","format":"standard","meta":{"ocean_post_layout":"","ocean_both_sidebars_style":"","ocean_both_sidebars_content_width":0,"ocean_both_sidebars_sidebars_width":0,"ocean_sidebar":"","ocean_second_sidebar":"","ocean_disable_margins":"enable","ocean_add_body_class":"","ocean_shortcode_before_top_bar":"","ocean_shortcode_after_top_bar":"","ocean_shortcode_before_header":"","ocean_shortcode_after_header":"","ocean_has_shortcode":"","ocean_shortcode_after_title":"","ocean_shortcode_before_footer_widgets":"","ocean_shortcode_after_footer_widgets":"","ocean_shortcode_before_footer_bottom":"","ocean_shortcode_after_footer_bottom":"","ocean_display_top_bar":"default","ocean_display_header":"default","ocean_header_style":"","ocean_center_header_left_menu":"","ocean_custom_header_template":"","ocean_custom_logo":0,"ocean_custom_retina_logo":0,"ocean_custom_logo_max_width":0,"ocean_custom_logo_tablet_max_width":0,"ocean_custom_logo_mobile_max_width":0,"ocean_custom_logo_max_height":0,"ocean_custom_logo_tablet_max_height":0,"ocean_custom_logo_mobile_max_height":0,"ocean_header_custom_menu":"","ocean_menu_typo_font_family":"","ocean_menu_typo_font_subset":"","ocean_menu_typo_font_size":0,"ocean_menu_typo_font_size_tablet":0,"ocean_menu_typo_font_size_mobile":0,"ocean_menu_typo_font_size_unit":"px","ocean_menu_typo_font_weight":"","ocean_menu_typo_font_weight_tablet":"","ocean_menu_typo_font_weight_mobile":"","ocean_menu_typo_transform":"","ocean_menu_typo_transform_tablet":"","ocean_menu_typo_transform_mobile":"","ocean_menu_typo_line_height":0,"ocean_menu_typo_line_height_tablet":0,"ocean_menu_typo_line_height_mobile":0,"ocean_menu_typo_line_height_unit":"","ocean_menu_typo_spacing":0,"ocean_menu_typo_spacing_tablet":0,"ocean_menu_typo_spacing_mobile":0,"ocean_menu_typo_spacing_unit":"","ocean_menu_link_color":"","ocean_menu_link_color_hover":"","ocean_menu_link_color_active":"","ocean_menu_link_background":"","ocean_menu_link_hover_background":"","ocean_menu_link_active_background":"","ocean_menu_social_links_bg":"","ocean_menu_social_hover_links_bg":"","ocean_menu_social_links_color":"","ocean_menu_social_hover_links_color":"","ocean_disable_title":"default","ocean_disable_heading":"default","ocean_post_title":"","ocean_post_subheading":"","ocean_post_title_style":"","ocean_post_title_background_color":"","ocean_post_title_background":0,"ocean_post_title_bg_image_position":"","ocean_post_title_bg_image_attachment":"","ocean_post_title_bg_image_repeat":"","ocean_post_title_bg_image_size":"","ocean_post_title_height":0,"ocean_post_title_bg_overlay":0.5,"ocean_post_title_bg_overlay_color":"","ocean_disable_breadcrumbs":"default","ocean_breadcrumbs_color":"","ocean_breadcrumbs_separator_color":"","ocean_breadcrumbs_links_color":"","ocean_breadcrumbs_links_hover_color":"","ocean_display_footer_widgets":"default","ocean_display_footer_bottom":"default","ocean_custom_footer_template":"","ocean_post_oembed":"","ocean_post_self_hosted_media":"","ocean_post_video_embed":"","ocean_link_format":"","ocean_link_format_target":"self","ocean_quote_format":"","ocean_quote_format_link":"post","ocean_gallery_link_images":"on","ocean_gallery_id":[],"footnotes":""},"categories":[12,5],"tags":[],"post_folder":[],"class_list":["post-1289","post","type-post","status-publish","format-standard","hentry","category-actions","category-exaq","entry"],"yoast_head":"<!-- This site is optimized with the Yoast SEO plugin v27.4 - https:\/\/yoast.com\/product\/yoast-seo-wordpress\/ -->\n<title>Agents mobilis\u00e9s, les journaux relaient les actions de Surg\u00e8res, la Tour Blanche et Montardon - NOUVELLE AQUITAINE<\/title>\n<meta name=\"robots\" content=\"index, follow, max-snippet:-1, max-image-preview:large, max-video-preview:-1\" \/>\n<link rel=\"canonical\" href=\"https:\/\/regions-snetap-fsu.fr\/na\/2019\/05\/17\/agents-mobilises-les-journaux-relaient-laction-de-la-tour-blanche\/\" \/>\n<meta property=\"og:locale\" content=\"fr_FR\" \/>\n<meta property=\"og:type\" content=\"article\" \/>\n<meta property=\"og:title\" content=\"Agents mobilis\u00e9s, les journaux relaient les actions de Surg\u00e8res, la Tour Blanche et Montardon - NOUVELLE AQUITAINE\" \/>\n<meta property=\"og:description\" content=\"\u00a0 La section syndicale SNETAP FSU de la Tour Blanche a organis\u00e9 la nuit des lyc\u00e9es . Elle a \u00e9t\u00e9 rejointe par 6 militantes de la section snetap de Blanquefort et une de Sabres. La soir\u00e9e a commenc\u00e9 par une AG pour pr\u00e9parer la rencontre avec 2 journalistes 1 de Sud Ouest et 1 du [&hellip;]\" \/>\n<meta property=\"og:url\" content=\"https:\/\/regions-snetap-fsu.fr\/na\/2019\/05\/17\/agents-mobilises-les-journaux-relaient-laction-de-la-tour-blanche\/\" \/>\n<meta property=\"og:site_name\" content=\"NOUVELLE AQUITAINE\" \/>\n<meta property=\"article:published_time\" content=\"2019-05-17T15:00:53+00:00\" \/>\n<meta property=\"article:modified_time\" content=\"2019-05-23T13:14:28+00:00\" \/>\n<meta property=\"og:image\" content=\"https:\/\/regions-snetap-fsu.fr\/na\/wp-content\/uploads\/sites\/3\/2019\/05\/Hebdo-2019_05_16-Inquietude-SNETAP-Enilia-138x300.jpg\" \/>\n<meta name=\"author\" content=\"Tmoos\" \/>\n<meta name=\"twitter:card\" content=\"summary_large_image\" \/>\n<meta name=\"twitter:label1\" content=\"\u00c9crit par\" \/>\n\t<meta name=\"twitter:data1\" content=\"Tmoos\" \/>\n\t<meta name=\"twitter:label2\" content=\"Dur\u00e9e de lecture estim\u00e9e\" \/>\n\t<meta name=\"twitter:data2\" content=\"1 minute\" \/>\n<script type=\"application\/ld+json\" class=\"yoast-schema-graph\">{\"@context\":\"https:\\\/\\\/schema.org\",\"@graph\":[{\"@type\":\"Article\",\"@id\":\"https:\\\/\\\/regions-snetap-fsu.fr\\\/na\\\/2019\\\/05\\\/17\\\/agents-mobilises-les-journaux-relaient-laction-de-la-tour-blanche\\\/#article\",\"isPartOf\":{\"@id\":\"https:\\\/\\\/regions-snetap-fsu.fr\\\/na\\\/2019\\\/05\\\/17\\\/agents-mobilises-les-journaux-relaient-laction-de-la-tour-blanche\\\/\"},\"author\":{\"name\":\"Tmoos\",\"@id\":\"https:\\\/\\\/regions-snetap-fsu.fr\\\/na\\\/#\\\/schema\\\/person\\\/200c3209e01aa8c2a287fda4d096cd22\"},\"headline\":\"Agents mobilis\u00e9s, les journaux relaient les actions de Surg\u00e8res, la Tour Blanche et Montardon\",\"datePublished\":\"2019-05-17T15:00:53+00:00\",\"dateModified\":\"2019-05-23T13:14:28+00:00\",\"mainEntityOfPage\":{\"@id\":\"https:\\\/\\\/regions-snetap-fsu.fr\\\/na\\\/2019\\\/05\\\/17\\\/agents-mobilises-les-journaux-relaient-laction-de-la-tour-blanche\\\/\"},\"wordCount\":249,\"publisher\":{\"@id\":\"https:\\\/\\\/regions-snetap-fsu.fr\\\/na\\\/#organization\"},\"image\":{\"@id\":\"https:\\\/\\\/regions-snetap-fsu.fr\\\/na\\\/2019\\\/05\\\/17\\\/agents-mobilises-les-journaux-relaient-laction-de-la-tour-blanche\\\/#primaryimage\"},\"thumbnailUrl\":\"https:\\\/\\\/regions-snetap-fsu.fr\\\/na\\\/wp-content\\\/uploads\\\/sites\\\/3\\\/2019\\\/05\\\/Hebdo-2019_05_16-Inquietude-SNETAP-Enilia-138x300.jpg\",\"articleSection\":[\"Actions\",\"Secteur Aquitaine\"],\"inLanguage\":\"fr-FR\"},{\"@type\":\"WebPage\",\"@id\":\"https:\\\/\\\/regions-snetap-fsu.fr\\\/na\\\/2019\\\/05\\\/17\\\/agents-mobilises-les-journaux-relaient-laction-de-la-tour-blanche\\\/\",\"url\":\"https:\\\/\\\/regions-snetap-fsu.fr\\\/na\\\/2019\\\/05\\\/17\\\/agents-mobilises-les-journaux-relaient-laction-de-la-tour-blanche\\\/\",\"name\":\"Agents mobilis\u00e9s, les journaux relaient les actions de Surg\u00e8res, la Tour Blanche et Montardon - NOUVELLE AQUITAINE\",\"isPartOf\":{\"@id\":\"https:\\\/\\\/regions-snetap-fsu.fr\\\/na\\\/#website\"},\"primaryImageOfPage\":{\"@id\":\"https:\\\/\\\/regions-snetap-fsu.fr\\\/na\\\/2019\\\/05\\\/17\\\/agents-mobilises-les-journaux-relaient-laction-de-la-tour-blanche\\\/#primaryimage\"},\"image\":{\"@id\":\"https:\\\/\\\/regions-snetap-fsu.fr\\\/na\\\/2019\\\/05\\\/17\\\/agents-mobilises-les-journaux-relaient-laction-de-la-tour-blanche\\\/#primaryimage\"},\"thumbnailUrl\":\"https:\\\/\\\/regions-snetap-fsu.fr\\\/na\\\/wp-content\\\/uploads\\\/sites\\\/3\\\/2019\\\/05\\\/Hebdo-2019_05_16-Inquietude-SNETAP-Enilia-138x300.jpg\",\"datePublished\":\"2019-05-17T15:00:53+00:00\",\"dateModified\":\"2019-05-23T13:14:28+00:00\",\"breadcrumb\":{\"@id\":\"https:\\\/\\\/regions-snetap-fsu.fr\\\/na\\\/2019\\\/05\\\/17\\\/agents-mobilises-les-journaux-relaient-laction-de-la-tour-blanche\\\/#breadcrumb\"},\"inLanguage\":\"fr-FR\",\"potentialAction\":[{\"@type\":\"ReadAction\",\"target\":[\"https:\\\/\\\/regions-snetap-fsu.fr\\\/na\\\/2019\\\/05\\\/17\\\/agents-mobilises-les-journaux-relaient-laction-de-la-tour-blanche\\\/\"]}]},{\"@type\":\"ImageObject\",\"inLanguage\":\"fr-FR\",\"@id\":\"https:\\\/\\\/regions-snetap-fsu.fr\\\/na\\\/2019\\\/05\\\/17\\\/agents-mobilises-les-journaux-relaient-laction-de-la-tour-blanche\\\/#primaryimage\",\"url\":\"https:\\\/\\\/regions-snetap-fsu.fr\\\/na\\\/wp-content\\\/uploads\\\/sites\\\/3\\\/2019\\\/05\\\/Hebdo-2019_05_16-Inquietude-SNETAP-Enilia.jpg\",\"contentUrl\":\"https:\\\/\\\/regions-snetap-fsu.fr\\\/na\\\/wp-content\\\/uploads\\\/sites\\\/3\\\/2019\\\/05\\\/Hebdo-2019_05_16-Inquietude-SNETAP-Enilia.jpg\",\"width\":723,\"height\":1569,\"caption\":\"Hebdo-2019_05_16-Inquietude-SNETAP\"},{\"@type\":\"BreadcrumbList\",\"@id\":\"https:\\\/\\\/regions-snetap-fsu.fr\\\/na\\\/2019\\\/05\\\/17\\\/agents-mobilises-les-journaux-relaient-laction-de-la-tour-blanche\\\/#breadcrumb\",\"itemListElement\":[{\"@type\":\"ListItem\",\"position\":1,\"name\":\"Accueil\",\"item\":\"https:\\\/\\\/regions-snetap-fsu.fr\\\/na\\\/\"},{\"@type\":\"ListItem\",\"position\":2,\"name\":\"Agents mobilis\u00e9s, les journaux relaient les actions de Surg\u00e8res, la Tour Blanche et Montardon\"}]},{\"@type\":\"WebSite\",\"@id\":\"https:\\\/\\\/regions-snetap-fsu.fr\\\/na\\\/#website\",\"url\":\"https:\\\/\\\/regions-snetap-fsu.fr\\\/na\\\/\",\"name\":\"SNETAP-FSU NOUVELLE AQUITAINE\",\"description\":\"Blog de la Section R\u00e9gionale\",\"publisher\":{\"@id\":\"https:\\\/\\\/regions-snetap-fsu.fr\\\/na\\\/#organization\"},\"potentialAction\":[{\"@type\":\"SearchAction\",\"target\":{\"@type\":\"EntryPoint\",\"urlTemplate\":\"https:\\\/\\\/regions-snetap-fsu.fr\\\/na\\\/?s={search_term_string}\"},\"query-input\":{\"@type\":\"PropertyValueSpecification\",\"valueRequired\":true,\"valueName\":\"search_term_string\"}}],\"inLanguage\":\"fr-FR\"},{\"@type\":\"Organization\",\"@id\":\"https:\\\/\\\/regions-snetap-fsu.fr\\\/na\\\/#organization\",\"name\":\"SNETAP-FSU - Nouvelle Aquitaine\",\"url\":\"https:\\\/\\\/regions-snetap-fsu.fr\\\/na\\\/\",\"logo\":{\"@type\":\"ImageObject\",\"inLanguage\":\"fr-FR\",\"@id\":\"https:\\\/\\\/regions-snetap-fsu.fr\\\/na\\\/#\\\/schema\\\/logo\\\/image\\\/\",\"url\":\"https:\\\/\\\/regions-snetap-fsu.fr\\\/na\\\/wp-content\\\/uploads\\\/sites\\\/3\\\/2020\\\/12\\\/SNETAP-Logo.jpg\",\"contentUrl\":\"https:\\\/\\\/regions-snetap-fsu.fr\\\/na\\\/wp-content\\\/uploads\\\/sites\\\/3\\\/2020\\\/12\\\/SNETAP-Logo.jpg\",\"width\":464,\"height\":334,\"caption\":\"SNETAP-FSU - Nouvelle Aquitaine\"},\"image\":{\"@id\":\"https:\\\/\\\/regions-snetap-fsu.fr\\\/na\\\/#\\\/schema\\\/logo\\\/image\\\/\"}},{\"@type\":\"Person\",\"@id\":\"https:\\\/\\\/regions-snetap-fsu.fr\\\/na\\\/#\\\/schema\\\/person\\\/200c3209e01aa8c2a287fda4d096cd22\",\"name\":\"Tmoos\",\"image\":{\"@type\":\"ImageObject\",\"inLanguage\":\"fr-FR\",\"@id\":\"https:\\\/\\\/secure.gravatar.com\\\/avatar\\\/ee9416e21ddddd1cb4bc3f8a9a89584e0671c3184caebebe8e4de3129769a613?s=96&d=mm&r=g\",\"url\":\"https:\\\/\\\/secure.gravatar.com\\\/avatar\\\/ee9416e21ddddd1cb4bc3f8a9a89584e0671c3184caebebe8e4de3129769a613?s=96&d=mm&r=g\",\"contentUrl\":\"https:\\\/\\\/secure.gravatar.com\\\/avatar\\\/ee9416e21ddddd1cb4bc3f8a9a89584e0671c3184caebebe8e4de3129769a613?s=96&d=mm&r=g\",\"caption\":\"Tmoos\"},\"url\":\"https:\\\/\\\/regions-snetap-fsu.fr\\\/na\\\/author\\\/fthomas\\\/\"}]}<\/script>\n<!-- \/ Yoast SEO plugin. -->","yoast_head_json":{"title":"Agents mobilis\u00e9s, les journaux relaient les actions de Surg\u00e8res, la Tour Blanche et Montardon - NOUVELLE AQUITAINE","robots":{"index":"index","follow":"follow","max-snippet":"max-snippet:-1","max-image-preview":"max-image-preview:large","max-video-preview":"max-video-preview:-1"},"canonical":"https:\/\/regions-snetap-fsu.fr\/na\/2019\/05\/17\/agents-mobilises-les-journaux-relaient-laction-de-la-tour-blanche\/","og_locale":"fr_FR","og_type":"article","og_title":"Agents mobilis\u00e9s, les journaux relaient les actions de Surg\u00e8res, la Tour Blanche et Montardon - NOUVELLE AQUITAINE","og_description":"\u00a0 La section syndicale SNETAP FSU de la Tour Blanche a organis\u00e9 la nuit des lyc\u00e9es . Elle a \u00e9t\u00e9 rejointe par 6 militantes de la section snetap de Blanquefort et une de Sabres. La soir\u00e9e a commenc\u00e9 par une AG pour pr\u00e9parer la rencontre avec 2 journalistes 1 de Sud Ouest et 1 du [&hellip;]","og_url":"https:\/\/regions-snetap-fsu.fr\/na\/2019\/05\/17\/agents-mobilises-les-journaux-relaient-laction-de-la-tour-blanche\/","og_site_name":"NOUVELLE AQUITAINE","article_published_time":"2019-05-17T15:00:53+00:00","article_modified_time":"2019-05-23T13:14:28+00:00","og_image":[{"url":"https:\/\/regions-snetap-fsu.fr\/na\/wp-content\/uploads\/sites\/3\/2019\/05\/Hebdo-2019_05_16-Inquietude-SNETAP-Enilia-138x300.jpg","type":"","width":"","height":""}],"author":"Tmoos","twitter_card":"summary_large_image","twitter_misc":{"\u00c9crit par":"Tmoos","Dur\u00e9e de lecture estim\u00e9e":"1 minute"},"schema":{"@context":"https:\/\/schema.org","@graph":[{"@type":"Article","@id":"https:\/\/regions-snetap-fsu.fr\/na\/2019\/05\/17\/agents-mobilises-les-journaux-relaient-laction-de-la-tour-blanche\/#article","isPartOf":{"@id":"https:\/\/regions-snetap-fsu.fr\/na\/2019\/05\/17\/agents-mobilises-les-journaux-relaient-laction-de-la-tour-blanche\/"},"author":{"name":"Tmoos","@id":"https:\/\/regions-snetap-fsu.fr\/na\/#\/schema\/person\/200c3209e01aa8c2a287fda4d096cd22"},"headline":"Agents mobilis\u00e9s, les journaux relaient les actions de Surg\u00e8res, la Tour Blanche et Montardon","datePublished":"2019-05-17T15:00:53+00:00","dateModified":"2019-05-23T13:14:28+00:00","mainEntityOfPage":{"@id":"https:\/\/regions-snetap-fsu.fr\/na\/2019\/05\/17\/agents-mobilises-les-journaux-relaient-laction-de-la-tour-blanche\/"},"wordCount":249,"publisher":{"@id":"https:\/\/regions-snetap-fsu.fr\/na\/#organization"},"image":{"@id":"https:\/\/regions-snetap-fsu.fr\/na\/2019\/05\/17\/agents-mobilises-les-journaux-relaient-laction-de-la-tour-blanche\/#primaryimage"},"thumbnailUrl":"https:\/\/regions-snetap-fsu.fr\/na\/wp-content\/uploads\/sites\/3\/2019\/05\/Hebdo-2019_05_16-Inquietude-SNETAP-Enilia-138x300.jpg","articleSection":["Actions","Secteur Aquitaine"],"inLanguage":"fr-FR"},{"@type":"WebPage","@id":"https:\/\/regions-snetap-fsu.fr\/na\/2019\/05\/17\/agents-mobilises-les-journaux-relaient-laction-de-la-tour-blanche\/","url":"https:\/\/regions-snetap-fsu.fr\/na\/2019\/05\/17\/agents-mobilises-les-journaux-relaient-laction-de-la-tour-blanche\/","name":"Agents mobilis\u00e9s, les journaux relaient les actions de Surg\u00e8res, la Tour Blanche et Montardon - NOUVELLE AQUITAINE","isPartOf":{"@id":"https:\/\/regions-snetap-fsu.fr\/na\/#website"},"primaryImageOfPage":{"@id":"https:\/\/regions-snetap-fsu.fr\/na\/2019\/05\/17\/agents-mobilises-les-journaux-relaient-laction-de-la-tour-blanche\/#primaryimage"},"image":{"@id":"https:\/\/regions-snetap-fsu.fr\/na\/2019\/05\/17\/agents-mobilises-les-journaux-relaient-laction-de-la-tour-blanche\/#primaryimage"},"thumbnailUrl":"https:\/\/regions-snetap-fsu.fr\/na\/wp-content\/uploads\/sites\/3\/2019\/05\/Hebdo-2019_05_16-Inquietude-SNETAP-Enilia-138x300.jpg","datePublished":"2019-05-17T15:00:53+00:00","dateModified":"2019-05-23T13:14:28+00:00","breadcrumb":{"@id":"https:\/\/regions-snetap-fsu.fr\/na\/2019\/05\/17\/agents-mobilises-les-journaux-relaient-laction-de-la-tour-blanche\/#breadcrumb"},"inLanguage":"fr-FR","potentialAction":[{"@type":"ReadAction","target":["https:\/\/regions-snetap-fsu.fr\/na\/2019\/05\/17\/agents-mobilises-les-journaux-relaient-laction-de-la-tour-blanche\/"]}]},{"@type":"ImageObject","inLanguage":"fr-FR","@id":"https:\/\/regions-snetap-fsu.fr\/na\/2019\/05\/17\/agents-mobilises-les-journaux-relaient-laction-de-la-tour-blanche\/#primaryimage","url":"https:\/\/regions-snetap-fsu.fr\/na\/wp-content\/uploads\/sites\/3\/2019\/05\/Hebdo-2019_05_16-Inquietude-SNETAP-Enilia.jpg","contentUrl":"https:\/\/regions-snetap-fsu.fr\/na\/wp-content\/uploads\/sites\/3\/2019\/05\/Hebdo-2019_05_16-Inquietude-SNETAP-Enilia.jpg","width":723,"height":1569,"caption":"Hebdo-2019_05_16-Inquietude-SNETAP"},{"@type":"BreadcrumbList","@id":"https:\/\/regions-snetap-fsu.fr\/na\/2019\/05\/17\/agents-mobilises-les-journaux-relaient-laction-de-la-tour-blanche\/#breadcrumb","itemListElement":[{"@type":"ListItem","position":1,"name":"Accueil","item":"https:\/\/regions-snetap-fsu.fr\/na\/"},{"@type":"ListItem","position":2,"name":"Agents mobilis\u00e9s, les journaux relaient les actions de Surg\u00e8res, la Tour Blanche et Montardon"}]},{"@type":"WebSite","@id":"https:\/\/regions-snetap-fsu.fr\/na\/#website","url":"https:\/\/regions-snetap-fsu.fr\/na\/","name":"SNETAP-FSU NOUVELLE AQUITAINE","description":"Blog de la Section R\u00e9gionale","publisher":{"@id":"https:\/\/regions-snetap-fsu.fr\/na\/#organization"},"potentialAction":[{"@type":"SearchAction","target":{"@type":"EntryPoint","urlTemplate":"https:\/\/regions-snetap-fsu.fr\/na\/?s={search_term_string}"},"query-input":{"@type":"PropertyValueSpecification","valueRequired":true,"valueName":"search_term_string"}}],"inLanguage":"fr-FR"},{"@type":"Organization","@id":"https:\/\/regions-snetap-fsu.fr\/na\/#organization","name":"SNETAP-FSU - Nouvelle Aquitaine","url":"https:\/\/regions-snetap-fsu.fr\/na\/","logo":{"@type":"ImageObject","inLanguage":"fr-FR","@id":"https:\/\/regions-snetap-fsu.fr\/na\/#\/schema\/logo\/image\/","url":"https:\/\/regions-snetap-fsu.fr\/na\/wp-content\/uploads\/sites\/3\/2020\/12\/SNETAP-Logo.jpg","contentUrl":"https:\/\/regions-snetap-fsu.fr\/na\/wp-content\/uploads\/sites\/3\/2020\/12\/SNETAP-Logo.jpg","width":464,"height":334,"caption":"SNETAP-FSU - Nouvelle Aquitaine"},"image":{"@id":"https:\/\/regions-snetap-fsu.fr\/na\/#\/schema\/logo\/image\/"}},{"@type":"Person","@id":"https:\/\/regions-snetap-fsu.fr\/na\/#\/schema\/person\/200c3209e01aa8c2a287fda4d096cd22","name":"Tmoos","image":{"@type":"ImageObject","inLanguage":"fr-FR","@id":"https:\/\/secure.gravatar.com\/avatar\/ee9416e21ddddd1cb4bc3f8a9a89584e0671c3184caebebe8e4de3129769a613?s=96&d=mm&r=g","url":"https:\/\/secure.gravatar.com\/avatar\/ee9416e21ddddd1cb4bc3f8a9a89584e0671c3184caebebe8e4de3129769a613?s=96&d=mm&r=g","contentUrl":"https:\/\/secure.gravatar.com\/avatar\/ee9416e21ddddd1cb4bc3f8a9a89584e0671c3184caebebe8e4de3129769a613?s=96&d=mm&r=g","caption":"Tmoos"},"url":"https:\/\/regions-snetap-fsu.fr\/na\/author\/fthomas\/"}]}},"_links":{"self":[{"href":"https:\/\/regions-snetap-fsu.fr\/na\/wp-json\/wp\/v2\/posts\/1289","targetHints":{"allow":["GET"]}}],"collection":[{"href":"https:\/\/regions-snetap-fsu.fr\/na\/wp-json\/wp\/v2\/posts"}],"about":[{"href":"https:\/\/regions-snetap-fsu.fr\/na\/wp-json\/wp\/v2\/types\/post"}],"author":[{"embeddable":true,"href":"https:\/\/regions-snetap-fsu.fr\/na\/wp-json\/wp\/v2\/users\/99"}],"replies":[{"embeddable":true,"href":"https:\/\/regions-snetap-fsu.fr\/na\/wp-json\/wp\/v2\/comments?post=1289"}],"version-history":[{"count":10,"href":"https:\/\/regions-snetap-fsu.fr\/na\/wp-json\/wp\/v2\/posts\/1289\/revisions"}],"predecessor-version":[{"id":1330,"href":"https:\/\/regions-snetap-fsu.fr\/na\/wp-json\/wp\/v2\/posts\/1289\/revisions\/1330"}],"wp:attachment":[{"href":"https:\/\/regions-snetap-fsu.fr\/na\/wp-json\/wp\/v2\/media?parent=1289"}],"wp:term":[{"taxonomy":"category","embeddable":true,"href":"https:\/\/regions-snetap-fsu.fr\/na\/wp-json\/wp\/v2\/categories?post=1289"},{"taxonomy":"post_tag","embeddable":true,"href":"https:\/\/regions-snetap-fsu.fr\/na\/wp-json\/wp\/v2\/tags?post=1289"},{"taxonomy":"post_folder","embeddable":true,"href":"https:\/\/regions-snetap-fsu.fr\/na\/wp-json\/wp\/v2\/post_folder?post=1289"}],"curies":[{"name":"wp","href":"https:\/\/api.w.org\/{rel}","templated":true}]}}