{"id":1258,"date":"2019-05-10T07:28:25","date_gmt":"2019-05-10T05:28:25","guid":{"rendered":"https:\/\/regions-snetap-fsu.fr\/na\/?p=1258"},"modified":"2019-05-14T14:02:20","modified_gmt":"2019-05-14T12:02:20","slug":"nuit-des-lycees-la-nouvelle-aquitaine-mobilisee","status":"publish","type":"post","link":"https:\/\/regions-snetap-fsu.fr\/na\/2019\/05\/10\/nuit-des-lycees-la-nouvelle-aquitaine-mobilisee\/","title":{"rendered":"Nuit des lyc\u00e9es, La Nouvelle Aquitaine mobilis\u00e9e."},"content":{"rendered":"<div class=\"main\">\n<div class=\"wrapper hfeed col-xs-12 col-sm-8\">\n<div id=\"content\" class=\"content hentry\">\n<div class=\"crayon article-texte-5910 texte surlignable clearfix\">\n<p>Dans l&rsquo;ordre d&rsquo;arriv\u00e9e des photos !<\/p>\n<p><strong>Ne nous laissons pas faire, R\u00c9SISTONS\u00a0!\u00a0<\/strong><br class=\"autobr\" \/><strong>La mobilisation ne fait que commencer\u00a0!<\/strong><br class=\"autobr\" \/><strong>Inscrivons nous de plus en plus nombreux dans les actions.\u00a0<\/strong><br class=\"autobr\" \/><strong>Les jeunes, les apprenants qui nous sont confi\u00e9s et l\u2019Enseignement public m\u00e9ritent mieux\u00a0!<\/strong><\/p>\n<p>Dans l&rsquo;ordre d&rsquo;arriv\u00e9e des photos !<\/p>\n<ul>\n<li><strong>\u00a0La nuit dans l\u2019<a class=\"cs_glossaire\" href=\"https:\/\/www.snetap-fsu.fr\/+-EPL-+.html\" name=\"mot79_1\"><span class=\"gl_mot\">EPL<\/span><\/a> des Landes :<\/strong><\/li>\n<\/ul>\n<p>\u00b0 D\u00e9but de soir\u00e9e \u00e0 <strong>Mugron\u00a0<\/strong>:<span class=\"spip_document_6858 spip_documents spip_documents_center\"><img fetchpriority=\"high\" decoding=\"async\" src=\"https:\/\/www.snetap-fsu.fr\/local\/cache-vignettes\/L672xH410\/img_2210_bis-d0a40.jpg?1557428657\" alt=\"\" width=\"672\" height=\"410\" \/><\/span><\/p>\n<p>\u00b0 AG avec Monsieur Boris Vallaud, D\u00e9put\u00e9 de la circonscription\u00a0:<span class=\"spip_document_6861 spip_documents spip_documents_center\"><img decoding=\"async\" src=\"https:\/\/www.snetap-fsu.fr\/local\/cache-vignettes\/L672xH504\/img_2226-14941.jpg?1557431551\" alt=\"\" width=\"672\" height=\"504\" \/><\/span><\/p>\n<ul>\n<li><strong><span class=\"spip_document_6861 spip_documents spip_documents_center\">Dans l\u2019EPL Bordeaux Blanquefort<\/span><\/strong><\/li>\n<\/ul>\n<p>\u00b0 D\u00e9but de l\u2019AG\u00a0:<\/p>\n<p><span class=\"spip_document_6847 spip_documents spip_documents_center\"><img decoding=\"async\" src=\"https:\/\/www.snetap-fsu.fr\/local\/cache-vignettes\/L672xH379\/ag_tour_blanche190509-e91ad.jpg?1557427617\" alt=\"\" width=\"672\" height=\"379\" \/><\/span><\/p>\n<p>\u00b0 <strong>La Tour Blanche<\/strong> veille\u00a0!<\/p>\n<p><span class=\"spip_document_6863 spip_documents spip_documents_center\"><img loading=\"lazy\" decoding=\"async\" src=\"https:\/\/www.snetap-fsu.fr\/local\/cache-vignettes\/L672xH327\/la_tour_blanche_veille_e190509-a0d79.jpg?1557432973\" alt=\"\" width=\"672\" height=\"327\" \/><\/span><\/p>\n<ul>\n<li>\u00a0<strong>Melle<\/strong> d\u00e9bute la soir\u00e9e\u00a0:<span class=\"spip_document_6864 spip_documents spip_documents_center\"><img loading=\"lazy\" decoding=\"async\" class=\"aligncenter\" src=\"https:\/\/www.snetap-fsu.fr\/local\/cache-vignettes\/L360xH640\/img_2228-1e6a4.jpg?1557433206\" alt=\"\" width=\"360\" height=\"640\" \/><\/span><\/li>\n<\/ul>\n<\/div>\n<\/div>\n<\/div>\n<\/div>\n<div class=\"footer clearfix\">\n<ul>\n<li><strong>Surg\u00e8res<\/strong>, les veilleurs \u00e0 l&rsquo;ouvrage en compagnie de Madame AULIER, pr\u00e9sidente de la FCPE 17<\/li>\n<\/ul>\n<p><img loading=\"lazy\" decoding=\"async\" class=\"alignnone wp-image-1269\" src=\"https:\/\/regions-snetap-fsu.fr\/na\/wp-content\/uploads\/sites\/3\/2019\/05\/9mai-surgeres-300x169.jpg\" alt=\"\" width=\"314\" height=\"177\" srcset=\"https:\/\/regions-snetap-fsu.fr\/na\/wp-content\/uploads\/sites\/3\/2019\/05\/9mai-surgeres-300x169.jpg 300w, https:\/\/regions-snetap-fsu.fr\/na\/wp-content\/uploads\/sites\/3\/2019\/05\/9mai-surgeres-768x432.jpg 768w, https:\/\/regions-snetap-fsu.fr\/na\/wp-content\/uploads\/sites\/3\/2019\/05\/9mai-surgeres.jpg 1024w, https:\/\/regions-snetap-fsu.fr\/na\/wp-content\/uploads\/sites\/3\/2019\/05\/9mai-surgeres-100x56.jpg 100w, https:\/\/regions-snetap-fsu.fr\/na\/wp-content\/uploads\/sites\/3\/2019\/05\/9mai-surgeres-150x84.jpg 150w, https:\/\/regions-snetap-fsu.fr\/na\/wp-content\/uploads\/sites\/3\/2019\/05\/9mai-surgeres-200x113.jpg 200w, https:\/\/regions-snetap-fsu.fr\/na\/wp-content\/uploads\/sites\/3\/2019\/05\/9mai-surgeres-450x253.jpg 450w, https:\/\/regions-snetap-fsu.fr\/na\/wp-content\/uploads\/sites\/3\/2019\/05\/9mai-surgeres-600x338.jpg 600w, https:\/\/regions-snetap-fsu.fr\/na\/wp-content\/uploads\/sites\/3\/2019\/05\/9mai-surgeres-900x506.jpg 900w\" sizes=\"(max-width: 314px) 100vw, 314px\" \/><\/p>\n<\/div>\n","protected":false},"excerpt":{"rendered":"<p>Dans l&rsquo;ordre d&rsquo;arriv\u00e9e des photos ! Ne nous laissons pas faire, R\u00c9SISTONS\u00a0!\u00a0La mobilisation ne fait que commencer\u00a0!Inscrivons nous de plus en plus nombreux dans les actions.\u00a0Les jeunes, les apprenants qui nous sont confi\u00e9s et l\u2019Enseignement public m\u00e9ritent mieux\u00a0! Dans l&rsquo;ordre d&rsquo;arriv\u00e9e des photos ! \u00a0La nuit dans l\u2019EPL des Landes : \u00b0 D\u00e9but de soir\u00e9e [&hellip;]<\/p>\n","protected":false},"author":99,"featured_media":0,"comment_status":"closed","ping_status":"closed","sticky":false,"template":"","format":"standard","meta":{"ocean_post_layout":"","ocean_both_sidebars_style":"","ocean_both_sidebars_content_width":0,"ocean_both_sidebars_sidebars_width":0,"ocean_sidebar":"","ocean_second_sidebar":"","ocean_disable_margins":"enable","ocean_add_body_class":"","ocean_shortcode_before_top_bar":"","ocean_shortcode_after_top_bar":"","ocean_shortcode_before_header":"","ocean_shortcode_after_header":"","ocean_has_shortcode":"","ocean_shortcode_after_title":"","ocean_shortcode_before_footer_widgets":"","ocean_shortcode_after_footer_widgets":"","ocean_shortcode_before_footer_bottom":"","ocean_shortcode_after_footer_bottom":"","ocean_display_top_bar":"default","ocean_display_header":"default","ocean_header_style":"","ocean_center_header_left_menu":"","ocean_custom_header_template":"","ocean_custom_logo":0,"ocean_custom_retina_logo":0,"ocean_custom_logo_max_width":0,"ocean_custom_logo_tablet_max_width":0,"ocean_custom_logo_mobile_max_width":0,"ocean_custom_logo_max_height":0,"ocean_custom_logo_tablet_max_height":0,"ocean_custom_logo_mobile_max_height":0,"ocean_header_custom_menu":"","ocean_menu_typo_font_family":"","ocean_menu_typo_font_subset":"","ocean_menu_typo_font_size":0,"ocean_menu_typo_font_size_tablet":0,"ocean_menu_typo_font_size_mobile":0,"ocean_menu_typo_font_size_unit":"px","ocean_menu_typo_font_weight":"","ocean_menu_typo_font_weight_tablet":"","ocean_menu_typo_font_weight_mobile":"","ocean_menu_typo_transform":"","ocean_menu_typo_transform_tablet":"","ocean_menu_typo_transform_mobile":"","ocean_menu_typo_line_height":0,"ocean_menu_typo_line_height_tablet":0,"ocean_menu_typo_line_height_mobile":0,"ocean_menu_typo_line_height_unit":"","ocean_menu_typo_spacing":0,"ocean_menu_typo_spacing_tablet":0,"ocean_menu_typo_spacing_mobile":0,"ocean_menu_typo_spacing_unit":"","ocean_menu_link_color":"","ocean_menu_link_color_hover":"","ocean_menu_link_color_active":"","ocean_menu_link_background":"","ocean_menu_link_hover_background":"","ocean_menu_link_active_background":"","ocean_menu_social_links_bg":"","ocean_menu_social_hover_links_bg":"","ocean_menu_social_links_color":"","ocean_menu_social_hover_links_color":"","ocean_disable_title":"default","ocean_disable_heading":"default","ocean_post_title":"","ocean_post_subheading":"","ocean_post_title_style":"","ocean_post_title_background_color":"","ocean_post_title_background":0,"ocean_post_title_bg_image_position":"","ocean_post_title_bg_image_attachment":"","ocean_post_title_bg_image_repeat":"","ocean_post_title_bg_image_size":"","ocean_post_title_height":0,"ocean_post_title_bg_overlay":0.5,"ocean_post_title_bg_overlay_color":"","ocean_disable_breadcrumbs":"default","ocean_breadcrumbs_color":"","ocean_breadcrumbs_separator_color":"","ocean_breadcrumbs_links_color":"","ocean_breadcrumbs_links_hover_color":"","ocean_display_footer_widgets":"default","ocean_display_footer_bottom":"default","ocean_custom_footer_template":"","ocean_post_oembed":"","ocean_post_self_hosted_media":"","ocean_post_video_embed":"","ocean_link_format":"","ocean_link_format_target":"self","ocean_quote_format":"","ocean_quote_format_link":"post","ocean_gallery_link_images":"on","ocean_gallery_id":[],"footnotes":""},"categories":[12,8,5,7],"tags":[],"post_folder":[],"class_list":["post-1258","post","type-post","status-publish","format-standard","hentry","category-actions","category-na","category-exaq","category-expc","entry"],"yoast_head":"<!-- This site is optimized with the Yoast SEO plugin v27.4 - https:\/\/yoast.com\/product\/yoast-seo-wordpress\/ -->\n<title>Nuit des lyc\u00e9es, La Nouvelle Aquitaine mobilis\u00e9e. - NOUVELLE AQUITAINE<\/title>\n<meta name=\"robots\" content=\"index, follow, max-snippet:-1, max-image-preview:large, max-video-preview:-1\" \/>\n<link rel=\"canonical\" href=\"https:\/\/regions-snetap-fsu.fr\/na\/2019\/05\/10\/nuit-des-lycees-la-nouvelle-aquitaine-mobilisee\/\" \/>\n<meta property=\"og:locale\" content=\"fr_FR\" \/>\n<meta property=\"og:type\" content=\"article\" \/>\n<meta property=\"og:title\" content=\"Nuit des lyc\u00e9es, La Nouvelle Aquitaine mobilis\u00e9e. - NOUVELLE AQUITAINE\" \/>\n<meta property=\"og:description\" content=\"Dans l&rsquo;ordre d&rsquo;arriv\u00e9e des photos ! Ne nous laissons pas faire, R\u00c9SISTONS\u00a0!\u00a0La mobilisation ne fait que commencer\u00a0!Inscrivons nous de plus en plus nombreux dans les actions.\u00a0Les jeunes, les apprenants qui nous sont confi\u00e9s et l\u2019Enseignement public m\u00e9ritent mieux\u00a0! Dans l&rsquo;ordre d&rsquo;arriv\u00e9e des photos ! \u00a0La nuit dans l\u2019EPL des Landes : \u00b0 D\u00e9but de soir\u00e9e [&hellip;]\" \/>\n<meta property=\"og:url\" content=\"https:\/\/regions-snetap-fsu.fr\/na\/2019\/05\/10\/nuit-des-lycees-la-nouvelle-aquitaine-mobilisee\/\" \/>\n<meta property=\"og:site_name\" content=\"NOUVELLE AQUITAINE\" \/>\n<meta property=\"article:published_time\" content=\"2019-05-10T05:28:25+00:00\" \/>\n<meta property=\"article:modified_time\" content=\"2019-05-14T12:02:20+00:00\" \/>\n<meta property=\"og:image\" content=\"https:\/\/www.snetap-fsu.fr\/local\/cache-vignettes\/L672xH410\/img_2210_bis-d0a40.jpg?1557428657\" \/>\n<meta name=\"author\" content=\"Tmoos\" \/>\n<meta name=\"twitter:card\" content=\"summary_large_image\" \/>\n<meta name=\"twitter:label1\" content=\"\u00c9crit par\" \/>\n\t<meta name=\"twitter:data1\" content=\"Tmoos\" \/>\n\t<meta name=\"twitter:label2\" content=\"Dur\u00e9e de lecture estim\u00e9e\" \/>\n\t<meta name=\"twitter:data2\" content=\"1 minute\" \/>\n<script type=\"application\/ld+json\" class=\"yoast-schema-graph\">{\"@context\":\"https:\\\/\\\/schema.org\",\"@graph\":[{\"@type\":\"Article\",\"@id\":\"https:\\\/\\\/regions-snetap-fsu.fr\\\/na\\\/2019\\\/05\\\/10\\\/nuit-des-lycees-la-nouvelle-aquitaine-mobilisee\\\/#article\",\"isPartOf\":{\"@id\":\"https:\\\/\\\/regions-snetap-fsu.fr\\\/na\\\/2019\\\/05\\\/10\\\/nuit-des-lycees-la-nouvelle-aquitaine-mobilisee\\\/\"},\"author\":{\"name\":\"Tmoos\",\"@id\":\"https:\\\/\\\/regions-snetap-fsu.fr\\\/na\\\/#\\\/schema\\\/person\\\/200c3209e01aa8c2a287fda4d096cd22\"},\"headline\":\"Nuit des lyc\u00e9es, La Nouvelle Aquitaine mobilis\u00e9e.\",\"datePublished\":\"2019-05-10T05:28:25+00:00\",\"dateModified\":\"2019-05-14T12:02:20+00:00\",\"mainEntityOfPage\":{\"@id\":\"https:\\\/\\\/regions-snetap-fsu.fr\\\/na\\\/2019\\\/05\\\/10\\\/nuit-des-lycees-la-nouvelle-aquitaine-mobilisee\\\/\"},\"wordCount\":123,\"publisher\":{\"@id\":\"https:\\\/\\\/regions-snetap-fsu.fr\\\/na\\\/#organization\"},\"image\":{\"@id\":\"https:\\\/\\\/regions-snetap-fsu.fr\\\/na\\\/2019\\\/05\\\/10\\\/nuit-des-lycees-la-nouvelle-aquitaine-mobilisee\\\/#primaryimage\"},\"thumbnailUrl\":\"https:\\\/\\\/www.snetap-fsu.fr\\\/local\\\/cache-vignettes\\\/L672xH410\\\/img_2210_bis-d0a40.jpg?1557428657\",\"articleSection\":[\"Actions\",\"NA\",\"Secteur Aquitaine\",\"Secteur Poitou-Charentes\"],\"inLanguage\":\"fr-FR\"},{\"@type\":\"WebPage\",\"@id\":\"https:\\\/\\\/regions-snetap-fsu.fr\\\/na\\\/2019\\\/05\\\/10\\\/nuit-des-lycees-la-nouvelle-aquitaine-mobilisee\\\/\",\"url\":\"https:\\\/\\\/regions-snetap-fsu.fr\\\/na\\\/2019\\\/05\\\/10\\\/nuit-des-lycees-la-nouvelle-aquitaine-mobilisee\\\/\",\"name\":\"Nuit des lyc\u00e9es, La Nouvelle Aquitaine mobilis\u00e9e. - NOUVELLE AQUITAINE\",\"isPartOf\":{\"@id\":\"https:\\\/\\\/regions-snetap-fsu.fr\\\/na\\\/#website\"},\"primaryImageOfPage\":{\"@id\":\"https:\\\/\\\/regions-snetap-fsu.fr\\\/na\\\/2019\\\/05\\\/10\\\/nuit-des-lycees-la-nouvelle-aquitaine-mobilisee\\\/#primaryimage\"},\"image\":{\"@id\":\"https:\\\/\\\/regions-snetap-fsu.fr\\\/na\\\/2019\\\/05\\\/10\\\/nuit-des-lycees-la-nouvelle-aquitaine-mobilisee\\\/#primaryimage\"},\"thumbnailUrl\":\"https:\\\/\\\/www.snetap-fsu.fr\\\/local\\\/cache-vignettes\\\/L672xH410\\\/img_2210_bis-d0a40.jpg?1557428657\",\"datePublished\":\"2019-05-10T05:28:25+00:00\",\"dateModified\":\"2019-05-14T12:02:20+00:00\",\"breadcrumb\":{\"@id\":\"https:\\\/\\\/regions-snetap-fsu.fr\\\/na\\\/2019\\\/05\\\/10\\\/nuit-des-lycees-la-nouvelle-aquitaine-mobilisee\\\/#breadcrumb\"},\"inLanguage\":\"fr-FR\",\"potentialAction\":[{\"@type\":\"ReadAction\",\"target\":[\"https:\\\/\\\/regions-snetap-fsu.fr\\\/na\\\/2019\\\/05\\\/10\\\/nuit-des-lycees-la-nouvelle-aquitaine-mobilisee\\\/\"]}]},{\"@type\":\"ImageObject\",\"inLanguage\":\"fr-FR\",\"@id\":\"https:\\\/\\\/regions-snetap-fsu.fr\\\/na\\\/2019\\\/05\\\/10\\\/nuit-des-lycees-la-nouvelle-aquitaine-mobilisee\\\/#primaryimage\",\"url\":\"https:\\\/\\\/www.snetap-fsu.fr\\\/local\\\/cache-vignettes\\\/L672xH410\\\/img_2210_bis-d0a40.jpg?1557428657\",\"contentUrl\":\"https:\\\/\\\/www.snetap-fsu.fr\\\/local\\\/cache-vignettes\\\/L672xH410\\\/img_2210_bis-d0a40.jpg?1557428657\"},{\"@type\":\"BreadcrumbList\",\"@id\":\"https:\\\/\\\/regions-snetap-fsu.fr\\\/na\\\/2019\\\/05\\\/10\\\/nuit-des-lycees-la-nouvelle-aquitaine-mobilisee\\\/#breadcrumb\",\"itemListElement\":[{\"@type\":\"ListItem\",\"position\":1,\"name\":\"Accueil\",\"item\":\"https:\\\/\\\/regions-snetap-fsu.fr\\\/na\\\/\"},{\"@type\":\"ListItem\",\"position\":2,\"name\":\"Nuit des lyc\u00e9es, La Nouvelle Aquitaine mobilis\u00e9e.\"}]},{\"@type\":\"WebSite\",\"@id\":\"https:\\\/\\\/regions-snetap-fsu.fr\\\/na\\\/#website\",\"url\":\"https:\\\/\\\/regions-snetap-fsu.fr\\\/na\\\/\",\"name\":\"SNETAP-FSU NOUVELLE AQUITAINE\",\"description\":\"Blog de la Section R\u00e9gionale\",\"publisher\":{\"@id\":\"https:\\\/\\\/regions-snetap-fsu.fr\\\/na\\\/#organization\"},\"potentialAction\":[{\"@type\":\"SearchAction\",\"target\":{\"@type\":\"EntryPoint\",\"urlTemplate\":\"https:\\\/\\\/regions-snetap-fsu.fr\\\/na\\\/?s={search_term_string}\"},\"query-input\":{\"@type\":\"PropertyValueSpecification\",\"valueRequired\":true,\"valueName\":\"search_term_string\"}}],\"inLanguage\":\"fr-FR\"},{\"@type\":\"Organization\",\"@id\":\"https:\\\/\\\/regions-snetap-fsu.fr\\\/na\\\/#organization\",\"name\":\"SNETAP-FSU - Nouvelle Aquitaine\",\"url\":\"https:\\\/\\\/regions-snetap-fsu.fr\\\/na\\\/\",\"logo\":{\"@type\":\"ImageObject\",\"inLanguage\":\"fr-FR\",\"@id\":\"https:\\\/\\\/regions-snetap-fsu.fr\\\/na\\\/#\\\/schema\\\/logo\\\/image\\\/\",\"url\":\"https:\\\/\\\/regions-snetap-fsu.fr\\\/na\\\/wp-content\\\/uploads\\\/sites\\\/3\\\/2020\\\/12\\\/SNETAP-Logo.jpg\",\"contentUrl\":\"https:\\\/\\\/regions-snetap-fsu.fr\\\/na\\\/wp-content\\\/uploads\\\/sites\\\/3\\\/2020\\\/12\\\/SNETAP-Logo.jpg\",\"width\":464,\"height\":334,\"caption\":\"SNETAP-FSU - Nouvelle Aquitaine\"},\"image\":{\"@id\":\"https:\\\/\\\/regions-snetap-fsu.fr\\\/na\\\/#\\\/schema\\\/logo\\\/image\\\/\"}},{\"@type\":\"Person\",\"@id\":\"https:\\\/\\\/regions-snetap-fsu.fr\\\/na\\\/#\\\/schema\\\/person\\\/200c3209e01aa8c2a287fda4d096cd22\",\"name\":\"Tmoos\",\"image\":{\"@type\":\"ImageObject\",\"inLanguage\":\"fr-FR\",\"@id\":\"https:\\\/\\\/secure.gravatar.com\\\/avatar\\\/ee9416e21ddddd1cb4bc3f8a9a89584e0671c3184caebebe8e4de3129769a613?s=96&d=mm&r=g\",\"url\":\"https:\\\/\\\/secure.gravatar.com\\\/avatar\\\/ee9416e21ddddd1cb4bc3f8a9a89584e0671c3184caebebe8e4de3129769a613?s=96&d=mm&r=g\",\"contentUrl\":\"https:\\\/\\\/secure.gravatar.com\\\/avatar\\\/ee9416e21ddddd1cb4bc3f8a9a89584e0671c3184caebebe8e4de3129769a613?s=96&d=mm&r=g\",\"caption\":\"Tmoos\"},\"url\":\"https:\\\/\\\/regions-snetap-fsu.fr\\\/na\\\/author\\\/fthomas\\\/\"}]}<\/script>\n<!-- \/ Yoast SEO plugin. -->","yoast_head_json":{"title":"Nuit des lyc\u00e9es, La Nouvelle Aquitaine mobilis\u00e9e. - NOUVELLE AQUITAINE","robots":{"index":"index","follow":"follow","max-snippet":"max-snippet:-1","max-image-preview":"max-image-preview:large","max-video-preview":"max-video-preview:-1"},"canonical":"https:\/\/regions-snetap-fsu.fr\/na\/2019\/05\/10\/nuit-des-lycees-la-nouvelle-aquitaine-mobilisee\/","og_locale":"fr_FR","og_type":"article","og_title":"Nuit des lyc\u00e9es, La Nouvelle Aquitaine mobilis\u00e9e. - NOUVELLE AQUITAINE","og_description":"Dans l&rsquo;ordre d&rsquo;arriv\u00e9e des photos ! Ne nous laissons pas faire, R\u00c9SISTONS\u00a0!\u00a0La mobilisation ne fait que commencer\u00a0!Inscrivons nous de plus en plus nombreux dans les actions.\u00a0Les jeunes, les apprenants qui nous sont confi\u00e9s et l\u2019Enseignement public m\u00e9ritent mieux\u00a0! Dans l&rsquo;ordre d&rsquo;arriv\u00e9e des photos ! \u00a0La nuit dans l\u2019EPL des Landes : \u00b0 D\u00e9but de soir\u00e9e [&hellip;]","og_url":"https:\/\/regions-snetap-fsu.fr\/na\/2019\/05\/10\/nuit-des-lycees-la-nouvelle-aquitaine-mobilisee\/","og_site_name":"NOUVELLE AQUITAINE","article_published_time":"2019-05-10T05:28:25+00:00","article_modified_time":"2019-05-14T12:02:20+00:00","og_image":[{"url":"https:\/\/www.snetap-fsu.fr\/local\/cache-vignettes\/L672xH410\/img_2210_bis-d0a40.jpg?1557428657","type":"","width":"","height":""}],"author":"Tmoos","twitter_card":"summary_large_image","twitter_misc":{"\u00c9crit par":"Tmoos","Dur\u00e9e de lecture estim\u00e9e":"1 minute"},"schema":{"@context":"https:\/\/schema.org","@graph":[{"@type":"Article","@id":"https:\/\/regions-snetap-fsu.fr\/na\/2019\/05\/10\/nuit-des-lycees-la-nouvelle-aquitaine-mobilisee\/#article","isPartOf":{"@id":"https:\/\/regions-snetap-fsu.fr\/na\/2019\/05\/10\/nuit-des-lycees-la-nouvelle-aquitaine-mobilisee\/"},"author":{"name":"Tmoos","@id":"https:\/\/regions-snetap-fsu.fr\/na\/#\/schema\/person\/200c3209e01aa8c2a287fda4d096cd22"},"headline":"Nuit des lyc\u00e9es, La Nouvelle Aquitaine mobilis\u00e9e.","datePublished":"2019-05-10T05:28:25+00:00","dateModified":"2019-05-14T12:02:20+00:00","mainEntityOfPage":{"@id":"https:\/\/regions-snetap-fsu.fr\/na\/2019\/05\/10\/nuit-des-lycees-la-nouvelle-aquitaine-mobilisee\/"},"wordCount":123,"publisher":{"@id":"https:\/\/regions-snetap-fsu.fr\/na\/#organization"},"image":{"@id":"https:\/\/regions-snetap-fsu.fr\/na\/2019\/05\/10\/nuit-des-lycees-la-nouvelle-aquitaine-mobilisee\/#primaryimage"},"thumbnailUrl":"https:\/\/www.snetap-fsu.fr\/local\/cache-vignettes\/L672xH410\/img_2210_bis-d0a40.jpg?1557428657","articleSection":["Actions","NA","Secteur Aquitaine","Secteur Poitou-Charentes"],"inLanguage":"fr-FR"},{"@type":"WebPage","@id":"https:\/\/regions-snetap-fsu.fr\/na\/2019\/05\/10\/nuit-des-lycees-la-nouvelle-aquitaine-mobilisee\/","url":"https:\/\/regions-snetap-fsu.fr\/na\/2019\/05\/10\/nuit-des-lycees-la-nouvelle-aquitaine-mobilisee\/","name":"Nuit des lyc\u00e9es, La Nouvelle Aquitaine mobilis\u00e9e. - NOUVELLE AQUITAINE","isPartOf":{"@id":"https:\/\/regions-snetap-fsu.fr\/na\/#website"},"primaryImageOfPage":{"@id":"https:\/\/regions-snetap-fsu.fr\/na\/2019\/05\/10\/nuit-des-lycees-la-nouvelle-aquitaine-mobilisee\/#primaryimage"},"image":{"@id":"https:\/\/regions-snetap-fsu.fr\/na\/2019\/05\/10\/nuit-des-lycees-la-nouvelle-aquitaine-mobilisee\/#primaryimage"},"thumbnailUrl":"https:\/\/www.snetap-fsu.fr\/local\/cache-vignettes\/L672xH410\/img_2210_bis-d0a40.jpg?1557428657","datePublished":"2019-05-10T05:28:25+00:00","dateModified":"2019-05-14T12:02:20+00:00","breadcrumb":{"@id":"https:\/\/regions-snetap-fsu.fr\/na\/2019\/05\/10\/nuit-des-lycees-la-nouvelle-aquitaine-mobilisee\/#breadcrumb"},"inLanguage":"fr-FR","potentialAction":[{"@type":"ReadAction","target":["https:\/\/regions-snetap-fsu.fr\/na\/2019\/05\/10\/nuit-des-lycees-la-nouvelle-aquitaine-mobilisee\/"]}]},{"@type":"ImageObject","inLanguage":"fr-FR","@id":"https:\/\/regions-snetap-fsu.fr\/na\/2019\/05\/10\/nuit-des-lycees-la-nouvelle-aquitaine-mobilisee\/#primaryimage","url":"https:\/\/www.snetap-fsu.fr\/local\/cache-vignettes\/L672xH410\/img_2210_bis-d0a40.jpg?1557428657","contentUrl":"https:\/\/www.snetap-fsu.fr\/local\/cache-vignettes\/L672xH410\/img_2210_bis-d0a40.jpg?1557428657"},{"@type":"BreadcrumbList","@id":"https:\/\/regions-snetap-fsu.fr\/na\/2019\/05\/10\/nuit-des-lycees-la-nouvelle-aquitaine-mobilisee\/#breadcrumb","itemListElement":[{"@type":"ListItem","position":1,"name":"Accueil","item":"https:\/\/regions-snetap-fsu.fr\/na\/"},{"@type":"ListItem","position":2,"name":"Nuit des lyc\u00e9es, La Nouvelle Aquitaine mobilis\u00e9e."}]},{"@type":"WebSite","@id":"https:\/\/regions-snetap-fsu.fr\/na\/#website","url":"https:\/\/regions-snetap-fsu.fr\/na\/","name":"SNETAP-FSU NOUVELLE AQUITAINE","description":"Blog de la Section R\u00e9gionale","publisher":{"@id":"https:\/\/regions-snetap-fsu.fr\/na\/#organization"},"potentialAction":[{"@type":"SearchAction","target":{"@type":"EntryPoint","urlTemplate":"https:\/\/regions-snetap-fsu.fr\/na\/?s={search_term_string}"},"query-input":{"@type":"PropertyValueSpecification","valueRequired":true,"valueName":"search_term_string"}}],"inLanguage":"fr-FR"},{"@type":"Organization","@id":"https:\/\/regions-snetap-fsu.fr\/na\/#organization","name":"SNETAP-FSU - Nouvelle Aquitaine","url":"https:\/\/regions-snetap-fsu.fr\/na\/","logo":{"@type":"ImageObject","inLanguage":"fr-FR","@id":"https:\/\/regions-snetap-fsu.fr\/na\/#\/schema\/logo\/image\/","url":"https:\/\/regions-snetap-fsu.fr\/na\/wp-content\/uploads\/sites\/3\/2020\/12\/SNETAP-Logo.jpg","contentUrl":"https:\/\/regions-snetap-fsu.fr\/na\/wp-content\/uploads\/sites\/3\/2020\/12\/SNETAP-Logo.jpg","width":464,"height":334,"caption":"SNETAP-FSU - Nouvelle Aquitaine"},"image":{"@id":"https:\/\/regions-snetap-fsu.fr\/na\/#\/schema\/logo\/image\/"}},{"@type":"Person","@id":"https:\/\/regions-snetap-fsu.fr\/na\/#\/schema\/person\/200c3209e01aa8c2a287fda4d096cd22","name":"Tmoos","image":{"@type":"ImageObject","inLanguage":"fr-FR","@id":"https:\/\/secure.gravatar.com\/avatar\/ee9416e21ddddd1cb4bc3f8a9a89584e0671c3184caebebe8e4de3129769a613?s=96&d=mm&r=g","url":"https:\/\/secure.gravatar.com\/avatar\/ee9416e21ddddd1cb4bc3f8a9a89584e0671c3184caebebe8e4de3129769a613?s=96&d=mm&r=g","contentUrl":"https:\/\/secure.gravatar.com\/avatar\/ee9416e21ddddd1cb4bc3f8a9a89584e0671c3184caebebe8e4de3129769a613?s=96&d=mm&r=g","caption":"Tmoos"},"url":"https:\/\/regions-snetap-fsu.fr\/na\/author\/fthomas\/"}]}},"_links":{"self":[{"href":"https:\/\/regions-snetap-fsu.fr\/na\/wp-json\/wp\/v2\/posts\/1258","targetHints":{"allow":["GET"]}}],"collection":[{"href":"https:\/\/regions-snetap-fsu.fr\/na\/wp-json\/wp\/v2\/posts"}],"about":[{"href":"https:\/\/regions-snetap-fsu.fr\/na\/wp-json\/wp\/v2\/types\/post"}],"author":[{"embeddable":true,"href":"https:\/\/regions-snetap-fsu.fr\/na\/wp-json\/wp\/v2\/users\/99"}],"replies":[{"embeddable":true,"href":"https:\/\/regions-snetap-fsu.fr\/na\/wp-json\/wp\/v2\/comments?post=1258"}],"version-history":[{"count":6,"href":"https:\/\/regions-snetap-fsu.fr\/na\/wp-json\/wp\/v2\/posts\/1258\/revisions"}],"predecessor-version":[{"id":1272,"href":"https:\/\/regions-snetap-fsu.fr\/na\/wp-json\/wp\/v2\/posts\/1258\/revisions\/1272"}],"wp:attachment":[{"href":"https:\/\/regions-snetap-fsu.fr\/na\/wp-json\/wp\/v2\/media?parent=1258"}],"wp:term":[{"taxonomy":"category","embeddable":true,"href":"https:\/\/regions-snetap-fsu.fr\/na\/wp-json\/wp\/v2\/categories?post=1258"},{"taxonomy":"post_tag","embeddable":true,"href":"https:\/\/regions-snetap-fsu.fr\/na\/wp-json\/wp\/v2\/tags?post=1258"},{"taxonomy":"post_folder","embeddable":true,"href":"https:\/\/regions-snetap-fsu.fr\/na\/wp-json\/wp\/v2\/post_folder?post=1258"}],"curies":[{"name":"wp","href":"https:\/\/api.w.org\/{rel}","templated":true}]}}