{"id":1247,"date":"2019-04-24T09:02:12","date_gmt":"2019-04-24T07:02:12","guid":{"rendered":"https:\/\/regions-snetap-fsu.fr\/na\/?p=1247"},"modified":"2019-04-24T09:03:22","modified_gmt":"2019-04-24T07:03:22","slug":"le-lycee-camille-godart-devient-lycee-public","status":"publish","type":"post","link":"https:\/\/regions-snetap-fsu.fr\/na\/2019\/04\/24\/le-lycee-camille-godart-devient-lycee-public\/","title":{"rendered":"Le lyc\u00e9e Camille Godart devient lyc\u00e9e public"},"content":{"rendered":"<p><img decoding=\"async\" class=\"alignleft\" src=\"https:\/\/www.snetap-fsu.fr\/local\/cache-vignettes\/L150xH210\/arton5876-5baff.jpg?1555888760\" \/><\/p>\n<div class=\"crayon article-chapo-5876 chapo surlignable\">\n<p><strong>\u00a0En juillet 2016, le Maire de Bordeaux et le Pr\u00e9sident de la R\u00e9gion Nouvelle Aquitaine s\u2019\u00e9taient adress\u00e9, par courrier, au Directeur R\u00e9gional de l\u2019Agriculture afin de lui demander l\u2019int\u00e9gration, dans l\u2019enseignement agricole public, du lyc\u00e9e priv\u00e9 Camille Godart du Haillan. Ce lyc\u00e9e horticole, alors en difficult\u00e9, \u00e9tait propri\u00e9t\u00e9 de la ville de Bordeaux et affili\u00e9 \u00e0 l\u2019<a class=\"cs_glossaire\" href=\"https:\/\/www.snetap-fsu.fr\/+-UNREP-+.html\" name=\"mot155_0\"><span class=\"gl_mot\">UNREP<\/span><\/a>.<\/strong><\/p>\n<\/div>\n<div class=\"crayon article-texte-5876 texte surlignable clearfix\">\n<p>Apr\u00e8s cette annonce, le Snetap-<a class=\"cs_glossaire\" href=\"https:\/\/www.snetap-fsu.fr\/+-FSU-+.html\" name=\"mot96_0\"><span class=\"gl_mot\">FSU<\/span><\/a>\u00a0et la\u00a0<a class=\"cs_glossaire\" href=\"https:\/\/www.snetap-fsu.fr\/+-CGT-+.html\" name=\"mot157_1\"><span class=\"gl_mot\">CGT<\/span><\/a>-Agri, avec la Fep-<a class=\"cs_glossaire\" href=\"https:\/\/www.snetap-fsu.fr\/+-CFDT-+.html\" name=\"mot179_2\"><span class=\"gl_mot\">CFDT<\/span><\/a>, en intersyndicale, ont multipli\u00e9 les initiatives pour porter ce dossier et d\u00e9fendre l\u2019int\u00e9gration du lyc\u00e9e du Haillan au public\u00a0: rencontre avec les personnels du lyc\u00e9e (qui ont r\u00e9affirm\u00e9 leur volont\u00e9 d\u2019int\u00e9grer l\u2019enseignement agricole public), avec le Conseil R\u00e9gional, avec des \u00e9lu.es (s\u00e9natrices, d\u00e9put\u00e9.es, conseill\u00e8re municipale), avec les diff\u00e9rents Ministres de l\u2019Agriculture, &#8230;<\/p>\n<p>En Nouvelle Aquitaine, le rapport de 75 \u00e9tablissements priv\u00e9s (MFR \/\u00a0<a class=\"cs_glossaire\" href=\"https:\/\/www.snetap-fsu.fr\/+-CNEAP-+.html\" name=\"mot43_3\"><span class=\"gl_mot\">CNEAP<\/span><\/a>\u00a0\/\u00a0<a class=\"cs_glossaire\" href=\"https:\/\/www.snetap-fsu.fr\/+-UNREP-+.html\" name=\"mot155_4\"><span class=\"gl_mot\">UNREP<\/span><\/a>) pour seulement 22 publics et la n\u00e9cessit\u00e9 d\u2019augmenter la part de l\u2019enseignement agricole public, \u00e9taient des arguments forts qui justifiaient notre position. Mais d\u2019autres \u00e9l\u00e9ments ont motiv\u00e9 notre demande\u00a0:<\/p>\n<ul class=\"spip\">\n<li>\u00a0la volont\u00e9 de conforter le syst\u00e8me public r\u00e9gional de formation sur le secteur horticole,<\/li>\n<li>\u00a0le maintien de la gratuit\u00e9 pour les familles,<\/li>\n<li>\u00a0une communaut\u00e9 \u00e9ducative ayant les m\u00eames valeurs la\u00efques sp\u00e9cifiques et communes,<\/li>\n<li>\u00a0un outil de formation aux portes de l\u2019<a class=\"cs_glossaire\" href=\"https:\/\/www.snetap-fsu.fr\/+-EPL-+.html\" name=\"mot79_5\"><span class=\"gl_mot\">EPL<\/span><\/a>\u00a0Bordeaux Gironde \u00e0 la reconnaissance r\u00e9gionale qui dispose d\u2019ateliers p\u00e9dagogiques et techniques,<\/li>\n<li>\u00a0une compl\u00e9mentarit\u00e9 de formations avec l\u2019EPL Bordeaux Gironde, formations attractives sur l\u2019agglom\u00e9ration bordelaise,<\/li>\n<li>\u00a0l\u2019int\u00e9gration possible dans un EPL op\u00e9rationnel,<\/li>\n<li>\u00a0une majorit\u00e9 de personnels enseignant sous tutelle du Minist\u00e8re de l\u2019Agriculture.<\/li>\n<\/ul>\n<\/div>\n<p><a href=\"https:\/\/www.snetap-fsu.fr\/Nlle-Aquitaine-Lycee-Camille-Godart-devient-lycee-public.html\">Lire la suite &#8230;<\/a><\/p>\n","protected":false},"excerpt":{"rendered":"<p>\u00a0En juillet 2016, le Maire de Bordeaux et le Pr\u00e9sident de la R\u00e9gion Nouvelle Aquitaine s\u2019\u00e9taient adress\u00e9, par courrier, au Directeur R\u00e9gional de l\u2019Agriculture afin de lui demander l\u2019int\u00e9gration, dans l\u2019enseignement agricole public, du lyc\u00e9e priv\u00e9 Camille Godart du Haillan. Ce lyc\u00e9e horticole, alors en difficult\u00e9, \u00e9tait propri\u00e9t\u00e9 de la ville de Bordeaux et affili\u00e9 [&hellip;]<\/p>\n","protected":false},"author":99,"featured_media":0,"comment_status":"closed","ping_status":"closed","sticky":false,"template":"","format":"standard","meta":{"ocean_post_layout":"","ocean_both_sidebars_style":"","ocean_both_sidebars_content_width":0,"ocean_both_sidebars_sidebars_width":0,"ocean_sidebar":"","ocean_second_sidebar":"","ocean_disable_margins":"enable","ocean_add_body_class":"","ocean_shortcode_before_top_bar":"","ocean_shortcode_after_top_bar":"","ocean_shortcode_before_header":"","ocean_shortcode_after_header":"","ocean_has_shortcode":"","ocean_shortcode_after_title":"","ocean_shortcode_before_footer_widgets":"","ocean_shortcode_after_footer_widgets":"","ocean_shortcode_before_footer_bottom":"","ocean_shortcode_after_footer_bottom":"","ocean_display_top_bar":"default","ocean_display_header":"default","ocean_header_style":"","ocean_center_header_left_menu":"","ocean_custom_header_template":"","ocean_custom_logo":0,"ocean_custom_retina_logo":0,"ocean_custom_logo_max_width":0,"ocean_custom_logo_tablet_max_width":0,"ocean_custom_logo_mobile_max_width":0,"ocean_custom_logo_max_height":0,"ocean_custom_logo_tablet_max_height":0,"ocean_custom_logo_mobile_max_height":0,"ocean_header_custom_menu":"","ocean_menu_typo_font_family":"","ocean_menu_typo_font_subset":"","ocean_menu_typo_font_size":0,"ocean_menu_typo_font_size_tablet":0,"ocean_menu_typo_font_size_mobile":0,"ocean_menu_typo_font_size_unit":"px","ocean_menu_typo_font_weight":"","ocean_menu_typo_font_weight_tablet":"","ocean_menu_typo_font_weight_mobile":"","ocean_menu_typo_transform":"","ocean_menu_typo_transform_tablet":"","ocean_menu_typo_transform_mobile":"","ocean_menu_typo_line_height":0,"ocean_menu_typo_line_height_tablet":0,"ocean_menu_typo_line_height_mobile":0,"ocean_menu_typo_line_height_unit":"","ocean_menu_typo_spacing":0,"ocean_menu_typo_spacing_tablet":0,"ocean_menu_typo_spacing_mobile":0,"ocean_menu_typo_spacing_unit":"","ocean_menu_link_color":"","ocean_menu_link_color_hover":"","ocean_menu_link_color_active":"","ocean_menu_link_background":"","ocean_menu_link_hover_background":"","ocean_menu_link_active_background":"","ocean_menu_social_links_bg":"","ocean_menu_social_hover_links_bg":"","ocean_menu_social_links_color":"","ocean_menu_social_hover_links_color":"","ocean_disable_title":"default","ocean_disable_heading":"default","ocean_post_title":"","ocean_post_subheading":"","ocean_post_title_style":"","ocean_post_title_background_color":"","ocean_post_title_background":0,"ocean_post_title_bg_image_position":"","ocean_post_title_bg_image_attachment":"","ocean_post_title_bg_image_repeat":"","ocean_post_title_bg_image_size":"","ocean_post_title_height":0,"ocean_post_title_bg_overlay":0.5,"ocean_post_title_bg_overlay_color":"","ocean_disable_breadcrumbs":"default","ocean_breadcrumbs_color":"","ocean_breadcrumbs_separator_color":"","ocean_breadcrumbs_links_color":"","ocean_breadcrumbs_links_hover_color":"","ocean_display_footer_widgets":"default","ocean_display_footer_bottom":"default","ocean_custom_footer_template":"","ocean_post_oembed":"","ocean_post_self_hosted_media":"","ocean_post_video_embed":"","ocean_link_format":"","ocean_link_format_target":"self","ocean_quote_format":"","ocean_quote_format_link":"post","ocean_gallery_link_images":"on","ocean_gallery_id":[],"footnotes":""},"categories":[2,8],"tags":[],"post_folder":[],"class_list":["post-1247","post","type-post","status-publish","format-standard","hentry","category-actus","category-na","entry"],"yoast_head":"<!-- This site is optimized with the Yoast SEO plugin v27.4 - https:\/\/yoast.com\/product\/yoast-seo-wordpress\/ -->\n<title>Le lyc\u00e9e Camille Godart devient lyc\u00e9e public - NOUVELLE AQUITAINE<\/title>\n<meta name=\"robots\" content=\"index, follow, max-snippet:-1, max-image-preview:large, max-video-preview:-1\" \/>\n<link rel=\"canonical\" href=\"https:\/\/regions-snetap-fsu.fr\/na\/2019\/04\/24\/le-lycee-camille-godart-devient-lycee-public\/\" \/>\n<meta property=\"og:locale\" content=\"fr_FR\" \/>\n<meta property=\"og:type\" content=\"article\" \/>\n<meta property=\"og:title\" content=\"Le lyc\u00e9e Camille Godart devient lyc\u00e9e public - NOUVELLE AQUITAINE\" \/>\n<meta property=\"og:description\" content=\"\u00a0En juillet 2016, le Maire de Bordeaux et le Pr\u00e9sident de la R\u00e9gion Nouvelle Aquitaine s\u2019\u00e9taient adress\u00e9, par courrier, au Directeur R\u00e9gional de l\u2019Agriculture afin de lui demander l\u2019int\u00e9gration, dans l\u2019enseignement agricole public, du lyc\u00e9e priv\u00e9 Camille Godart du Haillan. Ce lyc\u00e9e horticole, alors en difficult\u00e9, \u00e9tait propri\u00e9t\u00e9 de la ville de Bordeaux et affili\u00e9 [&hellip;]\" \/>\n<meta property=\"og:url\" content=\"https:\/\/regions-snetap-fsu.fr\/na\/2019\/04\/24\/le-lycee-camille-godart-devient-lycee-public\/\" \/>\n<meta property=\"og:site_name\" content=\"NOUVELLE AQUITAINE\" \/>\n<meta property=\"article:published_time\" content=\"2019-04-24T07:02:12+00:00\" \/>\n<meta property=\"article:modified_time\" content=\"2019-04-24T07:03:22+00:00\" \/>\n<meta property=\"og:image\" content=\"https:\/\/www.snetap-fsu.fr\/local\/cache-vignettes\/L150xH210\/arton5876-5baff.jpg?1555888760\" \/>\n<meta name=\"author\" content=\"Tmoos\" \/>\n<meta name=\"twitter:card\" content=\"summary_large_image\" \/>\n<meta name=\"twitter:label1\" content=\"\u00c9crit par\" \/>\n\t<meta name=\"twitter:data1\" content=\"Tmoos\" \/>\n\t<meta name=\"twitter:label2\" content=\"Dur\u00e9e de lecture estim\u00e9e\" \/>\n\t<meta name=\"twitter:data2\" content=\"1 minute\" \/>\n<script type=\"application\/ld+json\" class=\"yoast-schema-graph\">{\"@context\":\"https:\\\/\\\/schema.org\",\"@graph\":[{\"@type\":\"Article\",\"@id\":\"https:\\\/\\\/regions-snetap-fsu.fr\\\/na\\\/2019\\\/04\\\/24\\\/le-lycee-camille-godart-devient-lycee-public\\\/#article\",\"isPartOf\":{\"@id\":\"https:\\\/\\\/regions-snetap-fsu.fr\\\/na\\\/2019\\\/04\\\/24\\\/le-lycee-camille-godart-devient-lycee-public\\\/\"},\"author\":{\"name\":\"Tmoos\",\"@id\":\"https:\\\/\\\/regions-snetap-fsu.fr\\\/na\\\/#\\\/schema\\\/person\\\/200c3209e01aa8c2a287fda4d096cd22\"},\"headline\":\"Le lyc\u00e9e Camille Godart devient lyc\u00e9e public\",\"datePublished\":\"2019-04-24T07:02:12+00:00\",\"dateModified\":\"2019-04-24T07:03:22+00:00\",\"mainEntityOfPage\":{\"@id\":\"https:\\\/\\\/regions-snetap-fsu.fr\\\/na\\\/2019\\\/04\\\/24\\\/le-lycee-camille-godart-devient-lycee-public\\\/\"},\"wordCount\":307,\"publisher\":{\"@id\":\"https:\\\/\\\/regions-snetap-fsu.fr\\\/na\\\/#organization\"},\"image\":{\"@id\":\"https:\\\/\\\/regions-snetap-fsu.fr\\\/na\\\/2019\\\/04\\\/24\\\/le-lycee-camille-godart-devient-lycee-public\\\/#primaryimage\"},\"thumbnailUrl\":\"https:\\\/\\\/www.snetap-fsu.fr\\\/local\\\/cache-vignettes\\\/L150xH210\\\/arton5876-5baff.jpg?1555888760\",\"articleSection\":[\"Actus\",\"NA\"],\"inLanguage\":\"fr-FR\"},{\"@type\":\"WebPage\",\"@id\":\"https:\\\/\\\/regions-snetap-fsu.fr\\\/na\\\/2019\\\/04\\\/24\\\/le-lycee-camille-godart-devient-lycee-public\\\/\",\"url\":\"https:\\\/\\\/regions-snetap-fsu.fr\\\/na\\\/2019\\\/04\\\/24\\\/le-lycee-camille-godart-devient-lycee-public\\\/\",\"name\":\"Le lyc\u00e9e Camille Godart devient lyc\u00e9e public - NOUVELLE AQUITAINE\",\"isPartOf\":{\"@id\":\"https:\\\/\\\/regions-snetap-fsu.fr\\\/na\\\/#website\"},\"primaryImageOfPage\":{\"@id\":\"https:\\\/\\\/regions-snetap-fsu.fr\\\/na\\\/2019\\\/04\\\/24\\\/le-lycee-camille-godart-devient-lycee-public\\\/#primaryimage\"},\"image\":{\"@id\":\"https:\\\/\\\/regions-snetap-fsu.fr\\\/na\\\/2019\\\/04\\\/24\\\/le-lycee-camille-godart-devient-lycee-public\\\/#primaryimage\"},\"thumbnailUrl\":\"https:\\\/\\\/www.snetap-fsu.fr\\\/local\\\/cache-vignettes\\\/L150xH210\\\/arton5876-5baff.jpg?1555888760\",\"datePublished\":\"2019-04-24T07:02:12+00:00\",\"dateModified\":\"2019-04-24T07:03:22+00:00\",\"breadcrumb\":{\"@id\":\"https:\\\/\\\/regions-snetap-fsu.fr\\\/na\\\/2019\\\/04\\\/24\\\/le-lycee-camille-godart-devient-lycee-public\\\/#breadcrumb\"},\"inLanguage\":\"fr-FR\",\"potentialAction\":[{\"@type\":\"ReadAction\",\"target\":[\"https:\\\/\\\/regions-snetap-fsu.fr\\\/na\\\/2019\\\/04\\\/24\\\/le-lycee-camille-godart-devient-lycee-public\\\/\"]}]},{\"@type\":\"ImageObject\",\"inLanguage\":\"fr-FR\",\"@id\":\"https:\\\/\\\/regions-snetap-fsu.fr\\\/na\\\/2019\\\/04\\\/24\\\/le-lycee-camille-godart-devient-lycee-public\\\/#primaryimage\",\"url\":\"https:\\\/\\\/www.snetap-fsu.fr\\\/local\\\/cache-vignettes\\\/L150xH210\\\/arton5876-5baff.jpg?1555888760\",\"contentUrl\":\"https:\\\/\\\/www.snetap-fsu.fr\\\/local\\\/cache-vignettes\\\/L150xH210\\\/arton5876-5baff.jpg?1555888760\"},{\"@type\":\"BreadcrumbList\",\"@id\":\"https:\\\/\\\/regions-snetap-fsu.fr\\\/na\\\/2019\\\/04\\\/24\\\/le-lycee-camille-godart-devient-lycee-public\\\/#breadcrumb\",\"itemListElement\":[{\"@type\":\"ListItem\",\"position\":1,\"name\":\"Accueil\",\"item\":\"https:\\\/\\\/regions-snetap-fsu.fr\\\/na\\\/\"},{\"@type\":\"ListItem\",\"position\":2,\"name\":\"Le lyc\u00e9e Camille Godart devient lyc\u00e9e public\"}]},{\"@type\":\"WebSite\",\"@id\":\"https:\\\/\\\/regions-snetap-fsu.fr\\\/na\\\/#website\",\"url\":\"https:\\\/\\\/regions-snetap-fsu.fr\\\/na\\\/\",\"name\":\"SNETAP-FSU NOUVELLE AQUITAINE\",\"description\":\"Blog de la Section R\u00e9gionale\",\"publisher\":{\"@id\":\"https:\\\/\\\/regions-snetap-fsu.fr\\\/na\\\/#organization\"},\"potentialAction\":[{\"@type\":\"SearchAction\",\"target\":{\"@type\":\"EntryPoint\",\"urlTemplate\":\"https:\\\/\\\/regions-snetap-fsu.fr\\\/na\\\/?s={search_term_string}\"},\"query-input\":{\"@type\":\"PropertyValueSpecification\",\"valueRequired\":true,\"valueName\":\"search_term_string\"}}],\"inLanguage\":\"fr-FR\"},{\"@type\":\"Organization\",\"@id\":\"https:\\\/\\\/regions-snetap-fsu.fr\\\/na\\\/#organization\",\"name\":\"SNETAP-FSU - Nouvelle Aquitaine\",\"url\":\"https:\\\/\\\/regions-snetap-fsu.fr\\\/na\\\/\",\"logo\":{\"@type\":\"ImageObject\",\"inLanguage\":\"fr-FR\",\"@id\":\"https:\\\/\\\/regions-snetap-fsu.fr\\\/na\\\/#\\\/schema\\\/logo\\\/image\\\/\",\"url\":\"https:\\\/\\\/regions-snetap-fsu.fr\\\/na\\\/wp-content\\\/uploads\\\/sites\\\/3\\\/2020\\\/12\\\/SNETAP-Logo.jpg\",\"contentUrl\":\"https:\\\/\\\/regions-snetap-fsu.fr\\\/na\\\/wp-content\\\/uploads\\\/sites\\\/3\\\/2020\\\/12\\\/SNETAP-Logo.jpg\",\"width\":464,\"height\":334,\"caption\":\"SNETAP-FSU - Nouvelle Aquitaine\"},\"image\":{\"@id\":\"https:\\\/\\\/regions-snetap-fsu.fr\\\/na\\\/#\\\/schema\\\/logo\\\/image\\\/\"}},{\"@type\":\"Person\",\"@id\":\"https:\\\/\\\/regions-snetap-fsu.fr\\\/na\\\/#\\\/schema\\\/person\\\/200c3209e01aa8c2a287fda4d096cd22\",\"name\":\"Tmoos\",\"image\":{\"@type\":\"ImageObject\",\"inLanguage\":\"fr-FR\",\"@id\":\"https:\\\/\\\/secure.gravatar.com\\\/avatar\\\/ee9416e21ddddd1cb4bc3f8a9a89584e0671c3184caebebe8e4de3129769a613?s=96&d=mm&r=g\",\"url\":\"https:\\\/\\\/secure.gravatar.com\\\/avatar\\\/ee9416e21ddddd1cb4bc3f8a9a89584e0671c3184caebebe8e4de3129769a613?s=96&d=mm&r=g\",\"contentUrl\":\"https:\\\/\\\/secure.gravatar.com\\\/avatar\\\/ee9416e21ddddd1cb4bc3f8a9a89584e0671c3184caebebe8e4de3129769a613?s=96&d=mm&r=g\",\"caption\":\"Tmoos\"},\"url\":\"https:\\\/\\\/regions-snetap-fsu.fr\\\/na\\\/author\\\/fthomas\\\/\"}]}<\/script>\n<!-- \/ Yoast SEO plugin. -->","yoast_head_json":{"title":"Le lyc\u00e9e Camille Godart devient lyc\u00e9e public - NOUVELLE AQUITAINE","robots":{"index":"index","follow":"follow","max-snippet":"max-snippet:-1","max-image-preview":"max-image-preview:large","max-video-preview":"max-video-preview:-1"},"canonical":"https:\/\/regions-snetap-fsu.fr\/na\/2019\/04\/24\/le-lycee-camille-godart-devient-lycee-public\/","og_locale":"fr_FR","og_type":"article","og_title":"Le lyc\u00e9e Camille Godart devient lyc\u00e9e public - NOUVELLE AQUITAINE","og_description":"\u00a0En juillet 2016, le Maire de Bordeaux et le Pr\u00e9sident de la R\u00e9gion Nouvelle Aquitaine s\u2019\u00e9taient adress\u00e9, par courrier, au Directeur R\u00e9gional de l\u2019Agriculture afin de lui demander l\u2019int\u00e9gration, dans l\u2019enseignement agricole public, du lyc\u00e9e priv\u00e9 Camille Godart du Haillan. Ce lyc\u00e9e horticole, alors en difficult\u00e9, \u00e9tait propri\u00e9t\u00e9 de la ville de Bordeaux et affili\u00e9 [&hellip;]","og_url":"https:\/\/regions-snetap-fsu.fr\/na\/2019\/04\/24\/le-lycee-camille-godart-devient-lycee-public\/","og_site_name":"NOUVELLE AQUITAINE","article_published_time":"2019-04-24T07:02:12+00:00","article_modified_time":"2019-04-24T07:03:22+00:00","og_image":[{"url":"https:\/\/www.snetap-fsu.fr\/local\/cache-vignettes\/L150xH210\/arton5876-5baff.jpg?1555888760","type":"","width":"","height":""}],"author":"Tmoos","twitter_card":"summary_large_image","twitter_misc":{"\u00c9crit par":"Tmoos","Dur\u00e9e de lecture estim\u00e9e":"1 minute"},"schema":{"@context":"https:\/\/schema.org","@graph":[{"@type":"Article","@id":"https:\/\/regions-snetap-fsu.fr\/na\/2019\/04\/24\/le-lycee-camille-godart-devient-lycee-public\/#article","isPartOf":{"@id":"https:\/\/regions-snetap-fsu.fr\/na\/2019\/04\/24\/le-lycee-camille-godart-devient-lycee-public\/"},"author":{"name":"Tmoos","@id":"https:\/\/regions-snetap-fsu.fr\/na\/#\/schema\/person\/200c3209e01aa8c2a287fda4d096cd22"},"headline":"Le lyc\u00e9e Camille Godart devient lyc\u00e9e public","datePublished":"2019-04-24T07:02:12+00:00","dateModified":"2019-04-24T07:03:22+00:00","mainEntityOfPage":{"@id":"https:\/\/regions-snetap-fsu.fr\/na\/2019\/04\/24\/le-lycee-camille-godart-devient-lycee-public\/"},"wordCount":307,"publisher":{"@id":"https:\/\/regions-snetap-fsu.fr\/na\/#organization"},"image":{"@id":"https:\/\/regions-snetap-fsu.fr\/na\/2019\/04\/24\/le-lycee-camille-godart-devient-lycee-public\/#primaryimage"},"thumbnailUrl":"https:\/\/www.snetap-fsu.fr\/local\/cache-vignettes\/L150xH210\/arton5876-5baff.jpg?1555888760","articleSection":["Actus","NA"],"inLanguage":"fr-FR"},{"@type":"WebPage","@id":"https:\/\/regions-snetap-fsu.fr\/na\/2019\/04\/24\/le-lycee-camille-godart-devient-lycee-public\/","url":"https:\/\/regions-snetap-fsu.fr\/na\/2019\/04\/24\/le-lycee-camille-godart-devient-lycee-public\/","name":"Le lyc\u00e9e Camille Godart devient lyc\u00e9e public - NOUVELLE AQUITAINE","isPartOf":{"@id":"https:\/\/regions-snetap-fsu.fr\/na\/#website"},"primaryImageOfPage":{"@id":"https:\/\/regions-snetap-fsu.fr\/na\/2019\/04\/24\/le-lycee-camille-godart-devient-lycee-public\/#primaryimage"},"image":{"@id":"https:\/\/regions-snetap-fsu.fr\/na\/2019\/04\/24\/le-lycee-camille-godart-devient-lycee-public\/#primaryimage"},"thumbnailUrl":"https:\/\/www.snetap-fsu.fr\/local\/cache-vignettes\/L150xH210\/arton5876-5baff.jpg?1555888760","datePublished":"2019-04-24T07:02:12+00:00","dateModified":"2019-04-24T07:03:22+00:00","breadcrumb":{"@id":"https:\/\/regions-snetap-fsu.fr\/na\/2019\/04\/24\/le-lycee-camille-godart-devient-lycee-public\/#breadcrumb"},"inLanguage":"fr-FR","potentialAction":[{"@type":"ReadAction","target":["https:\/\/regions-snetap-fsu.fr\/na\/2019\/04\/24\/le-lycee-camille-godart-devient-lycee-public\/"]}]},{"@type":"ImageObject","inLanguage":"fr-FR","@id":"https:\/\/regions-snetap-fsu.fr\/na\/2019\/04\/24\/le-lycee-camille-godart-devient-lycee-public\/#primaryimage","url":"https:\/\/www.snetap-fsu.fr\/local\/cache-vignettes\/L150xH210\/arton5876-5baff.jpg?1555888760","contentUrl":"https:\/\/www.snetap-fsu.fr\/local\/cache-vignettes\/L150xH210\/arton5876-5baff.jpg?1555888760"},{"@type":"BreadcrumbList","@id":"https:\/\/regions-snetap-fsu.fr\/na\/2019\/04\/24\/le-lycee-camille-godart-devient-lycee-public\/#breadcrumb","itemListElement":[{"@type":"ListItem","position":1,"name":"Accueil","item":"https:\/\/regions-snetap-fsu.fr\/na\/"},{"@type":"ListItem","position":2,"name":"Le lyc\u00e9e Camille Godart devient lyc\u00e9e public"}]},{"@type":"WebSite","@id":"https:\/\/regions-snetap-fsu.fr\/na\/#website","url":"https:\/\/regions-snetap-fsu.fr\/na\/","name":"SNETAP-FSU NOUVELLE AQUITAINE","description":"Blog de la Section R\u00e9gionale","publisher":{"@id":"https:\/\/regions-snetap-fsu.fr\/na\/#organization"},"potentialAction":[{"@type":"SearchAction","target":{"@type":"EntryPoint","urlTemplate":"https:\/\/regions-snetap-fsu.fr\/na\/?s={search_term_string}"},"query-input":{"@type":"PropertyValueSpecification","valueRequired":true,"valueName":"search_term_string"}}],"inLanguage":"fr-FR"},{"@type":"Organization","@id":"https:\/\/regions-snetap-fsu.fr\/na\/#organization","name":"SNETAP-FSU - Nouvelle Aquitaine","url":"https:\/\/regions-snetap-fsu.fr\/na\/","logo":{"@type":"ImageObject","inLanguage":"fr-FR","@id":"https:\/\/regions-snetap-fsu.fr\/na\/#\/schema\/logo\/image\/","url":"https:\/\/regions-snetap-fsu.fr\/na\/wp-content\/uploads\/sites\/3\/2020\/12\/SNETAP-Logo.jpg","contentUrl":"https:\/\/regions-snetap-fsu.fr\/na\/wp-content\/uploads\/sites\/3\/2020\/12\/SNETAP-Logo.jpg","width":464,"height":334,"caption":"SNETAP-FSU - Nouvelle Aquitaine"},"image":{"@id":"https:\/\/regions-snetap-fsu.fr\/na\/#\/schema\/logo\/image\/"}},{"@type":"Person","@id":"https:\/\/regions-snetap-fsu.fr\/na\/#\/schema\/person\/200c3209e01aa8c2a287fda4d096cd22","name":"Tmoos","image":{"@type":"ImageObject","inLanguage":"fr-FR","@id":"https:\/\/secure.gravatar.com\/avatar\/ee9416e21ddddd1cb4bc3f8a9a89584e0671c3184caebebe8e4de3129769a613?s=96&d=mm&r=g","url":"https:\/\/secure.gravatar.com\/avatar\/ee9416e21ddddd1cb4bc3f8a9a89584e0671c3184caebebe8e4de3129769a613?s=96&d=mm&r=g","contentUrl":"https:\/\/secure.gravatar.com\/avatar\/ee9416e21ddddd1cb4bc3f8a9a89584e0671c3184caebebe8e4de3129769a613?s=96&d=mm&r=g","caption":"Tmoos"},"url":"https:\/\/regions-snetap-fsu.fr\/na\/author\/fthomas\/"}]}},"_links":{"self":[{"href":"https:\/\/regions-snetap-fsu.fr\/na\/wp-json\/wp\/v2\/posts\/1247","targetHints":{"allow":["GET"]}}],"collection":[{"href":"https:\/\/regions-snetap-fsu.fr\/na\/wp-json\/wp\/v2\/posts"}],"about":[{"href":"https:\/\/regions-snetap-fsu.fr\/na\/wp-json\/wp\/v2\/types\/post"}],"author":[{"embeddable":true,"href":"https:\/\/regions-snetap-fsu.fr\/na\/wp-json\/wp\/v2\/users\/99"}],"replies":[{"embeddable":true,"href":"https:\/\/regions-snetap-fsu.fr\/na\/wp-json\/wp\/v2\/comments?post=1247"}],"version-history":[{"count":3,"href":"https:\/\/regions-snetap-fsu.fr\/na\/wp-json\/wp\/v2\/posts\/1247\/revisions"}],"predecessor-version":[{"id":1250,"href":"https:\/\/regions-snetap-fsu.fr\/na\/wp-json\/wp\/v2\/posts\/1247\/revisions\/1250"}],"wp:attachment":[{"href":"https:\/\/regions-snetap-fsu.fr\/na\/wp-json\/wp\/v2\/media?parent=1247"}],"wp:term":[{"taxonomy":"category","embeddable":true,"href":"https:\/\/regions-snetap-fsu.fr\/na\/wp-json\/wp\/v2\/categories?post=1247"},{"taxonomy":"post_tag","embeddable":true,"href":"https:\/\/regions-snetap-fsu.fr\/na\/wp-json\/wp\/v2\/tags?post=1247"},{"taxonomy":"post_folder","embeddable":true,"href":"https:\/\/regions-snetap-fsu.fr\/na\/wp-json\/wp\/v2\/post_folder?post=1247"}],"curies":[{"name":"wp","href":"https:\/\/api.w.org\/{rel}","templated":true}]}}