{"id":1217,"date":"2019-04-03T09:24:52","date_gmt":"2019-04-03T07:24:52","guid":{"rendered":"https:\/\/regions-snetap-fsu.fr\/na\/?p=1217"},"modified":"2019-04-03T09:25:18","modified_gmt":"2019-04-03T07:25:18","slug":"le-comite-de-defense-et-developpement-de-lenseignement-agricole-public-cddeap-a-blanquefort","status":"publish","type":"post","link":"https:\/\/regions-snetap-fsu.fr\/na\/2019\/04\/03\/le-comite-de-defense-et-developpement-de-lenseignement-agricole-public-cddeap-a-blanquefort\/","title":{"rendered":"Le Comit\u00e9 de D\u00e9fense et D\u00e9veloppement de l&rsquo;Enseignement Agricole Public (CDDEAP) \u00e0 Blanquefort"},"content":{"rendered":"<div align=\"left\"><img fetchpriority=\"high\" decoding=\"async\" class=\"size-medium wp-image-1139 alignleft\" src=\"https:\/\/regions-snetap-fsu.fr\/na\/wp-content\/uploads\/sites\/3\/2019\/02\/Fotolia_108049424_S-1-300x300.jpg\" alt=\"\" width=\"300\" height=\"300\" srcset=\"https:\/\/regions-snetap-fsu.fr\/na\/wp-content\/uploads\/sites\/3\/2019\/02\/Fotolia_108049424_S-1-300x300.jpg 300w, https:\/\/regions-snetap-fsu.fr\/na\/wp-content\/uploads\/sites\/3\/2019\/02\/Fotolia_108049424_S-1-150x150.jpg 150w, https:\/\/regions-snetap-fsu.fr\/na\/wp-content\/uploads\/sites\/3\/2019\/02\/Fotolia_108049424_S-1-100x100.jpg 100w, https:\/\/regions-snetap-fsu.fr\/na\/wp-content\/uploads\/sites\/3\/2019\/02\/Fotolia_108049424_S-1-200x200.jpg 200w, https:\/\/regions-snetap-fsu.fr\/na\/wp-content\/uploads\/sites\/3\/2019\/02\/Fotolia_108049424_S-1-450x450.jpg 450w, https:\/\/regions-snetap-fsu.fr\/na\/wp-content\/uploads\/sites\/3\/2019\/02\/Fotolia_108049424_S-1-600x600.jpg 600w, https:\/\/regions-snetap-fsu.fr\/na\/wp-content\/uploads\/sites\/3\/2019\/02\/Fotolia_108049424_S-1.jpg 693w\" sizes=\"(max-width: 300px) 100vw, 300px\" \/>Le Comit\u00e9 de D\u00e9fense et D\u00e9veloppement de l&rsquo;Enseignement Agricole Public (CDDEAP) a lanc\u00e9 une s\u00e9rie de rencontres autour de la th\u00e9matique \u00ab\u00a0L&rsquo;enseignement agricole public \u00e0 la crois\u00e9e des chemins\u00a0\u00bb.<\/div>\n<div align=\"left\">Apr\u00e8s une premi\u00e8re rencontre \u00e0 Paris sur la question de l&rsquo;Enseignement Sup\u00e9rieur Agronomique et V\u00e9t\u00e9rinaire, le Comit\u00e9 de D\u00e9fense et D\u00e9veloppement de l&rsquo;Enseignement Agricole Public se r\u00e9unira <strong>le vendredi 5 avril 2019, de 13 h 00 -16 h 00<\/strong>, au Lyc\u00e9e agricole et viticole de Blanquefort.<\/div>\n<div align=\"left\"><span style=\"color: #ff6600\">Elle portera sur les cons\u00e9quences de la loi \u00ab\u00a0Libert\u00e9 de choisir son avenir professionnel\u00a0\u00bb et la situation des lyc\u00e9es agricoles p\u00e9ri-urbains.<\/span><\/div>\n<div align=\"left\">\u00a0Nous souhaiterons\u00a0 \u00e9changer avec vous et diff\u00e9rent.es acteur.rices de l&rsquo;Enseignement Agricole Public, sur l&rsquo;avenir de la formation professionnelle agricole.<\/div>\n<div align=\"left\">Nous vous invitons donc \u00e0 nous rejoindre pour ces \u00e9changes.<\/div>\n","protected":false},"excerpt":{"rendered":"<p>Le Comit\u00e9 de D\u00e9fense et D\u00e9veloppement de l&rsquo;Enseignement Agricole Public (CDDEAP) a lanc\u00e9 une s\u00e9rie de rencontres autour de la th\u00e9matique \u00ab\u00a0L&rsquo;enseignement agricole public \u00e0 la crois\u00e9e des chemins\u00a0\u00bb. Apr\u00e8s une premi\u00e8re rencontre \u00e0 Paris sur la question de l&rsquo;Enseignement Sup\u00e9rieur Agronomique et V\u00e9t\u00e9rinaire, le Comit\u00e9 de D\u00e9fense et D\u00e9veloppement de l&rsquo;Enseignement Agricole Public se [&hellip;]<\/p>\n","protected":false},"author":99,"featured_media":0,"comment_status":"closed","ping_status":"closed","sticky":false,"template":"","format":"standard","meta":{"ocean_post_layout":"","ocean_both_sidebars_style":"","ocean_both_sidebars_content_width":0,"ocean_both_sidebars_sidebars_width":0,"ocean_sidebar":"","ocean_second_sidebar":"","ocean_disable_margins":"enable","ocean_add_body_class":"","ocean_shortcode_before_top_bar":"","ocean_shortcode_after_top_bar":"","ocean_shortcode_before_header":"","ocean_shortcode_after_header":"","ocean_has_shortcode":"","ocean_shortcode_after_title":"","ocean_shortcode_before_footer_widgets":"","ocean_shortcode_after_footer_widgets":"","ocean_shortcode_before_footer_bottom":"","ocean_shortcode_after_footer_bottom":"","ocean_display_top_bar":"default","ocean_display_header":"default","ocean_header_style":"","ocean_center_header_left_menu":"","ocean_custom_header_template":"","ocean_custom_logo":0,"ocean_custom_retina_logo":0,"ocean_custom_logo_max_width":0,"ocean_custom_logo_tablet_max_width":0,"ocean_custom_logo_mobile_max_width":0,"ocean_custom_logo_max_height":0,"ocean_custom_logo_tablet_max_height":0,"ocean_custom_logo_mobile_max_height":0,"ocean_header_custom_menu":"","ocean_menu_typo_font_family":"","ocean_menu_typo_font_subset":"","ocean_menu_typo_font_size":0,"ocean_menu_typo_font_size_tablet":0,"ocean_menu_typo_font_size_mobile":0,"ocean_menu_typo_font_size_unit":"px","ocean_menu_typo_font_weight":"","ocean_menu_typo_font_weight_tablet":"","ocean_menu_typo_font_weight_mobile":"","ocean_menu_typo_transform":"","ocean_menu_typo_transform_tablet":"","ocean_menu_typo_transform_mobile":"","ocean_menu_typo_line_height":0,"ocean_menu_typo_line_height_tablet":0,"ocean_menu_typo_line_height_mobile":0,"ocean_menu_typo_line_height_unit":"","ocean_menu_typo_spacing":0,"ocean_menu_typo_spacing_tablet":0,"ocean_menu_typo_spacing_mobile":0,"ocean_menu_typo_spacing_unit":"","ocean_menu_link_color":"","ocean_menu_link_color_hover":"","ocean_menu_link_color_active":"","ocean_menu_link_background":"","ocean_menu_link_hover_background":"","ocean_menu_link_active_background":"","ocean_menu_social_links_bg":"","ocean_menu_social_hover_links_bg":"","ocean_menu_social_links_color":"","ocean_menu_social_hover_links_color":"","ocean_disable_title":"default","ocean_disable_heading":"default","ocean_post_title":"","ocean_post_subheading":"","ocean_post_title_style":"","ocean_post_title_background_color":"","ocean_post_title_background":0,"ocean_post_title_bg_image_position":"","ocean_post_title_bg_image_attachment":"","ocean_post_title_bg_image_repeat":"","ocean_post_title_bg_image_size":"","ocean_post_title_height":0,"ocean_post_title_bg_overlay":0.5,"ocean_post_title_bg_overlay_color":"","ocean_disable_breadcrumbs":"default","ocean_breadcrumbs_color":"","ocean_breadcrumbs_separator_color":"","ocean_breadcrumbs_links_color":"","ocean_breadcrumbs_links_hover_color":"","ocean_display_footer_widgets":"default","ocean_display_footer_bottom":"default","ocean_custom_footer_template":"","ocean_post_oembed":"","ocean_post_self_hosted_media":"","ocean_post_video_embed":"","ocean_link_format":"","ocean_link_format_target":"self","ocean_quote_format":"","ocean_quote_format_link":"post","ocean_gallery_link_images":"on","ocean_gallery_id":[],"footnotes":""},"categories":[12,8,5],"tags":[],"post_folder":[],"class_list":["post-1217","post","type-post","status-publish","format-standard","hentry","category-actions","category-na","category-exaq","entry"],"yoast_head":"<!-- This site is optimized with the Yoast SEO plugin v27.4 - https:\/\/yoast.com\/product\/yoast-seo-wordpress\/ -->\n<title>Le Comit\u00e9 de D\u00e9fense et D\u00e9veloppement de l&#039;Enseignement Agricole Public (CDDEAP) \u00e0 Blanquefort - NOUVELLE AQUITAINE<\/title>\n<meta name=\"robots\" content=\"index, follow, max-snippet:-1, max-image-preview:large, max-video-preview:-1\" \/>\n<link rel=\"canonical\" href=\"https:\/\/regions-snetap-fsu.fr\/na\/2019\/04\/03\/le-comite-de-defense-et-developpement-de-lenseignement-agricole-public-cddeap-a-blanquefort\/\" \/>\n<meta property=\"og:locale\" content=\"fr_FR\" \/>\n<meta property=\"og:type\" content=\"article\" \/>\n<meta property=\"og:title\" content=\"Le Comit\u00e9 de D\u00e9fense et D\u00e9veloppement de l&#039;Enseignement Agricole Public (CDDEAP) \u00e0 Blanquefort - NOUVELLE AQUITAINE\" \/>\n<meta property=\"og:description\" content=\"Le Comit\u00e9 de D\u00e9fense et D\u00e9veloppement de l&rsquo;Enseignement Agricole Public (CDDEAP) a lanc\u00e9 une s\u00e9rie de rencontres autour de la th\u00e9matique \u00ab\u00a0L&rsquo;enseignement agricole public \u00e0 la crois\u00e9e des chemins\u00a0\u00bb. Apr\u00e8s une premi\u00e8re rencontre \u00e0 Paris sur la question de l&rsquo;Enseignement Sup\u00e9rieur Agronomique et V\u00e9t\u00e9rinaire, le Comit\u00e9 de D\u00e9fense et D\u00e9veloppement de l&rsquo;Enseignement Agricole Public se [&hellip;]\" \/>\n<meta property=\"og:url\" content=\"https:\/\/regions-snetap-fsu.fr\/na\/2019\/04\/03\/le-comite-de-defense-et-developpement-de-lenseignement-agricole-public-cddeap-a-blanquefort\/\" \/>\n<meta property=\"og:site_name\" content=\"NOUVELLE AQUITAINE\" \/>\n<meta property=\"article:published_time\" content=\"2019-04-03T07:24:52+00:00\" \/>\n<meta property=\"article:modified_time\" content=\"2019-04-03T07:25:18+00:00\" \/>\n<meta property=\"og:image\" content=\"https:\/\/regions-snetap-fsu.fr\/na\/wp-content\/uploads\/sites\/3\/2019\/02\/Fotolia_108049424_S-1-300x300.jpg\" \/>\n<meta name=\"author\" content=\"Tmoos\" \/>\n<meta name=\"twitter:card\" content=\"summary_large_image\" \/>\n<meta name=\"twitter:label1\" content=\"\u00c9crit par\" \/>\n\t<meta name=\"twitter:data1\" content=\"Tmoos\" \/>\n\t<meta name=\"twitter:label2\" content=\"Dur\u00e9e de lecture estim\u00e9e\" \/>\n\t<meta name=\"twitter:data2\" content=\"1 minute\" \/>\n<script type=\"application\/ld+json\" class=\"yoast-schema-graph\">{\"@context\":\"https:\\\/\\\/schema.org\",\"@graph\":[{\"@type\":\"Article\",\"@id\":\"https:\\\/\\\/regions-snetap-fsu.fr\\\/na\\\/2019\\\/04\\\/03\\\/le-comite-de-defense-et-developpement-de-lenseignement-agricole-public-cddeap-a-blanquefort\\\/#article\",\"isPartOf\":{\"@id\":\"https:\\\/\\\/regions-snetap-fsu.fr\\\/na\\\/2019\\\/04\\\/03\\\/le-comite-de-defense-et-developpement-de-lenseignement-agricole-public-cddeap-a-blanquefort\\\/\"},\"author\":{\"name\":\"Tmoos\",\"@id\":\"https:\\\/\\\/regions-snetap-fsu.fr\\\/na\\\/#\\\/schema\\\/person\\\/200c3209e01aa8c2a287fda4d096cd22\"},\"headline\":\"Le Comit\u00e9 de D\u00e9fense et D\u00e9veloppement de l&rsquo;Enseignement Agricole Public (CDDEAP) \u00e0 Blanquefort\",\"datePublished\":\"2019-04-03T07:24:52+00:00\",\"dateModified\":\"2019-04-03T07:25:18+00:00\",\"mainEntityOfPage\":{\"@id\":\"https:\\\/\\\/regions-snetap-fsu.fr\\\/na\\\/2019\\\/04\\\/03\\\/le-comite-de-defense-et-developpement-de-lenseignement-agricole-public-cddeap-a-blanquefort\\\/\"},\"wordCount\":158,\"publisher\":{\"@id\":\"https:\\\/\\\/regions-snetap-fsu.fr\\\/na\\\/#organization\"},\"image\":{\"@id\":\"https:\\\/\\\/regions-snetap-fsu.fr\\\/na\\\/2019\\\/04\\\/03\\\/le-comite-de-defense-et-developpement-de-lenseignement-agricole-public-cddeap-a-blanquefort\\\/#primaryimage\"},\"thumbnailUrl\":\"https:\\\/\\\/regions-snetap-fsu.fr\\\/na\\\/wp-content\\\/uploads\\\/sites\\\/3\\\/2019\\\/02\\\/Fotolia_108049424_S-1-300x300.jpg\",\"articleSection\":[\"Actions\",\"NA\",\"Secteur Aquitaine\"],\"inLanguage\":\"fr-FR\"},{\"@type\":\"WebPage\",\"@id\":\"https:\\\/\\\/regions-snetap-fsu.fr\\\/na\\\/2019\\\/04\\\/03\\\/le-comite-de-defense-et-developpement-de-lenseignement-agricole-public-cddeap-a-blanquefort\\\/\",\"url\":\"https:\\\/\\\/regions-snetap-fsu.fr\\\/na\\\/2019\\\/04\\\/03\\\/le-comite-de-defense-et-developpement-de-lenseignement-agricole-public-cddeap-a-blanquefort\\\/\",\"name\":\"Le Comit\u00e9 de D\u00e9fense et D\u00e9veloppement de l'Enseignement Agricole Public (CDDEAP) \u00e0 Blanquefort - NOUVELLE AQUITAINE\",\"isPartOf\":{\"@id\":\"https:\\\/\\\/regions-snetap-fsu.fr\\\/na\\\/#website\"},\"primaryImageOfPage\":{\"@id\":\"https:\\\/\\\/regions-snetap-fsu.fr\\\/na\\\/2019\\\/04\\\/03\\\/le-comite-de-defense-et-developpement-de-lenseignement-agricole-public-cddeap-a-blanquefort\\\/#primaryimage\"},\"image\":{\"@id\":\"https:\\\/\\\/regions-snetap-fsu.fr\\\/na\\\/2019\\\/04\\\/03\\\/le-comite-de-defense-et-developpement-de-lenseignement-agricole-public-cddeap-a-blanquefort\\\/#primaryimage\"},\"thumbnailUrl\":\"https:\\\/\\\/regions-snetap-fsu.fr\\\/na\\\/wp-content\\\/uploads\\\/sites\\\/3\\\/2019\\\/02\\\/Fotolia_108049424_S-1-300x300.jpg\",\"datePublished\":\"2019-04-03T07:24:52+00:00\",\"dateModified\":\"2019-04-03T07:25:18+00:00\",\"breadcrumb\":{\"@id\":\"https:\\\/\\\/regions-snetap-fsu.fr\\\/na\\\/2019\\\/04\\\/03\\\/le-comite-de-defense-et-developpement-de-lenseignement-agricole-public-cddeap-a-blanquefort\\\/#breadcrumb\"},\"inLanguage\":\"fr-FR\",\"potentialAction\":[{\"@type\":\"ReadAction\",\"target\":[\"https:\\\/\\\/regions-snetap-fsu.fr\\\/na\\\/2019\\\/04\\\/03\\\/le-comite-de-defense-et-developpement-de-lenseignement-agricole-public-cddeap-a-blanquefort\\\/\"]}]},{\"@type\":\"ImageObject\",\"inLanguage\":\"fr-FR\",\"@id\":\"https:\\\/\\\/regions-snetap-fsu.fr\\\/na\\\/2019\\\/04\\\/03\\\/le-comite-de-defense-et-developpement-de-lenseignement-agricole-public-cddeap-a-blanquefort\\\/#primaryimage\",\"url\":\"https:\\\/\\\/regions-snetap-fsu.fr\\\/na\\\/wp-content\\\/uploads\\\/sites\\\/3\\\/2019\\\/02\\\/Fotolia_108049424_S-1.jpg\",\"contentUrl\":\"https:\\\/\\\/regions-snetap-fsu.fr\\\/na\\\/wp-content\\\/uploads\\\/sites\\\/3\\\/2019\\\/02\\\/Fotolia_108049424_S-1.jpg\",\"width\":693,\"height\":693},{\"@type\":\"BreadcrumbList\",\"@id\":\"https:\\\/\\\/regions-snetap-fsu.fr\\\/na\\\/2019\\\/04\\\/03\\\/le-comite-de-defense-et-developpement-de-lenseignement-agricole-public-cddeap-a-blanquefort\\\/#breadcrumb\",\"itemListElement\":[{\"@type\":\"ListItem\",\"position\":1,\"name\":\"Accueil\",\"item\":\"https:\\\/\\\/regions-snetap-fsu.fr\\\/na\\\/\"},{\"@type\":\"ListItem\",\"position\":2,\"name\":\"Le Comit\u00e9 de D\u00e9fense et D\u00e9veloppement de l&rsquo;Enseignement Agricole Public (CDDEAP) \u00e0 Blanquefort\"}]},{\"@type\":\"WebSite\",\"@id\":\"https:\\\/\\\/regions-snetap-fsu.fr\\\/na\\\/#website\",\"url\":\"https:\\\/\\\/regions-snetap-fsu.fr\\\/na\\\/\",\"name\":\"SNETAP-FSU NOUVELLE AQUITAINE\",\"description\":\"Blog de la Section R\u00e9gionale\",\"publisher\":{\"@id\":\"https:\\\/\\\/regions-snetap-fsu.fr\\\/na\\\/#organization\"},\"potentialAction\":[{\"@type\":\"SearchAction\",\"target\":{\"@type\":\"EntryPoint\",\"urlTemplate\":\"https:\\\/\\\/regions-snetap-fsu.fr\\\/na\\\/?s={search_term_string}\"},\"query-input\":{\"@type\":\"PropertyValueSpecification\",\"valueRequired\":true,\"valueName\":\"search_term_string\"}}],\"inLanguage\":\"fr-FR\"},{\"@type\":\"Organization\",\"@id\":\"https:\\\/\\\/regions-snetap-fsu.fr\\\/na\\\/#organization\",\"name\":\"SNETAP-FSU - Nouvelle Aquitaine\",\"url\":\"https:\\\/\\\/regions-snetap-fsu.fr\\\/na\\\/\",\"logo\":{\"@type\":\"ImageObject\",\"inLanguage\":\"fr-FR\",\"@id\":\"https:\\\/\\\/regions-snetap-fsu.fr\\\/na\\\/#\\\/schema\\\/logo\\\/image\\\/\",\"url\":\"https:\\\/\\\/regions-snetap-fsu.fr\\\/na\\\/wp-content\\\/uploads\\\/sites\\\/3\\\/2020\\\/12\\\/SNETAP-Logo.jpg\",\"contentUrl\":\"https:\\\/\\\/regions-snetap-fsu.fr\\\/na\\\/wp-content\\\/uploads\\\/sites\\\/3\\\/2020\\\/12\\\/SNETAP-Logo.jpg\",\"width\":464,\"height\":334,\"caption\":\"SNETAP-FSU - Nouvelle Aquitaine\"},\"image\":{\"@id\":\"https:\\\/\\\/regions-snetap-fsu.fr\\\/na\\\/#\\\/schema\\\/logo\\\/image\\\/\"}},{\"@type\":\"Person\",\"@id\":\"https:\\\/\\\/regions-snetap-fsu.fr\\\/na\\\/#\\\/schema\\\/person\\\/200c3209e01aa8c2a287fda4d096cd22\",\"name\":\"Tmoos\",\"image\":{\"@type\":\"ImageObject\",\"inLanguage\":\"fr-FR\",\"@id\":\"https:\\\/\\\/secure.gravatar.com\\\/avatar\\\/ee9416e21ddddd1cb4bc3f8a9a89584e0671c3184caebebe8e4de3129769a613?s=96&d=mm&r=g\",\"url\":\"https:\\\/\\\/secure.gravatar.com\\\/avatar\\\/ee9416e21ddddd1cb4bc3f8a9a89584e0671c3184caebebe8e4de3129769a613?s=96&d=mm&r=g\",\"contentUrl\":\"https:\\\/\\\/secure.gravatar.com\\\/avatar\\\/ee9416e21ddddd1cb4bc3f8a9a89584e0671c3184caebebe8e4de3129769a613?s=96&d=mm&r=g\",\"caption\":\"Tmoos\"},\"url\":\"https:\\\/\\\/regions-snetap-fsu.fr\\\/na\\\/author\\\/fthomas\\\/\"}]}<\/script>\n<!-- \/ Yoast SEO plugin. -->","yoast_head_json":{"title":"Le Comit\u00e9 de D\u00e9fense et D\u00e9veloppement de l'Enseignement Agricole Public (CDDEAP) \u00e0 Blanquefort - NOUVELLE AQUITAINE","robots":{"index":"index","follow":"follow","max-snippet":"max-snippet:-1","max-image-preview":"max-image-preview:large","max-video-preview":"max-video-preview:-1"},"canonical":"https:\/\/regions-snetap-fsu.fr\/na\/2019\/04\/03\/le-comite-de-defense-et-developpement-de-lenseignement-agricole-public-cddeap-a-blanquefort\/","og_locale":"fr_FR","og_type":"article","og_title":"Le Comit\u00e9 de D\u00e9fense et D\u00e9veloppement de l'Enseignement Agricole Public (CDDEAP) \u00e0 Blanquefort - NOUVELLE AQUITAINE","og_description":"Le Comit\u00e9 de D\u00e9fense et D\u00e9veloppement de l&rsquo;Enseignement Agricole Public (CDDEAP) a lanc\u00e9 une s\u00e9rie de rencontres autour de la th\u00e9matique \u00ab\u00a0L&rsquo;enseignement agricole public \u00e0 la crois\u00e9e des chemins\u00a0\u00bb. Apr\u00e8s une premi\u00e8re rencontre \u00e0 Paris sur la question de l&rsquo;Enseignement Sup\u00e9rieur Agronomique et V\u00e9t\u00e9rinaire, le Comit\u00e9 de D\u00e9fense et D\u00e9veloppement de l&rsquo;Enseignement Agricole Public se [&hellip;]","og_url":"https:\/\/regions-snetap-fsu.fr\/na\/2019\/04\/03\/le-comite-de-defense-et-developpement-de-lenseignement-agricole-public-cddeap-a-blanquefort\/","og_site_name":"NOUVELLE AQUITAINE","article_published_time":"2019-04-03T07:24:52+00:00","article_modified_time":"2019-04-03T07:25:18+00:00","og_image":[{"url":"https:\/\/regions-snetap-fsu.fr\/na\/wp-content\/uploads\/sites\/3\/2019\/02\/Fotolia_108049424_S-1-300x300.jpg","type":"","width":"","height":""}],"author":"Tmoos","twitter_card":"summary_large_image","twitter_misc":{"\u00c9crit par":"Tmoos","Dur\u00e9e de lecture estim\u00e9e":"1 minute"},"schema":{"@context":"https:\/\/schema.org","@graph":[{"@type":"Article","@id":"https:\/\/regions-snetap-fsu.fr\/na\/2019\/04\/03\/le-comite-de-defense-et-developpement-de-lenseignement-agricole-public-cddeap-a-blanquefort\/#article","isPartOf":{"@id":"https:\/\/regions-snetap-fsu.fr\/na\/2019\/04\/03\/le-comite-de-defense-et-developpement-de-lenseignement-agricole-public-cddeap-a-blanquefort\/"},"author":{"name":"Tmoos","@id":"https:\/\/regions-snetap-fsu.fr\/na\/#\/schema\/person\/200c3209e01aa8c2a287fda4d096cd22"},"headline":"Le Comit\u00e9 de D\u00e9fense et D\u00e9veloppement de l&rsquo;Enseignement Agricole Public (CDDEAP) \u00e0 Blanquefort","datePublished":"2019-04-03T07:24:52+00:00","dateModified":"2019-04-03T07:25:18+00:00","mainEntityOfPage":{"@id":"https:\/\/regions-snetap-fsu.fr\/na\/2019\/04\/03\/le-comite-de-defense-et-developpement-de-lenseignement-agricole-public-cddeap-a-blanquefort\/"},"wordCount":158,"publisher":{"@id":"https:\/\/regions-snetap-fsu.fr\/na\/#organization"},"image":{"@id":"https:\/\/regions-snetap-fsu.fr\/na\/2019\/04\/03\/le-comite-de-defense-et-developpement-de-lenseignement-agricole-public-cddeap-a-blanquefort\/#primaryimage"},"thumbnailUrl":"https:\/\/regions-snetap-fsu.fr\/na\/wp-content\/uploads\/sites\/3\/2019\/02\/Fotolia_108049424_S-1-300x300.jpg","articleSection":["Actions","NA","Secteur Aquitaine"],"inLanguage":"fr-FR"},{"@type":"WebPage","@id":"https:\/\/regions-snetap-fsu.fr\/na\/2019\/04\/03\/le-comite-de-defense-et-developpement-de-lenseignement-agricole-public-cddeap-a-blanquefort\/","url":"https:\/\/regions-snetap-fsu.fr\/na\/2019\/04\/03\/le-comite-de-defense-et-developpement-de-lenseignement-agricole-public-cddeap-a-blanquefort\/","name":"Le Comit\u00e9 de D\u00e9fense et D\u00e9veloppement de l'Enseignement Agricole Public (CDDEAP) \u00e0 Blanquefort - NOUVELLE AQUITAINE","isPartOf":{"@id":"https:\/\/regions-snetap-fsu.fr\/na\/#website"},"primaryImageOfPage":{"@id":"https:\/\/regions-snetap-fsu.fr\/na\/2019\/04\/03\/le-comite-de-defense-et-developpement-de-lenseignement-agricole-public-cddeap-a-blanquefort\/#primaryimage"},"image":{"@id":"https:\/\/regions-snetap-fsu.fr\/na\/2019\/04\/03\/le-comite-de-defense-et-developpement-de-lenseignement-agricole-public-cddeap-a-blanquefort\/#primaryimage"},"thumbnailUrl":"https:\/\/regions-snetap-fsu.fr\/na\/wp-content\/uploads\/sites\/3\/2019\/02\/Fotolia_108049424_S-1-300x300.jpg","datePublished":"2019-04-03T07:24:52+00:00","dateModified":"2019-04-03T07:25:18+00:00","breadcrumb":{"@id":"https:\/\/regions-snetap-fsu.fr\/na\/2019\/04\/03\/le-comite-de-defense-et-developpement-de-lenseignement-agricole-public-cddeap-a-blanquefort\/#breadcrumb"},"inLanguage":"fr-FR","potentialAction":[{"@type":"ReadAction","target":["https:\/\/regions-snetap-fsu.fr\/na\/2019\/04\/03\/le-comite-de-defense-et-developpement-de-lenseignement-agricole-public-cddeap-a-blanquefort\/"]}]},{"@type":"ImageObject","inLanguage":"fr-FR","@id":"https:\/\/regions-snetap-fsu.fr\/na\/2019\/04\/03\/le-comite-de-defense-et-developpement-de-lenseignement-agricole-public-cddeap-a-blanquefort\/#primaryimage","url":"https:\/\/regions-snetap-fsu.fr\/na\/wp-content\/uploads\/sites\/3\/2019\/02\/Fotolia_108049424_S-1.jpg","contentUrl":"https:\/\/regions-snetap-fsu.fr\/na\/wp-content\/uploads\/sites\/3\/2019\/02\/Fotolia_108049424_S-1.jpg","width":693,"height":693},{"@type":"BreadcrumbList","@id":"https:\/\/regions-snetap-fsu.fr\/na\/2019\/04\/03\/le-comite-de-defense-et-developpement-de-lenseignement-agricole-public-cddeap-a-blanquefort\/#breadcrumb","itemListElement":[{"@type":"ListItem","position":1,"name":"Accueil","item":"https:\/\/regions-snetap-fsu.fr\/na\/"},{"@type":"ListItem","position":2,"name":"Le Comit\u00e9 de D\u00e9fense et D\u00e9veloppement de l&rsquo;Enseignement Agricole Public (CDDEAP) \u00e0 Blanquefort"}]},{"@type":"WebSite","@id":"https:\/\/regions-snetap-fsu.fr\/na\/#website","url":"https:\/\/regions-snetap-fsu.fr\/na\/","name":"SNETAP-FSU NOUVELLE AQUITAINE","description":"Blog de la Section R\u00e9gionale","publisher":{"@id":"https:\/\/regions-snetap-fsu.fr\/na\/#organization"},"potentialAction":[{"@type":"SearchAction","target":{"@type":"EntryPoint","urlTemplate":"https:\/\/regions-snetap-fsu.fr\/na\/?s={search_term_string}"},"query-input":{"@type":"PropertyValueSpecification","valueRequired":true,"valueName":"search_term_string"}}],"inLanguage":"fr-FR"},{"@type":"Organization","@id":"https:\/\/regions-snetap-fsu.fr\/na\/#organization","name":"SNETAP-FSU - Nouvelle Aquitaine","url":"https:\/\/regions-snetap-fsu.fr\/na\/","logo":{"@type":"ImageObject","inLanguage":"fr-FR","@id":"https:\/\/regions-snetap-fsu.fr\/na\/#\/schema\/logo\/image\/","url":"https:\/\/regions-snetap-fsu.fr\/na\/wp-content\/uploads\/sites\/3\/2020\/12\/SNETAP-Logo.jpg","contentUrl":"https:\/\/regions-snetap-fsu.fr\/na\/wp-content\/uploads\/sites\/3\/2020\/12\/SNETAP-Logo.jpg","width":464,"height":334,"caption":"SNETAP-FSU - Nouvelle Aquitaine"},"image":{"@id":"https:\/\/regions-snetap-fsu.fr\/na\/#\/schema\/logo\/image\/"}},{"@type":"Person","@id":"https:\/\/regions-snetap-fsu.fr\/na\/#\/schema\/person\/200c3209e01aa8c2a287fda4d096cd22","name":"Tmoos","image":{"@type":"ImageObject","inLanguage":"fr-FR","@id":"https:\/\/secure.gravatar.com\/avatar\/ee9416e21ddddd1cb4bc3f8a9a89584e0671c3184caebebe8e4de3129769a613?s=96&d=mm&r=g","url":"https:\/\/secure.gravatar.com\/avatar\/ee9416e21ddddd1cb4bc3f8a9a89584e0671c3184caebebe8e4de3129769a613?s=96&d=mm&r=g","contentUrl":"https:\/\/secure.gravatar.com\/avatar\/ee9416e21ddddd1cb4bc3f8a9a89584e0671c3184caebebe8e4de3129769a613?s=96&d=mm&r=g","caption":"Tmoos"},"url":"https:\/\/regions-snetap-fsu.fr\/na\/author\/fthomas\/"}]}},"_links":{"self":[{"href":"https:\/\/regions-snetap-fsu.fr\/na\/wp-json\/wp\/v2\/posts\/1217","targetHints":{"allow":["GET"]}}],"collection":[{"href":"https:\/\/regions-snetap-fsu.fr\/na\/wp-json\/wp\/v2\/posts"}],"about":[{"href":"https:\/\/regions-snetap-fsu.fr\/na\/wp-json\/wp\/v2\/types\/post"}],"author":[{"embeddable":true,"href":"https:\/\/regions-snetap-fsu.fr\/na\/wp-json\/wp\/v2\/users\/99"}],"replies":[{"embeddable":true,"href":"https:\/\/regions-snetap-fsu.fr\/na\/wp-json\/wp\/v2\/comments?post=1217"}],"version-history":[{"count":2,"href":"https:\/\/regions-snetap-fsu.fr\/na\/wp-json\/wp\/v2\/posts\/1217\/revisions"}],"predecessor-version":[{"id":1219,"href":"https:\/\/regions-snetap-fsu.fr\/na\/wp-json\/wp\/v2\/posts\/1217\/revisions\/1219"}],"wp:attachment":[{"href":"https:\/\/regions-snetap-fsu.fr\/na\/wp-json\/wp\/v2\/media?parent=1217"}],"wp:term":[{"taxonomy":"category","embeddable":true,"href":"https:\/\/regions-snetap-fsu.fr\/na\/wp-json\/wp\/v2\/categories?post=1217"},{"taxonomy":"post_tag","embeddable":true,"href":"https:\/\/regions-snetap-fsu.fr\/na\/wp-json\/wp\/v2\/tags?post=1217"},{"taxonomy":"post_folder","embeddable":true,"href":"https:\/\/regions-snetap-fsu.fr\/na\/wp-json\/wp\/v2\/post_folder?post=1217"}],"curies":[{"name":"wp","href":"https:\/\/api.w.org\/{rel}","templated":true}]}}