{"id":1205,"date":"2019-04-02T21:13:31","date_gmt":"2019-04-02T19:13:31","guid":{"rendered":"https:\/\/regions-snetap-fsu.fr\/na\/?p=1205"},"modified":"2019-04-03T11:32:34","modified_gmt":"2019-04-03T09:32:34","slug":"non-a-la-suppression-des-seuils-action-du-2-avril","status":"publish","type":"post","link":"https:\/\/regions-snetap-fsu.fr\/na\/2019\/04\/02\/non-a-la-suppression-des-seuils-action-du-2-avril\/","title":{"rendered":"Non \u00e0 la suppression des seuils, action du 2 avril"},"content":{"rendered":"<p><img fetchpriority=\"high\" decoding=\"async\" class=\"size-medium wp-image-1208 alignleft\" src=\"https:\/\/regions-snetap-fsu.fr\/na\/wp-content\/uploads\/sites\/3\/2019\/04\/IMG_20190402_110201_resized_20190402_061129464-300x225.jpg\" alt=\"\" width=\"300\" height=\"225\" srcset=\"https:\/\/regions-snetap-fsu.fr\/na\/wp-content\/uploads\/sites\/3\/2019\/04\/IMG_20190402_110201_resized_20190402_061129464-300x225.jpg 300w, https:\/\/regions-snetap-fsu.fr\/na\/wp-content\/uploads\/sites\/3\/2019\/04\/IMG_20190402_110201_resized_20190402_061129464-768x576.jpg 768w, https:\/\/regions-snetap-fsu.fr\/na\/wp-content\/uploads\/sites\/3\/2019\/04\/IMG_20190402_110201_resized_20190402_061129464-1024x768.jpg 1024w, https:\/\/regions-snetap-fsu.fr\/na\/wp-content\/uploads\/sites\/3\/2019\/04\/IMG_20190402_110201_resized_20190402_061129464-100x75.jpg 100w, https:\/\/regions-snetap-fsu.fr\/na\/wp-content\/uploads\/sites\/3\/2019\/04\/IMG_20190402_110201_resized_20190402_061129464-150x113.jpg 150w, https:\/\/regions-snetap-fsu.fr\/na\/wp-content\/uploads\/sites\/3\/2019\/04\/IMG_20190402_110201_resized_20190402_061129464-200x150.jpg 200w, https:\/\/regions-snetap-fsu.fr\/na\/wp-content\/uploads\/sites\/3\/2019\/04\/IMG_20190402_110201_resized_20190402_061129464-450x338.jpg 450w, https:\/\/regions-snetap-fsu.fr\/na\/wp-content\/uploads\/sites\/3\/2019\/04\/IMG_20190402_110201_resized_20190402_061129464-600x450.jpg 600w, https:\/\/regions-snetap-fsu.fr\/na\/wp-content\/uploads\/sites\/3\/2019\/04\/IMG_20190402_110201_resized_20190402_061129464-900x675.jpg 900w\" sizes=\"(max-width: 300px) 100vw, 300px\" \/>Barbezieux, un vingtaine de militants du snetap-fsu nouvelle Aquitaine s&rsquo;est mobilis\u00e9e lors d&rsquo;une r\u00e9union de directeurs adjoints des \u00e9tablissements d&rsquo;enseignement agricole public de la r\u00e9gion. Une \u00a0d\u00e9l\u00e9gation a \u00e9t\u00e9 re\u00e7ue par le SRFD.<!--more--> Ils protestaient contre l&rsquo;augmentation du nombre d&rsquo;\u00e9l\u00e8ves dans les classes pr\u00e9vues (seuils passant de 16 \u00e0 19 ou de 24 \u00e0 27)pour la rentr\u00e9e prochaine et la baisse du nombre d&rsquo;heures d&rsquo;enseignement (environ -10000 heures de DGH dans notre r\u00e9gion) pour fonctionner dans les lyc\u00e9es. Les manifestants ont pris l&rsquo;initiative d&rsquo;interpeller les adjoints pendant leur r\u00e9union sur les cons\u00e9quences de ces r\u00e9formes qu&rsquo;ils vont devoir mettre en \u0153uvre.<\/p>\n<p><a href=\"https:\/\/www.snetap-fsu.fr\/CNEA-du-2-avril-2019-Declaration-intersyndicale.html\">https:\/\/www.snetap-fsu.fr\/CNEA-du-2-avril-2019-Declaration-intersyndicale.html<\/a><\/p>\n<p>&nbsp;<\/p>\n<p><img decoding=\"async\" class=\"size-medium wp-image-1209 alignleft\" src=\"https:\/\/regions-snetap-fsu.fr\/na\/wp-content\/uploads\/sites\/3\/2019\/04\/IMG_20190402_110303_resized_20190402_061127156-300x225.jpg\" alt=\"\" width=\"300\" height=\"225\" srcset=\"https:\/\/regions-snetap-fsu.fr\/na\/wp-content\/uploads\/sites\/3\/2019\/04\/IMG_20190402_110303_resized_20190402_061127156-300x225.jpg 300w, https:\/\/regions-snetap-fsu.fr\/na\/wp-content\/uploads\/sites\/3\/2019\/04\/IMG_20190402_110303_resized_20190402_061127156-768x576.jpg 768w, https:\/\/regions-snetap-fsu.fr\/na\/wp-content\/uploads\/sites\/3\/2019\/04\/IMG_20190402_110303_resized_20190402_061127156-1024x768.jpg 1024w, https:\/\/regions-snetap-fsu.fr\/na\/wp-content\/uploads\/sites\/3\/2019\/04\/IMG_20190402_110303_resized_20190402_061127156-100x75.jpg 100w, https:\/\/regions-snetap-fsu.fr\/na\/wp-content\/uploads\/sites\/3\/2019\/04\/IMG_20190402_110303_resized_20190402_061127156-150x113.jpg 150w, https:\/\/regions-snetap-fsu.fr\/na\/wp-content\/uploads\/sites\/3\/2019\/04\/IMG_20190402_110303_resized_20190402_061127156-200x150.jpg 200w, https:\/\/regions-snetap-fsu.fr\/na\/wp-content\/uploads\/sites\/3\/2019\/04\/IMG_20190402_110303_resized_20190402_061127156-450x338.jpg 450w, https:\/\/regions-snetap-fsu.fr\/na\/wp-content\/uploads\/sites\/3\/2019\/04\/IMG_20190402_110303_resized_20190402_061127156-600x450.jpg 600w, https:\/\/regions-snetap-fsu.fr\/na\/wp-content\/uploads\/sites\/3\/2019\/04\/IMG_20190402_110303_resized_20190402_061127156-900x675.jpg 900w\" sizes=\"(max-width: 300px) 100vw, 300px\" \/><img decoding=\"async\" class=\"size-medium wp-image-1207 alignright\" src=\"https:\/\/regions-snetap-fsu.fr\/na\/wp-content\/uploads\/sites\/3\/2019\/04\/IMG_20190402_110356_resized_20190402_061128288-300x225.jpg\" alt=\"Action Barbezieu le 2 avril\" width=\"300\" height=\"225\" srcset=\"https:\/\/regions-snetap-fsu.fr\/na\/wp-content\/uploads\/sites\/3\/2019\/04\/IMG_20190402_110356_resized_20190402_061128288-300x225.jpg 300w, https:\/\/regions-snetap-fsu.fr\/na\/wp-content\/uploads\/sites\/3\/2019\/04\/IMG_20190402_110356_resized_20190402_061128288-768x576.jpg 768w, https:\/\/regions-snetap-fsu.fr\/na\/wp-content\/uploads\/sites\/3\/2019\/04\/IMG_20190402_110356_resized_20190402_061128288-1024x768.jpg 1024w, https:\/\/regions-snetap-fsu.fr\/na\/wp-content\/uploads\/sites\/3\/2019\/04\/IMG_20190402_110356_resized_20190402_061128288-100x75.jpg 100w, https:\/\/regions-snetap-fsu.fr\/na\/wp-content\/uploads\/sites\/3\/2019\/04\/IMG_20190402_110356_resized_20190402_061128288-150x113.jpg 150w, https:\/\/regions-snetap-fsu.fr\/na\/wp-content\/uploads\/sites\/3\/2019\/04\/IMG_20190402_110356_resized_20190402_061128288-200x150.jpg 200w, https:\/\/regions-snetap-fsu.fr\/na\/wp-content\/uploads\/sites\/3\/2019\/04\/IMG_20190402_110356_resized_20190402_061128288-450x338.jpg 450w, https:\/\/regions-snetap-fsu.fr\/na\/wp-content\/uploads\/sites\/3\/2019\/04\/IMG_20190402_110356_resized_20190402_061128288-600x450.jpg 600w, https:\/\/regions-snetap-fsu.fr\/na\/wp-content\/uploads\/sites\/3\/2019\/04\/IMG_20190402_110356_resized_20190402_061128288-900x675.jpg 900w\" sizes=\"(max-width: 300px) 100vw, 300px\" \/><\/p>\n","protected":false},"excerpt":{"rendered":"<p>Barbezieux, un vingtaine de militants du snetap-fsu nouvelle Aquitaine s&rsquo;est mobilis\u00e9e lors d&rsquo;une r\u00e9union de directeurs adjoints des \u00e9tablissements d&rsquo;enseignement agricole public de la r\u00e9gion. Une \u00a0d\u00e9l\u00e9gation a \u00e9t\u00e9 re\u00e7ue par le SRFD.<\/p>\n","protected":false},"author":99,"featured_media":0,"comment_status":"closed","ping_status":"closed","sticky":false,"template":"","format":"standard","meta":{"ocean_post_layout":"","ocean_both_sidebars_style":"","ocean_both_sidebars_content_width":0,"ocean_both_sidebars_sidebars_width":0,"ocean_sidebar":"","ocean_second_sidebar":"","ocean_disable_margins":"enable","ocean_add_body_class":"","ocean_shortcode_before_top_bar":"","ocean_shortcode_after_top_bar":"","ocean_shortcode_before_header":"","ocean_shortcode_after_header":"","ocean_has_shortcode":"","ocean_shortcode_after_title":"","ocean_shortcode_before_footer_widgets":"","ocean_shortcode_after_footer_widgets":"","ocean_shortcode_before_footer_bottom":"","ocean_shortcode_after_footer_bottom":"","ocean_display_top_bar":"default","ocean_display_header":"default","ocean_header_style":"","ocean_center_header_left_menu":"","ocean_custom_header_template":"","ocean_custom_logo":0,"ocean_custom_retina_logo":0,"ocean_custom_logo_max_width":0,"ocean_custom_logo_tablet_max_width":0,"ocean_custom_logo_mobile_max_width":0,"ocean_custom_logo_max_height":0,"ocean_custom_logo_tablet_max_height":0,"ocean_custom_logo_mobile_max_height":0,"ocean_header_custom_menu":"","ocean_menu_typo_font_family":"","ocean_menu_typo_font_subset":"","ocean_menu_typo_font_size":0,"ocean_menu_typo_font_size_tablet":0,"ocean_menu_typo_font_size_mobile":0,"ocean_menu_typo_font_size_unit":"px","ocean_menu_typo_font_weight":"","ocean_menu_typo_font_weight_tablet":"","ocean_menu_typo_font_weight_mobile":"","ocean_menu_typo_transform":"","ocean_menu_typo_transform_tablet":"","ocean_menu_typo_transform_mobile":"","ocean_menu_typo_line_height":0,"ocean_menu_typo_line_height_tablet":0,"ocean_menu_typo_line_height_mobile":0,"ocean_menu_typo_line_height_unit":"","ocean_menu_typo_spacing":0,"ocean_menu_typo_spacing_tablet":0,"ocean_menu_typo_spacing_mobile":0,"ocean_menu_typo_spacing_unit":"","ocean_menu_link_color":"","ocean_menu_link_color_hover":"","ocean_menu_link_color_active":"","ocean_menu_link_background":"","ocean_menu_link_hover_background":"","ocean_menu_link_active_background":"","ocean_menu_social_links_bg":"","ocean_menu_social_hover_links_bg":"","ocean_menu_social_links_color":"","ocean_menu_social_hover_links_color":"","ocean_disable_title":"default","ocean_disable_heading":"default","ocean_post_title":"","ocean_post_subheading":"","ocean_post_title_style":"","ocean_post_title_background_color":"","ocean_post_title_background":0,"ocean_post_title_bg_image_position":"","ocean_post_title_bg_image_attachment":"","ocean_post_title_bg_image_repeat":"","ocean_post_title_bg_image_size":"","ocean_post_title_height":0,"ocean_post_title_bg_overlay":0.5,"ocean_post_title_bg_overlay_color":"","ocean_disable_breadcrumbs":"default","ocean_breadcrumbs_color":"","ocean_breadcrumbs_separator_color":"","ocean_breadcrumbs_links_color":"","ocean_breadcrumbs_links_hover_color":"","ocean_display_footer_widgets":"default","ocean_display_footer_bottom":"default","ocean_custom_footer_template":"","ocean_post_oembed":"","ocean_post_self_hosted_media":"","ocean_post_video_embed":"","ocean_link_format":"","ocean_link_format_target":"self","ocean_quote_format":"","ocean_quote_format_link":"post","ocean_gallery_link_images":"on","ocean_gallery_id":[],"footnotes":""},"categories":[12,8],"tags":[],"post_folder":[],"class_list":["post-1205","post","type-post","status-publish","format-standard","hentry","category-actions","category-na","entry"],"yoast_head":"<!-- This site is optimized with the Yoast SEO plugin v27.4 - https:\/\/yoast.com\/product\/yoast-seo-wordpress\/ -->\n<title>Non \u00e0 la suppression des seuils, action du 2 avril - NOUVELLE AQUITAINE<\/title>\n<meta name=\"robots\" content=\"index, follow, max-snippet:-1, max-image-preview:large, max-video-preview:-1\" \/>\n<link rel=\"canonical\" href=\"https:\/\/regions-snetap-fsu.fr\/na\/2019\/04\/02\/non-a-la-suppression-des-seuils-action-du-2-avril\/\" \/>\n<meta property=\"og:locale\" content=\"fr_FR\" \/>\n<meta property=\"og:type\" content=\"article\" \/>\n<meta property=\"og:title\" content=\"Non \u00e0 la suppression des seuils, action du 2 avril - NOUVELLE AQUITAINE\" \/>\n<meta property=\"og:description\" content=\"Barbezieux, un vingtaine de militants du snetap-fsu nouvelle Aquitaine s&rsquo;est mobilis\u00e9e lors d&rsquo;une r\u00e9union de directeurs adjoints des \u00e9tablissements d&rsquo;enseignement agricole public de la r\u00e9gion. Une \u00a0d\u00e9l\u00e9gation a \u00e9t\u00e9 re\u00e7ue par le SRFD.\" \/>\n<meta property=\"og:url\" content=\"https:\/\/regions-snetap-fsu.fr\/na\/2019\/04\/02\/non-a-la-suppression-des-seuils-action-du-2-avril\/\" \/>\n<meta property=\"og:site_name\" content=\"NOUVELLE AQUITAINE\" \/>\n<meta property=\"article:published_time\" content=\"2019-04-02T19:13:31+00:00\" \/>\n<meta property=\"article:modified_time\" content=\"2019-04-03T09:32:34+00:00\" \/>\n<meta property=\"og:image\" content=\"https:\/\/regions-snetap-fsu.fr\/na\/wp-content\/uploads\/sites\/3\/2019\/04\/IMG_20190402_110201_resized_20190402_061129464-300x225.jpg\" \/>\n<meta name=\"author\" content=\"Tmoos\" \/>\n<meta name=\"twitter:card\" content=\"summary_large_image\" \/>\n<meta name=\"twitter:label1\" content=\"\u00c9crit par\" \/>\n\t<meta name=\"twitter:data1\" content=\"Tmoos\" \/>\n\t<meta name=\"twitter:label2\" content=\"Dur\u00e9e de lecture estim\u00e9e\" \/>\n\t<meta name=\"twitter:data2\" content=\"1 minute\" \/>\n<script type=\"application\/ld+json\" class=\"yoast-schema-graph\">{\"@context\":\"https:\\\/\\\/schema.org\",\"@graph\":[{\"@type\":\"Article\",\"@id\":\"https:\\\/\\\/regions-snetap-fsu.fr\\\/na\\\/2019\\\/04\\\/02\\\/non-a-la-suppression-des-seuils-action-du-2-avril\\\/#article\",\"isPartOf\":{\"@id\":\"https:\\\/\\\/regions-snetap-fsu.fr\\\/na\\\/2019\\\/04\\\/02\\\/non-a-la-suppression-des-seuils-action-du-2-avril\\\/\"},\"author\":{\"name\":\"Tmoos\",\"@id\":\"https:\\\/\\\/regions-snetap-fsu.fr\\\/na\\\/#\\\/schema\\\/person\\\/200c3209e01aa8c2a287fda4d096cd22\"},\"headline\":\"Non \u00e0 la suppression des seuils, action du 2 avril\",\"datePublished\":\"2019-04-02T19:13:31+00:00\",\"dateModified\":\"2019-04-03T09:32:34+00:00\",\"mainEntityOfPage\":{\"@id\":\"https:\\\/\\\/regions-snetap-fsu.fr\\\/na\\\/2019\\\/04\\\/02\\\/non-a-la-suppression-des-seuils-action-du-2-avril\\\/\"},\"wordCount\":137,\"publisher\":{\"@id\":\"https:\\\/\\\/regions-snetap-fsu.fr\\\/na\\\/#organization\"},\"image\":{\"@id\":\"https:\\\/\\\/regions-snetap-fsu.fr\\\/na\\\/2019\\\/04\\\/02\\\/non-a-la-suppression-des-seuils-action-du-2-avril\\\/#primaryimage\"},\"thumbnailUrl\":\"https:\\\/\\\/regions-snetap-fsu.fr\\\/na\\\/wp-content\\\/uploads\\\/sites\\\/3\\\/2019\\\/04\\\/IMG_20190402_110201_resized_20190402_061129464-300x225.jpg\",\"articleSection\":[\"Actions\",\"NA\"],\"inLanguage\":\"fr-FR\"},{\"@type\":\"WebPage\",\"@id\":\"https:\\\/\\\/regions-snetap-fsu.fr\\\/na\\\/2019\\\/04\\\/02\\\/non-a-la-suppression-des-seuils-action-du-2-avril\\\/\",\"url\":\"https:\\\/\\\/regions-snetap-fsu.fr\\\/na\\\/2019\\\/04\\\/02\\\/non-a-la-suppression-des-seuils-action-du-2-avril\\\/\",\"name\":\"Non \u00e0 la suppression des seuils, action du 2 avril - NOUVELLE AQUITAINE\",\"isPartOf\":{\"@id\":\"https:\\\/\\\/regions-snetap-fsu.fr\\\/na\\\/#website\"},\"primaryImageOfPage\":{\"@id\":\"https:\\\/\\\/regions-snetap-fsu.fr\\\/na\\\/2019\\\/04\\\/02\\\/non-a-la-suppression-des-seuils-action-du-2-avril\\\/#primaryimage\"},\"image\":{\"@id\":\"https:\\\/\\\/regions-snetap-fsu.fr\\\/na\\\/2019\\\/04\\\/02\\\/non-a-la-suppression-des-seuils-action-du-2-avril\\\/#primaryimage\"},\"thumbnailUrl\":\"https:\\\/\\\/regions-snetap-fsu.fr\\\/na\\\/wp-content\\\/uploads\\\/sites\\\/3\\\/2019\\\/04\\\/IMG_20190402_110201_resized_20190402_061129464-300x225.jpg\",\"datePublished\":\"2019-04-02T19:13:31+00:00\",\"dateModified\":\"2019-04-03T09:32:34+00:00\",\"breadcrumb\":{\"@id\":\"https:\\\/\\\/regions-snetap-fsu.fr\\\/na\\\/2019\\\/04\\\/02\\\/non-a-la-suppression-des-seuils-action-du-2-avril\\\/#breadcrumb\"},\"inLanguage\":\"fr-FR\",\"potentialAction\":[{\"@type\":\"ReadAction\",\"target\":[\"https:\\\/\\\/regions-snetap-fsu.fr\\\/na\\\/2019\\\/04\\\/02\\\/non-a-la-suppression-des-seuils-action-du-2-avril\\\/\"]}]},{\"@type\":\"ImageObject\",\"inLanguage\":\"fr-FR\",\"@id\":\"https:\\\/\\\/regions-snetap-fsu.fr\\\/na\\\/2019\\\/04\\\/02\\\/non-a-la-suppression-des-seuils-action-du-2-avril\\\/#primaryimage\",\"url\":\"https:\\\/\\\/regions-snetap-fsu.fr\\\/na\\\/wp-content\\\/uploads\\\/sites\\\/3\\\/2019\\\/04\\\/IMG_20190402_110201_resized_20190402_061129464.jpg\",\"contentUrl\":\"https:\\\/\\\/regions-snetap-fsu.fr\\\/na\\\/wp-content\\\/uploads\\\/sites\\\/3\\\/2019\\\/04\\\/IMG_20190402_110201_resized_20190402_061129464.jpg\",\"width\":3120,\"height\":2340,\"caption\":\"Manif Barbezieux\"},{\"@type\":\"BreadcrumbList\",\"@id\":\"https:\\\/\\\/regions-snetap-fsu.fr\\\/na\\\/2019\\\/04\\\/02\\\/non-a-la-suppression-des-seuils-action-du-2-avril\\\/#breadcrumb\",\"itemListElement\":[{\"@type\":\"ListItem\",\"position\":1,\"name\":\"Accueil\",\"item\":\"https:\\\/\\\/regions-snetap-fsu.fr\\\/na\\\/\"},{\"@type\":\"ListItem\",\"position\":2,\"name\":\"Non \u00e0 la suppression des seuils, action du 2 avril\"}]},{\"@type\":\"WebSite\",\"@id\":\"https:\\\/\\\/regions-snetap-fsu.fr\\\/na\\\/#website\",\"url\":\"https:\\\/\\\/regions-snetap-fsu.fr\\\/na\\\/\",\"name\":\"SNETAP-FSU NOUVELLE AQUITAINE\",\"description\":\"Blog de la Section R\u00e9gionale\",\"publisher\":{\"@id\":\"https:\\\/\\\/regions-snetap-fsu.fr\\\/na\\\/#organization\"},\"potentialAction\":[{\"@type\":\"SearchAction\",\"target\":{\"@type\":\"EntryPoint\",\"urlTemplate\":\"https:\\\/\\\/regions-snetap-fsu.fr\\\/na\\\/?s={search_term_string}\"},\"query-input\":{\"@type\":\"PropertyValueSpecification\",\"valueRequired\":true,\"valueName\":\"search_term_string\"}}],\"inLanguage\":\"fr-FR\"},{\"@type\":\"Organization\",\"@id\":\"https:\\\/\\\/regions-snetap-fsu.fr\\\/na\\\/#organization\",\"name\":\"SNETAP-FSU - Nouvelle Aquitaine\",\"url\":\"https:\\\/\\\/regions-snetap-fsu.fr\\\/na\\\/\",\"logo\":{\"@type\":\"ImageObject\",\"inLanguage\":\"fr-FR\",\"@id\":\"https:\\\/\\\/regions-snetap-fsu.fr\\\/na\\\/#\\\/schema\\\/logo\\\/image\\\/\",\"url\":\"https:\\\/\\\/regions-snetap-fsu.fr\\\/na\\\/wp-content\\\/uploads\\\/sites\\\/3\\\/2020\\\/12\\\/SNETAP-Logo.jpg\",\"contentUrl\":\"https:\\\/\\\/regions-snetap-fsu.fr\\\/na\\\/wp-content\\\/uploads\\\/sites\\\/3\\\/2020\\\/12\\\/SNETAP-Logo.jpg\",\"width\":464,\"height\":334,\"caption\":\"SNETAP-FSU - Nouvelle Aquitaine\"},\"image\":{\"@id\":\"https:\\\/\\\/regions-snetap-fsu.fr\\\/na\\\/#\\\/schema\\\/logo\\\/image\\\/\"}},{\"@type\":\"Person\",\"@id\":\"https:\\\/\\\/regions-snetap-fsu.fr\\\/na\\\/#\\\/schema\\\/person\\\/200c3209e01aa8c2a287fda4d096cd22\",\"name\":\"Tmoos\",\"image\":{\"@type\":\"ImageObject\",\"inLanguage\":\"fr-FR\",\"@id\":\"https:\\\/\\\/secure.gravatar.com\\\/avatar\\\/ee9416e21ddddd1cb4bc3f8a9a89584e0671c3184caebebe8e4de3129769a613?s=96&d=mm&r=g\",\"url\":\"https:\\\/\\\/secure.gravatar.com\\\/avatar\\\/ee9416e21ddddd1cb4bc3f8a9a89584e0671c3184caebebe8e4de3129769a613?s=96&d=mm&r=g\",\"contentUrl\":\"https:\\\/\\\/secure.gravatar.com\\\/avatar\\\/ee9416e21ddddd1cb4bc3f8a9a89584e0671c3184caebebe8e4de3129769a613?s=96&d=mm&r=g\",\"caption\":\"Tmoos\"},\"url\":\"https:\\\/\\\/regions-snetap-fsu.fr\\\/na\\\/author\\\/fthomas\\\/\"}]}<\/script>\n<!-- \/ Yoast SEO plugin. -->","yoast_head_json":{"title":"Non \u00e0 la suppression des seuils, action du 2 avril - NOUVELLE AQUITAINE","robots":{"index":"index","follow":"follow","max-snippet":"max-snippet:-1","max-image-preview":"max-image-preview:large","max-video-preview":"max-video-preview:-1"},"canonical":"https:\/\/regions-snetap-fsu.fr\/na\/2019\/04\/02\/non-a-la-suppression-des-seuils-action-du-2-avril\/","og_locale":"fr_FR","og_type":"article","og_title":"Non \u00e0 la suppression des seuils, action du 2 avril - NOUVELLE AQUITAINE","og_description":"Barbezieux, un vingtaine de militants du snetap-fsu nouvelle Aquitaine s&rsquo;est mobilis\u00e9e lors d&rsquo;une r\u00e9union de directeurs adjoints des \u00e9tablissements d&rsquo;enseignement agricole public de la r\u00e9gion. Une \u00a0d\u00e9l\u00e9gation a \u00e9t\u00e9 re\u00e7ue par le SRFD.","og_url":"https:\/\/regions-snetap-fsu.fr\/na\/2019\/04\/02\/non-a-la-suppression-des-seuils-action-du-2-avril\/","og_site_name":"NOUVELLE AQUITAINE","article_published_time":"2019-04-02T19:13:31+00:00","article_modified_time":"2019-04-03T09:32:34+00:00","og_image":[{"url":"https:\/\/regions-snetap-fsu.fr\/na\/wp-content\/uploads\/sites\/3\/2019\/04\/IMG_20190402_110201_resized_20190402_061129464-300x225.jpg","type":"","width":"","height":""}],"author":"Tmoos","twitter_card":"summary_large_image","twitter_misc":{"\u00c9crit par":"Tmoos","Dur\u00e9e de lecture estim\u00e9e":"1 minute"},"schema":{"@context":"https:\/\/schema.org","@graph":[{"@type":"Article","@id":"https:\/\/regions-snetap-fsu.fr\/na\/2019\/04\/02\/non-a-la-suppression-des-seuils-action-du-2-avril\/#article","isPartOf":{"@id":"https:\/\/regions-snetap-fsu.fr\/na\/2019\/04\/02\/non-a-la-suppression-des-seuils-action-du-2-avril\/"},"author":{"name":"Tmoos","@id":"https:\/\/regions-snetap-fsu.fr\/na\/#\/schema\/person\/200c3209e01aa8c2a287fda4d096cd22"},"headline":"Non \u00e0 la suppression des seuils, action du 2 avril","datePublished":"2019-04-02T19:13:31+00:00","dateModified":"2019-04-03T09:32:34+00:00","mainEntityOfPage":{"@id":"https:\/\/regions-snetap-fsu.fr\/na\/2019\/04\/02\/non-a-la-suppression-des-seuils-action-du-2-avril\/"},"wordCount":137,"publisher":{"@id":"https:\/\/regions-snetap-fsu.fr\/na\/#organization"},"image":{"@id":"https:\/\/regions-snetap-fsu.fr\/na\/2019\/04\/02\/non-a-la-suppression-des-seuils-action-du-2-avril\/#primaryimage"},"thumbnailUrl":"https:\/\/regions-snetap-fsu.fr\/na\/wp-content\/uploads\/sites\/3\/2019\/04\/IMG_20190402_110201_resized_20190402_061129464-300x225.jpg","articleSection":["Actions","NA"],"inLanguage":"fr-FR"},{"@type":"WebPage","@id":"https:\/\/regions-snetap-fsu.fr\/na\/2019\/04\/02\/non-a-la-suppression-des-seuils-action-du-2-avril\/","url":"https:\/\/regions-snetap-fsu.fr\/na\/2019\/04\/02\/non-a-la-suppression-des-seuils-action-du-2-avril\/","name":"Non \u00e0 la suppression des seuils, action du 2 avril - NOUVELLE AQUITAINE","isPartOf":{"@id":"https:\/\/regions-snetap-fsu.fr\/na\/#website"},"primaryImageOfPage":{"@id":"https:\/\/regions-snetap-fsu.fr\/na\/2019\/04\/02\/non-a-la-suppression-des-seuils-action-du-2-avril\/#primaryimage"},"image":{"@id":"https:\/\/regions-snetap-fsu.fr\/na\/2019\/04\/02\/non-a-la-suppression-des-seuils-action-du-2-avril\/#primaryimage"},"thumbnailUrl":"https:\/\/regions-snetap-fsu.fr\/na\/wp-content\/uploads\/sites\/3\/2019\/04\/IMG_20190402_110201_resized_20190402_061129464-300x225.jpg","datePublished":"2019-04-02T19:13:31+00:00","dateModified":"2019-04-03T09:32:34+00:00","breadcrumb":{"@id":"https:\/\/regions-snetap-fsu.fr\/na\/2019\/04\/02\/non-a-la-suppression-des-seuils-action-du-2-avril\/#breadcrumb"},"inLanguage":"fr-FR","potentialAction":[{"@type":"ReadAction","target":["https:\/\/regions-snetap-fsu.fr\/na\/2019\/04\/02\/non-a-la-suppression-des-seuils-action-du-2-avril\/"]}]},{"@type":"ImageObject","inLanguage":"fr-FR","@id":"https:\/\/regions-snetap-fsu.fr\/na\/2019\/04\/02\/non-a-la-suppression-des-seuils-action-du-2-avril\/#primaryimage","url":"https:\/\/regions-snetap-fsu.fr\/na\/wp-content\/uploads\/sites\/3\/2019\/04\/IMG_20190402_110201_resized_20190402_061129464.jpg","contentUrl":"https:\/\/regions-snetap-fsu.fr\/na\/wp-content\/uploads\/sites\/3\/2019\/04\/IMG_20190402_110201_resized_20190402_061129464.jpg","width":3120,"height":2340,"caption":"Manif Barbezieux"},{"@type":"BreadcrumbList","@id":"https:\/\/regions-snetap-fsu.fr\/na\/2019\/04\/02\/non-a-la-suppression-des-seuils-action-du-2-avril\/#breadcrumb","itemListElement":[{"@type":"ListItem","position":1,"name":"Accueil","item":"https:\/\/regions-snetap-fsu.fr\/na\/"},{"@type":"ListItem","position":2,"name":"Non \u00e0 la suppression des seuils, action du 2 avril"}]},{"@type":"WebSite","@id":"https:\/\/regions-snetap-fsu.fr\/na\/#website","url":"https:\/\/regions-snetap-fsu.fr\/na\/","name":"SNETAP-FSU NOUVELLE AQUITAINE","description":"Blog de la Section R\u00e9gionale","publisher":{"@id":"https:\/\/regions-snetap-fsu.fr\/na\/#organization"},"potentialAction":[{"@type":"SearchAction","target":{"@type":"EntryPoint","urlTemplate":"https:\/\/regions-snetap-fsu.fr\/na\/?s={search_term_string}"},"query-input":{"@type":"PropertyValueSpecification","valueRequired":true,"valueName":"search_term_string"}}],"inLanguage":"fr-FR"},{"@type":"Organization","@id":"https:\/\/regions-snetap-fsu.fr\/na\/#organization","name":"SNETAP-FSU - Nouvelle Aquitaine","url":"https:\/\/regions-snetap-fsu.fr\/na\/","logo":{"@type":"ImageObject","inLanguage":"fr-FR","@id":"https:\/\/regions-snetap-fsu.fr\/na\/#\/schema\/logo\/image\/","url":"https:\/\/regions-snetap-fsu.fr\/na\/wp-content\/uploads\/sites\/3\/2020\/12\/SNETAP-Logo.jpg","contentUrl":"https:\/\/regions-snetap-fsu.fr\/na\/wp-content\/uploads\/sites\/3\/2020\/12\/SNETAP-Logo.jpg","width":464,"height":334,"caption":"SNETAP-FSU - Nouvelle Aquitaine"},"image":{"@id":"https:\/\/regions-snetap-fsu.fr\/na\/#\/schema\/logo\/image\/"}},{"@type":"Person","@id":"https:\/\/regions-snetap-fsu.fr\/na\/#\/schema\/person\/200c3209e01aa8c2a287fda4d096cd22","name":"Tmoos","image":{"@type":"ImageObject","inLanguage":"fr-FR","@id":"https:\/\/secure.gravatar.com\/avatar\/ee9416e21ddddd1cb4bc3f8a9a89584e0671c3184caebebe8e4de3129769a613?s=96&d=mm&r=g","url":"https:\/\/secure.gravatar.com\/avatar\/ee9416e21ddddd1cb4bc3f8a9a89584e0671c3184caebebe8e4de3129769a613?s=96&d=mm&r=g","contentUrl":"https:\/\/secure.gravatar.com\/avatar\/ee9416e21ddddd1cb4bc3f8a9a89584e0671c3184caebebe8e4de3129769a613?s=96&d=mm&r=g","caption":"Tmoos"},"url":"https:\/\/regions-snetap-fsu.fr\/na\/author\/fthomas\/"}]}},"_links":{"self":[{"href":"https:\/\/regions-snetap-fsu.fr\/na\/wp-json\/wp\/v2\/posts\/1205","targetHints":{"allow":["GET"]}}],"collection":[{"href":"https:\/\/regions-snetap-fsu.fr\/na\/wp-json\/wp\/v2\/posts"}],"about":[{"href":"https:\/\/regions-snetap-fsu.fr\/na\/wp-json\/wp\/v2\/types\/post"}],"author":[{"embeddable":true,"href":"https:\/\/regions-snetap-fsu.fr\/na\/wp-json\/wp\/v2\/users\/99"}],"replies":[{"embeddable":true,"href":"https:\/\/regions-snetap-fsu.fr\/na\/wp-json\/wp\/v2\/comments?post=1205"}],"version-history":[{"count":9,"href":"https:\/\/regions-snetap-fsu.fr\/na\/wp-json\/wp\/v2\/posts\/1205\/revisions"}],"predecessor-version":[{"id":1225,"href":"https:\/\/regions-snetap-fsu.fr\/na\/wp-json\/wp\/v2\/posts\/1205\/revisions\/1225"}],"wp:attachment":[{"href":"https:\/\/regions-snetap-fsu.fr\/na\/wp-json\/wp\/v2\/media?parent=1205"}],"wp:term":[{"taxonomy":"category","embeddable":true,"href":"https:\/\/regions-snetap-fsu.fr\/na\/wp-json\/wp\/v2\/categories?post=1205"},{"taxonomy":"post_tag","embeddable":true,"href":"https:\/\/regions-snetap-fsu.fr\/na\/wp-json\/wp\/v2\/tags?post=1205"},{"taxonomy":"post_folder","embeddable":true,"href":"https:\/\/regions-snetap-fsu.fr\/na\/wp-json\/wp\/v2\/post_folder?post=1205"}],"curies":[{"name":"wp","href":"https:\/\/api.w.org\/{rel}","templated":true}]}}