{"id":1177,"date":"2019-03-19T08:06:47","date_gmt":"2019-03-19T07:06:47","guid":{"rendered":"https:\/\/regions-snetap-fsu.fr\/na\/?p=1177"},"modified":"2019-03-20T09:40:38","modified_gmt":"2019-03-20T08:40:38","slug":"congres-extraordinaire-snetap-fsu-nouvelle-aquitaine-07-mars-2019-bazas","status":"publish","type":"post","link":"https:\/\/regions-snetap-fsu.fr\/na\/2019\/03\/19\/congres-extraordinaire-snetap-fsu-nouvelle-aquitaine-07-mars-2019-bazas\/","title":{"rendered":"CONGRES EXTRAORDINAIRE SNETAP-FSU NOUVELLE AQUITAINE 07 MARS 2019 &#8211; BAZAS"},"content":{"rendered":"<h4 style=\"text-align: center\">\u00c9volutions statutaires envisag\u00e9es en vue du congr\u00e8s extraordinaire pour la parit\u00e9 femme-homme au sein du Snetap-FSU<\/h4>\n<p><img fetchpriority=\"high\" decoding=\"async\" class=\"size-medium wp-image-1191 alignleft\" src=\"https:\/\/regions-snetap-fsu.fr\/na\/wp-content\/uploads\/sites\/3\/2019\/03\/DSC_0507-Medium-300x199.jpg\" alt=\"\" width=\"300\" height=\"199\" srcset=\"https:\/\/regions-snetap-fsu.fr\/na\/wp-content\/uploads\/sites\/3\/2019\/03\/DSC_0507-Medium-300x199.jpg 300w, https:\/\/regions-snetap-fsu.fr\/na\/wp-content\/uploads\/sites\/3\/2019\/03\/DSC_0507-Medium-768x511.jpg 768w, https:\/\/regions-snetap-fsu.fr\/na\/wp-content\/uploads\/sites\/3\/2019\/03\/DSC_0507-Medium-1024x681.jpg 1024w, https:\/\/regions-snetap-fsu.fr\/na\/wp-content\/uploads\/sites\/3\/2019\/03\/DSC_0507-Medium-100x66.jpg 100w, https:\/\/regions-snetap-fsu.fr\/na\/wp-content\/uploads\/sites\/3\/2019\/03\/DSC_0507-Medium-150x100.jpg 150w, https:\/\/regions-snetap-fsu.fr\/na\/wp-content\/uploads\/sites\/3\/2019\/03\/DSC_0507-Medium-200x133.jpg 200w, https:\/\/regions-snetap-fsu.fr\/na\/wp-content\/uploads\/sites\/3\/2019\/03\/DSC_0507-Medium-450x299.jpg 450w, https:\/\/regions-snetap-fsu.fr\/na\/wp-content\/uploads\/sites\/3\/2019\/03\/DSC_0507-Medium-600x399.jpg 600w, https:\/\/regions-snetap-fsu.fr\/na\/wp-content\/uploads\/sites\/3\/2019\/03\/DSC_0507-Medium-900x598.jpg 900w, https:\/\/regions-snetap-fsu.fr\/na\/wp-content\/uploads\/sites\/3\/2019\/03\/DSC_0507-Medium.jpg 1155w\" sizes=\"(max-width: 300px) 100vw, 300px\" \/> \u00a0\u00a0Le Congr\u00e8s national ordinaire\u00a0r\u00e9unit \u00e0 Laval en mai 2017, a d\u00e9cid\u00e9 d&rsquo;introduire une obligation de parit\u00e9 au sein des diff\u00e9rentes instances de notre organisation.<\/p>\n<p>Pour que cette parit\u00e9 soit effective d\u00e8s le prochain Congr\u00e8s ordinaire en 2020, il fallait r\u00e9unir au pr\u00e9alable un Congr\u00e8s extraordinaire afin de modifier nos statuts et permettre une parit\u00e9 effective dans 1 an. C&rsquo;est l&rsquo;objectif du Congr\u00e8s national qui se r\u00e9unira le 28 mars 2019, \u00e0 Maison-Alfort et des diff\u00e9rents Congr\u00e8s r\u00e9gionaux qui se r\u00e9unissent depuis 1 mois environ. Le Congr\u00e8s Nouvelle Aquitaine s&rsquo;est r\u00e9uni au legta de Bazas le 7 mars 2019.<\/p>\n<p><span style=\"color: #ff6600\">Preuve de l&rsquo;int\u00e9r\u00eat des militant\u00b7e\u00b7s pour le sujet, nous \u00e9tions plus de 50 repr\u00e9sentant\u00b7e\u00b7s venu\u00b7e\u00b7s de toute la grande r\u00e9gion pour travailler sur les \u00e9volutions statutaires li\u00e9es \u00e0 la parit\u00e9.<\/span><!--more--><\/p>\n<p><img decoding=\"async\" class=\"size-medium wp-image-1196 alignleft\" src=\"https:\/\/regions-snetap-fsu.fr\/na\/wp-content\/uploads\/sites\/3\/2019\/03\/DSC_0506-Medium-300x199.jpg\" alt=\"\" width=\"300\" height=\"199\" srcset=\"https:\/\/regions-snetap-fsu.fr\/na\/wp-content\/uploads\/sites\/3\/2019\/03\/DSC_0506-Medium-300x199.jpg 300w, https:\/\/regions-snetap-fsu.fr\/na\/wp-content\/uploads\/sites\/3\/2019\/03\/DSC_0506-Medium-768x511.jpg 768w, https:\/\/regions-snetap-fsu.fr\/na\/wp-content\/uploads\/sites\/3\/2019\/03\/DSC_0506-Medium-1024x681.jpg 1024w, https:\/\/regions-snetap-fsu.fr\/na\/wp-content\/uploads\/sites\/3\/2019\/03\/DSC_0506-Medium-100x66.jpg 100w, https:\/\/regions-snetap-fsu.fr\/na\/wp-content\/uploads\/sites\/3\/2019\/03\/DSC_0506-Medium-150x100.jpg 150w, https:\/\/regions-snetap-fsu.fr\/na\/wp-content\/uploads\/sites\/3\/2019\/03\/DSC_0506-Medium-200x133.jpg 200w, https:\/\/regions-snetap-fsu.fr\/na\/wp-content\/uploads\/sites\/3\/2019\/03\/DSC_0506-Medium-450x299.jpg 450w, https:\/\/regions-snetap-fsu.fr\/na\/wp-content\/uploads\/sites\/3\/2019\/03\/DSC_0506-Medium-600x399.jpg 600w, https:\/\/regions-snetap-fsu.fr\/na\/wp-content\/uploads\/sites\/3\/2019\/03\/DSC_0506-Medium-900x598.jpg 900w, https:\/\/regions-snetap-fsu.fr\/na\/wp-content\/uploads\/sites\/3\/2019\/03\/DSC_0506-Medium.jpg 1155w\" sizes=\"(max-width: 300px) 100vw, 300px\" \/><\/p>\n<p>Le Congr\u00e8s r\u00e9gional a d\u00e9battu et s\u2019est exprim\u00e9 sur les diff\u00e9rentes options propos\u00e9es par la commission nationale \u00ab \u00e9galit\u00e9 femmes-hommes \u00bb. Celle-ci a travaill\u00e9 pendant 1 an avec l&rsquo;appui du bureau national afin de faire \u00e9merger des propositions d&rsquo;\u00e9volutions statutaires. Ces diff\u00e9rentes options ont \u00e9t\u00e9 valid\u00e9es par le CSN de janvier 2019.<\/p>\n<p>A l&rsquo;issue de ce processus d\u00e9mocratique, important pour faire \u00e9voluer notre organisation mais assurant sa viabilit\u00e9, 3 propositions de modifications statutaires ont \u00e9t\u00e9 pr\u00e9sent\u00e9es sous la forme d&rsquo;une seule synth\u00e8se, mise en d\u00e9bat devant le congr\u00e8s r\u00e9gional. L\u2019objectif \u00e9tant de mandater solidement la d\u00e9l\u00e9gation r\u00e9gionale qui se rendra au congr\u00e8s fin mars.<\/p>\n<p>Vous trouverez <a href=\"https:\/\/regions-snetap-fsu.fr\/na\/wp-content\/uploads\/sites\/3\/2019\/03\/2019-03-07-Congr\u00e8s-extraordinaire-Compte-rendu-R\u00e9sultats-votes-1.pdf\">ici<\/a> le r\u00e9sultat de nos d\u00e9bats et les options retenues.<\/p>\n<p><span style=\"color: #ff6600\">Pour qu&rsquo;une modification statutaire soit effective, il faudra apr\u00e8s le vote du\u00a0 Congr\u00e8s national extraordinaire que les adh\u00e9rent\u00b7es du Snetap-FSU se prononcent \u00e0 leur tour et qu&rsquo;elle recueille au moins 2\/3 des suffrages exprim\u00e9s par nos adh\u00e9rent\u00b7e.s. Cette consultation se d\u00e9roulera au printemps 2019.<\/span><\/p>\n<p><img decoding=\"async\" class=\"alignnone wp-image-1193 size-medium\" src=\"https:\/\/regions-snetap-fsu.fr\/na\/wp-content\/uploads\/sites\/3\/2019\/03\/DSC_0509-Medium-e1553071158321-300x200.jpg\" alt=\"\" width=\"300\" height=\"200\" srcset=\"https:\/\/regions-snetap-fsu.fr\/na\/wp-content\/uploads\/sites\/3\/2019\/03\/DSC_0509-Medium-e1553071158321-300x200.jpg 300w, https:\/\/regions-snetap-fsu.fr\/na\/wp-content\/uploads\/sites\/3\/2019\/03\/DSC_0509-Medium-e1553071158321-100x67.jpg 100w, https:\/\/regions-snetap-fsu.fr\/na\/wp-content\/uploads\/sites\/3\/2019\/03\/DSC_0509-Medium-e1553071158321-150x100.jpg 150w, https:\/\/regions-snetap-fsu.fr\/na\/wp-content\/uploads\/sites\/3\/2019\/03\/DSC_0509-Medium-e1553071158321-200x133.jpg 200w, https:\/\/regions-snetap-fsu.fr\/na\/wp-content\/uploads\/sites\/3\/2019\/03\/DSC_0509-Medium-e1553071158321-450x299.jpg 450w, https:\/\/regions-snetap-fsu.fr\/na\/wp-content\/uploads\/sites\/3\/2019\/03\/DSC_0509-Medium-e1553071158321.jpg 768w, https:\/\/regions-snetap-fsu.fr\/na\/wp-content\/uploads\/sites\/3\/2019\/03\/DSC_0509-Medium-e1553071158321-600x399.jpg 600w\" sizes=\"(max-width: 300px) 100vw, 300px\" \/><img loading=\"lazy\" decoding=\"async\" class=\"alignnone size-medium wp-image-1195\" src=\"https:\/\/regions-snetap-fsu.fr\/na\/wp-content\/uploads\/sites\/3\/2019\/03\/DSC_0505-Medium-300x199.jpg\" alt=\"\" width=\"300\" height=\"199\" srcset=\"https:\/\/regions-snetap-fsu.fr\/na\/wp-content\/uploads\/sites\/3\/2019\/03\/DSC_0505-Medium-300x199.jpg 300w, https:\/\/regions-snetap-fsu.fr\/na\/wp-content\/uploads\/sites\/3\/2019\/03\/DSC_0505-Medium-768x511.jpg 768w, https:\/\/regions-snetap-fsu.fr\/na\/wp-content\/uploads\/sites\/3\/2019\/03\/DSC_0505-Medium-1024x681.jpg 1024w, https:\/\/regions-snetap-fsu.fr\/na\/wp-content\/uploads\/sites\/3\/2019\/03\/DSC_0505-Medium-100x66.jpg 100w, https:\/\/regions-snetap-fsu.fr\/na\/wp-content\/uploads\/sites\/3\/2019\/03\/DSC_0505-Medium-150x100.jpg 150w, https:\/\/regions-snetap-fsu.fr\/na\/wp-content\/uploads\/sites\/3\/2019\/03\/DSC_0505-Medium-200x133.jpg 200w, https:\/\/regions-snetap-fsu.fr\/na\/wp-content\/uploads\/sites\/3\/2019\/03\/DSC_0505-Medium-450x299.jpg 450w, https:\/\/regions-snetap-fsu.fr\/na\/wp-content\/uploads\/sites\/3\/2019\/03\/DSC_0505-Medium-600x399.jpg 600w, https:\/\/regions-snetap-fsu.fr\/na\/wp-content\/uploads\/sites\/3\/2019\/03\/DSC_0505-Medium-900x598.jpg 900w, https:\/\/regions-snetap-fsu.fr\/na\/wp-content\/uploads\/sites\/3\/2019\/03\/DSC_0505-Medium.jpg 1155w\" sizes=\"(max-width: 300px) 100vw, 300px\" \/><img loading=\"lazy\" decoding=\"async\" class=\"alignnone size-medium wp-image-1192\" src=\"https:\/\/regions-snetap-fsu.fr\/na\/wp-content\/uploads\/sites\/3\/2019\/03\/DSC_0508-Medium-300x199.jpg\" alt=\"\" width=\"300\" height=\"199\" srcset=\"https:\/\/regions-snetap-fsu.fr\/na\/wp-content\/uploads\/sites\/3\/2019\/03\/DSC_0508-Medium-300x199.jpg 300w, https:\/\/regions-snetap-fsu.fr\/na\/wp-content\/uploads\/sites\/3\/2019\/03\/DSC_0508-Medium-768x511.jpg 768w, https:\/\/regions-snetap-fsu.fr\/na\/wp-content\/uploads\/sites\/3\/2019\/03\/DSC_0508-Medium-1024x681.jpg 1024w, https:\/\/regions-snetap-fsu.fr\/na\/wp-content\/uploads\/sites\/3\/2019\/03\/DSC_0508-Medium-100x66.jpg 100w, https:\/\/regions-snetap-fsu.fr\/na\/wp-content\/uploads\/sites\/3\/2019\/03\/DSC_0508-Medium-150x100.jpg 150w, https:\/\/regions-snetap-fsu.fr\/na\/wp-content\/uploads\/sites\/3\/2019\/03\/DSC_0508-Medium-200x133.jpg 200w, https:\/\/regions-snetap-fsu.fr\/na\/wp-content\/uploads\/sites\/3\/2019\/03\/DSC_0508-Medium-450x299.jpg 450w, https:\/\/regions-snetap-fsu.fr\/na\/wp-content\/uploads\/sites\/3\/2019\/03\/DSC_0508-Medium-600x399.jpg 600w, https:\/\/regions-snetap-fsu.fr\/na\/wp-content\/uploads\/sites\/3\/2019\/03\/DSC_0508-Medium-900x598.jpg 900w, https:\/\/regions-snetap-fsu.fr\/na\/wp-content\/uploads\/sites\/3\/2019\/03\/DSC_0508-Medium.jpg 1155w\" sizes=\"(max-width: 300px) 100vw, 300px\" \/><img loading=\"lazy\" decoding=\"async\" class=\"alignnone size-medium wp-image-1194\" src=\"https:\/\/regions-snetap-fsu.fr\/na\/wp-content\/uploads\/sites\/3\/2019\/03\/DSC_0504-Medium-300x199.jpg\" alt=\"\" width=\"300\" height=\"199\" srcset=\"https:\/\/regions-snetap-fsu.fr\/na\/wp-content\/uploads\/sites\/3\/2019\/03\/DSC_0504-Medium-300x199.jpg 300w, https:\/\/regions-snetap-fsu.fr\/na\/wp-content\/uploads\/sites\/3\/2019\/03\/DSC_0504-Medium-768x511.jpg 768w, https:\/\/regions-snetap-fsu.fr\/na\/wp-content\/uploads\/sites\/3\/2019\/03\/DSC_0504-Medium-1024x681.jpg 1024w, https:\/\/regions-snetap-fsu.fr\/na\/wp-content\/uploads\/sites\/3\/2019\/03\/DSC_0504-Medium-100x66.jpg 100w, https:\/\/regions-snetap-fsu.fr\/na\/wp-content\/uploads\/sites\/3\/2019\/03\/DSC_0504-Medium-150x100.jpg 150w, https:\/\/regions-snetap-fsu.fr\/na\/wp-content\/uploads\/sites\/3\/2019\/03\/DSC_0504-Medium-200x133.jpg 200w, https:\/\/regions-snetap-fsu.fr\/na\/wp-content\/uploads\/sites\/3\/2019\/03\/DSC_0504-Medium-450x299.jpg 450w, https:\/\/regions-snetap-fsu.fr\/na\/wp-content\/uploads\/sites\/3\/2019\/03\/DSC_0504-Medium-600x399.jpg 600w, https:\/\/regions-snetap-fsu.fr\/na\/wp-content\/uploads\/sites\/3\/2019\/03\/DSC_0504-Medium-900x598.jpg 900w, https:\/\/regions-snetap-fsu.fr\/na\/wp-content\/uploads\/sites\/3\/2019\/03\/DSC_0504-Medium.jpg 1155w\" sizes=\"(max-width: 300px) 100vw, 300px\" \/><\/p>\n","protected":false},"excerpt":{"rendered":"<p>\u00c9volutions statutaires envisag\u00e9es en vue du congr\u00e8s extraordinaire pour la parit\u00e9 femme-homme au sein du Snetap-FSU \u00a0\u00a0Le Congr\u00e8s national ordinaire\u00a0r\u00e9unit \u00e0 Laval en mai 2017, a d\u00e9cid\u00e9 d&rsquo;introduire une obligation de parit\u00e9 au sein des diff\u00e9rentes instances de notre organisation. Pour que cette parit\u00e9 soit effective d\u00e8s le prochain Congr\u00e8s ordinaire en 2020, il fallait [&hellip;]<\/p>\n","protected":false},"author":99,"featured_media":0,"comment_status":"closed","ping_status":"closed","sticky":false,"template":"","format":"standard","meta":{"ocean_post_layout":"","ocean_both_sidebars_style":"","ocean_both_sidebars_content_width":0,"ocean_both_sidebars_sidebars_width":0,"ocean_sidebar":"","ocean_second_sidebar":"","ocean_disable_margins":"enable","ocean_add_body_class":"","ocean_shortcode_before_top_bar":"","ocean_shortcode_after_top_bar":"","ocean_shortcode_before_header":"","ocean_shortcode_after_header":"","ocean_has_shortcode":"","ocean_shortcode_after_title":"","ocean_shortcode_before_footer_widgets":"","ocean_shortcode_after_footer_widgets":"","ocean_shortcode_before_footer_bottom":"","ocean_shortcode_after_footer_bottom":"","ocean_display_top_bar":"default","ocean_display_header":"default","ocean_header_style":"","ocean_center_header_left_menu":"","ocean_custom_header_template":"","ocean_custom_logo":0,"ocean_custom_retina_logo":0,"ocean_custom_logo_max_width":0,"ocean_custom_logo_tablet_max_width":0,"ocean_custom_logo_mobile_max_width":0,"ocean_custom_logo_max_height":0,"ocean_custom_logo_tablet_max_height":0,"ocean_custom_logo_mobile_max_height":0,"ocean_header_custom_menu":"","ocean_menu_typo_font_family":"","ocean_menu_typo_font_subset":"","ocean_menu_typo_font_size":0,"ocean_menu_typo_font_size_tablet":0,"ocean_menu_typo_font_size_mobile":0,"ocean_menu_typo_font_size_unit":"px","ocean_menu_typo_font_weight":"","ocean_menu_typo_font_weight_tablet":"","ocean_menu_typo_font_weight_mobile":"","ocean_menu_typo_transform":"","ocean_menu_typo_transform_tablet":"","ocean_menu_typo_transform_mobile":"","ocean_menu_typo_line_height":0,"ocean_menu_typo_line_height_tablet":0,"ocean_menu_typo_line_height_mobile":0,"ocean_menu_typo_line_height_unit":"","ocean_menu_typo_spacing":0,"ocean_menu_typo_spacing_tablet":0,"ocean_menu_typo_spacing_mobile":0,"ocean_menu_typo_spacing_unit":"","ocean_menu_link_color":"","ocean_menu_link_color_hover":"","ocean_menu_link_color_active":"","ocean_menu_link_background":"","ocean_menu_link_hover_background":"","ocean_menu_link_active_background":"","ocean_menu_social_links_bg":"","ocean_menu_social_hover_links_bg":"","ocean_menu_social_links_color":"","ocean_menu_social_hover_links_color":"","ocean_disable_title":"default","ocean_disable_heading":"default","ocean_post_title":"","ocean_post_subheading":"","ocean_post_title_style":"","ocean_post_title_background_color":"","ocean_post_title_background":0,"ocean_post_title_bg_image_position":"","ocean_post_title_bg_image_attachment":"","ocean_post_title_bg_image_repeat":"","ocean_post_title_bg_image_size":"","ocean_post_title_height":0,"ocean_post_title_bg_overlay":0.5,"ocean_post_title_bg_overlay_color":"","ocean_disable_breadcrumbs":"default","ocean_breadcrumbs_color":"","ocean_breadcrumbs_separator_color":"","ocean_breadcrumbs_links_color":"","ocean_breadcrumbs_links_hover_color":"","ocean_display_footer_widgets":"default","ocean_display_footer_bottom":"default","ocean_custom_footer_template":"","ocean_post_oembed":"","ocean_post_self_hosted_media":"","ocean_post_video_embed":"","ocean_link_format":"","ocean_link_format_target":"self","ocean_quote_format":"","ocean_quote_format_link":"post","ocean_gallery_link_images":"on","ocean_gallery_id":[],"footnotes":""},"categories":[14],"tags":[],"post_folder":[],"class_list":["post-1177","post","type-post","status-publish","format-standard","hentry","category-vie-syndicale","entry"],"yoast_head":"<!-- This site is optimized with the Yoast SEO plugin v27.4 - https:\/\/yoast.com\/product\/yoast-seo-wordpress\/ -->\n<title>CONGRES EXTRAORDINAIRE SNETAP-FSU NOUVELLE AQUITAINE 07 MARS 2019 - BAZAS - NOUVELLE AQUITAINE<\/title>\n<meta name=\"robots\" content=\"index, follow, max-snippet:-1, max-image-preview:large, max-video-preview:-1\" \/>\n<link rel=\"canonical\" href=\"https:\/\/regions-snetap-fsu.fr\/na\/2019\/03\/19\/congres-extraordinaire-snetap-fsu-nouvelle-aquitaine-07-mars-2019-bazas\/\" \/>\n<meta property=\"og:locale\" content=\"fr_FR\" \/>\n<meta property=\"og:type\" content=\"article\" \/>\n<meta property=\"og:title\" content=\"CONGRES EXTRAORDINAIRE SNETAP-FSU NOUVELLE AQUITAINE 07 MARS 2019 - BAZAS - NOUVELLE AQUITAINE\" \/>\n<meta property=\"og:description\" content=\"\u00c9volutions statutaires envisag\u00e9es en vue du congr\u00e8s extraordinaire pour la parit\u00e9 femme-homme au sein du Snetap-FSU \u00a0\u00a0Le Congr\u00e8s national ordinaire\u00a0r\u00e9unit \u00e0 Laval en mai 2017, a d\u00e9cid\u00e9 d&rsquo;introduire une obligation de parit\u00e9 au sein des diff\u00e9rentes instances de notre organisation. Pour que cette parit\u00e9 soit effective d\u00e8s le prochain Congr\u00e8s ordinaire en 2020, il fallait [&hellip;]\" \/>\n<meta property=\"og:url\" content=\"https:\/\/regions-snetap-fsu.fr\/na\/2019\/03\/19\/congres-extraordinaire-snetap-fsu-nouvelle-aquitaine-07-mars-2019-bazas\/\" \/>\n<meta property=\"og:site_name\" content=\"NOUVELLE AQUITAINE\" \/>\n<meta property=\"article:published_time\" content=\"2019-03-19T07:06:47+00:00\" \/>\n<meta property=\"article:modified_time\" content=\"2019-03-20T08:40:38+00:00\" \/>\n<meta property=\"og:image\" content=\"https:\/\/regions-snetap-fsu.fr\/na\/wp-content\/uploads\/sites\/3\/2019\/03\/DSC_0507-Medium-300x199.jpg\" \/>\n<meta name=\"author\" content=\"Tmoos\" \/>\n<meta name=\"twitter:card\" content=\"summary_large_image\" \/>\n<meta name=\"twitter:label1\" content=\"\u00c9crit par\" \/>\n\t<meta name=\"twitter:data1\" content=\"Tmoos\" \/>\n\t<meta name=\"twitter:label2\" content=\"Dur\u00e9e de lecture estim\u00e9e\" \/>\n\t<meta name=\"twitter:data2\" content=\"2 minutes\" \/>\n<script type=\"application\/ld+json\" class=\"yoast-schema-graph\">{\"@context\":\"https:\\\/\\\/schema.org\",\"@graph\":[{\"@type\":\"Article\",\"@id\":\"https:\\\/\\\/regions-snetap-fsu.fr\\\/na\\\/2019\\\/03\\\/19\\\/congres-extraordinaire-snetap-fsu-nouvelle-aquitaine-07-mars-2019-bazas\\\/#article\",\"isPartOf\":{\"@id\":\"https:\\\/\\\/regions-snetap-fsu.fr\\\/na\\\/2019\\\/03\\\/19\\\/congres-extraordinaire-snetap-fsu-nouvelle-aquitaine-07-mars-2019-bazas\\\/\"},\"author\":{\"name\":\"Tmoos\",\"@id\":\"https:\\\/\\\/regions-snetap-fsu.fr\\\/na\\\/#\\\/schema\\\/person\\\/200c3209e01aa8c2a287fda4d096cd22\"},\"headline\":\"CONGRES EXTRAORDINAIRE SNETAP-FSU NOUVELLE AQUITAINE 07 MARS 2019 &#8211; BAZAS\",\"datePublished\":\"2019-03-19T07:06:47+00:00\",\"dateModified\":\"2019-03-20T08:40:38+00:00\",\"mainEntityOfPage\":{\"@id\":\"https:\\\/\\\/regions-snetap-fsu.fr\\\/na\\\/2019\\\/03\\\/19\\\/congres-extraordinaire-snetap-fsu-nouvelle-aquitaine-07-mars-2019-bazas\\\/\"},\"wordCount\":365,\"publisher\":{\"@id\":\"https:\\\/\\\/regions-snetap-fsu.fr\\\/na\\\/#organization\"},\"image\":{\"@id\":\"https:\\\/\\\/regions-snetap-fsu.fr\\\/na\\\/2019\\\/03\\\/19\\\/congres-extraordinaire-snetap-fsu-nouvelle-aquitaine-07-mars-2019-bazas\\\/#primaryimage\"},\"thumbnailUrl\":\"https:\\\/\\\/regions-snetap-fsu.fr\\\/na\\\/wp-content\\\/uploads\\\/sites\\\/3\\\/2019\\\/03\\\/DSC_0507-Medium-300x199.jpg\",\"articleSection\":[\"Vie syndicale\"],\"inLanguage\":\"fr-FR\"},{\"@type\":\"WebPage\",\"@id\":\"https:\\\/\\\/regions-snetap-fsu.fr\\\/na\\\/2019\\\/03\\\/19\\\/congres-extraordinaire-snetap-fsu-nouvelle-aquitaine-07-mars-2019-bazas\\\/\",\"url\":\"https:\\\/\\\/regions-snetap-fsu.fr\\\/na\\\/2019\\\/03\\\/19\\\/congres-extraordinaire-snetap-fsu-nouvelle-aquitaine-07-mars-2019-bazas\\\/\",\"name\":\"CONGRES EXTRAORDINAIRE SNETAP-FSU NOUVELLE AQUITAINE 07 MARS 2019 - BAZAS - NOUVELLE AQUITAINE\",\"isPartOf\":{\"@id\":\"https:\\\/\\\/regions-snetap-fsu.fr\\\/na\\\/#website\"},\"primaryImageOfPage\":{\"@id\":\"https:\\\/\\\/regions-snetap-fsu.fr\\\/na\\\/2019\\\/03\\\/19\\\/congres-extraordinaire-snetap-fsu-nouvelle-aquitaine-07-mars-2019-bazas\\\/#primaryimage\"},\"image\":{\"@id\":\"https:\\\/\\\/regions-snetap-fsu.fr\\\/na\\\/2019\\\/03\\\/19\\\/congres-extraordinaire-snetap-fsu-nouvelle-aquitaine-07-mars-2019-bazas\\\/#primaryimage\"},\"thumbnailUrl\":\"https:\\\/\\\/regions-snetap-fsu.fr\\\/na\\\/wp-content\\\/uploads\\\/sites\\\/3\\\/2019\\\/03\\\/DSC_0507-Medium-300x199.jpg\",\"datePublished\":\"2019-03-19T07:06:47+00:00\",\"dateModified\":\"2019-03-20T08:40:38+00:00\",\"breadcrumb\":{\"@id\":\"https:\\\/\\\/regions-snetap-fsu.fr\\\/na\\\/2019\\\/03\\\/19\\\/congres-extraordinaire-snetap-fsu-nouvelle-aquitaine-07-mars-2019-bazas\\\/#breadcrumb\"},\"inLanguage\":\"fr-FR\",\"potentialAction\":[{\"@type\":\"ReadAction\",\"target\":[\"https:\\\/\\\/regions-snetap-fsu.fr\\\/na\\\/2019\\\/03\\\/19\\\/congres-extraordinaire-snetap-fsu-nouvelle-aquitaine-07-mars-2019-bazas\\\/\"]}]},{\"@type\":\"ImageObject\",\"inLanguage\":\"fr-FR\",\"@id\":\"https:\\\/\\\/regions-snetap-fsu.fr\\\/na\\\/2019\\\/03\\\/19\\\/congres-extraordinaire-snetap-fsu-nouvelle-aquitaine-07-mars-2019-bazas\\\/#primaryimage\",\"url\":\"https:\\\/\\\/regions-snetap-fsu.fr\\\/na\\\/wp-content\\\/uploads\\\/sites\\\/3\\\/2019\\\/03\\\/DSC_0507-Medium.jpg\",\"contentUrl\":\"https:\\\/\\\/regions-snetap-fsu.fr\\\/na\\\/wp-content\\\/uploads\\\/sites\\\/3\\\/2019\\\/03\\\/DSC_0507-Medium.jpg\",\"width\":1155,\"height\":768},{\"@type\":\"BreadcrumbList\",\"@id\":\"https:\\\/\\\/regions-snetap-fsu.fr\\\/na\\\/2019\\\/03\\\/19\\\/congres-extraordinaire-snetap-fsu-nouvelle-aquitaine-07-mars-2019-bazas\\\/#breadcrumb\",\"itemListElement\":[{\"@type\":\"ListItem\",\"position\":1,\"name\":\"Accueil\",\"item\":\"https:\\\/\\\/regions-snetap-fsu.fr\\\/na\\\/\"},{\"@type\":\"ListItem\",\"position\":2,\"name\":\"CONGRES EXTRAORDINAIRE SNETAP-FSU NOUVELLE AQUITAINE 07 MARS 2019 &#8211; BAZAS\"}]},{\"@type\":\"WebSite\",\"@id\":\"https:\\\/\\\/regions-snetap-fsu.fr\\\/na\\\/#website\",\"url\":\"https:\\\/\\\/regions-snetap-fsu.fr\\\/na\\\/\",\"name\":\"SNETAP-FSU NOUVELLE AQUITAINE\",\"description\":\"Blog de la Section R\u00e9gionale\",\"publisher\":{\"@id\":\"https:\\\/\\\/regions-snetap-fsu.fr\\\/na\\\/#organization\"},\"potentialAction\":[{\"@type\":\"SearchAction\",\"target\":{\"@type\":\"EntryPoint\",\"urlTemplate\":\"https:\\\/\\\/regions-snetap-fsu.fr\\\/na\\\/?s={search_term_string}\"},\"query-input\":{\"@type\":\"PropertyValueSpecification\",\"valueRequired\":true,\"valueName\":\"search_term_string\"}}],\"inLanguage\":\"fr-FR\"},{\"@type\":\"Organization\",\"@id\":\"https:\\\/\\\/regions-snetap-fsu.fr\\\/na\\\/#organization\",\"name\":\"SNETAP-FSU - Nouvelle Aquitaine\",\"url\":\"https:\\\/\\\/regions-snetap-fsu.fr\\\/na\\\/\",\"logo\":{\"@type\":\"ImageObject\",\"inLanguage\":\"fr-FR\",\"@id\":\"https:\\\/\\\/regions-snetap-fsu.fr\\\/na\\\/#\\\/schema\\\/logo\\\/image\\\/\",\"url\":\"https:\\\/\\\/regions-snetap-fsu.fr\\\/na\\\/wp-content\\\/uploads\\\/sites\\\/3\\\/2020\\\/12\\\/SNETAP-Logo.jpg\",\"contentUrl\":\"https:\\\/\\\/regions-snetap-fsu.fr\\\/na\\\/wp-content\\\/uploads\\\/sites\\\/3\\\/2020\\\/12\\\/SNETAP-Logo.jpg\",\"width\":464,\"height\":334,\"caption\":\"SNETAP-FSU - Nouvelle Aquitaine\"},\"image\":{\"@id\":\"https:\\\/\\\/regions-snetap-fsu.fr\\\/na\\\/#\\\/schema\\\/logo\\\/image\\\/\"}},{\"@type\":\"Person\",\"@id\":\"https:\\\/\\\/regions-snetap-fsu.fr\\\/na\\\/#\\\/schema\\\/person\\\/200c3209e01aa8c2a287fda4d096cd22\",\"name\":\"Tmoos\",\"image\":{\"@type\":\"ImageObject\",\"inLanguage\":\"fr-FR\",\"@id\":\"https:\\\/\\\/secure.gravatar.com\\\/avatar\\\/ee9416e21ddddd1cb4bc3f8a9a89584e0671c3184caebebe8e4de3129769a613?s=96&d=mm&r=g\",\"url\":\"https:\\\/\\\/secure.gravatar.com\\\/avatar\\\/ee9416e21ddddd1cb4bc3f8a9a89584e0671c3184caebebe8e4de3129769a613?s=96&d=mm&r=g\",\"contentUrl\":\"https:\\\/\\\/secure.gravatar.com\\\/avatar\\\/ee9416e21ddddd1cb4bc3f8a9a89584e0671c3184caebebe8e4de3129769a613?s=96&d=mm&r=g\",\"caption\":\"Tmoos\"},\"url\":\"https:\\\/\\\/regions-snetap-fsu.fr\\\/na\\\/author\\\/fthomas\\\/\"}]}<\/script>\n<!-- \/ Yoast SEO plugin. -->","yoast_head_json":{"title":"CONGRES EXTRAORDINAIRE SNETAP-FSU NOUVELLE AQUITAINE 07 MARS 2019 - BAZAS - NOUVELLE AQUITAINE","robots":{"index":"index","follow":"follow","max-snippet":"max-snippet:-1","max-image-preview":"max-image-preview:large","max-video-preview":"max-video-preview:-1"},"canonical":"https:\/\/regions-snetap-fsu.fr\/na\/2019\/03\/19\/congres-extraordinaire-snetap-fsu-nouvelle-aquitaine-07-mars-2019-bazas\/","og_locale":"fr_FR","og_type":"article","og_title":"CONGRES EXTRAORDINAIRE SNETAP-FSU NOUVELLE AQUITAINE 07 MARS 2019 - BAZAS - NOUVELLE AQUITAINE","og_description":"\u00c9volutions statutaires envisag\u00e9es en vue du congr\u00e8s extraordinaire pour la parit\u00e9 femme-homme au sein du Snetap-FSU \u00a0\u00a0Le Congr\u00e8s national ordinaire\u00a0r\u00e9unit \u00e0 Laval en mai 2017, a d\u00e9cid\u00e9 d&rsquo;introduire une obligation de parit\u00e9 au sein des diff\u00e9rentes instances de notre organisation. Pour que cette parit\u00e9 soit effective d\u00e8s le prochain Congr\u00e8s ordinaire en 2020, il fallait [&hellip;]","og_url":"https:\/\/regions-snetap-fsu.fr\/na\/2019\/03\/19\/congres-extraordinaire-snetap-fsu-nouvelle-aquitaine-07-mars-2019-bazas\/","og_site_name":"NOUVELLE AQUITAINE","article_published_time":"2019-03-19T07:06:47+00:00","article_modified_time":"2019-03-20T08:40:38+00:00","og_image":[{"url":"https:\/\/regions-snetap-fsu.fr\/na\/wp-content\/uploads\/sites\/3\/2019\/03\/DSC_0507-Medium-300x199.jpg","type":"","width":"","height":""}],"author":"Tmoos","twitter_card":"summary_large_image","twitter_misc":{"\u00c9crit par":"Tmoos","Dur\u00e9e de lecture estim\u00e9e":"2 minutes"},"schema":{"@context":"https:\/\/schema.org","@graph":[{"@type":"Article","@id":"https:\/\/regions-snetap-fsu.fr\/na\/2019\/03\/19\/congres-extraordinaire-snetap-fsu-nouvelle-aquitaine-07-mars-2019-bazas\/#article","isPartOf":{"@id":"https:\/\/regions-snetap-fsu.fr\/na\/2019\/03\/19\/congres-extraordinaire-snetap-fsu-nouvelle-aquitaine-07-mars-2019-bazas\/"},"author":{"name":"Tmoos","@id":"https:\/\/regions-snetap-fsu.fr\/na\/#\/schema\/person\/200c3209e01aa8c2a287fda4d096cd22"},"headline":"CONGRES EXTRAORDINAIRE SNETAP-FSU NOUVELLE AQUITAINE 07 MARS 2019 &#8211; BAZAS","datePublished":"2019-03-19T07:06:47+00:00","dateModified":"2019-03-20T08:40:38+00:00","mainEntityOfPage":{"@id":"https:\/\/regions-snetap-fsu.fr\/na\/2019\/03\/19\/congres-extraordinaire-snetap-fsu-nouvelle-aquitaine-07-mars-2019-bazas\/"},"wordCount":365,"publisher":{"@id":"https:\/\/regions-snetap-fsu.fr\/na\/#organization"},"image":{"@id":"https:\/\/regions-snetap-fsu.fr\/na\/2019\/03\/19\/congres-extraordinaire-snetap-fsu-nouvelle-aquitaine-07-mars-2019-bazas\/#primaryimage"},"thumbnailUrl":"https:\/\/regions-snetap-fsu.fr\/na\/wp-content\/uploads\/sites\/3\/2019\/03\/DSC_0507-Medium-300x199.jpg","articleSection":["Vie syndicale"],"inLanguage":"fr-FR"},{"@type":"WebPage","@id":"https:\/\/regions-snetap-fsu.fr\/na\/2019\/03\/19\/congres-extraordinaire-snetap-fsu-nouvelle-aquitaine-07-mars-2019-bazas\/","url":"https:\/\/regions-snetap-fsu.fr\/na\/2019\/03\/19\/congres-extraordinaire-snetap-fsu-nouvelle-aquitaine-07-mars-2019-bazas\/","name":"CONGRES EXTRAORDINAIRE SNETAP-FSU NOUVELLE AQUITAINE 07 MARS 2019 - BAZAS - NOUVELLE AQUITAINE","isPartOf":{"@id":"https:\/\/regions-snetap-fsu.fr\/na\/#website"},"primaryImageOfPage":{"@id":"https:\/\/regions-snetap-fsu.fr\/na\/2019\/03\/19\/congres-extraordinaire-snetap-fsu-nouvelle-aquitaine-07-mars-2019-bazas\/#primaryimage"},"image":{"@id":"https:\/\/regions-snetap-fsu.fr\/na\/2019\/03\/19\/congres-extraordinaire-snetap-fsu-nouvelle-aquitaine-07-mars-2019-bazas\/#primaryimage"},"thumbnailUrl":"https:\/\/regions-snetap-fsu.fr\/na\/wp-content\/uploads\/sites\/3\/2019\/03\/DSC_0507-Medium-300x199.jpg","datePublished":"2019-03-19T07:06:47+00:00","dateModified":"2019-03-20T08:40:38+00:00","breadcrumb":{"@id":"https:\/\/regions-snetap-fsu.fr\/na\/2019\/03\/19\/congres-extraordinaire-snetap-fsu-nouvelle-aquitaine-07-mars-2019-bazas\/#breadcrumb"},"inLanguage":"fr-FR","potentialAction":[{"@type":"ReadAction","target":["https:\/\/regions-snetap-fsu.fr\/na\/2019\/03\/19\/congres-extraordinaire-snetap-fsu-nouvelle-aquitaine-07-mars-2019-bazas\/"]}]},{"@type":"ImageObject","inLanguage":"fr-FR","@id":"https:\/\/regions-snetap-fsu.fr\/na\/2019\/03\/19\/congres-extraordinaire-snetap-fsu-nouvelle-aquitaine-07-mars-2019-bazas\/#primaryimage","url":"https:\/\/regions-snetap-fsu.fr\/na\/wp-content\/uploads\/sites\/3\/2019\/03\/DSC_0507-Medium.jpg","contentUrl":"https:\/\/regions-snetap-fsu.fr\/na\/wp-content\/uploads\/sites\/3\/2019\/03\/DSC_0507-Medium.jpg","width":1155,"height":768},{"@type":"BreadcrumbList","@id":"https:\/\/regions-snetap-fsu.fr\/na\/2019\/03\/19\/congres-extraordinaire-snetap-fsu-nouvelle-aquitaine-07-mars-2019-bazas\/#breadcrumb","itemListElement":[{"@type":"ListItem","position":1,"name":"Accueil","item":"https:\/\/regions-snetap-fsu.fr\/na\/"},{"@type":"ListItem","position":2,"name":"CONGRES EXTRAORDINAIRE SNETAP-FSU NOUVELLE AQUITAINE 07 MARS 2019 &#8211; BAZAS"}]},{"@type":"WebSite","@id":"https:\/\/regions-snetap-fsu.fr\/na\/#website","url":"https:\/\/regions-snetap-fsu.fr\/na\/","name":"SNETAP-FSU NOUVELLE AQUITAINE","description":"Blog de la Section R\u00e9gionale","publisher":{"@id":"https:\/\/regions-snetap-fsu.fr\/na\/#organization"},"potentialAction":[{"@type":"SearchAction","target":{"@type":"EntryPoint","urlTemplate":"https:\/\/regions-snetap-fsu.fr\/na\/?s={search_term_string}"},"query-input":{"@type":"PropertyValueSpecification","valueRequired":true,"valueName":"search_term_string"}}],"inLanguage":"fr-FR"},{"@type":"Organization","@id":"https:\/\/regions-snetap-fsu.fr\/na\/#organization","name":"SNETAP-FSU - Nouvelle Aquitaine","url":"https:\/\/regions-snetap-fsu.fr\/na\/","logo":{"@type":"ImageObject","inLanguage":"fr-FR","@id":"https:\/\/regions-snetap-fsu.fr\/na\/#\/schema\/logo\/image\/","url":"https:\/\/regions-snetap-fsu.fr\/na\/wp-content\/uploads\/sites\/3\/2020\/12\/SNETAP-Logo.jpg","contentUrl":"https:\/\/regions-snetap-fsu.fr\/na\/wp-content\/uploads\/sites\/3\/2020\/12\/SNETAP-Logo.jpg","width":464,"height":334,"caption":"SNETAP-FSU - Nouvelle Aquitaine"},"image":{"@id":"https:\/\/regions-snetap-fsu.fr\/na\/#\/schema\/logo\/image\/"}},{"@type":"Person","@id":"https:\/\/regions-snetap-fsu.fr\/na\/#\/schema\/person\/200c3209e01aa8c2a287fda4d096cd22","name":"Tmoos","image":{"@type":"ImageObject","inLanguage":"fr-FR","@id":"https:\/\/secure.gravatar.com\/avatar\/ee9416e21ddddd1cb4bc3f8a9a89584e0671c3184caebebe8e4de3129769a613?s=96&d=mm&r=g","url":"https:\/\/secure.gravatar.com\/avatar\/ee9416e21ddddd1cb4bc3f8a9a89584e0671c3184caebebe8e4de3129769a613?s=96&d=mm&r=g","contentUrl":"https:\/\/secure.gravatar.com\/avatar\/ee9416e21ddddd1cb4bc3f8a9a89584e0671c3184caebebe8e4de3129769a613?s=96&d=mm&r=g","caption":"Tmoos"},"url":"https:\/\/regions-snetap-fsu.fr\/na\/author\/fthomas\/"}]}},"_links":{"self":[{"href":"https:\/\/regions-snetap-fsu.fr\/na\/wp-json\/wp\/v2\/posts\/1177","targetHints":{"allow":["GET"]}}],"collection":[{"href":"https:\/\/regions-snetap-fsu.fr\/na\/wp-json\/wp\/v2\/posts"}],"about":[{"href":"https:\/\/regions-snetap-fsu.fr\/na\/wp-json\/wp\/v2\/types\/post"}],"author":[{"embeddable":true,"href":"https:\/\/regions-snetap-fsu.fr\/na\/wp-json\/wp\/v2\/users\/99"}],"replies":[{"embeddable":true,"href":"https:\/\/regions-snetap-fsu.fr\/na\/wp-json\/wp\/v2\/comments?post=1177"}],"version-history":[{"count":4,"href":"https:\/\/regions-snetap-fsu.fr\/na\/wp-json\/wp\/v2\/posts\/1177\/revisions"}],"predecessor-version":[{"id":1197,"href":"https:\/\/regions-snetap-fsu.fr\/na\/wp-json\/wp\/v2\/posts\/1177\/revisions\/1197"}],"wp:attachment":[{"href":"https:\/\/regions-snetap-fsu.fr\/na\/wp-json\/wp\/v2\/media?parent=1177"}],"wp:term":[{"taxonomy":"category","embeddable":true,"href":"https:\/\/regions-snetap-fsu.fr\/na\/wp-json\/wp\/v2\/categories?post=1177"},{"taxonomy":"post_tag","embeddable":true,"href":"https:\/\/regions-snetap-fsu.fr\/na\/wp-json\/wp\/v2\/tags?post=1177"},{"taxonomy":"post_folder","embeddable":true,"href":"https:\/\/regions-snetap-fsu.fr\/na\/wp-json\/wp\/v2\/post_folder?post=1177"}],"curies":[{"name":"wp","href":"https:\/\/api.w.org\/{rel}","templated":true}]}}