{"id":1165,"date":"2019-03-11T07:20:29","date_gmt":"2019-03-11T06:20:29","guid":{"rendered":"https:\/\/regions-snetap-fsu.fr\/na\/?p=1165"},"modified":"2019-03-11T07:28:38","modified_gmt":"2019-03-11T06:28:38","slug":"public-prive-tous-ensemble-le-19-mars-2019","status":"publish","type":"post","link":"https:\/\/regions-snetap-fsu.fr\/na\/2019\/03\/11\/public-prive-tous-ensemble-le-19-mars-2019\/","title":{"rendered":"Public-prive-tous-ensemble-le-19-mars-2019"},"content":{"rendered":"<div id=\"illustration\"><img fetchpriority=\"high\" decoding=\"async\" class=\"spip_logo spip_logos\" src=\"http:\/\/fsu.fr\/IMG\/arton4865.jpg?1551954604\" alt=\"PUBLIC \/ PRIVE : TOUS ENSEMBLE LE 19 MARS 2019\" width=\"720\" height=\"378\" \/><\/div>\n<div id=\"texteArticle\">\n<p><span class=\"spip_document_2187 spip_documents spip_documents_center\"><img decoding=\"async\" src=\"http:\/\/fsu.fr\/IMG\/png\/capture-61.png\" alt=\"\" width=\"668\" height=\"158\" \/><\/span><\/p>\n<p>Nos organisations CGT, FO, FSU et SOLIDAIRES de la Fonction publique s\u2019inscrivent dans l\u2019appel unitaire interprofessionnel pour faire du 19 mars prochain un temps fort de mobilisation.<\/p>\n<p>Le Pr\u00e9sident de la R\u00e9publique, le Premier ministre et le gouvernement, en accord avec le MEDEF, mettent en \u0153uvre une politique ultralib\u00e9rale. Celle-ci, multiplie les attaques contre les salari\u00e9s, qu\u2019ils soient du secteur priv\u00e9 ou du secteur public.<br class=\"autobr\" \/>Les agents de la Fonction publique et leurs missions sont au c\u0153ur des vis\u00e9es r\u00e9gressives du pouvoir ex\u00e9cutif.<\/p>\n<\/div>\n<p><!--more--><\/p>\n<p>Apr\u00e8s le retour du gel de la valeur du point qui entra\u00eene des pertes de pouvoir d\u2019achat sans pr\u00e9c\u00e9dent, la mauvaise compensation de la hausse de la CSG, le r\u00e9tablissement du jour de carence injuste tant pour les salari\u00e9-e-s du priv\u00e9 que pour les agent-e-s public, pour ne s\u2019en tenir \u00e0 quelques exemples, voici un projet de loi d\u00e9vastateur de contre r\u00e9forme de la Fonction publique.<\/p>\n<p>En d\u00e9mantelant les organismes consultatifs de la Fonction publique et en mettant en cause les mandats des repr\u00e9sentants des personnels, en projetant un recours encore plus massif aux contractuels, synonyme de pr\u00e9carit\u00e9 accrue et d\u2019affaiblissement de la garantie de neutralit\u00e9 des agents publics, en accentuant fortement les \u00e9l\u00e9ments individuels de r\u00e9mun\u00e9ration ouvrant ainsi la porte \u00e0 des pratiques client\u00e9listes, ce projet de loi constitue une charge sans pr\u00e9c\u00e9dent contre le Statut G\u00e9n\u00e9ral des fonctionnaires.<\/p>\n<p>Pire, en cr\u00e9ant un arsenal de dispositions, notamment organisant la mobilit\u00e9 forc\u00e9e, pour accompagner de nouvelles et massives suppressions d\u2019emplois et favoriser l\u2019abandon ou la privatisation de missions publiques, ce texte est \u00e9galement porteur de reculs tr\u00e8s graves pour l\u2019ensemble de la population aggravant encore les in\u00e9galit\u00e9s.<\/p>\n<p>Tout cela se fait \u00e0 la hussarde, dans un calendrier extr\u00eamement resserr\u00e9 qui ne permet pas une concertation digne de ce nom \u2013 le texte pourrait \u00eatre adopt\u00e9 d\u00e8s juin au Parlement &#8211; et ce sans tenir compte des propositions et positions des organisations syndicales.<\/p>\n<p>La coupe est plus que pleine\u00a0: elle d\u00e9borde\u00a0! L\u2019heure est \u00e0 la mobilisation de toutes et tous. Pour\u00a0:<\/p>\n<ul class=\"spip\">\n<li>Une augmentation g\u00e9n\u00e9rale et imm\u00e9diate des salaires des agents de la Fonction publique.<\/li>\n<li>Des mesures de rattrapage des pertes subies depuis des ann\u00e9es.<\/li>\n<li>Un plan de titularisation.<\/li>\n<li>Des cr\u00e9ations d\u2019emplois statutaires partout o\u00f9 cela est n\u00e9cessaire.<\/li>\n<li>L\u2019abrogation du jour de carence.<\/li>\n<li>La revalorisation des pensions.<\/li>\n<li>Le maintien et l\u2019am\u00e9lioration de notre r\u00e9gime particulier de retraite et du code des pensions civiles et militaires ainsi que de la CNRACL.<\/li>\n<li>Le retrait du projet de loi au profit de mesure renfor\u00e7ant et r\u00e9novant le Statut g\u00e9n\u00e9ral et permettant un meilleur fonctionnement des services publics.<\/li>\n<\/ul>\n<p><strong>Nos organisations CGT, FO, FSU et SOLIDAIRES appellent \u00e0 faire du 19 mars une journ\u00e9e de mobilisations (gr\u00e8ve, manifestations, rassemblements).<\/strong><\/p>\n<p>Cette journ\u00e9e s\u2019inscrit dans un processus d\u2019\u00e9l\u00e9vation du rapport de forces que nous entendons construire, qui passera aussi n\u00e9cessairement par de prochains temps forts sp\u00e9cifiques d\u00e9di\u00e9s \u00e0 la Fonction publique.<\/p>\n<p>Le 21 f\u00e9vrier 2019<\/p>\n<p>&nbsp;<\/p>\n<p>&nbsp;<\/p>\n<p>&nbsp;<\/p>\n","protected":false},"excerpt":{"rendered":"<p>Nos organisations CGT, FO, FSU et SOLIDAIRES de la Fonction publique s\u2019inscrivent dans l\u2019appel unitaire interprofessionnel pour faire du 19 mars prochain un temps fort de mobilisation. Le Pr\u00e9sident de la R\u00e9publique, le Premier ministre et le gouvernement, en accord avec le MEDEF, mettent en \u0153uvre une politique ultralib\u00e9rale. Celle-ci, multiplie les attaques contre les [&hellip;]<\/p>\n","protected":false},"author":99,"featured_media":0,"comment_status":"closed","ping_status":"closed","sticky":false,"template":"","format":"standard","meta":{"ocean_post_layout":"","ocean_both_sidebars_style":"","ocean_both_sidebars_content_width":0,"ocean_both_sidebars_sidebars_width":0,"ocean_sidebar":"","ocean_second_sidebar":"","ocean_disable_margins":"enable","ocean_add_body_class":"","ocean_shortcode_before_top_bar":"","ocean_shortcode_after_top_bar":"","ocean_shortcode_before_header":"","ocean_shortcode_after_header":"","ocean_has_shortcode":"","ocean_shortcode_after_title":"","ocean_shortcode_before_footer_widgets":"","ocean_shortcode_after_footer_widgets":"","ocean_shortcode_before_footer_bottom":"","ocean_shortcode_after_footer_bottom":"","ocean_display_top_bar":"default","ocean_display_header":"default","ocean_header_style":"","ocean_center_header_left_menu":"","ocean_custom_header_template":"","ocean_custom_logo":0,"ocean_custom_retina_logo":0,"ocean_custom_logo_max_width":0,"ocean_custom_logo_tablet_max_width":0,"ocean_custom_logo_mobile_max_width":0,"ocean_custom_logo_max_height":0,"ocean_custom_logo_tablet_max_height":0,"ocean_custom_logo_mobile_max_height":0,"ocean_header_custom_menu":"","ocean_menu_typo_font_family":"","ocean_menu_typo_font_subset":"","ocean_menu_typo_font_size":0,"ocean_menu_typo_font_size_tablet":0,"ocean_menu_typo_font_size_mobile":0,"ocean_menu_typo_font_size_unit":"px","ocean_menu_typo_font_weight":"","ocean_menu_typo_font_weight_tablet":"","ocean_menu_typo_font_weight_mobile":"","ocean_menu_typo_transform":"","ocean_menu_typo_transform_tablet":"","ocean_menu_typo_transform_mobile":"","ocean_menu_typo_line_height":0,"ocean_menu_typo_line_height_tablet":0,"ocean_menu_typo_line_height_mobile":0,"ocean_menu_typo_line_height_unit":"","ocean_menu_typo_spacing":0,"ocean_menu_typo_spacing_tablet":0,"ocean_menu_typo_spacing_mobile":0,"ocean_menu_typo_spacing_unit":"","ocean_menu_link_color":"","ocean_menu_link_color_hover":"","ocean_menu_link_color_active":"","ocean_menu_link_background":"","ocean_menu_link_hover_background":"","ocean_menu_link_active_background":"","ocean_menu_social_links_bg":"","ocean_menu_social_hover_links_bg":"","ocean_menu_social_links_color":"","ocean_menu_social_hover_links_color":"","ocean_disable_title":"default","ocean_disable_heading":"default","ocean_post_title":"","ocean_post_subheading":"","ocean_post_title_style":"","ocean_post_title_background_color":"","ocean_post_title_background":0,"ocean_post_title_bg_image_position":"","ocean_post_title_bg_image_attachment":"","ocean_post_title_bg_image_repeat":"","ocean_post_title_bg_image_size":"","ocean_post_title_height":0,"ocean_post_title_bg_overlay":0.5,"ocean_post_title_bg_overlay_color":"","ocean_disable_breadcrumbs":"default","ocean_breadcrumbs_color":"","ocean_breadcrumbs_separator_color":"","ocean_breadcrumbs_links_color":"","ocean_breadcrumbs_links_hover_color":"","ocean_display_footer_widgets":"default","ocean_display_footer_bottom":"default","ocean_custom_footer_template":"","ocean_post_oembed":"","ocean_post_self_hosted_media":"","ocean_post_video_embed":"","ocean_link_format":"","ocean_link_format_target":"self","ocean_quote_format":"","ocean_quote_format_link":"post","ocean_gallery_link_images":"on","ocean_gallery_id":[],"footnotes":""},"categories":[12],"tags":[],"post_folder":[],"class_list":["post-1165","post","type-post","status-publish","format-standard","hentry","category-actions","entry"],"yoast_head":"<!-- This site is optimized with the Yoast SEO plugin v27.4 - https:\/\/yoast.com\/product\/yoast-seo-wordpress\/ -->\n<title>Public-prive-tous-ensemble-le-19-mars-2019 - NOUVELLE AQUITAINE<\/title>\n<meta name=\"robots\" content=\"index, follow, max-snippet:-1, max-image-preview:large, max-video-preview:-1\" \/>\n<link rel=\"canonical\" href=\"https:\/\/regions-snetap-fsu.fr\/na\/2019\/03\/11\/public-prive-tous-ensemble-le-19-mars-2019\/\" \/>\n<meta property=\"og:locale\" content=\"fr_FR\" \/>\n<meta property=\"og:type\" content=\"article\" \/>\n<meta property=\"og:title\" content=\"Public-prive-tous-ensemble-le-19-mars-2019 - NOUVELLE AQUITAINE\" \/>\n<meta property=\"og:description\" content=\"Nos organisations CGT, FO, FSU et SOLIDAIRES de la Fonction publique s\u2019inscrivent dans l\u2019appel unitaire interprofessionnel pour faire du 19 mars prochain un temps fort de mobilisation. Le Pr\u00e9sident de la R\u00e9publique, le Premier ministre et le gouvernement, en accord avec le MEDEF, mettent en \u0153uvre une politique ultralib\u00e9rale. Celle-ci, multiplie les attaques contre les [&hellip;]\" \/>\n<meta property=\"og:url\" content=\"https:\/\/regions-snetap-fsu.fr\/na\/2019\/03\/11\/public-prive-tous-ensemble-le-19-mars-2019\/\" \/>\n<meta property=\"og:site_name\" content=\"NOUVELLE AQUITAINE\" \/>\n<meta property=\"article:published_time\" content=\"2019-03-11T06:20:29+00:00\" \/>\n<meta property=\"article:modified_time\" content=\"2019-03-11T06:28:38+00:00\" \/>\n<meta property=\"og:image\" content=\"http:\/\/fsu.fr\/IMG\/arton4865.jpg?1551954604\" \/>\n<meta name=\"author\" content=\"Tmoos\" \/>\n<meta name=\"twitter:card\" content=\"summary_large_image\" \/>\n<meta name=\"twitter:label1\" content=\"\u00c9crit par\" \/>\n\t<meta name=\"twitter:data1\" content=\"Tmoos\" \/>\n\t<meta name=\"twitter:label2\" content=\"Dur\u00e9e de lecture estim\u00e9e\" \/>\n\t<meta name=\"twitter:data2\" content=\"3 minutes\" \/>\n<script type=\"application\/ld+json\" class=\"yoast-schema-graph\">{\"@context\":\"https:\\\/\\\/schema.org\",\"@graph\":[{\"@type\":\"Article\",\"@id\":\"https:\\\/\\\/regions-snetap-fsu.fr\\\/na\\\/2019\\\/03\\\/11\\\/public-prive-tous-ensemble-le-19-mars-2019\\\/#article\",\"isPartOf\":{\"@id\":\"https:\\\/\\\/regions-snetap-fsu.fr\\\/na\\\/2019\\\/03\\\/11\\\/public-prive-tous-ensemble-le-19-mars-2019\\\/\"},\"author\":{\"name\":\"Tmoos\",\"@id\":\"https:\\\/\\\/regions-snetap-fsu.fr\\\/na\\\/#\\\/schema\\\/person\\\/200c3209e01aa8c2a287fda4d096cd22\"},\"headline\":\"Public-prive-tous-ensemble-le-19-mars-2019\",\"datePublished\":\"2019-03-11T06:20:29+00:00\",\"dateModified\":\"2019-03-11T06:28:38+00:00\",\"mainEntityOfPage\":{\"@id\":\"https:\\\/\\\/regions-snetap-fsu.fr\\\/na\\\/2019\\\/03\\\/11\\\/public-prive-tous-ensemble-le-19-mars-2019\\\/\"},\"wordCount\":544,\"publisher\":{\"@id\":\"https:\\\/\\\/regions-snetap-fsu.fr\\\/na\\\/#organization\"},\"image\":{\"@id\":\"https:\\\/\\\/regions-snetap-fsu.fr\\\/na\\\/2019\\\/03\\\/11\\\/public-prive-tous-ensemble-le-19-mars-2019\\\/#primaryimage\"},\"thumbnailUrl\":\"http:\\\/\\\/fsu.fr\\\/IMG\\\/arton4865.jpg?1551954604\",\"articleSection\":[\"Actions\"],\"inLanguage\":\"fr-FR\"},{\"@type\":\"WebPage\",\"@id\":\"https:\\\/\\\/regions-snetap-fsu.fr\\\/na\\\/2019\\\/03\\\/11\\\/public-prive-tous-ensemble-le-19-mars-2019\\\/\",\"url\":\"https:\\\/\\\/regions-snetap-fsu.fr\\\/na\\\/2019\\\/03\\\/11\\\/public-prive-tous-ensemble-le-19-mars-2019\\\/\",\"name\":\"Public-prive-tous-ensemble-le-19-mars-2019 - NOUVELLE AQUITAINE\",\"isPartOf\":{\"@id\":\"https:\\\/\\\/regions-snetap-fsu.fr\\\/na\\\/#website\"},\"primaryImageOfPage\":{\"@id\":\"https:\\\/\\\/regions-snetap-fsu.fr\\\/na\\\/2019\\\/03\\\/11\\\/public-prive-tous-ensemble-le-19-mars-2019\\\/#primaryimage\"},\"image\":{\"@id\":\"https:\\\/\\\/regions-snetap-fsu.fr\\\/na\\\/2019\\\/03\\\/11\\\/public-prive-tous-ensemble-le-19-mars-2019\\\/#primaryimage\"},\"thumbnailUrl\":\"http:\\\/\\\/fsu.fr\\\/IMG\\\/arton4865.jpg?1551954604\",\"datePublished\":\"2019-03-11T06:20:29+00:00\",\"dateModified\":\"2019-03-11T06:28:38+00:00\",\"breadcrumb\":{\"@id\":\"https:\\\/\\\/regions-snetap-fsu.fr\\\/na\\\/2019\\\/03\\\/11\\\/public-prive-tous-ensemble-le-19-mars-2019\\\/#breadcrumb\"},\"inLanguage\":\"fr-FR\",\"potentialAction\":[{\"@type\":\"ReadAction\",\"target\":[\"https:\\\/\\\/regions-snetap-fsu.fr\\\/na\\\/2019\\\/03\\\/11\\\/public-prive-tous-ensemble-le-19-mars-2019\\\/\"]}]},{\"@type\":\"ImageObject\",\"inLanguage\":\"fr-FR\",\"@id\":\"https:\\\/\\\/regions-snetap-fsu.fr\\\/na\\\/2019\\\/03\\\/11\\\/public-prive-tous-ensemble-le-19-mars-2019\\\/#primaryimage\",\"url\":\"http:\\\/\\\/fsu.fr\\\/IMG\\\/arton4865.jpg?1551954604\",\"contentUrl\":\"http:\\\/\\\/fsu.fr\\\/IMG\\\/arton4865.jpg?1551954604\"},{\"@type\":\"BreadcrumbList\",\"@id\":\"https:\\\/\\\/regions-snetap-fsu.fr\\\/na\\\/2019\\\/03\\\/11\\\/public-prive-tous-ensemble-le-19-mars-2019\\\/#breadcrumb\",\"itemListElement\":[{\"@type\":\"ListItem\",\"position\":1,\"name\":\"Accueil\",\"item\":\"https:\\\/\\\/regions-snetap-fsu.fr\\\/na\\\/\"},{\"@type\":\"ListItem\",\"position\":2,\"name\":\"Public-prive-tous-ensemble-le-19-mars-2019\"}]},{\"@type\":\"WebSite\",\"@id\":\"https:\\\/\\\/regions-snetap-fsu.fr\\\/na\\\/#website\",\"url\":\"https:\\\/\\\/regions-snetap-fsu.fr\\\/na\\\/\",\"name\":\"SNETAP-FSU NOUVELLE AQUITAINE\",\"description\":\"Blog de la Section R\u00e9gionale\",\"publisher\":{\"@id\":\"https:\\\/\\\/regions-snetap-fsu.fr\\\/na\\\/#organization\"},\"potentialAction\":[{\"@type\":\"SearchAction\",\"target\":{\"@type\":\"EntryPoint\",\"urlTemplate\":\"https:\\\/\\\/regions-snetap-fsu.fr\\\/na\\\/?s={search_term_string}\"},\"query-input\":{\"@type\":\"PropertyValueSpecification\",\"valueRequired\":true,\"valueName\":\"search_term_string\"}}],\"inLanguage\":\"fr-FR\"},{\"@type\":\"Organization\",\"@id\":\"https:\\\/\\\/regions-snetap-fsu.fr\\\/na\\\/#organization\",\"name\":\"SNETAP-FSU - Nouvelle Aquitaine\",\"url\":\"https:\\\/\\\/regions-snetap-fsu.fr\\\/na\\\/\",\"logo\":{\"@type\":\"ImageObject\",\"inLanguage\":\"fr-FR\",\"@id\":\"https:\\\/\\\/regions-snetap-fsu.fr\\\/na\\\/#\\\/schema\\\/logo\\\/image\\\/\",\"url\":\"https:\\\/\\\/regions-snetap-fsu.fr\\\/na\\\/wp-content\\\/uploads\\\/sites\\\/3\\\/2020\\\/12\\\/SNETAP-Logo.jpg\",\"contentUrl\":\"https:\\\/\\\/regions-snetap-fsu.fr\\\/na\\\/wp-content\\\/uploads\\\/sites\\\/3\\\/2020\\\/12\\\/SNETAP-Logo.jpg\",\"width\":464,\"height\":334,\"caption\":\"SNETAP-FSU - Nouvelle Aquitaine\"},\"image\":{\"@id\":\"https:\\\/\\\/regions-snetap-fsu.fr\\\/na\\\/#\\\/schema\\\/logo\\\/image\\\/\"}},{\"@type\":\"Person\",\"@id\":\"https:\\\/\\\/regions-snetap-fsu.fr\\\/na\\\/#\\\/schema\\\/person\\\/200c3209e01aa8c2a287fda4d096cd22\",\"name\":\"Tmoos\",\"image\":{\"@type\":\"ImageObject\",\"inLanguage\":\"fr-FR\",\"@id\":\"https:\\\/\\\/secure.gravatar.com\\\/avatar\\\/ee9416e21ddddd1cb4bc3f8a9a89584e0671c3184caebebe8e4de3129769a613?s=96&d=mm&r=g\",\"url\":\"https:\\\/\\\/secure.gravatar.com\\\/avatar\\\/ee9416e21ddddd1cb4bc3f8a9a89584e0671c3184caebebe8e4de3129769a613?s=96&d=mm&r=g\",\"contentUrl\":\"https:\\\/\\\/secure.gravatar.com\\\/avatar\\\/ee9416e21ddddd1cb4bc3f8a9a89584e0671c3184caebebe8e4de3129769a613?s=96&d=mm&r=g\",\"caption\":\"Tmoos\"},\"url\":\"https:\\\/\\\/regions-snetap-fsu.fr\\\/na\\\/author\\\/fthomas\\\/\"}]}<\/script>\n<!-- \/ Yoast SEO plugin. -->","yoast_head_json":{"title":"Public-prive-tous-ensemble-le-19-mars-2019 - NOUVELLE AQUITAINE","robots":{"index":"index","follow":"follow","max-snippet":"max-snippet:-1","max-image-preview":"max-image-preview:large","max-video-preview":"max-video-preview:-1"},"canonical":"https:\/\/regions-snetap-fsu.fr\/na\/2019\/03\/11\/public-prive-tous-ensemble-le-19-mars-2019\/","og_locale":"fr_FR","og_type":"article","og_title":"Public-prive-tous-ensemble-le-19-mars-2019 - NOUVELLE AQUITAINE","og_description":"Nos organisations CGT, FO, FSU et SOLIDAIRES de la Fonction publique s\u2019inscrivent dans l\u2019appel unitaire interprofessionnel pour faire du 19 mars prochain un temps fort de mobilisation. Le Pr\u00e9sident de la R\u00e9publique, le Premier ministre et le gouvernement, en accord avec le MEDEF, mettent en \u0153uvre une politique ultralib\u00e9rale. Celle-ci, multiplie les attaques contre les [&hellip;]","og_url":"https:\/\/regions-snetap-fsu.fr\/na\/2019\/03\/11\/public-prive-tous-ensemble-le-19-mars-2019\/","og_site_name":"NOUVELLE AQUITAINE","article_published_time":"2019-03-11T06:20:29+00:00","article_modified_time":"2019-03-11T06:28:38+00:00","og_image":[{"url":"http:\/\/fsu.fr\/IMG\/arton4865.jpg?1551954604","type":"","width":"","height":""}],"author":"Tmoos","twitter_card":"summary_large_image","twitter_misc":{"\u00c9crit par":"Tmoos","Dur\u00e9e de lecture estim\u00e9e":"3 minutes"},"schema":{"@context":"https:\/\/schema.org","@graph":[{"@type":"Article","@id":"https:\/\/regions-snetap-fsu.fr\/na\/2019\/03\/11\/public-prive-tous-ensemble-le-19-mars-2019\/#article","isPartOf":{"@id":"https:\/\/regions-snetap-fsu.fr\/na\/2019\/03\/11\/public-prive-tous-ensemble-le-19-mars-2019\/"},"author":{"name":"Tmoos","@id":"https:\/\/regions-snetap-fsu.fr\/na\/#\/schema\/person\/200c3209e01aa8c2a287fda4d096cd22"},"headline":"Public-prive-tous-ensemble-le-19-mars-2019","datePublished":"2019-03-11T06:20:29+00:00","dateModified":"2019-03-11T06:28:38+00:00","mainEntityOfPage":{"@id":"https:\/\/regions-snetap-fsu.fr\/na\/2019\/03\/11\/public-prive-tous-ensemble-le-19-mars-2019\/"},"wordCount":544,"publisher":{"@id":"https:\/\/regions-snetap-fsu.fr\/na\/#organization"},"image":{"@id":"https:\/\/regions-snetap-fsu.fr\/na\/2019\/03\/11\/public-prive-tous-ensemble-le-19-mars-2019\/#primaryimage"},"thumbnailUrl":"http:\/\/fsu.fr\/IMG\/arton4865.jpg?1551954604","articleSection":["Actions"],"inLanguage":"fr-FR"},{"@type":"WebPage","@id":"https:\/\/regions-snetap-fsu.fr\/na\/2019\/03\/11\/public-prive-tous-ensemble-le-19-mars-2019\/","url":"https:\/\/regions-snetap-fsu.fr\/na\/2019\/03\/11\/public-prive-tous-ensemble-le-19-mars-2019\/","name":"Public-prive-tous-ensemble-le-19-mars-2019 - NOUVELLE AQUITAINE","isPartOf":{"@id":"https:\/\/regions-snetap-fsu.fr\/na\/#website"},"primaryImageOfPage":{"@id":"https:\/\/regions-snetap-fsu.fr\/na\/2019\/03\/11\/public-prive-tous-ensemble-le-19-mars-2019\/#primaryimage"},"image":{"@id":"https:\/\/regions-snetap-fsu.fr\/na\/2019\/03\/11\/public-prive-tous-ensemble-le-19-mars-2019\/#primaryimage"},"thumbnailUrl":"http:\/\/fsu.fr\/IMG\/arton4865.jpg?1551954604","datePublished":"2019-03-11T06:20:29+00:00","dateModified":"2019-03-11T06:28:38+00:00","breadcrumb":{"@id":"https:\/\/regions-snetap-fsu.fr\/na\/2019\/03\/11\/public-prive-tous-ensemble-le-19-mars-2019\/#breadcrumb"},"inLanguage":"fr-FR","potentialAction":[{"@type":"ReadAction","target":["https:\/\/regions-snetap-fsu.fr\/na\/2019\/03\/11\/public-prive-tous-ensemble-le-19-mars-2019\/"]}]},{"@type":"ImageObject","inLanguage":"fr-FR","@id":"https:\/\/regions-snetap-fsu.fr\/na\/2019\/03\/11\/public-prive-tous-ensemble-le-19-mars-2019\/#primaryimage","url":"http:\/\/fsu.fr\/IMG\/arton4865.jpg?1551954604","contentUrl":"http:\/\/fsu.fr\/IMG\/arton4865.jpg?1551954604"},{"@type":"BreadcrumbList","@id":"https:\/\/regions-snetap-fsu.fr\/na\/2019\/03\/11\/public-prive-tous-ensemble-le-19-mars-2019\/#breadcrumb","itemListElement":[{"@type":"ListItem","position":1,"name":"Accueil","item":"https:\/\/regions-snetap-fsu.fr\/na\/"},{"@type":"ListItem","position":2,"name":"Public-prive-tous-ensemble-le-19-mars-2019"}]},{"@type":"WebSite","@id":"https:\/\/regions-snetap-fsu.fr\/na\/#website","url":"https:\/\/regions-snetap-fsu.fr\/na\/","name":"SNETAP-FSU NOUVELLE AQUITAINE","description":"Blog de la Section R\u00e9gionale","publisher":{"@id":"https:\/\/regions-snetap-fsu.fr\/na\/#organization"},"potentialAction":[{"@type":"SearchAction","target":{"@type":"EntryPoint","urlTemplate":"https:\/\/regions-snetap-fsu.fr\/na\/?s={search_term_string}"},"query-input":{"@type":"PropertyValueSpecification","valueRequired":true,"valueName":"search_term_string"}}],"inLanguage":"fr-FR"},{"@type":"Organization","@id":"https:\/\/regions-snetap-fsu.fr\/na\/#organization","name":"SNETAP-FSU - Nouvelle Aquitaine","url":"https:\/\/regions-snetap-fsu.fr\/na\/","logo":{"@type":"ImageObject","inLanguage":"fr-FR","@id":"https:\/\/regions-snetap-fsu.fr\/na\/#\/schema\/logo\/image\/","url":"https:\/\/regions-snetap-fsu.fr\/na\/wp-content\/uploads\/sites\/3\/2020\/12\/SNETAP-Logo.jpg","contentUrl":"https:\/\/regions-snetap-fsu.fr\/na\/wp-content\/uploads\/sites\/3\/2020\/12\/SNETAP-Logo.jpg","width":464,"height":334,"caption":"SNETAP-FSU - Nouvelle Aquitaine"},"image":{"@id":"https:\/\/regions-snetap-fsu.fr\/na\/#\/schema\/logo\/image\/"}},{"@type":"Person","@id":"https:\/\/regions-snetap-fsu.fr\/na\/#\/schema\/person\/200c3209e01aa8c2a287fda4d096cd22","name":"Tmoos","image":{"@type":"ImageObject","inLanguage":"fr-FR","@id":"https:\/\/secure.gravatar.com\/avatar\/ee9416e21ddddd1cb4bc3f8a9a89584e0671c3184caebebe8e4de3129769a613?s=96&d=mm&r=g","url":"https:\/\/secure.gravatar.com\/avatar\/ee9416e21ddddd1cb4bc3f8a9a89584e0671c3184caebebe8e4de3129769a613?s=96&d=mm&r=g","contentUrl":"https:\/\/secure.gravatar.com\/avatar\/ee9416e21ddddd1cb4bc3f8a9a89584e0671c3184caebebe8e4de3129769a613?s=96&d=mm&r=g","caption":"Tmoos"},"url":"https:\/\/regions-snetap-fsu.fr\/na\/author\/fthomas\/"}]}},"_links":{"self":[{"href":"https:\/\/regions-snetap-fsu.fr\/na\/wp-json\/wp\/v2\/posts\/1165","targetHints":{"allow":["GET"]}}],"collection":[{"href":"https:\/\/regions-snetap-fsu.fr\/na\/wp-json\/wp\/v2\/posts"}],"about":[{"href":"https:\/\/regions-snetap-fsu.fr\/na\/wp-json\/wp\/v2\/types\/post"}],"author":[{"embeddable":true,"href":"https:\/\/regions-snetap-fsu.fr\/na\/wp-json\/wp\/v2\/users\/99"}],"replies":[{"embeddable":true,"href":"https:\/\/regions-snetap-fsu.fr\/na\/wp-json\/wp\/v2\/comments?post=1165"}],"version-history":[{"count":4,"href":"https:\/\/regions-snetap-fsu.fr\/na\/wp-json\/wp\/v2\/posts\/1165\/revisions"}],"predecessor-version":[{"id":1169,"href":"https:\/\/regions-snetap-fsu.fr\/na\/wp-json\/wp\/v2\/posts\/1165\/revisions\/1169"}],"wp:attachment":[{"href":"https:\/\/regions-snetap-fsu.fr\/na\/wp-json\/wp\/v2\/media?parent=1165"}],"wp:term":[{"taxonomy":"category","embeddable":true,"href":"https:\/\/regions-snetap-fsu.fr\/na\/wp-json\/wp\/v2\/categories?post=1165"},{"taxonomy":"post_tag","embeddable":true,"href":"https:\/\/regions-snetap-fsu.fr\/na\/wp-json\/wp\/v2\/tags?post=1165"},{"taxonomy":"post_folder","embeddable":true,"href":"https:\/\/regions-snetap-fsu.fr\/na\/wp-json\/wp\/v2\/post_folder?post=1165"}],"curies":[{"name":"wp","href":"https:\/\/api.w.org\/{rel}","templated":true}]}}