{"id":1143,"date":"2019-02-20T09:13:12","date_gmt":"2019-02-20T08:13:12","guid":{"rendered":"https:\/\/regions-snetap-fsu.fr\/na\/?p=1143"},"modified":"2019-02-20T10:02:11","modified_gmt":"2019-02-20T09:02:11","slug":"non-a-la-liquidation-de-la-mission-adc-eac-a-la-draaf-nouvelle-aquitaine","status":"publish","type":"post","link":"https:\/\/regions-snetap-fsu.fr\/na\/2019\/02\/20\/non-a-la-liquidation-de-la-mission-adc-eac-a-la-draaf-nouvelle-aquitaine\/","title":{"rendered":"Non \u00e0 la liquidation de la mission adc-eac \u00e0 la draaf nouvelle-aquitaine"},"content":{"rendered":"<p><img fetchpriority=\"high\" decoding=\"async\" class=\"size-medium wp-image-866 alignright\" src=\"https:\/\/regions-snetap-fsu.fr\/na\/wp-content\/uploads\/sites\/3\/2018\/09\/capturerouge-9ff1c-300x300.jpg\" alt=\"FSU engag\u00e9 au quotidien\" width=\"300\" height=\"300\" srcset=\"https:\/\/regions-snetap-fsu.fr\/na\/wp-content\/uploads\/sites\/3\/2018\/09\/capturerouge-9ff1c-300x300.jpg 300w, https:\/\/regions-snetap-fsu.fr\/na\/wp-content\/uploads\/sites\/3\/2018\/09\/capturerouge-9ff1c-150x150.jpg 150w, https:\/\/regions-snetap-fsu.fr\/na\/wp-content\/uploads\/sites\/3\/2018\/09\/capturerouge-9ff1c-100x100.jpg 100w, https:\/\/regions-snetap-fsu.fr\/na\/wp-content\/uploads\/sites\/3\/2018\/09\/capturerouge-9ff1c-200x200.jpg 200w, https:\/\/regions-snetap-fsu.fr\/na\/wp-content\/uploads\/sites\/3\/2018\/09\/capturerouge-9ff1c-450x449.jpg 450w, https:\/\/regions-snetap-fsu.fr\/na\/wp-content\/uploads\/sites\/3\/2018\/09\/capturerouge-9ff1c-600x599.jpg 600w, https:\/\/regions-snetap-fsu.fr\/na\/wp-content\/uploads\/sites\/3\/2018\/09\/capturerouge-9ff1c.jpg 672w\" sizes=\"(max-width: 300px) 100vw, 300px\" \/>signez la p\u00e9tition ici:\u00a0<a href=\"https:\/\/www.unepetition.fr\/petition-esc-nouvelle-aqutaine\">Non \u00e0 la liquidation de la mission adc-eac \u00e0 la draaf nouvelle-aquitaine<\/a><\/p>\n<h2 style=\"font-weight: 600\">\u00a0 \u00a0\u00a0<b><strong><u>A l&rsquo;attention de Monsieur Philippe VINCON,<\/u><br \/>\n<\/strong><\/b><\/h2>\n<p><b><strong>Directeur G\u00e9n\u00e9ral de l&rsquo;Enseignement et de la Recherche au Minist\u00e8re de l&rsquo;Agriculture et de l&rsquo;Alimentation<u><br \/>\n<\/u><\/strong><\/b><\/p>\n<p><b><strong>Lundi 18 f\u00e9vrier 2019,<br \/>\n<\/strong><\/b><\/p>\n<p><b><strong>Non \u00e0 la liquidation de l\u2019\u00e9ducation artistique et culturelle pour les lyc\u00e9en.n.es, apprenti.es et \u00e9tudiant.es de l\u2019enseignement agricole public en Nouvelle-Aquitaine!<\/strong><\/b><\/p>\n<p><!--more--><\/p>\n<p style=\"font-weight: 400\">Il\u00a0\u00a0y a 4 ans, \u00e0 l\u2019aube de ses 25 ans d\u2019existence,\u00a0<b><strong>le CRARC<\/strong><\/b>\u00a0(Complexe R\u00e9gional d&rsquo;Animation Rurale et Culturelle) a failli dispara\u00eetre avec le d\u00e9part en retraite de son animatrice historique, dont\u00a0l\u2019administration centrale du minist\u00e8re de l\u2019agriculture en charge de l\u2019enseignement agricole (DGER) a cru opportun de se saisir pour liquider le poste de\u00a0<b><strong>Charg\u00e9.e de mission Actions culturelles<\/strong><\/b>\u00a0\u00e0 la DRAAF Aquitaine (Direction R\u00e9gionale de l\u2019Agriculture, de l\u2019Alimentation et de la For\u00eat). Cette mission d\u2019animation et de d\u00e9veloppement culturel du territoire (ADC) et d\u2019\u00e9ducation artistique et culturelle (EAC) des jeunes scolaris\u00e9s dans nos \u00e9tablissements publics de formation qui maillent l\u2019Aquitaine (lyc\u00e9es et CFA agricoles) n\u2019a d\u00fb sa survie qu\u2019\u00e0 l\u2019opini\u00e2tret\u00e9 du r\u00e9seau d\u2019enseignant.e.s d\u2019ESC (Education socio-culturelle) et au soutien de tous ses partenaires institutionnels, artistiques et culturels, des apprenants et de leurs familles, dans leur combat et leur victoire pour que le poste r\u00e9apparaisse.<\/p>\n<p style=\"font-weight: 400\"><b><strong>Voil\u00e0, voil\u00e0 que \u00e7a recommence\u00a0!<\/strong><\/b><\/p>\n<p style=\"font-weight: 400\">Cette ann\u00e9e, la DGER et la DRAAF croient pouvoir rejouer le m\u00eame sc\u00e9nario, \u00e0 l\u2019occasion du d\u00e9part au 1<sup>er<\/sup>\u00a0f\u00e9vrier de la derni\u00e8re charg\u00e9e de mission, en supprimant arbitrairement le poste, malgr\u00e9\u00a0:<\/p>\n<ol style=\"font-weight: 400\">\n<li><b><strong>1. les promesses<\/strong><\/b>\u00a0<b><strong>officielles<\/strong><\/b>\u00a0de le reconduire \u00e0 la rentr\u00e9e 2019 et l\u2019engagement en retour des enseignants coordonnateurs d\u00e9partementaux d\u2019assurer le suivi de la fin d\u2019ann\u00e9e scolaire en appui \u00e0 la DRAAF et au SRFD (Service R\u00e9gional de Formation et de D\u00e9veloppement)\u00a0;<\/li>\n<li><b><strong>2. les engagements contractualis\u00e9s<\/strong><\/b>\u00a0avec l\u2019Education Nationale, la DRAC, le Conseil R\u00e9gional de Nouvelle-Aquitaine, dans la d\u00e9finition d\u2019une politique culturelle r\u00e9gionale concr\u00e9tisant une politique interminist\u00e9rielle de mise en \u0153uvre du 100% EAC pour chaque jeune\u00a0;<\/li>\n<li><b><strong>3. les r\u00e9sultats mesurables<\/strong><\/b>\u00a0de la mission\u00a0:\u00a0en 2018-2019, ce sont\u00a0<b><strong>3100 jeunes, issus des 15 lyc\u00e9es et 6 CFAA,<\/strong><\/b>\u00a0qui ont b\u00e9n\u00e9fici\u00e9 d\u2019un projet artistique d\u2019\u00e9tablissement ou d\u2019un parcours culturel r\u00e9gional, gr\u00e2ce \u00e0\u00a0une\u00a0<b><strong>augmentation de 20% des subventions\u00a0<\/strong><\/b>accord\u00e9es par les partenaires, signe de leur confiance renouvel\u00e9e et de la l\u00e9gitimit\u00e9 du CRARC comme op\u00e9rateur culturel pour la DRAAF\u00a0;<\/li>\n<li><b><strong>4. l\u2019\u00e9mergence de\u00a0<\/strong><\/b><b><strong>projets f\u00e9d\u00e9rateurs et exp\u00e9rimentaux<\/strong><\/b>, des formations innovantes propos\u00e9es aux enseignants d\u2019ESC, des actions r\u00e9gionales de formation des apprenants \u00e0 la citoyennet\u00e9 ou \u00e0 la pratique artistique, des projets action-recherche avec des universitaires, des projets p\u00e9dagogiques inter-r\u00e9seaux r\u00e9gionaux, le lien nourri avec le r\u00e9seau national ADC\u00a0;<\/li>\n<li><b><strong>5. le changement d\u2019\u00e9chelle territoriale<\/strong><\/b>\u00a0avec la fusion Aquitaine\/Poitou-Charentes\/Limousin\u00a0: outre la coordination des 3 r\u00e9seaux ESC et l\u2019animation du r\u00e9seau aquitain,\u00a0\u00a0la charg\u00e9e de mission a accompagn\u00e9 la mise en place de la mission animation en Limousin, palli\u00e9 au changement d\u2019\u00e9quipe en Poitou-Charentes et impuls\u00e9 une dynamique f\u00e9d\u00e9ratrice avec les 2 autres animatrices.<\/li>\n<li><\/li>\n<\/ol>\n<p style=\"font-weight: 400\"><b><strong>1+2+3+4+5= 0\u00a0!<\/strong><\/b><\/p>\n<p style=\"font-weight: 400\">Face \u00e0 tous ces b\u00e9n\u00e9fices, l\u2019administration r\u00e9pond comptabilit\u00e9 sans ambition\u00a0: la Modernisation de l\u2019Action Publique (MAP) impose la suppression de postes de fonctionnaires\u00a0! M\u00eame quand ce poste est unique et n\u00e9cessite des comp\u00e9tences sp\u00e9cifiques non pr\u00e9sentes au sein de la DRAAF\u00a0!<\/p>\n<p style=\"font-weight: 400\">C\u2019est dire le peu de cas qui est fait du travail accompli, le m\u00e9pris des \u00e9quipes investies (ESC, mais aussi professeurs associ\u00e9s d\u2019autres disciplines, g\u00e9n\u00e9rales ou techniques), le non respect des partenaires institutionnels, des artistes et professionnels de la culture, plus grave encore l\u2019abandon de l\u2019acc\u00e8s \u00e0 la culture pour les jeunes des territoires ruraux.\u00a0<b><strong>100 % liquidation\u00a0!<\/strong><\/b><\/p>\n<p style=\"font-weight: 400\"><b><strong>Voil\u00e0 pourquoi, d\u00e9non\u00e7ant avec force la m\u00e9thode comme la d\u00e9cision, les enseignant.e.s d\u2019ESC de Nouvelle-Aquitaine exigent solennellement le renouvellement sans d\u00e9lai du poste \u00e0 temps plein de Charg\u00e9.e de mission Actions culturelles \u00e0 la DRAAF Nouvelle-Aquitaine.<\/strong><\/b><\/p>\n<h1 class=\"media-heading font-weight-500\"><\/h1>\n","protected":false},"excerpt":{"rendered":"<p>signez la p\u00e9tition ici:\u00a0Non \u00e0 la liquidation de la mission adc-eac \u00e0 la draaf nouvelle-aquitaine \u00a0 \u00a0\u00a0A l&rsquo;attention de Monsieur Philippe VINCON, Directeur G\u00e9n\u00e9ral de l&rsquo;Enseignement et de la Recherche au Minist\u00e8re de l&rsquo;Agriculture et de l&rsquo;Alimentation Lundi 18 f\u00e9vrier 2019, Non \u00e0 la liquidation de l\u2019\u00e9ducation artistique et culturelle pour les lyc\u00e9en.n.es, apprenti.es et [&hellip;]<\/p>\n","protected":false},"author":99,"featured_media":0,"comment_status":"closed","ping_status":"closed","sticky":false,"template":"","format":"standard","meta":{"ocean_post_layout":"","ocean_both_sidebars_style":"","ocean_both_sidebars_content_width":0,"ocean_both_sidebars_sidebars_width":0,"ocean_sidebar":"","ocean_second_sidebar":"","ocean_disable_margins":"enable","ocean_add_body_class":"","ocean_shortcode_before_top_bar":"","ocean_shortcode_after_top_bar":"","ocean_shortcode_before_header":"","ocean_shortcode_after_header":"","ocean_has_shortcode":"","ocean_shortcode_after_title":"","ocean_shortcode_before_footer_widgets":"","ocean_shortcode_after_footer_widgets":"","ocean_shortcode_before_footer_bottom":"","ocean_shortcode_after_footer_bottom":"","ocean_display_top_bar":"default","ocean_display_header":"default","ocean_header_style":"","ocean_center_header_left_menu":"","ocean_custom_header_template":"","ocean_custom_logo":0,"ocean_custom_retina_logo":0,"ocean_custom_logo_max_width":0,"ocean_custom_logo_tablet_max_width":0,"ocean_custom_logo_mobile_max_width":0,"ocean_custom_logo_max_height":0,"ocean_custom_logo_tablet_max_height":0,"ocean_custom_logo_mobile_max_height":0,"ocean_header_custom_menu":"","ocean_menu_typo_font_family":"","ocean_menu_typo_font_subset":"","ocean_menu_typo_font_size":0,"ocean_menu_typo_font_size_tablet":0,"ocean_menu_typo_font_size_mobile":0,"ocean_menu_typo_font_size_unit":"px","ocean_menu_typo_font_weight":"","ocean_menu_typo_font_weight_tablet":"","ocean_menu_typo_font_weight_mobile":"","ocean_menu_typo_transform":"","ocean_menu_typo_transform_tablet":"","ocean_menu_typo_transform_mobile":"","ocean_menu_typo_line_height":0,"ocean_menu_typo_line_height_tablet":0,"ocean_menu_typo_line_height_mobile":0,"ocean_menu_typo_line_height_unit":"","ocean_menu_typo_spacing":0,"ocean_menu_typo_spacing_tablet":0,"ocean_menu_typo_spacing_mobile":0,"ocean_menu_typo_spacing_unit":"","ocean_menu_link_color":"","ocean_menu_link_color_hover":"","ocean_menu_link_color_active":"","ocean_menu_link_background":"","ocean_menu_link_hover_background":"","ocean_menu_link_active_background":"","ocean_menu_social_links_bg":"","ocean_menu_social_hover_links_bg":"","ocean_menu_social_links_color":"","ocean_menu_social_hover_links_color":"","ocean_disable_title":"default","ocean_disable_heading":"default","ocean_post_title":"","ocean_post_subheading":"","ocean_post_title_style":"","ocean_post_title_background_color":"","ocean_post_title_background":0,"ocean_post_title_bg_image_position":"","ocean_post_title_bg_image_attachment":"","ocean_post_title_bg_image_repeat":"","ocean_post_title_bg_image_size":"","ocean_post_title_height":0,"ocean_post_title_bg_overlay":0.5,"ocean_post_title_bg_overlay_color":"","ocean_disable_breadcrumbs":"default","ocean_breadcrumbs_color":"","ocean_breadcrumbs_separator_color":"","ocean_breadcrumbs_links_color":"","ocean_breadcrumbs_links_hover_color":"","ocean_display_footer_widgets":"default","ocean_display_footer_bottom":"default","ocean_custom_footer_template":"","ocean_post_oembed":"","ocean_post_self_hosted_media":"","ocean_post_video_embed":"","ocean_link_format":"","ocean_link_format_target":"self","ocean_quote_format":"","ocean_quote_format_link":"post","ocean_gallery_link_images":"on","ocean_gallery_id":[],"footnotes":""},"categories":[1],"tags":[],"post_folder":[],"class_list":["post-1143","post","type-post","status-publish","format-standard","hentry","category-message-de-service","entry"],"yoast_head":"<!-- This site is optimized with the Yoast SEO plugin v27.4 - https:\/\/yoast.com\/product\/yoast-seo-wordpress\/ -->\n<title>Non \u00e0 la liquidation de la mission adc-eac \u00e0 la draaf nouvelle-aquitaine - NOUVELLE AQUITAINE<\/title>\n<meta name=\"robots\" content=\"index, follow, max-snippet:-1, max-image-preview:large, max-video-preview:-1\" \/>\n<link rel=\"canonical\" href=\"https:\/\/regions-snetap-fsu.fr\/na\/2019\/02\/20\/non-a-la-liquidation-de-la-mission-adc-eac-a-la-draaf-nouvelle-aquitaine\/\" \/>\n<meta property=\"og:locale\" content=\"fr_FR\" \/>\n<meta property=\"og:type\" content=\"article\" \/>\n<meta property=\"og:title\" content=\"Non \u00e0 la liquidation de la mission adc-eac \u00e0 la draaf nouvelle-aquitaine - NOUVELLE AQUITAINE\" \/>\n<meta property=\"og:description\" content=\"signez la p\u00e9tition ici:\u00a0Non \u00e0 la liquidation de la mission adc-eac \u00e0 la draaf nouvelle-aquitaine \u00a0 \u00a0\u00a0A l&rsquo;attention de Monsieur Philippe VINCON, Directeur G\u00e9n\u00e9ral de l&rsquo;Enseignement et de la Recherche au Minist\u00e8re de l&rsquo;Agriculture et de l&rsquo;Alimentation Lundi 18 f\u00e9vrier 2019, Non \u00e0 la liquidation de l\u2019\u00e9ducation artistique et culturelle pour les lyc\u00e9en.n.es, apprenti.es et [&hellip;]\" \/>\n<meta property=\"og:url\" content=\"https:\/\/regions-snetap-fsu.fr\/na\/2019\/02\/20\/non-a-la-liquidation-de-la-mission-adc-eac-a-la-draaf-nouvelle-aquitaine\/\" \/>\n<meta property=\"og:site_name\" content=\"NOUVELLE AQUITAINE\" \/>\n<meta property=\"article:published_time\" content=\"2019-02-20T08:13:12+00:00\" \/>\n<meta property=\"article:modified_time\" content=\"2019-02-20T09:02:11+00:00\" \/>\n<meta property=\"og:image\" content=\"https:\/\/regions-snetap-fsu.fr\/na\/wp-content\/uploads\/sites\/3\/2018\/09\/capturerouge-9ff1c-300x300.jpg\" \/>\n<meta name=\"author\" content=\"Tmoos\" \/>\n<meta name=\"twitter:card\" content=\"summary_large_image\" \/>\n<meta name=\"twitter:label1\" content=\"\u00c9crit par\" \/>\n\t<meta name=\"twitter:data1\" content=\"Tmoos\" \/>\n\t<meta name=\"twitter:label2\" content=\"Dur\u00e9e de lecture estim\u00e9e\" \/>\n\t<meta name=\"twitter:data2\" content=\"4 minutes\" \/>\n<script type=\"application\/ld+json\" class=\"yoast-schema-graph\">{\"@context\":\"https:\\\/\\\/schema.org\",\"@graph\":[{\"@type\":\"Article\",\"@id\":\"https:\\\/\\\/regions-snetap-fsu.fr\\\/na\\\/2019\\\/02\\\/20\\\/non-a-la-liquidation-de-la-mission-adc-eac-a-la-draaf-nouvelle-aquitaine\\\/#article\",\"isPartOf\":{\"@id\":\"https:\\\/\\\/regions-snetap-fsu.fr\\\/na\\\/2019\\\/02\\\/20\\\/non-a-la-liquidation-de-la-mission-adc-eac-a-la-draaf-nouvelle-aquitaine\\\/\"},\"author\":{\"name\":\"Tmoos\",\"@id\":\"https:\\\/\\\/regions-snetap-fsu.fr\\\/na\\\/#\\\/schema\\\/person\\\/200c3209e01aa8c2a287fda4d096cd22\"},\"headline\":\"Non \u00e0 la liquidation de la mission adc-eac \u00e0 la draaf nouvelle-aquitaine\",\"datePublished\":\"2019-02-20T08:13:12+00:00\",\"dateModified\":\"2019-02-20T09:02:11+00:00\",\"mainEntityOfPage\":{\"@id\":\"https:\\\/\\\/regions-snetap-fsu.fr\\\/na\\\/2019\\\/02\\\/20\\\/non-a-la-liquidation-de-la-mission-adc-eac-a-la-draaf-nouvelle-aquitaine\\\/\"},\"wordCount\":728,\"publisher\":{\"@id\":\"https:\\\/\\\/regions-snetap-fsu.fr\\\/na\\\/#organization\"},\"image\":{\"@id\":\"https:\\\/\\\/regions-snetap-fsu.fr\\\/na\\\/2019\\\/02\\\/20\\\/non-a-la-liquidation-de-la-mission-adc-eac-a-la-draaf-nouvelle-aquitaine\\\/#primaryimage\"},\"thumbnailUrl\":\"https:\\\/\\\/regions-snetap-fsu.fr\\\/na\\\/wp-content\\\/uploads\\\/sites\\\/3\\\/2018\\\/09\\\/capturerouge-9ff1c-300x300.jpg\",\"articleSection\":[\"Message de service\"],\"inLanguage\":\"fr-FR\"},{\"@type\":\"WebPage\",\"@id\":\"https:\\\/\\\/regions-snetap-fsu.fr\\\/na\\\/2019\\\/02\\\/20\\\/non-a-la-liquidation-de-la-mission-adc-eac-a-la-draaf-nouvelle-aquitaine\\\/\",\"url\":\"https:\\\/\\\/regions-snetap-fsu.fr\\\/na\\\/2019\\\/02\\\/20\\\/non-a-la-liquidation-de-la-mission-adc-eac-a-la-draaf-nouvelle-aquitaine\\\/\",\"name\":\"Non \u00e0 la liquidation de la mission adc-eac \u00e0 la draaf nouvelle-aquitaine - NOUVELLE AQUITAINE\",\"isPartOf\":{\"@id\":\"https:\\\/\\\/regions-snetap-fsu.fr\\\/na\\\/#website\"},\"primaryImageOfPage\":{\"@id\":\"https:\\\/\\\/regions-snetap-fsu.fr\\\/na\\\/2019\\\/02\\\/20\\\/non-a-la-liquidation-de-la-mission-adc-eac-a-la-draaf-nouvelle-aquitaine\\\/#primaryimage\"},\"image\":{\"@id\":\"https:\\\/\\\/regions-snetap-fsu.fr\\\/na\\\/2019\\\/02\\\/20\\\/non-a-la-liquidation-de-la-mission-adc-eac-a-la-draaf-nouvelle-aquitaine\\\/#primaryimage\"},\"thumbnailUrl\":\"https:\\\/\\\/regions-snetap-fsu.fr\\\/na\\\/wp-content\\\/uploads\\\/sites\\\/3\\\/2018\\\/09\\\/capturerouge-9ff1c-300x300.jpg\",\"datePublished\":\"2019-02-20T08:13:12+00:00\",\"dateModified\":\"2019-02-20T09:02:11+00:00\",\"breadcrumb\":{\"@id\":\"https:\\\/\\\/regions-snetap-fsu.fr\\\/na\\\/2019\\\/02\\\/20\\\/non-a-la-liquidation-de-la-mission-adc-eac-a-la-draaf-nouvelle-aquitaine\\\/#breadcrumb\"},\"inLanguage\":\"fr-FR\",\"potentialAction\":[{\"@type\":\"ReadAction\",\"target\":[\"https:\\\/\\\/regions-snetap-fsu.fr\\\/na\\\/2019\\\/02\\\/20\\\/non-a-la-liquidation-de-la-mission-adc-eac-a-la-draaf-nouvelle-aquitaine\\\/\"]}]},{\"@type\":\"ImageObject\",\"inLanguage\":\"fr-FR\",\"@id\":\"https:\\\/\\\/regions-snetap-fsu.fr\\\/na\\\/2019\\\/02\\\/20\\\/non-a-la-liquidation-de-la-mission-adc-eac-a-la-draaf-nouvelle-aquitaine\\\/#primaryimage\",\"url\":\"https:\\\/\\\/regions-snetap-fsu.fr\\\/na\\\/wp-content\\\/uploads\\\/sites\\\/3\\\/2018\\\/09\\\/capturerouge-9ff1c.jpg\",\"contentUrl\":\"https:\\\/\\\/regions-snetap-fsu.fr\\\/na\\\/wp-content\\\/uploads\\\/sites\\\/3\\\/2018\\\/09\\\/capturerouge-9ff1c.jpg\",\"width\":672,\"height\":671,\"caption\":\"FSU engag\u00e9 au quotidien\"},{\"@type\":\"BreadcrumbList\",\"@id\":\"https:\\\/\\\/regions-snetap-fsu.fr\\\/na\\\/2019\\\/02\\\/20\\\/non-a-la-liquidation-de-la-mission-adc-eac-a-la-draaf-nouvelle-aquitaine\\\/#breadcrumb\",\"itemListElement\":[{\"@type\":\"ListItem\",\"position\":1,\"name\":\"Accueil\",\"item\":\"https:\\\/\\\/regions-snetap-fsu.fr\\\/na\\\/\"},{\"@type\":\"ListItem\",\"position\":2,\"name\":\"Non \u00e0 la liquidation de la mission adc-eac \u00e0 la draaf nouvelle-aquitaine\"}]},{\"@type\":\"WebSite\",\"@id\":\"https:\\\/\\\/regions-snetap-fsu.fr\\\/na\\\/#website\",\"url\":\"https:\\\/\\\/regions-snetap-fsu.fr\\\/na\\\/\",\"name\":\"SNETAP-FSU NOUVELLE AQUITAINE\",\"description\":\"Blog de la Section R\u00e9gionale\",\"publisher\":{\"@id\":\"https:\\\/\\\/regions-snetap-fsu.fr\\\/na\\\/#organization\"},\"potentialAction\":[{\"@type\":\"SearchAction\",\"target\":{\"@type\":\"EntryPoint\",\"urlTemplate\":\"https:\\\/\\\/regions-snetap-fsu.fr\\\/na\\\/?s={search_term_string}\"},\"query-input\":{\"@type\":\"PropertyValueSpecification\",\"valueRequired\":true,\"valueName\":\"search_term_string\"}}],\"inLanguage\":\"fr-FR\"},{\"@type\":\"Organization\",\"@id\":\"https:\\\/\\\/regions-snetap-fsu.fr\\\/na\\\/#organization\",\"name\":\"SNETAP-FSU - Nouvelle Aquitaine\",\"url\":\"https:\\\/\\\/regions-snetap-fsu.fr\\\/na\\\/\",\"logo\":{\"@type\":\"ImageObject\",\"inLanguage\":\"fr-FR\",\"@id\":\"https:\\\/\\\/regions-snetap-fsu.fr\\\/na\\\/#\\\/schema\\\/logo\\\/image\\\/\",\"url\":\"https:\\\/\\\/regions-snetap-fsu.fr\\\/na\\\/wp-content\\\/uploads\\\/sites\\\/3\\\/2020\\\/12\\\/SNETAP-Logo.jpg\",\"contentUrl\":\"https:\\\/\\\/regions-snetap-fsu.fr\\\/na\\\/wp-content\\\/uploads\\\/sites\\\/3\\\/2020\\\/12\\\/SNETAP-Logo.jpg\",\"width\":464,\"height\":334,\"caption\":\"SNETAP-FSU - Nouvelle Aquitaine\"},\"image\":{\"@id\":\"https:\\\/\\\/regions-snetap-fsu.fr\\\/na\\\/#\\\/schema\\\/logo\\\/image\\\/\"}},{\"@type\":\"Person\",\"@id\":\"https:\\\/\\\/regions-snetap-fsu.fr\\\/na\\\/#\\\/schema\\\/person\\\/200c3209e01aa8c2a287fda4d096cd22\",\"name\":\"Tmoos\",\"image\":{\"@type\":\"ImageObject\",\"inLanguage\":\"fr-FR\",\"@id\":\"https:\\\/\\\/secure.gravatar.com\\\/avatar\\\/ee9416e21ddddd1cb4bc3f8a9a89584e0671c3184caebebe8e4de3129769a613?s=96&d=mm&r=g\",\"url\":\"https:\\\/\\\/secure.gravatar.com\\\/avatar\\\/ee9416e21ddddd1cb4bc3f8a9a89584e0671c3184caebebe8e4de3129769a613?s=96&d=mm&r=g\",\"contentUrl\":\"https:\\\/\\\/secure.gravatar.com\\\/avatar\\\/ee9416e21ddddd1cb4bc3f8a9a89584e0671c3184caebebe8e4de3129769a613?s=96&d=mm&r=g\",\"caption\":\"Tmoos\"},\"url\":\"https:\\\/\\\/regions-snetap-fsu.fr\\\/na\\\/author\\\/fthomas\\\/\"}]}<\/script>\n<!-- \/ Yoast SEO plugin. -->","yoast_head_json":{"title":"Non \u00e0 la liquidation de la mission adc-eac \u00e0 la draaf nouvelle-aquitaine - NOUVELLE AQUITAINE","robots":{"index":"index","follow":"follow","max-snippet":"max-snippet:-1","max-image-preview":"max-image-preview:large","max-video-preview":"max-video-preview:-1"},"canonical":"https:\/\/regions-snetap-fsu.fr\/na\/2019\/02\/20\/non-a-la-liquidation-de-la-mission-adc-eac-a-la-draaf-nouvelle-aquitaine\/","og_locale":"fr_FR","og_type":"article","og_title":"Non \u00e0 la liquidation de la mission adc-eac \u00e0 la draaf nouvelle-aquitaine - NOUVELLE AQUITAINE","og_description":"signez la p\u00e9tition ici:\u00a0Non \u00e0 la liquidation de la mission adc-eac \u00e0 la draaf nouvelle-aquitaine \u00a0 \u00a0\u00a0A l&rsquo;attention de Monsieur Philippe VINCON, Directeur G\u00e9n\u00e9ral de l&rsquo;Enseignement et de la Recherche au Minist\u00e8re de l&rsquo;Agriculture et de l&rsquo;Alimentation Lundi 18 f\u00e9vrier 2019, Non \u00e0 la liquidation de l\u2019\u00e9ducation artistique et culturelle pour les lyc\u00e9en.n.es, apprenti.es et [&hellip;]","og_url":"https:\/\/regions-snetap-fsu.fr\/na\/2019\/02\/20\/non-a-la-liquidation-de-la-mission-adc-eac-a-la-draaf-nouvelle-aquitaine\/","og_site_name":"NOUVELLE AQUITAINE","article_published_time":"2019-02-20T08:13:12+00:00","article_modified_time":"2019-02-20T09:02:11+00:00","og_image":[{"url":"https:\/\/regions-snetap-fsu.fr\/na\/wp-content\/uploads\/sites\/3\/2018\/09\/capturerouge-9ff1c-300x300.jpg","type":"","width":"","height":""}],"author":"Tmoos","twitter_card":"summary_large_image","twitter_misc":{"\u00c9crit par":"Tmoos","Dur\u00e9e de lecture estim\u00e9e":"4 minutes"},"schema":{"@context":"https:\/\/schema.org","@graph":[{"@type":"Article","@id":"https:\/\/regions-snetap-fsu.fr\/na\/2019\/02\/20\/non-a-la-liquidation-de-la-mission-adc-eac-a-la-draaf-nouvelle-aquitaine\/#article","isPartOf":{"@id":"https:\/\/regions-snetap-fsu.fr\/na\/2019\/02\/20\/non-a-la-liquidation-de-la-mission-adc-eac-a-la-draaf-nouvelle-aquitaine\/"},"author":{"name":"Tmoos","@id":"https:\/\/regions-snetap-fsu.fr\/na\/#\/schema\/person\/200c3209e01aa8c2a287fda4d096cd22"},"headline":"Non \u00e0 la liquidation de la mission adc-eac \u00e0 la draaf nouvelle-aquitaine","datePublished":"2019-02-20T08:13:12+00:00","dateModified":"2019-02-20T09:02:11+00:00","mainEntityOfPage":{"@id":"https:\/\/regions-snetap-fsu.fr\/na\/2019\/02\/20\/non-a-la-liquidation-de-la-mission-adc-eac-a-la-draaf-nouvelle-aquitaine\/"},"wordCount":728,"publisher":{"@id":"https:\/\/regions-snetap-fsu.fr\/na\/#organization"},"image":{"@id":"https:\/\/regions-snetap-fsu.fr\/na\/2019\/02\/20\/non-a-la-liquidation-de-la-mission-adc-eac-a-la-draaf-nouvelle-aquitaine\/#primaryimage"},"thumbnailUrl":"https:\/\/regions-snetap-fsu.fr\/na\/wp-content\/uploads\/sites\/3\/2018\/09\/capturerouge-9ff1c-300x300.jpg","articleSection":["Message de service"],"inLanguage":"fr-FR"},{"@type":"WebPage","@id":"https:\/\/regions-snetap-fsu.fr\/na\/2019\/02\/20\/non-a-la-liquidation-de-la-mission-adc-eac-a-la-draaf-nouvelle-aquitaine\/","url":"https:\/\/regions-snetap-fsu.fr\/na\/2019\/02\/20\/non-a-la-liquidation-de-la-mission-adc-eac-a-la-draaf-nouvelle-aquitaine\/","name":"Non \u00e0 la liquidation de la mission adc-eac \u00e0 la draaf nouvelle-aquitaine - NOUVELLE AQUITAINE","isPartOf":{"@id":"https:\/\/regions-snetap-fsu.fr\/na\/#website"},"primaryImageOfPage":{"@id":"https:\/\/regions-snetap-fsu.fr\/na\/2019\/02\/20\/non-a-la-liquidation-de-la-mission-adc-eac-a-la-draaf-nouvelle-aquitaine\/#primaryimage"},"image":{"@id":"https:\/\/regions-snetap-fsu.fr\/na\/2019\/02\/20\/non-a-la-liquidation-de-la-mission-adc-eac-a-la-draaf-nouvelle-aquitaine\/#primaryimage"},"thumbnailUrl":"https:\/\/regions-snetap-fsu.fr\/na\/wp-content\/uploads\/sites\/3\/2018\/09\/capturerouge-9ff1c-300x300.jpg","datePublished":"2019-02-20T08:13:12+00:00","dateModified":"2019-02-20T09:02:11+00:00","breadcrumb":{"@id":"https:\/\/regions-snetap-fsu.fr\/na\/2019\/02\/20\/non-a-la-liquidation-de-la-mission-adc-eac-a-la-draaf-nouvelle-aquitaine\/#breadcrumb"},"inLanguage":"fr-FR","potentialAction":[{"@type":"ReadAction","target":["https:\/\/regions-snetap-fsu.fr\/na\/2019\/02\/20\/non-a-la-liquidation-de-la-mission-adc-eac-a-la-draaf-nouvelle-aquitaine\/"]}]},{"@type":"ImageObject","inLanguage":"fr-FR","@id":"https:\/\/regions-snetap-fsu.fr\/na\/2019\/02\/20\/non-a-la-liquidation-de-la-mission-adc-eac-a-la-draaf-nouvelle-aquitaine\/#primaryimage","url":"https:\/\/regions-snetap-fsu.fr\/na\/wp-content\/uploads\/sites\/3\/2018\/09\/capturerouge-9ff1c.jpg","contentUrl":"https:\/\/regions-snetap-fsu.fr\/na\/wp-content\/uploads\/sites\/3\/2018\/09\/capturerouge-9ff1c.jpg","width":672,"height":671,"caption":"FSU engag\u00e9 au quotidien"},{"@type":"BreadcrumbList","@id":"https:\/\/regions-snetap-fsu.fr\/na\/2019\/02\/20\/non-a-la-liquidation-de-la-mission-adc-eac-a-la-draaf-nouvelle-aquitaine\/#breadcrumb","itemListElement":[{"@type":"ListItem","position":1,"name":"Accueil","item":"https:\/\/regions-snetap-fsu.fr\/na\/"},{"@type":"ListItem","position":2,"name":"Non \u00e0 la liquidation de la mission adc-eac \u00e0 la draaf nouvelle-aquitaine"}]},{"@type":"WebSite","@id":"https:\/\/regions-snetap-fsu.fr\/na\/#website","url":"https:\/\/regions-snetap-fsu.fr\/na\/","name":"SNETAP-FSU NOUVELLE AQUITAINE","description":"Blog de la Section R\u00e9gionale","publisher":{"@id":"https:\/\/regions-snetap-fsu.fr\/na\/#organization"},"potentialAction":[{"@type":"SearchAction","target":{"@type":"EntryPoint","urlTemplate":"https:\/\/regions-snetap-fsu.fr\/na\/?s={search_term_string}"},"query-input":{"@type":"PropertyValueSpecification","valueRequired":true,"valueName":"search_term_string"}}],"inLanguage":"fr-FR"},{"@type":"Organization","@id":"https:\/\/regions-snetap-fsu.fr\/na\/#organization","name":"SNETAP-FSU - Nouvelle Aquitaine","url":"https:\/\/regions-snetap-fsu.fr\/na\/","logo":{"@type":"ImageObject","inLanguage":"fr-FR","@id":"https:\/\/regions-snetap-fsu.fr\/na\/#\/schema\/logo\/image\/","url":"https:\/\/regions-snetap-fsu.fr\/na\/wp-content\/uploads\/sites\/3\/2020\/12\/SNETAP-Logo.jpg","contentUrl":"https:\/\/regions-snetap-fsu.fr\/na\/wp-content\/uploads\/sites\/3\/2020\/12\/SNETAP-Logo.jpg","width":464,"height":334,"caption":"SNETAP-FSU - Nouvelle Aquitaine"},"image":{"@id":"https:\/\/regions-snetap-fsu.fr\/na\/#\/schema\/logo\/image\/"}},{"@type":"Person","@id":"https:\/\/regions-snetap-fsu.fr\/na\/#\/schema\/person\/200c3209e01aa8c2a287fda4d096cd22","name":"Tmoos","image":{"@type":"ImageObject","inLanguage":"fr-FR","@id":"https:\/\/secure.gravatar.com\/avatar\/ee9416e21ddddd1cb4bc3f8a9a89584e0671c3184caebebe8e4de3129769a613?s=96&d=mm&r=g","url":"https:\/\/secure.gravatar.com\/avatar\/ee9416e21ddddd1cb4bc3f8a9a89584e0671c3184caebebe8e4de3129769a613?s=96&d=mm&r=g","contentUrl":"https:\/\/secure.gravatar.com\/avatar\/ee9416e21ddddd1cb4bc3f8a9a89584e0671c3184caebebe8e4de3129769a613?s=96&d=mm&r=g","caption":"Tmoos"},"url":"https:\/\/regions-snetap-fsu.fr\/na\/author\/fthomas\/"}]}},"_links":{"self":[{"href":"https:\/\/regions-snetap-fsu.fr\/na\/wp-json\/wp\/v2\/posts\/1143","targetHints":{"allow":["GET"]}}],"collection":[{"href":"https:\/\/regions-snetap-fsu.fr\/na\/wp-json\/wp\/v2\/posts"}],"about":[{"href":"https:\/\/regions-snetap-fsu.fr\/na\/wp-json\/wp\/v2\/types\/post"}],"author":[{"embeddable":true,"href":"https:\/\/regions-snetap-fsu.fr\/na\/wp-json\/wp\/v2\/users\/99"}],"replies":[{"embeddable":true,"href":"https:\/\/regions-snetap-fsu.fr\/na\/wp-json\/wp\/v2\/comments?post=1143"}],"version-history":[{"count":5,"href":"https:\/\/regions-snetap-fsu.fr\/na\/wp-json\/wp\/v2\/posts\/1143\/revisions"}],"predecessor-version":[{"id":1150,"href":"https:\/\/regions-snetap-fsu.fr\/na\/wp-json\/wp\/v2\/posts\/1143\/revisions\/1150"}],"wp:attachment":[{"href":"https:\/\/regions-snetap-fsu.fr\/na\/wp-json\/wp\/v2\/media?parent=1143"}],"wp:term":[{"taxonomy":"category","embeddable":true,"href":"https:\/\/regions-snetap-fsu.fr\/na\/wp-json\/wp\/v2\/categories?post=1143"},{"taxonomy":"post_tag","embeddable":true,"href":"https:\/\/regions-snetap-fsu.fr\/na\/wp-json\/wp\/v2\/tags?post=1143"},{"taxonomy":"post_folder","embeddable":true,"href":"https:\/\/regions-snetap-fsu.fr\/na\/wp-json\/wp\/v2\/post_folder?post=1143"}],"curies":[{"name":"wp","href":"https:\/\/api.w.org\/{rel}","templated":true}]}}