{"id":1138,"date":"2019-02-19T11:37:16","date_gmt":"2019-02-19T10:37:16","guid":{"rendered":"https:\/\/regions-snetap-fsu.fr\/na\/?p=1138"},"modified":"2019-02-19T11:37:16","modified_gmt":"2019-02-19T10:37:16","slug":"les-representants-du-snetap-fsu-refusent-de-sieger-a-la-ccp","status":"publish","type":"post","link":"https:\/\/regions-snetap-fsu.fr\/na\/2019\/02\/19\/les-representants-du-snetap-fsu-refusent-de-sieger-a-la-ccp\/","title":{"rendered":"Les repr\u00e9sentants du  SNETAP-FSU refusent de si\u00e9ger \u00e0 la CCP"},"content":{"rendered":"<p><img fetchpriority=\"high\" decoding=\"async\" class=\"size-medium wp-image-1139 alignleft\" src=\"https:\/\/regions-snetap-fsu.fr\/na\/wp-content\/uploads\/sites\/3\/2019\/02\/Fotolia_108049424_S-1-300x300.jpg\" alt=\"\" width=\"300\" height=\"300\" srcset=\"https:\/\/regions-snetap-fsu.fr\/na\/wp-content\/uploads\/sites\/3\/2019\/02\/Fotolia_108049424_S-1-300x300.jpg 300w, https:\/\/regions-snetap-fsu.fr\/na\/wp-content\/uploads\/sites\/3\/2019\/02\/Fotolia_108049424_S-1-150x150.jpg 150w, https:\/\/regions-snetap-fsu.fr\/na\/wp-content\/uploads\/sites\/3\/2019\/02\/Fotolia_108049424_S-1-100x100.jpg 100w, https:\/\/regions-snetap-fsu.fr\/na\/wp-content\/uploads\/sites\/3\/2019\/02\/Fotolia_108049424_S-1-200x200.jpg 200w, https:\/\/regions-snetap-fsu.fr\/na\/wp-content\/uploads\/sites\/3\/2019\/02\/Fotolia_108049424_S-1-450x450.jpg 450w, https:\/\/regions-snetap-fsu.fr\/na\/wp-content\/uploads\/sites\/3\/2019\/02\/Fotolia_108049424_S-1-600x600.jpg 600w, https:\/\/regions-snetap-fsu.fr\/na\/wp-content\/uploads\/sites\/3\/2019\/02\/Fotolia_108049424_S-1.jpg 693w\" sizes=\"(max-width: 300px) 100vw, 300px\" \/><\/p>\n<p>Nous \u00e9tions convoqu\u00e9s le 13 f\u00e9vrier 2019 pour une CCPR, la premi\u00e8re depuis les \u00e9lections. Nouvelle \u00e9quipe SNETAP constitu\u00e9e d\u2019habitu\u00e9.es et de novices.<\/p>\n<p>Nous nous sommes r\u00e9unis sur un ordre du jour avec 12 points \u00e0 traiter plus les questions diverses. \u00a0\u00a0Mais parmi les points \u00e0 aborder, la CCP devait travailler sur le r\u00e8glement\u00a0 int\u00e9rieur pour son installation et 7 licenciements (dans le m\u00eame \u00e9tablissement). Et tout cela, sans document.<!--more--><\/p>\n<p>Apr\u00e8s une\u00a0 pr\u00e9paration de deux heures, o\u00f9 nous avons travaill\u00e9 essentiellement sur le r\u00e8glement int\u00e9rieur et o\u00f9 les dossiers des agents ont \u00e9t\u00e9 survol\u00e9s faute de temps, nous avons d\u00e9cid\u00e9 qu\u2019il n\u2019\u00e9tait pas raisonnable de si\u00e9ger par respect pour les agents\u00a0 qui faisaient l\u2019objet d\u2019un licenciement.<\/p>\n<p>Il a donc \u00e9t\u00e9 d\u00e9cid\u00e9 de rencontrer avant la CCP le SRFD, pr\u00e9sident de la CCP en apart\u00e9 pour lui signifier que nous voulions \u00e9changer avec lui et \u00e9ventuellement scinder l\u2019ordre du jour en deux. Ce dernier n\u2019a pas accept\u00e9 notre proposition et a\u00a0\u00ab\u00a0mal pris\u00a0\u00bb notre demande en nous r\u00e9torquant qu\u2019il faudrait peut-\u00eatre \u00a0penser aux agents\u00a0\u00bb.<\/p>\n<p>Nous ne sommes pas rentr\u00e9.es\u00a0 dans la salle, sauf l\u2019une d\u2019entre nous pour signifier \u00e0 la commission que nous ne si\u00e8gerions pas compte tenu des conditions\u00a0: ordre du jour trop imposant, aucun document\u00a0 en amont, tous remis sur table le jour m\u00eame.<\/p>\n<p>Les repr\u00e9sentants SNETAP FSU, qui\u00a0 dans la commission sont au nombre de 7 sur 9, en se retirant, n\u2019ont pas permis le quorum. Le SNETAP FSU qui n\u2019est pas partisan de la politique de la chaise vide, si\u00e8ge toujours dans un souci de dialogue, construction, respect des agents et des textes. Mais les dysfonctionnements graves et r\u00e9p\u00e9t\u00e9s de la DRAAF Nouvelle Aquitaine dans la tenue de la CCP ne permettent plus aux agents de remplir correctement leur mandat d\u2019\u00e9lu.es pour la d\u00e9fense des agents.<\/p>\n<p>La prochaine CCP devrait avoir lieu le 7 mars prochain<\/p>\n","protected":false},"excerpt":{"rendered":"<p>Nous \u00e9tions convoqu\u00e9s le 13 f\u00e9vrier 2019 pour une CCPR, la premi\u00e8re depuis les \u00e9lections. Nouvelle \u00e9quipe SNETAP constitu\u00e9e d\u2019habitu\u00e9.es et de novices. Nous nous sommes r\u00e9unis sur un ordre du jour avec 12 points \u00e0 traiter plus les questions diverses. \u00a0\u00a0Mais parmi les points \u00e0 aborder, la CCP devait travailler sur le r\u00e8glement\u00a0 int\u00e9rieur [&hellip;]<\/p>\n","protected":false},"author":99,"featured_media":0,"comment_status":"closed","ping_status":"closed","sticky":false,"template":"","format":"standard","meta":{"ocean_post_layout":"","ocean_both_sidebars_style":"","ocean_both_sidebars_content_width":0,"ocean_both_sidebars_sidebars_width":0,"ocean_sidebar":"","ocean_second_sidebar":"","ocean_disable_margins":"enable","ocean_add_body_class":"","ocean_shortcode_before_top_bar":"","ocean_shortcode_after_top_bar":"","ocean_shortcode_before_header":"","ocean_shortcode_after_header":"","ocean_has_shortcode":"","ocean_shortcode_after_title":"","ocean_shortcode_before_footer_widgets":"","ocean_shortcode_after_footer_widgets":"","ocean_shortcode_before_footer_bottom":"","ocean_shortcode_after_footer_bottom":"","ocean_display_top_bar":"default","ocean_display_header":"default","ocean_header_style":"","ocean_center_header_left_menu":"","ocean_custom_header_template":"","ocean_custom_logo":0,"ocean_custom_retina_logo":0,"ocean_custom_logo_max_width":0,"ocean_custom_logo_tablet_max_width":0,"ocean_custom_logo_mobile_max_width":0,"ocean_custom_logo_max_height":0,"ocean_custom_logo_tablet_max_height":0,"ocean_custom_logo_mobile_max_height":0,"ocean_header_custom_menu":"","ocean_menu_typo_font_family":"","ocean_menu_typo_font_subset":"","ocean_menu_typo_font_size":0,"ocean_menu_typo_font_size_tablet":0,"ocean_menu_typo_font_size_mobile":0,"ocean_menu_typo_font_size_unit":"px","ocean_menu_typo_font_weight":"","ocean_menu_typo_font_weight_tablet":"","ocean_menu_typo_font_weight_mobile":"","ocean_menu_typo_transform":"","ocean_menu_typo_transform_tablet":"","ocean_menu_typo_transform_mobile":"","ocean_menu_typo_line_height":0,"ocean_menu_typo_line_height_tablet":0,"ocean_menu_typo_line_height_mobile":0,"ocean_menu_typo_line_height_unit":"","ocean_menu_typo_spacing":0,"ocean_menu_typo_spacing_tablet":0,"ocean_menu_typo_spacing_mobile":0,"ocean_menu_typo_spacing_unit":"","ocean_menu_link_color":"","ocean_menu_link_color_hover":"","ocean_menu_link_color_active":"","ocean_menu_link_background":"","ocean_menu_link_hover_background":"","ocean_menu_link_active_background":"","ocean_menu_social_links_bg":"","ocean_menu_social_hover_links_bg":"","ocean_menu_social_links_color":"","ocean_menu_social_hover_links_color":"","ocean_disable_title":"default","ocean_disable_heading":"default","ocean_post_title":"","ocean_post_subheading":"","ocean_post_title_style":"","ocean_post_title_background_color":"","ocean_post_title_background":0,"ocean_post_title_bg_image_position":"","ocean_post_title_bg_image_attachment":"","ocean_post_title_bg_image_repeat":"","ocean_post_title_bg_image_size":"","ocean_post_title_height":0,"ocean_post_title_bg_overlay":0.5,"ocean_post_title_bg_overlay_color":"","ocean_disable_breadcrumbs":"default","ocean_breadcrumbs_color":"","ocean_breadcrumbs_separator_color":"","ocean_breadcrumbs_links_color":"","ocean_breadcrumbs_links_hover_color":"","ocean_display_footer_widgets":"default","ocean_display_footer_bottom":"default","ocean_custom_footer_template":"","ocean_post_oembed":"","ocean_post_self_hosted_media":"","ocean_post_video_embed":"","ocean_link_format":"","ocean_link_format_target":"self","ocean_quote_format":"","ocean_quote_format_link":"post","ocean_gallery_link_images":"on","ocean_gallery_id":[],"footnotes":""},"categories":[2,4,13,8],"tags":[],"post_folder":[],"class_list":["post-1138","post","type-post","status-publish","format-standard","hentry","category-actus","category-compte-rendu","category-instances","category-na","entry"],"yoast_head":"<!-- This site is optimized with the Yoast SEO plugin v27.4 - https:\/\/yoast.com\/product\/yoast-seo-wordpress\/ -->\n<title>Les repr\u00e9sentants du SNETAP-FSU refusent de si\u00e9ger \u00e0 la CCP - NOUVELLE AQUITAINE<\/title>\n<meta name=\"robots\" content=\"index, follow, max-snippet:-1, max-image-preview:large, max-video-preview:-1\" \/>\n<link rel=\"canonical\" href=\"https:\/\/regions-snetap-fsu.fr\/na\/2019\/02\/19\/les-representants-du-snetap-fsu-refusent-de-sieger-a-la-ccp\/\" \/>\n<meta property=\"og:locale\" content=\"fr_FR\" \/>\n<meta property=\"og:type\" content=\"article\" \/>\n<meta property=\"og:title\" content=\"Les repr\u00e9sentants du SNETAP-FSU refusent de si\u00e9ger \u00e0 la CCP - NOUVELLE AQUITAINE\" \/>\n<meta property=\"og:description\" content=\"Nous \u00e9tions convoqu\u00e9s le 13 f\u00e9vrier 2019 pour une CCPR, la premi\u00e8re depuis les \u00e9lections. Nouvelle \u00e9quipe SNETAP constitu\u00e9e d\u2019habitu\u00e9.es et de novices. Nous nous sommes r\u00e9unis sur un ordre du jour avec 12 points \u00e0 traiter plus les questions diverses. \u00a0\u00a0Mais parmi les points \u00e0 aborder, la CCP devait travailler sur le r\u00e8glement\u00a0 int\u00e9rieur [&hellip;]\" \/>\n<meta property=\"og:url\" content=\"https:\/\/regions-snetap-fsu.fr\/na\/2019\/02\/19\/les-representants-du-snetap-fsu-refusent-de-sieger-a-la-ccp\/\" \/>\n<meta property=\"og:site_name\" content=\"NOUVELLE AQUITAINE\" \/>\n<meta property=\"article:published_time\" content=\"2019-02-19T10:37:16+00:00\" \/>\n<meta property=\"og:image\" content=\"https:\/\/regions-snetap-fsu.fr\/na\/wp-content\/uploads\/sites\/3\/2019\/02\/Fotolia_108049424_S-1-300x300.jpg\" \/>\n<meta name=\"author\" content=\"Tmoos\" \/>\n<meta name=\"twitter:card\" content=\"summary_large_image\" \/>\n<meta name=\"twitter:label1\" content=\"\u00c9crit par\" \/>\n\t<meta name=\"twitter:data1\" content=\"Tmoos\" \/>\n\t<meta name=\"twitter:label2\" content=\"Dur\u00e9e de lecture estim\u00e9e\" \/>\n\t<meta name=\"twitter:data2\" content=\"2 minutes\" \/>\n<script type=\"application\/ld+json\" class=\"yoast-schema-graph\">{\"@context\":\"https:\\\/\\\/schema.org\",\"@graph\":[{\"@type\":\"Article\",\"@id\":\"https:\\\/\\\/regions-snetap-fsu.fr\\\/na\\\/2019\\\/02\\\/19\\\/les-representants-du-snetap-fsu-refusent-de-sieger-a-la-ccp\\\/#article\",\"isPartOf\":{\"@id\":\"https:\\\/\\\/regions-snetap-fsu.fr\\\/na\\\/2019\\\/02\\\/19\\\/les-representants-du-snetap-fsu-refusent-de-sieger-a-la-ccp\\\/\"},\"author\":{\"name\":\"Tmoos\",\"@id\":\"https:\\\/\\\/regions-snetap-fsu.fr\\\/na\\\/#\\\/schema\\\/person\\\/200c3209e01aa8c2a287fda4d096cd22\"},\"headline\":\"Les repr\u00e9sentants du SNETAP-FSU refusent de si\u00e9ger \u00e0 la CCP\",\"datePublished\":\"2019-02-19T10:37:16+00:00\",\"mainEntityOfPage\":{\"@id\":\"https:\\\/\\\/regions-snetap-fsu.fr\\\/na\\\/2019\\\/02\\\/19\\\/les-representants-du-snetap-fsu-refusent-de-sieger-a-la-ccp\\\/\"},\"wordCount\":353,\"publisher\":{\"@id\":\"https:\\\/\\\/regions-snetap-fsu.fr\\\/na\\\/#organization\"},\"image\":{\"@id\":\"https:\\\/\\\/regions-snetap-fsu.fr\\\/na\\\/2019\\\/02\\\/19\\\/les-representants-du-snetap-fsu-refusent-de-sieger-a-la-ccp\\\/#primaryimage\"},\"thumbnailUrl\":\"https:\\\/\\\/regions-snetap-fsu.fr\\\/na\\\/wp-content\\\/uploads\\\/sites\\\/3\\\/2019\\\/02\\\/Fotolia_108049424_S-1-300x300.jpg\",\"articleSection\":[\"Actus\",\"Comptes-rendus\",\"Instances\",\"NA\"],\"inLanguage\":\"fr-FR\"},{\"@type\":\"WebPage\",\"@id\":\"https:\\\/\\\/regions-snetap-fsu.fr\\\/na\\\/2019\\\/02\\\/19\\\/les-representants-du-snetap-fsu-refusent-de-sieger-a-la-ccp\\\/\",\"url\":\"https:\\\/\\\/regions-snetap-fsu.fr\\\/na\\\/2019\\\/02\\\/19\\\/les-representants-du-snetap-fsu-refusent-de-sieger-a-la-ccp\\\/\",\"name\":\"Les repr\u00e9sentants du SNETAP-FSU refusent de si\u00e9ger \u00e0 la CCP - NOUVELLE AQUITAINE\",\"isPartOf\":{\"@id\":\"https:\\\/\\\/regions-snetap-fsu.fr\\\/na\\\/#website\"},\"primaryImageOfPage\":{\"@id\":\"https:\\\/\\\/regions-snetap-fsu.fr\\\/na\\\/2019\\\/02\\\/19\\\/les-representants-du-snetap-fsu-refusent-de-sieger-a-la-ccp\\\/#primaryimage\"},\"image\":{\"@id\":\"https:\\\/\\\/regions-snetap-fsu.fr\\\/na\\\/2019\\\/02\\\/19\\\/les-representants-du-snetap-fsu-refusent-de-sieger-a-la-ccp\\\/#primaryimage\"},\"thumbnailUrl\":\"https:\\\/\\\/regions-snetap-fsu.fr\\\/na\\\/wp-content\\\/uploads\\\/sites\\\/3\\\/2019\\\/02\\\/Fotolia_108049424_S-1-300x300.jpg\",\"datePublished\":\"2019-02-19T10:37:16+00:00\",\"breadcrumb\":{\"@id\":\"https:\\\/\\\/regions-snetap-fsu.fr\\\/na\\\/2019\\\/02\\\/19\\\/les-representants-du-snetap-fsu-refusent-de-sieger-a-la-ccp\\\/#breadcrumb\"},\"inLanguage\":\"fr-FR\",\"potentialAction\":[{\"@type\":\"ReadAction\",\"target\":[\"https:\\\/\\\/regions-snetap-fsu.fr\\\/na\\\/2019\\\/02\\\/19\\\/les-representants-du-snetap-fsu-refusent-de-sieger-a-la-ccp\\\/\"]}]},{\"@type\":\"ImageObject\",\"inLanguage\":\"fr-FR\",\"@id\":\"https:\\\/\\\/regions-snetap-fsu.fr\\\/na\\\/2019\\\/02\\\/19\\\/les-representants-du-snetap-fsu-refusent-de-sieger-a-la-ccp\\\/#primaryimage\",\"url\":\"https:\\\/\\\/regions-snetap-fsu.fr\\\/na\\\/wp-content\\\/uploads\\\/sites\\\/3\\\/2019\\\/02\\\/Fotolia_108049424_S-1.jpg\",\"contentUrl\":\"https:\\\/\\\/regions-snetap-fsu.fr\\\/na\\\/wp-content\\\/uploads\\\/sites\\\/3\\\/2019\\\/02\\\/Fotolia_108049424_S-1.jpg\",\"width\":693,\"height\":693},{\"@type\":\"BreadcrumbList\",\"@id\":\"https:\\\/\\\/regions-snetap-fsu.fr\\\/na\\\/2019\\\/02\\\/19\\\/les-representants-du-snetap-fsu-refusent-de-sieger-a-la-ccp\\\/#breadcrumb\",\"itemListElement\":[{\"@type\":\"ListItem\",\"position\":1,\"name\":\"Accueil\",\"item\":\"https:\\\/\\\/regions-snetap-fsu.fr\\\/na\\\/\"},{\"@type\":\"ListItem\",\"position\":2,\"name\":\"Les repr\u00e9sentants du SNETAP-FSU refusent de si\u00e9ger \u00e0 la CCP\"}]},{\"@type\":\"WebSite\",\"@id\":\"https:\\\/\\\/regions-snetap-fsu.fr\\\/na\\\/#website\",\"url\":\"https:\\\/\\\/regions-snetap-fsu.fr\\\/na\\\/\",\"name\":\"SNETAP-FSU NOUVELLE AQUITAINE\",\"description\":\"Blog de la Section R\u00e9gionale\",\"publisher\":{\"@id\":\"https:\\\/\\\/regions-snetap-fsu.fr\\\/na\\\/#organization\"},\"potentialAction\":[{\"@type\":\"SearchAction\",\"target\":{\"@type\":\"EntryPoint\",\"urlTemplate\":\"https:\\\/\\\/regions-snetap-fsu.fr\\\/na\\\/?s={search_term_string}\"},\"query-input\":{\"@type\":\"PropertyValueSpecification\",\"valueRequired\":true,\"valueName\":\"search_term_string\"}}],\"inLanguage\":\"fr-FR\"},{\"@type\":\"Organization\",\"@id\":\"https:\\\/\\\/regions-snetap-fsu.fr\\\/na\\\/#organization\",\"name\":\"SNETAP-FSU - Nouvelle Aquitaine\",\"url\":\"https:\\\/\\\/regions-snetap-fsu.fr\\\/na\\\/\",\"logo\":{\"@type\":\"ImageObject\",\"inLanguage\":\"fr-FR\",\"@id\":\"https:\\\/\\\/regions-snetap-fsu.fr\\\/na\\\/#\\\/schema\\\/logo\\\/image\\\/\",\"url\":\"https:\\\/\\\/regions-snetap-fsu.fr\\\/na\\\/wp-content\\\/uploads\\\/sites\\\/3\\\/2020\\\/12\\\/SNETAP-Logo.jpg\",\"contentUrl\":\"https:\\\/\\\/regions-snetap-fsu.fr\\\/na\\\/wp-content\\\/uploads\\\/sites\\\/3\\\/2020\\\/12\\\/SNETAP-Logo.jpg\",\"width\":464,\"height\":334,\"caption\":\"SNETAP-FSU - Nouvelle Aquitaine\"},\"image\":{\"@id\":\"https:\\\/\\\/regions-snetap-fsu.fr\\\/na\\\/#\\\/schema\\\/logo\\\/image\\\/\"}},{\"@type\":\"Person\",\"@id\":\"https:\\\/\\\/regions-snetap-fsu.fr\\\/na\\\/#\\\/schema\\\/person\\\/200c3209e01aa8c2a287fda4d096cd22\",\"name\":\"Tmoos\",\"image\":{\"@type\":\"ImageObject\",\"inLanguage\":\"fr-FR\",\"@id\":\"https:\\\/\\\/secure.gravatar.com\\\/avatar\\\/ee9416e21ddddd1cb4bc3f8a9a89584e0671c3184caebebe8e4de3129769a613?s=96&d=mm&r=g\",\"url\":\"https:\\\/\\\/secure.gravatar.com\\\/avatar\\\/ee9416e21ddddd1cb4bc3f8a9a89584e0671c3184caebebe8e4de3129769a613?s=96&d=mm&r=g\",\"contentUrl\":\"https:\\\/\\\/secure.gravatar.com\\\/avatar\\\/ee9416e21ddddd1cb4bc3f8a9a89584e0671c3184caebebe8e4de3129769a613?s=96&d=mm&r=g\",\"caption\":\"Tmoos\"},\"url\":\"https:\\\/\\\/regions-snetap-fsu.fr\\\/na\\\/author\\\/fthomas\\\/\"}]}<\/script>\n<!-- \/ Yoast SEO plugin. -->","yoast_head_json":{"title":"Les repr\u00e9sentants du SNETAP-FSU refusent de si\u00e9ger \u00e0 la CCP - NOUVELLE AQUITAINE","robots":{"index":"index","follow":"follow","max-snippet":"max-snippet:-1","max-image-preview":"max-image-preview:large","max-video-preview":"max-video-preview:-1"},"canonical":"https:\/\/regions-snetap-fsu.fr\/na\/2019\/02\/19\/les-representants-du-snetap-fsu-refusent-de-sieger-a-la-ccp\/","og_locale":"fr_FR","og_type":"article","og_title":"Les repr\u00e9sentants du SNETAP-FSU refusent de si\u00e9ger \u00e0 la CCP - NOUVELLE AQUITAINE","og_description":"Nous \u00e9tions convoqu\u00e9s le 13 f\u00e9vrier 2019 pour une CCPR, la premi\u00e8re depuis les \u00e9lections. Nouvelle \u00e9quipe SNETAP constitu\u00e9e d\u2019habitu\u00e9.es et de novices. Nous nous sommes r\u00e9unis sur un ordre du jour avec 12 points \u00e0 traiter plus les questions diverses. \u00a0\u00a0Mais parmi les points \u00e0 aborder, la CCP devait travailler sur le r\u00e8glement\u00a0 int\u00e9rieur [&hellip;]","og_url":"https:\/\/regions-snetap-fsu.fr\/na\/2019\/02\/19\/les-representants-du-snetap-fsu-refusent-de-sieger-a-la-ccp\/","og_site_name":"NOUVELLE AQUITAINE","article_published_time":"2019-02-19T10:37:16+00:00","og_image":[{"url":"https:\/\/regions-snetap-fsu.fr\/na\/wp-content\/uploads\/sites\/3\/2019\/02\/Fotolia_108049424_S-1-300x300.jpg","type":"","width":"","height":""}],"author":"Tmoos","twitter_card":"summary_large_image","twitter_misc":{"\u00c9crit par":"Tmoos","Dur\u00e9e de lecture estim\u00e9e":"2 minutes"},"schema":{"@context":"https:\/\/schema.org","@graph":[{"@type":"Article","@id":"https:\/\/regions-snetap-fsu.fr\/na\/2019\/02\/19\/les-representants-du-snetap-fsu-refusent-de-sieger-a-la-ccp\/#article","isPartOf":{"@id":"https:\/\/regions-snetap-fsu.fr\/na\/2019\/02\/19\/les-representants-du-snetap-fsu-refusent-de-sieger-a-la-ccp\/"},"author":{"name":"Tmoos","@id":"https:\/\/regions-snetap-fsu.fr\/na\/#\/schema\/person\/200c3209e01aa8c2a287fda4d096cd22"},"headline":"Les repr\u00e9sentants du SNETAP-FSU refusent de si\u00e9ger \u00e0 la CCP","datePublished":"2019-02-19T10:37:16+00:00","mainEntityOfPage":{"@id":"https:\/\/regions-snetap-fsu.fr\/na\/2019\/02\/19\/les-representants-du-snetap-fsu-refusent-de-sieger-a-la-ccp\/"},"wordCount":353,"publisher":{"@id":"https:\/\/regions-snetap-fsu.fr\/na\/#organization"},"image":{"@id":"https:\/\/regions-snetap-fsu.fr\/na\/2019\/02\/19\/les-representants-du-snetap-fsu-refusent-de-sieger-a-la-ccp\/#primaryimage"},"thumbnailUrl":"https:\/\/regions-snetap-fsu.fr\/na\/wp-content\/uploads\/sites\/3\/2019\/02\/Fotolia_108049424_S-1-300x300.jpg","articleSection":["Actus","Comptes-rendus","Instances","NA"],"inLanguage":"fr-FR"},{"@type":"WebPage","@id":"https:\/\/regions-snetap-fsu.fr\/na\/2019\/02\/19\/les-representants-du-snetap-fsu-refusent-de-sieger-a-la-ccp\/","url":"https:\/\/regions-snetap-fsu.fr\/na\/2019\/02\/19\/les-representants-du-snetap-fsu-refusent-de-sieger-a-la-ccp\/","name":"Les repr\u00e9sentants du SNETAP-FSU refusent de si\u00e9ger \u00e0 la CCP - NOUVELLE AQUITAINE","isPartOf":{"@id":"https:\/\/regions-snetap-fsu.fr\/na\/#website"},"primaryImageOfPage":{"@id":"https:\/\/regions-snetap-fsu.fr\/na\/2019\/02\/19\/les-representants-du-snetap-fsu-refusent-de-sieger-a-la-ccp\/#primaryimage"},"image":{"@id":"https:\/\/regions-snetap-fsu.fr\/na\/2019\/02\/19\/les-representants-du-snetap-fsu-refusent-de-sieger-a-la-ccp\/#primaryimage"},"thumbnailUrl":"https:\/\/regions-snetap-fsu.fr\/na\/wp-content\/uploads\/sites\/3\/2019\/02\/Fotolia_108049424_S-1-300x300.jpg","datePublished":"2019-02-19T10:37:16+00:00","breadcrumb":{"@id":"https:\/\/regions-snetap-fsu.fr\/na\/2019\/02\/19\/les-representants-du-snetap-fsu-refusent-de-sieger-a-la-ccp\/#breadcrumb"},"inLanguage":"fr-FR","potentialAction":[{"@type":"ReadAction","target":["https:\/\/regions-snetap-fsu.fr\/na\/2019\/02\/19\/les-representants-du-snetap-fsu-refusent-de-sieger-a-la-ccp\/"]}]},{"@type":"ImageObject","inLanguage":"fr-FR","@id":"https:\/\/regions-snetap-fsu.fr\/na\/2019\/02\/19\/les-representants-du-snetap-fsu-refusent-de-sieger-a-la-ccp\/#primaryimage","url":"https:\/\/regions-snetap-fsu.fr\/na\/wp-content\/uploads\/sites\/3\/2019\/02\/Fotolia_108049424_S-1.jpg","contentUrl":"https:\/\/regions-snetap-fsu.fr\/na\/wp-content\/uploads\/sites\/3\/2019\/02\/Fotolia_108049424_S-1.jpg","width":693,"height":693},{"@type":"BreadcrumbList","@id":"https:\/\/regions-snetap-fsu.fr\/na\/2019\/02\/19\/les-representants-du-snetap-fsu-refusent-de-sieger-a-la-ccp\/#breadcrumb","itemListElement":[{"@type":"ListItem","position":1,"name":"Accueil","item":"https:\/\/regions-snetap-fsu.fr\/na\/"},{"@type":"ListItem","position":2,"name":"Les repr\u00e9sentants du SNETAP-FSU refusent de si\u00e9ger \u00e0 la CCP"}]},{"@type":"WebSite","@id":"https:\/\/regions-snetap-fsu.fr\/na\/#website","url":"https:\/\/regions-snetap-fsu.fr\/na\/","name":"SNETAP-FSU NOUVELLE AQUITAINE","description":"Blog de la Section R\u00e9gionale","publisher":{"@id":"https:\/\/regions-snetap-fsu.fr\/na\/#organization"},"potentialAction":[{"@type":"SearchAction","target":{"@type":"EntryPoint","urlTemplate":"https:\/\/regions-snetap-fsu.fr\/na\/?s={search_term_string}"},"query-input":{"@type":"PropertyValueSpecification","valueRequired":true,"valueName":"search_term_string"}}],"inLanguage":"fr-FR"},{"@type":"Organization","@id":"https:\/\/regions-snetap-fsu.fr\/na\/#organization","name":"SNETAP-FSU - Nouvelle Aquitaine","url":"https:\/\/regions-snetap-fsu.fr\/na\/","logo":{"@type":"ImageObject","inLanguage":"fr-FR","@id":"https:\/\/regions-snetap-fsu.fr\/na\/#\/schema\/logo\/image\/","url":"https:\/\/regions-snetap-fsu.fr\/na\/wp-content\/uploads\/sites\/3\/2020\/12\/SNETAP-Logo.jpg","contentUrl":"https:\/\/regions-snetap-fsu.fr\/na\/wp-content\/uploads\/sites\/3\/2020\/12\/SNETAP-Logo.jpg","width":464,"height":334,"caption":"SNETAP-FSU - Nouvelle Aquitaine"},"image":{"@id":"https:\/\/regions-snetap-fsu.fr\/na\/#\/schema\/logo\/image\/"}},{"@type":"Person","@id":"https:\/\/regions-snetap-fsu.fr\/na\/#\/schema\/person\/200c3209e01aa8c2a287fda4d096cd22","name":"Tmoos","image":{"@type":"ImageObject","inLanguage":"fr-FR","@id":"https:\/\/secure.gravatar.com\/avatar\/ee9416e21ddddd1cb4bc3f8a9a89584e0671c3184caebebe8e4de3129769a613?s=96&d=mm&r=g","url":"https:\/\/secure.gravatar.com\/avatar\/ee9416e21ddddd1cb4bc3f8a9a89584e0671c3184caebebe8e4de3129769a613?s=96&d=mm&r=g","contentUrl":"https:\/\/secure.gravatar.com\/avatar\/ee9416e21ddddd1cb4bc3f8a9a89584e0671c3184caebebe8e4de3129769a613?s=96&d=mm&r=g","caption":"Tmoos"},"url":"https:\/\/regions-snetap-fsu.fr\/na\/author\/fthomas\/"}]}},"_links":{"self":[{"href":"https:\/\/regions-snetap-fsu.fr\/na\/wp-json\/wp\/v2\/posts\/1138","targetHints":{"allow":["GET"]}}],"collection":[{"href":"https:\/\/regions-snetap-fsu.fr\/na\/wp-json\/wp\/v2\/posts"}],"about":[{"href":"https:\/\/regions-snetap-fsu.fr\/na\/wp-json\/wp\/v2\/types\/post"}],"author":[{"embeddable":true,"href":"https:\/\/regions-snetap-fsu.fr\/na\/wp-json\/wp\/v2\/users\/99"}],"replies":[{"embeddable":true,"href":"https:\/\/regions-snetap-fsu.fr\/na\/wp-json\/wp\/v2\/comments?post=1138"}],"version-history":[{"count":2,"href":"https:\/\/regions-snetap-fsu.fr\/na\/wp-json\/wp\/v2\/posts\/1138\/revisions"}],"predecessor-version":[{"id":1141,"href":"https:\/\/regions-snetap-fsu.fr\/na\/wp-json\/wp\/v2\/posts\/1138\/revisions\/1141"}],"wp:attachment":[{"href":"https:\/\/regions-snetap-fsu.fr\/na\/wp-json\/wp\/v2\/media?parent=1138"}],"wp:term":[{"taxonomy":"category","embeddable":true,"href":"https:\/\/regions-snetap-fsu.fr\/na\/wp-json\/wp\/v2\/categories?post=1138"},{"taxonomy":"post_tag","embeddable":true,"href":"https:\/\/regions-snetap-fsu.fr\/na\/wp-json\/wp\/v2\/tags?post=1138"},{"taxonomy":"post_folder","embeddable":true,"href":"https:\/\/regions-snetap-fsu.fr\/na\/wp-json\/wp\/v2\/post_folder?post=1138"}],"curies":[{"name":"wp","href":"https:\/\/api.w.org\/{rel}","templated":true}]}}