{"id":874,"date":"2020-09-24T00:48:58","date_gmt":"2020-09-23T22:48:58","guid":{"rendered":"https:\/\/regions-snetap-fsu.fr\/idf\/?p=874"},"modified":"2020-09-24T01:03:49","modified_gmt":"2020-09-23T23:03:49","slug":"cien-ile-de-france-la-fsu-vote-contre-lapprobation-de-la-dgfl","status":"publish","type":"post","link":"https:\/\/regions-snetap-fsu.fr\/idf\/2020\/09\/24\/cien-ile-de-france-la-fsu-vote-contre-lapprobation-de-la-dgfl\/","title":{"rendered":"CIEN Ile de France : D\u00e9claration liminaire de la FSU"},"content":{"rendered":"<p><span style=\"font-family: Arial\">Le <b>CIEN <\/b>&#8211; Conseil Interacad\u00e9mique de l&rsquo;Education Nationale- s&rsquo;est r\u00e9uni apr\u00e8s un an de silence, ce lundi 21 septembre 2020.<b> L&rsquo;enseignement agricole public y a 2 si\u00e8ges : 1 au titre des lyc\u00e9es pro agricoles, 1 au titre des \u00e9tablissements d&rsquo;enseignement sup\u00e9rieur agricole<\/b>. Le DRIAAF y si\u00e8ge aussi.<br \/>\nCette s\u00e9ance demandait l&rsquo;approbation de la DGFL -Dotation Globale de Financement Lyc\u00e9es- . La d\u00e9l\u00e9gation FSU a vot\u00e9 contre. Voici la d\u00e9claration liminaire que nous avons fa\u00eetes&#8230;<\/span><\/p>\n\n\t\t<div class=\"wppdfemb-frame-container-1\" style=\"-webkit-overflow-scrolling:auto;\">\n\t\t\t<iframe class=\"pdfembed-iframe nonfullscreen wppdf-emb-iframe-1\"\n\t\t\t\tsrc=\"https:\/\/regions-snetap-fsu.fr\/idf\/?pdfemb-data=eyJ1cmwiOiJodHRwczpcL1wvcmVnaW9ucy1zbmV0YXAtZnN1LmZyXC9pZGZcL3dwLWNvbnRlbnRcL3VwbG9hZHNcL3NpdGVzXC8xMVwvMjAyMFwvMDlcL0RlY2xhcmF0aW9uLXByZWFsYWJsZS1kZS1sYS1GU1UtSWxlLWRlLUZyYW5jZS1hdS1DSUVOLWR1LS5wZGYiLCJ0aXRsZSI6IkRcdTAwZTljbGFyYXRpb24gcHJcdTAwZTlhbGFibGUgZGUgbGEgRlNVIElsZS1kZS1GcmFuY2UgYXUgQ0lFTiBkdSIsImluZGV4IjoxLCJwZGZJRCI6ODc3fQ\"\n\t\t\t\ttitle=\"D\u00e9claration pr\u00e9alable de la FSU Ile-de-France au CIEN du\"\t\t\t\tdata-pdf-id=\"877\"\n\t\t\t\tdata-pdf-index=\"1\"\n\t\t\t\tstyle=\"border:none;width:100%;max-width:100%;height:100vh;\"\n\t\t\t\tscrolling=\"yes\">\n\t\t\t<\/iframe>\n\t\t<\/div>\n\n\t\t\n","protected":false},"excerpt":{"rendered":"<p>Le CIEN &#8211; Conseil Interacad\u00e9mique de l&rsquo;Education Nationale- s&rsquo;est r\u00e9uni apr\u00e8s un an de silence, ce lundi 21 septembre 2020. L&rsquo;enseignement agricole public y a 2 si\u00e8ges : 1 au titre des lyc\u00e9es pro agricoles, 1 au titre des \u00e9tablissements d&rsquo;enseignement sup\u00e9rieur agricole. Le DRIAAF y si\u00e8ge aussi. Cette s\u00e9ance demandait l&rsquo;approbation de la DGFL [&hellip;]<\/p>\n","protected":false},"author":104,"featured_media":880,"comment_status":"closed","ping_status":"closed","sticky":false,"template":"","format":"standard","meta":{"ocean_post_layout":"","ocean_both_sidebars_style":"","ocean_both_sidebars_content_width":0,"ocean_both_sidebars_sidebars_width":0,"ocean_sidebar":"0","ocean_second_sidebar":"0","ocean_disable_margins":"enable","ocean_add_body_class":"","ocean_shortcode_before_top_bar":"","ocean_shortcode_after_top_bar":"","ocean_shortcode_before_header":"","ocean_shortcode_after_header":"","ocean_has_shortcode":"","ocean_shortcode_after_title":"","ocean_shortcode_before_footer_widgets":"","ocean_shortcode_after_footer_widgets":"","ocean_shortcode_before_footer_bottom":"","ocean_shortcode_after_footer_bottom":"","ocean_display_top_bar":"default","ocean_display_header":"default","ocean_header_style":"","ocean_center_header_left_menu":"0","ocean_custom_header_template":"0","ocean_custom_logo":0,"ocean_custom_retina_logo":0,"ocean_custom_logo_max_width":0,"ocean_custom_logo_tablet_max_width":0,"ocean_custom_logo_mobile_max_width":0,"ocean_custom_logo_max_height":0,"ocean_custom_logo_tablet_max_height":0,"ocean_custom_logo_mobile_max_height":0,"ocean_header_custom_menu":"0","ocean_menu_typo_font_family":"0","ocean_menu_typo_font_subset":"","ocean_menu_typo_font_size":0,"ocean_menu_typo_font_size_tablet":0,"ocean_menu_typo_font_size_mobile":0,"ocean_menu_typo_font_size_unit":"px","ocean_menu_typo_font_weight":"","ocean_menu_typo_font_weight_tablet":"","ocean_menu_typo_font_weight_mobile":"","ocean_menu_typo_transform":"","ocean_menu_typo_transform_tablet":"","ocean_menu_typo_transform_mobile":"","ocean_menu_typo_line_height":0,"ocean_menu_typo_line_height_tablet":0,"ocean_menu_typo_line_height_mobile":0,"ocean_menu_typo_line_height_unit":"","ocean_menu_typo_spacing":0,"ocean_menu_typo_spacing_tablet":0,"ocean_menu_typo_spacing_mobile":0,"ocean_menu_typo_spacing_unit":"","ocean_menu_link_color":"","ocean_menu_link_color_hover":"","ocean_menu_link_color_active":"","ocean_menu_link_background":"","ocean_menu_link_hover_background":"","ocean_menu_link_active_background":"","ocean_menu_social_links_bg":"","ocean_menu_social_hover_links_bg":"","ocean_menu_social_links_color":"","ocean_menu_social_hover_links_color":"","ocean_disable_title":"default","ocean_disable_heading":"default","ocean_post_title":"","ocean_post_subheading":"","ocean_post_title_style":"","ocean_post_title_background_color":"","ocean_post_title_background":0,"ocean_post_title_bg_image_position":"","ocean_post_title_bg_image_attachment":"","ocean_post_title_bg_image_repeat":"","ocean_post_title_bg_image_size":"","ocean_post_title_height":0,"ocean_post_title_bg_overlay":0.5,"ocean_post_title_bg_overlay_color":"","ocean_disable_breadcrumbs":"default","ocean_breadcrumbs_color":"","ocean_breadcrumbs_separator_color":"","ocean_breadcrumbs_links_color":"","ocean_breadcrumbs_links_hover_color":"","ocean_display_footer_widgets":"default","ocean_display_footer_bottom":"default","ocean_custom_footer_template":"0","ocean_post_oembed":"","ocean_post_self_hosted_media":"","ocean_post_video_embed":"","ocean_link_format":"","ocean_link_format_target":"self","ocean_quote_format":"","ocean_quote_format_link":"post","ocean_gallery_link_images":"off","ocean_gallery_id":[],"footnotes":""},"categories":[15],"tags":[],"post_folder":[],"class_list":["post-874","post","type-post","status-publish","format-standard","has-post-thumbnail","hentry","category-actions-et-communiques","entry","has-media"],"yoast_head":"<!-- This site is optimized with the Yoast SEO plugin v27.4 - https:\/\/yoast.com\/product\/yoast-seo-wordpress\/ -->\n<title>CIEN Ile de France : D\u00e9claration liminaire de la FSU - \u00ceLE-DE-FRANCE<\/title>\n<meta name=\"robots\" content=\"index, follow, max-snippet:-1, max-image-preview:large, max-video-preview:-1\" \/>\n<link rel=\"canonical\" href=\"https:\/\/regions-snetap-fsu.fr\/idf\/2020\/09\/24\/cien-ile-de-france-la-fsu-vote-contre-lapprobation-de-la-dgfl\/\" \/>\n<meta property=\"og:locale\" content=\"fr_FR\" \/>\n<meta property=\"og:type\" content=\"article\" \/>\n<meta property=\"og:title\" content=\"CIEN Ile de France : D\u00e9claration liminaire de la FSU - \u00ceLE-DE-FRANCE\" \/>\n<meta property=\"og:description\" content=\"Le CIEN &#8211; Conseil Interacad\u00e9mique de l&rsquo;Education Nationale- s&rsquo;est r\u00e9uni apr\u00e8s un an de silence, ce lundi 21 septembre 2020. L&rsquo;enseignement agricole public y a 2 si\u00e8ges : 1 au titre des lyc\u00e9es pro agricoles, 1 au titre des \u00e9tablissements d&rsquo;enseignement sup\u00e9rieur agricole. Le DRIAAF y si\u00e8ge aussi. Cette s\u00e9ance demandait l&rsquo;approbation de la DGFL [&hellip;]\" \/>\n<meta property=\"og:url\" content=\"https:\/\/regions-snetap-fsu.fr\/idf\/2020\/09\/24\/cien-ile-de-france-la-fsu-vote-contre-lapprobation-de-la-dgfl\/\" \/>\n<meta property=\"og:site_name\" content=\"\u00ceLE-DE-FRANCE\" \/>\n<meta property=\"article:published_time\" content=\"2020-09-23T22:48:58+00:00\" \/>\n<meta property=\"article:modified_time\" content=\"2020-09-23T23:03:49+00:00\" \/>\n<meta property=\"og:image\" content=\"https:\/\/regions-snetap-fsu.fr\/idf\/wp-content\/uploads\/sites\/11\/2020\/09\/dessin-Ecole-rentabilite.jpg\" \/>\n\t<meta property=\"og:image:width\" content=\"305\" \/>\n\t<meta property=\"og:image:height\" content=\"306\" \/>\n\t<meta property=\"og:image:type\" content=\"image\/jpeg\" \/>\n<meta name=\"author\" content=\"tdossantos\" \/>\n<meta name=\"twitter:card\" content=\"summary_large_image\" \/>\n<meta name=\"twitter:label1\" content=\"\u00c9crit par\" \/>\n\t<meta name=\"twitter:data1\" content=\"tdossantos\" \/>\n\t<meta name=\"twitter:label2\" content=\"Dur\u00e9e de lecture estim\u00e9e\" \/>\n\t<meta name=\"twitter:data2\" content=\"1 minute\" \/>\n<script type=\"application\/ld+json\" class=\"yoast-schema-graph\">{\"@context\":\"https:\\\/\\\/schema.org\",\"@graph\":[{\"@type\":\"Article\",\"@id\":\"https:\\\/\\\/regions-snetap-fsu.fr\\\/idf\\\/2020\\\/09\\\/24\\\/cien-ile-de-france-la-fsu-vote-contre-lapprobation-de-la-dgfl\\\/#article\",\"isPartOf\":{\"@id\":\"https:\\\/\\\/regions-snetap-fsu.fr\\\/idf\\\/2020\\\/09\\\/24\\\/cien-ile-de-france-la-fsu-vote-contre-lapprobation-de-la-dgfl\\\/\"},\"author\":{\"name\":\"tdossantos\",\"@id\":\"https:\\\/\\\/regions-snetap-fsu.fr\\\/idf\\\/#\\\/schema\\\/person\\\/1e2d8120205f21ade6260cd06759ef62\"},\"headline\":\"CIEN Ile de France : D\u00e9claration liminaire de la FSU\",\"datePublished\":\"2020-09-23T22:48:58+00:00\",\"dateModified\":\"2020-09-23T23:03:49+00:00\",\"mainEntityOfPage\":{\"@id\":\"https:\\\/\\\/regions-snetap-fsu.fr\\\/idf\\\/2020\\\/09\\\/24\\\/cien-ile-de-france-la-fsu-vote-contre-lapprobation-de-la-dgfl\\\/\"},\"wordCount\":119,\"image\":{\"@id\":\"https:\\\/\\\/regions-snetap-fsu.fr\\\/idf\\\/2020\\\/09\\\/24\\\/cien-ile-de-france-la-fsu-vote-contre-lapprobation-de-la-dgfl\\\/#primaryimage\"},\"thumbnailUrl\":\"https:\\\/\\\/regions-snetap-fsu.fr\\\/idf\\\/wp-content\\\/uploads\\\/sites\\\/11\\\/2020\\\/09\\\/dessin-Ecole-rentabilite.jpg\",\"articleSection\":[\"Actions et communiqu\u00e9s\"],\"inLanguage\":\"fr-FR\"},{\"@type\":\"WebPage\",\"@id\":\"https:\\\/\\\/regions-snetap-fsu.fr\\\/idf\\\/2020\\\/09\\\/24\\\/cien-ile-de-france-la-fsu-vote-contre-lapprobation-de-la-dgfl\\\/\",\"url\":\"https:\\\/\\\/regions-snetap-fsu.fr\\\/idf\\\/2020\\\/09\\\/24\\\/cien-ile-de-france-la-fsu-vote-contre-lapprobation-de-la-dgfl\\\/\",\"name\":\"CIEN Ile de France : D\u00e9claration liminaire de la FSU - \u00ceLE-DE-FRANCE\",\"isPartOf\":{\"@id\":\"https:\\\/\\\/regions-snetap-fsu.fr\\\/idf\\\/#website\"},\"primaryImageOfPage\":{\"@id\":\"https:\\\/\\\/regions-snetap-fsu.fr\\\/idf\\\/2020\\\/09\\\/24\\\/cien-ile-de-france-la-fsu-vote-contre-lapprobation-de-la-dgfl\\\/#primaryimage\"},\"image\":{\"@id\":\"https:\\\/\\\/regions-snetap-fsu.fr\\\/idf\\\/2020\\\/09\\\/24\\\/cien-ile-de-france-la-fsu-vote-contre-lapprobation-de-la-dgfl\\\/#primaryimage\"},\"thumbnailUrl\":\"https:\\\/\\\/regions-snetap-fsu.fr\\\/idf\\\/wp-content\\\/uploads\\\/sites\\\/11\\\/2020\\\/09\\\/dessin-Ecole-rentabilite.jpg\",\"datePublished\":\"2020-09-23T22:48:58+00:00\",\"dateModified\":\"2020-09-23T23:03:49+00:00\",\"author\":{\"@id\":\"https:\\\/\\\/regions-snetap-fsu.fr\\\/idf\\\/#\\\/schema\\\/person\\\/1e2d8120205f21ade6260cd06759ef62\"},\"breadcrumb\":{\"@id\":\"https:\\\/\\\/regions-snetap-fsu.fr\\\/idf\\\/2020\\\/09\\\/24\\\/cien-ile-de-france-la-fsu-vote-contre-lapprobation-de-la-dgfl\\\/#breadcrumb\"},\"inLanguage\":\"fr-FR\",\"potentialAction\":[{\"@type\":\"ReadAction\",\"target\":[\"https:\\\/\\\/regions-snetap-fsu.fr\\\/idf\\\/2020\\\/09\\\/24\\\/cien-ile-de-france-la-fsu-vote-contre-lapprobation-de-la-dgfl\\\/\"]}]},{\"@type\":\"ImageObject\",\"inLanguage\":\"fr-FR\",\"@id\":\"https:\\\/\\\/regions-snetap-fsu.fr\\\/idf\\\/2020\\\/09\\\/24\\\/cien-ile-de-france-la-fsu-vote-contre-lapprobation-de-la-dgfl\\\/#primaryimage\",\"url\":\"https:\\\/\\\/regions-snetap-fsu.fr\\\/idf\\\/wp-content\\\/uploads\\\/sites\\\/11\\\/2020\\\/09\\\/dessin-Ecole-rentabilite.jpg\",\"contentUrl\":\"https:\\\/\\\/regions-snetap-fsu.fr\\\/idf\\\/wp-content\\\/uploads\\\/sites\\\/11\\\/2020\\\/09\\\/dessin-Ecole-rentabilite.jpg\",\"width\":305,\"height\":306},{\"@type\":\"BreadcrumbList\",\"@id\":\"https:\\\/\\\/regions-snetap-fsu.fr\\\/idf\\\/2020\\\/09\\\/24\\\/cien-ile-de-france-la-fsu-vote-contre-lapprobation-de-la-dgfl\\\/#breadcrumb\",\"itemListElement\":[{\"@type\":\"ListItem\",\"position\":1,\"name\":\"Accueil\",\"item\":\"https:\\\/\\\/regions-snetap-fsu.fr\\\/idf\\\/\"},{\"@type\":\"ListItem\",\"position\":2,\"name\":\"CIEN Ile de France : D\u00e9claration liminaire de la FSU\"}]},{\"@type\":\"WebSite\",\"@id\":\"https:\\\/\\\/regions-snetap-fsu.fr\\\/idf\\\/#website\",\"url\":\"https:\\\/\\\/regions-snetap-fsu.fr\\\/idf\\\/\",\"name\":\"\u00ceLE-DE-FRANCE\",\"description\":\"Le blog de la Section R\u00e9gionale\",\"potentialAction\":[{\"@type\":\"SearchAction\",\"target\":{\"@type\":\"EntryPoint\",\"urlTemplate\":\"https:\\\/\\\/regions-snetap-fsu.fr\\\/idf\\\/?s={search_term_string}\"},\"query-input\":{\"@type\":\"PropertyValueSpecification\",\"valueRequired\":true,\"valueName\":\"search_term_string\"}}],\"inLanguage\":\"fr-FR\"},{\"@type\":\"Person\",\"@id\":\"https:\\\/\\\/regions-snetap-fsu.fr\\\/idf\\\/#\\\/schema\\\/person\\\/1e2d8120205f21ade6260cd06759ef62\",\"name\":\"tdossantos\",\"image\":{\"@type\":\"ImageObject\",\"inLanguage\":\"fr-FR\",\"@id\":\"https:\\\/\\\/secure.gravatar.com\\\/avatar\\\/eb323d66303d5d3db90b97b88724753e51811779db988d61b5311e81a13ec30d?s=96&d=mm&r=g\",\"url\":\"https:\\\/\\\/secure.gravatar.com\\\/avatar\\\/eb323d66303d5d3db90b97b88724753e51811779db988d61b5311e81a13ec30d?s=96&d=mm&r=g\",\"contentUrl\":\"https:\\\/\\\/secure.gravatar.com\\\/avatar\\\/eb323d66303d5d3db90b97b88724753e51811779db988d61b5311e81a13ec30d?s=96&d=mm&r=g\",\"caption\":\"tdossantos\"},\"url\":\"https:\\\/\\\/regions-snetap-fsu.fr\\\/idf\\\/author\\\/tdossantos\\\/\"}]}<\/script>\n<!-- \/ Yoast SEO plugin. -->","yoast_head_json":{"title":"CIEN Ile de France : D\u00e9claration liminaire de la FSU - \u00ceLE-DE-FRANCE","robots":{"index":"index","follow":"follow","max-snippet":"max-snippet:-1","max-image-preview":"max-image-preview:large","max-video-preview":"max-video-preview:-1"},"canonical":"https:\/\/regions-snetap-fsu.fr\/idf\/2020\/09\/24\/cien-ile-de-france-la-fsu-vote-contre-lapprobation-de-la-dgfl\/","og_locale":"fr_FR","og_type":"article","og_title":"CIEN Ile de France : D\u00e9claration liminaire de la FSU - \u00ceLE-DE-FRANCE","og_description":"Le CIEN &#8211; Conseil Interacad\u00e9mique de l&rsquo;Education Nationale- s&rsquo;est r\u00e9uni apr\u00e8s un an de silence, ce lundi 21 septembre 2020. L&rsquo;enseignement agricole public y a 2 si\u00e8ges : 1 au titre des lyc\u00e9es pro agricoles, 1 au titre des \u00e9tablissements d&rsquo;enseignement sup\u00e9rieur agricole. Le DRIAAF y si\u00e8ge aussi. Cette s\u00e9ance demandait l&rsquo;approbation de la DGFL [&hellip;]","og_url":"https:\/\/regions-snetap-fsu.fr\/idf\/2020\/09\/24\/cien-ile-de-france-la-fsu-vote-contre-lapprobation-de-la-dgfl\/","og_site_name":"\u00ceLE-DE-FRANCE","article_published_time":"2020-09-23T22:48:58+00:00","article_modified_time":"2020-09-23T23:03:49+00:00","og_image":[{"width":305,"height":306,"url":"https:\/\/regions-snetap-fsu.fr\/idf\/wp-content\/uploads\/sites\/11\/2020\/09\/dessin-Ecole-rentabilite.jpg","type":"image\/jpeg"}],"author":"tdossantos","twitter_card":"summary_large_image","twitter_misc":{"\u00c9crit par":"tdossantos","Dur\u00e9e de lecture estim\u00e9e":"1 minute"},"schema":{"@context":"https:\/\/schema.org","@graph":[{"@type":"Article","@id":"https:\/\/regions-snetap-fsu.fr\/idf\/2020\/09\/24\/cien-ile-de-france-la-fsu-vote-contre-lapprobation-de-la-dgfl\/#article","isPartOf":{"@id":"https:\/\/regions-snetap-fsu.fr\/idf\/2020\/09\/24\/cien-ile-de-france-la-fsu-vote-contre-lapprobation-de-la-dgfl\/"},"author":{"name":"tdossantos","@id":"https:\/\/regions-snetap-fsu.fr\/idf\/#\/schema\/person\/1e2d8120205f21ade6260cd06759ef62"},"headline":"CIEN Ile de France : D\u00e9claration liminaire de la FSU","datePublished":"2020-09-23T22:48:58+00:00","dateModified":"2020-09-23T23:03:49+00:00","mainEntityOfPage":{"@id":"https:\/\/regions-snetap-fsu.fr\/idf\/2020\/09\/24\/cien-ile-de-france-la-fsu-vote-contre-lapprobation-de-la-dgfl\/"},"wordCount":119,"image":{"@id":"https:\/\/regions-snetap-fsu.fr\/idf\/2020\/09\/24\/cien-ile-de-france-la-fsu-vote-contre-lapprobation-de-la-dgfl\/#primaryimage"},"thumbnailUrl":"https:\/\/regions-snetap-fsu.fr\/idf\/wp-content\/uploads\/sites\/11\/2020\/09\/dessin-Ecole-rentabilite.jpg","articleSection":["Actions et communiqu\u00e9s"],"inLanguage":"fr-FR"},{"@type":"WebPage","@id":"https:\/\/regions-snetap-fsu.fr\/idf\/2020\/09\/24\/cien-ile-de-france-la-fsu-vote-contre-lapprobation-de-la-dgfl\/","url":"https:\/\/regions-snetap-fsu.fr\/idf\/2020\/09\/24\/cien-ile-de-france-la-fsu-vote-contre-lapprobation-de-la-dgfl\/","name":"CIEN Ile de France : D\u00e9claration liminaire de la FSU - \u00ceLE-DE-FRANCE","isPartOf":{"@id":"https:\/\/regions-snetap-fsu.fr\/idf\/#website"},"primaryImageOfPage":{"@id":"https:\/\/regions-snetap-fsu.fr\/idf\/2020\/09\/24\/cien-ile-de-france-la-fsu-vote-contre-lapprobation-de-la-dgfl\/#primaryimage"},"image":{"@id":"https:\/\/regions-snetap-fsu.fr\/idf\/2020\/09\/24\/cien-ile-de-france-la-fsu-vote-contre-lapprobation-de-la-dgfl\/#primaryimage"},"thumbnailUrl":"https:\/\/regions-snetap-fsu.fr\/idf\/wp-content\/uploads\/sites\/11\/2020\/09\/dessin-Ecole-rentabilite.jpg","datePublished":"2020-09-23T22:48:58+00:00","dateModified":"2020-09-23T23:03:49+00:00","author":{"@id":"https:\/\/regions-snetap-fsu.fr\/idf\/#\/schema\/person\/1e2d8120205f21ade6260cd06759ef62"},"breadcrumb":{"@id":"https:\/\/regions-snetap-fsu.fr\/idf\/2020\/09\/24\/cien-ile-de-france-la-fsu-vote-contre-lapprobation-de-la-dgfl\/#breadcrumb"},"inLanguage":"fr-FR","potentialAction":[{"@type":"ReadAction","target":["https:\/\/regions-snetap-fsu.fr\/idf\/2020\/09\/24\/cien-ile-de-france-la-fsu-vote-contre-lapprobation-de-la-dgfl\/"]}]},{"@type":"ImageObject","inLanguage":"fr-FR","@id":"https:\/\/regions-snetap-fsu.fr\/idf\/2020\/09\/24\/cien-ile-de-france-la-fsu-vote-contre-lapprobation-de-la-dgfl\/#primaryimage","url":"https:\/\/regions-snetap-fsu.fr\/idf\/wp-content\/uploads\/sites\/11\/2020\/09\/dessin-Ecole-rentabilite.jpg","contentUrl":"https:\/\/regions-snetap-fsu.fr\/idf\/wp-content\/uploads\/sites\/11\/2020\/09\/dessin-Ecole-rentabilite.jpg","width":305,"height":306},{"@type":"BreadcrumbList","@id":"https:\/\/regions-snetap-fsu.fr\/idf\/2020\/09\/24\/cien-ile-de-france-la-fsu-vote-contre-lapprobation-de-la-dgfl\/#breadcrumb","itemListElement":[{"@type":"ListItem","position":1,"name":"Accueil","item":"https:\/\/regions-snetap-fsu.fr\/idf\/"},{"@type":"ListItem","position":2,"name":"CIEN Ile de France : D\u00e9claration liminaire de la FSU"}]},{"@type":"WebSite","@id":"https:\/\/regions-snetap-fsu.fr\/idf\/#website","url":"https:\/\/regions-snetap-fsu.fr\/idf\/","name":"\u00ceLE-DE-FRANCE","description":"Le blog de la Section R\u00e9gionale","potentialAction":[{"@type":"SearchAction","target":{"@type":"EntryPoint","urlTemplate":"https:\/\/regions-snetap-fsu.fr\/idf\/?s={search_term_string}"},"query-input":{"@type":"PropertyValueSpecification","valueRequired":true,"valueName":"search_term_string"}}],"inLanguage":"fr-FR"},{"@type":"Person","@id":"https:\/\/regions-snetap-fsu.fr\/idf\/#\/schema\/person\/1e2d8120205f21ade6260cd06759ef62","name":"tdossantos","image":{"@type":"ImageObject","inLanguage":"fr-FR","@id":"https:\/\/secure.gravatar.com\/avatar\/eb323d66303d5d3db90b97b88724753e51811779db988d61b5311e81a13ec30d?s=96&d=mm&r=g","url":"https:\/\/secure.gravatar.com\/avatar\/eb323d66303d5d3db90b97b88724753e51811779db988d61b5311e81a13ec30d?s=96&d=mm&r=g","contentUrl":"https:\/\/secure.gravatar.com\/avatar\/eb323d66303d5d3db90b97b88724753e51811779db988d61b5311e81a13ec30d?s=96&d=mm&r=g","caption":"tdossantos"},"url":"https:\/\/regions-snetap-fsu.fr\/idf\/author\/tdossantos\/"}]}},"_links":{"self":[{"href":"https:\/\/regions-snetap-fsu.fr\/idf\/wp-json\/wp\/v2\/posts\/874","targetHints":{"allow":["GET"]}}],"collection":[{"href":"https:\/\/regions-snetap-fsu.fr\/idf\/wp-json\/wp\/v2\/posts"}],"about":[{"href":"https:\/\/regions-snetap-fsu.fr\/idf\/wp-json\/wp\/v2\/types\/post"}],"author":[{"embeddable":true,"href":"https:\/\/regions-snetap-fsu.fr\/idf\/wp-json\/wp\/v2\/users\/104"}],"replies":[{"embeddable":true,"href":"https:\/\/regions-snetap-fsu.fr\/idf\/wp-json\/wp\/v2\/comments?post=874"}],"version-history":[{"count":2,"href":"https:\/\/regions-snetap-fsu.fr\/idf\/wp-json\/wp\/v2\/posts\/874\/revisions"}],"predecessor-version":[{"id":879,"href":"https:\/\/regions-snetap-fsu.fr\/idf\/wp-json\/wp\/v2\/posts\/874\/revisions\/879"}],"wp:featuredmedia":[{"embeddable":true,"href":"https:\/\/regions-snetap-fsu.fr\/idf\/wp-json\/wp\/v2\/media\/880"}],"wp:attachment":[{"href":"https:\/\/regions-snetap-fsu.fr\/idf\/wp-json\/wp\/v2\/media?parent=874"}],"wp:term":[{"taxonomy":"category","embeddable":true,"href":"https:\/\/regions-snetap-fsu.fr\/idf\/wp-json\/wp\/v2\/categories?post=874"},{"taxonomy":"post_tag","embeddable":true,"href":"https:\/\/regions-snetap-fsu.fr\/idf\/wp-json\/wp\/v2\/tags?post=874"},{"taxonomy":"post_folder","embeddable":true,"href":"https:\/\/regions-snetap-fsu.fr\/idf\/wp-json\/wp\/v2\/post_folder?post=874"}],"curies":[{"name":"wp","href":"https:\/\/api.w.org\/{rel}","templated":true}]}}