{"id":837,"date":"2020-09-08T22:26:39","date_gmt":"2020-09-08T20:26:39","guid":{"rendered":"https:\/\/regions-snetap-fsu.fr\/idf\/?p=837"},"modified":"2020-09-11T19:21:29","modified_gmt":"2020-09-11T17:21:29","slug":"le-snetap-regional-interpelle-la-delegation-du-ministre-lors-de-la-rentree","status":"publish","type":"post","link":"https:\/\/regions-snetap-fsu.fr\/idf\/2020\/09\/08\/le-snetap-regional-interpelle-la-delegation-du-ministre-lors-de-la-rentree\/","title":{"rendered":"Le snetap r\u00e9gional interpelle la d\u00e9l\u00e9gation du ministre lors de la rentr\u00e9e"},"content":{"rendered":"<p>&nbsp;<\/p>\n<p><span style=\"font-family: Arial, sans-serif\"><span style=\"font-size: large\"><b>31 ao\u00fbt 2020\u00a0: Le Ministre Denormandie est pass\u00e9 \u00e0 St Germain en laye pour la pr\u00e9-rentr\u00e9e&#8230;<\/b><\/span><\/span><\/p>\n<p>&nbsp;<\/p>\n<p>&nbsp;<\/p>\n<p><span style=\"font-family: Arial, sans-serif\"><b>Nous avons obtenu une audience <\/b><\/span><span style=\"font-family: Arial, sans-serif\">avec M. Leveque (Conseiller du ministre), I. Chmitelin (DGER), I. de Francqueville (Adjointe DGER), et B. Beaussant (Driaaf), E. Hemery (Srfd IdF) \u2013 dur\u00e9e 40 minutes&#8230;- en pr\u00e9sence de<\/span><span style=\"font-family: Arial, sans-serif\"> 3 coll\u00e8gues de St Germain en Laye, Carlos Pereira, Fathia Lounici et Maribel Lacoste, et Claire Pinault \u2013 Secr\u00e9taire r\u00e9gionale.<\/span><\/p>\n<p><span style=\"font-family: Arial, sans-serif\">Il a \u00e9t\u00e9 fait un point sur la rentr\u00e9e : quid des personnes vuln\u00e9rables, manques de pr\u00e9conisations de l&rsquo;inspection&#8230; : <i>\u00ab\u00a0il n&rsquo;y a pas de r\u00e9ponses toutes faites, c&rsquo;est bien de personnaliser&#8230;\u00a0\u00bb &#8211; Il faut r\u00e9pondre aux demandes de projets pour d\u00e9clencher le <\/i><i><b>versement des HSE exceptionnelles, <\/b><\/i><i>soit 160 000 h\u00a0\u00bb, \u00ab\u00a0r\u00e9pondre vite car en 2021 on ne sait pas si il y en aura encore\u00a0\u00bb&#8230;<\/i><\/span><\/p>\n<p>puis, les difficult\u00e9s pour rendre attractif l&rsquo;EPL :<br \/>\n<b>&#8211; le lyc\u00e9e,<\/b> en baisse d&rsquo;effectifs, avec des atouts qui s&rsquo;amenuisent (absences de d\u00e9doublement, absence de plateau sportif et besoin de retrouver l&rsquo;heure sup hebdo sur les heures d&rsquo;eps, permettant le d\u00e9placement des classes sur plateaux ext\u00e9rieurs (216 h de DGH &#8230;). Une carte des formations r\u00e9gionale qui s&rsquo;\u00e9touffe sous les ouvertures en Am\u00e9nagements paysagers et Service.<br \/>\n<b>&#8211; le cfa : <\/b>quels moyens pour investir ? faire des projets ? A qui s&rsquo;adresser\u00a0?<br \/>\no\u00f9 en est la n\u00e9go sur le <b>protocole de gestion <\/b>: <i>\u00ab\u00a0un GT en nov, sur des fiches de mission qui devraient \u00eatre envoy\u00e9es en oct aux OS<\/i>\u00a0\u00bb<br \/>\nle <b>CPF _Compte personnel de formation_<\/b> inutilisable par les ACB : <i>\u00ab\u00a0c&rsquo;est une priorit\u00e9 dans la n\u00e9go protocole partie 2 qui red\u00e9marre\u00a0\u00bb.<\/i>..<\/p>\n<p>enfin, la question du turn over incessant et de la pr\u00e9carit\u00e9 des personnels en IdF : r\u00e9flexions autour d&rsquo;une prise en compte financi\u00e8re r\u00e9gionale (les personnels des services d\u00e9concentr\u00e9s IdF ont vu leurs primes align\u00e9es sur celles de la centrale cet \u00e9t\u00e9&#8230;).<\/p>\n<p>&nbsp;<\/p>\n<p><span style=\"font-family: Arial, sans-serif\"><b>Discours du ministre Denormandie<\/b><\/span><b>&#8230;<\/b><\/p>\n<p><span style=\"font-family: Arial, sans-serif\">Beaucoup de bla-bla&#8230; peu de connaissances du syst\u00e8me &#8230; mais du beau monde (pr\u00e9fet, parlementaires, maires&#8230;)<br \/>\nSouhaite int\u00e9grer dans le plan de relance du gouvernement une nouvelle campagne de communication sur les m\u00e9tiers du vivant. (ce qui ne semble pas avoir \u00e9t\u00e9 entendu dans la pr\u00e9sentation du 3 septembre par le 1er ministre&#8230;)<\/span><\/p>\n<p><span style=\"font-family: Arial, sans-serif\"><br \/>\nUne visite rapide, le ministre partant en Allemagne pour une rencontre des ministres de l&rsquo;agriculture europ\u00e9ens.<\/span><\/p>\n","protected":false},"excerpt":{"rendered":"<p>&nbsp; 31 ao\u00fbt 2020\u00a0: Le Ministre Denormandie est pass\u00e9 \u00e0 St Germain en laye pour la pr\u00e9-rentr\u00e9e&#8230; &nbsp; &nbsp; Nous avons obtenu une audience avec M. Leveque (Conseiller du ministre), I. Chmitelin (DGER), I. de Francqueville (Adjointe DGER), et B. Beaussant (Driaaf), E. Hemery (Srfd IdF) \u2013 dur\u00e9e 40 minutes&#8230;- en pr\u00e9sence de 3 coll\u00e8gues [&hellip;]<\/p>\n","protected":false},"author":104,"featured_media":838,"comment_status":"closed","ping_status":"closed","sticky":false,"template":"","format":"standard","meta":{"ocean_post_layout":"","ocean_both_sidebars_style":"","ocean_both_sidebars_content_width":0,"ocean_both_sidebars_sidebars_width":0,"ocean_sidebar":"0","ocean_second_sidebar":"0","ocean_disable_margins":"enable","ocean_add_body_class":"","ocean_shortcode_before_top_bar":"","ocean_shortcode_after_top_bar":"","ocean_shortcode_before_header":"","ocean_shortcode_after_header":"","ocean_has_shortcode":"","ocean_shortcode_after_title":"","ocean_shortcode_before_footer_widgets":"","ocean_shortcode_after_footer_widgets":"","ocean_shortcode_before_footer_bottom":"","ocean_shortcode_after_footer_bottom":"","ocean_display_top_bar":"default","ocean_display_header":"default","ocean_header_style":"","ocean_center_header_left_menu":"0","ocean_custom_header_template":"0","ocean_custom_logo":0,"ocean_custom_retina_logo":0,"ocean_custom_logo_max_width":0,"ocean_custom_logo_tablet_max_width":0,"ocean_custom_logo_mobile_max_width":0,"ocean_custom_logo_max_height":0,"ocean_custom_logo_tablet_max_height":0,"ocean_custom_logo_mobile_max_height":0,"ocean_header_custom_menu":"0","ocean_menu_typo_font_family":"0","ocean_menu_typo_font_subset":"","ocean_menu_typo_font_size":0,"ocean_menu_typo_font_size_tablet":0,"ocean_menu_typo_font_size_mobile":0,"ocean_menu_typo_font_size_unit":"px","ocean_menu_typo_font_weight":"","ocean_menu_typo_font_weight_tablet":"","ocean_menu_typo_font_weight_mobile":"","ocean_menu_typo_transform":"","ocean_menu_typo_transform_tablet":"","ocean_menu_typo_transform_mobile":"","ocean_menu_typo_line_height":0,"ocean_menu_typo_line_height_tablet":0,"ocean_menu_typo_line_height_mobile":0,"ocean_menu_typo_line_height_unit":"","ocean_menu_typo_spacing":0,"ocean_menu_typo_spacing_tablet":0,"ocean_menu_typo_spacing_mobile":0,"ocean_menu_typo_spacing_unit":"","ocean_menu_link_color":"","ocean_menu_link_color_hover":"","ocean_menu_link_color_active":"","ocean_menu_link_background":"","ocean_menu_link_hover_background":"","ocean_menu_link_active_background":"","ocean_menu_social_links_bg":"","ocean_menu_social_hover_links_bg":"","ocean_menu_social_links_color":"","ocean_menu_social_hover_links_color":"","ocean_disable_title":"default","ocean_disable_heading":"default","ocean_post_title":"","ocean_post_subheading":"","ocean_post_title_style":"","ocean_post_title_background_color":"","ocean_post_title_background":0,"ocean_post_title_bg_image_position":"","ocean_post_title_bg_image_attachment":"","ocean_post_title_bg_image_repeat":"","ocean_post_title_bg_image_size":"","ocean_post_title_height":0,"ocean_post_title_bg_overlay":0.5,"ocean_post_title_bg_overlay_color":"","ocean_disable_breadcrumbs":"default","ocean_breadcrumbs_color":"","ocean_breadcrumbs_separator_color":"","ocean_breadcrumbs_links_color":"","ocean_breadcrumbs_links_hover_color":"","ocean_display_footer_widgets":"default","ocean_display_footer_bottom":"default","ocean_custom_footer_template":"0","ocean_post_oembed":"","ocean_post_self_hosted_media":"","ocean_post_video_embed":"","ocean_link_format":"","ocean_link_format_target":"self","ocean_quote_format":"","ocean_quote_format_link":"post","ocean_gallery_link_images":"off","ocean_gallery_id":[],"footnotes":""},"categories":[24],"tags":[],"post_folder":[],"class_list":["post-837","post","type-post","status-publish","format-standard","has-post-thumbnail","hentry","category-saint-germain-en-laye","entry","has-media"],"yoast_head":"<!-- This site is optimized with the Yoast SEO plugin v27.4 - https:\/\/yoast.com\/product\/yoast-seo-wordpress\/ -->\n<title>Le snetap r\u00e9gional interpelle la d\u00e9l\u00e9gation du ministre lors de la rentr\u00e9e - \u00ceLE-DE-FRANCE<\/title>\n<meta name=\"robots\" content=\"index, follow, max-snippet:-1, max-image-preview:large, max-video-preview:-1\" \/>\n<link rel=\"canonical\" href=\"https:\/\/regions-snetap-fsu.fr\/idf\/2020\/09\/08\/le-snetap-regional-interpelle-la-delegation-du-ministre-lors-de-la-rentree\/\" \/>\n<meta property=\"og:locale\" content=\"fr_FR\" \/>\n<meta property=\"og:type\" content=\"article\" \/>\n<meta property=\"og:title\" content=\"Le snetap r\u00e9gional interpelle la d\u00e9l\u00e9gation du ministre lors de la rentr\u00e9e - \u00ceLE-DE-FRANCE\" \/>\n<meta property=\"og:description\" content=\"&nbsp; 31 ao\u00fbt 2020\u00a0: Le Ministre Denormandie est pass\u00e9 \u00e0 St Germain en laye pour la pr\u00e9-rentr\u00e9e&#8230; &nbsp; &nbsp; Nous avons obtenu une audience avec M. Leveque (Conseiller du ministre), I. Chmitelin (DGER), I. de Francqueville (Adjointe DGER), et B. Beaussant (Driaaf), E. Hemery (Srfd IdF) \u2013 dur\u00e9e 40 minutes&#8230;- en pr\u00e9sence de 3 coll\u00e8gues [&hellip;]\" \/>\n<meta property=\"og:url\" content=\"https:\/\/regions-snetap-fsu.fr\/idf\/2020\/09\/08\/le-snetap-regional-interpelle-la-delegation-du-ministre-lors-de-la-rentree\/\" \/>\n<meta property=\"og:site_name\" content=\"\u00ceLE-DE-FRANCE\" \/>\n<meta property=\"article:published_time\" content=\"2020-09-08T20:26:39+00:00\" \/>\n<meta property=\"article:modified_time\" content=\"2020-09-11T17:21:29+00:00\" \/>\n<meta property=\"og:image\" content=\"https:\/\/regions-snetap-fsu.fr\/idf\/wp-content\/uploads\/sites\/11\/2020\/09\/Capture.jpg\" \/>\n\t<meta property=\"og:image:width\" content=\"541\" \/>\n\t<meta property=\"og:image:height\" content=\"359\" \/>\n\t<meta property=\"og:image:type\" content=\"image\/jpeg\" \/>\n<meta name=\"author\" content=\"tdossantos\" \/>\n<meta name=\"twitter:card\" content=\"summary_large_image\" \/>\n<meta name=\"twitter:label1\" content=\"\u00c9crit par\" \/>\n\t<meta name=\"twitter:data1\" content=\"tdossantos\" \/>\n\t<meta name=\"twitter:label2\" content=\"Dur\u00e9e de lecture estim\u00e9e\" \/>\n\t<meta name=\"twitter:data2\" content=\"2 minutes\" \/>\n<script type=\"application\/ld+json\" class=\"yoast-schema-graph\">{\"@context\":\"https:\\\/\\\/schema.org\",\"@graph\":[{\"@type\":\"Article\",\"@id\":\"https:\\\/\\\/regions-snetap-fsu.fr\\\/idf\\\/2020\\\/09\\\/08\\\/le-snetap-regional-interpelle-la-delegation-du-ministre-lors-de-la-rentree\\\/#article\",\"isPartOf\":{\"@id\":\"https:\\\/\\\/regions-snetap-fsu.fr\\\/idf\\\/2020\\\/09\\\/08\\\/le-snetap-regional-interpelle-la-delegation-du-ministre-lors-de-la-rentree\\\/\"},\"author\":{\"name\":\"tdossantos\",\"@id\":\"https:\\\/\\\/regions-snetap-fsu.fr\\\/idf\\\/#\\\/schema\\\/person\\\/1e2d8120205f21ade6260cd06759ef62\"},\"headline\":\"Le snetap r\u00e9gional interpelle la d\u00e9l\u00e9gation du ministre lors de la rentr\u00e9e\",\"datePublished\":\"2020-09-08T20:26:39+00:00\",\"dateModified\":\"2020-09-11T17:21:29+00:00\",\"mainEntityOfPage\":{\"@id\":\"https:\\\/\\\/regions-snetap-fsu.fr\\\/idf\\\/2020\\\/09\\\/08\\\/le-snetap-regional-interpelle-la-delegation-du-ministre-lors-de-la-rentree\\\/\"},\"wordCount\":431,\"image\":{\"@id\":\"https:\\\/\\\/regions-snetap-fsu.fr\\\/idf\\\/2020\\\/09\\\/08\\\/le-snetap-regional-interpelle-la-delegation-du-ministre-lors-de-la-rentree\\\/#primaryimage\"},\"thumbnailUrl\":\"https:\\\/\\\/regions-snetap-fsu.fr\\\/idf\\\/wp-content\\\/uploads\\\/sites\\\/11\\\/2020\\\/09\\\/Capture.jpg\",\"articleSection\":[\"Saint Germain en Laye\"],\"inLanguage\":\"fr-FR\"},{\"@type\":\"WebPage\",\"@id\":\"https:\\\/\\\/regions-snetap-fsu.fr\\\/idf\\\/2020\\\/09\\\/08\\\/le-snetap-regional-interpelle-la-delegation-du-ministre-lors-de-la-rentree\\\/\",\"url\":\"https:\\\/\\\/regions-snetap-fsu.fr\\\/idf\\\/2020\\\/09\\\/08\\\/le-snetap-regional-interpelle-la-delegation-du-ministre-lors-de-la-rentree\\\/\",\"name\":\"Le snetap r\u00e9gional interpelle la d\u00e9l\u00e9gation du ministre lors de la rentr\u00e9e - \u00ceLE-DE-FRANCE\",\"isPartOf\":{\"@id\":\"https:\\\/\\\/regions-snetap-fsu.fr\\\/idf\\\/#website\"},\"primaryImageOfPage\":{\"@id\":\"https:\\\/\\\/regions-snetap-fsu.fr\\\/idf\\\/2020\\\/09\\\/08\\\/le-snetap-regional-interpelle-la-delegation-du-ministre-lors-de-la-rentree\\\/#primaryimage\"},\"image\":{\"@id\":\"https:\\\/\\\/regions-snetap-fsu.fr\\\/idf\\\/2020\\\/09\\\/08\\\/le-snetap-regional-interpelle-la-delegation-du-ministre-lors-de-la-rentree\\\/#primaryimage\"},\"thumbnailUrl\":\"https:\\\/\\\/regions-snetap-fsu.fr\\\/idf\\\/wp-content\\\/uploads\\\/sites\\\/11\\\/2020\\\/09\\\/Capture.jpg\",\"datePublished\":\"2020-09-08T20:26:39+00:00\",\"dateModified\":\"2020-09-11T17:21:29+00:00\",\"author\":{\"@id\":\"https:\\\/\\\/regions-snetap-fsu.fr\\\/idf\\\/#\\\/schema\\\/person\\\/1e2d8120205f21ade6260cd06759ef62\"},\"breadcrumb\":{\"@id\":\"https:\\\/\\\/regions-snetap-fsu.fr\\\/idf\\\/2020\\\/09\\\/08\\\/le-snetap-regional-interpelle-la-delegation-du-ministre-lors-de-la-rentree\\\/#breadcrumb\"},\"inLanguage\":\"fr-FR\",\"potentialAction\":[{\"@type\":\"ReadAction\",\"target\":[\"https:\\\/\\\/regions-snetap-fsu.fr\\\/idf\\\/2020\\\/09\\\/08\\\/le-snetap-regional-interpelle-la-delegation-du-ministre-lors-de-la-rentree\\\/\"]}]},{\"@type\":\"ImageObject\",\"inLanguage\":\"fr-FR\",\"@id\":\"https:\\\/\\\/regions-snetap-fsu.fr\\\/idf\\\/2020\\\/09\\\/08\\\/le-snetap-regional-interpelle-la-delegation-du-ministre-lors-de-la-rentree\\\/#primaryimage\",\"url\":\"https:\\\/\\\/regions-snetap-fsu.fr\\\/idf\\\/wp-content\\\/uploads\\\/sites\\\/11\\\/2020\\\/09\\\/Capture.jpg\",\"contentUrl\":\"https:\\\/\\\/regions-snetap-fsu.fr\\\/idf\\\/wp-content\\\/uploads\\\/sites\\\/11\\\/2020\\\/09\\\/Capture.jpg\",\"width\":541,\"height\":359,\"caption\":\"Le ministre devant les personnels de Saint Germain en Laye le 31 ao\u00fbt 2020 (source : photo www.agriculture.gouv)\"},{\"@type\":\"BreadcrumbList\",\"@id\":\"https:\\\/\\\/regions-snetap-fsu.fr\\\/idf\\\/2020\\\/09\\\/08\\\/le-snetap-regional-interpelle-la-delegation-du-ministre-lors-de-la-rentree\\\/#breadcrumb\",\"itemListElement\":[{\"@type\":\"ListItem\",\"position\":1,\"name\":\"Accueil\",\"item\":\"https:\\\/\\\/regions-snetap-fsu.fr\\\/idf\\\/\"},{\"@type\":\"ListItem\",\"position\":2,\"name\":\"Le snetap r\u00e9gional interpelle la d\u00e9l\u00e9gation du ministre lors de la rentr\u00e9e\"}]},{\"@type\":\"WebSite\",\"@id\":\"https:\\\/\\\/regions-snetap-fsu.fr\\\/idf\\\/#website\",\"url\":\"https:\\\/\\\/regions-snetap-fsu.fr\\\/idf\\\/\",\"name\":\"\u00ceLE-DE-FRANCE\",\"description\":\"Le blog de la Section R\u00e9gionale\",\"potentialAction\":[{\"@type\":\"SearchAction\",\"target\":{\"@type\":\"EntryPoint\",\"urlTemplate\":\"https:\\\/\\\/regions-snetap-fsu.fr\\\/idf\\\/?s={search_term_string}\"},\"query-input\":{\"@type\":\"PropertyValueSpecification\",\"valueRequired\":true,\"valueName\":\"search_term_string\"}}],\"inLanguage\":\"fr-FR\"},{\"@type\":\"Person\",\"@id\":\"https:\\\/\\\/regions-snetap-fsu.fr\\\/idf\\\/#\\\/schema\\\/person\\\/1e2d8120205f21ade6260cd06759ef62\",\"name\":\"tdossantos\",\"image\":{\"@type\":\"ImageObject\",\"inLanguage\":\"fr-FR\",\"@id\":\"https:\\\/\\\/secure.gravatar.com\\\/avatar\\\/eb323d66303d5d3db90b97b88724753e51811779db988d61b5311e81a13ec30d?s=96&d=mm&r=g\",\"url\":\"https:\\\/\\\/secure.gravatar.com\\\/avatar\\\/eb323d66303d5d3db90b97b88724753e51811779db988d61b5311e81a13ec30d?s=96&d=mm&r=g\",\"contentUrl\":\"https:\\\/\\\/secure.gravatar.com\\\/avatar\\\/eb323d66303d5d3db90b97b88724753e51811779db988d61b5311e81a13ec30d?s=96&d=mm&r=g\",\"caption\":\"tdossantos\"},\"url\":\"https:\\\/\\\/regions-snetap-fsu.fr\\\/idf\\\/author\\\/tdossantos\\\/\"}]}<\/script>\n<!-- \/ Yoast SEO plugin. -->","yoast_head_json":{"title":"Le snetap r\u00e9gional interpelle la d\u00e9l\u00e9gation du ministre lors de la rentr\u00e9e - \u00ceLE-DE-FRANCE","robots":{"index":"index","follow":"follow","max-snippet":"max-snippet:-1","max-image-preview":"max-image-preview:large","max-video-preview":"max-video-preview:-1"},"canonical":"https:\/\/regions-snetap-fsu.fr\/idf\/2020\/09\/08\/le-snetap-regional-interpelle-la-delegation-du-ministre-lors-de-la-rentree\/","og_locale":"fr_FR","og_type":"article","og_title":"Le snetap r\u00e9gional interpelle la d\u00e9l\u00e9gation du ministre lors de la rentr\u00e9e - \u00ceLE-DE-FRANCE","og_description":"&nbsp; 31 ao\u00fbt 2020\u00a0: Le Ministre Denormandie est pass\u00e9 \u00e0 St Germain en laye pour la pr\u00e9-rentr\u00e9e&#8230; &nbsp; &nbsp; Nous avons obtenu une audience avec M. Leveque (Conseiller du ministre), I. Chmitelin (DGER), I. de Francqueville (Adjointe DGER), et B. Beaussant (Driaaf), E. Hemery (Srfd IdF) \u2013 dur\u00e9e 40 minutes&#8230;- en pr\u00e9sence de 3 coll\u00e8gues [&hellip;]","og_url":"https:\/\/regions-snetap-fsu.fr\/idf\/2020\/09\/08\/le-snetap-regional-interpelle-la-delegation-du-ministre-lors-de-la-rentree\/","og_site_name":"\u00ceLE-DE-FRANCE","article_published_time":"2020-09-08T20:26:39+00:00","article_modified_time":"2020-09-11T17:21:29+00:00","og_image":[{"width":541,"height":359,"url":"https:\/\/regions-snetap-fsu.fr\/idf\/wp-content\/uploads\/sites\/11\/2020\/09\/Capture.jpg","type":"image\/jpeg"}],"author":"tdossantos","twitter_card":"summary_large_image","twitter_misc":{"\u00c9crit par":"tdossantos","Dur\u00e9e de lecture estim\u00e9e":"2 minutes"},"schema":{"@context":"https:\/\/schema.org","@graph":[{"@type":"Article","@id":"https:\/\/regions-snetap-fsu.fr\/idf\/2020\/09\/08\/le-snetap-regional-interpelle-la-delegation-du-ministre-lors-de-la-rentree\/#article","isPartOf":{"@id":"https:\/\/regions-snetap-fsu.fr\/idf\/2020\/09\/08\/le-snetap-regional-interpelle-la-delegation-du-ministre-lors-de-la-rentree\/"},"author":{"name":"tdossantos","@id":"https:\/\/regions-snetap-fsu.fr\/idf\/#\/schema\/person\/1e2d8120205f21ade6260cd06759ef62"},"headline":"Le snetap r\u00e9gional interpelle la d\u00e9l\u00e9gation du ministre lors de la rentr\u00e9e","datePublished":"2020-09-08T20:26:39+00:00","dateModified":"2020-09-11T17:21:29+00:00","mainEntityOfPage":{"@id":"https:\/\/regions-snetap-fsu.fr\/idf\/2020\/09\/08\/le-snetap-regional-interpelle-la-delegation-du-ministre-lors-de-la-rentree\/"},"wordCount":431,"image":{"@id":"https:\/\/regions-snetap-fsu.fr\/idf\/2020\/09\/08\/le-snetap-regional-interpelle-la-delegation-du-ministre-lors-de-la-rentree\/#primaryimage"},"thumbnailUrl":"https:\/\/regions-snetap-fsu.fr\/idf\/wp-content\/uploads\/sites\/11\/2020\/09\/Capture.jpg","articleSection":["Saint Germain en Laye"],"inLanguage":"fr-FR"},{"@type":"WebPage","@id":"https:\/\/regions-snetap-fsu.fr\/idf\/2020\/09\/08\/le-snetap-regional-interpelle-la-delegation-du-ministre-lors-de-la-rentree\/","url":"https:\/\/regions-snetap-fsu.fr\/idf\/2020\/09\/08\/le-snetap-regional-interpelle-la-delegation-du-ministre-lors-de-la-rentree\/","name":"Le snetap r\u00e9gional interpelle la d\u00e9l\u00e9gation du ministre lors de la rentr\u00e9e - \u00ceLE-DE-FRANCE","isPartOf":{"@id":"https:\/\/regions-snetap-fsu.fr\/idf\/#website"},"primaryImageOfPage":{"@id":"https:\/\/regions-snetap-fsu.fr\/idf\/2020\/09\/08\/le-snetap-regional-interpelle-la-delegation-du-ministre-lors-de-la-rentree\/#primaryimage"},"image":{"@id":"https:\/\/regions-snetap-fsu.fr\/idf\/2020\/09\/08\/le-snetap-regional-interpelle-la-delegation-du-ministre-lors-de-la-rentree\/#primaryimage"},"thumbnailUrl":"https:\/\/regions-snetap-fsu.fr\/idf\/wp-content\/uploads\/sites\/11\/2020\/09\/Capture.jpg","datePublished":"2020-09-08T20:26:39+00:00","dateModified":"2020-09-11T17:21:29+00:00","author":{"@id":"https:\/\/regions-snetap-fsu.fr\/idf\/#\/schema\/person\/1e2d8120205f21ade6260cd06759ef62"},"breadcrumb":{"@id":"https:\/\/regions-snetap-fsu.fr\/idf\/2020\/09\/08\/le-snetap-regional-interpelle-la-delegation-du-ministre-lors-de-la-rentree\/#breadcrumb"},"inLanguage":"fr-FR","potentialAction":[{"@type":"ReadAction","target":["https:\/\/regions-snetap-fsu.fr\/idf\/2020\/09\/08\/le-snetap-regional-interpelle-la-delegation-du-ministre-lors-de-la-rentree\/"]}]},{"@type":"ImageObject","inLanguage":"fr-FR","@id":"https:\/\/regions-snetap-fsu.fr\/idf\/2020\/09\/08\/le-snetap-regional-interpelle-la-delegation-du-ministre-lors-de-la-rentree\/#primaryimage","url":"https:\/\/regions-snetap-fsu.fr\/idf\/wp-content\/uploads\/sites\/11\/2020\/09\/Capture.jpg","contentUrl":"https:\/\/regions-snetap-fsu.fr\/idf\/wp-content\/uploads\/sites\/11\/2020\/09\/Capture.jpg","width":541,"height":359,"caption":"Le ministre devant les personnels de Saint Germain en Laye le 31 ao\u00fbt 2020 (source : photo www.agriculture.gouv)"},{"@type":"BreadcrumbList","@id":"https:\/\/regions-snetap-fsu.fr\/idf\/2020\/09\/08\/le-snetap-regional-interpelle-la-delegation-du-ministre-lors-de-la-rentree\/#breadcrumb","itemListElement":[{"@type":"ListItem","position":1,"name":"Accueil","item":"https:\/\/regions-snetap-fsu.fr\/idf\/"},{"@type":"ListItem","position":2,"name":"Le snetap r\u00e9gional interpelle la d\u00e9l\u00e9gation du ministre lors de la rentr\u00e9e"}]},{"@type":"WebSite","@id":"https:\/\/regions-snetap-fsu.fr\/idf\/#website","url":"https:\/\/regions-snetap-fsu.fr\/idf\/","name":"\u00ceLE-DE-FRANCE","description":"Le blog de la Section R\u00e9gionale","potentialAction":[{"@type":"SearchAction","target":{"@type":"EntryPoint","urlTemplate":"https:\/\/regions-snetap-fsu.fr\/idf\/?s={search_term_string}"},"query-input":{"@type":"PropertyValueSpecification","valueRequired":true,"valueName":"search_term_string"}}],"inLanguage":"fr-FR"},{"@type":"Person","@id":"https:\/\/regions-snetap-fsu.fr\/idf\/#\/schema\/person\/1e2d8120205f21ade6260cd06759ef62","name":"tdossantos","image":{"@type":"ImageObject","inLanguage":"fr-FR","@id":"https:\/\/secure.gravatar.com\/avatar\/eb323d66303d5d3db90b97b88724753e51811779db988d61b5311e81a13ec30d?s=96&d=mm&r=g","url":"https:\/\/secure.gravatar.com\/avatar\/eb323d66303d5d3db90b97b88724753e51811779db988d61b5311e81a13ec30d?s=96&d=mm&r=g","contentUrl":"https:\/\/secure.gravatar.com\/avatar\/eb323d66303d5d3db90b97b88724753e51811779db988d61b5311e81a13ec30d?s=96&d=mm&r=g","caption":"tdossantos"},"url":"https:\/\/regions-snetap-fsu.fr\/idf\/author\/tdossantos\/"}]}},"_links":{"self":[{"href":"https:\/\/regions-snetap-fsu.fr\/idf\/wp-json\/wp\/v2\/posts\/837","targetHints":{"allow":["GET"]}}],"collection":[{"href":"https:\/\/regions-snetap-fsu.fr\/idf\/wp-json\/wp\/v2\/posts"}],"about":[{"href":"https:\/\/regions-snetap-fsu.fr\/idf\/wp-json\/wp\/v2\/types\/post"}],"author":[{"embeddable":true,"href":"https:\/\/regions-snetap-fsu.fr\/idf\/wp-json\/wp\/v2\/users\/104"}],"replies":[{"embeddable":true,"href":"https:\/\/regions-snetap-fsu.fr\/idf\/wp-json\/wp\/v2\/comments?post=837"}],"version-history":[{"count":9,"href":"https:\/\/regions-snetap-fsu.fr\/idf\/wp-json\/wp\/v2\/posts\/837\/revisions"}],"predecessor-version":[{"id":862,"href":"https:\/\/regions-snetap-fsu.fr\/idf\/wp-json\/wp\/v2\/posts\/837\/revisions\/862"}],"wp:featuredmedia":[{"embeddable":true,"href":"https:\/\/regions-snetap-fsu.fr\/idf\/wp-json\/wp\/v2\/media\/838"}],"wp:attachment":[{"href":"https:\/\/regions-snetap-fsu.fr\/idf\/wp-json\/wp\/v2\/media?parent=837"}],"wp:term":[{"taxonomy":"category","embeddable":true,"href":"https:\/\/regions-snetap-fsu.fr\/idf\/wp-json\/wp\/v2\/categories?post=837"},{"taxonomy":"post_tag","embeddable":true,"href":"https:\/\/regions-snetap-fsu.fr\/idf\/wp-json\/wp\/v2\/tags?post=837"},{"taxonomy":"post_folder","embeddable":true,"href":"https:\/\/regions-snetap-fsu.fr\/idf\/wp-json\/wp\/v2\/post_folder?post=837"}],"curies":[{"name":"wp","href":"https:\/\/api.w.org\/{rel}","templated":true}]}}