{"id":721,"date":"2020-03-02T13:16:22","date_gmt":"2020-03-02T12:16:22","guid":{"rendered":"https:\/\/regions-snetap-fsu.fr\/idf\/?p=721"},"modified":"2020-04-02T13:20:02","modified_gmt":"2020-04-02T11:20:02","slug":"debat-sur-letat-de-service-de-sante-en-seine-et-marne","status":"publish","type":"post","link":"https:\/\/regions-snetap-fsu.fr\/idf\/2020\/03\/02\/debat-sur-letat-de-service-de-sante-en-seine-et-marne\/","title":{"rendered":"Les probl\u00e8mes de sant\u00e9 en Seine-et-Marne examin\u00e9s \u00e0 la loupe&#8230;"},"content":{"rendered":"<p align=\"justify\"><span style=\"font-size: medium\"><b>L&rsquo;intersyndicale des Retrait\u00e9s du 77 organisait le 29 f\u00e9vrier 2020 un d\u00e9bat sur l&rsquo;\u00e9tat de la sant\u00e9 (Catastrophique !!!)\u00a0 en Seine et Marne.<\/b><\/span><\/p>\n<p>\u00c9taient pr\u00e9sents la CGT, la FSU (dont snetap), la CFTC et la FGR-FP (le repr\u00e9sentant FO \u00e9tant excus\u00e9)<\/p>\n<p>Christophe Prudhomme intervenait en tant que m\u00e9decin urgentiste (porte-parole de l&rsquo;association des m\u00e9decins urgentistes de France)\u00a0 et\u00a0 Madame Genevi\u00e8ve SERT\u00a0 vice pr\u00e9sidente du CD77 avait r\u00e9pondu \u00e0 notre invitation.<\/p>\n<p>Plus d\u2019une centaine de participants ont r\u00e9pondu \u00e0 l\u2019invitation pour d\u00e9battre des probl\u00e8mes de sant\u00e9 qui se posent de fa\u00e7on cruciale en Seine et Marne.<\/p>\n<p>En effet, notre d\u00e9partement conna\u00eet une situation tr\u00e8s catastrophique en ce qui concerne l\u2019acc\u00e8s aux soins. Alors qu\u2019il y a par exemple, public et priv\u00e9 confondus, 153 m\u00e9decins g\u00e9n\u00e9ralistes pour 100\u00a0000 habitants sur le territoire fran\u00e7ais, il n\u2019y en a que 98 dans notre d\u00e9partement<b> rel\u00e9guant la Seine et Marne au 96<\/b><sup><b>\u00e8me<\/b><\/sup><b> rang sur 101, DOM \u2013 TOM compris. <\/b><\/p>\n<p>Le nombre de g\u00e9n\u00e9ralistes a diminu\u00e9 de 121 par rapport \u00e0 2013 alors que la Seine-et-Marne gagnait 54\u00a0000 habitants suppl\u00e9mentaires.<\/p>\n<p>En ce qui concerne la densit\u00e9 d\u2019infirmiers et infirmi\u00e8res, la situation n\u2019est pas meilleure\u00a0: nous sommes 99\u00e8mes sur 101.<\/p>\n<p>L\u2019observatoire de sant\u00e9 Seine-et-Marne Sud estime que \u00ab\u00a0les indicateurs de sant\u00e9 sont d\u00e9favorables, voire tr\u00e8s d\u00e9favorables en comparaison avec la moyenne francilienne. La surmortalit\u00e9 est sup\u00e9rieure de 12% pour hommes et de 16,9% pour les femmes par rapport aux moyennes d\u2019Ile-de-France. Elle est sup\u00e9rieure de 82% pour les jeunes de 15 \u2013 24 ans\u00a0\u00bb.<\/p>\n<p>Les organisateurs avaient invit\u00e9 \u00e0 leur tribune le Dr Christophe PRUDHOMME, porte-parole de l\u2019Association des m\u00e9decins urgentistes de France \u2013 CGT.<\/p>\n<p>Madame Genevi\u00e8ve SERT, vice-pr\u00e9sidente du Conseil D\u00e9partemental en charge de la formation sup\u00e9rieure, professionnelle et de la pr\u00e9sence m\u00e9dicale, \u00e9tait pr\u00e9sente \u00e0 la r\u00e9union.<\/p>\n<p>Le d\u00e9bat a donn\u00e9 lieu \u00e0 de tr\u00e8s riches \u00e9changes. Les organisations de retrait\u00e9s demandent la <b>cr\u00e9ation d\u2019une facult\u00e9 de m\u00e9decine et d\u2019un Centre Hospitalier Universitaire<\/b> en Seine-et-Marne, ce qui correspondrait \u00e0 la demande de nombreux \u00e9tudiants et permettrait de disposer de jeunes m\u00e9decins dans notre d\u00e9partement.<\/p>\n<p>La demande est forte \u00e9galement pour des <b>centres de sant\u00e9 publics, fonctionnant avec des m\u00e9decins et du personnel param\u00e9dical salari\u00e9s<\/b>, travaillant en \u00e9quipe \u00e0 l\u2019image de ce qui se fait dans certains d\u00e9partements comme la Sa\u00f4ne et Loire. Une telle disposition \u00e9viterait aussi le probl\u00e8me des d\u00e9passements d\u2019honoraires et du surco\u00fbt des soins.<\/p>\n<p>Les participants ont convenu de se retrouver chaque ann\u00e9e pour mesurer l\u2019\u00e9volution de la situation de la Seine-et-Marne qui ne saurait rester en l\u2019\u00e9tat.<\/p>\n\n\t\t<div class=\"wppdfemb-frame-container-1\" style=\"-webkit-overflow-scrolling:auto;\">\n\t\t\t<iframe class=\"pdfembed-iframe nonfullscreen wppdf-emb-iframe-1\"\n\t\t\t\tsrc=\"https:\/\/regions-snetap-fsu.fr\/idf\/?pdfemb-data=eyJ1cmwiOiJodHRwczpcL1wvcmVnaW9ucy1zbmV0YXAtZnN1LmZyXC9pZGZcL3dwLWNvbnRlbnRcL3VwbG9hZHNcL3NpdGVzXC8xMVwvMjAyMFwvMDRcL0RpYXBvcmFtYS1TYW50XHUwMGU5LTc3LnBkZiIsInRpdGxlIjoiRGlhcG9yYW1hIFNhbnRcdTAwZTkgNzciLCJpbmRleCI6MSwicGRmSUQiOjcyNn0\"\n\t\t\t\ttitle=\"Diaporama Sant\u00e9 77\"\t\t\t\tdata-pdf-id=\"726\"\n\t\t\t\tdata-pdf-index=\"1\"\n\t\t\t\tstyle=\"border:none;width:100%;max-width:100%;height:100vh;\"\n\t\t\t\tscrolling=\"yes\">\n\t\t\t<\/iframe>\n\t\t<\/div>\n\n\t\t\n","protected":false},"excerpt":{"rendered":"<p>L&rsquo;intersyndicale des Retrait\u00e9s du 77 organisait le 29 f\u00e9vrier 2020 un d\u00e9bat sur l&rsquo;\u00e9tat de la sant\u00e9 (Catastrophique !!!)\u00a0 en Seine et Marne. \u00c9taient pr\u00e9sents la CGT, la FSU (dont snetap), la CFTC et la FGR-FP (le repr\u00e9sentant FO \u00e9tant excus\u00e9) Christophe Prudhomme intervenait en tant que m\u00e9decin urgentiste (porte-parole de l&rsquo;association des m\u00e9decins urgentistes [&hellip;]<\/p>\n","protected":false},"author":104,"featured_media":0,"comment_status":"closed","ping_status":"closed","sticky":false,"template":"","format":"standard","meta":{"ocean_post_layout":"","ocean_both_sidebars_style":"","ocean_both_sidebars_content_width":0,"ocean_both_sidebars_sidebars_width":0,"ocean_sidebar":"","ocean_second_sidebar":"","ocean_disable_margins":"enable","ocean_add_body_class":"","ocean_shortcode_before_top_bar":"","ocean_shortcode_after_top_bar":"","ocean_shortcode_before_header":"","ocean_shortcode_after_header":"","ocean_has_shortcode":"","ocean_shortcode_after_title":"","ocean_shortcode_before_footer_widgets":"","ocean_shortcode_after_footer_widgets":"","ocean_shortcode_before_footer_bottom":"","ocean_shortcode_after_footer_bottom":"","ocean_display_top_bar":"default","ocean_display_header":"default","ocean_header_style":"","ocean_center_header_left_menu":"","ocean_custom_header_template":"","ocean_custom_logo":0,"ocean_custom_retina_logo":0,"ocean_custom_logo_max_width":0,"ocean_custom_logo_tablet_max_width":0,"ocean_custom_logo_mobile_max_width":0,"ocean_custom_logo_max_height":0,"ocean_custom_logo_tablet_max_height":0,"ocean_custom_logo_mobile_max_height":0,"ocean_header_custom_menu":"","ocean_menu_typo_font_family":"","ocean_menu_typo_font_subset":"","ocean_menu_typo_font_size":0,"ocean_menu_typo_font_size_tablet":0,"ocean_menu_typo_font_size_mobile":0,"ocean_menu_typo_font_size_unit":"px","ocean_menu_typo_font_weight":"","ocean_menu_typo_font_weight_tablet":"","ocean_menu_typo_font_weight_mobile":"","ocean_menu_typo_transform":"","ocean_menu_typo_transform_tablet":"","ocean_menu_typo_transform_mobile":"","ocean_menu_typo_line_height":0,"ocean_menu_typo_line_height_tablet":0,"ocean_menu_typo_line_height_mobile":0,"ocean_menu_typo_line_height_unit":"","ocean_menu_typo_spacing":0,"ocean_menu_typo_spacing_tablet":0,"ocean_menu_typo_spacing_mobile":0,"ocean_menu_typo_spacing_unit":"","ocean_menu_link_color":"","ocean_menu_link_color_hover":"","ocean_menu_link_color_active":"","ocean_menu_link_background":"","ocean_menu_link_hover_background":"","ocean_menu_link_active_background":"","ocean_menu_social_links_bg":"","ocean_menu_social_hover_links_bg":"","ocean_menu_social_links_color":"","ocean_menu_social_hover_links_color":"","ocean_disable_title":"default","ocean_disable_heading":"default","ocean_post_title":"","ocean_post_subheading":"","ocean_post_title_style":"","ocean_post_title_background_color":"","ocean_post_title_background":0,"ocean_post_title_bg_image_position":"","ocean_post_title_bg_image_attachment":"","ocean_post_title_bg_image_repeat":"","ocean_post_title_bg_image_size":"","ocean_post_title_height":0,"ocean_post_title_bg_overlay":0.5,"ocean_post_title_bg_overlay_color":"","ocean_disable_breadcrumbs":"default","ocean_breadcrumbs_color":"","ocean_breadcrumbs_separator_color":"","ocean_breadcrumbs_links_color":"","ocean_breadcrumbs_links_hover_color":"","ocean_display_footer_widgets":"default","ocean_display_footer_bottom":"default","ocean_custom_footer_template":"","ocean_post_oembed":"","ocean_post_self_hosted_media":"","ocean_post_video_embed":"","ocean_link_format":"","ocean_link_format_target":"self","ocean_quote_format":"","ocean_quote_format_link":"post","ocean_gallery_link_images":"on","ocean_gallery_id":[],"footnotes":""},"categories":[13],"tags":[],"post_folder":[],"class_list":["post-721","post","type-post","status-publish","format-standard","hentry","category-manifestation","entry"],"yoast_head":"<!-- This site is optimized with the Yoast SEO plugin v27.4 - https:\/\/yoast.com\/product\/yoast-seo-wordpress\/ -->\n<title>Les probl\u00e8mes de sant\u00e9 en Seine-et-Marne examin\u00e9s \u00e0 la loupe... - \u00ceLE-DE-FRANCE<\/title>\n<meta name=\"robots\" content=\"index, follow, max-snippet:-1, max-image-preview:large, max-video-preview:-1\" \/>\n<link rel=\"canonical\" href=\"https:\/\/regions-snetap-fsu.fr\/idf\/2020\/03\/02\/debat-sur-letat-de-service-de-sante-en-seine-et-marne\/\" \/>\n<meta property=\"og:locale\" content=\"fr_FR\" \/>\n<meta property=\"og:type\" content=\"article\" \/>\n<meta property=\"og:title\" content=\"Les probl\u00e8mes de sant\u00e9 en Seine-et-Marne examin\u00e9s \u00e0 la loupe... - \u00ceLE-DE-FRANCE\" \/>\n<meta property=\"og:description\" content=\"L&rsquo;intersyndicale des Retrait\u00e9s du 77 organisait le 29 f\u00e9vrier 2020 un d\u00e9bat sur l&rsquo;\u00e9tat de la sant\u00e9 (Catastrophique !!!)\u00a0 en Seine et Marne. \u00c9taient pr\u00e9sents la CGT, la FSU (dont snetap), la CFTC et la FGR-FP (le repr\u00e9sentant FO \u00e9tant excus\u00e9) Christophe Prudhomme intervenait en tant que m\u00e9decin urgentiste (porte-parole de l&rsquo;association des m\u00e9decins urgentistes [&hellip;]\" \/>\n<meta property=\"og:url\" content=\"https:\/\/regions-snetap-fsu.fr\/idf\/2020\/03\/02\/debat-sur-letat-de-service-de-sante-en-seine-et-marne\/\" \/>\n<meta property=\"og:site_name\" content=\"\u00ceLE-DE-FRANCE\" \/>\n<meta property=\"article:published_time\" content=\"2020-03-02T12:16:22+00:00\" \/>\n<meta property=\"article:modified_time\" content=\"2020-04-02T11:20:02+00:00\" \/>\n<meta name=\"author\" content=\"tdossantos\" \/>\n<meta name=\"twitter:card\" content=\"summary_large_image\" \/>\n<meta name=\"twitter:label1\" content=\"\u00c9crit par\" \/>\n\t<meta name=\"twitter:data1\" content=\"tdossantos\" \/>\n\t<meta name=\"twitter:label2\" content=\"Dur\u00e9e de lecture estim\u00e9e\" \/>\n\t<meta name=\"twitter:data2\" content=\"2 minutes\" \/>\n<script type=\"application\/ld+json\" class=\"yoast-schema-graph\">{\"@context\":\"https:\\\/\\\/schema.org\",\"@graph\":[{\"@type\":\"Article\",\"@id\":\"https:\\\/\\\/regions-snetap-fsu.fr\\\/idf\\\/2020\\\/03\\\/02\\\/debat-sur-letat-de-service-de-sante-en-seine-et-marne\\\/#article\",\"isPartOf\":{\"@id\":\"https:\\\/\\\/regions-snetap-fsu.fr\\\/idf\\\/2020\\\/03\\\/02\\\/debat-sur-letat-de-service-de-sante-en-seine-et-marne\\\/\"},\"author\":{\"name\":\"tdossantos\",\"@id\":\"https:\\\/\\\/regions-snetap-fsu.fr\\\/idf\\\/#\\\/schema\\\/person\\\/1e2d8120205f21ade6260cd06759ef62\"},\"headline\":\"Les probl\u00e8mes de sant\u00e9 en Seine-et-Marne examin\u00e9s \u00e0 la loupe&#8230;\",\"datePublished\":\"2020-03-02T12:16:22+00:00\",\"dateModified\":\"2020-04-02T11:20:02+00:00\",\"mainEntityOfPage\":{\"@id\":\"https:\\\/\\\/regions-snetap-fsu.fr\\\/idf\\\/2020\\\/03\\\/02\\\/debat-sur-letat-de-service-de-sante-en-seine-et-marne\\\/\"},\"wordCount\":491,\"articleSection\":[\"Manifestation\"],\"inLanguage\":\"fr-FR\"},{\"@type\":\"WebPage\",\"@id\":\"https:\\\/\\\/regions-snetap-fsu.fr\\\/idf\\\/2020\\\/03\\\/02\\\/debat-sur-letat-de-service-de-sante-en-seine-et-marne\\\/\",\"url\":\"https:\\\/\\\/regions-snetap-fsu.fr\\\/idf\\\/2020\\\/03\\\/02\\\/debat-sur-letat-de-service-de-sante-en-seine-et-marne\\\/\",\"name\":\"Les probl\u00e8mes de sant\u00e9 en Seine-et-Marne examin\u00e9s \u00e0 la loupe... - \u00ceLE-DE-FRANCE\",\"isPartOf\":{\"@id\":\"https:\\\/\\\/regions-snetap-fsu.fr\\\/idf\\\/#website\"},\"datePublished\":\"2020-03-02T12:16:22+00:00\",\"dateModified\":\"2020-04-02T11:20:02+00:00\",\"author\":{\"@id\":\"https:\\\/\\\/regions-snetap-fsu.fr\\\/idf\\\/#\\\/schema\\\/person\\\/1e2d8120205f21ade6260cd06759ef62\"},\"breadcrumb\":{\"@id\":\"https:\\\/\\\/regions-snetap-fsu.fr\\\/idf\\\/2020\\\/03\\\/02\\\/debat-sur-letat-de-service-de-sante-en-seine-et-marne\\\/#breadcrumb\"},\"inLanguage\":\"fr-FR\",\"potentialAction\":[{\"@type\":\"ReadAction\",\"target\":[\"https:\\\/\\\/regions-snetap-fsu.fr\\\/idf\\\/2020\\\/03\\\/02\\\/debat-sur-letat-de-service-de-sante-en-seine-et-marne\\\/\"]}]},{\"@type\":\"BreadcrumbList\",\"@id\":\"https:\\\/\\\/regions-snetap-fsu.fr\\\/idf\\\/2020\\\/03\\\/02\\\/debat-sur-letat-de-service-de-sante-en-seine-et-marne\\\/#breadcrumb\",\"itemListElement\":[{\"@type\":\"ListItem\",\"position\":1,\"name\":\"Accueil\",\"item\":\"https:\\\/\\\/regions-snetap-fsu.fr\\\/idf\\\/\"},{\"@type\":\"ListItem\",\"position\":2,\"name\":\"Les probl\u00e8mes de sant\u00e9 en Seine-et-Marne examin\u00e9s \u00e0 la loupe&#8230;\"}]},{\"@type\":\"WebSite\",\"@id\":\"https:\\\/\\\/regions-snetap-fsu.fr\\\/idf\\\/#website\",\"url\":\"https:\\\/\\\/regions-snetap-fsu.fr\\\/idf\\\/\",\"name\":\"\u00ceLE-DE-FRANCE\",\"description\":\"Le blog de la Section R\u00e9gionale\",\"potentialAction\":[{\"@type\":\"SearchAction\",\"target\":{\"@type\":\"EntryPoint\",\"urlTemplate\":\"https:\\\/\\\/regions-snetap-fsu.fr\\\/idf\\\/?s={search_term_string}\"},\"query-input\":{\"@type\":\"PropertyValueSpecification\",\"valueRequired\":true,\"valueName\":\"search_term_string\"}}],\"inLanguage\":\"fr-FR\"},{\"@type\":\"Person\",\"@id\":\"https:\\\/\\\/regions-snetap-fsu.fr\\\/idf\\\/#\\\/schema\\\/person\\\/1e2d8120205f21ade6260cd06759ef62\",\"name\":\"tdossantos\",\"image\":{\"@type\":\"ImageObject\",\"inLanguage\":\"fr-FR\",\"@id\":\"https:\\\/\\\/secure.gravatar.com\\\/avatar\\\/eb323d66303d5d3db90b97b88724753e51811779db988d61b5311e81a13ec30d?s=96&d=mm&r=g\",\"url\":\"https:\\\/\\\/secure.gravatar.com\\\/avatar\\\/eb323d66303d5d3db90b97b88724753e51811779db988d61b5311e81a13ec30d?s=96&d=mm&r=g\",\"contentUrl\":\"https:\\\/\\\/secure.gravatar.com\\\/avatar\\\/eb323d66303d5d3db90b97b88724753e51811779db988d61b5311e81a13ec30d?s=96&d=mm&r=g\",\"caption\":\"tdossantos\"},\"url\":\"https:\\\/\\\/regions-snetap-fsu.fr\\\/idf\\\/author\\\/tdossantos\\\/\"}]}<\/script>\n<!-- \/ Yoast SEO plugin. -->","yoast_head_json":{"title":"Les probl\u00e8mes de sant\u00e9 en Seine-et-Marne examin\u00e9s \u00e0 la loupe... - \u00ceLE-DE-FRANCE","robots":{"index":"index","follow":"follow","max-snippet":"max-snippet:-1","max-image-preview":"max-image-preview:large","max-video-preview":"max-video-preview:-1"},"canonical":"https:\/\/regions-snetap-fsu.fr\/idf\/2020\/03\/02\/debat-sur-letat-de-service-de-sante-en-seine-et-marne\/","og_locale":"fr_FR","og_type":"article","og_title":"Les probl\u00e8mes de sant\u00e9 en Seine-et-Marne examin\u00e9s \u00e0 la loupe... - \u00ceLE-DE-FRANCE","og_description":"L&rsquo;intersyndicale des Retrait\u00e9s du 77 organisait le 29 f\u00e9vrier 2020 un d\u00e9bat sur l&rsquo;\u00e9tat de la sant\u00e9 (Catastrophique !!!)\u00a0 en Seine et Marne. \u00c9taient pr\u00e9sents la CGT, la FSU (dont snetap), la CFTC et la FGR-FP (le repr\u00e9sentant FO \u00e9tant excus\u00e9) Christophe Prudhomme intervenait en tant que m\u00e9decin urgentiste (porte-parole de l&rsquo;association des m\u00e9decins urgentistes [&hellip;]","og_url":"https:\/\/regions-snetap-fsu.fr\/idf\/2020\/03\/02\/debat-sur-letat-de-service-de-sante-en-seine-et-marne\/","og_site_name":"\u00ceLE-DE-FRANCE","article_published_time":"2020-03-02T12:16:22+00:00","article_modified_time":"2020-04-02T11:20:02+00:00","author":"tdossantos","twitter_card":"summary_large_image","twitter_misc":{"\u00c9crit par":"tdossantos","Dur\u00e9e de lecture estim\u00e9e":"2 minutes"},"schema":{"@context":"https:\/\/schema.org","@graph":[{"@type":"Article","@id":"https:\/\/regions-snetap-fsu.fr\/idf\/2020\/03\/02\/debat-sur-letat-de-service-de-sante-en-seine-et-marne\/#article","isPartOf":{"@id":"https:\/\/regions-snetap-fsu.fr\/idf\/2020\/03\/02\/debat-sur-letat-de-service-de-sante-en-seine-et-marne\/"},"author":{"name":"tdossantos","@id":"https:\/\/regions-snetap-fsu.fr\/idf\/#\/schema\/person\/1e2d8120205f21ade6260cd06759ef62"},"headline":"Les probl\u00e8mes de sant\u00e9 en Seine-et-Marne examin\u00e9s \u00e0 la loupe&#8230;","datePublished":"2020-03-02T12:16:22+00:00","dateModified":"2020-04-02T11:20:02+00:00","mainEntityOfPage":{"@id":"https:\/\/regions-snetap-fsu.fr\/idf\/2020\/03\/02\/debat-sur-letat-de-service-de-sante-en-seine-et-marne\/"},"wordCount":491,"articleSection":["Manifestation"],"inLanguage":"fr-FR"},{"@type":"WebPage","@id":"https:\/\/regions-snetap-fsu.fr\/idf\/2020\/03\/02\/debat-sur-letat-de-service-de-sante-en-seine-et-marne\/","url":"https:\/\/regions-snetap-fsu.fr\/idf\/2020\/03\/02\/debat-sur-letat-de-service-de-sante-en-seine-et-marne\/","name":"Les probl\u00e8mes de sant\u00e9 en Seine-et-Marne examin\u00e9s \u00e0 la loupe... - \u00ceLE-DE-FRANCE","isPartOf":{"@id":"https:\/\/regions-snetap-fsu.fr\/idf\/#website"},"datePublished":"2020-03-02T12:16:22+00:00","dateModified":"2020-04-02T11:20:02+00:00","author":{"@id":"https:\/\/regions-snetap-fsu.fr\/idf\/#\/schema\/person\/1e2d8120205f21ade6260cd06759ef62"},"breadcrumb":{"@id":"https:\/\/regions-snetap-fsu.fr\/idf\/2020\/03\/02\/debat-sur-letat-de-service-de-sante-en-seine-et-marne\/#breadcrumb"},"inLanguage":"fr-FR","potentialAction":[{"@type":"ReadAction","target":["https:\/\/regions-snetap-fsu.fr\/idf\/2020\/03\/02\/debat-sur-letat-de-service-de-sante-en-seine-et-marne\/"]}]},{"@type":"BreadcrumbList","@id":"https:\/\/regions-snetap-fsu.fr\/idf\/2020\/03\/02\/debat-sur-letat-de-service-de-sante-en-seine-et-marne\/#breadcrumb","itemListElement":[{"@type":"ListItem","position":1,"name":"Accueil","item":"https:\/\/regions-snetap-fsu.fr\/idf\/"},{"@type":"ListItem","position":2,"name":"Les probl\u00e8mes de sant\u00e9 en Seine-et-Marne examin\u00e9s \u00e0 la loupe&#8230;"}]},{"@type":"WebSite","@id":"https:\/\/regions-snetap-fsu.fr\/idf\/#website","url":"https:\/\/regions-snetap-fsu.fr\/idf\/","name":"\u00ceLE-DE-FRANCE","description":"Le blog de la Section R\u00e9gionale","potentialAction":[{"@type":"SearchAction","target":{"@type":"EntryPoint","urlTemplate":"https:\/\/regions-snetap-fsu.fr\/idf\/?s={search_term_string}"},"query-input":{"@type":"PropertyValueSpecification","valueRequired":true,"valueName":"search_term_string"}}],"inLanguage":"fr-FR"},{"@type":"Person","@id":"https:\/\/regions-snetap-fsu.fr\/idf\/#\/schema\/person\/1e2d8120205f21ade6260cd06759ef62","name":"tdossantos","image":{"@type":"ImageObject","inLanguage":"fr-FR","@id":"https:\/\/secure.gravatar.com\/avatar\/eb323d66303d5d3db90b97b88724753e51811779db988d61b5311e81a13ec30d?s=96&d=mm&r=g","url":"https:\/\/secure.gravatar.com\/avatar\/eb323d66303d5d3db90b97b88724753e51811779db988d61b5311e81a13ec30d?s=96&d=mm&r=g","contentUrl":"https:\/\/secure.gravatar.com\/avatar\/eb323d66303d5d3db90b97b88724753e51811779db988d61b5311e81a13ec30d?s=96&d=mm&r=g","caption":"tdossantos"},"url":"https:\/\/regions-snetap-fsu.fr\/idf\/author\/tdossantos\/"}]}},"_links":{"self":[{"href":"https:\/\/regions-snetap-fsu.fr\/idf\/wp-json\/wp\/v2\/posts\/721","targetHints":{"allow":["GET"]}}],"collection":[{"href":"https:\/\/regions-snetap-fsu.fr\/idf\/wp-json\/wp\/v2\/posts"}],"about":[{"href":"https:\/\/regions-snetap-fsu.fr\/idf\/wp-json\/wp\/v2\/types\/post"}],"author":[{"embeddable":true,"href":"https:\/\/regions-snetap-fsu.fr\/idf\/wp-json\/wp\/v2\/users\/104"}],"replies":[{"embeddable":true,"href":"https:\/\/regions-snetap-fsu.fr\/idf\/wp-json\/wp\/v2\/comments?post=721"}],"version-history":[{"count":4,"href":"https:\/\/regions-snetap-fsu.fr\/idf\/wp-json\/wp\/v2\/posts\/721\/revisions"}],"predecessor-version":[{"id":727,"href":"https:\/\/regions-snetap-fsu.fr\/idf\/wp-json\/wp\/v2\/posts\/721\/revisions\/727"}],"wp:attachment":[{"href":"https:\/\/regions-snetap-fsu.fr\/idf\/wp-json\/wp\/v2\/media?parent=721"}],"wp:term":[{"taxonomy":"category","embeddable":true,"href":"https:\/\/regions-snetap-fsu.fr\/idf\/wp-json\/wp\/v2\/categories?post=721"},{"taxonomy":"post_tag","embeddable":true,"href":"https:\/\/regions-snetap-fsu.fr\/idf\/wp-json\/wp\/v2\/tags?post=721"},{"taxonomy":"post_folder","embeddable":true,"href":"https:\/\/regions-snetap-fsu.fr\/idf\/wp-json\/wp\/v2\/post_folder?post=721"}],"curies":[{"name":"wp","href":"https:\/\/api.w.org\/{rel}","templated":true}]}}