{"id":686,"date":"2020-01-20T00:11:04","date_gmt":"2020-01-19T23:11:04","guid":{"rendered":"https:\/\/regions-snetap-fsu.fr\/idf\/?p=686"},"modified":"2021-01-23T19:00:20","modified_gmt":"2021-01-23T18:00:20","slug":"manif-a-melun-18-janvier-2020","status":"publish","type":"post","link":"https:\/\/regions-snetap-fsu.fr\/idf\/2020\/01\/20\/manif-a-melun-18-janvier-2020\/","title":{"rendered":"Manif \u00e0 Melun (18 janvier 2020)"},"content":{"rendered":"<p><img fetchpriority=\"high\" decoding=\"async\" class=\"alignnone wp-image-688 size-full\" src=\"https:\/\/regions-snetap-fsu.fr\/idf\/wp-content\/uploads\/sites\/11\/2020\/01\/Manif-Melun-Claire_0120-scaled.jpg\" alt=\"\" width=\"2560\" height=\"1920\" srcset=\"https:\/\/regions-snetap-fsu.fr\/idf\/wp-content\/uploads\/sites\/11\/2020\/01\/Manif-Melun-Claire_0120-scaled.jpg 2560w, https:\/\/regions-snetap-fsu.fr\/idf\/wp-content\/uploads\/sites\/11\/2020\/01\/Manif-Melun-Claire_0120-300x225.jpg 300w, https:\/\/regions-snetap-fsu.fr\/idf\/wp-content\/uploads\/sites\/11\/2020\/01\/Manif-Melun-Claire_0120-1024x768.jpg 1024w, https:\/\/regions-snetap-fsu.fr\/idf\/wp-content\/uploads\/sites\/11\/2020\/01\/Manif-Melun-Claire_0120-768x576.jpg 768w, https:\/\/regions-snetap-fsu.fr\/idf\/wp-content\/uploads\/sites\/11\/2020\/01\/Manif-Melun-Claire_0120-1536x1152.jpg 1536w, https:\/\/regions-snetap-fsu.fr\/idf\/wp-content\/uploads\/sites\/11\/2020\/01\/Manif-Melun-Claire_0120-2048x1536.jpg 2048w, https:\/\/regions-snetap-fsu.fr\/idf\/wp-content\/uploads\/sites\/11\/2020\/01\/Manif-Melun-Claire_0120-100x75.jpg 100w, https:\/\/regions-snetap-fsu.fr\/idf\/wp-content\/uploads\/sites\/11\/2020\/01\/Manif-Melun-Claire_0120-150x113.jpg 150w, https:\/\/regions-snetap-fsu.fr\/idf\/wp-content\/uploads\/sites\/11\/2020\/01\/Manif-Melun-Claire_0120-200x150.jpg 200w, https:\/\/regions-snetap-fsu.fr\/idf\/wp-content\/uploads\/sites\/11\/2020\/01\/Manif-Melun-Claire_0120-450x338.jpg 450w, https:\/\/regions-snetap-fsu.fr\/idf\/wp-content\/uploads\/sites\/11\/2020\/01\/Manif-Melun-Claire_0120-600x450.jpg 600w, https:\/\/regions-snetap-fsu.fr\/idf\/wp-content\/uploads\/sites\/11\/2020\/01\/Manif-Melun-Claire_0120-900x675.jpg 900w\" sizes=\"(max-width: 2560px) 100vw, 2560px\" \/><\/p>\n<p>Nous \u00e9tions pr\u00e9sents &#8211; et m\u00eame en t\u00eate de cort\u00e8ge &#8211; parmi les quelques 700 manifestants, arm\u00e9e d&rsquo;une tenue en mode \u00ab couverture de survie \u00bb, pour protester contre la r\u00e9forme des retraites ce samedi \u00e0 Melun.<\/p>\n<p><img decoding=\"async\" class=\"alignnone wp-image-691 size-full\" src=\"https:\/\/regions-snetap-fsu.fr\/idf\/wp-content\/uploads\/sites\/11\/2020\/01\/Manif-Melun_0120-scaled.jpg\" alt=\"\" width=\"1920\" height=\"2560\" srcset=\"https:\/\/regions-snetap-fsu.fr\/idf\/wp-content\/uploads\/sites\/11\/2020\/01\/Manif-Melun_0120-scaled.jpg 1920w, https:\/\/regions-snetap-fsu.fr\/idf\/wp-content\/uploads\/sites\/11\/2020\/01\/Manif-Melun_0120-225x300.jpg 225w, https:\/\/regions-snetap-fsu.fr\/idf\/wp-content\/uploads\/sites\/11\/2020\/01\/Manif-Melun_0120-768x1024.jpg 768w, https:\/\/regions-snetap-fsu.fr\/idf\/wp-content\/uploads\/sites\/11\/2020\/01\/Manif-Melun_0120-1152x1536.jpg 1152w, https:\/\/regions-snetap-fsu.fr\/idf\/wp-content\/uploads\/sites\/11\/2020\/01\/Manif-Melun_0120-1536x2048.jpg 1536w, https:\/\/regions-snetap-fsu.fr\/idf\/wp-content\/uploads\/sites\/11\/2020\/01\/Manif-Melun_0120-100x133.jpg 100w, https:\/\/regions-snetap-fsu.fr\/idf\/wp-content\/uploads\/sites\/11\/2020\/01\/Manif-Melun_0120-150x200.jpg 150w, https:\/\/regions-snetap-fsu.fr\/idf\/wp-content\/uploads\/sites\/11\/2020\/01\/Manif-Melun_0120-200x267.jpg 200w, https:\/\/regions-snetap-fsu.fr\/idf\/wp-content\/uploads\/sites\/11\/2020\/01\/Manif-Melun_0120-300x400.jpg 300w, https:\/\/regions-snetap-fsu.fr\/idf\/wp-content\/uploads\/sites\/11\/2020\/01\/Manif-Melun_0120-450x600.jpg 450w, https:\/\/regions-snetap-fsu.fr\/idf\/wp-content\/uploads\/sites\/11\/2020\/01\/Manif-Melun_0120-600x800.jpg 600w, https:\/\/regions-snetap-fsu.fr\/idf\/wp-content\/uploads\/sites\/11\/2020\/01\/Manif-Melun_0120-900x1200.jpg 900w\" sizes=\"(max-width: 1920px) 100vw, 1920px\" \/><\/p>\n<p>Le cort\u00e8ge s&rsquo;est arr\u00eat\u00e9 devant la si\u00e8ge de la d\u00e9put\u00e9e\u00a0 Luquet (MODEM), o\u00f9 en signe de m\u00e9contentement, des manuels scolaires ont \u00e9t\u00e9 d\u00e9pos\u00e9s devant sa porte (L&rsquo;\u00e9lue avait d\u00e9clin\u00e9 la proposition de rencontre).<\/p>\n<p><img decoding=\"async\" class=\"alignnone wp-image-692 size-full\" src=\"https:\/\/regions-snetap-fsu.fr\/idf\/wp-content\/uploads\/sites\/11\/2020\/01\/Manif-Melun-manuels_0120.jpg\" alt=\"\" width=\"615\" height=\"820\" srcset=\"https:\/\/regions-snetap-fsu.fr\/idf\/wp-content\/uploads\/sites\/11\/2020\/01\/Manif-Melun-manuels_0120.jpg 615w, https:\/\/regions-snetap-fsu.fr\/idf\/wp-content\/uploads\/sites\/11\/2020\/01\/Manif-Melun-manuels_0120-225x300.jpg 225w, https:\/\/regions-snetap-fsu.fr\/idf\/wp-content\/uploads\/sites\/11\/2020\/01\/Manif-Melun-manuels_0120-100x133.jpg 100w, https:\/\/regions-snetap-fsu.fr\/idf\/wp-content\/uploads\/sites\/11\/2020\/01\/Manif-Melun-manuels_0120-150x200.jpg 150w, https:\/\/regions-snetap-fsu.fr\/idf\/wp-content\/uploads\/sites\/11\/2020\/01\/Manif-Melun-manuels_0120-200x267.jpg 200w, https:\/\/regions-snetap-fsu.fr\/idf\/wp-content\/uploads\/sites\/11\/2020\/01\/Manif-Melun-manuels_0120-300x400.jpg 300w, https:\/\/regions-snetap-fsu.fr\/idf\/wp-content\/uploads\/sites\/11\/2020\/01\/Manif-Melun-manuels_0120-450x600.jpg 450w, https:\/\/regions-snetap-fsu.fr\/idf\/wp-content\/uploads\/sites\/11\/2020\/01\/Manif-Melun-manuels_0120-600x800.jpg 600w\" sizes=\"(max-width: 615px) 100vw, 615px\" \/><\/p>\n<p>Les <em>profs<\/em> n&rsquo;\u00e9taient pas les seuls \u00e0 demander le retrait du projet de loi. A l&rsquo;appel de l&rsquo;intersyndicale <em>CGT-FO-FSU-SUD<\/em>, Finances publiques, employ\u00e9s de la raffinerie <em>Grandpuits<\/em>, monde hospitalier, poste, cheminots, retrait\u00e9s, gilets jaunes &#8230; ont r\u00e9pondu pr\u00e9sents. Belle occasion de montrer que les villes moyennes sont encore capables de rassembler des citoyens pr\u00e8s de 50 jours depuis le d\u00e9but de l&rsquo;action syndicale et populaire.<\/p>\n<p><img loading=\"lazy\" decoding=\"async\" class=\"alignnone wp-image-690 size-full\" src=\"https:\/\/regions-snetap-fsu.fr\/idf\/wp-content\/uploads\/sites\/11\/2020\/01\/Manif-Melun-RAph-Clai_0120-scaled.jpg\" alt=\"\" width=\"1920\" height=\"2560\" srcset=\"https:\/\/regions-snetap-fsu.fr\/idf\/wp-content\/uploads\/sites\/11\/2020\/01\/Manif-Melun-RAph-Clai_0120-scaled.jpg 1920w, https:\/\/regions-snetap-fsu.fr\/idf\/wp-content\/uploads\/sites\/11\/2020\/01\/Manif-Melun-RAph-Clai_0120-225x300.jpg 225w, https:\/\/regions-snetap-fsu.fr\/idf\/wp-content\/uploads\/sites\/11\/2020\/01\/Manif-Melun-RAph-Clai_0120-768x1024.jpg 768w, https:\/\/regions-snetap-fsu.fr\/idf\/wp-content\/uploads\/sites\/11\/2020\/01\/Manif-Melun-RAph-Clai_0120-1152x1536.jpg 1152w, https:\/\/regions-snetap-fsu.fr\/idf\/wp-content\/uploads\/sites\/11\/2020\/01\/Manif-Melun-RAph-Clai_0120-1536x2048.jpg 1536w, https:\/\/regions-snetap-fsu.fr\/idf\/wp-content\/uploads\/sites\/11\/2020\/01\/Manif-Melun-RAph-Clai_0120-100x133.jpg 100w, https:\/\/regions-snetap-fsu.fr\/idf\/wp-content\/uploads\/sites\/11\/2020\/01\/Manif-Melun-RAph-Clai_0120-150x200.jpg 150w, https:\/\/regions-snetap-fsu.fr\/idf\/wp-content\/uploads\/sites\/11\/2020\/01\/Manif-Melun-RAph-Clai_0120-200x267.jpg 200w, https:\/\/regions-snetap-fsu.fr\/idf\/wp-content\/uploads\/sites\/11\/2020\/01\/Manif-Melun-RAph-Clai_0120-300x400.jpg 300w, https:\/\/regions-snetap-fsu.fr\/idf\/wp-content\/uploads\/sites\/11\/2020\/01\/Manif-Melun-RAph-Clai_0120-450x600.jpg 450w, https:\/\/regions-snetap-fsu.fr\/idf\/wp-content\/uploads\/sites\/11\/2020\/01\/Manif-Melun-RAph-Clai_0120-600x800.jpg 600w, https:\/\/regions-snetap-fsu.fr\/idf\/wp-content\/uploads\/sites\/11\/2020\/01\/Manif-Melun-RAph-Clai_0120-900x1200.jpg 900w\" sizes=\"(max-width: 1920px) 100vw, 1920px\" \/><\/p>\n","protected":false},"excerpt":{"rendered":"<p>Nous \u00e9tions pr\u00e9sents &#8211; et m\u00eame en t\u00eate de cort\u00e8ge &#8211; parmi les quelques 700 manifestants, arm\u00e9e d&rsquo;une tenue en mode \u00ab couverture de survie \u00bb, pour protester contre la r\u00e9forme des retraites ce samedi \u00e0 Melun. Le cort\u00e8ge s&rsquo;est arr\u00eat\u00e9 devant la si\u00e8ge de la d\u00e9put\u00e9e\u00a0 Luquet (MODEM), o\u00f9 en signe de m\u00e9contentement, des [&hellip;]<\/p>\n","protected":false},"author":104,"featured_media":688,"comment_status":"closed","ping_status":"closed","sticky":false,"template":"","format":"standard","meta":{"ocean_post_layout":"","ocean_both_sidebars_style":"","ocean_both_sidebars_content_width":0,"ocean_both_sidebars_sidebars_width":0,"ocean_sidebar":"0","ocean_second_sidebar":"0","ocean_disable_margins":"enable","ocean_add_body_class":"","ocean_shortcode_before_top_bar":"","ocean_shortcode_after_top_bar":"","ocean_shortcode_before_header":"","ocean_shortcode_after_header":"","ocean_has_shortcode":"","ocean_shortcode_after_title":"","ocean_shortcode_before_footer_widgets":"","ocean_shortcode_after_footer_widgets":"","ocean_shortcode_before_footer_bottom":"","ocean_shortcode_after_footer_bottom":"","ocean_display_top_bar":"default","ocean_display_header":"default","ocean_header_style":"","ocean_center_header_left_menu":"0","ocean_custom_header_template":"0","ocean_custom_logo":0,"ocean_custom_retina_logo":0,"ocean_custom_logo_max_width":0,"ocean_custom_logo_tablet_max_width":0,"ocean_custom_logo_mobile_max_width":0,"ocean_custom_logo_max_height":0,"ocean_custom_logo_tablet_max_height":0,"ocean_custom_logo_mobile_max_height":0,"ocean_header_custom_menu":"0","ocean_menu_typo_font_family":"0","ocean_menu_typo_font_subset":"","ocean_menu_typo_font_size":0,"ocean_menu_typo_font_size_tablet":0,"ocean_menu_typo_font_size_mobile":0,"ocean_menu_typo_font_size_unit":"px","ocean_menu_typo_font_weight":"","ocean_menu_typo_font_weight_tablet":"","ocean_menu_typo_font_weight_mobile":"","ocean_menu_typo_transform":"","ocean_menu_typo_transform_tablet":"","ocean_menu_typo_transform_mobile":"","ocean_menu_typo_line_height":0,"ocean_menu_typo_line_height_tablet":0,"ocean_menu_typo_line_height_mobile":0,"ocean_menu_typo_line_height_unit":"","ocean_menu_typo_spacing":0,"ocean_menu_typo_spacing_tablet":0,"ocean_menu_typo_spacing_mobile":0,"ocean_menu_typo_spacing_unit":"","ocean_menu_link_color":"","ocean_menu_link_color_hover":"","ocean_menu_link_color_active":"","ocean_menu_link_background":"","ocean_menu_link_hover_background":"","ocean_menu_link_active_background":"","ocean_menu_social_links_bg":"","ocean_menu_social_hover_links_bg":"","ocean_menu_social_links_color":"","ocean_menu_social_hover_links_color":"","ocean_disable_title":"default","ocean_disable_heading":"default","ocean_post_title":"","ocean_post_subheading":"","ocean_post_title_style":"","ocean_post_title_background_color":"","ocean_post_title_background":0,"ocean_post_title_bg_image_position":"","ocean_post_title_bg_image_attachment":"","ocean_post_title_bg_image_repeat":"","ocean_post_title_bg_image_size":"","ocean_post_title_height":0,"ocean_post_title_bg_overlay":0.5,"ocean_post_title_bg_overlay_color":"","ocean_disable_breadcrumbs":"default","ocean_breadcrumbs_color":"","ocean_breadcrumbs_separator_color":"","ocean_breadcrumbs_links_color":"","ocean_breadcrumbs_links_hover_color":"","ocean_display_footer_widgets":"default","ocean_display_footer_bottom":"default","ocean_custom_footer_template":"0","ocean_post_oembed":"","ocean_post_self_hosted_media":"","ocean_post_video_embed":"","ocean_link_format":"","ocean_link_format_target":"self","ocean_quote_format":"","ocean_quote_format_link":"post","ocean_gallery_link_images":"off","ocean_gallery_id":[],"footnotes":""},"categories":[12,4,13],"tags":[],"post_folder":[],"class_list":["post-686","post","type-post","status-publish","format-standard","has-post-thumbnail","hentry","category-brie","category-en-direct-des-sections","category-manifestation","entry","has-media"],"yoast_head":"<!-- This site is optimized with the Yoast SEO plugin v27.4 - https:\/\/yoast.com\/product\/yoast-seo-wordpress\/ -->\n<title>Manif \u00e0 Melun (18 janvier 2020) - \u00ceLE-DE-FRANCE<\/title>\n<meta name=\"robots\" content=\"index, follow, max-snippet:-1, max-image-preview:large, max-video-preview:-1\" \/>\n<link rel=\"canonical\" href=\"https:\/\/regions-snetap-fsu.fr\/idf\/2020\/01\/20\/manif-a-melun-18-janvier-2020\/\" \/>\n<meta property=\"og:locale\" content=\"fr_FR\" \/>\n<meta property=\"og:type\" content=\"article\" \/>\n<meta property=\"og:title\" content=\"Manif \u00e0 Melun (18 janvier 2020) - \u00ceLE-DE-FRANCE\" \/>\n<meta property=\"og:description\" content=\"Nous \u00e9tions pr\u00e9sents &#8211; et m\u00eame en t\u00eate de cort\u00e8ge &#8211; parmi les quelques 700 manifestants, arm\u00e9e d&rsquo;une tenue en mode \u00ab couverture de survie \u00bb, pour protester contre la r\u00e9forme des retraites ce samedi \u00e0 Melun. Le cort\u00e8ge s&rsquo;est arr\u00eat\u00e9 devant la si\u00e8ge de la d\u00e9put\u00e9e\u00a0 Luquet (MODEM), o\u00f9 en signe de m\u00e9contentement, des [&hellip;]\" \/>\n<meta property=\"og:url\" content=\"https:\/\/regions-snetap-fsu.fr\/idf\/2020\/01\/20\/manif-a-melun-18-janvier-2020\/\" \/>\n<meta property=\"og:site_name\" content=\"\u00ceLE-DE-FRANCE\" \/>\n<meta property=\"article:published_time\" content=\"2020-01-19T23:11:04+00:00\" \/>\n<meta property=\"article:modified_time\" content=\"2021-01-23T18:00:20+00:00\" \/>\n<meta property=\"og:image\" content=\"https:\/\/regions-snetap-fsu.fr\/idf\/wp-content\/uploads\/sites\/11\/2020\/01\/Manif-Melun-Claire_0120-scaled.jpg\" \/>\n\t<meta property=\"og:image:width\" content=\"2560\" \/>\n\t<meta property=\"og:image:height\" content=\"1920\" \/>\n\t<meta property=\"og:image:type\" content=\"image\/jpeg\" \/>\n<meta name=\"author\" content=\"tdossantos\" \/>\n<meta name=\"twitter:card\" content=\"summary_large_image\" \/>\n<meta name=\"twitter:label1\" content=\"\u00c9crit par\" \/>\n\t<meta name=\"twitter:data1\" content=\"tdossantos\" \/>\n\t<meta name=\"twitter:label2\" content=\"Dur\u00e9e de lecture estim\u00e9e\" \/>\n\t<meta name=\"twitter:data2\" content=\"1 minute\" \/>\n<script type=\"application\/ld+json\" class=\"yoast-schema-graph\">{\"@context\":\"https:\\\/\\\/schema.org\",\"@graph\":[{\"@type\":\"Article\",\"@id\":\"https:\\\/\\\/regions-snetap-fsu.fr\\\/idf\\\/2020\\\/01\\\/20\\\/manif-a-melun-18-janvier-2020\\\/#article\",\"isPartOf\":{\"@id\":\"https:\\\/\\\/regions-snetap-fsu.fr\\\/idf\\\/2020\\\/01\\\/20\\\/manif-a-melun-18-janvier-2020\\\/\"},\"author\":{\"name\":\"tdossantos\",\"@id\":\"https:\\\/\\\/regions-snetap-fsu.fr\\\/idf\\\/#\\\/schema\\\/person\\\/1e2d8120205f21ade6260cd06759ef62\"},\"headline\":\"Manif \u00e0 Melun (18 janvier 2020)\",\"datePublished\":\"2020-01-19T23:11:04+00:00\",\"dateModified\":\"2021-01-23T18:00:20+00:00\",\"mainEntityOfPage\":{\"@id\":\"https:\\\/\\\/regions-snetap-fsu.fr\\\/idf\\\/2020\\\/01\\\/20\\\/manif-a-melun-18-janvier-2020\\\/\"},\"wordCount\":158,\"image\":{\"@id\":\"https:\\\/\\\/regions-snetap-fsu.fr\\\/idf\\\/2020\\\/01\\\/20\\\/manif-a-melun-18-janvier-2020\\\/#primaryimage\"},\"thumbnailUrl\":\"https:\\\/\\\/regions-snetap-fsu.fr\\\/idf\\\/wp-content\\\/uploads\\\/sites\\\/11\\\/2020\\\/01\\\/Manif-Melun-Claire_0120-scaled.jpg\",\"articleSection\":[\"BRIE\",\"En direct des sections\",\"Manifestation\"],\"inLanguage\":\"fr-FR\"},{\"@type\":\"WebPage\",\"@id\":\"https:\\\/\\\/regions-snetap-fsu.fr\\\/idf\\\/2020\\\/01\\\/20\\\/manif-a-melun-18-janvier-2020\\\/\",\"url\":\"https:\\\/\\\/regions-snetap-fsu.fr\\\/idf\\\/2020\\\/01\\\/20\\\/manif-a-melun-18-janvier-2020\\\/\",\"name\":\"Manif \u00e0 Melun (18 janvier 2020) - \u00ceLE-DE-FRANCE\",\"isPartOf\":{\"@id\":\"https:\\\/\\\/regions-snetap-fsu.fr\\\/idf\\\/#website\"},\"primaryImageOfPage\":{\"@id\":\"https:\\\/\\\/regions-snetap-fsu.fr\\\/idf\\\/2020\\\/01\\\/20\\\/manif-a-melun-18-janvier-2020\\\/#primaryimage\"},\"image\":{\"@id\":\"https:\\\/\\\/regions-snetap-fsu.fr\\\/idf\\\/2020\\\/01\\\/20\\\/manif-a-melun-18-janvier-2020\\\/#primaryimage\"},\"thumbnailUrl\":\"https:\\\/\\\/regions-snetap-fsu.fr\\\/idf\\\/wp-content\\\/uploads\\\/sites\\\/11\\\/2020\\\/01\\\/Manif-Melun-Claire_0120-scaled.jpg\",\"datePublished\":\"2020-01-19T23:11:04+00:00\",\"dateModified\":\"2021-01-23T18:00:20+00:00\",\"author\":{\"@id\":\"https:\\\/\\\/regions-snetap-fsu.fr\\\/idf\\\/#\\\/schema\\\/person\\\/1e2d8120205f21ade6260cd06759ef62\"},\"breadcrumb\":{\"@id\":\"https:\\\/\\\/regions-snetap-fsu.fr\\\/idf\\\/2020\\\/01\\\/20\\\/manif-a-melun-18-janvier-2020\\\/#breadcrumb\"},\"inLanguage\":\"fr-FR\",\"potentialAction\":[{\"@type\":\"ReadAction\",\"target\":[\"https:\\\/\\\/regions-snetap-fsu.fr\\\/idf\\\/2020\\\/01\\\/20\\\/manif-a-melun-18-janvier-2020\\\/\"]}]},{\"@type\":\"ImageObject\",\"inLanguage\":\"fr-FR\",\"@id\":\"https:\\\/\\\/regions-snetap-fsu.fr\\\/idf\\\/2020\\\/01\\\/20\\\/manif-a-melun-18-janvier-2020\\\/#primaryimage\",\"url\":\"https:\\\/\\\/regions-snetap-fsu.fr\\\/idf\\\/wp-content\\\/uploads\\\/sites\\\/11\\\/2020\\\/01\\\/Manif-Melun-Claire_0120-scaled.jpg\",\"contentUrl\":\"https:\\\/\\\/regions-snetap-fsu.fr\\\/idf\\\/wp-content\\\/uploads\\\/sites\\\/11\\\/2020\\\/01\\\/Manif-Melun-Claire_0120-scaled.jpg\",\"width\":2560,\"height\":1920},{\"@type\":\"BreadcrumbList\",\"@id\":\"https:\\\/\\\/regions-snetap-fsu.fr\\\/idf\\\/2020\\\/01\\\/20\\\/manif-a-melun-18-janvier-2020\\\/#breadcrumb\",\"itemListElement\":[{\"@type\":\"ListItem\",\"position\":1,\"name\":\"Accueil\",\"item\":\"https:\\\/\\\/regions-snetap-fsu.fr\\\/idf\\\/\"},{\"@type\":\"ListItem\",\"position\":2,\"name\":\"Manif \u00e0 Melun (18 janvier 2020)\"}]},{\"@type\":\"WebSite\",\"@id\":\"https:\\\/\\\/regions-snetap-fsu.fr\\\/idf\\\/#website\",\"url\":\"https:\\\/\\\/regions-snetap-fsu.fr\\\/idf\\\/\",\"name\":\"\u00ceLE-DE-FRANCE\",\"description\":\"Le blog de la Section R\u00e9gionale\",\"potentialAction\":[{\"@type\":\"SearchAction\",\"target\":{\"@type\":\"EntryPoint\",\"urlTemplate\":\"https:\\\/\\\/regions-snetap-fsu.fr\\\/idf\\\/?s={search_term_string}\"},\"query-input\":{\"@type\":\"PropertyValueSpecification\",\"valueRequired\":true,\"valueName\":\"search_term_string\"}}],\"inLanguage\":\"fr-FR\"},{\"@type\":\"Person\",\"@id\":\"https:\\\/\\\/regions-snetap-fsu.fr\\\/idf\\\/#\\\/schema\\\/person\\\/1e2d8120205f21ade6260cd06759ef62\",\"name\":\"tdossantos\",\"image\":{\"@type\":\"ImageObject\",\"inLanguage\":\"fr-FR\",\"@id\":\"https:\\\/\\\/secure.gravatar.com\\\/avatar\\\/eb323d66303d5d3db90b97b88724753e51811779db988d61b5311e81a13ec30d?s=96&d=mm&r=g\",\"url\":\"https:\\\/\\\/secure.gravatar.com\\\/avatar\\\/eb323d66303d5d3db90b97b88724753e51811779db988d61b5311e81a13ec30d?s=96&d=mm&r=g\",\"contentUrl\":\"https:\\\/\\\/secure.gravatar.com\\\/avatar\\\/eb323d66303d5d3db90b97b88724753e51811779db988d61b5311e81a13ec30d?s=96&d=mm&r=g\",\"caption\":\"tdossantos\"},\"url\":\"https:\\\/\\\/regions-snetap-fsu.fr\\\/idf\\\/author\\\/tdossantos\\\/\"}]}<\/script>\n<!-- \/ Yoast SEO plugin. -->","yoast_head_json":{"title":"Manif \u00e0 Melun (18 janvier 2020) - \u00ceLE-DE-FRANCE","robots":{"index":"index","follow":"follow","max-snippet":"max-snippet:-1","max-image-preview":"max-image-preview:large","max-video-preview":"max-video-preview:-1"},"canonical":"https:\/\/regions-snetap-fsu.fr\/idf\/2020\/01\/20\/manif-a-melun-18-janvier-2020\/","og_locale":"fr_FR","og_type":"article","og_title":"Manif \u00e0 Melun (18 janvier 2020) - \u00ceLE-DE-FRANCE","og_description":"Nous \u00e9tions pr\u00e9sents &#8211; et m\u00eame en t\u00eate de cort\u00e8ge &#8211; parmi les quelques 700 manifestants, arm\u00e9e d&rsquo;une tenue en mode \u00ab couverture de survie \u00bb, pour protester contre la r\u00e9forme des retraites ce samedi \u00e0 Melun. Le cort\u00e8ge s&rsquo;est arr\u00eat\u00e9 devant la si\u00e8ge de la d\u00e9put\u00e9e\u00a0 Luquet (MODEM), o\u00f9 en signe de m\u00e9contentement, des [&hellip;]","og_url":"https:\/\/regions-snetap-fsu.fr\/idf\/2020\/01\/20\/manif-a-melun-18-janvier-2020\/","og_site_name":"\u00ceLE-DE-FRANCE","article_published_time":"2020-01-19T23:11:04+00:00","article_modified_time":"2021-01-23T18:00:20+00:00","og_image":[{"width":2560,"height":1920,"url":"https:\/\/regions-snetap-fsu.fr\/idf\/wp-content\/uploads\/sites\/11\/2020\/01\/Manif-Melun-Claire_0120-scaled.jpg","type":"image\/jpeg"}],"author":"tdossantos","twitter_card":"summary_large_image","twitter_misc":{"\u00c9crit par":"tdossantos","Dur\u00e9e de lecture estim\u00e9e":"1 minute"},"schema":{"@context":"https:\/\/schema.org","@graph":[{"@type":"Article","@id":"https:\/\/regions-snetap-fsu.fr\/idf\/2020\/01\/20\/manif-a-melun-18-janvier-2020\/#article","isPartOf":{"@id":"https:\/\/regions-snetap-fsu.fr\/idf\/2020\/01\/20\/manif-a-melun-18-janvier-2020\/"},"author":{"name":"tdossantos","@id":"https:\/\/regions-snetap-fsu.fr\/idf\/#\/schema\/person\/1e2d8120205f21ade6260cd06759ef62"},"headline":"Manif \u00e0 Melun (18 janvier 2020)","datePublished":"2020-01-19T23:11:04+00:00","dateModified":"2021-01-23T18:00:20+00:00","mainEntityOfPage":{"@id":"https:\/\/regions-snetap-fsu.fr\/idf\/2020\/01\/20\/manif-a-melun-18-janvier-2020\/"},"wordCount":158,"image":{"@id":"https:\/\/regions-snetap-fsu.fr\/idf\/2020\/01\/20\/manif-a-melun-18-janvier-2020\/#primaryimage"},"thumbnailUrl":"https:\/\/regions-snetap-fsu.fr\/idf\/wp-content\/uploads\/sites\/11\/2020\/01\/Manif-Melun-Claire_0120-scaled.jpg","articleSection":["BRIE","En direct des sections","Manifestation"],"inLanguage":"fr-FR"},{"@type":"WebPage","@id":"https:\/\/regions-snetap-fsu.fr\/idf\/2020\/01\/20\/manif-a-melun-18-janvier-2020\/","url":"https:\/\/regions-snetap-fsu.fr\/idf\/2020\/01\/20\/manif-a-melun-18-janvier-2020\/","name":"Manif \u00e0 Melun (18 janvier 2020) - \u00ceLE-DE-FRANCE","isPartOf":{"@id":"https:\/\/regions-snetap-fsu.fr\/idf\/#website"},"primaryImageOfPage":{"@id":"https:\/\/regions-snetap-fsu.fr\/idf\/2020\/01\/20\/manif-a-melun-18-janvier-2020\/#primaryimage"},"image":{"@id":"https:\/\/regions-snetap-fsu.fr\/idf\/2020\/01\/20\/manif-a-melun-18-janvier-2020\/#primaryimage"},"thumbnailUrl":"https:\/\/regions-snetap-fsu.fr\/idf\/wp-content\/uploads\/sites\/11\/2020\/01\/Manif-Melun-Claire_0120-scaled.jpg","datePublished":"2020-01-19T23:11:04+00:00","dateModified":"2021-01-23T18:00:20+00:00","author":{"@id":"https:\/\/regions-snetap-fsu.fr\/idf\/#\/schema\/person\/1e2d8120205f21ade6260cd06759ef62"},"breadcrumb":{"@id":"https:\/\/regions-snetap-fsu.fr\/idf\/2020\/01\/20\/manif-a-melun-18-janvier-2020\/#breadcrumb"},"inLanguage":"fr-FR","potentialAction":[{"@type":"ReadAction","target":["https:\/\/regions-snetap-fsu.fr\/idf\/2020\/01\/20\/manif-a-melun-18-janvier-2020\/"]}]},{"@type":"ImageObject","inLanguage":"fr-FR","@id":"https:\/\/regions-snetap-fsu.fr\/idf\/2020\/01\/20\/manif-a-melun-18-janvier-2020\/#primaryimage","url":"https:\/\/regions-snetap-fsu.fr\/idf\/wp-content\/uploads\/sites\/11\/2020\/01\/Manif-Melun-Claire_0120-scaled.jpg","contentUrl":"https:\/\/regions-snetap-fsu.fr\/idf\/wp-content\/uploads\/sites\/11\/2020\/01\/Manif-Melun-Claire_0120-scaled.jpg","width":2560,"height":1920},{"@type":"BreadcrumbList","@id":"https:\/\/regions-snetap-fsu.fr\/idf\/2020\/01\/20\/manif-a-melun-18-janvier-2020\/#breadcrumb","itemListElement":[{"@type":"ListItem","position":1,"name":"Accueil","item":"https:\/\/regions-snetap-fsu.fr\/idf\/"},{"@type":"ListItem","position":2,"name":"Manif \u00e0 Melun (18 janvier 2020)"}]},{"@type":"WebSite","@id":"https:\/\/regions-snetap-fsu.fr\/idf\/#website","url":"https:\/\/regions-snetap-fsu.fr\/idf\/","name":"\u00ceLE-DE-FRANCE","description":"Le blog de la Section R\u00e9gionale","potentialAction":[{"@type":"SearchAction","target":{"@type":"EntryPoint","urlTemplate":"https:\/\/regions-snetap-fsu.fr\/idf\/?s={search_term_string}"},"query-input":{"@type":"PropertyValueSpecification","valueRequired":true,"valueName":"search_term_string"}}],"inLanguage":"fr-FR"},{"@type":"Person","@id":"https:\/\/regions-snetap-fsu.fr\/idf\/#\/schema\/person\/1e2d8120205f21ade6260cd06759ef62","name":"tdossantos","image":{"@type":"ImageObject","inLanguage":"fr-FR","@id":"https:\/\/secure.gravatar.com\/avatar\/eb323d66303d5d3db90b97b88724753e51811779db988d61b5311e81a13ec30d?s=96&d=mm&r=g","url":"https:\/\/secure.gravatar.com\/avatar\/eb323d66303d5d3db90b97b88724753e51811779db988d61b5311e81a13ec30d?s=96&d=mm&r=g","contentUrl":"https:\/\/secure.gravatar.com\/avatar\/eb323d66303d5d3db90b97b88724753e51811779db988d61b5311e81a13ec30d?s=96&d=mm&r=g","caption":"tdossantos"},"url":"https:\/\/regions-snetap-fsu.fr\/idf\/author\/tdossantos\/"}]}},"_links":{"self":[{"href":"https:\/\/regions-snetap-fsu.fr\/idf\/wp-json\/wp\/v2\/posts\/686","targetHints":{"allow":["GET"]}}],"collection":[{"href":"https:\/\/regions-snetap-fsu.fr\/idf\/wp-json\/wp\/v2\/posts"}],"about":[{"href":"https:\/\/regions-snetap-fsu.fr\/idf\/wp-json\/wp\/v2\/types\/post"}],"author":[{"embeddable":true,"href":"https:\/\/regions-snetap-fsu.fr\/idf\/wp-json\/wp\/v2\/users\/104"}],"replies":[{"embeddable":true,"href":"https:\/\/regions-snetap-fsu.fr\/idf\/wp-json\/wp\/v2\/comments?post=686"}],"version-history":[{"count":7,"href":"https:\/\/regions-snetap-fsu.fr\/idf\/wp-json\/wp\/v2\/posts\/686\/revisions"}],"predecessor-version":[{"id":718,"href":"https:\/\/regions-snetap-fsu.fr\/idf\/wp-json\/wp\/v2\/posts\/686\/revisions\/718"}],"wp:featuredmedia":[{"embeddable":true,"href":"https:\/\/regions-snetap-fsu.fr\/idf\/wp-json\/wp\/v2\/media\/688"}],"wp:attachment":[{"href":"https:\/\/regions-snetap-fsu.fr\/idf\/wp-json\/wp\/v2\/media?parent=686"}],"wp:term":[{"taxonomy":"category","embeddable":true,"href":"https:\/\/regions-snetap-fsu.fr\/idf\/wp-json\/wp\/v2\/categories?post=686"},{"taxonomy":"post_tag","embeddable":true,"href":"https:\/\/regions-snetap-fsu.fr\/idf\/wp-json\/wp\/v2\/tags?post=686"},{"taxonomy":"post_folder","embeddable":true,"href":"https:\/\/regions-snetap-fsu.fr\/idf\/wp-json\/wp\/v2\/post_folder?post=686"}],"curies":[{"name":"wp","href":"https:\/\/api.w.org\/{rel}","templated":true}]}}