{"id":549,"date":"2019-05-10T17:58:08","date_gmt":"2019-05-10T15:58:08","guid":{"rendered":"https:\/\/regions-snetap-fsu.fr\/idf\/?p=549"},"modified":"2019-06-30T02:44:01","modified_gmt":"2019-06-30T00:44:01","slug":"brie-veille-pour-lenseignement-agricole","status":"publish","type":"post","link":"https:\/\/regions-snetap-fsu.fr\/idf\/2019\/05\/10\/brie-veille-pour-lenseignement-agricole\/","title":{"rendered":"Brie veille pour l&rsquo;enseignement agricole"},"content":{"rendered":"<p><img fetchpriority=\"high\" decoding=\"async\" class=\"alignnone size-medium wp-image-559 aligncenter\" src=\"https:\/\/regions-snetap-fsu.fr\/idf\/wp-content\/uploads\/sites\/11\/2019\/06\/20190509_182537-300x225.jpg\" alt=\"\" width=\"300\" height=\"225\" srcset=\"https:\/\/regions-snetap-fsu.fr\/idf\/wp-content\/uploads\/sites\/11\/2019\/06\/20190509_182537-300x225.jpg 300w, https:\/\/regions-snetap-fsu.fr\/idf\/wp-content\/uploads\/sites\/11\/2019\/06\/20190509_182537-768x576.jpg 768w, https:\/\/regions-snetap-fsu.fr\/idf\/wp-content\/uploads\/sites\/11\/2019\/06\/20190509_182537.jpg 1024w, https:\/\/regions-snetap-fsu.fr\/idf\/wp-content\/uploads\/sites\/11\/2019\/06\/20190509_182537-100x75.jpg 100w, https:\/\/regions-snetap-fsu.fr\/idf\/wp-content\/uploads\/sites\/11\/2019\/06\/20190509_182537-150x113.jpg 150w, https:\/\/regions-snetap-fsu.fr\/idf\/wp-content\/uploads\/sites\/11\/2019\/06\/20190509_182537-200x150.jpg 200w, https:\/\/regions-snetap-fsu.fr\/idf\/wp-content\/uploads\/sites\/11\/2019\/06\/20190509_182537-450x338.jpg 450w, https:\/\/regions-snetap-fsu.fr\/idf\/wp-content\/uploads\/sites\/11\/2019\/06\/20190509_182537-600x450.jpg 600w, https:\/\/regions-snetap-fsu.fr\/idf\/wp-content\/uploads\/sites\/11\/2019\/06\/20190509_182537-900x675.jpg 900w\" sizes=\"(max-width: 300px) 100vw, 300px\" \/><\/p>\n<p>Comme de nombreux \u00e9tablissements agricoles publics, une petite dizaine de coll\u00e8gues a veill\u00e9, tour \u00e0 tour, toute une soir\u00e9e le 9 mai dernier afin de d\u00e9noncer les heures de <em>pluri<\/em> non affect\u00e9es dans le nouveau r\u00e9f\u00e9rentiel STAV, le\u00a0 r\u00e9haussement des seuils dans tous les dipl\u00f4mes, la r\u00e9forme de l&rsquo;apprentissage, la restriction dans le choix des sp\u00e9cialit\u00e9s des classes de terminales g\u00e9n\u00e9rales, notamment.<\/p>\n<p><!--more--><\/p>\n<p><img decoding=\"async\" class=\"alignnone size-medium wp-image-558 aligncenter\" src=\"https:\/\/regions-snetap-fsu.fr\/idf\/wp-content\/uploads\/sites\/11\/2019\/06\/20190509_174016-Copie-300x161.jpg\" alt=\"\" width=\"300\" height=\"161\" srcset=\"https:\/\/regions-snetap-fsu.fr\/idf\/wp-content\/uploads\/sites\/11\/2019\/06\/20190509_174016-Copie-300x161.jpg 300w, https:\/\/regions-snetap-fsu.fr\/idf\/wp-content\/uploads\/sites\/11\/2019\/06\/20190509_174016-Copie-768x413.jpg 768w, https:\/\/regions-snetap-fsu.fr\/idf\/wp-content\/uploads\/sites\/11\/2019\/06\/20190509_174016-Copie.jpg 1024w, https:\/\/regions-snetap-fsu.fr\/idf\/wp-content\/uploads\/sites\/11\/2019\/06\/20190509_174016-Copie-100x54.jpg 100w, https:\/\/regions-snetap-fsu.fr\/idf\/wp-content\/uploads\/sites\/11\/2019\/06\/20190509_174016-Copie-150x81.jpg 150w, https:\/\/regions-snetap-fsu.fr\/idf\/wp-content\/uploads\/sites\/11\/2019\/06\/20190509_174016-Copie-200x108.jpg 200w, https:\/\/regions-snetap-fsu.fr\/idf\/wp-content\/uploads\/sites\/11\/2019\/06\/20190509_174016-Copie-450x242.jpg 450w, https:\/\/regions-snetap-fsu.fr\/idf\/wp-content\/uploads\/sites\/11\/2019\/06\/20190509_174016-Copie-600x323.jpg 600w, https:\/\/regions-snetap-fsu.fr\/idf\/wp-content\/uploads\/sites\/11\/2019\/06\/20190509_174016-Copie-900x484.jpg 900w\" sizes=\"(max-width: 300px) 100vw, 300px\" \/><\/p>\n<p>L&rsquo;occasion \u00e9galement de faire le point sur les difficult\u00e9s rencontr\u00e9es dans les diff\u00e9rents services de l&rsquo;\u00e9tablissement, et de partager un ap\u00e9ritif dinatoire!<\/p>\n<p><img decoding=\"async\" class=\"alignnone size-medium wp-image-557 aligncenter\" src=\"https:\/\/regions-snetap-fsu.fr\/idf\/wp-content\/uploads\/sites\/11\/2019\/06\/20190509_173016-Copie-229x300.jpg\" alt=\"\" width=\"229\" height=\"300\" srcset=\"https:\/\/regions-snetap-fsu.fr\/idf\/wp-content\/uploads\/sites\/11\/2019\/06\/20190509_173016-Copie-229x300.jpg 229w, https:\/\/regions-snetap-fsu.fr\/idf\/wp-content\/uploads\/sites\/11\/2019\/06\/20190509_173016-Copie-768x1008.jpg 768w, https:\/\/regions-snetap-fsu.fr\/idf\/wp-content\/uploads\/sites\/11\/2019\/06\/20190509_173016-Copie-780x1024.jpg 780w, https:\/\/regions-snetap-fsu.fr\/idf\/wp-content\/uploads\/sites\/11\/2019\/06\/20190509_173016-Copie-100x131.jpg 100w, https:\/\/regions-snetap-fsu.fr\/idf\/wp-content\/uploads\/sites\/11\/2019\/06\/20190509_173016-Copie-150x197.jpg 150w, https:\/\/regions-snetap-fsu.fr\/idf\/wp-content\/uploads\/sites\/11\/2019\/06\/20190509_173016-Copie-200x263.jpg 200w, https:\/\/regions-snetap-fsu.fr\/idf\/wp-content\/uploads\/sites\/11\/2019\/06\/20190509_173016-Copie-300x394.jpg 300w, https:\/\/regions-snetap-fsu.fr\/idf\/wp-content\/uploads\/sites\/11\/2019\/06\/20190509_173016-Copie-450x591.jpg 450w, https:\/\/regions-snetap-fsu.fr\/idf\/wp-content\/uploads\/sites\/11\/2019\/06\/20190509_173016-Copie-600x788.jpg 600w, https:\/\/regions-snetap-fsu.fr\/idf\/wp-content\/uploads\/sites\/11\/2019\/06\/20190509_173016-Copie-900x1181.jpg 900w, https:\/\/regions-snetap-fsu.fr\/idf\/wp-content\/uploads\/sites\/11\/2019\/06\/20190509_173016-Copie.jpg 1964w\" sizes=\"(max-width: 229px) 100vw, 229px\" \/><\/p>\n<p>&nbsp;<\/p>\n","protected":false},"excerpt":{"rendered":"<p>Comme de nombreux \u00e9tablissements agricoles publics, une petite dizaine de coll\u00e8gues a veill\u00e9, tour \u00e0 tour, toute une soir\u00e9e le 9 mai dernier afin de d\u00e9noncer les heures de pluri non affect\u00e9es dans le nouveau r\u00e9f\u00e9rentiel STAV, le\u00a0 r\u00e9haussement des seuils dans tous les dipl\u00f4mes, la r\u00e9forme de l&rsquo;apprentissage, la restriction dans le choix des [&hellip;]<\/p>\n","protected":false},"author":104,"featured_media":0,"comment_status":"closed","ping_status":"closed","sticky":false,"template":"","format":"standard","meta":{"ocean_post_layout":"","ocean_both_sidebars_style":"","ocean_both_sidebars_content_width":0,"ocean_both_sidebars_sidebars_width":0,"ocean_sidebar":"","ocean_second_sidebar":"","ocean_disable_margins":"enable","ocean_add_body_class":"","ocean_shortcode_before_top_bar":"","ocean_shortcode_after_top_bar":"","ocean_shortcode_before_header":"","ocean_shortcode_after_header":"","ocean_has_shortcode":"","ocean_shortcode_after_title":"","ocean_shortcode_before_footer_widgets":"","ocean_shortcode_after_footer_widgets":"","ocean_shortcode_before_footer_bottom":"","ocean_shortcode_after_footer_bottom":"","ocean_display_top_bar":"default","ocean_display_header":"default","ocean_header_style":"","ocean_center_header_left_menu":"","ocean_custom_header_template":"","ocean_custom_logo":0,"ocean_custom_retina_logo":0,"ocean_custom_logo_max_width":0,"ocean_custom_logo_tablet_max_width":0,"ocean_custom_logo_mobile_max_width":0,"ocean_custom_logo_max_height":0,"ocean_custom_logo_tablet_max_height":0,"ocean_custom_logo_mobile_max_height":0,"ocean_header_custom_menu":"","ocean_menu_typo_font_family":"","ocean_menu_typo_font_subset":"","ocean_menu_typo_font_size":0,"ocean_menu_typo_font_size_tablet":0,"ocean_menu_typo_font_size_mobile":0,"ocean_menu_typo_font_size_unit":"px","ocean_menu_typo_font_weight":"","ocean_menu_typo_font_weight_tablet":"","ocean_menu_typo_font_weight_mobile":"","ocean_menu_typo_transform":"","ocean_menu_typo_transform_tablet":"","ocean_menu_typo_transform_mobile":"","ocean_menu_typo_line_height":0,"ocean_menu_typo_line_height_tablet":0,"ocean_menu_typo_line_height_mobile":0,"ocean_menu_typo_line_height_unit":"","ocean_menu_typo_spacing":0,"ocean_menu_typo_spacing_tablet":0,"ocean_menu_typo_spacing_mobile":0,"ocean_menu_typo_spacing_unit":"","ocean_menu_link_color":"","ocean_menu_link_color_hover":"","ocean_menu_link_color_active":"","ocean_menu_link_background":"","ocean_menu_link_hover_background":"","ocean_menu_link_active_background":"","ocean_menu_social_links_bg":"","ocean_menu_social_hover_links_bg":"","ocean_menu_social_links_color":"","ocean_menu_social_hover_links_color":"","ocean_disable_title":"default","ocean_disable_heading":"default","ocean_post_title":"","ocean_post_subheading":"","ocean_post_title_style":"","ocean_post_title_background_color":"","ocean_post_title_background":0,"ocean_post_title_bg_image_position":"","ocean_post_title_bg_image_attachment":"","ocean_post_title_bg_image_repeat":"","ocean_post_title_bg_image_size":"","ocean_post_title_height":0,"ocean_post_title_bg_overlay":0.5,"ocean_post_title_bg_overlay_color":"","ocean_disable_breadcrumbs":"default","ocean_breadcrumbs_color":"","ocean_breadcrumbs_separator_color":"","ocean_breadcrumbs_links_color":"","ocean_breadcrumbs_links_hover_color":"","ocean_display_footer_widgets":"default","ocean_display_footer_bottom":"default","ocean_custom_footer_template":"","ocean_post_oembed":"","ocean_post_self_hosted_media":"","ocean_post_video_embed":"","ocean_link_format":"","ocean_link_format_target":"self","ocean_quote_format":"","ocean_quote_format_link":"post","ocean_gallery_link_images":"on","ocean_gallery_id":[],"footnotes":""},"categories":[15,12],"tags":[],"post_folder":[],"class_list":["post-549","post","type-post","status-publish","format-standard","hentry","category-actions-et-communiques","category-brie","entry"],"yoast_head":"<!-- This site is optimized with the Yoast SEO plugin v27.4 - https:\/\/yoast.com\/product\/yoast-seo-wordpress\/ -->\n<title>Brie veille pour l&#039;enseignement agricole - \u00ceLE-DE-FRANCE<\/title>\n<meta name=\"robots\" content=\"index, follow, max-snippet:-1, max-image-preview:large, max-video-preview:-1\" \/>\n<link rel=\"canonical\" href=\"https:\/\/regions-snetap-fsu.fr\/idf\/2019\/05\/10\/brie-veille-pour-lenseignement-agricole\/\" \/>\n<meta property=\"og:locale\" content=\"fr_FR\" \/>\n<meta property=\"og:type\" content=\"article\" \/>\n<meta property=\"og:title\" content=\"Brie veille pour l&#039;enseignement agricole - \u00ceLE-DE-FRANCE\" \/>\n<meta property=\"og:description\" content=\"Comme de nombreux \u00e9tablissements agricoles publics, une petite dizaine de coll\u00e8gues a veill\u00e9, tour \u00e0 tour, toute une soir\u00e9e le 9 mai dernier afin de d\u00e9noncer les heures de pluri non affect\u00e9es dans le nouveau r\u00e9f\u00e9rentiel STAV, le\u00a0 r\u00e9haussement des seuils dans tous les dipl\u00f4mes, la r\u00e9forme de l&rsquo;apprentissage, la restriction dans le choix des [&hellip;]\" \/>\n<meta property=\"og:url\" content=\"https:\/\/regions-snetap-fsu.fr\/idf\/2019\/05\/10\/brie-veille-pour-lenseignement-agricole\/\" \/>\n<meta property=\"og:site_name\" content=\"\u00ceLE-DE-FRANCE\" \/>\n<meta property=\"article:published_time\" content=\"2019-05-10T15:58:08+00:00\" \/>\n<meta property=\"article:modified_time\" content=\"2019-06-30T00:44:01+00:00\" \/>\n<meta property=\"og:image\" content=\"https:\/\/regions-snetap-fsu.fr\/idf\/wp-content\/uploads\/sites\/11\/2019\/06\/20190509_182537-300x225.jpg\" \/>\n<meta name=\"author\" content=\"tdossantos\" \/>\n<meta name=\"twitter:card\" content=\"summary_large_image\" \/>\n<meta name=\"twitter:label1\" content=\"\u00c9crit par\" \/>\n\t<meta name=\"twitter:data1\" content=\"tdossantos\" \/>\n\t<meta name=\"twitter:label2\" content=\"Dur\u00e9e de lecture estim\u00e9e\" \/>\n\t<meta name=\"twitter:data2\" content=\"1 minute\" \/>\n<script type=\"application\/ld+json\" class=\"yoast-schema-graph\">{\"@context\":\"https:\\\/\\\/schema.org\",\"@graph\":[{\"@type\":\"Article\",\"@id\":\"https:\\\/\\\/regions-snetap-fsu.fr\\\/idf\\\/2019\\\/05\\\/10\\\/brie-veille-pour-lenseignement-agricole\\\/#article\",\"isPartOf\":{\"@id\":\"https:\\\/\\\/regions-snetap-fsu.fr\\\/idf\\\/2019\\\/05\\\/10\\\/brie-veille-pour-lenseignement-agricole\\\/\"},\"author\":{\"name\":\"tdossantos\",\"@id\":\"https:\\\/\\\/regions-snetap-fsu.fr\\\/idf\\\/#\\\/schema\\\/person\\\/1e2d8120205f21ade6260cd06759ef62\"},\"headline\":\"Brie veille pour l&rsquo;enseignement agricole\",\"datePublished\":\"2019-05-10T15:58:08+00:00\",\"dateModified\":\"2019-06-30T00:44:01+00:00\",\"mainEntityOfPage\":{\"@id\":\"https:\\\/\\\/regions-snetap-fsu.fr\\\/idf\\\/2019\\\/05\\\/10\\\/brie-veille-pour-lenseignement-agricole\\\/\"},\"wordCount\":109,\"image\":{\"@id\":\"https:\\\/\\\/regions-snetap-fsu.fr\\\/idf\\\/2019\\\/05\\\/10\\\/brie-veille-pour-lenseignement-agricole\\\/#primaryimage\"},\"thumbnailUrl\":\"https:\\\/\\\/regions-snetap-fsu.fr\\\/idf\\\/wp-content\\\/uploads\\\/sites\\\/11\\\/2019\\\/06\\\/20190509_182537-300x225.jpg\",\"articleSection\":[\"Actions et communiqu\u00e9s\",\"BRIE\"],\"inLanguage\":\"fr-FR\"},{\"@type\":\"WebPage\",\"@id\":\"https:\\\/\\\/regions-snetap-fsu.fr\\\/idf\\\/2019\\\/05\\\/10\\\/brie-veille-pour-lenseignement-agricole\\\/\",\"url\":\"https:\\\/\\\/regions-snetap-fsu.fr\\\/idf\\\/2019\\\/05\\\/10\\\/brie-veille-pour-lenseignement-agricole\\\/\",\"name\":\"Brie veille pour l'enseignement agricole - \u00ceLE-DE-FRANCE\",\"isPartOf\":{\"@id\":\"https:\\\/\\\/regions-snetap-fsu.fr\\\/idf\\\/#website\"},\"primaryImageOfPage\":{\"@id\":\"https:\\\/\\\/regions-snetap-fsu.fr\\\/idf\\\/2019\\\/05\\\/10\\\/brie-veille-pour-lenseignement-agricole\\\/#primaryimage\"},\"image\":{\"@id\":\"https:\\\/\\\/regions-snetap-fsu.fr\\\/idf\\\/2019\\\/05\\\/10\\\/brie-veille-pour-lenseignement-agricole\\\/#primaryimage\"},\"thumbnailUrl\":\"https:\\\/\\\/regions-snetap-fsu.fr\\\/idf\\\/wp-content\\\/uploads\\\/sites\\\/11\\\/2019\\\/06\\\/20190509_182537-300x225.jpg\",\"datePublished\":\"2019-05-10T15:58:08+00:00\",\"dateModified\":\"2019-06-30T00:44:01+00:00\",\"author\":{\"@id\":\"https:\\\/\\\/regions-snetap-fsu.fr\\\/idf\\\/#\\\/schema\\\/person\\\/1e2d8120205f21ade6260cd06759ef62\"},\"breadcrumb\":{\"@id\":\"https:\\\/\\\/regions-snetap-fsu.fr\\\/idf\\\/2019\\\/05\\\/10\\\/brie-veille-pour-lenseignement-agricole\\\/#breadcrumb\"},\"inLanguage\":\"fr-FR\",\"potentialAction\":[{\"@type\":\"ReadAction\",\"target\":[\"https:\\\/\\\/regions-snetap-fsu.fr\\\/idf\\\/2019\\\/05\\\/10\\\/brie-veille-pour-lenseignement-agricole\\\/\"]}]},{\"@type\":\"ImageObject\",\"inLanguage\":\"fr-FR\",\"@id\":\"https:\\\/\\\/regions-snetap-fsu.fr\\\/idf\\\/2019\\\/05\\\/10\\\/brie-veille-pour-lenseignement-agricole\\\/#primaryimage\",\"url\":\"https:\\\/\\\/regions-snetap-fsu.fr\\\/idf\\\/wp-content\\\/uploads\\\/sites\\\/11\\\/2019\\\/06\\\/20190509_182537.jpg\",\"contentUrl\":\"https:\\\/\\\/regions-snetap-fsu.fr\\\/idf\\\/wp-content\\\/uploads\\\/sites\\\/11\\\/2019\\\/06\\\/20190509_182537.jpg\",\"width\":1024,\"height\":768},{\"@type\":\"BreadcrumbList\",\"@id\":\"https:\\\/\\\/regions-snetap-fsu.fr\\\/idf\\\/2019\\\/05\\\/10\\\/brie-veille-pour-lenseignement-agricole\\\/#breadcrumb\",\"itemListElement\":[{\"@type\":\"ListItem\",\"position\":1,\"name\":\"Accueil\",\"item\":\"https:\\\/\\\/regions-snetap-fsu.fr\\\/idf\\\/\"},{\"@type\":\"ListItem\",\"position\":2,\"name\":\"Brie veille pour l&rsquo;enseignement agricole\"}]},{\"@type\":\"WebSite\",\"@id\":\"https:\\\/\\\/regions-snetap-fsu.fr\\\/idf\\\/#website\",\"url\":\"https:\\\/\\\/regions-snetap-fsu.fr\\\/idf\\\/\",\"name\":\"\u00ceLE-DE-FRANCE\",\"description\":\"Le blog de la Section R\u00e9gionale\",\"potentialAction\":[{\"@type\":\"SearchAction\",\"target\":{\"@type\":\"EntryPoint\",\"urlTemplate\":\"https:\\\/\\\/regions-snetap-fsu.fr\\\/idf\\\/?s={search_term_string}\"},\"query-input\":{\"@type\":\"PropertyValueSpecification\",\"valueRequired\":true,\"valueName\":\"search_term_string\"}}],\"inLanguage\":\"fr-FR\"},{\"@type\":\"Person\",\"@id\":\"https:\\\/\\\/regions-snetap-fsu.fr\\\/idf\\\/#\\\/schema\\\/person\\\/1e2d8120205f21ade6260cd06759ef62\",\"name\":\"tdossantos\",\"image\":{\"@type\":\"ImageObject\",\"inLanguage\":\"fr-FR\",\"@id\":\"https:\\\/\\\/secure.gravatar.com\\\/avatar\\\/eb323d66303d5d3db90b97b88724753e51811779db988d61b5311e81a13ec30d?s=96&d=mm&r=g\",\"url\":\"https:\\\/\\\/secure.gravatar.com\\\/avatar\\\/eb323d66303d5d3db90b97b88724753e51811779db988d61b5311e81a13ec30d?s=96&d=mm&r=g\",\"contentUrl\":\"https:\\\/\\\/secure.gravatar.com\\\/avatar\\\/eb323d66303d5d3db90b97b88724753e51811779db988d61b5311e81a13ec30d?s=96&d=mm&r=g\",\"caption\":\"tdossantos\"},\"url\":\"https:\\\/\\\/regions-snetap-fsu.fr\\\/idf\\\/author\\\/tdossantos\\\/\"}]}<\/script>\n<!-- \/ Yoast SEO plugin. -->","yoast_head_json":{"title":"Brie veille pour l'enseignement agricole - \u00ceLE-DE-FRANCE","robots":{"index":"index","follow":"follow","max-snippet":"max-snippet:-1","max-image-preview":"max-image-preview:large","max-video-preview":"max-video-preview:-1"},"canonical":"https:\/\/regions-snetap-fsu.fr\/idf\/2019\/05\/10\/brie-veille-pour-lenseignement-agricole\/","og_locale":"fr_FR","og_type":"article","og_title":"Brie veille pour l'enseignement agricole - \u00ceLE-DE-FRANCE","og_description":"Comme de nombreux \u00e9tablissements agricoles publics, une petite dizaine de coll\u00e8gues a veill\u00e9, tour \u00e0 tour, toute une soir\u00e9e le 9 mai dernier afin de d\u00e9noncer les heures de pluri non affect\u00e9es dans le nouveau r\u00e9f\u00e9rentiel STAV, le\u00a0 r\u00e9haussement des seuils dans tous les dipl\u00f4mes, la r\u00e9forme de l&rsquo;apprentissage, la restriction dans le choix des [&hellip;]","og_url":"https:\/\/regions-snetap-fsu.fr\/idf\/2019\/05\/10\/brie-veille-pour-lenseignement-agricole\/","og_site_name":"\u00ceLE-DE-FRANCE","article_published_time":"2019-05-10T15:58:08+00:00","article_modified_time":"2019-06-30T00:44:01+00:00","og_image":[{"url":"https:\/\/regions-snetap-fsu.fr\/idf\/wp-content\/uploads\/sites\/11\/2019\/06\/20190509_182537-300x225.jpg","type":"","width":"","height":""}],"author":"tdossantos","twitter_card":"summary_large_image","twitter_misc":{"\u00c9crit par":"tdossantos","Dur\u00e9e de lecture estim\u00e9e":"1 minute"},"schema":{"@context":"https:\/\/schema.org","@graph":[{"@type":"Article","@id":"https:\/\/regions-snetap-fsu.fr\/idf\/2019\/05\/10\/brie-veille-pour-lenseignement-agricole\/#article","isPartOf":{"@id":"https:\/\/regions-snetap-fsu.fr\/idf\/2019\/05\/10\/brie-veille-pour-lenseignement-agricole\/"},"author":{"name":"tdossantos","@id":"https:\/\/regions-snetap-fsu.fr\/idf\/#\/schema\/person\/1e2d8120205f21ade6260cd06759ef62"},"headline":"Brie veille pour l&rsquo;enseignement agricole","datePublished":"2019-05-10T15:58:08+00:00","dateModified":"2019-06-30T00:44:01+00:00","mainEntityOfPage":{"@id":"https:\/\/regions-snetap-fsu.fr\/idf\/2019\/05\/10\/brie-veille-pour-lenseignement-agricole\/"},"wordCount":109,"image":{"@id":"https:\/\/regions-snetap-fsu.fr\/idf\/2019\/05\/10\/brie-veille-pour-lenseignement-agricole\/#primaryimage"},"thumbnailUrl":"https:\/\/regions-snetap-fsu.fr\/idf\/wp-content\/uploads\/sites\/11\/2019\/06\/20190509_182537-300x225.jpg","articleSection":["Actions et communiqu\u00e9s","BRIE"],"inLanguage":"fr-FR"},{"@type":"WebPage","@id":"https:\/\/regions-snetap-fsu.fr\/idf\/2019\/05\/10\/brie-veille-pour-lenseignement-agricole\/","url":"https:\/\/regions-snetap-fsu.fr\/idf\/2019\/05\/10\/brie-veille-pour-lenseignement-agricole\/","name":"Brie veille pour l'enseignement agricole - \u00ceLE-DE-FRANCE","isPartOf":{"@id":"https:\/\/regions-snetap-fsu.fr\/idf\/#website"},"primaryImageOfPage":{"@id":"https:\/\/regions-snetap-fsu.fr\/idf\/2019\/05\/10\/brie-veille-pour-lenseignement-agricole\/#primaryimage"},"image":{"@id":"https:\/\/regions-snetap-fsu.fr\/idf\/2019\/05\/10\/brie-veille-pour-lenseignement-agricole\/#primaryimage"},"thumbnailUrl":"https:\/\/regions-snetap-fsu.fr\/idf\/wp-content\/uploads\/sites\/11\/2019\/06\/20190509_182537-300x225.jpg","datePublished":"2019-05-10T15:58:08+00:00","dateModified":"2019-06-30T00:44:01+00:00","author":{"@id":"https:\/\/regions-snetap-fsu.fr\/idf\/#\/schema\/person\/1e2d8120205f21ade6260cd06759ef62"},"breadcrumb":{"@id":"https:\/\/regions-snetap-fsu.fr\/idf\/2019\/05\/10\/brie-veille-pour-lenseignement-agricole\/#breadcrumb"},"inLanguage":"fr-FR","potentialAction":[{"@type":"ReadAction","target":["https:\/\/regions-snetap-fsu.fr\/idf\/2019\/05\/10\/brie-veille-pour-lenseignement-agricole\/"]}]},{"@type":"ImageObject","inLanguage":"fr-FR","@id":"https:\/\/regions-snetap-fsu.fr\/idf\/2019\/05\/10\/brie-veille-pour-lenseignement-agricole\/#primaryimage","url":"https:\/\/regions-snetap-fsu.fr\/idf\/wp-content\/uploads\/sites\/11\/2019\/06\/20190509_182537.jpg","contentUrl":"https:\/\/regions-snetap-fsu.fr\/idf\/wp-content\/uploads\/sites\/11\/2019\/06\/20190509_182537.jpg","width":1024,"height":768},{"@type":"BreadcrumbList","@id":"https:\/\/regions-snetap-fsu.fr\/idf\/2019\/05\/10\/brie-veille-pour-lenseignement-agricole\/#breadcrumb","itemListElement":[{"@type":"ListItem","position":1,"name":"Accueil","item":"https:\/\/regions-snetap-fsu.fr\/idf\/"},{"@type":"ListItem","position":2,"name":"Brie veille pour l&rsquo;enseignement agricole"}]},{"@type":"WebSite","@id":"https:\/\/regions-snetap-fsu.fr\/idf\/#website","url":"https:\/\/regions-snetap-fsu.fr\/idf\/","name":"\u00ceLE-DE-FRANCE","description":"Le blog de la Section R\u00e9gionale","potentialAction":[{"@type":"SearchAction","target":{"@type":"EntryPoint","urlTemplate":"https:\/\/regions-snetap-fsu.fr\/idf\/?s={search_term_string}"},"query-input":{"@type":"PropertyValueSpecification","valueRequired":true,"valueName":"search_term_string"}}],"inLanguage":"fr-FR"},{"@type":"Person","@id":"https:\/\/regions-snetap-fsu.fr\/idf\/#\/schema\/person\/1e2d8120205f21ade6260cd06759ef62","name":"tdossantos","image":{"@type":"ImageObject","inLanguage":"fr-FR","@id":"https:\/\/secure.gravatar.com\/avatar\/eb323d66303d5d3db90b97b88724753e51811779db988d61b5311e81a13ec30d?s=96&d=mm&r=g","url":"https:\/\/secure.gravatar.com\/avatar\/eb323d66303d5d3db90b97b88724753e51811779db988d61b5311e81a13ec30d?s=96&d=mm&r=g","contentUrl":"https:\/\/secure.gravatar.com\/avatar\/eb323d66303d5d3db90b97b88724753e51811779db988d61b5311e81a13ec30d?s=96&d=mm&r=g","caption":"tdossantos"},"url":"https:\/\/regions-snetap-fsu.fr\/idf\/author\/tdossantos\/"}]}},"_links":{"self":[{"href":"https:\/\/regions-snetap-fsu.fr\/idf\/wp-json\/wp\/v2\/posts\/549","targetHints":{"allow":["GET"]}}],"collection":[{"href":"https:\/\/regions-snetap-fsu.fr\/idf\/wp-json\/wp\/v2\/posts"}],"about":[{"href":"https:\/\/regions-snetap-fsu.fr\/idf\/wp-json\/wp\/v2\/types\/post"}],"author":[{"embeddable":true,"href":"https:\/\/regions-snetap-fsu.fr\/idf\/wp-json\/wp\/v2\/users\/104"}],"replies":[{"embeddable":true,"href":"https:\/\/regions-snetap-fsu.fr\/idf\/wp-json\/wp\/v2\/comments?post=549"}],"version-history":[{"count":4,"href":"https:\/\/regions-snetap-fsu.fr\/idf\/wp-json\/wp\/v2\/posts\/549\/revisions"}],"predecessor-version":[{"id":595,"href":"https:\/\/regions-snetap-fsu.fr\/idf\/wp-json\/wp\/v2\/posts\/549\/revisions\/595"}],"wp:attachment":[{"href":"https:\/\/regions-snetap-fsu.fr\/idf\/wp-json\/wp\/v2\/media?parent=549"}],"wp:term":[{"taxonomy":"category","embeddable":true,"href":"https:\/\/regions-snetap-fsu.fr\/idf\/wp-json\/wp\/v2\/categories?post=549"},{"taxonomy":"post_tag","embeddable":true,"href":"https:\/\/regions-snetap-fsu.fr\/idf\/wp-json\/wp\/v2\/tags?post=549"},{"taxonomy":"post_folder","embeddable":true,"href":"https:\/\/regions-snetap-fsu.fr\/idf\/wp-json\/wp\/v2\/post_folder?post=549"}],"curies":[{"name":"wp","href":"https:\/\/api.w.org\/{rel}","templated":true}]}}