{"id":494,"date":"2019-02-10T16:53:12","date_gmt":"2019-02-10T15:53:12","guid":{"rendered":"https:\/\/regions-snetap-fsu.fr\/idf\/?p=494"},"modified":"2019-06-30T02:47:48","modified_gmt":"2019-06-30T00:47:48","slug":"congres-regional-a-brie-le-19-fevrier-2019","status":"publish","type":"post","link":"https:\/\/regions-snetap-fsu.fr\/idf\/2019\/02\/10\/congres-regional-a-brie-le-19-fevrier-2019\/","title":{"rendered":"Congr\u00e8s r\u00e9gional \u00e0 BRIE le 19 f\u00e9vrier 2019"},"content":{"rendered":"<p><img decoding=\"async\" class=\"alignnone size-medium wp-image-508 aligncenter\" src=\"https:\/\/regions-snetap-fsu.fr\/idf\/wp-content\/uploads\/sites\/11\/2019\/02\/logo-parit\u00e9-snetap-300x148.png\" alt=\"\" width=\"300\" height=\"148\" srcset=\"https:\/\/regions-snetap-fsu.fr\/idf\/wp-content\/uploads\/sites\/11\/2019\/02\/logo-parit\u00e9-snetap-300x148.png 300w, https:\/\/regions-snetap-fsu.fr\/idf\/wp-content\/uploads\/sites\/11\/2019\/02\/logo-parit\u00e9-snetap-100x49.png 100w, https:\/\/regions-snetap-fsu.fr\/idf\/wp-content\/uploads\/sites\/11\/2019\/02\/logo-parit\u00e9-snetap-150x74.png 150w, https:\/\/regions-snetap-fsu.fr\/idf\/wp-content\/uploads\/sites\/11\/2019\/02\/logo-parit\u00e9-snetap-200x99.png 200w, https:\/\/regions-snetap-fsu.fr\/idf\/wp-content\/uploads\/sites\/11\/2019\/02\/logo-parit\u00e9-snetap.png 381w\" sizes=\"(max-width: 300px) 100vw, 300px\" \/><\/p>\n<p><b>Le congr\u00e8s r\u00e9gional exceptionnel du Snetap-FSU de l&rsquo;Ile de France se tiendra mardi 19 f\u00e9vier au LEGTPA de Brie-Comte-Robert. <\/b>C&rsquo;est Jean-Marie Le Boiteux, secr\u00e9taire g\u00e9n\u00e9ral du Snetap-FSU, qui sera pr\u00e9sent au titre du Bureau National.<\/p>\n<p><!--more--><\/p>\n<p>Ce congr\u00e8s doit traiter des \u00e9volutions statutaires de notre syndicat, en amont du <strong>congr\u00e8s national exceptionnel qui se tiendra le 28 mars<\/strong> \u00e0 l&rsquo;Ecole Nationale V\u00e9t\u00e9rinaire d&rsquo;Alfort (voir documents ci-joints), pr\u00e9c\u00e9d\u00e9, le veille, par <strong>une journ\u00e9e d\u2019\u00c9tude sur la Parit\u00e9<\/strong>.<br \/>\nNous effectuerons parall\u00e8lement une \u00e9lection pour le poste de tr\u00e9sorier-\u00e8re r\u00e9gional-e. On en profitera pour faire le point sur toutes les questions d&rsquo;actualit\u00e9 (carte scolaire, seuils de d\u00e9doublement, loi apprentissage, situation du sup, &#8230;).<br \/>\nChacun peut participer \u00e0 ces congr\u00e8s, soit en tant qu&rsquo;\u00e9lu, soit en tant que d\u00e9l\u00e9gu\u00e9 de section ou des retrait\u00e9s (1 d\u00e9l\u00e9gu\u00e9 pour 3 syndiqu\u00e9s), soit en tant qu&rsquo;auditeur (se rapprocher du-de la secr\u00e9taire de section).<\/p>\n<p>Documents li\u00e9s :<\/p>\n<p><a href=\"https:\/\/regions-snetap-fsu.fr\/idf\/wp-content\/uploads\/sites\/11\/2019\/02\/Bulletin-sp\u00e9cial-JE-congres-extra.-mars-2019.odt\">Bulletin sp\u00e9cial JE &#8211; congres extra. mars 2019<\/a><\/p>\n<p><a href=\"https:\/\/regions-snetap-fsu.fr\/idf\/wp-content\/uploads\/sites\/11\/2019\/02\/2019-02-06_statuts_parite_-propositions_synthese_CSN.pdf\">https:\/\/regions-snetap-fsu.fr\/idf\/wp-content\/uploads\/sites\/11\/2019\/02\/2019-02-06_statuts_parite_-propositions_synthese_CSN.pdf<\/a><\/p>\n<p><a href=\"https:\/\/regions-snetap-fsu.fr\/idf\/wp-content\/uploads\/sites\/11\/2019\/02\/2018-12-25_statuts_parite_-ANNEXE_3_propositions.pdf\">https:\/\/regions-snetap-fsu.fr\/idf\/wp-content\/uploads\/sites\/11\/2019\/02\/2018-12-25_statuts_parite_-ANNEXE_3_propositions.pdf<\/a><\/p>\n<p><a href=\"https:\/\/regions-snetap-fsu.fr\/idf\/wp-content\/uploads\/sites\/11\/2019\/02\/doc-pr\u00e9sentation-JdE-2.pdf\">https:\/\/regions-snetap-fsu.fr\/idf\/wp-content\/uploads\/sites\/11\/2019\/02\/doc-pr\u00e9sentation-JdE-2.pdf<\/a><\/p>\n<p><a href=\"https:\/\/regions-snetap-fsu.fr\/idf\/wp-content\/uploads\/sites\/11\/2019\/02\/pr\u00e9-programme-journ\u00e9e-d\u00e9tudes-snetap-1.pdf\">https:\/\/regions-snetap-fsu.fr\/idf\/wp-content\/uploads\/sites\/11\/2019\/02\/pr\u00e9-programme-journ\u00e9e-d\u00e9tudes-snetap-1.pdf<\/a><\/p>\n<p>&nbsp;<\/p>\n","protected":false},"excerpt":{"rendered":"<p>Le congr\u00e8s r\u00e9gional exceptionnel du Snetap-FSU de l&rsquo;Ile de France se tiendra mardi 19 f\u00e9vier au LEGTPA de Brie-Comte-Robert. C&rsquo;est Jean-Marie Le Boiteux, secr\u00e9taire g\u00e9n\u00e9ral du Snetap-FSU, qui sera pr\u00e9sent au titre du Bureau National.<\/p>\n","protected":false},"author":104,"featured_media":0,"comment_status":"closed","ping_status":"closed","sticky":false,"template":"","format":"standard","meta":{"ocean_post_layout":"","ocean_both_sidebars_style":"","ocean_both_sidebars_content_width":0,"ocean_both_sidebars_sidebars_width":0,"ocean_sidebar":"","ocean_second_sidebar":"","ocean_disable_margins":"enable","ocean_add_body_class":"","ocean_shortcode_before_top_bar":"","ocean_shortcode_after_top_bar":"","ocean_shortcode_before_header":"","ocean_shortcode_after_header":"","ocean_has_shortcode":"","ocean_shortcode_after_title":"","ocean_shortcode_before_footer_widgets":"","ocean_shortcode_after_footer_widgets":"","ocean_shortcode_before_footer_bottom":"","ocean_shortcode_after_footer_bottom":"","ocean_display_top_bar":"default","ocean_display_header":"default","ocean_header_style":"","ocean_center_header_left_menu":"","ocean_custom_header_template":"","ocean_custom_logo":0,"ocean_custom_retina_logo":0,"ocean_custom_logo_max_width":0,"ocean_custom_logo_tablet_max_width":0,"ocean_custom_logo_mobile_max_width":0,"ocean_custom_logo_max_height":0,"ocean_custom_logo_tablet_max_height":0,"ocean_custom_logo_mobile_max_height":0,"ocean_header_custom_menu":"","ocean_menu_typo_font_family":"","ocean_menu_typo_font_subset":"","ocean_menu_typo_font_size":0,"ocean_menu_typo_font_size_tablet":0,"ocean_menu_typo_font_size_mobile":0,"ocean_menu_typo_font_size_unit":"px","ocean_menu_typo_font_weight":"","ocean_menu_typo_font_weight_tablet":"","ocean_menu_typo_font_weight_mobile":"","ocean_menu_typo_transform":"","ocean_menu_typo_transform_tablet":"","ocean_menu_typo_transform_mobile":"","ocean_menu_typo_line_height":0,"ocean_menu_typo_line_height_tablet":0,"ocean_menu_typo_line_height_mobile":0,"ocean_menu_typo_line_height_unit":"","ocean_menu_typo_spacing":0,"ocean_menu_typo_spacing_tablet":0,"ocean_menu_typo_spacing_mobile":0,"ocean_menu_typo_spacing_unit":"","ocean_menu_link_color":"","ocean_menu_link_color_hover":"","ocean_menu_link_color_active":"","ocean_menu_link_background":"","ocean_menu_link_hover_background":"","ocean_menu_link_active_background":"","ocean_menu_social_links_bg":"","ocean_menu_social_hover_links_bg":"","ocean_menu_social_links_color":"","ocean_menu_social_hover_links_color":"","ocean_disable_title":"default","ocean_disable_heading":"default","ocean_post_title":"","ocean_post_subheading":"","ocean_post_title_style":"","ocean_post_title_background_color":"","ocean_post_title_background":0,"ocean_post_title_bg_image_position":"","ocean_post_title_bg_image_attachment":"","ocean_post_title_bg_image_repeat":"","ocean_post_title_bg_image_size":"","ocean_post_title_height":0,"ocean_post_title_bg_overlay":0.5,"ocean_post_title_bg_overlay_color":"","ocean_disable_breadcrumbs":"default","ocean_breadcrumbs_color":"","ocean_breadcrumbs_separator_color":"","ocean_breadcrumbs_links_color":"","ocean_breadcrumbs_links_hover_color":"","ocean_display_footer_widgets":"default","ocean_display_footer_bottom":"default","ocean_custom_footer_template":"","ocean_post_oembed":"","ocean_post_self_hosted_media":"","ocean_post_video_embed":"","ocean_link_format":"","ocean_link_format_target":"self","ocean_quote_format":"","ocean_quote_format_link":"post","ocean_gallery_link_images":"on","ocean_gallery_id":[],"footnotes":""},"categories":[12,4,13],"tags":[],"post_folder":[],"class_list":["post-494","post","type-post","status-publish","format-standard","hentry","category-brie","category-en-direct-des-sections","category-manifestation","entry"],"yoast_head":"<!-- This site is optimized with the Yoast SEO plugin v27.4 - https:\/\/yoast.com\/product\/yoast-seo-wordpress\/ -->\n<title>Congr\u00e8s r\u00e9gional \u00e0 BRIE le 19 f\u00e9vrier 2019 - \u00ceLE-DE-FRANCE<\/title>\n<meta name=\"robots\" content=\"index, follow, max-snippet:-1, max-image-preview:large, max-video-preview:-1\" \/>\n<link rel=\"canonical\" href=\"https:\/\/regions-snetap-fsu.fr\/idf\/2019\/02\/10\/congres-regional-a-brie-le-19-fevrier-2019\/\" \/>\n<meta property=\"og:locale\" content=\"fr_FR\" \/>\n<meta property=\"og:type\" content=\"article\" \/>\n<meta property=\"og:title\" content=\"Congr\u00e8s r\u00e9gional \u00e0 BRIE le 19 f\u00e9vrier 2019 - \u00ceLE-DE-FRANCE\" \/>\n<meta property=\"og:description\" content=\"Le congr\u00e8s r\u00e9gional exceptionnel du Snetap-FSU de l&rsquo;Ile de France se tiendra mardi 19 f\u00e9vier au LEGTPA de Brie-Comte-Robert. C&rsquo;est Jean-Marie Le Boiteux, secr\u00e9taire g\u00e9n\u00e9ral du Snetap-FSU, qui sera pr\u00e9sent au titre du Bureau National.\" \/>\n<meta property=\"og:url\" content=\"https:\/\/regions-snetap-fsu.fr\/idf\/2019\/02\/10\/congres-regional-a-brie-le-19-fevrier-2019\/\" \/>\n<meta property=\"og:site_name\" content=\"\u00ceLE-DE-FRANCE\" \/>\n<meta property=\"article:published_time\" content=\"2019-02-10T15:53:12+00:00\" \/>\n<meta property=\"article:modified_time\" content=\"2019-06-30T00:47:48+00:00\" \/>\n<meta property=\"og:image\" content=\"https:\/\/regions-snetap-fsu.fr\/idf\/wp-content\/uploads\/sites\/11\/2019\/02\/logo-parit\u00e9-snetap-300x148.png\" \/>\n<meta name=\"author\" content=\"tdossantos\" \/>\n<meta name=\"twitter:card\" content=\"summary_large_image\" \/>\n<meta name=\"twitter:label1\" content=\"\u00c9crit par\" \/>\n\t<meta name=\"twitter:data1\" content=\"tdossantos\" \/>\n\t<meta name=\"twitter:label2\" content=\"Dur\u00e9e de lecture estim\u00e9e\" \/>\n\t<meta name=\"twitter:data2\" content=\"1 minute\" \/>\n<script type=\"application\/ld+json\" class=\"yoast-schema-graph\">{\"@context\":\"https:\\\/\\\/schema.org\",\"@graph\":[{\"@type\":\"Article\",\"@id\":\"https:\\\/\\\/regions-snetap-fsu.fr\\\/idf\\\/2019\\\/02\\\/10\\\/congres-regional-a-brie-le-19-fevrier-2019\\\/#article\",\"isPartOf\":{\"@id\":\"https:\\\/\\\/regions-snetap-fsu.fr\\\/idf\\\/2019\\\/02\\\/10\\\/congres-regional-a-brie-le-19-fevrier-2019\\\/\"},\"author\":{\"name\":\"tdossantos\",\"@id\":\"https:\\\/\\\/regions-snetap-fsu.fr\\\/idf\\\/#\\\/schema\\\/person\\\/1e2d8120205f21ade6260cd06759ef62\"},\"headline\":\"Congr\u00e8s r\u00e9gional \u00e0 BRIE le 19 f\u00e9vrier 2019\",\"datePublished\":\"2019-02-10T15:53:12+00:00\",\"dateModified\":\"2019-06-30T00:47:48+00:00\",\"mainEntityOfPage\":{\"@id\":\"https:\\\/\\\/regions-snetap-fsu.fr\\\/idf\\\/2019\\\/02\\\/10\\\/congres-regional-a-brie-le-19-fevrier-2019\\\/\"},\"wordCount\":244,\"articleSection\":[\"BRIE\",\"En direct des sections\",\"Manifestation\"],\"inLanguage\":\"fr-FR\"},{\"@type\":\"WebPage\",\"@id\":\"https:\\\/\\\/regions-snetap-fsu.fr\\\/idf\\\/2019\\\/02\\\/10\\\/congres-regional-a-brie-le-19-fevrier-2019\\\/\",\"url\":\"https:\\\/\\\/regions-snetap-fsu.fr\\\/idf\\\/2019\\\/02\\\/10\\\/congres-regional-a-brie-le-19-fevrier-2019\\\/\",\"name\":\"Congr\u00e8s r\u00e9gional \u00e0 BRIE le 19 f\u00e9vrier 2019 - \u00ceLE-DE-FRANCE\",\"isPartOf\":{\"@id\":\"https:\\\/\\\/regions-snetap-fsu.fr\\\/idf\\\/#website\"},\"datePublished\":\"2019-02-10T15:53:12+00:00\",\"dateModified\":\"2019-06-30T00:47:48+00:00\",\"author\":{\"@id\":\"https:\\\/\\\/regions-snetap-fsu.fr\\\/idf\\\/#\\\/schema\\\/person\\\/1e2d8120205f21ade6260cd06759ef62\"},\"breadcrumb\":{\"@id\":\"https:\\\/\\\/regions-snetap-fsu.fr\\\/idf\\\/2019\\\/02\\\/10\\\/congres-regional-a-brie-le-19-fevrier-2019\\\/#breadcrumb\"},\"inLanguage\":\"fr-FR\",\"potentialAction\":[{\"@type\":\"ReadAction\",\"target\":[\"https:\\\/\\\/regions-snetap-fsu.fr\\\/idf\\\/2019\\\/02\\\/10\\\/congres-regional-a-brie-le-19-fevrier-2019\\\/\"]}]},{\"@type\":\"BreadcrumbList\",\"@id\":\"https:\\\/\\\/regions-snetap-fsu.fr\\\/idf\\\/2019\\\/02\\\/10\\\/congres-regional-a-brie-le-19-fevrier-2019\\\/#breadcrumb\",\"itemListElement\":[{\"@type\":\"ListItem\",\"position\":1,\"name\":\"Accueil\",\"item\":\"https:\\\/\\\/regions-snetap-fsu.fr\\\/idf\\\/\"},{\"@type\":\"ListItem\",\"position\":2,\"name\":\"Congr\u00e8s r\u00e9gional \u00e0 BRIE le 19 f\u00e9vrier 2019\"}]},{\"@type\":\"WebSite\",\"@id\":\"https:\\\/\\\/regions-snetap-fsu.fr\\\/idf\\\/#website\",\"url\":\"https:\\\/\\\/regions-snetap-fsu.fr\\\/idf\\\/\",\"name\":\"\u00ceLE-DE-FRANCE\",\"description\":\"Le blog de la Section R\u00e9gionale\",\"potentialAction\":[{\"@type\":\"SearchAction\",\"target\":{\"@type\":\"EntryPoint\",\"urlTemplate\":\"https:\\\/\\\/regions-snetap-fsu.fr\\\/idf\\\/?s={search_term_string}\"},\"query-input\":{\"@type\":\"PropertyValueSpecification\",\"valueRequired\":true,\"valueName\":\"search_term_string\"}}],\"inLanguage\":\"fr-FR\"},{\"@type\":\"Person\",\"@id\":\"https:\\\/\\\/regions-snetap-fsu.fr\\\/idf\\\/#\\\/schema\\\/person\\\/1e2d8120205f21ade6260cd06759ef62\",\"name\":\"tdossantos\",\"image\":{\"@type\":\"ImageObject\",\"inLanguage\":\"fr-FR\",\"@id\":\"https:\\\/\\\/secure.gravatar.com\\\/avatar\\\/eb323d66303d5d3db90b97b88724753e51811779db988d61b5311e81a13ec30d?s=96&d=mm&r=g\",\"url\":\"https:\\\/\\\/secure.gravatar.com\\\/avatar\\\/eb323d66303d5d3db90b97b88724753e51811779db988d61b5311e81a13ec30d?s=96&d=mm&r=g\",\"contentUrl\":\"https:\\\/\\\/secure.gravatar.com\\\/avatar\\\/eb323d66303d5d3db90b97b88724753e51811779db988d61b5311e81a13ec30d?s=96&d=mm&r=g\",\"caption\":\"tdossantos\"},\"url\":\"https:\\\/\\\/regions-snetap-fsu.fr\\\/idf\\\/author\\\/tdossantos\\\/\"}]}<\/script>\n<!-- \/ Yoast SEO plugin. -->","yoast_head_json":{"title":"Congr\u00e8s r\u00e9gional \u00e0 BRIE le 19 f\u00e9vrier 2019 - \u00ceLE-DE-FRANCE","robots":{"index":"index","follow":"follow","max-snippet":"max-snippet:-1","max-image-preview":"max-image-preview:large","max-video-preview":"max-video-preview:-1"},"canonical":"https:\/\/regions-snetap-fsu.fr\/idf\/2019\/02\/10\/congres-regional-a-brie-le-19-fevrier-2019\/","og_locale":"fr_FR","og_type":"article","og_title":"Congr\u00e8s r\u00e9gional \u00e0 BRIE le 19 f\u00e9vrier 2019 - \u00ceLE-DE-FRANCE","og_description":"Le congr\u00e8s r\u00e9gional exceptionnel du Snetap-FSU de l&rsquo;Ile de France se tiendra mardi 19 f\u00e9vier au LEGTPA de Brie-Comte-Robert. C&rsquo;est Jean-Marie Le Boiteux, secr\u00e9taire g\u00e9n\u00e9ral du Snetap-FSU, qui sera pr\u00e9sent au titre du Bureau National.","og_url":"https:\/\/regions-snetap-fsu.fr\/idf\/2019\/02\/10\/congres-regional-a-brie-le-19-fevrier-2019\/","og_site_name":"\u00ceLE-DE-FRANCE","article_published_time":"2019-02-10T15:53:12+00:00","article_modified_time":"2019-06-30T00:47:48+00:00","og_image":[{"url":"https:\/\/regions-snetap-fsu.fr\/idf\/wp-content\/uploads\/sites\/11\/2019\/02\/logo-parit\u00e9-snetap-300x148.png","type":"","width":"","height":""}],"author":"tdossantos","twitter_card":"summary_large_image","twitter_misc":{"\u00c9crit par":"tdossantos","Dur\u00e9e de lecture estim\u00e9e":"1 minute"},"schema":{"@context":"https:\/\/schema.org","@graph":[{"@type":"Article","@id":"https:\/\/regions-snetap-fsu.fr\/idf\/2019\/02\/10\/congres-regional-a-brie-le-19-fevrier-2019\/#article","isPartOf":{"@id":"https:\/\/regions-snetap-fsu.fr\/idf\/2019\/02\/10\/congres-regional-a-brie-le-19-fevrier-2019\/"},"author":{"name":"tdossantos","@id":"https:\/\/regions-snetap-fsu.fr\/idf\/#\/schema\/person\/1e2d8120205f21ade6260cd06759ef62"},"headline":"Congr\u00e8s r\u00e9gional \u00e0 BRIE le 19 f\u00e9vrier 2019","datePublished":"2019-02-10T15:53:12+00:00","dateModified":"2019-06-30T00:47:48+00:00","mainEntityOfPage":{"@id":"https:\/\/regions-snetap-fsu.fr\/idf\/2019\/02\/10\/congres-regional-a-brie-le-19-fevrier-2019\/"},"wordCount":244,"articleSection":["BRIE","En direct des sections","Manifestation"],"inLanguage":"fr-FR"},{"@type":"WebPage","@id":"https:\/\/regions-snetap-fsu.fr\/idf\/2019\/02\/10\/congres-regional-a-brie-le-19-fevrier-2019\/","url":"https:\/\/regions-snetap-fsu.fr\/idf\/2019\/02\/10\/congres-regional-a-brie-le-19-fevrier-2019\/","name":"Congr\u00e8s r\u00e9gional \u00e0 BRIE le 19 f\u00e9vrier 2019 - \u00ceLE-DE-FRANCE","isPartOf":{"@id":"https:\/\/regions-snetap-fsu.fr\/idf\/#website"},"datePublished":"2019-02-10T15:53:12+00:00","dateModified":"2019-06-30T00:47:48+00:00","author":{"@id":"https:\/\/regions-snetap-fsu.fr\/idf\/#\/schema\/person\/1e2d8120205f21ade6260cd06759ef62"},"breadcrumb":{"@id":"https:\/\/regions-snetap-fsu.fr\/idf\/2019\/02\/10\/congres-regional-a-brie-le-19-fevrier-2019\/#breadcrumb"},"inLanguage":"fr-FR","potentialAction":[{"@type":"ReadAction","target":["https:\/\/regions-snetap-fsu.fr\/idf\/2019\/02\/10\/congres-regional-a-brie-le-19-fevrier-2019\/"]}]},{"@type":"BreadcrumbList","@id":"https:\/\/regions-snetap-fsu.fr\/idf\/2019\/02\/10\/congres-regional-a-brie-le-19-fevrier-2019\/#breadcrumb","itemListElement":[{"@type":"ListItem","position":1,"name":"Accueil","item":"https:\/\/regions-snetap-fsu.fr\/idf\/"},{"@type":"ListItem","position":2,"name":"Congr\u00e8s r\u00e9gional \u00e0 BRIE le 19 f\u00e9vrier 2019"}]},{"@type":"WebSite","@id":"https:\/\/regions-snetap-fsu.fr\/idf\/#website","url":"https:\/\/regions-snetap-fsu.fr\/idf\/","name":"\u00ceLE-DE-FRANCE","description":"Le blog de la Section R\u00e9gionale","potentialAction":[{"@type":"SearchAction","target":{"@type":"EntryPoint","urlTemplate":"https:\/\/regions-snetap-fsu.fr\/idf\/?s={search_term_string}"},"query-input":{"@type":"PropertyValueSpecification","valueRequired":true,"valueName":"search_term_string"}}],"inLanguage":"fr-FR"},{"@type":"Person","@id":"https:\/\/regions-snetap-fsu.fr\/idf\/#\/schema\/person\/1e2d8120205f21ade6260cd06759ef62","name":"tdossantos","image":{"@type":"ImageObject","inLanguage":"fr-FR","@id":"https:\/\/secure.gravatar.com\/avatar\/eb323d66303d5d3db90b97b88724753e51811779db988d61b5311e81a13ec30d?s=96&d=mm&r=g","url":"https:\/\/secure.gravatar.com\/avatar\/eb323d66303d5d3db90b97b88724753e51811779db988d61b5311e81a13ec30d?s=96&d=mm&r=g","contentUrl":"https:\/\/secure.gravatar.com\/avatar\/eb323d66303d5d3db90b97b88724753e51811779db988d61b5311e81a13ec30d?s=96&d=mm&r=g","caption":"tdossantos"},"url":"https:\/\/regions-snetap-fsu.fr\/idf\/author\/tdossantos\/"}]}},"_links":{"self":[{"href":"https:\/\/regions-snetap-fsu.fr\/idf\/wp-json\/wp\/v2\/posts\/494","targetHints":{"allow":["GET"]}}],"collection":[{"href":"https:\/\/regions-snetap-fsu.fr\/idf\/wp-json\/wp\/v2\/posts"}],"about":[{"href":"https:\/\/regions-snetap-fsu.fr\/idf\/wp-json\/wp\/v2\/types\/post"}],"author":[{"embeddable":true,"href":"https:\/\/regions-snetap-fsu.fr\/idf\/wp-json\/wp\/v2\/users\/104"}],"replies":[{"embeddable":true,"href":"https:\/\/regions-snetap-fsu.fr\/idf\/wp-json\/wp\/v2\/comments?post=494"}],"version-history":[{"count":9,"href":"https:\/\/regions-snetap-fsu.fr\/idf\/wp-json\/wp\/v2\/posts\/494\/revisions"}],"predecessor-version":[{"id":600,"href":"https:\/\/regions-snetap-fsu.fr\/idf\/wp-json\/wp\/v2\/posts\/494\/revisions\/600"}],"wp:attachment":[{"href":"https:\/\/regions-snetap-fsu.fr\/idf\/wp-json\/wp\/v2\/media?parent=494"}],"wp:term":[{"taxonomy":"category","embeddable":true,"href":"https:\/\/regions-snetap-fsu.fr\/idf\/wp-json\/wp\/v2\/categories?post=494"},{"taxonomy":"post_tag","embeddable":true,"href":"https:\/\/regions-snetap-fsu.fr\/idf\/wp-json\/wp\/v2\/tags?post=494"},{"taxonomy":"post_folder","embeddable":true,"href":"https:\/\/regions-snetap-fsu.fr\/idf\/wp-json\/wp\/v2\/post_folder?post=494"}],"curies":[{"name":"wp","href":"https:\/\/api.w.org\/{rel}","templated":true}]}}