{"id":488,"date":"2018-12-30T16:27:50","date_gmt":"2018-12-30T15:27:50","guid":{"rendered":"https:\/\/regions-snetap-fsu.fr\/idf\/?p=488"},"modified":"2019-06-30T02:48:25","modified_gmt":"2019-06-30T00:48:25","slug":"formation-ile-de-france","status":"publish","type":"post","link":"https:\/\/regions-snetap-fsu.fr\/idf\/2018\/12\/30\/formation-ile-de-france\/","title":{"rendered":"Formation sur la retraite"},"content":{"rendered":"<p><strong><u>Stage de formation syndicale<\/u><\/strong><\/p>\n<p><u>Retraite par points, que signifie la r\u00e9forme \u00e0 venir\u00a0?<\/u><\/p>\n<p>Avec Bernard Lioure, Jean Bernard Shaki et Julien Gu\u00e9rin.<\/p>\n<p><strong>Le 15 f\u00e9vrier 2019 au Lyc\u00e9e Fr\u00e9d\u00e9ric Joliot Curie de Dammarie les Lys<\/strong><\/p>\n<p><strong>168 rue Fr\u00e9d\u00e9ric Joliot Curie<\/strong><\/p>\n<p><!--more--><\/p>\n<p><strong>\u00a0<\/strong><\/p>\n<p><strong>Ni privil\u00e8ge, ni cadeau h\u00e9rit\u00e9 d&rsquo;un \u00e2ge d&rsquo;or, une pension d\u00e9cente est un droit pour toutes et tous. Pour p\u00e9renniser ce droit, des solutions alternatives existent, port\u00e9es par nos syndicats, de nombreux chercheurs et \u00e9conomistes. <\/strong><\/p>\n<p>Pourtant les gouvernements successifs, ici et en Europe, excellent \u00e0 persuader la population du contraire \u00e0 grand renfort dramaturgique, profitant de l&rsquo;\u00e9moi cr\u00e9\u00e9 pour tenter d&rsquo;imposer des solutions qui n&rsquo;ont comme autre but que de r\u00e9duire \u00ab\u00a0les d\u00e9penses de retraites\u00a0\u00bb. Ainsi le syst\u00e8me des \u00ab\u00a0comptes notionnels\u00a0\u00bb ou comptes \u00e0 points figure-t-il au c\u0153ur de la \u00e9ni\u00e8me r\u00e9forme des retraites promise par Macron et cie<strong>.<br \/>\n<\/strong><\/p>\n<p><strong>Que changerait ce syst\u00e8me par\u00e9 des vertus du modernisme et m\u00e2tin\u00e9 de libert\u00e9 individuelle\u00a0? Quels en sont les dangers\u00a0?<\/strong><\/p>\n<p>Cette formation syndicale est ouverte \u00e0 toutes et tous, il n&rsquo;est pas n\u00e9cessaire de s&rsquo;approcher de la date d&rsquo;ouverture des droits \u00e0 pension pour participer. La formation syndicale est un droit institu\u00e9 pour tous les agent.e.s et se d\u00e9clinant sous la forme de 12 journ\u00e9es par agent et par ann\u00e9e.<\/p>\n<p>Participer \u00e0 un stage syndical, c&rsquo;est\u00a0: s&rsquo;armer pour d\u00e9fendre ses droits, en conqu\u00e9rir des nouveaux et d\u00e9fendre notre statut.<\/p>\n<p>C&rsquo;est aussi un moment convivial qui permet de prendre du recul sur son travail quotidien, rencontrer des coll\u00e8gues exer\u00e7ant d&rsquo;autres m\u00e9tiers.<\/p>\n<p>Venez r\u00e9fl\u00e9chir, vous informer, d\u00e9battre avec la FSU\u00a0!<\/p>\n<p><strong><em>N&rsquo;oubliez pas votre double inscription AVANT LE 15 janvier 2019 : aupr\u00e8s du sup\u00e9rieur hi\u00e9rarchique ET de la FSU77 par mail\u00a0: <\/em><\/strong><strong><em><a href=\"mailto:stage.77fsu@gmail.com\">stage.77fsu@gmail.com<\/a>.<\/em><\/strong><\/p>\n","protected":false},"excerpt":{"rendered":"<p>Stage de formation syndicale Retraite par points, que signifie la r\u00e9forme \u00e0 venir\u00a0? Avec Bernard Lioure, Jean Bernard Shaki et Julien Gu\u00e9rin. Le 15 f\u00e9vrier 2019 au Lyc\u00e9e Fr\u00e9d\u00e9ric Joliot Curie de Dammarie les Lys 168 rue Fr\u00e9d\u00e9ric Joliot Curie<\/p>\n","protected":false},"author":104,"featured_media":0,"comment_status":"closed","ping_status":"closed","sticky":false,"template":"","format":"standard","meta":{"ocean_post_layout":"","ocean_both_sidebars_style":"","ocean_both_sidebars_content_width":0,"ocean_both_sidebars_sidebars_width":0,"ocean_sidebar":"","ocean_second_sidebar":"","ocean_disable_margins":"enable","ocean_add_body_class":"","ocean_shortcode_before_top_bar":"","ocean_shortcode_after_top_bar":"","ocean_shortcode_before_header":"","ocean_shortcode_after_header":"","ocean_has_shortcode":"","ocean_shortcode_after_title":"","ocean_shortcode_before_footer_widgets":"","ocean_shortcode_after_footer_widgets":"","ocean_shortcode_before_footer_bottom":"","ocean_shortcode_after_footer_bottom":"","ocean_display_top_bar":"default","ocean_display_header":"default","ocean_header_style":"","ocean_center_header_left_menu":"","ocean_custom_header_template":"","ocean_custom_logo":0,"ocean_custom_retina_logo":0,"ocean_custom_logo_max_width":0,"ocean_custom_logo_tablet_max_width":0,"ocean_custom_logo_mobile_max_width":0,"ocean_custom_logo_max_height":0,"ocean_custom_logo_tablet_max_height":0,"ocean_custom_logo_mobile_max_height":0,"ocean_header_custom_menu":"","ocean_menu_typo_font_family":"","ocean_menu_typo_font_subset":"","ocean_menu_typo_font_size":0,"ocean_menu_typo_font_size_tablet":0,"ocean_menu_typo_font_size_mobile":0,"ocean_menu_typo_font_size_unit":"px","ocean_menu_typo_font_weight":"","ocean_menu_typo_font_weight_tablet":"","ocean_menu_typo_font_weight_mobile":"","ocean_menu_typo_transform":"","ocean_menu_typo_transform_tablet":"","ocean_menu_typo_transform_mobile":"","ocean_menu_typo_line_height":0,"ocean_menu_typo_line_height_tablet":0,"ocean_menu_typo_line_height_mobile":0,"ocean_menu_typo_line_height_unit":"","ocean_menu_typo_spacing":0,"ocean_menu_typo_spacing_tablet":0,"ocean_menu_typo_spacing_mobile":0,"ocean_menu_typo_spacing_unit":"","ocean_menu_link_color":"","ocean_menu_link_color_hover":"","ocean_menu_link_color_active":"","ocean_menu_link_background":"","ocean_menu_link_hover_background":"","ocean_menu_link_active_background":"","ocean_menu_social_links_bg":"","ocean_menu_social_hover_links_bg":"","ocean_menu_social_links_color":"","ocean_menu_social_hover_links_color":"","ocean_disable_title":"default","ocean_disable_heading":"default","ocean_post_title":"","ocean_post_subheading":"","ocean_post_title_style":"","ocean_post_title_background_color":"","ocean_post_title_background":0,"ocean_post_title_bg_image_position":"","ocean_post_title_bg_image_attachment":"","ocean_post_title_bg_image_repeat":"","ocean_post_title_bg_image_size":"","ocean_post_title_height":0,"ocean_post_title_bg_overlay":0.5,"ocean_post_title_bg_overlay_color":"","ocean_disable_breadcrumbs":"default","ocean_breadcrumbs_color":"","ocean_breadcrumbs_separator_color":"","ocean_breadcrumbs_links_color":"","ocean_breadcrumbs_links_hover_color":"","ocean_display_footer_widgets":"default","ocean_display_footer_bottom":"default","ocean_custom_footer_template":"","ocean_post_oembed":"","ocean_post_self_hosted_media":"","ocean_post_video_embed":"","ocean_link_format":"","ocean_link_format_target":"self","ocean_quote_format":"","ocean_quote_format_link":"post","ocean_gallery_link_images":"on","ocean_gallery_id":[],"footnotes":""},"categories":[17],"tags":[],"post_folder":[],"class_list":["post-488","post","type-post","status-publish","format-standard","hentry","category-formation","entry"],"yoast_head":"<!-- This site is optimized with the Yoast SEO plugin v27.4 - https:\/\/yoast.com\/product\/yoast-seo-wordpress\/ -->\n<title>Formation sur la retraite - \u00ceLE-DE-FRANCE<\/title>\n<meta name=\"robots\" content=\"index, follow, max-snippet:-1, max-image-preview:large, max-video-preview:-1\" \/>\n<link rel=\"canonical\" href=\"https:\/\/regions-snetap-fsu.fr\/idf\/2018\/12\/30\/formation-ile-de-france\/\" \/>\n<meta property=\"og:locale\" content=\"fr_FR\" \/>\n<meta property=\"og:type\" content=\"article\" \/>\n<meta property=\"og:title\" content=\"Formation sur la retraite - \u00ceLE-DE-FRANCE\" \/>\n<meta property=\"og:description\" content=\"Stage de formation syndicale Retraite par points, que signifie la r\u00e9forme \u00e0 venir\u00a0? Avec Bernard Lioure, Jean Bernard Shaki et Julien Gu\u00e9rin. Le 15 f\u00e9vrier 2019 au Lyc\u00e9e Fr\u00e9d\u00e9ric Joliot Curie de Dammarie les Lys 168 rue Fr\u00e9d\u00e9ric Joliot Curie\" \/>\n<meta property=\"og:url\" content=\"https:\/\/regions-snetap-fsu.fr\/idf\/2018\/12\/30\/formation-ile-de-france\/\" \/>\n<meta property=\"og:site_name\" content=\"\u00ceLE-DE-FRANCE\" \/>\n<meta property=\"article:published_time\" content=\"2018-12-30T15:27:50+00:00\" \/>\n<meta property=\"article:modified_time\" content=\"2019-06-30T00:48:25+00:00\" \/>\n<meta name=\"author\" content=\"tdossantos\" \/>\n<meta name=\"twitter:card\" content=\"summary_large_image\" \/>\n<meta name=\"twitter:label1\" content=\"\u00c9crit par\" \/>\n\t<meta name=\"twitter:data1\" content=\"tdossantos\" \/>\n\t<meta name=\"twitter:label2\" content=\"Dur\u00e9e de lecture estim\u00e9e\" \/>\n\t<meta name=\"twitter:data2\" content=\"2 minutes\" \/>\n<script type=\"application\/ld+json\" class=\"yoast-schema-graph\">{\"@context\":\"https:\\\/\\\/schema.org\",\"@graph\":[{\"@type\":\"Article\",\"@id\":\"https:\\\/\\\/regions-snetap-fsu.fr\\\/idf\\\/2018\\\/12\\\/30\\\/formation-ile-de-france\\\/#article\",\"isPartOf\":{\"@id\":\"https:\\\/\\\/regions-snetap-fsu.fr\\\/idf\\\/2018\\\/12\\\/30\\\/formation-ile-de-france\\\/\"},\"author\":{\"name\":\"tdossantos\",\"@id\":\"https:\\\/\\\/regions-snetap-fsu.fr\\\/idf\\\/#\\\/schema\\\/person\\\/1e2d8120205f21ade6260cd06759ef62\"},\"headline\":\"Formation sur la retraite\",\"datePublished\":\"2018-12-30T15:27:50+00:00\",\"dateModified\":\"2019-06-30T00:48:25+00:00\",\"mainEntityOfPage\":{\"@id\":\"https:\\\/\\\/regions-snetap-fsu.fr\\\/idf\\\/2018\\\/12\\\/30\\\/formation-ile-de-france\\\/\"},\"wordCount\":323,\"articleSection\":[\"Formation\"],\"inLanguage\":\"fr-FR\"},{\"@type\":\"WebPage\",\"@id\":\"https:\\\/\\\/regions-snetap-fsu.fr\\\/idf\\\/2018\\\/12\\\/30\\\/formation-ile-de-france\\\/\",\"url\":\"https:\\\/\\\/regions-snetap-fsu.fr\\\/idf\\\/2018\\\/12\\\/30\\\/formation-ile-de-france\\\/\",\"name\":\"Formation sur la retraite - \u00ceLE-DE-FRANCE\",\"isPartOf\":{\"@id\":\"https:\\\/\\\/regions-snetap-fsu.fr\\\/idf\\\/#website\"},\"datePublished\":\"2018-12-30T15:27:50+00:00\",\"dateModified\":\"2019-06-30T00:48:25+00:00\",\"author\":{\"@id\":\"https:\\\/\\\/regions-snetap-fsu.fr\\\/idf\\\/#\\\/schema\\\/person\\\/1e2d8120205f21ade6260cd06759ef62\"},\"breadcrumb\":{\"@id\":\"https:\\\/\\\/regions-snetap-fsu.fr\\\/idf\\\/2018\\\/12\\\/30\\\/formation-ile-de-france\\\/#breadcrumb\"},\"inLanguage\":\"fr-FR\",\"potentialAction\":[{\"@type\":\"ReadAction\",\"target\":[\"https:\\\/\\\/regions-snetap-fsu.fr\\\/idf\\\/2018\\\/12\\\/30\\\/formation-ile-de-france\\\/\"]}]},{\"@type\":\"BreadcrumbList\",\"@id\":\"https:\\\/\\\/regions-snetap-fsu.fr\\\/idf\\\/2018\\\/12\\\/30\\\/formation-ile-de-france\\\/#breadcrumb\",\"itemListElement\":[{\"@type\":\"ListItem\",\"position\":1,\"name\":\"Accueil\",\"item\":\"https:\\\/\\\/regions-snetap-fsu.fr\\\/idf\\\/\"},{\"@type\":\"ListItem\",\"position\":2,\"name\":\"Formation sur la retraite\"}]},{\"@type\":\"WebSite\",\"@id\":\"https:\\\/\\\/regions-snetap-fsu.fr\\\/idf\\\/#website\",\"url\":\"https:\\\/\\\/regions-snetap-fsu.fr\\\/idf\\\/\",\"name\":\"\u00ceLE-DE-FRANCE\",\"description\":\"Le blog de la Section R\u00e9gionale\",\"potentialAction\":[{\"@type\":\"SearchAction\",\"target\":{\"@type\":\"EntryPoint\",\"urlTemplate\":\"https:\\\/\\\/regions-snetap-fsu.fr\\\/idf\\\/?s={search_term_string}\"},\"query-input\":{\"@type\":\"PropertyValueSpecification\",\"valueRequired\":true,\"valueName\":\"search_term_string\"}}],\"inLanguage\":\"fr-FR\"},{\"@type\":\"Person\",\"@id\":\"https:\\\/\\\/regions-snetap-fsu.fr\\\/idf\\\/#\\\/schema\\\/person\\\/1e2d8120205f21ade6260cd06759ef62\",\"name\":\"tdossantos\",\"image\":{\"@type\":\"ImageObject\",\"inLanguage\":\"fr-FR\",\"@id\":\"https:\\\/\\\/secure.gravatar.com\\\/avatar\\\/eb323d66303d5d3db90b97b88724753e51811779db988d61b5311e81a13ec30d?s=96&d=mm&r=g\",\"url\":\"https:\\\/\\\/secure.gravatar.com\\\/avatar\\\/eb323d66303d5d3db90b97b88724753e51811779db988d61b5311e81a13ec30d?s=96&d=mm&r=g\",\"contentUrl\":\"https:\\\/\\\/secure.gravatar.com\\\/avatar\\\/eb323d66303d5d3db90b97b88724753e51811779db988d61b5311e81a13ec30d?s=96&d=mm&r=g\",\"caption\":\"tdossantos\"},\"url\":\"https:\\\/\\\/regions-snetap-fsu.fr\\\/idf\\\/author\\\/tdossantos\\\/\"}]}<\/script>\n<!-- \/ Yoast SEO plugin. -->","yoast_head_json":{"title":"Formation sur la retraite - \u00ceLE-DE-FRANCE","robots":{"index":"index","follow":"follow","max-snippet":"max-snippet:-1","max-image-preview":"max-image-preview:large","max-video-preview":"max-video-preview:-1"},"canonical":"https:\/\/regions-snetap-fsu.fr\/idf\/2018\/12\/30\/formation-ile-de-france\/","og_locale":"fr_FR","og_type":"article","og_title":"Formation sur la retraite - \u00ceLE-DE-FRANCE","og_description":"Stage de formation syndicale Retraite par points, que signifie la r\u00e9forme \u00e0 venir\u00a0? Avec Bernard Lioure, Jean Bernard Shaki et Julien Gu\u00e9rin. Le 15 f\u00e9vrier 2019 au Lyc\u00e9e Fr\u00e9d\u00e9ric Joliot Curie de Dammarie les Lys 168 rue Fr\u00e9d\u00e9ric Joliot Curie","og_url":"https:\/\/regions-snetap-fsu.fr\/idf\/2018\/12\/30\/formation-ile-de-france\/","og_site_name":"\u00ceLE-DE-FRANCE","article_published_time":"2018-12-30T15:27:50+00:00","article_modified_time":"2019-06-30T00:48:25+00:00","author":"tdossantos","twitter_card":"summary_large_image","twitter_misc":{"\u00c9crit par":"tdossantos","Dur\u00e9e de lecture estim\u00e9e":"2 minutes"},"schema":{"@context":"https:\/\/schema.org","@graph":[{"@type":"Article","@id":"https:\/\/regions-snetap-fsu.fr\/idf\/2018\/12\/30\/formation-ile-de-france\/#article","isPartOf":{"@id":"https:\/\/regions-snetap-fsu.fr\/idf\/2018\/12\/30\/formation-ile-de-france\/"},"author":{"name":"tdossantos","@id":"https:\/\/regions-snetap-fsu.fr\/idf\/#\/schema\/person\/1e2d8120205f21ade6260cd06759ef62"},"headline":"Formation sur la retraite","datePublished":"2018-12-30T15:27:50+00:00","dateModified":"2019-06-30T00:48:25+00:00","mainEntityOfPage":{"@id":"https:\/\/regions-snetap-fsu.fr\/idf\/2018\/12\/30\/formation-ile-de-france\/"},"wordCount":323,"articleSection":["Formation"],"inLanguage":"fr-FR"},{"@type":"WebPage","@id":"https:\/\/regions-snetap-fsu.fr\/idf\/2018\/12\/30\/formation-ile-de-france\/","url":"https:\/\/regions-snetap-fsu.fr\/idf\/2018\/12\/30\/formation-ile-de-france\/","name":"Formation sur la retraite - \u00ceLE-DE-FRANCE","isPartOf":{"@id":"https:\/\/regions-snetap-fsu.fr\/idf\/#website"},"datePublished":"2018-12-30T15:27:50+00:00","dateModified":"2019-06-30T00:48:25+00:00","author":{"@id":"https:\/\/regions-snetap-fsu.fr\/idf\/#\/schema\/person\/1e2d8120205f21ade6260cd06759ef62"},"breadcrumb":{"@id":"https:\/\/regions-snetap-fsu.fr\/idf\/2018\/12\/30\/formation-ile-de-france\/#breadcrumb"},"inLanguage":"fr-FR","potentialAction":[{"@type":"ReadAction","target":["https:\/\/regions-snetap-fsu.fr\/idf\/2018\/12\/30\/formation-ile-de-france\/"]}]},{"@type":"BreadcrumbList","@id":"https:\/\/regions-snetap-fsu.fr\/idf\/2018\/12\/30\/formation-ile-de-france\/#breadcrumb","itemListElement":[{"@type":"ListItem","position":1,"name":"Accueil","item":"https:\/\/regions-snetap-fsu.fr\/idf\/"},{"@type":"ListItem","position":2,"name":"Formation sur la retraite"}]},{"@type":"WebSite","@id":"https:\/\/regions-snetap-fsu.fr\/idf\/#website","url":"https:\/\/regions-snetap-fsu.fr\/idf\/","name":"\u00ceLE-DE-FRANCE","description":"Le blog de la Section R\u00e9gionale","potentialAction":[{"@type":"SearchAction","target":{"@type":"EntryPoint","urlTemplate":"https:\/\/regions-snetap-fsu.fr\/idf\/?s={search_term_string}"},"query-input":{"@type":"PropertyValueSpecification","valueRequired":true,"valueName":"search_term_string"}}],"inLanguage":"fr-FR"},{"@type":"Person","@id":"https:\/\/regions-snetap-fsu.fr\/idf\/#\/schema\/person\/1e2d8120205f21ade6260cd06759ef62","name":"tdossantos","image":{"@type":"ImageObject","inLanguage":"fr-FR","@id":"https:\/\/secure.gravatar.com\/avatar\/eb323d66303d5d3db90b97b88724753e51811779db988d61b5311e81a13ec30d?s=96&d=mm&r=g","url":"https:\/\/secure.gravatar.com\/avatar\/eb323d66303d5d3db90b97b88724753e51811779db988d61b5311e81a13ec30d?s=96&d=mm&r=g","contentUrl":"https:\/\/secure.gravatar.com\/avatar\/eb323d66303d5d3db90b97b88724753e51811779db988d61b5311e81a13ec30d?s=96&d=mm&r=g","caption":"tdossantos"},"url":"https:\/\/regions-snetap-fsu.fr\/idf\/author\/tdossantos\/"}]}},"_links":{"self":[{"href":"https:\/\/regions-snetap-fsu.fr\/idf\/wp-json\/wp\/v2\/posts\/488","targetHints":{"allow":["GET"]}}],"collection":[{"href":"https:\/\/regions-snetap-fsu.fr\/idf\/wp-json\/wp\/v2\/posts"}],"about":[{"href":"https:\/\/regions-snetap-fsu.fr\/idf\/wp-json\/wp\/v2\/types\/post"}],"author":[{"embeddable":true,"href":"https:\/\/regions-snetap-fsu.fr\/idf\/wp-json\/wp\/v2\/users\/104"}],"replies":[{"embeddable":true,"href":"https:\/\/regions-snetap-fsu.fr\/idf\/wp-json\/wp\/v2\/comments?post=488"}],"version-history":[{"count":3,"href":"https:\/\/regions-snetap-fsu.fr\/idf\/wp-json\/wp\/v2\/posts\/488\/revisions"}],"predecessor-version":[{"id":601,"href":"https:\/\/regions-snetap-fsu.fr\/idf\/wp-json\/wp\/v2\/posts\/488\/revisions\/601"}],"wp:attachment":[{"href":"https:\/\/regions-snetap-fsu.fr\/idf\/wp-json\/wp\/v2\/media?parent=488"}],"wp:term":[{"taxonomy":"category","embeddable":true,"href":"https:\/\/regions-snetap-fsu.fr\/idf\/wp-json\/wp\/v2\/categories?post=488"},{"taxonomy":"post_tag","embeddable":true,"href":"https:\/\/regions-snetap-fsu.fr\/idf\/wp-json\/wp\/v2\/tags?post=488"},{"taxonomy":"post_folder","embeddable":true,"href":"https:\/\/regions-snetap-fsu.fr\/idf\/wp-json\/wp\/v2\/post_folder?post=488"}],"curies":[{"name":"wp","href":"https:\/\/api.w.org\/{rel}","templated":true}]}}