{"id":392,"date":"2018-11-14T01:00:20","date_gmt":"2018-11-14T00:00:20","guid":{"rendered":"https:\/\/regions-snetap-fsu.fr\/idf\/?p=392"},"modified":"2018-11-14T01:56:05","modified_gmt":"2018-11-14T00:56:05","slug":"les-sections-franciliennes-mobilises-le-12","status":"publish","type":"post","link":"https:\/\/regions-snetap-fsu.fr\/idf\/2018\/11\/14\/les-sections-franciliennes-mobilises-le-12\/","title":{"rendered":"Les sections franciliennes mobilis\u00e9es le 12 !"},"content":{"rendered":"<p>En ce mois de novembre 2018, l&rsquo;intersyndicale (SUD, CGT et SNETAP-FSU) s&rsquo;\u00e9tait donn\u00e9e RDV devant la DGER, en cette journ\u00e9e de gr\u00e8ve nationale de la fonction publique.<\/p>\n<figure id=\"attachment_394\" aria-describedby=\"caption-attachment-394\" style=\"width: 300px\" class=\"wp-caption alignnone\"><img fetchpriority=\"high\" decoding=\"async\" class=\"size-medium wp-image-394\" src=\"https:\/\/regions-snetap-fsu.fr\/idf\/wp-content\/uploads\/sites\/11\/2018\/11\/SNETAP1211_11-300x225.jpg\" alt=\"manif snetap-2 nov 18\" width=\"300\" height=\"225\" srcset=\"https:\/\/regions-snetap-fsu.fr\/idf\/wp-content\/uploads\/sites\/11\/2018\/11\/SNETAP1211_11-300x225.jpg 300w, https:\/\/regions-snetap-fsu.fr\/idf\/wp-content\/uploads\/sites\/11\/2018\/11\/SNETAP1211_11-768x576.jpg 768w, https:\/\/regions-snetap-fsu.fr\/idf\/wp-content\/uploads\/sites\/11\/2018\/11\/SNETAP1211_11-1024x768.jpg 1024w, https:\/\/regions-snetap-fsu.fr\/idf\/wp-content\/uploads\/sites\/11\/2018\/11\/SNETAP1211_11-100x75.jpg 100w, https:\/\/regions-snetap-fsu.fr\/idf\/wp-content\/uploads\/sites\/11\/2018\/11\/SNETAP1211_11-150x113.jpg 150w, https:\/\/regions-snetap-fsu.fr\/idf\/wp-content\/uploads\/sites\/11\/2018\/11\/SNETAP1211_11-200x150.jpg 200w, https:\/\/regions-snetap-fsu.fr\/idf\/wp-content\/uploads\/sites\/11\/2018\/11\/SNETAP1211_11-450x338.jpg 450w, https:\/\/regions-snetap-fsu.fr\/idf\/wp-content\/uploads\/sites\/11\/2018\/11\/SNETAP1211_11-600x450.jpg 600w, https:\/\/regions-snetap-fsu.fr\/idf\/wp-content\/uploads\/sites\/11\/2018\/11\/SNETAP1211_11-900x675.jpg 900w\" sizes=\"(max-width: 300px) 100vw, 300px\" \/><figcaption id=\"caption-attachment-394\" class=\"wp-caption-text\">manif snetap-2 nov 18<\/figcaption><\/figure>\n<p><!--more--><\/p>\n<p>Nous d\u00e9noncions la suppression annonc\u00e9e de 50 emplois dans l&rsquo;enseignement agricole public cette ann\u00e9e, pr\u00e9vue par le minist\u00e8re.<\/p>\n<p>Mais aussi la non-r\u00e9ponse de l&rsquo;administration \u00e0 une col\u00e8re tout \u00e0 fait l\u00e9gitime : celle de fiches de service fauss\u00e9es par une note interne de la DGER en ce qui concerne les semaines qui y sont indiqu\u00e9es, contraires aux respect des arr\u00eat\u00e9s fixant les grilles horaires.<\/p>\n<p>Ce n&rsquo;\u00e9tait pas les seuls griefs de cette mobilisation. H\u00e9las, bien d&rsquo;autres maux affectent ou menacent nos conditions de travail actuellement : r\u00e9forme de l&rsquo;apprentissage, prolif\u00e9ration du CCF dans la voie g\u00e9n\u00e9rale avec le \u00ab\u00a0Bac 2021\u00a0\u00bb, suppression de la g\u00e9ographie des enseignements de sp\u00e9cialit\u00e9 en STAV d\u00e8s l&rsquo;ann\u00e9e prochaine,\u00a0 multiplication des licenciements des ACEN ou encore des pratiques manag\u00e9riales inacceptables dans certains \u00e9tablissements ou centres, notamment ceux du <em>SUP<\/em>.<\/p>\n<figure id=\"attachment_396\" aria-describedby=\"caption-attachment-396\" style=\"width: 300px\" class=\"wp-caption alignnone\"><img decoding=\"async\" class=\"wp-image-396 size-medium\" src=\"https:\/\/regions-snetap-fsu.fr\/idf\/wp-content\/uploads\/sites\/11\/2018\/11\/SNETAP1211_07-e1542154778975-300x225.jpg\" alt=\"SNETAP manif 05 -121118\" width=\"300\" height=\"225\" srcset=\"https:\/\/regions-snetap-fsu.fr\/idf\/wp-content\/uploads\/sites\/11\/2018\/11\/SNETAP1211_07-e1542154778975-300x225.jpg 300w, https:\/\/regions-snetap-fsu.fr\/idf\/wp-content\/uploads\/sites\/11\/2018\/11\/SNETAP1211_07-e1542154778975-768x576.jpg 768w, https:\/\/regions-snetap-fsu.fr\/idf\/wp-content\/uploads\/sites\/11\/2018\/11\/SNETAP1211_07-e1542154778975-1024x768.jpg 1024w, https:\/\/regions-snetap-fsu.fr\/idf\/wp-content\/uploads\/sites\/11\/2018\/11\/SNETAP1211_07-e1542154778975-100x75.jpg 100w, https:\/\/regions-snetap-fsu.fr\/idf\/wp-content\/uploads\/sites\/11\/2018\/11\/SNETAP1211_07-e1542154778975-150x113.jpg 150w, https:\/\/regions-snetap-fsu.fr\/idf\/wp-content\/uploads\/sites\/11\/2018\/11\/SNETAP1211_07-e1542154778975-200x150.jpg 200w, https:\/\/regions-snetap-fsu.fr\/idf\/wp-content\/uploads\/sites\/11\/2018\/11\/SNETAP1211_07-e1542154778975-450x338.jpg 450w, https:\/\/regions-snetap-fsu.fr\/idf\/wp-content\/uploads\/sites\/11\/2018\/11\/SNETAP1211_07-e1542154778975-600x450.jpg 600w, https:\/\/regions-snetap-fsu.fr\/idf\/wp-content\/uploads\/sites\/11\/2018\/11\/SNETAP1211_07-e1542154778975-900x675.jpg 900w\" sizes=\"(max-width: 300px) 100vw, 300px\" \/><figcaption id=\"caption-attachment-396\" class=\"wp-caption-text\">SNETAP manif 05 -121118<\/figcaption><\/figure>\n<p>&nbsp;<\/p>\n<p>Malgr\u00e9 la pluie, les coll\u00e8gues de plusieurs sections d&rsquo;EPL ou d&rsquo;\u00e9tablissement du sup\u00e9rieur francilien, ont marqu\u00e9 pr\u00e9sence parmi les 250 manifestants venus de tout l&rsquo;hexagone.<\/p>\n<figure id=\"attachment_398\" aria-describedby=\"caption-attachment-398\" style=\"width: 300px\" class=\"wp-caption alignnone\"><img decoding=\"async\" class=\"wp-image-398 size-medium\" src=\"https:\/\/regions-snetap-fsu.fr\/idf\/wp-content\/uploads\/sites\/11\/2018\/11\/SNETAP1211_01-300x225.jpg\" alt=\"manif snetap-3 12nov 18\" width=\"300\" height=\"225\" srcset=\"https:\/\/regions-snetap-fsu.fr\/idf\/wp-content\/uploads\/sites\/11\/2018\/11\/SNETAP1211_01-300x225.jpg 300w, https:\/\/regions-snetap-fsu.fr\/idf\/wp-content\/uploads\/sites\/11\/2018\/11\/SNETAP1211_01-768x576.jpg 768w, https:\/\/regions-snetap-fsu.fr\/idf\/wp-content\/uploads\/sites\/11\/2018\/11\/SNETAP1211_01-1024x768.jpg 1024w, https:\/\/regions-snetap-fsu.fr\/idf\/wp-content\/uploads\/sites\/11\/2018\/11\/SNETAP1211_01-100x75.jpg 100w, https:\/\/regions-snetap-fsu.fr\/idf\/wp-content\/uploads\/sites\/11\/2018\/11\/SNETAP1211_01-150x113.jpg 150w, https:\/\/regions-snetap-fsu.fr\/idf\/wp-content\/uploads\/sites\/11\/2018\/11\/SNETAP1211_01-200x150.jpg 200w, https:\/\/regions-snetap-fsu.fr\/idf\/wp-content\/uploads\/sites\/11\/2018\/11\/SNETAP1211_01-450x338.jpg 450w, https:\/\/regions-snetap-fsu.fr\/idf\/wp-content\/uploads\/sites\/11\/2018\/11\/SNETAP1211_01-600x450.jpg 600w, https:\/\/regions-snetap-fsu.fr\/idf\/wp-content\/uploads\/sites\/11\/2018\/11\/SNETAP1211_01-900x675.jpg 900w\" sizes=\"(max-width: 300px) 100vw, 300px\" \/><figcaption id=\"caption-attachment-398\" class=\"wp-caption-text\">manif snetap-3 12nov 18<\/figcaption><\/figure>\n<figure id=\"attachment_397\" aria-describedby=\"caption-attachment-397\" style=\"width: 300px\" class=\"wp-caption alignnone\"><img loading=\"lazy\" decoding=\"async\" class=\"size-medium wp-image-397\" src=\"https:\/\/regions-snetap-fsu.fr\/idf\/wp-content\/uploads\/sites\/11\/2018\/11\/SNETAP1211_04-300x225.jpg\" alt=\"manif snetap-4 -12nov 18\" width=\"300\" height=\"225\" srcset=\"https:\/\/regions-snetap-fsu.fr\/idf\/wp-content\/uploads\/sites\/11\/2018\/11\/SNETAP1211_04-300x225.jpg 300w, https:\/\/regions-snetap-fsu.fr\/idf\/wp-content\/uploads\/sites\/11\/2018\/11\/SNETAP1211_04-768x576.jpg 768w, https:\/\/regions-snetap-fsu.fr\/idf\/wp-content\/uploads\/sites\/11\/2018\/11\/SNETAP1211_04-1024x768.jpg 1024w, https:\/\/regions-snetap-fsu.fr\/idf\/wp-content\/uploads\/sites\/11\/2018\/11\/SNETAP1211_04-100x75.jpg 100w, https:\/\/regions-snetap-fsu.fr\/idf\/wp-content\/uploads\/sites\/11\/2018\/11\/SNETAP1211_04-150x113.jpg 150w, https:\/\/regions-snetap-fsu.fr\/idf\/wp-content\/uploads\/sites\/11\/2018\/11\/SNETAP1211_04-200x150.jpg 200w, https:\/\/regions-snetap-fsu.fr\/idf\/wp-content\/uploads\/sites\/11\/2018\/11\/SNETAP1211_04-450x338.jpg 450w, https:\/\/regions-snetap-fsu.fr\/idf\/wp-content\/uploads\/sites\/11\/2018\/11\/SNETAP1211_04-600x450.jpg 600w, https:\/\/regions-snetap-fsu.fr\/idf\/wp-content\/uploads\/sites\/11\/2018\/11\/SNETAP1211_04-900x675.jpg 900w\" sizes=\"(max-width: 300px) 100vw, 300px\" \/><figcaption id=\"caption-attachment-397\" class=\"wp-caption-text\">manif snetap-4- 12nov 18<\/figcaption><\/figure>\n<p>L&rsquo;apr\u00e8s-midi, les coll\u00e8gues ont manifest\u00e9 aux c\u00f4t\u00e9s de toutes les organisations syndicales pr\u00e9sentes dans le cort\u00e8ge allant de Luxembourg au \u00ab\u00a0quartier\u00a0\u00bb des minist\u00e8res.<\/p>\n<figure id=\"attachment_391\" aria-describedby=\"caption-attachment-391\" style=\"width: 300px\" class=\"wp-caption alignnone\"><img loading=\"lazy\" decoding=\"async\" class=\"wp-image-391 size-medium\" src=\"https:\/\/regions-snetap-fsu.fr\/idf\/wp-content\/uploads\/sites\/11\/2018\/11\/Snetap-Manif-_21118-300x225.jpg\" alt=\"Snetap-Manif-1 _121118\" width=\"300\" height=\"225\" srcset=\"https:\/\/regions-snetap-fsu.fr\/idf\/wp-content\/uploads\/sites\/11\/2018\/11\/Snetap-Manif-_21118-300x225.jpg 300w, https:\/\/regions-snetap-fsu.fr\/idf\/wp-content\/uploads\/sites\/11\/2018\/11\/Snetap-Manif-_21118-768x576.jpg 768w, https:\/\/regions-snetap-fsu.fr\/idf\/wp-content\/uploads\/sites\/11\/2018\/11\/Snetap-Manif-_21118-1024x768.jpg 1024w, https:\/\/regions-snetap-fsu.fr\/idf\/wp-content\/uploads\/sites\/11\/2018\/11\/Snetap-Manif-_21118-100x75.jpg 100w, https:\/\/regions-snetap-fsu.fr\/idf\/wp-content\/uploads\/sites\/11\/2018\/11\/Snetap-Manif-_21118-150x113.jpg 150w, https:\/\/regions-snetap-fsu.fr\/idf\/wp-content\/uploads\/sites\/11\/2018\/11\/Snetap-Manif-_21118-200x150.jpg 200w, https:\/\/regions-snetap-fsu.fr\/idf\/wp-content\/uploads\/sites\/11\/2018\/11\/Snetap-Manif-_21118-450x338.jpg 450w, https:\/\/regions-snetap-fsu.fr\/idf\/wp-content\/uploads\/sites\/11\/2018\/11\/Snetap-Manif-_21118-600x450.jpg 600w, https:\/\/regions-snetap-fsu.fr\/idf\/wp-content\/uploads\/sites\/11\/2018\/11\/Snetap-Manif-_21118-900x675.jpg 900w, https:\/\/regions-snetap-fsu.fr\/idf\/wp-content\/uploads\/sites\/11\/2018\/11\/Snetap-Manif-_21118.jpg 1600w\" sizes=\"(max-width: 300px) 100vw, 300px\" \/><figcaption id=\"caption-attachment-391\" class=\"wp-caption-text\">Snetap-Manif-1 _121118<\/figcaption><\/figure>\n<figure id=\"attachment_395\" aria-describedby=\"caption-attachment-395\" style=\"width: 300px\" class=\"wp-caption alignnone\"><img loading=\"lazy\" decoding=\"async\" class=\"wp-image-395 size-medium\" src=\"https:\/\/regions-snetap-fsu.fr\/idf\/wp-content\/uploads\/sites\/11\/2018\/11\/SNETAP1211_10-300x225.jpg\" alt=\"SNETAP Manif 6 - 121118 \" width=\"300\" height=\"225\" srcset=\"https:\/\/regions-snetap-fsu.fr\/idf\/wp-content\/uploads\/sites\/11\/2018\/11\/SNETAP1211_10-300x225.jpg 300w, https:\/\/regions-snetap-fsu.fr\/idf\/wp-content\/uploads\/sites\/11\/2018\/11\/SNETAP1211_10-768x576.jpg 768w, https:\/\/regions-snetap-fsu.fr\/idf\/wp-content\/uploads\/sites\/11\/2018\/11\/SNETAP1211_10-1024x768.jpg 1024w, https:\/\/regions-snetap-fsu.fr\/idf\/wp-content\/uploads\/sites\/11\/2018\/11\/SNETAP1211_10-100x75.jpg 100w, https:\/\/regions-snetap-fsu.fr\/idf\/wp-content\/uploads\/sites\/11\/2018\/11\/SNETAP1211_10-150x113.jpg 150w, https:\/\/regions-snetap-fsu.fr\/idf\/wp-content\/uploads\/sites\/11\/2018\/11\/SNETAP1211_10-200x150.jpg 200w, https:\/\/regions-snetap-fsu.fr\/idf\/wp-content\/uploads\/sites\/11\/2018\/11\/SNETAP1211_10-450x338.jpg 450w, https:\/\/regions-snetap-fsu.fr\/idf\/wp-content\/uploads\/sites\/11\/2018\/11\/SNETAP1211_10-600x450.jpg 600w, https:\/\/regions-snetap-fsu.fr\/idf\/wp-content\/uploads\/sites\/11\/2018\/11\/SNETAP1211_10-900x675.jpg 900w\" sizes=\"(max-width: 300px) 100vw, 300px\" \/><figcaption id=\"caption-attachment-395\" class=\"wp-caption-text\">SNETAP Manif 6 &#8211; 121118<\/figcaption><\/figure>\n","protected":false},"excerpt":{"rendered":"<p>En ce mois de novembre 2018, l&rsquo;intersyndicale (SUD, CGT et SNETAP-FSU) s&rsquo;\u00e9tait donn\u00e9e RDV devant la DGER, en cette journ\u00e9e de gr\u00e8ve nationale de la fonction publique.<\/p>\n","protected":false},"author":104,"featured_media":0,"comment_status":"closed","ping_status":"closed","sticky":false,"template":"","format":"standard","meta":{"ocean_post_layout":"","ocean_both_sidebars_style":"","ocean_both_sidebars_content_width":0,"ocean_both_sidebars_sidebars_width":0,"ocean_sidebar":"","ocean_second_sidebar":"","ocean_disable_margins":"enable","ocean_add_body_class":"","ocean_shortcode_before_top_bar":"","ocean_shortcode_after_top_bar":"","ocean_shortcode_before_header":"","ocean_shortcode_after_header":"","ocean_has_shortcode":"","ocean_shortcode_after_title":"","ocean_shortcode_before_footer_widgets":"","ocean_shortcode_after_footer_widgets":"","ocean_shortcode_before_footer_bottom":"","ocean_shortcode_after_footer_bottom":"","ocean_display_top_bar":"default","ocean_display_header":"default","ocean_header_style":"","ocean_center_header_left_menu":"","ocean_custom_header_template":"","ocean_custom_logo":0,"ocean_custom_retina_logo":0,"ocean_custom_logo_max_width":0,"ocean_custom_logo_tablet_max_width":0,"ocean_custom_logo_mobile_max_width":0,"ocean_custom_logo_max_height":0,"ocean_custom_logo_tablet_max_height":0,"ocean_custom_logo_mobile_max_height":0,"ocean_header_custom_menu":"","ocean_menu_typo_font_family":"","ocean_menu_typo_font_subset":"","ocean_menu_typo_font_size":0,"ocean_menu_typo_font_size_tablet":0,"ocean_menu_typo_font_size_mobile":0,"ocean_menu_typo_font_size_unit":"px","ocean_menu_typo_font_weight":"","ocean_menu_typo_font_weight_tablet":"","ocean_menu_typo_font_weight_mobile":"","ocean_menu_typo_transform":"","ocean_menu_typo_transform_tablet":"","ocean_menu_typo_transform_mobile":"","ocean_menu_typo_line_height":0,"ocean_menu_typo_line_height_tablet":0,"ocean_menu_typo_line_height_mobile":0,"ocean_menu_typo_line_height_unit":"","ocean_menu_typo_spacing":0,"ocean_menu_typo_spacing_tablet":0,"ocean_menu_typo_spacing_mobile":0,"ocean_menu_typo_spacing_unit":"","ocean_menu_link_color":"","ocean_menu_link_color_hover":"","ocean_menu_link_color_active":"","ocean_menu_link_background":"","ocean_menu_link_hover_background":"","ocean_menu_link_active_background":"","ocean_menu_social_links_bg":"","ocean_menu_social_hover_links_bg":"","ocean_menu_social_links_color":"","ocean_menu_social_hover_links_color":"","ocean_disable_title":"default","ocean_disable_heading":"default","ocean_post_title":"","ocean_post_subheading":"","ocean_post_title_style":"","ocean_post_title_background_color":"","ocean_post_title_background":0,"ocean_post_title_bg_image_position":"","ocean_post_title_bg_image_attachment":"","ocean_post_title_bg_image_repeat":"","ocean_post_title_bg_image_size":"","ocean_post_title_height":0,"ocean_post_title_bg_overlay":0.5,"ocean_post_title_bg_overlay_color":"","ocean_disable_breadcrumbs":"default","ocean_breadcrumbs_color":"","ocean_breadcrumbs_separator_color":"","ocean_breadcrumbs_links_color":"","ocean_breadcrumbs_links_hover_color":"","ocean_display_footer_widgets":"default","ocean_display_footer_bottom":"default","ocean_custom_footer_template":"","ocean_post_oembed":"","ocean_post_self_hosted_media":"","ocean_post_video_embed":"","ocean_link_format":"","ocean_link_format_target":"self","ocean_quote_format":"","ocean_quote_format_link":"post","ocean_gallery_link_images":"on","ocean_gallery_id":[],"footnotes":""},"categories":[4],"tags":[],"post_folder":[],"class_list":["post-392","post","type-post","status-publish","format-standard","hentry","category-en-direct-des-sections","entry"],"yoast_head":"<!-- This site is optimized with the Yoast SEO plugin v27.4 - https:\/\/yoast.com\/product\/yoast-seo-wordpress\/ -->\n<title>Les sections franciliennes mobilis\u00e9es le 12 ! - \u00ceLE-DE-FRANCE<\/title>\n<meta name=\"robots\" content=\"index, follow, max-snippet:-1, max-image-preview:large, max-video-preview:-1\" \/>\n<link rel=\"canonical\" href=\"https:\/\/regions-snetap-fsu.fr\/idf\/2018\/11\/14\/les-sections-franciliennes-mobilises-le-12\/\" \/>\n<meta property=\"og:locale\" content=\"fr_FR\" \/>\n<meta property=\"og:type\" content=\"article\" \/>\n<meta property=\"og:title\" content=\"Les sections franciliennes mobilis\u00e9es le 12 ! - \u00ceLE-DE-FRANCE\" \/>\n<meta property=\"og:description\" content=\"En ce mois de novembre 2018, l&rsquo;intersyndicale (SUD, CGT et SNETAP-FSU) s&rsquo;\u00e9tait donn\u00e9e RDV devant la DGER, en cette journ\u00e9e de gr\u00e8ve nationale de la fonction publique.\" \/>\n<meta property=\"og:url\" content=\"https:\/\/regions-snetap-fsu.fr\/idf\/2018\/11\/14\/les-sections-franciliennes-mobilises-le-12\/\" \/>\n<meta property=\"og:site_name\" content=\"\u00ceLE-DE-FRANCE\" \/>\n<meta property=\"article:published_time\" content=\"2018-11-14T00:00:20+00:00\" \/>\n<meta property=\"article:modified_time\" content=\"2018-11-14T00:56:05+00:00\" \/>\n<meta property=\"og:image\" content=\"https:\/\/regions-snetap-fsu.fr\/idf\/wp-content\/uploads\/sites\/11\/2018\/11\/SNETAP1211_11-300x225.jpg\" \/>\n<meta name=\"author\" content=\"tdossantos\" \/>\n<meta name=\"twitter:card\" content=\"summary_large_image\" \/>\n<meta name=\"twitter:label1\" content=\"\u00c9crit par\" \/>\n\t<meta name=\"twitter:data1\" content=\"tdossantos\" \/>\n\t<meta name=\"twitter:label2\" content=\"Dur\u00e9e de lecture estim\u00e9e\" \/>\n\t<meta name=\"twitter:data2\" content=\"1 minute\" \/>\n<script type=\"application\/ld+json\" class=\"yoast-schema-graph\">{\"@context\":\"https:\\\/\\\/schema.org\",\"@graph\":[{\"@type\":\"Article\",\"@id\":\"https:\\\/\\\/regions-snetap-fsu.fr\\\/idf\\\/2018\\\/11\\\/14\\\/les-sections-franciliennes-mobilises-le-12\\\/#article\",\"isPartOf\":{\"@id\":\"https:\\\/\\\/regions-snetap-fsu.fr\\\/idf\\\/2018\\\/11\\\/14\\\/les-sections-franciliennes-mobilises-le-12\\\/\"},\"author\":{\"name\":\"tdossantos\",\"@id\":\"https:\\\/\\\/regions-snetap-fsu.fr\\\/idf\\\/#\\\/schema\\\/person\\\/1e2d8120205f21ade6260cd06759ef62\"},\"headline\":\"Les sections franciliennes mobilis\u00e9es le 12 !\",\"datePublished\":\"2018-11-14T00:00:20+00:00\",\"dateModified\":\"2018-11-14T00:56:05+00:00\",\"mainEntityOfPage\":{\"@id\":\"https:\\\/\\\/regions-snetap-fsu.fr\\\/idf\\\/2018\\\/11\\\/14\\\/les-sections-franciliennes-mobilises-le-12\\\/\"},\"wordCount\":313,\"image\":{\"@id\":\"https:\\\/\\\/regions-snetap-fsu.fr\\\/idf\\\/2018\\\/11\\\/14\\\/les-sections-franciliennes-mobilises-le-12\\\/#primaryimage\"},\"thumbnailUrl\":\"https:\\\/\\\/regions-snetap-fsu.fr\\\/idf\\\/wp-content\\\/uploads\\\/sites\\\/11\\\/2018\\\/11\\\/SNETAP1211_11-300x225.jpg\",\"articleSection\":[\"En direct des sections\"],\"inLanguage\":\"fr-FR\"},{\"@type\":\"WebPage\",\"@id\":\"https:\\\/\\\/regions-snetap-fsu.fr\\\/idf\\\/2018\\\/11\\\/14\\\/les-sections-franciliennes-mobilises-le-12\\\/\",\"url\":\"https:\\\/\\\/regions-snetap-fsu.fr\\\/idf\\\/2018\\\/11\\\/14\\\/les-sections-franciliennes-mobilises-le-12\\\/\",\"name\":\"Les sections franciliennes mobilis\u00e9es le 12 ! - \u00ceLE-DE-FRANCE\",\"isPartOf\":{\"@id\":\"https:\\\/\\\/regions-snetap-fsu.fr\\\/idf\\\/#website\"},\"primaryImageOfPage\":{\"@id\":\"https:\\\/\\\/regions-snetap-fsu.fr\\\/idf\\\/2018\\\/11\\\/14\\\/les-sections-franciliennes-mobilises-le-12\\\/#primaryimage\"},\"image\":{\"@id\":\"https:\\\/\\\/regions-snetap-fsu.fr\\\/idf\\\/2018\\\/11\\\/14\\\/les-sections-franciliennes-mobilises-le-12\\\/#primaryimage\"},\"thumbnailUrl\":\"https:\\\/\\\/regions-snetap-fsu.fr\\\/idf\\\/wp-content\\\/uploads\\\/sites\\\/11\\\/2018\\\/11\\\/SNETAP1211_11-300x225.jpg\",\"datePublished\":\"2018-11-14T00:00:20+00:00\",\"dateModified\":\"2018-11-14T00:56:05+00:00\",\"author\":{\"@id\":\"https:\\\/\\\/regions-snetap-fsu.fr\\\/idf\\\/#\\\/schema\\\/person\\\/1e2d8120205f21ade6260cd06759ef62\"},\"breadcrumb\":{\"@id\":\"https:\\\/\\\/regions-snetap-fsu.fr\\\/idf\\\/2018\\\/11\\\/14\\\/les-sections-franciliennes-mobilises-le-12\\\/#breadcrumb\"},\"inLanguage\":\"fr-FR\",\"potentialAction\":[{\"@type\":\"ReadAction\",\"target\":[\"https:\\\/\\\/regions-snetap-fsu.fr\\\/idf\\\/2018\\\/11\\\/14\\\/les-sections-franciliennes-mobilises-le-12\\\/\"]}]},{\"@type\":\"ImageObject\",\"inLanguage\":\"fr-FR\",\"@id\":\"https:\\\/\\\/regions-snetap-fsu.fr\\\/idf\\\/2018\\\/11\\\/14\\\/les-sections-franciliennes-mobilises-le-12\\\/#primaryimage\",\"url\":\"https:\\\/\\\/regions-snetap-fsu.fr\\\/idf\\\/wp-content\\\/uploads\\\/sites\\\/11\\\/2018\\\/11\\\/SNETAP1211_11.jpg\",\"contentUrl\":\"https:\\\/\\\/regions-snetap-fsu.fr\\\/idf\\\/wp-content\\\/uploads\\\/sites\\\/11\\\/2018\\\/11\\\/SNETAP1211_11.jpg\",\"width\":4128,\"height\":3096,\"caption\":\"manif snetap-2 nov 18\"},{\"@type\":\"BreadcrumbList\",\"@id\":\"https:\\\/\\\/regions-snetap-fsu.fr\\\/idf\\\/2018\\\/11\\\/14\\\/les-sections-franciliennes-mobilises-le-12\\\/#breadcrumb\",\"itemListElement\":[{\"@type\":\"ListItem\",\"position\":1,\"name\":\"Accueil\",\"item\":\"https:\\\/\\\/regions-snetap-fsu.fr\\\/idf\\\/\"},{\"@type\":\"ListItem\",\"position\":2,\"name\":\"Les sections franciliennes mobilis\u00e9es le 12 !\"}]},{\"@type\":\"WebSite\",\"@id\":\"https:\\\/\\\/regions-snetap-fsu.fr\\\/idf\\\/#website\",\"url\":\"https:\\\/\\\/regions-snetap-fsu.fr\\\/idf\\\/\",\"name\":\"\u00ceLE-DE-FRANCE\",\"description\":\"Le blog de la Section R\u00e9gionale\",\"potentialAction\":[{\"@type\":\"SearchAction\",\"target\":{\"@type\":\"EntryPoint\",\"urlTemplate\":\"https:\\\/\\\/regions-snetap-fsu.fr\\\/idf\\\/?s={search_term_string}\"},\"query-input\":{\"@type\":\"PropertyValueSpecification\",\"valueRequired\":true,\"valueName\":\"search_term_string\"}}],\"inLanguage\":\"fr-FR\"},{\"@type\":\"Person\",\"@id\":\"https:\\\/\\\/regions-snetap-fsu.fr\\\/idf\\\/#\\\/schema\\\/person\\\/1e2d8120205f21ade6260cd06759ef62\",\"name\":\"tdossantos\",\"image\":{\"@type\":\"ImageObject\",\"inLanguage\":\"fr-FR\",\"@id\":\"https:\\\/\\\/secure.gravatar.com\\\/avatar\\\/eb323d66303d5d3db90b97b88724753e51811779db988d61b5311e81a13ec30d?s=96&d=mm&r=g\",\"url\":\"https:\\\/\\\/secure.gravatar.com\\\/avatar\\\/eb323d66303d5d3db90b97b88724753e51811779db988d61b5311e81a13ec30d?s=96&d=mm&r=g\",\"contentUrl\":\"https:\\\/\\\/secure.gravatar.com\\\/avatar\\\/eb323d66303d5d3db90b97b88724753e51811779db988d61b5311e81a13ec30d?s=96&d=mm&r=g\",\"caption\":\"tdossantos\"},\"url\":\"https:\\\/\\\/regions-snetap-fsu.fr\\\/idf\\\/author\\\/tdossantos\\\/\"}]}<\/script>\n<!-- \/ Yoast SEO plugin. -->","yoast_head_json":{"title":"Les sections franciliennes mobilis\u00e9es le 12 ! - \u00ceLE-DE-FRANCE","robots":{"index":"index","follow":"follow","max-snippet":"max-snippet:-1","max-image-preview":"max-image-preview:large","max-video-preview":"max-video-preview:-1"},"canonical":"https:\/\/regions-snetap-fsu.fr\/idf\/2018\/11\/14\/les-sections-franciliennes-mobilises-le-12\/","og_locale":"fr_FR","og_type":"article","og_title":"Les sections franciliennes mobilis\u00e9es le 12 ! - \u00ceLE-DE-FRANCE","og_description":"En ce mois de novembre 2018, l&rsquo;intersyndicale (SUD, CGT et SNETAP-FSU) s&rsquo;\u00e9tait donn\u00e9e RDV devant la DGER, en cette journ\u00e9e de gr\u00e8ve nationale de la fonction publique.","og_url":"https:\/\/regions-snetap-fsu.fr\/idf\/2018\/11\/14\/les-sections-franciliennes-mobilises-le-12\/","og_site_name":"\u00ceLE-DE-FRANCE","article_published_time":"2018-11-14T00:00:20+00:00","article_modified_time":"2018-11-14T00:56:05+00:00","og_image":[{"url":"https:\/\/regions-snetap-fsu.fr\/idf\/wp-content\/uploads\/sites\/11\/2018\/11\/SNETAP1211_11-300x225.jpg","type":"","width":"","height":""}],"author":"tdossantos","twitter_card":"summary_large_image","twitter_misc":{"\u00c9crit par":"tdossantos","Dur\u00e9e de lecture estim\u00e9e":"1 minute"},"schema":{"@context":"https:\/\/schema.org","@graph":[{"@type":"Article","@id":"https:\/\/regions-snetap-fsu.fr\/idf\/2018\/11\/14\/les-sections-franciliennes-mobilises-le-12\/#article","isPartOf":{"@id":"https:\/\/regions-snetap-fsu.fr\/idf\/2018\/11\/14\/les-sections-franciliennes-mobilises-le-12\/"},"author":{"name":"tdossantos","@id":"https:\/\/regions-snetap-fsu.fr\/idf\/#\/schema\/person\/1e2d8120205f21ade6260cd06759ef62"},"headline":"Les sections franciliennes mobilis\u00e9es le 12 !","datePublished":"2018-11-14T00:00:20+00:00","dateModified":"2018-11-14T00:56:05+00:00","mainEntityOfPage":{"@id":"https:\/\/regions-snetap-fsu.fr\/idf\/2018\/11\/14\/les-sections-franciliennes-mobilises-le-12\/"},"wordCount":313,"image":{"@id":"https:\/\/regions-snetap-fsu.fr\/idf\/2018\/11\/14\/les-sections-franciliennes-mobilises-le-12\/#primaryimage"},"thumbnailUrl":"https:\/\/regions-snetap-fsu.fr\/idf\/wp-content\/uploads\/sites\/11\/2018\/11\/SNETAP1211_11-300x225.jpg","articleSection":["En direct des sections"],"inLanguage":"fr-FR"},{"@type":"WebPage","@id":"https:\/\/regions-snetap-fsu.fr\/idf\/2018\/11\/14\/les-sections-franciliennes-mobilises-le-12\/","url":"https:\/\/regions-snetap-fsu.fr\/idf\/2018\/11\/14\/les-sections-franciliennes-mobilises-le-12\/","name":"Les sections franciliennes mobilis\u00e9es le 12 ! - \u00ceLE-DE-FRANCE","isPartOf":{"@id":"https:\/\/regions-snetap-fsu.fr\/idf\/#website"},"primaryImageOfPage":{"@id":"https:\/\/regions-snetap-fsu.fr\/idf\/2018\/11\/14\/les-sections-franciliennes-mobilises-le-12\/#primaryimage"},"image":{"@id":"https:\/\/regions-snetap-fsu.fr\/idf\/2018\/11\/14\/les-sections-franciliennes-mobilises-le-12\/#primaryimage"},"thumbnailUrl":"https:\/\/regions-snetap-fsu.fr\/idf\/wp-content\/uploads\/sites\/11\/2018\/11\/SNETAP1211_11-300x225.jpg","datePublished":"2018-11-14T00:00:20+00:00","dateModified":"2018-11-14T00:56:05+00:00","author":{"@id":"https:\/\/regions-snetap-fsu.fr\/idf\/#\/schema\/person\/1e2d8120205f21ade6260cd06759ef62"},"breadcrumb":{"@id":"https:\/\/regions-snetap-fsu.fr\/idf\/2018\/11\/14\/les-sections-franciliennes-mobilises-le-12\/#breadcrumb"},"inLanguage":"fr-FR","potentialAction":[{"@type":"ReadAction","target":["https:\/\/regions-snetap-fsu.fr\/idf\/2018\/11\/14\/les-sections-franciliennes-mobilises-le-12\/"]}]},{"@type":"ImageObject","inLanguage":"fr-FR","@id":"https:\/\/regions-snetap-fsu.fr\/idf\/2018\/11\/14\/les-sections-franciliennes-mobilises-le-12\/#primaryimage","url":"https:\/\/regions-snetap-fsu.fr\/idf\/wp-content\/uploads\/sites\/11\/2018\/11\/SNETAP1211_11.jpg","contentUrl":"https:\/\/regions-snetap-fsu.fr\/idf\/wp-content\/uploads\/sites\/11\/2018\/11\/SNETAP1211_11.jpg","width":4128,"height":3096,"caption":"manif snetap-2 nov 18"},{"@type":"BreadcrumbList","@id":"https:\/\/regions-snetap-fsu.fr\/idf\/2018\/11\/14\/les-sections-franciliennes-mobilises-le-12\/#breadcrumb","itemListElement":[{"@type":"ListItem","position":1,"name":"Accueil","item":"https:\/\/regions-snetap-fsu.fr\/idf\/"},{"@type":"ListItem","position":2,"name":"Les sections franciliennes mobilis\u00e9es le 12 !"}]},{"@type":"WebSite","@id":"https:\/\/regions-snetap-fsu.fr\/idf\/#website","url":"https:\/\/regions-snetap-fsu.fr\/idf\/","name":"\u00ceLE-DE-FRANCE","description":"Le blog de la Section R\u00e9gionale","potentialAction":[{"@type":"SearchAction","target":{"@type":"EntryPoint","urlTemplate":"https:\/\/regions-snetap-fsu.fr\/idf\/?s={search_term_string}"},"query-input":{"@type":"PropertyValueSpecification","valueRequired":true,"valueName":"search_term_string"}}],"inLanguage":"fr-FR"},{"@type":"Person","@id":"https:\/\/regions-snetap-fsu.fr\/idf\/#\/schema\/person\/1e2d8120205f21ade6260cd06759ef62","name":"tdossantos","image":{"@type":"ImageObject","inLanguage":"fr-FR","@id":"https:\/\/secure.gravatar.com\/avatar\/eb323d66303d5d3db90b97b88724753e51811779db988d61b5311e81a13ec30d?s=96&d=mm&r=g","url":"https:\/\/secure.gravatar.com\/avatar\/eb323d66303d5d3db90b97b88724753e51811779db988d61b5311e81a13ec30d?s=96&d=mm&r=g","contentUrl":"https:\/\/secure.gravatar.com\/avatar\/eb323d66303d5d3db90b97b88724753e51811779db988d61b5311e81a13ec30d?s=96&d=mm&r=g","caption":"tdossantos"},"url":"https:\/\/regions-snetap-fsu.fr\/idf\/author\/tdossantos\/"}]}},"_links":{"self":[{"href":"https:\/\/regions-snetap-fsu.fr\/idf\/wp-json\/wp\/v2\/posts\/392","targetHints":{"allow":["GET"]}}],"collection":[{"href":"https:\/\/regions-snetap-fsu.fr\/idf\/wp-json\/wp\/v2\/posts"}],"about":[{"href":"https:\/\/regions-snetap-fsu.fr\/idf\/wp-json\/wp\/v2\/types\/post"}],"author":[{"embeddable":true,"href":"https:\/\/regions-snetap-fsu.fr\/idf\/wp-json\/wp\/v2\/users\/104"}],"replies":[{"embeddable":true,"href":"https:\/\/regions-snetap-fsu.fr\/idf\/wp-json\/wp\/v2\/comments?post=392"}],"version-history":[{"count":8,"href":"https:\/\/regions-snetap-fsu.fr\/idf\/wp-json\/wp\/v2\/posts\/392\/revisions"}],"predecessor-version":[{"id":405,"href":"https:\/\/regions-snetap-fsu.fr\/idf\/wp-json\/wp\/v2\/posts\/392\/revisions\/405"}],"wp:attachment":[{"href":"https:\/\/regions-snetap-fsu.fr\/idf\/wp-json\/wp\/v2\/media?parent=392"}],"wp:term":[{"taxonomy":"category","embeddable":true,"href":"https:\/\/regions-snetap-fsu.fr\/idf\/wp-json\/wp\/v2\/categories?post=392"},{"taxonomy":"post_tag","embeddable":true,"href":"https:\/\/regions-snetap-fsu.fr\/idf\/wp-json\/wp\/v2\/tags?post=392"},{"taxonomy":"post_folder","embeddable":true,"href":"https:\/\/regions-snetap-fsu.fr\/idf\/wp-json\/wp\/v2\/post_folder?post=392"}],"curies":[{"name":"wp","href":"https:\/\/api.w.org\/{rel}","templated":true}]}}