{"id":294,"date":"2018-09-03T00:06:36","date_gmt":"2018-09-02T22:06:36","guid":{"rendered":"https:\/\/regions-snetap-fsu.fr\/idf\/?p=294"},"modified":"2018-10-01T00:10:26","modified_gmt":"2018-09-30T22:10:26","slug":"la-rentree-dans-les-eplefpa-franciliens","status":"publish","type":"post","link":"https:\/\/regions-snetap-fsu.fr\/idf\/2018\/09\/03\/la-rentree-dans-les-eplefpa-franciliens\/","title":{"rendered":"La rentr\u00e9e dans les EPLEFPA franciliens"},"content":{"rendered":"<div><\/div>\n<div><span style=\"font-family: Arial;font-size: small\">Depuis quelques jours, nous avons tous repris nos activit\u00e9s professionnelles.<strong> Le contexte est toujours compliqu\u00e9 pour l&rsquo;enseignement technique<\/strong> du fait des nombreuses r\u00e9formes qui vont s&rsquo;appliquer au fur et \u00e0 mesure.<\/span><\/div>\n<div><\/div>\n<div><span style=\"font-family: Arial;font-size: small\"><strong>Sur le plan p\u00e9dagogique, les r\u00e9formes du bac S<\/strong> (qui va limiter l&rsquo;attractivit\u00e9 de nos formations), <strong>du bac techno<\/strong> (qui met \u00e0 mal certains enseignements)<strong> et\u00a0de l&rsquo;apprentissage<\/strong> (qui va provoquer une mise en concurrence sauvage et sans doute de v\u00e9ll\u00e9it\u00e9s de mixit\u00e9 de public avec la voie scolaire), vont secouer les structures de nos EPL et EPN. Il faudra se battre pour maintenir nos classes, nos postes, et nos effectifs.<\/span><\/div>\n<div><\/div>\n<div><span style=\"font-family: Arial;font-size: small\">Du c\u00f4t\u00e9 des personnels, <strong>le Snetap-FSU se bat pour obtenir une revalorisation<\/strong>, depuis longtemps attendue, des indices de salaire <strong>des contractuels d&rsquo;\u00e9tat<\/strong>. Pour les agents cfaa-cfppa, si le toilettage de la partie 1 du protocole national de gestion des personnels\u00a0a bien \u00e9t\u00e9 fait, il reste toute la partie 2\u00a0qui est la plus sensible et propre \u00e0 ces centres. Le minist\u00e8re y va \u00e0 reculons, tout en essayant de nous faire croire qu&rsquo;il avance&#8230; Pour les titulaires, l&rsquo;application du RIFSEEP se fait pour la majorit\u00e9 des corps, sauf pour les enseignants et cpe, qui sont toujours gel\u00e9s. Que dire de l&rsquo;acc\u00e8s \u00e0 la classe exceptionnelle, toujours pas abond\u00e9e \u00e0 ce jour,\u00a0dont une grande part sera occup\u00e9e par des personnels de direction, le minist\u00e8re bloquant toujours -\u00e0 la demande de certains syndicats-\u00a0la cr\u00e9ation d&rsquo;un corps sp\u00e9cifique, \u00e0 l&rsquo;identique de ce qui existe \u00e0 l&rsquo;Education nationale.<\/span><\/div>\n<div><\/div>\n<div><span style=\"font-family: Arial;font-size: small\">Bataille en cours aussi pour la cr\u00e9ation d&rsquo;un corps sp\u00e9cifique de cat\u00e9gorie B, pour les AESH, les personnels accompagnant les \u00e9l\u00e8ves en situation de handicap. <\/span><\/div>\n<div><\/div>\n<div><span style=\"font-family: Arial;font-size: small\"><strong>La rentr\u00e9e en Ile de France est marqu\u00e9e par<\/strong> <strong>une baisse d&rsquo;effectifs dans nos classes scolaires et apprentissages<\/strong>. Cela s&rsquo;explique par le d\u00e9veloppement de l&rsquo;apprentissage dans le priv\u00e9 (particuli\u00e8rement en am\u00e9nagement paysager), mais aussi par un fl\u00e9chissement dans la politique de communication, nous ne sommes pas en capacit\u00e9 de d\u00e9ployer de grandes campagnes informatives comme certaines composantes de l&rsquo;enseignement agricole. Enfin, la proc\u00e9dure ParcourSup pour les entr\u00e9es en BTS a fait miroiter des inscriptions assurant des classes compl\u00e8tes, ce qui n&rsquo;est pas le cas dans la r\u00e9alit\u00e9, et ce, malgr\u00e9 les nombreux candidats toujours sur le carreau actuellement.<\/span><\/div>\n<div><span style=\"font-family: Arial;font-size: small\">Si les 3 lyc\u00e9es sont en recherche de compl\u00e9ment d&rsquo;effectifs, les 3 CFA sont aussi dans les tourmentes de l&rsquo;organisation interne, voir, des situations de mal-\u00eatre\u00a0persistants.<\/span><\/div>\n<div><\/div>\n<div><strong><span style=\"font-family: Arial;font-size: small\">L&rsquo;\u00e9quipe du bureau r\u00e9gional reprend les dossiers, avec des exigences -ouverture d&rsquo;un 1\/2 poste d&rsquo;enseignement Am\u00e9nagement paysager pour Brie, respect des proc\u00e9dures de licenciement, du droit syndical avec l&rsquo;application des d\u00e9charges de service, &#8230;- et de la vigilance quant aux dotations en agents territoriaux par le conseil r\u00e9gional, au respect du travail et de l&rsquo;int\u00e9grit\u00e9 des agents et bien sur, comme \u00e0 chaque rentr\u00e9e, sur la mise en place des fiches de service. Indiquez-nous les difficult\u00e9s&#8230;<\/span><\/strong><\/div>\n<div><\/div>\n<div><span style=\"font-family: Arial;font-size: small\"><strong>Cet automne, c&rsquo;est aussi l&rsquo;entr\u00e9e en campagne des organisations syndicales pour les \u00e9lections professionnelles du 6 d\u00e9cembre<\/strong>, avec les Comit\u00e9s techniques minist\u00e9riels et r\u00e9gional &#8211; agriculture et conseil r\u00e9gional pour les territoriaux-, mais aussi avec les \u00e9lections pour les CAP et les CCP ! <\/span><\/div>\n<div><span style=\"font-family: Arial;font-size: small\">Nous en reparlerons vite !<\/span><\/div>\n<div><\/div>\n<div><span style=\"font-family: Arial;font-size: small\">Une liste r\u00e9gionale va se mettre en place pour le Comit\u00e9 Technique R\u00e9gional (CTREA), et des appels \u00e0 candidatures sont en cours pour les CAP nationales. N&rsquo;h\u00e9sitez\u00a0pas<\/span>\u00a0<span style=\"font-family: Arial;font-size: small\">\u00e0 vous signaler si vous \u00eates int\u00e9ress\u00e9s !<\/span><\/div>\n<div><span style=\"font-family: Arial;font-size: small\">Il va sans dire que ces \u00e9lections sont de la plus haute importance pour permettre le bon fonctionnement du Snetap-FSU,\u00a0au niveau national\u00a0et en Ile de France ! C&rsquo;est ensemble que l&rsquo;on est fort !<\/span><\/div>\n<div><\/div>\n<div><span style=\"font-family: Arial;font-size: small\">A bient\u00f4t dans vos \u00e9tablissements,<\/span><\/div>\n<div>\n<div>\n<div>\n<div><\/div>\n<div>\n<div>\n<div>\n<div align=\"left\">\n<hr size=\"3\" \/>\n<\/div>\n<div dir=\"ltr\"><span style=\"color: #0000ff;font-family: Arial\"><strong>Claire Pinault<\/strong><\/span><\/div>\n<div dir=\"ltr\"><span style=\"color: #0000ff;font-size: xx-small\"><em>Secr\u00e9taire r\u00e9gionale IdF SNETAP-FSU<\/em><\/span><\/div>\n<\/div>\n<\/div>\n<\/div>\n<\/div>\n<\/div>\n<\/div>\n","protected":false},"excerpt":{"rendered":"<p>Depuis quelques jours, nous avons tous repris nos activit\u00e9s professionnelles. Le contexte est toujours compliqu\u00e9 pour l&rsquo;enseignement technique du fait des nombreuses r\u00e9formes qui vont s&rsquo;appliquer au fur et \u00e0 mesure. Sur le plan p\u00e9dagogique, les r\u00e9formes du bac S (qui va limiter l&rsquo;attractivit\u00e9 de nos formations), du bac techno (qui met \u00e0 mal certains [&hellip;]<\/p>\n","protected":false},"author":104,"featured_media":0,"comment_status":"closed","ping_status":"closed","sticky":false,"template":"","format":"standard","meta":{"ocean_post_layout":"","ocean_both_sidebars_style":"","ocean_both_sidebars_content_width":0,"ocean_both_sidebars_sidebars_width":0,"ocean_sidebar":"","ocean_second_sidebar":"","ocean_disable_margins":"enable","ocean_add_body_class":"","ocean_shortcode_before_top_bar":"","ocean_shortcode_after_top_bar":"","ocean_shortcode_before_header":"","ocean_shortcode_after_header":"","ocean_has_shortcode":"","ocean_shortcode_after_title":"","ocean_shortcode_before_footer_widgets":"","ocean_shortcode_after_footer_widgets":"","ocean_shortcode_before_footer_bottom":"","ocean_shortcode_after_footer_bottom":"","ocean_display_top_bar":"default","ocean_display_header":"default","ocean_header_style":"","ocean_center_header_left_menu":"","ocean_custom_header_template":"","ocean_custom_logo":0,"ocean_custom_retina_logo":0,"ocean_custom_logo_max_width":0,"ocean_custom_logo_tablet_max_width":0,"ocean_custom_logo_mobile_max_width":0,"ocean_custom_logo_max_height":0,"ocean_custom_logo_tablet_max_height":0,"ocean_custom_logo_mobile_max_height":0,"ocean_header_custom_menu":"","ocean_menu_typo_font_family":"","ocean_menu_typo_font_subset":"","ocean_menu_typo_font_size":0,"ocean_menu_typo_font_size_tablet":0,"ocean_menu_typo_font_size_mobile":0,"ocean_menu_typo_font_size_unit":"px","ocean_menu_typo_font_weight":"","ocean_menu_typo_font_weight_tablet":"","ocean_menu_typo_font_weight_mobile":"","ocean_menu_typo_transform":"","ocean_menu_typo_transform_tablet":"","ocean_menu_typo_transform_mobile":"","ocean_menu_typo_line_height":0,"ocean_menu_typo_line_height_tablet":0,"ocean_menu_typo_line_height_mobile":0,"ocean_menu_typo_line_height_unit":"","ocean_menu_typo_spacing":0,"ocean_menu_typo_spacing_tablet":0,"ocean_menu_typo_spacing_mobile":0,"ocean_menu_typo_spacing_unit":"","ocean_menu_link_color":"","ocean_menu_link_color_hover":"","ocean_menu_link_color_active":"","ocean_menu_link_background":"","ocean_menu_link_hover_background":"","ocean_menu_link_active_background":"","ocean_menu_social_links_bg":"","ocean_menu_social_hover_links_bg":"","ocean_menu_social_links_color":"","ocean_menu_social_hover_links_color":"","ocean_disable_title":"default","ocean_disable_heading":"default","ocean_post_title":"","ocean_post_subheading":"","ocean_post_title_style":"","ocean_post_title_background_color":"","ocean_post_title_background":0,"ocean_post_title_bg_image_position":"","ocean_post_title_bg_image_attachment":"","ocean_post_title_bg_image_repeat":"","ocean_post_title_bg_image_size":"","ocean_post_title_height":0,"ocean_post_title_bg_overlay":0.5,"ocean_post_title_bg_overlay_color":"","ocean_disable_breadcrumbs":"default","ocean_breadcrumbs_color":"","ocean_breadcrumbs_separator_color":"","ocean_breadcrumbs_links_color":"","ocean_breadcrumbs_links_hover_color":"","ocean_display_footer_widgets":"default","ocean_display_footer_bottom":"default","ocean_custom_footer_template":"","ocean_post_oembed":"","ocean_post_self_hosted_media":"","ocean_post_video_embed":"","ocean_link_format":"","ocean_link_format_target":"self","ocean_quote_format":"","ocean_quote_format_link":"post","ocean_gallery_link_images":"on","ocean_gallery_id":[],"footnotes":""},"categories":[15],"tags":[],"post_folder":[],"class_list":["post-294","post","type-post","status-publish","format-standard","hentry","category-actions-et-communiques","entry"],"yoast_head":"<!-- This site is optimized with the Yoast SEO plugin v27.4 - https:\/\/yoast.com\/product\/yoast-seo-wordpress\/ -->\n<title>La rentr\u00e9e dans les EPLEFPA franciliens - \u00ceLE-DE-FRANCE<\/title>\n<meta name=\"robots\" content=\"index, follow, max-snippet:-1, max-image-preview:large, max-video-preview:-1\" \/>\n<link rel=\"canonical\" href=\"https:\/\/regions-snetap-fsu.fr\/idf\/2018\/09\/03\/la-rentree-dans-les-eplefpa-franciliens\/\" \/>\n<meta property=\"og:locale\" content=\"fr_FR\" \/>\n<meta property=\"og:type\" content=\"article\" \/>\n<meta property=\"og:title\" content=\"La rentr\u00e9e dans les EPLEFPA franciliens - \u00ceLE-DE-FRANCE\" \/>\n<meta property=\"og:description\" content=\"Depuis quelques jours, nous avons tous repris nos activit\u00e9s professionnelles. Le contexte est toujours compliqu\u00e9 pour l&rsquo;enseignement technique du fait des nombreuses r\u00e9formes qui vont s&rsquo;appliquer au fur et \u00e0 mesure. Sur le plan p\u00e9dagogique, les r\u00e9formes du bac S (qui va limiter l&rsquo;attractivit\u00e9 de nos formations), du bac techno (qui met \u00e0 mal certains [&hellip;]\" \/>\n<meta property=\"og:url\" content=\"https:\/\/regions-snetap-fsu.fr\/idf\/2018\/09\/03\/la-rentree-dans-les-eplefpa-franciliens\/\" \/>\n<meta property=\"og:site_name\" content=\"\u00ceLE-DE-FRANCE\" \/>\n<meta property=\"article:published_time\" content=\"2018-09-02T22:06:36+00:00\" \/>\n<meta property=\"article:modified_time\" content=\"2018-09-30T22:10:26+00:00\" \/>\n<meta name=\"author\" content=\"tdossantos\" \/>\n<meta name=\"twitter:card\" content=\"summary_large_image\" \/>\n<meta name=\"twitter:label1\" content=\"\u00c9crit par\" \/>\n\t<meta name=\"twitter:data1\" content=\"tdossantos\" \/>\n\t<meta name=\"twitter:label2\" content=\"Dur\u00e9e de lecture estim\u00e9e\" \/>\n\t<meta name=\"twitter:data2\" content=\"3 minutes\" \/>\n<script type=\"application\/ld+json\" class=\"yoast-schema-graph\">{\"@context\":\"https:\\\/\\\/schema.org\",\"@graph\":[{\"@type\":\"Article\",\"@id\":\"https:\\\/\\\/regions-snetap-fsu.fr\\\/idf\\\/2018\\\/09\\\/03\\\/la-rentree-dans-les-eplefpa-franciliens\\\/#article\",\"isPartOf\":{\"@id\":\"https:\\\/\\\/regions-snetap-fsu.fr\\\/idf\\\/2018\\\/09\\\/03\\\/la-rentree-dans-les-eplefpa-franciliens\\\/\"},\"author\":{\"name\":\"tdossantos\",\"@id\":\"https:\\\/\\\/regions-snetap-fsu.fr\\\/idf\\\/#\\\/schema\\\/person\\\/1e2d8120205f21ade6260cd06759ef62\"},\"headline\":\"La rentr\u00e9e dans les EPLEFPA franciliens\",\"datePublished\":\"2018-09-02T22:06:36+00:00\",\"dateModified\":\"2018-09-30T22:10:26+00:00\",\"mainEntityOfPage\":{\"@id\":\"https:\\\/\\\/regions-snetap-fsu.fr\\\/idf\\\/2018\\\/09\\\/03\\\/la-rentree-dans-les-eplefpa-franciliens\\\/\"},\"wordCount\":677,\"articleSection\":[\"Actions et communiqu\u00e9s\"],\"inLanguage\":\"fr-FR\"},{\"@type\":\"WebPage\",\"@id\":\"https:\\\/\\\/regions-snetap-fsu.fr\\\/idf\\\/2018\\\/09\\\/03\\\/la-rentree-dans-les-eplefpa-franciliens\\\/\",\"url\":\"https:\\\/\\\/regions-snetap-fsu.fr\\\/idf\\\/2018\\\/09\\\/03\\\/la-rentree-dans-les-eplefpa-franciliens\\\/\",\"name\":\"La rentr\u00e9e dans les EPLEFPA franciliens - \u00ceLE-DE-FRANCE\",\"isPartOf\":{\"@id\":\"https:\\\/\\\/regions-snetap-fsu.fr\\\/idf\\\/#website\"},\"datePublished\":\"2018-09-02T22:06:36+00:00\",\"dateModified\":\"2018-09-30T22:10:26+00:00\",\"author\":{\"@id\":\"https:\\\/\\\/regions-snetap-fsu.fr\\\/idf\\\/#\\\/schema\\\/person\\\/1e2d8120205f21ade6260cd06759ef62\"},\"breadcrumb\":{\"@id\":\"https:\\\/\\\/regions-snetap-fsu.fr\\\/idf\\\/2018\\\/09\\\/03\\\/la-rentree-dans-les-eplefpa-franciliens\\\/#breadcrumb\"},\"inLanguage\":\"fr-FR\",\"potentialAction\":[{\"@type\":\"ReadAction\",\"target\":[\"https:\\\/\\\/regions-snetap-fsu.fr\\\/idf\\\/2018\\\/09\\\/03\\\/la-rentree-dans-les-eplefpa-franciliens\\\/\"]}]},{\"@type\":\"BreadcrumbList\",\"@id\":\"https:\\\/\\\/regions-snetap-fsu.fr\\\/idf\\\/2018\\\/09\\\/03\\\/la-rentree-dans-les-eplefpa-franciliens\\\/#breadcrumb\",\"itemListElement\":[{\"@type\":\"ListItem\",\"position\":1,\"name\":\"Accueil\",\"item\":\"https:\\\/\\\/regions-snetap-fsu.fr\\\/idf\\\/\"},{\"@type\":\"ListItem\",\"position\":2,\"name\":\"La rentr\u00e9e dans les EPLEFPA franciliens\"}]},{\"@type\":\"WebSite\",\"@id\":\"https:\\\/\\\/regions-snetap-fsu.fr\\\/idf\\\/#website\",\"url\":\"https:\\\/\\\/regions-snetap-fsu.fr\\\/idf\\\/\",\"name\":\"\u00ceLE-DE-FRANCE\",\"description\":\"Le blog de la Section R\u00e9gionale\",\"potentialAction\":[{\"@type\":\"SearchAction\",\"target\":{\"@type\":\"EntryPoint\",\"urlTemplate\":\"https:\\\/\\\/regions-snetap-fsu.fr\\\/idf\\\/?s={search_term_string}\"},\"query-input\":{\"@type\":\"PropertyValueSpecification\",\"valueRequired\":true,\"valueName\":\"search_term_string\"}}],\"inLanguage\":\"fr-FR\"},{\"@type\":\"Person\",\"@id\":\"https:\\\/\\\/regions-snetap-fsu.fr\\\/idf\\\/#\\\/schema\\\/person\\\/1e2d8120205f21ade6260cd06759ef62\",\"name\":\"tdossantos\",\"image\":{\"@type\":\"ImageObject\",\"inLanguage\":\"fr-FR\",\"@id\":\"https:\\\/\\\/secure.gravatar.com\\\/avatar\\\/eb323d66303d5d3db90b97b88724753e51811779db988d61b5311e81a13ec30d?s=96&d=mm&r=g\",\"url\":\"https:\\\/\\\/secure.gravatar.com\\\/avatar\\\/eb323d66303d5d3db90b97b88724753e51811779db988d61b5311e81a13ec30d?s=96&d=mm&r=g\",\"contentUrl\":\"https:\\\/\\\/secure.gravatar.com\\\/avatar\\\/eb323d66303d5d3db90b97b88724753e51811779db988d61b5311e81a13ec30d?s=96&d=mm&r=g\",\"caption\":\"tdossantos\"},\"url\":\"https:\\\/\\\/regions-snetap-fsu.fr\\\/idf\\\/author\\\/tdossantos\\\/\"}]}<\/script>\n<!-- \/ Yoast SEO plugin. -->","yoast_head_json":{"title":"La rentr\u00e9e dans les EPLEFPA franciliens - \u00ceLE-DE-FRANCE","robots":{"index":"index","follow":"follow","max-snippet":"max-snippet:-1","max-image-preview":"max-image-preview:large","max-video-preview":"max-video-preview:-1"},"canonical":"https:\/\/regions-snetap-fsu.fr\/idf\/2018\/09\/03\/la-rentree-dans-les-eplefpa-franciliens\/","og_locale":"fr_FR","og_type":"article","og_title":"La rentr\u00e9e dans les EPLEFPA franciliens - \u00ceLE-DE-FRANCE","og_description":"Depuis quelques jours, nous avons tous repris nos activit\u00e9s professionnelles. Le contexte est toujours compliqu\u00e9 pour l&rsquo;enseignement technique du fait des nombreuses r\u00e9formes qui vont s&rsquo;appliquer au fur et \u00e0 mesure. Sur le plan p\u00e9dagogique, les r\u00e9formes du bac S (qui va limiter l&rsquo;attractivit\u00e9 de nos formations), du bac techno (qui met \u00e0 mal certains [&hellip;]","og_url":"https:\/\/regions-snetap-fsu.fr\/idf\/2018\/09\/03\/la-rentree-dans-les-eplefpa-franciliens\/","og_site_name":"\u00ceLE-DE-FRANCE","article_published_time":"2018-09-02T22:06:36+00:00","article_modified_time":"2018-09-30T22:10:26+00:00","author":"tdossantos","twitter_card":"summary_large_image","twitter_misc":{"\u00c9crit par":"tdossantos","Dur\u00e9e de lecture estim\u00e9e":"3 minutes"},"schema":{"@context":"https:\/\/schema.org","@graph":[{"@type":"Article","@id":"https:\/\/regions-snetap-fsu.fr\/idf\/2018\/09\/03\/la-rentree-dans-les-eplefpa-franciliens\/#article","isPartOf":{"@id":"https:\/\/regions-snetap-fsu.fr\/idf\/2018\/09\/03\/la-rentree-dans-les-eplefpa-franciliens\/"},"author":{"name":"tdossantos","@id":"https:\/\/regions-snetap-fsu.fr\/idf\/#\/schema\/person\/1e2d8120205f21ade6260cd06759ef62"},"headline":"La rentr\u00e9e dans les EPLEFPA franciliens","datePublished":"2018-09-02T22:06:36+00:00","dateModified":"2018-09-30T22:10:26+00:00","mainEntityOfPage":{"@id":"https:\/\/regions-snetap-fsu.fr\/idf\/2018\/09\/03\/la-rentree-dans-les-eplefpa-franciliens\/"},"wordCount":677,"articleSection":["Actions et communiqu\u00e9s"],"inLanguage":"fr-FR"},{"@type":"WebPage","@id":"https:\/\/regions-snetap-fsu.fr\/idf\/2018\/09\/03\/la-rentree-dans-les-eplefpa-franciliens\/","url":"https:\/\/regions-snetap-fsu.fr\/idf\/2018\/09\/03\/la-rentree-dans-les-eplefpa-franciliens\/","name":"La rentr\u00e9e dans les EPLEFPA franciliens - \u00ceLE-DE-FRANCE","isPartOf":{"@id":"https:\/\/regions-snetap-fsu.fr\/idf\/#website"},"datePublished":"2018-09-02T22:06:36+00:00","dateModified":"2018-09-30T22:10:26+00:00","author":{"@id":"https:\/\/regions-snetap-fsu.fr\/idf\/#\/schema\/person\/1e2d8120205f21ade6260cd06759ef62"},"breadcrumb":{"@id":"https:\/\/regions-snetap-fsu.fr\/idf\/2018\/09\/03\/la-rentree-dans-les-eplefpa-franciliens\/#breadcrumb"},"inLanguage":"fr-FR","potentialAction":[{"@type":"ReadAction","target":["https:\/\/regions-snetap-fsu.fr\/idf\/2018\/09\/03\/la-rentree-dans-les-eplefpa-franciliens\/"]}]},{"@type":"BreadcrumbList","@id":"https:\/\/regions-snetap-fsu.fr\/idf\/2018\/09\/03\/la-rentree-dans-les-eplefpa-franciliens\/#breadcrumb","itemListElement":[{"@type":"ListItem","position":1,"name":"Accueil","item":"https:\/\/regions-snetap-fsu.fr\/idf\/"},{"@type":"ListItem","position":2,"name":"La rentr\u00e9e dans les EPLEFPA franciliens"}]},{"@type":"WebSite","@id":"https:\/\/regions-snetap-fsu.fr\/idf\/#website","url":"https:\/\/regions-snetap-fsu.fr\/idf\/","name":"\u00ceLE-DE-FRANCE","description":"Le blog de la Section R\u00e9gionale","potentialAction":[{"@type":"SearchAction","target":{"@type":"EntryPoint","urlTemplate":"https:\/\/regions-snetap-fsu.fr\/idf\/?s={search_term_string}"},"query-input":{"@type":"PropertyValueSpecification","valueRequired":true,"valueName":"search_term_string"}}],"inLanguage":"fr-FR"},{"@type":"Person","@id":"https:\/\/regions-snetap-fsu.fr\/idf\/#\/schema\/person\/1e2d8120205f21ade6260cd06759ef62","name":"tdossantos","image":{"@type":"ImageObject","inLanguage":"fr-FR","@id":"https:\/\/secure.gravatar.com\/avatar\/eb323d66303d5d3db90b97b88724753e51811779db988d61b5311e81a13ec30d?s=96&d=mm&r=g","url":"https:\/\/secure.gravatar.com\/avatar\/eb323d66303d5d3db90b97b88724753e51811779db988d61b5311e81a13ec30d?s=96&d=mm&r=g","contentUrl":"https:\/\/secure.gravatar.com\/avatar\/eb323d66303d5d3db90b97b88724753e51811779db988d61b5311e81a13ec30d?s=96&d=mm&r=g","caption":"tdossantos"},"url":"https:\/\/regions-snetap-fsu.fr\/idf\/author\/tdossantos\/"}]}},"_links":{"self":[{"href":"https:\/\/regions-snetap-fsu.fr\/idf\/wp-json\/wp\/v2\/posts\/294","targetHints":{"allow":["GET"]}}],"collection":[{"href":"https:\/\/regions-snetap-fsu.fr\/idf\/wp-json\/wp\/v2\/posts"}],"about":[{"href":"https:\/\/regions-snetap-fsu.fr\/idf\/wp-json\/wp\/v2\/types\/post"}],"author":[{"embeddable":true,"href":"https:\/\/regions-snetap-fsu.fr\/idf\/wp-json\/wp\/v2\/users\/104"}],"replies":[{"embeddable":true,"href":"https:\/\/regions-snetap-fsu.fr\/idf\/wp-json\/wp\/v2\/comments?post=294"}],"version-history":[{"count":1,"href":"https:\/\/regions-snetap-fsu.fr\/idf\/wp-json\/wp\/v2\/posts\/294\/revisions"}],"predecessor-version":[{"id":295,"href":"https:\/\/regions-snetap-fsu.fr\/idf\/wp-json\/wp\/v2\/posts\/294\/revisions\/295"}],"wp:attachment":[{"href":"https:\/\/regions-snetap-fsu.fr\/idf\/wp-json\/wp\/v2\/media?parent=294"}],"wp:term":[{"taxonomy":"category","embeddable":true,"href":"https:\/\/regions-snetap-fsu.fr\/idf\/wp-json\/wp\/v2\/categories?post=294"},{"taxonomy":"post_tag","embeddable":true,"href":"https:\/\/regions-snetap-fsu.fr\/idf\/wp-json\/wp\/v2\/tags?post=294"},{"taxonomy":"post_folder","embeddable":true,"href":"https:\/\/regions-snetap-fsu.fr\/idf\/wp-json\/wp\/v2\/post_folder?post=294"}],"curies":[{"name":"wp","href":"https:\/\/api.w.org\/{rel}","templated":true}]}}