{"id":291,"date":"2018-04-28T00:03:23","date_gmt":"2018-04-27T22:03:23","guid":{"rendered":"https:\/\/regions-snetap-fsu.fr\/idf\/?p=291"},"modified":"2018-10-01T00:04:06","modified_gmt":"2018-09-30T22:04:06","slug":"nouveau-bureau-regional","status":"publish","type":"post","link":"https:\/\/regions-snetap-fsu.fr\/idf\/2018\/04\/28\/nouveau-bureau-regional\/","title":{"rendered":"Nouveau bureau r\u00e9gional"},"content":{"rendered":"<div>\n<div><span style=\"font-family: Arial;font-size: small\">Bonjour,<\/span><\/div>\n<div><span style=\"font-family: Arial;font-size: small\">j&rsquo;ai le plaisir de vous transmettre la nouvelle composition du bureau r\u00e9gional du SNETAP-FSU !<\/span><\/div>\n<div><\/div>\n<div><span style=\"font-family: Arial;font-size: small\">Nous avons pr\u00e9c\u00e9d\u00e9 \u00e0 une \u00e9lection de bureau lors du congr\u00e8s r\u00e9gional du 27 avril dernier. <\/span><\/div>\n<ul>\n<li><span style=\"font-family: Arial;font-size: small\">Maribel Lacoste, LEGTPA de St Germain en Laye, fait son entr\u00e9e. Elle remplacera Carlos Pereira, qui souhaitait passer la main en r\u00e9gion. <\/span><\/li>\n<li><span style=\"font-family: Arial;font-size: small\">Fathia Lounici confirme son engagement et fait aussi son entr\u00e9e officielle !<\/span><\/li>\n<li><span style=\"font-family: Arial;font-size: small\">Bruno Polack et Annick LeGu\u00e9 poursuivent leur action.<\/span><\/li>\n<\/ul>\n<div><\/div>\n<div><span style=\"font-family: Arial;font-size: small\">Je tiens \u00e0 remercier Carlos pour ces quelques ann\u00e9es o\u00f9 nous avons travaill\u00e9 ensemble, lors des commissions r\u00e9gionales, des audiences \u00e0 la DRIAAF, au Conseil r\u00e9gional pour les travaux de St Germain, &#8230;, enfin, pour beaucoup de journ\u00e9es d&rsquo;action et d&rsquo;heures au t\u00e9l\u00e9phone !<\/span><\/div>\n<div><\/div>\n<div><span style=\"font-family: Arial;font-size: small\">Merci \u00e0 toutes et tous !<\/span><\/div>\n<div><\/div>\n<div>\n<div>\n<div>\n<div align=\"left\">\n<hr size=\"3\" \/>\n<\/div>\n<div dir=\"ltr\"><span style=\"color: #0000ff;font-family: Arial;font-size: xx-small\"><strong>Claire Pinault<\/strong><\/span><\/div>\n<div dir=\"ltr\"><span style=\"color: #0000ff;font-size: xx-small\"><em>Secr\u00e9taire r\u00e9gionale IdF SNETAP-FSU<\/em><\/span><\/div>\n<\/div>\n<\/div>\n<\/div>\n<\/div>\n","protected":false},"excerpt":{"rendered":"<p>Bonjour, j&rsquo;ai le plaisir de vous transmettre la nouvelle composition du bureau r\u00e9gional du SNETAP-FSU ! Nous avons pr\u00e9c\u00e9d\u00e9 \u00e0 une \u00e9lection de bureau lors du congr\u00e8s r\u00e9gional du 27 avril dernier. Maribel Lacoste, LEGTPA de St Germain en Laye, fait son entr\u00e9e. Elle remplacera Carlos Pereira, qui souhaitait passer la main en r\u00e9gion. Fathia [&hellip;]<\/p>\n","protected":false},"author":104,"featured_media":0,"comment_status":"closed","ping_status":"closed","sticky":false,"template":"","format":"standard","meta":{"ocean_post_layout":"","ocean_both_sidebars_style":"","ocean_both_sidebars_content_width":0,"ocean_both_sidebars_sidebars_width":0,"ocean_sidebar":"","ocean_second_sidebar":"","ocean_disable_margins":"enable","ocean_add_body_class":"","ocean_shortcode_before_top_bar":"","ocean_shortcode_after_top_bar":"","ocean_shortcode_before_header":"","ocean_shortcode_after_header":"","ocean_has_shortcode":"","ocean_shortcode_after_title":"","ocean_shortcode_before_footer_widgets":"","ocean_shortcode_after_footer_widgets":"","ocean_shortcode_before_footer_bottom":"","ocean_shortcode_after_footer_bottom":"","ocean_display_top_bar":"default","ocean_display_header":"default","ocean_header_style":"","ocean_center_header_left_menu":"","ocean_custom_header_template":"","ocean_custom_logo":0,"ocean_custom_retina_logo":0,"ocean_custom_logo_max_width":0,"ocean_custom_logo_tablet_max_width":0,"ocean_custom_logo_mobile_max_width":0,"ocean_custom_logo_max_height":0,"ocean_custom_logo_tablet_max_height":0,"ocean_custom_logo_mobile_max_height":0,"ocean_header_custom_menu":"","ocean_menu_typo_font_family":"","ocean_menu_typo_font_subset":"","ocean_menu_typo_font_size":0,"ocean_menu_typo_font_size_tablet":0,"ocean_menu_typo_font_size_mobile":0,"ocean_menu_typo_font_size_unit":"px","ocean_menu_typo_font_weight":"","ocean_menu_typo_font_weight_tablet":"","ocean_menu_typo_font_weight_mobile":"","ocean_menu_typo_transform":"","ocean_menu_typo_transform_tablet":"","ocean_menu_typo_transform_mobile":"","ocean_menu_typo_line_height":0,"ocean_menu_typo_line_height_tablet":0,"ocean_menu_typo_line_height_mobile":0,"ocean_menu_typo_line_height_unit":"","ocean_menu_typo_spacing":0,"ocean_menu_typo_spacing_tablet":0,"ocean_menu_typo_spacing_mobile":0,"ocean_menu_typo_spacing_unit":"","ocean_menu_link_color":"","ocean_menu_link_color_hover":"","ocean_menu_link_color_active":"","ocean_menu_link_background":"","ocean_menu_link_hover_background":"","ocean_menu_link_active_background":"","ocean_menu_social_links_bg":"","ocean_menu_social_hover_links_bg":"","ocean_menu_social_links_color":"","ocean_menu_social_hover_links_color":"","ocean_disable_title":"default","ocean_disable_heading":"default","ocean_post_title":"","ocean_post_subheading":"","ocean_post_title_style":"","ocean_post_title_background_color":"","ocean_post_title_background":0,"ocean_post_title_bg_image_position":"","ocean_post_title_bg_image_attachment":"","ocean_post_title_bg_image_repeat":"","ocean_post_title_bg_image_size":"","ocean_post_title_height":0,"ocean_post_title_bg_overlay":0.5,"ocean_post_title_bg_overlay_color":"","ocean_disable_breadcrumbs":"default","ocean_breadcrumbs_color":"","ocean_breadcrumbs_separator_color":"","ocean_breadcrumbs_links_color":"","ocean_breadcrumbs_links_hover_color":"","ocean_display_footer_widgets":"default","ocean_display_footer_bottom":"default","ocean_custom_footer_template":"","ocean_post_oembed":"","ocean_post_self_hosted_media":"","ocean_post_video_embed":"","ocean_link_format":"","ocean_link_format_target":"self","ocean_quote_format":"","ocean_quote_format_link":"post","ocean_gallery_link_images":"on","ocean_gallery_id":[],"footnotes":""},"categories":[15],"tags":[],"post_folder":[],"class_list":["post-291","post","type-post","status-publish","format-standard","hentry","category-actions-et-communiques","entry"],"yoast_head":"<!-- This site is optimized with the Yoast SEO plugin v27.4 - https:\/\/yoast.com\/product\/yoast-seo-wordpress\/ -->\n<title>Nouveau bureau r\u00e9gional - \u00ceLE-DE-FRANCE<\/title>\n<meta name=\"robots\" content=\"index, follow, max-snippet:-1, max-image-preview:large, max-video-preview:-1\" \/>\n<link rel=\"canonical\" href=\"https:\/\/regions-snetap-fsu.fr\/idf\/2018\/04\/28\/nouveau-bureau-regional\/\" \/>\n<meta property=\"og:locale\" content=\"fr_FR\" \/>\n<meta property=\"og:type\" content=\"article\" \/>\n<meta property=\"og:title\" content=\"Nouveau bureau r\u00e9gional - \u00ceLE-DE-FRANCE\" \/>\n<meta property=\"og:description\" content=\"Bonjour, j&rsquo;ai le plaisir de vous transmettre la nouvelle composition du bureau r\u00e9gional du SNETAP-FSU ! Nous avons pr\u00e9c\u00e9d\u00e9 \u00e0 une \u00e9lection de bureau lors du congr\u00e8s r\u00e9gional du 27 avril dernier. Maribel Lacoste, LEGTPA de St Germain en Laye, fait son entr\u00e9e. Elle remplacera Carlos Pereira, qui souhaitait passer la main en r\u00e9gion. Fathia [&hellip;]\" \/>\n<meta property=\"og:url\" content=\"https:\/\/regions-snetap-fsu.fr\/idf\/2018\/04\/28\/nouveau-bureau-regional\/\" \/>\n<meta property=\"og:site_name\" content=\"\u00ceLE-DE-FRANCE\" \/>\n<meta property=\"article:published_time\" content=\"2018-04-27T22:03:23+00:00\" \/>\n<meta property=\"article:modified_time\" content=\"2018-09-30T22:04:06+00:00\" \/>\n<meta name=\"author\" content=\"tdossantos\" \/>\n<meta name=\"twitter:card\" content=\"summary_large_image\" \/>\n<meta name=\"twitter:label1\" content=\"\u00c9crit par\" \/>\n\t<meta name=\"twitter:data1\" content=\"tdossantos\" \/>\n\t<meta name=\"twitter:label2\" content=\"Dur\u00e9e de lecture estim\u00e9e\" \/>\n\t<meta name=\"twitter:data2\" content=\"1 minute\" \/>\n<script type=\"application\/ld+json\" class=\"yoast-schema-graph\">{\"@context\":\"https:\\\/\\\/schema.org\",\"@graph\":[{\"@type\":\"Article\",\"@id\":\"https:\\\/\\\/regions-snetap-fsu.fr\\\/idf\\\/2018\\\/04\\\/28\\\/nouveau-bureau-regional\\\/#article\",\"isPartOf\":{\"@id\":\"https:\\\/\\\/regions-snetap-fsu.fr\\\/idf\\\/2018\\\/04\\\/28\\\/nouveau-bureau-regional\\\/\"},\"author\":{\"name\":\"tdossantos\",\"@id\":\"https:\\\/\\\/regions-snetap-fsu.fr\\\/idf\\\/#\\\/schema\\\/person\\\/1e2d8120205f21ade6260cd06759ef62\"},\"headline\":\"Nouveau bureau r\u00e9gional\",\"datePublished\":\"2018-04-27T22:03:23+00:00\",\"dateModified\":\"2018-09-30T22:04:06+00:00\",\"mainEntityOfPage\":{\"@id\":\"https:\\\/\\\/regions-snetap-fsu.fr\\\/idf\\\/2018\\\/04\\\/28\\\/nouveau-bureau-regional\\\/\"},\"wordCount\":143,\"articleSection\":[\"Actions et communiqu\u00e9s\"],\"inLanguage\":\"fr-FR\"},{\"@type\":\"WebPage\",\"@id\":\"https:\\\/\\\/regions-snetap-fsu.fr\\\/idf\\\/2018\\\/04\\\/28\\\/nouveau-bureau-regional\\\/\",\"url\":\"https:\\\/\\\/regions-snetap-fsu.fr\\\/idf\\\/2018\\\/04\\\/28\\\/nouveau-bureau-regional\\\/\",\"name\":\"Nouveau bureau r\u00e9gional - \u00ceLE-DE-FRANCE\",\"isPartOf\":{\"@id\":\"https:\\\/\\\/regions-snetap-fsu.fr\\\/idf\\\/#website\"},\"datePublished\":\"2018-04-27T22:03:23+00:00\",\"dateModified\":\"2018-09-30T22:04:06+00:00\",\"author\":{\"@id\":\"https:\\\/\\\/regions-snetap-fsu.fr\\\/idf\\\/#\\\/schema\\\/person\\\/1e2d8120205f21ade6260cd06759ef62\"},\"breadcrumb\":{\"@id\":\"https:\\\/\\\/regions-snetap-fsu.fr\\\/idf\\\/2018\\\/04\\\/28\\\/nouveau-bureau-regional\\\/#breadcrumb\"},\"inLanguage\":\"fr-FR\",\"potentialAction\":[{\"@type\":\"ReadAction\",\"target\":[\"https:\\\/\\\/regions-snetap-fsu.fr\\\/idf\\\/2018\\\/04\\\/28\\\/nouveau-bureau-regional\\\/\"]}]},{\"@type\":\"BreadcrumbList\",\"@id\":\"https:\\\/\\\/regions-snetap-fsu.fr\\\/idf\\\/2018\\\/04\\\/28\\\/nouveau-bureau-regional\\\/#breadcrumb\",\"itemListElement\":[{\"@type\":\"ListItem\",\"position\":1,\"name\":\"Accueil\",\"item\":\"https:\\\/\\\/regions-snetap-fsu.fr\\\/idf\\\/\"},{\"@type\":\"ListItem\",\"position\":2,\"name\":\"Nouveau bureau r\u00e9gional\"}]},{\"@type\":\"WebSite\",\"@id\":\"https:\\\/\\\/regions-snetap-fsu.fr\\\/idf\\\/#website\",\"url\":\"https:\\\/\\\/regions-snetap-fsu.fr\\\/idf\\\/\",\"name\":\"\u00ceLE-DE-FRANCE\",\"description\":\"Le blog de la Section R\u00e9gionale\",\"potentialAction\":[{\"@type\":\"SearchAction\",\"target\":{\"@type\":\"EntryPoint\",\"urlTemplate\":\"https:\\\/\\\/regions-snetap-fsu.fr\\\/idf\\\/?s={search_term_string}\"},\"query-input\":{\"@type\":\"PropertyValueSpecification\",\"valueRequired\":true,\"valueName\":\"search_term_string\"}}],\"inLanguage\":\"fr-FR\"},{\"@type\":\"Person\",\"@id\":\"https:\\\/\\\/regions-snetap-fsu.fr\\\/idf\\\/#\\\/schema\\\/person\\\/1e2d8120205f21ade6260cd06759ef62\",\"name\":\"tdossantos\",\"image\":{\"@type\":\"ImageObject\",\"inLanguage\":\"fr-FR\",\"@id\":\"https:\\\/\\\/secure.gravatar.com\\\/avatar\\\/eb323d66303d5d3db90b97b88724753e51811779db988d61b5311e81a13ec30d?s=96&d=mm&r=g\",\"url\":\"https:\\\/\\\/secure.gravatar.com\\\/avatar\\\/eb323d66303d5d3db90b97b88724753e51811779db988d61b5311e81a13ec30d?s=96&d=mm&r=g\",\"contentUrl\":\"https:\\\/\\\/secure.gravatar.com\\\/avatar\\\/eb323d66303d5d3db90b97b88724753e51811779db988d61b5311e81a13ec30d?s=96&d=mm&r=g\",\"caption\":\"tdossantos\"},\"url\":\"https:\\\/\\\/regions-snetap-fsu.fr\\\/idf\\\/author\\\/tdossantos\\\/\"}]}<\/script>\n<!-- \/ Yoast SEO plugin. -->","yoast_head_json":{"title":"Nouveau bureau r\u00e9gional - \u00ceLE-DE-FRANCE","robots":{"index":"index","follow":"follow","max-snippet":"max-snippet:-1","max-image-preview":"max-image-preview:large","max-video-preview":"max-video-preview:-1"},"canonical":"https:\/\/regions-snetap-fsu.fr\/idf\/2018\/04\/28\/nouveau-bureau-regional\/","og_locale":"fr_FR","og_type":"article","og_title":"Nouveau bureau r\u00e9gional - \u00ceLE-DE-FRANCE","og_description":"Bonjour, j&rsquo;ai le plaisir de vous transmettre la nouvelle composition du bureau r\u00e9gional du SNETAP-FSU ! Nous avons pr\u00e9c\u00e9d\u00e9 \u00e0 une \u00e9lection de bureau lors du congr\u00e8s r\u00e9gional du 27 avril dernier. Maribel Lacoste, LEGTPA de St Germain en Laye, fait son entr\u00e9e. Elle remplacera Carlos Pereira, qui souhaitait passer la main en r\u00e9gion. Fathia [&hellip;]","og_url":"https:\/\/regions-snetap-fsu.fr\/idf\/2018\/04\/28\/nouveau-bureau-regional\/","og_site_name":"\u00ceLE-DE-FRANCE","article_published_time":"2018-04-27T22:03:23+00:00","article_modified_time":"2018-09-30T22:04:06+00:00","author":"tdossantos","twitter_card":"summary_large_image","twitter_misc":{"\u00c9crit par":"tdossantos","Dur\u00e9e de lecture estim\u00e9e":"1 minute"},"schema":{"@context":"https:\/\/schema.org","@graph":[{"@type":"Article","@id":"https:\/\/regions-snetap-fsu.fr\/idf\/2018\/04\/28\/nouveau-bureau-regional\/#article","isPartOf":{"@id":"https:\/\/regions-snetap-fsu.fr\/idf\/2018\/04\/28\/nouveau-bureau-regional\/"},"author":{"name":"tdossantos","@id":"https:\/\/regions-snetap-fsu.fr\/idf\/#\/schema\/person\/1e2d8120205f21ade6260cd06759ef62"},"headline":"Nouveau bureau r\u00e9gional","datePublished":"2018-04-27T22:03:23+00:00","dateModified":"2018-09-30T22:04:06+00:00","mainEntityOfPage":{"@id":"https:\/\/regions-snetap-fsu.fr\/idf\/2018\/04\/28\/nouveau-bureau-regional\/"},"wordCount":143,"articleSection":["Actions et communiqu\u00e9s"],"inLanguage":"fr-FR"},{"@type":"WebPage","@id":"https:\/\/regions-snetap-fsu.fr\/idf\/2018\/04\/28\/nouveau-bureau-regional\/","url":"https:\/\/regions-snetap-fsu.fr\/idf\/2018\/04\/28\/nouveau-bureau-regional\/","name":"Nouveau bureau r\u00e9gional - \u00ceLE-DE-FRANCE","isPartOf":{"@id":"https:\/\/regions-snetap-fsu.fr\/idf\/#website"},"datePublished":"2018-04-27T22:03:23+00:00","dateModified":"2018-09-30T22:04:06+00:00","author":{"@id":"https:\/\/regions-snetap-fsu.fr\/idf\/#\/schema\/person\/1e2d8120205f21ade6260cd06759ef62"},"breadcrumb":{"@id":"https:\/\/regions-snetap-fsu.fr\/idf\/2018\/04\/28\/nouveau-bureau-regional\/#breadcrumb"},"inLanguage":"fr-FR","potentialAction":[{"@type":"ReadAction","target":["https:\/\/regions-snetap-fsu.fr\/idf\/2018\/04\/28\/nouveau-bureau-regional\/"]}]},{"@type":"BreadcrumbList","@id":"https:\/\/regions-snetap-fsu.fr\/idf\/2018\/04\/28\/nouveau-bureau-regional\/#breadcrumb","itemListElement":[{"@type":"ListItem","position":1,"name":"Accueil","item":"https:\/\/regions-snetap-fsu.fr\/idf\/"},{"@type":"ListItem","position":2,"name":"Nouveau bureau r\u00e9gional"}]},{"@type":"WebSite","@id":"https:\/\/regions-snetap-fsu.fr\/idf\/#website","url":"https:\/\/regions-snetap-fsu.fr\/idf\/","name":"\u00ceLE-DE-FRANCE","description":"Le blog de la Section R\u00e9gionale","potentialAction":[{"@type":"SearchAction","target":{"@type":"EntryPoint","urlTemplate":"https:\/\/regions-snetap-fsu.fr\/idf\/?s={search_term_string}"},"query-input":{"@type":"PropertyValueSpecification","valueRequired":true,"valueName":"search_term_string"}}],"inLanguage":"fr-FR"},{"@type":"Person","@id":"https:\/\/regions-snetap-fsu.fr\/idf\/#\/schema\/person\/1e2d8120205f21ade6260cd06759ef62","name":"tdossantos","image":{"@type":"ImageObject","inLanguage":"fr-FR","@id":"https:\/\/secure.gravatar.com\/avatar\/eb323d66303d5d3db90b97b88724753e51811779db988d61b5311e81a13ec30d?s=96&d=mm&r=g","url":"https:\/\/secure.gravatar.com\/avatar\/eb323d66303d5d3db90b97b88724753e51811779db988d61b5311e81a13ec30d?s=96&d=mm&r=g","contentUrl":"https:\/\/secure.gravatar.com\/avatar\/eb323d66303d5d3db90b97b88724753e51811779db988d61b5311e81a13ec30d?s=96&d=mm&r=g","caption":"tdossantos"},"url":"https:\/\/regions-snetap-fsu.fr\/idf\/author\/tdossantos\/"}]}},"_links":{"self":[{"href":"https:\/\/regions-snetap-fsu.fr\/idf\/wp-json\/wp\/v2\/posts\/291","targetHints":{"allow":["GET"]}}],"collection":[{"href":"https:\/\/regions-snetap-fsu.fr\/idf\/wp-json\/wp\/v2\/posts"}],"about":[{"href":"https:\/\/regions-snetap-fsu.fr\/idf\/wp-json\/wp\/v2\/types\/post"}],"author":[{"embeddable":true,"href":"https:\/\/regions-snetap-fsu.fr\/idf\/wp-json\/wp\/v2\/users\/104"}],"replies":[{"embeddable":true,"href":"https:\/\/regions-snetap-fsu.fr\/idf\/wp-json\/wp\/v2\/comments?post=291"}],"version-history":[{"count":1,"href":"https:\/\/regions-snetap-fsu.fr\/idf\/wp-json\/wp\/v2\/posts\/291\/revisions"}],"predecessor-version":[{"id":292,"href":"https:\/\/regions-snetap-fsu.fr\/idf\/wp-json\/wp\/v2\/posts\/291\/revisions\/292"}],"wp:attachment":[{"href":"https:\/\/regions-snetap-fsu.fr\/idf\/wp-json\/wp\/v2\/media?parent=291"}],"wp:term":[{"taxonomy":"category","embeddable":true,"href":"https:\/\/regions-snetap-fsu.fr\/idf\/wp-json\/wp\/v2\/categories?post=291"},{"taxonomy":"post_tag","embeddable":true,"href":"https:\/\/regions-snetap-fsu.fr\/idf\/wp-json\/wp\/v2\/tags?post=291"},{"taxonomy":"post_folder","embeddable":true,"href":"https:\/\/regions-snetap-fsu.fr\/idf\/wp-json\/wp\/v2\/post_folder?post=291"}],"curies":[{"name":"wp","href":"https:\/\/api.w.org\/{rel}","templated":true}]}}