{"id":2352,"date":"2026-04-08T11:22:11","date_gmt":"2026-04-08T09:22:11","guid":{"rendered":"https:\/\/regions-snetap-fsu.fr\/idf\/?p=2352"},"modified":"2026-04-09T16:19:42","modified_gmt":"2026-04-09T14:19:42","slug":"2352","status":"publish","type":"post","link":"https:\/\/regions-snetap-fsu.fr\/idf\/2026\/04\/08\/2352\/","title":{"rendered":"Le SNETAP-FSU ile de France au Printemps bruyant !"},"content":{"rendered":"<p><span style=\"font-family: Arial\"><br \/>\nsamedi 4 avril 2026<br \/>\n<\/span><strong>Les printemps se font silencieux. Les oiseaux disparaissent, les insectes pollinisateurs meurent par milliards, la sant\u00e9 de tous les \u00eatres humains est mise en danger, \u00e0 commencer par les travailleuses et les travailleurs de l&rsquo;agriculture. La cause ? Un mod\u00e8le agro-industriel centr\u00e9 sur l&rsquo;utilisation massive de pesticides de synth\u00e8se. La mobilisation s&rsquo;amplifie.<\/strong><\/p>\n<p>Retrouvez :<br \/>\n&#8211; le SNETAP-FSU : <a href=\"https:\/\/www.snetap-fsu.fr\/4-avril-2026-Marche-pour-un-Printemps-Bruyant.html\" target=\"_blank\" rel=\"noopener noreferrer\">4 avril 2026\u00a0: Marche pour un Printemps Bruyant<\/a><br \/>\n&#8211; la FSU :<a href=\"https:\/\/fsu.fr\/printemps-bruyant-mobilisation-contre-les-pesticides\/\" target=\"_blank\" rel=\"noopener noreferrer\"> Printemps bruyant \u2013 mobilisation contre les pesticides<\/a><br \/>\n&#8211; de Terre de Liens : <a href=\"https:\/\/terredeliens.org\/ile-de-france\/actu\/marche-pour-un-printemps-bruyant-11-03-2026\/\" target=\"_blank\" rel=\"noopener noreferrer\">Marche pour un Printemps Bruyant\u00a0<\/a><br \/>\n&#8211; de Printemps bruyant : <a class=\"v1moz-txt-link-freetext\" href=\"https:\/\/printempsbruyant.org\/\" target=\"_blank\" rel=\"noopener noreferrer\">https:\/\/printempsbruyant.org\/<\/a><br \/>\n&#8230;<\/p>\n<p>&nbsp;<\/p>\n<p><img fetchpriority=\"high\" decoding=\"async\" class=\"alignnone size-large wp-image-2361\" src=\"https:\/\/regions-snetap-fsu.fr\/idf\/wp-content\/uploads\/sites\/11\/2026\/04\/image-1.jpg\" alt=\"\" width=\"1000\" height=\"563\" srcset=\"https:\/\/regions-snetap-fsu.fr\/idf\/wp-content\/uploads\/sites\/11\/2026\/04\/image-1.jpg 1000w, https:\/\/regions-snetap-fsu.fr\/idf\/wp-content\/uploads\/sites\/11\/2026\/04\/image-1-300x169.jpg 300w, https:\/\/regions-snetap-fsu.fr\/idf\/wp-content\/uploads\/sites\/11\/2026\/04\/image-1-768x432.jpg 768w, https:\/\/regions-snetap-fsu.fr\/idf\/wp-content\/uploads\/sites\/11\/2026\/04\/image-1-800x450.jpg 800w\" sizes=\"(max-width: 1000px) 100vw, 1000px\" \/><\/p>\n<p><img decoding=\"async\" class=\"alignnone size-large wp-image-2359\" src=\"https:\/\/regions-snetap-fsu.fr\/idf\/wp-content\/uploads\/sites\/11\/2026\/04\/2--1024x1002.jpg\" alt=\"\" width=\"1024\" height=\"1002\" srcset=\"https:\/\/regions-snetap-fsu.fr\/idf\/wp-content\/uploads\/sites\/11\/2026\/04\/2--1024x1002.jpg 1024w, https:\/\/regions-snetap-fsu.fr\/idf\/wp-content\/uploads\/sites\/11\/2026\/04\/2--300x294.jpg 300w, https:\/\/regions-snetap-fsu.fr\/idf\/wp-content\/uploads\/sites\/11\/2026\/04\/2--768x752.jpg 768w, https:\/\/regions-snetap-fsu.fr\/idf\/wp-content\/uploads\/sites\/11\/2026\/04\/2--1536x1503.jpg 1536w, https:\/\/regions-snetap-fsu.fr\/idf\/wp-content\/uploads\/sites\/11\/2026\/04\/2--2048x2004.jpg 2048w\" sizes=\"(max-width: 1024px) 100vw, 1024px\" \/><\/p>\n<p><img decoding=\"async\" class=\"alignnone size-large wp-image-2354\" src=\"https:\/\/regions-snetap-fsu.fr\/idf\/wp-content\/uploads\/sites\/11\/2026\/04\/3--1024x768.jpg\" alt=\"\" width=\"1024\" height=\"768\" srcset=\"https:\/\/regions-snetap-fsu.fr\/idf\/wp-content\/uploads\/sites\/11\/2026\/04\/3--1024x768.jpg 1024w, https:\/\/regions-snetap-fsu.fr\/idf\/wp-content\/uploads\/sites\/11\/2026\/04\/3--300x225.jpg 300w, https:\/\/regions-snetap-fsu.fr\/idf\/wp-content\/uploads\/sites\/11\/2026\/04\/3--768x576.jpg 768w, https:\/\/regions-snetap-fsu.fr\/idf\/wp-content\/uploads\/sites\/11\/2026\/04\/3--1536x1152.jpg 1536w, https:\/\/regions-snetap-fsu.fr\/idf\/wp-content\/uploads\/sites\/11\/2026\/04\/3--2048x1536.jpg 2048w\" sizes=\"(max-width: 1024px) 100vw, 1024px\" \/><\/p>\n<p><img loading=\"lazy\" decoding=\"async\" class=\"alignnone size-large wp-image-2357\" src=\"https:\/\/regions-snetap-fsu.fr\/idf\/wp-content\/uploads\/sites\/11\/2026\/04\/7-1024x768.jpg\" alt=\"\" width=\"1024\" height=\"768\" srcset=\"https:\/\/regions-snetap-fsu.fr\/idf\/wp-content\/uploads\/sites\/11\/2026\/04\/7-1024x768.jpg 1024w, https:\/\/regions-snetap-fsu.fr\/idf\/wp-content\/uploads\/sites\/11\/2026\/04\/7-300x225.jpg 300w, https:\/\/regions-snetap-fsu.fr\/idf\/wp-content\/uploads\/sites\/11\/2026\/04\/7-768x576.jpg 768w, https:\/\/regions-snetap-fsu.fr\/idf\/wp-content\/uploads\/sites\/11\/2026\/04\/7-1536x1152.jpg 1536w, https:\/\/regions-snetap-fsu.fr\/idf\/wp-content\/uploads\/sites\/11\/2026\/04\/7-2048x1536.jpg 2048w\" sizes=\"(max-width: 1024px) 100vw, 1024px\" \/><\/p>\n<p><img loading=\"lazy\" decoding=\"async\" class=\"alignnone size-large wp-image-2353\" src=\"https:\/\/regions-snetap-fsu.fr\/idf\/wp-content\/uploads\/sites\/11\/2026\/04\/13--768x1024.jpg\" alt=\"\" width=\"768\" height=\"1024\" srcset=\"https:\/\/regions-snetap-fsu.fr\/idf\/wp-content\/uploads\/sites\/11\/2026\/04\/13--768x1024.jpg 768w, https:\/\/regions-snetap-fsu.fr\/idf\/wp-content\/uploads\/sites\/11\/2026\/04\/13--225x300.jpg 225w, https:\/\/regions-snetap-fsu.fr\/idf\/wp-content\/uploads\/sites\/11\/2026\/04\/13--1152x1536.jpg 1152w, https:\/\/regions-snetap-fsu.fr\/idf\/wp-content\/uploads\/sites\/11\/2026\/04\/13--1536x2048.jpg 1536w, https:\/\/regions-snetap-fsu.fr\/idf\/wp-content\/uploads\/sites\/11\/2026\/04\/13--scaled.jpg 1920w\" sizes=\"(max-width: 768px) 100vw, 768px\" \/><\/p>\n","protected":false},"excerpt":{"rendered":"<p>samedi 4 avril 2026 Les printemps se font silencieux. Les oiseaux disparaissent, les insectes pollinisateurs meurent par milliards, la sant\u00e9 de tous les \u00eatres humains est mise en danger, \u00e0 commencer par les travailleuses et les travailleurs de l&rsquo;agriculture. La cause ? Un mod\u00e8le agro-industriel centr\u00e9 sur l&rsquo;utilisation massive de pesticides de synth\u00e8se. La mobilisation [&hellip;]<\/p>\n","protected":false},"author":104,"featured_media":2360,"comment_status":"closed","ping_status":"closed","sticky":false,"template":"","format":"standard","meta":{"ocean_post_layout":"","ocean_both_sidebars_style":"","ocean_both_sidebars_content_width":0,"ocean_both_sidebars_sidebars_width":0,"ocean_sidebar":"0","ocean_second_sidebar":"0","ocean_disable_margins":"enable","ocean_add_body_class":"","ocean_shortcode_before_top_bar":"","ocean_shortcode_after_top_bar":"","ocean_shortcode_before_header":"","ocean_shortcode_after_header":"","ocean_has_shortcode":"","ocean_shortcode_after_title":"","ocean_shortcode_before_footer_widgets":"","ocean_shortcode_after_footer_widgets":"","ocean_shortcode_before_footer_bottom":"","ocean_shortcode_after_footer_bottom":"","ocean_display_top_bar":"default","ocean_display_header":"default","ocean_header_style":"","ocean_center_header_left_menu":"0","ocean_custom_header_template":"0","ocean_custom_logo":0,"ocean_custom_retina_logo":0,"ocean_custom_logo_max_width":0,"ocean_custom_logo_tablet_max_width":0,"ocean_custom_logo_mobile_max_width":0,"ocean_custom_logo_max_height":0,"ocean_custom_logo_tablet_max_height":0,"ocean_custom_logo_mobile_max_height":0,"ocean_header_custom_menu":"0","ocean_menu_typo_font_family":"0","ocean_menu_typo_font_subset":"","ocean_menu_typo_font_size":0,"ocean_menu_typo_font_size_tablet":0,"ocean_menu_typo_font_size_mobile":0,"ocean_menu_typo_font_size_unit":"px","ocean_menu_typo_font_weight":"","ocean_menu_typo_font_weight_tablet":"","ocean_menu_typo_font_weight_mobile":"","ocean_menu_typo_transform":"","ocean_menu_typo_transform_tablet":"","ocean_menu_typo_transform_mobile":"","ocean_menu_typo_line_height":0,"ocean_menu_typo_line_height_tablet":0,"ocean_menu_typo_line_height_mobile":0,"ocean_menu_typo_line_height_unit":"","ocean_menu_typo_spacing":0,"ocean_menu_typo_spacing_tablet":0,"ocean_menu_typo_spacing_mobile":0,"ocean_menu_typo_spacing_unit":"","ocean_menu_link_color":"","ocean_menu_link_color_hover":"","ocean_menu_link_color_active":"","ocean_menu_link_background":"","ocean_menu_link_hover_background":"","ocean_menu_link_active_background":"","ocean_menu_social_links_bg":"","ocean_menu_social_hover_links_bg":"","ocean_menu_social_links_color":"","ocean_menu_social_hover_links_color":"","ocean_disable_title":"default","ocean_disable_heading":"default","ocean_post_title":"","ocean_post_subheading":"","ocean_post_title_style":"","ocean_post_title_background_color":"","ocean_post_title_background":0,"ocean_post_title_bg_image_position":"","ocean_post_title_bg_image_attachment":"","ocean_post_title_bg_image_repeat":"","ocean_post_title_bg_image_size":"","ocean_post_title_height":0,"ocean_post_title_bg_overlay":0.5,"ocean_post_title_bg_overlay_color":"","ocean_disable_breadcrumbs":"default","ocean_breadcrumbs_color":"","ocean_breadcrumbs_separator_color":"","ocean_breadcrumbs_links_color":"","ocean_breadcrumbs_links_hover_color":"","ocean_display_footer_widgets":"default","ocean_display_footer_bottom":"default","ocean_custom_footer_template":"0","ocean_post_oembed":"","ocean_post_self_hosted_media":"","ocean_post_video_embed":"","ocean_link_format":"","ocean_link_format_target":"self","ocean_quote_format":"","ocean_quote_format_link":"post","ocean_gallery_link_images":"on","ocean_gallery_id":[2353,2354,2357],"footnotes":""},"categories":[13],"tags":[],"post_folder":[],"class_list":["post-2352","post","type-post","status-publish","format-standard","has-post-thumbnail","hentry","category-manifestation","entry","has-media"],"yoast_head":"<!-- This site is optimized with the Yoast SEO plugin v27.4 - https:\/\/yoast.com\/product\/yoast-seo-wordpress\/ -->\n<title>Le SNETAP-FSU ile de France au Printemps bruyant ! - \u00ceLE-DE-FRANCE<\/title>\n<meta name=\"robots\" content=\"index, follow, max-snippet:-1, max-image-preview:large, max-video-preview:-1\" \/>\n<link rel=\"canonical\" href=\"https:\/\/regions-snetap-fsu.fr\/idf\/2026\/04\/08\/2352\/\" \/>\n<meta property=\"og:locale\" content=\"fr_FR\" \/>\n<meta property=\"og:type\" content=\"article\" \/>\n<meta property=\"og:title\" content=\"Le SNETAP-FSU ile de France au Printemps bruyant ! - \u00ceLE-DE-FRANCE\" \/>\n<meta property=\"og:description\" content=\"samedi 4 avril 2026 Les printemps se font silencieux. Les oiseaux disparaissent, les insectes pollinisateurs meurent par milliards, la sant\u00e9 de tous les \u00eatres humains est mise en danger, \u00e0 commencer par les travailleuses et les travailleurs de l&rsquo;agriculture. La cause ? Un mod\u00e8le agro-industriel centr\u00e9 sur l&rsquo;utilisation massive de pesticides de synth\u00e8se. La mobilisation [&hellip;]\" \/>\n<meta property=\"og:url\" content=\"https:\/\/regions-snetap-fsu.fr\/idf\/2026\/04\/08\/2352\/\" \/>\n<meta property=\"og:site_name\" content=\"\u00ceLE-DE-FRANCE\" \/>\n<meta property=\"article:published_time\" content=\"2026-04-08T09:22:11+00:00\" \/>\n<meta property=\"article:modified_time\" content=\"2026-04-09T14:19:42+00:00\" \/>\n<meta property=\"og:image\" content=\"https:\/\/regions-snetap-fsu.fr\/idf\/wp-content\/uploads\/sites\/11\/2026\/04\/1-scaled.jpg\" \/>\n\t<meta property=\"og:image:width\" content=\"2560\" \/>\n\t<meta property=\"og:image:height\" content=\"1695\" \/>\n\t<meta property=\"og:image:type\" content=\"image\/jpeg\" \/>\n<meta name=\"author\" content=\"tdossantos\" \/>\n<meta name=\"twitter:card\" content=\"summary_large_image\" \/>\n<meta name=\"twitter:label1\" content=\"\u00c9crit par\" \/>\n\t<meta name=\"twitter:data1\" content=\"tdossantos\" \/>\n\t<meta name=\"twitter:label2\" content=\"Dur\u00e9e de lecture estim\u00e9e\" \/>\n\t<meta name=\"twitter:data2\" content=\"2 minutes\" \/>\n<script type=\"application\/ld+json\" class=\"yoast-schema-graph\">{\"@context\":\"https:\\\/\\\/schema.org\",\"@graph\":[{\"@type\":\"Article\",\"@id\":\"https:\\\/\\\/regions-snetap-fsu.fr\\\/idf\\\/2026\\\/04\\\/08\\\/2352\\\/#article\",\"isPartOf\":{\"@id\":\"https:\\\/\\\/regions-snetap-fsu.fr\\\/idf\\\/2026\\\/04\\\/08\\\/2352\\\/\"},\"author\":{\"name\":\"tdossantos\",\"@id\":\"https:\\\/\\\/regions-snetap-fsu.fr\\\/idf\\\/#\\\/schema\\\/person\\\/1e2d8120205f21ade6260cd06759ef62\"},\"headline\":\"Le SNETAP-FSU ile de France au Printemps bruyant !\",\"datePublished\":\"2026-04-08T09:22:11+00:00\",\"dateModified\":\"2026-04-09T14:19:42+00:00\",\"mainEntityOfPage\":{\"@id\":\"https:\\\/\\\/regions-snetap-fsu.fr\\\/idf\\\/2026\\\/04\\\/08\\\/2352\\\/\"},\"wordCount\":102,\"image\":{\"@id\":\"https:\\\/\\\/regions-snetap-fsu.fr\\\/idf\\\/2026\\\/04\\\/08\\\/2352\\\/#primaryimage\"},\"thumbnailUrl\":\"https:\\\/\\\/regions-snetap-fsu.fr\\\/idf\\\/wp-content\\\/uploads\\\/sites\\\/11\\\/2026\\\/04\\\/1-scaled.jpg\",\"articleSection\":[\"Manifestation\"],\"inLanguage\":\"fr-FR\"},{\"@type\":\"WebPage\",\"@id\":\"https:\\\/\\\/regions-snetap-fsu.fr\\\/idf\\\/2026\\\/04\\\/08\\\/2352\\\/\",\"url\":\"https:\\\/\\\/regions-snetap-fsu.fr\\\/idf\\\/2026\\\/04\\\/08\\\/2352\\\/\",\"name\":\"Le SNETAP-FSU ile de France au Printemps bruyant ! - \u00ceLE-DE-FRANCE\",\"isPartOf\":{\"@id\":\"https:\\\/\\\/regions-snetap-fsu.fr\\\/idf\\\/#website\"},\"primaryImageOfPage\":{\"@id\":\"https:\\\/\\\/regions-snetap-fsu.fr\\\/idf\\\/2026\\\/04\\\/08\\\/2352\\\/#primaryimage\"},\"image\":{\"@id\":\"https:\\\/\\\/regions-snetap-fsu.fr\\\/idf\\\/2026\\\/04\\\/08\\\/2352\\\/#primaryimage\"},\"thumbnailUrl\":\"https:\\\/\\\/regions-snetap-fsu.fr\\\/idf\\\/wp-content\\\/uploads\\\/sites\\\/11\\\/2026\\\/04\\\/1-scaled.jpg\",\"datePublished\":\"2026-04-08T09:22:11+00:00\",\"dateModified\":\"2026-04-09T14:19:42+00:00\",\"author\":{\"@id\":\"https:\\\/\\\/regions-snetap-fsu.fr\\\/idf\\\/#\\\/schema\\\/person\\\/1e2d8120205f21ade6260cd06759ef62\"},\"breadcrumb\":{\"@id\":\"https:\\\/\\\/regions-snetap-fsu.fr\\\/idf\\\/2026\\\/04\\\/08\\\/2352\\\/#breadcrumb\"},\"inLanguage\":\"fr-FR\",\"potentialAction\":[{\"@type\":\"ReadAction\",\"target\":[\"https:\\\/\\\/regions-snetap-fsu.fr\\\/idf\\\/2026\\\/04\\\/08\\\/2352\\\/\"]}]},{\"@type\":\"ImageObject\",\"inLanguage\":\"fr-FR\",\"@id\":\"https:\\\/\\\/regions-snetap-fsu.fr\\\/idf\\\/2026\\\/04\\\/08\\\/2352\\\/#primaryimage\",\"url\":\"https:\\\/\\\/regions-snetap-fsu.fr\\\/idf\\\/wp-content\\\/uploads\\\/sites\\\/11\\\/2026\\\/04\\\/1-scaled.jpg\",\"contentUrl\":\"https:\\\/\\\/regions-snetap-fsu.fr\\\/idf\\\/wp-content\\\/uploads\\\/sites\\\/11\\\/2026\\\/04\\\/1-scaled.jpg\",\"width\":2560,\"height\":1695},{\"@type\":\"BreadcrumbList\",\"@id\":\"https:\\\/\\\/regions-snetap-fsu.fr\\\/idf\\\/2026\\\/04\\\/08\\\/2352\\\/#breadcrumb\",\"itemListElement\":[{\"@type\":\"ListItem\",\"position\":1,\"name\":\"Accueil\",\"item\":\"https:\\\/\\\/regions-snetap-fsu.fr\\\/idf\\\/\"},{\"@type\":\"ListItem\",\"position\":2,\"name\":\"Le SNETAP-FSU ile de France au Printemps bruyant !\"}]},{\"@type\":\"WebSite\",\"@id\":\"https:\\\/\\\/regions-snetap-fsu.fr\\\/idf\\\/#website\",\"url\":\"https:\\\/\\\/regions-snetap-fsu.fr\\\/idf\\\/\",\"name\":\"\u00ceLE-DE-FRANCE\",\"description\":\"Le blog de la Section R\u00e9gionale\",\"potentialAction\":[{\"@type\":\"SearchAction\",\"target\":{\"@type\":\"EntryPoint\",\"urlTemplate\":\"https:\\\/\\\/regions-snetap-fsu.fr\\\/idf\\\/?s={search_term_string}\"},\"query-input\":{\"@type\":\"PropertyValueSpecification\",\"valueRequired\":true,\"valueName\":\"search_term_string\"}}],\"inLanguage\":\"fr-FR\"},{\"@type\":\"Person\",\"@id\":\"https:\\\/\\\/regions-snetap-fsu.fr\\\/idf\\\/#\\\/schema\\\/person\\\/1e2d8120205f21ade6260cd06759ef62\",\"name\":\"tdossantos\",\"image\":{\"@type\":\"ImageObject\",\"inLanguage\":\"fr-FR\",\"@id\":\"https:\\\/\\\/secure.gravatar.com\\\/avatar\\\/eb323d66303d5d3db90b97b88724753e51811779db988d61b5311e81a13ec30d?s=96&d=mm&r=g\",\"url\":\"https:\\\/\\\/secure.gravatar.com\\\/avatar\\\/eb323d66303d5d3db90b97b88724753e51811779db988d61b5311e81a13ec30d?s=96&d=mm&r=g\",\"contentUrl\":\"https:\\\/\\\/secure.gravatar.com\\\/avatar\\\/eb323d66303d5d3db90b97b88724753e51811779db988d61b5311e81a13ec30d?s=96&d=mm&r=g\",\"caption\":\"tdossantos\"},\"url\":\"https:\\\/\\\/regions-snetap-fsu.fr\\\/idf\\\/author\\\/tdossantos\\\/\"}]}<\/script>\n<!-- \/ Yoast SEO plugin. -->","yoast_head_json":{"title":"Le SNETAP-FSU ile de France au Printemps bruyant ! - \u00ceLE-DE-FRANCE","robots":{"index":"index","follow":"follow","max-snippet":"max-snippet:-1","max-image-preview":"max-image-preview:large","max-video-preview":"max-video-preview:-1"},"canonical":"https:\/\/regions-snetap-fsu.fr\/idf\/2026\/04\/08\/2352\/","og_locale":"fr_FR","og_type":"article","og_title":"Le SNETAP-FSU ile de France au Printemps bruyant ! - \u00ceLE-DE-FRANCE","og_description":"samedi 4 avril 2026 Les printemps se font silencieux. Les oiseaux disparaissent, les insectes pollinisateurs meurent par milliards, la sant\u00e9 de tous les \u00eatres humains est mise en danger, \u00e0 commencer par les travailleuses et les travailleurs de l&rsquo;agriculture. La cause ? Un mod\u00e8le agro-industriel centr\u00e9 sur l&rsquo;utilisation massive de pesticides de synth\u00e8se. La mobilisation [&hellip;]","og_url":"https:\/\/regions-snetap-fsu.fr\/idf\/2026\/04\/08\/2352\/","og_site_name":"\u00ceLE-DE-FRANCE","article_published_time":"2026-04-08T09:22:11+00:00","article_modified_time":"2026-04-09T14:19:42+00:00","og_image":[{"width":2560,"height":1695,"url":"https:\/\/regions-snetap-fsu.fr\/idf\/wp-content\/uploads\/sites\/11\/2026\/04\/1-scaled.jpg","type":"image\/jpeg"}],"author":"tdossantos","twitter_card":"summary_large_image","twitter_misc":{"\u00c9crit par":"tdossantos","Dur\u00e9e de lecture estim\u00e9e":"2 minutes"},"schema":{"@context":"https:\/\/schema.org","@graph":[{"@type":"Article","@id":"https:\/\/regions-snetap-fsu.fr\/idf\/2026\/04\/08\/2352\/#article","isPartOf":{"@id":"https:\/\/regions-snetap-fsu.fr\/idf\/2026\/04\/08\/2352\/"},"author":{"name":"tdossantos","@id":"https:\/\/regions-snetap-fsu.fr\/idf\/#\/schema\/person\/1e2d8120205f21ade6260cd06759ef62"},"headline":"Le SNETAP-FSU ile de France au Printemps bruyant !","datePublished":"2026-04-08T09:22:11+00:00","dateModified":"2026-04-09T14:19:42+00:00","mainEntityOfPage":{"@id":"https:\/\/regions-snetap-fsu.fr\/idf\/2026\/04\/08\/2352\/"},"wordCount":102,"image":{"@id":"https:\/\/regions-snetap-fsu.fr\/idf\/2026\/04\/08\/2352\/#primaryimage"},"thumbnailUrl":"https:\/\/regions-snetap-fsu.fr\/idf\/wp-content\/uploads\/sites\/11\/2026\/04\/1-scaled.jpg","articleSection":["Manifestation"],"inLanguage":"fr-FR"},{"@type":"WebPage","@id":"https:\/\/regions-snetap-fsu.fr\/idf\/2026\/04\/08\/2352\/","url":"https:\/\/regions-snetap-fsu.fr\/idf\/2026\/04\/08\/2352\/","name":"Le SNETAP-FSU ile de France au Printemps bruyant ! - \u00ceLE-DE-FRANCE","isPartOf":{"@id":"https:\/\/regions-snetap-fsu.fr\/idf\/#website"},"primaryImageOfPage":{"@id":"https:\/\/regions-snetap-fsu.fr\/idf\/2026\/04\/08\/2352\/#primaryimage"},"image":{"@id":"https:\/\/regions-snetap-fsu.fr\/idf\/2026\/04\/08\/2352\/#primaryimage"},"thumbnailUrl":"https:\/\/regions-snetap-fsu.fr\/idf\/wp-content\/uploads\/sites\/11\/2026\/04\/1-scaled.jpg","datePublished":"2026-04-08T09:22:11+00:00","dateModified":"2026-04-09T14:19:42+00:00","author":{"@id":"https:\/\/regions-snetap-fsu.fr\/idf\/#\/schema\/person\/1e2d8120205f21ade6260cd06759ef62"},"breadcrumb":{"@id":"https:\/\/regions-snetap-fsu.fr\/idf\/2026\/04\/08\/2352\/#breadcrumb"},"inLanguage":"fr-FR","potentialAction":[{"@type":"ReadAction","target":["https:\/\/regions-snetap-fsu.fr\/idf\/2026\/04\/08\/2352\/"]}]},{"@type":"ImageObject","inLanguage":"fr-FR","@id":"https:\/\/regions-snetap-fsu.fr\/idf\/2026\/04\/08\/2352\/#primaryimage","url":"https:\/\/regions-snetap-fsu.fr\/idf\/wp-content\/uploads\/sites\/11\/2026\/04\/1-scaled.jpg","contentUrl":"https:\/\/regions-snetap-fsu.fr\/idf\/wp-content\/uploads\/sites\/11\/2026\/04\/1-scaled.jpg","width":2560,"height":1695},{"@type":"BreadcrumbList","@id":"https:\/\/regions-snetap-fsu.fr\/idf\/2026\/04\/08\/2352\/#breadcrumb","itemListElement":[{"@type":"ListItem","position":1,"name":"Accueil","item":"https:\/\/regions-snetap-fsu.fr\/idf\/"},{"@type":"ListItem","position":2,"name":"Le SNETAP-FSU ile de France au Printemps bruyant !"}]},{"@type":"WebSite","@id":"https:\/\/regions-snetap-fsu.fr\/idf\/#website","url":"https:\/\/regions-snetap-fsu.fr\/idf\/","name":"\u00ceLE-DE-FRANCE","description":"Le blog de la Section R\u00e9gionale","potentialAction":[{"@type":"SearchAction","target":{"@type":"EntryPoint","urlTemplate":"https:\/\/regions-snetap-fsu.fr\/idf\/?s={search_term_string}"},"query-input":{"@type":"PropertyValueSpecification","valueRequired":true,"valueName":"search_term_string"}}],"inLanguage":"fr-FR"},{"@type":"Person","@id":"https:\/\/regions-snetap-fsu.fr\/idf\/#\/schema\/person\/1e2d8120205f21ade6260cd06759ef62","name":"tdossantos","image":{"@type":"ImageObject","inLanguage":"fr-FR","@id":"https:\/\/secure.gravatar.com\/avatar\/eb323d66303d5d3db90b97b88724753e51811779db988d61b5311e81a13ec30d?s=96&d=mm&r=g","url":"https:\/\/secure.gravatar.com\/avatar\/eb323d66303d5d3db90b97b88724753e51811779db988d61b5311e81a13ec30d?s=96&d=mm&r=g","contentUrl":"https:\/\/secure.gravatar.com\/avatar\/eb323d66303d5d3db90b97b88724753e51811779db988d61b5311e81a13ec30d?s=96&d=mm&r=g","caption":"tdossantos"},"url":"https:\/\/regions-snetap-fsu.fr\/idf\/author\/tdossantos\/"}]}},"_links":{"self":[{"href":"https:\/\/regions-snetap-fsu.fr\/idf\/wp-json\/wp\/v2\/posts\/2352","targetHints":{"allow":["GET"]}}],"collection":[{"href":"https:\/\/regions-snetap-fsu.fr\/idf\/wp-json\/wp\/v2\/posts"}],"about":[{"href":"https:\/\/regions-snetap-fsu.fr\/idf\/wp-json\/wp\/v2\/types\/post"}],"author":[{"embeddable":true,"href":"https:\/\/regions-snetap-fsu.fr\/idf\/wp-json\/wp\/v2\/users\/104"}],"replies":[{"embeddable":true,"href":"https:\/\/regions-snetap-fsu.fr\/idf\/wp-json\/wp\/v2\/comments?post=2352"}],"version-history":[{"count":5,"href":"https:\/\/regions-snetap-fsu.fr\/idf\/wp-json\/wp\/v2\/posts\/2352\/revisions"}],"predecessor-version":[{"id":2363,"href":"https:\/\/regions-snetap-fsu.fr\/idf\/wp-json\/wp\/v2\/posts\/2352\/revisions\/2363"}],"wp:featuredmedia":[{"embeddable":true,"href":"https:\/\/regions-snetap-fsu.fr\/idf\/wp-json\/wp\/v2\/media\/2360"}],"wp:attachment":[{"href":"https:\/\/regions-snetap-fsu.fr\/idf\/wp-json\/wp\/v2\/media?parent=2352"}],"wp:term":[{"taxonomy":"category","embeddable":true,"href":"https:\/\/regions-snetap-fsu.fr\/idf\/wp-json\/wp\/v2\/categories?post=2352"},{"taxonomy":"post_tag","embeddable":true,"href":"https:\/\/regions-snetap-fsu.fr\/idf\/wp-json\/wp\/v2\/tags?post=2352"},{"taxonomy":"post_folder","embeddable":true,"href":"https:\/\/regions-snetap-fsu.fr\/idf\/wp-json\/wp\/v2\/post_folder?post=2352"}],"curies":[{"name":"wp","href":"https:\/\/api.w.org\/{rel}","templated":true}]}}