{"id":2313,"date":"2025-11-16T18:11:48","date_gmt":"2025-11-16T17:11:48","guid":{"rendered":"https:\/\/regions-snetap-fsu.fr\/idf\/?p=2313"},"modified":"2025-11-16T19:49:53","modified_gmt":"2025-11-16T18:49:53","slug":"revalorisation-ifse-quels-impacts-pour-les-collegues-francilien","status":"publish","type":"post","link":"https:\/\/regions-snetap-fsu.fr\/idf\/2025\/11\/16\/revalorisation-ifse-quels-impacts-pour-les-collegues-francilien\/","title":{"rendered":"Revalorisation IFSE : quels impacts pour les coll\u00e8gues franciliens ?"},"content":{"rendered":"<p dir=\"ltr\">La <a href=\"https:\/\/www.snetap-fsu.fr\/IMG\/pdf\/2025-708_ifse.pdf\" target=\"_blank\" rel=\"noopener noreferrer\">note de service SG\/SRH\/SDCAR\/2025-708<\/a>, relative \u00e0 l<strong>&lsquo;IFSE<\/strong> (Indemnit\u00e9 de Fonctions, de Suj\u00e9tions et d&rsquo;Expertise) des personnels titulaires hors enseignant\u00b7es et enseignant\u00b7es-chercheur\u00b7euses, a rectifi\u00e9 la pr\u00e9c\u00e9dente note de service parue en mai, et <b>prend partiellement en compte la situation des \u00e9tablissements de l&rsquo;enseignement technique agricole et de l&rsquo;enseignement sup\u00e9rieur d&rsquo;\u00cele-de-France.<\/b> Cette nouvelle note modifie ainsi les montants vers\u00e9s aux agent\u00b7es des corps \u00e9ligibles \u00e0 cette indemnit\u00e9.<\/p>\n<p dir=\"ltr\">Pour m\u00e9moire, l&rsquo;IFSE est l&rsquo;indemnit\u00e9 principale, <i>\u00ab\u00a0valorisant l&rsquo;exercice des fonctions\u00a0\u00bb<\/i> et vers\u00e9e mensuellement. Son montant est d\u00e9termin\u00e9 par rapport au groupe de fonctions, au grade et au secteur d&rsquo;activit\u00e9s de l&rsquo;agent.<\/p>\n<p dir=\"ltr\">Malgr\u00e9 les affirmations de certaines organisations, cette \u00e9volution partielle est le <b>r\u00e9sultat de l&rsquo;action d\u00e9termin\u00e9e du SNETAP-FSU et des organisations de l&rsquo;\u00c9lan commun<\/b>. Mais force est de constater que notre administration s&rsquo;enferre dans le bricolage et la mise en place de mesures incoh\u00e9rentes et m\u00eame incompr\u00e9hensibles.<\/p>\n<p><b>Pour l&rsquo;\u00cele-de-France uniquement,<\/b> exit la doctrine de l&rsquo;ancien chef du Service des ressources humaines, qui imposait une minoration de 10 % aux agent\u00b7es de l&rsquo;enseignement agricole.<br \/>\nPour les autres agent\u00b7es hors d&rsquo;\u00cele-de-France, rien et le probl\u00e8me demeure donc entier.<br \/>\nMalgr\u00e9 cette \u00e9volution, les comptes n&rsquo;y sont toujours pas :<\/p>\n<ul>\n<li dir=\"ltr\">Comment comprendre les montants servis dans l&rsquo;enseignement technique agricole ?<\/li>\n<li dir=\"ltr\">Pourquoi ne sont-ils pas \u00e9quivalents entre administration centrale, enseignement sup\u00e9rieur et enseignement technique, avec des variables constantes ?<\/li>\n<\/ul>\n<p>&nbsp;<\/p>\n<div dir=\"ltr\" align=\"left\">\n<table>\n<colgroup>\n<col width=\"163\" \/>\n<col width=\"109\" \/>\n<col width=\"109\" \/>\n<col width=\"109\" \/>\n<col width=\"109\" \/><\/colgroup>\n<tbody>\n<tr>\n<td><\/td>\n<td>\n<p dir=\"ltr\">Administration centrale<\/p>\n<\/td>\n<td>\n<p dir=\"ltr\">Enseignement Sup\u00e9rieur<\/p>\n<p dir=\"ltr\">IdF<\/p>\n<\/td>\n<td>\n<p dir=\"ltr\">Enseignement Technique<\/p>\n<p dir=\"ltr\">IdF<\/p>\n<\/td>\n<td>\n<p dir=\"ltr\">Enseignement Technique<\/p>\n<p dir=\"ltr\">hors IdF<\/p>\n<\/td>\n<\/tr>\n<tr>\n<td>\n<p dir=\"ltr\">Ing\u00e9nieur\u00b7e<\/p>\n<p dir=\"ltr\">de Recherche<\/p>\n<p dir=\"ltr\">classe normale groupe fonction 2.2 non log\u00e9<\/p>\n<\/td>\n<td valign=\"middle\">\n<p dir=\"ltr\">26 000\u20ac<\/p>\n<\/td>\n<td valign=\"middle\">\n<p dir=\"ltr\">22 500\u20ac<\/p>\n<\/td>\n<td valign=\"middle\">\n<p dir=\"ltr\">21 830\u20ac<\/p>\n<p dir=\"ltr\">(groupe 2)<\/p>\n<\/td>\n<td valign=\"middle\">\n<p dir=\"ltr\">18 500\u20ac<\/p>\n<p dir=\"ltr\">(groupe 2)<\/p>\n<\/td>\n<\/tr>\n<tr>\n<td>\n<p dir=\"ltr\">Secr\u00e9taire Administratif\u00b7ve classe normale groupe fonction 2.2 non log\u00e9<\/p>\n<\/td>\n<td valign=\"middle\">\n<p dir=\"ltr\">11 800\u20ac<\/p>\n<\/td>\n<td valign=\"middle\">\n<p dir=\"ltr\">11 800\u20ac<\/p>\n<\/td>\n<td valign=\"middle\">\n<p dir=\"ltr\">10 210\u20ac<\/p>\n<\/td>\n<td valign=\"middle\">\n<p dir=\"ltr\">8 650\u20ac<\/p>\n<\/td>\n<\/tr>\n<tr>\n<td>\n<p dir=\"ltr\">Adjoint \u00b7e Administratif\u00b7ve groupe 2 non log\u00e9<\/p>\n<\/td>\n<td valign=\"middle\">\n<p dir=\"ltr\">8 900\u20ac<\/p>\n<\/td>\n<td valign=\"middle\">\n<p dir=\"ltr\">8 010\u20ac<\/p>\n<\/td>\n<td valign=\"middle\">\n<p dir=\"ltr\">8 010\u20ac<\/p>\n<\/td>\n<td valign=\"middle\">\n<p dir=\"ltr\">6 040\u20ac<\/p>\n<\/td>\n<\/tr>\n<\/tbody>\n<\/table>\n<\/div>\n<p>Par ailleurs, pour les agent\u00b7es log\u00e9\u00b7es par N\u00e9cessit\u00e9 Absolue de Service (NAS), le plafond indemnitaire peut \u00eatre d\u00e9j\u00e0 atteint et ne pourra ainsi donner lieu \u00e0 aucune nouvelle revalorisation.<br \/>\nCette situation est particuli\u00e8rement injuste et doit \u00eatre corrig\u00e9e urgemment par un arr\u00eat\u00e9 r\u00e9haussant les plafonds r\u00e9glementaires d&rsquo;IFSE des agent\u00b7es log\u00e9\u00b7es.<br \/>\nEnfin, <b>le fait que nos coll\u00e8gues infirmier\u00b7es en Ile de France aient \u00e9t\u00e9 \u00e9cart\u00e9\u00b7es de cette rectification constitue une nouvelle illustration du m\u00e9pris dont elles et ils font l&rsquo;objet <\/b>et que nous ne cessons de d\u00e9noncer.<br \/>\nNous continuerons \u00e0 nous mobiliser pour que leur indemnit\u00e9 soit revaloris\u00e9e comme pour les autres agents de la r\u00e9gion, au regard des difficult\u00e9s et de la chert\u00e9 de la vie francilienne.<\/p>\n<p dir=\"ltr\">Nous rappelons cependant notre position sur le r\u00e9gime indemnitaire : nous restons oppos\u00e9s au RIFSEEP, qui attache une part de la r\u00e9mun\u00e9ration au poste occup\u00e9 plut\u00f4t qu&rsquo;\u00e0 l&rsquo;agent lui-m\u00eame et \u00e9galement parce que l&rsquo;indemnitaire ne compte pour ainsi dire pas dans le calcul de la pension de retraite.<\/p>\n<p dir=\"ltr\">N&rsquo;h\u00e9sitez pas \u00e0 nous solliciter si vous avez des questions, notamment sur les montants servis.<\/p>\n<p dir=\"ltr\">Adressez vos demandes \u00e0 l&rsquo;adresse <a href=\"mailto:atls@snetap-fsu.fr\" rel=\"noreferrer\">atls@snetap-fsu.fr<\/a><\/p>\n<div>\n<div>\n<p><strong>*************************************************************<br \/>\n<\/strong><a href=\"https:\/\/fichier.snetap-fsu.fr\/adhesion_en_ligne\" target=\"_blank\" rel=\"noopener\">Le SNETAP-FSU peut vous r\u00e9pondre et nous d\u00e9fendre uniquement parce que des coll\u00e8gues font le choix d&rsquo;y adh\u00e9rer. Pour la d\u00e9fense de notre m\u00e9tier, une solution : se syndiquer<\/a> !<\/p>\n<\/div>\n<\/div>\n","protected":false},"excerpt":{"rendered":"<p>La note de service SG\/SRH\/SDCAR\/2025-708, relative \u00e0 l&lsquo;IFSE (Indemnit\u00e9 de Fonctions, de Suj\u00e9tions et d&rsquo;Expertise) des personnels titulaires hors enseignant\u00b7es et enseignant\u00b7es-chercheur\u00b7euses, a rectifi\u00e9 la pr\u00e9c\u00e9dente note de service parue en mai, et prend partiellement en compte la situation des \u00e9tablissements de l&rsquo;enseignement technique agricole et de l&rsquo;enseignement sup\u00e9rieur d&rsquo;\u00cele-de-France. Cette nouvelle note modifie ainsi [&hellip;]<\/p>\n","protected":false},"author":104,"featured_media":2314,"comment_status":"closed","ping_status":"closed","sticky":false,"template":"","format":"standard","meta":{"ocean_post_layout":"","ocean_both_sidebars_style":"","ocean_both_sidebars_content_width":0,"ocean_both_sidebars_sidebars_width":0,"ocean_sidebar":"0","ocean_second_sidebar":"0","ocean_disable_margins":"enable","ocean_add_body_class":"","ocean_shortcode_before_top_bar":"","ocean_shortcode_after_top_bar":"","ocean_shortcode_before_header":"","ocean_shortcode_after_header":"","ocean_has_shortcode":"","ocean_shortcode_after_title":"","ocean_shortcode_before_footer_widgets":"","ocean_shortcode_after_footer_widgets":"","ocean_shortcode_before_footer_bottom":"","ocean_shortcode_after_footer_bottom":"","ocean_display_top_bar":"default","ocean_display_header":"default","ocean_header_style":"","ocean_center_header_left_menu":"0","ocean_custom_header_template":"0","ocean_custom_logo":0,"ocean_custom_retina_logo":0,"ocean_custom_logo_max_width":0,"ocean_custom_logo_tablet_max_width":0,"ocean_custom_logo_mobile_max_width":0,"ocean_custom_logo_max_height":0,"ocean_custom_logo_tablet_max_height":0,"ocean_custom_logo_mobile_max_height":0,"ocean_header_custom_menu":"0","ocean_menu_typo_font_family":"0","ocean_menu_typo_font_subset":"","ocean_menu_typo_font_size":0,"ocean_menu_typo_font_size_tablet":0,"ocean_menu_typo_font_size_mobile":0,"ocean_menu_typo_font_size_unit":"px","ocean_menu_typo_font_weight":"","ocean_menu_typo_font_weight_tablet":"","ocean_menu_typo_font_weight_mobile":"","ocean_menu_typo_transform":"","ocean_menu_typo_transform_tablet":"","ocean_menu_typo_transform_mobile":"","ocean_menu_typo_line_height":0,"ocean_menu_typo_line_height_tablet":0,"ocean_menu_typo_line_height_mobile":0,"ocean_menu_typo_line_height_unit":"","ocean_menu_typo_spacing":0,"ocean_menu_typo_spacing_tablet":0,"ocean_menu_typo_spacing_mobile":0,"ocean_menu_typo_spacing_unit":"","ocean_menu_link_color":"","ocean_menu_link_color_hover":"","ocean_menu_link_color_active":"","ocean_menu_link_background":"","ocean_menu_link_hover_background":"","ocean_menu_link_active_background":"","ocean_menu_social_links_bg":"","ocean_menu_social_hover_links_bg":"","ocean_menu_social_links_color":"","ocean_menu_social_hover_links_color":"","ocean_disable_title":"default","ocean_disable_heading":"default","ocean_post_title":"","ocean_post_subheading":"","ocean_post_title_style":"","ocean_post_title_background_color":"","ocean_post_title_background":0,"ocean_post_title_bg_image_position":"","ocean_post_title_bg_image_attachment":"","ocean_post_title_bg_image_repeat":"","ocean_post_title_bg_image_size":"","ocean_post_title_height":0,"ocean_post_title_bg_overlay":0.5,"ocean_post_title_bg_overlay_color":"","ocean_disable_breadcrumbs":"default","ocean_breadcrumbs_color":"","ocean_breadcrumbs_separator_color":"","ocean_breadcrumbs_links_color":"","ocean_breadcrumbs_links_hover_color":"","ocean_display_footer_widgets":"default","ocean_display_footer_bottom":"default","ocean_custom_footer_template":"0","ocean_post_oembed":"","ocean_post_self_hosted_media":"","ocean_post_video_embed":"","ocean_link_format":"","ocean_link_format_target":"self","ocean_quote_format":"","ocean_quote_format_link":"post","ocean_gallery_link_images":"on","ocean_gallery_id":[],"footnotes":""},"categories":[15],"tags":[],"post_folder":[],"class_list":["post-2313","post","type-post","status-publish","format-standard","has-post-thumbnail","hentry","category-actions-et-communiques","entry","has-media"],"yoast_head":"<!-- This site is optimized with the Yoast SEO plugin v27.4 - https:\/\/yoast.com\/product\/yoast-seo-wordpress\/ -->\n<title>Revalorisation IFSE : quels impacts pour les coll\u00e8gues franciliens ? - \u00ceLE-DE-FRANCE<\/title>\n<meta name=\"robots\" content=\"index, follow, max-snippet:-1, max-image-preview:large, max-video-preview:-1\" \/>\n<link rel=\"canonical\" href=\"https:\/\/regions-snetap-fsu.fr\/idf\/2025\/11\/16\/revalorisation-ifse-quels-impacts-pour-les-collegues-francilien\/\" \/>\n<meta property=\"og:locale\" content=\"fr_FR\" \/>\n<meta property=\"og:type\" content=\"article\" \/>\n<meta property=\"og:title\" content=\"Revalorisation IFSE : quels impacts pour les coll\u00e8gues franciliens ? - \u00ceLE-DE-FRANCE\" \/>\n<meta property=\"og:description\" content=\"La note de service SG\/SRH\/SDCAR\/2025-708, relative \u00e0 l&lsquo;IFSE (Indemnit\u00e9 de Fonctions, de Suj\u00e9tions et d&rsquo;Expertise) des personnels titulaires hors enseignant\u00b7es et enseignant\u00b7es-chercheur\u00b7euses, a rectifi\u00e9 la pr\u00e9c\u00e9dente note de service parue en mai, et prend partiellement en compte la situation des \u00e9tablissements de l&rsquo;enseignement technique agricole et de l&rsquo;enseignement sup\u00e9rieur d&rsquo;\u00cele-de-France. Cette nouvelle note modifie ainsi [&hellip;]\" \/>\n<meta property=\"og:url\" content=\"https:\/\/regions-snetap-fsu.fr\/idf\/2025\/11\/16\/revalorisation-ifse-quels-impacts-pour-les-collegues-francilien\/\" \/>\n<meta property=\"og:site_name\" content=\"\u00ceLE-DE-FRANCE\" \/>\n<meta property=\"article:published_time\" content=\"2025-11-16T17:11:48+00:00\" \/>\n<meta property=\"article:modified_time\" content=\"2025-11-16T18:49:53+00:00\" \/>\n<meta property=\"og:image\" content=\"https:\/\/regions-snetap-fsu.fr\/idf\/wp-content\/uploads\/sites\/11\/2025\/11\/image_2025-11-16_181140722.png\" \/>\n\t<meta property=\"og:image:width\" content=\"416\" \/>\n\t<meta property=\"og:image:height\" content=\"253\" \/>\n\t<meta property=\"og:image:type\" content=\"image\/png\" \/>\n<meta name=\"author\" content=\"tdossantos\" \/>\n<meta name=\"twitter:card\" content=\"summary_large_image\" \/>\n<meta name=\"twitter:label1\" content=\"\u00c9crit par\" \/>\n\t<meta name=\"twitter:data1\" content=\"tdossantos\" \/>\n\t<meta name=\"twitter:label2\" content=\"Dur\u00e9e de lecture estim\u00e9e\" \/>\n\t<meta name=\"twitter:data2\" content=\"3 minutes\" \/>\n<script type=\"application\/ld+json\" class=\"yoast-schema-graph\">{\"@context\":\"https:\\\/\\\/schema.org\",\"@graph\":[{\"@type\":\"Article\",\"@id\":\"https:\\\/\\\/regions-snetap-fsu.fr\\\/idf\\\/2025\\\/11\\\/16\\\/revalorisation-ifse-quels-impacts-pour-les-collegues-francilien\\\/#article\",\"isPartOf\":{\"@id\":\"https:\\\/\\\/regions-snetap-fsu.fr\\\/idf\\\/2025\\\/11\\\/16\\\/revalorisation-ifse-quels-impacts-pour-les-collegues-francilien\\\/\"},\"author\":{\"name\":\"tdossantos\",\"@id\":\"https:\\\/\\\/regions-snetap-fsu.fr\\\/idf\\\/#\\\/schema\\\/person\\\/1e2d8120205f21ade6260cd06759ef62\"},\"headline\":\"Revalorisation IFSE : quels impacts pour les coll\u00e8gues franciliens ?\",\"datePublished\":\"2025-11-16T17:11:48+00:00\",\"dateModified\":\"2025-11-16T18:49:53+00:00\",\"mainEntityOfPage\":{\"@id\":\"https:\\\/\\\/regions-snetap-fsu.fr\\\/idf\\\/2025\\\/11\\\/16\\\/revalorisation-ifse-quels-impacts-pour-les-collegues-francilien\\\/\"},\"wordCount\":561,\"image\":{\"@id\":\"https:\\\/\\\/regions-snetap-fsu.fr\\\/idf\\\/2025\\\/11\\\/16\\\/revalorisation-ifse-quels-impacts-pour-les-collegues-francilien\\\/#primaryimage\"},\"thumbnailUrl\":\"https:\\\/\\\/regions-snetap-fsu.fr\\\/idf\\\/wp-content\\\/uploads\\\/sites\\\/11\\\/2025\\\/11\\\/image_2025-11-16_181140722.png\",\"articleSection\":[\"Actions et communiqu\u00e9s\"],\"inLanguage\":\"fr-FR\"},{\"@type\":\"WebPage\",\"@id\":\"https:\\\/\\\/regions-snetap-fsu.fr\\\/idf\\\/2025\\\/11\\\/16\\\/revalorisation-ifse-quels-impacts-pour-les-collegues-francilien\\\/\",\"url\":\"https:\\\/\\\/regions-snetap-fsu.fr\\\/idf\\\/2025\\\/11\\\/16\\\/revalorisation-ifse-quels-impacts-pour-les-collegues-francilien\\\/\",\"name\":\"Revalorisation IFSE : quels impacts pour les coll\u00e8gues franciliens ? - \u00ceLE-DE-FRANCE\",\"isPartOf\":{\"@id\":\"https:\\\/\\\/regions-snetap-fsu.fr\\\/idf\\\/#website\"},\"primaryImageOfPage\":{\"@id\":\"https:\\\/\\\/regions-snetap-fsu.fr\\\/idf\\\/2025\\\/11\\\/16\\\/revalorisation-ifse-quels-impacts-pour-les-collegues-francilien\\\/#primaryimage\"},\"image\":{\"@id\":\"https:\\\/\\\/regions-snetap-fsu.fr\\\/idf\\\/2025\\\/11\\\/16\\\/revalorisation-ifse-quels-impacts-pour-les-collegues-francilien\\\/#primaryimage\"},\"thumbnailUrl\":\"https:\\\/\\\/regions-snetap-fsu.fr\\\/idf\\\/wp-content\\\/uploads\\\/sites\\\/11\\\/2025\\\/11\\\/image_2025-11-16_181140722.png\",\"datePublished\":\"2025-11-16T17:11:48+00:00\",\"dateModified\":\"2025-11-16T18:49:53+00:00\",\"author\":{\"@id\":\"https:\\\/\\\/regions-snetap-fsu.fr\\\/idf\\\/#\\\/schema\\\/person\\\/1e2d8120205f21ade6260cd06759ef62\"},\"breadcrumb\":{\"@id\":\"https:\\\/\\\/regions-snetap-fsu.fr\\\/idf\\\/2025\\\/11\\\/16\\\/revalorisation-ifse-quels-impacts-pour-les-collegues-francilien\\\/#breadcrumb\"},\"inLanguage\":\"fr-FR\",\"potentialAction\":[{\"@type\":\"ReadAction\",\"target\":[\"https:\\\/\\\/regions-snetap-fsu.fr\\\/idf\\\/2025\\\/11\\\/16\\\/revalorisation-ifse-quels-impacts-pour-les-collegues-francilien\\\/\"]}]},{\"@type\":\"ImageObject\",\"inLanguage\":\"fr-FR\",\"@id\":\"https:\\\/\\\/regions-snetap-fsu.fr\\\/idf\\\/2025\\\/11\\\/16\\\/revalorisation-ifse-quels-impacts-pour-les-collegues-francilien\\\/#primaryimage\",\"url\":\"https:\\\/\\\/regions-snetap-fsu.fr\\\/idf\\\/wp-content\\\/uploads\\\/sites\\\/11\\\/2025\\\/11\\\/image_2025-11-16_181140722.png\",\"contentUrl\":\"https:\\\/\\\/regions-snetap-fsu.fr\\\/idf\\\/wp-content\\\/uploads\\\/sites\\\/11\\\/2025\\\/11\\\/image_2025-11-16_181140722.png\",\"width\":416,\"height\":253},{\"@type\":\"BreadcrumbList\",\"@id\":\"https:\\\/\\\/regions-snetap-fsu.fr\\\/idf\\\/2025\\\/11\\\/16\\\/revalorisation-ifse-quels-impacts-pour-les-collegues-francilien\\\/#breadcrumb\",\"itemListElement\":[{\"@type\":\"ListItem\",\"position\":1,\"name\":\"Accueil\",\"item\":\"https:\\\/\\\/regions-snetap-fsu.fr\\\/idf\\\/\"},{\"@type\":\"ListItem\",\"position\":2,\"name\":\"Revalorisation IFSE : quels impacts pour les coll\u00e8gues franciliens ?\"}]},{\"@type\":\"WebSite\",\"@id\":\"https:\\\/\\\/regions-snetap-fsu.fr\\\/idf\\\/#website\",\"url\":\"https:\\\/\\\/regions-snetap-fsu.fr\\\/idf\\\/\",\"name\":\"\u00ceLE-DE-FRANCE\",\"description\":\"Le blog de la Section R\u00e9gionale\",\"potentialAction\":[{\"@type\":\"SearchAction\",\"target\":{\"@type\":\"EntryPoint\",\"urlTemplate\":\"https:\\\/\\\/regions-snetap-fsu.fr\\\/idf\\\/?s={search_term_string}\"},\"query-input\":{\"@type\":\"PropertyValueSpecification\",\"valueRequired\":true,\"valueName\":\"search_term_string\"}}],\"inLanguage\":\"fr-FR\"},{\"@type\":\"Person\",\"@id\":\"https:\\\/\\\/regions-snetap-fsu.fr\\\/idf\\\/#\\\/schema\\\/person\\\/1e2d8120205f21ade6260cd06759ef62\",\"name\":\"tdossantos\",\"image\":{\"@type\":\"ImageObject\",\"inLanguage\":\"fr-FR\",\"@id\":\"https:\\\/\\\/secure.gravatar.com\\\/avatar\\\/eb323d66303d5d3db90b97b88724753e51811779db988d61b5311e81a13ec30d?s=96&d=mm&r=g\",\"url\":\"https:\\\/\\\/secure.gravatar.com\\\/avatar\\\/eb323d66303d5d3db90b97b88724753e51811779db988d61b5311e81a13ec30d?s=96&d=mm&r=g\",\"contentUrl\":\"https:\\\/\\\/secure.gravatar.com\\\/avatar\\\/eb323d66303d5d3db90b97b88724753e51811779db988d61b5311e81a13ec30d?s=96&d=mm&r=g\",\"caption\":\"tdossantos\"},\"url\":\"https:\\\/\\\/regions-snetap-fsu.fr\\\/idf\\\/author\\\/tdossantos\\\/\"}]}<\/script>\n<!-- \/ Yoast SEO plugin. -->","yoast_head_json":{"title":"Revalorisation IFSE : quels impacts pour les coll\u00e8gues franciliens ? - \u00ceLE-DE-FRANCE","robots":{"index":"index","follow":"follow","max-snippet":"max-snippet:-1","max-image-preview":"max-image-preview:large","max-video-preview":"max-video-preview:-1"},"canonical":"https:\/\/regions-snetap-fsu.fr\/idf\/2025\/11\/16\/revalorisation-ifse-quels-impacts-pour-les-collegues-francilien\/","og_locale":"fr_FR","og_type":"article","og_title":"Revalorisation IFSE : quels impacts pour les coll\u00e8gues franciliens ? - \u00ceLE-DE-FRANCE","og_description":"La note de service SG\/SRH\/SDCAR\/2025-708, relative \u00e0 l&lsquo;IFSE (Indemnit\u00e9 de Fonctions, de Suj\u00e9tions et d&rsquo;Expertise) des personnels titulaires hors enseignant\u00b7es et enseignant\u00b7es-chercheur\u00b7euses, a rectifi\u00e9 la pr\u00e9c\u00e9dente note de service parue en mai, et prend partiellement en compte la situation des \u00e9tablissements de l&rsquo;enseignement technique agricole et de l&rsquo;enseignement sup\u00e9rieur d&rsquo;\u00cele-de-France. Cette nouvelle note modifie ainsi [&hellip;]","og_url":"https:\/\/regions-snetap-fsu.fr\/idf\/2025\/11\/16\/revalorisation-ifse-quels-impacts-pour-les-collegues-francilien\/","og_site_name":"\u00ceLE-DE-FRANCE","article_published_time":"2025-11-16T17:11:48+00:00","article_modified_time":"2025-11-16T18:49:53+00:00","og_image":[{"width":416,"height":253,"url":"https:\/\/regions-snetap-fsu.fr\/idf\/wp-content\/uploads\/sites\/11\/2025\/11\/image_2025-11-16_181140722.png","type":"image\/png"}],"author":"tdossantos","twitter_card":"summary_large_image","twitter_misc":{"\u00c9crit par":"tdossantos","Dur\u00e9e de lecture estim\u00e9e":"3 minutes"},"schema":{"@context":"https:\/\/schema.org","@graph":[{"@type":"Article","@id":"https:\/\/regions-snetap-fsu.fr\/idf\/2025\/11\/16\/revalorisation-ifse-quels-impacts-pour-les-collegues-francilien\/#article","isPartOf":{"@id":"https:\/\/regions-snetap-fsu.fr\/idf\/2025\/11\/16\/revalorisation-ifse-quels-impacts-pour-les-collegues-francilien\/"},"author":{"name":"tdossantos","@id":"https:\/\/regions-snetap-fsu.fr\/idf\/#\/schema\/person\/1e2d8120205f21ade6260cd06759ef62"},"headline":"Revalorisation IFSE : quels impacts pour les coll\u00e8gues franciliens ?","datePublished":"2025-11-16T17:11:48+00:00","dateModified":"2025-11-16T18:49:53+00:00","mainEntityOfPage":{"@id":"https:\/\/regions-snetap-fsu.fr\/idf\/2025\/11\/16\/revalorisation-ifse-quels-impacts-pour-les-collegues-francilien\/"},"wordCount":561,"image":{"@id":"https:\/\/regions-snetap-fsu.fr\/idf\/2025\/11\/16\/revalorisation-ifse-quels-impacts-pour-les-collegues-francilien\/#primaryimage"},"thumbnailUrl":"https:\/\/regions-snetap-fsu.fr\/idf\/wp-content\/uploads\/sites\/11\/2025\/11\/image_2025-11-16_181140722.png","articleSection":["Actions et communiqu\u00e9s"],"inLanguage":"fr-FR"},{"@type":"WebPage","@id":"https:\/\/regions-snetap-fsu.fr\/idf\/2025\/11\/16\/revalorisation-ifse-quels-impacts-pour-les-collegues-francilien\/","url":"https:\/\/regions-snetap-fsu.fr\/idf\/2025\/11\/16\/revalorisation-ifse-quels-impacts-pour-les-collegues-francilien\/","name":"Revalorisation IFSE : quels impacts pour les coll\u00e8gues franciliens ? - \u00ceLE-DE-FRANCE","isPartOf":{"@id":"https:\/\/regions-snetap-fsu.fr\/idf\/#website"},"primaryImageOfPage":{"@id":"https:\/\/regions-snetap-fsu.fr\/idf\/2025\/11\/16\/revalorisation-ifse-quels-impacts-pour-les-collegues-francilien\/#primaryimage"},"image":{"@id":"https:\/\/regions-snetap-fsu.fr\/idf\/2025\/11\/16\/revalorisation-ifse-quels-impacts-pour-les-collegues-francilien\/#primaryimage"},"thumbnailUrl":"https:\/\/regions-snetap-fsu.fr\/idf\/wp-content\/uploads\/sites\/11\/2025\/11\/image_2025-11-16_181140722.png","datePublished":"2025-11-16T17:11:48+00:00","dateModified":"2025-11-16T18:49:53+00:00","author":{"@id":"https:\/\/regions-snetap-fsu.fr\/idf\/#\/schema\/person\/1e2d8120205f21ade6260cd06759ef62"},"breadcrumb":{"@id":"https:\/\/regions-snetap-fsu.fr\/idf\/2025\/11\/16\/revalorisation-ifse-quels-impacts-pour-les-collegues-francilien\/#breadcrumb"},"inLanguage":"fr-FR","potentialAction":[{"@type":"ReadAction","target":["https:\/\/regions-snetap-fsu.fr\/idf\/2025\/11\/16\/revalorisation-ifse-quels-impacts-pour-les-collegues-francilien\/"]}]},{"@type":"ImageObject","inLanguage":"fr-FR","@id":"https:\/\/regions-snetap-fsu.fr\/idf\/2025\/11\/16\/revalorisation-ifse-quels-impacts-pour-les-collegues-francilien\/#primaryimage","url":"https:\/\/regions-snetap-fsu.fr\/idf\/wp-content\/uploads\/sites\/11\/2025\/11\/image_2025-11-16_181140722.png","contentUrl":"https:\/\/regions-snetap-fsu.fr\/idf\/wp-content\/uploads\/sites\/11\/2025\/11\/image_2025-11-16_181140722.png","width":416,"height":253},{"@type":"BreadcrumbList","@id":"https:\/\/regions-snetap-fsu.fr\/idf\/2025\/11\/16\/revalorisation-ifse-quels-impacts-pour-les-collegues-francilien\/#breadcrumb","itemListElement":[{"@type":"ListItem","position":1,"name":"Accueil","item":"https:\/\/regions-snetap-fsu.fr\/idf\/"},{"@type":"ListItem","position":2,"name":"Revalorisation IFSE : quels impacts pour les coll\u00e8gues franciliens ?"}]},{"@type":"WebSite","@id":"https:\/\/regions-snetap-fsu.fr\/idf\/#website","url":"https:\/\/regions-snetap-fsu.fr\/idf\/","name":"\u00ceLE-DE-FRANCE","description":"Le blog de la Section R\u00e9gionale","potentialAction":[{"@type":"SearchAction","target":{"@type":"EntryPoint","urlTemplate":"https:\/\/regions-snetap-fsu.fr\/idf\/?s={search_term_string}"},"query-input":{"@type":"PropertyValueSpecification","valueRequired":true,"valueName":"search_term_string"}}],"inLanguage":"fr-FR"},{"@type":"Person","@id":"https:\/\/regions-snetap-fsu.fr\/idf\/#\/schema\/person\/1e2d8120205f21ade6260cd06759ef62","name":"tdossantos","image":{"@type":"ImageObject","inLanguage":"fr-FR","@id":"https:\/\/secure.gravatar.com\/avatar\/eb323d66303d5d3db90b97b88724753e51811779db988d61b5311e81a13ec30d?s=96&d=mm&r=g","url":"https:\/\/secure.gravatar.com\/avatar\/eb323d66303d5d3db90b97b88724753e51811779db988d61b5311e81a13ec30d?s=96&d=mm&r=g","contentUrl":"https:\/\/secure.gravatar.com\/avatar\/eb323d66303d5d3db90b97b88724753e51811779db988d61b5311e81a13ec30d?s=96&d=mm&r=g","caption":"tdossantos"},"url":"https:\/\/regions-snetap-fsu.fr\/idf\/author\/tdossantos\/"}]}},"_links":{"self":[{"href":"https:\/\/regions-snetap-fsu.fr\/idf\/wp-json\/wp\/v2\/posts\/2313","targetHints":{"allow":["GET"]}}],"collection":[{"href":"https:\/\/regions-snetap-fsu.fr\/idf\/wp-json\/wp\/v2\/posts"}],"about":[{"href":"https:\/\/regions-snetap-fsu.fr\/idf\/wp-json\/wp\/v2\/types\/post"}],"author":[{"embeddable":true,"href":"https:\/\/regions-snetap-fsu.fr\/idf\/wp-json\/wp\/v2\/users\/104"}],"replies":[{"embeddable":true,"href":"https:\/\/regions-snetap-fsu.fr\/idf\/wp-json\/wp\/v2\/comments?post=2313"}],"version-history":[{"count":2,"href":"https:\/\/regions-snetap-fsu.fr\/idf\/wp-json\/wp\/v2\/posts\/2313\/revisions"}],"predecessor-version":[{"id":2316,"href":"https:\/\/regions-snetap-fsu.fr\/idf\/wp-json\/wp\/v2\/posts\/2313\/revisions\/2316"}],"wp:featuredmedia":[{"embeddable":true,"href":"https:\/\/regions-snetap-fsu.fr\/idf\/wp-json\/wp\/v2\/media\/2314"}],"wp:attachment":[{"href":"https:\/\/regions-snetap-fsu.fr\/idf\/wp-json\/wp\/v2\/media?parent=2313"}],"wp:term":[{"taxonomy":"category","embeddable":true,"href":"https:\/\/regions-snetap-fsu.fr\/idf\/wp-json\/wp\/v2\/categories?post=2313"},{"taxonomy":"post_tag","embeddable":true,"href":"https:\/\/regions-snetap-fsu.fr\/idf\/wp-json\/wp\/v2\/tags?post=2313"},{"taxonomy":"post_folder","embeddable":true,"href":"https:\/\/regions-snetap-fsu.fr\/idf\/wp-json\/wp\/v2\/post_folder?post=2313"}],"curies":[{"name":"wp","href":"https:\/\/api.w.org\/{rel}","templated":true}]}}