{"id":1855,"date":"2024-02-01T21:18:07","date_gmt":"2024-02-01T20:18:07","guid":{"rendered":"https:\/\/regions-snetap-fsu.fr\/idf\/?p=1855"},"modified":"2024-02-04T21:33:16","modified_gmt":"2024-02-04T20:33:16","slug":"greve-puissante-dans-leducation-on-y-etait","status":"publish","type":"post","link":"https:\/\/regions-snetap-fsu.fr\/idf\/2024\/02\/01\/greve-puissante-dans-leducation-on-y-etait\/","title":{"rendered":"Gr\u00e8ve puissante dans l&rsquo;\u00e9ducation : on y \u00e9tait !"},"content":{"rendered":"<p>jeudi 1er f\u00e9vrier, la section r\u00e9gionale du SNETAP-FSU manifestait au cot\u00e9 de nos coll\u00e8gues de l&rsquo;\u00e9ducation nationale pour d\u00e9noncer des salaires ind\u00e9cents, les man\u0153uvres de la ministre Oud\u00e9a-Cast\u00e9ra en faveur de l&rsquo;enseignement priv\u00e9 au d\u00e9pend du public, l&rsquo;aggravation des conditions de travail et le tri social (avec la mise en place des groupes de niveaux en 6\u00e8 et 5\u00e8, d\u00e8s la rentr\u00e9e prochaine).<\/p>\n<p><img fetchpriority=\"high\" decoding=\"async\" class=\"alignnone size-medium wp-image-1858\" src=\"https:\/\/regions-snetap-fsu.fr\/idf\/wp-content\/uploads\/sites\/11\/2024\/02\/IMG20240203003330-300x225.jpg\" alt=\"\" width=\"300\" height=\"225\" srcset=\"https:\/\/regions-snetap-fsu.fr\/idf\/wp-content\/uploads\/sites\/11\/2024\/02\/IMG20240203003330-300x225.jpg 300w, https:\/\/regions-snetap-fsu.fr\/idf\/wp-content\/uploads\/sites\/11\/2024\/02\/IMG20240203003330-1024x768.jpg 1024w, https:\/\/regions-snetap-fsu.fr\/idf\/wp-content\/uploads\/sites\/11\/2024\/02\/IMG20240203003330-768x576.jpg 768w, https:\/\/regions-snetap-fsu.fr\/idf\/wp-content\/uploads\/sites\/11\/2024\/02\/IMG20240203003330-1536x1152.jpg 1536w, https:\/\/regions-snetap-fsu.fr\/idf\/wp-content\/uploads\/sites\/11\/2024\/02\/IMG20240203003330-2048x1536.jpg 2048w\" sizes=\"(max-width: 300px) 100vw, 300px\" \/><\/p>\n<p class=\"_ap3a _aaco _aacu _aacx _aad7 _aade\" dir=\"auto\">En coll\u00e8ge c&rsquo;est m\u00eame plus d\u2019un.e professeur.e sur deux qui est gr\u00e9viste, ce qui marque un refus clair et net du projet de la r\u00e9forme du coll\u00e8ge. Des coll\u00e8ges sont ferm\u00e9s comme par exemple\u00a0 dans l\u2019acad\u00e9mie de Versailles\u00a0 (70 \u00e0 80 % de gr\u00e9vistes dans certains \u00e9tablissements).<\/p>\n<p dir=\"auto\"><img decoding=\"async\" class=\"alignnone wp-image-1864\" src=\"https:\/\/regions-snetap-fsu.fr\/idf\/wp-content\/uploads\/sites\/11\/2024\/02\/IMG20240203002634-3-241x300.jpg\" alt=\"\" width=\"179\" height=\"223\" srcset=\"https:\/\/regions-snetap-fsu.fr\/idf\/wp-content\/uploads\/sites\/11\/2024\/02\/IMG20240203002634-3-241x300.jpg 241w, https:\/\/regions-snetap-fsu.fr\/idf\/wp-content\/uploads\/sites\/11\/2024\/02\/IMG20240203002634-3-821x1024.jpg 821w, https:\/\/regions-snetap-fsu.fr\/idf\/wp-content\/uploads\/sites\/11\/2024\/02\/IMG20240203002634-3-768x958.jpg 768w, https:\/\/regions-snetap-fsu.fr\/idf\/wp-content\/uploads\/sites\/11\/2024\/02\/IMG20240203002634-3-1232x1536.jpg 1232w, https:\/\/regions-snetap-fsu.fr\/idf\/wp-content\/uploads\/sites\/11\/2024\/02\/IMG20240203002634-3-1643x2048.jpg 1643w\" sizes=\"(max-width: 179px) 100vw, 179px\" \/><\/p>\n<p>Le soir : une table ronde anim\u00e9e par Claire Pinault sur l&rsquo;enseignement agricole dans le contexte de la mobilisation des agriculteurs\/trices :<\/p>\n<p><a href=\"https:\/\/www.snetap-fsu.fr\/Table-ronde-La-crise-du-monde-agricole-toutes-et-tous-concerne-o-es.html\" target=\"_blank\" rel=\"noopener\"><span style=\"color: #008000\">https:\/\/www.snetap-fsu.fr\/Table-ronde-La-crise-du-monde-agricole-toutes-et-tous-concerne-o-es.html<\/span><\/a><\/p>\n<p>&nbsp;<\/p>\n","protected":false},"excerpt":{"rendered":"<p>jeudi 1er f\u00e9vrier, la section r\u00e9gionale du SNETAP-FSU manifestait au cot\u00e9 de nos coll\u00e8gues de l&rsquo;\u00e9ducation nationale pour d\u00e9noncer des salaires ind\u00e9cents, les man\u0153uvres de la ministre Oud\u00e9a-Cast\u00e9ra en faveur de l&rsquo;enseignement priv\u00e9 au d\u00e9pend du public, l&rsquo;aggravation des conditions de travail et le tri social (avec la mise en place des groupes de niveaux [&hellip;]<\/p>\n","protected":false},"author":104,"featured_media":1857,"comment_status":"closed","ping_status":"closed","sticky":false,"template":"","format":"standard","meta":{"ocean_post_layout":"","ocean_both_sidebars_style":"","ocean_both_sidebars_content_width":0,"ocean_both_sidebars_sidebars_width":0,"ocean_sidebar":"0","ocean_second_sidebar":"0","ocean_disable_margins":"enable","ocean_add_body_class":"","ocean_shortcode_before_top_bar":"","ocean_shortcode_after_top_bar":"","ocean_shortcode_before_header":"","ocean_shortcode_after_header":"","ocean_has_shortcode":"","ocean_shortcode_after_title":"","ocean_shortcode_before_footer_widgets":"","ocean_shortcode_after_footer_widgets":"","ocean_shortcode_before_footer_bottom":"","ocean_shortcode_after_footer_bottom":"","ocean_display_top_bar":"default","ocean_display_header":"default","ocean_header_style":"","ocean_center_header_left_menu":"0","ocean_custom_header_template":"0","ocean_custom_logo":0,"ocean_custom_retina_logo":0,"ocean_custom_logo_max_width":0,"ocean_custom_logo_tablet_max_width":0,"ocean_custom_logo_mobile_max_width":0,"ocean_custom_logo_max_height":0,"ocean_custom_logo_tablet_max_height":0,"ocean_custom_logo_mobile_max_height":0,"ocean_header_custom_menu":"0","ocean_menu_typo_font_family":"0","ocean_menu_typo_font_subset":"","ocean_menu_typo_font_size":0,"ocean_menu_typo_font_size_tablet":0,"ocean_menu_typo_font_size_mobile":0,"ocean_menu_typo_font_size_unit":"px","ocean_menu_typo_font_weight":"","ocean_menu_typo_font_weight_tablet":"","ocean_menu_typo_font_weight_mobile":"","ocean_menu_typo_transform":"","ocean_menu_typo_transform_tablet":"","ocean_menu_typo_transform_mobile":"","ocean_menu_typo_line_height":0,"ocean_menu_typo_line_height_tablet":0,"ocean_menu_typo_line_height_mobile":0,"ocean_menu_typo_line_height_unit":"","ocean_menu_typo_spacing":0,"ocean_menu_typo_spacing_tablet":0,"ocean_menu_typo_spacing_mobile":0,"ocean_menu_typo_spacing_unit":"","ocean_menu_link_color":"","ocean_menu_link_color_hover":"","ocean_menu_link_color_active":"","ocean_menu_link_background":"","ocean_menu_link_hover_background":"","ocean_menu_link_active_background":"","ocean_menu_social_links_bg":"","ocean_menu_social_hover_links_bg":"","ocean_menu_social_links_color":"","ocean_menu_social_hover_links_color":"","ocean_disable_title":"default","ocean_disable_heading":"default","ocean_post_title":"","ocean_post_subheading":"","ocean_post_title_style":"","ocean_post_title_background_color":"","ocean_post_title_background":0,"ocean_post_title_bg_image_position":"","ocean_post_title_bg_image_attachment":"","ocean_post_title_bg_image_repeat":"","ocean_post_title_bg_image_size":"","ocean_post_title_height":0,"ocean_post_title_bg_overlay":0.5,"ocean_post_title_bg_overlay_color":"","ocean_disable_breadcrumbs":"default","ocean_breadcrumbs_color":"","ocean_breadcrumbs_separator_color":"","ocean_breadcrumbs_links_color":"","ocean_breadcrumbs_links_hover_color":"","ocean_display_footer_widgets":"default","ocean_display_footer_bottom":"default","ocean_custom_footer_template":"0","ocean_post_oembed":"","ocean_post_self_hosted_media":"","ocean_post_video_embed":"","ocean_link_format":"","ocean_link_format_target":"self","ocean_quote_format":"","ocean_quote_format_link":"post","ocean_gallery_link_images":"on","ocean_gallery_id":[],"footnotes":""},"categories":[15,13],"tags":[],"post_folder":[],"class_list":["post-1855","post","type-post","status-publish","format-standard","has-post-thumbnail","hentry","category-actions-et-communiques","category-manifestation","entry","has-media"],"yoast_head":"<!-- This site is optimized with the Yoast SEO plugin v27.4 - https:\/\/yoast.com\/product\/yoast-seo-wordpress\/ -->\n<title>Gr\u00e8ve puissante dans l&#039;\u00e9ducation : on y \u00e9tait ! - \u00ceLE-DE-FRANCE<\/title>\n<meta name=\"robots\" content=\"index, follow, max-snippet:-1, max-image-preview:large, max-video-preview:-1\" \/>\n<link rel=\"canonical\" href=\"https:\/\/regions-snetap-fsu.fr\/idf\/2024\/02\/01\/greve-puissante-dans-leducation-on-y-etait\/\" \/>\n<meta property=\"og:locale\" content=\"fr_FR\" \/>\n<meta property=\"og:type\" content=\"article\" \/>\n<meta property=\"og:title\" content=\"Gr\u00e8ve puissante dans l&#039;\u00e9ducation : on y \u00e9tait ! - \u00ceLE-DE-FRANCE\" \/>\n<meta property=\"og:description\" content=\"jeudi 1er f\u00e9vrier, la section r\u00e9gionale du SNETAP-FSU manifestait au cot\u00e9 de nos coll\u00e8gues de l&rsquo;\u00e9ducation nationale pour d\u00e9noncer des salaires ind\u00e9cents, les man\u0153uvres de la ministre Oud\u00e9a-Cast\u00e9ra en faveur de l&rsquo;enseignement priv\u00e9 au d\u00e9pend du public, l&rsquo;aggravation des conditions de travail et le tri social (avec la mise en place des groupes de niveaux [&hellip;]\" \/>\n<meta property=\"og:url\" content=\"https:\/\/regions-snetap-fsu.fr\/idf\/2024\/02\/01\/greve-puissante-dans-leducation-on-y-etait\/\" \/>\n<meta property=\"og:site_name\" content=\"\u00ceLE-DE-FRANCE\" \/>\n<meta property=\"article:published_time\" content=\"2024-02-01T20:18:07+00:00\" \/>\n<meta property=\"article:modified_time\" content=\"2024-02-04T20:33:16+00:00\" \/>\n<meta property=\"og:image\" content=\"https:\/\/regions-snetap-fsu.fr\/idf\/wp-content\/uploads\/sites\/11\/2024\/02\/IMG20240201153037-1-scaled.jpg\" \/>\n\t<meta property=\"og:image:width\" content=\"2560\" \/>\n\t<meta property=\"og:image:height\" content=\"1920\" \/>\n\t<meta property=\"og:image:type\" content=\"image\/jpeg\" \/>\n<meta name=\"author\" content=\"tdossantos\" \/>\n<meta name=\"twitter:card\" content=\"summary_large_image\" \/>\n<meta name=\"twitter:label1\" content=\"\u00c9crit par\" \/>\n\t<meta name=\"twitter:data1\" content=\"tdossantos\" \/>\n\t<meta name=\"twitter:label2\" content=\"Dur\u00e9e de lecture estim\u00e9e\" \/>\n\t<meta name=\"twitter:data2\" content=\"1 minute\" \/>\n<script type=\"application\/ld+json\" class=\"yoast-schema-graph\">{\"@context\":\"https:\\\/\\\/schema.org\",\"@graph\":[{\"@type\":\"Article\",\"@id\":\"https:\\\/\\\/regions-snetap-fsu.fr\\\/idf\\\/2024\\\/02\\\/01\\\/greve-puissante-dans-leducation-on-y-etait\\\/#article\",\"isPartOf\":{\"@id\":\"https:\\\/\\\/regions-snetap-fsu.fr\\\/idf\\\/2024\\\/02\\\/01\\\/greve-puissante-dans-leducation-on-y-etait\\\/\"},\"author\":{\"name\":\"tdossantos\",\"@id\":\"https:\\\/\\\/regions-snetap-fsu.fr\\\/idf\\\/#\\\/schema\\\/person\\\/1e2d8120205f21ade6260cd06759ef62\"},\"headline\":\"Gr\u00e8ve puissante dans l&rsquo;\u00e9ducation : on y \u00e9tait !\",\"datePublished\":\"2024-02-01T20:18:07+00:00\",\"dateModified\":\"2024-02-04T20:33:16+00:00\",\"mainEntityOfPage\":{\"@id\":\"https:\\\/\\\/regions-snetap-fsu.fr\\\/idf\\\/2024\\\/02\\\/01\\\/greve-puissante-dans-leducation-on-y-etait\\\/\"},\"wordCount\":171,\"image\":{\"@id\":\"https:\\\/\\\/regions-snetap-fsu.fr\\\/idf\\\/2024\\\/02\\\/01\\\/greve-puissante-dans-leducation-on-y-etait\\\/#primaryimage\"},\"thumbnailUrl\":\"https:\\\/\\\/regions-snetap-fsu.fr\\\/idf\\\/wp-content\\\/uploads\\\/sites\\\/11\\\/2024\\\/02\\\/IMG20240201153037-1-scaled.jpg\",\"articleSection\":[\"Actions et communiqu\u00e9s\",\"Manifestation\"],\"inLanguage\":\"fr-FR\"},{\"@type\":\"WebPage\",\"@id\":\"https:\\\/\\\/regions-snetap-fsu.fr\\\/idf\\\/2024\\\/02\\\/01\\\/greve-puissante-dans-leducation-on-y-etait\\\/\",\"url\":\"https:\\\/\\\/regions-snetap-fsu.fr\\\/idf\\\/2024\\\/02\\\/01\\\/greve-puissante-dans-leducation-on-y-etait\\\/\",\"name\":\"Gr\u00e8ve puissante dans l'\u00e9ducation : on y \u00e9tait ! - \u00ceLE-DE-FRANCE\",\"isPartOf\":{\"@id\":\"https:\\\/\\\/regions-snetap-fsu.fr\\\/idf\\\/#website\"},\"primaryImageOfPage\":{\"@id\":\"https:\\\/\\\/regions-snetap-fsu.fr\\\/idf\\\/2024\\\/02\\\/01\\\/greve-puissante-dans-leducation-on-y-etait\\\/#primaryimage\"},\"image\":{\"@id\":\"https:\\\/\\\/regions-snetap-fsu.fr\\\/idf\\\/2024\\\/02\\\/01\\\/greve-puissante-dans-leducation-on-y-etait\\\/#primaryimage\"},\"thumbnailUrl\":\"https:\\\/\\\/regions-snetap-fsu.fr\\\/idf\\\/wp-content\\\/uploads\\\/sites\\\/11\\\/2024\\\/02\\\/IMG20240201153037-1-scaled.jpg\",\"datePublished\":\"2024-02-01T20:18:07+00:00\",\"dateModified\":\"2024-02-04T20:33:16+00:00\",\"author\":{\"@id\":\"https:\\\/\\\/regions-snetap-fsu.fr\\\/idf\\\/#\\\/schema\\\/person\\\/1e2d8120205f21ade6260cd06759ef62\"},\"breadcrumb\":{\"@id\":\"https:\\\/\\\/regions-snetap-fsu.fr\\\/idf\\\/2024\\\/02\\\/01\\\/greve-puissante-dans-leducation-on-y-etait\\\/#breadcrumb\"},\"inLanguage\":\"fr-FR\",\"potentialAction\":[{\"@type\":\"ReadAction\",\"target\":[\"https:\\\/\\\/regions-snetap-fsu.fr\\\/idf\\\/2024\\\/02\\\/01\\\/greve-puissante-dans-leducation-on-y-etait\\\/\"]}]},{\"@type\":\"ImageObject\",\"inLanguage\":\"fr-FR\",\"@id\":\"https:\\\/\\\/regions-snetap-fsu.fr\\\/idf\\\/2024\\\/02\\\/01\\\/greve-puissante-dans-leducation-on-y-etait\\\/#primaryimage\",\"url\":\"https:\\\/\\\/regions-snetap-fsu.fr\\\/idf\\\/wp-content\\\/uploads\\\/sites\\\/11\\\/2024\\\/02\\\/IMG20240201153037-1-scaled.jpg\",\"contentUrl\":\"https:\\\/\\\/regions-snetap-fsu.fr\\\/idf\\\/wp-content\\\/uploads\\\/sites\\\/11\\\/2024\\\/02\\\/IMG20240201153037-1-scaled.jpg\",\"width\":2560,\"height\":1920},{\"@type\":\"BreadcrumbList\",\"@id\":\"https:\\\/\\\/regions-snetap-fsu.fr\\\/idf\\\/2024\\\/02\\\/01\\\/greve-puissante-dans-leducation-on-y-etait\\\/#breadcrumb\",\"itemListElement\":[{\"@type\":\"ListItem\",\"position\":1,\"name\":\"Accueil\",\"item\":\"https:\\\/\\\/regions-snetap-fsu.fr\\\/idf\\\/\"},{\"@type\":\"ListItem\",\"position\":2,\"name\":\"Gr\u00e8ve puissante dans l&rsquo;\u00e9ducation : on y \u00e9tait !\"}]},{\"@type\":\"WebSite\",\"@id\":\"https:\\\/\\\/regions-snetap-fsu.fr\\\/idf\\\/#website\",\"url\":\"https:\\\/\\\/regions-snetap-fsu.fr\\\/idf\\\/\",\"name\":\"\u00ceLE-DE-FRANCE\",\"description\":\"Le blog de la Section R\u00e9gionale\",\"potentialAction\":[{\"@type\":\"SearchAction\",\"target\":{\"@type\":\"EntryPoint\",\"urlTemplate\":\"https:\\\/\\\/regions-snetap-fsu.fr\\\/idf\\\/?s={search_term_string}\"},\"query-input\":{\"@type\":\"PropertyValueSpecification\",\"valueRequired\":true,\"valueName\":\"search_term_string\"}}],\"inLanguage\":\"fr-FR\"},{\"@type\":\"Person\",\"@id\":\"https:\\\/\\\/regions-snetap-fsu.fr\\\/idf\\\/#\\\/schema\\\/person\\\/1e2d8120205f21ade6260cd06759ef62\",\"name\":\"tdossantos\",\"image\":{\"@type\":\"ImageObject\",\"inLanguage\":\"fr-FR\",\"@id\":\"https:\\\/\\\/secure.gravatar.com\\\/avatar\\\/eb323d66303d5d3db90b97b88724753e51811779db988d61b5311e81a13ec30d?s=96&d=mm&r=g\",\"url\":\"https:\\\/\\\/secure.gravatar.com\\\/avatar\\\/eb323d66303d5d3db90b97b88724753e51811779db988d61b5311e81a13ec30d?s=96&d=mm&r=g\",\"contentUrl\":\"https:\\\/\\\/secure.gravatar.com\\\/avatar\\\/eb323d66303d5d3db90b97b88724753e51811779db988d61b5311e81a13ec30d?s=96&d=mm&r=g\",\"caption\":\"tdossantos\"},\"url\":\"https:\\\/\\\/regions-snetap-fsu.fr\\\/idf\\\/author\\\/tdossantos\\\/\"}]}<\/script>\n<!-- \/ Yoast SEO plugin. -->","yoast_head_json":{"title":"Gr\u00e8ve puissante dans l'\u00e9ducation : on y \u00e9tait ! - \u00ceLE-DE-FRANCE","robots":{"index":"index","follow":"follow","max-snippet":"max-snippet:-1","max-image-preview":"max-image-preview:large","max-video-preview":"max-video-preview:-1"},"canonical":"https:\/\/regions-snetap-fsu.fr\/idf\/2024\/02\/01\/greve-puissante-dans-leducation-on-y-etait\/","og_locale":"fr_FR","og_type":"article","og_title":"Gr\u00e8ve puissante dans l'\u00e9ducation : on y \u00e9tait ! - \u00ceLE-DE-FRANCE","og_description":"jeudi 1er f\u00e9vrier, la section r\u00e9gionale du SNETAP-FSU manifestait au cot\u00e9 de nos coll\u00e8gues de l&rsquo;\u00e9ducation nationale pour d\u00e9noncer des salaires ind\u00e9cents, les man\u0153uvres de la ministre Oud\u00e9a-Cast\u00e9ra en faveur de l&rsquo;enseignement priv\u00e9 au d\u00e9pend du public, l&rsquo;aggravation des conditions de travail et le tri social (avec la mise en place des groupes de niveaux [&hellip;]","og_url":"https:\/\/regions-snetap-fsu.fr\/idf\/2024\/02\/01\/greve-puissante-dans-leducation-on-y-etait\/","og_site_name":"\u00ceLE-DE-FRANCE","article_published_time":"2024-02-01T20:18:07+00:00","article_modified_time":"2024-02-04T20:33:16+00:00","og_image":[{"width":2560,"height":1920,"url":"https:\/\/regions-snetap-fsu.fr\/idf\/wp-content\/uploads\/sites\/11\/2024\/02\/IMG20240201153037-1-scaled.jpg","type":"image\/jpeg"}],"author":"tdossantos","twitter_card":"summary_large_image","twitter_misc":{"\u00c9crit par":"tdossantos","Dur\u00e9e de lecture estim\u00e9e":"1 minute"},"schema":{"@context":"https:\/\/schema.org","@graph":[{"@type":"Article","@id":"https:\/\/regions-snetap-fsu.fr\/idf\/2024\/02\/01\/greve-puissante-dans-leducation-on-y-etait\/#article","isPartOf":{"@id":"https:\/\/regions-snetap-fsu.fr\/idf\/2024\/02\/01\/greve-puissante-dans-leducation-on-y-etait\/"},"author":{"name":"tdossantos","@id":"https:\/\/regions-snetap-fsu.fr\/idf\/#\/schema\/person\/1e2d8120205f21ade6260cd06759ef62"},"headline":"Gr\u00e8ve puissante dans l&rsquo;\u00e9ducation : on y \u00e9tait !","datePublished":"2024-02-01T20:18:07+00:00","dateModified":"2024-02-04T20:33:16+00:00","mainEntityOfPage":{"@id":"https:\/\/regions-snetap-fsu.fr\/idf\/2024\/02\/01\/greve-puissante-dans-leducation-on-y-etait\/"},"wordCount":171,"image":{"@id":"https:\/\/regions-snetap-fsu.fr\/idf\/2024\/02\/01\/greve-puissante-dans-leducation-on-y-etait\/#primaryimage"},"thumbnailUrl":"https:\/\/regions-snetap-fsu.fr\/idf\/wp-content\/uploads\/sites\/11\/2024\/02\/IMG20240201153037-1-scaled.jpg","articleSection":["Actions et communiqu\u00e9s","Manifestation"],"inLanguage":"fr-FR"},{"@type":"WebPage","@id":"https:\/\/regions-snetap-fsu.fr\/idf\/2024\/02\/01\/greve-puissante-dans-leducation-on-y-etait\/","url":"https:\/\/regions-snetap-fsu.fr\/idf\/2024\/02\/01\/greve-puissante-dans-leducation-on-y-etait\/","name":"Gr\u00e8ve puissante dans l'\u00e9ducation : on y \u00e9tait ! - \u00ceLE-DE-FRANCE","isPartOf":{"@id":"https:\/\/regions-snetap-fsu.fr\/idf\/#website"},"primaryImageOfPage":{"@id":"https:\/\/regions-snetap-fsu.fr\/idf\/2024\/02\/01\/greve-puissante-dans-leducation-on-y-etait\/#primaryimage"},"image":{"@id":"https:\/\/regions-snetap-fsu.fr\/idf\/2024\/02\/01\/greve-puissante-dans-leducation-on-y-etait\/#primaryimage"},"thumbnailUrl":"https:\/\/regions-snetap-fsu.fr\/idf\/wp-content\/uploads\/sites\/11\/2024\/02\/IMG20240201153037-1-scaled.jpg","datePublished":"2024-02-01T20:18:07+00:00","dateModified":"2024-02-04T20:33:16+00:00","author":{"@id":"https:\/\/regions-snetap-fsu.fr\/idf\/#\/schema\/person\/1e2d8120205f21ade6260cd06759ef62"},"breadcrumb":{"@id":"https:\/\/regions-snetap-fsu.fr\/idf\/2024\/02\/01\/greve-puissante-dans-leducation-on-y-etait\/#breadcrumb"},"inLanguage":"fr-FR","potentialAction":[{"@type":"ReadAction","target":["https:\/\/regions-snetap-fsu.fr\/idf\/2024\/02\/01\/greve-puissante-dans-leducation-on-y-etait\/"]}]},{"@type":"ImageObject","inLanguage":"fr-FR","@id":"https:\/\/regions-snetap-fsu.fr\/idf\/2024\/02\/01\/greve-puissante-dans-leducation-on-y-etait\/#primaryimage","url":"https:\/\/regions-snetap-fsu.fr\/idf\/wp-content\/uploads\/sites\/11\/2024\/02\/IMG20240201153037-1-scaled.jpg","contentUrl":"https:\/\/regions-snetap-fsu.fr\/idf\/wp-content\/uploads\/sites\/11\/2024\/02\/IMG20240201153037-1-scaled.jpg","width":2560,"height":1920},{"@type":"BreadcrumbList","@id":"https:\/\/regions-snetap-fsu.fr\/idf\/2024\/02\/01\/greve-puissante-dans-leducation-on-y-etait\/#breadcrumb","itemListElement":[{"@type":"ListItem","position":1,"name":"Accueil","item":"https:\/\/regions-snetap-fsu.fr\/idf\/"},{"@type":"ListItem","position":2,"name":"Gr\u00e8ve puissante dans l&rsquo;\u00e9ducation : on y \u00e9tait !"}]},{"@type":"WebSite","@id":"https:\/\/regions-snetap-fsu.fr\/idf\/#website","url":"https:\/\/regions-snetap-fsu.fr\/idf\/","name":"\u00ceLE-DE-FRANCE","description":"Le blog de la Section R\u00e9gionale","potentialAction":[{"@type":"SearchAction","target":{"@type":"EntryPoint","urlTemplate":"https:\/\/regions-snetap-fsu.fr\/idf\/?s={search_term_string}"},"query-input":{"@type":"PropertyValueSpecification","valueRequired":true,"valueName":"search_term_string"}}],"inLanguage":"fr-FR"},{"@type":"Person","@id":"https:\/\/regions-snetap-fsu.fr\/idf\/#\/schema\/person\/1e2d8120205f21ade6260cd06759ef62","name":"tdossantos","image":{"@type":"ImageObject","inLanguage":"fr-FR","@id":"https:\/\/secure.gravatar.com\/avatar\/eb323d66303d5d3db90b97b88724753e51811779db988d61b5311e81a13ec30d?s=96&d=mm&r=g","url":"https:\/\/secure.gravatar.com\/avatar\/eb323d66303d5d3db90b97b88724753e51811779db988d61b5311e81a13ec30d?s=96&d=mm&r=g","contentUrl":"https:\/\/secure.gravatar.com\/avatar\/eb323d66303d5d3db90b97b88724753e51811779db988d61b5311e81a13ec30d?s=96&d=mm&r=g","caption":"tdossantos"},"url":"https:\/\/regions-snetap-fsu.fr\/idf\/author\/tdossantos\/"}]}},"_links":{"self":[{"href":"https:\/\/regions-snetap-fsu.fr\/idf\/wp-json\/wp\/v2\/posts\/1855","targetHints":{"allow":["GET"]}}],"collection":[{"href":"https:\/\/regions-snetap-fsu.fr\/idf\/wp-json\/wp\/v2\/posts"}],"about":[{"href":"https:\/\/regions-snetap-fsu.fr\/idf\/wp-json\/wp\/v2\/types\/post"}],"author":[{"embeddable":true,"href":"https:\/\/regions-snetap-fsu.fr\/idf\/wp-json\/wp\/v2\/users\/104"}],"replies":[{"embeddable":true,"href":"https:\/\/regions-snetap-fsu.fr\/idf\/wp-json\/wp\/v2\/comments?post=1855"}],"version-history":[{"count":5,"href":"https:\/\/regions-snetap-fsu.fr\/idf\/wp-json\/wp\/v2\/posts\/1855\/revisions"}],"predecessor-version":[{"id":1871,"href":"https:\/\/regions-snetap-fsu.fr\/idf\/wp-json\/wp\/v2\/posts\/1855\/revisions\/1871"}],"wp:featuredmedia":[{"embeddable":true,"href":"https:\/\/regions-snetap-fsu.fr\/idf\/wp-json\/wp\/v2\/media\/1857"}],"wp:attachment":[{"href":"https:\/\/regions-snetap-fsu.fr\/idf\/wp-json\/wp\/v2\/media?parent=1855"}],"wp:term":[{"taxonomy":"category","embeddable":true,"href":"https:\/\/regions-snetap-fsu.fr\/idf\/wp-json\/wp\/v2\/categories?post=1855"},{"taxonomy":"post_tag","embeddable":true,"href":"https:\/\/regions-snetap-fsu.fr\/idf\/wp-json\/wp\/v2\/tags?post=1855"},{"taxonomy":"post_folder","embeddable":true,"href":"https:\/\/regions-snetap-fsu.fr\/idf\/wp-json\/wp\/v2\/post_folder?post=1855"}],"curies":[{"name":"wp","href":"https:\/\/api.w.org\/{rel}","templated":true}]}}