{"id":1837,"date":"2024-01-24T00:38:44","date_gmt":"2024-01-23T23:38:44","guid":{"rendered":"https:\/\/regions-snetap-fsu.fr\/idf\/?p=1837"},"modified":"2024-02-04T21:24:51","modified_gmt":"2024-02-04T20:24:51","slug":"fiche-de-service-les-francilien-nes-du-snetap-a-amiens","status":"publish","type":"post","link":"https:\/\/regions-snetap-fsu.fr\/idf\/2024\/01\/24\/fiche-de-service-les-francilien-nes-du-snetap-a-amiens\/","title":{"rendered":"Fiche de service : Les Francilien.nes du SNETAP \u00e0 Amiens !"},"content":{"rendered":"<p><img fetchpriority=\"high\" decoding=\"async\" class=\"alignnone size-medium wp-image-1850\" src=\"https:\/\/regions-snetap-fsu.fr\/idf\/wp-content\/uploads\/sites\/11\/2024\/01\/IMG_02291001-300x225.jpg\" alt=\"\" width=\"300\" height=\"225\" srcset=\"https:\/\/regions-snetap-fsu.fr\/idf\/wp-content\/uploads\/sites\/11\/2024\/01\/IMG_02291001-300x225.jpg 300w, https:\/\/regions-snetap-fsu.fr\/idf\/wp-content\/uploads\/sites\/11\/2024\/01\/IMG_02291001-1024x768.jpg 1024w, https:\/\/regions-snetap-fsu.fr\/idf\/wp-content\/uploads\/sites\/11\/2024\/01\/IMG_02291001-768x576.jpg 768w, https:\/\/regions-snetap-fsu.fr\/idf\/wp-content\/uploads\/sites\/11\/2024\/01\/IMG_02291001.jpg 1280w\" sizes=\"(max-width: 300px) 100vw, 300px\" \/><\/p>\n<p>Mardi 23 janvier 2024, notre section r\u00e9gionale s&rsquo;est d\u00e9plac\u00e9e \u00e0 la DRAAF HDF \u00e0 Amiens pour participer \u00e0 l&rsquo;action nationale contre le hold-up sur les fiches de service.<\/p>\n<p><img decoding=\"async\" class=\"alignnone size-medium wp-image-1851\" src=\"https:\/\/regions-snetap-fsu.fr\/idf\/wp-content\/uploads\/sites\/11\/2024\/01\/20240123_114128-1-300x225.jpg\" alt=\"\" width=\"300\" height=\"225\" srcset=\"https:\/\/regions-snetap-fsu.fr\/idf\/wp-content\/uploads\/sites\/11\/2024\/01\/20240123_114128-1-300x225.jpg 300w, https:\/\/regions-snetap-fsu.fr\/idf\/wp-content\/uploads\/sites\/11\/2024\/01\/20240123_114128-1-1024x768.jpg 1024w, https:\/\/regions-snetap-fsu.fr\/idf\/wp-content\/uploads\/sites\/11\/2024\/01\/20240123_114128-1-768x576.jpg 768w, https:\/\/regions-snetap-fsu.fr\/idf\/wp-content\/uploads\/sites\/11\/2024\/01\/20240123_114128-1-1536x1152.jpg 1536w, https:\/\/regions-snetap-fsu.fr\/idf\/wp-content\/uploads\/sites\/11\/2024\/01\/20240123_114128-1-2048x1536.jpg 2048w\" sizes=\"(max-width: 300px) 100vw, 300px\" \/><\/p>\n<p>Nous continuons \u00e0 protester contre cette volont\u00e9 du ministre de modifier \u00e0 la rentr\u00e9e de septembre prochain, la note de service sur les fiches de service qui va diviser le nombre de semaine par 36 et non plus par le nombre de semaines r\u00e9elles de cours (sans les stages \u00e9l\u00e8ves) en bac pro.<\/p>\n<p><img decoding=\"async\" class=\"alignnone wp-image-1852\" src=\"https:\/\/regions-snetap-fsu.fr\/idf\/wp-content\/uploads\/sites\/11\/2024\/01\/20240123_141327-225x300.jpg\" alt=\"\" width=\"163\" height=\"217\" srcset=\"https:\/\/regions-snetap-fsu.fr\/idf\/wp-content\/uploads\/sites\/11\/2024\/01\/20240123_141327-225x300.jpg 225w, https:\/\/regions-snetap-fsu.fr\/idf\/wp-content\/uploads\/sites\/11\/2024\/01\/20240123_141327-768x1024.jpg 768w, https:\/\/regions-snetap-fsu.fr\/idf\/wp-content\/uploads\/sites\/11\/2024\/01\/20240123_141327-1152x1536.jpg 1152w, https:\/\/regions-snetap-fsu.fr\/idf\/wp-content\/uploads\/sites\/11\/2024\/01\/20240123_141327-1536x2048.jpg 1536w, https:\/\/regions-snetap-fsu.fr\/idf\/wp-content\/uploads\/sites\/11\/2024\/01\/20240123_141327-scaled.jpg 1920w\" sizes=\"(max-width: 163px) 100vw, 163px\" \/><\/p>\n<p><a href=\"https:\/\/www.snetap-fsu.fr\/A-la-determination-des-enseignant-es-Marc-Fesneau-repond-par-le-mepris-et-les.html\" target=\"_blank\" rel=\"noopener\">Cette action \u00e9tait men\u00e9e simultan\u00e9ment dans 5 DRAAF<\/a> .<\/p>\n<p>&nbsp;<\/p>\n","protected":false},"excerpt":{"rendered":"<p>Mardi 23 janvier 2024, notre section r\u00e9gionale s&rsquo;est d\u00e9plac\u00e9e \u00e0 la DRAAF HDF \u00e0 Amiens pour participer \u00e0 l&rsquo;action nationale contre le hold-up sur les fiches de service. Nous continuons \u00e0 protester contre cette volont\u00e9 du ministre de modifier \u00e0 la rentr\u00e9e de septembre prochain, la note de service sur les fiches de service qui [&hellip;]<\/p>\n","protected":false},"author":104,"featured_media":1840,"comment_status":"closed","ping_status":"closed","sticky":false,"template":"","format":"standard","meta":{"ocean_post_layout":"","ocean_both_sidebars_style":"","ocean_both_sidebars_content_width":0,"ocean_both_sidebars_sidebars_width":0,"ocean_sidebar":"0","ocean_second_sidebar":"0","ocean_disable_margins":"enable","ocean_add_body_class":"","ocean_shortcode_before_top_bar":"","ocean_shortcode_after_top_bar":"","ocean_shortcode_before_header":"","ocean_shortcode_after_header":"","ocean_has_shortcode":"","ocean_shortcode_after_title":"","ocean_shortcode_before_footer_widgets":"","ocean_shortcode_after_footer_widgets":"","ocean_shortcode_before_footer_bottom":"","ocean_shortcode_after_footer_bottom":"","ocean_display_top_bar":"default","ocean_display_header":"default","ocean_header_style":"","ocean_center_header_left_menu":"0","ocean_custom_header_template":"0","ocean_custom_logo":0,"ocean_custom_retina_logo":0,"ocean_custom_logo_max_width":0,"ocean_custom_logo_tablet_max_width":0,"ocean_custom_logo_mobile_max_width":0,"ocean_custom_logo_max_height":0,"ocean_custom_logo_tablet_max_height":0,"ocean_custom_logo_mobile_max_height":0,"ocean_header_custom_menu":"0","ocean_menu_typo_font_family":"0","ocean_menu_typo_font_subset":"","ocean_menu_typo_font_size":0,"ocean_menu_typo_font_size_tablet":0,"ocean_menu_typo_font_size_mobile":0,"ocean_menu_typo_font_size_unit":"px","ocean_menu_typo_font_weight":"","ocean_menu_typo_font_weight_tablet":"","ocean_menu_typo_font_weight_mobile":"","ocean_menu_typo_transform":"","ocean_menu_typo_transform_tablet":"","ocean_menu_typo_transform_mobile":"","ocean_menu_typo_line_height":0,"ocean_menu_typo_line_height_tablet":0,"ocean_menu_typo_line_height_mobile":0,"ocean_menu_typo_line_height_unit":"","ocean_menu_typo_spacing":0,"ocean_menu_typo_spacing_tablet":0,"ocean_menu_typo_spacing_mobile":0,"ocean_menu_typo_spacing_unit":"","ocean_menu_link_color":"","ocean_menu_link_color_hover":"","ocean_menu_link_color_active":"","ocean_menu_link_background":"","ocean_menu_link_hover_background":"","ocean_menu_link_active_background":"","ocean_menu_social_links_bg":"","ocean_menu_social_hover_links_bg":"","ocean_menu_social_links_color":"","ocean_menu_social_hover_links_color":"","ocean_disable_title":"default","ocean_disable_heading":"default","ocean_post_title":"","ocean_post_subheading":"","ocean_post_title_style":"","ocean_post_title_background_color":"","ocean_post_title_background":0,"ocean_post_title_bg_image_position":"","ocean_post_title_bg_image_attachment":"","ocean_post_title_bg_image_repeat":"","ocean_post_title_bg_image_size":"","ocean_post_title_height":0,"ocean_post_title_bg_overlay":0.5,"ocean_post_title_bg_overlay_color":"","ocean_disable_breadcrumbs":"default","ocean_breadcrumbs_color":"","ocean_breadcrumbs_separator_color":"","ocean_breadcrumbs_links_color":"","ocean_breadcrumbs_links_hover_color":"","ocean_display_footer_widgets":"default","ocean_display_footer_bottom":"default","ocean_custom_footer_template":"0","ocean_post_oembed":"","ocean_post_self_hosted_media":"","ocean_post_video_embed":"","ocean_link_format":"","ocean_link_format_target":"self","ocean_quote_format":"","ocean_quote_format_link":"post","ocean_gallery_link_images":"on","ocean_gallery_id":[],"footnotes":""},"categories":[13],"tags":[],"post_folder":[],"class_list":["post-1837","post","type-post","status-publish","format-standard","has-post-thumbnail","hentry","category-manifestation","entry","has-media"],"yoast_head":"<!-- This site is optimized with the Yoast SEO plugin v27.4 - https:\/\/yoast.com\/product\/yoast-seo-wordpress\/ -->\n<title>Fiche de service : Les Francilien.nes du SNETAP \u00e0 Amiens ! - \u00ceLE-DE-FRANCE<\/title>\n<meta name=\"robots\" content=\"index, follow, max-snippet:-1, max-image-preview:large, max-video-preview:-1\" \/>\n<link rel=\"canonical\" href=\"https:\/\/regions-snetap-fsu.fr\/idf\/2024\/01\/24\/fiche-de-service-les-francilien-nes-du-snetap-a-amiens\/\" \/>\n<meta property=\"og:locale\" content=\"fr_FR\" \/>\n<meta property=\"og:type\" content=\"article\" \/>\n<meta property=\"og:title\" content=\"Fiche de service : Les Francilien.nes du SNETAP \u00e0 Amiens ! - \u00ceLE-DE-FRANCE\" \/>\n<meta property=\"og:description\" content=\"Mardi 23 janvier 2024, notre section r\u00e9gionale s&rsquo;est d\u00e9plac\u00e9e \u00e0 la DRAAF HDF \u00e0 Amiens pour participer \u00e0 l&rsquo;action nationale contre le hold-up sur les fiches de service. Nous continuons \u00e0 protester contre cette volont\u00e9 du ministre de modifier \u00e0 la rentr\u00e9e de septembre prochain, la note de service sur les fiches de service qui [&hellip;]\" \/>\n<meta property=\"og:url\" content=\"https:\/\/regions-snetap-fsu.fr\/idf\/2024\/01\/24\/fiche-de-service-les-francilien-nes-du-snetap-a-amiens\/\" \/>\n<meta property=\"og:site_name\" content=\"\u00ceLE-DE-FRANCE\" \/>\n<meta property=\"article:published_time\" content=\"2024-01-23T23:38:44+00:00\" \/>\n<meta property=\"article:modified_time\" content=\"2024-02-04T20:24:51+00:00\" \/>\n<meta property=\"og:image\" content=\"https:\/\/regions-snetap-fsu.fr\/idf\/wp-content\/uploads\/sites\/11\/2024\/01\/IMG20240123111928-1-scaled.jpg\" \/>\n\t<meta property=\"og:image:width\" content=\"2560\" \/>\n\t<meta property=\"og:image:height\" content=\"1920\" \/>\n\t<meta property=\"og:image:type\" content=\"image\/jpeg\" \/>\n<meta name=\"author\" content=\"tdossantos\" \/>\n<meta name=\"twitter:card\" content=\"summary_large_image\" \/>\n<meta name=\"twitter:label1\" content=\"\u00c9crit par\" \/>\n\t<meta name=\"twitter:data1\" content=\"tdossantos\" \/>\n<script type=\"application\/ld+json\" class=\"yoast-schema-graph\">{\"@context\":\"https:\\\/\\\/schema.org\",\"@graph\":[{\"@type\":\"Article\",\"@id\":\"https:\\\/\\\/regions-snetap-fsu.fr\\\/idf\\\/2024\\\/01\\\/24\\\/fiche-de-service-les-francilien-nes-du-snetap-a-amiens\\\/#article\",\"isPartOf\":{\"@id\":\"https:\\\/\\\/regions-snetap-fsu.fr\\\/idf\\\/2024\\\/01\\\/24\\\/fiche-de-service-les-francilien-nes-du-snetap-a-amiens\\\/\"},\"author\":{\"name\":\"tdossantos\",\"@id\":\"https:\\\/\\\/regions-snetap-fsu.fr\\\/idf\\\/#\\\/schema\\\/person\\\/1e2d8120205f21ade6260cd06759ef62\"},\"headline\":\"Fiche de service : Les Francilien.nes du SNETAP \u00e0 Amiens !\",\"datePublished\":\"2024-01-23T23:38:44+00:00\",\"dateModified\":\"2024-02-04T20:24:51+00:00\",\"mainEntityOfPage\":{\"@id\":\"https:\\\/\\\/regions-snetap-fsu.fr\\\/idf\\\/2024\\\/01\\\/24\\\/fiche-de-service-les-francilien-nes-du-snetap-a-amiens\\\/\"},\"wordCount\":100,\"image\":{\"@id\":\"https:\\\/\\\/regions-snetap-fsu.fr\\\/idf\\\/2024\\\/01\\\/24\\\/fiche-de-service-les-francilien-nes-du-snetap-a-amiens\\\/#primaryimage\"},\"thumbnailUrl\":\"https:\\\/\\\/regions-snetap-fsu.fr\\\/idf\\\/wp-content\\\/uploads\\\/sites\\\/11\\\/2024\\\/01\\\/IMG20240123111928-1-scaled.jpg\",\"articleSection\":[\"Manifestation\"],\"inLanguage\":\"fr-FR\"},{\"@type\":\"WebPage\",\"@id\":\"https:\\\/\\\/regions-snetap-fsu.fr\\\/idf\\\/2024\\\/01\\\/24\\\/fiche-de-service-les-francilien-nes-du-snetap-a-amiens\\\/\",\"url\":\"https:\\\/\\\/regions-snetap-fsu.fr\\\/idf\\\/2024\\\/01\\\/24\\\/fiche-de-service-les-francilien-nes-du-snetap-a-amiens\\\/\",\"name\":\"Fiche de service : Les Francilien.nes du SNETAP \u00e0 Amiens ! - \u00ceLE-DE-FRANCE\",\"isPartOf\":{\"@id\":\"https:\\\/\\\/regions-snetap-fsu.fr\\\/idf\\\/#website\"},\"primaryImageOfPage\":{\"@id\":\"https:\\\/\\\/regions-snetap-fsu.fr\\\/idf\\\/2024\\\/01\\\/24\\\/fiche-de-service-les-francilien-nes-du-snetap-a-amiens\\\/#primaryimage\"},\"image\":{\"@id\":\"https:\\\/\\\/regions-snetap-fsu.fr\\\/idf\\\/2024\\\/01\\\/24\\\/fiche-de-service-les-francilien-nes-du-snetap-a-amiens\\\/#primaryimage\"},\"thumbnailUrl\":\"https:\\\/\\\/regions-snetap-fsu.fr\\\/idf\\\/wp-content\\\/uploads\\\/sites\\\/11\\\/2024\\\/01\\\/IMG20240123111928-1-scaled.jpg\",\"datePublished\":\"2024-01-23T23:38:44+00:00\",\"dateModified\":\"2024-02-04T20:24:51+00:00\",\"author\":{\"@id\":\"https:\\\/\\\/regions-snetap-fsu.fr\\\/idf\\\/#\\\/schema\\\/person\\\/1e2d8120205f21ade6260cd06759ef62\"},\"breadcrumb\":{\"@id\":\"https:\\\/\\\/regions-snetap-fsu.fr\\\/idf\\\/2024\\\/01\\\/24\\\/fiche-de-service-les-francilien-nes-du-snetap-a-amiens\\\/#breadcrumb\"},\"inLanguage\":\"fr-FR\",\"potentialAction\":[{\"@type\":\"ReadAction\",\"target\":[\"https:\\\/\\\/regions-snetap-fsu.fr\\\/idf\\\/2024\\\/01\\\/24\\\/fiche-de-service-les-francilien-nes-du-snetap-a-amiens\\\/\"]}]},{\"@type\":\"ImageObject\",\"inLanguage\":\"fr-FR\",\"@id\":\"https:\\\/\\\/regions-snetap-fsu.fr\\\/idf\\\/2024\\\/01\\\/24\\\/fiche-de-service-les-francilien-nes-du-snetap-a-amiens\\\/#primaryimage\",\"url\":\"https:\\\/\\\/regions-snetap-fsu.fr\\\/idf\\\/wp-content\\\/uploads\\\/sites\\\/11\\\/2024\\\/01\\\/IMG20240123111928-1-scaled.jpg\",\"contentUrl\":\"https:\\\/\\\/regions-snetap-fsu.fr\\\/idf\\\/wp-content\\\/uploads\\\/sites\\\/11\\\/2024\\\/01\\\/IMG20240123111928-1-scaled.jpg\",\"width\":2560,\"height\":1920},{\"@type\":\"BreadcrumbList\",\"@id\":\"https:\\\/\\\/regions-snetap-fsu.fr\\\/idf\\\/2024\\\/01\\\/24\\\/fiche-de-service-les-francilien-nes-du-snetap-a-amiens\\\/#breadcrumb\",\"itemListElement\":[{\"@type\":\"ListItem\",\"position\":1,\"name\":\"Accueil\",\"item\":\"https:\\\/\\\/regions-snetap-fsu.fr\\\/idf\\\/\"},{\"@type\":\"ListItem\",\"position\":2,\"name\":\"Fiche de service : Les Francilien.nes du SNETAP \u00e0 Amiens !\"}]},{\"@type\":\"WebSite\",\"@id\":\"https:\\\/\\\/regions-snetap-fsu.fr\\\/idf\\\/#website\",\"url\":\"https:\\\/\\\/regions-snetap-fsu.fr\\\/idf\\\/\",\"name\":\"\u00ceLE-DE-FRANCE\",\"description\":\"Le blog de la Section R\u00e9gionale\",\"potentialAction\":[{\"@type\":\"SearchAction\",\"target\":{\"@type\":\"EntryPoint\",\"urlTemplate\":\"https:\\\/\\\/regions-snetap-fsu.fr\\\/idf\\\/?s={search_term_string}\"},\"query-input\":{\"@type\":\"PropertyValueSpecification\",\"valueRequired\":true,\"valueName\":\"search_term_string\"}}],\"inLanguage\":\"fr-FR\"},{\"@type\":\"Person\",\"@id\":\"https:\\\/\\\/regions-snetap-fsu.fr\\\/idf\\\/#\\\/schema\\\/person\\\/1e2d8120205f21ade6260cd06759ef62\",\"name\":\"tdossantos\",\"image\":{\"@type\":\"ImageObject\",\"inLanguage\":\"fr-FR\",\"@id\":\"https:\\\/\\\/secure.gravatar.com\\\/avatar\\\/eb323d66303d5d3db90b97b88724753e51811779db988d61b5311e81a13ec30d?s=96&d=mm&r=g\",\"url\":\"https:\\\/\\\/secure.gravatar.com\\\/avatar\\\/eb323d66303d5d3db90b97b88724753e51811779db988d61b5311e81a13ec30d?s=96&d=mm&r=g\",\"contentUrl\":\"https:\\\/\\\/secure.gravatar.com\\\/avatar\\\/eb323d66303d5d3db90b97b88724753e51811779db988d61b5311e81a13ec30d?s=96&d=mm&r=g\",\"caption\":\"tdossantos\"},\"url\":\"https:\\\/\\\/regions-snetap-fsu.fr\\\/idf\\\/author\\\/tdossantos\\\/\"}]}<\/script>\n<!-- \/ Yoast SEO plugin. -->","yoast_head_json":{"title":"Fiche de service : Les Francilien.nes du SNETAP \u00e0 Amiens ! - \u00ceLE-DE-FRANCE","robots":{"index":"index","follow":"follow","max-snippet":"max-snippet:-1","max-image-preview":"max-image-preview:large","max-video-preview":"max-video-preview:-1"},"canonical":"https:\/\/regions-snetap-fsu.fr\/idf\/2024\/01\/24\/fiche-de-service-les-francilien-nes-du-snetap-a-amiens\/","og_locale":"fr_FR","og_type":"article","og_title":"Fiche de service : Les Francilien.nes du SNETAP \u00e0 Amiens ! - \u00ceLE-DE-FRANCE","og_description":"Mardi 23 janvier 2024, notre section r\u00e9gionale s&rsquo;est d\u00e9plac\u00e9e \u00e0 la DRAAF HDF \u00e0 Amiens pour participer \u00e0 l&rsquo;action nationale contre le hold-up sur les fiches de service. Nous continuons \u00e0 protester contre cette volont\u00e9 du ministre de modifier \u00e0 la rentr\u00e9e de septembre prochain, la note de service sur les fiches de service qui [&hellip;]","og_url":"https:\/\/regions-snetap-fsu.fr\/idf\/2024\/01\/24\/fiche-de-service-les-francilien-nes-du-snetap-a-amiens\/","og_site_name":"\u00ceLE-DE-FRANCE","article_published_time":"2024-01-23T23:38:44+00:00","article_modified_time":"2024-02-04T20:24:51+00:00","og_image":[{"width":2560,"height":1920,"url":"https:\/\/regions-snetap-fsu.fr\/idf\/wp-content\/uploads\/sites\/11\/2024\/01\/IMG20240123111928-1-scaled.jpg","type":"image\/jpeg"}],"author":"tdossantos","twitter_card":"summary_large_image","twitter_misc":{"\u00c9crit par":"tdossantos"},"schema":{"@context":"https:\/\/schema.org","@graph":[{"@type":"Article","@id":"https:\/\/regions-snetap-fsu.fr\/idf\/2024\/01\/24\/fiche-de-service-les-francilien-nes-du-snetap-a-amiens\/#article","isPartOf":{"@id":"https:\/\/regions-snetap-fsu.fr\/idf\/2024\/01\/24\/fiche-de-service-les-francilien-nes-du-snetap-a-amiens\/"},"author":{"name":"tdossantos","@id":"https:\/\/regions-snetap-fsu.fr\/idf\/#\/schema\/person\/1e2d8120205f21ade6260cd06759ef62"},"headline":"Fiche de service : Les Francilien.nes du SNETAP \u00e0 Amiens !","datePublished":"2024-01-23T23:38:44+00:00","dateModified":"2024-02-04T20:24:51+00:00","mainEntityOfPage":{"@id":"https:\/\/regions-snetap-fsu.fr\/idf\/2024\/01\/24\/fiche-de-service-les-francilien-nes-du-snetap-a-amiens\/"},"wordCount":100,"image":{"@id":"https:\/\/regions-snetap-fsu.fr\/idf\/2024\/01\/24\/fiche-de-service-les-francilien-nes-du-snetap-a-amiens\/#primaryimage"},"thumbnailUrl":"https:\/\/regions-snetap-fsu.fr\/idf\/wp-content\/uploads\/sites\/11\/2024\/01\/IMG20240123111928-1-scaled.jpg","articleSection":["Manifestation"],"inLanguage":"fr-FR"},{"@type":"WebPage","@id":"https:\/\/regions-snetap-fsu.fr\/idf\/2024\/01\/24\/fiche-de-service-les-francilien-nes-du-snetap-a-amiens\/","url":"https:\/\/regions-snetap-fsu.fr\/idf\/2024\/01\/24\/fiche-de-service-les-francilien-nes-du-snetap-a-amiens\/","name":"Fiche de service : Les Francilien.nes du SNETAP \u00e0 Amiens ! - \u00ceLE-DE-FRANCE","isPartOf":{"@id":"https:\/\/regions-snetap-fsu.fr\/idf\/#website"},"primaryImageOfPage":{"@id":"https:\/\/regions-snetap-fsu.fr\/idf\/2024\/01\/24\/fiche-de-service-les-francilien-nes-du-snetap-a-amiens\/#primaryimage"},"image":{"@id":"https:\/\/regions-snetap-fsu.fr\/idf\/2024\/01\/24\/fiche-de-service-les-francilien-nes-du-snetap-a-amiens\/#primaryimage"},"thumbnailUrl":"https:\/\/regions-snetap-fsu.fr\/idf\/wp-content\/uploads\/sites\/11\/2024\/01\/IMG20240123111928-1-scaled.jpg","datePublished":"2024-01-23T23:38:44+00:00","dateModified":"2024-02-04T20:24:51+00:00","author":{"@id":"https:\/\/regions-snetap-fsu.fr\/idf\/#\/schema\/person\/1e2d8120205f21ade6260cd06759ef62"},"breadcrumb":{"@id":"https:\/\/regions-snetap-fsu.fr\/idf\/2024\/01\/24\/fiche-de-service-les-francilien-nes-du-snetap-a-amiens\/#breadcrumb"},"inLanguage":"fr-FR","potentialAction":[{"@type":"ReadAction","target":["https:\/\/regions-snetap-fsu.fr\/idf\/2024\/01\/24\/fiche-de-service-les-francilien-nes-du-snetap-a-amiens\/"]}]},{"@type":"ImageObject","inLanguage":"fr-FR","@id":"https:\/\/regions-snetap-fsu.fr\/idf\/2024\/01\/24\/fiche-de-service-les-francilien-nes-du-snetap-a-amiens\/#primaryimage","url":"https:\/\/regions-snetap-fsu.fr\/idf\/wp-content\/uploads\/sites\/11\/2024\/01\/IMG20240123111928-1-scaled.jpg","contentUrl":"https:\/\/regions-snetap-fsu.fr\/idf\/wp-content\/uploads\/sites\/11\/2024\/01\/IMG20240123111928-1-scaled.jpg","width":2560,"height":1920},{"@type":"BreadcrumbList","@id":"https:\/\/regions-snetap-fsu.fr\/idf\/2024\/01\/24\/fiche-de-service-les-francilien-nes-du-snetap-a-amiens\/#breadcrumb","itemListElement":[{"@type":"ListItem","position":1,"name":"Accueil","item":"https:\/\/regions-snetap-fsu.fr\/idf\/"},{"@type":"ListItem","position":2,"name":"Fiche de service : Les Francilien.nes du SNETAP \u00e0 Amiens !"}]},{"@type":"WebSite","@id":"https:\/\/regions-snetap-fsu.fr\/idf\/#website","url":"https:\/\/regions-snetap-fsu.fr\/idf\/","name":"\u00ceLE-DE-FRANCE","description":"Le blog de la Section R\u00e9gionale","potentialAction":[{"@type":"SearchAction","target":{"@type":"EntryPoint","urlTemplate":"https:\/\/regions-snetap-fsu.fr\/idf\/?s={search_term_string}"},"query-input":{"@type":"PropertyValueSpecification","valueRequired":true,"valueName":"search_term_string"}}],"inLanguage":"fr-FR"},{"@type":"Person","@id":"https:\/\/regions-snetap-fsu.fr\/idf\/#\/schema\/person\/1e2d8120205f21ade6260cd06759ef62","name":"tdossantos","image":{"@type":"ImageObject","inLanguage":"fr-FR","@id":"https:\/\/secure.gravatar.com\/avatar\/eb323d66303d5d3db90b97b88724753e51811779db988d61b5311e81a13ec30d?s=96&d=mm&r=g","url":"https:\/\/secure.gravatar.com\/avatar\/eb323d66303d5d3db90b97b88724753e51811779db988d61b5311e81a13ec30d?s=96&d=mm&r=g","contentUrl":"https:\/\/secure.gravatar.com\/avatar\/eb323d66303d5d3db90b97b88724753e51811779db988d61b5311e81a13ec30d?s=96&d=mm&r=g","caption":"tdossantos"},"url":"https:\/\/regions-snetap-fsu.fr\/idf\/author\/tdossantos\/"}]}},"_links":{"self":[{"href":"https:\/\/regions-snetap-fsu.fr\/idf\/wp-json\/wp\/v2\/posts\/1837","targetHints":{"allow":["GET"]}}],"collection":[{"href":"https:\/\/regions-snetap-fsu.fr\/idf\/wp-json\/wp\/v2\/posts"}],"about":[{"href":"https:\/\/regions-snetap-fsu.fr\/idf\/wp-json\/wp\/v2\/types\/post"}],"author":[{"embeddable":true,"href":"https:\/\/regions-snetap-fsu.fr\/idf\/wp-json\/wp\/v2\/users\/104"}],"replies":[{"embeddable":true,"href":"https:\/\/regions-snetap-fsu.fr\/idf\/wp-json\/wp\/v2\/comments?post=1837"}],"version-history":[{"count":6,"href":"https:\/\/regions-snetap-fsu.fr\/idf\/wp-json\/wp\/v2\/posts\/1837\/revisions"}],"predecessor-version":[{"id":1870,"href":"https:\/\/regions-snetap-fsu.fr\/idf\/wp-json\/wp\/v2\/posts\/1837\/revisions\/1870"}],"wp:featuredmedia":[{"embeddable":true,"href":"https:\/\/regions-snetap-fsu.fr\/idf\/wp-json\/wp\/v2\/media\/1840"}],"wp:attachment":[{"href":"https:\/\/regions-snetap-fsu.fr\/idf\/wp-json\/wp\/v2\/media?parent=1837"}],"wp:term":[{"taxonomy":"category","embeddable":true,"href":"https:\/\/regions-snetap-fsu.fr\/idf\/wp-json\/wp\/v2\/categories?post=1837"},{"taxonomy":"post_tag","embeddable":true,"href":"https:\/\/regions-snetap-fsu.fr\/idf\/wp-json\/wp\/v2\/tags?post=1837"},{"taxonomy":"post_folder","embeddable":true,"href":"https:\/\/regions-snetap-fsu.fr\/idf\/wp-json\/wp\/v2\/post_folder?post=1837"}],"curies":[{"name":"wp","href":"https:\/\/api.w.org\/{rel}","templated":true}]}}