{"id":1578,"date":"2023-03-05T21:27:20","date_gmt":"2023-03-05T20:27:20","guid":{"rendered":"https:\/\/regions-snetap-fsu.fr\/idf\/?p=1578"},"modified":"2023-03-10T21:37:39","modified_gmt":"2023-03-10T20:37:39","slug":"le-snetap-a-la-marche-blanche-stop-a-la-mort-au-travail","status":"publish","type":"post","link":"https:\/\/regions-snetap-fsu.fr\/idf\/2023\/03\/05\/le-snetap-a-la-marche-blanche-stop-a-la-mort-au-travail\/","title":{"rendered":"Le SNETAP \u00e0 la marche Blanche \u00ab\u00a0stop \u00e0 la mort au travail !\u00a0\u00bb"},"content":{"rendered":"<p>la section r\u00e9gionale et le secteur <em>Sant\u00e9 et S\u00e9curit\u00e9 au Travail<\/em> du SNETAP-FSU s&rsquo;est rendu &#8211; en soutien -, \u00e0 la marche blanche organis\u00e9e par le collectif \u00ab\u00a0STOP \u00e0 la mort au travail\u00a0\u00bb, ce samedi 4 mars, pr\u00e8s du minist\u00e8re du travail.<\/p>\n<p>Alors que le gouvernement met tout en \u0153uvre pour allonger la dur\u00e9e du travail, il r\u00e9duit les moyens pour pr\u00e9venir les risques et am\u00e9liorer les conditions de travail. La fin des CHSCT en est une triste illustration. Or, les cons\u00e9quences peuvent \u00eatre fatales. C&rsquo;est ce qu&rsquo;a rappel\u00e9 le collectif cet apr\u00e8s-midi, en \u00e9num\u00e9rant douloureusement les noms de victimes, ces derni\u00e8res ann\u00e9es, d&rsquo;accidents du travail.<\/p>\n<p>L&rsquo;enseignement agricole n&rsquo;est pas \u00e9pargn\u00e9. Nous le savons gr\u00e2ce \u00e0 notre propre recensement sur le terrain, car le minist\u00e8re est incapable de nous pr\u00e9senter des donn\u00e9es compl\u00e8tes \u00e0 ce sujet. Lors de la derni\u00e8re mandature, les membres du CHSCT-M ont interpell\u00e9 l&rsquo;administration,<a href=\"https:\/\/www.snetap-fsu.fr\/CHSCT-des-14-15-octobre-2021-le-compte-rendu-de-la-FSU.html\" target=\"_blank\" rel=\"noopener noreferrer\"> notamment sur les risques li\u00e9s aux chantiers p\u00e9dagogiques &#8211; principalement forestiers &#8211; ou encore le risque <em>prions<\/em> dans les \u00e9coles v\u00e9t\u00e9rinaires<\/a>. Des avis ont \u00e9t\u00e9 vot\u00e9s, <a href=\"https:\/\/www.snetap-fsu.fr\/IMG\/pdf\/20230301_note_elan_commun_12_propositions_concre_tes_pour_la_se_curite_des_formation_4_pages.pdf\" target=\"_blank\" rel=\"noopener noreferrer\">dont 12 propositions concr\u00e8tes en ce qui concerne les chantiers p\u00e9dagogiques<\/a>, et <a href=\"https:\/\/www.snetap-fsu.fr\/IMG\/article_PDF\/ENVT-Toulouse-INRAE-Toulouse-un-cas-de-Maladie-de_a7405.pdf\" target=\"_blank\" rel=\"noopener noreferrer\">10 mesures fortes pour faire face au danger des prions<\/a>. Mais depuis, notre minist\u00e8re s&rsquo;est d\u00e9clar\u00e9 <em>focalis\u00e9<\/em> par la gestion du <em>Covid<\/em>\u00a0 &#8211; ou encore l&rsquo;organisation des \u00e9lections professionnelles -, pour ne pas avancer sur la pr\u00e9vention des accidents graves et mortels dans l\u2019enseignement agricole.<\/p>\n<p>Alors, continuons \u00e0 ne pas nous lasser d&rsquo;interpeller l\u2019administration \u00e0 ce sujet.<\/p>\n<p>Travailler <em>mieux<\/em> et non pas <em>davantage <\/em>!<\/p>\n<div>\n<div class=\"pre\"><img fetchpriority=\"high\" decoding=\"async\" class=\"alignnone size-medium wp-image-1579\" src=\"https:\/\/regions-snetap-fsu.fr\/idf\/wp-content\/uploads\/sites\/11\/2023\/03\/Marche-Blanche-Mort-au-W-2-300x190.jpg\" alt=\"\" width=\"300\" height=\"190\" srcset=\"https:\/\/regions-snetap-fsu.fr\/idf\/wp-content\/uploads\/sites\/11\/2023\/03\/Marche-Blanche-Mort-au-W-2-300x190.jpg 300w, https:\/\/regions-snetap-fsu.fr\/idf\/wp-content\/uploads\/sites\/11\/2023\/03\/Marche-Blanche-Mort-au-W-2-768x486.jpg 768w, https:\/\/regions-snetap-fsu.fr\/idf\/wp-content\/uploads\/sites\/11\/2023\/03\/Marche-Blanche-Mort-au-W-2.jpg 1024w\" sizes=\"(max-width: 300px) 100vw, 300px\" \/><\/div>\n<\/div>\n","protected":false},"excerpt":{"rendered":"<p>la section r\u00e9gionale et le secteur Sant\u00e9 et S\u00e9curit\u00e9 au Travail du SNETAP-FSU s&rsquo;est rendu &#8211; en soutien -, \u00e0 la marche blanche organis\u00e9e par le collectif \u00ab\u00a0STOP \u00e0 la mort au travail\u00a0\u00bb, ce samedi 4 mars, pr\u00e8s du minist\u00e8re du travail. Alors que le gouvernement met tout en \u0153uvre pour allonger la dur\u00e9e du [&hellip;]<\/p>\n","protected":false},"author":104,"featured_media":1580,"comment_status":"closed","ping_status":"closed","sticky":false,"template":"","format":"standard","meta":{"ocean_post_layout":"","ocean_both_sidebars_style":"","ocean_both_sidebars_content_width":0,"ocean_both_sidebars_sidebars_width":0,"ocean_sidebar":"0","ocean_second_sidebar":"0","ocean_disable_margins":"enable","ocean_add_body_class":"","ocean_shortcode_before_top_bar":"","ocean_shortcode_after_top_bar":"","ocean_shortcode_before_header":"","ocean_shortcode_after_header":"","ocean_has_shortcode":"","ocean_shortcode_after_title":"","ocean_shortcode_before_footer_widgets":"","ocean_shortcode_after_footer_widgets":"","ocean_shortcode_before_footer_bottom":"","ocean_shortcode_after_footer_bottom":"","ocean_display_top_bar":"default","ocean_display_header":"default","ocean_header_style":"","ocean_center_header_left_menu":"0","ocean_custom_header_template":"0","ocean_custom_logo":0,"ocean_custom_retina_logo":0,"ocean_custom_logo_max_width":0,"ocean_custom_logo_tablet_max_width":0,"ocean_custom_logo_mobile_max_width":0,"ocean_custom_logo_max_height":0,"ocean_custom_logo_tablet_max_height":0,"ocean_custom_logo_mobile_max_height":0,"ocean_header_custom_menu":"0","ocean_menu_typo_font_family":"0","ocean_menu_typo_font_subset":"","ocean_menu_typo_font_size":0,"ocean_menu_typo_font_size_tablet":0,"ocean_menu_typo_font_size_mobile":0,"ocean_menu_typo_font_size_unit":"px","ocean_menu_typo_font_weight":"","ocean_menu_typo_font_weight_tablet":"","ocean_menu_typo_font_weight_mobile":"","ocean_menu_typo_transform":"","ocean_menu_typo_transform_tablet":"","ocean_menu_typo_transform_mobile":"","ocean_menu_typo_line_height":0,"ocean_menu_typo_line_height_tablet":0,"ocean_menu_typo_line_height_mobile":0,"ocean_menu_typo_line_height_unit":"","ocean_menu_typo_spacing":0,"ocean_menu_typo_spacing_tablet":0,"ocean_menu_typo_spacing_mobile":0,"ocean_menu_typo_spacing_unit":"","ocean_menu_link_color":"","ocean_menu_link_color_hover":"","ocean_menu_link_color_active":"","ocean_menu_link_background":"","ocean_menu_link_hover_background":"","ocean_menu_link_active_background":"","ocean_menu_social_links_bg":"","ocean_menu_social_hover_links_bg":"","ocean_menu_social_links_color":"","ocean_menu_social_hover_links_color":"","ocean_disable_title":"default","ocean_disable_heading":"default","ocean_post_title":"","ocean_post_subheading":"","ocean_post_title_style":"","ocean_post_title_background_color":"","ocean_post_title_background":0,"ocean_post_title_bg_image_position":"","ocean_post_title_bg_image_attachment":"","ocean_post_title_bg_image_repeat":"","ocean_post_title_bg_image_size":"","ocean_post_title_height":0,"ocean_post_title_bg_overlay":0.5,"ocean_post_title_bg_overlay_color":"","ocean_disable_breadcrumbs":"default","ocean_breadcrumbs_color":"","ocean_breadcrumbs_separator_color":"","ocean_breadcrumbs_links_color":"","ocean_breadcrumbs_links_hover_color":"","ocean_display_footer_widgets":"default","ocean_display_footer_bottom":"default","ocean_custom_footer_template":"0","ocean_post_oembed":"","ocean_post_self_hosted_media":"","ocean_post_video_embed":"","ocean_link_format":"","ocean_link_format_target":"self","ocean_quote_format":"","ocean_quote_format_link":"post","ocean_gallery_link_images":"off","ocean_gallery_id":[],"footnotes":""},"categories":[13],"tags":[],"post_folder":[],"class_list":["post-1578","post","type-post","status-publish","format-standard","has-post-thumbnail","hentry","category-manifestation","entry","has-media"],"yoast_head":"<!-- This site is optimized with the Yoast SEO plugin v27.4 - https:\/\/yoast.com\/product\/yoast-seo-wordpress\/ -->\n<title>Le SNETAP \u00e0 la marche Blanche &quot;stop \u00e0 la mort au travail !&quot; - \u00ceLE-DE-FRANCE<\/title>\n<meta name=\"robots\" content=\"index, follow, max-snippet:-1, max-image-preview:large, max-video-preview:-1\" \/>\n<link rel=\"canonical\" href=\"https:\/\/regions-snetap-fsu.fr\/idf\/2023\/03\/05\/le-snetap-a-la-marche-blanche-stop-a-la-mort-au-travail\/\" \/>\n<meta property=\"og:locale\" content=\"fr_FR\" \/>\n<meta property=\"og:type\" content=\"article\" \/>\n<meta property=\"og:title\" content=\"Le SNETAP \u00e0 la marche Blanche &quot;stop \u00e0 la mort au travail !&quot; - \u00ceLE-DE-FRANCE\" \/>\n<meta property=\"og:description\" content=\"la section r\u00e9gionale et le secteur Sant\u00e9 et S\u00e9curit\u00e9 au Travail du SNETAP-FSU s&rsquo;est rendu &#8211; en soutien -, \u00e0 la marche blanche organis\u00e9e par le collectif \u00ab\u00a0STOP \u00e0 la mort au travail\u00a0\u00bb, ce samedi 4 mars, pr\u00e8s du minist\u00e8re du travail. Alors que le gouvernement met tout en \u0153uvre pour allonger la dur\u00e9e du [&hellip;]\" \/>\n<meta property=\"og:url\" content=\"https:\/\/regions-snetap-fsu.fr\/idf\/2023\/03\/05\/le-snetap-a-la-marche-blanche-stop-a-la-mort-au-travail\/\" \/>\n<meta property=\"og:site_name\" content=\"\u00ceLE-DE-FRANCE\" \/>\n<meta property=\"article:published_time\" content=\"2023-03-05T20:27:20+00:00\" \/>\n<meta property=\"article:modified_time\" content=\"2023-03-10T20:37:39+00:00\" \/>\n<meta property=\"og:image\" content=\"https:\/\/regions-snetap-fsu.fr\/idf\/wp-content\/uploads\/sites\/11\/2023\/03\/Marche-Blanche-Mort-au-W-1.jpg\" \/>\n\t<meta property=\"og:image:width\" content=\"1024\" \/>\n\t<meta property=\"og:image:height\" content=\"768\" \/>\n\t<meta property=\"og:image:type\" content=\"image\/jpeg\" \/>\n<meta name=\"author\" content=\"tdossantos\" \/>\n<meta name=\"twitter:card\" content=\"summary_large_image\" \/>\n<meta name=\"twitter:label1\" content=\"\u00c9crit par\" \/>\n\t<meta name=\"twitter:data1\" content=\"tdossantos\" \/>\n\t<meta name=\"twitter:label2\" content=\"Dur\u00e9e de lecture estim\u00e9e\" \/>\n\t<meta name=\"twitter:data2\" content=\"1 minute\" \/>\n<script type=\"application\/ld+json\" class=\"yoast-schema-graph\">{\"@context\":\"https:\\\/\\\/schema.org\",\"@graph\":[{\"@type\":\"Article\",\"@id\":\"https:\\\/\\\/regions-snetap-fsu.fr\\\/idf\\\/2023\\\/03\\\/05\\\/le-snetap-a-la-marche-blanche-stop-a-la-mort-au-travail\\\/#article\",\"isPartOf\":{\"@id\":\"https:\\\/\\\/regions-snetap-fsu.fr\\\/idf\\\/2023\\\/03\\\/05\\\/le-snetap-a-la-marche-blanche-stop-a-la-mort-au-travail\\\/\"},\"author\":{\"name\":\"tdossantos\",\"@id\":\"https:\\\/\\\/regions-snetap-fsu.fr\\\/idf\\\/#\\\/schema\\\/person\\\/1e2d8120205f21ade6260cd06759ef62\"},\"headline\":\"Le SNETAP \u00e0 la marche Blanche \u00ab\u00a0stop \u00e0 la mort au travail !\u00a0\u00bb\",\"datePublished\":\"2023-03-05T20:27:20+00:00\",\"dateModified\":\"2023-03-10T20:37:39+00:00\",\"mainEntityOfPage\":{\"@id\":\"https:\\\/\\\/regions-snetap-fsu.fr\\\/idf\\\/2023\\\/03\\\/05\\\/le-snetap-a-la-marche-blanche-stop-a-la-mort-au-travail\\\/\"},\"wordCount\":292,\"image\":{\"@id\":\"https:\\\/\\\/regions-snetap-fsu.fr\\\/idf\\\/2023\\\/03\\\/05\\\/le-snetap-a-la-marche-blanche-stop-a-la-mort-au-travail\\\/#primaryimage\"},\"thumbnailUrl\":\"https:\\\/\\\/regions-snetap-fsu.fr\\\/idf\\\/wp-content\\\/uploads\\\/sites\\\/11\\\/2023\\\/03\\\/Marche-Blanche-Mort-au-W-1.jpg\",\"articleSection\":[\"Manifestation\"],\"inLanguage\":\"fr-FR\"},{\"@type\":\"WebPage\",\"@id\":\"https:\\\/\\\/regions-snetap-fsu.fr\\\/idf\\\/2023\\\/03\\\/05\\\/le-snetap-a-la-marche-blanche-stop-a-la-mort-au-travail\\\/\",\"url\":\"https:\\\/\\\/regions-snetap-fsu.fr\\\/idf\\\/2023\\\/03\\\/05\\\/le-snetap-a-la-marche-blanche-stop-a-la-mort-au-travail\\\/\",\"name\":\"Le SNETAP \u00e0 la marche Blanche \\\"stop \u00e0 la mort au travail !\\\" - \u00ceLE-DE-FRANCE\",\"isPartOf\":{\"@id\":\"https:\\\/\\\/regions-snetap-fsu.fr\\\/idf\\\/#website\"},\"primaryImageOfPage\":{\"@id\":\"https:\\\/\\\/regions-snetap-fsu.fr\\\/idf\\\/2023\\\/03\\\/05\\\/le-snetap-a-la-marche-blanche-stop-a-la-mort-au-travail\\\/#primaryimage\"},\"image\":{\"@id\":\"https:\\\/\\\/regions-snetap-fsu.fr\\\/idf\\\/2023\\\/03\\\/05\\\/le-snetap-a-la-marche-blanche-stop-a-la-mort-au-travail\\\/#primaryimage\"},\"thumbnailUrl\":\"https:\\\/\\\/regions-snetap-fsu.fr\\\/idf\\\/wp-content\\\/uploads\\\/sites\\\/11\\\/2023\\\/03\\\/Marche-Blanche-Mort-au-W-1.jpg\",\"datePublished\":\"2023-03-05T20:27:20+00:00\",\"dateModified\":\"2023-03-10T20:37:39+00:00\",\"author\":{\"@id\":\"https:\\\/\\\/regions-snetap-fsu.fr\\\/idf\\\/#\\\/schema\\\/person\\\/1e2d8120205f21ade6260cd06759ef62\"},\"breadcrumb\":{\"@id\":\"https:\\\/\\\/regions-snetap-fsu.fr\\\/idf\\\/2023\\\/03\\\/05\\\/le-snetap-a-la-marche-blanche-stop-a-la-mort-au-travail\\\/#breadcrumb\"},\"inLanguage\":\"fr-FR\",\"potentialAction\":[{\"@type\":\"ReadAction\",\"target\":[\"https:\\\/\\\/regions-snetap-fsu.fr\\\/idf\\\/2023\\\/03\\\/05\\\/le-snetap-a-la-marche-blanche-stop-a-la-mort-au-travail\\\/\"]}]},{\"@type\":\"ImageObject\",\"inLanguage\":\"fr-FR\",\"@id\":\"https:\\\/\\\/regions-snetap-fsu.fr\\\/idf\\\/2023\\\/03\\\/05\\\/le-snetap-a-la-marche-blanche-stop-a-la-mort-au-travail\\\/#primaryimage\",\"url\":\"https:\\\/\\\/regions-snetap-fsu.fr\\\/idf\\\/wp-content\\\/uploads\\\/sites\\\/11\\\/2023\\\/03\\\/Marche-Blanche-Mort-au-W-1.jpg\",\"contentUrl\":\"https:\\\/\\\/regions-snetap-fsu.fr\\\/idf\\\/wp-content\\\/uploads\\\/sites\\\/11\\\/2023\\\/03\\\/Marche-Blanche-Mort-au-W-1.jpg\",\"width\":1024,\"height\":768},{\"@type\":\"BreadcrumbList\",\"@id\":\"https:\\\/\\\/regions-snetap-fsu.fr\\\/idf\\\/2023\\\/03\\\/05\\\/le-snetap-a-la-marche-blanche-stop-a-la-mort-au-travail\\\/#breadcrumb\",\"itemListElement\":[{\"@type\":\"ListItem\",\"position\":1,\"name\":\"Accueil\",\"item\":\"https:\\\/\\\/regions-snetap-fsu.fr\\\/idf\\\/\"},{\"@type\":\"ListItem\",\"position\":2,\"name\":\"Le SNETAP \u00e0 la marche Blanche \u00ab\u00a0stop \u00e0 la mort au travail !\u00a0\u00bb\"}]},{\"@type\":\"WebSite\",\"@id\":\"https:\\\/\\\/regions-snetap-fsu.fr\\\/idf\\\/#website\",\"url\":\"https:\\\/\\\/regions-snetap-fsu.fr\\\/idf\\\/\",\"name\":\"\u00ceLE-DE-FRANCE\",\"description\":\"Le blog de la Section R\u00e9gionale\",\"potentialAction\":[{\"@type\":\"SearchAction\",\"target\":{\"@type\":\"EntryPoint\",\"urlTemplate\":\"https:\\\/\\\/regions-snetap-fsu.fr\\\/idf\\\/?s={search_term_string}\"},\"query-input\":{\"@type\":\"PropertyValueSpecification\",\"valueRequired\":true,\"valueName\":\"search_term_string\"}}],\"inLanguage\":\"fr-FR\"},{\"@type\":\"Person\",\"@id\":\"https:\\\/\\\/regions-snetap-fsu.fr\\\/idf\\\/#\\\/schema\\\/person\\\/1e2d8120205f21ade6260cd06759ef62\",\"name\":\"tdossantos\",\"image\":{\"@type\":\"ImageObject\",\"inLanguage\":\"fr-FR\",\"@id\":\"https:\\\/\\\/secure.gravatar.com\\\/avatar\\\/eb323d66303d5d3db90b97b88724753e51811779db988d61b5311e81a13ec30d?s=96&d=mm&r=g\",\"url\":\"https:\\\/\\\/secure.gravatar.com\\\/avatar\\\/eb323d66303d5d3db90b97b88724753e51811779db988d61b5311e81a13ec30d?s=96&d=mm&r=g\",\"contentUrl\":\"https:\\\/\\\/secure.gravatar.com\\\/avatar\\\/eb323d66303d5d3db90b97b88724753e51811779db988d61b5311e81a13ec30d?s=96&d=mm&r=g\",\"caption\":\"tdossantos\"},\"url\":\"https:\\\/\\\/regions-snetap-fsu.fr\\\/idf\\\/author\\\/tdossantos\\\/\"}]}<\/script>\n<!-- \/ Yoast SEO plugin. -->","yoast_head_json":{"title":"Le SNETAP \u00e0 la marche Blanche \"stop \u00e0 la mort au travail !\" - \u00ceLE-DE-FRANCE","robots":{"index":"index","follow":"follow","max-snippet":"max-snippet:-1","max-image-preview":"max-image-preview:large","max-video-preview":"max-video-preview:-1"},"canonical":"https:\/\/regions-snetap-fsu.fr\/idf\/2023\/03\/05\/le-snetap-a-la-marche-blanche-stop-a-la-mort-au-travail\/","og_locale":"fr_FR","og_type":"article","og_title":"Le SNETAP \u00e0 la marche Blanche \"stop \u00e0 la mort au travail !\" - \u00ceLE-DE-FRANCE","og_description":"la section r\u00e9gionale et le secteur Sant\u00e9 et S\u00e9curit\u00e9 au Travail du SNETAP-FSU s&rsquo;est rendu &#8211; en soutien -, \u00e0 la marche blanche organis\u00e9e par le collectif \u00ab\u00a0STOP \u00e0 la mort au travail\u00a0\u00bb, ce samedi 4 mars, pr\u00e8s du minist\u00e8re du travail. Alors que le gouvernement met tout en \u0153uvre pour allonger la dur\u00e9e du [&hellip;]","og_url":"https:\/\/regions-snetap-fsu.fr\/idf\/2023\/03\/05\/le-snetap-a-la-marche-blanche-stop-a-la-mort-au-travail\/","og_site_name":"\u00ceLE-DE-FRANCE","article_published_time":"2023-03-05T20:27:20+00:00","article_modified_time":"2023-03-10T20:37:39+00:00","og_image":[{"width":1024,"height":768,"url":"https:\/\/regions-snetap-fsu.fr\/idf\/wp-content\/uploads\/sites\/11\/2023\/03\/Marche-Blanche-Mort-au-W-1.jpg","type":"image\/jpeg"}],"author":"tdossantos","twitter_card":"summary_large_image","twitter_misc":{"\u00c9crit par":"tdossantos","Dur\u00e9e de lecture estim\u00e9e":"1 minute"},"schema":{"@context":"https:\/\/schema.org","@graph":[{"@type":"Article","@id":"https:\/\/regions-snetap-fsu.fr\/idf\/2023\/03\/05\/le-snetap-a-la-marche-blanche-stop-a-la-mort-au-travail\/#article","isPartOf":{"@id":"https:\/\/regions-snetap-fsu.fr\/idf\/2023\/03\/05\/le-snetap-a-la-marche-blanche-stop-a-la-mort-au-travail\/"},"author":{"name":"tdossantos","@id":"https:\/\/regions-snetap-fsu.fr\/idf\/#\/schema\/person\/1e2d8120205f21ade6260cd06759ef62"},"headline":"Le SNETAP \u00e0 la marche Blanche \u00ab\u00a0stop \u00e0 la mort au travail !\u00a0\u00bb","datePublished":"2023-03-05T20:27:20+00:00","dateModified":"2023-03-10T20:37:39+00:00","mainEntityOfPage":{"@id":"https:\/\/regions-snetap-fsu.fr\/idf\/2023\/03\/05\/le-snetap-a-la-marche-blanche-stop-a-la-mort-au-travail\/"},"wordCount":292,"image":{"@id":"https:\/\/regions-snetap-fsu.fr\/idf\/2023\/03\/05\/le-snetap-a-la-marche-blanche-stop-a-la-mort-au-travail\/#primaryimage"},"thumbnailUrl":"https:\/\/regions-snetap-fsu.fr\/idf\/wp-content\/uploads\/sites\/11\/2023\/03\/Marche-Blanche-Mort-au-W-1.jpg","articleSection":["Manifestation"],"inLanguage":"fr-FR"},{"@type":"WebPage","@id":"https:\/\/regions-snetap-fsu.fr\/idf\/2023\/03\/05\/le-snetap-a-la-marche-blanche-stop-a-la-mort-au-travail\/","url":"https:\/\/regions-snetap-fsu.fr\/idf\/2023\/03\/05\/le-snetap-a-la-marche-blanche-stop-a-la-mort-au-travail\/","name":"Le SNETAP \u00e0 la marche Blanche \"stop \u00e0 la mort au travail !\" - \u00ceLE-DE-FRANCE","isPartOf":{"@id":"https:\/\/regions-snetap-fsu.fr\/idf\/#website"},"primaryImageOfPage":{"@id":"https:\/\/regions-snetap-fsu.fr\/idf\/2023\/03\/05\/le-snetap-a-la-marche-blanche-stop-a-la-mort-au-travail\/#primaryimage"},"image":{"@id":"https:\/\/regions-snetap-fsu.fr\/idf\/2023\/03\/05\/le-snetap-a-la-marche-blanche-stop-a-la-mort-au-travail\/#primaryimage"},"thumbnailUrl":"https:\/\/regions-snetap-fsu.fr\/idf\/wp-content\/uploads\/sites\/11\/2023\/03\/Marche-Blanche-Mort-au-W-1.jpg","datePublished":"2023-03-05T20:27:20+00:00","dateModified":"2023-03-10T20:37:39+00:00","author":{"@id":"https:\/\/regions-snetap-fsu.fr\/idf\/#\/schema\/person\/1e2d8120205f21ade6260cd06759ef62"},"breadcrumb":{"@id":"https:\/\/regions-snetap-fsu.fr\/idf\/2023\/03\/05\/le-snetap-a-la-marche-blanche-stop-a-la-mort-au-travail\/#breadcrumb"},"inLanguage":"fr-FR","potentialAction":[{"@type":"ReadAction","target":["https:\/\/regions-snetap-fsu.fr\/idf\/2023\/03\/05\/le-snetap-a-la-marche-blanche-stop-a-la-mort-au-travail\/"]}]},{"@type":"ImageObject","inLanguage":"fr-FR","@id":"https:\/\/regions-snetap-fsu.fr\/idf\/2023\/03\/05\/le-snetap-a-la-marche-blanche-stop-a-la-mort-au-travail\/#primaryimage","url":"https:\/\/regions-snetap-fsu.fr\/idf\/wp-content\/uploads\/sites\/11\/2023\/03\/Marche-Blanche-Mort-au-W-1.jpg","contentUrl":"https:\/\/regions-snetap-fsu.fr\/idf\/wp-content\/uploads\/sites\/11\/2023\/03\/Marche-Blanche-Mort-au-W-1.jpg","width":1024,"height":768},{"@type":"BreadcrumbList","@id":"https:\/\/regions-snetap-fsu.fr\/idf\/2023\/03\/05\/le-snetap-a-la-marche-blanche-stop-a-la-mort-au-travail\/#breadcrumb","itemListElement":[{"@type":"ListItem","position":1,"name":"Accueil","item":"https:\/\/regions-snetap-fsu.fr\/idf\/"},{"@type":"ListItem","position":2,"name":"Le SNETAP \u00e0 la marche Blanche \u00ab\u00a0stop \u00e0 la mort au travail !\u00a0\u00bb"}]},{"@type":"WebSite","@id":"https:\/\/regions-snetap-fsu.fr\/idf\/#website","url":"https:\/\/regions-snetap-fsu.fr\/idf\/","name":"\u00ceLE-DE-FRANCE","description":"Le blog de la Section R\u00e9gionale","potentialAction":[{"@type":"SearchAction","target":{"@type":"EntryPoint","urlTemplate":"https:\/\/regions-snetap-fsu.fr\/idf\/?s={search_term_string}"},"query-input":{"@type":"PropertyValueSpecification","valueRequired":true,"valueName":"search_term_string"}}],"inLanguage":"fr-FR"},{"@type":"Person","@id":"https:\/\/regions-snetap-fsu.fr\/idf\/#\/schema\/person\/1e2d8120205f21ade6260cd06759ef62","name":"tdossantos","image":{"@type":"ImageObject","inLanguage":"fr-FR","@id":"https:\/\/secure.gravatar.com\/avatar\/eb323d66303d5d3db90b97b88724753e51811779db988d61b5311e81a13ec30d?s=96&d=mm&r=g","url":"https:\/\/secure.gravatar.com\/avatar\/eb323d66303d5d3db90b97b88724753e51811779db988d61b5311e81a13ec30d?s=96&d=mm&r=g","contentUrl":"https:\/\/secure.gravatar.com\/avatar\/eb323d66303d5d3db90b97b88724753e51811779db988d61b5311e81a13ec30d?s=96&d=mm&r=g","caption":"tdossantos"},"url":"https:\/\/regions-snetap-fsu.fr\/idf\/author\/tdossantos\/"}]}},"_links":{"self":[{"href":"https:\/\/regions-snetap-fsu.fr\/idf\/wp-json\/wp\/v2\/posts\/1578","targetHints":{"allow":["GET"]}}],"collection":[{"href":"https:\/\/regions-snetap-fsu.fr\/idf\/wp-json\/wp\/v2\/posts"}],"about":[{"href":"https:\/\/regions-snetap-fsu.fr\/idf\/wp-json\/wp\/v2\/types\/post"}],"author":[{"embeddable":true,"href":"https:\/\/regions-snetap-fsu.fr\/idf\/wp-json\/wp\/v2\/users\/104"}],"replies":[{"embeddable":true,"href":"https:\/\/regions-snetap-fsu.fr\/idf\/wp-json\/wp\/v2\/comments?post=1578"}],"version-history":[{"count":2,"href":"https:\/\/regions-snetap-fsu.fr\/idf\/wp-json\/wp\/v2\/posts\/1578\/revisions"}],"predecessor-version":[{"id":1582,"href":"https:\/\/regions-snetap-fsu.fr\/idf\/wp-json\/wp\/v2\/posts\/1578\/revisions\/1582"}],"wp:featuredmedia":[{"embeddable":true,"href":"https:\/\/regions-snetap-fsu.fr\/idf\/wp-json\/wp\/v2\/media\/1580"}],"wp:attachment":[{"href":"https:\/\/regions-snetap-fsu.fr\/idf\/wp-json\/wp\/v2\/media?parent=1578"}],"wp:term":[{"taxonomy":"category","embeddable":true,"href":"https:\/\/regions-snetap-fsu.fr\/idf\/wp-json\/wp\/v2\/categories?post=1578"},{"taxonomy":"post_tag","embeddable":true,"href":"https:\/\/regions-snetap-fsu.fr\/idf\/wp-json\/wp\/v2\/tags?post=1578"},{"taxonomy":"post_folder","embeddable":true,"href":"https:\/\/regions-snetap-fsu.fr\/idf\/wp-json\/wp\/v2\/post_folder?post=1578"}],"curies":[{"name":"wp","href":"https:\/\/api.w.org\/{rel}","templated":true}]}}