{"id":1542,"date":"2022-12-12T22:04:32","date_gmt":"2022-12-12T21:04:32","guid":{"rendered":"https:\/\/regions-snetap-fsu.fr\/idf\/?p=1542"},"modified":"2022-12-16T22:12:34","modified_gmt":"2022-12-16T21:12:34","slug":"un-grand-merci","status":"publish","type":"post","link":"https:\/\/regions-snetap-fsu.fr\/idf\/2022\/12\/12\/un-grand-merci\/","title":{"rendered":"Un GRAND merci !"},"content":{"rendered":"<p><strong>les \u00e9lus de l&rsquo;alliance <em>ELAN COMMUN<\/em> en Ile de France vous remercient pour votre participation aux \u00e9lections professionnelles<\/strong>, et ce malgr\u00e9 toutes les difficult\u00e9s rencontr\u00e9es par la mise en place du vote \u00e9lectronique.<\/p>\n<p><strong>46% des agents franciliens<\/strong> <strong>ont vot\u00e9<\/strong> pour ces \u00e9lections, un peu plus qu&rsquo;au niveau national.<\/p>\n<p><strong>TOUS les services ont vot\u00e9<\/strong> : salari\u00e9.es de l&rsquo;exploitation, personnels des CFA et CFPPA, de la vie scolaire au sens large, administratifs, entretien\/m\u00e9nage, direction et enseignant.es (que les coll\u00e8gues soient titulaires ou contractuel.les, syndiqu\u00e9.es ou non syndiqu\u00e9.es, en arr\u00eat ou en activit\u00e9).<\/p>\n<p>Cela nous honore ! Au del\u00e0 des <strong>r\u00e9sultats qui sont excellents<\/strong> <strong>en r\u00e9gion<\/strong> puisque nous avons obtenu <strong>tous les si\u00e8ges<\/strong> au CSA-REA et aux CCPR , c&rsquo;est votre motivation \u00e0 voter qui nous encourage, nous, repr\u00e9sentant.es syndicaux \u00e0 vous d\u00e9fendre au quotidien (\u00e0 noter une nouveaut\u00e9 : les agent.es sur budget de la Bergerie nationale &#8211; CEZ de Rambouillet &#8211; sont d\u00e9sormais rattach\u00e9s aux ccp r\u00e9gionales de l&rsquo;\u00eele de France).<\/p>\n<p>Oui, malgr\u00e9 toutes les volont\u00e9s &#8211; d\u00e9cid\u00e9es dans les hautes sph\u00e8res \u00e9tatiques &#8211;\u00a0 de complexifier la proc\u00e9dure du scrutin, cela fait encore sens, dans tous les services et\/ou centres des EPL de prendre le temps de voter.<\/p>\n<p>Vous trouverez ci-dessous les \u00e9lu.es au CSA-REA IDF :<\/p>\n<table class=\"table_spec1 cellborder\">\n<tbody>\n<tr>\n<th id=\"liste_1_cand_1\" class=\"left td_like smallheight lightborderbottom\" style=\"text-align: center\">1. PINAULT Claire\u00a0 (LEGTPA Brie Comte Robert)<\/th>\n<td class=\"smallheight lightborderbottom mnhyf\" style=\"text-align: center\" headers=\"col_candidat_elu liste_1 liste_1_cand_1\">Titulaire<\/td>\n<\/tr>\n<tr class=\"lightbordertop\">\n<th id=\"liste_1_cand_2\" class=\"left td_like smallheight lightbordertop lightborderbottom\" style=\"text-align: center\">2. PEREIRA Carlos (LEGTPA Saint Germain en Laye)<\/th>\n<td class=\"smallheight lightbordertop lightborderbottom mnhyf\" style=\"text-align: center\" headers=\"col_candidat_elu liste_1 liste_1_cand_2\">Titulaire<\/td>\n<\/tr>\n<tr class=\"lightbordertop\">\n<th id=\"liste_1_cand_3\" class=\"left td_like smallheight lightbordertop lightborderbottom\" style=\"text-align: center\">3. PERON Virginie\u00a0 (LEGTPA La Bretonni\u00e8re)<\/th>\n<td class=\"smallheight lightbordertop lightborderbottom mnhyf\" style=\"text-align: center\" headers=\"col_candidat_elu liste_1 liste_1_cand_3\">Titulaire<\/td>\n<\/tr>\n<tr class=\"lightbordertop\">\n<th id=\"liste_1_cand_4\" class=\"left td_like smallheight lightbordertop lightborderbottom\" style=\"text-align: center\">4. LOUNICI Fatiha\u00a0 ( CFA Maisons-Laffitte)<\/th>\n<td class=\"smallheight lightbordertop lightborderbottom mnhyf\" style=\"text-align: center\" headers=\"col_candidat_elu liste_1 liste_1_cand_4\">Titulaire<\/td>\n<\/tr>\n<tr class=\"lightbordertop\">\n<th id=\"liste_1_cand_5\" class=\"left td_like smallheight lightbordertop lightborderbottom\" style=\"text-align: center\">5. DOS SANTOS Tony\u00a0 (LEGTPA Brie Comte Robert)<\/th>\n<td class=\"smallheight lightbordertop lightborderbottom mnhyf\" style=\"text-align: center\" headers=\"col_candidat_elu liste_1 liste_1_cand_5\">Titulaire<\/td>\n<\/tr>\n<tr class=\"lightbordertop\">\n<th id=\"liste_1_cand_6\" class=\"left td_like smallheight lightbordertop lightborderbottom\" style=\"text-align: center\">6. CANALE Aude (LEGTPA La Bretonni\u00e8re)<\/th>\n<td class=\"smallheight lightbordertop lightborderbottom mnhyf\" style=\"text-align: center\" headers=\"col_candidat_elu liste_1 liste_1_cand_6\">Titulaire<\/td>\n<\/tr>\n<tr class=\"lightbordertop\">\n<th id=\"liste_1_cand_7\" class=\"left td_like smallheight lightbordertop lightborderbottom\" style=\"text-align: center\">7. BODET Matthieu\u00a0 (LEGTPA Brie Comte Robert)<\/th>\n<td class=\"smallheight lightbordertop lightborderbottom mnhyf\" style=\"text-align: center\" headers=\"col_candidat_elu liste_1 liste_1_cand_7\">Titulaire<\/td>\n<\/tr>\n<tr class=\"lightbordertop\">\n<th id=\"liste_1_cand_8\" class=\"left td_like smallheight lightbordertop lightborderbottom\" style=\"text-align: center\">8. LACOSTE Maribel (LEGTPA Saint Germain en Laye)<\/th>\n<td class=\"smallheight lightbordertop lightborderbottom mnhyf\" style=\"text-align: center\" headers=\"col_candidat_elu liste_1 liste_1_cand_8\">Suppl\u00e9ante<\/td>\n<\/tr>\n<tr class=\"lightbordertop\">\n<th id=\"liste_1_cand_9\" class=\"left td_like smallheight lightbordertop lightborderbottom\" style=\"text-align: center\">9. FAIRIER Emilie (LEGTPA La Bretonni\u00e8re)<\/th>\n<td class=\"smallheight lightbordertop lightborderbottom mnhyf\" style=\"text-align: center\" headers=\"col_candidat_elu liste_1 liste_1_cand_9\">Suppl\u00e9ante<\/td>\n<\/tr>\n<tr class=\"lightbordertop\">\n<th id=\"liste_1_cand_10\" class=\"left td_like smallheight lightbordertop lightborderbottom\" style=\"text-align: center\">10. DIENG Doudou (LEGTPA Saint Germain en Laye)<\/th>\n<td class=\"smallheight lightbordertop lightborderbottom mnhyf\" style=\"text-align: center\" headers=\"col_candidat_elu liste_1 liste_1_cand_10\">Suppl\u00e9ant<\/td>\n<\/tr>\n<tr class=\"lightbordertop\">\n<th id=\"liste_1_cand_11\" class=\"left td_like smallheight lightbordertop lightborderbottom\" style=\"text-align: center\">11. HOURLIER Val\u00e9rie (LEGTPA La Bretonni\u00e8re)<\/th>\n<td class=\"smallheight lightbordertop lightborderbottom mnhyf\" style=\"text-align: center\" headers=\"col_candidat_elu liste_1 liste_1_cand_11\">Suppl\u00e9ante<\/td>\n<\/tr>\n<tr class=\"lightbordertop\">\n<th id=\"liste_1_cand_12\" class=\"left td_like smallheight lightbordertop lightborderbottom\" style=\"text-align: center\">12. NOEL Cyrille (CFA Saint Germain en Laye)<\/th>\n<td class=\"smallheight lightbordertop lightborderbottom mnhyf\" style=\"text-align: center\" headers=\"col_candidat_elu liste_1 liste_1_cand_12\">Suppl\u00e9ant<\/td>\n<\/tr>\n<tr class=\"lightbordertop\">\n<th id=\"liste_1_cand_13\" class=\"left td_like smallheight lightbordertop lightborderbottom\" style=\"text-align: center\">13. CONNAN Pauline\u00a0 (LEGTPA Brie Comte Robert)<\/th>\n<td class=\"smallheight lightbordertop lightborderbottom mnhyf\" style=\"text-align: center\" headers=\"col_candidat_elu liste_1 liste_1_cand_13\">Suppl\u00e9ante<\/td>\n<\/tr>\n<tr class=\"lightbordertop\">\n<th id=\"liste_1_cand_14\" class=\"left td_like smallheight lightbordertop\" style=\"text-align: center\">14. BAYEUL Jean-Philippe\u00a0 (LEGTPA Brie Comte Robert)<\/th>\n<td class=\"smallheight lightbordertop mnhyf\" style=\"text-align: center\" headers=\"col_candidat_elu liste_1 liste_1_cand_14\">Suppl\u00e9ant<\/td>\n<\/tr>\n<\/tbody>\n<\/table>\n","protected":false},"excerpt":{"rendered":"<p>les \u00e9lus de l&rsquo;alliance ELAN COMMUN en Ile de France vous remercient pour votre participation aux \u00e9lections professionnelles, et ce malgr\u00e9 toutes les difficult\u00e9s rencontr\u00e9es par la mise en place du vote \u00e9lectronique. 46% des agents franciliens ont vot\u00e9 pour ces \u00e9lections, un peu plus qu&rsquo;au niveau national. TOUS les services ont vot\u00e9 : salari\u00e9.es [&hellip;]<\/p>\n","protected":false},"author":104,"featured_media":1543,"comment_status":"closed","ping_status":"closed","sticky":false,"template":"","format":"standard","meta":{"ocean_post_layout":"","ocean_both_sidebars_style":"","ocean_both_sidebars_content_width":0,"ocean_both_sidebars_sidebars_width":0,"ocean_sidebar":"0","ocean_second_sidebar":"0","ocean_disable_margins":"enable","ocean_add_body_class":"","ocean_shortcode_before_top_bar":"","ocean_shortcode_after_top_bar":"","ocean_shortcode_before_header":"","ocean_shortcode_after_header":"","ocean_has_shortcode":"","ocean_shortcode_after_title":"","ocean_shortcode_before_footer_widgets":"","ocean_shortcode_after_footer_widgets":"","ocean_shortcode_before_footer_bottom":"","ocean_shortcode_after_footer_bottom":"","ocean_display_top_bar":"default","ocean_display_header":"default","ocean_header_style":"","ocean_center_header_left_menu":"0","ocean_custom_header_template":"0","ocean_custom_logo":0,"ocean_custom_retina_logo":0,"ocean_custom_logo_max_width":0,"ocean_custom_logo_tablet_max_width":0,"ocean_custom_logo_mobile_max_width":0,"ocean_custom_logo_max_height":0,"ocean_custom_logo_tablet_max_height":0,"ocean_custom_logo_mobile_max_height":0,"ocean_header_custom_menu":"0","ocean_menu_typo_font_family":"0","ocean_menu_typo_font_subset":"","ocean_menu_typo_font_size":0,"ocean_menu_typo_font_size_tablet":0,"ocean_menu_typo_font_size_mobile":0,"ocean_menu_typo_font_size_unit":"px","ocean_menu_typo_font_weight":"","ocean_menu_typo_font_weight_tablet":"","ocean_menu_typo_font_weight_mobile":"","ocean_menu_typo_transform":"","ocean_menu_typo_transform_tablet":"","ocean_menu_typo_transform_mobile":"","ocean_menu_typo_line_height":0,"ocean_menu_typo_line_height_tablet":0,"ocean_menu_typo_line_height_mobile":0,"ocean_menu_typo_line_height_unit":"","ocean_menu_typo_spacing":0,"ocean_menu_typo_spacing_tablet":0,"ocean_menu_typo_spacing_mobile":0,"ocean_menu_typo_spacing_unit":"","ocean_menu_link_color":"","ocean_menu_link_color_hover":"","ocean_menu_link_color_active":"","ocean_menu_link_background":"","ocean_menu_link_hover_background":"","ocean_menu_link_active_background":"","ocean_menu_social_links_bg":"","ocean_menu_social_hover_links_bg":"","ocean_menu_social_links_color":"","ocean_menu_social_hover_links_color":"","ocean_disable_title":"default","ocean_disable_heading":"default","ocean_post_title":"","ocean_post_subheading":"","ocean_post_title_style":"","ocean_post_title_background_color":"","ocean_post_title_background":0,"ocean_post_title_bg_image_position":"","ocean_post_title_bg_image_attachment":"","ocean_post_title_bg_image_repeat":"","ocean_post_title_bg_image_size":"","ocean_post_title_height":0,"ocean_post_title_bg_overlay":0.5,"ocean_post_title_bg_overlay_color":"","ocean_disable_breadcrumbs":"default","ocean_breadcrumbs_color":"","ocean_breadcrumbs_separator_color":"","ocean_breadcrumbs_links_color":"","ocean_breadcrumbs_links_hover_color":"","ocean_display_footer_widgets":"default","ocean_display_footer_bottom":"default","ocean_custom_footer_template":"0","ocean_post_oembed":"","ocean_post_self_hosted_media":"","ocean_post_video_embed":"","ocean_link_format":"","ocean_link_format_target":"self","ocean_quote_format":"","ocean_quote_format_link":"post","ocean_gallery_link_images":"off","ocean_gallery_id":[],"footnotes":""},"categories":[15],"tags":[],"post_folder":[],"class_list":["post-1542","post","type-post","status-publish","format-standard","has-post-thumbnail","hentry","category-actions-et-communiques","entry","has-media"],"yoast_head":"<!-- This site is optimized with the Yoast SEO plugin v27.4 - https:\/\/yoast.com\/product\/yoast-seo-wordpress\/ -->\n<title>Un GRAND merci ! - \u00ceLE-DE-FRANCE<\/title>\n<meta name=\"robots\" content=\"index, follow, max-snippet:-1, max-image-preview:large, max-video-preview:-1\" \/>\n<link rel=\"canonical\" href=\"https:\/\/regions-snetap-fsu.fr\/idf\/2022\/12\/12\/un-grand-merci\/\" \/>\n<meta property=\"og:locale\" content=\"fr_FR\" \/>\n<meta property=\"og:type\" content=\"article\" \/>\n<meta property=\"og:title\" content=\"Un GRAND merci ! - \u00ceLE-DE-FRANCE\" \/>\n<meta property=\"og:description\" content=\"les \u00e9lus de l&rsquo;alliance ELAN COMMUN en Ile de France vous remercient pour votre participation aux \u00e9lections professionnelles, et ce malgr\u00e9 toutes les difficult\u00e9s rencontr\u00e9es par la mise en place du vote \u00e9lectronique. 46% des agents franciliens ont vot\u00e9 pour ces \u00e9lections, un peu plus qu&rsquo;au niveau national. TOUS les services ont vot\u00e9 : salari\u00e9.es [&hellip;]\" \/>\n<meta property=\"og:url\" content=\"https:\/\/regions-snetap-fsu.fr\/idf\/2022\/12\/12\/un-grand-merci\/\" \/>\n<meta property=\"og:site_name\" content=\"\u00ceLE-DE-FRANCE\" \/>\n<meta property=\"article:published_time\" content=\"2022-12-12T21:04:32+00:00\" \/>\n<meta property=\"article:modified_time\" content=\"2022-12-16T21:12:34+00:00\" \/>\n<meta property=\"og:image\" content=\"https:\/\/regions-snetap-fsu.fr\/idf\/wp-content\/uploads\/sites\/11\/2022\/12\/Capture.jpg\" \/>\n\t<meta property=\"og:image:width\" content=\"786\" \/>\n\t<meta property=\"og:image:height\" content=\"526\" \/>\n\t<meta property=\"og:image:type\" content=\"image\/jpeg\" \/>\n<meta name=\"author\" content=\"tdossantos\" \/>\n<meta name=\"twitter:card\" content=\"summary_large_image\" \/>\n<meta name=\"twitter:label1\" content=\"\u00c9crit par\" \/>\n\t<meta name=\"twitter:data1\" content=\"tdossantos\" \/>\n\t<meta name=\"twitter:label2\" content=\"Dur\u00e9e de lecture estim\u00e9e\" \/>\n\t<meta name=\"twitter:data2\" content=\"2 minutes\" \/>\n<script type=\"application\/ld+json\" class=\"yoast-schema-graph\">{\"@context\":\"https:\\\/\\\/schema.org\",\"@graph\":[{\"@type\":\"Article\",\"@id\":\"https:\\\/\\\/regions-snetap-fsu.fr\\\/idf\\\/2022\\\/12\\\/12\\\/un-grand-merci\\\/#article\",\"isPartOf\":{\"@id\":\"https:\\\/\\\/regions-snetap-fsu.fr\\\/idf\\\/2022\\\/12\\\/12\\\/un-grand-merci\\\/\"},\"author\":{\"name\":\"tdossantos\",\"@id\":\"https:\\\/\\\/regions-snetap-fsu.fr\\\/idf\\\/#\\\/schema\\\/person\\\/1e2d8120205f21ade6260cd06759ef62\"},\"headline\":\"Un GRAND merci !\",\"datePublished\":\"2022-12-12T21:04:32+00:00\",\"dateModified\":\"2022-12-16T21:12:34+00:00\",\"mainEntityOfPage\":{\"@id\":\"https:\\\/\\\/regions-snetap-fsu.fr\\\/idf\\\/2022\\\/12\\\/12\\\/un-grand-merci\\\/\"},\"wordCount\":342,\"image\":{\"@id\":\"https:\\\/\\\/regions-snetap-fsu.fr\\\/idf\\\/2022\\\/12\\\/12\\\/un-grand-merci\\\/#primaryimage\"},\"thumbnailUrl\":\"https:\\\/\\\/regions-snetap-fsu.fr\\\/idf\\\/wp-content\\\/uploads\\\/sites\\\/11\\\/2022\\\/12\\\/Capture.jpg\",\"articleSection\":[\"Actions et communiqu\u00e9s\"],\"inLanguage\":\"fr-FR\"},{\"@type\":\"WebPage\",\"@id\":\"https:\\\/\\\/regions-snetap-fsu.fr\\\/idf\\\/2022\\\/12\\\/12\\\/un-grand-merci\\\/\",\"url\":\"https:\\\/\\\/regions-snetap-fsu.fr\\\/idf\\\/2022\\\/12\\\/12\\\/un-grand-merci\\\/\",\"name\":\"Un GRAND merci ! - \u00ceLE-DE-FRANCE\",\"isPartOf\":{\"@id\":\"https:\\\/\\\/regions-snetap-fsu.fr\\\/idf\\\/#website\"},\"primaryImageOfPage\":{\"@id\":\"https:\\\/\\\/regions-snetap-fsu.fr\\\/idf\\\/2022\\\/12\\\/12\\\/un-grand-merci\\\/#primaryimage\"},\"image\":{\"@id\":\"https:\\\/\\\/regions-snetap-fsu.fr\\\/idf\\\/2022\\\/12\\\/12\\\/un-grand-merci\\\/#primaryimage\"},\"thumbnailUrl\":\"https:\\\/\\\/regions-snetap-fsu.fr\\\/idf\\\/wp-content\\\/uploads\\\/sites\\\/11\\\/2022\\\/12\\\/Capture.jpg\",\"datePublished\":\"2022-12-12T21:04:32+00:00\",\"dateModified\":\"2022-12-16T21:12:34+00:00\",\"author\":{\"@id\":\"https:\\\/\\\/regions-snetap-fsu.fr\\\/idf\\\/#\\\/schema\\\/person\\\/1e2d8120205f21ade6260cd06759ef62\"},\"breadcrumb\":{\"@id\":\"https:\\\/\\\/regions-snetap-fsu.fr\\\/idf\\\/2022\\\/12\\\/12\\\/un-grand-merci\\\/#breadcrumb\"},\"inLanguage\":\"fr-FR\",\"potentialAction\":[{\"@type\":\"ReadAction\",\"target\":[\"https:\\\/\\\/regions-snetap-fsu.fr\\\/idf\\\/2022\\\/12\\\/12\\\/un-grand-merci\\\/\"]}]},{\"@type\":\"ImageObject\",\"inLanguage\":\"fr-FR\",\"@id\":\"https:\\\/\\\/regions-snetap-fsu.fr\\\/idf\\\/2022\\\/12\\\/12\\\/un-grand-merci\\\/#primaryimage\",\"url\":\"https:\\\/\\\/regions-snetap-fsu.fr\\\/idf\\\/wp-content\\\/uploads\\\/sites\\\/11\\\/2022\\\/12\\\/Capture.jpg\",\"contentUrl\":\"https:\\\/\\\/regions-snetap-fsu.fr\\\/idf\\\/wp-content\\\/uploads\\\/sites\\\/11\\\/2022\\\/12\\\/Capture.jpg\",\"width\":786,\"height\":526},{\"@type\":\"BreadcrumbList\",\"@id\":\"https:\\\/\\\/regions-snetap-fsu.fr\\\/idf\\\/2022\\\/12\\\/12\\\/un-grand-merci\\\/#breadcrumb\",\"itemListElement\":[{\"@type\":\"ListItem\",\"position\":1,\"name\":\"Accueil\",\"item\":\"https:\\\/\\\/regions-snetap-fsu.fr\\\/idf\\\/\"},{\"@type\":\"ListItem\",\"position\":2,\"name\":\"Un GRAND merci !\"}]},{\"@type\":\"WebSite\",\"@id\":\"https:\\\/\\\/regions-snetap-fsu.fr\\\/idf\\\/#website\",\"url\":\"https:\\\/\\\/regions-snetap-fsu.fr\\\/idf\\\/\",\"name\":\"\u00ceLE-DE-FRANCE\",\"description\":\"Le blog de la Section R\u00e9gionale\",\"potentialAction\":[{\"@type\":\"SearchAction\",\"target\":{\"@type\":\"EntryPoint\",\"urlTemplate\":\"https:\\\/\\\/regions-snetap-fsu.fr\\\/idf\\\/?s={search_term_string}\"},\"query-input\":{\"@type\":\"PropertyValueSpecification\",\"valueRequired\":true,\"valueName\":\"search_term_string\"}}],\"inLanguage\":\"fr-FR\"},{\"@type\":\"Person\",\"@id\":\"https:\\\/\\\/regions-snetap-fsu.fr\\\/idf\\\/#\\\/schema\\\/person\\\/1e2d8120205f21ade6260cd06759ef62\",\"name\":\"tdossantos\",\"image\":{\"@type\":\"ImageObject\",\"inLanguage\":\"fr-FR\",\"@id\":\"https:\\\/\\\/secure.gravatar.com\\\/avatar\\\/eb323d66303d5d3db90b97b88724753e51811779db988d61b5311e81a13ec30d?s=96&d=mm&r=g\",\"url\":\"https:\\\/\\\/secure.gravatar.com\\\/avatar\\\/eb323d66303d5d3db90b97b88724753e51811779db988d61b5311e81a13ec30d?s=96&d=mm&r=g\",\"contentUrl\":\"https:\\\/\\\/secure.gravatar.com\\\/avatar\\\/eb323d66303d5d3db90b97b88724753e51811779db988d61b5311e81a13ec30d?s=96&d=mm&r=g\",\"caption\":\"tdossantos\"},\"url\":\"https:\\\/\\\/regions-snetap-fsu.fr\\\/idf\\\/author\\\/tdossantos\\\/\"}]}<\/script>\n<!-- \/ Yoast SEO plugin. -->","yoast_head_json":{"title":"Un GRAND merci ! - \u00ceLE-DE-FRANCE","robots":{"index":"index","follow":"follow","max-snippet":"max-snippet:-1","max-image-preview":"max-image-preview:large","max-video-preview":"max-video-preview:-1"},"canonical":"https:\/\/regions-snetap-fsu.fr\/idf\/2022\/12\/12\/un-grand-merci\/","og_locale":"fr_FR","og_type":"article","og_title":"Un GRAND merci ! - \u00ceLE-DE-FRANCE","og_description":"les \u00e9lus de l&rsquo;alliance ELAN COMMUN en Ile de France vous remercient pour votre participation aux \u00e9lections professionnelles, et ce malgr\u00e9 toutes les difficult\u00e9s rencontr\u00e9es par la mise en place du vote \u00e9lectronique. 46% des agents franciliens ont vot\u00e9 pour ces \u00e9lections, un peu plus qu&rsquo;au niveau national. TOUS les services ont vot\u00e9 : salari\u00e9.es [&hellip;]","og_url":"https:\/\/regions-snetap-fsu.fr\/idf\/2022\/12\/12\/un-grand-merci\/","og_site_name":"\u00ceLE-DE-FRANCE","article_published_time":"2022-12-12T21:04:32+00:00","article_modified_time":"2022-12-16T21:12:34+00:00","og_image":[{"width":786,"height":526,"url":"https:\/\/regions-snetap-fsu.fr\/idf\/wp-content\/uploads\/sites\/11\/2022\/12\/Capture.jpg","type":"image\/jpeg"}],"author":"tdossantos","twitter_card":"summary_large_image","twitter_misc":{"\u00c9crit par":"tdossantos","Dur\u00e9e de lecture estim\u00e9e":"2 minutes"},"schema":{"@context":"https:\/\/schema.org","@graph":[{"@type":"Article","@id":"https:\/\/regions-snetap-fsu.fr\/idf\/2022\/12\/12\/un-grand-merci\/#article","isPartOf":{"@id":"https:\/\/regions-snetap-fsu.fr\/idf\/2022\/12\/12\/un-grand-merci\/"},"author":{"name":"tdossantos","@id":"https:\/\/regions-snetap-fsu.fr\/idf\/#\/schema\/person\/1e2d8120205f21ade6260cd06759ef62"},"headline":"Un GRAND merci !","datePublished":"2022-12-12T21:04:32+00:00","dateModified":"2022-12-16T21:12:34+00:00","mainEntityOfPage":{"@id":"https:\/\/regions-snetap-fsu.fr\/idf\/2022\/12\/12\/un-grand-merci\/"},"wordCount":342,"image":{"@id":"https:\/\/regions-snetap-fsu.fr\/idf\/2022\/12\/12\/un-grand-merci\/#primaryimage"},"thumbnailUrl":"https:\/\/regions-snetap-fsu.fr\/idf\/wp-content\/uploads\/sites\/11\/2022\/12\/Capture.jpg","articleSection":["Actions et communiqu\u00e9s"],"inLanguage":"fr-FR"},{"@type":"WebPage","@id":"https:\/\/regions-snetap-fsu.fr\/idf\/2022\/12\/12\/un-grand-merci\/","url":"https:\/\/regions-snetap-fsu.fr\/idf\/2022\/12\/12\/un-grand-merci\/","name":"Un GRAND merci ! - \u00ceLE-DE-FRANCE","isPartOf":{"@id":"https:\/\/regions-snetap-fsu.fr\/idf\/#website"},"primaryImageOfPage":{"@id":"https:\/\/regions-snetap-fsu.fr\/idf\/2022\/12\/12\/un-grand-merci\/#primaryimage"},"image":{"@id":"https:\/\/regions-snetap-fsu.fr\/idf\/2022\/12\/12\/un-grand-merci\/#primaryimage"},"thumbnailUrl":"https:\/\/regions-snetap-fsu.fr\/idf\/wp-content\/uploads\/sites\/11\/2022\/12\/Capture.jpg","datePublished":"2022-12-12T21:04:32+00:00","dateModified":"2022-12-16T21:12:34+00:00","author":{"@id":"https:\/\/regions-snetap-fsu.fr\/idf\/#\/schema\/person\/1e2d8120205f21ade6260cd06759ef62"},"breadcrumb":{"@id":"https:\/\/regions-snetap-fsu.fr\/idf\/2022\/12\/12\/un-grand-merci\/#breadcrumb"},"inLanguage":"fr-FR","potentialAction":[{"@type":"ReadAction","target":["https:\/\/regions-snetap-fsu.fr\/idf\/2022\/12\/12\/un-grand-merci\/"]}]},{"@type":"ImageObject","inLanguage":"fr-FR","@id":"https:\/\/regions-snetap-fsu.fr\/idf\/2022\/12\/12\/un-grand-merci\/#primaryimage","url":"https:\/\/regions-snetap-fsu.fr\/idf\/wp-content\/uploads\/sites\/11\/2022\/12\/Capture.jpg","contentUrl":"https:\/\/regions-snetap-fsu.fr\/idf\/wp-content\/uploads\/sites\/11\/2022\/12\/Capture.jpg","width":786,"height":526},{"@type":"BreadcrumbList","@id":"https:\/\/regions-snetap-fsu.fr\/idf\/2022\/12\/12\/un-grand-merci\/#breadcrumb","itemListElement":[{"@type":"ListItem","position":1,"name":"Accueil","item":"https:\/\/regions-snetap-fsu.fr\/idf\/"},{"@type":"ListItem","position":2,"name":"Un GRAND merci !"}]},{"@type":"WebSite","@id":"https:\/\/regions-snetap-fsu.fr\/idf\/#website","url":"https:\/\/regions-snetap-fsu.fr\/idf\/","name":"\u00ceLE-DE-FRANCE","description":"Le blog de la Section R\u00e9gionale","potentialAction":[{"@type":"SearchAction","target":{"@type":"EntryPoint","urlTemplate":"https:\/\/regions-snetap-fsu.fr\/idf\/?s={search_term_string}"},"query-input":{"@type":"PropertyValueSpecification","valueRequired":true,"valueName":"search_term_string"}}],"inLanguage":"fr-FR"},{"@type":"Person","@id":"https:\/\/regions-snetap-fsu.fr\/idf\/#\/schema\/person\/1e2d8120205f21ade6260cd06759ef62","name":"tdossantos","image":{"@type":"ImageObject","inLanguage":"fr-FR","@id":"https:\/\/secure.gravatar.com\/avatar\/eb323d66303d5d3db90b97b88724753e51811779db988d61b5311e81a13ec30d?s=96&d=mm&r=g","url":"https:\/\/secure.gravatar.com\/avatar\/eb323d66303d5d3db90b97b88724753e51811779db988d61b5311e81a13ec30d?s=96&d=mm&r=g","contentUrl":"https:\/\/secure.gravatar.com\/avatar\/eb323d66303d5d3db90b97b88724753e51811779db988d61b5311e81a13ec30d?s=96&d=mm&r=g","caption":"tdossantos"},"url":"https:\/\/regions-snetap-fsu.fr\/idf\/author\/tdossantos\/"}]}},"_links":{"self":[{"href":"https:\/\/regions-snetap-fsu.fr\/idf\/wp-json\/wp\/v2\/posts\/1542","targetHints":{"allow":["GET"]}}],"collection":[{"href":"https:\/\/regions-snetap-fsu.fr\/idf\/wp-json\/wp\/v2\/posts"}],"about":[{"href":"https:\/\/regions-snetap-fsu.fr\/idf\/wp-json\/wp\/v2\/types\/post"}],"author":[{"embeddable":true,"href":"https:\/\/regions-snetap-fsu.fr\/idf\/wp-json\/wp\/v2\/users\/104"}],"replies":[{"embeddable":true,"href":"https:\/\/regions-snetap-fsu.fr\/idf\/wp-json\/wp\/v2\/comments?post=1542"}],"version-history":[{"count":7,"href":"https:\/\/regions-snetap-fsu.fr\/idf\/wp-json\/wp\/v2\/posts\/1542\/revisions"}],"predecessor-version":[{"id":1551,"href":"https:\/\/regions-snetap-fsu.fr\/idf\/wp-json\/wp\/v2\/posts\/1542\/revisions\/1551"}],"wp:featuredmedia":[{"embeddable":true,"href":"https:\/\/regions-snetap-fsu.fr\/idf\/wp-json\/wp\/v2\/media\/1543"}],"wp:attachment":[{"href":"https:\/\/regions-snetap-fsu.fr\/idf\/wp-json\/wp\/v2\/media?parent=1542"}],"wp:term":[{"taxonomy":"category","embeddable":true,"href":"https:\/\/regions-snetap-fsu.fr\/idf\/wp-json\/wp\/v2\/categories?post=1542"},{"taxonomy":"post_tag","embeddable":true,"href":"https:\/\/regions-snetap-fsu.fr\/idf\/wp-json\/wp\/v2\/tags?post=1542"},{"taxonomy":"post_folder","embeddable":true,"href":"https:\/\/regions-snetap-fsu.fr\/idf\/wp-json\/wp\/v2\/post_folder?post=1542"}],"curies":[{"name":"wp","href":"https:\/\/api.w.org\/{rel}","templated":true}]}}