{"id":1347,"date":"2022-04-04T13:18:17","date_gmt":"2022-04-04T11:18:17","guid":{"rendered":"https:\/\/regions-snetap-fsu.fr\/idf\/?p=1347"},"modified":"2022-04-19T23:05:06","modified_gmt":"2022-04-19T21:05:06","slug":"leap-reprend-un-hectar-a-la-defense-le-snetap-regional-mobilise","status":"publish","type":"post","link":"https:\/\/regions-snetap-fsu.fr\/idf\/2022\/04\/04\/leap-reprend-un-hectar-a-la-defense-le-snetap-regional-mobilise\/","title":{"rendered":"L&rsquo;EAP reprend un Hectar \u00e0 la D\u00e9fense : le Snetap r\u00e9gional mobilis\u00e9"},"content":{"rendered":"<p align=\"center\"><img fetchpriority=\"high\" decoding=\"async\" class=\"alignnone size-medium wp-image-1361\" src=\"https:\/\/regions-snetap-fsu.fr\/idf\/wp-content\/uploads\/sites\/11\/2022\/04\/TRE9011-300x200.jpg\" alt=\"\" width=\"300\" height=\"200\" srcset=\"https:\/\/regions-snetap-fsu.fr\/idf\/wp-content\/uploads\/sites\/11\/2022\/04\/TRE9011-300x200.jpg 300w, https:\/\/regions-snetap-fsu.fr\/idf\/wp-content\/uploads\/sites\/11\/2022\/04\/TRE9011-1024x684.jpg 1024w, https:\/\/regions-snetap-fsu.fr\/idf\/wp-content\/uploads\/sites\/11\/2022\/04\/TRE9011-768x513.jpg 768w\" sizes=\"(max-width: 300px) 100vw, 300px\" \/><\/p>\n<div class=\"rcmBody\">\n<p><span style=\"font-family: Helvetica Neue;font-size: medium\">Le jeudi 29 mars 2022, le SNETAP-FSU, entour\u00e9 d&rsquo;un large collectif constitu\u00e9 d&rsquo;organisations syndicales, f\u00e9d\u00e9ration de parents d&rsquo;\u00e9l\u00e8ves et organisations citoyennes, a organis\u00e9 un bel et efficace rassemblement contre la vision productiviste que souhaite imposer Xavier Niel et Audrey Bourolleau avec leur proposition hasardeuse de l&rsquo;\u00e9cole Hectar. Deux riches et f\u00e9condes demi-journ\u00e9es pour manifester et d\u00e9battre de l&rsquo;avenir de l&rsquo;Enseignement Agricole Public ainsi que des futurs mod\u00e8les agricoles et alimentaires possibles.<\/span><\/p>\n<div id='gallery-1' class='gallery galleryid-1347 gallery-columns-3 gallery-size-thumbnail'><figure class='gallery-item'>\n\t\t\t<div class='gallery-icon landscape'>\n\t\t\t\t<a href='https:\/\/regions-snetap-fsu.fr\/idf\/2022\/04\/04\/leap-reprend-un-hectar-a-la-defense-le-snetap-regional-mobilise\/img_0410\/'><img decoding=\"async\" width=\"150\" height=\"150\" src=\"https:\/\/regions-snetap-fsu.fr\/idf\/wp-content\/uploads\/sites\/11\/2022\/04\/IMG_0410-150x150.jpg\" class=\"attachment-thumbnail size-thumbnail\" alt=\"\" \/><\/a>\n\t\t\t<\/div><\/figure><figure class='gallery-item'>\n\t\t\t<div class='gallery-icon landscape'>\n\t\t\t\t<a href='https:\/\/regions-snetap-fsu.fr\/idf\/2022\/04\/04\/leap-reprend-un-hectar-a-la-defense-le-snetap-regional-mobilise\/img_0405\/'><img decoding=\"async\" width=\"150\" height=\"150\" src=\"https:\/\/regions-snetap-fsu.fr\/idf\/wp-content\/uploads\/sites\/11\/2022\/04\/IMG_0405-150x150.jpg\" class=\"attachment-thumbnail size-thumbnail\" alt=\"\" \/><\/a>\n\t\t\t<\/div><\/figure><figure class='gallery-item'>\n\t\t\t<div class='gallery-icon landscape'>\n\t\t\t\t<a href='https:\/\/regions-snetap-fsu.fr\/idf\/2022\/04\/04\/leap-reprend-un-hectar-a-la-defense-le-snetap-regional-mobilise\/img_0364\/'><img loading=\"lazy\" decoding=\"async\" width=\"150\" height=\"150\" src=\"https:\/\/regions-snetap-fsu.fr\/idf\/wp-content\/uploads\/sites\/11\/2022\/04\/IMG_0364-150x150.jpg\" class=\"attachment-thumbnail size-thumbnail\" alt=\"\" \/><\/a>\n\t\t\t<\/div><\/figure><figure class='gallery-item'>\n\t\t\t<div class='gallery-icon landscape'>\n\t\t\t\t<a href='https:\/\/regions-snetap-fsu.fr\/idf\/2022\/04\/04\/leap-reprend-un-hectar-a-la-defense-le-snetap-regional-mobilise\/img_0355\/'><img loading=\"lazy\" decoding=\"async\" width=\"150\" height=\"150\" src=\"https:\/\/regions-snetap-fsu.fr\/idf\/wp-content\/uploads\/sites\/11\/2022\/04\/IMG_0355-150x150.jpg\" class=\"attachment-thumbnail size-thumbnail\" alt=\"\" \/><\/a>\n\t\t\t<\/div><\/figure><figure class='gallery-item'>\n\t\t\t<div class='gallery-icon landscape'>\n\t\t\t\t<a href='https:\/\/regions-snetap-fsu.fr\/idf\/2022\/04\/04\/leap-reprend-un-hectar-a-la-defense-le-snetap-regional-mobilise\/img_0352\/'><img loading=\"lazy\" decoding=\"async\" width=\"150\" height=\"150\" src=\"https:\/\/regions-snetap-fsu.fr\/idf\/wp-content\/uploads\/sites\/11\/2022\/04\/IMG_0352-150x150.jpg\" class=\"attachment-thumbnail size-thumbnail\" alt=\"\" \/><\/a>\n\t\t\t<\/div><\/figure><figure class='gallery-item'>\n\t\t\t<div class='gallery-icon landscape'>\n\t\t\t\t<a href='https:\/\/regions-snetap-fsu.fr\/idf\/2022\/04\/04\/leap-reprend-un-hectar-a-la-defense-le-snetap-regional-mobilise\/img_0420\/'><img loading=\"lazy\" decoding=\"async\" width=\"150\" height=\"150\" src=\"https:\/\/regions-snetap-fsu.fr\/idf\/wp-content\/uploads\/sites\/11\/2022\/04\/IMG_0420-150x150.jpg\" class=\"attachment-thumbnail size-thumbnail\" alt=\"\" \/><\/a>\n\t\t\t<\/div><\/figure>\n\t\t<\/div>\n\n<p><span style=\"font-family: Helvetica Neue;font-size: medium\">Nous (SNETAP-FSU Ile de France) \u00e9tions pr\u00e9sents \u00e0 L\u00e9vis Saint-Nom (si\u00e8ge de l&rsquo;\u00e9cole Hectar) et sur le parvis de La D\u00e9fense (si\u00e8ge symbolique des affaires et du monde financiaris\u00e9, syst\u00e9matiquement en contradiction avec avec les valeurs d&rsquo;un mod\u00e8le d&rsquo;agriculture durable et locale) afin de soutenir cette action essentielle et d\u00e9montrer qu&rsquo;une autre agriculture et un autre monde sont possibles.<\/span><\/p>\n<p><span style=\"font-family: Helvetica Neue;font-size: large\"><b>Merci de votre engagement et mobilisation !<\/b><\/span><\/p>\n<\/div>\n","protected":false},"excerpt":{"rendered":"<p>Le jeudi 29 mars 2022, le SNETAP-FSU, entour\u00e9 d&rsquo;un large collectif constitu\u00e9 d&rsquo;organisations syndicales, f\u00e9d\u00e9ration de parents d&rsquo;\u00e9l\u00e8ves et organisations citoyennes, a organis\u00e9 un bel et efficace rassemblement contre la vision productiviste que souhaite imposer Xavier Niel et Audrey Bourolleau avec leur proposition hasardeuse de l&rsquo;\u00e9cole Hectar. Deux riches et f\u00e9condes demi-journ\u00e9es pour manifester et [&hellip;]<\/p>\n","protected":false},"author":104,"featured_media":1364,"comment_status":"closed","ping_status":"closed","sticky":false,"template":"","format":"standard","meta":{"ocean_post_layout":"","ocean_both_sidebars_style":"","ocean_both_sidebars_content_width":0,"ocean_both_sidebars_sidebars_width":0,"ocean_sidebar":"0","ocean_second_sidebar":"0","ocean_disable_margins":"enable","ocean_add_body_class":"","ocean_shortcode_before_top_bar":"","ocean_shortcode_after_top_bar":"","ocean_shortcode_before_header":"","ocean_shortcode_after_header":"","ocean_has_shortcode":"","ocean_shortcode_after_title":"","ocean_shortcode_before_footer_widgets":"","ocean_shortcode_after_footer_widgets":"","ocean_shortcode_before_footer_bottom":"","ocean_shortcode_after_footer_bottom":"","ocean_display_top_bar":"default","ocean_display_header":"default","ocean_header_style":"","ocean_center_header_left_menu":"0","ocean_custom_header_template":"0","ocean_custom_logo":0,"ocean_custom_retina_logo":0,"ocean_custom_logo_max_width":0,"ocean_custom_logo_tablet_max_width":0,"ocean_custom_logo_mobile_max_width":0,"ocean_custom_logo_max_height":0,"ocean_custom_logo_tablet_max_height":0,"ocean_custom_logo_mobile_max_height":0,"ocean_header_custom_menu":"0","ocean_menu_typo_font_family":"0","ocean_menu_typo_font_subset":"","ocean_menu_typo_font_size":0,"ocean_menu_typo_font_size_tablet":0,"ocean_menu_typo_font_size_mobile":0,"ocean_menu_typo_font_size_unit":"px","ocean_menu_typo_font_weight":"","ocean_menu_typo_font_weight_tablet":"","ocean_menu_typo_font_weight_mobile":"","ocean_menu_typo_transform":"","ocean_menu_typo_transform_tablet":"","ocean_menu_typo_transform_mobile":"","ocean_menu_typo_line_height":0,"ocean_menu_typo_line_height_tablet":0,"ocean_menu_typo_line_height_mobile":0,"ocean_menu_typo_line_height_unit":"","ocean_menu_typo_spacing":0,"ocean_menu_typo_spacing_tablet":0,"ocean_menu_typo_spacing_mobile":0,"ocean_menu_typo_spacing_unit":"","ocean_menu_link_color":"","ocean_menu_link_color_hover":"","ocean_menu_link_color_active":"","ocean_menu_link_background":"","ocean_menu_link_hover_background":"","ocean_menu_link_active_background":"","ocean_menu_social_links_bg":"","ocean_menu_social_hover_links_bg":"","ocean_menu_social_links_color":"","ocean_menu_social_hover_links_color":"","ocean_disable_title":"default","ocean_disable_heading":"default","ocean_post_title":"","ocean_post_subheading":"","ocean_post_title_style":"","ocean_post_title_background_color":"","ocean_post_title_background":0,"ocean_post_title_bg_image_position":"","ocean_post_title_bg_image_attachment":"","ocean_post_title_bg_image_repeat":"","ocean_post_title_bg_image_size":"","ocean_post_title_height":0,"ocean_post_title_bg_overlay":0.5,"ocean_post_title_bg_overlay_color":"","ocean_disable_breadcrumbs":"default","ocean_breadcrumbs_color":"","ocean_breadcrumbs_separator_color":"","ocean_breadcrumbs_links_color":"","ocean_breadcrumbs_links_hover_color":"","ocean_display_footer_widgets":"default","ocean_display_footer_bottom":"default","ocean_custom_footer_template":"0","ocean_post_oembed":"","ocean_post_self_hosted_media":"","ocean_post_video_embed":"","ocean_link_format":"","ocean_link_format_target":"self","ocean_quote_format":"","ocean_quote_format_link":"post","ocean_gallery_link_images":"off","ocean_gallery_id":[],"footnotes":""},"categories":[15,13],"tags":[],"post_folder":[],"class_list":["post-1347","post","type-post","status-publish","format-standard","has-post-thumbnail","hentry","category-actions-et-communiques","category-manifestation","entry","has-media"],"yoast_head":"<!-- This site is optimized with the Yoast SEO plugin v27.4 - https:\/\/yoast.com\/product\/yoast-seo-wordpress\/ -->\n<title>L&#039;EAP reprend un Hectar \u00e0 la D\u00e9fense : le Snetap r\u00e9gional mobilis\u00e9 - \u00ceLE-DE-FRANCE<\/title>\n<meta name=\"robots\" content=\"index, follow, max-snippet:-1, max-image-preview:large, max-video-preview:-1\" \/>\n<link rel=\"canonical\" href=\"https:\/\/regions-snetap-fsu.fr\/idf\/2022\/04\/04\/leap-reprend-un-hectar-a-la-defense-le-snetap-regional-mobilise\/\" \/>\n<meta property=\"og:locale\" content=\"fr_FR\" \/>\n<meta property=\"og:type\" content=\"article\" \/>\n<meta property=\"og:title\" content=\"L&#039;EAP reprend un Hectar \u00e0 la D\u00e9fense : le Snetap r\u00e9gional mobilis\u00e9 - \u00ceLE-DE-FRANCE\" \/>\n<meta property=\"og:description\" content=\"Le jeudi 29 mars 2022, le SNETAP-FSU, entour\u00e9 d&rsquo;un large collectif constitu\u00e9 d&rsquo;organisations syndicales, f\u00e9d\u00e9ration de parents d&rsquo;\u00e9l\u00e8ves et organisations citoyennes, a organis\u00e9 un bel et efficace rassemblement contre la vision productiviste que souhaite imposer Xavier Niel et Audrey Bourolleau avec leur proposition hasardeuse de l&rsquo;\u00e9cole Hectar. Deux riches et f\u00e9condes demi-journ\u00e9es pour manifester et [&hellip;]\" \/>\n<meta property=\"og:url\" content=\"https:\/\/regions-snetap-fsu.fr\/idf\/2022\/04\/04\/leap-reprend-un-hectar-a-la-defense-le-snetap-regional-mobilise\/\" \/>\n<meta property=\"og:site_name\" content=\"\u00ceLE-DE-FRANCE\" \/>\n<meta property=\"article:published_time\" content=\"2022-04-04T11:18:17+00:00\" \/>\n<meta property=\"article:modified_time\" content=\"2022-04-19T21:05:06+00:00\" \/>\n<meta property=\"og:image\" content=\"https:\/\/regions-snetap-fsu.fr\/idf\/wp-content\/uploads\/sites\/11\/2022\/04\/IMG_0429.jpg\" \/>\n\t<meta property=\"og:image:width\" content=\"360\" \/>\n\t<meta property=\"og:image:height\" content=\"480\" \/>\n\t<meta property=\"og:image:type\" content=\"image\/jpeg\" \/>\n<meta name=\"author\" content=\"tdossantos\" \/>\n<meta name=\"twitter:card\" content=\"summary_large_image\" \/>\n<meta name=\"twitter:label1\" content=\"\u00c9crit par\" \/>\n\t<meta name=\"twitter:data1\" content=\"tdossantos\" \/>\n\t<meta name=\"twitter:label2\" content=\"Dur\u00e9e de lecture estim\u00e9e\" \/>\n\t<meta name=\"twitter:data2\" content=\"1 minute\" \/>\n<script type=\"application\/ld+json\" class=\"yoast-schema-graph\">{\"@context\":\"https:\\\/\\\/schema.org\",\"@graph\":[{\"@type\":\"Article\",\"@id\":\"https:\\\/\\\/regions-snetap-fsu.fr\\\/idf\\\/2022\\\/04\\\/04\\\/leap-reprend-un-hectar-a-la-defense-le-snetap-regional-mobilise\\\/#article\",\"isPartOf\":{\"@id\":\"https:\\\/\\\/regions-snetap-fsu.fr\\\/idf\\\/2022\\\/04\\\/04\\\/leap-reprend-un-hectar-a-la-defense-le-snetap-regional-mobilise\\\/\"},\"author\":{\"name\":\"tdossantos\",\"@id\":\"https:\\\/\\\/regions-snetap-fsu.fr\\\/idf\\\/#\\\/schema\\\/person\\\/1e2d8120205f21ade6260cd06759ef62\"},\"headline\":\"L&rsquo;EAP reprend un Hectar \u00e0 la D\u00e9fense : le Snetap r\u00e9gional mobilis\u00e9\",\"datePublished\":\"2022-04-04T11:18:17+00:00\",\"dateModified\":\"2022-04-19T21:05:06+00:00\",\"mainEntityOfPage\":{\"@id\":\"https:\\\/\\\/regions-snetap-fsu.fr\\\/idf\\\/2022\\\/04\\\/04\\\/leap-reprend-un-hectar-a-la-defense-le-snetap-regional-mobilise\\\/\"},\"wordCount\":173,\"image\":{\"@id\":\"https:\\\/\\\/regions-snetap-fsu.fr\\\/idf\\\/2022\\\/04\\\/04\\\/leap-reprend-un-hectar-a-la-defense-le-snetap-regional-mobilise\\\/#primaryimage\"},\"thumbnailUrl\":\"https:\\\/\\\/regions-snetap-fsu.fr\\\/idf\\\/wp-content\\\/uploads\\\/sites\\\/11\\\/2022\\\/04\\\/TRE9014-2-scaled.jpg\",\"articleSection\":[\"Actions et communiqu\u00e9s\",\"Manifestation\"],\"inLanguage\":\"fr-FR\"},{\"@type\":\"WebPage\",\"@id\":\"https:\\\/\\\/regions-snetap-fsu.fr\\\/idf\\\/2022\\\/04\\\/04\\\/leap-reprend-un-hectar-a-la-defense-le-snetap-regional-mobilise\\\/\",\"url\":\"https:\\\/\\\/regions-snetap-fsu.fr\\\/idf\\\/2022\\\/04\\\/04\\\/leap-reprend-un-hectar-a-la-defense-le-snetap-regional-mobilise\\\/\",\"name\":\"L'EAP reprend un Hectar \u00e0 la D\u00e9fense : le Snetap r\u00e9gional mobilis\u00e9 - \u00ceLE-DE-FRANCE\",\"isPartOf\":{\"@id\":\"https:\\\/\\\/regions-snetap-fsu.fr\\\/idf\\\/#website\"},\"primaryImageOfPage\":{\"@id\":\"https:\\\/\\\/regions-snetap-fsu.fr\\\/idf\\\/2022\\\/04\\\/04\\\/leap-reprend-un-hectar-a-la-defense-le-snetap-regional-mobilise\\\/#primaryimage\"},\"image\":{\"@id\":\"https:\\\/\\\/regions-snetap-fsu.fr\\\/idf\\\/2022\\\/04\\\/04\\\/leap-reprend-un-hectar-a-la-defense-le-snetap-regional-mobilise\\\/#primaryimage\"},\"thumbnailUrl\":\"https:\\\/\\\/regions-snetap-fsu.fr\\\/idf\\\/wp-content\\\/uploads\\\/sites\\\/11\\\/2022\\\/04\\\/TRE9014-2-scaled.jpg\",\"datePublished\":\"2022-04-04T11:18:17+00:00\",\"dateModified\":\"2022-04-19T21:05:06+00:00\",\"author\":{\"@id\":\"https:\\\/\\\/regions-snetap-fsu.fr\\\/idf\\\/#\\\/schema\\\/person\\\/1e2d8120205f21ade6260cd06759ef62\"},\"breadcrumb\":{\"@id\":\"https:\\\/\\\/regions-snetap-fsu.fr\\\/idf\\\/2022\\\/04\\\/04\\\/leap-reprend-un-hectar-a-la-defense-le-snetap-regional-mobilise\\\/#breadcrumb\"},\"inLanguage\":\"fr-FR\",\"potentialAction\":[{\"@type\":\"ReadAction\",\"target\":[\"https:\\\/\\\/regions-snetap-fsu.fr\\\/idf\\\/2022\\\/04\\\/04\\\/leap-reprend-un-hectar-a-la-defense-le-snetap-regional-mobilise\\\/\"]}]},{\"@type\":\"ImageObject\",\"inLanguage\":\"fr-FR\",\"@id\":\"https:\\\/\\\/regions-snetap-fsu.fr\\\/idf\\\/2022\\\/04\\\/04\\\/leap-reprend-un-hectar-a-la-defense-le-snetap-regional-mobilise\\\/#primaryimage\",\"url\":\"https:\\\/\\\/regions-snetap-fsu.fr\\\/idf\\\/wp-content\\\/uploads\\\/sites\\\/11\\\/2022\\\/04\\\/TRE9014-2-scaled.jpg\",\"contentUrl\":\"https:\\\/\\\/regions-snetap-fsu.fr\\\/idf\\\/wp-content\\\/uploads\\\/sites\\\/11\\\/2022\\\/04\\\/TRE9014-2-scaled.jpg\",\"width\":2560,\"height\":1709},{\"@type\":\"BreadcrumbList\",\"@id\":\"https:\\\/\\\/regions-snetap-fsu.fr\\\/idf\\\/2022\\\/04\\\/04\\\/leap-reprend-un-hectar-a-la-defense-le-snetap-regional-mobilise\\\/#breadcrumb\",\"itemListElement\":[{\"@type\":\"ListItem\",\"position\":1,\"name\":\"Accueil\",\"item\":\"https:\\\/\\\/regions-snetap-fsu.fr\\\/idf\\\/\"},{\"@type\":\"ListItem\",\"position\":2,\"name\":\"L&rsquo;EAP reprend un Hectar \u00e0 la D\u00e9fense : le Snetap r\u00e9gional mobilis\u00e9\"}]},{\"@type\":\"WebSite\",\"@id\":\"https:\\\/\\\/regions-snetap-fsu.fr\\\/idf\\\/#website\",\"url\":\"https:\\\/\\\/regions-snetap-fsu.fr\\\/idf\\\/\",\"name\":\"\u00ceLE-DE-FRANCE\",\"description\":\"Le blog de la Section R\u00e9gionale\",\"potentialAction\":[{\"@type\":\"SearchAction\",\"target\":{\"@type\":\"EntryPoint\",\"urlTemplate\":\"https:\\\/\\\/regions-snetap-fsu.fr\\\/idf\\\/?s={search_term_string}\"},\"query-input\":{\"@type\":\"PropertyValueSpecification\",\"valueRequired\":true,\"valueName\":\"search_term_string\"}}],\"inLanguage\":\"fr-FR\"},{\"@type\":\"Person\",\"@id\":\"https:\\\/\\\/regions-snetap-fsu.fr\\\/idf\\\/#\\\/schema\\\/person\\\/1e2d8120205f21ade6260cd06759ef62\",\"name\":\"tdossantos\",\"image\":{\"@type\":\"ImageObject\",\"inLanguage\":\"fr-FR\",\"@id\":\"https:\\\/\\\/secure.gravatar.com\\\/avatar\\\/eb323d66303d5d3db90b97b88724753e51811779db988d61b5311e81a13ec30d?s=96&d=mm&r=g\",\"url\":\"https:\\\/\\\/secure.gravatar.com\\\/avatar\\\/eb323d66303d5d3db90b97b88724753e51811779db988d61b5311e81a13ec30d?s=96&d=mm&r=g\",\"contentUrl\":\"https:\\\/\\\/secure.gravatar.com\\\/avatar\\\/eb323d66303d5d3db90b97b88724753e51811779db988d61b5311e81a13ec30d?s=96&d=mm&r=g\",\"caption\":\"tdossantos\"},\"url\":\"https:\\\/\\\/regions-snetap-fsu.fr\\\/idf\\\/author\\\/tdossantos\\\/\"}]}<\/script>\n<!-- \/ Yoast SEO plugin. -->","yoast_head_json":{"title":"L'EAP reprend un Hectar \u00e0 la D\u00e9fense : le Snetap r\u00e9gional mobilis\u00e9 - \u00ceLE-DE-FRANCE","robots":{"index":"index","follow":"follow","max-snippet":"max-snippet:-1","max-image-preview":"max-image-preview:large","max-video-preview":"max-video-preview:-1"},"canonical":"https:\/\/regions-snetap-fsu.fr\/idf\/2022\/04\/04\/leap-reprend-un-hectar-a-la-defense-le-snetap-regional-mobilise\/","og_locale":"fr_FR","og_type":"article","og_title":"L'EAP reprend un Hectar \u00e0 la D\u00e9fense : le Snetap r\u00e9gional mobilis\u00e9 - \u00ceLE-DE-FRANCE","og_description":"Le jeudi 29 mars 2022, le SNETAP-FSU, entour\u00e9 d&rsquo;un large collectif constitu\u00e9 d&rsquo;organisations syndicales, f\u00e9d\u00e9ration de parents d&rsquo;\u00e9l\u00e8ves et organisations citoyennes, a organis\u00e9 un bel et efficace rassemblement contre la vision productiviste que souhaite imposer Xavier Niel et Audrey Bourolleau avec leur proposition hasardeuse de l&rsquo;\u00e9cole Hectar. Deux riches et f\u00e9condes demi-journ\u00e9es pour manifester et [&hellip;]","og_url":"https:\/\/regions-snetap-fsu.fr\/idf\/2022\/04\/04\/leap-reprend-un-hectar-a-la-defense-le-snetap-regional-mobilise\/","og_site_name":"\u00ceLE-DE-FRANCE","article_published_time":"2022-04-04T11:18:17+00:00","article_modified_time":"2022-04-19T21:05:06+00:00","og_image":[{"width":360,"height":480,"url":"https:\/\/regions-snetap-fsu.fr\/idf\/wp-content\/uploads\/sites\/11\/2022\/04\/IMG_0429.jpg","type":"image\/jpeg"}],"author":"tdossantos","twitter_card":"summary_large_image","twitter_misc":{"\u00c9crit par":"tdossantos","Dur\u00e9e de lecture estim\u00e9e":"1 minute"},"schema":{"@context":"https:\/\/schema.org","@graph":[{"@type":"Article","@id":"https:\/\/regions-snetap-fsu.fr\/idf\/2022\/04\/04\/leap-reprend-un-hectar-a-la-defense-le-snetap-regional-mobilise\/#article","isPartOf":{"@id":"https:\/\/regions-snetap-fsu.fr\/idf\/2022\/04\/04\/leap-reprend-un-hectar-a-la-defense-le-snetap-regional-mobilise\/"},"author":{"name":"tdossantos","@id":"https:\/\/regions-snetap-fsu.fr\/idf\/#\/schema\/person\/1e2d8120205f21ade6260cd06759ef62"},"headline":"L&rsquo;EAP reprend un Hectar \u00e0 la D\u00e9fense : le Snetap r\u00e9gional mobilis\u00e9","datePublished":"2022-04-04T11:18:17+00:00","dateModified":"2022-04-19T21:05:06+00:00","mainEntityOfPage":{"@id":"https:\/\/regions-snetap-fsu.fr\/idf\/2022\/04\/04\/leap-reprend-un-hectar-a-la-defense-le-snetap-regional-mobilise\/"},"wordCount":173,"image":{"@id":"https:\/\/regions-snetap-fsu.fr\/idf\/2022\/04\/04\/leap-reprend-un-hectar-a-la-defense-le-snetap-regional-mobilise\/#primaryimage"},"thumbnailUrl":"https:\/\/regions-snetap-fsu.fr\/idf\/wp-content\/uploads\/sites\/11\/2022\/04\/TRE9014-2-scaled.jpg","articleSection":["Actions et communiqu\u00e9s","Manifestation"],"inLanguage":"fr-FR"},{"@type":"WebPage","@id":"https:\/\/regions-snetap-fsu.fr\/idf\/2022\/04\/04\/leap-reprend-un-hectar-a-la-defense-le-snetap-regional-mobilise\/","url":"https:\/\/regions-snetap-fsu.fr\/idf\/2022\/04\/04\/leap-reprend-un-hectar-a-la-defense-le-snetap-regional-mobilise\/","name":"L'EAP reprend un Hectar \u00e0 la D\u00e9fense : le Snetap r\u00e9gional mobilis\u00e9 - \u00ceLE-DE-FRANCE","isPartOf":{"@id":"https:\/\/regions-snetap-fsu.fr\/idf\/#website"},"primaryImageOfPage":{"@id":"https:\/\/regions-snetap-fsu.fr\/idf\/2022\/04\/04\/leap-reprend-un-hectar-a-la-defense-le-snetap-regional-mobilise\/#primaryimage"},"image":{"@id":"https:\/\/regions-snetap-fsu.fr\/idf\/2022\/04\/04\/leap-reprend-un-hectar-a-la-defense-le-snetap-regional-mobilise\/#primaryimage"},"thumbnailUrl":"https:\/\/regions-snetap-fsu.fr\/idf\/wp-content\/uploads\/sites\/11\/2022\/04\/TRE9014-2-scaled.jpg","datePublished":"2022-04-04T11:18:17+00:00","dateModified":"2022-04-19T21:05:06+00:00","author":{"@id":"https:\/\/regions-snetap-fsu.fr\/idf\/#\/schema\/person\/1e2d8120205f21ade6260cd06759ef62"},"breadcrumb":{"@id":"https:\/\/regions-snetap-fsu.fr\/idf\/2022\/04\/04\/leap-reprend-un-hectar-a-la-defense-le-snetap-regional-mobilise\/#breadcrumb"},"inLanguage":"fr-FR","potentialAction":[{"@type":"ReadAction","target":["https:\/\/regions-snetap-fsu.fr\/idf\/2022\/04\/04\/leap-reprend-un-hectar-a-la-defense-le-snetap-regional-mobilise\/"]}]},{"@type":"ImageObject","inLanguage":"fr-FR","@id":"https:\/\/regions-snetap-fsu.fr\/idf\/2022\/04\/04\/leap-reprend-un-hectar-a-la-defense-le-snetap-regional-mobilise\/#primaryimage","url":"https:\/\/regions-snetap-fsu.fr\/idf\/wp-content\/uploads\/sites\/11\/2022\/04\/TRE9014-2-scaled.jpg","contentUrl":"https:\/\/regions-snetap-fsu.fr\/idf\/wp-content\/uploads\/sites\/11\/2022\/04\/TRE9014-2-scaled.jpg","width":2560,"height":1709},{"@type":"BreadcrumbList","@id":"https:\/\/regions-snetap-fsu.fr\/idf\/2022\/04\/04\/leap-reprend-un-hectar-a-la-defense-le-snetap-regional-mobilise\/#breadcrumb","itemListElement":[{"@type":"ListItem","position":1,"name":"Accueil","item":"https:\/\/regions-snetap-fsu.fr\/idf\/"},{"@type":"ListItem","position":2,"name":"L&rsquo;EAP reprend un Hectar \u00e0 la D\u00e9fense : le Snetap r\u00e9gional mobilis\u00e9"}]},{"@type":"WebSite","@id":"https:\/\/regions-snetap-fsu.fr\/idf\/#website","url":"https:\/\/regions-snetap-fsu.fr\/idf\/","name":"\u00ceLE-DE-FRANCE","description":"Le blog de la Section R\u00e9gionale","potentialAction":[{"@type":"SearchAction","target":{"@type":"EntryPoint","urlTemplate":"https:\/\/regions-snetap-fsu.fr\/idf\/?s={search_term_string}"},"query-input":{"@type":"PropertyValueSpecification","valueRequired":true,"valueName":"search_term_string"}}],"inLanguage":"fr-FR"},{"@type":"Person","@id":"https:\/\/regions-snetap-fsu.fr\/idf\/#\/schema\/person\/1e2d8120205f21ade6260cd06759ef62","name":"tdossantos","image":{"@type":"ImageObject","inLanguage":"fr-FR","@id":"https:\/\/secure.gravatar.com\/avatar\/eb323d66303d5d3db90b97b88724753e51811779db988d61b5311e81a13ec30d?s=96&d=mm&r=g","url":"https:\/\/secure.gravatar.com\/avatar\/eb323d66303d5d3db90b97b88724753e51811779db988d61b5311e81a13ec30d?s=96&d=mm&r=g","contentUrl":"https:\/\/secure.gravatar.com\/avatar\/eb323d66303d5d3db90b97b88724753e51811779db988d61b5311e81a13ec30d?s=96&d=mm&r=g","caption":"tdossantos"},"url":"https:\/\/regions-snetap-fsu.fr\/idf\/author\/tdossantos\/"}]}},"_links":{"self":[{"href":"https:\/\/regions-snetap-fsu.fr\/idf\/wp-json\/wp\/v2\/posts\/1347","targetHints":{"allow":["GET"]}}],"collection":[{"href":"https:\/\/regions-snetap-fsu.fr\/idf\/wp-json\/wp\/v2\/posts"}],"about":[{"href":"https:\/\/regions-snetap-fsu.fr\/idf\/wp-json\/wp\/v2\/types\/post"}],"author":[{"embeddable":true,"href":"https:\/\/regions-snetap-fsu.fr\/idf\/wp-json\/wp\/v2\/users\/104"}],"replies":[{"embeddable":true,"href":"https:\/\/regions-snetap-fsu.fr\/idf\/wp-json\/wp\/v2\/comments?post=1347"}],"version-history":[{"count":4,"href":"https:\/\/regions-snetap-fsu.fr\/idf\/wp-json\/wp\/v2\/posts\/1347\/revisions"}],"predecessor-version":[{"id":1365,"href":"https:\/\/regions-snetap-fsu.fr\/idf\/wp-json\/wp\/v2\/posts\/1347\/revisions\/1365"}],"wp:featuredmedia":[{"embeddable":true,"href":"https:\/\/regions-snetap-fsu.fr\/idf\/wp-json\/wp\/v2\/media\/1364"}],"wp:attachment":[{"href":"https:\/\/regions-snetap-fsu.fr\/idf\/wp-json\/wp\/v2\/media?parent=1347"}],"wp:term":[{"taxonomy":"category","embeddable":true,"href":"https:\/\/regions-snetap-fsu.fr\/idf\/wp-json\/wp\/v2\/categories?post=1347"},{"taxonomy":"post_tag","embeddable":true,"href":"https:\/\/regions-snetap-fsu.fr\/idf\/wp-json\/wp\/v2\/tags?post=1347"},{"taxonomy":"post_folder","embeddable":true,"href":"https:\/\/regions-snetap-fsu.fr\/idf\/wp-json\/wp\/v2\/post_folder?post=1347"}],"curies":[{"name":"wp","href":"https:\/\/api.w.org\/{rel}","templated":true}]}}